{"id":408788,"date":"2024-09-11T05:51:38","date_gmt":"2024-09-11T03:51:38","guid":{"rendered":"https:\/\/www.radiopiu.net\/wordpress\/?p=408788"},"modified":"2024-09-11T05:57:11","modified_gmt":"2024-09-11T03:57:11","slug":"morena-fenti-una-vita-spezzata-troppo-presto","status":"publish","type":"post","link":"https:\/\/www.radiopiu.net\/wordpress\/morena-fenti-una-vita-spezzata-troppo-presto\/","title":{"rendered":"Morena Fenti, una Vita Spezzata Troppo Presto"},"content":{"rendered":"<p>***<\/p>\n<p><strong>AGORDO <\/strong>La comunit\u00e0 di Agordo \u00e8 scossa dalla scomparsa di Morena Fenti, venuta a mancare all&#8217;et\u00e0 di 59 anni dopo una lunga battaglia contro la malattia. Morena, amata e apprezzata da tutti, ha affrontato con coraggio il suo percorso, sostenuta dal marito Giorgio e dai figli Alex e Nicholas. Anche il fratello, nuore, nipoti, cognati e suocera hanno condiviso con lei ogni momento di questa difficile prova. La famiglia desidera ringraziare sentitamente i medici e gli infermieri che l&#8217;hanno assistita con dedizione. I funerali si terranno domani alle 14:30 nella chiesa di Agordo. In questo momento di profondo dolore, l&#8217;abbraccio della redazione di Radio Pi\u00f9 si stringe attorno a Giorgio, nostro caro amico, e a tutti i familiari di Morena.<\/p>\n<p style=\"text-align: center;\"><a class=\"dt-pswp-item\" href=\"https:\/\/www.radiopiu.net\/wordpress\/wp-content\/uploads\/2024\/09\/Senza-nome-7.png\" data-dt-img-description=\"\" data-large_image_width=\"238\" data-large_image_height=\"224\"><img loading=\"lazy\" decoding=\"async\" class=\"alignnone size-full wp-image-408793\" src=\"https:\/\/www.radiopiu.net\/wordpress\/wp-content\/uploads\/2024\/09\/Senza-nome-7.png\" alt=\"\" width=\"238\" height=\"224\" \/><\/a><br \/>\n___<\/p>\n","protected":false},"excerpt":{"rendered":"<p>*** AGORDO La comunit\u00e0 di Agordo \u00e8 scossa dalla scomparsa di Morena Fenti, venuta a mancare all&#8217;et\u00e0 di 59 anni dopo una lunga battaglia contro la malattia. Morena, amata e apprezzata da tutti, ha affrontato con coraggio il suo percorso, sostenuta dal marito Giorgio e dai figli Alex e Nicholas. Anche il fratello, nuore, nipoti,&hellip;<\/p>\n","protected":false},"author":4,"featured_media":408793,"comment_status":"closed","ping_status":"closed","sticky":false,"template":"","format":"standard","meta":{"_monsterinsights_skip_tracking":false,"_monsterinsights_sitenote_active":false,"_monsterinsights_sitenote_note":"","_monsterinsights_sitenote_category":0,"footnotes":""},"categories":[51,49],"tags":[],"class_list":["post-408788","post","type-post","status-publish","format-standard","has-post-thumbnail","hentry","category-evidenza-top","category-news-18","category-51","category-49","description-off"],"img_url":"https:\/\/www.radiopiu.net\/wordpress\/wp-content\/uploads\/2024\/09\/Senza-nome-7.png","_links":{"self":[{"href":"https:\/\/www.radiopiu.net\/wordpress\/wp-json\/wp\/v2\/posts\/408788","targetHints":{"allow":["GET"]}}],"collection":[{"href":"https:\/\/www.radiopiu.net\/wordpress\/wp-json\/wp\/v2\/posts"}],"about":[{"href":"https:\/\/www.radiopiu.net\/wordpress\/wp-json\/wp\/v2\/types\/post"}],"author":[{"embeddable":true,"href":"https:\/\/www.radiopiu.net\/wordpress\/wp-json\/wp\/v2\/users\/4"}],"replies":[{"embeddable":true,"href":"https:\/\/www.radiopiu.net\/wordpress\/wp-json\/wp\/v2\/comments?post=408788"}],"version-history":[{"count":2,"href":"https:\/\/www.radiopiu.net\/wordpress\/wp-json\/wp\/v2\/posts\/408788\/revisions"}],"predecessor-version":[{"id":408804,"href":"https:\/\/www.radiopiu.net\/wordpress\/wp-json\/wp\/v2\/posts\/408788\/revisions\/408804"}],"wp:featuredmedia":[{"embeddable":true,"href":"https:\/\/www.radiopiu.net\/wordpress\/wp-json\/wp\/v2\/media\/408793"}],"wp:attachment":[{"href":"https:\/\/www.radiopiu.net\/wordpress\/wp-json\/wp\/v2\/media?parent=408788"}],"wp:term":[{"taxonomy":"category","embeddable":true,"href":"https:\/\/www.radiopiu.net\/wordpress\/wp-json\/wp\/v2\/categories?post=408788"},{"taxonomy":"post_tag","embeddable":true,"href":"https:\/\/www.radiopiu.net\/wordpress\/wp-json\/wp\/v2\/tags?post=408788"}],"curies":[{"name":"wp","href":"https:\/\/api.w.org\/{rel}","templated":true}]}}