{"id":408897,"date":"2024-09-11T05:48:19","date_gmt":"2024-09-11T03:48:19","guid":{"rendered":"https:\/\/www.radiopiu.net\/wordpress\/?p=408897"},"modified":"2024-09-11T05:55:52","modified_gmt":"2024-09-11T03:55:52","slug":"recuperati-nonno-e-nipote-in-difficolta-sulla-ferrata-ra-gusela","status":"publish","type":"post","link":"https:\/\/www.radiopiu.net\/wordpress\/recuperati-nonno-e-nipote-in-difficolta-sulla-ferrata-ra-gusela\/","title":{"rendered":"Nonno e Nipote in Difficolt\u00e0 sulla Ferrata Ra Gusela"},"content":{"rendered":"<p>**<\/p>\n<p><strong><img loading=\"lazy\" decoding=\"async\" class=\"alignleft\" src=\"https:\/\/www.radiopiu.net\/wordpress\/wp-content\/uploads\/2023\/09\/447b5398-6730-4e17-aafb-a19aec8341de.jpg\" width=\"252\" height=\"116\" \/>SAN VITO DI CADORE <\/strong>\u00a0Intorno alle 12:40 di oggi, la Centrale del 118 ha ricevuto una richiesta di soccorso da un uomo che accompagnava la sua nipote 14enne di Pistoia. La giovane, colta da un malessere mentre si trovava all&#8217;attacco della Ferrata Ra Gusela, non era in grado di proseguire. Sul posto \u00e8 intervenuto l&#8217;elisoccorso. Un tecnico e un medico sono stati sbarcati con un verricello di 15 metri, valutando rapidamente le condizioni della ragazza. Dopo aver stabilizzato la situazione, la giovane escursionista \u00e8 stata issata a bordo dell&#8217;elicottero. Successivamente, anche il nonno \u00e8 stato recuperato con l&#8217;ausilio del tecnico di elisoccorso. La nipote \u00e8 stata trasportata al Passo Giau, dove \u00e8 stata nuovamente sottoposta a controlli medici per assicurarsi che fosse in buone condizioni. Dopo aver ricevuto conferma che stava meglio, la ragazza \u00e8 stata in grado di allontanarsi autonomamente insieme al nonno.<\/p>\n<p>&nbsp;<\/p>\n<p>___<\/p>\n","protected":false},"excerpt":{"rendered":"<p>** SAN VITO DI CADORE \u00a0Intorno alle 12:40 di oggi, la Centrale del 118 ha ricevuto una richiesta di soccorso da un uomo che accompagnava la sua nipote 14enne di Pistoia. La giovane, colta da un malessere mentre si trovava all&#8217;attacco della Ferrata Ra Gusela, non era in grado di proseguire. Sul posto \u00e8 intervenuto&hellip;<\/p>\n","protected":false},"author":4,"featured_media":351364,"comment_status":"closed","ping_status":"closed","sticky":false,"template":"","format":"standard","meta":{"_monsterinsights_skip_tracking":false,"_monsterinsights_sitenote_active":false,"_monsterinsights_sitenote_note":"","_monsterinsights_sitenote_category":0,"footnotes":""},"categories":[51,49],"tags":[],"class_list":["post-408897","post","type-post","status-publish","format-standard","has-post-thumbnail","hentry","category-evidenza-top","category-news-18","category-51","category-49","description-off"],"img_url":"https:\/\/www.radiopiu.net\/wordpress\/wp-content\/uploads\/2023\/09\/447b5398-6730-4e17-aafb-a19aec8341de.jpg","_links":{"self":[{"href":"https:\/\/www.radiopiu.net\/wordpress\/wp-json\/wp\/v2\/posts\/408897","targetHints":{"allow":["GET"]}}],"collection":[{"href":"https:\/\/www.radiopiu.net\/wordpress\/wp-json\/wp\/v2\/posts"}],"about":[{"href":"https:\/\/www.radiopiu.net\/wordpress\/wp-json\/wp\/v2\/types\/post"}],"author":[{"embeddable":true,"href":"https:\/\/www.radiopiu.net\/wordpress\/wp-json\/wp\/v2\/users\/4"}],"replies":[{"embeddable":true,"href":"https:\/\/www.radiopiu.net\/wordpress\/wp-json\/wp\/v2\/comments?post=408897"}],"version-history":[{"count":3,"href":"https:\/\/www.radiopiu.net\/wordpress\/wp-json\/wp\/v2\/posts\/408897\/revisions"}],"predecessor-version":[{"id":408900,"href":"https:\/\/www.radiopiu.net\/wordpress\/wp-json\/wp\/v2\/posts\/408897\/revisions\/408900"}],"wp:featuredmedia":[{"embeddable":true,"href":"https:\/\/www.radiopiu.net\/wordpress\/wp-json\/wp\/v2\/media\/351364"}],"wp:attachment":[{"href":"https:\/\/www.radiopiu.net\/wordpress\/wp-json\/wp\/v2\/media?parent=408897"}],"wp:term":[{"taxonomy":"category","embeddable":true,"href":"https:\/\/www.radiopiu.net\/wordpress\/wp-json\/wp\/v2\/categories?post=408897"},{"taxonomy":"post_tag","embeddable":true,"href":"https:\/\/www.radiopiu.net\/wordpress\/wp-json\/wp\/v2\/tags?post=408897"}],"curies":[{"name":"wp","href":"https:\/\/api.w.org\/{rel}","templated":true}]}}