{"id":408913,"date":"2024-09-10T17:59:14","date_gmt":"2024-09-10T15:59:14","guid":{"rendered":"https:\/\/www.radiopiu.net\/wordpress\/?p=408913"},"modified":"2024-09-11T05:58:29","modified_gmt":"2024-09-11T03:58:29","slug":"sport-business-forum-al-via-a-montebelluna-focus-sulle-sfide-dello-sportsystem","status":"publish","type":"post","link":"https:\/\/www.radiopiu.net\/wordpress\/sport-business-forum-al-via-a-montebelluna-focus-sulle-sfide-dello-sportsystem\/","title":{"rendered":"Sport Business Forum al Via a Montebelluna: Focus sulle Sfide dello Sportsystem"},"content":{"rendered":"<p>&nbsp;<\/p>\n<blockquote><p><strong><img loading=\"lazy\" decoding=\"async\" class=\"alignleft\" src=\"https:\/\/www.radiopiu.net\/wordpress\/wp-content\/uploads\/2024\/09\/50b36dd5-201e-4114-b529-32b9ccc6b948.jpg\" width=\"244\" height=\"183\" \/><\/strong><\/p><\/blockquote>\n<p>Montebelluna ospita oggi l&#8217;inaugurazione del primo Sport Business Forum, evento dedicato al distretto dello Sportsystem, eccellenza del Made in Italy. La giornata inizier\u00e0 con interventi istituzionali di figure chiave come Lorraine Berton e Mario Pozza, seguiti dalla presentazione di una ricerca econometrica di Banca Ifis. Il dibattito centrale si concentrer\u00e0 su sfide e opportunit\u00e0 per il settore, con un focus su sostenibilit\u00e0 e innovazione. La giornata si chiuder\u00e0 con un aperitivo di networking. Il festival continuer\u00e0 nei giorni successivi coinvolgendo campioni sportivi e grandi aziende.<\/p>\n<p>ALLA RADIO&#8230; DI BARBARA PAOLAZZI, per le tre radio<\/p>\n<audio class=\"wp-audio-shortcode\" id=\"audio-408913-1\" preload=\"none\" style=\"width: 100%;\" controls=\"controls\"><source type=\"audio\/mpeg\" src=\"https:\/\/www.radiopiu.net\/wordpress\/wp-content\/uploads\/2024\/09\/barbara-spor-e-bus.mp3?_=1\" \/><a href=\"https:\/\/www.radiopiu.net\/wordpress\/wp-content\/uploads\/2024\/09\/barbara-spor-e-bus.mp3\">https:\/\/www.radiopiu.net\/wordpress\/wp-content\/uploads\/2024\/09\/barbara-spor-e-bus.mp3<\/a><\/audio>\n<p>&nbsp;<\/p>\n<p>&nbsp;<\/p>\n<hr \/>\n<p>&nbsp;<\/p>\n","protected":false},"excerpt":{"rendered":"<p>&nbsp; Montebelluna ospita oggi l&#8217;inaugurazione del primo Sport Business Forum, evento dedicato al distretto dello Sportsystem, eccellenza del Made in Italy. La giornata inizier\u00e0 con interventi istituzionali di figure chiave come Lorraine Berton e Mario Pozza, seguiti dalla presentazione di una ricerca econometrica di Banca Ifis. Il dibattito centrale si concentrer\u00e0 su sfide e opportunit\u00e0&hellip;<\/p>\n","protected":false},"author":4,"featured_media":408932,"comment_status":"closed","ping_status":"closed","sticky":false,"template":"","format":"standard","meta":{"_monsterinsights_skip_tracking":false,"_monsterinsights_sitenote_active":false,"_monsterinsights_sitenote_note":"","_monsterinsights_sitenote_category":0,"footnotes":""},"categories":[51,49],"tags":[],"class_list":["post-408913","post","type-post","status-publish","format-standard","has-post-thumbnail","hentry","category-evidenza-top","category-news-18","category-51","category-49","description-off"],"img_url":"https:\/\/www.radiopiu.net\/wordpress\/wp-content\/uploads\/2024\/09\/50b36dd5-201e-4114-b529-32b9ccc6b948.jpg","_links":{"self":[{"href":"https:\/\/www.radiopiu.net\/wordpress\/wp-json\/wp\/v2\/posts\/408913","targetHints":{"allow":["GET"]}}],"collection":[{"href":"https:\/\/www.radiopiu.net\/wordpress\/wp-json\/wp\/v2\/posts"}],"about":[{"href":"https:\/\/www.radiopiu.net\/wordpress\/wp-json\/wp\/v2\/types\/post"}],"author":[{"embeddable":true,"href":"https:\/\/www.radiopiu.net\/wordpress\/wp-json\/wp\/v2\/users\/4"}],"replies":[{"embeddable":true,"href":"https:\/\/www.radiopiu.net\/wordpress\/wp-json\/wp\/v2\/comments?post=408913"}],"version-history":[{"count":2,"href":"https:\/\/www.radiopiu.net\/wordpress\/wp-json\/wp\/v2\/posts\/408913\/revisions"}],"predecessor-version":[{"id":408933,"href":"https:\/\/www.radiopiu.net\/wordpress\/wp-json\/wp\/v2\/posts\/408913\/revisions\/408933"}],"wp:featuredmedia":[{"embeddable":true,"href":"https:\/\/www.radiopiu.net\/wordpress\/wp-json\/wp\/v2\/media\/408932"}],"wp:attachment":[{"href":"https:\/\/www.radiopiu.net\/wordpress\/wp-json\/wp\/v2\/media?parent=408913"}],"wp:term":[{"taxonomy":"category","embeddable":true,"href":"https:\/\/www.radiopiu.net\/wordpress\/wp-json\/wp\/v2\/categories?post=408913"},{"taxonomy":"post_tag","embeddable":true,"href":"https:\/\/www.radiopiu.net\/wordpress\/wp-json\/wp\/v2\/tags?post=408913"}],"curies":[{"name":"wp","href":"https:\/\/api.w.org\/{rel}","templated":true}]}}