{"id":408960,"date":"2024-09-11T07:55:49","date_gmt":"2024-09-11T05:55:49","guid":{"rendered":"https:\/\/www.radiopiu.net\/wordpress\/?p=408960"},"modified":"2024-09-11T06:40:36","modified_gmt":"2024-09-11T04:40:36","slug":"dal-1983-la-rassegna-stampa-locale-di-mirko-mezzacasa-esclusiva-radiopiu","status":"publish","type":"post","link":"https:\/\/www.radiopiu.net\/wordpress\/dal-1983-la-rassegna-stampa-locale-di-mirko-mezzacasa-esclusiva-radiopiu\/","title":{"rendered":"dal 1983 la rassegna stampa locale di mirko mezzacasa ESCLUSIVA RADIOPIU"},"content":{"rendered":"<p>**<\/p>\n<p>&nbsp;<\/p>\n<p>&nbsp;<\/p>\n<p><a class=\"dt-pswp-item\" href=\"https:\/\/www.radiopiu.net\/wordpress\/wp-content\/uploads\/2024\/09\/Senza-nome-14.png\" data-dt-img-description=\"\" data-large_image_width=\"556\" data-large_image_height=\"329\"><img loading=\"lazy\" decoding=\"async\" class=\"size-medium wp-image-408958 alignleft\" src=\"https:\/\/www.radiopiu.net\/wordpress\/wp-content\/uploads\/2024\/09\/Senza-nome-14-300x178.png\" alt=\"\" width=\"300\" height=\"178\" srcset=\"https:\/\/www.radiopiu.net\/wordpress\/wp-content\/uploads\/2024\/09\/Senza-nome-14-300x178.png 300w, https:\/\/www.radiopiu.net\/wordpress\/wp-content\/uploads\/2024\/09\/Senza-nome-14.png 556w\" sizes=\"auto, (max-width: 300px) 100vw, 300px\" \/><\/a>OGGI ALLA RADIO&#8230;. ALLE 4 E ALLE 6 LE NOTIZIE DALL&#8217;ITALIA E DAL MONDO 6.15 PIROLE DE LENGA A CURA DEL MUSLA 7.20 EL BAL DEL FIORI, DETTI E TRADIZIONI DI GIULIANA DA RONCH 8.05 LA RASSEGNA STAMPA LOCALE 8.30 PIU SIAMO CON MARINA DONA\u00a0 900 il ricordo di Marcello De Dorigo, di Andrea Bressan\u00a09.40 VIABILITA&#8217; CON BOTOL CAR SERVICE (AGORDO-SEDICO-FELTRE)\u00a0 10 15 CISL, LA VOCE PER I LAVORATORI 10 30 speciale campionato mondiale di pesto a falcade con silvano savio, lia de biasio, fulvio valt e Roberto Panizza\u00a012.00 VA TUTTO LISCIO\u00a0 12.30 GIORNALE RADIO PRINCIPALE\u00a0 13.20 TRE PEZZI DI MARINA DONA&#8217; \u00a014.00 \u00a0LA CLASSIFICA UFFICIALE DI MARCO GAZ\u00a015.00\u00a0 PIU&#8217; SIAMO IL PROGRAMMA DELL&#8217;ESTATE DI MARINA DONA&#8217; \u00a016 10 IL ROCK DI MARCO COSTANTINI 1645 LE HIT DI MIRCO BENCIVENNI 18.00 PIU&#8217; DANCE LE SELEZIONI CHE FANNO SALTARE DI DJ JACK, JACOPO DEL TEDESCO \u00a0\u00a019 LE ANTICIPAZIONI DAL TG DI ANTENNA 3<\/p>\n<p><a class=\"dt-pswp-item\" href=\"https:\/\/www.radiopiu.net\/wordpress\/wp-content\/uploads\/2024\/09\/Senza-nome-8.png\" data-dt-img-description=\"\" data-large_image_width=\"164\" data-large_image_height=\"116\"><img loading=\"lazy\" decoding=\"async\" class=\"size-full wp-image-408856 alignleft\" src=\"https:\/\/www.radiopiu.net\/wordpress\/wp-content\/uploads\/2024\/09\/Senza-nome-8.png\" alt=\"\" width=\"164\" height=\"116\" \/><\/a>MARCELLO&#8230;TRA LE STELLE.\u00a0 DOMANI IL SALUTO NELLA SUA FORCELLA AURINE<br \/>\nLa famiglia De Dorigo informa che l&#8217;ultimo saluto a Marcello si terr\u00e0\u00a0 domani alle 14.00 a Forcella Aurine (Gosaldo), la salma sar\u00e0 successivamente tumulata a Laste di Rocca Pietore, suo paese d&#8217;origine.<br \/>\nMORENA FENTI, UNA VITA SPEZZATA TROPPO PRESTO<br \/>\nAGORDO La comunit\u00e0 di Agordo \u00e8 scossa dalla scomparsa di Morena Fenti, venuta a mancare all&#8217;et\u00e0 di 59 anni dopo una lunga battaglia contro la malattia. Morena, amata e apprezzata da tutti, ha affrontato con coraggio il suo percorso, sostenuta dal marito Giorgio e dai figli Alex e Nicholas. Anche il fratello, nuore, nipoti, cognati e suocera hanno condiviso con lei ogni momento di questa difficile prova. La famiglia desidera ringraziare sentitamente i medici e gli infermieri che l&#8217;hanno assistita con dedizione. I funerali si terranno oggi alle 14:30 nella chiesa di Agordo.<br \/>\nieri il SUEM: ATTARDANO IL RIENTRO DALL&#8217;ESCURSIONE. RECUPERATA UNA COPPIA IN VALLE DI GARES; SEDICO RECUPERATO FUNGAIOLO INFORTUNATO, DOPO UNA NOTTE ALL&#8217;ADDIACCIO; SAN VITO DI CADORE Nonno e Nipote in Difficolt\u00e0 sulla Ferrata Ra Gusela;<br \/>\nTamponamento a Feltre: Donna Ferita Leggermente<br \/>\nFELTRE Incidente a Feltre: tamponamento tra due auto in via XIV Agosto. Una donna di 38 anni \u00e8 stata trasportata in ospedale per accertamenti, ma le sue condizioni non sono gravi.<\/p>\n<p><a class=\"dt-pswp-item\" href=\"https:\/\/www.radiopiu.net\/wordpress\/wp-content\/uploads\/2024\/09\/Senza-nome-13.png\" data-dt-img-description=\"\" data-large_image_width=\"320\" data-large_image_height=\"250\"><img loading=\"lazy\" decoding=\"async\" class=\"size-medium wp-image-408916 alignleft\" src=\"https:\/\/www.radiopiu.net\/wordpress\/wp-content\/uploads\/2024\/09\/Senza-nome-13-300x234.png\" alt=\"\" width=\"300\" height=\"234\" srcset=\"https:\/\/www.radiopiu.net\/wordpress\/wp-content\/uploads\/2024\/09\/Senza-nome-13-300x234.png 300w, https:\/\/www.radiopiu.net\/wordpress\/wp-content\/uploads\/2024\/09\/Senza-nome-13.png 320w\" sizes=\"auto, (max-width: 300px) 100vw, 300px\" \/><\/a>Patteggiamento per Angelika Hutter: Quattro Anni e Otto Mesi per Omicidio Stradale Plurimo<br \/>\nIl 6 luglio 2023 morirono pap\u00e0, figlioletto e nonna di Favaro Veneto. Udienza rinviata all\u20198 ottobre<br \/>\nBELLUNO Angelika Hutter potrebbe patteggiare quattro anni e otto mesi per l&#8217;omicidio stradale plurimo avvenuto il 6 luglio 2023. Il pubblico ministero Simone Marcon ha proposto l&#8217;accordo, che eviterebbe all&#8217;imputata di tornare in prigione. Il gup Elisabetta Scolozzi ha rinviato al 8 ottobre per ulteriori valutazioni.<br \/>\nINCIDENTI SUL LAVORO: UIL PRONTA A MANIFESTARE<br \/>\nBELLUNO Roberto Toigo, segretario generale della Uil Veneto, ha annunciato una manifestazione a Venezia nell\u2019ambito della campagna &#8220;Zero morti sul lavoro&#8221; per denunciare l&#8217;ennesima tragedia lavorativa, con l&#8217;ultima vittima, Felice Pais, del Bellunese. Toigo ha espresso vicinanza ai familiari e colleghi della vittima e ha sottolineato l&#8217;urgenza di affrontare il problema delle morti sul lavoro<br \/>\nLE SIGLE SINDACALI CHIEDONO RISPOSTE URGENTI DOPO L&#8217;ENNESIMA MORTE SUL LAVORO<br \/>\nBELLUNO I sindacati Cgil, Cisl e Uil di Belluno esprimono profondo rammarico per le numerose morti sul lavoro in Veneto, con 37 vittime da gennaio a luglio 2024. Dopo l\u2019ennesima tragedia che ha coinvolto Felice Pais, lattoniere morto in seguito a una caduta ad Auronzo, i sindacati richiedono interventi urgenti per rafforzare la sicurezza nei luoghi di lavoro.<br \/>\nBilanci di Fine Estate in Val di Zoldo: Positivi i Numeri, Critiche ai Servizi<br \/>\nVAL DI ZOLDO\u00a0 Con l&#8217;arrivo delle prime piogge, si tracciano i bilanci della stagione turistica a Val di Zoldo. Nonostante i buoni risultati, il sindaco Camillo De Pellegrin critica la gestione dei servizi e solleva questioni politiche, proponendo una visione unitaria per la promozione delle Dolomiti come meta turistica internazionale<\/p>\n<p><a class=\"dt-pswp-item\" href=\"https:\/\/www.radiopiu.net\/wordpress\/wp-content\/uploads\/2024\/09\/49fa735d-9512-4e81-b4a7-2e563805c96e-scaled.jpg\" data-dt-img-description=\"\" data-large_image_width=\"2560\" data-large_image_height=\"1710\"><img loading=\"lazy\" decoding=\"async\" class=\"size-medium wp-image-408943 alignleft\" src=\"https:\/\/www.radiopiu.net\/wordpress\/wp-content\/uploads\/2024\/09\/49fa735d-9512-4e81-b4a7-2e563805c96e-300x200.jpg\" alt=\"\" width=\"300\" height=\"200\" srcset=\"https:\/\/www.radiopiu.net\/wordpress\/wp-content\/uploads\/2024\/09\/49fa735d-9512-4e81-b4a7-2e563805c96e-300x200.jpg 300w, https:\/\/www.radiopiu.net\/wordpress\/wp-content\/uploads\/2024\/09\/49fa735d-9512-4e81-b4a7-2e563805c96e-1024x684.jpg 1024w, https:\/\/www.radiopiu.net\/wordpress\/wp-content\/uploads\/2024\/09\/49fa735d-9512-4e81-b4a7-2e563805c96e-768x513.jpg 768w, https:\/\/www.radiopiu.net\/wordpress\/wp-content\/uploads\/2024\/09\/49fa735d-9512-4e81-b4a7-2e563805c96e-1536x1026.jpg 1536w, https:\/\/www.radiopiu.net\/wordpress\/wp-content\/uploads\/2024\/09\/49fa735d-9512-4e81-b4a7-2e563805c96e-2048x1368.jpg 2048w\" sizes=\"auto, (max-width: 300px) 100vw, 300px\" \/><\/a>Minacciava di Diffondere Audio di Rapporti Sessuali: Condannato a 8 Mesi<br \/>\nBELLUNO A H, cittadino egiziano, \u00e8 stato condannato a otto mesi di reclusione e 5 mila euro di risarcimento per aver registrato e minacciato di diffondere audio di rapporti sessuali con un\u2019amica, violando la sua privacy.<br \/>\nGita a Mareson Finisce in Rissa: Lesioni Aggravate<br \/>\nVAL DI ZOLDO Durante una gita a Mareson nel dicembre 2020, A.B. ha aggredito G.B. colpendolo con pugni dopo una lite per l\u2019alta velocit\u00e0 del SUV di Bellotto. Testimoni confermano l\u2019aggressione.L&#8217;aggredito si \u00e8 rivolto prima alla guardia medica e poi al Pronto soccorso di Agordo per le cure. La prossima udienza davanti al giudice Montalto e al pm Rossi \u00e8 fissata per il 6 febbraio.<br \/>\nLONGARONE Sabato alle 9:30 al cimitero monumentale di Fortogna, il Comando Provinciale della Guardia di Finanza di Belluno deporr\u00e0 una corona d\u2019alloro in memoria delle vittime del disastro del Vajont. A seguire, nella Sala Consiliare del Comune di Longarone, si terr\u00e0 la cerimonia di conferimento della cittadinanza onoraria al Corpo della Guardia di Finanza per il soccorso prestato alle popolazioni colpite dalla tragedia del Vajont, avvenuta nell\u2019ottobre 1963.<br \/>\nPENSIONI DI VECCHIAIA: IN VENETO IL 40% SOTTO I MILLE EURO<br \/>\nVENEZIA In Veneto, molti pensionati vivono con meno di 1.000 euro al mese a causa di pensioni insufficienti per far fronte all&#8217;inflazione. Un\u2019indagine dello Spi Cgil rivela che il 40% delle pensioni di vecchiaia del settore privato non supera questa cifra. La pensione media \u00e8 di 1.260 euro lordi, ma differenze significative emergono tra le province e i comuni.<\/p>\n","protected":false},"excerpt":{"rendered":"<p>** &nbsp; &nbsp; OGGI ALLA RADIO&#8230;. ALLE 4 E ALLE 6 LE NOTIZIE DALL&#8217;ITALIA E DAL MONDO 6.15 PIROLE DE LENGA A CURA DEL MUSLA 7.20 EL BAL DEL FIORI, DETTI E TRADIZIONI DI GIULIANA DA RONCH 8.05 LA RASSEGNA STAMPA LOCALE 8.30 PIU SIAMO CON MARINA DONA\u00a0 900 il ricordo di Marcello De Dorigo,&hellip;<\/p>\n","protected":false},"author":4,"featured_media":408958,"comment_status":"closed","ping_status":"closed","sticky":false,"template":"","format":"standard","meta":{"_monsterinsights_skip_tracking":false,"_monsterinsights_sitenote_active":false,"_monsterinsights_sitenote_note":"","_monsterinsights_sitenote_category":0,"footnotes":""},"categories":[51,49,142],"tags":[],"class_list":["post-408960","post","type-post","status-publish","format-standard","has-post-thumbnail","hentry","category-evidenza-top","category-news-18","category-rassegna-stampa","category-51","category-49","category-142","description-off"],"img_url":"https:\/\/www.radiopiu.net\/wordpress\/wp-content\/uploads\/2024\/09\/Senza-nome-14.png","_links":{"self":[{"href":"https:\/\/www.radiopiu.net\/wordpress\/wp-json\/wp\/v2\/posts\/408960","targetHints":{"allow":["GET"]}}],"collection":[{"href":"https:\/\/www.radiopiu.net\/wordpress\/wp-json\/wp\/v2\/posts"}],"about":[{"href":"https:\/\/www.radiopiu.net\/wordpress\/wp-json\/wp\/v2\/types\/post"}],"author":[{"embeddable":true,"href":"https:\/\/www.radiopiu.net\/wordpress\/wp-json\/wp\/v2\/users\/4"}],"replies":[{"embeddable":true,"href":"https:\/\/www.radiopiu.net\/wordpress\/wp-json\/wp\/v2\/comments?post=408960"}],"version-history":[{"count":1,"href":"https:\/\/www.radiopiu.net\/wordpress\/wp-json\/wp\/v2\/posts\/408960\/revisions"}],"predecessor-version":[{"id":408961,"href":"https:\/\/www.radiopiu.net\/wordpress\/wp-json\/wp\/v2\/posts\/408960\/revisions\/408961"}],"wp:featuredmedia":[{"embeddable":true,"href":"https:\/\/www.radiopiu.net\/wordpress\/wp-json\/wp\/v2\/media\/408958"}],"wp:attachment":[{"href":"https:\/\/www.radiopiu.net\/wordpress\/wp-json\/wp\/v2\/media?parent=408960"}],"wp:term":[{"taxonomy":"category","embeddable":true,"href":"https:\/\/www.radiopiu.net\/wordpress\/wp-json\/wp\/v2\/categories?post=408960"},{"taxonomy":"post_tag","embeddable":true,"href":"https:\/\/www.radiopiu.net\/wordpress\/wp-json\/wp\/v2\/tags?post=408960"}],"curies":[{"name":"wp","href":"https:\/\/api.w.org\/{rel}","templated":true}]}}