{"id":409026,"date":"2024-09-12T05:30:37","date_gmt":"2024-09-12T03:30:37","guid":{"rendered":"https:\/\/www.radiopiu.net\/wordpress\/?p=409026"},"modified":"2024-09-12T05:46:22","modified_gmt":"2024-09-12T03:46:22","slug":"dolomitibus-disguido-da-primo-giorno-ritorno-al-passato","status":"publish","type":"post","link":"https:\/\/www.radiopiu.net\/wordpress\/dolomitibus-disguido-da-primo-giorno-ritorno-al-passato\/","title":{"rendered":"DOLOMITIBUS&#8230;DISGUIDO DA PRIMO GIORNO, RITORNO AL PASSATO"},"content":{"rendered":"<p>***<\/p>\n<blockquote><p><em>&#8220;La qualit\u00e0 di un servizio non si misura solo dall&#8217;orario di partenza, ma dalla capacit\u00e0 di portare a destinazione ogni passeggero&#8221;<\/em><\/p><\/blockquote>\n<p><img loading=\"lazy\" decoding=\"async\" class=\"alignleft\" src=\"https:\/\/www.radiopiu.net\/wordpress\/wp-content\/uploads\/2024\/06\/DolomitiBus_Trillo_02.jpg\" width=\"322\" height=\"215\" \/>Disagi gi\u00e0 dal primo giorno di scuola per gli studenti che utilizzano il servizio Dolomiti Bus. Un genitore di tre figli, uno dei quali ha iniziato oggi le lezioni a Belluno, ha segnalato gravi problemi nel servizio di trasporto pubblico. La mattina \u00e8 iniziata nel migliore dei modi: il figlio ha raggiunto Belluno in orario, senza alcun problema apparente. Tuttavia, il ritorno si \u00e8 rivelato un incubo. Alle 12:20, presso la stazione di Belluno, circa 25 studenti sono rimasti a piedi, nonostante abbiano gi\u00e0 pagato l\u2019abbonamento. Mentre i ragazzi attendevano invano, due corriere per la Luxottica dirette ad Agordo sono partite con diversi posti liberi. L&#8217;organizzazione del servizio \u00e8 stata messa sotto accusa, in particolare considerando che situazioni simili si sono verificate lo scorso anno scolastico, con ragazzi spesso lasciati a terra o stipati su corriere sovraffollate. La sicurezza dei passeggeri \u00e8 un aspetto che desta preoccupazione, e i genitori sperano che questi disagi siano solo legati ai primi giorni e non rappresentino l&#8217;inizio di un altro anno scolastico problematico. I genitori chiedono con urgenza un miglioramento del servizio, augurandosi che non si ripeta l\u2019incubo vissuto l\u2019anno precedente, in cui il sovraffollamento e la scarsa organizzazione hanno compromesso la sicurezza e il benessere dei loro figli.<\/p>\n<p>&nbsp;<\/p>\n<p><span style=\"color: #ff0000;\">ARCHIVIO RADIOPIU 6 AGOSTO&#8230; SPERANZE PERDUTE<\/span><\/p>\n<blockquote>\n<h2>DOLOMITIBUS, CERTEZZE E SPERANZE<\/h2>\n<\/blockquote>\n<div class=\"group\/conversation-turn relative flex w-full min-w-0 flex-col agent-turn\">\n<div class=\"flex-col gap-1 md:gap-3\">\n<div class=\"flex flex-grow flex-col max-w-full\">\n<div class=\"min-h-[20px] text-message flex w-full flex-col items-end gap-2 whitespace-pre-wrap break-words [.text-message+&amp;]:mt-5 overflow-x-auto\" dir=\"auto\" data-message-author-role=\"assistant\" data-message-id=\"a60bdfef-90a3-4316-b19a-ff463ce82df9\">\n<div class=\"flex w-full flex-col gap-1 empty:hidden first:pt-[3px]\">\n<div class=\"markdown prose w-full break-words dark:prose-invert dark\">\n<blockquote>\n<h3>Tpl, Provincia al lavoro per la ripresa della scuola.\u00a0 <strong style=\"font-size: 14px;\">Bortoluzzi: \u00abNon si ripetano i disservizi dello scorso anno\u00bb<\/strong><\/h3>\n<\/blockquote>\n<p><a class=\"dt-pswp-item\" href=\"https:\/\/www.radiopiu.net\/wordpress\/wp-content\/uploads\/2019\/10\/download-23.jpg\" data-dt-img-description=\"\" data-large_image_width=\"182\" data-large_image_height=\"277\"><img loading=\"lazy\" decoding=\"async\" class=\" wp-image-103547 alignright\" src=\"https:\/\/www.radiopiu.net\/wordpress\/wp-content\/uploads\/2019\/10\/download-23.jpg\" alt=\"\" width=\"153\" height=\"233\" \/><\/a>Il trasporto pubblico \u00e8 in crisi, ma garantire un servizio efficiente, specialmente in montagna, \u00e8 cruciale, afferma Massimo Bortoluzzi, consigliere provinciale ai trasporti. Lo scorso anno, la carenza di autisti ha causato molti disservizi, con diverse corse cancellate, soprattutto negli orari meno frequentati. Con l&#8217;avvicinarsi dell&#8217;inizio delle scuole, la Provincia lavora con Dolomitibus per assicurare un servizio ottimale. Un incontro tra azienda, sindacati e autorit\u00e0 locali \u00e8 previsto per individuare criticit\u00e0 e soluzioni.<\/p>\n<p>Bortoluzzi sottolinea l&#8217;importanza di mantenere il servizio per studenti e lavoratori, ricordando le difficolt\u00e0 attuali ma incoraggiando un approccio collaborativo. La prosecuzione di \u201cInvesti Scuola\u201d, che offre abbonamenti a prezzo fisso per studenti, \u00e8 confermata. Per migliorare la situazione, un tavolo dei trasporti \u00e8 convocato a breve. Bortoluzzi riconosce i disagi causati dalle razionalizzazioni estive e pianifica di incontrare i sindaci provinciali per discutere problemi e soluzioni possibili. Dolomitibus \u00e8 incaricata di monitorare i flussi di passeggeri per ottimizzare le risorse, potenziando i servizi richiesti e riducendoli dove necessario, per rispondere meglio alle esigenze dei diversi territori.<\/p>\n<\/div>\n<\/div>\n<\/div>\n<\/div>\n<\/div>\n<\/div>\n<p>&nbsp;<\/p>\n<p>&nbsp;<\/p>\n<hr \/>\n<p>&nbsp;<\/p>\n","protected":false},"excerpt":{"rendered":"<p>*** &#8220;La qualit\u00e0 di un servizio non si misura solo dall&#8217;orario di partenza, ma dalla capacit\u00e0 di portare a destinazione ogni passeggero&#8221; Disagi gi\u00e0 dal primo giorno di scuola per gli studenti che utilizzano il servizio Dolomiti Bus. Un genitore di tre figli, uno dei quali ha iniziato oggi le lezioni a Belluno, ha segnalato&hellip;<\/p>\n","protected":false},"author":4,"featured_media":395175,"comment_status":"closed","ping_status":"closed","sticky":false,"template":"","format":"standard","meta":{"_monsterinsights_skip_tracking":false,"_monsterinsights_sitenote_active":false,"_monsterinsights_sitenote_note":"","_monsterinsights_sitenote_category":0,"footnotes":""},"categories":[103,49],"tags":[],"class_list":["post-409026","post","type-post","status-publish","format-standard","has-post-thumbnail","hentry","category-evidenza_2","category-news-18","category-103","category-49","description-off"],"img_url":"https:\/\/www.radiopiu.net\/wordpress\/wp-content\/uploads\/2024\/06\/DolomitiBus_Trillo_02.jpg","_links":{"self":[{"href":"https:\/\/www.radiopiu.net\/wordpress\/wp-json\/wp\/v2\/posts\/409026","targetHints":{"allow":["GET"]}}],"collection":[{"href":"https:\/\/www.radiopiu.net\/wordpress\/wp-json\/wp\/v2\/posts"}],"about":[{"href":"https:\/\/www.radiopiu.net\/wordpress\/wp-json\/wp\/v2\/types\/post"}],"author":[{"embeddable":true,"href":"https:\/\/www.radiopiu.net\/wordpress\/wp-json\/wp\/v2\/users\/4"}],"replies":[{"embeddable":true,"href":"https:\/\/www.radiopiu.net\/wordpress\/wp-json\/wp\/v2\/comments?post=409026"}],"version-history":[{"count":5,"href":"https:\/\/www.radiopiu.net\/wordpress\/wp-json\/wp\/v2\/posts\/409026\/revisions"}],"predecessor-version":[{"id":409042,"href":"https:\/\/www.radiopiu.net\/wordpress\/wp-json\/wp\/v2\/posts\/409026\/revisions\/409042"}],"wp:featuredmedia":[{"embeddable":true,"href":"https:\/\/www.radiopiu.net\/wordpress\/wp-json\/wp\/v2\/media\/395175"}],"wp:attachment":[{"href":"https:\/\/www.radiopiu.net\/wordpress\/wp-json\/wp\/v2\/media?parent=409026"}],"wp:term":[{"taxonomy":"category","embeddable":true,"href":"https:\/\/www.radiopiu.net\/wordpress\/wp-json\/wp\/v2\/categories?post=409026"},{"taxonomy":"post_tag","embeddable":true,"href":"https:\/\/www.radiopiu.net\/wordpress\/wp-json\/wp\/v2\/tags?post=409026"}],"curies":[{"name":"wp","href":"https:\/\/api.w.org\/{rel}","templated":true}]}}