{"id":409089,"date":"2024-09-12T07:55:34","date_gmt":"2024-09-12T05:55:34","guid":{"rendered":"https:\/\/www.radiopiu.net\/wordpress\/?p=409089"},"modified":"2024-09-12T08:01:57","modified_gmt":"2024-09-12T06:01:57","slug":"dal-1983-la-rassegna-stampa-locale-di-mirko-mezzacasa-42","status":"publish","type":"post","link":"https:\/\/www.radiopiu.net\/wordpress\/dal-1983-la-rassegna-stampa-locale-di-mirko-mezzacasa-42\/","title":{"rendered":"dal 1983 la rassegna stampa locale di mirko mezzacasa"},"content":{"rendered":"<p>***<\/p>\n<p><iframe loading=\"lazy\" title=\"DAL 1983 LA RASSEGNA STAMPA LOCALE di mirko mezzacasa. L&#039;ORIGINALE\" width=\"1200\" height=\"675\" src=\"https:\/\/www.youtube.com\/embed\/H7zt1ifYuxY?feature=oembed\" frameborder=\"0\" allow=\"accelerometer; autoplay; clipboard-write; encrypted-media; gyroscope; picture-in-picture; web-share\" referrerpolicy=\"strict-origin-when-cross-origin\" allowfullscreen><\/iframe><\/p>\n<p><a class=\"dt-pswp-item\" href=\"https:\/\/www.radiopiu.net\/wordpress\/wp-content\/uploads\/2024\/09\/459183765_921555090001941_1845172530860895477_n.jpg\" data-dt-img-description=\"\" data-large_image_width=\"280\" data-large_image_height=\"392\"><img loading=\"lazy\" decoding=\"async\" class=\"size-medium wp-image-408969 alignleft\" src=\"https:\/\/www.radiopiu.net\/wordpress\/wp-content\/uploads\/2024\/09\/459183765_921555090001941_1845172530860895477_n-214x300.jpg\" alt=\"\" width=\"214\" height=\"300\" srcset=\"https:\/\/www.radiopiu.net\/wordpress\/wp-content\/uploads\/2024\/09\/459183765_921555090001941_1845172530860895477_n-214x300.jpg 214w, https:\/\/www.radiopiu.net\/wordpress\/wp-content\/uploads\/2024\/09\/459183765_921555090001941_1845172530860895477_n.jpg 280w\" sizes=\"auto, (max-width: 214px) 100vw, 214px\" \/><\/a>GOSALDO Oggi alle 14.00 a Forcella Aurine, l&#8217;ultimo saluto a Marcello De Dorigo. La salma sar\u00e0 successivamente tumulata nel suo paese d&#8217;origine, a Laste di Rocca Pietore<\/p>\n<p>Sedico ricorda Claudio Baggio, fondatore dell\u2019agenzia immobiliare<br \/>\nCordoglio a Sedico per la scomparsa di Claudio Baggio, fondatore dell\u2019agenzia Baggio Immobiliare, attiva dal 2001. Molto stimato nella comunit\u00e0, Baggio si \u00e8 distinto per la sua professionalit\u00e0. Le esequie si terranno domani a Belluno. La famiglia, la moglie Patrizia con i figli Novella e Giovanni, lo ricorda come un marito e padre straordinario.<\/p>\n<p>Disposta autopsia per chiarire la morte di Felice Pais Marden<br \/>\nAURONZO Il sostituto procuratore Alberto Primavera ha disposto l\u2019autopsia sul corpo di Felice Pais Marden, 51enne lattoniere di Auronzo, morto tre giorni dopo una caduta da un tetto in ristrutturazione. L\u2019indagine ipotizza omicidio colposo, con il titolare dell\u2019impresa e il responsabile della sicurezza potenzialmente indagati. L\u2019esame autoptico sar\u00e0 condotto dal medico legale Antonello Cirnelli.<\/p>\n<p>VALLE DI CADORE, INCIDENTE TRA QUATTRO AUTO: CINQUE FERITI<br \/>\nREDAZIONE Tra i tanti del giorno, quello delle 14 a Valle di Cadore \u00e8 stato un intervento impegnativo e importante per gli uomini e le donne del Suem. Allertate 2 ambulanze con personale medico e infermieristico dell&#8217;ospedale di Pieve di Cadore dove sono stati medicati 3 feriti, tre donne, una sessantenne di Belluno, una 51 enne e una 56enne di Venezia, tutte accolte in pronto soccorso con un codice di media gravit\u00e0. Due i feriti trasporti a Belluno, entrambi di Padova, una coppia, lei 73 e lui 78 anni. Per entrambi ferite di media gravit\u00e0. Nell&#8217;incidente sono state coinvolte 4 auto.<\/p>\n<p><a class=\"dt-pswp-item\" href=\"https:\/\/www.radiopiu.net\/wordpress\/wp-content\/uploads\/2024\/09\/49fa735d-9512-4e81-b4a7-2e563805c96e-scaled.jpg\" data-dt-img-description=\"\" data-large_image_width=\"2560\" data-large_image_height=\"1710\"><img loading=\"lazy\" decoding=\"async\" class=\"size-medium wp-image-408943 alignleft\" src=\"https:\/\/www.radiopiu.net\/wordpress\/wp-content\/uploads\/2024\/09\/49fa735d-9512-4e81-b4a7-2e563805c96e-300x200.jpg\" alt=\"\" width=\"300\" height=\"200\" srcset=\"https:\/\/www.radiopiu.net\/wordpress\/wp-content\/uploads\/2024\/09\/49fa735d-9512-4e81-b4a7-2e563805c96e-300x200.jpg 300w, https:\/\/www.radiopiu.net\/wordpress\/wp-content\/uploads\/2024\/09\/49fa735d-9512-4e81-b4a7-2e563805c96e-1024x684.jpg 1024w, https:\/\/www.radiopiu.net\/wordpress\/wp-content\/uploads\/2024\/09\/49fa735d-9512-4e81-b4a7-2e563805c96e-768x513.jpg 768w, https:\/\/www.radiopiu.net\/wordpress\/wp-content\/uploads\/2024\/09\/49fa735d-9512-4e81-b4a7-2e563805c96e-1536x1026.jpg 1536w, https:\/\/www.radiopiu.net\/wordpress\/wp-content\/uploads\/2024\/09\/49fa735d-9512-4e81-b4a7-2e563805c96e-2048x1368.jpg 2048w\" sizes=\"auto, (max-width: 300px) 100vw, 300px\" \/><\/a>Avviso di Criticit\u00e0 Idrogeologica e Vento Forte in Veneto<br \/>\nVENEZIA\u00a0 La Protezione Civile del Veneto ha emesso un avviso di criticit\u00e0 idrogeologica e idraulica. \u00c8 stato dichiarato lo stato di attenzione per temporali su tutta la regione e vento forte sulla costa, pianura e aree montane. Previste precipitazioni intense e un marcato calo termico, con possibili nevicate sulle Dolomiti e raffiche di Foehn nelle valli.<\/p>\n<p>Strage di pecore a Cesiomaggiore: lupi colpiscono ancora<br \/>\nCESIMAGGIORE\u00a0 un branco di lupi ha ucciso diciotto pecore e ferito altre sei a Cesiomaggiore, nell&#8217;azienda agricola Zanella Furio. \u00c8 il secondo attacco subito dall&#8217;allevatore, che aveva gi\u00e0 perso venticinque capi tre anni fa. Nonostante il recinto di sicurezza, i lupi sono riusciti a entrare. Zanella denuncia la situazione insostenibile, chiedendo interventi urgenti per proteggere il bestiame e la fauna locale dalle aggressioni.<\/p>\n<p>PERDE IL SENTIERO IN DISCESA DAL TORRANI, RECUPERATO NELLA NOTTE UN ESCURSIONISTA<br \/>\nVAL DI ZOLDO Si \u00e8 concluso verso le 3.30 dell&#8217;altra notte l&#8217;intervento di una squadra del Soccorso alpino della Val di Zoldo, in aiuto di un escursionista statunitense fuori sentiero in discesa dal Rifugio Torrani. Il 31enne aveva lanciato l&#8217;allarme verso le 22.30, \u00e8 stato condotto sul sentiero, un centinaio di metri distante da dove si trovava, accompagnato sulla strada e portato alla sua macchina a Palafavera.<\/p>\n<p>DOLOMITIBUS&#8230;DISGUIDO DA PRIMO GIORNO, RITORNO AL PASSATO<br \/>\n&#8220;La qualit\u00e0 di un servizio non si misura solo dall&#8217;orario di partenza, ma dalla capacit\u00e0 di portare a destinazione ogni passeggero&#8221;<br \/>\nDisagi gi\u00e0 dal primo giorno di scuola per gli studenti che utilizzano il servizio Dolomiti Bus. Un genitore di tre figli, uno dei quali ha iniziato IERI le lezioni a Belluno, ha segnalato gravi problemi nel servizio di trasporto pubblico<\/p>\n<p><a class=\"dt-pswp-item\" href=\"https:\/\/www.radiopiu.net\/wordpress\/wp-content\/uploads\/2024\/09\/086fe906-86e3-4921-9f93-f566b39e8290.jpg\" data-dt-img-description=\"\" data-large_image_width=\"958\" data-large_image_height=\"718\"><img loading=\"lazy\" decoding=\"async\" class=\"size-medium wp-image-409017 alignleft\" src=\"https:\/\/www.radiopiu.net\/wordpress\/wp-content\/uploads\/2024\/09\/086fe906-86e3-4921-9f93-f566b39e8290-300x225.jpg\" alt=\"\" width=\"300\" height=\"225\" srcset=\"https:\/\/www.radiopiu.net\/wordpress\/wp-content\/uploads\/2024\/09\/086fe906-86e3-4921-9f93-f566b39e8290-300x225.jpg 300w, https:\/\/www.radiopiu.net\/wordpress\/wp-content\/uploads\/2024\/09\/086fe906-86e3-4921-9f93-f566b39e8290-768x576.jpg 768w, https:\/\/www.radiopiu.net\/wordpress\/wp-content\/uploads\/2024\/09\/086fe906-86e3-4921-9f93-f566b39e8290.jpg 958w\" sizes=\"auto, (max-width: 300px) 100vw, 300px\" \/><\/a>ABBONAMENTO UNICO STUDENTI ESTESO A TUTTA LA PROVINCIA GRAZIE A BIM PIAVE<br \/>\nBELLUNO Con l&#8217;inizio del nuovo anno scolastico, la Provincia di Belluno ha ampliato il progetto &#8220;Abbonamento Unico Studenti&#8221;, introducendo l&#8217;abbonamento &#8220;Intera Rete&#8221;, che offre maggiore accessibilit\u00e0 al trasporto pubblico. Questo abbonamento copre il 70% del costo e consente l&#8217;uso illimitato dei servizi urbani ed extraurbani di Dolomitibus<\/p>\n<p>Maltrattamenti in famiglia: madre e patrigno a processo<br \/>\nUna ragazza del 2007 accusa madre e patrigno di maltrattamenti avvenuti tra il 2022 e il 2023. Denuncia percosse con pugni, schiaffi, e violenze verbali a sfondo sessuale. Difesa dall&#8217;avvocato Cristiana Riccitiello e dalla curatrice Alessandra Conti, la giovane testimonier\u00e0 quando sar\u00e0 maggiorenne, nel maggio 2025.<\/p>\n<p>Violenze sessuali e molestie: uomo a processo<br \/>\nI.S., accusato di violenze sessuali e molestie verso una vicina, comparir\u00e0 in tribunale il 23 aprile. L&#8217;uomo avrebbe palpeggiato la donna in diverse occasioni e l&#8217;avrebbe molestata con avances sessuali esplicite. Difeso dall&#8217;avvocato Ferdinando Coppa, l&#8217;imputato dovr\u00e0 rispondere alle accuse. La donna, rappresentata dall&#8217;avvocato Patrizia Zannini, ha richiesto un risarcimento danni. Il processo vedr\u00e0 la testimonianza dei testimoni e l&#8217;esame dell&#8217;imputato.<\/p>\n<p>Maltrattamenti e violenza sessuale: E.S. a processo<br \/>\nE.S. \u00e8 accusato di maltrattamenti, lesioni aggravate e violenza sessuale contro la moglie, inclusi episodi di percosse con una mazza da golf e minacce gravi. La donna, parte offesa, non si \u00e8 costituita parte civile. Il processo, rinviato al 13 novembre, attende un collegio giudicante. Le accuse includono violenze fisiche e psicologiche, con minacce di morte, controlli ossessivi e aggressioni, tra cui tentativi di strangolamento e un doppio rapporto sessuale forzato.<\/p>\n<p>Patteggiamento per il pirata della strada a Limana<br \/>\nG.C. l&#8217;automobilista che la sera di Ferragosto di due anni fa invest\u00ec due ragazze sulla provinciale 1 a Limana, \u00e8 accusato di lesioni stradali aggravate e fuga. Le giovani finirono nella cunetta senza vedere l&#8217;auto, che non si ferm\u00f2 per prestare soccorso. L&#8217;uomo, difeso dall&#8217;avvocato Gino Sperandio, dovrebbe patteggiare, ma prima si attende una proposta di risarcimento danni. L&#8217;udienza predibattimentale \u00e8 fissata per il 4 ottobre.<\/p>\n<p>&nbsp;<\/p>\n<p>&nbsp;<\/p>\n<p>&nbsp;<\/p>\n<p>&nbsp;<\/p>\n<p>&nbsp;<\/p>\n<p>&nbsp;<\/p>\n<p>_<\/p>\n","protected":false},"excerpt":{"rendered":"<p>*** GOSALDO Oggi alle 14.00 a Forcella Aurine, l&#8217;ultimo saluto a Marcello De Dorigo. La salma sar\u00e0 successivamente tumulata nel suo paese d&#8217;origine, a Laste di Rocca Pietore Sedico ricorda Claudio Baggio, fondatore dell\u2019agenzia immobiliare Cordoglio a Sedico per la scomparsa di Claudio Baggio, fondatore dell\u2019agenzia Baggio Immobiliare, attiva dal 2001. Molto stimato nella comunit\u00e0,&hellip;<\/p>\n","protected":false},"author":4,"featured_media":409088,"comment_status":"closed","ping_status":"closed","sticky":false,"template":"","format":"standard","meta":{"_monsterinsights_skip_tracking":false,"_monsterinsights_sitenote_active":false,"_monsterinsights_sitenote_note":"","_monsterinsights_sitenote_category":0,"footnotes":""},"categories":[51,49,142],"tags":[],"class_list":["post-409089","post","type-post","status-publish","format-standard","has-post-thumbnail","hentry","category-evidenza-top","category-news-18","category-rassegna-stampa","category-51","category-49","category-142","description-off"],"img_url":"https:\/\/www.radiopiu.net\/wordpress\/wp-content\/uploads\/2024\/09\/Senza-nome-18.png","_links":{"self":[{"href":"https:\/\/www.radiopiu.net\/wordpress\/wp-json\/wp\/v2\/posts\/409089","targetHints":{"allow":["GET"]}}],"collection":[{"href":"https:\/\/www.radiopiu.net\/wordpress\/wp-json\/wp\/v2\/posts"}],"about":[{"href":"https:\/\/www.radiopiu.net\/wordpress\/wp-json\/wp\/v2\/types\/post"}],"author":[{"embeddable":true,"href":"https:\/\/www.radiopiu.net\/wordpress\/wp-json\/wp\/v2\/users\/4"}],"replies":[{"embeddable":true,"href":"https:\/\/www.radiopiu.net\/wordpress\/wp-json\/wp\/v2\/comments?post=409089"}],"version-history":[{"count":3,"href":"https:\/\/www.radiopiu.net\/wordpress\/wp-json\/wp\/v2\/posts\/409089\/revisions"}],"predecessor-version":[{"id":409107,"href":"https:\/\/www.radiopiu.net\/wordpress\/wp-json\/wp\/v2\/posts\/409089\/revisions\/409107"}],"wp:featuredmedia":[{"embeddable":true,"href":"https:\/\/www.radiopiu.net\/wordpress\/wp-json\/wp\/v2\/media\/409088"}],"wp:attachment":[{"href":"https:\/\/www.radiopiu.net\/wordpress\/wp-json\/wp\/v2\/media?parent=409089"}],"wp:term":[{"taxonomy":"category","embeddable":true,"href":"https:\/\/www.radiopiu.net\/wordpress\/wp-json\/wp\/v2\/categories?post=409089"},{"taxonomy":"post_tag","embeddable":true,"href":"https:\/\/www.radiopiu.net\/wordpress\/wp-json\/wp\/v2\/tags?post=409089"}],"curies":[{"name":"wp","href":"https:\/\/api.w.org\/{rel}","templated":true}]}}