{"id":409095,"date":"2024-09-12T05:34:53","date_gmt":"2024-09-12T03:34:53","guid":{"rendered":"https:\/\/www.radiopiu.net\/wordpress\/?p=409095"},"modified":"2024-09-12T05:43:33","modified_gmt":"2024-09-12T03:43:33","slug":"sedico-ricorda-claudio-baggio-fondatore-dellagenzia-immobiliare","status":"publish","type":"post","link":"https:\/\/www.radiopiu.net\/wordpress\/sedico-ricorda-claudio-baggio-fondatore-dellagenzia-immobiliare\/","title":{"rendered":"Sedico ricorda Claudio Baggio, fondatore dell&#8217;agenzia immobiliare"},"content":{"rendered":"<p>***<\/p>\n<p>&nbsp;<\/p>\n<p>&nbsp;<\/p>\n<blockquote>\n<h3><strong><a class=\"dt-pswp-item\" href=\"https:\/\/www.radiopiu.net\/wordpress\/wp-content\/uploads\/2024\/09\/Senza-nome-16.png\" data-dt-img-description=\"\" data-large_image_width=\"269\" data-large_image_height=\"322\"><img loading=\"lazy\" decoding=\"async\" class=\"wp-image-409078 alignleft\" src=\"https:\/\/www.radiopiu.net\/wordpress\/wp-content\/uploads\/2024\/09\/Senza-nome-16-251x300.png\" alt=\"\" width=\"123\" height=\"147\" srcset=\"https:\/\/www.radiopiu.net\/wordpress\/wp-content\/uploads\/2024\/09\/Senza-nome-16-251x300.png 251w, https:\/\/www.radiopiu.net\/wordpress\/wp-content\/uploads\/2024\/09\/Senza-nome-16.png 269w\" sizes=\"auto, (max-width: 123px) 100vw, 123px\" \/><\/a><br \/>\n<\/strong><\/h3>\n<\/blockquote>\n<p>Cordoglio a Sedico per la scomparsa di Claudio Baggio, fondatore dell\u2019agenzia Baggio Immobiliare, attiva dal 2001. Molto stimato nella comunit\u00e0, Baggio si \u00e8 distinto per la sua professionalit\u00e0. Le esequie si terranno domani a Belluno. La famiglia, la moglie Patrizia con i figli Novella e Giovanni,\u00a0 lo ricorda come un marito e padre straordinario.<\/p>\n<p>&nbsp;<\/p>\n","protected":false},"excerpt":{"rendered":"<p>*** &nbsp; &nbsp; Cordoglio a Sedico per la scomparsa di Claudio Baggio, fondatore dell\u2019agenzia Baggio Immobiliare, attiva dal 2001. Molto stimato nella comunit\u00e0, Baggio si \u00e8 distinto per la sua professionalit\u00e0. Le esequie si terranno domani a Belluno. La famiglia, la moglie Patrizia con i figli Novella e Giovanni,\u00a0 lo ricorda come un marito e&hellip;<\/p>\n","protected":false},"author":4,"featured_media":409078,"comment_status":"closed","ping_status":"closed","sticky":false,"template":"","format":"standard","meta":{"_monsterinsights_skip_tracking":false,"_monsterinsights_sitenote_active":false,"_monsterinsights_sitenote_note":"","_monsterinsights_sitenote_category":0,"footnotes":""},"categories":[51,49],"tags":[],"class_list":["post-409095","post","type-post","status-publish","format-standard","has-post-thumbnail","hentry","category-evidenza-top","category-news-18","category-51","category-49","description-off"],"img_url":"https:\/\/www.radiopiu.net\/wordpress\/wp-content\/uploads\/2024\/09\/Senza-nome-16.png","_links":{"self":[{"href":"https:\/\/www.radiopiu.net\/wordpress\/wp-json\/wp\/v2\/posts\/409095","targetHints":{"allow":["GET"]}}],"collection":[{"href":"https:\/\/www.radiopiu.net\/wordpress\/wp-json\/wp\/v2\/posts"}],"about":[{"href":"https:\/\/www.radiopiu.net\/wordpress\/wp-json\/wp\/v2\/types\/post"}],"author":[{"embeddable":true,"href":"https:\/\/www.radiopiu.net\/wordpress\/wp-json\/wp\/v2\/users\/4"}],"replies":[{"embeddable":true,"href":"https:\/\/www.radiopiu.net\/wordpress\/wp-json\/wp\/v2\/comments?post=409095"}],"version-history":[{"count":1,"href":"https:\/\/www.radiopiu.net\/wordpress\/wp-json\/wp\/v2\/posts\/409095\/revisions"}],"predecessor-version":[{"id":409096,"href":"https:\/\/www.radiopiu.net\/wordpress\/wp-json\/wp\/v2\/posts\/409095\/revisions\/409096"}],"wp:featuredmedia":[{"embeddable":true,"href":"https:\/\/www.radiopiu.net\/wordpress\/wp-json\/wp\/v2\/media\/409078"}],"wp:attachment":[{"href":"https:\/\/www.radiopiu.net\/wordpress\/wp-json\/wp\/v2\/media?parent=409095"}],"wp:term":[{"taxonomy":"category","embeddable":true,"href":"https:\/\/www.radiopiu.net\/wordpress\/wp-json\/wp\/v2\/categories?post=409095"},{"taxonomy":"post_tag","embeddable":true,"href":"https:\/\/www.radiopiu.net\/wordpress\/wp-json\/wp\/v2\/tags?post=409095"}],"curies":[{"name":"wp","href":"https:\/\/api.w.org\/{rel}","templated":true}]}}