{"id":409109,"date":"2024-09-13T05:29:03","date_gmt":"2024-09-13T03:29:03","guid":{"rendered":"https:\/\/www.radiopiu.net\/wordpress\/?p=409109"},"modified":"2024-09-13T09:41:12","modified_gmt":"2024-09-13T07:41:12","slug":"giornale-radiopiu-13-settembre-2024-direttore-mirko-mezzacasada-41-anni-25-giugno-1983-25-giugno-2024","status":"publish","type":"post","link":"https:\/\/www.radiopiu.net\/wordpress\/giornale-radiopiu-13-settembre-2024-direttore-mirko-mezzacasada-41-anni-25-giugno-1983-25-giugno-2024\/","title":{"rendered":"GIORNALE RADIOPIU 13 SETTEMBRE 2024 DIRETTORE MIRKO MEZZACASA\u2026DA 41 ANNI 25 GIUGNO 1983-25 GIUGNO 2024"},"content":{"rendered":"<p>*****<\/p>\n<h2>IERI, LA PRIMA NEVE PASSO CAMPOLONGO-<\/h2>\n<p><a class=\"dt-pswp-item\" href=\"https:\/\/www.radiopiu.net\/wordpress\/wp-content\/uploads\/2024\/09\/CAMPOLONGO.jpg\" data-dt-img-description=\"\" data-large_image_width=\"1280\" data-large_image_height=\"862\"><img loading=\"lazy\" decoding=\"async\" class=\"alignnone wp-image-409165\" src=\"https:\/\/www.radiopiu.net\/wordpress\/wp-content\/uploads\/2024\/09\/CAMPOLONGO-300x202.jpg\" alt=\"\" width=\"342\" height=\"230\" srcset=\"https:\/\/www.radiopiu.net\/wordpress\/wp-content\/uploads\/2024\/09\/CAMPOLONGO-300x202.jpg 300w, https:\/\/www.radiopiu.net\/wordpress\/wp-content\/uploads\/2024\/09\/CAMPOLONGO-1024x690.jpg 1024w, https:\/\/www.radiopiu.net\/wordpress\/wp-content\/uploads\/2024\/09\/CAMPOLONGO-768x517.jpg 768w, https:\/\/www.radiopiu.net\/wordpress\/wp-content\/uploads\/2024\/09\/CAMPOLONGO.jpg 1280w\" sizes=\"auto, (max-width: 342px) 100vw, 342px\" \/><\/a><a class=\"dt-pswp-item\" href=\"https:\/\/www.radiopiu.net\/wordpress\/wp-content\/uploads\/2024\/09\/VAL-BADIA.jpg\" data-dt-img-description=\"\" data-large_image_width=\"720\" data-large_image_height=\"1260\"><img loading=\"lazy\" decoding=\"async\" class=\"alignnone wp-image-409166\" src=\"https:\/\/www.radiopiu.net\/wordpress\/wp-content\/uploads\/2024\/09\/VAL-BADIA-171x300.jpg\" alt=\"\" width=\"131\" height=\"230\" srcset=\"https:\/\/www.radiopiu.net\/wordpress\/wp-content\/uploads\/2024\/09\/VAL-BADIA-171x300.jpg 171w, https:\/\/www.radiopiu.net\/wordpress\/wp-content\/uploads\/2024\/09\/VAL-BADIA-585x1024.jpg 585w, https:\/\/www.radiopiu.net\/wordpress\/wp-content\/uploads\/2024\/09\/VAL-BADIA.jpg 720w\" sizes=\"auto, (max-width: 131px) 100vw, 131px\" \/><\/a><\/p>\n<h1>ARABBA<\/h1>\n<p><a class=\"dt-pswp-item\" href=\"https:\/\/www.radiopiu.net\/wordpress\/wp-content\/uploads\/2024\/09\/3ff1b85d-7f87-41a8-932d-d94aeed4f4d3.jpg\" data-dt-img-description=\"\" data-large_image_width=\"2048\" data-large_image_height=\"1536\"><img loading=\"lazy\" decoding=\"async\" class=\"alignnone size-medium wp-image-409204\" src=\"https:\/\/www.radiopiu.net\/wordpress\/wp-content\/uploads\/2024\/09\/3ff1b85d-7f87-41a8-932d-d94aeed4f4d3-300x225.jpg\" alt=\"\" width=\"300\" height=\"225\" srcset=\"https:\/\/www.radiopiu.net\/wordpress\/wp-content\/uploads\/2024\/09\/3ff1b85d-7f87-41a8-932d-d94aeed4f4d3-300x225.jpg 300w, https:\/\/www.radiopiu.net\/wordpress\/wp-content\/uploads\/2024\/09\/3ff1b85d-7f87-41a8-932d-d94aeed4f4d3-1024x768.jpg 1024w, https:\/\/www.radiopiu.net\/wordpress\/wp-content\/uploads\/2024\/09\/3ff1b85d-7f87-41a8-932d-d94aeed4f4d3-768x576.jpg 768w, https:\/\/www.radiopiu.net\/wordpress\/wp-content\/uploads\/2024\/09\/3ff1b85d-7f87-41a8-932d-d94aeed4f4d3-1536x1152.jpg 1536w, https:\/\/www.radiopiu.net\/wordpress\/wp-content\/uploads\/2024\/09\/3ff1b85d-7f87-41a8-932d-d94aeed4f4d3.jpg 2048w\" sizes=\"auto, (max-width: 300px) 100vw, 300px\" \/><\/a><a class=\"dt-pswp-item\" href=\"https:\/\/www.radiopiu.net\/wordpress\/wp-content\/uploads\/2024\/09\/e6268abc-8361-45dc-917a-3d8faf73d124.jpg\" data-dt-img-description=\"\" data-large_image_width=\"1536\" data-large_image_height=\"2048\"><img loading=\"lazy\" decoding=\"async\" class=\"alignnone wp-image-409205\" src=\"https:\/\/www.radiopiu.net\/wordpress\/wp-content\/uploads\/2024\/09\/e6268abc-8361-45dc-917a-3d8faf73d124-225x300.jpg\" alt=\"\" width=\"168\" height=\"224\" srcset=\"https:\/\/www.radiopiu.net\/wordpress\/wp-content\/uploads\/2024\/09\/e6268abc-8361-45dc-917a-3d8faf73d124-225x300.jpg 225w, https:\/\/www.radiopiu.net\/wordpress\/wp-content\/uploads\/2024\/09\/e6268abc-8361-45dc-917a-3d8faf73d124-768x1024.jpg 768w, https:\/\/www.radiopiu.net\/wordpress\/wp-content\/uploads\/2024\/09\/e6268abc-8361-45dc-917a-3d8faf73d124-1152x1536.jpg 1152w, https:\/\/www.radiopiu.net\/wordpress\/wp-content\/uploads\/2024\/09\/e6268abc-8361-45dc-917a-3d8faf73d124.jpg 1536w\" sizes=\"auto, (max-width: 168px) 100vw, 168px\" \/><\/a><\/p>\n<h1><strong>PASSO FEDAIA<\/strong><\/h1>\n<p><a class=\"dt-pswp-item\" href=\"https:\/\/www.radiopiu.net\/wordpress\/wp-content\/uploads\/2024\/09\/f10d768c-09a0-4b80-a9b6-b586819def09.jpg\" data-dt-img-description=\"\" data-large_image_width=\"1600\" data-large_image_height=\"1200\"><img loading=\"lazy\" decoding=\"async\" class=\"alignnone size-medium wp-image-409182\" src=\"https:\/\/www.radiopiu.net\/wordpress\/wp-content\/uploads\/2024\/09\/f10d768c-09a0-4b80-a9b6-b586819def09-300x225.jpg\" alt=\"\" width=\"300\" height=\"225\" srcset=\"https:\/\/www.radiopiu.net\/wordpress\/wp-content\/uploads\/2024\/09\/f10d768c-09a0-4b80-a9b6-b586819def09-300x225.jpg 300w, https:\/\/www.radiopiu.net\/wordpress\/wp-content\/uploads\/2024\/09\/f10d768c-09a0-4b80-a9b6-b586819def09-1024x768.jpg 1024w, https:\/\/www.radiopiu.net\/wordpress\/wp-content\/uploads\/2024\/09\/f10d768c-09a0-4b80-a9b6-b586819def09-768x576.jpg 768w, https:\/\/www.radiopiu.net\/wordpress\/wp-content\/uploads\/2024\/09\/f10d768c-09a0-4b80-a9b6-b586819def09-1536x1152.jpg 1536w, https:\/\/www.radiopiu.net\/wordpress\/wp-content\/uploads\/2024\/09\/f10d768c-09a0-4b80-a9b6-b586819def09.jpg 1600w\" sizes=\"auto, (max-width: 300px) 100vw, 300px\" \/><\/a><a class=\"dt-pswp-item\" href=\"https:\/\/www.radiopiu.net\/wordpress\/wp-content\/uploads\/2024\/09\/0de57bf2-1b0c-48ea-a077-366c5d12ee18.jpg\" data-dt-img-description=\"\" data-large_image_width=\"1600\" data-large_image_height=\"1200\"><img loading=\"lazy\" decoding=\"async\" class=\"alignnone size-medium wp-image-409185\" src=\"https:\/\/www.radiopiu.net\/wordpress\/wp-content\/uploads\/2024\/09\/0de57bf2-1b0c-48ea-a077-366c5d12ee18-300x225.jpg\" alt=\"\" width=\"300\" height=\"225\" srcset=\"https:\/\/www.radiopiu.net\/wordpress\/wp-content\/uploads\/2024\/09\/0de57bf2-1b0c-48ea-a077-366c5d12ee18-300x225.jpg 300w, https:\/\/www.radiopiu.net\/wordpress\/wp-content\/uploads\/2024\/09\/0de57bf2-1b0c-48ea-a077-366c5d12ee18-1024x768.jpg 1024w, https:\/\/www.radiopiu.net\/wordpress\/wp-content\/uploads\/2024\/09\/0de57bf2-1b0c-48ea-a077-366c5d12ee18-768x576.jpg 768w, https:\/\/www.radiopiu.net\/wordpress\/wp-content\/uploads\/2024\/09\/0de57bf2-1b0c-48ea-a077-366c5d12ee18-1536x1152.jpg 1536w, https:\/\/www.radiopiu.net\/wordpress\/wp-content\/uploads\/2024\/09\/0de57bf2-1b0c-48ea-a077-366c5d12ee18.jpg 1600w\" sizes=\"auto, (max-width: 300px) 100vw, 300px\" \/><\/a><\/p>\n<h1>PASSO SAN PELLEGRINO<\/h1>\n<p><a class=\"dt-pswp-item\" href=\"https:\/\/www.radiopiu.net\/wordpress\/wp-content\/uploads\/2024\/09\/A.jpg\" data-dt-img-description=\"\" data-large_image_width=\"960\" data-large_image_height=\"1280\"><img loading=\"lazy\" decoding=\"async\" class=\"alignnone size-medium wp-image-409194\" src=\"https:\/\/www.radiopiu.net\/wordpress\/wp-content\/uploads\/2024\/09\/A-225x300.jpg\" alt=\"\" width=\"225\" height=\"300\" srcset=\"https:\/\/www.radiopiu.net\/wordpress\/wp-content\/uploads\/2024\/09\/A-225x300.jpg 225w, https:\/\/www.radiopiu.net\/wordpress\/wp-content\/uploads\/2024\/09\/A-768x1024.jpg 768w, https:\/\/www.radiopiu.net\/wordpress\/wp-content\/uploads\/2024\/09\/A.jpg 960w\" sizes=\"auto, (max-width: 225px) 100vw, 225px\" \/><\/a><\/p>\n<p>&nbsp;<\/p>\n<p><em><span style=\"color: #ff0000;\">ATTENZIONE: LA NUOVA APP PER IOS-IPHONE di Nicola Vettorello <\/span><\/em><a href=\"https:\/\/apps.apple.com\/it\/app\/radio-pi%C3%B9-emittente-agordina\/id1515939845\">https:\/\/apps.apple.com\/it\/app\/radio-pi%C3%B9-emittente-agordina\/id1515939845<\/a><\/p>\n<p><em style=\"color: #ff0000;\">ATTENZIONE: LA NUOVA APP RADIO\u00a0 PER ANDROID di Nicola Vettorello<\/em><\/p>\n<p><a href=\"https:\/\/play.google.com\/store\/apps\/details?id=net.radiopiu.iniko\" target=\"_blank\" rel=\"noopener noreferrer\">https:\/\/play.google.com\/store\/apps\/details?id=net.radiopiu.iniko\u00a0\u00a0\u00a0<\/a><\/p>\n<p>&nbsp;<\/p>\n<p>&nbsp;<\/p>\n<hr \/>\n<p>&nbsp;<\/p>\n<p><strong>OGGI ALLA RADIO&#8230;.<\/strong> <span style=\"color: #ff0000;\">ALLE 4 E ALLE 6<\/span> LE NOTIZIE DALL&#8217;ITALIA E DAL MONDO<span style=\"color: #ff0000;\"> 6.15<\/span> PIROLE DE LENGA A CURA DEL MUSLA<span style=\"color: #ff0000;\"> 7.20<\/span> EL BAL DEL FIORI, DETTI E TRADIZIONI DI GIULIANA DA RONCH <span style=\"color: #ff0000;\">8.05<\/span> LA RASSEGNA STAMPA LOCALE<span style=\"color: #ff0000;\"> 8.30<span style=\"color: #000000;\"> PIU SIAMO CON MARINA DONA\u00a0<span style=\"color: #ff0000;\"> 900<\/span> PREMIER E SPECIALE HOCKEY IN STUDIO ADRIANO LEVIS PRESIDENTE ALLEGHE HOCKEY <\/span><\/span><span style=\"color: #ff0000;\"><span style=\"color: #000000;\">\u00a0<\/span><\/span><span style=\"color: #ff0000;\">9.40<\/span> VIABILITA&#8217; CON BOTOL CAR SERVICE (AGORDO-SEDICO-FELTRE) <span style=\"color: #ff0000;\">945<\/span> LA MUSICA ANNI OTTANTA DI MONICA FONTANIVE\u00a0 <span style=\"color: #ff0000;\">10.15<\/span> MUSLA E LE NOTIZIE IN LADINO<span style=\"color: #ff0000;\"> 10,30<\/span> PAOLO STEFAN SOLIDARIETA&#8217; VENETO FONDO PENSIONE <span style=\"color: #ff0000;\">12.00<\/span> VA TUTTO LISCIO\u00a0 <span style=\"color: #ff0000;\">12.30<\/span> GIORNALE RADIO PRINCIPALE<span style=\"color: #ff0000;\"> 13 10<\/span> SPECIALE VOLONTARI DEL SOCCORSO, COORDINAMENTO AGORDINO ZOLDANO-SECONDA PUNTATA\u00a0 <span style=\"color: #ff0000;\">13.20<\/span> TRE PEZZI DI MARINA DONA&#8217; <span style=\"color: #ff0000;\">\u00a0<\/span><span style=\"color: #ff0000;\">14.00 <span style=\"color: #000000;\">GOLDEN CLASSIC MARCO EDELVAIS <\/span><\/span><span style=\"color: #ff0000;\">15.00<\/span>\u00a0 WEEK END MARINA C&#8217;E&#8217; \u00a0\u00a0<span style=\"color: #ff0000;\">16 10<\/span> IL ROCK DI MARCO COSTANTINI <span style=\"color: #ff0000;\">1645<\/span> LE HIT DI MIRCO BENCIVENNI <span style=\"color: #ff0000;\">18.00<\/span> PIU&#8217; DANCE LE SELEZIONI CHE FANNO SALTARE DI DJ JACK, JACOPO DEL TEDESCO \u00a0\u00a0<span style=\"color: #ff0000;\">19<\/span> LE ANTICIPAZIONI DAL TG DI ANTENNA 3 DI TIZIANA BOLOGNANI <span style=\"color: #ff0000;\">19.15<\/span> SPORT IN PIAZZA,\u00a0 DOMANI\u00a0 AD AGORDO<\/p>\n<p><strong>rassegna stampa nazionale,<\/strong> ogni giorno alle 5 e alle 6 del mattino<br \/>\ngiornali locali 7 rassegna stampa flash, 8 rassegna stampa, gr flash alle 10 e alle 11, principale 12.30. Informazione pomerIggio alle 15 (speciale) 16, 17, 18. Giornale radio nazionale: ogni ora dalle 5 del mattino, alle 20 della sera.<\/p>\n<p>&nbsp;<\/p>\n<hr \/>\n<p>&nbsp;<\/p>\n<div class=\"x11i5rnm xat24cr x1mh8g0r x1vvkbs xtlvy1s x126k92a\">\n<div dir=\"auto\">\n<div dir=\"auto\">\n<p><strong><a class=\"dt-pswp-item\" href=\"https:\/\/www.radiopiu.net\/wordpress\/wp-content\/uploads\/2024\/02\/2d44e751-d8a8-461b-8e22-d8e4e853b032.jpg\" data-dt-img-description=\"\" data-large_image_width=\"1600\" data-large_image_height=\"1200\"><img loading=\"lazy\" decoding=\"async\" class=\"wp-image-373307 alignleft\" src=\"https:\/\/www.radiopiu.net\/wordpress\/wp-content\/uploads\/2024\/02\/2d44e751-d8a8-461b-8e22-d8e4e853b032-300x225.jpg\" alt=\"\" width=\"105\" height=\"79\" srcset=\"https:\/\/www.radiopiu.net\/wordpress\/wp-content\/uploads\/2024\/02\/2d44e751-d8a8-461b-8e22-d8e4e853b032-300x225.jpg 300w, https:\/\/www.radiopiu.net\/wordpress\/wp-content\/uploads\/2024\/02\/2d44e751-d8a8-461b-8e22-d8e4e853b032-1024x768.jpg 1024w, https:\/\/www.radiopiu.net\/wordpress\/wp-content\/uploads\/2024\/02\/2d44e751-d8a8-461b-8e22-d8e4e853b032-768x576.jpg 768w, https:\/\/www.radiopiu.net\/wordpress\/wp-content\/uploads\/2024\/02\/2d44e751-d8a8-461b-8e22-d8e4e853b032-1536x1152.jpg 1536w, https:\/\/www.radiopiu.net\/wordpress\/wp-content\/uploads\/2024\/02\/2d44e751-d8a8-461b-8e22-d8e4e853b032.jpg 1600w\" sizes=\"auto, (max-width: 105px) 100vw, 105px\" \/><\/a>EL BAL DEL FIOR, DI GIULIANA DA RONCH, 13 SETTEMBRE<\/strong><strong>\u00a02024<\/strong><\/p>\n<audio class=\"wp-audio-shortcode\" id=\"audio-409109-1\" preload=\"none\" style=\"width: 100%;\" controls=\"controls\"><source type=\"audio\/mpeg\" src=\"https:\/\/www.radiopiu.net\/wordpress\/wp-content\/uploads\/2024\/09\/GVE-1.mp3?_=1\" \/><a href=\"https:\/\/www.radiopiu.net\/wordpress\/wp-content\/uploads\/2024\/09\/GVE-1.mp3\">https:\/\/www.radiopiu.net\/wordpress\/wp-content\/uploads\/2024\/09\/GVE-1.mp3<\/a><\/audio>\n<p>&nbsp;<\/p>\n<\/div>\n<\/div>\n<hr \/>\n<p>&nbsp;<\/p>\n<p>&nbsp;<\/p>\n<h1><span style=\"color: #ff0000;\"><a class=\"dt-pswp-item\" href=\"https:\/\/www.radiopiu.net\/wordpress\/wp-content\/uploads\/2024\/06\/th-5.jpg\" data-dt-img-description=\"\" data-large_image_width=\"326\" data-large_image_height=\"180\"><img loading=\"lazy\" decoding=\"async\" class=\"size-medium wp-image-395881 alignleft\" src=\"https:\/\/www.radiopiu.net\/wordpress\/wp-content\/uploads\/2024\/06\/th-5-300x166.jpg\" alt=\"\" width=\"300\" height=\"166\" srcset=\"https:\/\/www.radiopiu.net\/wordpress\/wp-content\/uploads\/2024\/06\/th-5-300x166.jpg 300w, https:\/\/www.radiopiu.net\/wordpress\/wp-content\/uploads\/2024\/06\/th-5.jpg 326w\" sizes=\"auto, (max-width: 300px) 100vw, 300px\" \/><\/a><\/span><\/h1>\n<h1><\/h1>\n<h1><\/h1>\n<h1><span style=\"color: #000000;\">13 SETTEMBRE&#8230; alla radio l&#8217;almanacco\u00a0<\/span><\/h1>\n<audio class=\"wp-audio-shortcode\" id=\"audio-409109-2\" preload=\"none\" style=\"width: 100%;\" controls=\"controls\"><source type=\"audio\/mpeg\" src=\"https:\/\/www.radiopiu.net\/wordpress\/wp-content\/uploads\/2024\/09\/ALMANACCONEW-10.mp3?_=2\" \/><a href=\"https:\/\/www.radiopiu.net\/wordpress\/wp-content\/uploads\/2024\/09\/ALMANACCONEW-10.mp3\">https:\/\/www.radiopiu.net\/wordpress\/wp-content\/uploads\/2024\/09\/ALMANACCONEW-10.mp3<\/a><\/audio>\n<p>&nbsp;<\/p>\n<p>&nbsp;<\/p>\n<div dir=\"auto\">\n<hr \/>\n<\/div>\n<\/div>\n<blockquote>\n<blockquote>\n<h1><span style=\"color: #ff0000;\">\u00a0<\/span><\/h1>\n<h1><span style=\"color: #ff0000;\">I podcast informativi del mattino &#8211; audio &#8211;\u00a0\u00a0<\/span><\/h1>\n<\/blockquote>\n<p><strong><a class=\"dt-pswp-item\" href=\"https:\/\/www.radiopiu.net\/wordpress\/wp-content\/uploads\/2023\/11\/th-10.jpg\" data-dt-img-description=\"\" data-large_image_width=\"320\" data-large_image_height=\"180\"><img loading=\"lazy\" decoding=\"async\" class=\"wp-image-362866 alignleft\" src=\"https:\/\/www.radiopiu.net\/wordpress\/wp-content\/uploads\/2023\/11\/th-10-300x169.jpg\" alt=\"\" width=\"185\" height=\"104\" srcset=\"https:\/\/www.radiopiu.net\/wordpress\/wp-content\/uploads\/2023\/11\/th-10-300x169.jpg 300w, https:\/\/www.radiopiu.net\/wordpress\/wp-content\/uploads\/2023\/11\/th-10.jpg 320w\" sizes=\"auto, (max-width: 185px) 100vw, 185px\" \/><\/a>LA RASSEGNA STAMPA NAZIONALE ALLA RADIO, OGNI GIORNO ALLE 5 E ALLE 6 DEL MATTINO <span style=\"color: #0000ff;\">viene pubblicata alle 6.00 <span style=\"color: #ff0000;\">DIRETTA RADIO\u00a0 \u00a0\u00a0<\/span><\/span><\/strong><\/p><\/blockquote>\n<p>&nbsp;<\/p>\n<p><strong>NOTIZIE DELLA NOTTE\u00a0\u00a0<\/strong><\/p>\n<p><strong>Ecuador,<\/strong> uccisa la direttrice del carcere Litoral <strong>Borsa:<\/strong> Shanghai apre a +0,35%, Shenzhen a +0,15% <strong>Cina,<\/strong> negoziati unica via per le crisi in Ucraina e Gaza <strong>Il Venezuela<\/strong> richiama il suo ambasciatore in Spagna <strong>Borsa:<\/strong> Hong Kong positiva, apre a +0,34% <strong>Corea del Nord,<\/strong> prime foto di impianto arricchimento uranio <strong>Deputati cileni<\/strong> preparano destituzioni nella Corte Suprema <strong>Papa<\/strong> visita anziani e malati poi incontro interreligioso giovani<\/p>\n<h2>AUDIO dalle 6 del mattino<\/h2>\n<audio class=\"wp-audio-shortcode\" id=\"audio-409109-3\" preload=\"none\" style=\"width: 100%;\" controls=\"controls\"><source type=\"audio\/mpeg\" src=\"https:\/\/www.radiopiu.net\/wordpress\/wp-content\/uploads\/2024\/09\/GIORNALEDELLESEI-9.mp3?_=3\" \/><a href=\"https:\/\/www.radiopiu.net\/wordpress\/wp-content\/uploads\/2024\/09\/GIORNALEDELLESEI-9.mp3\">https:\/\/www.radiopiu.net\/wordpress\/wp-content\/uploads\/2024\/09\/GIORNALEDELLESEI-9.mp3<\/a><\/audio>\n<p>&nbsp;<\/p>\n<p>&nbsp;<\/p>\n<p>&nbsp;<\/p>\n<hr \/>\n<p>&nbsp;<\/p>\n<h1 style=\"text-align: center;\"><span style=\"color: #ff0000;\">I podcast informativi del mattino &#8211; audio &#8211;\u00a0<\/span><\/h1>\n<p><strong><a class=\"dt-pswp-item\" href=\"https:\/\/www.radiopiu.net\/wordpress\/wp-content\/uploads\/2023\/12\/images.png\" data-dt-img-description=\"\" data-large_image_width=\"316\" data-large_image_height=\"160\"><img loading=\"lazy\" decoding=\"async\" class=\"wp-image-367008 alignleft\" src=\"https:\/\/www.radiopiu.net\/wordpress\/wp-content\/uploads\/2023\/12\/images-300x152.png\" alt=\"\" width=\"235\" height=\"119\" srcset=\"https:\/\/www.radiopiu.net\/wordpress\/wp-content\/uploads\/2023\/12\/images-300x152.png 300w, https:\/\/www.radiopiu.net\/wordpress\/wp-content\/uploads\/2023\/12\/images.png 316w\" sizes=\"auto, (max-width: 235px) 100vw, 235px\" \/><\/a>OGNI GIORNO ALLE SETTE DEL MATTINO, LA RASSEGNA STAMPA LOCALE FLASH&#8230; PER CHI VA IN FRETTA. I TITOLI DAI GIORNALI E DAL SITO WWW.RADIOPIU.NET <span style=\"color: #0000ff;\">viene pubblicato alle 7.00<\/span> <span style=\"color: #ff0000;\">DIRETTA RADIO\u00a0<\/span><\/strong><\/p>\n<p><em><span style=\"color: #ff0000;\">per chi va in fretta&#8230; tante notizie in pochi minuti. L&#8217;informazione locale alla radio, ogni ora dalle 7 del mattino alle 19 della sera.<\/span><\/em><\/p>\n<p>&nbsp;<\/p>\n<h1>AUDIO dalle 7 del mattino<\/h1>\n<audio class=\"wp-audio-shortcode\" id=\"audio-409109-4\" preload=\"none\" style=\"width: 100%;\" controls=\"controls\"><source type=\"audio\/mpeg\" src=\"https:\/\/www.radiopiu.net\/wordpress\/wp-content\/uploads\/2024\/09\/GF07-7.mp3?_=4\" \/><a href=\"https:\/\/www.radiopiu.net\/wordpress\/wp-content\/uploads\/2024\/09\/GF07-7.mp3\">https:\/\/www.radiopiu.net\/wordpress\/wp-content\/uploads\/2024\/09\/GF07-7.mp3<\/a><\/audio>\n<p>&nbsp;<\/p>\n<p>&nbsp;<\/p>\n<p>&nbsp;<\/p>\n<hr \/>\n<p>&nbsp;<\/p>\n<h1><\/h1>\n<h1 style=\"text-align: center;\"><span style=\"color: #ff0000;\"><a class=\"dt-pswp-item\" href=\"https:\/\/www.radiopiu.net\/wordpress\/wp-content\/uploads\/2022\/01\/026c3f9d-dae9-4040-a3c1-a6530231bcc3.jpg\" data-dt-img-description=\"\" data-large_image_width=\"1152\" data-large_image_height=\"2048\"><img loading=\"lazy\" decoding=\"async\" class=\"wp-image-251839 alignleft\" src=\"https:\/\/www.radiopiu.net\/wordpress\/wp-content\/uploads\/2022\/01\/026c3f9d-dae9-4040-a3c1-a6530231bcc3-169x300.jpg\" alt=\"\" width=\"100\" height=\"177\" srcset=\"https:\/\/www.radiopiu.net\/wordpress\/wp-content\/uploads\/2022\/01\/026c3f9d-dae9-4040-a3c1-a6530231bcc3-169x300.jpg 169w, https:\/\/www.radiopiu.net\/wordpress\/wp-content\/uploads\/2022\/01\/026c3f9d-dae9-4040-a3c1-a6530231bcc3-576x1024.jpg 576w, https:\/\/www.radiopiu.net\/wordpress\/wp-content\/uploads\/2022\/01\/026c3f9d-dae9-4040-a3c1-a6530231bcc3-768x1365.jpg 768w, https:\/\/www.radiopiu.net\/wordpress\/wp-content\/uploads\/2022\/01\/026c3f9d-dae9-4040-a3c1-a6530231bcc3-864x1536.jpg 864w, https:\/\/www.radiopiu.net\/wordpress\/wp-content\/uploads\/2022\/01\/026c3f9d-dae9-4040-a3c1-a6530231bcc3.jpg 1152w\" sizes=\"auto, (max-width: 100px) 100vw, 100px\" \/><\/a>I podcast informativi del mattino &#8211; audio &#8211;\u00a0<\/span><\/h1>\n<blockquote><p><strong>GIORNALE RADIO NAZIONALE, EDIZIONE DELLE SETTE <span style=\"color: #0000ff;\">viene pubblicato alle 7.05 <span style=\"color: #ff0000;\">DIRETTA RADIO\u00a0<\/span><\/span><\/strong><\/p><\/blockquote>\n<p><strong>il giornale radionazionale e&#8217; in onda ogni ora, dalle sette del mattino alle venti della sera\u00a0 \u00a0<\/strong><strong>\u00a0<\/strong><\/p>\n<p><strong>La strage di Paderno Dugnano <\/strong>In migliaia ai funerali della famiglia uccisa nel Milanese\u00a0<strong>Rigettato il ricorso <\/strong>La Cassazione conferma l&#8217;ergastolo per Benno Neumair\u00a0 <strong>Regione Campania <\/strong>Anziani in ospedale legati ai letti con le lenzuola <strong>Beve vodka a scuola<\/strong> per una sfida social e finisce in ospedale Studentessa soccorsa dal 118 in Salento, era una sfida social\u00a0 <strong>Trinit\u00e0 dei Monti,<\/strong> in un rapporto della Corte dei Conti di Parigi, affidata alla Francia. Rampelli: &#8220;Le comiche&#8221; Criticata la gestione &#8220;approssimativa&#8221; anche di 5 chiese francesi di Roma, fra cui San Luigi de&#8217; Francesi\u00a0 <strong>Lite a scuola per una ragazza,<\/strong> studente accoltellato A Pompei, entrambi sono 14enni. L&#8217;aggressore \u00e8 stato fermato\u00a0 <strong>Il Viminale valuta lo stop ai cortei<\/strong> previsti a ridosso del 7 ottobre, ad un anno dal blitz di Hamas Rischio ordine pubblico, prevista una manifestazione di palestinesi il 5 a Roma\u00a0 <strong>&#8216;Cannibalismo&#8217; in carcere a Napoli,<\/strong> il detenuto \u00e8 ancora in cella<br \/>\n&#8220;Nessuna risposta dalle strutture psichiatriche, situazione grave&#8221;<\/p>\n<h2>AUDIO dalle sette del mattino, ogni ora alla radio<\/h2>\n<audio class=\"wp-audio-shortcode\" id=\"audio-409109-5\" preload=\"none\" style=\"width: 100%;\" controls=\"controls\"><source type=\"audio\/mpeg\" src=\"https:\/\/www.radiopiu.net\/wordpress\/wp-content\/uploads\/2024\/09\/giornale07-7.mp3?_=5\" \/><a href=\"https:\/\/www.radiopiu.net\/wordpress\/wp-content\/uploads\/2024\/09\/giornale07-7.mp3\">https:\/\/www.radiopiu.net\/wordpress\/wp-content\/uploads\/2024\/09\/giornale07-7.mp3<\/a><\/audio>\n<p>&nbsp;<\/p>\n<p>&nbsp;<\/p>\n<hr \/>\n<p>&nbsp;<\/p>\n<p>&nbsp;<\/p>\n<h1><span style=\"color: #ff0000;\">I podcast informativi del mattino &#8211; video &#8211;\u00a0<\/span><\/h1>\n<h2><strong><a class=\"dt-pswp-item\" href=\"https:\/\/www.radiopiu.net\/wordpress\/wp-content\/uploads\/2023\/12\/th-10.jpg\" data-dt-img-description=\"\" data-large_image_width=\"245\" data-large_image_height=\"180\"><img loading=\"lazy\" decoding=\"async\" class=\" wp-image-367395 alignleft\" src=\"https:\/\/www.radiopiu.net\/wordpress\/wp-content\/uploads\/2023\/12\/th-10.jpg\" alt=\"\" width=\"166\" height=\"122\" \/><\/a>RASSEGNA STAMPA LOCALE, ORE OTTO 05<\/strong><\/h2>\n<h2><strong> <span style=\"color: #0000ff;\">viene\u00a0 <\/span><\/strong><strong><span style=\"color: #0000ff;\">pubblicata alle 8.05 <span style=\"color: #ff0000;\">DIRETTA RADIO\u00a0\u00a0<\/span><\/span><\/strong><\/h2>\n<p><strong>DI MIRKO MEZZACASA\u00a0 \u00a0<\/strong><button class=\"rounded-lg text-token-text-secondary hover:bg-token-main-surface-secondary\"><\/button><\/p>\n<p><strong>OGGI SUL Corriere delle Alpi E NOTIZIARI DI Radio Pi\u00f9\u00a0<\/strong><\/p>\n<p>&nbsp;<\/p>\n<p>&nbsp;<\/p>\n<h2><span style=\"color: #ff0000;\"><strong>VIDEO\u00a0 \u00a0in diretta dalle 8 del mattino\u00a0<\/strong><\/span><\/h2>\n<p><a class=\"dt-pswp-item\" href=\"https:\/\/www.radiopiu.net\/wordpress\/wp-content\/uploads\/2024\/09\/COOP2.png\" data-dt-img-description=\"\" data-large_image_width=\"490\" data-large_image_height=\"248\">\u00a0<\/a><\/p>\n<p><iframe loading=\"lazy\" title=\"DAL 1983 LA RASSEGNA STAMPA LOCALE di mirko mezzacasa. L&#039;ORIGINALE\" width=\"1200\" height=\"675\" src=\"https:\/\/www.youtube.com\/embed\/6Xng6cP7ZAc?feature=oembed\" frameborder=\"0\" allow=\"accelerometer; autoplay; clipboard-write; encrypted-media; gyroscope; picture-in-picture; web-share\" referrerpolicy=\"strict-origin-when-cross-origin\" allowfullscreen><\/iframe><\/p>\n<p>&nbsp;<\/p>\n<hr \/>\n<p>&nbsp;<\/p>\n<p>&nbsp;<\/p>\n<p><strong><a class=\"dt-pswp-item\" href=\"https:\/\/www.radiopiu.net\/wordpress\/wp-content\/uploads\/2023\/12\/ANTENNA.png\" data-dt-img-description=\"\" data-large_image_width=\"300\" data-large_image_height=\"166\"><img loading=\"lazy\" decoding=\"async\" class=\" wp-image-366306 alignleft\" src=\"https:\/\/www.radiopiu.net\/wordpress\/wp-content\/uploads\/2023\/12\/ANTENNA.png\" alt=\"\" width=\"175\" height=\"97\" \/><\/a>IERI SERA, DAL TG DI ANTENNA 3, ogni sera alle 19 le anticipazioni alla radio, quello che poi seguirete nel TELEGIORNALE BELLUNESE\u00a0 in onda alle 19.30 sul CANALE 10 del digitale terrestre.\u00a0\u00a0<\/strong><\/p>\n<p>&nbsp;<\/p>\n<p><span style=\"color: #ff0000;\"><strong>\u00a0IERI SERA ALLA RADIO&#8230; LE ANTICIPAZIONI DI\u00a0 \u00a0TIZIANA BOLOGNANI<\/strong><\/span><\/p>\n<audio class=\"wp-audio-shortcode\" id=\"audio-409109-6\" preload=\"none\" style=\"width: 100%;\" controls=\"controls\"><source type=\"audio\/mpeg\" src=\"https:\/\/www.radiopiu.net\/wordpress\/wp-content\/uploads\/2024\/09\/ANTENNA3-8.mp3?_=6\" \/><a href=\"https:\/\/www.radiopiu.net\/wordpress\/wp-content\/uploads\/2024\/09\/ANTENNA3-8.mp3\">https:\/\/www.radiopiu.net\/wordpress\/wp-content\/uploads\/2024\/09\/ANTENNA3-8.mp3<\/a><\/audio>\n<p>&nbsp;<\/p>\n<p>&nbsp;<\/p>\n<p>&nbsp;<\/p>\n<hr \/>\n<p>&nbsp;<\/p>\n<p>&nbsp;<\/p>\n<div lang=\"x-unicode\">\n<hr \/>\n<\/div>\n<blockquote>\n<h2 lang=\"x-unicode\"><\/h2>\n<h2 lang=\"x-unicode\"><a href=\"https:\/\/www.radiopiu.net\/wordpress\/wp-content\/uploads\/2024\/09\/eac21efc-d866-4713-a1b5-385c1d26c41d-1.webp\"><img loading=\"lazy\" decoding=\"async\" class=\" wp-image-409237 alignleft\" src=\"https:\/\/www.radiopiu.net\/wordpress\/wp-content\/uploads\/2024\/09\/eac21efc-d866-4713-a1b5-385c1d26c41d-1.webp\" alt=\"\" width=\"192\" height=\"108\" \/><\/a>IL PUNTO NERO DELLA 203 AGORDINA, PONTE MISSIAGA<\/h2>\n<p>A poche settimane dal grave incidente sul ponte della Missiaga tra un camion e due auto, ieri la replica alle 12.40, un altro incidente che poteva avere conseguenze ben pi\u00f9 gravi tra una Punto Blu e un Autoarticolato Sts. Un punto nero, all&#8217;uscita della tangenziale che necessita soluzioni in considerazione dei troppi incidenti (anche mortali).<\/p><\/blockquote>\n<div lang=\"x-unicode\"><\/div>\n<p>&nbsp;<\/p>\n<p>&nbsp;<\/p>\n<p>&nbsp;<\/p>\n<hr \/>\n<p>&nbsp;<\/p>\n<div class=\"moz-text-html\" lang=\"x-unicode\"><strong>A LIVINALLONGO DEL COL DI LANA in<span style=\"color: #ff0000;\"> LOCALITA LARZONEI,<\/span> l&#8217;acqua erogata dall&#8217;acquedotto \u00e8 di nuovo potabile e pu\u00f2 essere usata, quindi, per scopi alimentari.\u00a0\u00a0<\/strong><\/div>\n<div lang=\"x-unicode\"><\/div>\n<div lang=\"x-unicode\"><strong> A RIVAMONTE AGORDINO in <span style=\"color: #ff0000;\">VIA ROSSON CIVICO N. 25 e VIA VILLAGRANDE CIVICI N. 45 e 4A<\/span> l&#8217;acqua erogata dall&#8217;acquedotto non \u00e8 potabile e pu\u00f2 essere usata per scopi alimentari SOLO PREVIA bollitura.<\/strong><\/div>\n<div lang=\"x-unicode\"><strong> VOLTAGO AGORDINO nelle localit\u00e0 <span style=\"color: #ff0000;\">CAPOLUOGO, CORONE e VIA STRUZ<\/span> l&#8217;acqua erogata dall&#8217;acquedotto non \u00e8 potabile e non pu\u00f2 essere usata per scopi alimentari. Verr\u00e0 effettuato servizio sostitutivo con cisterna c\/o Piazza della Chiesa.<\/strong><\/div>\n<div lang=\"x-unicode\"><\/div>\n<div lang=\"x-unicode\"><\/div>\n<div lang=\"x-unicode\"><\/div>\n<div lang=\"x-unicode\"><\/div>\n<div lang=\"x-unicode\"><\/div>\n<div lang=\"x-unicode\">\n<hr \/>\n<\/div>\n<div lang=\"x-unicode\"><\/div>\n<blockquote>\n<h2 lang=\"x-unicode\">CIAO CAMPIONE, TRA BOSCHI E PENDII TANTO AMATI<\/h2>\n<\/blockquote>\n<div lang=\"x-unicode\">\n<p><strong>GOSALDO<\/strong><\/p>\n<p><span style=\"color: #ff0000;\">DI GIANNI SANTOMASO<\/span><\/p>\n<audio class=\"wp-audio-shortcode\" id=\"audio-409109-7\" preload=\"none\" style=\"width: 100%;\" controls=\"controls\"><source type=\"audio\/mpeg\" src=\"https:\/\/www.radiopiu.net\/wordpress\/wp-content\/uploads\/2024\/09\/gianni-marcello.mp3?_=7\" \/><a href=\"https:\/\/www.radiopiu.net\/wordpress\/wp-content\/uploads\/2024\/09\/gianni-marcello.mp3\">https:\/\/www.radiopiu.net\/wordpress\/wp-content\/uploads\/2024\/09\/gianni-marcello.mp3<\/a><\/audio>\n<p>&nbsp;<\/p>\n<p><span style=\"color: #ff0000;\"><strong>l&#8217;intervento di Santo De\u00a0 Dorigo<\/strong><\/span><\/p>\n<audio class=\"wp-audio-shortcode\" id=\"audio-409109-8\" preload=\"none\" style=\"width: 100%;\" controls=\"controls\"><source type=\"audio\/mpeg\" src=\"https:\/\/www.radiopiu.net\/wordpress\/wp-content\/uploads\/2024\/09\/SANTO.mp3?_=8\" \/><a href=\"https:\/\/www.radiopiu.net\/wordpress\/wp-content\/uploads\/2024\/09\/SANTO.mp3\">https:\/\/www.radiopiu.net\/wordpress\/wp-content\/uploads\/2024\/09\/SANTO.mp3<\/a><\/audio>\n<p>&nbsp;<\/p>\n<p><a class=\"dt-pswp-item\" href=\"https:\/\/www.radiopiu.net\/wordpress\/wp-content\/uploads\/2024\/09\/172ac883-4197-4b56-aca5-4475dad4a46a-scaled.jpg\" data-dt-img-description=\"\" data-large_image_width=\"2560\" data-large_image_height=\"1920\"><img loading=\"lazy\" decoding=\"async\" class=\"alignnone size-medium wp-image-409208\" src=\"https:\/\/www.radiopiu.net\/wordpress\/wp-content\/uploads\/2024\/09\/172ac883-4197-4b56-aca5-4475dad4a46a-300x225.jpg\" alt=\"\" width=\"300\" height=\"225\" srcset=\"https:\/\/www.radiopiu.net\/wordpress\/wp-content\/uploads\/2024\/09\/172ac883-4197-4b56-aca5-4475dad4a46a-300x225.jpg 300w, https:\/\/www.radiopiu.net\/wordpress\/wp-content\/uploads\/2024\/09\/172ac883-4197-4b56-aca5-4475dad4a46a-1024x768.jpg 1024w, https:\/\/www.radiopiu.net\/wordpress\/wp-content\/uploads\/2024\/09\/172ac883-4197-4b56-aca5-4475dad4a46a-768x576.jpg 768w, https:\/\/www.radiopiu.net\/wordpress\/wp-content\/uploads\/2024\/09\/172ac883-4197-4b56-aca5-4475dad4a46a-1536x1152.jpg 1536w, https:\/\/www.radiopiu.net\/wordpress\/wp-content\/uploads\/2024\/09\/172ac883-4197-4b56-aca5-4475dad4a46a-2048x1536.jpg 2048w\" sizes=\"auto, (max-width: 300px) 100vw, 300px\" \/><\/a><a class=\"dt-pswp-item\" href=\"https:\/\/www.radiopiu.net\/wordpress\/wp-content\/uploads\/2024\/09\/e35699ec-51c1-408a-8187-b1940d7eaf69-scaled.jpg\" data-dt-img-description=\"\" data-large_image_width=\"2560\" data-large_image_height=\"1920\"><img loading=\"lazy\" decoding=\"async\" class=\"alignnone size-medium wp-image-409211\" src=\"https:\/\/www.radiopiu.net\/wordpress\/wp-content\/uploads\/2024\/09\/e35699ec-51c1-408a-8187-b1940d7eaf69-300x225.jpg\" alt=\"\" width=\"300\" height=\"225\" srcset=\"https:\/\/www.radiopiu.net\/wordpress\/wp-content\/uploads\/2024\/09\/e35699ec-51c1-408a-8187-b1940d7eaf69-300x225.jpg 300w, https:\/\/www.radiopiu.net\/wordpress\/wp-content\/uploads\/2024\/09\/e35699ec-51c1-408a-8187-b1940d7eaf69-1024x768.jpg 1024w, https:\/\/www.radiopiu.net\/wordpress\/wp-content\/uploads\/2024\/09\/e35699ec-51c1-408a-8187-b1940d7eaf69-768x576.jpg 768w, https:\/\/www.radiopiu.net\/wordpress\/wp-content\/uploads\/2024\/09\/e35699ec-51c1-408a-8187-b1940d7eaf69-1536x1152.jpg 1536w, https:\/\/www.radiopiu.net\/wordpress\/wp-content\/uploads\/2024\/09\/e35699ec-51c1-408a-8187-b1940d7eaf69-2048x1536.jpg 2048w\" sizes=\"auto, (max-width: 300px) 100vw, 300px\" \/><\/a><a class=\"dt-pswp-item\" href=\"https:\/\/www.radiopiu.net\/wordpress\/wp-content\/uploads\/2024\/09\/eadc48d0-b91d-417d-a8b6-e69a51f827e0-scaled.jpg\" data-dt-img-description=\"\" data-large_image_width=\"1920\" data-large_image_height=\"2560\"><img loading=\"lazy\" decoding=\"async\" class=\"alignnone wp-image-409212\" src=\"https:\/\/www.radiopiu.net\/wordpress\/wp-content\/uploads\/2024\/09\/eadc48d0-b91d-417d-a8b6-e69a51f827e0-225x300.jpg\" alt=\"\" width=\"168\" height=\"224\" srcset=\"https:\/\/www.radiopiu.net\/wordpress\/wp-content\/uploads\/2024\/09\/eadc48d0-b91d-417d-a8b6-e69a51f827e0-225x300.jpg 225w, https:\/\/www.radiopiu.net\/wordpress\/wp-content\/uploads\/2024\/09\/eadc48d0-b91d-417d-a8b6-e69a51f827e0-768x1024.jpg 768w, https:\/\/www.radiopiu.net\/wordpress\/wp-content\/uploads\/2024\/09\/eadc48d0-b91d-417d-a8b6-e69a51f827e0-1152x1536.jpg 1152w, https:\/\/www.radiopiu.net\/wordpress\/wp-content\/uploads\/2024\/09\/eadc48d0-b91d-417d-a8b6-e69a51f827e0-1536x2048.jpg 1536w, https:\/\/www.radiopiu.net\/wordpress\/wp-content\/uploads\/2024\/09\/eadc48d0-b91d-417d-a8b6-e69a51f827e0-scaled.jpg 1920w\" sizes=\"auto, (max-width: 168px) 100vw, 168px\" \/><\/a><a class=\"dt-pswp-item\" href=\"https:\/\/www.radiopiu.net\/wordpress\/wp-content\/uploads\/2024\/09\/e89abd30-1ef6-4f0f-8189-3516c77fbf7d-scaled.jpg\" data-dt-img-description=\"\" data-large_image_width=\"2560\" data-large_image_height=\"1920\"><img loading=\"lazy\" decoding=\"async\" class=\"alignnone size-medium wp-image-409210\" src=\"https:\/\/www.radiopiu.net\/wordpress\/wp-content\/uploads\/2024\/09\/e89abd30-1ef6-4f0f-8189-3516c77fbf7d-300x225.jpg\" alt=\"\" width=\"300\" height=\"225\" srcset=\"https:\/\/www.radiopiu.net\/wordpress\/wp-content\/uploads\/2024\/09\/e89abd30-1ef6-4f0f-8189-3516c77fbf7d-300x225.jpg 300w, https:\/\/www.radiopiu.net\/wordpress\/wp-content\/uploads\/2024\/09\/e89abd30-1ef6-4f0f-8189-3516c77fbf7d-1024x768.jpg 1024w, https:\/\/www.radiopiu.net\/wordpress\/wp-content\/uploads\/2024\/09\/e89abd30-1ef6-4f0f-8189-3516c77fbf7d-768x576.jpg 768w, https:\/\/www.radiopiu.net\/wordpress\/wp-content\/uploads\/2024\/09\/e89abd30-1ef6-4f0f-8189-3516c77fbf7d-1536x1152.jpg 1536w, https:\/\/www.radiopiu.net\/wordpress\/wp-content\/uploads\/2024\/09\/e89abd30-1ef6-4f0f-8189-3516c77fbf7d-2048x1536.jpg 2048w\" sizes=\"auto, (max-width: 300px) 100vw, 300px\" \/><\/a><a class=\"dt-pswp-item\" href=\"https:\/\/www.radiopiu.net\/wordpress\/wp-content\/uploads\/2024\/09\/1c9856a3-7190-4e41-bc72-983d160dd511.jpg\" data-dt-img-description=\"\" data-large_image_width=\"1600\" data-large_image_height=\"1200\"><img loading=\"lazy\" decoding=\"async\" class=\"alignnone size-medium wp-image-409213\" src=\"https:\/\/www.radiopiu.net\/wordpress\/wp-content\/uploads\/2024\/09\/1c9856a3-7190-4e41-bc72-983d160dd511-300x225.jpg\" alt=\"\" width=\"300\" height=\"225\" srcset=\"https:\/\/www.radiopiu.net\/wordpress\/wp-content\/uploads\/2024\/09\/1c9856a3-7190-4e41-bc72-983d160dd511-300x225.jpg 300w, https:\/\/www.radiopiu.net\/wordpress\/wp-content\/uploads\/2024\/09\/1c9856a3-7190-4e41-bc72-983d160dd511-1024x768.jpg 1024w, https:\/\/www.radiopiu.net\/wordpress\/wp-content\/uploads\/2024\/09\/1c9856a3-7190-4e41-bc72-983d160dd511-768x576.jpg 768w, https:\/\/www.radiopiu.net\/wordpress\/wp-content\/uploads\/2024\/09\/1c9856a3-7190-4e41-bc72-983d160dd511-1536x1152.jpg 1536w, https:\/\/www.radiopiu.net\/wordpress\/wp-content\/uploads\/2024\/09\/1c9856a3-7190-4e41-bc72-983d160dd511.jpg 1600w\" sizes=\"auto, (max-width: 300px) 100vw, 300px\" \/><\/a><\/p>\n<p>&nbsp;<\/p>\n<\/div>\n<div lang=\"x-unicode\"><\/div>\n<hr \/>\n<p>&nbsp;<\/p>\n<blockquote>\n<h2><strong> <a class=\"dt-pswp-item\" href=\"https:\/\/www.radiopiu.net\/wordpress\/wp-content\/uploads\/2024\/09\/15a7e90d-fbe2-4808-897a-da392c827e1d-scaled.jpg\" data-dt-img-description=\"\" data-large_image_width=\"2560\" data-large_image_height=\"1920\"><img loading=\"lazy\" decoding=\"async\" class=\"size-medium wp-image-409160 alignleft\" src=\"https:\/\/www.radiopiu.net\/wordpress\/wp-content\/uploads\/2024\/09\/15a7e90d-fbe2-4808-897a-da392c827e1d-300x225.jpg\" alt=\"\" width=\"300\" height=\"225\" srcset=\"https:\/\/www.radiopiu.net\/wordpress\/wp-content\/uploads\/2024\/09\/15a7e90d-fbe2-4808-897a-da392c827e1d-300x225.jpg 300w, https:\/\/www.radiopiu.net\/wordpress\/wp-content\/uploads\/2024\/09\/15a7e90d-fbe2-4808-897a-da392c827e1d-1024x768.jpg 1024w, https:\/\/www.radiopiu.net\/wordpress\/wp-content\/uploads\/2024\/09\/15a7e90d-fbe2-4808-897a-da392c827e1d-768x576.jpg 768w, https:\/\/www.radiopiu.net\/wordpress\/wp-content\/uploads\/2024\/09\/15a7e90d-fbe2-4808-897a-da392c827e1d-1536x1152.jpg 1536w, https:\/\/www.radiopiu.net\/wordpress\/wp-content\/uploads\/2024\/09\/15a7e90d-fbe2-4808-897a-da392c827e1d-2048x1536.jpg 2048w\" sizes=\"auto, (max-width: 300px) 100vw, 300px\" \/><\/a>Sport Business Forum: quattro giorni di sport e economia<\/strong><\/h2>\n<\/blockquote>\n<div class=\"flex max-w-full flex-col flex-grow\">\n<div class=\"min-h-[20px] text-message flex w-full flex-col items-end gap-2 whitespace-normal break-words [.text-message+&amp;]:mt-5\" dir=\"auto\" data-message-author-role=\"assistant\" data-message-id=\"c772ca4d-fcf8-406c-ab50-9b7b2ff745ec\">\n<div class=\"flex w-full flex-col gap-1 empty:hidden first:pt-[3px]\">\n<div class=\"markdown prose w-full break-words dark:prose-invert dark\">\n<p><strong>BELLUNO<\/strong> Lo Sport Business Forum, promosso da Confindustria Belluno Dolomiti e Veneto Est, ha preso il via\u00a0 nelle Dolomiti. L&#8217;evento, che durer\u00e0 fino a domenica, riunisce protagonisti dello sport italiano, aziende e politici per discutere il valore dello sport e il suo impatto economico. Tra gli argomenti trattati: sport praticato, raccontato, economia e diritti. Lo sguardo \u00e8 gi\u00e0 rivolto verso le Olimpiadi di Milano Cortina 2026, con la Regione Veneto protagonista come \u201cregione europea dello sport 2024\u201d.<\/p>\n<p><strong>DI DANIELE DALVIT<\/strong><\/p>\n<audio class=\"wp-audio-shortcode\" id=\"audio-409109-9\" preload=\"none\" style=\"width: 100%;\" controls=\"controls\"><source type=\"audio\/mpeg\" src=\"https:\/\/www.radiopiu.net\/wordpress\/wp-content\/uploads\/2024\/09\/Servizio-Inaugurazione-Sport-Business-Forum-Longarone.mp3?_=9\" \/><a href=\"https:\/\/www.radiopiu.net\/wordpress\/wp-content\/uploads\/2024\/09\/Servizio-Inaugurazione-Sport-Business-Forum-Longarone.mp3\">https:\/\/www.radiopiu.net\/wordpress\/wp-content\/uploads\/2024\/09\/Servizio-Inaugurazione-Sport-Business-Forum-Longarone.mp3<\/a><\/audio>\n<p>&nbsp;<\/p>\n<\/div>\n<\/div>\n<\/div>\n<\/div>\n<p>&nbsp;<\/p>\n<hr \/>\n<blockquote>\n<h2 class=\"titolonews\"><\/h2>\n<h2 class=\"titolonews\"><a class=\"dt-pswp-item\" href=\"https:\/\/www.radiopiu.net\/wordpress\/wp-content\/uploads\/2024\/09\/th-3.jpg\" data-dt-img-description=\"\" data-large_image_width=\"270\" data-large_image_height=\"180\"><img loading=\"lazy\" decoding=\"async\" class=\" wp-image-409158 alignleft\" src=\"https:\/\/www.radiopiu.net\/wordpress\/wp-content\/uploads\/2024\/09\/th-3.jpg\" alt=\"\" width=\"170\" height=\"113\" \/><\/a>Sport Business Forum. A Longarone il secondo appuntamento e l\u2019inaugurazione della mostra dedicata a Tonino Zampieri.<\/h2>\n<\/blockquote>\n<p>\u00e8 stata inaugurata la mostra \u201cScie di gloria: l\u2019eredit\u00e0 di Tonino Zampieri\u201d realizzata dal Circolo Cultura e Stampa Bellunese col supporto di Regione del Veneto, Veneto Agricolutura, Longarone Fiere Dolomiti, Camera di Commercio di Treviso e Belluno. Si tratta di una\u00a0 selezione di sci e attrezzatura sportiva invernale del \u2018900, un viaggio attraverso l\u2019evoluzione nella tecnologia di costruzione e dei materiali per lo sci alpino, lo sci nordico, lo scialpinismo, lo sci militare.<\/p>\n<p>&nbsp;<\/p>\n<hr \/>\n<p>&nbsp;<\/p>\n<blockquote><p><strong><a class=\"dt-pswp-item\" href=\"https:\/\/www.radiopiu.net\/wordpress\/wp-content\/uploads\/2021\/09\/CAMANI-scaled.jpg\" data-dt-img-description=\"\" data-large_image_width=\"2560\" data-large_image_height=\"1707\"><img loading=\"lazy\" decoding=\"async\" class=\"wp-image-233251 alignleft\" src=\"https:\/\/www.radiopiu.net\/wordpress\/wp-content\/uploads\/2021\/09\/CAMANI-300x200.jpg\" alt=\"\" width=\"163\" height=\"108\" srcset=\"https:\/\/www.radiopiu.net\/wordpress\/wp-content\/uploads\/2021\/09\/CAMANI-300x200.jpg 300w, https:\/\/www.radiopiu.net\/wordpress\/wp-content\/uploads\/2021\/09\/CAMANI-1024x683.jpg 1024w, https:\/\/www.radiopiu.net\/wordpress\/wp-content\/uploads\/2021\/09\/CAMANI-768x512.jpg 768w, https:\/\/www.radiopiu.net\/wordpress\/wp-content\/uploads\/2021\/09\/CAMANI-1536x1024.jpg 1536w, https:\/\/www.radiopiu.net\/wordpress\/wp-content\/uploads\/2021\/09\/CAMANI-2048x1365.jpg 2048w\" sizes=\"auto, (max-width: 163px) 100vw, 163px\" \/><\/a>Vanoi, Camani (Pd): Regione prenda posizione chiara sulla diga<\/strong><\/p><\/blockquote>\n<div class=\"flex max-w-full flex-col flex-grow\">\n<div class=\"min-h-[20px] text-message flex w-full flex-col items-end gap-2 whitespace-normal break-words [.text-message+&amp;]:mt-5\" dir=\"auto\" data-message-author-role=\"assistant\" data-message-id=\"39872d27-ab25-473b-9a69-24fac86aed38\">\n<div class=\"flex w-full flex-col gap-1 empty:hidden first:pt-[3px]\">\n<div class=\"markdown prose w-full break-words dark:prose-invert dark\">\n<p>Vanessa Camani (Pd) ha presentato una mozione al Consiglio regionale chiedendo di esprimere un parere contrario alla diga del Vanoi. Solleva preoccupazioni sull&#8217;impatto ambientale e chiede una decisione chiara e ufficiale dalla Regione<em> &#8220;A maggior ragione &#8211; dice Vanessa Camani &#8211; dopo le dichiarazioni di queste ore del presidente Zaia \u00e8 fondamentale fissare per via ufficiale, nero su bianco, una posizione di contrariet\u00e0 da parte della Regione. Tenendo conto delle posizioni chiarissime espresse dai territori dalla provincia di Belluno e soprattutto dalla provincia di Trento, oltre che delle pesanti ombre sul profilo tecnico che ormai appaiono acclarate. Si arrivi dunque ad una posizione netta dall&#8217;istituzione regionale: l&#8217;occasione \u00e8 sul tavolo&#8221;.<\/em><\/p>\n<\/div>\n<\/div>\n<\/div>\n<\/div>\n<div class=\"mt-1 flex gap-3 empty:hidden -ml-2\">\n<div class=\"items-center justify-start rounded-xl p-1 flex\">\n<div class=\"flex items-center\">\n<div class=\"flex items-center pb-0\"><\/div>\n<\/div>\n<\/div>\n<\/div>\n<hr \/>\n<p>&nbsp;<\/p>\n<blockquote><p><strong><a class=\"dt-pswp-item\" href=\"https:\/\/www.radiopiu.net\/wordpress\/wp-content\/uploads\/2023\/03\/cartellone-unesco.jpg\" data-dt-img-description=\"\" data-large_image_width=\"1254\" data-large_image_height=\"2048\"><img loading=\"lazy\" decoding=\"async\" class=\"wp-image-326432 alignleft\" src=\"https:\/\/www.radiopiu.net\/wordpress\/wp-content\/uploads\/2023\/03\/cartellone-unesco-184x300.jpg\" alt=\"\" width=\"105\" height=\"171\" srcset=\"https:\/\/www.radiopiu.net\/wordpress\/wp-content\/uploads\/2023\/03\/cartellone-unesco-184x300.jpg 184w, https:\/\/www.radiopiu.net\/wordpress\/wp-content\/uploads\/2023\/03\/cartellone-unesco-627x1024.jpg 627w, https:\/\/www.radiopiu.net\/wordpress\/wp-content\/uploads\/2023\/03\/cartellone-unesco-768x1254.jpg 768w, https:\/\/www.radiopiu.net\/wordpress\/wp-content\/uploads\/2023\/03\/cartellone-unesco-941x1536.jpg 941w, https:\/\/www.radiopiu.net\/wordpress\/wp-content\/uploads\/2023\/03\/cartellone-unesco.jpg 1254w\" sizes=\"auto, (max-width: 105px) 100vw, 105px\" \/><\/a>Il riconoscimento UNESCO delle Dolomiti: impegno continuo<\/strong><\/p><\/blockquote>\n<p><strong>BELLUNO <\/strong>Il vice presidente della Fondazione Dolomiti UNESCO, Roberto Padrin, sottolinea che il riconoscimento UNESCO non \u00e8 un punto di arrivo ma uno stimolo costante per tutelare e promuovere le Dolomiti. Apprezza la recente lettera del Cai Bellunese, che ribadisce l&#8217;importanza del riconoscimento e la collaborazione con la Fondazione. Il Cai, con la sua esperienza in montagna, offre piena disponibilit\u00e0 a lavorare insieme su progetti di conservazione e promozione. Padrin evidenzia l&#8217;importanza della collaborazione per sostenere le Dolomiti e le comunit\u00e0 locali<\/p>\n<div class=\"mt-1 flex gap-3 empty:hidden -ml-2\">\n<div class=\"items-center justify-start rounded-xl p-1 flex\">\n<div class=\"flex items-center\">\n<div class=\"flex items-center pb-0\"><\/div>\n<div><\/div>\n<div>\n<hr \/>\n<\/div>\n<div>\n<blockquote><p><strong><a class=\"dt-pswp-item\" href=\"https:\/\/www.radiopiu.net\/wordpress\/wp-content\/uploads\/2023\/11\/ADDAMIANO.png\" data-dt-img-description=\"\" data-large_image_width=\"277\" data-large_image_height=\"187\"><img loading=\"lazy\" decoding=\"async\" class=\"wp-image-362591 alignleft\" src=\"https:\/\/www.radiopiu.net\/wordpress\/wp-content\/uploads\/2023\/11\/ADDAMIANO.png\" alt=\"\" width=\"156\" height=\"105\" \/><\/a>Educazione civica nelle scuole: terza edizione in arrivo<\/strong><\/p><\/blockquote>\n<p><strong>BELLUNO<\/strong> La terza edizione del progetto di educazione civica, organizzata dall&#8217;assessore alla sicurezza Raffaele Addamiano (foto) e dall&#8217;assessore alle politiche scolastiche Roberta Olivotto, partir\u00e0 nell&#8217;anno scolastico 2024\/2025. Coinvolger\u00e0 studenti delle scuole medie e superiori, trattando temi come cyberbullismo, violenza di genere e droga. Con la partecipazione delle Forze dell\u2019Ordine, l&#8217;iniziativa mira a promuovere responsabilit\u00e0 sociale e consapevolezza dei diritti e doveri. Gi\u00e0 nelle precedenti edizioni, oltre 400 studenti hanno partecipato, dimostrando grande interesse verso i temi trattati.<\/p>\n<\/div>\n<div><\/div>\n<div><\/div>\n<div>\n<hr \/>\n<\/div>\n<blockquote>\n<h3>GDF BELLUNO: SVELAMENTO E INAUGURAZIONE DELLA TARGA IN MEMORIA DEL<br \/>\nFINANZIERE \u201cTERRA\u201d LUIGI DE ZORZI, CROCE DI GUERRA AL VALOR MILITARE<\/h3>\n<\/blockquote>\n<div><strong><a class=\"dt-pswp-item\" href=\"https:\/\/www.radiopiu.net\/wordpress\/wp-content\/uploads\/2024\/09\/12092024_050835_DE-ZORZI_4.jpg\" data-dt-img-description=\"\" data-large_image_width=\"1920\" data-large_image_height=\"1280\"><img loading=\"lazy\" decoding=\"async\" class=\"size-medium wp-image-409197 alignleft\" src=\"https:\/\/www.radiopiu.net\/wordpress\/wp-content\/uploads\/2024\/09\/12092024_050835_DE-ZORZI_4-300x200.jpg\" alt=\"\" width=\"300\" height=\"200\" srcset=\"https:\/\/www.radiopiu.net\/wordpress\/wp-content\/uploads\/2024\/09\/12092024_050835_DE-ZORZI_4-300x200.jpg 300w, https:\/\/www.radiopiu.net\/wordpress\/wp-content\/uploads\/2024\/09\/12092024_050835_DE-ZORZI_4-1024x683.jpg 1024w, https:\/\/www.radiopiu.net\/wordpress\/wp-content\/uploads\/2024\/09\/12092024_050835_DE-ZORZI_4-768x512.jpg 768w, https:\/\/www.radiopiu.net\/wordpress\/wp-content\/uploads\/2024\/09\/12092024_050835_DE-ZORZI_4-1536x1024.jpg 1536w, https:\/\/www.radiopiu.net\/wordpress\/wp-content\/uploads\/2024\/09\/12092024_050835_DE-ZORZI_4.jpg 1920w\" sizes=\"auto, (max-width: 300px) 100vw, 300px\" \/><\/a>BELLUNO<\/strong> A Fonzaso, in piazza 1\u00b0 Novembre, \u00a0si \u00e8 svolta la cerimonia di svelamento ed inaugurazione della targa in memoria del<br \/>\nFinanziere \u201cterra\u201d Luigi DE ZORZI, nato a Fonzaso il 23 agosto 1911 e caduto a Berane (Montenegro) il 17 luglio 1941, durante il secondo conflitto mondiale. Il graduato, durante un&#8217;aggressione da parte di bande ribelli ad un distaccamento della Regia Guardia<br \/>\n<a class=\"dt-pswp-item\" href=\"https:\/\/www.radiopiu.net\/wordpress\/wp-content\/uploads\/2024\/09\/12092024_050810_DE-ZORZI_2.jpg\" data-dt-img-description=\"\" data-large_image_width=\"1920\" data-large_image_height=\"1399\"><img loading=\"lazy\" decoding=\"async\" class=\"size-medium wp-image-409198 alignright\" src=\"https:\/\/www.radiopiu.net\/wordpress\/wp-content\/uploads\/2024\/09\/12092024_050810_DE-ZORZI_2-300x219.jpg\" alt=\"\" width=\"300\" height=\"219\" srcset=\"https:\/\/www.radiopiu.net\/wordpress\/wp-content\/uploads\/2024\/09\/12092024_050810_DE-ZORZI_2-300x219.jpg 300w, https:\/\/www.radiopiu.net\/wordpress\/wp-content\/uploads\/2024\/09\/12092024_050810_DE-ZORZI_2-1024x746.jpg 1024w, https:\/\/www.radiopiu.net\/wordpress\/wp-content\/uploads\/2024\/09\/12092024_050810_DE-ZORZI_2-768x560.jpg 768w, https:\/\/www.radiopiu.net\/wordpress\/wp-content\/uploads\/2024\/09\/12092024_050810_DE-ZORZI_2-1536x1119.jpg 1536w, https:\/\/www.radiopiu.net\/wordpress\/wp-content\/uploads\/2024\/09\/12092024_050810_DE-ZORZI_2.jpg 1920w\" sizes=\"auto, (max-width: 300px) 100vw, 300px\" \/><\/a>di Finanza, mentre incurante di ogni pericolo, pi\u00f9 si esponeva per meglio reagire all&#8217;offesa dell&#8217;aggressore, rimaneva mortalmente ferito, immolando alla Patria la sua giovane esistenza (all\u2019epoca non aveva neppure 30 anni).\u00a0 Alla cerimonia hanno preso parte le massime Autorit\u00e0 civili e religiose locali, nonch\u00e9, quale massima Autorit\u00e0 Militare, il Gen.D. Riccardo RAPANOTTI, Comandante Regionale Veneto della Guardia di Finanza, accompagnato dal Col. Dario GUARINO, Comandante Provinciale del Corpo. Madrina dell\u2019evento \u00e8 stata la sig.ra Viviana GIACOMIN, accompagnata dal sig. Ferruccio GIACOMIN, nipoti del defunto militare decorato. Nel suo accorato discorso, il Sindaco di Fonzaso, dott. Christian PASA, ha sottolineato il legame che unisce Fonzaso alla Guardia di Finanza, testimoniato, tra l\u2019altro, proprio dall\u2019intitolazione al DE ZORZI della caserma sede del Comando Provinciale di Belluno. L\u2019intervento del Comandante Regionale Veneto della Guardia di Finanza, Gen.D. Riccardo RAPANOTTI, ha evidenziato la significativit\u00e0 dell\u2019evento, rientrante nell\u2019ambito delle iniziative locali tese a promuovere il 250\u00b0 Anniversario della Fondazione del Corpo della Guardia di Finanza, anche<br \/>\nattraverso il ricordo di gesta di rilievo che hanno visto coinvolti, come in questo caso, gli appartenenti alla Guardia di Finanza, in quanto originari del territorio provinciale.<\/div>\n<div><\/div>\n<div>\n<hr \/>\n<\/div>\n<div><\/div>\n<blockquote>\n<h2>Richiesta di chiarimenti sull\u2019assegnazione dell\u2019insegnante di sostegno<\/h2>\n<\/blockquote>\n<\/div>\n<div>\n<p>Il Preside dell&#8217;Istituto Renier di Belluno, la nostra redazione per consocenza, hanno ricevuto la lettera dei genitori di Giulia, studentessa con disabilit\u00e0 grave, e si chiedono quali siano i criteri di assegnazione dell&#8217;insegnante di sostegno. L\u2019anno scorso, la professoressa Orzes ha fornito un supporto eccezionale, ma ora Giulia dovr\u00e0 ripartire con un nuovo docente, ignorando la sua fragilit\u00e0.<\/p>\n<p>LA LETTERA<\/p>\n<p><img loading=\"lazy\" decoding=\"async\" class=\"alignleft\" src=\"https:\/\/www.radiopiu.net\/wordpress\/wp-content\/uploads\/2024\/09\/teacher-3765909_640.jpg\" width=\"288\" height=\"192\" \/>Siamo i genitori di Giulia Colombo, studente al quarto anno del Liceo Scienze Umane di Belluno, alla quale \u00e8 stata diagnosticata una disabilit\u00e0 grave da alcuni anni. Le scrivo per comprendere quali siano le logiche di assegnazione dell\u2019insegnante di sostegno.<br \/>\nL\u2019anno scolastico 2023\/24 Giulia \u00e8 stata aiutata dalla professoressa Orzes, alla quale siamo estremamente riconoscenti per il lavoro altamente professionale e umano svolto. Non mi voglio dilungare in tutto quello che \u00e8 stato il percorso di mia figlia nella vita e nella scuola ma dicendo che in questo lungo percorso la professoressa \u00e8 arrivata come uno dei pochi fari nel buio della tempesta renda l\u2019idea . Vorrei sottolineare anche il fatto che la professoressa con Giulia \u00e8 stata molto esigente e, proprio anche per questo motivo, a fine anno abbiamo chiesto la sua conferma per accompagnare nostra figlia fino alla conclusione del percorso scolastico. Ora dopo 11 anni di scuola, succede la stessa cosa degli anni precedenti e forse anche peggio: Giulia deve cominciare da capo con un nuovo insegnante di sostegno . Non si tiene conto della fragilit\u00e0 di una ragazza a questa et\u00e0, ne tantomeno di quelle di una ragazza \u201cspeciale\u201d come lei. Noi genitori siamo stanchi di combattere con queste fredde scelte effettuate senza tener conto dell\u2019essere umano studente, dell\u2019insegnante e dei genitori. \u00c8 una lotta assurda che non finisce mai e che pare non interessi a nessuno. Ora chiedo a Lei di interessarsi di tutto ci\u00f2, lo chiedo ai Signori Ministri che leggono per conoscenza e anche a tutti coloro che come noi non sanno pi\u00f9 cosa fare per cambiare le cose.<\/p>\n<p>Cordialmente<\/p>\n<p>I genitori di Giulia<\/p>\n<\/div>\n<div class=\"flex items-center\">\n<div><\/div>\n<div>\n<hr \/>\n<\/div>\n<div><\/div>\n<div>\n<blockquote><p><strong>Disagi nel trasporto pubblico scolastico: corse insufficienti e studenti a piedi<\/strong><\/p><\/blockquote>\n<p>Le corriere strapiene e corse tagliate hanno causato disagi agli studenti in varie localit\u00e0 del Bellunese. A Tai di Cadore e Belluno molti ragazzi sono rimasti a terra per mancanza di mezzi adeguati. Ad Arabba, l&#8217;eliminazione di una corsa ha costretto il Comune a organizzare un servizio taxi per garantire il trasporto degli studenti.<\/p>\n<\/div>\n<div>\n<div class=\"mt-1 flex gap-3 empty:hidden -ml-2\">\n<div class=\"items-center justify-start rounded-xl p-1 flex\">\n<div class=\"flex items-center\">\n<div class=\"flex items-center pb-0\"><\/div>\n<\/div>\n<\/div>\n<\/div>\n<\/div>\n<blockquote>\n<h3>DILLO A RADIO PIU&#8217;&#8230; 30 STUDENTI APPIEDATI A BELLUNO<\/h3>\n<\/blockquote>\n<div>\n<p><strong>Riceviamo e pubblichiamo<\/strong><\/p>\n<p><strong>1)<\/strong><\/p>\n<p>Ieri alla stazione di Belluno il pullman \u00e8 arrivato con 10 minuti di ritardo (minore dei mali). Un solo pullman per l&#8217;agordino, troppi gli studenti al punto che l&#8217;autista ha deciso a carico ultimato di chiudere le porte lasciando a piedi una trentina e pi\u00f9 di studenti. Le famiglie<img loading=\"lazy\" decoding=\"async\" class=\"alignleft\" src=\"https:\/\/www.radiopiu.net\/wordpress\/wp-content\/uploads\/2020\/06\/f662441c-c6a1-40df-8978-3ff5202173f9.jpg\" width=\"190\" height=\"142\" \/> dei \u00a0ragazzi pagano centinaia di euro per vederli poi lasciati a piedi. Mi chiedo infine quanto sia stato rischioso per l&#8217;incolumit\u00e0 dei ragazzi chiudere le porte del pullman improvvisamente, senza preavviso, durante la salita.<\/p>\n<p><strong>2)<\/strong><\/p>\n<p>Anche quest\u2019 anno sono ancora qui a scrivere. Dopo il salasso di inizio mese per fare gli abbonamenti ai miei due figli ,ancora viene offerto dalla Dolomiti bus un servizio scadente. Da due giorni, mio figlio che frequenta un istituto superiore a Belluno, non pu\u00f2 salire sulla corriera delle 12.18 che lo riporta ad Agordo perch\u00e9 il mezzo \u00e8 saturo di studenti e si vede costretto a prendere il successivo che riparte ben un ora dopo.<\/p>\n<p>&nbsp;<\/p>\n<hr \/>\n<p>&nbsp;<\/p>\n<p>LA GIUDIZIARIA OGGI, SINTESI DAL CORRIERE DELLE ALPI<br \/>\nDI GIGI SOSSO<\/p>\n<p><strong>Ritirata querela: non luogo a procedere<\/strong><\/p>\n<p>R. B. ha ritirato la querela contro V. A. accusato di minacce durante una lite a Belluno. Il giudice di pace ha emesso sentenza di non luogo a procedere, poich\u00e9 mancavano le condizioni per proseguire il processo.<\/p>\n<p><strong>Tentato furto diventa rapina:\u00a0 a giudizio<\/strong><\/p>\n<p>E. C. \u00e8 stato rinviato a giudizio per rapina e danneggiamento dopo un tentato furto in via Monte Pavione, Belluno. Il proprietario lo sorprese in casa, ma C., agendo con violenza e minacciandolo di morte, riusc\u00ec a fuggire. L\u2019episodio risale a dicembre di due anni fa. C. \u00e8 accusato anche di recidiva reiterata specifica, e il processo inizier\u00e0 a novembre. La vittima, costituita parte civile, chieder\u00e0 il risarcimento.<\/p>\n<p><strong>Accusato di maltrattamenti, prosciolto grazie a indagini difensive<\/strong><\/p>\n<p>Un uomo, accusato ingiustamente di maltrattamenti dalla moglie, \u00e8 stato prosciolto dal giudice. Gli avvocati Alberto Cilia e Carlo Vigna hanno dimostrato che la donna, affetta da problemi psichiatrici dopo il Covid-19, aveva incolpato il marito ingiustamente. Il caso \u00e8 stato archiviato.<\/p>\n<p><strong>Badante accusata di circonvenzione e percosse: chiesta l&#8217;archiviazione<\/strong><\/p>\n<p>Una badante ucraina, querelata sei volte in un mese dalla figlia di un anziano di San Vito di Cadore, \u00e8 stata accusata di circonvenzione d&#8217;incapace e percosse. Il pubblico ministero Alberto Primavera ha chiesto l&#8217;archiviazione, ma l&#8217;avvocato Valeria Marone ha presentato opposizione. Il giudice Enrica Marson si riserva di decidere se archiviare o proseguire le indagini. La badante nega le accuse, sostenendo di aver agito nell&#8217;interesse dell&#8217;anziano affetto da declino cognitivo.<\/p>\n<p>&nbsp;<\/p>\n<hr \/>\n<blockquote>\n<h3><\/h3>\n<h2>Annullamento della Cronoscalata Arabba &#8211; Passo Pordoi Bike &amp; Run prevista per il 14 settembre 2024<\/h2>\n<p><a class=\"dt-pswp-item\" href=\"https:\/\/www.radiopiu.net\/wordpress\/wp-content\/uploads\/2024\/09\/3ff1b85d-7f87-41a8-932d-d94aeed4f4d3.jpg\" data-dt-img-description=\"\" data-large_image_width=\"2048\" data-large_image_height=\"1536\"><img loading=\"lazy\" decoding=\"async\" class=\" wp-image-409204 alignleft\" src=\"https:\/\/www.radiopiu.net\/wordpress\/wp-content\/uploads\/2024\/09\/3ff1b85d-7f87-41a8-932d-d94aeed4f4d3-300x225.jpg\" alt=\"\" width=\"213\" height=\"160\" srcset=\"https:\/\/www.radiopiu.net\/wordpress\/wp-content\/uploads\/2024\/09\/3ff1b85d-7f87-41a8-932d-d94aeed4f4d3-300x225.jpg 300w, https:\/\/www.radiopiu.net\/wordpress\/wp-content\/uploads\/2024\/09\/3ff1b85d-7f87-41a8-932d-d94aeed4f4d3-1024x768.jpg 1024w, https:\/\/www.radiopiu.net\/wordpress\/wp-content\/uploads\/2024\/09\/3ff1b85d-7f87-41a8-932d-d94aeed4f4d3-768x576.jpg 768w, https:\/\/www.radiopiu.net\/wordpress\/wp-content\/uploads\/2024\/09\/3ff1b85d-7f87-41a8-932d-d94aeed4f4d3-1536x1152.jpg 1536w, https:\/\/www.radiopiu.net\/wordpress\/wp-content\/uploads\/2024\/09\/3ff1b85d-7f87-41a8-932d-d94aeed4f4d3.jpg 2048w\" sizes=\"auto, (max-width: 213px) 100vw, 213px\" \/><\/a>La Cronoscalata Arabba &#8211; Passo Pordoi Bike &amp; Run, originariamente in programma per domani, \u00e8 stata purtroppo annullata. La decisione \u00e8 dovuta alle avverse condizioni meteorologiche previste, tra cui basse temperature in quota e forti venti da nord, che metterebbero a rischio la sicurezza dei partecipanti e dei volontari. La gara, con partenza del primo concorrente prevista per le 08:00 ad Arabba, \u00e8 stata cancellata con estrema cautela per garantire il benessere di tutti gli iscritti. La sicurezza rimane la priorit\u00e0 assoluta per gli organizzatori. Da Arabba Fodom Turismo <em>&#8220;Ci scusiamo per il disagio e ringraziamo tutti per la comprensione&#8221;.\u00a0<\/em><\/p>\n<p>&nbsp;<\/p><\/blockquote>\n<hr \/>\n<p>&nbsp;<\/p>\n<blockquote>\n<h1 class=\"_title post-title entry-title\"><a class=\"dt-pswp-item\" href=\"https:\/\/www.radiopiu.net\/wordpress\/wp-content\/uploads\/2023\/12\/ANTENNA.png\" data-dt-img-description=\"\" data-large_image_width=\"300\" data-large_image_height=\"166\"><img loading=\"lazy\" decoding=\"async\" class=\"wp-image-366306 alignleft\" src=\"https:\/\/www.radiopiu.net\/wordpress\/wp-content\/uploads\/2023\/12\/ANTENNA.png\" alt=\"\" width=\"193\" height=\"107\" \/><\/a>SENZATETTO IN CITTA\u2019, BAVASSO: \u00abSONO SOLO DUE, NON E\u2019 PLAUSIBILE CHE NON SI INTERVENGA\u00bb<\/h1>\n<p>Intervistati ILENIA BAVASSO (CONSIGLIERA INSIEME PER BELLUNO BENE COMUNE) (Servizio di\u00a0<a href=\"https:\/\/antennatre.medianordest.it\/redazione\/Tiziana-Bolognani\/\">Tiziana Bolognani<\/a>)<\/p>\n<p><iframe loading=\"lazy\" title=\"SENZATETTO IN CITTA&#039;, BAVASSO: \u00abSONO SOLO DUE, NON E&#039; PLAUSIBILE CHE NON SI INTERVENGA\u00bb | 12\/09\/2024\" width=\"1200\" height=\"675\" src=\"https:\/\/www.youtube.com\/embed\/mqG5NtAwaxk?feature=oembed\" frameborder=\"0\" allow=\"accelerometer; autoplay; clipboard-write; encrypted-media; gyroscope; picture-in-picture; web-share\" referrerpolicy=\"strict-origin-when-cross-origin\" allowfullscreen><\/iframe><\/p>\n<p>&nbsp;<\/p><\/blockquote>\n<hr \/>\n<blockquote>\n<h3>ERC Starting Grant: tre progetti di eccellenza al Politecnico di Milano<\/h3>\n<\/blockquote>\n<p><a class=\"dt-pswp-item\" href=\"https:\/\/www.radiopiu.net\/wordpress\/wp-content\/uploads\/2024\/09\/stefano-moret-orrizontale.jpg\" data-dt-img-description=\"\" data-large_image_width=\"1962\" data-large_image_height=\"1962\"><img loading=\"lazy\" decoding=\"async\" class=\" wp-image-409175 alignleft\" src=\"https:\/\/www.radiopiu.net\/wordpress\/wp-content\/uploads\/2024\/09\/stefano-moret-orrizontale-300x300.jpg\" alt=\"\" width=\"197\" height=\"197\" srcset=\"https:\/\/www.radiopiu.net\/wordpress\/wp-content\/uploads\/2024\/09\/stefano-moret-orrizontale-300x300.jpg 300w, https:\/\/www.radiopiu.net\/wordpress\/wp-content\/uploads\/2024\/09\/stefano-moret-orrizontale-1024x1024.jpg 1024w, https:\/\/www.radiopiu.net\/wordpress\/wp-content\/uploads\/2024\/09\/stefano-moret-orrizontale-150x150.jpg 150w, https:\/\/www.radiopiu.net\/wordpress\/wp-content\/uploads\/2024\/09\/stefano-moret-orrizontale-768x768.jpg 768w, https:\/\/www.radiopiu.net\/wordpress\/wp-content\/uploads\/2024\/09\/stefano-moret-orrizontale-1536x1536.jpg 1536w, https:\/\/www.radiopiu.net\/wordpress\/wp-content\/uploads\/2024\/09\/stefano-moret-orrizontale.jpg 1962w\" sizes=\"auto, (max-width: 197px) 100vw, 197px\" \/><\/a>Tre ricercatori italiani, tra cui Stefano Moret, hanno vinto il prestigioso ERC (European Research Council) Starting Grant da 1,5 milioni di Euro con il Politecnico di Milano. Moret, originario di Mel e docente all&#8217;ETH di Zurigo, ha ottenuto il finanziamento per il progetto UNITES, che mira a definire un approccio innovativo per affrontare le sfide della transizione energetica. L\u2019obiettivo \u00e8 sviluppare politiche energetiche pi\u00f9 affidabili e resilienti, integrando l&#8217;incertezza nei modelli energetico-climatici. Moret ha alle spalle una carriera accademica di successo, con esperienze internazionali e pubblicazioni di rilievo. Il progetto <strong>UNITES <\/strong>mira a definire un approccio innovativo per affrontare le sfide della transizione energetica.<em> &#8220;A differenza degli approcci attuali, spiega Moret, che cercano di prevedere con precisione il futuro basandosi su previsioni incerte, spesso inesatte, riguardanti la futura domanda di energia, i prezzi dei combustibili e gli scenari climatici, UNITES mira a integrare sistematicamente l&#8217;incertezza nei modelli energetico-climatici, definendo politiche energetiche pi\u00f9 affidabili e resilienti di fronte alle incertezze future. In termini concreti, il mio obiettivo \u00e8 quello di sviluppare politiche energetiche pi\u00f9 affidabili e resilienti di fronte alle incertezze future, per portare ad una transizione energetica pi\u00f9 sicura e rapida le aziende industriali e il settore pubblico&#8221;.<\/em><\/p>\n<p>&nbsp;<\/p>\n<\/div>\n<\/div>\n<\/div>\n<\/div>\n<p>&nbsp;<\/p>\n<hr \/>\n<p>&nbsp;<\/p>\n<blockquote>\n<h3>L&#8217;ASSOCIAZIONE CUCCHINI LANCIA IL SECONDO CORSO &#8220;L&#8217;ATTENZIONE NELLA CURA&#8221;<\/h3>\n<\/blockquote>\n<p><strong><a class=\"dt-pswp-item\" href=\"https:\/\/www.radiopiu.net\/wordpress\/wp-content\/uploads\/2024\/09\/SCR-20240912-kuiy.png\" data-dt-img-description=\"\" data-large_image_width=\"1348\" data-large_image_height=\"920\"><img loading=\"lazy\" decoding=\"async\" class=\" wp-image-409149 alignleft\" src=\"https:\/\/www.radiopiu.net\/wordpress\/wp-content\/uploads\/2024\/09\/SCR-20240912-kuiy-300x205.png\" alt=\"\" width=\"181\" height=\"124\" srcset=\"https:\/\/www.radiopiu.net\/wordpress\/wp-content\/uploads\/2024\/09\/SCR-20240912-kuiy-300x205.png 300w, https:\/\/www.radiopiu.net\/wordpress\/wp-content\/uploads\/2024\/09\/SCR-20240912-kuiy-1024x699.png 1024w, https:\/\/www.radiopiu.net\/wordpress\/wp-content\/uploads\/2024\/09\/SCR-20240912-kuiy-768x524.png 768w, https:\/\/www.radiopiu.net\/wordpress\/wp-content\/uploads\/2024\/09\/SCR-20240912-kuiy.png 1348w\" sizes=\"auto, (max-width: 181px) 100vw, 181px\" \/><\/a>BELLUNO<\/strong> L&#8217;associazione Cucchini, in collaborazione con l&#8217;Unit\u00e0 Operativa di Cure Palliative dell&#8217;Ulss 1 Dolomiti, organizza la seconda edizione del corso gratuito &#8220;L&#8217;attenzione nella cura&#8221; per caregiver, badanti e assistenti familiari. Il corso, pratico e professionale, si terr\u00e0 a ottobre presso l&#8217;ospedale San Martino di Belluno, con quattro incontri pomeridiani (14-15.30). Si affronteranno temi come la cura di malati oncologici, con demenza o SLA, l&#8217;igiene, la sicurezza, la nutrizione e il supporto emotivo. Le iscrizioni sono aperte fino al 6 ottobre, segreteria@associazionecucchini.it telefono 0437 516666<\/p>\n<p>&nbsp;<\/p>\n<p>&nbsp;<\/p>\n<hr \/>\n<p>&nbsp;<\/p>\n<blockquote><p><strong><a class=\"dt-pswp-item\" href=\"https:\/\/www.radiopiu.net\/wordpress\/wp-content\/uploads\/2024\/09\/Senza-nome-19.png\" data-dt-img-description=\"\" data-large_image_width=\"754\" data-large_image_height=\"393\"><img loading=\"lazy\" decoding=\"async\" class=\" wp-image-409172 alignleft\" src=\"https:\/\/www.radiopiu.net\/wordpress\/wp-content\/uploads\/2024\/09\/Senza-nome-19-300x156.png\" alt=\"\" width=\"254\" height=\"132\" srcset=\"https:\/\/www.radiopiu.net\/wordpress\/wp-content\/uploads\/2024\/09\/Senza-nome-19-300x156.png 300w, https:\/\/www.radiopiu.net\/wordpress\/wp-content\/uploads\/2024\/09\/Senza-nome-19.png 754w\" sizes=\"auto, (max-width: 254px) 100vw, 254px\" \/><\/a>Declino cognitivo e demenze: sempre pi\u00f9 servizi in Ulss Dolomiti<\/strong><\/p><\/blockquote>\n<p>Il 21 settembre ricorre la giornata mondiale dedicata all\u2019Alzheimer. In occasione di questa giornata, il Centro per i Disturbi Cognitivi e Demenze dell\u2019Ulss Dolomiti (CDCD) fa il punto sui servizi, in fase di potenziamento, per le persone malate e le loro famiglie e propone alcune iniziative di sensibilizzazione promuovendo la consapevolezza e la comprensione dei disturbi neurocognitivi, di cui la malattia di Alzheimer rappresenta la forma pi\u00f9 frequente. In provincia di Belluno, si stima che le persone con Distrubi neuro cognitivi siano circa 3.000. Giornata mondiale dell\u2019Alzheimer,\u00a0 gioved\u00ec 19 settembre 2024 dalle 10.00 alle 12.00 \u2013 ingresso ospedale di Belluno; venerd\u00ec 20 settembre 2024 dalle 10.00 alle 12.00 \u2013 ingresso ospedale di Feltre<\/p>\n<p>&nbsp;<\/p>\n<p>&nbsp;<\/p>\n<hr \/>\n<p>&nbsp;<\/p>\n<blockquote>\n<h3>OTTIMI NUMERI PER LA MOSTRA DI CHRISTO E JEANNE-CLAUDE A LORENZAGO<\/h3>\n<\/blockquote>\n<p><strong><a class=\"dt-pswp-item\" href=\"https:\/\/www.radiopiu.net\/wordpress\/wp-content\/uploads\/2024\/09\/JDCGASFCI.png\" data-dt-img-description=\"\" data-large_image_width=\"786\" data-large_image_height=\"578\"><img loading=\"lazy\" decoding=\"async\" class=\" wp-image-409135 alignleft\" src=\"https:\/\/www.radiopiu.net\/wordpress\/wp-content\/uploads\/2024\/09\/JDCGASFCI-300x221.png\" alt=\"\" width=\"161\" height=\"118\" srcset=\"https:\/\/www.radiopiu.net\/wordpress\/wp-content\/uploads\/2024\/09\/JDCGASFCI-300x221.png 300w, https:\/\/www.radiopiu.net\/wordpress\/wp-content\/uploads\/2024\/09\/JDCGASFCI-768x565.png 768w, https:\/\/www.radiopiu.net\/wordpress\/wp-content\/uploads\/2024\/09\/JDCGASFCI.png 786w\" sizes=\"auto, (max-width: 161px) 100vw, 161px\" \/><\/a>LORENZAGO DI CADORE<\/strong> La mostra dedicata agli artisti Christo e Jeanne-Claude a Lorenzago ha attirato oltre 500 visitatori in meno di un mese. L&#8217;esposizione, gratuita e composta da foto e contributi multimediali, ha riscosso successo sia per il numero di visitatori che per i feedback positivi. Inizialmente prevista fino all&#8217;8 settembre, \u00e8 stata estesa ai weekend di settembre. Il sindaco Marco D&#8217;Ambros ha invitato chi non l&#8217;ha ancora visitata a non perdere questa occasione. Grazie al contributo di Star Venice Servizi SRL e la collaborazione con Kraft, le scuole potranno visitarla con una guida.<\/p>\n<p>&nbsp;<\/p>\n<p>&nbsp;<\/p>\n<hr \/>\n<p>&nbsp;<\/p>\n<blockquote>\n<h3><a class=\"dt-pswp-item\" href=\"https:\/\/www.radiopiu.net\/wordpress\/wp-content\/uploads\/2024\/09\/25a1868a-9db6-411c-a0d5-13aebc0e9c11.jpeg\" data-dt-img-description=\"\" data-large_image_width=\"1000\" data-large_image_height=\"1500\"><img loading=\"lazy\" decoding=\"async\" class=\" wp-image-409146 alignleft\" src=\"https:\/\/www.radiopiu.net\/wordpress\/wp-content\/uploads\/2024\/09\/25a1868a-9db6-411c-a0d5-13aebc0e9c11-200x300.jpeg\" alt=\"\" width=\"104\" height=\"156\" srcset=\"https:\/\/www.radiopiu.net\/wordpress\/wp-content\/uploads\/2024\/09\/25a1868a-9db6-411c-a0d5-13aebc0e9c11-200x300.jpeg 200w, https:\/\/www.radiopiu.net\/wordpress\/wp-content\/uploads\/2024\/09\/25a1868a-9db6-411c-a0d5-13aebc0e9c11-683x1024.jpeg 683w, https:\/\/www.radiopiu.net\/wordpress\/wp-content\/uploads\/2024\/09\/25a1868a-9db6-411c-a0d5-13aebc0e9c11-768x1152.jpeg 768w, https:\/\/www.radiopiu.net\/wordpress\/wp-content\/uploads\/2024\/09\/25a1868a-9db6-411c-a0d5-13aebc0e9c11.jpeg 1000w\" sizes=\"auto, (max-width: 104px) 100vw, 104px\" \/><\/a>SOSTENIBILITA&#8217; E GREEN ECONOMY<\/h3>\n<\/blockquote>\n<p><strong>BELLUNO<\/strong> \u00c8 aperta la Call for Ideas per la Sostenibilit\u00e0 e Green Economy nell&#8217;ambito del progetto &#8220;Dal Virtuale al Reale: I Am Here for You&#8221;, finanziato dalla DGR n. 729 del 2023. Promossa da Centro Consorzi e Fondazione Progetto Uomo, l&#8217;iniziativa invita giovani tra i 16 e i 29 anni a proporre idee innovative per un futuro sostenibile. Le idee selezionate parteciperanno a un laboratorio formativo di 40 ore con un budget di \u20ac3.500,00. Per partecipare, \u00e8 necessario inviare CV, descrizione dell&#8217;idea e altri documenti entro il 2 ottobre 2024. Partner includono l&#8217;Universit\u00e0 di Padova e Hikikomori Italia.<\/p>\n<p>&nbsp;<\/p>\n<p>&nbsp;<\/p>\n<hr \/>\n<p>&nbsp;<\/p>\n<blockquote>\n<h3><a class=\"dt-pswp-item\" href=\"https:\/\/www.radiopiu.net\/wordpress\/wp-content\/uploads\/2024\/09\/SCR-20240912-ljhf.jpeg\" data-dt-img-description=\"Screenshot\" data-large_image_width=\"988\" data-large_image_height=\"952\"><img loading=\"lazy\" decoding=\"async\" class=\"wp-image-409155 alignleft\" src=\"https:\/\/www.radiopiu.net\/wordpress\/wp-content\/uploads\/2024\/09\/SCR-20240912-ljhf-300x289.jpeg\" alt=\"\" width=\"151\" height=\"146\" srcset=\"https:\/\/www.radiopiu.net\/wordpress\/wp-content\/uploads\/2024\/09\/SCR-20240912-ljhf-300x289.jpeg 300w, https:\/\/www.radiopiu.net\/wordpress\/wp-content\/uploads\/2024\/09\/SCR-20240912-ljhf-768x740.jpeg 768w, https:\/\/www.radiopiu.net\/wordpress\/wp-content\/uploads\/2024\/09\/SCR-20240912-ljhf.jpeg 988w\" sizes=\"auto, (max-width: 151px) 100vw, 151px\" \/><\/a>1924- 2024: COME \u00c8 CAMBIATO IL RUOLO DELL\u2019OSTETRICA?<\/h3>\n<\/blockquote>\n<p><strong>BELLUNO<\/strong> L&#8217;Ostetricia e Ginecologia di Feltre organizza un convegno il 19 settembre in occasione del centenario dell&#8217;ostetrica Maria Pollacci, che ha assistito a oltre 8.000 nascite. L&#8217;evento rifletter\u00e0 sull&#8217;evoluzione del ruolo dell&#8217;ostetrica. Dopo i saluti istituzionali, Maria Pollacci condivider\u00e0 la sua esperienza di vita, seguita da un intervento storico di Antonio Ragusa, direttore della Ostetricia di Bologna, che illustrer\u00e0 i cambiamenti dal 1924 al 2024. Emanuela Busa, presidente dell&#8217;ordine interprovinciale delle ostetriche, concluder\u00e0 con un intervento sull&#8217;autonomia ostetrica nella gravidanza a basso rischio.<\/p>\n<p>&nbsp;<\/p>\n<p>&nbsp;<\/p>\n<hr \/>\n<p>&nbsp;<\/p>\n<h2><span style=\"color: #ff0000;\"><a class=\"dt-pswp-item\" href=\"https:\/\/www.radiopiu.net\/wordpress\/wp-content\/uploads\/2024\/08\/CHIESA-FALCADE.jpg\" data-dt-img-description=\"\" data-large_image_width=\"1920\" data-large_image_height=\"1080\"><img loading=\"lazy\" decoding=\"async\" class=\"wp-image-402717 alignleft\" src=\"https:\/\/www.radiopiu.net\/wordpress\/wp-content\/uploads\/2024\/08\/CHIESA-FALCADE-300x169.jpg\" alt=\"\" width=\"130\" height=\"73\" srcset=\"https:\/\/www.radiopiu.net\/wordpress\/wp-content\/uploads\/2024\/08\/CHIESA-FALCADE-300x169.jpg 300w, https:\/\/www.radiopiu.net\/wordpress\/wp-content\/uploads\/2024\/08\/CHIESA-FALCADE-1024x576.jpg 1024w, https:\/\/www.radiopiu.net\/wordpress\/wp-content\/uploads\/2024\/08\/CHIESA-FALCADE-768x432.jpg 768w, https:\/\/www.radiopiu.net\/wordpress\/wp-content\/uploads\/2024\/08\/CHIESA-FALCADE-1536x864.jpg 1536w, https:\/\/www.radiopiu.net\/wordpress\/wp-content\/uploads\/2024\/08\/CHIESA-FALCADE.jpg 1920w\" sizes=\"auto, (max-width: 130px) 100vw, 130px\" \/><\/a>CONSIGLI COMUNALI IN AGORDINO<\/span><\/h2>\n<p><strong>FALCADE<\/strong> Consiglio comunale oggi alle 20. Saranno due i punti da discutere: la convenzione con la Provincia di Belluno per l&#8217;utilizzo della struttura Polifunzionale Dolomiti da parte dell&#8217;istituto alberghiero e il riconoscimento di debiti fuori bilancio.<\/p>\n<p>&nbsp;<\/p>\n<p>&nbsp;<\/p>\n<hr \/>\n<p>&nbsp;<\/p>\n<blockquote><p><strong><a class=\"dt-pswp-item\" href=\"https:\/\/www.radiopiu.net\/wordpress\/wp-content\/uploads\/2024\/09\/th-4.jpg\" data-dt-img-description=\"\" data-large_image_width=\"269\" data-large_image_height=\"180\"><img loading=\"lazy\" decoding=\"async\" class=\"size-full wp-image-409169 alignleft\" src=\"https:\/\/www.radiopiu.net\/wordpress\/wp-content\/uploads\/2024\/09\/th-4.jpg\" alt=\"\" width=\"269\" height=\"180\" \/><\/a>Concerto del Coro Polifonico CTG<\/strong><\/p><\/blockquote>\n<p><strong>BELLUNO<\/strong> Sabato alle 21, nella chiesa \u201cSanta Maria di Loreto\u201d, il CTG Coro Polifonico, diretto dal Maestro Stefano Da Ros, chiuder\u00e0 la rassegna \u201cREstate in citt\u00e0\u201d con un concerto di musica sacra a cappella. Ingresso libero fino a esaurimento posti. Info: 0437 913191, <a rel=\"noopener\">cultura@comune.belluno.it<\/a>.<\/p>\n<p>&nbsp;<\/p>\n<p>&nbsp;<\/p>\n<p>&nbsp;<\/p>\n<p>&nbsp;<\/p>\n<hr \/>\n<p>&nbsp;<\/p>\n<blockquote>\n<h3><a class=\"dt-pswp-item\" href=\"https:\/\/www.radiopiu.net\/wordpress\/wp-content\/uploads\/2024\/09\/Lidia-Fogarolo-1.jpg\" data-dt-img-description=\"\" data-large_image_width=\"671\" data-large_image_height=\"792\"><img loading=\"lazy\" decoding=\"async\" class=\" wp-image-409139 alignleft\" src=\"https:\/\/www.radiopiu.net\/wordpress\/wp-content\/uploads\/2024\/09\/Lidia-Fogarolo-1-254x300.jpg\" alt=\"\" width=\"112\" height=\"132\" srcset=\"https:\/\/www.radiopiu.net\/wordpress\/wp-content\/uploads\/2024\/09\/Lidia-Fogarolo-1-254x300.jpg 254w, https:\/\/www.radiopiu.net\/wordpress\/wp-content\/uploads\/2024\/09\/Lidia-Fogarolo-1.jpg 671w\" sizes=\"auto, (max-width: 112px) 100vw, 112px\" \/><\/a>DOMANI LA PRESENTAZIONE DEL LIBRO DI LIDIA FOGAROLO A CANALE D&#8217;AGORDO<\/h3>\n<\/blockquote>\n<p><strong>CANALE D&#8217;AGORDO<\/strong> Lidia Fogarolo, grafologa forense, presenter\u00e0 il suo libro <em>Scrivere (nel)la storia<\/em> domani a Canale d&#8217;Agordo, nell&#8217;ambito della rassegna dedicata a papa Luciani. Il volume analizza la personalit\u00e0 di vari papi del XX secolo, tra cui Pio XII, Giovanni Paolo I (Luciani) e Francesco, attraverso lo studio delle loro grafie. La grafologia, come spiega Fogarolo, \u00e8 un test di personalit\u00e0 che considera circa 80 segni grafologici per rivelare la struttura psichica di un individuo. Durante l&#8217;incontro saranno mostrate diapositive con le grafie originali dei pontefici.<\/p>\n<p>&nbsp;<\/p>\n<p>&nbsp;<\/p>\n<p>&nbsp;<\/p>\n<p>&nbsp;<\/p>\n<hr \/>\n<p>&nbsp;<\/p>\n<blockquote>\n<h3>DOMANI E DOMENICA TORNA ORTI IN PIAZZA<\/h3>\n<\/blockquote>\n<p><strong><a class=\"dt-pswp-item\" href=\"https:\/\/www.radiopiu.net\/wordpress\/wp-content\/uploads\/2024\/09\/Visome2.jpg\" data-dt-img-description=\"\" data-large_image_width=\"800\" data-large_image_height=\"533\"><img loading=\"lazy\" decoding=\"async\" class=\" wp-image-409142 alignleft\" src=\"https:\/\/www.radiopiu.net\/wordpress\/wp-content\/uploads\/2024\/09\/Visome2-300x200.jpg\" alt=\"\" width=\"192\" height=\"128\" srcset=\"https:\/\/www.radiopiu.net\/wordpress\/wp-content\/uploads\/2024\/09\/Visome2-300x200.jpg 300w, https:\/\/www.radiopiu.net\/wordpress\/wp-content\/uploads\/2024\/09\/Visome2-768x512.jpg 768w, https:\/\/www.radiopiu.net\/wordpress\/wp-content\/uploads\/2024\/09\/Visome2.jpg 800w\" sizes=\"auto, (max-width: 192px) 100vw, 192px\" \/><\/a>BELLUNO<\/strong> La Pro Loco Pieve Castionese organizza, in stretta collaborazione con i gruppi frazionali di Visome, Madeago, San Cipriano, Caliepo, Sagrogna e Sossai, l&#8217;edizione 2024 di &#8220;Orti in Piazza&#8221;, un evento che permette di scoprire le tradizioni, la cultura e la gastronomia locale, in programma sabato 14 e domenica 15 settembre 2024. Per facilitare gli spostamenti tra le frazioni partecipanti, sar\u00e0 disponibile un servizio di navetta gratuito dalle 10:00 alle 18:00, organizzato in collaborazione con DolomitiBus. Il programma completo dell\u2019evento \u00e8 disponibile su <a href=\"http:\/\/www.castion-belluno.it\/\">www.castion-belluno.it<\/a><\/p>\n<p>&nbsp;<\/p>\n<p>&nbsp;<\/p>\n<hr \/>\n<p>&nbsp;<\/p>\n<blockquote><p><strong><a class=\"dt-pswp-item\" href=\"https:\/\/www.radiopiu.net\/wordpress\/wp-content\/uploads\/2022\/05\/ce23bb83-faf8-469a-8c9b-e0f0d6a47ce7.jpg\" data-dt-img-description=\"\" data-large_image_width=\"2048\" data-large_image_height=\"1512\"><img loading=\"lazy\" decoding=\"async\" class=\"wp-image-276345 alignleft\" src=\"https:\/\/www.radiopiu.net\/wordpress\/wp-content\/uploads\/2022\/05\/ce23bb83-faf8-469a-8c9b-e0f0d6a47ce7-300x221.jpg\" alt=\"\" width=\"134\" height=\"99\" srcset=\"https:\/\/www.radiopiu.net\/wordpress\/wp-content\/uploads\/2022\/05\/ce23bb83-faf8-469a-8c9b-e0f0d6a47ce7-300x221.jpg 300w, https:\/\/www.radiopiu.net\/wordpress\/wp-content\/uploads\/2022\/05\/ce23bb83-faf8-469a-8c9b-e0f0d6a47ce7-1024x756.jpg 1024w, https:\/\/www.radiopiu.net\/wordpress\/wp-content\/uploads\/2022\/05\/ce23bb83-faf8-469a-8c9b-e0f0d6a47ce7-768x567.jpg 768w, https:\/\/www.radiopiu.net\/wordpress\/wp-content\/uploads\/2022\/05\/ce23bb83-faf8-469a-8c9b-e0f0d6a47ce7-1536x1134.jpg 1536w, https:\/\/www.radiopiu.net\/wordpress\/wp-content\/uploads\/2022\/05\/ce23bb83-faf8-469a-8c9b-e0f0d6a47ce7.jpg 2048w\" sizes=\"auto, (max-width: 134px) 100vw, 134px\" \/><\/a>Proiezione del film sull\u2019emigrazione bellunese a Sedico<\/strong><\/p><\/blockquote>\n<p><strong>SEDICO<\/strong> Il 20 settembre alle 20.45, la Sala Conferenze del Polo Culturale di Sedico ospiter\u00e0 la proiezione gratuita di &#8220;Non andare via&#8221;, un film diretto da Giorgio Cassiadoro che racconta le storie autentiche degli emigranti bellunesi in Svizzera. L\u2019evento \u00e8 organizzato dall&#8217;Associazione Bellunesi nel Mondo. L\u2019ingresso alla proiezione \u00e8 gratuito fino ad esaurimento posti.<\/p>\n<p>&nbsp;<\/p>\n<hr \/>\n<p>&nbsp;<\/p>\n<p>&nbsp;<\/p>\n<blockquote>\n<h3><a class=\"dt-pswp-item\" href=\"https:\/\/www.radiopiu.net\/wordpress\/wp-content\/uploads\/2024\/09\/459441018_1444029149639781_6588175937352575299_n.jpg\" data-dt-img-description=\"\" data-large_image_width=\"509\" data-large_image_height=\"720\"><img loading=\"lazy\" decoding=\"async\" class=\"wp-image-409029 alignleft\" src=\"https:\/\/www.radiopiu.net\/wordpress\/wp-content\/uploads\/2024\/09\/459441018_1444029149639781_6588175937352575299_n-212x300.jpg\" alt=\"\" width=\"85\" height=\"120\" srcset=\"https:\/\/www.radiopiu.net\/wordpress\/wp-content\/uploads\/2024\/09\/459441018_1444029149639781_6588175937352575299_n-212x300.jpg 212w, https:\/\/www.radiopiu.net\/wordpress\/wp-content\/uploads\/2024\/09\/459441018_1444029149639781_6588175937352575299_n.jpg 509w\" sizes=\"auto, (max-width: 85px) 100vw, 85px\" \/><\/a>SABATO 21 A VOLTAGO I RICONOSCIMENTI<\/h3>\n<\/blockquote>\n<p><b>VOLTAGO <\/b>L&#8217;amministrazione comunale sabato 21 settembre alle 11 in sala De Col consegner\u00e0 le targhe di riconoscimento a Bruno Zanvit, 80 anni e per tanti sindaco del paese; Massimiliano Miana, Celeste Della Lucia e Maria Grazia della Lucia, per 60 anni d&#8217;attivit\u00e0 nel bar in centro a Frassen\u00e9, Candido Parissenti, commerciante da 45 anni e Laura Franceschinelli in attivit\u00e0 da 30 anni<\/p>\n<p>&nbsp;<\/p>\n<p>&nbsp;<\/p>\n<hr \/>\n<p>&nbsp;<\/p>\n<blockquote>\n<h3>ALLA SCOPERTA DEL TUO TALENTO MUSICALE. DOMENICA 22 SETEMBRE AD AGORDO<\/h3>\n<\/blockquote>\n<p><strong><a class=\"dt-pswp-item\" href=\"https:\/\/www.radiopiu.net\/wordpress\/wp-content\/uploads\/2024\/09\/5b3cac0c-a825-49b4-9fc9-d2f8b2c05990-1.jpg\" data-dt-img-description=\"\" data-large_image_width=\"940\" data-large_image_height=\"940\"><img loading=\"lazy\" decoding=\"async\" class=\" wp-image-408635 alignleft\" src=\"https:\/\/www.radiopiu.net\/wordpress\/wp-content\/uploads\/2024\/09\/5b3cac0c-a825-49b4-9fc9-d2f8b2c05990-1-300x300.jpg\" alt=\"\" width=\"107\" height=\"107\" srcset=\"https:\/\/www.radiopiu.net\/wordpress\/wp-content\/uploads\/2024\/09\/5b3cac0c-a825-49b4-9fc9-d2f8b2c05990-1-300x300.jpg 300w, https:\/\/www.radiopiu.net\/wordpress\/wp-content\/uploads\/2024\/09\/5b3cac0c-a825-49b4-9fc9-d2f8b2c05990-1-150x150.jpg 150w, https:\/\/www.radiopiu.net\/wordpress\/wp-content\/uploads\/2024\/09\/5b3cac0c-a825-49b4-9fc9-d2f8b2c05990-1-768x768.jpg 768w, https:\/\/www.radiopiu.net\/wordpress\/wp-content\/uploads\/2024\/09\/5b3cac0c-a825-49b4-9fc9-d2f8b2c05990-1.jpg 940w\" sizes=\"auto, (max-width: 107px) 100vw, 107px\" \/><\/a>AGORDO <\/strong>Domenica 22 settembre&#8230; apri il cuore alla musica! Dalle 16 alle 18, al Centro Parrocchiale Savio di Agordo (ex Casa della Giovent\u00f9), ti aspetta un pomeriggio speciale dedicato alla scoperta del tuo talento musicale! In collaborazione con l&#8217;Associazione Culturale Arte Nuova e la Nuova Didattica Musicale Accademia Gioacchino Rossini, potrai esplorare strumenti musicali e il canto in un ambiente creativo e stimolante. Che tu sia alle prime armi o semplicemente curioso, questo \u00e8 l\u2019evento perfetto per immergerti nel mondo della musica. L\u2019ingresso \u00e8 libero! Prenota al 327 5407023 o visita <a href=\"http:\/\/www.artenuova.info\" target=\"_new\" rel=\"noopener\">www.artenuova.info<\/a><\/p>\n<p>&nbsp;<\/p>\n<hr \/>\n<p>&nbsp;<\/p>\n<div class=\"flex-shrink-0 flex flex-col relative items-end\">\n<div>\n<div class=\"pt-0\">\n<div class=\"gizmo-bot-avatar flex h-8 w-8 items-center justify-center overflow-hidden rounded-full\">\n<div class=\"relative p-1 rounded-sm flex items-center justify-center bg-token-main-surface-primary text-token-text-primary h-8 w-8\"><\/div>\n<\/div>\n<\/div>\n<\/div>\n<\/div>\n<div class=\"group\/conversation-turn relative flex w-full min-w-0 flex-col agent-turn\">\n<div class=\"flex-col gap-1 md:gap-3\">\n<div class=\"flex max-w-full flex-col flex-grow\">\n<div class=\"min-h-[20px] text-message flex w-full flex-col items-end gap-2 whitespace-normal break-words [.text-message+&amp;]:mt-5\" dir=\"auto\" data-message-author-role=\"assistant\" data-message-id=\"d31eb9d1-e7ef-4d1f-b9a4-478b16e2a1f4\">\n<div class=\"flex w-full flex-col gap-1 empty:hidden first:pt-[3px]\">\n<div class=\"markdown prose w-full break-words dark:prose-invert dark\">\n<blockquote><p><strong>Teatro a Longano: in scena &#8220;L&#8217;albergo dei nevrastenici&#8221;<\/strong><\/p><\/blockquote>\n<p><strong>SEDICO<\/strong> Domenica, Longano ospiter\u00e0 la compagnia &#8220;Teatro nel cuore&#8221; con l&#8217;opera <em>L&#8217;albergo dei nevrastenici<\/em>, diretta da Roberto Faoro. L&#8217;evento, organizzato dal Comitato Culturale e Ricreativo locale, si terr\u00e0 alle 20:30 presso la Casa Comunale, offrendo una serata di divertimento ispirata all&#8217;opera di Gino Rocca.<\/p>\n<\/div>\n<\/div>\n<\/div>\n<\/div>\n<\/div>\n<\/div>\n<p>&nbsp;<\/p>\n<p>&nbsp;<\/p>\n<hr \/>\n<p>&nbsp;<\/p>\n<blockquote>\n<h3><a class=\"dt-pswp-item\" href=\"https:\/\/www.radiopiu.net\/wordpress\/wp-content\/uploads\/2024\/08\/DSC_0005-scaled.jpg\" data-dt-img-description=\"\" data-large_image_width=\"2560\" data-large_image_height=\"1440\"><img loading=\"lazy\" decoding=\"async\" class=\"size-medium wp-image-407356 alignleft\" src=\"https:\/\/www.radiopiu.net\/wordpress\/wp-content\/uploads\/2024\/08\/DSC_0005-300x169.jpg\" alt=\"\" width=\"300\" height=\"169\" srcset=\"https:\/\/www.radiopiu.net\/wordpress\/wp-content\/uploads\/2024\/08\/DSC_0005-300x169.jpg 300w, https:\/\/www.radiopiu.net\/wordpress\/wp-content\/uploads\/2024\/08\/DSC_0005-1024x576.jpg 1024w, https:\/\/www.radiopiu.net\/wordpress\/wp-content\/uploads\/2024\/08\/DSC_0005-768x432.jpg 768w, https:\/\/www.radiopiu.net\/wordpress\/wp-content\/uploads\/2024\/08\/DSC_0005-1536x864.jpg 1536w, https:\/\/www.radiopiu.net\/wordpress\/wp-content\/uploads\/2024\/08\/DSC_0005-2048x1152.jpg 2048w\" sizes=\"auto, (max-width: 300px) 100vw, 300px\" \/><\/a>LA COMMEMORAZIONE DEI CADUTI<\/h3>\n<\/blockquote>\n<p>La Sezione di Belluno del Club Alpino Italiano comunica che <strong>domani<\/strong> alle ore 11 presso il rifugio 7\u00b0 Alpini al Pis Pilon, sotto le maestose pareti della Schiara, si terr\u00e0 la annuale Cerimonia per la commemorazione dei Caduti della Montagna e dei nostri Alpini, con una Santa Messa che sar\u00e0 celebrata da Mons. Renato Marangoni Vescovo di Belluno-Feltre presso la adiacente Cappella della Regina Alpinorum. Sono invitati a partecipare tutti gli amici della montagna.<\/p>\n<p>&nbsp;<\/p>\n<p>&nbsp;<\/p>\n<hr \/>\n<p>&nbsp;<\/p>\n<blockquote>\n<h3><a class=\"dt-pswp-item\" href=\"https:\/\/www.radiopiu.net\/wordpress\/wp-content\/uploads\/2024\/08\/locandina-corso-affido-2024_28.08.24.jpg\" data-dt-img-description=\"\" data-large_image_width=\"1240\" data-large_image_height=\"1753\"><img loading=\"lazy\" decoding=\"async\" class=\" wp-image-407211 alignleft\" src=\"https:\/\/www.radiopiu.net\/wordpress\/wp-content\/uploads\/2024\/08\/locandina-corso-affido-2024_28.08.24-212x300.jpg\" alt=\"\" width=\"115\" height=\"163\" srcset=\"https:\/\/www.radiopiu.net\/wordpress\/wp-content\/uploads\/2024\/08\/locandina-corso-affido-2024_28.08.24-212x300.jpg 212w, https:\/\/www.radiopiu.net\/wordpress\/wp-content\/uploads\/2024\/08\/locandina-corso-affido-2024_28.08.24-724x1024.jpg 724w, https:\/\/www.radiopiu.net\/wordpress\/wp-content\/uploads\/2024\/08\/locandina-corso-affido-2024_28.08.24-768x1086.jpg 768w, https:\/\/www.radiopiu.net\/wordpress\/wp-content\/uploads\/2024\/08\/locandina-corso-affido-2024_28.08.24-1087x1536.jpg 1087w, https:\/\/www.radiopiu.net\/wordpress\/wp-content\/uploads\/2024\/08\/locandina-corso-affido-2024_28.08.24.jpg 1240w\" sizes=\"auto, (max-width: 115px) 100vw, 115px\" \/><\/a>CORSI PER L&#8217;AFFIDO FAMIGLIARE<\/h3>\n<\/blockquote>\n<p><strong>BELLUNO<\/strong> I Centri per l&#8217;Affido e la Solidariet\u00e0 Familiare (CASF) dell&#8217;Ulss 1 Dolomiti hanno organizzato un corso online di informazione e formazione sull&#8217;affido familiare, rivolto a chiunque sia interessato a diventare famiglia affidataria. Il corso si terr\u00e0 il 26 settembre, 3 ottobre e 10 ottobre 2024 dalle 17.45 alle 19.30. La partecipazione \u00e8 gratuita e le iscrizioni sono aperte fino al 23 settembre. Nel 2023, 32 bambini\/adolescenti nella provincia di Belluno sono stati accolti in affido, di cui 26 in modalit\u00e0 residenziale e 6 in affido diurno, dimostrando l&#8217;importanza di avere nuove famiglie disposte a offrire sostegno. L&#8217;affido pu\u00f2 variare in forma e durata, sempre con l&#8217;accompagnamento degli operatori del CASF.<\/p>\n<p>&nbsp;<\/p>\n<p>&nbsp;<\/p>\n<hr \/>\n<p>&nbsp;<\/p>\n<blockquote>\n<h3>CON L&#8217;ADA, ASSOCIAZIONE DANZA AGORDINA<\/h3>\n<\/blockquote>\n<p><strong><a class=\"dt-pswp-item\" href=\"https:\/\/www.radiopiu.net\/wordpress\/wp-content\/uploads\/2020\/05\/ASSOCIAZIONE-DANZA-AGORDINA.jpg\" data-dt-img-description=\"\" data-large_image_width=\"720\" data-large_image_height=\"480\"><img loading=\"lazy\" decoding=\"async\" class=\"wp-image-140867 alignleft\" src=\"https:\/\/www.radiopiu.net\/wordpress\/wp-content\/uploads\/2020\/05\/ASSOCIAZIONE-DANZA-AGORDINA-300x200.jpg\" alt=\"\" width=\"164\" height=\"109\" srcset=\"https:\/\/www.radiopiu.net\/wordpress\/wp-content\/uploads\/2020\/05\/ASSOCIAZIONE-DANZA-AGORDINA-300x200.jpg 300w, https:\/\/www.radiopiu.net\/wordpress\/wp-content\/uploads\/2020\/05\/ASSOCIAZIONE-DANZA-AGORDINA.jpg 720w\" sizes=\"auto, (max-width: 164px) 100vw, 164px\" \/><\/a>Crescere attraverso la danza con l&#8217;Associazione Danza Agordina!<\/strong>\u00a0 Vuoi far muovere i primi passi nella danza ai tuoi piccoli o perfezionare il tuo talento? Con l&#8217;ADA corsi di <strong>danza classica<\/strong> a partire dai 4 anni e, dai 9 anni in su, anche <strong>moderna, contemporanea, hip hop e breakdance<\/strong>.\u00a0 <strong>I nuovi corsi iniziano il 23 settembre!\u00a0 Iscriviti: <\/strong><strong>14 settembre<\/strong> durante la manifestazione Sport in Piazza ad Agordo. <strong>16-17-18 settembre<\/strong> presso la palestra della scuola elementare dalle 17:00 alle 19:00. E c\u2019\u00e8 di pi\u00f9! <strong>Settimana di prova gratuita dal 23 al 28 settembre<\/strong>. Vieni a scoprire la magia della danza!\u00a0 <strong>Info:<\/strong> 348 8062103 (Whatsapp)<\/p>\n<p>&nbsp;<\/p>\n<p>&nbsp;<\/p>\n<hr \/>\n<p>&nbsp;<\/p>\n<p>&nbsp;<\/p>\n<a href=\"https:\/\/www.radiopiu.net\/wordpress\/wp-content\/uploads\/2024\/09\/volantino-piccolo-in-A5.pdf\" class=\"pdfemb-viewer\" style=\"\" data-width=\"max\" data-height=\"max\" data-toolbar=\"top\" data-toolbar-fixed=\"on\">volantino piccolo in A5<\/a>\n<p>&nbsp;<\/p>\n<p>&nbsp;<\/p>\n<hr \/>\n<p>&nbsp;<\/p>\n<blockquote>\n<h3>DOMENICA MERCANTE PER UN GIORNO A BELLUNO<\/h3>\n<\/blockquote>\n<p><strong><a class=\"dt-pswp-item\" href=\"https:\/\/www.radiopiu.net\/wordpress\/wp-content\/uploads\/2024\/09\/mercatino-18.jpg\" data-dt-img-description=\"\" data-large_image_width=\"1920\" data-large_image_height=\"1275\"><img loading=\"lazy\" decoding=\"async\" class=\" wp-image-408829 alignleft\" src=\"https:\/\/www.radiopiu.net\/wordpress\/wp-content\/uploads\/2024\/09\/mercatino-18-300x199.jpg\" alt=\"\" width=\"119\" height=\"79\" srcset=\"https:\/\/www.radiopiu.net\/wordpress\/wp-content\/uploads\/2024\/09\/mercatino-18-300x199.jpg 300w, https:\/\/www.radiopiu.net\/wordpress\/wp-content\/uploads\/2024\/09\/mercatino-18-1024x680.jpg 1024w, https:\/\/www.radiopiu.net\/wordpress\/wp-content\/uploads\/2024\/09\/mercatino-18-768x510.jpg 768w, https:\/\/www.radiopiu.net\/wordpress\/wp-content\/uploads\/2024\/09\/mercatino-18-1536x1020.jpg 1536w, https:\/\/www.radiopiu.net\/wordpress\/wp-content\/uploads\/2024\/09\/mercatino-18.jpg 1920w\" sizes=\"auto, (max-width: 119px) 100vw, 119px\" \/><\/a>BELLUNO<\/strong> Domenica dalle 8 alle 19 al Dolomiti Hub, si terr\u00e0 la terza edizione del mercatino dell&#8217;usato e dell&#8217;artigianato &#8220;Mercante per un giorno&#8221;. L&#8217;evento, diventato un appuntamento imperdibile per gli appassionati di vintage, collezionismo e artigianato, offrir\u00e0 l&#8217;opportunit\u00e0 di scoprire tesori nascosti, scambiare oggetti e condividere storie. \u00c8 un&#8217;occasione unica per chi ama articoli di seconda mano e l\u2019artigianato, in un\u2019atmosfera ricca di condivisione e passione.<\/p>\n<p>&nbsp;<\/p>\n<p>&nbsp;<\/p>\n<hr \/>\n<p>&nbsp;<\/p>\n<blockquote>\n<h3><a class=\"dt-pswp-item\" href=\"https:\/\/www.radiopiu.net\/wordpress\/wp-content\/uploads\/2024\/09\/th-5.jpg\" data-dt-img-description=\"\" data-large_image_width=\"273\" data-large_image_height=\"180\"><img loading=\"lazy\" decoding=\"async\" class=\"wp-image-409170 alignleft\" src=\"https:\/\/www.radiopiu.net\/wordpress\/wp-content\/uploads\/2024\/09\/th-5.jpg\" alt=\"\" width=\"173\" height=\"114\" \/><\/a>SILVIA CARLIN TORNA A BELLUNO PER UN CONCERTO SPECIALE<\/h3>\n<\/blockquote>\n<p><strong>BELLUNO<\/strong> La pianista Silvia Carlin torna nella sua Belluno per un concerto in duo con Valentina Dubrovina, ospite del Circolo Culturale Bellunese. L&#8217;evento si terr\u00e0 marted\u00ec alle 20:30 all&#8217;Auditorium del Liceo Lollino di Belluno. Biglietti disponibili presso la sede del concerto o la Cartoleria Capraro.<\/p>\n<p>&nbsp;<\/p>\n<p>&nbsp;<\/p>\n<hr \/>\n<p>&nbsp;<\/p>\n<blockquote>\n<h3>LA MOSTRA DI HANS HAACKE A BELLUNO FINO AL 29 SETTEMBRE<\/h3>\n<\/blockquote>\n<p><a class=\"dt-pswp-item\" href=\"https:\/\/www.radiopiu.net\/wordpress\/wp-content\/uploads\/2024\/09\/SCR-20240908-ophz.jpeg\" data-dt-img-description=\"Screenshot\" data-large_image_width=\"1254\" data-large_image_height=\"932\"><img loading=\"lazy\" decoding=\"async\" class=\"wp-image-408564 alignleft\" src=\"https:\/\/www.radiopiu.net\/wordpress\/wp-content\/uploads\/2024\/09\/SCR-20240908-ophz-300x223.jpeg\" alt=\"\" width=\"161\" height=\"120\" srcset=\"https:\/\/www.radiopiu.net\/wordpress\/wp-content\/uploads\/2024\/09\/SCR-20240908-ophz-300x223.jpeg 300w, https:\/\/www.radiopiu.net\/wordpress\/wp-content\/uploads\/2024\/09\/SCR-20240908-ophz-1024x761.jpeg 1024w, https:\/\/www.radiopiu.net\/wordpress\/wp-content\/uploads\/2024\/09\/SCR-20240908-ophz-768x571.jpeg 768w, https:\/\/www.radiopiu.net\/wordpress\/wp-content\/uploads\/2024\/09\/SCR-20240908-ophz.jpeg 1254w\" sizes=\"auto, (max-width: 161px) 100vw, 161px\" \/><\/a><strong>BELLUNO<\/strong><\/p>\n<p>DI ROBERTO BONA<\/p>\n<audio class=\"wp-audio-shortcode\" id=\"audio-409109-10\" preload=\"none\" style=\"width: 100%;\" controls=\"controls\"><source type=\"audio\/mpeg\" src=\"https:\/\/www.radiopiu.net\/wordpress\/wp-content\/uploads\/2024\/09\/BONA-MOSTRA-BELLUNO-SCADE-29-SETTEMBRE.mp3?_=10\" \/><a href=\"https:\/\/www.radiopiu.net\/wordpress\/wp-content\/uploads\/2024\/09\/BONA-MOSTRA-BELLUNO-SCADE-29-SETTEMBRE.mp3\">https:\/\/www.radiopiu.net\/wordpress\/wp-content\/uploads\/2024\/09\/BONA-MOSTRA-BELLUNO-SCADE-29-SETTEMBRE.mp3<\/a><\/audio>\n<p>&nbsp;<\/p>\n<hr \/>\n<p>&nbsp;<\/p>\n<h2><span style=\"color: #ff6600;\">ALLA RADIO\u00a0<\/span><\/h2>\n<h2><span style=\"color: #ff0000;\">SPECIALE SPI CGIL<\/span><\/h2>\n<p><strong><a class=\"dt-pswp-item\" href=\"https:\/\/www.radiopiu.net\/wordpress\/wp-content\/uploads\/2023\/02\/SPI-CGIL.png\" data-dt-img-description=\"\" data-large_image_width=\"278\" data-large_image_height=\"244\"><img loading=\"lazy\" decoding=\"async\" class=\" wp-image-322694 alignleft\" src=\"https:\/\/www.radiopiu.net\/wordpress\/wp-content\/uploads\/2023\/02\/SPI-CGIL.png\" alt=\"\" width=\"137\" height=\"120\" \/><\/a>DI MIRKO MEZZACASA<\/strong><\/p>\n<p>Con Maria Rita Gentilin, SPI CGIL<\/p>\n<audio class=\"wp-audio-shortcode\" id=\"audio-409109-11\" preload=\"none\" style=\"width: 100%;\" controls=\"controls\"><source type=\"audio\/mpeg\" src=\"https:\/\/www.radiopiu.net\/wordpress\/wp-content\/uploads\/2024\/09\/spi-cgil-settembre-2024.mp3?_=11\" \/><a href=\"https:\/\/www.radiopiu.net\/wordpress\/wp-content\/uploads\/2024\/09\/spi-cgil-settembre-2024.mp3\">https:\/\/www.radiopiu.net\/wordpress\/wp-content\/uploads\/2024\/09\/spi-cgil-settembre-2024.mp3<\/a><\/audio>\n<p>&nbsp;<\/p>\n<hr \/>\n<p>&nbsp;<\/p>\n<h2><span style=\"color: #ff00ff;\">SPECIALE MONDO DEL VOLONTARIATO, IL COORDINAMENTO VOLONTARI DELLE AMBULANZE AGORDINO E ZOLDANO<\/span><\/h2>\n<p><strong><a class=\"dt-pswp-item\" href=\"https:\/\/www.radiopiu.net\/wordpress\/wp-content\/uploads\/2024\/09\/1701f3bf-93c2-400c-957d-381fed413713.jpg\" data-dt-img-description=\"\" data-large_image_width=\"2048\" data-large_image_height=\"1152\"><img loading=\"lazy\" decoding=\"async\" class=\" wp-image-409125 alignleft\" src=\"https:\/\/www.radiopiu.net\/wordpress\/wp-content\/uploads\/2024\/09\/1701f3bf-93c2-400c-957d-381fed413713-300x169.jpg\" alt=\"\" width=\"185\" height=\"104\" srcset=\"https:\/\/www.radiopiu.net\/wordpress\/wp-content\/uploads\/2024\/09\/1701f3bf-93c2-400c-957d-381fed413713-300x169.jpg 300w, https:\/\/www.radiopiu.net\/wordpress\/wp-content\/uploads\/2024\/09\/1701f3bf-93c2-400c-957d-381fed413713-1024x576.jpg 1024w, https:\/\/www.radiopiu.net\/wordpress\/wp-content\/uploads\/2024\/09\/1701f3bf-93c2-400c-957d-381fed413713-768x432.jpg 768w, https:\/\/www.radiopiu.net\/wordpress\/wp-content\/uploads\/2024\/09\/1701f3bf-93c2-400c-957d-381fed413713-1536x864.jpg 1536w, https:\/\/www.radiopiu.net\/wordpress\/wp-content\/uploads\/2024\/09\/1701f3bf-93c2-400c-957d-381fed413713.jpg 2048w\" sizes=\"auto, (max-width: 185px) 100vw, 185px\" \/><\/a>DI MIRKO MEZZACASA<\/strong><\/p>\n<p><span style=\"color: #ff0000;\"><strong>PRIMO APPUNTAMENTO<\/strong><\/span><\/p>\n<p>OSPITI: RICCARDO MOLIN FOP, MORIS MARTINI E RICCARDO MASAREI<\/p>\n<audio class=\"wp-audio-shortcode\" id=\"audio-409109-12\" preload=\"none\" style=\"width: 100%;\" controls=\"controls\"><source type=\"audio\/mpeg\" src=\"https:\/\/www.radiopiu.net\/wordpress\/wp-content\/uploads\/2024\/09\/CROCE-VERDE-APPUNTAMENTO-UNO.mp3?_=12\" \/><a href=\"https:\/\/www.radiopiu.net\/wordpress\/wp-content\/uploads\/2024\/09\/CROCE-VERDE-APPUNTAMENTO-UNO.mp3\">https:\/\/www.radiopiu.net\/wordpress\/wp-content\/uploads\/2024\/09\/CROCE-VERDE-APPUNTAMENTO-UNO.mp3<\/a><\/audio>\n<p>&nbsp;<\/p>\n<hr \/>\n<p>&nbsp;<\/p>\n<h2><span style=\"color: #800080;\">DOMANI TORNA SPORT IN PIAZZA AD AGORDO<\/span><\/h2>\n<p><strong><a href=\"https:\/\/www.radiopiu.net\/wordpress\/wp-content\/uploads\/2024\/09\/893d47d7-f434-4179-873b-bf4781b9cc15.webp\"><img loading=\"lazy\" decoding=\"async\" class=\" wp-image-409116 alignleft\" src=\"https:\/\/www.radiopiu.net\/wordpress\/wp-content\/uploads\/2024\/09\/893d47d7-f434-4179-873b-bf4781b9cc15-300x169.webp\" alt=\"\" width=\"192\" height=\"108\" srcset=\"https:\/\/www.radiopiu.net\/wordpress\/wp-content\/uploads\/2024\/09\/893d47d7-f434-4179-873b-bf4781b9cc15-300x169.webp 300w, https:\/\/www.radiopiu.net\/wordpress\/wp-content\/uploads\/2024\/09\/893d47d7-f434-4179-873b-bf4781b9cc15-1024x576.webp 1024w, https:\/\/www.radiopiu.net\/wordpress\/wp-content\/uploads\/2024\/09\/893d47d7-f434-4179-873b-bf4781b9cc15-768x432.webp 768w, https:\/\/www.radiopiu.net\/wordpress\/wp-content\/uploads\/2024\/09\/893d47d7-f434-4179-873b-bf4781b9cc15-1536x864.webp 1536w, https:\/\/www.radiopiu.net\/wordpress\/wp-content\/uploads\/2024\/09\/893d47d7-f434-4179-873b-bf4781b9cc15.webp 2048w\" sizes=\"auto, (max-width: 192px) 100vw, 192px\" \/><\/a>DI MIRKO MEZZACASA<\/strong><\/p>\n<p>OSPITI: Alberto Fontanive, Valeria Rosson e giovani hockeisti Cesare e Carlo<\/p>\n<audio class=\"wp-audio-shortcode\" id=\"audio-409109-13\" preload=\"none\" style=\"width: 100%;\" controls=\"controls\"><source type=\"audio\/mpeg\" src=\"https:\/\/www.radiopiu.net\/wordpress\/wp-content\/uploads\/2024\/09\/SPORT-IN-PIAZZA-AGORDO-2024.mp3?_=13\" \/><a href=\"https:\/\/www.radiopiu.net\/wordpress\/wp-content\/uploads\/2024\/09\/SPORT-IN-PIAZZA-AGORDO-2024.mp3\">https:\/\/www.radiopiu.net\/wordpress\/wp-content\/uploads\/2024\/09\/SPORT-IN-PIAZZA-AGORDO-2024.mp3<\/a><\/audio>\n<p>&nbsp;<\/p>\n<hr \/>\n<p>&nbsp;<\/p>\n<h2><span style=\"color: #00ccff;\">INIZIA LA STAGIONE DELL&#8217;ALLEGHE HOCKEY, DOMENICA LA PRESENTAZIONE DELLE SQUADRE<\/span><\/h2>\n<p><strong><a class=\"dt-pswp-item\" href=\"https:\/\/www.radiopiu.net\/wordpress\/wp-content\/uploads\/2023\/05\/ADRIANO-LEVIS-PRIMO-PIANO.jpg\" data-dt-img-description=\"\" data-large_image_width=\"1876\" data-large_image_height=\"1235\"><img loading=\"lazy\" decoding=\"async\" class=\" wp-image-338181 alignleft\" src=\"https:\/\/www.radiopiu.net\/wordpress\/wp-content\/uploads\/2023\/05\/ADRIANO-LEVIS-PRIMO-PIANO-300x197.jpg\" alt=\"\" width=\"196\" height=\"129\" srcset=\"https:\/\/www.radiopiu.net\/wordpress\/wp-content\/uploads\/2023\/05\/ADRIANO-LEVIS-PRIMO-PIANO-300x197.jpg 300w, https:\/\/www.radiopiu.net\/wordpress\/wp-content\/uploads\/2023\/05\/ADRIANO-LEVIS-PRIMO-PIANO-1024x674.jpg 1024w, https:\/\/www.radiopiu.net\/wordpress\/wp-content\/uploads\/2023\/05\/ADRIANO-LEVIS-PRIMO-PIANO-768x506.jpg 768w, https:\/\/www.radiopiu.net\/wordpress\/wp-content\/uploads\/2023\/05\/ADRIANO-LEVIS-PRIMO-PIANO-1536x1011.jpg 1536w, https:\/\/www.radiopiu.net\/wordpress\/wp-content\/uploads\/2023\/05\/ADRIANO-LEVIS-PRIMO-PIANO.jpg 1876w\" sizes=\"auto, (max-width: 196px) 100vw, 196px\" \/><\/a>DI MARCO GAZ<\/strong><\/p>\n<p>OSPITE: Adriano Levis, presidente dell&#8217;Alleghe Hockey<\/p>\n<audio class=\"wp-audio-shortcode\" id=\"audio-409109-14\" preload=\"none\" style=\"width: 100%;\" controls=\"controls\"><source type=\"audio\/mpeg\" src=\"https:\/\/www.radiopiu.net\/wordpress\/wp-content\/uploads\/2024\/09\/ADRIANO-LEVIS-ALLEGHE-PRESENTAZIONE-2024.mp3?_=14\" \/><a href=\"https:\/\/www.radiopiu.net\/wordpress\/wp-content\/uploads\/2024\/09\/ADRIANO-LEVIS-ALLEGHE-PRESENTAZIONE-2024.mp3\">https:\/\/www.radiopiu.net\/wordpress\/wp-content\/uploads\/2024\/09\/ADRIANO-LEVIS-ALLEGHE-PRESENTAZIONE-2024.mp3<\/a><\/audio>\n<p>&nbsp;<\/p>\n<hr \/>\n<p>&nbsp;<\/p>\n<h2><span style=\"color: #993366;\"><a class=\"dt-pswp-item\" href=\"https:\/\/www.radiopiu.net\/wordpress\/wp-content\/uploads\/2024\/06\/c2f4f425-e175-4bc7-918a-e3d1330c6c31.jpg\" data-dt-img-description=\"\" data-large_image_width=\"1080\" data-large_image_height=\"907\"><img loading=\"lazy\" decoding=\"async\" class=\" wp-image-393091 alignleft\" src=\"https:\/\/www.radiopiu.net\/wordpress\/wp-content\/uploads\/2024\/06\/c2f4f425-e175-4bc7-918a-e3d1330c6c31-300x252.jpg\" alt=\"\" width=\"119\" height=\"100\" srcset=\"https:\/\/www.radiopiu.net\/wordpress\/wp-content\/uploads\/2024\/06\/c2f4f425-e175-4bc7-918a-e3d1330c6c31-300x252.jpg 300w, https:\/\/www.radiopiu.net\/wordpress\/wp-content\/uploads\/2024\/06\/c2f4f425-e175-4bc7-918a-e3d1330c6c31-1024x860.jpg 1024w, https:\/\/www.radiopiu.net\/wordpress\/wp-content\/uploads\/2024\/06\/c2f4f425-e175-4bc7-918a-e3d1330c6c31-768x645.jpg 768w, https:\/\/www.radiopiu.net\/wordpress\/wp-content\/uploads\/2024\/06\/c2f4f425-e175-4bc7-918a-e3d1330c6c31.jpg 1080w\" sizes=\"auto, (max-width: 119px) 100vw, 119px\" \/><\/a><span style=\"color: #808000;\">ZAINO DA VIAGGIO AL FEMMINILE<\/span><\/span><\/h2>\n<p><strong>IL PROGRAMMA DI PAOLA LANCIATO<\/strong><\/p>\n<p>27\u00b0 PUNTATA: IL GIARDINO DEI TAROCCHI<\/p>\n<blockquote class=\"wp-embedded-content\" data-secret=\"ZyTpvEII00\"><p><a href=\"https:\/\/www.radiopiu.net\/wordpress\/zaino-femminile-lanciato\/\">Zaino da viaggio al femminile<\/a><\/p><\/blockquote>\n<p><iframe loading=\"lazy\" class=\"wp-embedded-content\" sandbox=\"allow-scripts\" security=\"restricted\" style=\"position: absolute; visibility: hidden;\" title=\"&#8220;Zaino da viaggio al femminile&#8221; &#8212; Radio Pi\u00f9\" src=\"https:\/\/www.radiopiu.net\/wordpress\/zaino-femminile-lanciato\/embed\/#?secret=W9zOwaJXfb#?secret=ZyTpvEII00\" data-secret=\"ZyTpvEII00\" width=\"600\" height=\"338\" frameborder=\"0\" marginwidth=\"0\" marginheight=\"0\" scrolling=\"no\"><\/iframe><\/p>\n<p>&nbsp;<\/p>\n<hr \/>\n<p>&nbsp;<\/p>\n<p>&nbsp;<\/p>\n<blockquote class=\"wp-embedded-content\" data-secret=\"pa7jscA58w\"><p><a href=\"https:\/\/www.radiopiu.net\/wordpress\/pirole-de-lenga-la-parola-del-giorno-a-cura-del-musla-raccolta-completa\/\">PIROLE DE LENGA&#8230; LA PAROLA DEL GIORNO A CURA DEL MUSLA -raccolta completa &#8211;<\/a><\/p><\/blockquote>\n<p><iframe loading=\"lazy\" class=\"wp-embedded-content\" sandbox=\"allow-scripts\" security=\"restricted\" style=\"position: absolute; visibility: hidden;\" title=\"&#8220;PIROLE DE LENGA&#8230; LA PAROLA DEL GIORNO A CURA DEL MUSLA -raccolta completa &#8211;&#8221; &#8212; Radio Pi\u00f9\" src=\"https:\/\/www.radiopiu.net\/wordpress\/pirole-de-lenga-la-parola-del-giorno-a-cura-del-musla-raccolta-completa\/embed\/#?secret=NiuJGMvByc#?secret=pa7jscA58w\" data-secret=\"pa7jscA58w\" width=\"600\" height=\"338\" frameborder=\"0\" marginwidth=\"0\" marginheight=\"0\" scrolling=\"no\"><\/iframe><\/p>\n<p>&nbsp;<\/p>\n<blockquote class=\"wp-embedded-content\" data-secret=\"lAuW3Byuh9\"><p><a href=\"https:\/\/www.radiopiu.net\/wordpress\/set5a\/\">EL BAL DEL FIOR, DETTI E MODI DI DIRE  LA RACCOLTA COMPLETA<\/a><\/p><\/blockquote>\n<p><iframe loading=\"lazy\" class=\"wp-embedded-content\" sandbox=\"allow-scripts\" security=\"restricted\" style=\"position: absolute; visibility: hidden;\" title=\"&#8220;EL BAL DEL FIOR, DETTI E MODI DI DIRE  LA RACCOLTA COMPLETA&#8221; &#8212; Radio Pi\u00f9\" src=\"https:\/\/www.radiopiu.net\/wordpress\/set5a\/embed\/#?secret=dx9VPNSZBl#?secret=lAuW3Byuh9\" data-secret=\"lAuW3Byuh9\" width=\"600\" height=\"338\" frameborder=\"0\" marginwidth=\"0\" marginheight=\"0\" scrolling=\"no\"><\/iframe><\/p>\n<hr \/>\n<p>&nbsp;<\/p>\n<p>&nbsp;<\/p>\n<p><strong><a class=\"dt-pswp-item\" href=\"https:\/\/www.radiopiu.net\/wordpress\/wp-content\/uploads\/2024\/09\/VAL-BADIA.jpg\" data-dt-img-description=\"\" data-large_image_width=\"720\" data-large_image_height=\"1260\"><img loading=\"lazy\" decoding=\"async\" class=\"size-medium wp-image-409166 alignleft\" src=\"https:\/\/www.radiopiu.net\/wordpress\/wp-content\/uploads\/2024\/09\/VAL-BADIA-171x300.jpg\" alt=\"\" width=\"171\" height=\"300\" srcset=\"https:\/\/www.radiopiu.net\/wordpress\/wp-content\/uploads\/2024\/09\/VAL-BADIA-171x300.jpg 171w, https:\/\/www.radiopiu.net\/wordpress\/wp-content\/uploads\/2024\/09\/VAL-BADIA-585x1024.jpg 585w, https:\/\/www.radiopiu.net\/wordpress\/wp-content\/uploads\/2024\/09\/VAL-BADIA.jpg 720w\" sizes=\"auto, (max-width: 171px) 100vw, 171px\" \/><\/a>DI JOHN FRANCIS DELLA PIETRA<\/strong><\/p>\n<p><strong>Ooh&#8230;<\/strong><\/p>\n<p>Sul finire dell estiva stagione<br \/>\nCome al solito ispira sensazione<br \/>\nEccole lass\u00f9 sull indomite cime<br \/>\nSpruzzate di candide nevi le prime<br \/>\nFan sempre meraviglia<br \/>\nMa \u00e8 sol l autunno che ci suona la sveglia<br \/>\nCon delicatezza e saggezza ammonisce<br \/>\nChi vuol intendere e capisce<br \/>\nQuass\u00f9 fra i monti tante cose prima dell inverno ci son da fare<br \/>\nMolto da rimessare e preparare<br \/>\nPi\u00f9 d uno s ingegna<br \/>\nSistema ed accatasta vicino a casa la legna<br \/>\nUn po di tepore in famiglia diverr\u00e0 col freddo azione degna<br \/>\nS\u00ec quest anticipo autunnale<br \/>\nCi mette nelle condizioni di poter programmare<br \/>\nL arrivo d un periodo pi\u00f9 freddo ma oer certi versi speciale<br \/>\nOggi a volerlo ben interpretare<br \/>\nDiviene un segno particolare<br \/>\nIn tanti lo sapranno immaginare<br \/>\nLass\u00f9 fra l immacolate nevi a sciare<br \/>\nA disquisire<br \/>\nSulle migliori piste da seguire<br \/>\nUn celestiale saluto<br \/>\nCome dir&#8230;benvenuto&#8230;<br \/>\nE per noi che restiamo qua<br \/>\nOoh la prima nef eccola l\u00e0<\/p>\n<p>&nbsp;<\/p>\n<p>&nbsp;<\/p>\n<hr \/>\n<h2><span style=\"color: #ff0000;\"><a class=\"dt-pswp-item\" href=\"https:\/\/www.radiopiu.net\/wordpress\/wp-content\/uploads\/2018\/09\/appuntamenti.jpeg\" data-dt-img-description=\"\" data-large_image_width=\"800\" data-large_image_height=\"100\"><img loading=\"lazy\" decoding=\"async\" class=\"wp-image-61958 size-full aligncenter\" src=\"https:\/\/www.radiopiu.net\/wordpress\/wp-content\/uploads\/2018\/09\/appuntamenti.jpeg\" alt=\"\" width=\"800\" height=\"100\" srcset=\"https:\/\/www.radiopiu.net\/wordpress\/wp-content\/uploads\/2018\/09\/appuntamenti.jpeg 800w, https:\/\/www.radiopiu.net\/wordpress\/wp-content\/uploads\/2018\/09\/appuntamenti-300x38.jpeg 300w, https:\/\/www.radiopiu.net\/wordpress\/wp-content\/uploads\/2018\/09\/appuntamenti-768x96.jpeg 768w\" sizes=\"auto, (max-width: 800px) 100vw, 800px\" \/><\/a><\/span><\/h2>\n<div>\n<div class=\"\" dir=\"auto\">\n<div id=\":r9h:\" class=\"x1iorvi4 x1pi30zi x1l90r2v x1swvt13\" data-ad-comet-preview=\"message\" data-ad-preview=\"message\">\n\n\t\t\t<style type='text\/css'>\n\t\t\t\t#gallery-1 {\n\t\t\t\t\tmargin: auto;\n\t\t\t\t}\n\t\t\t\t#gallery-1 .gallery-item {\n\t\t\t\t\tfloat: left;\n\t\t\t\t\tmargin-top: 10px;\n\t\t\t\t\ttext-align: center;\n\t\t\t\t\twidth: 25%;\n\t\t\t\t}\n\t\t\t\t#gallery-1 img {\n\t\t\t\t\tborder: 2px solid #cfcfcf;\n\t\t\t\t}\n\t\t\t\t#gallery-1 .gallery-caption {\n\t\t\t\t\tmargin-left: 0;\n\t\t\t\t}\n\t\t\t\t\/* see gallery_shortcode() in wp-includes\/media.php *\/\n\t\t\t<\/style>\n\t\t<div id='gallery-1' class='dt-gallery-container gallery galleryid-409109 gallery-columns-4 gallery-size-thumbnail'><dl class='gallery-item'>\n\t\t\t\t<dt class='gallery-icon portrait'>\n\t\t\t\t\t<a class=\"rollover rollover-zoom dt-pswp-item\" title=\"bd965e78-6e96-4eea-9324-7c799cd8cfa8\" data-dt-img-description=\"\" data-large_image_width=\"1467\" data-large_image_height=\"2048\"href='https:\/\/www.radiopiu.net\/wordpress\/wp-content\/uploads\/2024\/09\/bd965e78-6e96-4eea-9324-7c799cd8cfa8.jpg'><img loading=\"lazy\" decoding=\"async\" width=\"150\" height=\"150\" src=\"https:\/\/www.radiopiu.net\/wordpress\/wp-content\/uploads\/2024\/09\/bd965e78-6e96-4eea-9324-7c799cd8cfa8-150x150.jpg\" class=\"attachment-thumbnail size-thumbnail\" alt=\"\" aria-describedby=\"gallery-1-408615\" \/><\/a>\n\t\t\t\t<\/dt>\n\t\t\t\t\t<dd class='wp-caption-text gallery-caption' id='gallery-1-408615'>\n\t\t\t\t\tLA 16 COMUNI A LA VALLE\n\t\t\t\t\t<\/dd><\/dl><dl class='gallery-item'>\n\t\t\t\t<dt class='gallery-icon portrait'>\n\t\t\t\t\t<a class=\"rollover rollover-zoom dt-pswp-item\" title=\"LOC_A3_MOSTRA-RADIO_CMVI\" data-dt-img-description=\"\" data-large_image_width=\"1816\" data-large_image_height=\"2560\"href='https:\/\/www.radiopiu.net\/wordpress\/wp-content\/uploads\/2024\/08\/LOC_A3_MOSTRA-RADIO_CMVI-scaled.jpg'><img loading=\"lazy\" decoding=\"async\" width=\"150\" height=\"150\" src=\"https:\/\/www.radiopiu.net\/wordpress\/wp-content\/uploads\/2024\/08\/LOC_A3_MOSTRA-RADIO_CMVI-150x150.jpg\" class=\"attachment-thumbnail size-thumbnail\" alt=\"\" aria-describedby=\"gallery-1-403450\" \/><\/a>\n\t\t\t\t<\/dt>\n\t\t\t\t\t<dd class='wp-caption-text gallery-caption' id='gallery-1-403450'>\n\t\t\t\t\tLA MOSTRA DELLE RADIO IN VALLE IMPERINA\n\t\t\t\t\t<\/dd><\/dl><dl class='gallery-item'>\n\t\t\t\t<dt class='gallery-icon portrait'>\n\t\t\t\t\t<a class=\"rollover rollover-zoom dt-pswp-item\" title=\"ARSON CORSO\" data-dt-img-description=\"\" data-large_image_width=\"671\" data-large_image_height=\"756\"href='https:\/\/www.radiopiu.net\/wordpress\/wp-content\/uploads\/2024\/08\/ARSON-CORSO.png'><img loading=\"lazy\" decoding=\"async\" width=\"150\" height=\"150\" src=\"https:\/\/www.radiopiu.net\/wordpress\/wp-content\/uploads\/2024\/08\/ARSON-CORSO-150x150.png\" class=\"attachment-thumbnail size-thumbnail\" alt=\"\" aria-describedby=\"gallery-1-403730\" \/><\/a>\n\t\t\t\t<\/dt>\n\t\t\t\t\t<dd class='wp-caption-text gallery-caption' id='gallery-1-403730'>\n\t\t\t\t\tCORSO DI FOTOGRAFIA A FELTRE\n\t\t\t\t\t<\/dd><\/dl><dl class='gallery-item'>\n\t\t\t\t<dt class='gallery-icon portrait'>\n\t\t\t\t\t<a class=\"rollover rollover-zoom dt-pswp-item\" title=\"download\" data-dt-img-description=\"\" data-large_image_width=\"600\" data-large_image_height=\"849\"href='https:\/\/www.radiopiu.net\/wordpress\/wp-content\/uploads\/2024\/08\/download.jpg'><img loading=\"lazy\" decoding=\"async\" width=\"150\" height=\"150\" src=\"https:\/\/www.radiopiu.net\/wordpress\/wp-content\/uploads\/2024\/08\/download-150x150.jpg\" class=\"attachment-thumbnail size-thumbnail\" alt=\"\" aria-describedby=\"gallery-1-404972\" \/><\/a>\n\t\t\t\t<\/dt>\n\t\t\t\t\t<dd class='wp-caption-text gallery-caption' id='gallery-1-404972'>\n\t\t\t\t\tPROLOCO SEDICO\n\t\t\t\t\t<\/dd><\/dl><br style=\"clear: both\" \/><dl class='gallery-item'>\n\t\t\t\t<dt class='gallery-icon portrait'>\n\t\t\t\t\t<a class=\"rollover rollover-zoom dt-pswp-item\" title=\"c4009_Tour_Forestale_PEFC_Tappa_Col_di_Lana\" data-dt-img-description=\"\" data-large_image_width=\"1020\" data-large_image_height=\"1446\"href='https:\/\/www.radiopiu.net\/wordpress\/wp-content\/uploads\/2024\/08\/c4009_Tour_Forestale_PEFC_Tappa_Col_di_Lana.png'><img loading=\"lazy\" decoding=\"async\" width=\"150\" height=\"150\" src=\"https:\/\/www.radiopiu.net\/wordpress\/wp-content\/uploads\/2024\/08\/c4009_Tour_Forestale_PEFC_Tappa_Col_di_Lana-150x150.png\" class=\"attachment-thumbnail size-thumbnail\" alt=\"\" aria-describedby=\"gallery-1-405046\" \/><\/a>\n\t\t\t\t<\/dt>\n\t\t\t\t\t<dd class='wp-caption-text gallery-caption' id='gallery-1-405046'>\n\t\t\t\t\tCON UNCEM A LIVINALLONGO\n\t\t\t\t\t<\/dd><\/dl><dl class='gallery-item'>\n\t\t\t\t<dt class='gallery-icon portrait'>\n\t\t\t\t\t<a class=\"rollover rollover-zoom dt-pswp-item\" title=\"b86de4c5-5b5b-48bf-9ef3-474a2f99c215\" data-dt-img-description=\"\" data-large_image_width=\"899\" data-large_image_height=\"1599\"href='https:\/\/www.radiopiu.net\/wordpress\/wp-content\/uploads\/2024\/08\/b86de4c5-5b5b-48bf-9ef3-474a2f99c215.jpg'><img loading=\"lazy\" decoding=\"async\" width=\"150\" height=\"150\" src=\"https:\/\/www.radiopiu.net\/wordpress\/wp-content\/uploads\/2024\/08\/b86de4c5-5b5b-48bf-9ef3-474a2f99c215-150x150.jpg\" class=\"attachment-thumbnail size-thumbnail\" alt=\"\" aria-describedby=\"gallery-1-407464\" \/><\/a>\n\t\t\t\t<\/dt>\n\t\t\t\t\t<dd class='wp-caption-text gallery-caption' id='gallery-1-407464'>\n\t\t\t\t\tALL&#8217;OHPERBACCO DI CENCENIGHE\n\t\t\t\t\t<\/dd><\/dl><dl class='gallery-item'>\n\t\t\t\t<dt class='gallery-icon portrait'>\n\t\t\t\t\t<a class=\"rollover rollover-zoom dt-pswp-item\" title=\"WhatsApp Image 2024-09-03 at 18.04.00\" data-dt-img-description=\"\" data-large_image_width=\"1079\" data-large_image_height=\"1600\"href='https:\/\/www.radiopiu.net\/wordpress\/wp-content\/uploads\/2024\/09\/WhatsApp-Image-2024-09-03-at-18.04.00.jpeg'><img loading=\"lazy\" decoding=\"async\" width=\"150\" height=\"150\" src=\"https:\/\/www.radiopiu.net\/wordpress\/wp-content\/uploads\/2024\/09\/WhatsApp-Image-2024-09-03-at-18.04.00-150x150.jpeg\" class=\"attachment-thumbnail size-thumbnail\" alt=\"\" aria-describedby=\"gallery-1-408069\" \/><\/a>\n\t\t\t\t<\/dt>\n\t\t\t\t\t<dd class='wp-caption-text gallery-caption' id='gallery-1-408069'>\n\t\t\t\t\tFESTA DELL&#8217;ADDOLORATA A GOSALDO\n\t\t\t\t\t<\/dd><\/dl><dl class='gallery-item'>\n\t\t\t\t<dt class='gallery-icon portrait'>\n\t\t\t\t\t<a class=\"rollover rollover-zoom dt-pswp-item\" title=\"WhatsApp Image 2024-08-29 at 15.33.03\" data-dt-img-description=\"\" data-large_image_width=\"1131\" data-large_image_height=\"1600\"href='https:\/\/www.radiopiu.net\/wordpress\/wp-content\/uploads\/2024\/09\/WhatsApp-Image-2024-08-29-at-15.33.03.jpeg'><img loading=\"lazy\" decoding=\"async\" width=\"150\" height=\"150\" src=\"https:\/\/www.radiopiu.net\/wordpress\/wp-content\/uploads\/2024\/09\/WhatsApp-Image-2024-08-29-at-15.33.03-150x150.jpeg\" class=\"attachment-thumbnail size-thumbnail\" alt=\"\" aria-describedby=\"gallery-1-408070\" \/><\/a>\n\t\t\t\t<\/dt>\n\t\t\t\t\t<dd class='wp-caption-text gallery-caption' id='gallery-1-408070'>\n\t\t\t\t\tFESTA DELLA BIRRA A GOSALDO\n\t\t\t\t\t<\/dd><\/dl><br style=\"clear: both\" \/><dl class='gallery-item'>\n\t\t\t\t<dt class='gallery-icon portrait'>\n\t\t\t\t\t<a class=\"rollover rollover-zoom dt-pswp-item\" title=\"mani\" data-dt-img-description=\"\" data-large_image_width=\"616\" data-large_image_height=\"821\"href='https:\/\/www.radiopiu.net\/wordpress\/wp-content\/uploads\/2024\/09\/mani.png'><img loading=\"lazy\" decoding=\"async\" width=\"150\" height=\"150\" src=\"https:\/\/www.radiopiu.net\/wordpress\/wp-content\/uploads\/2024\/09\/mani-150x150.png\" class=\"attachment-thumbnail size-thumbnail\" alt=\"\" aria-describedby=\"gallery-1-408280\" \/><\/a>\n\t\t\t\t<\/dt>\n\t\t\t\t\t<dd class='wp-caption-text gallery-caption' id='gallery-1-408280'>\n\t\t\t\t\tUN INCONTRO PER PARLARE DI FUNGHI\n\t\t\t\t\t<\/dd><\/dl><dl class='gallery-item'>\n\t\t\t\t<dt class='gallery-icon portrait'>\n\t\t\t\t\t<a class=\"rollover rollover-zoom dt-pswp-item\" title=\"Locandina Sagra di Fregona 2024\" data-dt-img-description=\"\" data-large_image_width=\"1125\" data-large_image_height=\"1548\"href='https:\/\/www.radiopiu.net\/wordpress\/wp-content\/uploads\/2024\/09\/Locandina-Sagra-di-Fregona-2024.jpg'><img loading=\"lazy\" decoding=\"async\" width=\"150\" height=\"150\" src=\"https:\/\/www.radiopiu.net\/wordpress\/wp-content\/uploads\/2024\/09\/Locandina-Sagra-di-Fregona-2024-150x150.jpg\" class=\"attachment-thumbnail size-thumbnail\" alt=\"\" aria-describedby=\"gallery-1-408307\" \/><\/a>\n\t\t\t\t<\/dt>\n\t\t\t\t\t<dd class='wp-caption-text gallery-caption' id='gallery-1-408307'>\n\t\t\t\t\tFESTA A FREGONA\n\t\t\t\t\t<\/dd><\/dl><dl class='gallery-item'>\n\t\t\t\t<dt class='gallery-icon portrait'>\n\t\t\t\t\t<a class=\"rollover rollover-zoom dt-pswp-item\" title=\"03efb118-d97d-457e-b9cc-b1da6a42649b\" data-dt-img-description=\"\" data-large_image_width=\"905\" data-large_image_height=\"1280\"href='https:\/\/www.radiopiu.net\/wordpress\/wp-content\/uploads\/2024\/09\/03efb118-d97d-457e-b9cc-b1da6a42649b.jpg'><img loading=\"lazy\" decoding=\"async\" width=\"150\" height=\"150\" src=\"https:\/\/www.radiopiu.net\/wordpress\/wp-content\/uploads\/2024\/09\/03efb118-d97d-457e-b9cc-b1da6a42649b-150x150.jpg\" class=\"attachment-thumbnail size-thumbnail\" alt=\"\" aria-describedby=\"gallery-1-408383\" \/><\/a>\n\t\t\t\t<\/dt>\n\t\t\t\t\t<dd class='wp-caption-text gallery-caption' id='gallery-1-408383'>\n\t\t\t\t\tA OTTOBRE A VOLTAGO\n\t\t\t\t\t<\/dd><\/dl><dl class='gallery-item'>\n\t\t\t\t<dt class='gallery-icon portrait'>\n\t\t\t\t\t<a class=\"rollover rollover-zoom dt-pswp-item\" title=\"Locandina evento 14.09.2024\" data-dt-img-description=\"\" data-large_image_width=\"1240\" data-large_image_height=\"1754\"href='https:\/\/www.radiopiu.net\/wordpress\/wp-content\/uploads\/2024\/09\/Locandina-evento-14.09.2024.jpg'><img loading=\"lazy\" decoding=\"async\" width=\"150\" height=\"150\" src=\"https:\/\/www.radiopiu.net\/wordpress\/wp-content\/uploads\/2024\/09\/Locandina-evento-14.09.2024-150x150.jpg\" class=\"attachment-thumbnail size-thumbnail\" alt=\"\" aria-describedby=\"gallery-1-408534\" \/><\/a>\n\t\t\t\t<\/dt>\n\t\t\t\t\t<dd class='wp-caption-text gallery-caption' id='gallery-1-408534'>\n\t\t\t\t\t14 SETTEMBRE A CANALE\n\t\t\t\t\t<\/dd><\/dl><br style=\"clear: both\" \/><dl class='gallery-item'>\n\t\t\t\t<dt class='gallery-icon portrait'>\n\t\t\t\t\t<a class=\"rollover rollover-zoom dt-pswp-item\" title=\"Locandina evento 21.09.2024\" data-dt-img-description=\"\" data-large_image_width=\"1240\" data-large_image_height=\"1754\"href='https:\/\/www.radiopiu.net\/wordpress\/wp-content\/uploads\/2024\/09\/Locandina-evento-21.09.2024.jpg'><img loading=\"lazy\" decoding=\"async\" width=\"150\" height=\"150\" src=\"https:\/\/www.radiopiu.net\/wordpress\/wp-content\/uploads\/2024\/09\/Locandina-evento-21.09.2024-150x150.jpg\" class=\"attachment-thumbnail size-thumbnail\" alt=\"\" aria-describedby=\"gallery-1-408535\" \/><\/a>\n\t\t\t\t<\/dt>\n\t\t\t\t\t<dd class='wp-caption-text gallery-caption' id='gallery-1-408535'>\n\t\t\t\t\t21 SETTEMBRE A CANALE\n\t\t\t\t\t<\/dd><\/dl><dl class='gallery-item'>\n\t\t\t\t<dt class='gallery-icon landscape'>\n\t\t\t\t\t<a class=\"rollover rollover-zoom dt-pswp-item\" title=\"5b3cac0c-a825-49b4-9fc9-d2f8b2c05990\" data-dt-img-description=\"\" data-large_image_width=\"940\" data-large_image_height=\"940\"href='https:\/\/www.radiopiu.net\/wordpress\/wp-content\/uploads\/2024\/09\/5b3cac0c-a825-49b4-9fc9-d2f8b2c05990.jpg'><img loading=\"lazy\" decoding=\"async\" width=\"150\" height=\"150\" src=\"https:\/\/www.radiopiu.net\/wordpress\/wp-content\/uploads\/2024\/09\/5b3cac0c-a825-49b4-9fc9-d2f8b2c05990-150x150.jpg\" class=\"attachment-thumbnail size-thumbnail\" alt=\"\" aria-describedby=\"gallery-1-408631\" srcset=\"https:\/\/www.radiopiu.net\/wordpress\/wp-content\/uploads\/2024\/09\/5b3cac0c-a825-49b4-9fc9-d2f8b2c05990-150x150.jpg 150w, https:\/\/www.radiopiu.net\/wordpress\/wp-content\/uploads\/2024\/09\/5b3cac0c-a825-49b4-9fc9-d2f8b2c05990-300x300.jpg 300w, https:\/\/www.radiopiu.net\/wordpress\/wp-content\/uploads\/2024\/09\/5b3cac0c-a825-49b4-9fc9-d2f8b2c05990-768x768.jpg 768w, https:\/\/www.radiopiu.net\/wordpress\/wp-content\/uploads\/2024\/09\/5b3cac0c-a825-49b4-9fc9-d2f8b2c05990.jpg 940w\" sizes=\"auto, (max-width: 150px) 100vw, 150px\" \/><\/a>\n\t\t\t\t<\/dt>\n\t\t\t\t\t<dd class='wp-caption-text gallery-caption' id='gallery-1-408631'>\n\t\t\t\t\tLEZIONI DI MUSICA AD AGORDO\n\t\t\t\t\t<\/dd><\/dl><dl class='gallery-item'>\n\t\t\t\t<dt class='gallery-icon landscape'>\n\t\t\t\t\t<a class=\"rollover rollover-zoom dt-pswp-item\" title=\"MEL ZOTTIER\" data-dt-img-description=\"\" data-large_image_width=\"940\" data-large_image_height=\"940\"href='https:\/\/www.radiopiu.net\/wordpress\/wp-content\/uploads\/2024\/09\/MEL-ZOTTIER.jpg'><img loading=\"lazy\" decoding=\"async\" width=\"150\" height=\"150\" src=\"https:\/\/www.radiopiu.net\/wordpress\/wp-content\/uploads\/2024\/09\/MEL-ZOTTIER-150x150.jpg\" class=\"attachment-thumbnail size-thumbnail\" alt=\"\" aria-describedby=\"gallery-1-408806\" srcset=\"https:\/\/www.radiopiu.net\/wordpress\/wp-content\/uploads\/2024\/09\/MEL-ZOTTIER-150x150.jpg 150w, https:\/\/www.radiopiu.net\/wordpress\/wp-content\/uploads\/2024\/09\/MEL-ZOTTIER-300x300.jpg 300w, https:\/\/www.radiopiu.net\/wordpress\/wp-content\/uploads\/2024\/09\/MEL-ZOTTIER-768x768.jpg 768w, https:\/\/www.radiopiu.net\/wordpress\/wp-content\/uploads\/2024\/09\/MEL-ZOTTIER.jpg 940w\" sizes=\"auto, (max-width: 150px) 100vw, 150px\" \/><\/a>\n\t\t\t\t<\/dt>\n\t\t\t\t\t<dd class='wp-caption-text gallery-caption' id='gallery-1-408806'>\n\t\t\t\t\tLEZIONI DI MUSICA \n\t\t\t\t\t<\/dd><\/dl><dl class='gallery-item'>\n\t\t\t\t<dt class='gallery-icon landscape'>\n\t\t\t\t\t<a class=\"rollover rollover-zoom dt-pswp-item\" title=\"BOBBY SOLO\" data-dt-img-description=\"\" data-large_image_width=\"4000\" data-large_image_height=\"3000\"href='https:\/\/www.radiopiu.net\/wordpress\/wp-content\/uploads\/2024\/09\/BOBBY-SOLO.png'><img loading=\"lazy\" decoding=\"async\" width=\"150\" height=\"150\" src=\"https:\/\/www.radiopiu.net\/wordpress\/wp-content\/uploads\/2024\/09\/BOBBY-SOLO-150x150.png\" class=\"attachment-thumbnail size-thumbnail\" alt=\"\" aria-describedby=\"gallery-1-408807\" \/><\/a>\n\t\t\t\t<\/dt>\n\t\t\t\t\t<dd class='wp-caption-text gallery-caption' id='gallery-1-408807'>\n\t\t\t\t\tBOBBY SOLO A BELLUNO\n\t\t\t\t\t<\/dd><\/dl><br style=\"clear: both\" \/><dl class='gallery-item'>\n\t\t\t\t<dt class='gallery-icon portrait'>\n\t\t\t\t\t<a class=\"rollover rollover-zoom dt-pswp-item\" title=\"44697589-1143-44ef-a269-98eb6d2881f3\" data-dt-img-description=\"\" data-large_image_width=\"1048\" data-large_image_height=\"1489\"href='https:\/\/www.radiopiu.net\/wordpress\/wp-content\/uploads\/2024\/09\/44697589-1143-44ef-a269-98eb6d2881f3.jpg'><img loading=\"lazy\" decoding=\"async\" width=\"150\" height=\"150\" src=\"https:\/\/www.radiopiu.net\/wordpress\/wp-content\/uploads\/2024\/09\/44697589-1143-44ef-a269-98eb6d2881f3-150x150.jpg\" class=\"attachment-thumbnail size-thumbnail\" alt=\"\" aria-describedby=\"gallery-1-408944\" \/><\/a>\n\t\t\t\t<\/dt>\n\t\t\t\t\t<dd class='wp-caption-text gallery-caption' id='gallery-1-408944'>\n\t\t\t\t\tSANTA GIUSTINA DOMENICA\n\t\t\t\t\t<\/dd><\/dl><dl class='gallery-item'>\n\t\t\t\t<dt class='gallery-icon portrait'>\n\t\t\t\t\t<a class=\"rollover rollover-zoom dt-pswp-item\" title=\"b69bb19f-4dff-44b8-8f0f-7b20d47f34a5\" data-dt-img-description=\"\" data-large_image_width=\"1133\" data-large_image_height=\"1600\"href='https:\/\/www.radiopiu.net\/wordpress\/wp-content\/uploads\/2024\/09\/b69bb19f-4dff-44b8-8f0f-7b20d47f34a5.jpg'><img loading=\"lazy\" decoding=\"async\" width=\"150\" height=\"150\" src=\"https:\/\/www.radiopiu.net\/wordpress\/wp-content\/uploads\/2024\/09\/b69bb19f-4dff-44b8-8f0f-7b20d47f34a5-150x150.jpg\" class=\"attachment-thumbnail size-thumbnail\" alt=\"\" aria-describedby=\"gallery-1-408941\" \/><\/a>\n\t\t\t\t<\/dt>\n\t\t\t\t\t<dd class='wp-caption-text gallery-caption' id='gallery-1-408941'>\n\t\t\t\t\tA FALCADE A FINE MESE\n\t\t\t\t\t<\/dd><\/dl><dl class='gallery-item'>\n\t\t\t\t<dt class='gallery-icon portrait'>\n\t\t\t\t\t<a class=\"rollover rollover-zoom dt-pswp-item\" title=\"459441018_1444029149639781_6588175937352575299_n\" data-dt-img-description=\"\" data-large_image_width=\"509\" data-large_image_height=\"720\"href='https:\/\/www.radiopiu.net\/wordpress\/wp-content\/uploads\/2024\/09\/459441018_1444029149639781_6588175937352575299_n.jpg'><img loading=\"lazy\" decoding=\"async\" width=\"150\" height=\"150\" src=\"https:\/\/www.radiopiu.net\/wordpress\/wp-content\/uploads\/2024\/09\/459441018_1444029149639781_6588175937352575299_n-150x150.jpg\" class=\"attachment-thumbnail size-thumbnail\" alt=\"\" aria-describedby=\"gallery-1-409029\" \/><\/a>\n\t\t\t\t<\/dt>\n\t\t\t\t\t<dd class='wp-caption-text gallery-caption' id='gallery-1-409029'>\n\t\t\t\t\tsabato 21 a voltago\n\t\t\t\t\t<\/dd><\/dl>\n\t\t\t\t<br style='clear: both' \/>\n\t\t\t<\/div>\n\n<\/div>\n<\/div>\n<\/div>\n<div><\/div>\n<p>&nbsp;<\/p>\n<hr \/>\n<p>&nbsp;<\/p>\n<p><a class=\"dt-pswp-item\" href=\"https:\/\/www.radiopiu.net\/wordpress\/wp-content\/uploads\/2018\/09\/viabilita.jpeg\" data-dt-img-description=\"\" data-large_image_width=\"800\" data-large_image_height=\"100\"><img loading=\"lazy\" decoding=\"async\" class=\"aligncenter wp-image-61954 size-full\" src=\"https:\/\/www.radiopiu.net\/wordpress\/wp-content\/uploads\/2018\/09\/viabilita.jpeg\" alt=\"\" width=\"800\" height=\"100\" srcset=\"https:\/\/www.radiopiu.net\/wordpress\/wp-content\/uploads\/2018\/09\/viabilita.jpeg 800w, https:\/\/www.radiopiu.net\/wordpress\/wp-content\/uploads\/2018\/09\/viabilita-300x38.jpeg 300w, https:\/\/www.radiopiu.net\/wordpress\/wp-content\/uploads\/2018\/09\/viabilita-768x96.jpeg 768w\" sizes=\"auto, (max-width: 800px) 100vw, 800px\" \/><\/a><\/p>\n<p>&nbsp;<\/p>\n<p><a class=\"dt-pswp-item\" href=\"https:\/\/www.radiopiu.net\/wordpress\/wp-content\/uploads\/2023\/12\/botol-car-service.jpg\" data-dt-img-description=\"\" data-large_image_width=\"600\" data-large_image_height=\"600\"><img loading=\"lazy\" decoding=\"async\" class=\"size-medium wp-image-367044 aligncenter\" src=\"https:\/\/www.radiopiu.net\/wordpress\/wp-content\/uploads\/2023\/12\/botol-car-service-300x300.jpg\" alt=\"\" width=\"300\" height=\"300\" srcset=\"https:\/\/www.radiopiu.net\/wordpress\/wp-content\/uploads\/2023\/12\/botol-car-service-300x300.jpg 300w, https:\/\/www.radiopiu.net\/wordpress\/wp-content\/uploads\/2023\/12\/botol-car-service-150x150.jpg 150w, https:\/\/www.radiopiu.net\/wordpress\/wp-content\/uploads\/2023\/12\/botol-car-service.jpg 600w\" sizes=\"auto, (max-width: 300px) 100vw, 300px\" \/><\/a><\/p>\n<p>&nbsp;<\/p>\n<p>&nbsp;<\/p>\n<h1>BOLLETTINO QUOTIDIANO, CLICCA QUI<\/h1>\n<blockquote class=\"wp-embedded-content\" data-secret=\"4mH5wxNVi6\"><p><a href=\"https:\/\/www.radiopiu.net\/wordpress\/viabilita-2\/\">viabilita<\/a><\/p><\/blockquote>\n<p><iframe loading=\"lazy\" class=\"wp-embedded-content\" sandbox=\"allow-scripts\" security=\"restricted\" style=\"position: absolute; visibility: hidden;\" title=\"&#8220;viabilita&#8221; &#8212; Radio Pi\u00f9\" src=\"https:\/\/www.radiopiu.net\/wordpress\/viabilita-2\/embed\/#?secret=5c3mYR5PUa#?secret=4mH5wxNVi6\" data-secret=\"4mH5wxNVi6\" width=\"600\" height=\"338\" frameborder=\"0\" marginwidth=\"0\" marginheight=\"0\" scrolling=\"no\"><\/iframe><\/p>\n<p>&nbsp;<\/p>\n<p>&nbsp;<\/p>\n<hr \/>\n<p>&nbsp;<\/p>\n<p><a class=\"dt-pswp-item\" href=\"https:\/\/www.radiopiu.net\/wordpress\/wp-content\/uploads\/2018\/09\/WhatsApp-Image-2018-09-20-at-16.04.06.jpeg\" data-dt-img-description=\"\" data-large_image_width=\"800\" data-large_image_height=\"100\"><img loading=\"lazy\" decoding=\"async\" class=\"wp-image-61378 size-full aligncenter\" src=\"https:\/\/www.radiopiu.net\/wordpress\/wp-content\/uploads\/2018\/09\/WhatsApp-Image-2018-09-20-at-16.04.06.jpeg\" alt=\"\" width=\"800\" height=\"100\" srcset=\"https:\/\/www.radiopiu.net\/wordpress\/wp-content\/uploads\/2018\/09\/WhatsApp-Image-2018-09-20-at-16.04.06.jpeg 800w, https:\/\/www.radiopiu.net\/wordpress\/wp-content\/uploads\/2018\/09\/WhatsApp-Image-2018-09-20-at-16.04.06-300x38.jpeg 300w, https:\/\/www.radiopiu.net\/wordpress\/wp-content\/uploads\/2018\/09\/WhatsApp-Image-2018-09-20-at-16.04.06-768x96.jpeg 768w\" sizes=\"auto, (max-width: 800px) 100vw, 800px\" \/><\/a><\/p>\n<p><center><\/center><center><\/center><center><\/center><center><\/center><center><\/center><center><\/center>&nbsp;<\/p>\n<p><center><b>OGGI<\/b><\/center>Fino al mattino cielo nuvoloso o molto nuvoloso. Dal mezzogiorno e nel pomeriggio graduali e irregolari schiarite alternate a nuovi addensamenti tra Prealpi e pedemontana e su Dolomiti nord assieme alla presenza di nubi alte.<br \/>\n<b>Precipitazioni: <\/b>Nella notte e fino al mattino deboli in esaurimento con neve attorno a 1400 m su Dolomiti e 1800 m su Prealpi; nel pomeriggio generalmente assenti o al pi\u00f9 qualche fiocco portato dal vento da Nord su Dolomiti settentrionali specie verso sera<br \/>\nTemperature massime in ulteriore calo in quota e sui valori eccezionalmente bassi per il periodo.<\/p>\n<hr \/>\n<p><center><b>DOMANI<\/b><\/center>Per gran parte della giornata estesa nuvolosit\u00e0 medio-alta pi\u00f9 estesa fino al primo pomeriggio assieme ad alcuni addensamenti su Dolomiti specie settentrionali. Nel pomeriggio tendenza a qualche schiarita pi\u00f9 ampia.<br \/>\n<b>Precipitazioni: <\/b>Possibile qualche fiocco portato dal vento da Nord su Dolomiti settentrionali e non escluso a tratti anche sulle cime Prealpine durante le ore centrali<br \/>\nTemperature minime stazionarie, massime stazionarie o in aumento specie in alta quota. Sempre molto freddo per il periodo.<\/p>\n<hr \/>\n<p><center><b>DOMENICA<\/b><\/center>Sereno o poco nuvoloso per qualche addensamento su Dolomiti nord e qualche velatura al mattino. Temperature minime stazionarie, massime in aumento, anche marcato.<\/p>\n<hr \/>\n<p><center><b>LUNEDI<\/b><\/center>Cielo da poco a parzialmente nuvoloso per irregolari nubi alte a tratti estese e qualche addensamento su Dolomiti. temperature stazionarie o in calo in alta quota<\/p>\n<p>&nbsp;<\/p>\n<hr \/>\n<p>&nbsp;<\/p>\n<p><a class=\"dt-pswp-item\" href=\"https:\/\/www.radiopiu.net\/wordpress\/wp-content\/uploads\/2018\/09\/sport.jpg\" data-dt-img-description=\"\" data-large_image_width=\"800\" data-large_image_height=\"100\"><img loading=\"lazy\" decoding=\"async\" class=\"aligncenter wp-image-60761 size-full\" src=\"https:\/\/www.radiopiu.net\/wordpress\/wp-content\/uploads\/2018\/09\/sport.jpg\" alt=\"\" width=\"800\" height=\"100\" srcset=\"https:\/\/www.radiopiu.net\/wordpress\/wp-content\/uploads\/2018\/09\/sport.jpg 800w, https:\/\/www.radiopiu.net\/wordpress\/wp-content\/uploads\/2018\/09\/sport-300x38.jpg 300w, https:\/\/www.radiopiu.net\/wordpress\/wp-content\/uploads\/2018\/09\/sport-768x96.jpg 768w\" sizes=\"auto, (max-width: 800px) 100vw, 800px\" \/><\/a><\/p>\n<p>&nbsp;<\/p>\n<p><span style=\"color: #0000ff;\"><strong>MOTORI<\/strong><\/span><\/p>\n<blockquote>\n<h2>Imola 2024: Fontana in azione nel Campionato Italiano GT Endurance<\/h2>\n<\/blockquote>\n<div class=\"group\/conversation-turn relative flex w-full min-w-0 flex-col agent-turn\">\n<div class=\"flex-col gap-1 md:gap-3\">\n<div class=\"flex max-w-full flex-col flex-grow\">\n<div class=\"min-h-[20px] text-message flex w-full flex-col items-end gap-2 whitespace-normal break-words [.text-message+&amp;]:mt-5\" dir=\"auto\" data-message-author-role=\"assistant\" data-message-id=\"3acd9940-55e3-418c-b1bd-960a1428f5a2\">\n<div class=\"flex w-full flex-col gap-1 empty:hidden first:pt-[3px]\">\n<div class=\"markdown prose w-full break-words dark:prose-invert dark\">\n<p><img loading=\"lazy\" decoding=\"async\" class=\"alignleft\" src=\"https:\/\/www.radiopiu.net\/wordpress\/wp-content\/uploads\/2024\/09\/3f9e5d9a-76d0-a412-91af-f325615a0c41-scaled.jpeg\" width=\"282\" height=\"188\" \/>Il penultimo appuntamento del Campionato Italiano GT Endurance 2024 si \u00e8 svolto all&#8217;Autodromo Internazionale Enzo e Dino Ferrari di Imola. Andrea Fontana, insieme ai compagni Luca Seg\u00f9 e Alessio Caiola, ha guidato la Lamborghini Hurac\u00e1n EVO 2 del team DL Racing #172. Sabato, nelle tre sessioni di qualifica, Fontana ha ottenuto il miglior tempo tra gli equipaggi Pro-Am con un 1:45.250, partendo dalla seconda posizione di classe. La gara di domenica, della durata di tre ore, si \u00e8 svolta sotto una pioggia torrenziale, complicando le condizioni in pista. Inizialmente, la gara \u00e8 partita dietro la safety car, ma una volta sventolata la bandiera verde, Seg\u00f9 ha guadagnato posizioni in classifica. Caiola ha poi portato la Lamborghini alla prima posizione di classe Pro-Am prima che la pioggia rendesse le condizioni troppo pericolose, costringendo la direzione gara a interrompere la corsa.<\/p>\n<blockquote><p><em>Andrea Fontana \u00e8 finalmente sceso in pista dopo la ripartenza, dovendo fare i conti con una pista ben lontana dalle condizioni ottimali. L&#8217;esperienza del pilota bellunese \u00e8 comunque servita per evitare incidenti, mantenendo la seconda posizione prima di un&#8217;ulteriore uscita della safety car. Purtroppo, la gara della Lamborghini Huracan del team DL Racing \u00e8 terminata quando Seg\u00f9 \u00e8 rimasto vittima dell&#8217;aquaplaning dopo la curva della Tosa, in uno dei tanti incidenti che ha costretto la direzione gara a porre di nuovo la bandiera rossa. La gara non \u00e8 stata pi\u00f9 ripresa, ma l&#8217;equipaggio del bellunese ha limitato i danni chiudendo in quarta posizione di classe<\/em><\/p><\/blockquote>\n<p>Il prossimo appuntamento del Campionato Italiano GT Endurance sar\u00e0 sul circuito di Monza il 26-27 ottobre, dove il team DL Racing cercher\u00e0 di conquistare il titolo piloti in classe GT Cup Divisione 1 Pro-AM.<\/p>\n<\/div>\n<\/div>\n<\/div>\n<\/div>\n<\/div>\n<\/div>\n<p>&nbsp;<\/p>\n<hr \/>\n<p>&nbsp;<\/p>\n<blockquote>\n<h2>IL POKER BELLUNESE ALLA PEDAVENA CROCE D&#8217;AUNE<\/h2>\n<\/blockquote>\n<p><strong><img loading=\"lazy\" decoding=\"async\" class=\"alignleft\" src=\"https:\/\/www.radiopiu.net\/wordpress\/wp-content\/uploads\/2024\/09\/0e9106bf-ac44-4988-92e8-dfde5a8bdcbe.jpg\" width=\"240\" height=\"160\" \/>BELLUNO<\/strong><\/p>\n<p><strong>DI ROBERTO BONA<\/strong><\/p>\n<audio class=\"wp-audio-shortcode\" id=\"audio-409109-15\" preload=\"none\" style=\"width: 100%;\" controls=\"controls\"><source type=\"audio\/wav\" src=\"https:\/\/www.radiopiu.net\/wordpress\/wp-content\/uploads\/2024\/09\/XmotorsPedavena.wav?_=15\" \/><a href=\"https:\/\/www.radiopiu.net\/wordpress\/wp-content\/uploads\/2024\/09\/XmotorsPedavena.wav\">https:\/\/www.radiopiu.net\/wordpress\/wp-content\/uploads\/2024\/09\/XmotorsPedavena.wav<\/a><\/audio>\n<p><strong>FOTO La foto\u00a0 di Luca Dal Pozzolo: Alex D\u2019Agostini al Nevegal<\/strong><\/p>\n<p>&nbsp;<\/p>\n<p>&nbsp;<\/p>\n<hr \/>\n<p>&nbsp;<\/p>\n<p><span style=\"color: #0000ff;\"><strong>PALLAVOLO<\/strong><\/span><\/p>\n<blockquote>\n<h3>SONO RIPRESI GLI ALLENAMENTI DELLA SB VOLLEY<\/h3>\n<\/blockquote>\n<p><a class=\"dt-pswp-item\" href=\"https:\/\/www.radiopiu.net\/wordpress\/wp-content\/uploads\/2024\/09\/Riparte_la_SB_Volley.jpg\" data-dt-img-description=\"\" data-large_image_width=\"1420\" data-large_image_height=\"1375\"><img loading=\"lazy\" decoding=\"async\" class=\" wp-image-409137 alignleft\" src=\"https:\/\/www.radiopiu.net\/wordpress\/wp-content\/uploads\/2024\/09\/Riparte_la_SB_Volley-300x290.jpg\" alt=\"\" width=\"129\" height=\"124\" srcset=\"https:\/\/www.radiopiu.net\/wordpress\/wp-content\/uploads\/2024\/09\/Riparte_la_SB_Volley-300x290.jpg 300w, https:\/\/www.radiopiu.net\/wordpress\/wp-content\/uploads\/2024\/09\/Riparte_la_SB_Volley-1024x992.jpg 1024w, https:\/\/www.radiopiu.net\/wordpress\/wp-content\/uploads\/2024\/09\/Riparte_la_SB_Volley-768x744.jpg 768w, https:\/\/www.radiopiu.net\/wordpress\/wp-content\/uploads\/2024\/09\/Riparte_la_SB_Volley.jpg 1420w\" sizes=\"auto, (max-width: 129px) 100vw, 129px\" \/><\/a>La SB Volley ha ripreso la preparazione per il campionato femminile di Serie C e la Coppa Veneto, con l&#8217;esordio fissato per il 28 settembre contro Cappella Fregona Sarmede. Il direttore sportivo Claudio Casanova ha lavorato duramente per allestire la squadra, affidata nuovamente a coach Giorgio De Salvador. Lo staff include il preparatore atletico Andrea Da Poian e il collaboratore Matteo Possamai. La rosa \u00e8 competitiva, con conferme importanti come Claudia Fiabane e Valentina De Salvador, e nuove arrivate come Anna De Paris e Camilla De Pizzol. Alcune atlete hanno lasciato per motivi di studio, ma la societ\u00e0 ringrazia tutte per il loro contributo.<\/p>\n<p>&nbsp;<\/p>\n<p><span style=\"color: #0000ff;\"><strong>CALCIO<\/strong><\/span><\/p>\n<blockquote>\n<h3>INIZIANO I CAMPIONATI CSI DI CALCIO<\/h3>\n<\/blockquote>\n<p><a class=\"dt-pswp-item\" href=\"https:\/\/www.radiopiu.net\/wordpress\/wp-content\/uploads\/2020\/08\/PALLONE-CALCIO-CSI-1.jpg\" data-dt-img-description=\"\" data-large_image_width=\"957\" data-large_image_height=\"685\"><img loading=\"lazy\" decoding=\"async\" class=\" wp-image-157935 alignleft\" src=\"https:\/\/www.radiopiu.net\/wordpress\/wp-content\/uploads\/2020\/08\/PALLONE-CALCIO-CSI-1-300x215.jpg\" alt=\"\" width=\"144\" height=\"103\" srcset=\"https:\/\/www.radiopiu.net\/wordpress\/wp-content\/uploads\/2020\/08\/PALLONE-CALCIO-CSI-1-300x215.jpg 300w, https:\/\/www.radiopiu.net\/wordpress\/wp-content\/uploads\/2020\/08\/PALLONE-CALCIO-CSI-1-768x550.jpg 768w, https:\/\/www.radiopiu.net\/wordpress\/wp-content\/uploads\/2020\/08\/PALLONE-CALCIO-CSI-1-640x458.jpg 640w, https:\/\/www.radiopiu.net\/wordpress\/wp-content\/uploads\/2020\/08\/PALLONE-CALCIO-CSI-1.jpg 957w\" sizes=\"auto, (max-width: 144px) 100vw, 144px\" \/><\/a>\u00c8 iniziato il conto alla rovescia per i campionati Open e Over organizzati dal comitato di Belluno del Centro Sportivo Italiano (CSI), in collaborazione con il CSI Feltre, per la stagione 2024-2025. Partecipano 25 squadre: 15 nel campionato Open e 10 nell&#8217;Over. Il campionato Open prevede un girone d&#8217;andata con scontri tra tutte le squadre, seguito da fasi a gironi per le posizioni finali e le semifinali di Coppa. Il campionato Over seguir\u00e0 una stagione regolare con girone unico e quarti di finale. La prima giornata si terr\u00e0 rispettivamente il 14 e il 20 settembre. Il responsabile tecnico Cristian Moglia ha ringraziato chi ha contribuito all\u2019organizzazione e augurato buona fortuna a tutte le squadre.<\/p>\n<p>&nbsp;<\/p>\n<p>&nbsp;<\/p>\n<hr \/>\n<p>&nbsp;<\/p>\n<h2><span style=\"color: #008000;\">GOODBYE BY BICICLE&#8230;UN VIAGGIO DALL&#8217;INDIA A SEREN DEL GRAPPA IN BICICLETTA<\/span><\/h2>\n<p><span style=\"color: #ff0000;\"><strong>PUNTATA 29 &#8211; DALLA SERBIA ALLA MACEDONIA&#8230;L&#8217;ITALIA E&#8217; SEMPRE PIU&#8217; VICINA<\/strong><\/span><\/p>\n<audio class=\"wp-audio-shortcode\" id=\"audio-409109-16\" preload=\"none\" style=\"width: 100%;\" controls=\"controls\"><source type=\"audio\/mpeg\" src=\"https:\/\/www.radiopiu.net\/wordpress\/wp-content\/uploads\/2024\/09\/AIRE-INDIA-PUNTATA-29.mp3?_=16\" \/><a href=\"https:\/\/www.radiopiu.net\/wordpress\/wp-content\/uploads\/2024\/09\/AIRE-INDIA-PUNTATA-29.mp3\">https:\/\/www.radiopiu.net\/wordpress\/wp-content\/uploads\/2024\/09\/AIRE-INDIA-PUNTATA-29.mp3<\/a><\/audio>\n<p>&nbsp;<\/p>\n<p><strong>PER VISITARE I SITI DEI LUOGHI VISITATI, CLICCA SULLE SEGUENTI SCRITTE:\u00a0 <span style=\"color: #3366ff;\"><a style=\"color: #3366ff;\" href=\"https:\/\/www.instagram.com\/zapochistamakedonija?igsh=NDZxbXFmZDVwZDA5\">ZAPOCHISTA MACEDONIA<\/a><\/span>\u00a0 \u00a0<span style=\"color: #3366ff;\"><a style=\"color: #3366ff;\" href=\"https:\/\/www.instagram.com\/macedonian.ecological.society?igsh=MWR1bzhteXVtZnpqYg==\">MACEDONIA ECOLOGICAL SOCETY<\/a><\/span><\/strong><\/p>\n<p>&nbsp;<\/p>\n\n\t\t\t<style type='text\/css'>\n\t\t\t\t#gallery-2 {\n\t\t\t\t\tmargin: auto;\n\t\t\t\t}\n\t\t\t\t#gallery-2 .gallery-item {\n\t\t\t\t\tfloat: left;\n\t\t\t\t\tmargin-top: 10px;\n\t\t\t\t\ttext-align: center;\n\t\t\t\t\twidth: 33%;\n\t\t\t\t}\n\t\t\t\t#gallery-2 img {\n\t\t\t\t\tborder: 2px solid #cfcfcf;\n\t\t\t\t}\n\t\t\t\t#gallery-2 .gallery-caption {\n\t\t\t\t\tmargin-left: 0;\n\t\t\t\t}\n\t\t\t\t\/* see gallery_shortcode() in wp-includes\/media.php *\/\n\t\t\t<\/style>\n\t\t<div id='gallery-2' class='dt-gallery-container gallery galleryid-409109 gallery-columns-3 gallery-size-thumbnail'><dl class='gallery-item'>\n\t\t\t\t<dt class='gallery-icon portrait'>\n\t\t\t\t\t<a class=\"rollover rollover-zoom dt-pswp-item\" title=\"53c13f21-4695-41e3-bc7e-505a5312947f\" data-dt-img-description=\"\" data-large_image_width=\"1200\" data-large_image_height=\"1600\"href='https:\/\/www.radiopiu.net\/wordpress\/wp-content\/uploads\/2024\/09\/53c13f21-4695-41e3-bc7e-505a5312947f.jpg'><img loading=\"lazy\" decoding=\"async\" width=\"150\" height=\"150\" src=\"https:\/\/www.radiopiu.net\/wordpress\/wp-content\/uploads\/2024\/09\/53c13f21-4695-41e3-bc7e-505a5312947f-150x150.jpg\" class=\"attachment-thumbnail size-thumbnail\" alt=\"\" \/><\/a>\n\t\t\t\t<\/dt><\/dl><dl class='gallery-item'>\n\t\t\t\t<dt class='gallery-icon portrait'>\n\t\t\t\t\t<a class=\"rollover rollover-zoom dt-pswp-item\" title=\"b8bbdd83-0c71-46f7-8fb8-3fdb3c7bc68a\" data-dt-img-description=\"\" data-large_image_width=\"1200\" data-large_image_height=\"1600\"href='https:\/\/www.radiopiu.net\/wordpress\/wp-content\/uploads\/2024\/09\/b8bbdd83-0c71-46f7-8fb8-3fdb3c7bc68a.jpg'><img loading=\"lazy\" decoding=\"async\" width=\"150\" height=\"150\" src=\"https:\/\/www.radiopiu.net\/wordpress\/wp-content\/uploads\/2024\/09\/b8bbdd83-0c71-46f7-8fb8-3fdb3c7bc68a-150x150.jpg\" class=\"attachment-thumbnail size-thumbnail\" alt=\"\" \/><\/a>\n\t\t\t\t<\/dt><\/dl><dl class='gallery-item'>\n\t\t\t\t<dt class='gallery-icon portrait'>\n\t\t\t\t\t<a class=\"rollover rollover-zoom dt-pswp-item\" title=\"ab55c642-ee40-4b39-8b63-b5893cf2e6d1\" data-dt-img-description=\"\" data-large_image_width=\"1200\" data-large_image_height=\"1600\"href='https:\/\/www.radiopiu.net\/wordpress\/wp-content\/uploads\/2024\/09\/ab55c642-ee40-4b39-8b63-b5893cf2e6d1.jpg'><img loading=\"lazy\" decoding=\"async\" width=\"150\" height=\"150\" src=\"https:\/\/www.radiopiu.net\/wordpress\/wp-content\/uploads\/2024\/09\/ab55c642-ee40-4b39-8b63-b5893cf2e6d1-150x150.jpg\" class=\"attachment-thumbnail size-thumbnail\" alt=\"\" \/><\/a>\n\t\t\t\t<\/dt><\/dl><br style=\"clear: both\" \/>\n\t\t\t<\/div>\n\n<h2>LA RACCOLTA COMPLETA <a href=\"https:\/\/www.radiopiu.net\/wordpress\/goodbye-by-bicicle-un-viaggio-dallindia-a-seren-del-grappa-in-bicicletta-29\/\"><span style=\"color: #3366ff;\">CLICCA QUI<\/span><\/a><\/h2>\n<p>&nbsp;<\/p>\n<p>&nbsp;<\/p>\n<p>&nbsp;<\/p>\n","protected":false},"excerpt":{"rendered":"<p>***** IERI, LA PRIMA NEVE PASSO CAMPOLONGO- ARABBA PASSO FEDAIA PASSO SAN PELLEGRINO &nbsp; ATTENZIONE: LA NUOVA APP PER IOS-IPHONE di Nicola Vettorello https:\/\/apps.apple.com\/it\/app\/radio-pi%C3%B9-emittente-agordina\/id1515939845 ATTENZIONE: LA NUOVA APP RADIO\u00a0 PER ANDROID di Nicola Vettorello https:\/\/play.google.com\/store\/apps\/details?id=net.radiopiu.iniko\u00a0\u00a0\u00a0 &nbsp; &nbsp; &nbsp; OGGI ALLA RADIO&#8230;. ALLE 4 E ALLE 6 LE NOTIZIE DALL&#8217;ITALIA E DAL MONDO 6.15 PIROLE DE&hellip;<\/p>\n","protected":false},"author":4,"featured_media":409213,"comment_status":"closed","ping_status":"closed","sticky":false,"template":"","format":"standard","meta":{"_monsterinsights_skip_tracking":false,"_monsterinsights_sitenote_active":false,"_monsterinsights_sitenote_note":"","_monsterinsights_sitenote_category":0,"footnotes":""},"categories":[51,86,49],"tags":[],"class_list":["post-409109","post","type-post","status-publish","format-standard","has-post-thumbnail","hentry","category-evidenza-top","category-gr","category-news-18","category-51","category-86","category-49","description-off"],"img_url":"https:\/\/www.radiopiu.net\/wordpress\/wp-content\/uploads\/2024\/09\/1c9856a3-7190-4e41-bc72-983d160dd511.jpg","_links":{"self":[{"href":"https:\/\/www.radiopiu.net\/wordpress\/wp-json\/wp\/v2\/posts\/409109","targetHints":{"allow":["GET"]}}],"collection":[{"href":"https:\/\/www.radiopiu.net\/wordpress\/wp-json\/wp\/v2\/posts"}],"about":[{"href":"https:\/\/www.radiopiu.net\/wordpress\/wp-json\/wp\/v2\/types\/post"}],"author":[{"embeddable":true,"href":"https:\/\/www.radiopiu.net\/wordpress\/wp-json\/wp\/v2\/users\/4"}],"replies":[{"embeddable":true,"href":"https:\/\/www.radiopiu.net\/wordpress\/wp-json\/wp\/v2\/comments?post=409109"}],"version-history":[{"count":33,"href":"https:\/\/www.radiopiu.net\/wordpress\/wp-json\/wp\/v2\/posts\/409109\/revisions"}],"predecessor-version":[{"id":409272,"href":"https:\/\/www.radiopiu.net\/wordpress\/wp-json\/wp\/v2\/posts\/409109\/revisions\/409272"}],"wp:featuredmedia":[{"embeddable":true,"href":"https:\/\/www.radiopiu.net\/wordpress\/wp-json\/wp\/v2\/media\/409213"}],"wp:attachment":[{"href":"https:\/\/www.radiopiu.net\/wordpress\/wp-json\/wp\/v2\/media?parent=409109"}],"wp:term":[{"taxonomy":"category","embeddable":true,"href":"https:\/\/www.radiopiu.net\/wordpress\/wp-json\/wp\/v2\/categories?post=409109"},{"taxonomy":"post_tag","embeddable":true,"href":"https:\/\/www.radiopiu.net\/wordpress\/wp-json\/wp\/v2\/tags?post=409109"}],"curies":[{"name":"wp","href":"https:\/\/api.w.org\/{rel}","templated":true}]}}