{"id":409179,"date":"2024-09-12T16:44:56","date_gmt":"2024-09-12T14:44:56","guid":{"rendered":"https:\/\/www.radiopiu.net\/wordpress\/?p=409179"},"modified":"2024-09-13T05:31:06","modified_gmt":"2024-09-13T03:31:06","slug":"imola-2024-fontana-in-azione-nel-campionato-italiano-gt-endurance","status":"publish","type":"post","link":"https:\/\/www.radiopiu.net\/wordpress\/imola-2024-fontana-in-azione-nel-campionato-italiano-gt-endurance\/","title":{"rendered":"Imola 2024: Fontana in azione nel Campionato Italiano GT Endurance"},"content":{"rendered":"<p>+++<\/p>\n<p>&nbsp;<\/p>\n<div class=\"flex-shrink-0 flex flex-col relative items-end\">\n<div>\n<div class=\"pt-0\">\n<div class=\"gizmo-bot-avatar flex h-8 w-8 items-center justify-center overflow-hidden rounded-full\">\n<div class=\"relative p-1 rounded-sm flex items-center justify-center bg-token-main-surface-primary text-token-text-primary h-8 w-8\"><\/div>\n<\/div>\n<\/div>\n<\/div>\n<\/div>\n<div class=\"group\/conversation-turn relative flex w-full min-w-0 flex-col agent-turn\">\n<div class=\"flex-col gap-1 md:gap-3\">\n<div class=\"flex max-w-full flex-col flex-grow\">\n<div class=\"min-h-[20px] text-message flex w-full flex-col items-end gap-2 whitespace-normal break-words [.text-message+&amp;]:mt-5\" dir=\"auto\" data-message-author-role=\"assistant\" data-message-id=\"3acd9940-55e3-418c-b1bd-960a1428f5a2\">\n<div class=\"flex w-full flex-col gap-1 empty:hidden first:pt-[3px]\">\n<div class=\"markdown prose w-full break-words dark:prose-invert dark\">\n<p>&nbsp;<\/p>\n<p><img loading=\"lazy\" decoding=\"async\" class=\"alignleft\" src=\"https:\/\/www.radiopiu.net\/wordpress\/wp-content\/uploads\/2024\/09\/3f9e5d9a-76d0-a412-91af-f325615a0c41-scaled.jpeg\" width=\"282\" height=\"188\" \/>Il penultimo appuntamento del Campionato Italiano GT Endurance 2024 si \u00e8 svolto all&#8217;Autodromo Internazionale Enzo e Dino Ferrari di Imola. Andrea Fontana, insieme ai compagni Luca Seg\u00f9 e Alessio Caiola, ha guidato la Lamborghini Hurac\u00e1n EVO 2 del team DL Racing #172. Sabato, nelle tre sessioni di qualifica, Fontana ha ottenuto il miglior tempo tra gli equipaggi Pro-Am con un 1:45.250, partendo dalla seconda posizione di classe. La gara di domenica, della durata di tre ore, si \u00e8 svolta sotto una pioggia torrenziale, complicando le condizioni in pista. Inizialmente, la gara \u00e8 partita dietro la safety car, ma una volta sventolata la bandiera verde, Seg\u00f9 ha guadagnato posizioni in classifica. Caiola ha poi portato la Lamborghini alla prima posizione di classe Pro-Am prima che la pioggia rendesse le condizioni troppo pericolose, costringendo la direzione gara a interrompere la corsa.<\/p>\n<blockquote><p><em>Andrea Fontana \u00e8 finalmente sceso in pista dopo la ripartenza, dovendo fare i conti con una pista ben lontana dalle condizioni ottimali. L&#8217;esperienza del pilota bellunese \u00e8 comunque servita per evitare incidenti, mantenendo la seconda posizione prima di un&#8217;ulteriore uscita della safety car. Purtroppo, la gara della Lamborghini Huracan del team DL Racing \u00e8 terminata quando Seg\u00f9 \u00e8 rimasto vittima dell&#8217;aquaplaning dopo la curva della Tosa, in uno dei tanti incidenti che ha costretto la direzione gara a porre di nuovo la bandiera rossa. La gara non \u00e8 stata pi\u00f9 ripresa, ma l&#8217;equipaggio del bellunese ha limitato i danni chiudendo in quarta posizione di classe<\/em><\/p><\/blockquote>\n<p>Il prossimo appuntamento del Campionato Italiano GT Endurance sar\u00e0 sul circuito di Monza il 26-27 ottobre, dove il team DL Racing cercher\u00e0 di conquistare il titolo piloti in classe GT Cup Divisione 1 Pro-AM.<\/p>\n<\/div>\n<\/div>\n<\/div>\n<\/div>\n<\/div>\n<\/div>\n<p>&nbsp;<\/p>\n<hr \/>\n<div class=\"group\/conversation-turn relative flex w-full min-w-0 flex-col agent-turn\">\n<div class=\"flex-col gap-1 md:gap-3\">\n<div class=\"flex max-w-full flex-col flex-grow\">\n<div class=\"min-h-[20px] text-message flex w-full flex-col items-end gap-2 whitespace-normal break-words [.text-message+&amp;]:mt-5\" dir=\"auto\" data-message-author-role=\"assistant\" data-message-id=\"3acd9940-55e3-418c-b1bd-960a1428f5a2\">\n<div class=\"flex w-full flex-col gap-1 empty:hidden first:pt-[3px]\">\n<div class=\"markdown prose w-full break-words dark:prose-invert dark\">\n<p>&nbsp;<\/p>\n<\/div>\n<\/div>\n<\/div>\n<\/div>\n<\/div>\n<\/div>\n","protected":false},"excerpt":{"rendered":"<p>+++ &nbsp; &nbsp; Il penultimo appuntamento del Campionato Italiano GT Endurance 2024 si \u00e8 svolto all&#8217;Autodromo Internazionale Enzo e Dino Ferrari di Imola. Andrea Fontana, insieme ai compagni Luca Seg\u00f9 e Alessio Caiola, ha guidato la Lamborghini Hurac\u00e1n EVO 2 del team DL Racing #172. Sabato, nelle tre sessioni di qualifica, Fontana ha ottenuto il&hellip;<\/p>\n","protected":false},"author":4,"featured_media":409180,"comment_status":"closed","ping_status":"closed","sticky":false,"template":"","format":"standard","meta":{"_monsterinsights_skip_tracking":false,"_monsterinsights_sitenote_active":false,"_monsterinsights_sitenote_note":"","_monsterinsights_sitenote_category":0,"footnotes":""},"categories":[51,49],"tags":[],"class_list":["post-409179","post","type-post","status-publish","format-standard","has-post-thumbnail","hentry","category-evidenza-top","category-news-18","category-51","category-49","description-off"],"img_url":"https:\/\/www.radiopiu.net\/wordpress\/wp-content\/uploads\/2024\/09\/3f9e5d9a-76d0-a412-91af-f325615a0c41-scaled.jpeg","_links":{"self":[{"href":"https:\/\/www.radiopiu.net\/wordpress\/wp-json\/wp\/v2\/posts\/409179","targetHints":{"allow":["GET"]}}],"collection":[{"href":"https:\/\/www.radiopiu.net\/wordpress\/wp-json\/wp\/v2\/posts"}],"about":[{"href":"https:\/\/www.radiopiu.net\/wordpress\/wp-json\/wp\/v2\/types\/post"}],"author":[{"embeddable":true,"href":"https:\/\/www.radiopiu.net\/wordpress\/wp-json\/wp\/v2\/users\/4"}],"replies":[{"embeddable":true,"href":"https:\/\/www.radiopiu.net\/wordpress\/wp-json\/wp\/v2\/comments?post=409179"}],"version-history":[{"count":1,"href":"https:\/\/www.radiopiu.net\/wordpress\/wp-json\/wp\/v2\/posts\/409179\/revisions"}],"predecessor-version":[{"id":409181,"href":"https:\/\/www.radiopiu.net\/wordpress\/wp-json\/wp\/v2\/posts\/409179\/revisions\/409181"}],"wp:featuredmedia":[{"embeddable":true,"href":"https:\/\/www.radiopiu.net\/wordpress\/wp-json\/wp\/v2\/media\/409180"}],"wp:attachment":[{"href":"https:\/\/www.radiopiu.net\/wordpress\/wp-json\/wp\/v2\/media?parent=409179"}],"wp:term":[{"taxonomy":"category","embeddable":true,"href":"https:\/\/www.radiopiu.net\/wordpress\/wp-json\/wp\/v2\/categories?post=409179"},{"taxonomy":"post_tag","embeddable":true,"href":"https:\/\/www.radiopiu.net\/wordpress\/wp-json\/wp\/v2\/tags?post=409179"}],"curies":[{"name":"wp","href":"https:\/\/api.w.org\/{rel}","templated":true}]}}