{"id":409240,"date":"2024-09-13T07:55:51","date_gmt":"2024-09-13T05:55:51","guid":{"rendered":"https:\/\/www.radiopiu.net\/wordpress\/?p=409240"},"modified":"2024-09-13T08:03:25","modified_gmt":"2024-09-13T06:03:25","slug":"dal-1983-puntuale-alle-otto-del-mattino-la-rassegna-stampa-locale-di-mirko-mezzacasa","status":"publish","type":"post","link":"https:\/\/www.radiopiu.net\/wordpress\/dal-1983-puntuale-alle-otto-del-mattino-la-rassegna-stampa-locale-di-mirko-mezzacasa\/","title":{"rendered":"dal 1983 puntuale alle otto del mattino LA RASSEGNA STAMPA LOCALE DI MIRKO MEZZACASA"},"content":{"rendered":"<p>**+<\/p>\n<p><iframe loading=\"lazy\" title=\"DAL 1983 LA RASSEGNA STAMPA LOCALE di mirko mezzacasa. L&#039;ORIGINALE\" width=\"1200\" height=\"675\" src=\"https:\/\/www.youtube.com\/embed\/6Xng6cP7ZAc?feature=oembed\" frameborder=\"0\" allow=\"accelerometer; autoplay; clipboard-write; encrypted-media; gyroscope; picture-in-picture; web-share\" referrerpolicy=\"strict-origin-when-cross-origin\" allowfullscreen><\/iframe><\/p>\n<p><a class=\"dt-pswp-item\" href=\"https:\/\/www.radiopiu.net\/wordpress\/wp-content\/uploads\/2024\/09\/COOP2.png\" data-dt-img-description=\"\" data-large_image_width=\"490\" data-large_image_height=\"248\"><img loading=\"lazy\" decoding=\"async\" class=\"size-medium wp-image-409227 alignleft\" src=\"https:\/\/www.radiopiu.net\/wordpress\/wp-content\/uploads\/2024\/09\/COOP2-300x152.png\" alt=\"\" width=\"300\" height=\"152\" srcset=\"https:\/\/www.radiopiu.net\/wordpress\/wp-content\/uploads\/2024\/09\/COOP2-300x152.png 300w, https:\/\/www.radiopiu.net\/wordpress\/wp-content\/uploads\/2024\/09\/COOP2.png 490w\" sizes=\"auto, (max-width: 300px) 100vw, 300px\" \/><\/a>A LIVINALLONGO DEL COL DI LANA in LOCALITA LARZONEI, l&#8217;acqua erogata dall&#8217;acquedotto \u00e8 di nuovo potabile e pu\u00f2 essere usata, quindi, per scopi alimentari.<br \/>\nA RIVAMONTE AGORDINO in VIA ROSSON CIVICO N. 25 e VIA VILLAGRANDE CIVICI N. 45 e 4A l&#8217;acqua erogata dall&#8217;acquedotto non \u00e8 potabile e pu\u00f2 essere usata per scopi alimentari SOLO PREVIA bollitura.<br \/>\nVOLTAGO AGORDINO nelle localit\u00e0 CAPOLUOGO, CORONE e VIA STRUZ l&#8217;acqua erogata dall&#8217;acquedotto non \u00e8 potabile e non pu\u00f2 essere usata per scopi alimentari. Verr\u00e0 effettuato servizio sostitutivo con cisterna c\/o Piazza della Chiesa.<\/p>\n<p>IL PUNTO NERO DELLA 203 AGORDINA, PONTE MISSIAGA<br \/>\nA poche settimane dal grave incidente sul ponte della Missiaga tra un camion e due auto, ieri la replica alle 12.40, un altro incidente che poteva avere conseguenze ben pi\u00f9 gravi tra una Punto Blu e un Autoarticolato Sts. Un punto nero, all&#8217;uscita della tangenziale che necessita soluzioni in considerazione dei troppi incidenti (anche mortali).<\/p>\n<p>Sport Business Forum: quattro giorni di sport e economia<br \/>\nBELLUNO Lo Sport Business Forum, promosso da Confindustria Belluno Dolomiti e Veneto Est, ha preso il via\u00a0 nelle Dolomiti. L&#8217;evento, che durer\u00e0 fino a domenica, riunisce protagonisti dello sport italiano, aziende e politici per discutere il valore dello sport e il suo impatto economico. Tra gli argomenti trattati: sport praticato, raccontato, economia e diritti. Lo sguardo \u00e8 gi\u00e0 rivolto verso le Olimpiadi di Milano Cortina 2026, con la Regione Veneto protagonista come \u201cregione europea dello sport 2024\u201d.<\/p>\n<p>Sport Business Forum e l\u2019inaugurazione della mostra dedicata a Tonino Zampieri.<br \/>\n\u00e8 stata inaugurata la mostra \u201cScie di gloria: l\u2019eredit\u00e0 di Tonino Zampieri\u201d realizzata dal Circolo Cultura e Stampa Bellunese col supporto di Regione del Veneto, Veneto Agricolutura, Longarone Fiere Dolomiti, Camera di Commercio di Treviso e Belluno. Si tratta di una\u00a0 selezione di sci e attrezzatura sportiva invernale del \u2018900, un viaggio attraverso l\u2019evoluzione nella tecnologia di costruzione e dei materiali per lo sci alpino, lo sci nordico, lo scialpinismo, lo sci militare.<\/p>\n<p>Vanoi, Camani (Pd): Regione prenda posizione chiara sulla diga<br \/>\nVanessa Camani (Pd) ha presentato una mozione al Consiglio regionale chiedendo di esprimere un parere contrario alla diga del Vanoi. Solleva preoccupazioni sull&#8217;impatto ambientale e chiede una decisione chiara e ufficiale dalla Regione &#8220;A maggior ragione &#8211; dice Vanessa Camani &#8211; dopo le dichiarazioni di queste ore del presidente Zaia \u00e8 fondamentale fissare per via ufficiale, nero su bianco, una posizione di contrariet\u00e0 da parte della Regione.<\/p>\n<p><a class=\"dt-pswp-item\" href=\"https:\/\/www.radiopiu.net\/wordpress\/wp-content\/uploads\/2024\/09\/COOP1.png\" data-dt-img-description=\"\" data-large_image_width=\"370\" data-large_image_height=\"261\"><img loading=\"lazy\" decoding=\"async\" class=\"size-medium wp-image-409226 alignleft\" src=\"https:\/\/www.radiopiu.net\/wordpress\/wp-content\/uploads\/2024\/09\/COOP1-300x212.png\" alt=\"\" width=\"300\" height=\"212\" srcset=\"https:\/\/www.radiopiu.net\/wordpress\/wp-content\/uploads\/2024\/09\/COOP1-300x212.png 300w, https:\/\/www.radiopiu.net\/wordpress\/wp-content\/uploads\/2024\/09\/COOP1.png 370w\" sizes=\"auto, (max-width: 300px) 100vw, 300px\" \/><\/a>Il riconoscimento UNESCO delle Dolomiti: impegno continuo<br \/>\nBELLUNO Il vice presidente della Fondazione Dolomiti UNESCO, Roberto Padrin, sottolinea che il riconoscimento UNESCO non \u00e8 un punto di arrivo ma uno stimolo costante per tutelare e promuovere le Dolomiti. Apprezza la recente lettera del Cai Bellunese, che ribadisce l&#8217;importanza del riconoscimento e la collaborazione con la Fondazione.<\/p>\n<p>Educazione civica nelle scuole: terza edizione in arrivo<br \/>\nBELLUNO La terza edizione del progetto di educazione civica, organizzata dall&#8217;assessore alla sicurezza Raffaele Addamiano (foto) e dall&#8217;assessore alle politiche scolastiche Roberta Olivotto, partir\u00e0 nell&#8217;anno scolastico 2024\/2025. Coinvolger\u00e0 studenti delle scuole medie e superiori, trattando temi come cyberbullismo, violenza di genere e droga.<\/p>\n<p>GDF BELLUNO: SVELAMENTO E INAUGURAZIONE DELLA TARGA IN MEMORIA DEL<br \/>\nFINANZIERE \u201cTERRA\u201d LUIGI DE ZORZI, CROCE DI GUERRA AL VALOR MILITARE<br \/>\nBELLUNO A Fonzaso, in piazza 1\u00b0 Novembre, \u00a0si \u00e8 svolta la cerimonia di svelamento ed inaugurazione della targa in memoria del<br \/>\nFinanziere \u201cterra\u201d Luigi DE ZORZI, nato a Fonzaso il 23 agosto 1911 e caduto a Berane (Montenegro) il 17 luglio 1941, durante il secondo conflitto mondiale. Il graduato, durante un&#8217;aggressione da parte di bande ribelli ad un distaccamento della Regia Guardia di Finanza, mentre incurante di ogni pericolo, pi\u00f9 si esponeva per meglio reagire all&#8217;offesa dell&#8217;aggressore, rimaneva mortalmente ferito, immolando alla Patria la sua giovane esistenza (all\u2019epoca non aveva neppure 30 anni)<br \/>\nRichiesta di chiarimenti sull\u2019assegnazione dell\u2019insegnante di sostegno<\/p>\n<p>Il Preside dell&#8217;Istituto Renier di Belluno, la nostra redazione per consocenza, hanno ricevuto la lettera dei genitori di Giulia, studentessa con disabilit\u00e0 grave, e si chiedono quali siano i criteri di assegnazione dell&#8217;insegnante di sostegno. L\u2019anno scorso, la professoressa Orzes ha fornito un supporto eccezionale, ma ora Giulia dovr\u00e0 ripartire con un nuovo docente, ignorando la sua fragilit\u00e0. (la lettera completa nel giornale radiopiu di oggi sul sito www.radiopiu.net)<\/p>\n<p><a class=\"dt-pswp-item\" href=\"https:\/\/www.radiopiu.net\/wordpress\/wp-content\/uploads\/2024\/09\/CronoCancellata.pdf.jpg\" data-dt-img-description=\"\" data-large_image_width=\"1434\" data-large_image_height=\"2000\"><img loading=\"lazy\" decoding=\"async\" class=\"size-medium wp-image-409217 alignleft\" src=\"https:\/\/www.radiopiu.net\/wordpress\/wp-content\/uploads\/2024\/09\/CronoCancellata.pdf-215x300.jpg\" alt=\"\" width=\"215\" height=\"300\" srcset=\"https:\/\/www.radiopiu.net\/wordpress\/wp-content\/uploads\/2024\/09\/CronoCancellata.pdf-215x300.jpg 215w, https:\/\/www.radiopiu.net\/wordpress\/wp-content\/uploads\/2024\/09\/CronoCancellata.pdf-734x1024.jpg 734w, https:\/\/www.radiopiu.net\/wordpress\/wp-content\/uploads\/2024\/09\/CronoCancellata.pdf-768x1071.jpg 768w, https:\/\/www.radiopiu.net\/wordpress\/wp-content\/uploads\/2024\/09\/CronoCancellata.pdf-1101x1536.jpg 1101w, https:\/\/www.radiopiu.net\/wordpress\/wp-content\/uploads\/2024\/09\/CronoCancellata.pdf.jpg 1434w\" sizes=\"auto, (max-width: 215px) 100vw, 215px\" \/><\/a>Disagi nel trasporto pubblico scolastico: corse insufficienti e studenti a piedi<br \/>\nLe corriere strapiene e corse tagliate hanno causato disagi agli studenti in varie localit\u00e0 del Bellunese. A Tai di Cadore e Belluno molti ragazzi sono rimasti a terra per mancanza di mezzi adeguati. Ad Arabba, l&#8217;eliminazione di una corsa ha costretto il Comune a organizzare un servizio taxi per garantire il trasporto degli studenti.<\/p>\n<p>DILLO A RADIO PIU&#8217;&#8230; 30 STUDENTI APPIEDATI A BELLUNO<br \/>\nRiceviamo e pubblichiamo<br \/>\nIeri alla stazione di Belluno il pullman \u00e8 arrivato con 10 minuti di ritardo (minore dei mali). Un solo pullman per l&#8217;agordino, troppi gli studenti al punto che l&#8217;autista ha deciso a carico ultimato di chiudere le porte lasciando a piedi una trentina e pi\u00f9 di studenti. Le famiglie<br \/>\ndei \u00a0ragazzi pagano centinaia di euro per vederli poi lasciati a piedi. Mi chiedo infine quanto sia stato rischioso per l&#8217;incolumit\u00e0 dei ragazzi chiudere le porte del pullman improvvisamente, senza preavviso, durante la salita.<\/p>\n<p>Anche quest\u2019 anno sono ancora qui a scrivere. Dopo il salasso di inizio mese per fare gli abbonamenti ai miei due figli ,ancora viene offerto dalla Dolomiti bus un servizio scadente. Da due giorni, mio figlio che frequenta un istituto superiore a Belluno, non pu\u00f2 salire sulla corriera delle 12.18 che lo riporta ad Agordo perch\u00e9 il mezzo \u00e8 saturo di studenti e si vede costretto a prendere il successivo che riparte ben un ora dopo.<\/p>\n<p>Ritirata querela: non luogo a procedere<br \/>\nR. B. ha ritirato la querela contro V. A. accusato di minacce durante una lite a Belluno. Il giudice di pace ha emesso sentenza di non luogo a procedere, poich\u00e9 mancavano le condizioni per proseguire il processo.<\/p>\n<p>Tentato furto diventa rapina:\u00a0 a giudizio<br \/>\nE. C. \u00e8 stato rinviato a giudizio per rapina e danneggiamento dopo un tentato furto in via Monte Pavione, Belluno. Il proprietario lo sorprese in casa, ma C., agendo con violenza e minacciandolo di morte, riusc\u00ec a fuggire. L\u2019episodio risale a dicembre di due anni fa. C. \u00e8 accusato anche di recidiva reiterata specifica, e il processo inizier\u00e0 a novembre. La vittima, costituita parte civile, chieder\u00e0 il risarcimento.<\/p>\n<p>Accusato di maltrattamenti, prosciolto grazie a indagini difensive<br \/>\nUn uomo, accusato ingiustamente di maltrattamenti dalla moglie, \u00e8 stato prosciolto dal giudice. Gli avvocati Alberto Cilia e Carlo Vigna hanno dimostrato che la donna, affetta da problemi psichiatrici dopo il Covid-19, aveva incolpato il marito ingiustamente. Il caso \u00e8 stato archiviato.<\/p>\n<p>Badante accusata di circonvenzione e percosse: chiesta l&#8217;archiviazione<br \/>\nUna badante ucraina, querelata sei volte in un mese dalla figlia di un anziano di San Vito di Cadore, \u00e8 stata accusata di circonvenzione d&#8217;incapace e percosse. Il pubblico ministero Alberto Primavera ha chiesto l&#8217;archiviazione, ma l&#8217;avvocato Valeria Marone ha presentato opposizione. Il giudice Enrica Marson si riserva di decidere se archiviare o proseguire le indagini. La badante nega le accuse, sostenendo di aver agito nell&#8217;interesse dell&#8217;anziano affetto da declino cognitivo.<\/p>\n<p>&nbsp;<\/p>\n<p>&nbsp;<\/p>\n<p>&nbsp;<\/p>\n<p>&nbsp;<\/p>\n","protected":false},"excerpt":{"rendered":"<p>**+ A LIVINALLONGO DEL COL DI LANA in LOCALITA LARZONEI, l&#8217;acqua erogata dall&#8217;acquedotto \u00e8 di nuovo potabile e pu\u00f2 essere usata, quindi, per scopi alimentari. A RIVAMONTE AGORDINO in VIA ROSSON CIVICO N. 25 e VIA VILLAGRANDE CIVICI N. 45 e 4A l&#8217;acqua erogata dall&#8217;acquedotto non \u00e8 potabile e pu\u00f2 essere usata per scopi alimentari&hellip;<\/p>\n","protected":false},"author":4,"featured_media":409226,"comment_status":"closed","ping_status":"closed","sticky":false,"template":"","format":"standard","meta":{"_monsterinsights_skip_tracking":false,"_monsterinsights_sitenote_active":false,"_monsterinsights_sitenote_note":"","_monsterinsights_sitenote_category":0,"footnotes":""},"categories":[51,49,142],"tags":[],"class_list":["post-409240","post","type-post","status-publish","format-standard","has-post-thumbnail","hentry","category-evidenza-top","category-news-18","category-rassegna-stampa","category-51","category-49","category-142","description-off"],"img_url":"https:\/\/www.radiopiu.net\/wordpress\/wp-content\/uploads\/2024\/09\/COOP1.png","_links":{"self":[{"href":"https:\/\/www.radiopiu.net\/wordpress\/wp-json\/wp\/v2\/posts\/409240","targetHints":{"allow":["GET"]}}],"collection":[{"href":"https:\/\/www.radiopiu.net\/wordpress\/wp-json\/wp\/v2\/posts"}],"about":[{"href":"https:\/\/www.radiopiu.net\/wordpress\/wp-json\/wp\/v2\/types\/post"}],"author":[{"embeddable":true,"href":"https:\/\/www.radiopiu.net\/wordpress\/wp-json\/wp\/v2\/users\/4"}],"replies":[{"embeddable":true,"href":"https:\/\/www.radiopiu.net\/wordpress\/wp-json\/wp\/v2\/comments?post=409240"}],"version-history":[{"count":2,"href":"https:\/\/www.radiopiu.net\/wordpress\/wp-json\/wp\/v2\/posts\/409240\/revisions"}],"predecessor-version":[{"id":409251,"href":"https:\/\/www.radiopiu.net\/wordpress\/wp-json\/wp\/v2\/posts\/409240\/revisions\/409251"}],"wp:featuredmedia":[{"embeddable":true,"href":"https:\/\/www.radiopiu.net\/wordpress\/wp-json\/wp\/v2\/media\/409226"}],"wp:attachment":[{"href":"https:\/\/www.radiopiu.net\/wordpress\/wp-json\/wp\/v2\/media?parent=409240"}],"wp:term":[{"taxonomy":"category","embeddable":true,"href":"https:\/\/www.radiopiu.net\/wordpress\/wp-json\/wp\/v2\/categories?post=409240"},{"taxonomy":"post_tag","embeddable":true,"href":"https:\/\/www.radiopiu.net\/wordpress\/wp-json\/wp\/v2\/tags?post=409240"}],"curies":[{"name":"wp","href":"https:\/\/api.w.org\/{rel}","templated":true}]}}