{"id":409252,"date":"2024-09-14T05:25:15","date_gmt":"2024-09-14T03:25:15","guid":{"rendered":"https:\/\/www.radiopiu.net\/wordpress\/?p=409252"},"modified":"2024-09-14T08:33:13","modified_gmt":"2024-09-14T06:33:13","slug":"giornale-radiopiu-14-settembre-2024-direttore-mirko-mezzacasada-41-anni-25-giugno-1983-25-giugno-2024","status":"publish","type":"post","link":"https:\/\/www.radiopiu.net\/wordpress\/giornale-radiopiu-14-settembre-2024-direttore-mirko-mezzacasada-41-anni-25-giugno-1983-25-giugno-2024\/","title":{"rendered":"GIORNALE RADIOPIU 14 SETTEMBRE 2024 DIRETTORE MIRKO MEZZACASA\u2026DA 41 ANNI 25 GIUGNO 1983-25 GIUGNO 2024"},"content":{"rendered":"<p>*****<\/p>\n<div class=\"page-title-head hgroup\"><\/div>\n<div style=\"text-align: center;\"><strong>IERI&#8230; LUNGHE CODE E ORE DI &#8220;PASSIONE&#8221; LUNGO LA REGIONALE 203 AGORDINA<\/strong><\/div>\n<div><\/div>\n<div><a class=\"dt-pswp-item\" href=\"https:\/\/www.radiopiu.net\/wordpress\/wp-content\/uploads\/2024\/09\/Senza-nome-23.png\" data-dt-img-description=\"\" data-large_image_width=\"410\" data-large_image_height=\"264\"><img loading=\"lazy\" decoding=\"async\" class=\"size-medium wp-image-409353 aligncenter\" src=\"https:\/\/www.radiopiu.net\/wordpress\/wp-content\/uploads\/2024\/09\/Senza-nome-23-300x193.png\" alt=\"\" width=\"300\" height=\"193\" srcset=\"https:\/\/www.radiopiu.net\/wordpress\/wp-content\/uploads\/2024\/09\/Senza-nome-23-300x193.png 300w, https:\/\/www.radiopiu.net\/wordpress\/wp-content\/uploads\/2024\/09\/Senza-nome-23.png 410w\" sizes=\"auto, (max-width: 300px) 100vw, 300px\" \/><\/a><\/div>\n<div><\/div>\n<p>&nbsp;<\/p>\n<p><em><span style=\"color: #ff0000;\">ATTENZIONE: LA NUOVA APP PER IOS-IPHONE di Nicola Vettorello <\/span><\/em><a href=\"https:\/\/apps.apple.com\/it\/app\/radio-pi%C3%B9-emittente-agordina\/id1515939845\">https:\/\/apps.apple.com\/it\/app\/radio-pi%C3%B9-emittente-agordina\/id1515939845<\/a><\/p>\n<p><em style=\"color: #ff0000;\">ATTENZIONE: LA NUOVA APP RADIO\u00a0 PER ANDROID di Nicola Vettorello<\/em><\/p>\n<p><a href=\"https:\/\/play.google.com\/store\/apps\/details?id=net.radiopiu.iniko\" target=\"_blank\" rel=\"noopener noreferrer\">https:\/\/play.google.com\/store\/apps\/details?id=net.radiopiu.iniko\u00a0\u00a0\u00a0<\/a><\/p>\n<p>&nbsp;<\/p>\n<p>&nbsp;<\/p>\n<hr \/>\n<p>&nbsp;<\/p>\n<p><strong>OGGI ALLA RADIO&#8230;.<\/strong> <span style=\"color: #ff0000;\">ALLE 4 E ALLE 6<\/span> LE NOTIZIE DALL&#8217;ITALIA E DAL MONDO<span style=\"color: #ff0000;\"> 6.15<\/span> PIROLE DE LENGA A CURA DEL MUSLA<span style=\"color: #ff0000;\"> 7.20<\/span> EL BAL DEL FIORI, DETTI E TRADIZIONI DI GIULIANA DA RONCH <span style=\"color: #ff0000;\">8.05<\/span> LA RASSEGNA STAMPA LOCALE<span style=\"color: #ff0000;\"> 8.30\u00a0<span style=\"color: #000000;\"> WEEK END&#8230; MARINA C&#8217;E&#8217;<\/span> <\/span><span style=\"color: #ff0000;\"><span style=\"color: #000000;\">\u00a0<\/span><\/span><span style=\"color: #ff0000;\">9.40<\/span> VIABILITA&#8217; CON BOTOL CAR SERVICE (AGORDO-SEDICO-FELTRE)\u00a0 <span style=\"color: #ff0000;\">10 30<\/span> LA RASSEGNA STAMPA DA L&#8217;AMICO DEL POPOLO DI GIANNI SANTOMASO\u00a0 <span style=\"color: #ff0000;\">12.00<\/span> VA TUTTO LISCIO\u00a0 <span style=\"color: #ff0000;\">12.30<\/span> GIORNALE RADIO PRINCIPALE<span style=\"color: #ff0000;\">\u00a0 13.10<\/span> SPECIALE VOLONTARI DEL SOCCORSO, LA TERZA PUNTATA<span style=\"color: #ff0000;\">\u00a0<\/span><span style=\"color: #ff0000;\">14.00 <span style=\"color: #000000;\">ELETTROCHOC CON JACOPO DEL TEDESCO<\/span>\u00a0<\/span><span style=\"color: #ff0000;\">15.00<\/span>\u00a0 LA CLASSIFICA UFFICIALE DI MARCO GAZ\u00a0 \u00a0<span style=\"color: #ff0000;\">16<\/span> IL ROCK DI MARCO COSTANTINI <span style=\"color: #ff0000;\">1645<\/span> LE HIT DI MIRCO BENCIVENNI <span style=\"color: #ff0000;\">18.00<\/span> PIU&#8217; DANCE LE SELEZIONI CHE FANNO SALTARE DI DJ JACK, JACOPO DEL TEDESCO <span style=\"color: #ff0000;\">18 10<\/span> REGGAETON DI ATHOS DJ DAVID BEN\u00a0 <span style=\"color: #ff0000;\">19<\/span> LE ANTICIPAZIONI DAL TG DI ANTENNA 3<\/p>\n<p><strong>rassegna stampa nazionale,<\/strong> ogni giorno alle 5 e alle 6 del mattino<br \/>\ngiornali locali 7 rassegna stampa flash, 8 rassegna stampa, gr flash alle 10 e alle 11, principale 12.30. Informazione pomerIggio alle 15 (speciale) 16, 17, 18. Giornale radio nazionale: ogni ora dalle 5 del mattino, alle 20 della sera.<\/p>\n<p>&nbsp;<\/p>\n<hr \/>\n<p>&nbsp;<\/p>\n<div class=\"x11i5rnm xat24cr x1mh8g0r x1vvkbs xtlvy1s x126k92a\">\n<div dir=\"auto\">\n<div dir=\"auto\">\n<p><strong><a class=\"dt-pswp-item\" href=\"https:\/\/www.radiopiu.net\/wordpress\/wp-content\/uploads\/2024\/02\/2d44e751-d8a8-461b-8e22-d8e4e853b032.jpg\" data-dt-img-description=\"\" data-large_image_width=\"1600\" data-large_image_height=\"1200\"><img loading=\"lazy\" decoding=\"async\" class=\"wp-image-373307 alignleft\" src=\"https:\/\/www.radiopiu.net\/wordpress\/wp-content\/uploads\/2024\/02\/2d44e751-d8a8-461b-8e22-d8e4e853b032-300x225.jpg\" alt=\"\" width=\"105\" height=\"79\" srcset=\"https:\/\/www.radiopiu.net\/wordpress\/wp-content\/uploads\/2024\/02\/2d44e751-d8a8-461b-8e22-d8e4e853b032-300x225.jpg 300w, https:\/\/www.radiopiu.net\/wordpress\/wp-content\/uploads\/2024\/02\/2d44e751-d8a8-461b-8e22-d8e4e853b032-1024x768.jpg 1024w, https:\/\/www.radiopiu.net\/wordpress\/wp-content\/uploads\/2024\/02\/2d44e751-d8a8-461b-8e22-d8e4e853b032-768x576.jpg 768w, https:\/\/www.radiopiu.net\/wordpress\/wp-content\/uploads\/2024\/02\/2d44e751-d8a8-461b-8e22-d8e4e853b032-1536x1152.jpg 1536w, https:\/\/www.radiopiu.net\/wordpress\/wp-content\/uploads\/2024\/02\/2d44e751-d8a8-461b-8e22-d8e4e853b032.jpg 1600w\" sizes=\"auto, (max-width: 105px) 100vw, 105px\" \/><\/a>EL BAL DEL FIOR, DI GIULIANA DA RONCH, 14 SETTEMBRE<\/strong><strong>\u00a02024<\/strong><\/p>\n<audio class=\"wp-audio-shortcode\" id=\"audio-409252-1\" preload=\"none\" style=\"width: 100%;\" controls=\"controls\"><source type=\"audio\/mpeg\" src=\"https:\/\/www.radiopiu.net\/wordpress\/wp-content\/uploads\/2024\/09\/GSA-1.mp3?_=1\" \/><a href=\"https:\/\/www.radiopiu.net\/wordpress\/wp-content\/uploads\/2024\/09\/GSA-1.mp3\">https:\/\/www.radiopiu.net\/wordpress\/wp-content\/uploads\/2024\/09\/GSA-1.mp3<\/a><\/audio>\n<p>&nbsp;<\/p>\n<\/div>\n<\/div>\n<hr \/>\n<p>&nbsp;<\/p>\n<p>&nbsp;<\/p>\n<h1><span style=\"color: #ff0000;\"><a class=\"dt-pswp-item\" href=\"https:\/\/www.radiopiu.net\/wordpress\/wp-content\/uploads\/2024\/06\/th-5.jpg\" data-dt-img-description=\"\" data-large_image_width=\"326\" data-large_image_height=\"180\"><img loading=\"lazy\" decoding=\"async\" class=\"size-medium wp-image-395881 alignleft\" src=\"https:\/\/www.radiopiu.net\/wordpress\/wp-content\/uploads\/2024\/06\/th-5-300x166.jpg\" alt=\"\" width=\"300\" height=\"166\" srcset=\"https:\/\/www.radiopiu.net\/wordpress\/wp-content\/uploads\/2024\/06\/th-5-300x166.jpg 300w, https:\/\/www.radiopiu.net\/wordpress\/wp-content\/uploads\/2024\/06\/th-5.jpg 326w\" sizes=\"auto, (max-width: 300px) 100vw, 300px\" \/><\/a><\/span><\/h1>\n<h1><\/h1>\n<h1><\/h1>\n<h1><span style=\"color: #000000;\">14 SETTEMBRE&#8230; alla radio l&#8217;almanacco\u00a0<\/span><\/h1>\n<audio class=\"wp-audio-shortcode\" id=\"audio-409252-2\" preload=\"none\" style=\"width: 100%;\" controls=\"controls\"><source type=\"audio\/mpeg\" src=\"https:\/\/www.radiopiu.net\/wordpress\/wp-content\/uploads\/2024\/09\/ALMANACCONEW-11.mp3?_=2\" \/><a href=\"https:\/\/www.radiopiu.net\/wordpress\/wp-content\/uploads\/2024\/09\/ALMANACCONEW-11.mp3\">https:\/\/www.radiopiu.net\/wordpress\/wp-content\/uploads\/2024\/09\/ALMANACCONEW-11.mp3<\/a><\/audio>\n<p>&nbsp;<\/p>\n<p>&nbsp;<\/p>\n<div dir=\"auto\">\n<hr \/>\n<\/div>\n<\/div>\n<blockquote>\n<blockquote>\n<h1><span style=\"color: #ff0000;\">\u00a0<\/span><\/h1>\n<h1><span style=\"color: #ff0000;\">I podcast informativi del mattino &#8211; audio &#8211;\u00a0\u00a0<\/span><\/h1>\n<\/blockquote>\n<p><strong><a class=\"dt-pswp-item\" href=\"https:\/\/www.radiopiu.net\/wordpress\/wp-content\/uploads\/2023\/11\/th-10.jpg\" data-dt-img-description=\"\" data-large_image_width=\"320\" data-large_image_height=\"180\"><img loading=\"lazy\" decoding=\"async\" class=\"wp-image-362866 alignleft\" src=\"https:\/\/www.radiopiu.net\/wordpress\/wp-content\/uploads\/2023\/11\/th-10-300x169.jpg\" alt=\"\" width=\"185\" height=\"104\" srcset=\"https:\/\/www.radiopiu.net\/wordpress\/wp-content\/uploads\/2023\/11\/th-10-300x169.jpg 300w, https:\/\/www.radiopiu.net\/wordpress\/wp-content\/uploads\/2023\/11\/th-10.jpg 320w\" sizes=\"auto, (max-width: 185px) 100vw, 185px\" \/><\/a>LA RASSEGNA STAMPA NAZIONALE ALLA RADIO, OGNI GIORNO ALLE 5 E ALLE 6 DEL MATTINO <span style=\"color: #0000ff;\">viene pubblicata alle 6.00 <span style=\"color: #ff0000;\">DIRETTA RADIO\u00a0 \u00a0\u00a0<\/span><\/span><\/strong><\/p><\/blockquote>\n<p>&nbsp;<\/p>\n<p><strong>NOTIZIE DELLA NOTTE\u00a0 \u00a0\u00a0<\/strong><\/p>\n<p><strong>Da Usa<\/strong> decine di F-35 alla Romania per 7,2 miliardi di dollari <strong>Il Myanmar<\/strong> chiede aiuti esteri dopo le inondazioni <strong>Messico,<\/strong> 15 morti per la guerra interna del cartello di Sinaloa <strong>Corea del Nord,<\/strong> colloqui tra Kim e il capo della sicurezza russa <strong>Il Gruppo di Puebla<\/strong> attacca il governo dell&#8217;Ecuador <strong>Usa<\/strong>, uccisi quattro leader dell&#8217;Isis a fine agosto in Iraq <strong>Biden e Starmer<\/strong> ribadiscono il sostegno all&#8217;Ucraina <strong>A Punta Arenas<\/strong> l&#8217;incontro mondiale delle giornaliste <strong>Piantedosi:<\/strong> &#8216;Sangiuliano vittima di un&#8217;imboscata&#8217;. Accertamenti su due trasferte<\/p>\n<h2>AUDIO dalle 6 del mattino<\/h2>\n<audio class=\"wp-audio-shortcode\" id=\"audio-409252-3\" preload=\"none\" style=\"width: 100%;\" controls=\"controls\"><source type=\"audio\/mpeg\" src=\"https:\/\/www.radiopiu.net\/wordpress\/wp-content\/uploads\/2024\/09\/GIORNALEDELLESEI-10.mp3?_=3\" \/><a href=\"https:\/\/www.radiopiu.net\/wordpress\/wp-content\/uploads\/2024\/09\/GIORNALEDELLESEI-10.mp3\">https:\/\/www.radiopiu.net\/wordpress\/wp-content\/uploads\/2024\/09\/GIORNALEDELLESEI-10.mp3<\/a><\/audio>\n<p>&nbsp;<\/p>\n<p>&nbsp;<\/p>\n<p>&nbsp;<\/p>\n<hr \/>\n<p>&nbsp;<\/p>\n<h1 style=\"text-align: center;\"><span style=\"color: #ff0000;\">I podcast informativi del mattino &#8211; audio &#8211;\u00a0<\/span><\/h1>\n<p><strong><a class=\"dt-pswp-item\" href=\"https:\/\/www.radiopiu.net\/wordpress\/wp-content\/uploads\/2023\/12\/images.png\" data-dt-img-description=\"\" data-large_image_width=\"316\" data-large_image_height=\"160\"><img loading=\"lazy\" decoding=\"async\" class=\"wp-image-367008 alignleft\" src=\"https:\/\/www.radiopiu.net\/wordpress\/wp-content\/uploads\/2023\/12\/images-300x152.png\" alt=\"\" width=\"235\" height=\"119\" srcset=\"https:\/\/www.radiopiu.net\/wordpress\/wp-content\/uploads\/2023\/12\/images-300x152.png 300w, https:\/\/www.radiopiu.net\/wordpress\/wp-content\/uploads\/2023\/12\/images.png 316w\" sizes=\"auto, (max-width: 235px) 100vw, 235px\" \/><\/a>OGNI GIORNO ALLE SETTE DEL MATTINO, LA RASSEGNA STAMPA LOCALE FLASH&#8230; PER CHI VA IN FRETTA. I TITOLI DAI GIORNALI E DAL SITO WWW.RADIOPIU.NET <span style=\"color: #0000ff;\">viene pubblicato alle 7.00<\/span> <span style=\"color: #ff0000;\">DIRETTA RADIO\u00a0<\/span><\/strong><\/p>\n<p><em><span style=\"color: #ff0000;\">per chi va in fretta&#8230; tante notizie in pochi minuti. L&#8217;informazione locale alla radio, ogni ora dalle 7 del mattino alle 19 della sera.<\/span><\/em><\/p>\n<p>&nbsp;<\/p>\n<h1>AUDIO dalle 7 del mattino<\/h1>\n<p>&nbsp;<\/p>\n<p>&nbsp;<\/p>\n<p>&nbsp;<\/p>\n<hr \/>\n<p>&nbsp;<\/p>\n<h1><\/h1>\n<h1 style=\"text-align: center;\"><span style=\"color: #ff0000;\"><a class=\"dt-pswp-item\" href=\"https:\/\/www.radiopiu.net\/wordpress\/wp-content\/uploads\/2022\/01\/026c3f9d-dae9-4040-a3c1-a6530231bcc3.jpg\" data-dt-img-description=\"\" data-large_image_width=\"1152\" data-large_image_height=\"2048\"><img loading=\"lazy\" decoding=\"async\" class=\"wp-image-251839 alignleft\" src=\"https:\/\/www.radiopiu.net\/wordpress\/wp-content\/uploads\/2022\/01\/026c3f9d-dae9-4040-a3c1-a6530231bcc3-169x300.jpg\" alt=\"\" width=\"100\" height=\"177\" srcset=\"https:\/\/www.radiopiu.net\/wordpress\/wp-content\/uploads\/2022\/01\/026c3f9d-dae9-4040-a3c1-a6530231bcc3-169x300.jpg 169w, https:\/\/www.radiopiu.net\/wordpress\/wp-content\/uploads\/2022\/01\/026c3f9d-dae9-4040-a3c1-a6530231bcc3-576x1024.jpg 576w, https:\/\/www.radiopiu.net\/wordpress\/wp-content\/uploads\/2022\/01\/026c3f9d-dae9-4040-a3c1-a6530231bcc3-768x1365.jpg 768w, https:\/\/www.radiopiu.net\/wordpress\/wp-content\/uploads\/2022\/01\/026c3f9d-dae9-4040-a3c1-a6530231bcc3-864x1536.jpg 864w, https:\/\/www.radiopiu.net\/wordpress\/wp-content\/uploads\/2022\/01\/026c3f9d-dae9-4040-a3c1-a6530231bcc3.jpg 1152w\" sizes=\"auto, (max-width: 100px) 100vw, 100px\" \/><\/a>I podcast informativi del mattino &#8211; audio &#8211;\u00a0<\/span><\/h1>\n<blockquote><p><strong>GIORNALE RADIO NAZIONALE, EDIZIONE DELLE SETTE <span style=\"color: #0000ff;\">viene pubblicato alle 7.05 <span style=\"color: #ff0000;\">DIRETTA RADIO\u00a0<\/span><\/span><\/strong><\/p><\/blockquote>\n<p><strong>il giornale radionazionale e&#8217; in onda ogni ora, dalle sette del mattino alle venti della sera\u00a0 \u00a0<\/strong><strong>\u00a0<\/strong><\/p>\n<p><strong>Deragliamento Treno<\/strong> esce dai binari a Milano, tre feriti <strong>Alto Adige<\/strong> Un&#8217;escursionista muore nella tempesta di neve in val Gardena <strong>Carceri Beccaria,<\/strong> rintracciato uno dei tre giovani evasi In migliaia ai funerali della famiglia uccisa nel Milanese Palloncini azzurri e fiori bianchi all&#8217;ingresso della chiesa <strong>Ex Ilva,<\/strong> annullata la sentenza del processo. Il procedimento si trasferisce a Potenza La decisione della sezione distaccata di Taranto della Corte d&#8217;assise d&#8217;appello di Lecce <strong>Donna muore<\/strong> dopo un&#8217;operazione al seno, inchiesta a Treviso Indagati il titolare di una clinica privata e un&#8217;anestesista <strong>La Cassazione<\/strong> conferma l&#8217;ergastolo per Benno Neumair Rigettato il ricorso della difesa del bolzanino <strong>I giudici: &#8216;Vallanzasca<\/strong> va trasferito in una casa di cura&#8217; &#8216;\u00c8 malato e non deve stare in cella&#8217;. Accolta l&#8217;istanza della difesa <strong>Toti vuole patteggiare<\/strong> due anni, convertiti in lavori socialmente utili L&#8217;ex governatore: &#8216;Amarezza e sollievo&#8217;.<\/p>\n<h2>AUDIO dalle sette del mattino, ogni ora alla radio<\/h2>\n<p>&nbsp;<\/p>\n<p>&nbsp;<\/p>\n<hr \/>\n<p>&nbsp;<\/p>\n<p>&nbsp;<\/p>\n<h1><span style=\"color: #ff0000;\">I podcast informativi del mattino &#8211; video &#8211;\u00a0<\/span><\/h1>\n<h2><strong><a class=\"dt-pswp-item\" href=\"https:\/\/www.radiopiu.net\/wordpress\/wp-content\/uploads\/2023\/12\/th-10.jpg\" data-dt-img-description=\"\" data-large_image_width=\"245\" data-large_image_height=\"180\"><img loading=\"lazy\" decoding=\"async\" class=\" wp-image-367395 alignleft\" src=\"https:\/\/www.radiopiu.net\/wordpress\/wp-content\/uploads\/2023\/12\/th-10.jpg\" alt=\"\" width=\"166\" height=\"122\" \/><\/a>RASSEGNA STAMPA LOCALE, ORE OTTO 05<\/strong><\/h2>\n<h2><strong> <span style=\"color: #0000ff;\">viene\u00a0 <\/span><\/strong><strong><span style=\"color: #0000ff;\">pubblicata alle 8.05 <span style=\"color: #ff0000;\">DIRETTA RADIO\u00a0\u00a0<\/span><\/span><\/strong><\/h2>\n<p><strong>DI MIRKO MEZZACASA\u00a0 \u00a0<\/strong><button class=\"rounded-lg text-token-text-secondary hover:bg-token-main-surface-secondary\"><\/button><\/p>\n<p><strong>OGGI SUL Corriere delle Alpi E NOTIZIARI DI Radio Pi\u00f9\u00a0<\/strong><\/p>\n<p>&nbsp;<\/p>\n<h2><span style=\"color: #ff0000;\"><strong>VIDEO\u00a0 \u00a0in diretta dalle 8 del mattino\u00a0<\/strong><\/span><\/h2>\n<p>&nbsp;<\/p>\n<p><iframe loading=\"lazy\" title=\"DAL 1983 LA RASSEGNA STAMPA LOCALE di mirko mezzacasa. L&#039;ORIGINALE\" width=\"1200\" height=\"675\" src=\"https:\/\/www.youtube.com\/embed\/gcYVnS12pPo?feature=oembed\" frameborder=\"0\" allow=\"accelerometer; autoplay; clipboard-write; encrypted-media; gyroscope; picture-in-picture; web-share\" referrerpolicy=\"strict-origin-when-cross-origin\" allowfullscreen><\/iframe><\/p>\n<p>&nbsp;<\/p>\n<hr \/>\n<p>&nbsp;<\/p>\n<p>&nbsp;<\/p>\n<p><strong><a class=\"dt-pswp-item\" href=\"https:\/\/www.radiopiu.net\/wordpress\/wp-content\/uploads\/2023\/12\/ANTENNA.png\" data-dt-img-description=\"\" data-large_image_width=\"300\" data-large_image_height=\"166\"><img loading=\"lazy\" decoding=\"async\" class=\" wp-image-366306 alignleft\" src=\"https:\/\/www.radiopiu.net\/wordpress\/wp-content\/uploads\/2023\/12\/ANTENNA.png\" alt=\"\" width=\"175\" height=\"97\" \/><\/a>IERI SERA, DAL TG DI ANTENNA 3, ogni sera alle 19 le anticipazioni alla radio, quello che poi seguirete nel TELEGIORNALE BELLUNESE\u00a0 in onda alle 19.30 sul CANALE 10 del digitale terrestre.\u00a0\u00a0<\/strong><\/p>\n<p>&nbsp;<\/p>\n<p><span style=\"color: #ff0000;\"><strong>\u00a0IERI SERA ALLA RADIO&#8230; LE ANTICIPAZIONI DI\u00a0 \u00a0TIZIANA BOLOGNANI<\/strong><\/span><\/p>\n<audio class=\"wp-audio-shortcode\" id=\"audio-409252-4\" preload=\"none\" style=\"width: 100%;\" controls=\"controls\"><source type=\"audio\/mpeg\" src=\"https:\/\/www.radiopiu.net\/wordpress\/wp-content\/uploads\/2024\/09\/ANTENNA3-9.mp3?_=4\" \/><a href=\"https:\/\/www.radiopiu.net\/wordpress\/wp-content\/uploads\/2024\/09\/ANTENNA3-9.mp3\">https:\/\/www.radiopiu.net\/wordpress\/wp-content\/uploads\/2024\/09\/ANTENNA3-9.mp3<\/a><\/audio>\n<p>&nbsp;<\/p>\n<p>&nbsp;<\/p>\n<hr \/>\n<p>&nbsp;<\/p>\n<blockquote>\n<h3>VENERDI SCIOPERO DEI MEZZI PUBBLICI<\/h3>\n<\/blockquote>\n<p>Venerd\u00ec 20 settembre 2024 \u00e8 previsto uno sciopero nazionale di 24 ore indetto da diverse sigle sindacali. Dolomiti Bus S.p.A. garantir\u00e0 il servizio nelle fasce orarie 5:40-8:10 e 12:10-15:40. Le corse iniziate prima dello sciopero saranno completate e il servizio sar\u00e0 pienamente ripristinato il giorno successivo.<\/p>\n<p>&nbsp;<\/p>\n<p>&nbsp;<\/p>\n<hr \/>\n<p>&nbsp;<\/p>\n<blockquote>\n<h3>ACQUA POTABILE A LIVINALLONGO, NON A RIVAMONTE E VOLTAGO<\/h3>\n<\/blockquote>\n<p class=\"moz-text-html\" lang=\"x-unicode\"><strong>A LIVINALLONGO DEL COL DI LANA in<span style=\"color: #ff0000;\"> LOCALITA LARZONEI,<\/span> l&#8217;acqua erogata dall&#8217;acquedotto \u00e8 di nuovo potabile e pu\u00f2 essere usata, quindi, per scopi alimentari.\u00a0\u00a0<\/strong><\/p>\n<p lang=\"x-unicode\"><strong> A RIVAMONTE AGORDINO in <span style=\"color: #ff0000;\">VIA ROSSON CIVICO N. 25 e VIA VILLAGRANDE CIVICI N. 45 e 4A<\/span> l&#8217;acqua erogata dall&#8217;acquedotto non \u00e8 potabile e pu\u00f2 essere usata per scopi alimentari SOLO PREVIA bollitura.<\/strong><\/p>\n<p lang=\"x-unicode\"><strong> VOLTAGO AGORDINO nelle localit\u00e0 <span style=\"color: #ff0000;\">CAPOLUOGO, CORONE e VIA STRUZ<\/span> l&#8217;acqua erogata dall&#8217;acquedotto non \u00e8 potabile e non pu\u00f2 essere usata per scopi alimentari. Verr\u00e0 effettuato servizio sostitutivo con cisterna c\/o Piazza della Chiesa.<\/strong><\/p>\n<blockquote>\n<h3 lang=\"x-unicode\">LAVORI PROGRAMMATI BIM GSP<\/h3>\n<\/blockquote>\n<p><strong>VOLTAGO<\/strong> Marted\u00ec dalle 8 alle 17 verr\u00e0 sospesa l\u2019erogazione dell\u2019acqua\u00a0 nelle Vie Mathador e Maestro Riva<\/p>\n<p>&nbsp;<\/p>\n<p>&nbsp;<\/p>\n<hr \/>\n<p>&nbsp;<\/p>\n<blockquote>\n<h3>PASSO FEDAIA, QUATTRO GIORNI CON CHIUSURA A FASCE ORARIE<\/h3>\n<\/blockquote>\n<blockquote><p><em><strong><img loading=\"lazy\" decoding=\"async\" class=\"alignleft\" src=\"https:\/\/www.radiopiu.net\/wordpress\/wp-content\/uploads\/2023\/05\/cam110.jpg\" width=\"172\" height=\"129\" \/>Esercitazione militare &#8220;Stella Alpina 24&#8221;: sospensione temporanea del traffico sulla SP 641<\/strong><\/em><\/p><\/blockquote>\n<p><strong>BELLUNO<\/strong>:\u00a0In occasione dell\u2019esercitazione militare \u201cStella Alpina 24\u201d, organizzata dal Comando Brigata Alpina Julia, \u00e8 stata emessa un\u2019ordinanza che prevede la sospensione temporanea della circolazione e della sosta lungo la Strada Provinciale 641. Il tratto interessato va dal chilometro 10+400 (confine tra le province di Trento e Belluno) al chilometro 16+800 (localit\u00e0 Tabia Palazza). Le restrizioni saranno attive nelle seguenti giornate e fasce orarie16 e 17 settembre 2024, dalle ore 9:00 alle 15:00; 18 settembre 2024, dalle ore 7:30 alle 15:30; 19 settembre 2024, dalle ore 7:30 alle 14:00. Sar\u00e0 consentito il transito solo ai residenti nelle aree limitrofe alla localit\u00e0 Malga Ciapela. I cittadini sono invitati a prestare attenzione alla segnaletica e a organizzare i propri spostamenti di consguenza.<\/p>\n<p>FOTO ARCHIVIO<\/p>\n<p>&nbsp;<\/p>\n<hr \/>\n<p>&nbsp;<\/p>\n<blockquote>\n<h3>DUE INCIDENTI SULLE STRADE DEL &#8220;POI&#8221;<\/h3>\n<\/blockquote>\n<p><img loading=\"lazy\" decoding=\"async\" class=\"alignleft\" src=\"https:\/\/www.radiopiu.net\/wordpress\/wp-content\/uploads\/2024\/09\/Senza-nome-22.png\" width=\"276\" height=\"139\" \/><strong>RIVAMONTE<\/strong> Due incidenti, un ferito leggero portato per accertamenti in ospedale ad Agordo. Il primo ieri alle 7, un&#8217;auto \u00e8 uscita di strada scendendo da Rivamonte, la donna 29 anni del luogo \u00e8 stata soccorsa dall&#8217;ambulanza del Pronto Soccorso del Papa Luciani.<\/p>\n<p><strong>VOLTAGO<\/strong> Nel pomeriggio incidente senza feriti ma notevoli disagi al traffico a Voltago con la strada momentaneamente bloccata in seguito alla presenza dei mezzi (pullman e camioncino) sulla sede stradale, nessun ferito.<\/p>\n<p><strong>CORTINA<\/strong> Intervento del Suem 118 alle 12.37 per un malore, soccorso un uomo di 56 anni americano, portato in ospedale a Belluno in codice 2 di media gravit\u00e0.<\/p>\n<p>&nbsp;<\/p>\n<hr \/>\n<p>&nbsp;<\/p>\n<blockquote>\n<h3>MERCATO DEL LAVORO IN VENETO<\/h3>\n<\/blockquote>\n<p><strong>VENEZIA <\/strong><span class=\"gmail-C9DxTc\">Nei primi otto mesi del 2024, il bilancio del lavoro dipendente privato in Veneto continua a mantenersi positivo ma mostra un rallentamento della crescita rispetto allo stesso periodo del 2023. I risultati registrati nel mese di agosto, tipicamente negativi in questo periodo dell&#8217;anno per il prevalere delle cessazioni sulle assunzioni ma peggiori rispetto al 2023, contribuiscono ad accentuare la flessione della domanda di lavoro.\u00a0 <\/span><span class=\"gmail-C9DxTc\">Bene l\u2019agricoltura, anche per effetto del leggero anticipo dei reclutamenti stagionali, permangono segnali di difficolt\u00e0 nel settore industriale, in particolare nel metalmeccanico e in alcuni comparti del made in italy. Nei servizi il saldo risulta ancora trainato dall\u2019andamento favorevole nel turismo, ma si avvertono segnali di flessione della domanda di lavoro in alcuni comparti.<\/span><\/p>\n<p><a class=\"dt-pswp-item\" href=\"https:\/\/www.radiopiu.net\/wordpress\/wp-content\/uploads\/2024\/09\/Infografica-Bussola-settembre-2024-scaled.jpg\" data-dt-img-description=\"\" data-large_image_width=\"2560\" data-large_image_height=\"1792\"><img loading=\"lazy\" decoding=\"async\" class=\"aligncenter wp-image-409322 size-large\" src=\"https:\/\/www.radiopiu.net\/wordpress\/wp-content\/uploads\/2024\/09\/Infografica-Bussola-settembre-2024-1024x717.jpg\" alt=\"\" width=\"1024\" height=\"717\" srcset=\"https:\/\/www.radiopiu.net\/wordpress\/wp-content\/uploads\/2024\/09\/Infografica-Bussola-settembre-2024-1024x717.jpg 1024w, https:\/\/www.radiopiu.net\/wordpress\/wp-content\/uploads\/2024\/09\/Infografica-Bussola-settembre-2024-300x210.jpg 300w, https:\/\/www.radiopiu.net\/wordpress\/wp-content\/uploads\/2024\/09\/Infografica-Bussola-settembre-2024-768x538.jpg 768w, https:\/\/www.radiopiu.net\/wordpress\/wp-content\/uploads\/2024\/09\/Infografica-Bussola-settembre-2024-1536x1075.jpg 1536w, https:\/\/www.radiopiu.net\/wordpress\/wp-content\/uploads\/2024\/09\/Infografica-Bussola-settembre-2024-2048x1434.jpg 2048w\" sizes=\"auto, (max-width: 1024px) 100vw, 1024px\" \/><\/a><\/p>\n<p>&nbsp;<\/p>\n<p>&nbsp;<\/p>\n<hr \/>\n<p>&nbsp;<\/p>\n<blockquote>\n<h3>DIGA DEL VANOI, ZAIA &#8220;LA REGIONE HA GIA&#8217; RISPOSTO SULLE FRAGILITA&#8217; DEL TERRITORIO&#8221;<\/h3>\n<\/blockquote>\n<p><strong><img loading=\"lazy\" decoding=\"async\" class=\"alignleft\" src=\"https:\/\/www.radiopiu.net\/wordpress\/wp-content\/uploads\/2024\/09\/Vanoi-Canal-San-Bovo-1-scaled.jpg\" width=\"196\" height=\"147\" \/>DI BARBARA PAOLAZZI\u00a0<\/strong><\/p>\n<p><strong>PER LE TRE RADIO<\/strong><\/p>\n<audio class=\"wp-audio-shortcode\" id=\"audio-409252-5\" preload=\"none\" style=\"width: 100%;\" controls=\"controls\"><source type=\"audio\/mpeg\" src=\"https:\/\/www.radiopiu.net\/wordpress\/wp-content\/uploads\/2024\/09\/diga-vanoi-barbara.mp3?_=5\" \/><a href=\"https:\/\/www.radiopiu.net\/wordpress\/wp-content\/uploads\/2024\/09\/diga-vanoi-barbara.mp3\">https:\/\/www.radiopiu.net\/wordpress\/wp-content\/uploads\/2024\/09\/diga-vanoi-barbara.mp3<\/a><\/audio>\n<p>&nbsp;<\/p>\n<p>&nbsp;<\/p>\n<hr \/>\n<p>&nbsp;<\/p>\n<blockquote><p><strong><a class=\"dt-pswp-item\" href=\"https:\/\/www.radiopiu.net\/wordpress\/wp-content\/uploads\/2024\/09\/Senza-nome-25.png\" data-dt-img-description=\"\" data-large_image_width=\"324\" data-large_image_height=\"276\"><img loading=\"lazy\" decoding=\"async\" class=\"wp-image-409407 alignleft\" src=\"https:\/\/www.radiopiu.net\/wordpress\/wp-content\/uploads\/2024\/09\/Senza-nome-25-300x256.png\" alt=\"\" width=\"136\" height=\"116\" srcset=\"https:\/\/www.radiopiu.net\/wordpress\/wp-content\/uploads\/2024\/09\/Senza-nome-25-300x256.png 300w, https:\/\/www.radiopiu.net\/wordpress\/wp-content\/uploads\/2024\/09\/Senza-nome-25.png 324w\" sizes=\"auto, (max-width: 136px) 100vw, 136px\" \/><\/a>Autobus Sovraffollati e Studenti Lasciati a Terra: Proteste a Belluno<\/strong><\/p><\/blockquote>\n<p><strong>BELLUNO<\/strong> Luca Frescura, presidente di Giovani&amp;Futuro, denuncia la situazione critica degli autobus sovraffollati a Belluno, con studenti e utenti lasciati a terra. Giovani&amp;Futuro ha raccolto segnalazioni negative sul servizio, nonostante un incontro estivo con Dolomitibus. La Rete degli studenti medi e la preside del Catullo, Violetta Anesin, sottolineano problemi nelle corse per Sedico, Santa Giustina e il Basso Feltrino. Dolomitibus afferma di monitorare la situazione e aver potenziato le corse. Massimo Bortoluzzi, consigliere provinciale, parla di un primo impatto positivo con il nuovo orario ma sottolinea la necessit\u00e0 di coordinamento tra scuole e trasporti.<\/p>\n<p>&nbsp;<\/p>\n<p>&nbsp;<\/p>\n<p><strong>POSTA ALLA RADIO<\/strong> &#8230;\u00a0 \u00a0<span data-surface-wrapper=\"1\" data-surface=\"\/bizweb:all\" data-auto-logging-id=\"fcb11644e40736\">da anni la tratta del Cadore a Belluno i ragazzi la fanno sempre in piedi ammucchiati. e oggi la corriera delle 12.30 partenza da Belluno stazione a Calalzo ha lasciato a piedi dei ragazzi perch\u00e9 troppo piena. Minori che stanno in giro quasi un&#8217;ora.<\/span><\/p>\n<p><strong>POSTA ALLA RADIO<\/strong> \u00a0Dopo il salasso di inizio mese per fare gli abbonamenti ai miei due figli ,ancora viene offerto dalla Dolomiti bus un servizio scadente. Oggi \u00e8 il terzo giorno che mio figlio frequentante un istituto superiore a Belluno, non pu\u00f2 salire sulla corriera delle 12.18 che lo riporta ad Agordo perch\u00e9 il mezzo \u00e8 saturo di studenti e si vede costretto a prendere il successivo che riparte ben un ora dopo. Al momento del pagamento nessuno mi ha mai informata che si poteva verificare una simile eventualit\u00e0, si sono incassati i soldi e tanti saluti.<\/p>\n<p>&nbsp;<\/p>\n<hr \/>\n<p>&nbsp;<\/p>\n<blockquote>\n<h3>DOMANDE LECITE, AL PRESIDE DEL RENIER<\/h3>\n<\/blockquote>\n<p><strong><a class=\"dt-pswp-item\" href=\"https:\/\/www.radiopiu.net\/wordpress\/wp-content\/uploads\/2019\/05\/esterno_sud.jpg\" data-dt-img-description=\"\" data-large_image_width=\"807\" data-large_image_height=\"500\"><img loading=\"lazy\" decoding=\"async\" class=\"size-medium wp-image-86054 alignleft\" src=\"https:\/\/www.radiopiu.net\/wordpress\/wp-content\/uploads\/2019\/05\/esterno_sud-300x186.jpg\" alt=\"\" width=\"300\" height=\"186\" srcset=\"https:\/\/www.radiopiu.net\/wordpress\/wp-content\/uploads\/2019\/05\/esterno_sud-300x186.jpg 300w, https:\/\/www.radiopiu.net\/wordpress\/wp-content\/uploads\/2019\/05\/esterno_sud-768x476.jpg 768w, https:\/\/www.radiopiu.net\/wordpress\/wp-content\/uploads\/2019\/05\/esterno_sud.jpg 807w\" sizes=\"auto, (max-width: 300px) 100vw, 300px\" \/><\/a><\/strong><\/p>\n<blockquote>\n<h2>Richiesta di chiarimenti sull\u2019assegnazione dell\u2019insegnante di sostegno<\/h2>\n<\/blockquote>\n<p>Il Preside dell&#8217;Istituto Renier di Belluno, la nostra redazione per consocenza, hanno ricevuto la lettera dei genitori di Giulia, studentessa con disabilit\u00e0 grave, e si chiedono quali siano i criteri di assegnazione dell&#8217;insegnante di sostegno. L\u2019anno scorso, la professoressa Orzes ha fornito un supporto eccezionale, ma ora Giulia dovr\u00e0 ripartire con un nuovo docente, ignorando la sua fragilit\u00e0.<\/p>\n<div class=\"mt-1 flex gap-3 empty:hidden -ml-2\">\n<div class=\"flex items-center\">\n<div class=\"flex\"><strong>LA LETTERA<\/strong><\/div>\n<div><\/div>\n<div class=\"flex items-center pb-0\">\n<p>Siamo i genitori di Giulia Colombo, studente al quarto anno del Liceo Scienze Umane di Belluno, alla quale \u00e8 stata diagnosticata una disabilit\u00e0 grave da alcuni anni. Le scrivo per comprendere quali siano le logiche di assegnazione dell\u2019insegnante di sostegno.<br \/>\nL\u2019anno scolastico 2023\/24 Giulia \u00e8 stata aiutata dalla professoressa Orzes, alla quale siamo estremamente riconoscenti per il lavoro altamente professionale e umano svolto. Non mi voglio dilungare in tutto quello che \u00e8 stato il percorso di mia figlia nella vita e nella scuola ma dicendo che in questo lungo percorso la professoressa \u00e8 arrivata come uno dei pochi fari nel buio della tempesta renda l\u2019idea . Vorrei sottolineare anche il fatto che la professoressa con Giulia \u00e8 stata molto esigente e, proprio anche per questo motivo, a fine anno abbiamo chiesto la sua conferma per accompagnare nostra figlia fino alla conclusione del percorso scolastico. Ora dopo 11 anni di scuola, succede la stessa cosa degli anni precedenti e forse anche peggio: Giulia deve cominciare da capo con un nuovo insegnante di sostegno . Non si tiene conto della fragilit\u00e0 di una ragazza a questa et\u00e0, ne tantomeno di quelle di una ragazza \u201cspeciale\u201d come lei. Noi genitori siamo stanchi di combattere con queste fredde scelte effettuate senza tener conto dell\u2019essere umano studente, dell\u2019insegnante e dei genitori. \u00c8 una lotta assurda che non finisce mai e che pare non interessi a nessuno. Ora chiedo a Lei di interessarsi di tutto ci\u00f2, lo chiedo ai Signori Ministri che leggono per conoscenza e anche a tutti coloro che come noi non sanno pi\u00f9 cosa fare per cambiare le cose.<\/p>\n<p>Cordialmente<\/p>\n<p>I genitori di Giulia<\/p>\n<p>&nbsp;<\/p>\n<\/div>\n<\/div>\n<\/div>\n<p>&nbsp;<\/p>\n<hr \/>\n<p>&nbsp;<\/p>\n<div class=\"flex max-w-full flex-col flex-grow\">\n<div class=\"min-h-[20px] text-message flex w-full flex-col items-end gap-2 whitespace-normal break-words [.text-message+&amp;]:mt-5\" dir=\"auto\" data-message-author-role=\"assistant\" data-message-id=\"745e4a80-bb10-494e-b4f7-46da20813be9\">\n<div class=\"flex w-full flex-col gap-1 empty:hidden first:pt-[3px]\">\n<div class=\"markdown prose w-full break-words dark:prose-invert dark\">\n<blockquote>\n<h2><strong><a class=\"dt-pswp-item\" href=\"https:\/\/www.radiopiu.net\/wordpress\/wp-content\/uploads\/2024\/09\/a811dc42-fd44-458d-b18b-baa8022d2022-scaled.jpg\" data-dt-img-description=\"\" data-large_image_width=\"2560\" data-large_image_height=\"1920\"><img loading=\"lazy\" decoding=\"async\" class=\"size-medium wp-image-409400 alignleft\" src=\"https:\/\/www.radiopiu.net\/wordpress\/wp-content\/uploads\/2024\/09\/a811dc42-fd44-458d-b18b-baa8022d2022-300x225.jpg\" alt=\"\" width=\"300\" height=\"225\" srcset=\"https:\/\/www.radiopiu.net\/wordpress\/wp-content\/uploads\/2024\/09\/a811dc42-fd44-458d-b18b-baa8022d2022-300x225.jpg 300w, https:\/\/www.radiopiu.net\/wordpress\/wp-content\/uploads\/2024\/09\/a811dc42-fd44-458d-b18b-baa8022d2022-1024x768.jpg 1024w, https:\/\/www.radiopiu.net\/wordpress\/wp-content\/uploads\/2024\/09\/a811dc42-fd44-458d-b18b-baa8022d2022-768x576.jpg 768w, https:\/\/www.radiopiu.net\/wordpress\/wp-content\/uploads\/2024\/09\/a811dc42-fd44-458d-b18b-baa8022d2022-1536x1152.jpg 1536w, https:\/\/www.radiopiu.net\/wordpress\/wp-content\/uploads\/2024\/09\/a811dc42-fd44-458d-b18b-baa8022d2022-2048x1536.jpg 2048w\" sizes=\"auto, (max-width: 300px) 100vw, 300px\" \/><\/a>Massaro e Baresi al Teatro Dino Buzzati per lo Sport Business Forum<\/strong><\/h2>\n<\/blockquote>\n<p><strong>BELLUNO<\/strong> Durante la seconda giornata dello Sport Business Forum, le leggende del Milan Daniele Massaro e Franco Baresi hanno condiviso al Teatro Dino Buzzati di Belluno la loro carriera e i trionfi con Milan e Nazionale. Hanno parlato della passione e del sacrificio necessari per raggiungere il successo. L\u2019evento, parte di una serie di incontri organizzati da Confindustria Belluno Dolomiti, ha attirato molti giovani calciatori, ispirati dalle esperienze e dal messaggio di determinazione dei due campioni.<\/p>\n<\/div>\n<\/div>\n<\/div>\n<\/div>\n<p><strong>DI DANIELE DALVIT<\/strong><\/p>\n<audio class=\"wp-audio-shortcode\" id=\"audio-409252-6\" preload=\"none\" style=\"width: 100%;\" controls=\"controls\"><source type=\"audio\/mpeg\" src=\"https:\/\/www.radiopiu.net\/wordpress\/wp-content\/uploads\/2024\/09\/Servizio-Massaro-Baresi-Sport-Business-Forum.mp3?_=6\" \/><a href=\"https:\/\/www.radiopiu.net\/wordpress\/wp-content\/uploads\/2024\/09\/Servizio-Massaro-Baresi-Sport-Business-Forum.mp3\">https:\/\/www.radiopiu.net\/wordpress\/wp-content\/uploads\/2024\/09\/Servizio-Massaro-Baresi-Sport-Business-Forum.mp3<\/a><\/audio>\n<p>&nbsp;<\/p>\n<p>&nbsp;<\/p>\n<hr \/>\n<p>&nbsp;<\/p>\n<blockquote>\n<h3 class=\"entry-title\">Aumento salariale e nuovo contratto per i dipendenti Bellunum<\/h3>\n<\/blockquote>\n<p><strong><img loading=\"lazy\" decoding=\"async\" class=\"alignleft\" src=\"https:\/\/i0.wp.com\/www.radiopiu.net\/wordpress\/wp-content\/uploads\/2024\/09\/post-default-300x225-1.jpg?resize=191%2C143&amp;ssl=1\" width=\"191\" height=\"143\" data-recalc-dims=\"1\" \/>BELLUNO<\/strong>\u00a0I 101 dipendenti di Bellunum, azienda che gestisce rifiuti e parcheggi a Belluno, riceveranno 4.000 euro lordi in pi\u00f9 all\u2019anno grazie all\u2019adozione del contratto collettivo nazionale dell\u2019igiene ambientale, dal 1\u00b0 ottobre. Questo accordo, frutto di mesi di trattative, migliora non solo i salari, ma uniforma anche la gestione del servizio in provincia, evitando l\u2019affidamento a operatori esterni. Secondo Maurizio Fonti, segretario della Fit Cisl, questa svolta porter\u00e0 vantaggi per lavoratori e cittadini, garantendo efficienza e trasparenza.\u00a0<em>\u201c\u00c8 evidente \u2013 conclude Fonti \u2013 che la scelta di creare finalmente un unico soggetto per la gestione uniforme del servizio, con regole comuni, rappresenti un importante vantaggio non solo per i lavoratori, ma anche per i cittadini, garantendo maggiore efficienza, omogeneit\u00e0 e trasparenza nella gestione\u201d.\u00a0<\/em><\/p>\n<p><strong>maurizio fonti alla radio\u00a0<\/strong><\/p>\n<audio class=\"wp-audio-shortcode\" id=\"audio-409252-7\" preload=\"none\" style=\"width: 100%;\" controls=\"controls\"><source type=\"audio\/mpeg\" src=\"https:\/\/www.radiopiu.net\/wordpress\/wp-content\/uploads\/2024\/09\/fonti-cisl.mp3?_=7\" \/><a href=\"https:\/\/www.radiopiu.net\/wordpress\/wp-content\/uploads\/2024\/09\/fonti-cisl.mp3\">https:\/\/www.radiopiu.net\/wordpress\/wp-content\/uploads\/2024\/09\/fonti-cisl.mp3<\/a><\/audio>\n<p>&nbsp;<\/p>\n<hr \/>\n<p>&nbsp;<\/p>\n<blockquote>\n<h3>FONDAZIONE TEATRI: LA MINORANZA DEL COMUNE DI BELLUNO CRITICA<\/h3>\n<\/blockquote>\n<p><strong><a class=\"dt-pswp-item\" href=\"https:\/\/www.radiopiu.net\/wordpress\/wp-content\/uploads\/2021\/03\/TEATRO-COMUNALE-BELLUNO.jpg\" data-dt-img-description=\"\" data-large_image_width=\"550\" data-large_image_height=\"435\"><img loading=\"lazy\" decoding=\"async\" class=\" wp-image-195499 alignleft\" src=\"https:\/\/www.radiopiu.net\/wordpress\/wp-content\/uploads\/2021\/03\/TEATRO-COMUNALE-BELLUNO-300x237.jpg\" alt=\"\" width=\"166\" height=\"131\" srcset=\"https:\/\/www.radiopiu.net\/wordpress\/wp-content\/uploads\/2021\/03\/TEATRO-COMUNALE-BELLUNO-300x237.jpg 300w, https:\/\/www.radiopiu.net\/wordpress\/wp-content\/uploads\/2021\/03\/TEATRO-COMUNALE-BELLUNO.jpg 550w\" sizes=\"auto, (max-width: 166px) 100vw, 166px\" \/><\/a>BELLUNO<\/strong> Mercoled\u00ec 11, dopo mesi di inattivit\u00e0, si \u00e8 riunita la Commissione Terza del Consiglio Comunale di Belluno per discutere la modifica dello statuto della Fondazione Teatri delle Dolomiti e ascoltare il suo Presidente. La riunione \u00e8 stata criticata per la mancanza di una bozza di statuto e per il comportamento dell&#8217;Assessore alla cultura Addamiano, che ha abbandonato l&#8217;incontro seguito dai commissari di Fratelli d\u2019Italia. Durante la seduta, il Presidente della Fondazione, Ferigutti, ha attaccato personalit\u00e0 culturali locali, suscitando polemiche. Inoltre, \u00e8 stato rivelato che la stagione teatrale 2024-25 non ha ancora un cartellone. L&#8217;opposizione ha espresso disappunto per la gestione dell&#8217;incontro, ritenendo inadeguato il ruolo svolto dal Presidente e lamentando la scarsa attenzione alla cultura della citt\u00e0.<\/p>\n<p>&nbsp;<\/p>\n<p>&nbsp;<\/p>\n<hr \/>\n<p>&nbsp;<\/p>\n<h2><span style=\"color: #ff0000;\">\u00a0IERI ALLA RADIO\u00a0<\/span><\/h2>\n<blockquote>\n<h3>SOSPESA LA SCUOLA PRIMARIA, SOLO DUE ISCRITTI<\/h3>\n<\/blockquote>\n<p><img loading=\"lazy\" decoding=\"async\" class=\"alignleft\" src=\"https:\/\/www.radiopiu.net\/wordpress\/wp-content\/uploads\/2024\/06\/rivamonte-3-scaled.jpg\" width=\"161\" height=\"121\" \/>RIVAMONTE<\/p>\n<p>DI GIANNI SANTOMASO<\/p>\n<audio class=\"wp-audio-shortcode\" id=\"audio-409252-8\" preload=\"none\" style=\"width: 100%;\" controls=\"controls\"><source type=\"audio\/mpeg\" src=\"https:\/\/www.radiopiu.net\/wordpress\/wp-content\/uploads\/2024\/09\/GIANNI-RIVA.mp3?_=8\" \/><a href=\"https:\/\/www.radiopiu.net\/wordpress\/wp-content\/uploads\/2024\/09\/GIANNI-RIVA.mp3\">https:\/\/www.radiopiu.net\/wordpress\/wp-content\/uploads\/2024\/09\/GIANNI-RIVA.mp3<\/a><\/audio>\n<p>&nbsp;<\/p>\n<p>&nbsp;<\/p>\n<hr \/>\n<p>&nbsp;<\/p>\n<blockquote>\n<h2>LIVINALLONGO SENZA IAT, PER GRONES &#8220;UN PASTICCIO&#8221;<\/h2>\n<\/blockquote>\n<p><strong><a class=\"dt-pswp-item\" href=\"https:\/\/www.radiopiu.net\/wordpress\/wp-content\/uploads\/2023\/04\/leandro.png\" data-dt-img-description=\"\" data-large_image_width=\"409\" data-large_image_height=\"278\"><img loading=\"lazy\" decoding=\"async\" class=\"wp-image-331942 alignleft\" src=\"https:\/\/www.radiopiu.net\/wordpress\/wp-content\/uploads\/2023\/04\/leandro-300x204.png\" alt=\"\" width=\"113\" height=\"77\" srcset=\"https:\/\/www.radiopiu.net\/wordpress\/wp-content\/uploads\/2023\/04\/leandro-300x204.png 300w, https:\/\/www.radiopiu.net\/wordpress\/wp-content\/uploads\/2023\/04\/leandro.png 409w\" sizes=\"auto, (max-width: 113px) 100vw, 113px\" \/><\/a>LIVINALLONGO<\/strong> La gara comunale per il servizio di\u00a0 informazione e accoglienza turistica \u00e8 andata deserta. &#8220;Livinallongo \u00e8 il secondo Comune turistico della provincia &#8211; dice il consigliere comunale Leandro Grones &#8211; e siamo senza servizio IAT&#8221;.<\/p>\n<p>&nbsp;<\/p>\n<p><strong>L&#8217;INTERVENTO ALLA RADIO DI LEANDRO GRONES<\/strong><\/p>\n<audio class=\"wp-audio-shortcode\" id=\"audio-409252-9\" preload=\"none\" style=\"width: 100%;\" controls=\"controls\"><source type=\"audio\/mpeg\" src=\"https:\/\/www.radiopiu.net\/wordpress\/wp-content\/uploads\/2024\/09\/LEANDRO-GRONES.mp3?_=9\" \/><a href=\"https:\/\/www.radiopiu.net\/wordpress\/wp-content\/uploads\/2024\/09\/LEANDRO-GRONES.mp3\">https:\/\/www.radiopiu.net\/wordpress\/wp-content\/uploads\/2024\/09\/LEANDRO-GRONES.mp3<\/a><\/audio>\n<p>&nbsp;<\/p>\n<p>&nbsp;<\/p>\n<hr \/>\n<p>&nbsp;<\/p>\n<blockquote>\n<h3>DILLO A RADIO PIU&#8217;&#8230;sulla Strada Provinciale 8 ad Avoscan<\/h3>\n<\/blockquote>\n<p>Sulla SP8 ad Avoscan, senza attraversamenti pedonali, i veicoli sfrecciano mettendo in pericolo pedoni e animali. Nonostante diverse richieste di intervento, gli enti coinvolti non hanno ancora adottato misure di sicurezza.<\/p>\n<p><strong>Riceviamo a pubblichiamo<\/strong><\/p>\n<p>&nbsp;<\/p>\n<p><a class=\"dt-pswp-item\" href=\"https:\/\/www.radiopiu.net\/wordpress\/wp-content\/uploads\/2024\/09\/AAAA.png\" data-dt-img-description=\"\" data-large_image_width=\"499\" data-large_image_height=\"252\"><img loading=\"lazy\" decoding=\"async\" class=\"size-medium wp-image-409305 alignleft\" src=\"https:\/\/www.radiopiu.net\/wordpress\/wp-content\/uploads\/2024\/09\/AAAA-300x152.png\" alt=\"\" width=\"300\" height=\"152\" srcset=\"https:\/\/www.radiopiu.net\/wordpress\/wp-content\/uploads\/2024\/09\/AAAA-300x152.png 300w, https:\/\/www.radiopiu.net\/wordpress\/wp-content\/uploads\/2024\/09\/AAAA.png 499w\" sizes=\"auto, (max-width: 300px) 100vw, 300px\" \/><\/a>Siamo in localit\u00e0\u00a0 Vare, a pochi metri dall&#8217;autovelox Velocar lungo la regionale 203 agordina. Ma non \u00e8 questo il problema; sulla provinciale sottostante, la Strada Provinciale 8\u00a0 che attraversa l\u2019intero abitato di Avoscan, priva di attraversamenti pedonali. I veicoli di ogni genere sfrecciano indisturbati mettendo in pericolo l\u2019 incolumit\u00e0 dei pedoni, le cose e gli animali. Da molti anni il sottoscritto, sostenuto da pochi coraggiosi, sta lottando con gli Enti vari <a class=\"dt-pswp-item\" href=\"https:\/\/www.radiopiu.net\/wordpress\/wp-content\/uploads\/2024\/09\/Senza-nome-21.png\" data-dt-img-description=\"\" data-large_image_width=\"521\" data-large_image_height=\"267\"><img loading=\"lazy\" decoding=\"async\" class=\"size-medium wp-image-409306 alignright\" src=\"https:\/\/www.radiopiu.net\/wordpress\/wp-content\/uploads\/2024\/09\/Senza-nome-21-300x154.png\" alt=\"\" width=\"300\" height=\"154\" srcset=\"https:\/\/www.radiopiu.net\/wordpress\/wp-content\/uploads\/2024\/09\/Senza-nome-21-300x154.png 300w, https:\/\/www.radiopiu.net\/wordpress\/wp-content\/uploads\/2024\/09\/Senza-nome-21.png 521w\" sizes=\"auto, (max-width: 300px) 100vw, 300px\" \/><\/a>perch\u00e9 facciano qualcosa. Chi dice che l\u2019arteria in questione non \u00e8 di loro competenza, ma\u00a0 della Provincia di Belluno proprietaria la strada. Ci si nasconde dietro un divieto di intralcio ai mezzi di soccorso o addirittura alla necessit\u00e0 dello sgombero neve. Qualcuno mi risponde, prende atto, e mi informa che la gestione \u00e8 affidata a Veneto Strade che incarica il Responsabile di zona, il quale, previo appuntamento con il sottoscritto, prende atto della particolare pericolosit\u00e0 della strada, specialmente a ridosso della strettoia, larga poco pi\u00f9 di 3 metri (misurati dallo stesso in mia presenza). Questi mi dice che tale strozzatura necessiterebbe di un limite di velocit\u00e0 di 30 km\/h. Io, sorridendo ribatto che se non vengono minimamente rispettati i 50 km\/h attuali, figuriamoci. Da allora silenzio. Io continuo a scrivere, sollecitare, avvertire la necessit\u00e0 di sicurezza, ma tutto rimane lettera morta.<\/p>\n<p>Massimo Carlin<\/p>\n<p>&nbsp;<\/p>\n<hr \/>\n<p>&nbsp;<\/p>\n<blockquote><p><strong>41\u00b0 Ritrovo per i Pazienti &#8220;Poliomielitici&#8221; dell&#8217;Ex Ioe di Santa Fosca<\/strong><\/p><\/blockquote>\n<p><strong>SELVA DI CADORE<\/strong> Domani, ex pazienti del reparto &#8220;poliomielitici&#8221; dell&#8217;ex Ioe di Santa Fosca, si riuniranno per il 41\u00b0 incontro annuale. L&#8217;amicizia, nata negli anni &#8217;60, si \u00e8 mantenuta forte nonostante le difficolt\u00e0. La giornata inizier\u00e0 con una messa a Santa Fosca, seguita da un conviviale al rifugio Aquileia di Pescul.<\/p>\n<p><a class=\"dt-pswp-item\" href=\"https:\/\/www.radiopiu.net\/wordpress\/wp-content\/uploads\/2018\/09\/SANTA-FOSCA-35mo-raduno-poliomielitici-IOE.jpg\" data-dt-img-description=\"\" data-large_image_width=\"1476\" data-large_image_height=\"1139\"><img loading=\"lazy\" decoding=\"async\" class=\"alignnone wp-image-59601\" src=\"https:\/\/www.radiopiu.net\/wordpress\/wp-content\/uploads\/2018\/09\/SANTA-FOSCA-35mo-raduno-poliomielitici-IOE-300x232.jpg\" alt=\"\" width=\"225\" height=\"174\" srcset=\"https:\/\/www.radiopiu.net\/wordpress\/wp-content\/uploads\/2018\/09\/SANTA-FOSCA-35mo-raduno-poliomielitici-IOE-300x232.jpg 300w, https:\/\/www.radiopiu.net\/wordpress\/wp-content\/uploads\/2018\/09\/SANTA-FOSCA-35mo-raduno-poliomielitici-IOE-768x593.jpg 768w, https:\/\/www.radiopiu.net\/wordpress\/wp-content\/uploads\/2018\/09\/SANTA-FOSCA-35mo-raduno-poliomielitici-IOE-1024x790.jpg 1024w, https:\/\/www.radiopiu.net\/wordpress\/wp-content\/uploads\/2018\/09\/SANTA-FOSCA-35mo-raduno-poliomielitici-IOE.jpg 1476w\" sizes=\"auto, (max-width: 225px) 100vw, 225px\" \/><\/a><a class=\"dt-pswp-item\" href=\"https:\/\/www.radiopiu.net\/wordpress\/wp-content\/uploads\/2020\/10\/ioe_santa_fosca_selva_cadore.jpeg\" data-dt-img-description=\"\" data-large_image_width=\"978\" data-large_image_height=\"655\"><img loading=\"lazy\" decoding=\"async\" class=\"alignnone wp-image-168029\" src=\"https:\/\/www.radiopiu.net\/wordpress\/wp-content\/uploads\/2020\/10\/ioe_santa_fosca_selva_cadore-300x201.jpeg\" alt=\"\" width=\"260\" height=\"174\" srcset=\"https:\/\/www.radiopiu.net\/wordpress\/wp-content\/uploads\/2020\/10\/ioe_santa_fosca_selva_cadore-300x201.jpeg 300w, https:\/\/www.radiopiu.net\/wordpress\/wp-content\/uploads\/2020\/10\/ioe_santa_fosca_selva_cadore-768x514.jpeg 768w, https:\/\/www.radiopiu.net\/wordpress\/wp-content\/uploads\/2020\/10\/ioe_santa_fosca_selva_cadore.jpeg 978w\" sizes=\"auto, (max-width: 260px) 100vw, 260px\" \/><\/a><a class=\"dt-pswp-item\" href=\"https:\/\/www.radiopiu.net\/wordpress\/wp-content\/uploads\/2022\/11\/th-5.jpg\" data-dt-img-description=\"\" data-large_image_width=\"474\" data-large_image_height=\"311\"><img loading=\"lazy\" decoding=\"async\" class=\"alignnone wp-image-304703\" src=\"https:\/\/www.radiopiu.net\/wordpress\/wp-content\/uploads\/2022\/11\/th-5-300x197.jpg\" alt=\"\" width=\"262\" height=\"172\" srcset=\"https:\/\/www.radiopiu.net\/wordpress\/wp-content\/uploads\/2022\/11\/th-5-300x197.jpg 300w, https:\/\/www.radiopiu.net\/wordpress\/wp-content\/uploads\/2022\/11\/th-5.jpg 474w\" sizes=\"auto, (max-width: 262px) 100vw, 262px\" \/><\/a><\/p>\n<p>&nbsp;<\/p>\n<hr \/>\n<p>&nbsp;<\/p>\n<p>&nbsp;<\/p>\n<blockquote><p><strong><a class=\"dt-pswp-item\" href=\"https:\/\/www.radiopiu.net\/wordpress\/wp-content\/uploads\/2024\/09\/Mostra-Occhiali-Olimpici-Inaugurazione-1-scaled.jpg\" data-dt-img-description=\"\" data-large_image_width=\"2560\" data-large_image_height=\"1707\"><img loading=\"lazy\" decoding=\"async\" class=\" wp-image-409330 alignleft\" src=\"https:\/\/www.radiopiu.net\/wordpress\/wp-content\/uploads\/2024\/09\/Mostra-Occhiali-Olimpici-Inaugurazione-1-300x200.jpg\" alt=\"\" width=\"233\" height=\"155\" srcset=\"https:\/\/www.radiopiu.net\/wordpress\/wp-content\/uploads\/2024\/09\/Mostra-Occhiali-Olimpici-Inaugurazione-1-300x200.jpg 300w, https:\/\/www.radiopiu.net\/wordpress\/wp-content\/uploads\/2024\/09\/Mostra-Occhiali-Olimpici-Inaugurazione-1-1024x683.jpg 1024w, https:\/\/www.radiopiu.net\/wordpress\/wp-content\/uploads\/2024\/09\/Mostra-Occhiali-Olimpici-Inaugurazione-1-768x512.jpg 768w, https:\/\/www.radiopiu.net\/wordpress\/wp-content\/uploads\/2024\/09\/Mostra-Occhiali-Olimpici-Inaugurazione-1-1536x1024.jpg 1536w, https:\/\/www.radiopiu.net\/wordpress\/wp-content\/uploads\/2024\/09\/Mostra-Occhiali-Olimpici-Inaugurazione-1-2048x1365.jpg 2048w\" sizes=\"auto, (max-width: 233px) 100vw, 233px\" \/><\/a>Inaugurata la mostra &#8220;Occhiali Olimpici&#8221; al Museo dell&#8217;Occhiale<\/strong><\/p><\/blockquote>\n<p><strong>PIEVE DI CADORE<\/strong> Al Museo dell&#8217;Occhiale di Pieve di Cadore \u00e8 stata inaugurata la mostra \u201cOcchiali Olimpici\u201d, che espone maschere e occhiali donati da atleti olimpici e campioni mondiali come Messner, Vonn e Vittozzi. L\u2019esposizione, in continua evoluzione, celebra l\u2019evoluzione delle lenti sportive e promuove la protezione della vista nello sport, collegata al progetto &#8220;Olimpiadi dei Borghi 2026&#8221;.<\/p>\n<p>&nbsp;<\/p>\n<p>Vittorio Tabacchi, Presidente Museo dell&#8217;Occhiale<\/p>\n<audio class=\"wp-audio-shortcode\" id=\"audio-409252-10\" preload=\"none\" style=\"width: 100%;\" controls=\"controls\"><source type=\"audio\/mpeg\" src=\"https:\/\/www.radiopiu.net\/wordpress\/wp-content\/uploads\/2024\/09\/Vittorio-Tabacchi-Presidente-Museo-dellOcchiale-Mostra-Occhiali-Olimpici.mp3?_=10\" \/><a href=\"https:\/\/www.radiopiu.net\/wordpress\/wp-content\/uploads\/2024\/09\/Vittorio-Tabacchi-Presidente-Museo-dellOcchiale-Mostra-Occhiali-Olimpici.mp3\">https:\/\/www.radiopiu.net\/wordpress\/wp-content\/uploads\/2024\/09\/Vittorio-Tabacchi-Presidente-Museo-dellOcchiale-Mostra-Occhiali-Olimpici.mp3<\/a><\/audio>\n<p>&nbsp;<\/p>\n<p>Daniela Zambelli Direttrice Museo dell&#8217;Occhiale<\/p>\n<audio class=\"wp-audio-shortcode\" id=\"audio-409252-11\" preload=\"none\" style=\"width: 100%;\" controls=\"controls\"><source type=\"audio\/mpeg\" src=\"https:\/\/www.radiopiu.net\/wordpress\/wp-content\/uploads\/2024\/09\/Daniela-Zambelli-Direttrice-Museo-dellOcchiale-Mostra-Occhiali-Olimpici.mp3?_=11\" \/><a href=\"https:\/\/www.radiopiu.net\/wordpress\/wp-content\/uploads\/2024\/09\/Daniela-Zambelli-Direttrice-Museo-dellOcchiale-Mostra-Occhiali-Olimpici.mp3\">https:\/\/www.radiopiu.net\/wordpress\/wp-content\/uploads\/2024\/09\/Daniela-Zambelli-Direttrice-Museo-dellOcchiale-Mostra-Occhiali-Olimpici.mp3<\/a><\/audio>\n<p>&nbsp;<\/p>\n<p>&nbsp;<\/p>\n<p>&nbsp;<\/p>\n<p>&nbsp;<\/p>\n<hr \/>\n<p>&nbsp;<\/p>\n<blockquote>\n<h3>OGGI A LONGARONE IL CONFERIMENTO DELLA CITTADINANZA ONORARIA ALLA GUARDIA DI FINANZA<\/h3>\n<\/blockquote>\n<p><strong>BELLUNO<\/strong> Oggi al Cimitero Monumentale di Fortogna, si terr\u00e0 la deposizione di una corona d\u2019alloro in memoria delle vittime del Vajont, seguita dalla cerimonia per il conferimento della Cittadinanza Onoraria al Corpo della Guardia di Finanza nella Sala consiliare del Comune di Longarone. Questo riconoscimento sottolinea il ruolo essenziale dei finanzieri nei soccorsi post-disastro, in occasione del 250\u00b0 anniversario della fondazione del Corpo.<\/p>\n<p>&nbsp;<\/p>\n<p>&nbsp;<\/p>\n<hr \/>\n<p>&nbsp;<\/p>\n<p>&nbsp;<\/p>\n<p>&nbsp;<\/p>\n<h1 class=\"_title post-title entry-title\"><a class=\"dt-pswp-item\" href=\"https:\/\/www.radiopiu.net\/wordpress\/wp-content\/uploads\/2023\/12\/ANTENNA.png\" data-dt-img-description=\"\" data-large_image_width=\"300\" data-large_image_height=\"166\"><img loading=\"lazy\" decoding=\"async\" class=\"wp-image-366306 alignleft\" src=\"https:\/\/www.radiopiu.net\/wordpress\/wp-content\/uploads\/2023\/12\/ANTENNA.png\" alt=\"\" width=\"204\" height=\"113\" \/><\/a>FONDAZIONE TEATRI, MINORANZA: \u00abINCONTRO AVVILENTE E PREOCCUPANTE\u00bb<\/h1>\n<p>&nbsp;<\/p>\n<p>Intervistati MARCO PERALE (CONSIGLIERE IPBBC E COMMISSARIO COMMISSIONE TERZA COMUNE BELLUNO) (Servizio di\u00a0<a href=\"https:\/\/antennatre.medianordest.it\/redazione\/Tiziana-Bolognani\/\">Tiziana Bolognani<\/a>)<\/p>\n<p><iframe loading=\"lazy\" title=\"FONDAZIONE TEATRI, MINORANZA: \u00abINCONTRO AVVILENTE E PREOCCUPANTE\u00bb | 13\/09\/2024\" width=\"1200\" height=\"675\" src=\"https:\/\/www.youtube.com\/embed\/cTiFquuOfWA?feature=oembed\" frameborder=\"0\" allow=\"accelerometer; autoplay; clipboard-write; encrypted-media; gyroscope; picture-in-picture; web-share\" referrerpolicy=\"strict-origin-when-cross-origin\" allowfullscreen><\/iframe><\/p>\n<p>&nbsp;<\/p>\n<p>&nbsp;<\/p>\n<h1 class=\"_title post-title entry-title\"><a class=\"dt-pswp-item\" href=\"https:\/\/www.radiopiu.net\/wordpress\/wp-content\/uploads\/2023\/12\/ANTENNA.png\" data-dt-img-description=\"\" data-large_image_width=\"300\" data-large_image_height=\"166\"><img loading=\"lazy\" decoding=\"async\" class=\"wp-image-366306 alignleft\" src=\"https:\/\/www.radiopiu.net\/wordpress\/wp-content\/uploads\/2023\/12\/ANTENNA.png\" alt=\"\" width=\"204\" height=\"113\" \/><\/a><\/h1>\n<h1 class=\"_title post-title entry-title\">FONDAZIONE TEATRI, DE PELLEGRIN: \u00abOGNUNO RISPONDERA\u2019 PER LE PROPRIE RESPONSABILITA\u2019\u00bb<\/h1>\n<p>\u2013 Intervistati OSCAR DE PELLEGRIN (SINDACO DI BELLUNO) (Servizio di\u00a0<a href=\"https:\/\/antennatre.medianordest.it\/redazione\/Tiziana-Bolognani\/\">Tiziana Bolognani<\/a>)<\/p>\n<p><iframe loading=\"lazy\" title=\"FONDAZIONE TEATRI, DE PELLEGRIN: \u00abOGNUNO RISPONDERA&#039; PER LE PROPRIE RESPONSABILITA&#039;\u00bb  | 13\/09\/2024\" width=\"1200\" height=\"675\" src=\"https:\/\/www.youtube.com\/embed\/IdGV61uNx_U?feature=oembed\" frameborder=\"0\" allow=\"accelerometer; autoplay; clipboard-write; encrypted-media; gyroscope; picture-in-picture; web-share\" referrerpolicy=\"strict-origin-when-cross-origin\" allowfullscreen><\/iframe><\/p>\n<p>&nbsp;<\/p>\n<hr \/>\n<p>&nbsp;<\/p>\n<blockquote>\n<h3><a class=\"dt-pswp-item\" href=\"https:\/\/www.radiopiu.net\/wordpress\/wp-content\/uploads\/2024\/09\/PHOTO-2024-09-13-08-32-57.jpg\" data-dt-img-description=\"\" data-large_image_width=\"1536\" data-large_image_height=\"2040\"><img loading=\"lazy\" decoding=\"async\" class=\" wp-image-409320 alignleft\" src=\"https:\/\/www.radiopiu.net\/wordpress\/wp-content\/uploads\/2024\/09\/PHOTO-2024-09-13-08-32-57-226x300.jpg\" alt=\"\" width=\"115\" height=\"153\" srcset=\"https:\/\/www.radiopiu.net\/wordpress\/wp-content\/uploads\/2024\/09\/PHOTO-2024-09-13-08-32-57-226x300.jpg 226w, https:\/\/www.radiopiu.net\/wordpress\/wp-content\/uploads\/2024\/09\/PHOTO-2024-09-13-08-32-57-771x1024.jpg 771w, https:\/\/www.radiopiu.net\/wordpress\/wp-content\/uploads\/2024\/09\/PHOTO-2024-09-13-08-32-57-768x1020.jpg 768w, https:\/\/www.radiopiu.net\/wordpress\/wp-content\/uploads\/2024\/09\/PHOTO-2024-09-13-08-32-57-1157x1536.jpg 1157w, https:\/\/www.radiopiu.net\/wordpress\/wp-content\/uploads\/2024\/09\/PHOTO-2024-09-13-08-32-57.jpg 1536w\" sizes=\"auto, (max-width: 115px) 100vw, 115px\" \/><\/a><\/h3>\n<h3>A LONGARONE UNA NUOVA AREA PER I CANI<\/h3>\n<\/blockquote>\n<p><strong>LONGARONE<\/strong> A Longarone \u00e8 stata creata una nuova area per cani, situata tra il municipio e l\u2019asilo nido, che verr\u00e0 inaugurata oggi alle 12:30. L\u2019assessore all\u2019urbanistica Elena De Bona ha spiegato che l\u2019opera, richiesta da tempo dai cittadini, \u00e8 stata realizzata grazie all&#8217;ufficio tecnico e alla squadra manutenzioni del Comune. L\u2019area \u00e8 recintata, alberata e illuminata, e sar\u00e0 un punto di incontro per i proprietari di cani. Sono previste regole d&#8217;uso e l&#8217;installazione di videosorveglianza. L\u2019amministrazione spera che il parco contribuisca a migliorare il decoro urbano.<\/p>\n<p>&nbsp;<\/p>\n<p>&nbsp;<\/p>\n<hr \/>\n<p>&nbsp;<\/p>\n<blockquote>\n<h3>FRANCESCA MUSSOI RICEVE IL PRIMO PREMIO AL CONCORSO LETTERARIO CITTA&#8217; DI COLOGNA SPIAGGIA<\/h3>\n<\/blockquote>\n<p><strong><a class=\"dt-pswp-item\" href=\"https:\/\/www.radiopiu.net\/wordpress\/wp-content\/uploads\/2024\/09\/Francesca_Mussoi.jpg\" data-dt-img-description=\"\" data-large_image_width=\"1080\" data-large_image_height=\"1080\"><img loading=\"lazy\" decoding=\"async\" class=\" wp-image-409287 alignleft\" src=\"https:\/\/www.radiopiu.net\/wordpress\/wp-content\/uploads\/2024\/09\/Francesca_Mussoi-300x300.jpg\" alt=\"\" width=\"107\" height=\"107\" srcset=\"https:\/\/www.radiopiu.net\/wordpress\/wp-content\/uploads\/2024\/09\/Francesca_Mussoi-300x300.jpg 300w, https:\/\/www.radiopiu.net\/wordpress\/wp-content\/uploads\/2024\/09\/Francesca_Mussoi-1024x1024.jpg 1024w, https:\/\/www.radiopiu.net\/wordpress\/wp-content\/uploads\/2024\/09\/Francesca_Mussoi-150x150.jpg 150w, https:\/\/www.radiopiu.net\/wordpress\/wp-content\/uploads\/2024\/09\/Francesca_Mussoi-768x768.jpg 768w, https:\/\/www.radiopiu.net\/wordpress\/wp-content\/uploads\/2024\/09\/Francesca_Mussoi.jpg 1080w\" sizes=\"auto, (max-width: 107px) 100vw, 107px\" \/><\/a>BELLUNO<\/strong> Francesca Mussoi, scrittrice di Belluno, ha vinto il primo premio nel concorso letterario nazionale \u201cCitt\u00e0 di Cologna Spiaggia\u201d nella sezione \u201clibro edito per ragazzi\u201d con il suo romanzo <em>La bambina con le infradito<\/em>. La premiazione si terr\u00e0 il 6 ottobre a Roseto degli Abruzzi. Il libro racconta la storia di Mery, una giovane che affronta con resilienza le sfide della vita, trasmettendo valori come comprensione e tolleranza. Oltre a scrivere, Mussoi \u00e8 insegnante e psicomotricista, impegnata in progetti educativi e temi di inclusione sociale. Ha scritto numerosi libri per ragazzi, trattando con sensibilit\u00e0 tematiche importanti.<\/p>\n<p>&nbsp;<\/p>\n<hr \/>\n<p>&nbsp;<\/p>\n<blockquote>\n<h3>IL GRUPPO SPORTIVO TAIBON ALLA DOMENICA SPORTIVA<\/h3>\n<p><img loading=\"lazy\" decoding=\"async\" class=\"alignleft\" src=\"https:\/\/www.radiopiu.net\/wordpress\/wp-content\/uploads\/2024\/08\/GRUPPO-SPORTIVO-TAIBON-LOGO.jpg\" width=\"204\" height=\"144\" \/><\/p>\n<p><strong>TAIBON<\/strong> una delegazione del GRUPPO SPORTIVO TAIBON parteciper\u00e0 alla trasmissione televisiva La domenica sportiva che andr\u00e0 in onda domenica 15 settembre su RAI 2 a partire dalle 22.40. Ne ha dato notizia il direttivo del GS TAIBON.<\/p>\n<p>&nbsp;<\/p><\/blockquote>\n<p>&nbsp;<\/p>\n<p>&nbsp;<\/p>\n<hr \/>\n<p>&nbsp;<\/p>\n<blockquote>\n<h3>IL POLO EDUCATIVO SPERTI APRE IL NUOVO ANNO SCOLASTICO<\/h3>\n<\/blockquote>\n<p><strong><a class=\"dt-pswp-item\" href=\"https:\/\/www.radiopiu.net\/wordpress\/wp-content\/uploads\/2024\/09\/Kairos_SpertiBelluno_attivita-estive-2024.jpg\" data-dt-img-description=\"\" data-large_image_width=\"1920\" data-large_image_height=\"1440\"><img loading=\"lazy\" decoding=\"async\" class=\" wp-image-409313 alignleft\" src=\"https:\/\/www.radiopiu.net\/wordpress\/wp-content\/uploads\/2024\/09\/Kairos_SpertiBelluno_attivita-estive-2024-300x225.jpg\" alt=\"\" width=\"153\" height=\"115\" srcset=\"https:\/\/www.radiopiu.net\/wordpress\/wp-content\/uploads\/2024\/09\/Kairos_SpertiBelluno_attivita-estive-2024-300x225.jpg 300w, https:\/\/www.radiopiu.net\/wordpress\/wp-content\/uploads\/2024\/09\/Kairos_SpertiBelluno_attivita-estive-2024-1024x768.jpg 1024w, https:\/\/www.radiopiu.net\/wordpress\/wp-content\/uploads\/2024\/09\/Kairos_SpertiBelluno_attivita-estive-2024-768x576.jpg 768w, https:\/\/www.radiopiu.net\/wordpress\/wp-content\/uploads\/2024\/09\/Kairos_SpertiBelluno_attivita-estive-2024-1536x1152.jpg 1536w, https:\/\/www.radiopiu.net\/wordpress\/wp-content\/uploads\/2024\/09\/Kairos_SpertiBelluno_attivita-estive-2024.jpg 1920w\" sizes=\"auto, (max-width: 153px) 100vw, 153px\" \/><\/a>BELLUNO<\/strong> Il Polo Educativo Sperti di Belluno inaugura il nuovo anno scolastico con una festa organizzata dalla cooperativa Kairos, che gestisce l&#8217;istituto dal 2022. L&#8217;evento, in programma sabato 14 settembre, \u00e8 rivolto alle autorit\u00e0 locali, alle famiglie degli studenti e a chiunque voglia conoscere le attivit\u00e0 previste per il 2024-25. Saranno presenti l&#8217;assessore Roberta Olivotto e il vescovo Renato Marangoni. Il presidente di Kairos, Alessandro Capponi, presenter\u00e0 le iniziative, tra cui doposcuola e supporto per BES\/DSA, oltre a un accordo per contributi alle famiglie delle Terre Alte. Il pomeriggio si concluder\u00e0 con uno spettacolo di giocoleria per i pi\u00f9 piccoli.<\/p>\n<p>&nbsp;<\/p>\n<hr \/>\n<p>&nbsp;<\/p>\n<p>&nbsp;<\/p>\n<blockquote><p><strong><a class=\"dt-pswp-item\" href=\"https:\/\/www.radiopiu.net\/wordpress\/wp-content\/uploads\/2024\/09\/affresco_bend_belluno_artiste.jpeg\" data-dt-img-description=\"\" data-large_image_width=\"1600\" data-large_image_height=\"1204\"><img loading=\"lazy\" decoding=\"async\" class=\" wp-image-409364 alignleft\" src=\"https:\/\/www.radiopiu.net\/wordpress\/wp-content\/uploads\/2024\/09\/affresco_bend_belluno_artiste-300x226.jpeg\" alt=\"\" width=\"333\" height=\"251\" srcset=\"https:\/\/www.radiopiu.net\/wordpress\/wp-content\/uploads\/2024\/09\/affresco_bend_belluno_artiste-300x226.jpeg 300w, https:\/\/www.radiopiu.net\/wordpress\/wp-content\/uploads\/2024\/09\/affresco_bend_belluno_artiste-1024x771.jpeg 1024w, https:\/\/www.radiopiu.net\/wordpress\/wp-content\/uploads\/2024\/09\/affresco_bend_belluno_artiste-768x578.jpeg 768w, https:\/\/www.radiopiu.net\/wordpress\/wp-content\/uploads\/2024\/09\/affresco_bend_belluno_artiste-1536x1156.jpeg 1536w, https:\/\/www.radiopiu.net\/wordpress\/wp-content\/uploads\/2024\/09\/affresco_bend_belluno_artiste.jpeg 1600w\" sizes=\"auto, (max-width: 333px) 100vw, 333px\" \/><\/a>Belluno e Bend: l\u2019affresco che celebra il gemellaggio<\/strong><\/p><\/blockquote>\n<p><strong>BELLUNO<\/strong>\u00a0 \u00c8 stato presentato nella sala consiliare di Belluno un affresco per celebrare il gemellaggio tra la citt\u00e0 italiana e Bend, in Oregon (USA). Il progetto, avviato nel 2022 dal Rotary Club di Belluno e realizzato insieme a studenti italiani e americani, rappresenta un simbolo tangibile dell&#8217;amicizia tra le due comunit\u00e0. L&#8217;opera, collocata nelle scale mobili di Lambioi, raffigura i luoghi e i simboli caratteristici di Belluno e Bend, consolidando il legame culturale tra le due citt\u00e0. Marta Farina ha illustrato ai presenti le fasi del corso e la realizzazione dell\u2019affresco, che rappresenta la citt\u00e0 di Belluno con il Duomo, la Gusela del Vescov\u00e0, lo Schiara e un fiore simbolico, la campanula morettiana, che rappresenta il logo del Parco Nazionale Dolomiti Bellunesi. Al centro dell\u2019opera un fuoco che simboleggia i valori dell\u2019amicizia. Bend \u00e8 rappresentata dalle tre famose colline del territorio &#8220;The Sisters&#8221; e dall&#8217; Old Mille, un edificio simbolo della citt\u00e0. Ai lati, otto figure stilizzate si tengono per mano, a simboleggiare il legame tra le due citt\u00e0.<\/p>\n<p>&nbsp;<\/p>\n<p>&nbsp;<\/p>\n<p>&nbsp;<\/p>\n<hr \/>\n<p>&nbsp;<\/p>\n<h2><span style=\"color: #ff0000;\">CONSIGLI COMUNALI IN AGORDINO<\/span><\/h2>\n<p><strong>VOLTAGO<\/strong> Consiglio comunale convocato per luned\u00ec 23 settembre alle 18. Quattro punti in discussione tra cui il programma triennale dei lavori 2024-2026, l&#8217;adeguamento di Via Sav\u00e0 a Frassen\u00e8 nell&#8217;intersezione con la 347 del Passo Cereda e Duran e la messa in sicurezza della strada silvopastorale &#8220;Della Gioia&#8221;.<\/p>\n<p>&nbsp;<\/p>\n<p>&nbsp;<\/p>\n<hr \/>\n<p>&nbsp;<\/p>\n<blockquote><p><strong><a class=\"dt-pswp-item\" href=\"https:\/\/www.radiopiu.net\/wordpress\/wp-content\/uploads\/2024\/09\/image001-1.jpg\" data-dt-img-description=\"\" data-large_image_width=\"567\" data-large_image_height=\"567\"><img loading=\"lazy\" decoding=\"async\" class=\"wp-image-409370 alignleft\" src=\"https:\/\/www.radiopiu.net\/wordpress\/wp-content\/uploads\/2024\/09\/image001-1-300x300.jpg\" alt=\"\" width=\"226\" height=\"226\" srcset=\"https:\/\/www.radiopiu.net\/wordpress\/wp-content\/uploads\/2024\/09\/image001-1-300x300.jpg 300w, https:\/\/www.radiopiu.net\/wordpress\/wp-content\/uploads\/2024\/09\/image001-1-150x150.jpg 150w, https:\/\/www.radiopiu.net\/wordpress\/wp-content\/uploads\/2024\/09\/image001-1.jpg 567w\" sizes=\"auto, (max-width: 226px) 100vw, 226px\" \/><\/a>Poste Italiane: &#8220;Etichetta la Cassetta&#8221; Arriva a Belluno<\/strong><\/p><\/blockquote>\n<p>Poste Italiane lancia l&#8217;iniziativa &#8220;Etichetta la cassetta&#8221; in provincia di Belluno, invitando i cittadini a identificare correttamente le proprie cassette postali. L&#8217;iniziativa, rivolta soprattutto ai comuni con meno di 5.000 abitanti, mira a migliorare il servizio di recapito postale e promuove la collaborazione con le istituzioni locali.<\/p>\n<p>&nbsp;<\/p>\n<p>&nbsp;<\/p>\n<p>&nbsp;<\/p>\n<p>&nbsp;<\/p>\n<p>&nbsp;<\/p>\n<hr \/>\n<p>&nbsp;<\/p>\n<blockquote>\n<h3>L&#8217;ASSOCIAZIONE CUCCHINI LANCIA IL SECONDO CORSO &#8220;L&#8217;ATTENZIONE NELLA CURA&#8221;<\/h3>\n<\/blockquote>\n<p><strong><a class=\"dt-pswp-item\" href=\"https:\/\/www.radiopiu.net\/wordpress\/wp-content\/uploads\/2024\/09\/SCR-20240912-kuiy.png\" data-dt-img-description=\"\" data-large_image_width=\"1348\" data-large_image_height=\"920\"><img loading=\"lazy\" decoding=\"async\" class=\" wp-image-409149 alignleft\" src=\"https:\/\/www.radiopiu.net\/wordpress\/wp-content\/uploads\/2024\/09\/SCR-20240912-kuiy-300x205.png\" alt=\"\" width=\"181\" height=\"124\" srcset=\"https:\/\/www.radiopiu.net\/wordpress\/wp-content\/uploads\/2024\/09\/SCR-20240912-kuiy-300x205.png 300w, https:\/\/www.radiopiu.net\/wordpress\/wp-content\/uploads\/2024\/09\/SCR-20240912-kuiy-1024x699.png 1024w, https:\/\/www.radiopiu.net\/wordpress\/wp-content\/uploads\/2024\/09\/SCR-20240912-kuiy-768x524.png 768w, https:\/\/www.radiopiu.net\/wordpress\/wp-content\/uploads\/2024\/09\/SCR-20240912-kuiy.png 1348w\" sizes=\"auto, (max-width: 181px) 100vw, 181px\" \/><\/a>BELLUNO<\/strong> L&#8217;associazione Cucchini, in collaborazione con l&#8217;Unit\u00e0 Operativa di Cure Palliative dell&#8217;Ulss 1 Dolomiti, organizza la seconda edizione del corso gratuito &#8220;L&#8217;attenzione nella cura&#8221; per caregiver, badanti e assistenti familiari. Il corso, pratico e professionale, si terr\u00e0 a ottobre presso l&#8217;ospedale San Martino di Belluno, con quattro incontri pomeridiani (14-15.30). Si affronteranno temi come la cura di malati oncologici, con demenza o SLA, l&#8217;igiene, la sicurezza, la nutrizione e il supporto emotivo. Le iscrizioni sono aperte fino al 6 ottobre, segreteria@associazionecucchini.it telefono 0437 516666<\/p>\n<p>&nbsp;<\/p>\n<p>&nbsp;<\/p>\n<hr \/>\n<p>&nbsp;<\/p>\n<blockquote><p><strong><a class=\"dt-pswp-item\" href=\"https:\/\/www.radiopiu.net\/wordpress\/wp-content\/uploads\/2024\/09\/Senza-nome-19.png\" data-dt-img-description=\"\" data-large_image_width=\"754\" data-large_image_height=\"393\"><img loading=\"lazy\" decoding=\"async\" class=\" wp-image-409172 alignleft\" src=\"https:\/\/www.radiopiu.net\/wordpress\/wp-content\/uploads\/2024\/09\/Senza-nome-19-300x156.png\" alt=\"\" width=\"254\" height=\"132\" srcset=\"https:\/\/www.radiopiu.net\/wordpress\/wp-content\/uploads\/2024\/09\/Senza-nome-19-300x156.png 300w, https:\/\/www.radiopiu.net\/wordpress\/wp-content\/uploads\/2024\/09\/Senza-nome-19.png 754w\" sizes=\"auto, (max-width: 254px) 100vw, 254px\" \/><\/a>Declino cognitivo e demenze: sempre pi\u00f9 servizi in Ulss Dolomiti<\/strong><\/p><\/blockquote>\n<p>Il 21 settembre ricorre la giornata mondiale dedicata all\u2019Alzheimer. In occasione di questa giornata, il Centro per i Disturbi Cognitivi e Demenze dell\u2019Ulss Dolomiti (CDCD) fa il punto sui servizi, in fase di potenziamento, per le persone malate e le loro famiglie e propone alcune iniziative di sensibilizzazione promuovendo la consapevolezza e la comprensione dei disturbi neurocognitivi, di cui la malattia di Alzheimer rappresenta la forma pi\u00f9 frequente. In provincia di Belluno, si stima che le persone con Distrubi neuro cognitivi siano circa 3.000. Giornata mondiale dell\u2019Alzheimer,\u00a0 gioved\u00ec 19 settembre 2024 dalle 10.00 alle 12.00 \u2013 ingresso ospedale di Belluno; venerd\u00ec 20 settembre 2024 dalle 10.00 alle 12.00 \u2013 ingresso ospedale di Feltre<\/p>\n<p>&nbsp;<\/p>\n<p>&nbsp;<\/p>\n<hr \/>\n<p>&nbsp;<\/p>\n<blockquote><p><strong><a class=\"dt-pswp-item\" href=\"https:\/\/www.radiopiu.net\/wordpress\/wp-content\/uploads\/2024\/09\/th-4.jpg\" data-dt-img-description=\"\" data-large_image_width=\"269\" data-large_image_height=\"180\"><img loading=\"lazy\" decoding=\"async\" class=\" wp-image-409169 alignleft\" src=\"https:\/\/www.radiopiu.net\/wordpress\/wp-content\/uploads\/2024\/09\/th-4.jpg\" alt=\"\" width=\"166\" height=\"111\" \/><\/a>Concerto del Coro Polifonico CTG<\/strong><\/p><\/blockquote>\n<p><strong>BELLUNO<\/strong> Oggi alle 21, nella chiesa \u201cSanta Maria di Loreto\u201d, il CTG Coro Polifonico, diretto dal Maestro Stefano Da Ros, chiuder\u00e0 la rassegna \u201cREstate in citt\u00e0\u201d con un concerto di musica sacra a cappella. Ingresso libero fino a esaurimento posti. Info: 0437 913191, <a rel=\"noopener\">cultura@comune.belluno.it<\/a>.<\/p>\n<p>&nbsp;<\/p>\n<p>&nbsp;<\/p>\n<hr \/>\n<p>&nbsp;<\/p>\n<blockquote>\n<h3><a class=\"dt-pswp-item\" href=\"https:\/\/www.radiopiu.net\/wordpress\/wp-content\/uploads\/2024\/09\/Lidia-Fogarolo-1.jpg\" data-dt-img-description=\"\" data-large_image_width=\"671\" data-large_image_height=\"792\"><img loading=\"lazy\" decoding=\"async\" class=\" wp-image-409139 alignleft\" src=\"https:\/\/www.radiopiu.net\/wordpress\/wp-content\/uploads\/2024\/09\/Lidia-Fogarolo-1-254x300.jpg\" alt=\"\" width=\"112\" height=\"132\" srcset=\"https:\/\/www.radiopiu.net\/wordpress\/wp-content\/uploads\/2024\/09\/Lidia-Fogarolo-1-254x300.jpg 254w, https:\/\/www.radiopiu.net\/wordpress\/wp-content\/uploads\/2024\/09\/Lidia-Fogarolo-1.jpg 671w\" sizes=\"auto, (max-width: 112px) 100vw, 112px\" \/><\/a>OGGI LA PRESENTAZIONE DEL LIBRO DI LIDIA FOGAROLO A CANALE D&#8217;AGORDO<\/h3>\n<\/blockquote>\n<p><strong>CANALE D&#8217;AGORDO<\/strong> Lidia Fogarolo, grafologa forense, presenter\u00e0 il suo libro <em>Scrivere (nel)la storia<\/em> domani a Canale d&#8217;Agordo, nell&#8217;ambito della rassegna dedicata a papa Luciani. Il volume analizza la personalit\u00e0 di vari papi del XX secolo, tra cui Pio XII, Giovanni Paolo I (Luciani) e Francesco, attraverso lo studio delle loro grafie. La grafologia, come spiega Fogarolo, \u00e8 un test di personalit\u00e0 che considera circa 80 segni grafologici per rivelare la struttura psichica di un individuo. Durante l&#8217;incontro saranno mostrate diapositive con le grafie originali dei pontefici.<\/p>\n<p>&nbsp;<\/p>\n<p>&nbsp;<\/p>\n<p>&nbsp;<\/p>\n<hr \/>\n<p>&nbsp;<\/p>\n<blockquote>\n<h3>OGGI E DOMANI TORNA ORTI IN PIAZZA<\/h3>\n<\/blockquote>\n<p><strong><a class=\"dt-pswp-item\" href=\"https:\/\/www.radiopiu.net\/wordpress\/wp-content\/uploads\/2024\/09\/Visome2.jpg\" data-dt-img-description=\"\" data-large_image_width=\"800\" data-large_image_height=\"533\"><img loading=\"lazy\" decoding=\"async\" class=\" wp-image-409142 alignleft\" src=\"https:\/\/www.radiopiu.net\/wordpress\/wp-content\/uploads\/2024\/09\/Visome2-300x200.jpg\" alt=\"\" width=\"192\" height=\"128\" srcset=\"https:\/\/www.radiopiu.net\/wordpress\/wp-content\/uploads\/2024\/09\/Visome2-300x200.jpg 300w, https:\/\/www.radiopiu.net\/wordpress\/wp-content\/uploads\/2024\/09\/Visome2-768x512.jpg 768w, https:\/\/www.radiopiu.net\/wordpress\/wp-content\/uploads\/2024\/09\/Visome2.jpg 800w\" sizes=\"auto, (max-width: 192px) 100vw, 192px\" \/><\/a>BELLUNO<\/strong> La Pro Loco Pieve Castionese organizza, in stretta collaborazione con i gruppi frazionali di Visome, Madeago, San Cipriano, Caliepo, Sagrogna e Sossai, l&#8217;edizione 2024 di &#8220;Orti in Piazza&#8221;, un evento che permette di scoprire le tradizioni, la cultura e la gastronomia locale, in programma oggi e domani. Per facilitare gli spostamenti tra le frazioni partecipanti, sar\u00e0 disponibile un servizio di navetta gratuito dalle 10:00 alle 18:00, organizzato in collaborazione con DolomitiBus. Il programma completo dell\u2019evento \u00e8 disponibile su <a href=\"http:\/\/www.castion-belluno.it\/\">www.castion-belluno.it<\/a><\/p>\n<p>&nbsp;<\/p>\n<p>&nbsp;<\/p>\n<hr \/>\n<p>&nbsp;<\/p>\n<blockquote><p><strong><a class=\"dt-pswp-item\" href=\"https:\/\/www.radiopiu.net\/wordpress\/wp-content\/uploads\/2022\/05\/ce23bb83-faf8-469a-8c9b-e0f0d6a47ce7.jpg\" data-dt-img-description=\"\" data-large_image_width=\"2048\" data-large_image_height=\"1512\"><img loading=\"lazy\" decoding=\"async\" class=\"wp-image-276345 alignleft\" src=\"https:\/\/www.radiopiu.net\/wordpress\/wp-content\/uploads\/2022\/05\/ce23bb83-faf8-469a-8c9b-e0f0d6a47ce7-300x221.jpg\" alt=\"\" width=\"134\" height=\"99\" srcset=\"https:\/\/www.radiopiu.net\/wordpress\/wp-content\/uploads\/2022\/05\/ce23bb83-faf8-469a-8c9b-e0f0d6a47ce7-300x221.jpg 300w, https:\/\/www.radiopiu.net\/wordpress\/wp-content\/uploads\/2022\/05\/ce23bb83-faf8-469a-8c9b-e0f0d6a47ce7-1024x756.jpg 1024w, https:\/\/www.radiopiu.net\/wordpress\/wp-content\/uploads\/2022\/05\/ce23bb83-faf8-469a-8c9b-e0f0d6a47ce7-768x567.jpg 768w, https:\/\/www.radiopiu.net\/wordpress\/wp-content\/uploads\/2022\/05\/ce23bb83-faf8-469a-8c9b-e0f0d6a47ce7-1536x1134.jpg 1536w, https:\/\/www.radiopiu.net\/wordpress\/wp-content\/uploads\/2022\/05\/ce23bb83-faf8-469a-8c9b-e0f0d6a47ce7.jpg 2048w\" sizes=\"auto, (max-width: 134px) 100vw, 134px\" \/><\/a>Proiezione del film sull\u2019emigrazione bellunese a Sedico<\/strong><\/p><\/blockquote>\n<p><strong>SEDICO<\/strong> Il 20 settembre alle 20.45, la Sala Conferenze del Polo Culturale di Sedico ospiter\u00e0 la proiezione gratuita di &#8220;Non andare via&#8221;, un film diretto da Giorgio Cassiadoro che racconta le storie autentiche degli emigranti bellunesi in Svizzera. L\u2019evento \u00e8 organizzato dall&#8217;Associazione Bellunesi nel Mondo. L\u2019ingresso alla proiezione \u00e8 gratuito fino ad esaurimento posti.<\/p>\n<p>&nbsp;<\/p>\n<hr \/>\n<p>&nbsp;<\/p>\n<p>&nbsp;<\/p>\n<blockquote>\n<h3><a class=\"dt-pswp-item\" href=\"https:\/\/www.radiopiu.net\/wordpress\/wp-content\/uploads\/2020\/05\/images-1.jpg\" data-dt-img-description=\"\" data-large_image_width=\"275\" data-large_image_height=\"183\"><img loading=\"lazy\" decoding=\"async\" class=\"wp-image-137672 alignleft\" src=\"https:\/\/www.radiopiu.net\/wordpress\/wp-content\/uploads\/2020\/05\/images-1.jpg\" alt=\"\" width=\"150\" height=\"100\" \/><\/a>CONFIDENZE SULL&#8217;AMORE STORIA DI DONNE, VENERDI IN SALA PELLIZZARI<\/h3>\n<\/blockquote>\n<p><strong>SOSPIROLO<\/strong><\/p>\n<p><strong>DI ROBERTO BONA\u00a0<\/strong><\/p>\n<audio class=\"wp-audio-shortcode\" id=\"audio-409252-12\" preload=\"none\" style=\"width: 100%;\" controls=\"controls\"><source type=\"audio\/wav\" src=\"https:\/\/www.radiopiu.net\/wordpress\/wp-content\/uploads\/2024\/09\/ConfidenzeSullAmore-1.wav?_=12\" \/><a href=\"https:\/\/www.radiopiu.net\/wordpress\/wp-content\/uploads\/2024\/09\/ConfidenzeSullAmore-1.wav\">https:\/\/www.radiopiu.net\/wordpress\/wp-content\/uploads\/2024\/09\/ConfidenzeSullAmore-1.wav<\/a><\/audio>\n<p>&nbsp;<\/p>\n<p>&nbsp;<\/p>\n<hr \/>\n<p>&nbsp;<\/p>\n<blockquote>\n<h3>LA DOMENICA CON IL CAI<\/h3>\n<\/blockquote>\n<p><strong>AGORDO<\/strong> Domani escursione al Monte Coppolo sulle vette Feltrine. Ritrovo alle 6.30 presso la sede del Cai (Municipio di Agordo).Accompagnatori dell\u2019uscita: Cibien Antonello (AE-EEA), Magro Anna (AE-EEA), Dell\u2019Osbel Dario (AE<br \/>\nEAI), Fabiana Luciani (ASE),<\/p>\n<p>&nbsp;<\/p>\n<p>&nbsp;<\/p>\n<hr \/>\n<blockquote>\n<h3><a class=\"dt-pswp-item\" href=\"https:\/\/www.radiopiu.net\/wordpress\/wp-content\/uploads\/2024\/09\/459441018_1444029149639781_6588175937352575299_n.jpg\" data-dt-img-description=\"\" data-large_image_width=\"509\" data-large_image_height=\"720\"><img loading=\"lazy\" decoding=\"async\" class=\"wp-image-409029 alignleft\" src=\"https:\/\/www.radiopiu.net\/wordpress\/wp-content\/uploads\/2024\/09\/459441018_1444029149639781_6588175937352575299_n-212x300.jpg\" alt=\"\" width=\"85\" height=\"120\" srcset=\"https:\/\/www.radiopiu.net\/wordpress\/wp-content\/uploads\/2024\/09\/459441018_1444029149639781_6588175937352575299_n-212x300.jpg 212w, https:\/\/www.radiopiu.net\/wordpress\/wp-content\/uploads\/2024\/09\/459441018_1444029149639781_6588175937352575299_n.jpg 509w\" sizes=\"auto, (max-width: 85px) 100vw, 85px\" \/><\/a>SABATO 21 A VOLTAGO I RICONOSCIMENTI<\/h3>\n<\/blockquote>\n<p><b>VOLTAGO <\/b>L&#8217;amministrazione comunale sabato 21 settembre alle 11 in sala De Col consegner\u00e0 le targhe di riconoscimento a Bruno Zanvit, 80 anni e per tanti sindaco del paese; Massimiliano Miana, Celeste Della Lucia e Maria Grazia della Lucia, per 60 anni d&#8217;attivit\u00e0 nel bar in centro a Frassen\u00e9, Candido Parissenti, commerciante da 45 anni e Laura Franceschinelli in attivit\u00e0 da 30 anni<\/p>\n<p>&nbsp;<\/p>\n<p>&nbsp;<\/p>\n<hr \/>\n<p>&nbsp;<\/p>\n<blockquote>\n<h3>ALLA SCOPERTA DEL TUO TALENTO MUSICALE. DOMENICA 22 SETEMBRE AD AGORDO<\/h3>\n<\/blockquote>\n<p><strong><a class=\"dt-pswp-item\" href=\"https:\/\/www.radiopiu.net\/wordpress\/wp-content\/uploads\/2024\/09\/5b3cac0c-a825-49b4-9fc9-d2f8b2c05990-1.jpg\" data-dt-img-description=\"\" data-large_image_width=\"940\" data-large_image_height=\"940\"><img loading=\"lazy\" decoding=\"async\" class=\" wp-image-408635 alignleft\" src=\"https:\/\/www.radiopiu.net\/wordpress\/wp-content\/uploads\/2024\/09\/5b3cac0c-a825-49b4-9fc9-d2f8b2c05990-1-300x300.jpg\" alt=\"\" width=\"107\" height=\"107\" srcset=\"https:\/\/www.radiopiu.net\/wordpress\/wp-content\/uploads\/2024\/09\/5b3cac0c-a825-49b4-9fc9-d2f8b2c05990-1-300x300.jpg 300w, https:\/\/www.radiopiu.net\/wordpress\/wp-content\/uploads\/2024\/09\/5b3cac0c-a825-49b4-9fc9-d2f8b2c05990-1-150x150.jpg 150w, https:\/\/www.radiopiu.net\/wordpress\/wp-content\/uploads\/2024\/09\/5b3cac0c-a825-49b4-9fc9-d2f8b2c05990-1-768x768.jpg 768w, https:\/\/www.radiopiu.net\/wordpress\/wp-content\/uploads\/2024\/09\/5b3cac0c-a825-49b4-9fc9-d2f8b2c05990-1.jpg 940w\" sizes=\"auto, (max-width: 107px) 100vw, 107px\" \/><\/a>AGORDO <\/strong>Domenica 22 settembre&#8230; apri il cuore alla musica! Dalle 16 alle 18, al Centro Parrocchiale Savio di Agordo (ex Casa della Giovent\u00f9), ti aspetta un pomeriggio speciale dedicato alla scoperta del tuo talento musicale! In collaborazione con l&#8217;Associazione Culturale Arte Nuova e la Nuova Didattica Musicale Accademia Gioacchino Rossini, potrai esplorare strumenti musicali e il canto in un ambiente creativo e stimolante. Che tu sia alle prime armi o semplicemente curioso, questo \u00e8 l\u2019evento perfetto per immergerti nel mondo della musica. L\u2019ingresso \u00e8 libero! Prenota al 327 5407023 o visita <a href=\"http:\/\/www.artenuova.info\" target=\"_new\" rel=\"noopener\">www.artenuova.info<\/a><\/p>\n<p>&nbsp;<\/p>\n<p>&nbsp;<\/p>\n<hr \/>\n<p>&nbsp;<\/p>\n<blockquote><p><strong><a class=\"dt-pswp-item\" href=\"https:\/\/www.radiopiu.net\/wordpress\/wp-content\/uploads\/2024\/09\/I-giovani-del-MusicLab-in-scena-con-lo-spettacolo-EMME.jpeg\" data-dt-img-description=\"\" data-large_image_width=\"1080\" data-large_image_height=\"604\"><img loading=\"lazy\" decoding=\"async\" class=\"wp-image-409368 alignleft\" src=\"https:\/\/www.radiopiu.net\/wordpress\/wp-content\/uploads\/2024\/09\/I-giovani-del-MusicLab-in-scena-con-lo-spettacolo-EMME-300x168.jpeg\" alt=\"\" width=\"173\" height=\"97\" srcset=\"https:\/\/www.radiopiu.net\/wordpress\/wp-content\/uploads\/2024\/09\/I-giovani-del-MusicLab-in-scena-con-lo-spettacolo-EMME-300x168.jpeg 300w, https:\/\/www.radiopiu.net\/wordpress\/wp-content\/uploads\/2024\/09\/I-giovani-del-MusicLab-in-scena-con-lo-spettacolo-EMME-1024x573.jpeg 1024w, https:\/\/www.radiopiu.net\/wordpress\/wp-content\/uploads\/2024\/09\/I-giovani-del-MusicLab-in-scena-con-lo-spettacolo-EMME-768x430.jpeg 768w, https:\/\/www.radiopiu.net\/wordpress\/wp-content\/uploads\/2024\/09\/I-giovani-del-MusicLab-in-scena-con-lo-spettacolo-EMME.jpeg 1080w\" sizes=\"auto, (max-width: 173px) 100vw, 173px\" \/><\/a>MusicLab Limana: Aperte le Iscrizioni<\/strong><\/p><\/blockquote>\n<p><strong>LIMANA<\/strong> Aperte le iscrizioni a MusicLab-Musicalmente Limana, laboratorio musicale per giovani promosso dall&#8217;Associazione CivicaMente APS e il Comune di Limana. Il progetto offre ai ragazzi la possibilit\u00e0 di approfondire lo studio musicale e partecipare a eventi culturali. L\u2019incontro di presentazione del progetto, aperto a tutti, si terr\u00e0 luned\u00ec 16 settembre alle 20:30 in sala Nocivelli, a Limana. Per informazioni e iscrizioni:\u00a0<a href=\"mailto:musiclablimana@gmail.com\" target=\"_blank\" rel=\"noopener\">musiclablimana@gmail.com<\/a><\/p>\n<p>&nbsp;<\/p>\n<hr \/>\n<p>&nbsp;<\/p>\n<div class=\"flex-shrink-0 flex flex-col relative items-end\">\n<div>\n<div class=\"pt-0\">\n<div class=\"gizmo-bot-avatar flex h-8 w-8 items-center justify-center overflow-hidden rounded-full\">\n<div class=\"relative p-1 rounded-sm flex items-center justify-center bg-token-main-surface-primary text-token-text-primary h-8 w-8\"><\/div>\n<\/div>\n<\/div>\n<\/div>\n<\/div>\n<div class=\"group\/conversation-turn relative flex w-full min-w-0 flex-col agent-turn\">\n<div class=\"flex-col gap-1 md:gap-3\">\n<div class=\"flex max-w-full flex-col flex-grow\">\n<div class=\"min-h-[20px] text-message flex w-full flex-col items-end gap-2 whitespace-normal break-words [.text-message+&amp;]:mt-5\" dir=\"auto\" data-message-author-role=\"assistant\" data-message-id=\"d31eb9d1-e7ef-4d1f-b9a4-478b16e2a1f4\">\n<div class=\"flex w-full flex-col gap-1 empty:hidden first:pt-[3px]\">\n<div class=\"markdown prose w-full break-words dark:prose-invert dark\">\n<blockquote><p><strong>Teatro a Longano: in scena &#8220;L&#8217;albergo dei nevrastenici&#8221;<\/strong><\/p><\/blockquote>\n<p><strong>SEDICO<\/strong> Domani, Longano ospiter\u00e0 la compagnia &#8220;Teatro nel cuore&#8221; con l&#8217;opera <em>L&#8217;albergo dei nevrastenici<\/em>, diretta da Roberto Faoro. L&#8217;evento, organizzato dal Comitato Culturale e Ricreativo locale, si terr\u00e0 alle 20:30 presso la Casa Comunale, offrendo una serata di divertimento ispirata all&#8217;opera di Gino Rocca.<\/p>\n<\/div>\n<\/div>\n<\/div>\n<\/div>\n<\/div>\n<\/div>\n<p>&nbsp;<\/p>\n<p>&nbsp;<\/p>\n<hr \/>\n<p>&nbsp;<\/p>\n<blockquote>\n<h3><a class=\"dt-pswp-item\" href=\"https:\/\/www.radiopiu.net\/wordpress\/wp-content\/uploads\/2024\/08\/DSC_0005-scaled.jpg\" data-dt-img-description=\"\" data-large_image_width=\"2560\" data-large_image_height=\"1440\"><img loading=\"lazy\" decoding=\"async\" class=\"size-medium wp-image-407356 alignleft\" src=\"https:\/\/www.radiopiu.net\/wordpress\/wp-content\/uploads\/2024\/08\/DSC_0005-300x169.jpg\" alt=\"\" width=\"300\" height=\"169\" srcset=\"https:\/\/www.radiopiu.net\/wordpress\/wp-content\/uploads\/2024\/08\/DSC_0005-300x169.jpg 300w, https:\/\/www.radiopiu.net\/wordpress\/wp-content\/uploads\/2024\/08\/DSC_0005-1024x576.jpg 1024w, https:\/\/www.radiopiu.net\/wordpress\/wp-content\/uploads\/2024\/08\/DSC_0005-768x432.jpg 768w, https:\/\/www.radiopiu.net\/wordpress\/wp-content\/uploads\/2024\/08\/DSC_0005-1536x864.jpg 1536w, https:\/\/www.radiopiu.net\/wordpress\/wp-content\/uploads\/2024\/08\/DSC_0005-2048x1152.jpg 2048w\" sizes=\"auto, (max-width: 300px) 100vw, 300px\" \/><\/a>LA COMMEMORAZIONE DEI CADUTI<\/h3>\n<\/blockquote>\n<p>La Sezione di Belluno del Club Alpino Italiano comunica che <strong>oggi<\/strong> alle 11 presso il rifugio 7\u00b0 Alpini al Pis Pilon, sotto le maestose pareti della Schiara, si terr\u00e0 la annuale Cerimonia per la commemorazione dei Caduti della Montagna e dei nostri Alpini, con una Santa Messa che sar\u00e0 celebrata da Mons. Renato Marangoni Vescovo di Belluno-Feltre presso la adiacente Cappella della Regina Alpinorum. Sono invitati a partecipare tutti gli amici della montagna.<\/p>\n<p>&nbsp;<\/p>\n<p>&nbsp;<\/p>\n<hr \/>\n<p>&nbsp;<\/p>\n<blockquote>\n<h3>CON L&#8217;ADA, ASSOCIAZIONE DANZA AGORDINA<\/h3>\n<\/blockquote>\n<p><strong><a class=\"dt-pswp-item\" href=\"https:\/\/www.radiopiu.net\/wordpress\/wp-content\/uploads\/2020\/05\/ASSOCIAZIONE-DANZA-AGORDINA.jpg\" data-dt-img-description=\"\" data-large_image_width=\"720\" data-large_image_height=\"480\"><img loading=\"lazy\" decoding=\"async\" class=\"wp-image-140867 alignleft\" src=\"https:\/\/www.radiopiu.net\/wordpress\/wp-content\/uploads\/2020\/05\/ASSOCIAZIONE-DANZA-AGORDINA-300x200.jpg\" alt=\"\" width=\"164\" height=\"109\" srcset=\"https:\/\/www.radiopiu.net\/wordpress\/wp-content\/uploads\/2020\/05\/ASSOCIAZIONE-DANZA-AGORDINA-300x200.jpg 300w, https:\/\/www.radiopiu.net\/wordpress\/wp-content\/uploads\/2020\/05\/ASSOCIAZIONE-DANZA-AGORDINA.jpg 720w\" sizes=\"auto, (max-width: 164px) 100vw, 164px\" \/><\/a>Crescere attraverso la danza con l&#8217;Associazione Danza Agordina!<\/strong>\u00a0 Vuoi far muovere i primi passi nella danza ai tuoi piccoli o perfezionare il tuo talento? Con l&#8217;ADA corsi di <strong>danza classica<\/strong> a partire dai 4 anni e, dai 9 anni in su, anche <strong>moderna, contemporanea, hip hop e breakdance<\/strong>.\u00a0 <strong>I nuovi corsi iniziano il 23 settembre!\u00a0 Iscriviti: <\/strong><strong>14 settembre<\/strong> durante la manifestazione Sport in Piazza ad Agordo. <strong>16-17-18 settembre<\/strong> presso la palestra della scuola elementare dalle 17:00 alle 19:00. E c\u2019\u00e8 di pi\u00f9! <strong>Settimana di prova gratuita dal 23 al 28 settembre<\/strong>. Vieni a scoprire la magia della danza!\u00a0 <strong>Info:<\/strong> 348 8062103 (Whatsapp)<\/p>\n<p>&nbsp;<\/p>\n<p>&nbsp;<\/p>\n<hr \/>\n<p>&nbsp;<\/p>\n<blockquote>\n<h2>Macelleria Costa: Il Bistrot della Macelleria Selezionato per i TheFork Awards 2024<\/h2>\n<\/blockquote>\n<p><a class=\"dt-pswp-item\" href=\"https:\/\/www.radiopiu.net\/wordpress\/wp-content\/uploads\/2024\/09\/Senza-nome-24.png\" data-dt-img-description=\"\" data-large_image_width=\"191\" data-large_image_height=\"190\"><img loading=\"lazy\" decoding=\"async\" class=\"size-full wp-image-409357 alignleft\" src=\"https:\/\/www.radiopiu.net\/wordpress\/wp-content\/uploads\/2024\/09\/Senza-nome-24.png\" alt=\"\" width=\"191\" height=\"190\" srcset=\"https:\/\/www.radiopiu.net\/wordpress\/wp-content\/uploads\/2024\/09\/Senza-nome-24.png 191w, https:\/\/www.radiopiu.net\/wordpress\/wp-content\/uploads\/2024\/09\/Senza-nome-24-150x150.png 150w\" sizes=\"auto, (max-width: 191px) 100vw, 191px\" \/><\/a><strong>CANALE D&#8217;AGORDO<\/strong> La Macelleria Costa di Canale d&#8217;Agordo \u00e8 lieta di annunciare che il suo ristorante, &#8220;Il Bistrot della Macelleria&#8221;, \u00e8 stato selezionato per i TheFork Awards 2024, un&#8217;iniziativa che celebra le nuove aperture pi\u00f9 promettenti della ristorazione italiana. Il rinomato chef Alessandro Bellingeri ha nominato il Bistrot della Macelleria tra le realt\u00e0 emergenti pi\u00f9 interessanti, contribuendo a posizionare il locale tra le migliori nuove gestioni del settore. L&#8217;iniziativa, promossa da TheFork e Identit\u00e0 Golose, punta a valorizzare l&#8217;innovazione e la qualit\u00e0 della cucina d&#8217;autore in Italia. Il Bistrot della Macelleria, premiato anche dalla giuria tecnica, \u00e8 ora in gara per il voto popolare, aperto dal 11 settembre al 2 ottobre 2024. Con soli 14 coperti, offre un&#8217;esperienza intima in cui gustare carne alla brace di altissima qualit\u00e0, accompagnata da ua selezione di vini in un ambiente rustico e moderno. La Macelleria Costa invita tutti a scoprire la sua proposta gastronomica e a votare per il Bistrot.<\/p>\n<p>Per votare: <a href=\"https:\/\/www.theforkrestaurantsawards.it\/regole-di-voto\/\" target=\"_new\" rel=\"noopener\">TheFork Awards<\/a><\/p>\n<p>&nbsp;<\/p>\n<hr \/>\n<p>&nbsp;<\/p>\n<blockquote>\n<h3>DOMANI MERCANTE PER UN GIORNO A BELLUNO<\/h3>\n<\/blockquote>\n<p><strong><a class=\"dt-pswp-item\" href=\"https:\/\/www.radiopiu.net\/wordpress\/wp-content\/uploads\/2024\/09\/mercatino-18.jpg\" data-dt-img-description=\"\" data-large_image_width=\"1920\" data-large_image_height=\"1275\"><img loading=\"lazy\" decoding=\"async\" class=\" wp-image-408829 alignleft\" src=\"https:\/\/www.radiopiu.net\/wordpress\/wp-content\/uploads\/2024\/09\/mercatino-18-300x199.jpg\" alt=\"\" width=\"119\" height=\"79\" srcset=\"https:\/\/www.radiopiu.net\/wordpress\/wp-content\/uploads\/2024\/09\/mercatino-18-300x199.jpg 300w, https:\/\/www.radiopiu.net\/wordpress\/wp-content\/uploads\/2024\/09\/mercatino-18-1024x680.jpg 1024w, https:\/\/www.radiopiu.net\/wordpress\/wp-content\/uploads\/2024\/09\/mercatino-18-768x510.jpg 768w, https:\/\/www.radiopiu.net\/wordpress\/wp-content\/uploads\/2024\/09\/mercatino-18-1536x1020.jpg 1536w, https:\/\/www.radiopiu.net\/wordpress\/wp-content\/uploads\/2024\/09\/mercatino-18.jpg 1920w\" sizes=\"auto, (max-width: 119px) 100vw, 119px\" \/><\/a>BELLUNO<\/strong> Domani dalle 8 alle 19 al Dolomiti Hub, si terr\u00e0 la terza edizione del mercatino dell&#8217;usato e dell&#8217;artigianato &#8220;Mercante per un giorno&#8221;. L&#8217;evento, diventato un appuntamento imperdibile per gli appassionati di vintage, collezionismo e artigianato, offrir\u00e0 l&#8217;opportunit\u00e0 di scoprire tesori nascosti, scambiare oggetti e condividere storie. \u00c8 un&#8217;occasione unica per chi ama articoli di seconda mano e l\u2019artigianato, in un\u2019atmosfera ricca di condivisione e passione.<\/p>\n<p>&nbsp;<\/p>\n<p>&nbsp;<\/p>\n<hr \/>\n<p>&nbsp;<\/p>\n<blockquote>\n<h3><a class=\"dt-pswp-item\" href=\"https:\/\/www.radiopiu.net\/wordpress\/wp-content\/uploads\/2024\/09\/th-5.jpg\" data-dt-img-description=\"\" data-large_image_width=\"273\" data-large_image_height=\"180\"><img loading=\"lazy\" decoding=\"async\" class=\"wp-image-409170 alignleft\" src=\"https:\/\/www.radiopiu.net\/wordpress\/wp-content\/uploads\/2024\/09\/th-5.jpg\" alt=\"\" width=\"173\" height=\"114\" \/><\/a>SILVIA CARLIN TORNA A BELLUNO PER UN CONCERTO SPECIALE<\/h3>\n<\/blockquote>\n<p><strong>BELLUNO<\/strong> La pianista Silvia Carlin torna nella sua Belluno per un concerto in duo con Valentina Dubrovina, ospite del Circolo Culturale Bellunese. L&#8217;evento si terr\u00e0 marted\u00ec alle 20:30 all&#8217;Auditorium del Liceo Lollino di Belluno. Biglietti disponibili presso la sede del concerto o la Cartoleria Capraro.<\/p>\n<p>&nbsp;<\/p>\n<p>&nbsp;<\/p>\n<hr \/>\n<p>&nbsp;<\/p>\n<blockquote>\n<h3>LA MOSTRA DI HANS HAACKE A BELLUNO FINO AL 29 SETTEMBRE<\/h3>\n<\/blockquote>\n<p><a class=\"dt-pswp-item\" href=\"https:\/\/www.radiopiu.net\/wordpress\/wp-content\/uploads\/2024\/09\/SCR-20240908-ophz.jpeg\" data-dt-img-description=\"Screenshot\" data-large_image_width=\"1254\" data-large_image_height=\"932\"><img loading=\"lazy\" decoding=\"async\" class=\"wp-image-408564 alignleft\" src=\"https:\/\/www.radiopiu.net\/wordpress\/wp-content\/uploads\/2024\/09\/SCR-20240908-ophz-300x223.jpeg\" alt=\"\" width=\"161\" height=\"120\" srcset=\"https:\/\/www.radiopiu.net\/wordpress\/wp-content\/uploads\/2024\/09\/SCR-20240908-ophz-300x223.jpeg 300w, https:\/\/www.radiopiu.net\/wordpress\/wp-content\/uploads\/2024\/09\/SCR-20240908-ophz-1024x761.jpeg 1024w, https:\/\/www.radiopiu.net\/wordpress\/wp-content\/uploads\/2024\/09\/SCR-20240908-ophz-768x571.jpeg 768w, https:\/\/www.radiopiu.net\/wordpress\/wp-content\/uploads\/2024\/09\/SCR-20240908-ophz.jpeg 1254w\" sizes=\"auto, (max-width: 161px) 100vw, 161px\" \/><\/a><strong>BELLUNO<\/strong><\/p>\n<p>DI ROBERTO BONA<\/p>\n<audio class=\"wp-audio-shortcode\" id=\"audio-409252-13\" preload=\"none\" style=\"width: 100%;\" controls=\"controls\"><source type=\"audio\/mpeg\" src=\"https:\/\/www.radiopiu.net\/wordpress\/wp-content\/uploads\/2024\/09\/BONA-MOSTRA-BELLUNO-SCADE-29-SETTEMBRE.mp3?_=13\" \/><a href=\"https:\/\/www.radiopiu.net\/wordpress\/wp-content\/uploads\/2024\/09\/BONA-MOSTRA-BELLUNO-SCADE-29-SETTEMBRE.mp3\">https:\/\/www.radiopiu.net\/wordpress\/wp-content\/uploads\/2024\/09\/BONA-MOSTRA-BELLUNO-SCADE-29-SETTEMBRE.mp3<\/a><\/audio>\n<p>&nbsp;<\/p>\n<hr \/>\n<p>&nbsp;<\/p>\n<h2><span style=\"color: #ff6600;\">ALLA RADIO\u00a0<\/span><\/h2>\n<h2><span style=\"color: #ffcc00;\">&#8220;DINTORN E FORA VIA&#8221;\u00a0 IL PROGRAMMA\u00a0 A CURA DEL MUSLA<\/span><\/h2>\n<p><strong><a class=\"dt-pswp-item\" href=\"https:\/\/www.radiopiu.net\/wordpress\/wp-content\/uploads\/2023\/08\/GIORNALI.jpg\" data-dt-img-description=\"\" data-large_image_width=\"1280\" data-large_image_height=\"853\"><img loading=\"lazy\" decoding=\"async\" class=\" wp-image-350810 alignleft\" src=\"https:\/\/www.radiopiu.net\/wordpress\/wp-content\/uploads\/2023\/08\/GIORNALI-300x200.jpg\" alt=\"\" width=\"134\" height=\"89\" srcset=\"https:\/\/www.radiopiu.net\/wordpress\/wp-content\/uploads\/2023\/08\/GIORNALI-300x200.jpg 300w, https:\/\/www.radiopiu.net\/wordpress\/wp-content\/uploads\/2023\/08\/GIORNALI-1024x682.jpg 1024w, https:\/\/www.radiopiu.net\/wordpress\/wp-content\/uploads\/2023\/08\/GIORNALI-768x512.jpg 768w, https:\/\/www.radiopiu.net\/wordpress\/wp-content\/uploads\/2023\/08\/GIORNALI.jpg 1280w\" sizes=\"auto, (max-width: 134px) 100vw, 134px\" \/><\/a>PUNTATA DEL 13 SETTEMBRE CHIARA FRENA<\/strong><\/p>\n<audio class=\"wp-audio-shortcode\" id=\"audio-409252-14\" preload=\"none\" style=\"width: 100%;\" controls=\"controls\"><source type=\"audio\/mpeg\" src=\"https:\/\/www.radiopiu.net\/wordpress\/wp-content\/uploads\/2024\/09\/MUSLA-3.mp3?_=14\" \/><a href=\"https:\/\/www.radiopiu.net\/wordpress\/wp-content\/uploads\/2024\/09\/MUSLA-3.mp3\">https:\/\/www.radiopiu.net\/wordpress\/wp-content\/uploads\/2024\/09\/MUSLA-3.mp3<\/a><\/audio>\n<p>&nbsp;<\/p>\n<h2>LA RACCOLTA COMPLETA <a href=\"https:\/\/www.radiopiu.net\/wordpress\/musla\/\"><span style=\"color: #3366ff;\">CLICCA QUI<\/span><\/a><\/h2>\n<p>&nbsp;<\/p>\n<hr \/>\n<p>&nbsp;<\/p>\n<h2><span style=\"color: #ff00ff;\">SPECIALE MONDO DEL VOLONTARIATO, IL COORDINAMENTO VOLONTARI DELLE AMBULANZE AGORDINO E ZOLDANO<\/span><\/h2>\n<p><strong><a class=\"dt-pswp-item\" href=\"https:\/\/www.radiopiu.net\/wordpress\/wp-content\/uploads\/2024\/09\/615f5c97-377f-4fa3-96e8-1040f2312f71.jpg\" data-dt-img-description=\"\" data-large_image_width=\"1600\" data-large_image_height=\"1600\"><img loading=\"lazy\" decoding=\"async\" class=\" wp-image-409266 alignleft\" src=\"https:\/\/www.radiopiu.net\/wordpress\/wp-content\/uploads\/2024\/09\/615f5c97-377f-4fa3-96e8-1040f2312f71-300x300.jpg\" alt=\"\" width=\"133\" height=\"133\" srcset=\"https:\/\/www.radiopiu.net\/wordpress\/wp-content\/uploads\/2024\/09\/615f5c97-377f-4fa3-96e8-1040f2312f71-300x300.jpg 300w, https:\/\/www.radiopiu.net\/wordpress\/wp-content\/uploads\/2024\/09\/615f5c97-377f-4fa3-96e8-1040f2312f71-1024x1024.jpg 1024w, https:\/\/www.radiopiu.net\/wordpress\/wp-content\/uploads\/2024\/09\/615f5c97-377f-4fa3-96e8-1040f2312f71-150x150.jpg 150w, https:\/\/www.radiopiu.net\/wordpress\/wp-content\/uploads\/2024\/09\/615f5c97-377f-4fa3-96e8-1040f2312f71-768x768.jpg 768w, https:\/\/www.radiopiu.net\/wordpress\/wp-content\/uploads\/2024\/09\/615f5c97-377f-4fa3-96e8-1040f2312f71-1536x1536.jpg 1536w, https:\/\/www.radiopiu.net\/wordpress\/wp-content\/uploads\/2024\/09\/615f5c97-377f-4fa3-96e8-1040f2312f71.jpg 1600w\" sizes=\"auto, (max-width: 133px) 100vw, 133px\" \/><\/a><span style=\"color: #ff0000;\">SECONDO APPUNTAMENTO<\/span><\/strong><\/p>\n<p>OSPITI: EDDY GASPARI, GIOIA VAGRETTI, ARIANNA GAIARDO, DIEGO MASAREI<\/p>\n<audio class=\"wp-audio-shortcode\" id=\"audio-409252-15\" preload=\"none\" style=\"width: 100%;\" controls=\"controls\"><source type=\"audio\/mpeg\" src=\"https:\/\/www.radiopiu.net\/wordpress\/wp-content\/uploads\/2024\/09\/CROCE-VERDE-APPUNTAMENTO-DUE.mp3?_=15\" \/><a href=\"https:\/\/www.radiopiu.net\/wordpress\/wp-content\/uploads\/2024\/09\/CROCE-VERDE-APPUNTAMENTO-DUE.mp3\">https:\/\/www.radiopiu.net\/wordpress\/wp-content\/uploads\/2024\/09\/CROCE-VERDE-APPUNTAMENTO-DUE.mp3<\/a><\/audio>\n<p>&nbsp;<\/p>\n<h2>LA RACCOLTA COMPLETA <a href=\"https:\/\/www.radiopiu.net\/wordpress\/speciale-mondo-del-volontariato-2\/\"><span style=\"color: #3366ff;\">CLICCA QUI<\/span><\/a><\/h2>\n<p>&nbsp;<\/p>\n<hr \/>\n<p>&nbsp;<\/p>\n<h2><span style=\"color: #008000;\">SPECIALE SOLIDARIETA&#8217; VENETO<\/span><\/h2>\n<p><strong><a class=\"dt-pswp-item\" href=\"https:\/\/www.radiopiu.net\/wordpress\/wp-content\/uploads\/2020\/05\/solidariet\u00e0-veneto.jpg\" data-dt-img-description=\"\" data-large_image_width=\"1373\" data-large_image_height=\"961\"><img loading=\"lazy\" decoding=\"async\" class=\" wp-image-134366 alignleft\" src=\"https:\/\/www.radiopiu.net\/wordpress\/wp-content\/uploads\/2020\/05\/solidariet\u00e0-veneto-300x210.jpg\" alt=\"\" width=\"167\" height=\"117\" srcset=\"https:\/\/www.radiopiu.net\/wordpress\/wp-content\/uploads\/2020\/05\/solidariet\u00e0-veneto-300x210.jpg 300w, https:\/\/www.radiopiu.net\/wordpress\/wp-content\/uploads\/2020\/05\/solidariet\u00e0-veneto-1024x717.jpg 1024w, https:\/\/www.radiopiu.net\/wordpress\/wp-content\/uploads\/2020\/05\/solidariet\u00e0-veneto-768x538.jpg 768w, https:\/\/www.radiopiu.net\/wordpress\/wp-content\/uploads\/2020\/05\/solidariet\u00e0-veneto.jpg 1373w\" sizes=\"auto, (max-width: 167px) 100vw, 167px\" \/><\/a>DI MIRKO MEZZACASA<\/strong><\/p>\n<p>OSPITE: Paolo Stefan, direttore di Solidariet\u00e0 Veneto<\/p>\n<audio class=\"wp-audio-shortcode\" id=\"audio-409252-16\" preload=\"none\" style=\"width: 100%;\" controls=\"controls\"><source type=\"audio\/mpeg\" src=\"https:\/\/www.radiopiu.net\/wordpress\/wp-content\/uploads\/2024\/09\/solidarieta-veneto-fondo-pensione-stefan-settembre-2024.mp3?_=16\" \/><a href=\"https:\/\/www.radiopiu.net\/wordpress\/wp-content\/uploads\/2024\/09\/solidarieta-veneto-fondo-pensione-stefan-settembre-2024.mp3\">https:\/\/www.radiopiu.net\/wordpress\/wp-content\/uploads\/2024\/09\/solidarieta-veneto-fondo-pensione-stefan-settembre-2024.mp3<\/a><\/audio>\n<p>&nbsp;<\/p>\n<hr \/>\n<p>&nbsp;<\/p>\n<h2><span style=\"color: #800080;\">DOMANI TORNA SPORT IN PIAZZA AD AGORDO<\/span><\/h2>\n<p><strong><a href=\"https:\/\/www.radiopiu.net\/wordpress\/wp-content\/uploads\/2024\/09\/893d47d7-f434-4179-873b-bf4781b9cc15.webp\"><img loading=\"lazy\" decoding=\"async\" class=\" wp-image-409116 alignleft\" src=\"https:\/\/www.radiopiu.net\/wordpress\/wp-content\/uploads\/2024\/09\/893d47d7-f434-4179-873b-bf4781b9cc15-300x169.webp\" alt=\"\" width=\"192\" height=\"108\" srcset=\"https:\/\/www.radiopiu.net\/wordpress\/wp-content\/uploads\/2024\/09\/893d47d7-f434-4179-873b-bf4781b9cc15-300x169.webp 300w, https:\/\/www.radiopiu.net\/wordpress\/wp-content\/uploads\/2024\/09\/893d47d7-f434-4179-873b-bf4781b9cc15-1024x576.webp 1024w, https:\/\/www.radiopiu.net\/wordpress\/wp-content\/uploads\/2024\/09\/893d47d7-f434-4179-873b-bf4781b9cc15-768x432.webp 768w, https:\/\/www.radiopiu.net\/wordpress\/wp-content\/uploads\/2024\/09\/893d47d7-f434-4179-873b-bf4781b9cc15-1536x864.webp 1536w, https:\/\/www.radiopiu.net\/wordpress\/wp-content\/uploads\/2024\/09\/893d47d7-f434-4179-873b-bf4781b9cc15.webp 2048w\" sizes=\"auto, (max-width: 192px) 100vw, 192px\" \/><\/a>DI MIRKO MEZZACASA<\/strong><\/p>\n<p>OSPITI: Alberto Fontanive, Valeria Rosson e giovani hockeisti Cesare e Carlo<\/p>\n<audio class=\"wp-audio-shortcode\" id=\"audio-409252-17\" preload=\"none\" style=\"width: 100%;\" controls=\"controls\"><source type=\"audio\/mpeg\" src=\"https:\/\/www.radiopiu.net\/wordpress\/wp-content\/uploads\/2024\/09\/SPORT-IN-PIAZZA-AGORDO-2024.mp3?_=17\" \/><a href=\"https:\/\/www.radiopiu.net\/wordpress\/wp-content\/uploads\/2024\/09\/SPORT-IN-PIAZZA-AGORDO-2024.mp3\">https:\/\/www.radiopiu.net\/wordpress\/wp-content\/uploads\/2024\/09\/SPORT-IN-PIAZZA-AGORDO-2024.mp3<\/a><\/audio>\n<p>&nbsp;<\/p>\n<hr \/>\n<p>&nbsp;<\/p>\n<h2><span style=\"color: #00ccff;\">INIZIA LA STAGIONE DELL&#8217;ALLEGHE HOCKEY, DOMENICA LA PRESENTAZIONE DELLE SQUADRE<\/span><\/h2>\n<p><strong><a class=\"dt-pswp-item\" href=\"https:\/\/www.radiopiu.net\/wordpress\/wp-content\/uploads\/2023\/05\/ADRIANO-LEVIS-PRIMO-PIANO.jpg\" data-dt-img-description=\"\" data-large_image_width=\"1876\" data-large_image_height=\"1235\"><img loading=\"lazy\" decoding=\"async\" class=\" wp-image-338181 alignleft\" src=\"https:\/\/www.radiopiu.net\/wordpress\/wp-content\/uploads\/2023\/05\/ADRIANO-LEVIS-PRIMO-PIANO-300x197.jpg\" alt=\"\" width=\"196\" height=\"129\" srcset=\"https:\/\/www.radiopiu.net\/wordpress\/wp-content\/uploads\/2023\/05\/ADRIANO-LEVIS-PRIMO-PIANO-300x197.jpg 300w, https:\/\/www.radiopiu.net\/wordpress\/wp-content\/uploads\/2023\/05\/ADRIANO-LEVIS-PRIMO-PIANO-1024x674.jpg 1024w, https:\/\/www.radiopiu.net\/wordpress\/wp-content\/uploads\/2023\/05\/ADRIANO-LEVIS-PRIMO-PIANO-768x506.jpg 768w, https:\/\/www.radiopiu.net\/wordpress\/wp-content\/uploads\/2023\/05\/ADRIANO-LEVIS-PRIMO-PIANO-1536x1011.jpg 1536w, https:\/\/www.radiopiu.net\/wordpress\/wp-content\/uploads\/2023\/05\/ADRIANO-LEVIS-PRIMO-PIANO.jpg 1876w\" sizes=\"auto, (max-width: 196px) 100vw, 196px\" \/><\/a>DI MARCO GAZ<\/strong><\/p>\n<p>OSPITE: Adriano Levis, presidente dell&#8217;Alleghe Hockey<\/p>\n<audio class=\"wp-audio-shortcode\" id=\"audio-409252-18\" preload=\"none\" style=\"width: 100%;\" controls=\"controls\"><source type=\"audio\/mpeg\" src=\"https:\/\/www.radiopiu.net\/wordpress\/wp-content\/uploads\/2024\/09\/ADRIANO-LEVIS-ALLEGHE-PRESENTAZIONE-2024.mp3?_=18\" \/><a href=\"https:\/\/www.radiopiu.net\/wordpress\/wp-content\/uploads\/2024\/09\/ADRIANO-LEVIS-ALLEGHE-PRESENTAZIONE-2024.mp3\">https:\/\/www.radiopiu.net\/wordpress\/wp-content\/uploads\/2024\/09\/ADRIANO-LEVIS-ALLEGHE-PRESENTAZIONE-2024.mp3<\/a><\/audio>\n<p>&nbsp;<\/p>\n<hr \/>\n<p>&nbsp;<\/p>\n<h2><span style=\"color: #808000;\">AL RITORNO DALLE FERIE&#8230;I CONSIGLI DI GIANLUCA DI DOLOMITI BEER &amp; WINE SHOP DA NAPI<\/span><\/h2>\n<p><strong><a class=\"dt-pswp-item\" href=\"https:\/\/www.radiopiu.net\/wordpress\/wp-content\/uploads\/2020\/05\/DOLOMITI-BEER.png\" data-dt-img-description=\"\" data-large_image_width=\"812\" data-large_image_height=\"450\"><img loading=\"lazy\" decoding=\"async\" class=\" wp-image-139660 alignleft\" src=\"https:\/\/www.radiopiu.net\/wordpress\/wp-content\/uploads\/2020\/05\/DOLOMITI-BEER-300x166.png\" alt=\"\" width=\"159\" height=\"88\" srcset=\"https:\/\/www.radiopiu.net\/wordpress\/wp-content\/uploads\/2020\/05\/DOLOMITI-BEER-300x166.png 300w, https:\/\/www.radiopiu.net\/wordpress\/wp-content\/uploads\/2020\/05\/DOLOMITI-BEER-768x426.png 768w, https:\/\/www.radiopiu.net\/wordpress\/wp-content\/uploads\/2020\/05\/DOLOMITI-BEER.png 812w\" sizes=\"auto, (max-width: 159px) 100vw, 159px\" \/><\/a>CON GIANLUCA ROSSI DI DOLOMITI BEER &amp; WINE SHOP DA NAPI<\/strong><\/p>\n<audio class=\"wp-audio-shortcode\" id=\"audio-409252-19\" preload=\"none\" style=\"width: 100%;\" controls=\"controls\"><source type=\"audio\/mpeg\" src=\"https:\/\/www.radiopiu.net\/wordpress\/wp-content\/uploads\/2024\/09\/gianluca.mp3?_=19\" \/><a href=\"https:\/\/www.radiopiu.net\/wordpress\/wp-content\/uploads\/2024\/09\/gianluca.mp3\">https:\/\/www.radiopiu.net\/wordpress\/wp-content\/uploads\/2024\/09\/gianluca.mp3<\/a><\/audio>\n<p>&nbsp;<\/p>\n<hr \/>\n<p>&nbsp;<\/p>\n<blockquote class=\"wp-embedded-content\" data-secret=\"xEI1kwp6bt\"><p><a href=\"https:\/\/www.radiopiu.net\/wordpress\/pirole-de-lenga-la-parola-del-giorno-a-cura-del-musla-raccolta-completa\/\">PIROLE DE LENGA&#8230; LA PAROLA DEL GIORNO A CURA DEL MUSLA -raccolta completa &#8211;<\/a><\/p><\/blockquote>\n<p><iframe loading=\"lazy\" class=\"wp-embedded-content\" sandbox=\"allow-scripts\" security=\"restricted\" style=\"position: absolute; visibility: hidden;\" title=\"&#8220;PIROLE DE LENGA&#8230; LA PAROLA DEL GIORNO A CURA DEL MUSLA -raccolta completa &#8211;&#8221; &#8212; Radio Pi\u00f9\" src=\"https:\/\/www.radiopiu.net\/wordpress\/pirole-de-lenga-la-parola-del-giorno-a-cura-del-musla-raccolta-completa\/embed\/#?secret=q4z1f0R5XP#?secret=xEI1kwp6bt\" data-secret=\"xEI1kwp6bt\" width=\"600\" height=\"338\" frameborder=\"0\" marginwidth=\"0\" marginheight=\"0\" scrolling=\"no\"><\/iframe><\/p>\n<p>&nbsp;<\/p>\n<blockquote class=\"wp-embedded-content\" data-secret=\"N3HMwDIDS7\"><p><a href=\"https:\/\/www.radiopiu.net\/wordpress\/set5a\/\">EL BAL DEL FIOR, DETTI E MODI DI DIRE  LA RACCOLTA COMPLETA<\/a><\/p><\/blockquote>\n<p><iframe loading=\"lazy\" class=\"wp-embedded-content\" sandbox=\"allow-scripts\" security=\"restricted\" style=\"position: absolute; visibility: hidden;\" title=\"&#8220;EL BAL DEL FIOR, DETTI E MODI DI DIRE  LA RACCOLTA COMPLETA&#8221; &#8212; Radio Pi\u00f9\" src=\"https:\/\/www.radiopiu.net\/wordpress\/set5a\/embed\/#?secret=aecsTpnvPb#?secret=N3HMwDIDS7\" data-secret=\"N3HMwDIDS7\" width=\"600\" height=\"338\" frameborder=\"0\" marginwidth=\"0\" marginheight=\"0\" scrolling=\"no\"><\/iframe><\/p>\n<p>&nbsp;<\/p>\n<p>&nbsp;<\/p>\n<hr \/>\n<h2><span style=\"color: #ff0000;\"><a class=\"dt-pswp-item\" href=\"https:\/\/www.radiopiu.net\/wordpress\/wp-content\/uploads\/2018\/09\/appuntamenti.jpeg\" data-dt-img-description=\"\" data-large_image_width=\"800\" data-large_image_height=\"100\"><img loading=\"lazy\" decoding=\"async\" class=\"wp-image-61958 size-full aligncenter\" src=\"https:\/\/www.radiopiu.net\/wordpress\/wp-content\/uploads\/2018\/09\/appuntamenti.jpeg\" alt=\"\" width=\"800\" height=\"100\" srcset=\"https:\/\/www.radiopiu.net\/wordpress\/wp-content\/uploads\/2018\/09\/appuntamenti.jpeg 800w, https:\/\/www.radiopiu.net\/wordpress\/wp-content\/uploads\/2018\/09\/appuntamenti-300x38.jpeg 300w, https:\/\/www.radiopiu.net\/wordpress\/wp-content\/uploads\/2018\/09\/appuntamenti-768x96.jpeg 768w\" sizes=\"auto, (max-width: 800px) 100vw, 800px\" \/><\/a><\/span><\/h2>\n<div>\n<div class=\"\" dir=\"auto\">\n<div id=\":r9h:\" class=\"x1iorvi4 x1pi30zi x1l90r2v x1swvt13\" data-ad-comet-preview=\"message\" data-ad-preview=\"message\">\n\n\t\t\t<style type='text\/css'>\n\t\t\t\t#gallery-1 {\n\t\t\t\t\tmargin: auto;\n\t\t\t\t}\n\t\t\t\t#gallery-1 .gallery-item {\n\t\t\t\t\tfloat: left;\n\t\t\t\t\tmargin-top: 10px;\n\t\t\t\t\ttext-align: center;\n\t\t\t\t\twidth: 25%;\n\t\t\t\t}\n\t\t\t\t#gallery-1 img {\n\t\t\t\t\tborder: 2px solid #cfcfcf;\n\t\t\t\t}\n\t\t\t\t#gallery-1 .gallery-caption {\n\t\t\t\t\tmargin-left: 0;\n\t\t\t\t}\n\t\t\t\t\/* see gallery_shortcode() in wp-includes\/media.php *\/\n\t\t\t<\/style>\n\t\t<div id='gallery-1' class='dt-gallery-container gallery galleryid-409252 gallery-columns-4 gallery-size-thumbnail'><dl class='gallery-item'>\n\t\t\t\t<dt class='gallery-icon portrait'>\n\t\t\t\t\t<a class=\"rollover rollover-zoom dt-pswp-item\" title=\"bd965e78-6e96-4eea-9324-7c799cd8cfa8\" data-dt-img-description=\"\" data-large_image_width=\"1467\" data-large_image_height=\"2048\"href='https:\/\/www.radiopiu.net\/wordpress\/wp-content\/uploads\/2024\/09\/bd965e78-6e96-4eea-9324-7c799cd8cfa8.jpg'><img loading=\"lazy\" decoding=\"async\" width=\"150\" height=\"150\" src=\"https:\/\/www.radiopiu.net\/wordpress\/wp-content\/uploads\/2024\/09\/bd965e78-6e96-4eea-9324-7c799cd8cfa8-150x150.jpg\" class=\"attachment-thumbnail size-thumbnail\" alt=\"\" aria-describedby=\"gallery-1-408615\" \/><\/a>\n\t\t\t\t<\/dt>\n\t\t\t\t\t<dd class='wp-caption-text gallery-caption' id='gallery-1-408615'>\n\t\t\t\t\tLA 16 COMUNI A LA VALLE\n\t\t\t\t\t<\/dd><\/dl><dl class='gallery-item'>\n\t\t\t\t<dt class='gallery-icon portrait'>\n\t\t\t\t\t<a class=\"rollover rollover-zoom dt-pswp-item\" title=\"LOC_A3_MOSTRA-RADIO_CMVI\" data-dt-img-description=\"\" data-large_image_width=\"1816\" data-large_image_height=\"2560\"href='https:\/\/www.radiopiu.net\/wordpress\/wp-content\/uploads\/2024\/08\/LOC_A3_MOSTRA-RADIO_CMVI-scaled.jpg'><img loading=\"lazy\" decoding=\"async\" width=\"150\" height=\"150\" src=\"https:\/\/www.radiopiu.net\/wordpress\/wp-content\/uploads\/2024\/08\/LOC_A3_MOSTRA-RADIO_CMVI-150x150.jpg\" class=\"attachment-thumbnail size-thumbnail\" alt=\"\" aria-describedby=\"gallery-1-403450\" \/><\/a>\n\t\t\t\t<\/dt>\n\t\t\t\t\t<dd class='wp-caption-text gallery-caption' id='gallery-1-403450'>\n\t\t\t\t\tLA MOSTRA DELLE RADIO IN VALLE IMPERINA\n\t\t\t\t\t<\/dd><\/dl><dl class='gallery-item'>\n\t\t\t\t<dt class='gallery-icon portrait'>\n\t\t\t\t\t<a class=\"rollover rollover-zoom dt-pswp-item\" title=\"ARSON CORSO\" data-dt-img-description=\"\" data-large_image_width=\"671\" data-large_image_height=\"756\"href='https:\/\/www.radiopiu.net\/wordpress\/wp-content\/uploads\/2024\/08\/ARSON-CORSO.png'><img loading=\"lazy\" decoding=\"async\" width=\"150\" height=\"150\" src=\"https:\/\/www.radiopiu.net\/wordpress\/wp-content\/uploads\/2024\/08\/ARSON-CORSO-150x150.png\" class=\"attachment-thumbnail size-thumbnail\" alt=\"\" aria-describedby=\"gallery-1-403730\" \/><\/a>\n\t\t\t\t<\/dt>\n\t\t\t\t\t<dd class='wp-caption-text gallery-caption' id='gallery-1-403730'>\n\t\t\t\t\tCORSO DI FOTOGRAFIA A FELTRE\n\t\t\t\t\t<\/dd><\/dl><dl class='gallery-item'>\n\t\t\t\t<dt class='gallery-icon portrait'>\n\t\t\t\t\t<a class=\"rollover rollover-zoom dt-pswp-item\" title=\"download\" data-dt-img-description=\"\" data-large_image_width=\"600\" data-large_image_height=\"849\"href='https:\/\/www.radiopiu.net\/wordpress\/wp-content\/uploads\/2024\/08\/download.jpg'><img loading=\"lazy\" decoding=\"async\" width=\"150\" height=\"150\" src=\"https:\/\/www.radiopiu.net\/wordpress\/wp-content\/uploads\/2024\/08\/download-150x150.jpg\" class=\"attachment-thumbnail size-thumbnail\" alt=\"\" aria-describedby=\"gallery-1-404972\" \/><\/a>\n\t\t\t\t<\/dt>\n\t\t\t\t\t<dd class='wp-caption-text gallery-caption' id='gallery-1-404972'>\n\t\t\t\t\tPROLOCO SEDICO\n\t\t\t\t\t<\/dd><\/dl><br style=\"clear: both\" \/><dl class='gallery-item'>\n\t\t\t\t<dt class='gallery-icon portrait'>\n\t\t\t\t\t<a class=\"rollover rollover-zoom dt-pswp-item\" title=\"c4009_Tour_Forestale_PEFC_Tappa_Col_di_Lana\" data-dt-img-description=\"\" data-large_image_width=\"1020\" data-large_image_height=\"1446\"href='https:\/\/www.radiopiu.net\/wordpress\/wp-content\/uploads\/2024\/08\/c4009_Tour_Forestale_PEFC_Tappa_Col_di_Lana.png'><img loading=\"lazy\" decoding=\"async\" width=\"150\" height=\"150\" src=\"https:\/\/www.radiopiu.net\/wordpress\/wp-content\/uploads\/2024\/08\/c4009_Tour_Forestale_PEFC_Tappa_Col_di_Lana-150x150.png\" class=\"attachment-thumbnail size-thumbnail\" alt=\"\" aria-describedby=\"gallery-1-405046\" \/><\/a>\n\t\t\t\t<\/dt>\n\t\t\t\t\t<dd class='wp-caption-text gallery-caption' id='gallery-1-405046'>\n\t\t\t\t\tCON UNCEM A LIVINALLONGO\n\t\t\t\t\t<\/dd><\/dl><dl class='gallery-item'>\n\t\t\t\t<dt class='gallery-icon portrait'>\n\t\t\t\t\t<a class=\"rollover rollover-zoom dt-pswp-item\" title=\"b86de4c5-5b5b-48bf-9ef3-474a2f99c215\" data-dt-img-description=\"\" data-large_image_width=\"899\" data-large_image_height=\"1599\"href='https:\/\/www.radiopiu.net\/wordpress\/wp-content\/uploads\/2024\/08\/b86de4c5-5b5b-48bf-9ef3-474a2f99c215.jpg'><img loading=\"lazy\" decoding=\"async\" width=\"150\" height=\"150\" src=\"https:\/\/www.radiopiu.net\/wordpress\/wp-content\/uploads\/2024\/08\/b86de4c5-5b5b-48bf-9ef3-474a2f99c215-150x150.jpg\" class=\"attachment-thumbnail size-thumbnail\" alt=\"\" aria-describedby=\"gallery-1-407464\" \/><\/a>\n\t\t\t\t<\/dt>\n\t\t\t\t\t<dd class='wp-caption-text gallery-caption' id='gallery-1-407464'>\n\t\t\t\t\tALL&#8217;OHPERBACCO DI CENCENIGHE\n\t\t\t\t\t<\/dd><\/dl><dl class='gallery-item'>\n\t\t\t\t<dt class='gallery-icon portrait'>\n\t\t\t\t\t<a class=\"rollover rollover-zoom dt-pswp-item\" title=\"WhatsApp Image 2024-09-03 at 18.04.00\" data-dt-img-description=\"\" data-large_image_width=\"1079\" data-large_image_height=\"1600\"href='https:\/\/www.radiopiu.net\/wordpress\/wp-content\/uploads\/2024\/09\/WhatsApp-Image-2024-09-03-at-18.04.00.jpeg'><img loading=\"lazy\" decoding=\"async\" width=\"150\" height=\"150\" src=\"https:\/\/www.radiopiu.net\/wordpress\/wp-content\/uploads\/2024\/09\/WhatsApp-Image-2024-09-03-at-18.04.00-150x150.jpeg\" class=\"attachment-thumbnail size-thumbnail\" alt=\"\" aria-describedby=\"gallery-1-408069\" \/><\/a>\n\t\t\t\t<\/dt>\n\t\t\t\t\t<dd class='wp-caption-text gallery-caption' id='gallery-1-408069'>\n\t\t\t\t\tFESTA DELL&#8217;ADDOLORATA A GOSALDO\n\t\t\t\t\t<\/dd><\/dl><dl class='gallery-item'>\n\t\t\t\t<dt class='gallery-icon portrait'>\n\t\t\t\t\t<a class=\"rollover rollover-zoom dt-pswp-item\" title=\"WhatsApp Image 2024-08-29 at 15.33.03\" data-dt-img-description=\"\" data-large_image_width=\"1131\" data-large_image_height=\"1600\"href='https:\/\/www.radiopiu.net\/wordpress\/wp-content\/uploads\/2024\/09\/WhatsApp-Image-2024-08-29-at-15.33.03.jpeg'><img loading=\"lazy\" decoding=\"async\" width=\"150\" height=\"150\" src=\"https:\/\/www.radiopiu.net\/wordpress\/wp-content\/uploads\/2024\/09\/WhatsApp-Image-2024-08-29-at-15.33.03-150x150.jpeg\" class=\"attachment-thumbnail size-thumbnail\" alt=\"\" aria-describedby=\"gallery-1-408070\" \/><\/a>\n\t\t\t\t<\/dt>\n\t\t\t\t\t<dd class='wp-caption-text gallery-caption' id='gallery-1-408070'>\n\t\t\t\t\tFESTA DELLA BIRRA A GOSALDO\n\t\t\t\t\t<\/dd><\/dl><br style=\"clear: both\" \/><dl class='gallery-item'>\n\t\t\t\t<dt class='gallery-icon portrait'>\n\t\t\t\t\t<a class=\"rollover rollover-zoom dt-pswp-item\" title=\"mani\" data-dt-img-description=\"\" data-large_image_width=\"616\" data-large_image_height=\"821\"href='https:\/\/www.radiopiu.net\/wordpress\/wp-content\/uploads\/2024\/09\/mani.png'><img loading=\"lazy\" decoding=\"async\" width=\"150\" height=\"150\" src=\"https:\/\/www.radiopiu.net\/wordpress\/wp-content\/uploads\/2024\/09\/mani-150x150.png\" class=\"attachment-thumbnail size-thumbnail\" alt=\"\" aria-describedby=\"gallery-1-408280\" \/><\/a>\n\t\t\t\t<\/dt>\n\t\t\t\t\t<dd class='wp-caption-text gallery-caption' id='gallery-1-408280'>\n\t\t\t\t\tUN INCONTRO PER PARLARE DI FUNGHI\n\t\t\t\t\t<\/dd><\/dl><dl class='gallery-item'>\n\t\t\t\t<dt class='gallery-icon portrait'>\n\t\t\t\t\t<a class=\"rollover rollover-zoom dt-pswp-item\" title=\"Locandina Sagra di Fregona 2024\" data-dt-img-description=\"\" data-large_image_width=\"1125\" data-large_image_height=\"1548\"href='https:\/\/www.radiopiu.net\/wordpress\/wp-content\/uploads\/2024\/09\/Locandina-Sagra-di-Fregona-2024.jpg'><img loading=\"lazy\" decoding=\"async\" width=\"150\" height=\"150\" src=\"https:\/\/www.radiopiu.net\/wordpress\/wp-content\/uploads\/2024\/09\/Locandina-Sagra-di-Fregona-2024-150x150.jpg\" class=\"attachment-thumbnail size-thumbnail\" alt=\"\" aria-describedby=\"gallery-1-408307\" \/><\/a>\n\t\t\t\t<\/dt>\n\t\t\t\t\t<dd class='wp-caption-text gallery-caption' id='gallery-1-408307'>\n\t\t\t\t\tFESTA A FREGONA\n\t\t\t\t\t<\/dd><\/dl><dl class='gallery-item'>\n\t\t\t\t<dt class='gallery-icon portrait'>\n\t\t\t\t\t<a class=\"rollover rollover-zoom dt-pswp-item\" title=\"03efb118-d97d-457e-b9cc-b1da6a42649b\" data-dt-img-description=\"\" data-large_image_width=\"905\" data-large_image_height=\"1280\"href='https:\/\/www.radiopiu.net\/wordpress\/wp-content\/uploads\/2024\/09\/03efb118-d97d-457e-b9cc-b1da6a42649b.jpg'><img loading=\"lazy\" decoding=\"async\" width=\"150\" height=\"150\" src=\"https:\/\/www.radiopiu.net\/wordpress\/wp-content\/uploads\/2024\/09\/03efb118-d97d-457e-b9cc-b1da6a42649b-150x150.jpg\" class=\"attachment-thumbnail size-thumbnail\" alt=\"\" aria-describedby=\"gallery-1-408383\" \/><\/a>\n\t\t\t\t<\/dt>\n\t\t\t\t\t<dd class='wp-caption-text gallery-caption' id='gallery-1-408383'>\n\t\t\t\t\tA OTTOBRE A VOLTAGO\n\t\t\t\t\t<\/dd><\/dl><dl class='gallery-item'>\n\t\t\t\t<dt class='gallery-icon portrait'>\n\t\t\t\t\t<a class=\"rollover rollover-zoom dt-pswp-item\" title=\"Locandina evento 14.09.2024\" data-dt-img-description=\"\" data-large_image_width=\"1240\" data-large_image_height=\"1754\"href='https:\/\/www.radiopiu.net\/wordpress\/wp-content\/uploads\/2024\/09\/Locandina-evento-14.09.2024.jpg'><img loading=\"lazy\" decoding=\"async\" width=\"150\" height=\"150\" src=\"https:\/\/www.radiopiu.net\/wordpress\/wp-content\/uploads\/2024\/09\/Locandina-evento-14.09.2024-150x150.jpg\" class=\"attachment-thumbnail size-thumbnail\" alt=\"\" aria-describedby=\"gallery-1-408534\" \/><\/a>\n\t\t\t\t<\/dt>\n\t\t\t\t\t<dd class='wp-caption-text gallery-caption' id='gallery-1-408534'>\n\t\t\t\t\t14 SETTEMBRE A CANALE\n\t\t\t\t\t<\/dd><\/dl><br style=\"clear: both\" \/><dl class='gallery-item'>\n\t\t\t\t<dt class='gallery-icon portrait'>\n\t\t\t\t\t<a class=\"rollover rollover-zoom dt-pswp-item\" title=\"Locandina evento 21.09.2024\" data-dt-img-description=\"\" data-large_image_width=\"1240\" data-large_image_height=\"1754\"href='https:\/\/www.radiopiu.net\/wordpress\/wp-content\/uploads\/2024\/09\/Locandina-evento-21.09.2024.jpg'><img loading=\"lazy\" decoding=\"async\" width=\"150\" height=\"150\" src=\"https:\/\/www.radiopiu.net\/wordpress\/wp-content\/uploads\/2024\/09\/Locandina-evento-21.09.2024-150x150.jpg\" class=\"attachment-thumbnail size-thumbnail\" alt=\"\" aria-describedby=\"gallery-1-408535\" \/><\/a>\n\t\t\t\t<\/dt>\n\t\t\t\t\t<dd class='wp-caption-text gallery-caption' id='gallery-1-408535'>\n\t\t\t\t\t21 SETTEMBRE A CANALE\n\t\t\t\t\t<\/dd><\/dl><dl class='gallery-item'>\n\t\t\t\t<dt class='gallery-icon landscape'>\n\t\t\t\t\t<a class=\"rollover rollover-zoom dt-pswp-item\" title=\"5b3cac0c-a825-49b4-9fc9-d2f8b2c05990\" data-dt-img-description=\"\" data-large_image_width=\"940\" data-large_image_height=\"940\"href='https:\/\/www.radiopiu.net\/wordpress\/wp-content\/uploads\/2024\/09\/5b3cac0c-a825-49b4-9fc9-d2f8b2c05990.jpg'><img loading=\"lazy\" decoding=\"async\" width=\"150\" height=\"150\" src=\"https:\/\/www.radiopiu.net\/wordpress\/wp-content\/uploads\/2024\/09\/5b3cac0c-a825-49b4-9fc9-d2f8b2c05990-150x150.jpg\" class=\"attachment-thumbnail size-thumbnail\" alt=\"\" aria-describedby=\"gallery-1-408631\" srcset=\"https:\/\/www.radiopiu.net\/wordpress\/wp-content\/uploads\/2024\/09\/5b3cac0c-a825-49b4-9fc9-d2f8b2c05990-150x150.jpg 150w, https:\/\/www.radiopiu.net\/wordpress\/wp-content\/uploads\/2024\/09\/5b3cac0c-a825-49b4-9fc9-d2f8b2c05990-300x300.jpg 300w, https:\/\/www.radiopiu.net\/wordpress\/wp-content\/uploads\/2024\/09\/5b3cac0c-a825-49b4-9fc9-d2f8b2c05990-768x768.jpg 768w, https:\/\/www.radiopiu.net\/wordpress\/wp-content\/uploads\/2024\/09\/5b3cac0c-a825-49b4-9fc9-d2f8b2c05990.jpg 940w\" sizes=\"auto, (max-width: 150px) 100vw, 150px\" \/><\/a>\n\t\t\t\t<\/dt>\n\t\t\t\t\t<dd class='wp-caption-text gallery-caption' id='gallery-1-408631'>\n\t\t\t\t\tLEZIONI DI MUSICA AD AGORDO\n\t\t\t\t\t<\/dd><\/dl><dl class='gallery-item'>\n\t\t\t\t<dt class='gallery-icon landscape'>\n\t\t\t\t\t<a class=\"rollover rollover-zoom dt-pswp-item\" title=\"MEL ZOTTIER\" data-dt-img-description=\"\" data-large_image_width=\"940\" data-large_image_height=\"940\"href='https:\/\/www.radiopiu.net\/wordpress\/wp-content\/uploads\/2024\/09\/MEL-ZOTTIER.jpg'><img loading=\"lazy\" decoding=\"async\" width=\"150\" height=\"150\" src=\"https:\/\/www.radiopiu.net\/wordpress\/wp-content\/uploads\/2024\/09\/MEL-ZOTTIER-150x150.jpg\" class=\"attachment-thumbnail size-thumbnail\" alt=\"\" aria-describedby=\"gallery-1-408806\" srcset=\"https:\/\/www.radiopiu.net\/wordpress\/wp-content\/uploads\/2024\/09\/MEL-ZOTTIER-150x150.jpg 150w, https:\/\/www.radiopiu.net\/wordpress\/wp-content\/uploads\/2024\/09\/MEL-ZOTTIER-300x300.jpg 300w, https:\/\/www.radiopiu.net\/wordpress\/wp-content\/uploads\/2024\/09\/MEL-ZOTTIER-768x768.jpg 768w, https:\/\/www.radiopiu.net\/wordpress\/wp-content\/uploads\/2024\/09\/MEL-ZOTTIER.jpg 940w\" sizes=\"auto, (max-width: 150px) 100vw, 150px\" \/><\/a>\n\t\t\t\t<\/dt>\n\t\t\t\t\t<dd class='wp-caption-text gallery-caption' id='gallery-1-408806'>\n\t\t\t\t\tLEZIONI DI MUSICA \n\t\t\t\t\t<\/dd><\/dl><dl class='gallery-item'>\n\t\t\t\t<dt class='gallery-icon landscape'>\n\t\t\t\t\t<a class=\"rollover rollover-zoom dt-pswp-item\" title=\"BOBBY SOLO\" data-dt-img-description=\"\" data-large_image_width=\"4000\" data-large_image_height=\"3000\"href='https:\/\/www.radiopiu.net\/wordpress\/wp-content\/uploads\/2024\/09\/BOBBY-SOLO.png'><img loading=\"lazy\" decoding=\"async\" width=\"150\" height=\"150\" src=\"https:\/\/www.radiopiu.net\/wordpress\/wp-content\/uploads\/2024\/09\/BOBBY-SOLO-150x150.png\" class=\"attachment-thumbnail size-thumbnail\" alt=\"\" aria-describedby=\"gallery-1-408807\" \/><\/a>\n\t\t\t\t<\/dt>\n\t\t\t\t\t<dd class='wp-caption-text gallery-caption' id='gallery-1-408807'>\n\t\t\t\t\tBOBBY SOLO A BELLUNO\n\t\t\t\t\t<\/dd><\/dl><br style=\"clear: both\" \/><dl class='gallery-item'>\n\t\t\t\t<dt class='gallery-icon portrait'>\n\t\t\t\t\t<a class=\"rollover rollover-zoom dt-pswp-item\" title=\"44697589-1143-44ef-a269-98eb6d2881f3\" data-dt-img-description=\"\" data-large_image_width=\"1048\" data-large_image_height=\"1489\"href='https:\/\/www.radiopiu.net\/wordpress\/wp-content\/uploads\/2024\/09\/44697589-1143-44ef-a269-98eb6d2881f3.jpg'><img loading=\"lazy\" decoding=\"async\" width=\"150\" height=\"150\" src=\"https:\/\/www.radiopiu.net\/wordpress\/wp-content\/uploads\/2024\/09\/44697589-1143-44ef-a269-98eb6d2881f3-150x150.jpg\" class=\"attachment-thumbnail size-thumbnail\" alt=\"\" aria-describedby=\"gallery-1-408944\" \/><\/a>\n\t\t\t\t<\/dt>\n\t\t\t\t\t<dd class='wp-caption-text gallery-caption' id='gallery-1-408944'>\n\t\t\t\t\tSANTA GIUSTINA DOMENICA\n\t\t\t\t\t<\/dd><\/dl><dl class='gallery-item'>\n\t\t\t\t<dt class='gallery-icon portrait'>\n\t\t\t\t\t<a class=\"rollover rollover-zoom dt-pswp-item\" title=\"b69bb19f-4dff-44b8-8f0f-7b20d47f34a5\" data-dt-img-description=\"\" data-large_image_width=\"1133\" data-large_image_height=\"1600\"href='https:\/\/www.radiopiu.net\/wordpress\/wp-content\/uploads\/2024\/09\/b69bb19f-4dff-44b8-8f0f-7b20d47f34a5.jpg'><img loading=\"lazy\" decoding=\"async\" width=\"150\" height=\"150\" src=\"https:\/\/www.radiopiu.net\/wordpress\/wp-content\/uploads\/2024\/09\/b69bb19f-4dff-44b8-8f0f-7b20d47f34a5-150x150.jpg\" class=\"attachment-thumbnail size-thumbnail\" alt=\"\" aria-describedby=\"gallery-1-408941\" \/><\/a>\n\t\t\t\t<\/dt>\n\t\t\t\t\t<dd class='wp-caption-text gallery-caption' id='gallery-1-408941'>\n\t\t\t\t\tA FALCADE A FINE MESE\n\t\t\t\t\t<\/dd><\/dl><dl class='gallery-item'>\n\t\t\t\t<dt class='gallery-icon portrait'>\n\t\t\t\t\t<a class=\"rollover rollover-zoom dt-pswp-item\" title=\"459441018_1444029149639781_6588175937352575299_n\" data-dt-img-description=\"\" data-large_image_width=\"509\" data-large_image_height=\"720\"href='https:\/\/www.radiopiu.net\/wordpress\/wp-content\/uploads\/2024\/09\/459441018_1444029149639781_6588175937352575299_n.jpg'><img loading=\"lazy\" decoding=\"async\" width=\"150\" height=\"150\" src=\"https:\/\/www.radiopiu.net\/wordpress\/wp-content\/uploads\/2024\/09\/459441018_1444029149639781_6588175937352575299_n-150x150.jpg\" class=\"attachment-thumbnail size-thumbnail\" alt=\"\" aria-describedby=\"gallery-1-409029\" \/><\/a>\n\t\t\t\t<\/dt>\n\t\t\t\t\t<dd class='wp-caption-text gallery-caption' id='gallery-1-409029'>\n\t\t\t\t\tsabato 21 a voltago\n\t\t\t\t\t<\/dd><\/dl><dl class='gallery-item'>\n\t\t\t\t<dt class='gallery-icon portrait'>\n\t\t\t\t\t<a class=\"rollover rollover-zoom dt-pswp-item\" title=\"Evento Feltre 2024.09.19_locandina\" data-dt-img-description=\"\" data-large_image_width=\"1239\" data-large_image_height=\"1754\"href='https:\/\/www.radiopiu.net\/wordpress\/wp-content\/uploads\/2024\/09\/Evento-Feltre-2024.09.19_locandina.jpg'><img loading=\"lazy\" decoding=\"async\" width=\"150\" height=\"150\" src=\"https:\/\/www.radiopiu.net\/wordpress\/wp-content\/uploads\/2024\/09\/Evento-Feltre-2024.09.19_locandina-150x150.jpg\" class=\"attachment-thumbnail size-thumbnail\" alt=\"\" aria-describedby=\"gallery-1-409317\" \/><\/a>\n\t\t\t\t<\/dt>\n\t\t\t\t\t<dd class='wp-caption-text gallery-caption' id='gallery-1-409317'>\n\t\t\t\t\tCON CONFINDUSTRIA A FELTRE\n\t\t\t\t\t<\/dd><\/dl><br style=\"clear: both\" \/>\n\t\t\t<\/div>\n\n<\/div>\n<\/div>\n<\/div>\n<div><\/div>\n<p>&nbsp;<\/p>\n<hr \/>\n<p>&nbsp;<\/p>\n<p><a class=\"dt-pswp-item\" href=\"https:\/\/www.radiopiu.net\/wordpress\/wp-content\/uploads\/2018\/09\/viabilita.jpeg\" data-dt-img-description=\"\" data-large_image_width=\"800\" data-large_image_height=\"100\"><img loading=\"lazy\" decoding=\"async\" class=\"aligncenter wp-image-61954 size-full\" src=\"https:\/\/www.radiopiu.net\/wordpress\/wp-content\/uploads\/2018\/09\/viabilita.jpeg\" alt=\"\" width=\"800\" height=\"100\" srcset=\"https:\/\/www.radiopiu.net\/wordpress\/wp-content\/uploads\/2018\/09\/viabilita.jpeg 800w, https:\/\/www.radiopiu.net\/wordpress\/wp-content\/uploads\/2018\/09\/viabilita-300x38.jpeg 300w, https:\/\/www.radiopiu.net\/wordpress\/wp-content\/uploads\/2018\/09\/viabilita-768x96.jpeg 768w\" sizes=\"auto, (max-width: 800px) 100vw, 800px\" \/><\/a><\/p>\n<p>&nbsp;<\/p>\n<p><a class=\"dt-pswp-item\" href=\"https:\/\/www.radiopiu.net\/wordpress\/wp-content\/uploads\/2023\/12\/botol-car-service.jpg\" data-dt-img-description=\"\" data-large_image_width=\"600\" data-large_image_height=\"600\"><img loading=\"lazy\" decoding=\"async\" class=\"size-medium wp-image-367044 aligncenter\" src=\"https:\/\/www.radiopiu.net\/wordpress\/wp-content\/uploads\/2023\/12\/botol-car-service-300x300.jpg\" alt=\"\" width=\"300\" height=\"300\" srcset=\"https:\/\/www.radiopiu.net\/wordpress\/wp-content\/uploads\/2023\/12\/botol-car-service-300x300.jpg 300w, https:\/\/www.radiopiu.net\/wordpress\/wp-content\/uploads\/2023\/12\/botol-car-service-150x150.jpg 150w, https:\/\/www.radiopiu.net\/wordpress\/wp-content\/uploads\/2023\/12\/botol-car-service.jpg 600w\" sizes=\"auto, (max-width: 300px) 100vw, 300px\" \/><\/a><\/p>\n<p>&nbsp;<\/p>\n<p>&nbsp;<\/p>\n<h1>BOLLETTINO QUOTIDIANO, CLICCA QUI<\/h1>\n<blockquote class=\"wp-embedded-content\" data-secret=\"xCzGIKZipF\"><p><a href=\"https:\/\/www.radiopiu.net\/wordpress\/viabilita-2\/\">viabilita<\/a><\/p><\/blockquote>\n<p><iframe loading=\"lazy\" class=\"wp-embedded-content\" sandbox=\"allow-scripts\" security=\"restricted\" style=\"position: absolute; visibility: hidden;\" title=\"&#8220;viabilita&#8221; &#8212; Radio Pi\u00f9\" src=\"https:\/\/www.radiopiu.net\/wordpress\/viabilita-2\/embed\/#?secret=FbMNTvGdb2#?secret=xCzGIKZipF\" data-secret=\"xCzGIKZipF\" width=\"600\" height=\"338\" frameborder=\"0\" marginwidth=\"0\" marginheight=\"0\" scrolling=\"no\"><\/iframe><\/p>\n<p>&nbsp;<\/p>\n<p>&nbsp;<\/p>\n<hr \/>\n<p>&nbsp;<\/p>\n<p><a class=\"dt-pswp-item\" href=\"https:\/\/www.radiopiu.net\/wordpress\/wp-content\/uploads\/2018\/09\/WhatsApp-Image-2018-09-20-at-16.04.06.jpeg\" data-dt-img-description=\"\" data-large_image_width=\"800\" data-large_image_height=\"100\"><img loading=\"lazy\" decoding=\"async\" class=\"wp-image-61378 size-full aligncenter\" src=\"https:\/\/www.radiopiu.net\/wordpress\/wp-content\/uploads\/2018\/09\/WhatsApp-Image-2018-09-20-at-16.04.06.jpeg\" alt=\"\" width=\"800\" height=\"100\" srcset=\"https:\/\/www.radiopiu.net\/wordpress\/wp-content\/uploads\/2018\/09\/WhatsApp-Image-2018-09-20-at-16.04.06.jpeg 800w, https:\/\/www.radiopiu.net\/wordpress\/wp-content\/uploads\/2018\/09\/WhatsApp-Image-2018-09-20-at-16.04.06-300x38.jpeg 300w, https:\/\/www.radiopiu.net\/wordpress\/wp-content\/uploads\/2018\/09\/WhatsApp-Image-2018-09-20-at-16.04.06-768x96.jpeg 768w\" sizes=\"auto, (max-width: 800px) 100vw, 800px\" \/><\/a><\/p>\n<p><center><\/center><center><\/center><center><\/center><center><\/center><center><\/center><center><\/center>&nbsp;<\/p>\n<p><strong>OGGI<\/strong> Rasserenamenti e presenza di nubi medio alte di sottovento, a tratti estese e stazionarie, ma senza effetti se non limitare il soleggiamento. Il contesto rimane ventoso in alta quota, ma meno freddo, mentre il Foehn persiste nelle valli, ma in maniera assai pi\u00f9 irregolare.<br \/>\n<strong>Precipitazioni.<\/strong> Assenti, eccetto qualche fiocco portato dal vento sulle cime delle estreme Dolomiti settentrionali<br \/>\n<strong>Temperature.<\/strong> Minime pressoch\u00e9 stazionarie e massime in leggero aumento, con contesto sempre molto freddo per il periodo.<\/p>\n<hr \/>\n<p><strong>DOMANI<\/strong> Maggiormente soleggiato ovunque, anche se con qualche annuvolamento irregolare sulle Dolomiti settentrionale, ma senza effetti rilevante. In alcuni momento del mattino transito di qualche velatura, anche marcato.<br \/>\n<strong>Precipitazioni.<\/strong> Assenti<br \/>\nTemperature in generale aumento, specie le massime Minime pressoch\u00e9 stazionarie e massime in leggero aumento.<\/p>\n<hr \/>\n<p><strong>LUNEDI<\/strong> Cielo da poco a parzialmente nuvoloso per irregolari nubi alte a tratti estese e qualche addensamento su Dolomiti. temperature stazionarie o in calo in alta quota.<\/p>\n<hr \/>\n<p><strong>MARTEDI<\/strong>\u00a0Peggioramento del tempo con cielo molto nuvoloso o coperto associato a nuove precipitazioni, nevose sopra i 2300-2400 m. Temperature in generale diminuzione, salvo rialzo delle minime nelle valli.<\/p>\n<p>&nbsp;<\/p>\n<blockquote class=\"wp-embedded-content\" data-secret=\"LlLnbOyLzS\"><p><a href=\"https:\/\/www.radiopiu.net\/wordpress\/la-prima-neve-sulle-cime-dolomitiche-le-rilevazioni-di-arpav\/\">LA PRIMA NEVE SULLE CIME DOLOMITICHE, LE RILEVAZIONI DI ARPAV<\/a><\/p><\/blockquote>\n<p><iframe loading=\"lazy\" class=\"wp-embedded-content\" sandbox=\"allow-scripts\" security=\"restricted\" style=\"position: absolute; visibility: hidden;\" title=\"&#8220;LA PRIMA NEVE SULLE CIME DOLOMITICHE, LE RILEVAZIONI DI ARPAV&#8221; &#8212; Radio Pi\u00f9\" src=\"https:\/\/www.radiopiu.net\/wordpress\/la-prima-neve-sulle-cime-dolomitiche-le-rilevazioni-di-arpav\/embed\/#?secret=LHe10XjlYg#?secret=LlLnbOyLzS\" data-secret=\"LlLnbOyLzS\" width=\"600\" height=\"338\" frameborder=\"0\" marginwidth=\"0\" marginheight=\"0\" scrolling=\"no\"><\/iframe><\/p>\n<p>&nbsp;<\/p>\n<hr \/>\n<p>&nbsp;<\/p>\n<p><a class=\"dt-pswp-item\" href=\"https:\/\/www.radiopiu.net\/wordpress\/wp-content\/uploads\/2018\/09\/sport.jpg\" data-dt-img-description=\"\" data-large_image_width=\"800\" data-large_image_height=\"100\"><img loading=\"lazy\" decoding=\"async\" class=\"aligncenter wp-image-60761 size-full\" src=\"https:\/\/www.radiopiu.net\/wordpress\/wp-content\/uploads\/2018\/09\/sport.jpg\" alt=\"\" width=\"800\" height=\"100\" srcset=\"https:\/\/www.radiopiu.net\/wordpress\/wp-content\/uploads\/2018\/09\/sport.jpg 800w, https:\/\/www.radiopiu.net\/wordpress\/wp-content\/uploads\/2018\/09\/sport-300x38.jpg 300w, https:\/\/www.radiopiu.net\/wordpress\/wp-content\/uploads\/2018\/09\/sport-768x96.jpg 768w\" sizes=\"auto, (max-width: 800px) 100vw, 800px\" \/><\/a><\/p>\n<p>&nbsp;<\/p>\n<p><span style=\"color: #0000ff;\"><strong>MOTORI\u00a0<\/strong><\/span><\/p>\n<blockquote>\n<h2>PEDAVENA CROCE D&#8217;AUNE NEL RICORDO DI &#8220;MANU&#8221; MICHELETTO<\/h2>\n<\/blockquote>\n<p><img loading=\"lazy\" decoding=\"async\" class=\"alignleft\" src=\"https:\/\/www.radiopiu.net\/wordpress\/wp-content\/uploads\/2024\/09\/9c308378-aba2-4544-af7d-bafc9d821a0b.jpg\" width=\"170\" height=\"204\" \/><\/p>\n<p>&nbsp;<\/p>\n<p>&nbsp;<\/p>\n<p>&nbsp;<\/p>\n<p>&nbsp;<\/p>\n<p>&nbsp;<\/p>\n<p>BELLUNO<\/p>\n<p><strong>DI ROBERTO BONA<\/strong><\/p>\n<audio class=\"wp-audio-shortcode\" id=\"audio-409252-20\" preload=\"none\" style=\"width: 100%;\" controls=\"controls\"><source type=\"audio\/wav\" src=\"https:\/\/www.radiopiu.net\/wordpress\/wp-content\/uploads\/2024\/09\/ManueleMicheletto.wav?_=20\" \/><a href=\"https:\/\/www.radiopiu.net\/wordpress\/wp-content\/uploads\/2024\/09\/ManueleMicheletto.wav\">https:\/\/www.radiopiu.net\/wordpress\/wp-content\/uploads\/2024\/09\/ManueleMicheletto.wav<\/a><\/audio>\n<p>&nbsp;<\/p>\n<hr \/>\n<p>&nbsp;<\/p>\n<p><a class=\"dt-pswp-item\" href=\"https:\/\/www.radiopiu.net\/wordpress\/wp-content\/uploads\/2024\/09\/676bbb3e-63aa-43f1-8211-2f84aa19fbb5-scaled.jpg\" data-dt-img-description=\"\" data-large_image_width=\"2560\" data-large_image_height=\"1920\"><img loading=\"lazy\" decoding=\"async\" class=\"wp-image-409339 alignleft\" src=\"https:\/\/www.radiopiu.net\/wordpress\/wp-content\/uploads\/2024\/09\/676bbb3e-63aa-43f1-8211-2f84aa19fbb5-300x225.jpg\" alt=\"\" width=\"175\" height=\"131\" srcset=\"https:\/\/www.radiopiu.net\/wordpress\/wp-content\/uploads\/2024\/09\/676bbb3e-63aa-43f1-8211-2f84aa19fbb5-300x225.jpg 300w, https:\/\/www.radiopiu.net\/wordpress\/wp-content\/uploads\/2024\/09\/676bbb3e-63aa-43f1-8211-2f84aa19fbb5-1024x768.jpg 1024w, https:\/\/www.radiopiu.net\/wordpress\/wp-content\/uploads\/2024\/09\/676bbb3e-63aa-43f1-8211-2f84aa19fbb5-768x576.jpg 768w, https:\/\/www.radiopiu.net\/wordpress\/wp-content\/uploads\/2024\/09\/676bbb3e-63aa-43f1-8211-2f84aa19fbb5-1536x1152.jpg 1536w, https:\/\/www.radiopiu.net\/wordpress\/wp-content\/uploads\/2024\/09\/676bbb3e-63aa-43f1-8211-2f84aa19fbb5-2048x1536.jpg 2048w\" sizes=\"auto, (max-width: 175px) 100vw, 175px\" \/><\/a><strong>PEDAVENA CROCE D&#8217;AUNE<\/strong><\/p>\n<p><strong>DI DANIELE DALVIT<\/strong><\/p>\n<audio class=\"wp-audio-shortcode\" id=\"audio-409252-21\" preload=\"none\" style=\"width: 100%;\" controls=\"controls\"><source type=\"audio\/mpeg\" src=\"https:\/\/www.radiopiu.net\/wordpress\/wp-content\/uploads\/2024\/09\/Servizio-Pedavena-Croce-d-Aune-2024.mp3?_=21\" \/><a href=\"https:\/\/www.radiopiu.net\/wordpress\/wp-content\/uploads\/2024\/09\/Servizio-Pedavena-Croce-d-Aune-2024.mp3\">https:\/\/www.radiopiu.net\/wordpress\/wp-content\/uploads\/2024\/09\/Servizio-Pedavena-Croce-d-Aune-2024.mp3<\/a><\/audio>\n<p>&nbsp;<\/p>\n<hr \/>\n<p>&nbsp;<\/p>\n<p><span style=\"color: #0000ff;\"><strong>CALCIO<\/strong><\/span><\/p>\n<blockquote>\n<h3>INIZIA IL CAMPIONATO PER L&#8217;AGORDINA CALCIO<\/h3>\n<\/blockquote>\n<p><strong><a class=\"dt-pswp-item\" href=\"https:\/\/www.radiopiu.net\/wordpress\/wp-content\/uploads\/2023\/11\/calcio.jpg\" data-dt-img-description=\"\" data-large_image_width=\"1280\" data-large_image_height=\"853\"><img loading=\"lazy\" decoding=\"async\" class=\" wp-image-360218 alignleft\" src=\"https:\/\/www.radiopiu.net\/wordpress\/wp-content\/uploads\/2023\/11\/calcio-300x200.jpg\" alt=\"\" width=\"224\" height=\"149\" srcset=\"https:\/\/www.radiopiu.net\/wordpress\/wp-content\/uploads\/2023\/11\/calcio-300x200.jpg 300w, https:\/\/www.radiopiu.net\/wordpress\/wp-content\/uploads\/2023\/11\/calcio-1024x682.jpg 1024w, https:\/\/www.radiopiu.net\/wordpress\/wp-content\/uploads\/2023\/11\/calcio-768x512.jpg 768w, https:\/\/www.radiopiu.net\/wordpress\/wp-content\/uploads\/2023\/11\/calcio.jpg 1280w\" sizes=\"auto, (max-width: 224px) 100vw, 224px\" \/><\/a>DI MARCO GAZ<\/strong><\/p>\n<p><strong>REDAZIONE <\/strong>Inizia ufficialmente domani il Campionato di Terza Categoria della provincia di Belluno. Anche l\u2019Agordina scender\u00e0 in campo per la prima partita stagionale. La squadra di Elvio Chiea \u00e8 pronta per il girone di andata che inizier\u00e0 con una lunga trasferta in terra cadorina. La compagine di Agordo cercher\u00e0 di dare il meglio e tentare il salto di categoria per poi giocare nel campionato regionale la prossima stagione. L\u2019Agordina esordir\u00e0 contro l\u2019Auronzo domani alle 15:30. Ci vorranno alcune giornate per capire le potenzialit\u00e0 delle varie compagini e al momento gli avversari della squadra di Chiea sono un rebus. Nel settore giovanile inizia il campionato anche degli Allievi che domani mattina alle 10<\/p>\n<p>&nbsp;<\/p>\n<hr \/>\n<p><span style=\"color: #0000ff;\"><strong>\u00a0<\/strong><\/span><\/p>\n<p><span style=\"color: #0000ff;\"><strong>CORSA<\/strong><\/span><span style=\"color: #0000ff;\"><strong><a class=\"dt-pswp-item\" href=\"https:\/\/www.radiopiu.net\/wordpress\/wp-content\/uploads\/2024\/09\/Forte-Tudaio_fonte-sito-internet-cai-vigo-di-cadore.png\" data-dt-img-description=\"\" data-large_image_width=\"1920\" data-large_image_height=\"1080\"><img loading=\"lazy\" decoding=\"async\" class=\"size-medium wp-image-409333 alignleft\" src=\"https:\/\/www.radiopiu.net\/wordpress\/wp-content\/uploads\/2024\/09\/Forte-Tudaio_fonte-sito-internet-cai-vigo-di-cadore-300x169.png\" alt=\"\" width=\"300\" height=\"169\" srcset=\"https:\/\/www.radiopiu.net\/wordpress\/wp-content\/uploads\/2024\/09\/Forte-Tudaio_fonte-sito-internet-cai-vigo-di-cadore-300x169.png 300w, https:\/\/www.radiopiu.net\/wordpress\/wp-content\/uploads\/2024\/09\/Forte-Tudaio_fonte-sito-internet-cai-vigo-di-cadore-1024x576.png 1024w, https:\/\/www.radiopiu.net\/wordpress\/wp-content\/uploads\/2024\/09\/Forte-Tudaio_fonte-sito-internet-cai-vigo-di-cadore-768x432.png 768w, https:\/\/www.radiopiu.net\/wordpress\/wp-content\/uploads\/2024\/09\/Forte-Tudaio_fonte-sito-internet-cai-vigo-di-cadore-1536x864.png 1536w, https:\/\/www.radiopiu.net\/wordpress\/wp-content\/uploads\/2024\/09\/Forte-Tudaio_fonte-sito-internet-cai-vigo-di-cadore.png 1920w\" sizes=\"auto, (max-width: 300px) 100vw, 300px\" \/><\/a><\/strong><\/span><\/p>\n<p><strong>Ritorna in Cadore il &#8220;Grand Slam Dolomitico&#8221;<\/strong><\/p>\n<p>Domenica 15 settembre si terr\u00e0 a Vigo di Cadore il &#8220;Tudaio Trail Running&#8221;, parte del circuito &#8220;Grand Slam Dolomitico&#8221;. I partecipanti affronteranno 10 km e 1.278 metri di dislivello, attraversando suggestivi percorsi storici e naturali fino al Monte Tudaio.<\/p>\n<p>&nbsp;<\/p>\n<p>&nbsp;<\/p>\n<hr \/>\n<p>&nbsp;<\/p>\n<hr \/>\n<p>&nbsp;<\/p>\n<h2><span style=\"color: #008000;\">GOODBYE BY BICICLE&#8230;UN VIAGGIO DALL&#8217;INDIA A SEREN DEL GRAPPA IN BICICLETTA<\/span><\/h2>\n<p><span style=\"color: #ff0000;\"><strong>PUNTATA 29 &#8211; DALLA SERBIA ALLA MACEDONIA&#8230;L&#8217;ITALIA E&#8217; SEMPRE PIU&#8217; VICINA<\/strong><\/span><\/p>\n<audio class=\"wp-audio-shortcode\" id=\"audio-409252-22\" preload=\"none\" style=\"width: 100%;\" controls=\"controls\"><source type=\"audio\/mpeg\" src=\"https:\/\/www.radiopiu.net\/wordpress\/wp-content\/uploads\/2024\/09\/AIRE-INDIA-PUNTATA-29.mp3?_=22\" \/><a href=\"https:\/\/www.radiopiu.net\/wordpress\/wp-content\/uploads\/2024\/09\/AIRE-INDIA-PUNTATA-29.mp3\">https:\/\/www.radiopiu.net\/wordpress\/wp-content\/uploads\/2024\/09\/AIRE-INDIA-PUNTATA-29.mp3<\/a><\/audio>\n<p>&nbsp;<\/p>\n<p><strong>PER VISITARE I SITI DEI LUOGHI VISITATI, CLICCA SULLE SEGUENTI SCRITTE:\u00a0 <span style=\"color: #3366ff;\"><a style=\"color: #3366ff;\" href=\"https:\/\/www.instagram.com\/zapochistamakedonija?igsh=NDZxbXFmZDVwZDA5\">ZAPOCHISTA MACEDONIA<\/a><\/span>\u00a0 \u00a0<span style=\"color: #3366ff;\"><a style=\"color: #3366ff;\" href=\"https:\/\/www.instagram.com\/macedonian.ecological.society?igsh=MWR1bzhteXVtZnpqYg==\">MACEDONIA ECOLOGICAL SOCETY<\/a><\/span><\/strong><\/p>\n<p>&nbsp;<\/p>\n\n\t\t\t<style type='text\/css'>\n\t\t\t\t#gallery-2 {\n\t\t\t\t\tmargin: auto;\n\t\t\t\t}\n\t\t\t\t#gallery-2 .gallery-item {\n\t\t\t\t\tfloat: left;\n\t\t\t\t\tmargin-top: 10px;\n\t\t\t\t\ttext-align: center;\n\t\t\t\t\twidth: 33%;\n\t\t\t\t}\n\t\t\t\t#gallery-2 img {\n\t\t\t\t\tborder: 2px solid #cfcfcf;\n\t\t\t\t}\n\t\t\t\t#gallery-2 .gallery-caption {\n\t\t\t\t\tmargin-left: 0;\n\t\t\t\t}\n\t\t\t\t\/* see gallery_shortcode() in wp-includes\/media.php *\/\n\t\t\t<\/style>\n\t\t<div id='gallery-2' class='dt-gallery-container gallery galleryid-409252 gallery-columns-3 gallery-size-thumbnail'><dl class='gallery-item'>\n\t\t\t\t<dt class='gallery-icon portrait'>\n\t\t\t\t\t<a class=\"rollover rollover-zoom dt-pswp-item\" title=\"53c13f21-4695-41e3-bc7e-505a5312947f\" data-dt-img-description=\"\" data-large_image_width=\"1200\" data-large_image_height=\"1600\"href='https:\/\/www.radiopiu.net\/wordpress\/wp-content\/uploads\/2024\/09\/53c13f21-4695-41e3-bc7e-505a5312947f.jpg'><img loading=\"lazy\" decoding=\"async\" width=\"150\" height=\"150\" src=\"https:\/\/www.radiopiu.net\/wordpress\/wp-content\/uploads\/2024\/09\/53c13f21-4695-41e3-bc7e-505a5312947f-150x150.jpg\" class=\"attachment-thumbnail size-thumbnail\" alt=\"\" \/><\/a>\n\t\t\t\t<\/dt><\/dl><dl class='gallery-item'>\n\t\t\t\t<dt class='gallery-icon portrait'>\n\t\t\t\t\t<a class=\"rollover rollover-zoom dt-pswp-item\" title=\"b8bbdd83-0c71-46f7-8fb8-3fdb3c7bc68a\" data-dt-img-description=\"\" data-large_image_width=\"1200\" data-large_image_height=\"1600\"href='https:\/\/www.radiopiu.net\/wordpress\/wp-content\/uploads\/2024\/09\/b8bbdd83-0c71-46f7-8fb8-3fdb3c7bc68a.jpg'><img loading=\"lazy\" decoding=\"async\" width=\"150\" height=\"150\" src=\"https:\/\/www.radiopiu.net\/wordpress\/wp-content\/uploads\/2024\/09\/b8bbdd83-0c71-46f7-8fb8-3fdb3c7bc68a-150x150.jpg\" class=\"attachment-thumbnail size-thumbnail\" alt=\"\" \/><\/a>\n\t\t\t\t<\/dt><\/dl><dl class='gallery-item'>\n\t\t\t\t<dt class='gallery-icon portrait'>\n\t\t\t\t\t<a class=\"rollover rollover-zoom dt-pswp-item\" title=\"ab55c642-ee40-4b39-8b63-b5893cf2e6d1\" data-dt-img-description=\"\" data-large_image_width=\"1200\" data-large_image_height=\"1600\"href='https:\/\/www.radiopiu.net\/wordpress\/wp-content\/uploads\/2024\/09\/ab55c642-ee40-4b39-8b63-b5893cf2e6d1.jpg'><img loading=\"lazy\" decoding=\"async\" width=\"150\" height=\"150\" src=\"https:\/\/www.radiopiu.net\/wordpress\/wp-content\/uploads\/2024\/09\/ab55c642-ee40-4b39-8b63-b5893cf2e6d1-150x150.jpg\" class=\"attachment-thumbnail size-thumbnail\" alt=\"\" \/><\/a>\n\t\t\t\t<\/dt><\/dl><br style=\"clear: both\" \/>\n\t\t\t<\/div>\n\n<h2>LA RACCOLTA COMPLETA <a href=\"https:\/\/www.radiopiu.net\/wordpress\/goodbye-by-bicicle-un-viaggio-dallindia-a-seren-del-grappa-in-bicicletta-29\/\"><span style=\"color: #3366ff;\">CLICCA QUI<\/span><\/a><\/h2>\n<p>&nbsp;<\/p>\n<p>&nbsp;<\/p>\n<p>&nbsp;<\/p>\n","protected":false},"excerpt":{"rendered":"<p>***** IERI&#8230; LUNGHE CODE E ORE DI &#8220;PASSIONE&#8221; LUNGO LA REGIONALE 203 AGORDINA &nbsp; ATTENZIONE: LA NUOVA APP PER IOS-IPHONE di Nicola Vettorello https:\/\/apps.apple.com\/it\/app\/radio-pi%C3%B9-emittente-agordina\/id1515939845 ATTENZIONE: LA NUOVA APP RADIO\u00a0 PER ANDROID di Nicola Vettorello https:\/\/play.google.com\/store\/apps\/details?id=net.radiopiu.iniko\u00a0\u00a0\u00a0 &nbsp; &nbsp; &nbsp; OGGI ALLA RADIO&#8230;. ALLE 4 E ALLE 6 LE NOTIZIE DALL&#8217;ITALIA E DAL MONDO 6.15 PIROLE DE&hellip;<\/p>\n","protected":false},"author":4,"featured_media":409329,"comment_status":"closed","ping_status":"closed","sticky":false,"template":"","format":"standard","meta":{"_monsterinsights_skip_tracking":false,"_monsterinsights_sitenote_active":false,"_monsterinsights_sitenote_note":"","_monsterinsights_sitenote_category":0,"footnotes":""},"categories":[51,86,49],"tags":[],"class_list":["post-409252","post","type-post","status-publish","format-standard","has-post-thumbnail","hentry","category-evidenza-top","category-gr","category-news-18","category-51","category-86","category-49","description-off"],"img_url":"https:\/\/www.radiopiu.net\/wordpress\/wp-content\/uploads\/2024\/09\/Senza-nome-22.png","_links":{"self":[{"href":"https:\/\/www.radiopiu.net\/wordpress\/wp-json\/wp\/v2\/posts\/409252","targetHints":{"allow":["GET"]}}],"collection":[{"href":"https:\/\/www.radiopiu.net\/wordpress\/wp-json\/wp\/v2\/posts"}],"about":[{"href":"https:\/\/www.radiopiu.net\/wordpress\/wp-json\/wp\/v2\/types\/post"}],"author":[{"embeddable":true,"href":"https:\/\/www.radiopiu.net\/wordpress\/wp-json\/wp\/v2\/users\/4"}],"replies":[{"embeddable":true,"href":"https:\/\/www.radiopiu.net\/wordpress\/wp-json\/wp\/v2\/comments?post=409252"}],"version-history":[{"count":26,"href":"https:\/\/www.radiopiu.net\/wordpress\/wp-json\/wp\/v2\/posts\/409252\/revisions"}],"predecessor-version":[{"id":409429,"href":"https:\/\/www.radiopiu.net\/wordpress\/wp-json\/wp\/v2\/posts\/409252\/revisions\/409429"}],"wp:featuredmedia":[{"embeddable":true,"href":"https:\/\/www.radiopiu.net\/wordpress\/wp-json\/wp\/v2\/media\/409329"}],"wp:attachment":[{"href":"https:\/\/www.radiopiu.net\/wordpress\/wp-json\/wp\/v2\/media?parent=409252"}],"wp:term":[{"taxonomy":"category","embeddable":true,"href":"https:\/\/www.radiopiu.net\/wordpress\/wp-json\/wp\/v2\/categories?post=409252"},{"taxonomy":"post_tag","embeddable":true,"href":"https:\/\/www.radiopiu.net\/wordpress\/wp-json\/wp\/v2\/tags?post=409252"}],"curies":[{"name":"wp","href":"https:\/\/api.w.org\/{rel}","templated":true}]}}