{"id":409255,"date":"2024-09-13T23:59:51","date_gmt":"2024-09-13T21:59:51","guid":{"rendered":"https:\/\/www.radiopiu.net\/wordpress\/?p=409255"},"modified":"2024-09-14T05:36:06","modified_gmt":"2024-09-14T03:36:06","slug":"inizia-il-campionato-per-lagordina-calcio","status":"publish","type":"post","link":"https:\/\/www.radiopiu.net\/wordpress\/inizia-il-campionato-per-lagordina-calcio\/","title":{"rendered":"INIZIA IL CAMPIONATO PER L&#8217;AGORDINA CALCIO"},"content":{"rendered":"<p>******<\/p>\n<p>&nbsp;<\/p>\n<p><strong><a class=\"dt-pswp-item\" href=\"https:\/\/www.radiopiu.net\/wordpress\/wp-content\/uploads\/2023\/11\/calcio.jpg\" data-dt-img-description=\"\" data-large_image_width=\"1280\" data-large_image_height=\"853\"><img loading=\"lazy\" decoding=\"async\" class=\" wp-image-360218 alignleft\" src=\"https:\/\/www.radiopiu.net\/wordpress\/wp-content\/uploads\/2023\/11\/calcio-300x200.jpg\" alt=\"\" width=\"224\" height=\"149\" srcset=\"https:\/\/www.radiopiu.net\/wordpress\/wp-content\/uploads\/2023\/11\/calcio-300x200.jpg 300w, https:\/\/www.radiopiu.net\/wordpress\/wp-content\/uploads\/2023\/11\/calcio-1024x682.jpg 1024w, https:\/\/www.radiopiu.net\/wordpress\/wp-content\/uploads\/2023\/11\/calcio-768x512.jpg 768w, https:\/\/www.radiopiu.net\/wordpress\/wp-content\/uploads\/2023\/11\/calcio.jpg 1280w\" sizes=\"auto, (max-width: 224px) 100vw, 224px\" \/><\/a>DI MARCO GAZ<\/strong><\/p>\n<p><strong>REDAZIONE <\/strong>Inizia ufficialmente domani il Campionato di Terza Categoria della provincia di Belluno. Anche l\u2019Agordina scender\u00e0 in campo per la prima partita stagionale. La squadra di Elvio Chiea \u00e8 pronta per il girone di andata che inizier\u00e0 con una lunga trasferta in terra cadorina. La compagine di Agordo cercher\u00e0 di dare il meglio e tentare il salto di categoria per poi giocare nel campionato regionale la prossima stagione. L\u2019Agordina esordir\u00e0 contro l\u2019Auronzo domani alle 15:30. Ci vorranno alcune giornate per capire le potenzialit\u00e0 delle varie compagini e al momento gli avversari della squadra di Chiea sono un rebus. Nel settore giovanile inizia il campionato anche degli Allievi che domani mattina alle 10 scenderanno in campo all\u2019Ivano Dorigo di Agordo contro la Piave.<\/p>\n<p>&nbsp;<\/p>\n<p>&nbsp;<\/p>\n<p>&nbsp;<\/p>\n<p>*******<\/p>\n<p>&nbsp;<\/p>\n","protected":false},"excerpt":{"rendered":"<p>****** &nbsp; DI MARCO GAZ REDAZIONE Inizia ufficialmente domani il Campionato di Terza Categoria della provincia di Belluno. Anche l\u2019Agordina scender\u00e0 in campo per la prima partita stagionale. La squadra di Elvio Chiea \u00e8 pronta per il girone di andata che inizier\u00e0 con una lunga trasferta in terra cadorina. La compagine di Agordo cercher\u00e0 di&hellip;<\/p>\n","protected":false},"author":4,"featured_media":360218,"comment_status":"closed","ping_status":"closed","sticky":false,"template":"","format":"standard","meta":{"_monsterinsights_skip_tracking":false,"_monsterinsights_sitenote_active":false,"_monsterinsights_sitenote_note":"","_monsterinsights_sitenote_category":0,"footnotes":""},"categories":[51,49],"tags":[],"class_list":["post-409255","post","type-post","status-publish","format-standard","has-post-thumbnail","hentry","category-evidenza-top","category-news-18","category-51","category-49","description-off"],"img_url":"https:\/\/www.radiopiu.net\/wordpress\/wp-content\/uploads\/2023\/11\/calcio.jpg","_links":{"self":[{"href":"https:\/\/www.radiopiu.net\/wordpress\/wp-json\/wp\/v2\/posts\/409255","targetHints":{"allow":["GET"]}}],"collection":[{"href":"https:\/\/www.radiopiu.net\/wordpress\/wp-json\/wp\/v2\/posts"}],"about":[{"href":"https:\/\/www.radiopiu.net\/wordpress\/wp-json\/wp\/v2\/types\/post"}],"author":[{"embeddable":true,"href":"https:\/\/www.radiopiu.net\/wordpress\/wp-json\/wp\/v2\/users\/4"}],"replies":[{"embeddable":true,"href":"https:\/\/www.radiopiu.net\/wordpress\/wp-json\/wp\/v2\/comments?post=409255"}],"version-history":[{"count":1,"href":"https:\/\/www.radiopiu.net\/wordpress\/wp-json\/wp\/v2\/posts\/409255\/revisions"}],"predecessor-version":[{"id":409257,"href":"https:\/\/www.radiopiu.net\/wordpress\/wp-json\/wp\/v2\/posts\/409255\/revisions\/409257"}],"wp:featuredmedia":[{"embeddable":true,"href":"https:\/\/www.radiopiu.net\/wordpress\/wp-json\/wp\/v2\/media\/360218"}],"wp:attachment":[{"href":"https:\/\/www.radiopiu.net\/wordpress\/wp-json\/wp\/v2\/media?parent=409255"}],"wp:term":[{"taxonomy":"category","embeddable":true,"href":"https:\/\/www.radiopiu.net\/wordpress\/wp-json\/wp\/v2\/categories?post=409255"},{"taxonomy":"post_tag","embeddable":true,"href":"https:\/\/www.radiopiu.net\/wordpress\/wp-json\/wp\/v2\/tags?post=409255"}],"curies":[{"name":"wp","href":"https:\/\/api.w.org\/{rel}","templated":true}]}}