{"id":409260,"date":"2024-09-14T05:21:42","date_gmt":"2024-09-14T03:21:42","guid":{"rendered":"https:\/\/www.radiopiu.net\/wordpress\/?p=409260"},"modified":"2024-09-14T05:34:26","modified_gmt":"2024-09-14T03:34:26","slug":"dillo-a-radio-piu-proposte-costruttive","status":"publish","type":"post","link":"https:\/\/www.radiopiu.net\/wordpress\/dillo-a-radio-piu-proposte-costruttive\/","title":{"rendered":"DILLO A RADIO PIU&#8217;&#8230; PROPOSTE COSTRUTTIVE"},"content":{"rendered":"<p>***<\/p>\n<p><strong>Appello per un miglior servizio di trasporto nei festivi in Agordino<\/strong><\/p>\n<p>Valentina ringrazia Dolomitibus e Brusutti per i buoni collegamenti estivi tra Belluno e l&#8217;Agordino, ma lamenta la mancanza di corse nei giorni festivi da settembre a giugno. Propone un servizio a chiamata per incentivare il turismo e ridurre traffico e inquinamento.<\/p>\n<p>Riceviamo e pubblichiamo<\/p>\n<p>Inizio ringraziando Dolomitibus e Brusutti per il servizio di autobus che ha permesso a me come a molte altre persone di godere appieno del periodo di tre mesi (met\u00e0 giugno\/met\u00e0 settembre) di vacanza in Agordino. A parte qualche ritardo e qualche corsa saltata (della Dolomitibus), i collegamenti tra Belluno Agordo Falcade e Alleghe (partendo da Venezia\/Treviso\/Padova, con arrivo alla stazione di Belluno) sono risultati abbastanza buoni. Con settembre per\u00f2, ricominciamo con 9 mesi dolenti (unico servizio nei festivi, ma solo da gennaio a marzo, quello della Brusutti &#8211; che ringrazio &#8211; da Venezia\/Treviso ad Alleghe) Non si vedono previste corse di nessun tipo nella domenica e nei festivi da parte di Dolomitibus, costringendo chi (pendolari, proprietari di case, turisti) volesse trascorrere qualche week-end o domenica nella zona. Non capisco veramente quale sia il problema, anche perch\u00e9 ci si lamenta in continuazione di code, traffico, incidenti\u2026\u2026..basterebbe veramente poco. Pi\u00f9 di una volta ho sollecitato a \u201cpensare\u201d almeno a un servizio a chiamata per l\u2019agordino dalla stazione di Belluno nei week end, in particolare alla domenica, ma non ho avuto risposte serie. Io, lo ripropongo: perch\u00e9 non istituire un servizio a chiamata tipo TRILLO (magari prenotabile fino a 24\/48 ore prima, in modo da poter avere una programmazione anche per gli autisti\u2026.non pretendo n\u00e9 io n\u00e9 altri una chiamata immediata). In questo modo si incentiverebbe un turismo lento e di qualit\u00e0 (in autunno, inverno e primavera la zona \u00e8 bellissima e ho sentito MOLTISSIME persone che si recherebbero qui se ci fosse una rete di trasporti), si eliminerebbero almeno in parte le code chilometriche, si eviterebbero incidenti e moltissime persone prenderebbero i mezzi. Inoltre si eliminerebbe di molto l\u2019inquinamento e anche i parcheggi selvaggi fonte anche questa di incidenti e disagi (soprattutto con la neve).\u00a0 Questo sia per turisti, sia per proprietari di case, sia per pendolari (lavoratori e studenti fuori sede).<\/p>\n<p>ps:\u00a0 piccola nota polemica: i servizi per la Luxottica e per Cortina ci sono sempre.<\/p>\n<p>Valentina<\/p>\n<p>&nbsp;<\/p>\n<p>___<\/p>\n","protected":false},"excerpt":{"rendered":"<p>*** Appello per un miglior servizio di trasporto nei festivi in Agordino Valentina ringrazia Dolomitibus e Brusutti per i buoni collegamenti estivi tra Belluno e l&#8217;Agordino, ma lamenta la mancanza di corse nei giorni festivi da settembre a giugno. Propone un servizio a chiamata per incentivare il turismo e ridurre traffico e inquinamento. Riceviamo e&hellip;<\/p>\n","protected":false},"author":4,"featured_media":144900,"comment_status":"closed","ping_status":"closed","sticky":false,"template":"","format":"standard","meta":{"_monsterinsights_skip_tracking":false,"_monsterinsights_sitenote_active":false,"_monsterinsights_sitenote_note":"","_monsterinsights_sitenote_category":0,"footnotes":""},"categories":[51,49],"tags":[],"class_list":["post-409260","post","type-post","status-publish","format-standard","has-post-thumbnail","hentry","category-evidenza-top","category-news-18","category-51","category-49","description-off"],"img_url":"https:\/\/www.radiopiu.net\/wordpress\/wp-content\/uploads\/2020\/06\/4b299438-d3cd-4953-bb41-b739ff3291f9.jpg","_links":{"self":[{"href":"https:\/\/www.radiopiu.net\/wordpress\/wp-json\/wp\/v2\/posts\/409260","targetHints":{"allow":["GET"]}}],"collection":[{"href":"https:\/\/www.radiopiu.net\/wordpress\/wp-json\/wp\/v2\/posts"}],"about":[{"href":"https:\/\/www.radiopiu.net\/wordpress\/wp-json\/wp\/v2\/types\/post"}],"author":[{"embeddable":true,"href":"https:\/\/www.radiopiu.net\/wordpress\/wp-json\/wp\/v2\/users\/4"}],"replies":[{"embeddable":true,"href":"https:\/\/www.radiopiu.net\/wordpress\/wp-json\/wp\/v2\/comments?post=409260"}],"version-history":[{"count":1,"href":"https:\/\/www.radiopiu.net\/wordpress\/wp-json\/wp\/v2\/posts\/409260\/revisions"}],"predecessor-version":[{"id":409262,"href":"https:\/\/www.radiopiu.net\/wordpress\/wp-json\/wp\/v2\/posts\/409260\/revisions\/409262"}],"wp:featuredmedia":[{"embeddable":true,"href":"https:\/\/www.radiopiu.net\/wordpress\/wp-json\/wp\/v2\/media\/144900"}],"wp:attachment":[{"href":"https:\/\/www.radiopiu.net\/wordpress\/wp-json\/wp\/v2\/media?parent=409260"}],"wp:term":[{"taxonomy":"category","embeddable":true,"href":"https:\/\/www.radiopiu.net\/wordpress\/wp-json\/wp\/v2\/categories?post=409260"},{"taxonomy":"post_tag","embeddable":true,"href":"https:\/\/www.radiopiu.net\/wordpress\/wp-json\/wp\/v2\/tags?post=409260"}],"curies":[{"name":"wp","href":"https:\/\/api.w.org\/{rel}","templated":true}]}}