{"id":409343,"date":"2024-09-16T05:53:29","date_gmt":"2024-09-16T03:53:29","guid":{"rendered":"https:\/\/www.radiopiu.net\/wordpress\/?p=409343"},"modified":"2024-09-16T05:59:22","modified_gmt":"2024-09-16T03:59:22","slug":"pedad","status":"publish","type":"post","link":"https:\/\/www.radiopiu.net\/wordpress\/pedad\/","title":{"rendered":"PEDAVENA-CROCE D&#8217;AUNE 34enne di NAPOLI IN GRAVI CONDIZIONI AL CA&#8217; FONCELLO"},"content":{"rendered":"<p>***<\/p>\n<blockquote><p><em>L\u2019incidente \u00e8 avvenuto tra la seconda e la terza curva del percorso: la Seat Ibiza Cupra di Hermann Freitag del Racing Team Merano \u00e8 sbandata andando a colpire i pali di segnalazione e lo spettatore.<\/em><\/p><\/blockquote>\n<div class=\"flex max-w-full flex-col flex-grow\">\n<div class=\"min-h-[20px] text-message flex w-full flex-col items-end gap-2 whitespace-normal break-words [.text-message+&amp;]:mt-5\" dir=\"auto\" data-message-author-role=\"assistant\" data-message-id=\"2b5b582b-fb44-4ca9-987c-0e1d9cefb9f0\">\n<div class=\"flex w-full flex-col gap-1 empty:hidden first:pt-[3px]\">\n<div class=\"markdown prose w-full break-words dark:prose-invert dark\">\n<p>Uno spettatore proveniente da fuori regione \u00e8 stato investito da una vettura durante la cronoscalata Pedavena-Croce d\u2019Aune. L&#8217;elicottero del Suem 118 \u00e8 intervenuto per il trasferimento. Lo spettatore UN 34ENNE DI NAPOLI\u00a0 \u00e8 stato portato in condizioni molto gravi al C\u00e0 Foncello di Treviso.<\/p>\n<p>COMUNICATO UFFICIALE La gara ha subito un&#8217;interruzione in seguito all&#8217;uscita di strada del concorrente numero 179. Nell&#8217;uscita \u00e8 stata coinvolta una persona del pubblico, che si trovava in zona assolutamente vietata (da comunicato dell&#8217;organizzazione). Non si disputer\u00e0 gara 2 per l&#8217;eccessivo allungamento dei tempi, gara 1 proseguita nel pomeriggio.<\/p>\n<p>&nbsp;<\/p>\n<\/div>\n<\/div>\n<\/div>\n<\/div>\n<div class=\"mt-1 flex gap-3 empty:hidden -ml-2\">\n<div class=\"items-center justify-start rounded-xl p-1 flex\">\n<div class=\"flex items-center\">\n<hr \/>\n<\/div>\n<\/div>\n<\/div>\n<p><a class=\"dt-pswp-item\" href=\"https:\/\/www.radiopiu.net\/wordpress\/wp-content\/uploads\/2024\/09\/c9429f03-46c8-4381-b072-ee2b2b8fe190.jpg\" data-dt-img-description=\"\" data-large_image_width=\"1536\" data-large_image_height=\"2048\"><img loading=\"lazy\" decoding=\"async\" class=\"wp-image-409541 alignleft\" src=\"https:\/\/www.radiopiu.net\/wordpress\/wp-content\/uploads\/2024\/09\/c9429f03-46c8-4381-b072-ee2b2b8fe190-225x300.jpg\" alt=\"\" width=\"95\" height=\"127\" srcset=\"https:\/\/www.radiopiu.net\/wordpress\/wp-content\/uploads\/2024\/09\/c9429f03-46c8-4381-b072-ee2b2b8fe190-225x300.jpg 225w, https:\/\/www.radiopiu.net\/wordpress\/wp-content\/uploads\/2024\/09\/c9429f03-46c8-4381-b072-ee2b2b8fe190-768x1024.jpg 768w, https:\/\/www.radiopiu.net\/wordpress\/wp-content\/uploads\/2024\/09\/c9429f03-46c8-4381-b072-ee2b2b8fe190-1152x1536.jpg 1152w, https:\/\/www.radiopiu.net\/wordpress\/wp-content\/uploads\/2024\/09\/c9429f03-46c8-4381-b072-ee2b2b8fe190.jpg 1536w\" sizes=\"auto, (max-width: 95px) 100vw, 95px\" \/><\/a><\/p>\n<p><strong>STAMANE A FALCADE<\/strong><\/p>\n<p>L&#8217;elicottero Falco alle 8.22 ha sorvolato la Valle del Biois. Malore a Falcade per un uomo 83 anni del posto trasferito in condizioni molto gravi al San Martino di Belluno<\/p>\n<p>&nbsp;<\/p>\n<p>&nbsp;<\/p>\n<hr \/>\n<p>&nbsp;<\/p>\n","protected":false},"excerpt":{"rendered":"<p>*** L\u2019incidente \u00e8 avvenuto tra la seconda e la terza curva del percorso: la Seat Ibiza Cupra di Hermann Freitag del Racing Team Merano \u00e8 sbandata andando a colpire i pali di segnalazione e lo spettatore. Uno spettatore proveniente da fuori regione \u00e8 stato investito da una vettura durante la cronoscalata Pedavena-Croce d\u2019Aune. L&#8217;elicottero del&hellip;<\/p>\n","protected":false},"author":4,"featured_media":409522,"comment_status":"closed","ping_status":"closed","sticky":false,"template":"","format":"standard","meta":{"_monsterinsights_skip_tracking":false,"_monsterinsights_sitenote_active":false,"_monsterinsights_sitenote_note":"","_monsterinsights_sitenote_category":0,"footnotes":""},"categories":[51,49],"tags":[],"class_list":["post-409343","post","type-post","status-publish","format-standard","has-post-thumbnail","hentry","category-evidenza-top","category-news-18","category-51","category-49","description-off"],"img_url":"https:\/\/www.radiopiu.net\/wordpress\/wp-content\/uploads\/2024\/09\/Senza-nome-28.png","_links":{"self":[{"href":"https:\/\/www.radiopiu.net\/wordpress\/wp-json\/wp\/v2\/posts\/409343","targetHints":{"allow":["GET"]}}],"collection":[{"href":"https:\/\/www.radiopiu.net\/wordpress\/wp-json\/wp\/v2\/posts"}],"about":[{"href":"https:\/\/www.radiopiu.net\/wordpress\/wp-json\/wp\/v2\/types\/post"}],"author":[{"embeddable":true,"href":"https:\/\/www.radiopiu.net\/wordpress\/wp-json\/wp\/v2\/users\/4"}],"replies":[{"embeddable":true,"href":"https:\/\/www.radiopiu.net\/wordpress\/wp-json\/wp\/v2\/comments?post=409343"}],"version-history":[{"count":14,"href":"https:\/\/www.radiopiu.net\/wordpress\/wp-json\/wp\/v2\/posts\/409343\/revisions"}],"predecessor-version":[{"id":409585,"href":"https:\/\/www.radiopiu.net\/wordpress\/wp-json\/wp\/v2\/posts\/409343\/revisions\/409585"}],"wp:featuredmedia":[{"embeddable":true,"href":"https:\/\/www.radiopiu.net\/wordpress\/wp-json\/wp\/v2\/media\/409522"}],"wp:attachment":[{"href":"https:\/\/www.radiopiu.net\/wordpress\/wp-json\/wp\/v2\/media?parent=409343"}],"wp:term":[{"taxonomy":"category","embeddable":true,"href":"https:\/\/www.radiopiu.net\/wordpress\/wp-json\/wp\/v2\/categories?post=409343"},{"taxonomy":"post_tag","embeddable":true,"href":"https:\/\/www.radiopiu.net\/wordpress\/wp-json\/wp\/v2\/tags?post=409343"}],"curies":[{"name":"wp","href":"https:\/\/api.w.org\/{rel}","templated":true}]}}