{"id":409356,"date":"2024-09-13T16:28:04","date_gmt":"2024-09-13T14:28:04","guid":{"rendered":"https:\/\/www.radiopiu.net\/wordpress\/?p=409356"},"modified":"2024-09-13T16:28:04","modified_gmt":"2024-09-13T14:28:04","slug":"macelleria-costa-il-bistrot-della-macelleria-selezionato-per-i-thefork-awards-2024","status":"publish","type":"post","link":"https:\/\/www.radiopiu.net\/wordpress\/macelleria-costa-il-bistrot-della-macelleria-selezionato-per-i-thefork-awards-2024\/","title":{"rendered":"Macelleria Costa: Il Bistrot della Macelleria Selezionato per i TheFork Awards 2024"},"content":{"rendered":"<p>***<\/p>\n<p>&nbsp;<\/p>\n<p><a class=\"dt-pswp-item\" href=\"https:\/\/www.radiopiu.net\/wordpress\/wp-content\/uploads\/2024\/09\/Senza-nome-24.png\" data-dt-img-description=\"\" data-large_image_width=\"191\" data-large_image_height=\"190\"><img loading=\"lazy\" decoding=\"async\" class=\"size-full wp-image-409357 alignleft\" src=\"https:\/\/www.radiopiu.net\/wordpress\/wp-content\/uploads\/2024\/09\/Senza-nome-24.png\" alt=\"\" width=\"191\" height=\"190\" srcset=\"https:\/\/www.radiopiu.net\/wordpress\/wp-content\/uploads\/2024\/09\/Senza-nome-24.png 191w, https:\/\/www.radiopiu.net\/wordpress\/wp-content\/uploads\/2024\/09\/Senza-nome-24-150x150.png 150w\" sizes=\"auto, (max-width: 191px) 100vw, 191px\" \/><\/a><strong>CANALE D&#8217;AGORDO<\/strong> La Macelleria Costa di Canale d&#8217;Agordo \u00e8 lieta di annunciare che il suo ristorante, &#8220;Il Bistrot della Macelleria&#8221;, \u00e8 stato selezionato per i TheFork Awards 2024, un&#8217;iniziativa che celebra le nuove aperture pi\u00f9 promettenti della ristorazione italiana. Il rinomato chef Alessandro Bellingeri ha nominato il Bistrot della Macelleria tra le realt\u00e0 emergenti pi\u00f9 interessanti, contribuendo a posizionare il locale tra le migliori nuove gestioni del settore. L&#8217;iniziativa, promossa da TheFork e Identit\u00e0 Golose, punta a valorizzare l&#8217;innovazione e la qualit\u00e0 della cucina d&#8217;autore in Italia. Il Bistrot della Macelleria, premiato anche dalla giuria tecnica, \u00e8 ora in gara per il voto popolare, aperto dal 11 settembre al 2 ottobre 2024. Con soli 14 coperti, offre un&#8217;esperienza intima in cui gustare carne alla brace di altissima qualit\u00e0, accompagnata da ua selezione di vini in un ambiente rustico e moderno. La Macelleria Costa invita tutti a scoprire la sua proposta gastronomica e a votare per il Bistrot.<\/p>\n<p>Per votare: <a href=\"https:\/\/www.theforkrestaurantsawards.it\/regole-di-voto\/\" target=\"_new\" rel=\"noopener\">TheFork Awards<\/a><\/p>\n<p>&nbsp;<\/p>\n<p>&nbsp;<\/p>\n<hr \/>\n<p>&nbsp;<\/p>\n","protected":false},"excerpt":{"rendered":"<p>*** &nbsp; CANALE D&#8217;AGORDO La Macelleria Costa di Canale d&#8217;Agordo \u00e8 lieta di annunciare che il suo ristorante, &#8220;Il Bistrot della Macelleria&#8221;, \u00e8 stato selezionato per i TheFork Awards 2024, un&#8217;iniziativa che celebra le nuove aperture pi\u00f9 promettenti della ristorazione italiana. Il rinomato chef Alessandro Bellingeri ha nominato il Bistrot della Macelleria tra le realt\u00e0&hellip;<\/p>\n","protected":false},"author":4,"featured_media":409357,"comment_status":"closed","ping_status":"closed","sticky":false,"template":"","format":"standard","meta":{"_monsterinsights_skip_tracking":false,"_monsterinsights_sitenote_active":false,"_monsterinsights_sitenote_note":"","_monsterinsights_sitenote_category":0,"footnotes":""},"categories":[104,49],"tags":[],"class_list":["post-409356","post","type-post","status-publish","format-standard","has-post-thumbnail","hentry","category-evidenza_3","category-news-18","category-104","category-49","description-off"],"img_url":"https:\/\/www.radiopiu.net\/wordpress\/wp-content\/uploads\/2024\/09\/Senza-nome-24.png","_links":{"self":[{"href":"https:\/\/www.radiopiu.net\/wordpress\/wp-json\/wp\/v2\/posts\/409356","targetHints":{"allow":["GET"]}}],"collection":[{"href":"https:\/\/www.radiopiu.net\/wordpress\/wp-json\/wp\/v2\/posts"}],"about":[{"href":"https:\/\/www.radiopiu.net\/wordpress\/wp-json\/wp\/v2\/types\/post"}],"author":[{"embeddable":true,"href":"https:\/\/www.radiopiu.net\/wordpress\/wp-json\/wp\/v2\/users\/4"}],"replies":[{"embeddable":true,"href":"https:\/\/www.radiopiu.net\/wordpress\/wp-json\/wp\/v2\/comments?post=409356"}],"version-history":[{"count":1,"href":"https:\/\/www.radiopiu.net\/wordpress\/wp-json\/wp\/v2\/posts\/409356\/revisions"}],"predecessor-version":[{"id":409358,"href":"https:\/\/www.radiopiu.net\/wordpress\/wp-json\/wp\/v2\/posts\/409356\/revisions\/409358"}],"wp:featuredmedia":[{"embeddable":true,"href":"https:\/\/www.radiopiu.net\/wordpress\/wp-json\/wp\/v2\/media\/409357"}],"wp:attachment":[{"href":"https:\/\/www.radiopiu.net\/wordpress\/wp-json\/wp\/v2\/media?parent=409356"}],"wp:term":[{"taxonomy":"category","embeddable":true,"href":"https:\/\/www.radiopiu.net\/wordpress\/wp-json\/wp\/v2\/categories?post=409356"},{"taxonomy":"post_tag","embeddable":true,"href":"https:\/\/www.radiopiu.net\/wordpress\/wp-json\/wp\/v2\/tags?post=409356"}],"curies":[{"name":"wp","href":"https:\/\/api.w.org\/{rel}","templated":true}]}}