{"id":409408,"date":"2024-09-14T05:09:40","date_gmt":"2024-09-14T03:09:40","guid":{"rendered":"https:\/\/www.radiopiu.net\/wordpress\/?p=409408"},"modified":"2024-09-14T05:09:40","modified_gmt":"2024-09-14T03:09:40","slug":"41-ritrovo-per-i-pazienti-poliomielitici-dellex-ioe-di-santa-fosca","status":"publish","type":"post","link":"https:\/\/www.radiopiu.net\/wordpress\/41-ritrovo-per-i-pazienti-poliomielitici-dellex-ioe-di-santa-fosca\/","title":{"rendered":"41\u00b0 Ritrovo per i Pazienti &#8220;Poliomielitici&#8221; dell&#8217;Ex Ioe di Santa Fosca"},"content":{"rendered":"<p>***<\/p>\n<p><strong>SELVA DI CADORE<\/strong> Domani, ex pazienti del reparto &#8220;poliomielitici&#8221; dell&#8217;ex Ioe di Santa Fosca, si riuniranno per il 41\u00b0 incontro annuale. L&#8217;amicizia, nata negli anni &#8217;60, si \u00e8 mantenuta forte nonostante le difficolt\u00e0. La giornata inizier\u00e0 con una messa a Santa Fosca, seguita da un conviviale al rifugio Aquileia di Pescul.<\/p>\n<p><a class=\"dt-pswp-item\" href=\"https:\/\/www.radiopiu.net\/wordpress\/wp-content\/uploads\/2018\/09\/SANTA-FOSCA-35mo-raduno-poliomielitici-IOE.jpg\" data-dt-img-description=\"\" data-large_image_width=\"1476\" data-large_image_height=\"1139\"><img loading=\"lazy\" decoding=\"async\" class=\"alignnone  wp-image-59601\" src=\"https:\/\/www.radiopiu.net\/wordpress\/wp-content\/uploads\/2018\/09\/SANTA-FOSCA-35mo-raduno-poliomielitici-IOE-300x232.jpg\" alt=\"\" width=\"225\" height=\"174\" srcset=\"https:\/\/www.radiopiu.net\/wordpress\/wp-content\/uploads\/2018\/09\/SANTA-FOSCA-35mo-raduno-poliomielitici-IOE-300x232.jpg 300w, https:\/\/www.radiopiu.net\/wordpress\/wp-content\/uploads\/2018\/09\/SANTA-FOSCA-35mo-raduno-poliomielitici-IOE-768x593.jpg 768w, https:\/\/www.radiopiu.net\/wordpress\/wp-content\/uploads\/2018\/09\/SANTA-FOSCA-35mo-raduno-poliomielitici-IOE-1024x790.jpg 1024w, https:\/\/www.radiopiu.net\/wordpress\/wp-content\/uploads\/2018\/09\/SANTA-FOSCA-35mo-raduno-poliomielitici-IOE.jpg 1476w\" sizes=\"auto, (max-width: 225px) 100vw, 225px\" \/><\/a><a class=\"dt-pswp-item\" href=\"https:\/\/www.radiopiu.net\/wordpress\/wp-content\/uploads\/2020\/10\/ioe_santa_fosca_selva_cadore.jpeg\" data-dt-img-description=\"\" data-large_image_width=\"978\" data-large_image_height=\"655\"><img loading=\"lazy\" decoding=\"async\" class=\"alignnone  wp-image-168029\" src=\"https:\/\/www.radiopiu.net\/wordpress\/wp-content\/uploads\/2020\/10\/ioe_santa_fosca_selva_cadore-300x201.jpeg\" alt=\"\" width=\"260\" height=\"174\" srcset=\"https:\/\/www.radiopiu.net\/wordpress\/wp-content\/uploads\/2020\/10\/ioe_santa_fosca_selva_cadore-300x201.jpeg 300w, https:\/\/www.radiopiu.net\/wordpress\/wp-content\/uploads\/2020\/10\/ioe_santa_fosca_selva_cadore-768x514.jpeg 768w, https:\/\/www.radiopiu.net\/wordpress\/wp-content\/uploads\/2020\/10\/ioe_santa_fosca_selva_cadore.jpeg 978w\" sizes=\"auto, (max-width: 260px) 100vw, 260px\" \/><\/a><a class=\"dt-pswp-item\" href=\"https:\/\/www.radiopiu.net\/wordpress\/wp-content\/uploads\/2022\/11\/th-5.jpg\" data-dt-img-description=\"\" data-large_image_width=\"474\" data-large_image_height=\"311\"><img loading=\"lazy\" decoding=\"async\" class=\"alignnone  wp-image-304703\" src=\"https:\/\/www.radiopiu.net\/wordpress\/wp-content\/uploads\/2022\/11\/th-5-300x197.jpg\" alt=\"\" width=\"262\" height=\"172\" srcset=\"https:\/\/www.radiopiu.net\/wordpress\/wp-content\/uploads\/2022\/11\/th-5-300x197.jpg 300w, https:\/\/www.radiopiu.net\/wordpress\/wp-content\/uploads\/2022\/11\/th-5.jpg 474w\" sizes=\"auto, (max-width: 262px) 100vw, 262px\" \/><\/a><\/p>\n<p>&nbsp;<\/p>\n<p>&nbsp;<\/p>\n<hr \/>\n<p>&nbsp;<\/p>\n","protected":false},"excerpt":{"rendered":"<p>*** SELVA DI CADORE Domani, ex pazienti del reparto &#8220;poliomielitici&#8221; dell&#8217;ex Ioe di Santa Fosca, si riuniranno per il 41\u00b0 incontro annuale. L&#8217;amicizia, nata negli anni &#8217;60, si \u00e8 mantenuta forte nonostante le difficolt\u00e0. La giornata inizier\u00e0 con una messa a Santa Fosca, seguita da un conviviale al rifugio Aquileia di Pescul. &nbsp; &nbsp; &nbsp;<\/p>\n","protected":false},"author":4,"featured_media":168029,"comment_status":"closed","ping_status":"closed","sticky":false,"template":"","format":"standard","meta":{"_monsterinsights_skip_tracking":false,"_monsterinsights_sitenote_active":false,"_monsterinsights_sitenote_note":"","_monsterinsights_sitenote_category":0,"footnotes":""},"categories":[51,49],"tags":[],"class_list":["post-409408","post","type-post","status-publish","format-standard","has-post-thumbnail","hentry","category-evidenza-top","category-news-18","category-51","category-49","description-off"],"img_url":"https:\/\/www.radiopiu.net\/wordpress\/wp-content\/uploads\/2020\/10\/ioe_santa_fosca_selva_cadore.jpeg","_links":{"self":[{"href":"https:\/\/www.radiopiu.net\/wordpress\/wp-json\/wp\/v2\/posts\/409408","targetHints":{"allow":["GET"]}}],"collection":[{"href":"https:\/\/www.radiopiu.net\/wordpress\/wp-json\/wp\/v2\/posts"}],"about":[{"href":"https:\/\/www.radiopiu.net\/wordpress\/wp-json\/wp\/v2\/types\/post"}],"author":[{"embeddable":true,"href":"https:\/\/www.radiopiu.net\/wordpress\/wp-json\/wp\/v2\/users\/4"}],"replies":[{"embeddable":true,"href":"https:\/\/www.radiopiu.net\/wordpress\/wp-json\/wp\/v2\/comments?post=409408"}],"version-history":[{"count":1,"href":"https:\/\/www.radiopiu.net\/wordpress\/wp-json\/wp\/v2\/posts\/409408\/revisions"}],"predecessor-version":[{"id":409409,"href":"https:\/\/www.radiopiu.net\/wordpress\/wp-json\/wp\/v2\/posts\/409408\/revisions\/409409"}],"wp:featuredmedia":[{"embeddable":true,"href":"https:\/\/www.radiopiu.net\/wordpress\/wp-json\/wp\/v2\/media\/168029"}],"wp:attachment":[{"href":"https:\/\/www.radiopiu.net\/wordpress\/wp-json\/wp\/v2\/media?parent=409408"}],"wp:term":[{"taxonomy":"category","embeddable":true,"href":"https:\/\/www.radiopiu.net\/wordpress\/wp-json\/wp\/v2\/categories?post=409408"},{"taxonomy":"post_tag","embeddable":true,"href":"https:\/\/www.radiopiu.net\/wordpress\/wp-json\/wp\/v2\/tags?post=409408"}],"curies":[{"name":"wp","href":"https:\/\/api.w.org\/{rel}","templated":true}]}}