{"id":409535,"date":"2024-09-16T05:55:53","date_gmt":"2024-09-16T03:55:53","guid":{"rendered":"https:\/\/www.radiopiu.net\/wordpress\/?p=409535"},"modified":"2024-09-16T09:56:18","modified_gmt":"2024-09-16T07:56:18","slug":"giornale-radiopiu-16-settembre-2024-direttore-mirko-mezzacasada-41-anni-25-giugno-1983-25-giugno-2024","status":"publish","type":"post","link":"https:\/\/www.radiopiu.net\/wordpress\/giornale-radiopiu-16-settembre-2024-direttore-mirko-mezzacasada-41-anni-25-giugno-1983-25-giugno-2024\/","title":{"rendered":"GIORNALE RADIOPIU 16 SETTEMBRE 2024 DIRETTORE MIRKO MEZZACASA\u2026DA 41 ANNI 25 GIUGNO 1983-25 GIUGNO 2024"},"content":{"rendered":"<p>&nbsp;<\/p>\n<blockquote>\n<h1>Ritrovato sano e salvo l&#8217;anziano cercatore di funghi disperso nei boschi di Lozzo di Cadore<\/h1>\n<\/blockquote>\n<p>&nbsp;<\/p>\n<blockquote><p><em>L&#8217;uomo di 70 anni, disperso da ieri pomeriggio, \u00e8 stato localizzato grazie alla tecnologia Lifeseeker dei vigili del fuoco. Recuperato dall&#8217;elicottero del Suem, \u00e8 stato portato in salvo al rifugio Col Baion.<\/em><\/p><\/blockquote>\n<p>&nbsp;<\/p>\n<p>&nbsp;<\/p>\n<p><a class=\"dt-pswp-item\" href=\"https:\/\/www.radiopiu.net\/wordpress\/wp-content\/uploads\/2024\/09\/69b5c291-d164-4d95-a4f2-bf441dc7db73.jpg\" data-dt-img-description=\"\" data-large_image_width=\"1600\" data-large_image_height=\"1200\"><img loading=\"lazy\" decoding=\"async\" class=\"size-medium wp-image-409649 alignleft\" src=\"https:\/\/www.radiopiu.net\/wordpress\/wp-content\/uploads\/2024\/09\/69b5c291-d164-4d95-a4f2-bf441dc7db73-300x225.jpg\" alt=\"\" width=\"300\" height=\"225\" srcset=\"https:\/\/www.radiopiu.net\/wordpress\/wp-content\/uploads\/2024\/09\/69b5c291-d164-4d95-a4f2-bf441dc7db73-300x225.jpg 300w, https:\/\/www.radiopiu.net\/wordpress\/wp-content\/uploads\/2024\/09\/69b5c291-d164-4d95-a4f2-bf441dc7db73-1024x768.jpg 1024w, https:\/\/www.radiopiu.net\/wordpress\/wp-content\/uploads\/2024\/09\/69b5c291-d164-4d95-a4f2-bf441dc7db73-768x576.jpg 768w, https:\/\/www.radiopiu.net\/wordpress\/wp-content\/uploads\/2024\/09\/69b5c291-d164-4d95-a4f2-bf441dc7db73-1536x1152.jpg 1536w, https:\/\/www.radiopiu.net\/wordpress\/wp-content\/uploads\/2024\/09\/69b5c291-d164-4d95-a4f2-bf441dc7db73.jpg 1600w\" sizes=\"auto, (max-width: 300px) 100vw, 300px\" \/><\/a><\/p>\n<p>Poco dopo le 7:30 di oggi luned\u00ec, i soccorritori hanno ritrovato sano e salvo l&#8217;uomo di 70 anni che si era perso nei boschi di Lozzo di Cadore mentre cercava funghi. La ricerca \u00e8 culminata questa notte e si \u00e8 conclusa positivamente questa mattina, grazie all&#8217;utilizzo di un drone dotato della tecnologia Lifeseeker. Questa tecnologia ha permesso ai vigili del fuoco di triangolare una prima volta il segnale del cellulare dell&#8217;uomo, affinando la localizzazione dopo l&#8217;alba fino a un margine di errore di pochi metri.<\/p>\n<p>Le coordinate ottenute sono state fornite all&#8217;elicottero del Suem, che \u00e8 intervenuto insieme al personale del soccorso alpino. Gli operatori hanno individuato immediatamente l&#8217;uomo, che, fortunatamente, era incolume. Una volta recuperato, \u00e8 stato trasportato al rifugio Col Baion per i controlli del caso.<\/p>\n<p>L&#8217;uomo, una volta resosi conto di essersi perso, era riuscito a chiamare il 112, dando l&#8217;allarme e facendo scattare le ricerche. Tuttavia, il segnale telefonico \u00e8 risultato intermittente, complicando le operazioni di ricerca. Oltre ai vigili del fuoco, hanno preso parte alle operazioni anche squadre del soccorso alpino e della guardia di finanza, che \u00e8 intervenuta con un elicottero nel tardo pomeriggio di domenica.<\/p>\n<blockquote><p><em>Nella foto, il settantenne \u00e8 ritratto insieme ai componenti del nucleo SAPR (Sistemi Aeromobili a Pilotaggio Remoto) del Veneto e al drone con la tecnologia Lifeseeker, grazie al quale \u00e8 stato possibile individuare il cercatore di funghi.<\/em><\/p><\/blockquote>\n<p>&nbsp;<\/p>\n<p><a class=\"dt-pswp-item\" href=\"https:\/\/www.radiopiu.net\/wordpress\/wp-content\/uploads\/2024\/09\/be07b3d1-a199-406a-8c4b-74e4b16e438f.jpg\" data-dt-img-description=\"\" data-large_image_width=\"1600\" data-large_image_height=\"1200\"><img loading=\"lazy\" decoding=\"async\" class=\"alignnone size-medium wp-image-409651\" src=\"https:\/\/www.radiopiu.net\/wordpress\/wp-content\/uploads\/2024\/09\/be07b3d1-a199-406a-8c4b-74e4b16e438f-300x225.jpg\" alt=\"\" width=\"300\" height=\"225\" srcset=\"https:\/\/www.radiopiu.net\/wordpress\/wp-content\/uploads\/2024\/09\/be07b3d1-a199-406a-8c4b-74e4b16e438f-300x225.jpg 300w, https:\/\/www.radiopiu.net\/wordpress\/wp-content\/uploads\/2024\/09\/be07b3d1-a199-406a-8c4b-74e4b16e438f-1024x768.jpg 1024w, https:\/\/www.radiopiu.net\/wordpress\/wp-content\/uploads\/2024\/09\/be07b3d1-a199-406a-8c4b-74e4b16e438f-768x576.jpg 768w, https:\/\/www.radiopiu.net\/wordpress\/wp-content\/uploads\/2024\/09\/be07b3d1-a199-406a-8c4b-74e4b16e438f-1536x1152.jpg 1536w, https:\/\/www.radiopiu.net\/wordpress\/wp-content\/uploads\/2024\/09\/be07b3d1-a199-406a-8c4b-74e4b16e438f.jpg 1600w\" sizes=\"auto, (max-width: 300px) 100vw, 300px\" \/><\/a><a class=\"dt-pswp-item\" href=\"https:\/\/www.radiopiu.net\/wordpress\/wp-content\/uploads\/2024\/09\/f4e3659e-347b-4983-abd1-0e613402ed99.jpg\" data-dt-img-description=\"\" data-large_image_width=\"1600\" data-large_image_height=\"1200\"><img loading=\"lazy\" decoding=\"async\" class=\"alignnone size-medium wp-image-409650\" src=\"https:\/\/www.radiopiu.net\/wordpress\/wp-content\/uploads\/2024\/09\/f4e3659e-347b-4983-abd1-0e613402ed99-300x225.jpg\" alt=\"\" width=\"300\" height=\"225\" srcset=\"https:\/\/www.radiopiu.net\/wordpress\/wp-content\/uploads\/2024\/09\/f4e3659e-347b-4983-abd1-0e613402ed99-300x225.jpg 300w, https:\/\/www.radiopiu.net\/wordpress\/wp-content\/uploads\/2024\/09\/f4e3659e-347b-4983-abd1-0e613402ed99-1024x768.jpg 1024w, https:\/\/www.radiopiu.net\/wordpress\/wp-content\/uploads\/2024\/09\/f4e3659e-347b-4983-abd1-0e613402ed99-768x576.jpg 768w, https:\/\/www.radiopiu.net\/wordpress\/wp-content\/uploads\/2024\/09\/f4e3659e-347b-4983-abd1-0e613402ed99-1536x1152.jpg 1536w, https:\/\/www.radiopiu.net\/wordpress\/wp-content\/uploads\/2024\/09\/f4e3659e-347b-4983-abd1-0e613402ed99.jpg 1600w\" sizes=\"auto, (max-width: 300px) 100vw, 300px\" \/><\/a><\/p>\n<p>&nbsp;<\/p>\n<p>&nbsp;<\/p>\n<p><em><span style=\"color: #ff0000;\">ATTENZIONE: LA NUOVA APP PER IOS-IPHONE di Nicola Vettorello <\/span><\/em><a href=\"https:\/\/apps.apple.com\/it\/app\/radio-pi%C3%B9-emittente-agordina\/id1515939845\">https:\/\/apps.apple.com\/it\/app\/radio-pi%C3%B9-emittente-agordina\/id1515939845<\/a><\/p>\n<p><em style=\"color: #ff0000;\">ATTENZIONE: LA NUOVA APP RADIO\u00a0 PER ANDROID di Nicola Vettorello<\/em><\/p>\n<p><a href=\"https:\/\/play.google.com\/store\/apps\/details?id=net.radiopiu.iniko\" target=\"_blank\" rel=\"noopener noreferrer\">https:\/\/play.google.com\/store\/apps\/details?id=net.radiopiu.iniko\u00a0\u00a0\u00a0<\/a><\/p>\n<p>&nbsp;<\/p>\n<p>&nbsp;<\/p>\n<hr \/>\n<p>&nbsp;<\/p>\n<p><strong>OGGI ALLA RADIO&#8230;.<\/strong> <span style=\"color: #ff0000;\">ALLE 4 E ALLE 6<\/span> LE NOTIZIE DALL&#8217;ITALIA E DAL MONDO<span style=\"color: #ff0000;\"> 6.15<\/span> PIROLE DE LENGA A CURA DEL MUSLA<span style=\"color: #ff0000;\"> 7.20<\/span> EL BAL DEL FIORI, DETTI E TRADIZIONI DI GIULIANA DA RONCH <span style=\"color: #ff0000;\">8.05<\/span> LA RASSEGNA STAMPA LOCALE<span style=\"color: #ff0000;\"> 8.30\u00a0<span style=\"color: #000000;\">PIU&#8217; SIAMO CON MARINA DONA&#8217; <span style=\"color: #ff0000;\">9.00<\/span> OGGI COME IERI DI SILVIA BALDO <\/span>\u00a0<\/span><span style=\"color: #ff0000;\"><span style=\"color: #000000;\">\u00a0<\/span><\/span><span style=\"color: #ff0000;\">9.40<\/span> VIABILITA&#8217; CON BOTOL CAR SERVICE (AGORDO-SEDICO-FELTRE)\u00a0 <span style=\"color: #ff0000;\">10 30<\/span>\u00a0 SPECIALE VOLONTARI AMBULANZA\u00a0 <span style=\"color: #ff0000;\">11.30<\/span> SOTTO UN CIELO DI STELLA, ASTROFILIA CON CLAUDIO PRA\u00a0 <span style=\"color: #ff0000;\">12.00<\/span> VA TUTTO LISCIO\u00a0 <span style=\"color: #ff0000;\">12.30<\/span> GIORNALE RADIO PRINCIPALE<span style=\"color: #ff0000;\">\u00a0 13.10<\/span>\u00a0 SALUTE E SOCIETA&#8217; CON IL DOTTOR MARCO CARACCIOLO, DA OGGI LA NUOVA STAGIONE <span style=\"color: #ff0000;\">\u00a0<\/span><span style=\"color: #ff0000;\">14.00 <span style=\"color: #000000;\">COLLAGE OPERAZIONE NOSTALGIA DI LORIS SCUSSEL<\/span>\u00a0<\/span><span style=\"color: #ff0000;\">15.00<\/span>\u00a0 \u00a0RIFLESSI SONORI IL PROGRAMMA DI ALESSIA DALL&#8217;O\u00a0 \u00a0<span style=\"color: #ff0000;\">16<\/span> IL ROCK DI MARCO COSTANTINI <span style=\"color: #ff0000;\">1645<\/span> LE HIT DI MIRCO BENCIVENNI <span style=\"color: #ff0000;\">18.00<\/span> PIU&#8217; DANCE LE SELEZIONI CHE FANNO SALTARE DI DJ JACK, JACOPO DEL TEDESCO \u00a0\u00a0<span style=\"color: #ff0000;\">19<\/span> SPECIALE VOLONTARI AMBULANZA AGORDINO-ZOLDANO<\/p>\n<p><strong>rassegna stampa nazionale,<\/strong> ogni giorno alle 5 e alle 6 del mattino<br \/>\ngiornali locali 7 rassegna stampa flash, 8 rassegna stampa, gr flash alle 10 e alle 11, principale 12.30. Informazione pomerIggio alle 15 (speciale) 16, 17, 18. Giornale radio nazionale: ogni ora dalle 5 del mattino, alle 20 della sera.<\/p>\n<p>&nbsp;<\/p>\n<hr \/>\n<p>&nbsp;<\/p>\n<p>&nbsp;<\/p>\n<div class=\"x11i5rnm xat24cr x1mh8g0r x1vvkbs xtlvy1s x126k92a\">\n<div dir=\"auto\">\n<div dir=\"auto\">\n<p><strong><a class=\"dt-pswp-item\" href=\"https:\/\/www.radiopiu.net\/wordpress\/wp-content\/uploads\/2024\/02\/2d44e751-d8a8-461b-8e22-d8e4e853b032.jpg\" data-dt-img-description=\"\" data-large_image_width=\"1600\" data-large_image_height=\"1200\"><img loading=\"lazy\" decoding=\"async\" class=\"wp-image-373307 alignleft\" src=\"https:\/\/www.radiopiu.net\/wordpress\/wp-content\/uploads\/2024\/02\/2d44e751-d8a8-461b-8e22-d8e4e853b032-300x225.jpg\" alt=\"\" width=\"105\" height=\"79\" srcset=\"https:\/\/www.radiopiu.net\/wordpress\/wp-content\/uploads\/2024\/02\/2d44e751-d8a8-461b-8e22-d8e4e853b032-300x225.jpg 300w, https:\/\/www.radiopiu.net\/wordpress\/wp-content\/uploads\/2024\/02\/2d44e751-d8a8-461b-8e22-d8e4e853b032-1024x768.jpg 1024w, https:\/\/www.radiopiu.net\/wordpress\/wp-content\/uploads\/2024\/02\/2d44e751-d8a8-461b-8e22-d8e4e853b032-768x576.jpg 768w, https:\/\/www.radiopiu.net\/wordpress\/wp-content\/uploads\/2024\/02\/2d44e751-d8a8-461b-8e22-d8e4e853b032-1536x1152.jpg 1536w, https:\/\/www.radiopiu.net\/wordpress\/wp-content\/uploads\/2024\/02\/2d44e751-d8a8-461b-8e22-d8e4e853b032.jpg 1600w\" sizes=\"auto, (max-width: 105px) 100vw, 105px\" \/><\/a>EL BAL DEL FIOR, DI GIULIANA DA RONCH, 14 SETTEMBRE<\/strong><strong>\u00a02024<\/strong><\/p>\n<\/div>\n<\/div>\n<audio class=\"wp-audio-shortcode\" id=\"audio-409535-1\" preload=\"none\" style=\"width: 100%;\" controls=\"controls\"><source type=\"audio\/mpeg\" src=\"https:\/\/www.radiopiu.net\/wordpress\/wp-content\/uploads\/2024\/09\/GLU-3.mp3?_=1\" \/><a href=\"https:\/\/www.radiopiu.net\/wordpress\/wp-content\/uploads\/2024\/09\/GLU-3.mp3\">https:\/\/www.radiopiu.net\/wordpress\/wp-content\/uploads\/2024\/09\/GLU-3.mp3<\/a><\/audio>\n<p>&nbsp;<\/p>\n<p>&nbsp;<\/p>\n<hr \/>\n<p>&nbsp;<\/p>\n<p>&nbsp;<\/p>\n<h1><span style=\"color: #ff0000;\"><a class=\"dt-pswp-item\" href=\"https:\/\/www.radiopiu.net\/wordpress\/wp-content\/uploads\/2024\/06\/th-5.jpg\" data-dt-img-description=\"\" data-large_image_width=\"326\" data-large_image_height=\"180\"><img loading=\"lazy\" decoding=\"async\" class=\"size-medium wp-image-395881 alignleft\" src=\"https:\/\/www.radiopiu.net\/wordpress\/wp-content\/uploads\/2024\/06\/th-5-300x166.jpg\" alt=\"\" width=\"300\" height=\"166\" srcset=\"https:\/\/www.radiopiu.net\/wordpress\/wp-content\/uploads\/2024\/06\/th-5-300x166.jpg 300w, https:\/\/www.radiopiu.net\/wordpress\/wp-content\/uploads\/2024\/06\/th-5.jpg 326w\" sizes=\"auto, (max-width: 300px) 100vw, 300px\" \/><\/a><\/span><\/h1>\n<h1><\/h1>\n<h1><\/h1>\n<h1><span style=\"color: #000000;\">14 SETTEMBRE&#8230; alla radio l&#8217;almanacco\u00a0<\/span><\/h1>\n<audio class=\"wp-audio-shortcode\" id=\"audio-409535-2\" preload=\"none\" style=\"width: 100%;\" controls=\"controls\"><source type=\"audio\/mpeg\" src=\"https:\/\/www.radiopiu.net\/wordpress\/wp-content\/uploads\/2024\/09\/ALMANACCONEW-12.mp3?_=2\" \/><a href=\"https:\/\/www.radiopiu.net\/wordpress\/wp-content\/uploads\/2024\/09\/ALMANACCONEW-12.mp3\">https:\/\/www.radiopiu.net\/wordpress\/wp-content\/uploads\/2024\/09\/ALMANACCONEW-12.mp3<\/a><\/audio>\n<p>&nbsp;<\/p>\n<div dir=\"auto\">\n<hr \/>\n<\/div>\n<\/div>\n<blockquote>\n<blockquote>\n<h1><span style=\"color: #ff0000;\">\u00a0<\/span><\/h1>\n<h1><span style=\"color: #ff0000;\">I podcast informativi del mattino &#8211; audio &#8211;\u00a0\u00a0<\/span><\/h1>\n<\/blockquote>\n<p><strong><a class=\"dt-pswp-item\" href=\"https:\/\/www.radiopiu.net\/wordpress\/wp-content\/uploads\/2023\/11\/th-10.jpg\" data-dt-img-description=\"\" data-large_image_width=\"320\" data-large_image_height=\"180\"><img loading=\"lazy\" decoding=\"async\" class=\"wp-image-362866 alignleft\" src=\"https:\/\/www.radiopiu.net\/wordpress\/wp-content\/uploads\/2023\/11\/th-10-300x169.jpg\" alt=\"\" width=\"185\" height=\"104\" srcset=\"https:\/\/www.radiopiu.net\/wordpress\/wp-content\/uploads\/2023\/11\/th-10-300x169.jpg 300w, https:\/\/www.radiopiu.net\/wordpress\/wp-content\/uploads\/2023\/11\/th-10.jpg 320w\" sizes=\"auto, (max-width: 185px) 100vw, 185px\" \/><\/a>LA RASSEGNA STAMPA NAZIONALE ALLA RADIO, OGNI GIORNO ALLE 5 E ALLE 6 DEL MATTINO <span style=\"color: #0000ff;\">viene pubblicata alle 6.00 <span style=\"color: #ff0000;\">DIRETTA RADIO\u00a0 \u00a0\u00a0<\/span><\/span><\/strong><\/p><\/blockquote>\n<p>&nbsp;<\/p>\n<p><strong>NOTIZIE DELLA NOTTE\u00a0 \u00a0\u00a0<\/strong><\/p>\n<p><strong>Nuovo tentato assassinio per Trump<\/strong>, fermato un 58enne arrivato dalle Hawaii Mentre giocava a golf in Florida. Trovate delle borse e un&#8217;arma AK-47 (nella foto). Fermato un sospetto. Harris: &#8216;Sono lieta che stia bene&#8217; <strong>Il tifone Bebinca<\/strong> arriva su Shanghai, evacuazioni e stop ai voli <strong>Aerei militari russi<\/strong> vicino l&#8217;Alaska, 3a volta in una settimana <strong>Emmy:<\/strong> il creatore di &#8216;Baby Reindeer&#8217; vince per la sceneggiatura <strong>Sudan:<\/strong> paramilitari Rsf attaccano villaggio, &#8216;almeno 40 morti&#8217;<\/p>\n<h2>AUDIO dalle 6 del mattino<\/h2>\n<audio class=\"wp-audio-shortcode\" id=\"audio-409535-3\" preload=\"none\" style=\"width: 100%;\" controls=\"controls\"><source type=\"audio\/mpeg\" src=\"https:\/\/www.radiopiu.net\/wordpress\/wp-content\/uploads\/2024\/09\/GIORNALEDELLESEI-11.mp3?_=3\" \/><a href=\"https:\/\/www.radiopiu.net\/wordpress\/wp-content\/uploads\/2024\/09\/GIORNALEDELLESEI-11.mp3\">https:\/\/www.radiopiu.net\/wordpress\/wp-content\/uploads\/2024\/09\/GIORNALEDELLESEI-11.mp3<\/a><\/audio>\n<p>&nbsp;<\/p>\n<p>&nbsp;<\/p>\n<p>&nbsp;<\/p>\n<hr \/>\n<p>&nbsp;<\/p>\n<h1 style=\"text-align: center;\"><span style=\"color: #ff0000;\">I podcast informativi del mattino &#8211; audio &#8211;\u00a0<\/span><\/h1>\n<p><strong><a class=\"dt-pswp-item\" href=\"https:\/\/www.radiopiu.net\/wordpress\/wp-content\/uploads\/2023\/12\/images.png\" data-dt-img-description=\"\" data-large_image_width=\"316\" data-large_image_height=\"160\"><img loading=\"lazy\" decoding=\"async\" class=\"wp-image-367008 alignleft\" src=\"https:\/\/www.radiopiu.net\/wordpress\/wp-content\/uploads\/2023\/12\/images-300x152.png\" alt=\"\" width=\"235\" height=\"119\" srcset=\"https:\/\/www.radiopiu.net\/wordpress\/wp-content\/uploads\/2023\/12\/images-300x152.png 300w, https:\/\/www.radiopiu.net\/wordpress\/wp-content\/uploads\/2023\/12\/images.png 316w\" sizes=\"auto, (max-width: 235px) 100vw, 235px\" \/><\/a>OGNI GIORNO ALLE SETTE DEL MATTINO, LA RASSEGNA STAMPA LOCALE FLASH&#8230; PER CHI VA IN FRETTA. I TITOLI DAI GIORNALI E DAL SITO WWW.RADIOPIU.NET <span style=\"color: #0000ff;\">viene pubblicato alle 7.00<\/span> <span style=\"color: #ff0000;\">DIRETTA RADIO\u00a0<\/span><\/strong><\/p>\n<p><em><span style=\"color: #ff0000;\">per chi va in fretta&#8230; tante notizie in pochi minuti. L&#8217;informazione locale alla radio, ogni ora dalle 7 del mattino alle 19 della sera.<\/span><\/em><\/p>\n<p>&nbsp;<\/p>\n<h1>AUDIO dalle 7 del mattino<\/h1>\n<audio class=\"wp-audio-shortcode\" id=\"audio-409535-4\" preload=\"none\" style=\"width: 100%;\" controls=\"controls\"><source type=\"audio\/mpeg\" src=\"https:\/\/www.radiopiu.net\/wordpress\/wp-content\/uploads\/2024\/09\/GF07-8.mp3?_=4\" \/><a href=\"https:\/\/www.radiopiu.net\/wordpress\/wp-content\/uploads\/2024\/09\/GF07-8.mp3\">https:\/\/www.radiopiu.net\/wordpress\/wp-content\/uploads\/2024\/09\/GF07-8.mp3<\/a><\/audio>\n<p>&nbsp;<\/p>\n<p>&nbsp;<\/p>\n<p>&nbsp;<\/p>\n<hr \/>\n<p>&nbsp;<\/p>\n<h1><\/h1>\n<h1 style=\"text-align: center;\"><span style=\"color: #ff0000;\"><a class=\"dt-pswp-item\" href=\"https:\/\/www.radiopiu.net\/wordpress\/wp-content\/uploads\/2022\/01\/026c3f9d-dae9-4040-a3c1-a6530231bcc3.jpg\" data-dt-img-description=\"\" data-large_image_width=\"1152\" data-large_image_height=\"2048\"><img loading=\"lazy\" decoding=\"async\" class=\"wp-image-251839 alignleft\" src=\"https:\/\/www.radiopiu.net\/wordpress\/wp-content\/uploads\/2022\/01\/026c3f9d-dae9-4040-a3c1-a6530231bcc3-169x300.jpg\" alt=\"\" width=\"100\" height=\"177\" srcset=\"https:\/\/www.radiopiu.net\/wordpress\/wp-content\/uploads\/2022\/01\/026c3f9d-dae9-4040-a3c1-a6530231bcc3-169x300.jpg 169w, https:\/\/www.radiopiu.net\/wordpress\/wp-content\/uploads\/2022\/01\/026c3f9d-dae9-4040-a3c1-a6530231bcc3-576x1024.jpg 576w, https:\/\/www.radiopiu.net\/wordpress\/wp-content\/uploads\/2022\/01\/026c3f9d-dae9-4040-a3c1-a6530231bcc3-768x1365.jpg 768w, https:\/\/www.radiopiu.net\/wordpress\/wp-content\/uploads\/2022\/01\/026c3f9d-dae9-4040-a3c1-a6530231bcc3-864x1536.jpg 864w, https:\/\/www.radiopiu.net\/wordpress\/wp-content\/uploads\/2022\/01\/026c3f9d-dae9-4040-a3c1-a6530231bcc3.jpg 1152w\" sizes=\"auto, (max-width: 100px) 100vw, 100px\" \/><\/a>I podcast informativi del mattino &#8211; audio &#8211;\u00a0<\/span><\/h1>\n<blockquote><p><strong>GIORNALE RADIO NAZIONALE, EDIZIONE DELLE SETTE <span style=\"color: #0000ff;\">viene pubblicato alle 7.05 <span style=\"color: #ff0000;\">DIRETTA RADIO\u00a0<\/span><\/span><\/strong><\/p><\/blockquote>\n<p><strong>il giornale radionazionale e&#8217; in onda ogni ora, dalle sette del mattino alle venti della sera\u00a0 \u00a0<\/strong><strong>\u00a0<\/strong><\/p>\n<p><strong>L&#8217;incidente Schiacciato dal cancello,<\/strong> grave un bimbo di 10 anni a Sassari <strong>Bimbo ucciso dalla porta di calcio,<\/strong> polemiche per il concerto di Fedez Bimbo ucciso da porta di calcio a Ozieri, disposta l&#8217;autopsia <strong>Caduto nel vuoto<\/strong> Un altro morto sul lavoro nel Bresciano, \u00e8 il secondo in 48 ore <strong>Una tonnellata di hashish<\/strong> in un box auto a Roma, 2 arresti\u00a0 <strong>Donna muore dopo un&#8217;operazione al seno<\/strong>, inchiesta a Treviso Indagati il titolare di una clinica privata e un&#8217;anestesista <strong>Fine settimana tragico per i cercatori di funghi<\/strong>,4 morti Due in Abruzzo sui Monti della Laga, due sull&#8217;Appennino emiliano <strong>Incendio in un emporio cinese,<\/strong> tre morti. Potrebbe essere di origine dolosa Le vittime sono due fratelli di 17 e 19 anni e un 24enne <strong>Treno esce dai binari a Milano<\/strong>, tre feriti E&#8217; rallentata la circolazione ferroviaria<br \/>\n<strong>Trovati resti di bimbo<\/strong> dopo il neonato morto Il sindaco di Traversetolo: &#8220;Il paese \u00e8 sconvolto, gli inquirenti chiariscano&#8221; <strong>Un&#8217;escursionista muore<\/strong> nella tempesta di neve in val Gardena La donna, canadese, era in cammino con il compagno verso il rifugio Puez<\/p>\n<h2>AUDIO dalle sette del mattino, ogni ora alla radio<\/h2>\n<audio class=\"wp-audio-shortcode\" id=\"audio-409535-5\" preload=\"none\" style=\"width: 100%;\" controls=\"controls\"><source type=\"audio\/mpeg\" src=\"https:\/\/www.radiopiu.net\/wordpress\/wp-content\/uploads\/2024\/09\/giornale07-11.mp3?_=5\" \/><a href=\"https:\/\/www.radiopiu.net\/wordpress\/wp-content\/uploads\/2024\/09\/giornale07-11.mp3\">https:\/\/www.radiopiu.net\/wordpress\/wp-content\/uploads\/2024\/09\/giornale07-11.mp3<\/a><\/audio>\n<p>&nbsp;<\/p>\n<p>&nbsp;<\/p>\n<hr \/>\n<p>&nbsp;<\/p>\n<p>&nbsp;<\/p>\n<h1><span style=\"color: #ff0000;\">I podcast informativi del mattino &#8211; video &#8211;\u00a0<\/span><\/h1>\n<h2><strong><a class=\"dt-pswp-item\" href=\"https:\/\/www.radiopiu.net\/wordpress\/wp-content\/uploads\/2023\/12\/th-10.jpg\" data-dt-img-description=\"\" data-large_image_width=\"245\" data-large_image_height=\"180\"><img loading=\"lazy\" decoding=\"async\" class=\" wp-image-367395 alignleft\" src=\"https:\/\/www.radiopiu.net\/wordpress\/wp-content\/uploads\/2023\/12\/th-10.jpg\" alt=\"\" width=\"166\" height=\"122\" \/><\/a>RASSEGNA STAMPA LOCALE, ORE OTTO 05<\/strong><\/h2>\n<h2><strong> <span style=\"color: #0000ff;\">viene\u00a0 <\/span><\/strong><strong><span style=\"color: #0000ff;\">pubblicata alle 8.05 <span style=\"color: #ff0000;\">DIRETTA RADIO\u00a0\u00a0<\/span><\/span><\/strong><\/h2>\n<p><strong>DI MIRKO MEZZACASA\u00a0 \u00a0<\/strong><button class=\"rounded-lg text-token-text-secondary hover:bg-token-main-surface-secondary\"><\/button><\/p>\n<p><strong>OGGI SUL Corriere delle Alpi E NOTIZIARI DI Radio Pi\u00f9\u00a0<\/strong><\/p>\n<p>&nbsp;<\/p>\n<h2><span style=\"color: #ff0000;\"><strong>VIDEO\u00a0 \u00a0in diretta dalle 8 del mattino\u00a0<\/strong><\/span><\/h2>\n<p>&nbsp;<\/p>\n<p>&nbsp;<\/p>\n<hr \/>\n<p>&nbsp;<\/p>\n<p>&nbsp;<\/p>\n<p><strong><a class=\"dt-pswp-item\" href=\"https:\/\/www.radiopiu.net\/wordpress\/wp-content\/uploads\/2023\/12\/ANTENNA.png\" data-dt-img-description=\"\" data-large_image_width=\"300\" data-large_image_height=\"166\"><img loading=\"lazy\" decoding=\"async\" class=\" wp-image-366306 alignleft\" src=\"https:\/\/www.radiopiu.net\/wordpress\/wp-content\/uploads\/2023\/12\/ANTENNA.png\" alt=\"\" width=\"175\" height=\"97\" \/><\/a>IERI SERA, DAL TG DI ANTENNA 3, ogni sera alle 19 le anticipazioni alla radio, quello che poi seguirete nel TELEGIORNALE BELLUNESE\u00a0 in onda alle 19.30 sul CANALE 10 del digitale terrestre.\u00a0\u00a0<\/strong><\/p>\n<p>&nbsp;<\/p>\n<p>&nbsp;<\/p>\n<p>&nbsp;<\/p>\n<p>&nbsp;<\/p>\n<hr \/>\n<p>&nbsp;<\/p>\n<blockquote>\n<h3>VENERDI SCIOPERO DEI MEZZI PUBBLICI<\/h3>\n<\/blockquote>\n<p>Venerd\u00ec 20 settembre 2024 \u00e8 previsto uno sciopero nazionale di 24 ore indetto da diverse sigle sindacali. Dolomiti Bus S.p.A. garantir\u00e0 il servizio nelle fasce orarie 5:40-8:10 e 12:10-15:40. Le corse iniziate prima dello sciopero saranno completate e il servizio sar\u00e0 pienamente ripristinato il giorno successivo.<\/p>\n<p>&nbsp;<\/p>\n<p>&nbsp;<\/p>\n<hr \/>\n<p>&nbsp;<\/p>\n<blockquote>\n<h3>ACQUA POTABILE A LIVINALLONGO, NON A RIVAMONTE E VOLTAGO<\/h3>\n<\/blockquote>\n<p class=\"moz-text-html\" lang=\"x-unicode\"><strong>A LIVINALLONGO DEL COL DI LANA in<span style=\"color: #ff0000;\"> LOCALITA LARZONEI,<\/span> l&#8217;acqua erogata dall&#8217;acquedotto \u00e8 di nuovo potabile e pu\u00f2 essere usata, quindi, per scopi alimentari.\u00a0\u00a0<\/strong><\/p>\n<p lang=\"x-unicode\"><strong> A RIVAMONTE AGORDINO in <span style=\"color: #ff0000;\">VIA ROSSON CIVICO N. 25 e VIA VILLAGRANDE CIVICI N. 45 e 4A<\/span> l&#8217;acqua erogata dall&#8217;acquedotto non \u00e8 potabile e pu\u00f2 essere usata per scopi alimentari SOLO PREVIA bollitura.<\/strong><\/p>\n<p lang=\"x-unicode\"><strong> VOLTAGO AGORDINO nelle localit\u00e0 <span style=\"color: #ff0000;\">CAPOLUOGO, CORONE e VIA STRUZ<\/span> l&#8217;acqua erogata dall&#8217;acquedotto non \u00e8 potabile e non pu\u00f2 essere usata per scopi alimentari. Verr\u00e0 effettuato servizio sostitutivo con cisterna c\/o Piazza della Chiesa.<\/strong><\/p>\n<blockquote>\n<h3 lang=\"x-unicode\">LAVORI PROGRAMMATI BIM GSP<\/h3>\n<\/blockquote>\n<p><strong>VOLTAGO<\/strong> Marted\u00ec dalle 8 alle 17 verr\u00e0 sospesa l\u2019erogazione dell\u2019acqua\u00a0 nelle Vie Mathador e Maestro Riva<\/p>\n<p>&nbsp;<\/p>\n<p>&nbsp;<\/p>\n<hr \/>\n<p>&nbsp;<\/p>\n<blockquote>\n<h3>PASSO FEDAIA, QUATTRO GIORNI CON CHIUSURA A FASCE ORARIE<\/h3>\n<\/blockquote>\n<blockquote><p><em><strong><img loading=\"lazy\" decoding=\"async\" class=\"alignleft\" src=\"https:\/\/www.radiopiu.net\/wordpress\/wp-content\/uploads\/2023\/05\/cam110.jpg\" width=\"172\" height=\"129\" \/>Esercitazione militare &#8220;Stella Alpina 24&#8221;: sospensione temporanea del traffico sulla SP 641<\/strong><\/em><\/p><\/blockquote>\n<p><strong>BELLUNO<\/strong>:\u00a0In occasione dell\u2019esercitazione militare \u201cStella Alpina 24\u201d, organizzata dal Comando Brigata Alpina Julia, \u00e8 stata emessa un\u2019ordinanza che prevede la sospensione temporanea della circolazione e della sosta lungo la Strada Provinciale 641. Il tratto interessato va dal chilometro 10+400 (confine tra le province di Trento e Belluno) al chilometro 16+800 (localit\u00e0 Tabia Palazza). Le restrizioni saranno attive nelle seguenti giornate e fasce orarie16 e 17 settembre 2024, dalle ore 9:00 alle 15:00; 18 settembre 2024, dalle ore 7:30 alle 15:30; 19 settembre 2024, dalle ore 7:30 alle 14:00. Sar\u00e0 consentito il transito solo ai residenti nelle aree limitrofe alla localit\u00e0 Malga Ciapela. I cittadini sono invitati a prestare attenzione alla segnaletica e a organizzare i propri spostamenti di consguenza.<\/p>\n<p>FOTO ARCHIVIO<\/p>\n<p>&nbsp;<\/p>\n<div class=\"flex items-center pb-0\"><\/div>\n<div><\/div>\n<div>\n<hr \/>\n<\/div>\n<blockquote>\n<div><strong><a class=\"dt-pswp-item\" href=\"https:\/\/www.radiopiu.net\/wordpress\/wp-content\/uploads\/2024\/09\/Senza-nome-26.png\" data-dt-img-description=\"\" data-large_image_width=\"239\" data-large_image_height=\"252\"><img loading=\"lazy\" decoding=\"async\" class=\"wp-image-409451 alignleft\" src=\"https:\/\/www.radiopiu.net\/wordpress\/wp-content\/uploads\/2024\/09\/Senza-nome-26.png\" alt=\"\" width=\"106\" height=\"112\" \/><\/a>Fabio Lo Re, un ultimo gesto di generosit\u00e0. Non \u00e8 ancora stata fissata la data dei funerali<\/strong><\/div>\n<\/blockquote>\n<div class=\"flex max-w-full flex-col flex-grow\">\n<div class=\"min-h-[20px] text-message flex w-full flex-col items-end gap-2 whitespace-normal break-words [.text-message+&amp;]:mt-5\" dir=\"auto\" data-message-author-role=\"assistant\" data-message-id=\"5edd2258-4017-45c7-a9f4-15951ad66ff9\">\n<div class=\"flex w-full flex-col gap-1 empty:hidden first:pt-[3px]\">\n<div class=\"markdown prose w-full break-words dark:prose-invert dark\">\n<p>Fabio Lo Re, 44 anni, impresario edile deceduto in un incidente in bicicletta, ha donato tutti i suoi organi. Stimato e conosciuto nella comunit\u00e0, la sua morte ha scosso familiari e amici. La Polizia stradale di Belluno sta ancora indagando sulla dinamica dell&#8217;incidente avvenuto in via Sanfor. La data dei funerali non \u00e8 ancora stata fissata, ma si attende il nulla osta della magistratura. La famiglia, pur addolorata, si impegna a portare avanti la sua azienda.<\/p>\n<\/div>\n<\/div>\n<\/div>\n<\/div>\n<div class=\"mt-1 flex gap-3 empty:hidden -ml-2\">\n<div class=\"items-center justify-start rounded-xl p-1 flex\">\n<div class=\"flex items-center\">\n<div class=\"flex items-center pb-0\"><\/div>\n<\/div>\n<\/div>\n<\/div>\n<p>&nbsp;<\/p>\n<hr \/>\n<p>&nbsp;<\/p>\n<blockquote>\n<h3><a class=\"dt-pswp-item\" href=\"https:\/\/www.radiopiu.net\/wordpress\/wp-content\/uploads\/2024\/09\/Senza-nome-30.png\" data-dt-img-description=\"\" data-large_image_width=\"284\" data-large_image_height=\"218\"><img loading=\"lazy\" decoding=\"async\" class=\"wp-image-409597 alignleft\" src=\"https:\/\/www.radiopiu.net\/wordpress\/wp-content\/uploads\/2024\/09\/Senza-nome-30.png\" alt=\"\" width=\"181\" height=\"139\" \/><\/a>Incidente alla cronoscalata Pedavena-Croce d\u2019Aune<\/h3>\n<\/blockquote>\n<blockquote><p><em>L\u2019incidente \u00e8 avvenuto tra la seconda e la terza curva del percorso: la Seat Ibiza Cupra di Hermann Freitag del Racing Team Merano \u00e8 sbandata andando a colpire i pali di segnalazione e lo spettatore.<\/em><\/p><\/blockquote>\n<div class=\"flex max-w-full flex-col flex-grow\">\n<div class=\"min-h-[20px] text-message flex w-full flex-col items-end gap-2 whitespace-normal break-words [.text-message+&amp;]:mt-5\" dir=\"auto\" data-message-author-role=\"assistant\" data-message-id=\"2b5b582b-fb44-4ca9-987c-0e1d9cefb9f0\">\n<div class=\"flex w-full flex-col gap-1 empty:hidden first:pt-[3px]\">\n<div class=\"markdown prose w-full break-words dark:prose-invert dark\">\n<p>Uno spettatore proveniente da fuori regione \u00e8 stato investito da una vettura durante la cronoscalata Pedavena-Croce d\u2019Aune. L&#8217;elicottero del Suem 118 \u00e8 intervenuto per il trasferimento. Lo spettatore \u00e8 stato portato in condizioni molto gravi al C\u00e0 Foncello di Treviso.<\/p>\n<p>COMUNICATO UFFICIALE La gara ha subito un&#8217;interruzione in seguito all&#8217;uscita di strada del concorrente numero 179. Nell&#8217;uscita \u00e8 stata coinvolta una persona del pubblico che si trovava in zona assolutamente vietata. Non si disputer\u00e0 gara 2 per l&#8217;eccessivo allungamento dei tempi, gara 1 proseguita nel pomeriggio.<\/p>\n<p>&nbsp;<\/p>\n<hr \/>\n<p>&nbsp;<\/p>\n<blockquote>\n<h2>Vigili del Fuoco in Azione ad Agordo per il Maltempo: Interventi per Piante Cadute e Fabbricato Danneggiato<\/h2>\n<\/blockquote>\n<div class=\"flex max-w-full flex-col flex-grow\">\n<div class=\"min-h-[20px] text-message flex w-full flex-col items-end gap-2 whitespace-normal break-words [.text-message+&amp;]:mt-5\" dir=\"auto\" data-message-author-role=\"assistant\" data-message-id=\"e3a333d8-cb2d-46c3-8cb8-45cd6c7150ff\">\n<div class=\"flex w-full flex-col gap-1 empty:hidden first:pt-[3px]\">\n<div class=\"markdown prose w-full break-words dark:prose-invert dark\">\n<p><img loading=\"lazy\" decoding=\"async\" class=\"alignleft\" src=\"https:\/\/www.radiopiu.net\/wordpress\/wp-content\/uploads\/2023\/11\/vigili-fuoco-11.jpg\" width=\"203\" height=\"101\" \/>Nella notte di venerd\u00ec 13 e durante la giornata di sabato 14, i Vigili del Fuoco di Agordo e i volontari dei distaccamenti del basso e alto Agordino sono stati impegnati in una serie di interventi per la rimozione di alberi caduti sulle strade a causa del forte vento. Le condizioni meteo avverse hanno causato diversi disagi nella zona, richiedendo l&#8217;intervento tempestivo dei Vigili del Fuoco per ripristinare la sicurezza stradale.<\/p>\n<p>Tra gli interventi pi\u00f9 significativi, uno ha riguardato un fabbricato a Sant&#8217;Andrea di Gosaldo, dove il vento ha provocato danni al tetto. Per mettere in sicurezza l&#8217;edificio, \u00e8 stata utilizzata un&#8217;autoscala proveniente dal Comando di Belluno. Nonostante i danni materiali, fortunatamente non si registrano persone coinvolte negli incidenti legati al maltempo.<\/p>\n<\/div>\n<\/div>\n<\/div>\n<\/div>\n<p>&nbsp;<\/p>\n<hr \/>\n<p>&nbsp;<\/p>\n<blockquote>\n<h2>18 CAVALLI E ASINI SPAVENTATI DAI CANI MORTI NEL DIRUPO<\/h2>\n<\/blockquote>\n<blockquote>\n<p style=\"text-align: center;\"><strong><em>ALTRI 18 PORTATI IN SALVO<\/em><\/strong><\/p>\n<p><strong>SANTO STEFANO DI CADORE<\/strong> Un branco di cavalli e asini spaventati da un cane sono caduti in un burrone in Val Visdende a Santo Stefano di Cadore. A causa della caduta 18 animali sono deceduti, mentre alti 18 tra cui alcuni feriti sono stati recuperati dai vigili del fuoco, intervenuti con la squadra di Santo Stefano di Cadore e l\u2019elicottero Drago 149 del reparto volo di Venezia. Le squadre dei vigili del fuoco hanno operato fino al tramonto, riuscendo a recuperare tutti gli animali vivi mettendoli in sicurezza.<\/p><\/blockquote>\n<p><a class=\"dt-pswp-item\" href=\"https:\/\/www.radiopiu.net\/wordpress\/wp-content\/uploads\/2024\/09\/3d332ffe-e464-49a0-8982-f1f4a533ad1e.jpg\" data-dt-img-description=\"\" data-large_image_width=\"720\" data-large_image_height=\"1001\"><img loading=\"lazy\" decoding=\"async\" class=\"alignnone size-medium wp-image-409587\" src=\"https:\/\/www.radiopiu.net\/wordpress\/wp-content\/uploads\/2024\/09\/3d332ffe-e464-49a0-8982-f1f4a533ad1e-216x300.jpg\" alt=\"\" width=\"216\" height=\"300\" srcset=\"https:\/\/www.radiopiu.net\/wordpress\/wp-content\/uploads\/2024\/09\/3d332ffe-e464-49a0-8982-f1f4a533ad1e-216x300.jpg 216w, https:\/\/www.radiopiu.net\/wordpress\/wp-content\/uploads\/2024\/09\/3d332ffe-e464-49a0-8982-f1f4a533ad1e.jpg 720w\" sizes=\"auto, (max-width: 216px) 100vw, 216px\" \/><\/a><a class=\"dt-pswp-item\" href=\"https:\/\/www.radiopiu.net\/wordpress\/wp-content\/uploads\/2024\/09\/054482bc-b03e-4988-babe-88da500fe1fc.jpg\" data-dt-img-description=\"\" data-large_image_width=\"720\" data-large_image_height=\"1036\"><img loading=\"lazy\" decoding=\"async\" class=\"alignnone size-medium wp-image-409588\" src=\"https:\/\/www.radiopiu.net\/wordpress\/wp-content\/uploads\/2024\/09\/054482bc-b03e-4988-babe-88da500fe1fc-208x300.jpg\" alt=\"\" width=\"208\" height=\"300\" srcset=\"https:\/\/www.radiopiu.net\/wordpress\/wp-content\/uploads\/2024\/09\/054482bc-b03e-4988-babe-88da500fe1fc-208x300.jpg 208w, https:\/\/www.radiopiu.net\/wordpress\/wp-content\/uploads\/2024\/09\/054482bc-b03e-4988-babe-88da500fe1fc-712x1024.jpg 712w, https:\/\/www.radiopiu.net\/wordpress\/wp-content\/uploads\/2024\/09\/054482bc-b03e-4988-babe-88da500fe1fc.jpg 720w\" sizes=\"auto, (max-width: 208px) 100vw, 208px\" \/><\/a><a class=\"dt-pswp-item\" href=\"https:\/\/www.radiopiu.net\/wordpress\/wp-content\/uploads\/2024\/09\/dfb84ffe-58c8-4396-b79a-f6d976cbb791.jpg\" data-dt-img-description=\"\" data-large_image_width=\"720\" data-large_image_height=\"992\"><img loading=\"lazy\" decoding=\"async\" class=\"alignnone size-medium wp-image-409589\" src=\"https:\/\/www.radiopiu.net\/wordpress\/wp-content\/uploads\/2024\/09\/dfb84ffe-58c8-4396-b79a-f6d976cbb791-218x300.jpg\" alt=\"\" width=\"218\" height=\"300\" srcset=\"https:\/\/www.radiopiu.net\/wordpress\/wp-content\/uploads\/2024\/09\/dfb84ffe-58c8-4396-b79a-f6d976cbb791-218x300.jpg 218w, https:\/\/www.radiopiu.net\/wordpress\/wp-content\/uploads\/2024\/09\/dfb84ffe-58c8-4396-b79a-f6d976cbb791.jpg 720w\" sizes=\"auto, (max-width: 218px) 100vw, 218px\" \/><\/a><a class=\"dt-pswp-item\" href=\"https:\/\/www.radiopiu.net\/wordpress\/wp-content\/uploads\/2024\/09\/7c706595-7942-4b04-850f-7ae8225a185a.jpg\" data-dt-img-description=\"\" data-large_image_width=\"720\" data-large_image_height=\"962\"><img loading=\"lazy\" decoding=\"async\" class=\"alignnone size-medium wp-image-409590\" src=\"https:\/\/www.radiopiu.net\/wordpress\/wp-content\/uploads\/2024\/09\/7c706595-7942-4b04-850f-7ae8225a185a-225x300.jpg\" alt=\"\" width=\"225\" height=\"300\" srcset=\"https:\/\/www.radiopiu.net\/wordpress\/wp-content\/uploads\/2024\/09\/7c706595-7942-4b04-850f-7ae8225a185a-225x300.jpg 225w, https:\/\/www.radiopiu.net\/wordpress\/wp-content\/uploads\/2024\/09\/7c706595-7942-4b04-850f-7ae8225a185a.jpg 720w\" sizes=\"auto, (max-width: 225px) 100vw, 225px\" \/><\/a><\/p>\n<\/div>\n<\/div>\n<\/div>\n<\/div>\n<p>&nbsp;<\/p>\n<hr \/>\n<p>&nbsp;<\/p>\n<blockquote><p><strong><a class=\"dt-pswp-item\" href=\"https:\/\/www.radiopiu.net\/wordpress\/wp-content\/uploads\/2021\/02\/Ladri-e-vandali-a-Borca-1.jpg\" data-dt-img-description=\"\" data-large_image_width=\"250\" data-large_image_height=\"150\"><img loading=\"lazy\" decoding=\"async\" class=\"wp-image-188365 alignleft\" src=\"https:\/\/www.radiopiu.net\/wordpress\/wp-content\/uploads\/2021\/02\/Ladri-e-vandali-a-Borca-1.jpg\" alt=\"\" width=\"173\" height=\"104\" \/><\/a>Due donne arrestate per tentato furto in appartamento a Pasquer<\/strong><\/p><\/blockquote>\n<p><strong>FELTRE<\/strong> Due donne sono state arrestate mentre tentavano di rubare in un appartamento nel quartiere Pasquer, dopo essere state sorprese dal proprietario tramite la telecamera di sorveglianza collegata al suo cellulare. Una delle donne \u00e8 stata trasferita in carcere, mentre l&#8217;altra, incinta e prossima al parto, \u00e8 stata ricoverata nel reparto di Ostetricia, piantonata dai carabinieri. L&#8217;incidente ha suscitato scalpore nel quartiere, con evidenti segni di effrazione sul portone del condominio. La rapida risposta del proprietario e l&#8217;intervento dei carabinieri hanno permesso di fermare le donne prima che riuscissero a portare a termine il furto.<\/p>\n<p>&nbsp;<\/p>\n<p>&nbsp;<\/p>\n<p>&nbsp;<\/p>\n<p>&nbsp;<\/p>\n<hr \/>\n<p>&nbsp;<\/p>\n<blockquote>\n<h2>Piano sviluppo Luxottica, la Provincia vuole approfondire il \u201cno\u201d della Sovrintendenza<\/h2>\n<\/blockquote>\n<p>Padrin: \u00abFaremo un tavolo con tutti i soggetti. Importanza strategica dell\u2019azienda in Agordino\u00bb<\/p>\n<p><img loading=\"lazy\" decoding=\"async\" class=\"alignleft\" src=\"https:\/\/www.radiopiu.net\/wordpress\/wp-content\/uploads\/2024\/07\/LUXOTTICA-3.jpg\" width=\"275\" height=\"207\" \/>\u00abL\u2019importanza di Luxottica per l\u2019Agordino, e per il tessuto economico-sociale dell\u2019intero territorio bellunese, \u00e8 palese. E in quanto tale non pu\u00f2 essere messa in discussione la presenza dell\u2019azienda ad Agordo\u00bb. Lo dice il presidente della Provincia di Belluno, annunciando la convocazione di un tavolo per chiarire la questione emersa nelle ultime ore relativa a un piano di sviluppo di EssilorLuxottica per lo stabilimento di Agordo, che sarebbe stato momentaneamente bloccato per un mancato consenso della Sovrintendenza.<\/p>\n<p>Il piano da 50 milioni di euro &#8211; secondo quanto si legge in queste ore &#8211; riguarderebbe la realizzazione di nuovi spazi nella sede di Valcozzena, e sarebbe necessario anche un nuovo ponte sul Cordevole, per il quale mancherebbe il via libera. \u00ab\u00c8 doveroso analizzare la questione. Per questo ho intenzione di convocare tutti i soggetti coinvolti, per capire da un lato il piano di Luxottica, dall\u2019altro quali sarebbero gli ostacoli. Voglio approfondire e chiederemo anche l\u2019aiuto del Ministero della Cultura per facilitare il rapporto con gli organi competenti\u00bb sottolinea il presidente Padrin. \u00abAnche perch\u00e9 non possiamo, come territorio, mettere in discussione la presenza di Luxottica, ma \u00e8 necessario capire come e cosa si pu\u00f2 fare\u00bb. Il presidente della Provincia quindi metter\u00e0 in agenda molto presto un tavolo con l\u2019azienda e con la Sovrintendenza, oltre agli altri soggetti che rientrano nella filiera decisionale e burocratica del procedimento amministrativo. \u00abDobbiamo lavorare tutti insieme a beneficio del territorio\u00bb conclude Padrin. \u00abAbbiamo la necessit\u00e0 che Luxottica continui a sostenere &#8211; come ha avuto modo di dire l\u2019ad Francesco Milleri &#8211; la centralit\u00e0 del rapporto con Agordo e con il Bellunese. E che l\u2019azienda lavori per raggiungere in sinergia stretta con il territorio alcuni obiettivi fondamentali, che facciano crescere parallelamente il sito produttivo e le comunit\u00e0 che qui abitano, vivono e operano\u00bb.<\/p>\n<p>&nbsp;<\/p>\n<hr \/>\n<p>&nbsp;<\/p>\n<blockquote>\n<div class=\"mceTemp\">\n<h3><a class=\"dt-pswp-item\" href=\"https:\/\/www.radiopiu.net\/wordpress\/wp-content\/uploads\/2024\/09\/Senza-nome-29.png\" data-dt-img-description=\"\" data-large_image_width=\"167\" data-large_image_height=\"151\"><img loading=\"lazy\" decoding=\"async\" class=\"size-full wp-image-409596 alignleft\" src=\"https:\/\/www.radiopiu.net\/wordpress\/wp-content\/uploads\/2024\/09\/Senza-nome-29.png\" alt=\"\" width=\"167\" height=\"151\" \/><\/a>DILLO A RADIO PIU&#8230;. L&#8217;IDEA DELLA MONOROTAIA<\/h3>\n<\/div>\n<\/blockquote>\n<p><strong>Scrive, l&#8217;architetto Fernando De Simone<\/strong><\/p>\n<p>Il progetto della monorotaia sopraelevata \u00a0presentato nel 2021 a : presidente della Provincia di Belluno Roberto Padrin, presidente di Confindustria Belluno Dolomiti Lorraine Berton, presidente della Camera di Commercio di Treviso Belluno Mario Pozza,ed al sindaco di Agordo Roberto Chissal\u00e8,prevedeva anche \u00a0il collegamento tra l&#8217;area industriale Luxottica e la citt\u00e0. Con la mia rappresentata svizzera Intamin Transportation (<a href=\"http:\/\/www.intamintransportation.com\/\">www.intamintransportation.com<\/a>) siamo ancora disponibili a realizzare il collegamento, utilizzando un tunnel che passa sotto l&#8217;alveo del torrente Cordevole.<\/p>\n<p>&nbsp;<\/p>\n<hr \/>\n<p>&nbsp;<\/p>\n<blockquote>\n<h1>Completato il primo stralcio della strada silvo-pastorale ad Albe e Vallier<\/h1>\n<\/blockquote>\n<blockquote><p><em>Il sindaco di Rocca Pietore ringrazia tutti coloro che hanno contribuito al progetto e annuncia l&#8217;imminente avvio dei lavori del secondo stralcio<\/em><\/p><\/blockquote>\n<p><strong>ROCCA PIETORE<\/strong><\/p>\n<div class=\"flex max-w-full flex-col flex-grow\">\n<div class=\"min-h-[20px] text-message flex w-full flex-col items-end gap-2 whitespace-normal break-words [.text-message+&amp;]:mt-5\" dir=\"auto\" data-message-author-role=\"assistant\" data-message-id=\"0d684d23-de96-4581-89fa-33937d138969\">\n<div class=\"flex w-full flex-col gap-1 empty:hidden first:pt-[3px]\">\n<div class=\"markdown prose w-full break-words dark:prose-invert dark\">\n<p>Il sindaco di Rocca Pietore, Valerio Davare, ha annunciato il completamento del primo stralcio della strada silvo-pastorale che conduce ad Albe e Vallier. Questo progetto, affidato dalla precedente amministrazione, rappresenta un&#8217;importante opera per la zona. <em>&#8220;Vogliamo ringraziare l&#8217;impresa esecutrice, la direzione lavori e il personale operativo che ha lavorato in condizioni complesse, ottenendo un ottimo risultato,&#8221;<\/em> ha dichiarato il sindaco.\u00a0 A breve inizieranno i lavori del secondo stralcio, che completer\u00e0 il percorso fino a Col di Rocca. Fondamentale per la realizzazione \u00e8 stato il supporto economico fornito dagli SMS solidali inviati durante l&#8217;emergenza Vaia.<\/p>\n<\/div>\n<\/div>\n<\/div>\n<\/div>\n<p><a class=\"dt-pswp-item\" href=\"https:\/\/www.radiopiu.net\/wordpress\/wp-content\/uploads\/2024\/09\/9795af84-ff40-4f40-8ce5-b3a482782070.jpg\" data-dt-img-description=\"\" data-large_image_width=\"1600\" data-large_image_height=\"900\"><img loading=\"lazy\" decoding=\"async\" class=\"alignnone size-medium wp-image-409633\" src=\"https:\/\/www.radiopiu.net\/wordpress\/wp-content\/uploads\/2024\/09\/9795af84-ff40-4f40-8ce5-b3a482782070-300x169.jpg\" alt=\"\" width=\"300\" height=\"169\" srcset=\"https:\/\/www.radiopiu.net\/wordpress\/wp-content\/uploads\/2024\/09\/9795af84-ff40-4f40-8ce5-b3a482782070-300x169.jpg 300w, https:\/\/www.radiopiu.net\/wordpress\/wp-content\/uploads\/2024\/09\/9795af84-ff40-4f40-8ce5-b3a482782070-1024x576.jpg 1024w, https:\/\/www.radiopiu.net\/wordpress\/wp-content\/uploads\/2024\/09\/9795af84-ff40-4f40-8ce5-b3a482782070-768x432.jpg 768w, https:\/\/www.radiopiu.net\/wordpress\/wp-content\/uploads\/2024\/09\/9795af84-ff40-4f40-8ce5-b3a482782070-1536x864.jpg 1536w, https:\/\/www.radiopiu.net\/wordpress\/wp-content\/uploads\/2024\/09\/9795af84-ff40-4f40-8ce5-b3a482782070.jpg 1600w\" sizes=\"auto, (max-width: 300px) 100vw, 300px\" \/><\/a><a class=\"dt-pswp-item\" href=\"https:\/\/www.radiopiu.net\/wordpress\/wp-content\/uploads\/2024\/09\/2ba7aedf-759a-498f-acfd-95ceb12c985a.jpg\" data-dt-img-description=\"\" data-large_image_width=\"1600\" data-large_image_height=\"900\"><img loading=\"lazy\" decoding=\"async\" class=\"alignnone size-medium wp-image-409636\" src=\"https:\/\/www.radiopiu.net\/wordpress\/wp-content\/uploads\/2024\/09\/2ba7aedf-759a-498f-acfd-95ceb12c985a-300x169.jpg\" alt=\"\" width=\"300\" height=\"169\" srcset=\"https:\/\/www.radiopiu.net\/wordpress\/wp-content\/uploads\/2024\/09\/2ba7aedf-759a-498f-acfd-95ceb12c985a-300x169.jpg 300w, https:\/\/www.radiopiu.net\/wordpress\/wp-content\/uploads\/2024\/09\/2ba7aedf-759a-498f-acfd-95ceb12c985a-1024x576.jpg 1024w, https:\/\/www.radiopiu.net\/wordpress\/wp-content\/uploads\/2024\/09\/2ba7aedf-759a-498f-acfd-95ceb12c985a-768x432.jpg 768w, https:\/\/www.radiopiu.net\/wordpress\/wp-content\/uploads\/2024\/09\/2ba7aedf-759a-498f-acfd-95ceb12c985a-1536x864.jpg 1536w, https:\/\/www.radiopiu.net\/wordpress\/wp-content\/uploads\/2024\/09\/2ba7aedf-759a-498f-acfd-95ceb12c985a.jpg 1600w\" sizes=\"auto, (max-width: 300px) 100vw, 300px\" \/><\/a><\/p>\n<p>&nbsp;<\/p>\n<hr \/>\n<p>&nbsp;<\/p>\n<blockquote>\n<h2><img loading=\"lazy\" decoding=\"async\" class=\"alignleft\" src=\"https:\/\/www.radiopiu.net\/wordpress\/wp-content\/uploads\/2020\/08\/Bosco-schiantato-per-andare-a-Cavallera-2.png\" width=\"163\" height=\"91\" \/>Al consorzio forestale assegnati 150 mila EURO<\/h2>\n<\/blockquote>\n<p><strong>LIVINALLONGO<\/strong><\/p>\n<p><strong>DI LORENZO SORATROI<\/strong><\/p>\n<audio class=\"wp-audio-shortcode\" id=\"audio-409535-6\" preload=\"none\" style=\"width: 100%;\" controls=\"controls\"><source type=\"audio\/mpeg\" src=\"https:\/\/www.radiopiu.net\/wordpress\/wp-content\/uploads\/2024\/09\/lorenzo-domenica.mp3?_=6\" \/><a href=\"https:\/\/www.radiopiu.net\/wordpress\/wp-content\/uploads\/2024\/09\/lorenzo-domenica.mp3\">https:\/\/www.radiopiu.net\/wordpress\/wp-content\/uploads\/2024\/09\/lorenzo-domenica.mp3<\/a><\/audio>\n<p>&nbsp;<\/p>\n<p>&nbsp;<\/p>\n<hr \/>\n<p>&nbsp;<\/p>\n<blockquote>\n<h3>IL SINDACO NAGLER: &#8220;I MONOLOGHI DI GRONES DI RETORICA BAROCCA CHE SCADONO NELLA DISINFORMAZIONE&#8221;<\/h3>\n<\/blockquote>\n<p>&nbsp;<\/p>\n<p><img loading=\"lazy\" decoding=\"async\" class=\"alignleft\" src=\"https:\/\/www.radiopiu.net\/wordpress\/wp-content\/uploads\/2023\/09\/nagler.png\" width=\"213\" height=\"120\" \/>REDAZIONE\u00a0 Oscar Nagler, sindaco di Livinallongo risponde punto per punto alle crtiiche del consigliere di minoranza Leandro Grones. Interviene anche il vice sindaco Gabriele Del Monego sull Iat.<\/p>\n<p>&nbsp;<\/p>\n<p>&nbsp;<\/p>\n<p>AUDIO<\/p>\n<audio class=\"wp-audio-shortcode\" id=\"audio-409535-7\" preload=\"none\" style=\"width: 100%;\" controls=\"controls\"><source type=\"audio\/mpeg\" src=\"https:\/\/www.radiopiu.net\/wordpress\/wp-content\/uploads\/2024\/09\/NAGLER-OSCAR.mp3?_=7\" \/><a href=\"https:\/\/www.radiopiu.net\/wordpress\/wp-content\/uploads\/2024\/09\/NAGLER-OSCAR.mp3\">https:\/\/www.radiopiu.net\/wordpress\/wp-content\/uploads\/2024\/09\/NAGLER-OSCAR.mp3<\/a><\/audio>\n<p>&nbsp;<\/p>\n<hr \/>\n<p>&nbsp;<\/p>\n<blockquote>\n<h2>LIVINALLONGO SENZA IAT, PER GRONES &#8220;UN PASTICCIO&#8221;<\/h2>\n<\/blockquote>\n<p><strong><a class=\"dt-pswp-item\" href=\"https:\/\/www.radiopiu.net\/wordpress\/wp-content\/uploads\/2023\/04\/leandro.png\" data-dt-img-description=\"\" data-large_image_width=\"409\" data-large_image_height=\"278\"><img loading=\"lazy\" decoding=\"async\" class=\"wp-image-331942 alignleft\" src=\"https:\/\/www.radiopiu.net\/wordpress\/wp-content\/uploads\/2023\/04\/leandro-300x204.png\" alt=\"\" width=\"113\" height=\"77\" srcset=\"https:\/\/www.radiopiu.net\/wordpress\/wp-content\/uploads\/2023\/04\/leandro-300x204.png 300w, https:\/\/www.radiopiu.net\/wordpress\/wp-content\/uploads\/2023\/04\/leandro.png 409w\" sizes=\"auto, (max-width: 113px) 100vw, 113px\" \/><\/a>LIVINALLONGO<\/strong> La gara comunale per il servizio di\u00a0 informazione e accoglienza turistica \u00e8 andata deserta. &#8220;Livinallongo \u00e8 il secondo Comune turistico della provincia &#8211; dice il consigliere comunale Leandro Grones &#8211; e siamo senza servizio IAT&#8221;.<\/p>\n<p>&nbsp;<\/p>\n<p><strong>L&#8217;INTERVENTO ALLA RADIO DI LEANDRO GRONES<\/strong><\/p>\n<audio class=\"wp-audio-shortcode\" id=\"audio-409535-8\" preload=\"none\" style=\"width: 100%;\" controls=\"controls\"><source type=\"audio\/mpeg\" src=\"https:\/\/www.radiopiu.net\/wordpress\/wp-content\/uploads\/2024\/09\/LEANDRO-GRONES.mp3?_=8\" \/><a href=\"https:\/\/www.radiopiu.net\/wordpress\/wp-content\/uploads\/2024\/09\/LEANDRO-GRONES.mp3\">https:\/\/www.radiopiu.net\/wordpress\/wp-content\/uploads\/2024\/09\/LEANDRO-GRONES.mp3<\/a><\/audio>\n<p>&nbsp;<\/p>\n<p>&nbsp;<\/p>\n<p>&nbsp;<\/p>\n<hr \/>\n<p>&nbsp;<\/p>\n<blockquote>\n<h2>Convegno sull&#8217;Iure Sanguinis: Un Fenomeno in Crescita e le Sue Implicazioni sui Servizi Demografici<\/h2>\n<\/blockquote>\n<blockquote><p><em>&#8220;Se pensiamo a milioni di persone emigrate dal Veneto \u00a0negli ultimi due decenni dell&#8217;800 il numero di potenziali richiedenti cittadinanza iure sanguinis \u00e8 spaventoso. Una valanga che rischia di travolgere lo Stato&#8221;.<\/em><\/p>\n<p>&nbsp;<\/p><\/blockquote>\n<p><img loading=\"lazy\" decoding=\"async\" class=\"alignleft\" src=\"https:\/\/www.radiopiu.net\/wordpress\/wp-content\/uploads\/2024\/09\/fee79614-42e7-4f6e-8246-f586ae924aaa.jpg\" width=\"230\" height=\"172\" \/>Il 12 e 13 settembre, l&#8217;Accademia ANUSCA di Castel San Pietro Terme ha ospitato un convegno dal titolo &#8220;Il riconoscimento della cittadinanza iure sanguinis: un fenomeno in crescita che tocca l&#8217;ordinamento giuridico ed investe i servizi demografici&#8221;. Tra i relatori di rilievo vi erano il Presidente del Tribunale di Venezia, Dott. Lagan\u00e0, il Prof. De Nardi, costituzionalista dell&#8217;Universit\u00e0 di Padova, e il Prefetto Orano, Direttore Centrale per i Diritti Civili del Ministero dell&#8217;Interno. Al tavolo dei relatori il sindaco di Val di Zoldo, Camillo De Pellegrin.<\/p>\n<p>Durante l&#8217;evento sono stati presentati i dati della prima indagine conoscitiva ISTAT-ANUSCA sullo iure sanguinis. Questa indagine ha rivelato la mancanza di dati ufficiali, poich\u00e9 il Ministero non richiede ai Comuni di raccogliere queste informazioni. Su 5.019 Comuni rispondenti all&#8217;indagine, 2.454 sono stati interessati dal fenomeno dello iure sanguinis, che coinvolge cittadini stranieri nati all&#8217;estero con un avo italiano. Nel solo 2023, sono state registrate 61.328 pratiche di riconoscimento della cittadinanza, pari al 34,8% del totale delle concessioni di cittadinanza italiana.<\/p>\n<p>Il Veneto \u00e8 una delle regioni maggiormente coinvolte, con il 43% del totale delle cause giudiziarie italiane per l&#8217;accertamento dello iure sanguinis. La questione solleva dubbi sulla conformit\u00e0 costituzionale dell&#8217;attuale normativa, in particolare sulla mancanza di un limite generazionale e sull&#8217;assenza di requisiti di legame con lo Stato italiano.<\/p>\n<p>Il convegno ha sottolineato la necessit\u00e0 di una riforma della legge sulla cittadinanza per affrontare le implicazioni di questo fenomeno in crescita. Il professor De Nardi ha sollevato domande sulla legittimit\u00e0 costituzionale del riconoscimento iure sanguinis senza limiti generazionali, auspicando un rinvio alla Corte Costituzionale che potrebbe stimolare un intervento legislativo.<\/p>\n<p>&nbsp;<\/p>\n<p>&nbsp;<\/p>\n<hr \/>\n<p>&nbsp;<\/p>\n<blockquote>\n<h2>POVERTA\u2019 EDUCATIVA: 33MILA GIOVANI VENETI HANNO SOLO LA TERZA MEDIA<\/h2>\n<\/blockquote>\n<p><a class=\"dt-pswp-item\" href=\"https:\/\/www.radiopiu.net\/wordpress\/wp-content\/uploads\/2024\/09\/Schermata-2024-09-14-alle-09.54.08.png\" data-dt-img-description=\"\" data-large_image_width=\"1286\" data-large_image_height=\"1624\"><img loading=\"lazy\" decoding=\"async\" class=\" wp-image-409446 alignleft\" src=\"https:\/\/www.radiopiu.net\/wordpress\/wp-content\/uploads\/2024\/09\/Schermata-2024-09-14-alle-09.54.08-238x300.png\" alt=\"\" width=\"181\" height=\"228\" srcset=\"https:\/\/www.radiopiu.net\/wordpress\/wp-content\/uploads\/2024\/09\/Schermata-2024-09-14-alle-09.54.08-238x300.png 238w, https:\/\/www.radiopiu.net\/wordpress\/wp-content\/uploads\/2024\/09\/Schermata-2024-09-14-alle-09.54.08-811x1024.png 811w, https:\/\/www.radiopiu.net\/wordpress\/wp-content\/uploads\/2024\/09\/Schermata-2024-09-14-alle-09.54.08-768x970.png 768w, https:\/\/www.radiopiu.net\/wordpress\/wp-content\/uploads\/2024\/09\/Schermata-2024-09-14-alle-09.54.08-1216x1536.png 1216w, https:\/\/www.radiopiu.net\/wordpress\/wp-content\/uploads\/2024\/09\/Schermata-2024-09-14-alle-09.54.08.png 1286w\" sizes=\"auto, (max-width: 181px) 100vw, 181px\" \/><\/a>nuovo anno \u00e8 iniziato da pochi giorni, ma per molti giovani veneti i banchi di scuola sono un lontano ricordo: secondo l\u2019ultima elaborazione compiuta dall\u2019Ufficio studi della CGIA su dati Eurostat e Istat, 33mila hanno deciso da tempo di non andarci pi\u00f9. Sono persone in et\u00e0 tra i 18 e i 24 anni che nel 2023 hanno dichiarato di aver abbandonato prematuramente la scuola; al pi\u00f9 hanno conseguito la licenza di terza media, ma successivamente non hanno concluso nemmeno un corso di formazione professionale della durata superiore a 2 anni e in questo momento non frequentano alcun corso scolastico o formativo. Insomma, sono giovani che a mala pena hanno assolto l\u2019obbligo scolastico.<\/p>\n<p>Un tema, quello della povert\u00e0 educativa, molto sentito nel Mezzogiorno, ma con una presenza altrettanto preoccupante anche in alcune aree geografiche del Nord, come la Provincia Autonoma di Bolzano. E sebbene in questi ultimi anni sia in diminuzione la percentuale a livello nazionale di coloro che in et\u00e0 tra i 18 e i 24 hanno abbandonato gli studi sul totale della popolazione corrispondente, in Veneto, invece, \u00e8 in aumento e rimane una criticit\u00e0 che colpisce in particolare i giovani con alle spalle famiglie caratterizzate da un forte disagio sociale e\/o alle prese con seri problemi economici.<\/p>\n<p>E\u2019 evidente che nei prossimi anni questi ragazzi faranno molta fatica a trovare un\u2019occupazione di qualit\u00e0 e adeguatamente retribuita; le sfide lanciate dai cambiamenti epocali in atto &#8211; come la transizione ecologica e quella digitale &#8211; non potranno che relegarli ai margini del mercato del lavoro, mettendo in difficolt\u00e0 anche le nostre piccole imprese, che faticheranno ancor pi\u00f9 di quanto non stiano facendo adesso a reperire tantissime figure altamente specializzate che raggiungono queste competenze dopo aver conseguito un diploma presso un istituto professionale, un ITS o una laurea presso un politecnico.<\/p>\n<p><strong>Il ruolo<\/strong><\/p>\n<p><strong>\u201cantidispersivo\u201d degli istituti professionali<\/strong><br \/>\nE\u2019 importante sottolineare che, talvolta, la \u201cfuga\u201d dai banchi di scuola durante gli anni delle superiori pu\u00f2 essere causata da una insoddisfazione per l\u2019offerta formativa disponibile. In questo senso va sottolineato lo straordinario lavoro inclusivo svolto dagli istituti di Istruzione e Formazione Professionale (IeFP). Queste realt\u00e0 sono diventate un punto di riferimento per gli allievi di nazionalit\u00e0 straniera e per gli studenti reduci da insuccessi scolastici precedenti. Sono scuole spesso ubicate in zone periferiche caratterizzate da un forte degrado urbano e sociale che, grazie allo straordinario lavoro \u201cantidispersivo\u201d svolto, vanno sostenute con maggiori risorse di quante ne sono state messe a disposizione fino adesso.<\/p>\n<p><img loading=\"lazy\" decoding=\"async\" class=\"size-medium wp-image-409445 alignleft\" src=\"https:\/\/www.radiopiu.net\/wordpress\/wp-content\/uploads\/2024\/09\/Schermata-2024-09-14-alle-09.55.23-300x294.png\" alt=\"\" width=\"300\" height=\"294\" srcset=\"https:\/\/www.radiopiu.net\/wordpress\/wp-content\/uploads\/2024\/09\/Schermata-2024-09-14-alle-09.55.23-300x294.png 300w, https:\/\/www.radiopiu.net\/wordpress\/wp-content\/uploads\/2024\/09\/Schermata-2024-09-14-alle-09.55.23-1024x1003.png 1024w, https:\/\/www.radiopiu.net\/wordpress\/wp-content\/uploads\/2024\/09\/Schermata-2024-09-14-alle-09.55.23-768x753.png 768w, https:\/\/www.radiopiu.net\/wordpress\/wp-content\/uploads\/2024\/09\/Schermata-2024-09-14-alle-09.55.23.png 1296w\" sizes=\"auto, (max-width: 300px) 100vw, 300px\" \/><\/p>\n<p><strong>Critica la situazione in Sardegna, Sicilia e nella P.A. di Bolzano<\/strong><br \/>\nIn Italia sono il Sud e le Isole a presentare i livelli di abbandono scolastico pi\u00f9 elevati. La regione maggiormente in difficolt\u00e0 \u00e8 la Sardegna che nel 2023 ha registrato un tasso del 17,3 per cento. Seguono la Sicilia con il 17,1 per cento e, sorprendentemente, la Provincia di Bolzano con il 16,2 per cento. Subito dopo scorgiamo la Campania con il 16 per cento, la Puglia con il 12,8 per cento e la Calabria con l\u201911,8 per cento. In Veneto il tasso \u00e8 al 9,8 per cento in aumento di 0,3 punti rispetto al 2022 e di 1,5 punti sul 2019 (anno pre-Covid).<\/p>\n<p>In termini assoluti il maggior numero di giovani che hanno lasciato la scuola prematuramente \u00e8 riferito alla Campania ed \u00e8 pari a 72mila unit\u00e0, seguono la Sicilia con 62mila, la Lombardia con 53mila e la Puglia con 38mila. In Veneto lo stock ammonta a 33mila unit\u00e0. Rispetto al 2019 la variazione percentuale del tasso di abbandono \u00e8 in calo in quasi tutte le regioni; le uniche che, invece, hanno subito un incremento sono state la Liguria con il +0,5 per cento, il Veneto e la Provincia Autonoma di Trento entrambi con il +1,5 per cento e, in particolare, la Provincia Autonoma di Bolzano con il +4,6 per cento (vedi Tab. 1).<\/p>\n<p><strong>Solo Spagna e Germania stanno peggio di noi<\/strong><br \/>\nSebbene la dispersione scolastica sia in calo in tutta Europa, tra i 20 Paesi dell\u2019Eurozona l\u2019Italia e a Cipro sono al terzo posto per l\u2019abbandono della scuola dei giovani tra i 18 e i 24 anni con un tasso del 10,5 per cento sulla popolazione corrispondente. Solo la Spagna con il 13,7 per cento e la Germania con il 12,8 per cento presentano un risultato peggiore del nostro. La media dell\u2019Area Euro si \u00e8 attestata al 9,8 per cento (vedi Graf. 1).<\/p>\n<p><img loading=\"lazy\" decoding=\"async\" class=\"size-medium wp-image-409447 alignleft\" src=\"https:\/\/www.radiopiu.net\/wordpress\/wp-content\/uploads\/2024\/09\/Schermata-2024-09-14-alle-09.55.08-105x300.png\" alt=\"\" width=\"105\" height=\"300\" srcset=\"https:\/\/www.radiopiu.net\/wordpress\/wp-content\/uploads\/2024\/09\/Schermata-2024-09-14-alle-09.55.08-105x300.png 105w, https:\/\/www.radiopiu.net\/wordpress\/wp-content\/uploads\/2024\/09\/Schermata-2024-09-14-alle-09.55.08-360x1024.png 360w, https:\/\/www.radiopiu.net\/wordpress\/wp-content\/uploads\/2024\/09\/Schermata-2024-09-14-alle-09.55.08.png 402w\" sizes=\"auto, (max-width: 105px) 100vw, 105px\" \/><\/p>\n<p><strong>Gli alunni di Veneto, Emilia R. e Lombardia preferiscono gli istituti tecnici\/professionali<\/strong><br \/>\nSecondo i dati del Ministero dell\u2019Istruzione e del Merito, in Italia nell\u2019anno scolastico 2023\/2024 gli alunni iscritti nelle scuole statali secondarie di II grado erano 2.631.879. Di questi, il 51,4 per cento frequentava un liceo, il 31,7 per cento un istituto tecnico e il 16,9 per cento un istituto professionale. Seppur di poco, gli studenti delle scuole superiori hanno preferito intraprendere un percorso di studio liceale piuttosto di quello tecnico\/professionale. A livello regionale, invece, la situazione \u00e8 di segno opposto nelle realt\u00e0 territoriali dove le attivit\u00e0 produttive sono pi\u00f9 diffuse e competitive rispetto al resto del Paese. In Veneto l\u2019incidenza percentuale degli alunni iscritti negli istituti tecnici e professionali sul totale \u00e8 la pi\u00f9 alta d\u2019Italia e pari al 56,9 per cento. Seguono l\u2019Emilia Romagna con il 56 per cento e la Lombardia con il 52,4 per cento. Ad eccezione della Puglia (50,3 per cento), in tutte le altre regioni del Centrosud la scelta di iscriversi ad un liceo \u00e8 stata superiore a quella fatta da coloro che, invece, hanno intrapreso un percorso scolastico di natura tecnico\/professionale (vedi Tab. 2).<\/p>\n<p>&nbsp;<\/p>\n<p>&nbsp;<\/p>\n<p>&nbsp;<\/p>\n<p>&nbsp;<\/p>\n<p>&nbsp;<\/p>\n<p>&nbsp;<\/p>\n<hr \/>\n<blockquote>\n<h3><\/h3>\n<p><strong><a class=\"dt-pswp-item\" href=\"https:\/\/www.radiopiu.net\/wordpress\/wp-content\/uploads\/2024\/09\/IMG-20240915-WA0027.jpg\" data-dt-img-description=\"\" data-large_image_width=\"2040\" data-large_image_height=\"1144\"><img loading=\"lazy\" decoding=\"async\" class=\" wp-image-409543 alignleft\" src=\"https:\/\/www.radiopiu.net\/wordpress\/wp-content\/uploads\/2024\/09\/IMG-20240915-WA0027-300x168.jpg\" alt=\"\" width=\"277\" height=\"155\" srcset=\"https:\/\/www.radiopiu.net\/wordpress\/wp-content\/uploads\/2024\/09\/IMG-20240915-WA0027-300x168.jpg 300w, https:\/\/www.radiopiu.net\/wordpress\/wp-content\/uploads\/2024\/09\/IMG-20240915-WA0027-1024x574.jpg 1024w, https:\/\/www.radiopiu.net\/wordpress\/wp-content\/uploads\/2024\/09\/IMG-20240915-WA0027-768x431.jpg 768w, https:\/\/www.radiopiu.net\/wordpress\/wp-content\/uploads\/2024\/09\/IMG-20240915-WA0027-1536x861.jpg 1536w, https:\/\/www.radiopiu.net\/wordpress\/wp-content\/uploads\/2024\/09\/IMG-20240915-WA0027.jpg 2040w\" sizes=\"auto, (max-width: 277px) 100vw, 277px\" \/><\/a>Delegazione di Discendenti Bellunesi da Kutina in Visita all&#8217;ABM\u00a0<\/strong><\/p><\/blockquote>\n<div class=\"flex max-w-full flex-col flex-grow\">\n<div class=\"min-h-[20px] text-message flex w-full flex-col items-end gap-2 whitespace-normal break-words [.text-message+&amp;]:mt-5\" dir=\"auto\" data-message-author-role=\"assistant\" data-message-id=\"3bfac44a-5b84-46ad-b0f7-bbd4348f64fc\">\n<div class=\"flex w-full flex-col gap-1 empty:hidden first:pt-[3px]\">\n<div class=\"markdown prose w-full break-words dark:prose-invert dark\">\n<p>La delegazione di discendenti bellunesi di Kutina, Croazia, ha visitato la sede dell&#8217;Associazione Bellunesi nel Mondo (ABM) a Belluno. Guidati da Marieta Di Gallo, presidente della Famiglia Bellunese di Kutina, hanno incontrato rappresentanti dell&#8217;ABM e autorit\u00e0 locali. L\u2019incontro ha sottolineato l&#8217;importanza di mantenere vivi i legami culturali tra le comunit\u00e0 di discendenti all&#8217;estero e la provincia di Belluno, favorendo scambi culturali e rafforzando l\u2019identit\u00e0 comune. Questo evento ha sottolineato l&#8217;importanza di preservare la memoria delle proprie radici e di rafforzare i rapporti con i discendenti all&#8217;estero.<\/p>\n<\/div>\n<\/div>\n<\/div>\n<\/div>\n<blockquote><p>&nbsp;<\/p>\n<p>&nbsp;<\/p>\n<p>&nbsp;<\/p><\/blockquote>\n<hr \/>\n<blockquote><p>&nbsp;<\/p>\n<h2>LO SPORT BUSINESS FORUM SI CHIUDE CON OLTRE 8.000 PRESENZE.<\/h2>\n<\/blockquote>\n<p>&nbsp;<\/p>\n<table width=\"100%\" cellspacing=\"0\" cellpadding=\"0\">\n<tbody>\n<tr>\n<td class=\"txtsize\" valign=\"top\">\n<div class=\"zpelement-wrapper text\">\n<table title=\"\" width=\"100%\" cellspacing=\"0\" cellpadding=\"0\">\n<tbody>\n<tr>\n<td><b><span style=\"font-size: x-large;\">\u00a0BERTON: \u201cPROGETTO CHE GUARDA ALLE OLIMPIADI E ANCHE OLTRE&#8221;<\/span><\/b><\/td>\n<\/tr>\n<\/tbody>\n<\/table>\n<\/div>\n<\/td>\n<\/tr>\n<tr>\n<td class=\"txtsize\" valign=\"top\">\n<div class=\"zpelement-wrapper text\">\n<table title=\"\" width=\"100%\" cellspacing=\"0\" cellpadding=\"0\">\n<tbody>\n<tr>\n<td><i><span style=\"font-size: medium;\">Va in archivio con successo di pubblico la prima edizione dello Sport Business Forum. Berton (Confindustria Belluno Dolomiti): \u201cSoddisfatti per i numeri, l\u2019atmosfera e lo spirito che si \u00e8 respirato in questi giorni\u201d. Destro: (Confindustria Veneto Est): \u201cIl festival testimonia che all\u2019interno e attorno allo sport c\u2019\u00e8 grande interesse\u201d. La giornata finale a Cortina ha fatto il punto sulla legacy delle Olimpiadi<\/span><\/i><\/td>\n<\/tr>\n<\/tbody>\n<\/table>\n<\/div>\n<\/td>\n<\/tr>\n<tr>\n<td class=\"txtsize\" valign=\"top\">\n<div class=\"zpelement-wrapper text\">\n<table title=\"\" width=\"100%\" cellspacing=\"0\" cellpadding=\"0\">\n<tbody>\n<tr>\n<td>&nbsp;<\/p>\n<p>&nbsp;<\/p>\n<p><a class=\"dt-pswp-item\" href=\"https:\/\/www.radiopiu.net\/wordpress\/wp-content\/uploads\/2024\/09\/SBF_belluno_10-scaled.jpg\" data-dt-img-description=\"\" data-large_image_width=\"2560\" data-large_image_height=\"1707\"><img loading=\"lazy\" decoding=\"async\" class=\"size-medium wp-image-409555 alignleft\" src=\"https:\/\/www.radiopiu.net\/wordpress\/wp-content\/uploads\/2024\/09\/SBF_belluno_10-300x200.jpg\" alt=\"\" width=\"300\" height=\"200\" srcset=\"https:\/\/www.radiopiu.net\/wordpress\/wp-content\/uploads\/2024\/09\/SBF_belluno_10-300x200.jpg 300w, https:\/\/www.radiopiu.net\/wordpress\/wp-content\/uploads\/2024\/09\/SBF_belluno_10-1024x683.jpg 1024w, https:\/\/www.radiopiu.net\/wordpress\/wp-content\/uploads\/2024\/09\/SBF_belluno_10-768x512.jpg 768w, https:\/\/www.radiopiu.net\/wordpress\/wp-content\/uploads\/2024\/09\/SBF_belluno_10-1536x1024.jpg 1536w, https:\/\/www.radiopiu.net\/wordpress\/wp-content\/uploads\/2024\/09\/SBF_belluno_10-2048x1365.jpg 2048w\" sizes=\"auto, (max-width: 300px) 100vw, 300px\" \/><\/a>Si chiude dopo cinque giornate la prima edizione dello\u00a0<b>Sport Business Forum<\/b>, che dall\u201911 al 15 settembre ha contato <b>oltre 8.000 visitatori<\/b>, animando quell\u2019asse che lega Montebelluna, Longarone, Belluno e Cortina e che punta a diventare Sport Valley. Cinque giornate rese ricche dalle testimonianze di <b>grandi campioni e olimpionici<\/b>, di <b>imprenditori<\/b> di marchi iconici dell\u2019abbigliamento sportivo, di esponenti del governo nazionale e di quello territoriale, di giovani start upper che raccontano la frontiera della ricerca e dell\u2019innovazione.<\/p>\n<p>La giornata finale del festival ha approfondito, proprio a Cortina, il tema della\u00a0<b>legacy<\/b>\u00a0<b>dei Giochi Invernali 2026<\/b>\u00a0e di come valorizzare il post evento olimpico. \u201c<b>Servir\u00e0 una programmazione di eventi sportivi di rilievo<\/b>\u00a0che dia continuit\u00e0 alle Olimpiadi\u201d, spiega\u00a0<b>Francesco Calzavara,\u00a0<\/b>assessore al Bilancio e alla Programmazione della Regione Veneto. \u201cAttualmente siamo Regione Europea dello Sport 2024, ma ho la sensazione che\u00a0ci siamo mossi a macchia di leopardo\u00a0e invece <b>sarebbe importante che il territorio facesse squadra e lavorasse unito<\/b> verso le Olimpiadi\u201d.<\/p>\n<p><a class=\"dt-pswp-item\" href=\"https:\/\/www.radiopiu.net\/wordpress\/wp-content\/uploads\/2024\/09\/SBF_belluno_14-scaled.jpg\" data-dt-img-description=\"\" data-large_image_width=\"2560\" data-large_image_height=\"1707\"><img loading=\"lazy\" decoding=\"async\" class=\"size-medium wp-image-409556 alignright\" src=\"https:\/\/www.radiopiu.net\/wordpress\/wp-content\/uploads\/2024\/09\/SBF_belluno_14-300x200.jpg\" alt=\"\" width=\"300\" height=\"200\" srcset=\"https:\/\/www.radiopiu.net\/wordpress\/wp-content\/uploads\/2024\/09\/SBF_belluno_14-300x200.jpg 300w, https:\/\/www.radiopiu.net\/wordpress\/wp-content\/uploads\/2024\/09\/SBF_belluno_14-1024x683.jpg 1024w, https:\/\/www.radiopiu.net\/wordpress\/wp-content\/uploads\/2024\/09\/SBF_belluno_14-768x512.jpg 768w, https:\/\/www.radiopiu.net\/wordpress\/wp-content\/uploads\/2024\/09\/SBF_belluno_14-1536x1024.jpg 1536w, https:\/\/www.radiopiu.net\/wordpress\/wp-content\/uploads\/2024\/09\/SBF_belluno_14-2048x1365.jpg 2048w\" sizes=\"auto, (max-width: 300px) 100vw, 300px\" \/><\/a>Sui temi del lascito delle Olimpiadi, talvolta oggetto di polemiche attorno ad alcune opere problematiche, e dell\u2019indotto economico hanno dato risposte proprio\u00a0<b>l\u2019assessore Calzavara<\/b>\u00a0e\u00a0<b>Andrea Monti<\/b>, responsabile comunicazione di Fondazione Milano Cortina 2026, sul palco della Alexander Girardi Hall di Cortina insieme a\u00a0<b>Leopoldo Destro<\/b>, presidente di Confindustria Veneto Est, e a\u00a0<b>Stefano Longo<\/b>, presidente della Fondazione Cortina. \u201cLa Regione nel prossimo bilancio inserir\u00e0 uno stanziamento di 1 mln di euro per la legacy delle Olimpiadi affinch\u00e9 si dia continuit\u00e0 alle infrastrutture, come la\u00a0<b>pista da bob<\/b>. Si sa \u2013 precisa Calzavara \u2013 che le piste da bob hanno difficolt\u00e0 nel breve periodo ad essere sostenibili economicamente e hanno\u00a0<b>bisogno di sostegno pubblico almeno all\u2019inizio<\/b>, ma poi se sfruttata e valorizzata dar\u00e0 slancio all\u2019indotto turistico\u201d.\u00a0<b>Monti<\/b>\u00a0riflette invece sul\u00a0<b>ritorno dell\u2019evento olimpico<\/b>. \u201cL\u2019impatto stimato dagli studi di Bocconi e Ca\u2019 Foscari sar\u00e0 di\u00a0<b>8 mld in termini di valore della produzione, 4,5 punti di Pil e 60mila posti di lavoro<\/b>\u00a0\u2013 puntualizza -. C\u2019\u00e8 una legacy immateriale, di capitale umano e di competenza che viene a generarsi nel territorio, e una di tipo materiale sulle infrastrutture sulle quali le regole del Cio proibiscono di produrre scempi, ma semmai di generare riqualificazione. Pensare che le Olimpiadi si limitino a quei 25 giorni \u00e8 una miopia perch\u00e9 in quel periodo, in cui venderemo oltre 1,5 mln di biglietti, si accende in realt\u00e0 un\u00a0<b>motore di attrazione turistica che rimarr\u00e0 per anni<\/b>\u201d.<\/p>\n<p><a class=\"dt-pswp-item\" href=\"https:\/\/www.radiopiu.net\/wordpress\/wp-content\/uploads\/2024\/09\/SBF_belluno_1-scaled.jpg\" data-dt-img-description=\"\" data-large_image_width=\"2560\" data-large_image_height=\"1707\"><img loading=\"lazy\" decoding=\"async\" class=\"size-medium wp-image-409554 alignleft\" src=\"https:\/\/www.radiopiu.net\/wordpress\/wp-content\/uploads\/2024\/09\/SBF_belluno_1-300x200.jpg\" alt=\"\" width=\"300\" height=\"200\" srcset=\"https:\/\/www.radiopiu.net\/wordpress\/wp-content\/uploads\/2024\/09\/SBF_belluno_1-300x200.jpg 300w, https:\/\/www.radiopiu.net\/wordpress\/wp-content\/uploads\/2024\/09\/SBF_belluno_1-1024x683.jpg 1024w, https:\/\/www.radiopiu.net\/wordpress\/wp-content\/uploads\/2024\/09\/SBF_belluno_1-768x512.jpg 768w, https:\/\/www.radiopiu.net\/wordpress\/wp-content\/uploads\/2024\/09\/SBF_belluno_1-1536x1024.jpg 1536w, https:\/\/www.radiopiu.net\/wordpress\/wp-content\/uploads\/2024\/09\/SBF_belluno_1-2048x1365.jpg 2048w\" sizes=\"auto, (max-width: 300px) 100vw, 300px\" \/><\/a>A beneficio del territorio in vista dei Giochi saranno\u00a0<b>1,4 i miliardi che verranno messi a terra principalmente per potenziare le reti infrastrutturali<\/b>. \u201cNon sar\u00e0 tutto pronto entro i Giochi ma sar\u00e0 la grande legacy di cui beneficeranno il territorio e le imprese dopo l\u2019evento\u201d, commenta ancora Calzavara.\u00a0<b>Destro<\/b>\u00a0sottolinea invece la centralit\u00e0 che potr\u00e0 avere la\u00a0<b>Pedemontana Veneta<\/b>\u00a0\u201cche sar\u00e0\u00a0<b>decisiva per evitare di intasare la A4 sulla tratta Milano-Cortina<\/b>\u00a0che sar\u00e0 molto trafficata. E non dimentichiamo che le infrastrutture stradali e ferroviarie che si realizzeranno per favorire i collegamenti su Cortina renderanno pi\u00f9 attrattive anche le imprese\u201d.<\/p>\n<p>L\u2019evento odierno ha concluso le riflessioni sviluppate nel corso dei cinque giorni dello Sport Business Forum. Ideato e promosso da\u00a0<b>Confindustria Belluno Dolomiti<\/b>,\u00a0<b>Confindustria Veneto Est<\/b>, organizzato da\u00a0<b>Gruppo Nord Est Multimedia,\u00a0<\/b>la rassegna ha contribuito a fare massa critica e ad approfondire temi quali l\u2019impatto della sport economy, le nuove prospettive e tendenze del mondo dello sport e delle imprese protagoniste del settore, le ricadute sui territori delle grandi manifestazioni, il turismo sportivo, la capacit\u00e0 dello sport di essere un elemento di aggregazione e inclusione sociale e, non ultimo, le testimonianze dirette dei grandi campioni.<\/p>\n<p>&nbsp;<\/p>\n<p><a class=\"dt-pswp-item\" href=\"https:\/\/www.radiopiu.net\/wordpress\/wp-content\/uploads\/2024\/09\/SBF_belluno_9-scaled.jpg\" data-dt-img-description=\"\" data-large_image_width=\"2560\" data-large_image_height=\"1707\"><img loading=\"lazy\" decoding=\"async\" class=\"size-medium wp-image-409553 alignright\" src=\"https:\/\/www.radiopiu.net\/wordpress\/wp-content\/uploads\/2024\/09\/SBF_belluno_9-300x200.jpg\" alt=\"\" width=\"300\" height=\"200\" srcset=\"https:\/\/www.radiopiu.net\/wordpress\/wp-content\/uploads\/2024\/09\/SBF_belluno_9-300x200.jpg 300w, https:\/\/www.radiopiu.net\/wordpress\/wp-content\/uploads\/2024\/09\/SBF_belluno_9-1024x683.jpg 1024w, https:\/\/www.radiopiu.net\/wordpress\/wp-content\/uploads\/2024\/09\/SBF_belluno_9-768x512.jpg 768w, https:\/\/www.radiopiu.net\/wordpress\/wp-content\/uploads\/2024\/09\/SBF_belluno_9-1536x1024.jpg 1536w, https:\/\/www.radiopiu.net\/wordpress\/wp-content\/uploads\/2024\/09\/SBF_belluno_9-2048x1365.jpg 2048w\" sizes=\"auto, (max-width: 300px) 100vw, 300px\" \/><\/a>\u201cNon posso che esprimere grande soddisfazione per il successo della prima edizione di Sport Business Forum &#8211; dichiara\u00a0<b>Lorraine Berton<\/b>, presidente di Confindustria Belluno Dolomiti &#8211; non solo per i numeri sorprendentemente positivi, ma soprattutto per l\u2019atmosfera e lo spirito che abbiamo respirato in tutte le tappe e in particolare a Belluno. Abbiamo dimostrato che gli obiettivi, anche i pi\u00f9 audaci, possono diventare realt\u00e0, e questa \u00e8 anche una delle lezioni che abbiamo ascoltato dai campioni che in questi giorni si sono susseguiti sul palco. Abbiamo ideato e realizzato una manifestazione di livello nazionale, con l\u2019obiettivo di aumentare la visibilit\u00e0 e l\u2019attrattivit\u00e0 del nostro territorio, con un progetto che guarda alle Olimpiadi ma ovviamente vuole andare oltre l\u2019appuntamento del 2026. Per questo inizieremo da subito a lavorare all\u2019edizione del 2025, per migliorare e far crescere un evento che avr\u00e0 grandi ricadute positive sul nostro\u00a0territorio\u201d.<\/p>\n<p>\u201cFaccio i complimenti a tutti dall&#8217;ultima giornata dello Sport Business Forum, fortemente voluto da Confindustria Belluno Dolomiti, Confindustria Veneto Est e dal Gruppo Nem \u2013 dichiara <b>Leopoldo Destro<\/b>, presidente di Confindustria Veneto Est \u2013 perch\u00e9 sono stati giorni ricchi di eventi, oltre 40, e tutti molto partecipati e questo testimonia che all&#8217;interno e attorno al mondo dello sport c&#8217;\u00e8 grande\u00a0interesse\u201d.<\/p>\n<p>\u201cLa prima edizione di Sport Business Forum organizzata da NordEstMultimedia dimostra il forte legame tra i mezzi di comunicazione cartacei e digitali del Gruppo NEM e i territori\u201d, commenta l\u2019amministratore delegato di Nem, <b>Giuseppe Cerbone<\/b>. Il manager rileva inoltre che \u201cla partecipazione di pubblico, soprattutto giovane, alle iniziative sociali e sportive in piazza ed ai dibattiti con grandi campioni dello sport \u00e8 stata talmente forte da confermare pienamente la validit\u00e0 dell\u2019idea e della sua realizzazione. Il Gruppo NEM continuer\u00e0 con sempre maggiore intensit\u00e0 a coinvolgere persone, istituzioni ed aziende del NordEst in iniziative per stimolare dibattiti sui temi rilevanti per i territori, che saranno fortemente valorizzati nei nostri mezzi di\u00a0comunicazione\u201d.<\/p>\n<p>&#8212;<\/td>\n<\/tr>\n<\/tbody>\n<\/table>\n<\/div>\n<\/td>\n<\/tr>\n<\/tbody>\n<\/table>\n<blockquote><p>&nbsp;<\/p>\n<p>&nbsp;<\/p>\n<hr \/>\n<\/blockquote>\n<h2><span style=\"color: #ff0000;\">CONSIGLI COMUNALI IN AGORDINO<\/span><\/h2>\n<p><strong>VOLTAGO<\/strong> Consiglio comunale convocato per luned\u00ec 23 settembre alle 18. Quattro punti in discussione tra cui il programma triennale dei lavori 2024-2026, l&#8217;adeguamento di Via Sav\u00e0 a Frassen\u00e8 nell&#8217;intersezione con la 347 del Passo Cereda e Duran e la messa in sicurezza della strada silvopastorale &#8220;Della Gioia&#8221;.<\/p>\n<p>&nbsp;<\/p>\n<p>&nbsp;<\/p>\n<hr \/>\n<p>&nbsp;<\/p>\n<p>&nbsp;<\/p>\n<blockquote><p><strong><a class=\"dt-pswp-item\" href=\"https:\/\/www.radiopiu.net\/wordpress\/wp-content\/uploads\/2022\/05\/ce23bb83-faf8-469a-8c9b-e0f0d6a47ce7.jpg\" data-dt-img-description=\"\" data-large_image_width=\"2048\" data-large_image_height=\"1512\"><img loading=\"lazy\" decoding=\"async\" class=\"wp-image-276345 alignleft\" src=\"https:\/\/www.radiopiu.net\/wordpress\/wp-content\/uploads\/2022\/05\/ce23bb83-faf8-469a-8c9b-e0f0d6a47ce7-300x221.jpg\" alt=\"\" width=\"134\" height=\"99\" srcset=\"https:\/\/www.radiopiu.net\/wordpress\/wp-content\/uploads\/2022\/05\/ce23bb83-faf8-469a-8c9b-e0f0d6a47ce7-300x221.jpg 300w, https:\/\/www.radiopiu.net\/wordpress\/wp-content\/uploads\/2022\/05\/ce23bb83-faf8-469a-8c9b-e0f0d6a47ce7-1024x756.jpg 1024w, https:\/\/www.radiopiu.net\/wordpress\/wp-content\/uploads\/2022\/05\/ce23bb83-faf8-469a-8c9b-e0f0d6a47ce7-768x567.jpg 768w, https:\/\/www.radiopiu.net\/wordpress\/wp-content\/uploads\/2022\/05\/ce23bb83-faf8-469a-8c9b-e0f0d6a47ce7-1536x1134.jpg 1536w, https:\/\/www.radiopiu.net\/wordpress\/wp-content\/uploads\/2022\/05\/ce23bb83-faf8-469a-8c9b-e0f0d6a47ce7.jpg 2048w\" sizes=\"auto, (max-width: 134px) 100vw, 134px\" \/><\/a>Proiezione del film sull\u2019emigrazione bellunese a Sedico<\/strong><\/p><\/blockquote>\n<p><strong>SEDICO<\/strong> Il 20 settembre alle 20.45, la Sala Conferenze del Polo Culturale di Sedico ospiter\u00e0 la proiezione gratuita di &#8220;Non andare via&#8221;, un film diretto da Giorgio Cassiadoro che racconta le storie autentiche degli emigranti bellunesi in Svizzera. L\u2019evento \u00e8 organizzato dall&#8217;Associazione Bellunesi nel Mondo. L\u2019ingresso alla proiezione \u00e8 gratuito fino ad esaurimento posti.<\/p>\n<p>&nbsp;<\/p>\n<p>&nbsp;<\/p>\n<hr \/>\n<p>&nbsp;<\/p>\n<p>&nbsp;<\/p>\n<blockquote>\n<h3><a class=\"dt-pswp-item\" href=\"https:\/\/www.radiopiu.net\/wordpress\/wp-content\/uploads\/2020\/05\/images-1.jpg\" data-dt-img-description=\"\" data-large_image_width=\"275\" data-large_image_height=\"183\"><img loading=\"lazy\" decoding=\"async\" class=\"wp-image-137672 alignleft\" src=\"https:\/\/www.radiopiu.net\/wordpress\/wp-content\/uploads\/2020\/05\/images-1.jpg\" alt=\"\" width=\"150\" height=\"100\" \/><\/a>CONFIDENZE SULL&#8217;AMORE STORIA DI DONNE, VENERDI IN SALA PELLIZZARI<\/h3>\n<\/blockquote>\n<p><strong>SOSPIROLO<\/strong><\/p>\n<p><strong>DI ROBERTO BONA\u00a0<\/strong><\/p>\n<audio class=\"wp-audio-shortcode\" id=\"audio-409535-9\" preload=\"none\" style=\"width: 100%;\" controls=\"controls\"><source type=\"audio\/wav\" src=\"https:\/\/www.radiopiu.net\/wordpress\/wp-content\/uploads\/2024\/09\/ConfidenzeSullAmore-1.wav?_=9\" \/><a href=\"https:\/\/www.radiopiu.net\/wordpress\/wp-content\/uploads\/2024\/09\/ConfidenzeSullAmore-1.wav\">https:\/\/www.radiopiu.net\/wordpress\/wp-content\/uploads\/2024\/09\/ConfidenzeSullAmore-1.wav<\/a><\/audio>\n<p>&nbsp;<\/p>\n<p>&nbsp;<\/p>\n<hr \/>\n<blockquote>\n<h3><a class=\"dt-pswp-item\" href=\"https:\/\/www.radiopiu.net\/wordpress\/wp-content\/uploads\/2024\/09\/459441018_1444029149639781_6588175937352575299_n.jpg\" data-dt-img-description=\"\" data-large_image_width=\"509\" data-large_image_height=\"720\"><img loading=\"lazy\" decoding=\"async\" class=\"wp-image-409029 alignleft\" src=\"https:\/\/www.radiopiu.net\/wordpress\/wp-content\/uploads\/2024\/09\/459441018_1444029149639781_6588175937352575299_n-212x300.jpg\" alt=\"\" width=\"85\" height=\"120\" srcset=\"https:\/\/www.radiopiu.net\/wordpress\/wp-content\/uploads\/2024\/09\/459441018_1444029149639781_6588175937352575299_n-212x300.jpg 212w, https:\/\/www.radiopiu.net\/wordpress\/wp-content\/uploads\/2024\/09\/459441018_1444029149639781_6588175937352575299_n.jpg 509w\" sizes=\"auto, (max-width: 85px) 100vw, 85px\" \/><\/a>SABATO 21 A VOLTAGO I RICONOSCIMENTI<\/h3>\n<\/blockquote>\n<p><b>VOLTAGO <\/b>L&#8217;amministrazione comunale sabato 21 settembre alle 11 in sala De Col consegner\u00e0 le targhe di riconoscimento a Bruno Zanvit, 80 anni e per tanti sindaco del paese; MassimilA Miana, Celeste Della Lucia e Maria Grazia della Lucia, per 60 anni d&#8217;attivit\u00e0 nel bar in centro a Frassen\u00e9, Candido Parissenti, commerciante da 45 anni e Laura Franceschinelli in attivit\u00e0 da 30 anni<\/p>\n<p>&nbsp;<\/p>\n<hr \/>\n<p>&nbsp;<\/p>\n<blockquote>\n<h3>ALLA SCOPERTA DEL TUO TALENTO MUSICALE. DOMENICA 22 SETEMBRE AD AGORDO<\/h3>\n<\/blockquote>\n<p><strong><a class=\"dt-pswp-item\" href=\"https:\/\/www.radiopiu.net\/wordpress\/wp-content\/uploads\/2024\/09\/5b3cac0c-a825-49b4-9fc9-d2f8b2c05990-1.jpg\" data-dt-img-description=\"\" data-large_image_width=\"940\" data-large_image_height=\"940\"><img loading=\"lazy\" decoding=\"async\" class=\" wp-image-408635 alignleft\" src=\"https:\/\/www.radiopiu.net\/wordpress\/wp-content\/uploads\/2024\/09\/5b3cac0c-a825-49b4-9fc9-d2f8b2c05990-1-300x300.jpg\" alt=\"\" width=\"107\" height=\"107\" srcset=\"https:\/\/www.radiopiu.net\/wordpress\/wp-content\/uploads\/2024\/09\/5b3cac0c-a825-49b4-9fc9-d2f8b2c05990-1-300x300.jpg 300w, https:\/\/www.radiopiu.net\/wordpress\/wp-content\/uploads\/2024\/09\/5b3cac0c-a825-49b4-9fc9-d2f8b2c05990-1-150x150.jpg 150w, https:\/\/www.radiopiu.net\/wordpress\/wp-content\/uploads\/2024\/09\/5b3cac0c-a825-49b4-9fc9-d2f8b2c05990-1-768x768.jpg 768w, https:\/\/www.radiopiu.net\/wordpress\/wp-content\/uploads\/2024\/09\/5b3cac0c-a825-49b4-9fc9-d2f8b2c05990-1.jpg 940w\" sizes=\"auto, (max-width: 107px) 100vw, 107px\" \/><\/a>AGORDO <\/strong>Domenica 22 settembre&#8230; apri il cuore alla musica! Dalle 16 alle 18, al Centro Parrocchiale Savio di Agordo (ex Casa della Giovent\u00f9), ti aspetta un pomeriggio speciale dedicato alla scoperta del tuo talento musicale! In collaborazione con l&#8217;Associazione Culturale Arte Nuova e la Nuova Didattica Musicale Accademia Gioacchino Rossini, potrai esplorare strumenti musicali e il canto in un ambiente creativo e stimolante. Che tu sia alle prime armi o semplicemente curioso, questo \u00e8 l\u2019evento perfetto per immergerti nel mondo della musica. L\u2019ingresso \u00e8 libero! Prenota al 327 5407023 o visita <a href=\"http:\/\/www.artenuova.info\" target=\"_new\" rel=\"noopener\">www.artenuova.info<\/a><\/p>\n<p>&nbsp;<\/p>\n<hr \/>\n<p>&nbsp;<\/p>\n<p>&nbsp;<\/p>\n<blockquote>\n<h3>CON L&#8217;ADA, ASSOCIAZIONE DANZA AGORDINA<\/h3>\n<\/blockquote>\n<p><strong><a class=\"dt-pswp-item\" href=\"https:\/\/www.radiopiu.net\/wordpress\/wp-content\/uploads\/2020\/05\/ASSOCIAZIONE-DANZA-AGORDINA.jpg\" data-dt-img-description=\"\" data-large_image_width=\"720\" data-large_image_height=\"480\"><img loading=\"lazy\" decoding=\"async\" class=\"wp-image-140867 alignleft\" src=\"https:\/\/www.radiopiu.net\/wordpress\/wp-content\/uploads\/2020\/05\/ASSOCIAZIONE-DANZA-AGORDINA-300x200.jpg\" alt=\"\" width=\"164\" height=\"109\" srcset=\"https:\/\/www.radiopiu.net\/wordpress\/wp-content\/uploads\/2020\/05\/ASSOCIAZIONE-DANZA-AGORDINA-300x200.jpg 300w, https:\/\/www.radiopiu.net\/wordpress\/wp-content\/uploads\/2020\/05\/ASSOCIAZIONE-DANZA-AGORDINA.jpg 720w\" sizes=\"auto, (max-width: 164px) 100vw, 164px\" \/><\/a>Crescere attraverso la danza con l&#8217;Associazione Danza Agordina!<\/strong>\u00a0 Vuoi far muovere i primi passi nella danza ai tuoi piccoli o perfezionare il tuo talento? Con l&#8217;ADA corsi di <strong>danza classica<\/strong> a partire dai 4 anni e, dai 9 anni in su, anche <strong>moderna, contemporanea, hip hop e breakdance<\/strong>.\u00a0 <strong>I nuovi corsi iniziano il 23 settembre!\u00a0 Iscriviti: <\/strong><strong>14 settembre<\/strong> durante la manifestazione Sport in Piazza ad Agordo. <strong>16-17-18 settembre<\/strong> presso la palestra della scuola elementare dalle 17:00 alle 19:00. E c\u2019\u00e8 di pi\u00f9! <strong>Settimana di prova gratuita dal 23 al 28 settembre<\/strong>. Vieni a scoprire la magia della danza!\u00a0 <strong>Info:<\/strong> 348 8062103 (Whatsapp)<\/p>\n<p>&nbsp;<\/p>\n<hr \/>\n<p>&nbsp;<\/p>\n<p>&nbsp;<\/p>\n<blockquote>\n<h3><a class=\"dt-pswp-item\" href=\"https:\/\/www.radiopiu.net\/wordpress\/wp-content\/uploads\/2024\/09\/th-5.jpg\" data-dt-img-description=\"\" data-large_image_width=\"273\" data-large_image_height=\"180\"><img loading=\"lazy\" decoding=\"async\" class=\"wp-image-409170 alignleft\" src=\"https:\/\/www.radiopiu.net\/wordpress\/wp-content\/uploads\/2024\/09\/th-5.jpg\" alt=\"\" width=\"173\" height=\"114\" \/><\/a>SILVIA CARLIN TORNA A BELLUNO PER UN CONCERTO SPECIALE<\/h3>\n<\/blockquote>\n<p><strong>BELLUNO<\/strong> La pianista Silvia Carlin torna nella sua Belluno per un concerto in duo con Valentina Dubrovina, ospite del Circolo Culturale Bellunese. L&#8217;evento si terr\u00e0\u00a0 DOMANI\u00a0 alle 20:30 all&#8217;Auditorium del Liceo Lollino di Belluno. Biglietti disponibili presso la sede del concerto o la Cartoleria Capraro.<\/p>\n<p>&nbsp;<\/p>\n<p>&nbsp;<\/p>\n<p>&nbsp;<\/p>\n<hr \/>\n<p>&nbsp;<\/p>\n<blockquote>\n<h3>LA MOSTRA DI HANS HAACKE A BELLUNO FINO AL 29 SETTEMBRE<\/h3>\n<\/blockquote>\n<p><a class=\"dt-pswp-item\" href=\"https:\/\/www.radiopiu.net\/wordpress\/wp-content\/uploads\/2024\/09\/SCR-20240908-ophz.jpeg\" data-dt-img-description=\"Screenshot\" data-large_image_width=\"1254\" data-large_image_height=\"932\"><img loading=\"lazy\" decoding=\"async\" class=\"wp-image-408564 alignleft\" src=\"https:\/\/www.radiopiu.net\/wordpress\/wp-content\/uploads\/2024\/09\/SCR-20240908-ophz-300x223.jpeg\" alt=\"\" width=\"161\" height=\"120\" srcset=\"https:\/\/www.radiopiu.net\/wordpress\/wp-content\/uploads\/2024\/09\/SCR-20240908-ophz-300x223.jpeg 300w, https:\/\/www.radiopiu.net\/wordpress\/wp-content\/uploads\/2024\/09\/SCR-20240908-ophz-1024x761.jpeg 1024w, https:\/\/www.radiopiu.net\/wordpress\/wp-content\/uploads\/2024\/09\/SCR-20240908-ophz-768x571.jpeg 768w, https:\/\/www.radiopiu.net\/wordpress\/wp-content\/uploads\/2024\/09\/SCR-20240908-ophz.jpeg 1254w\" sizes=\"auto, (max-width: 161px) 100vw, 161px\" \/><\/a><strong>BELLUNO<\/strong><\/p>\n<p>DI ROBERTO BONA<\/p>\n<audio class=\"wp-audio-shortcode\" id=\"audio-409535-10\" preload=\"none\" style=\"width: 100%;\" controls=\"controls\"><source type=\"audio\/mpeg\" src=\"https:\/\/www.radiopiu.net\/wordpress\/wp-content\/uploads\/2024\/09\/BONA-MOSTRA-BELLUNO-SCADE-29-SETTEMBRE.mp3?_=10\" \/><a href=\"https:\/\/www.radiopiu.net\/wordpress\/wp-content\/uploads\/2024\/09\/BONA-MOSTRA-BELLUNO-SCADE-29-SETTEMBRE.mp3\">https:\/\/www.radiopiu.net\/wordpress\/wp-content\/uploads\/2024\/09\/BONA-MOSTRA-BELLUNO-SCADE-29-SETTEMBRE.mp3<\/a><\/audio>\n<p>&nbsp;<\/p>\n<hr \/>\n<p>&nbsp;<\/p>\n<h2><span style=\"color: #ff6600;\">ALLA RADIO\u00a0\u00a0<\/span><\/h2>\n<div class=\"page-title-head hgroup\">\n<h1 class=\"entry-title\">LA RASSEGNA STAMPA DA L\u2019AMICO DEL POPOLO \u2013 14 SETTEMBRE 2024<\/h1>\n<\/div>\n<p>&nbsp;<\/p>\n<p><strong><a class=\"dt-pswp-item\" href=\"https:\/\/www.radiopiu.net\/wordpress\/wp-content\/uploads\/2024\/09\/IOE-8-9-2019-Pescul.jpg\" data-dt-img-description=\"\" data-large_image_width=\"1600\" data-large_image_height=\"1200\"><img loading=\"lazy\" decoding=\"async\" class=\" wp-image-409397 alignleft\" src=\"https:\/\/www.radiopiu.net\/wordpress\/wp-content\/uploads\/2024\/09\/IOE-8-9-2019-Pescul-300x225.jpg\" alt=\"\" width=\"183\" height=\"137\" srcset=\"https:\/\/www.radiopiu.net\/wordpress\/wp-content\/uploads\/2024\/09\/IOE-8-9-2019-Pescul-300x225.jpg 300w, https:\/\/www.radiopiu.net\/wordpress\/wp-content\/uploads\/2024\/09\/IOE-8-9-2019-Pescul-1024x768.jpg 1024w, https:\/\/www.radiopiu.net\/wordpress\/wp-content\/uploads\/2024\/09\/IOE-8-9-2019-Pescul-768x576.jpg 768w, https:\/\/www.radiopiu.net\/wordpress\/wp-content\/uploads\/2024\/09\/IOE-8-9-2019-Pescul-1536x1152.jpg 1536w, https:\/\/www.radiopiu.net\/wordpress\/wp-content\/uploads\/2024\/09\/IOE-8-9-2019-Pescul.jpg 1600w\" sizes=\"auto, (max-width: 183px) 100vw, 183px\" \/><\/a>DI GIANNI SANTOMASO<\/strong><\/p>\n<p>OSPITI: Franco Tosini, Sonia Checchin\u00a0 e Loris Santomaso<\/p>\n<audio class=\"wp-audio-shortcode\" id=\"audio-409535-11\" preload=\"none\" style=\"width: 100%;\" controls=\"controls\"><source type=\"audio\/mpeg\" src=\"https:\/\/www.radiopiu.net\/wordpress\/wp-content\/uploads\/2024\/09\/RASS-GIANNI-SITO.mp3?_=11\" \/><a href=\"https:\/\/www.radiopiu.net\/wordpress\/wp-content\/uploads\/2024\/09\/RASS-GIANNI-SITO.mp3\">https:\/\/www.radiopiu.net\/wordpress\/wp-content\/uploads\/2024\/09\/RASS-GIANNI-SITO.mp3<\/a><\/audio>\n<p>&nbsp;<\/p>\n<p>&nbsp;<\/p>\n<p>&nbsp;<\/p>\n<p>&nbsp;<\/p>\n<h2><span style=\"color: #ffcc00;\">&#8220;DINTORN E FORA VIA&#8221;\u00a0 IL PROGRAMMA\u00a0 A CURA DEL MUSLA<\/span><\/h2>\n<p><strong><a class=\"dt-pswp-item\" href=\"https:\/\/www.radiopiu.net\/wordpress\/wp-content\/uploads\/2023\/08\/GIORNALI.jpg\" data-dt-img-description=\"\" data-large_image_width=\"1280\" data-large_image_height=\"853\"><img loading=\"lazy\" decoding=\"async\" class=\" wp-image-350810 alignleft\" src=\"https:\/\/www.radiopiu.net\/wordpress\/wp-content\/uploads\/2023\/08\/GIORNALI-300x200.jpg\" alt=\"\" width=\"134\" height=\"89\" srcset=\"https:\/\/www.radiopiu.net\/wordpress\/wp-content\/uploads\/2023\/08\/GIORNALI-300x200.jpg 300w, https:\/\/www.radiopiu.net\/wordpress\/wp-content\/uploads\/2023\/08\/GIORNALI-1024x682.jpg 1024w, https:\/\/www.radiopiu.net\/wordpress\/wp-content\/uploads\/2023\/08\/GIORNALI-768x512.jpg 768w, https:\/\/www.radiopiu.net\/wordpress\/wp-content\/uploads\/2023\/08\/GIORNALI.jpg 1280w\" sizes=\"auto, (max-width: 134px) 100vw, 134px\" \/><\/a>PUNTATA DEL 13 SETTEMBRE CHIARA FRENA<\/strong><\/p>\n<audio class=\"wp-audio-shortcode\" id=\"audio-409535-12\" preload=\"none\" style=\"width: 100%;\" controls=\"controls\"><source type=\"audio\/mpeg\" src=\"https:\/\/www.radiopiu.net\/wordpress\/wp-content\/uploads\/2024\/09\/MUSLA-3.mp3?_=12\" \/><a href=\"https:\/\/www.radiopiu.net\/wordpress\/wp-content\/uploads\/2024\/09\/MUSLA-3.mp3\">https:\/\/www.radiopiu.net\/wordpress\/wp-content\/uploads\/2024\/09\/MUSLA-3.mp3<\/a><\/audio>\n<p>&nbsp;<\/p>\n<h2>LA RACCOLTA COMPLETA <a href=\"https:\/\/www.radiopiu.net\/wordpress\/musla\/\"><span style=\"color: #3366ff;\">CLICCA QUI<\/span><\/a><\/h2>\n<p>&nbsp;<\/p>\n<hr \/>\n<p>&nbsp;<\/p>\n<p>&nbsp;<\/p>\n<h2><span style=\"color: #ff00ff;\">SPECIALE MONDO DEL VOLONTARIATO, IL COORDINAMENTO VOLONTARI DELLE AMBULANZE AGORDINO E ZOLDANO<\/span><\/h2>\n<h2>LA RACCOLTA COMPLETA <a href=\"https:\/\/www.radiopiu.net\/wordpress\/speciale-mondo-del-volontariato-2\/\"><span style=\"color: #3366ff;\">CLICCA QUI<\/span><\/a><\/h2>\n<p>&nbsp;<\/p>\n<p>&nbsp;<\/p>\n<hr \/>\n<p>&nbsp;<\/p>\n<hr \/>\n<p>&nbsp;<\/p>\n<h2><span style=\"color: #808000;\">AL RITORNO DALLE FERIE&#8230;I CONSIGLI DI GIANLUCA DI DOLOMITI BEER &amp; WINE SHOP DA NAPI<\/span><\/h2>\n<p><strong><a class=\"dt-pswp-item\" href=\"https:\/\/www.radiopiu.net\/wordpress\/wp-content\/uploads\/2020\/05\/DOLOMITI-BEER.png\" data-dt-img-description=\"\" data-large_image_width=\"812\" data-large_image_height=\"450\"><img loading=\"lazy\" decoding=\"async\" class=\" wp-image-139660 alignleft\" src=\"https:\/\/www.radiopiu.net\/wordpress\/wp-content\/uploads\/2020\/05\/DOLOMITI-BEER-300x166.png\" alt=\"\" width=\"159\" height=\"88\" srcset=\"https:\/\/www.radiopiu.net\/wordpress\/wp-content\/uploads\/2020\/05\/DOLOMITI-BEER-300x166.png 300w, https:\/\/www.radiopiu.net\/wordpress\/wp-content\/uploads\/2020\/05\/DOLOMITI-BEER-768x426.png 768w, https:\/\/www.radiopiu.net\/wordpress\/wp-content\/uploads\/2020\/05\/DOLOMITI-BEER.png 812w\" sizes=\"auto, (max-width: 159px) 100vw, 159px\" \/><\/a>CON GIANLUCA ROSSI DI DOLOMITI BEER &amp; WINE SHOP DA NAPI<\/strong><\/p>\n<audio class=\"wp-audio-shortcode\" id=\"audio-409535-13\" preload=\"none\" style=\"width: 100%;\" controls=\"controls\"><source type=\"audio\/mpeg\" src=\"https:\/\/www.radiopiu.net\/wordpress\/wp-content\/uploads\/2024\/09\/gianluca.mp3?_=13\" \/><a href=\"https:\/\/www.radiopiu.net\/wordpress\/wp-content\/uploads\/2024\/09\/gianluca.mp3\">https:\/\/www.radiopiu.net\/wordpress\/wp-content\/uploads\/2024\/09\/gianluca.mp3<\/a><\/audio>\n<p>&nbsp;<\/p>\n<hr \/>\n<p>&nbsp;<\/p>\n<blockquote class=\"wp-embedded-content\" data-secret=\"v6CSRizobc\"><p><a href=\"https:\/\/www.radiopiu.net\/wordpress\/pirole-de-lenga-la-parola-del-giorno-a-cura-del-musla-raccolta-completa\/\">PIROLE DE LENGA&#8230; LA PAROLA DEL GIORNO A CURA DEL MUSLA -raccolta completa &#8211;<\/a><\/p><\/blockquote>\n<p><iframe loading=\"lazy\" class=\"wp-embedded-content\" sandbox=\"allow-scripts\" security=\"restricted\" style=\"position: absolute; visibility: hidden;\" title=\"&#8220;PIROLE DE LENGA&#8230; LA PAROLA DEL GIORNO A CURA DEL MUSLA -raccolta completa &#8211;&#8221; &#8212; Radio Pi\u00f9\" src=\"https:\/\/www.radiopiu.net\/wordpress\/pirole-de-lenga-la-parola-del-giorno-a-cura-del-musla-raccolta-completa\/embed\/#?secret=9S89bZNPUu#?secret=v6CSRizobc\" data-secret=\"v6CSRizobc\" width=\"600\" height=\"338\" frameborder=\"0\" marginwidth=\"0\" marginheight=\"0\" scrolling=\"no\"><\/iframe><\/p>\n<p>&nbsp;<\/p>\n<blockquote class=\"wp-embedded-content\" data-secret=\"GLMJxX7SRY\"><p><a href=\"https:\/\/www.radiopiu.net\/wordpress\/set5a\/\">EL BAL DEL FIOR, DETTI E MODI DI DIRE  LA RACCOLTA COMPLETA<\/a><\/p><\/blockquote>\n<p><iframe loading=\"lazy\" class=\"wp-embedded-content\" sandbox=\"allow-scripts\" security=\"restricted\" style=\"position: absolute; visibility: hidden;\" title=\"&#8220;EL BAL DEL FIOR, DETTI E MODI DI DIRE  LA RACCOLTA COMPLETA&#8221; &#8212; Radio Pi\u00f9\" src=\"https:\/\/www.radiopiu.net\/wordpress\/set5a\/embed\/#?secret=GhdePKRBy1#?secret=GLMJxX7SRY\" data-secret=\"GLMJxX7SRY\" width=\"600\" height=\"338\" frameborder=\"0\" marginwidth=\"0\" marginheight=\"0\" scrolling=\"no\"><\/iframe><\/p>\n<p>&nbsp;<\/p>\n<p>&nbsp;<\/p>\n<hr \/>\n<h2><span style=\"color: #ff0000;\"><a class=\"dt-pswp-item\" href=\"https:\/\/www.radiopiu.net\/wordpress\/wp-content\/uploads\/2018\/09\/appuntamenti.jpeg\" data-dt-img-description=\"\" data-large_image_width=\"800\" data-large_image_height=\"100\"><img loading=\"lazy\" decoding=\"async\" class=\"wp-image-61958 size-full aligncenter\" src=\"https:\/\/www.radiopiu.net\/wordpress\/wp-content\/uploads\/2018\/09\/appuntamenti.jpeg\" alt=\"\" width=\"800\" height=\"100\" srcset=\"https:\/\/www.radiopiu.net\/wordpress\/wp-content\/uploads\/2018\/09\/appuntamenti.jpeg 800w, https:\/\/www.radiopiu.net\/wordpress\/wp-content\/uploads\/2018\/09\/appuntamenti-300x38.jpeg 300w, https:\/\/www.radiopiu.net\/wordpress\/wp-content\/uploads\/2018\/09\/appuntamenti-768x96.jpeg 768w\" sizes=\"auto, (max-width: 800px) 100vw, 800px\" \/><\/a><\/span><\/h2>\n<div>\n<div class=\"\" dir=\"auto\">\n<div id=\":r9h:\" class=\"x1iorvi4 x1pi30zi x1l90r2v x1swvt13\" data-ad-comet-preview=\"message\" data-ad-preview=\"message\">\n\n\t\t\t<style type='text\/css'>\n\t\t\t\t#gallery-1 {\n\t\t\t\t\tmargin: auto;\n\t\t\t\t}\n\t\t\t\t#gallery-1 .gallery-item {\n\t\t\t\t\tfloat: left;\n\t\t\t\t\tmargin-top: 10px;\n\t\t\t\t\ttext-align: center;\n\t\t\t\t\twidth: 25%;\n\t\t\t\t}\n\t\t\t\t#gallery-1 img {\n\t\t\t\t\tborder: 2px solid #cfcfcf;\n\t\t\t\t}\n\t\t\t\t#gallery-1 .gallery-caption {\n\t\t\t\t\tmargin-left: 0;\n\t\t\t\t}\n\t\t\t\t\/* see gallery_shortcode() in wp-includes\/media.php *\/\n\t\t\t<\/style>\n\t\t<div id='gallery-1' class='dt-gallery-container gallery galleryid-409535 gallery-columns-4 gallery-size-thumbnail'><dl class='gallery-item'>\n\t\t\t\t<dt class='gallery-icon portrait'>\n\t\t\t\t\t<a class=\"rollover rollover-zoom dt-pswp-item\" title=\"bd965e78-6e96-4eea-9324-7c799cd8cfa8\" data-dt-img-description=\"\" data-large_image_width=\"1467\" data-large_image_height=\"2048\"href='https:\/\/www.radiopiu.net\/wordpress\/wp-content\/uploads\/2024\/09\/bd965e78-6e96-4eea-9324-7c799cd8cfa8.jpg'><img loading=\"lazy\" decoding=\"async\" width=\"150\" height=\"150\" src=\"https:\/\/www.radiopiu.net\/wordpress\/wp-content\/uploads\/2024\/09\/bd965e78-6e96-4eea-9324-7c799cd8cfa8-150x150.jpg\" class=\"attachment-thumbnail size-thumbnail\" alt=\"\" aria-describedby=\"gallery-1-408615\" \/><\/a>\n\t\t\t\t<\/dt>\n\t\t\t\t\t<dd class='wp-caption-text gallery-caption' id='gallery-1-408615'>\n\t\t\t\t\tLA 16 COMUNI A LA VALLE\n\t\t\t\t\t<\/dd><\/dl><dl class='gallery-item'>\n\t\t\t\t<dt class='gallery-icon portrait'>\n\t\t\t\t\t<a class=\"rollover rollover-zoom dt-pswp-item\" title=\"LOC_A3_MOSTRA-RADIO_CMVI\" data-dt-img-description=\"\" data-large_image_width=\"1816\" data-large_image_height=\"2560\"href='https:\/\/www.radiopiu.net\/wordpress\/wp-content\/uploads\/2024\/08\/LOC_A3_MOSTRA-RADIO_CMVI-scaled.jpg'><img loading=\"lazy\" decoding=\"async\" width=\"150\" height=\"150\" src=\"https:\/\/www.radiopiu.net\/wordpress\/wp-content\/uploads\/2024\/08\/LOC_A3_MOSTRA-RADIO_CMVI-150x150.jpg\" class=\"attachment-thumbnail size-thumbnail\" alt=\"\" aria-describedby=\"gallery-1-403450\" \/><\/a>\n\t\t\t\t<\/dt>\n\t\t\t\t\t<dd class='wp-caption-text gallery-caption' id='gallery-1-403450'>\n\t\t\t\t\tLA MOSTRA DELLE RADIO IN VALLE IMPERINA\n\t\t\t\t\t<\/dd><\/dl><dl class='gallery-item'>\n\t\t\t\t<dt class='gallery-icon portrait'>\n\t\t\t\t\t<a class=\"rollover rollover-zoom dt-pswp-item\" title=\"ARSON CORSO\" data-dt-img-description=\"\" data-large_image_width=\"671\" data-large_image_height=\"756\"href='https:\/\/www.radiopiu.net\/wordpress\/wp-content\/uploads\/2024\/08\/ARSON-CORSO.png'><img loading=\"lazy\" decoding=\"async\" width=\"150\" height=\"150\" src=\"https:\/\/www.radiopiu.net\/wordpress\/wp-content\/uploads\/2024\/08\/ARSON-CORSO-150x150.png\" class=\"attachment-thumbnail size-thumbnail\" alt=\"\" aria-describedby=\"gallery-1-403730\" \/><\/a>\n\t\t\t\t<\/dt>\n\t\t\t\t\t<dd class='wp-caption-text gallery-caption' id='gallery-1-403730'>\n\t\t\t\t\tCORSO DI FOTOGRAFIA A FELTRE\n\t\t\t\t\t<\/dd><\/dl><dl class='gallery-item'>\n\t\t\t\t<dt class='gallery-icon portrait'>\n\t\t\t\t\t<a class=\"rollover rollover-zoom dt-pswp-item\" title=\"download\" data-dt-img-description=\"\" data-large_image_width=\"600\" data-large_image_height=\"849\"href='https:\/\/www.radiopiu.net\/wordpress\/wp-content\/uploads\/2024\/08\/download.jpg'><img loading=\"lazy\" decoding=\"async\" width=\"150\" height=\"150\" src=\"https:\/\/www.radiopiu.net\/wordpress\/wp-content\/uploads\/2024\/08\/download-150x150.jpg\" class=\"attachment-thumbnail size-thumbnail\" alt=\"\" aria-describedby=\"gallery-1-404972\" \/><\/a>\n\t\t\t\t<\/dt>\n\t\t\t\t\t<dd class='wp-caption-text gallery-caption' id='gallery-1-404972'>\n\t\t\t\t\tPROLOCO SEDICO\n\t\t\t\t\t<\/dd><\/dl><br style=\"clear: both\" \/><dl class='gallery-item'>\n\t\t\t\t<dt class='gallery-icon portrait'>\n\t\t\t\t\t<a class=\"rollover rollover-zoom dt-pswp-item\" title=\"c4009_Tour_Forestale_PEFC_Tappa_Col_di_Lana\" data-dt-img-description=\"\" data-large_image_width=\"1020\" data-large_image_height=\"1446\"href='https:\/\/www.radiopiu.net\/wordpress\/wp-content\/uploads\/2024\/08\/c4009_Tour_Forestale_PEFC_Tappa_Col_di_Lana.png'><img loading=\"lazy\" decoding=\"async\" width=\"150\" height=\"150\" src=\"https:\/\/www.radiopiu.net\/wordpress\/wp-content\/uploads\/2024\/08\/c4009_Tour_Forestale_PEFC_Tappa_Col_di_Lana-150x150.png\" class=\"attachment-thumbnail size-thumbnail\" alt=\"\" aria-describedby=\"gallery-1-405046\" \/><\/a>\n\t\t\t\t<\/dt>\n\t\t\t\t\t<dd class='wp-caption-text gallery-caption' id='gallery-1-405046'>\n\t\t\t\t\tCON UNCEM A LIVINALLONGO\n\t\t\t\t\t<\/dd><\/dl><dl class='gallery-item'>\n\t\t\t\t<dt class='gallery-icon portrait'>\n\t\t\t\t\t<a class=\"rollover rollover-zoom dt-pswp-item\" title=\"WhatsApp Image 2024-08-29 at 15.33.03\" data-dt-img-description=\"\" data-large_image_width=\"1131\" data-large_image_height=\"1600\"href='https:\/\/www.radiopiu.net\/wordpress\/wp-content\/uploads\/2024\/09\/WhatsApp-Image-2024-08-29-at-15.33.03.jpeg'><img loading=\"lazy\" decoding=\"async\" width=\"150\" height=\"150\" src=\"https:\/\/www.radiopiu.net\/wordpress\/wp-content\/uploads\/2024\/09\/WhatsApp-Image-2024-08-29-at-15.33.03-150x150.jpeg\" class=\"attachment-thumbnail size-thumbnail\" alt=\"\" aria-describedby=\"gallery-1-408070\" \/><\/a>\n\t\t\t\t<\/dt>\n\t\t\t\t\t<dd class='wp-caption-text gallery-caption' id='gallery-1-408070'>\n\t\t\t\t\tFESTA DELLA BIRRA A GOSALDO\n\t\t\t\t\t<\/dd><\/dl><dl class='gallery-item'>\n\t\t\t\t<dt class='gallery-icon portrait'>\n\t\t\t\t\t<a class=\"rollover rollover-zoom dt-pswp-item\" title=\"mani\" data-dt-img-description=\"\" data-large_image_width=\"616\" data-large_image_height=\"821\"href='https:\/\/www.radiopiu.net\/wordpress\/wp-content\/uploads\/2024\/09\/mani.png'><img loading=\"lazy\" decoding=\"async\" width=\"150\" height=\"150\" src=\"https:\/\/www.radiopiu.net\/wordpress\/wp-content\/uploads\/2024\/09\/mani-150x150.png\" class=\"attachment-thumbnail size-thumbnail\" alt=\"\" aria-describedby=\"gallery-1-408280\" \/><\/a>\n\t\t\t\t<\/dt>\n\t\t\t\t\t<dd class='wp-caption-text gallery-caption' id='gallery-1-408280'>\n\t\t\t\t\tUN INCONTRO PER PARLARE DI FUNGHI\n\t\t\t\t\t<\/dd><\/dl><dl class='gallery-item'>\n\t\t\t\t<dt class='gallery-icon portrait'>\n\t\t\t\t\t<a class=\"rollover rollover-zoom dt-pswp-item\" title=\"03efb118-d97d-457e-b9cc-b1da6a42649b\" data-dt-img-description=\"\" data-large_image_width=\"905\" data-large_image_height=\"1280\"href='https:\/\/www.radiopiu.net\/wordpress\/wp-content\/uploads\/2024\/09\/03efb118-d97d-457e-b9cc-b1da6a42649b.jpg'><img loading=\"lazy\" decoding=\"async\" width=\"150\" height=\"150\" src=\"https:\/\/www.radiopiu.net\/wordpress\/wp-content\/uploads\/2024\/09\/03efb118-d97d-457e-b9cc-b1da6a42649b-150x150.jpg\" class=\"attachment-thumbnail size-thumbnail\" alt=\"\" aria-describedby=\"gallery-1-408383\" \/><\/a>\n\t\t\t\t<\/dt>\n\t\t\t\t\t<dd class='wp-caption-text gallery-caption' id='gallery-1-408383'>\n\t\t\t\t\tA OTTOBRE A VOLTAGO\n\t\t\t\t\t<\/dd><\/dl><br style=\"clear: both\" \/><dl class='gallery-item'>\n\t\t\t\t<dt class='gallery-icon portrait'>\n\t\t\t\t\t<a class=\"rollover rollover-zoom dt-pswp-item\" title=\"Locandina evento 21.09.2024\" data-dt-img-description=\"\" data-large_image_width=\"1240\" data-large_image_height=\"1754\"href='https:\/\/www.radiopiu.net\/wordpress\/wp-content\/uploads\/2024\/09\/Locandina-evento-21.09.2024.jpg'><img loading=\"lazy\" decoding=\"async\" width=\"150\" height=\"150\" src=\"https:\/\/www.radiopiu.net\/wordpress\/wp-content\/uploads\/2024\/09\/Locandina-evento-21.09.2024-150x150.jpg\" class=\"attachment-thumbnail size-thumbnail\" alt=\"\" aria-describedby=\"gallery-1-408535\" \/><\/a>\n\t\t\t\t<\/dt>\n\t\t\t\t\t<dd class='wp-caption-text gallery-caption' id='gallery-1-408535'>\n\t\t\t\t\t21 SETTEMBRE A CANALE\n\t\t\t\t\t<\/dd><\/dl><dl class='gallery-item'>\n\t\t\t\t<dt class='gallery-icon landscape'>\n\t\t\t\t\t<a class=\"rollover rollover-zoom dt-pswp-item\" title=\"5b3cac0c-a825-49b4-9fc9-d2f8b2c05990\" data-dt-img-description=\"\" data-large_image_width=\"940\" data-large_image_height=\"940\"href='https:\/\/www.radiopiu.net\/wordpress\/wp-content\/uploads\/2024\/09\/5b3cac0c-a825-49b4-9fc9-d2f8b2c05990.jpg'><img loading=\"lazy\" decoding=\"async\" width=\"150\" height=\"150\" src=\"https:\/\/www.radiopiu.net\/wordpress\/wp-content\/uploads\/2024\/09\/5b3cac0c-a825-49b4-9fc9-d2f8b2c05990-150x150.jpg\" class=\"attachment-thumbnail size-thumbnail\" alt=\"\" aria-describedby=\"gallery-1-408631\" srcset=\"https:\/\/www.radiopiu.net\/wordpress\/wp-content\/uploads\/2024\/09\/5b3cac0c-a825-49b4-9fc9-d2f8b2c05990-150x150.jpg 150w, https:\/\/www.radiopiu.net\/wordpress\/wp-content\/uploads\/2024\/09\/5b3cac0c-a825-49b4-9fc9-d2f8b2c05990-300x300.jpg 300w, https:\/\/www.radiopiu.net\/wordpress\/wp-content\/uploads\/2024\/09\/5b3cac0c-a825-49b4-9fc9-d2f8b2c05990-768x768.jpg 768w, https:\/\/www.radiopiu.net\/wordpress\/wp-content\/uploads\/2024\/09\/5b3cac0c-a825-49b4-9fc9-d2f8b2c05990.jpg 940w\" sizes=\"auto, (max-width: 150px) 100vw, 150px\" \/><\/a>\n\t\t\t\t<\/dt>\n\t\t\t\t\t<dd class='wp-caption-text gallery-caption' id='gallery-1-408631'>\n\t\t\t\t\tLEZIONI DI MUSICA AD AGORDO\n\t\t\t\t\t<\/dd><\/dl><dl class='gallery-item'>\n\t\t\t\t<dt class='gallery-icon portrait'>\n\t\t\t\t\t<a class=\"rollover rollover-zoom dt-pswp-item\" title=\"b69bb19f-4dff-44b8-8f0f-7b20d47f34a5\" data-dt-img-description=\"\" data-large_image_width=\"1133\" data-large_image_height=\"1600\"href='https:\/\/www.radiopiu.net\/wordpress\/wp-content\/uploads\/2024\/09\/b69bb19f-4dff-44b8-8f0f-7b20d47f34a5.jpg'><img loading=\"lazy\" decoding=\"async\" width=\"150\" height=\"150\" src=\"https:\/\/www.radiopiu.net\/wordpress\/wp-content\/uploads\/2024\/09\/b69bb19f-4dff-44b8-8f0f-7b20d47f34a5-150x150.jpg\" class=\"attachment-thumbnail size-thumbnail\" alt=\"\" aria-describedby=\"gallery-1-408941\" \/><\/a>\n\t\t\t\t<\/dt>\n\t\t\t\t\t<dd class='wp-caption-text gallery-caption' id='gallery-1-408941'>\n\t\t\t\t\tA FALCADE A FINE MESE\n\t\t\t\t\t<\/dd><\/dl><dl class='gallery-item'>\n\t\t\t\t<dt class='gallery-icon portrait'>\n\t\t\t\t\t<a class=\"rollover rollover-zoom dt-pswp-item\" title=\"459441018_1444029149639781_6588175937352575299_n\" data-dt-img-description=\"\" data-large_image_width=\"509\" data-large_image_height=\"720\"href='https:\/\/www.radiopiu.net\/wordpress\/wp-content\/uploads\/2024\/09\/459441018_1444029149639781_6588175937352575299_n.jpg'><img loading=\"lazy\" decoding=\"async\" width=\"150\" height=\"150\" src=\"https:\/\/www.radiopiu.net\/wordpress\/wp-content\/uploads\/2024\/09\/459441018_1444029149639781_6588175937352575299_n-150x150.jpg\" class=\"attachment-thumbnail size-thumbnail\" alt=\"\" aria-describedby=\"gallery-1-409029\" \/><\/a>\n\t\t\t\t<\/dt>\n\t\t\t\t\t<dd class='wp-caption-text gallery-caption' id='gallery-1-409029'>\n\t\t\t\t\tsabato 21 a voltago\n\t\t\t\t\t<\/dd><\/dl><br style=\"clear: both\" \/>\n\t\t\t<\/div>\n\n<\/div>\n<\/div>\n<\/div>\n<div><\/div>\n<p>&nbsp;<\/p>\n<hr \/>\n<p>&nbsp;<\/p>\n<p><a class=\"dt-pswp-item\" href=\"https:\/\/www.radiopiu.net\/wordpress\/wp-content\/uploads\/2018\/09\/viabilita.jpeg\" data-dt-img-description=\"\" data-large_image_width=\"800\" data-large_image_height=\"100\"><img loading=\"lazy\" decoding=\"async\" class=\"aligncenter wp-image-61954 size-full\" src=\"https:\/\/www.radiopiu.net\/wordpress\/wp-content\/uploads\/2018\/09\/viabilita.jpeg\" alt=\"\" width=\"800\" height=\"100\" srcset=\"https:\/\/www.radiopiu.net\/wordpress\/wp-content\/uploads\/2018\/09\/viabilita.jpeg 800w, https:\/\/www.radiopiu.net\/wordpress\/wp-content\/uploads\/2018\/09\/viabilita-300x38.jpeg 300w, https:\/\/www.radiopiu.net\/wordpress\/wp-content\/uploads\/2018\/09\/viabilita-768x96.jpeg 768w\" sizes=\"auto, (max-width: 800px) 100vw, 800px\" \/><\/a><\/p>\n<p>&nbsp;<\/p>\n<p><a class=\"dt-pswp-item\" href=\"https:\/\/www.radiopiu.net\/wordpress\/wp-content\/uploads\/2023\/12\/botol-car-service.jpg\" data-dt-img-description=\"\" data-large_image_width=\"600\" data-large_image_height=\"600\"><img loading=\"lazy\" decoding=\"async\" class=\"size-medium wp-image-367044 aligncenter\" src=\"https:\/\/www.radiopiu.net\/wordpress\/wp-content\/uploads\/2023\/12\/botol-car-service-300x300.jpg\" alt=\"\" width=\"300\" height=\"300\" srcset=\"https:\/\/www.radiopiu.net\/wordpress\/wp-content\/uploads\/2023\/12\/botol-car-service-300x300.jpg 300w, https:\/\/www.radiopiu.net\/wordpress\/wp-content\/uploads\/2023\/12\/botol-car-service-150x150.jpg 150w, https:\/\/www.radiopiu.net\/wordpress\/wp-content\/uploads\/2023\/12\/botol-car-service.jpg 600w\" sizes=\"auto, (max-width: 300px) 100vw, 300px\" \/><\/a><\/p>\n<p>&nbsp;<\/p>\n<p>&nbsp;<\/p>\n<h1>BOLLETTINO QUOTIDIANO, CLICCA QUI<\/h1>\n<blockquote class=\"wp-embedded-content\" data-secret=\"anbTRRvwF9\"><p><a href=\"https:\/\/www.radiopiu.net\/wordpress\/viabilita-2\/\">viabilita<\/a><\/p><\/blockquote>\n<p><iframe loading=\"lazy\" class=\"wp-embedded-content\" sandbox=\"allow-scripts\" security=\"restricted\" style=\"position: absolute; visibility: hidden;\" title=\"&#8220;viabilita&#8221; &#8212; Radio Pi\u00f9\" src=\"https:\/\/www.radiopiu.net\/wordpress\/viabilita-2\/embed\/#?secret=aHE2ghHn6w#?secret=anbTRRvwF9\" data-secret=\"anbTRRvwF9\" width=\"600\" height=\"338\" frameborder=\"0\" marginwidth=\"0\" marginheight=\"0\" scrolling=\"no\"><\/iframe><\/p>\n<p>&nbsp;<\/p>\n<p>&nbsp;<\/p>\n<hr \/>\n<p>&nbsp;<\/p>\n<p><a class=\"dt-pswp-item\" href=\"https:\/\/www.radiopiu.net\/wordpress\/wp-content\/uploads\/2018\/09\/WhatsApp-Image-2018-09-20-at-16.04.06.jpeg\" data-dt-img-description=\"\" data-large_image_width=\"800\" data-large_image_height=\"100\"><img loading=\"lazy\" decoding=\"async\" class=\"wp-image-61378 size-full aligncenter\" src=\"https:\/\/www.radiopiu.net\/wordpress\/wp-content\/uploads\/2018\/09\/WhatsApp-Image-2018-09-20-at-16.04.06.jpeg\" alt=\"\" width=\"800\" height=\"100\" srcset=\"https:\/\/www.radiopiu.net\/wordpress\/wp-content\/uploads\/2018\/09\/WhatsApp-Image-2018-09-20-at-16.04.06.jpeg 800w, https:\/\/www.radiopiu.net\/wordpress\/wp-content\/uploads\/2018\/09\/WhatsApp-Image-2018-09-20-at-16.04.06-300x38.jpeg 300w, https:\/\/www.radiopiu.net\/wordpress\/wp-content\/uploads\/2018\/09\/WhatsApp-Image-2018-09-20-at-16.04.06-768x96.jpeg 768w\" sizes=\"auto, (max-width: 800px) 100vw, 800px\" \/><\/a><\/p>\n<p>&nbsp;<\/p>\n<p><strong>OGGI<\/strong>\u00a0Al mattino nubi medie stratiforme, in parziale diradamento con qualche momento soleggiato nelle ore centrali del giorno, prima che la nuvolosit\u00e0 medio-alta riporti una copertura nuvolosa estesa nel pomeriggio, magari con qualche debole precipitazione sparsa. Il contesto termico sar\u00e0 di nuovo pi\u00f9 fresco.<br \/>\n<strong>Precipitazioni.<\/strong> Assenti <strong>Temperature.<\/strong> In generale nuovo calo, salvo aumento delle minime nelle valli.<\/p>\n<p><b>DOMANI<\/b> Lieve maltempo tra la notte ed il mattino con cielo molto nuvoloso o coperto associato a deboli precipitazioni sparse. Al pomeriggio miglioramento del tempo con diradamento della nuvolosit\u00e0 ed ampi rasserenamenti a partire dalle Dolomiti, in estensione alle Prealpi entro la sera. Contesto termico sempre fresco per il periodo. <strong>Precipitazioni.<\/strong> Probabili nuove precipitazioni tra la notte ed il mattino (50-70%), nevose sopra i 2300-2400 m, poifFenomeni in esaurimento.<\/p>\n<p><strong>MERCOLEDI.<\/strong> Fino a met\u00e0 pomeriggio tempo ben soleggiato con cielo sereno, mentre da met\u00e0 pomeriggio in poi graduale aumento della nuvolosit\u00e0 medio-alta stratiforme a partire da est. Alla sera cielo nuvoloso ovunque. Temperature minime in lieve calo e massime in ripresa.<\/p>\n<p><strong>GIOVEDI<\/strong> Tempo variabile con qualche schiarita e molte nubi stratiformi, spesso senza precipitazioni, mentre in alcuni momenti non sar\u00e0 da escludere qualche pioviggina e qualche fiocco di neve sopra i 2600-2700 m, ma senza apporti se non irrisori. Temperature minime in aumento e massime di nuovo in contenuta flessione per deficit di sole.<\/p>\n<p><a class=\"dt-pswp-item\" href=\"https:\/\/www.radiopiu.net\/wordpress\/wp-content\/uploads\/2018\/09\/sport.jpg\" data-dt-img-description=\"\" data-large_image_width=\"800\" data-large_image_height=\"100\"><img loading=\"lazy\" decoding=\"async\" class=\"aligncenter wp-image-60761 size-full\" src=\"https:\/\/www.radiopiu.net\/wordpress\/wp-content\/uploads\/2018\/09\/sport.jpg\" alt=\"\" width=\"800\" height=\"100\" srcset=\"https:\/\/www.radiopiu.net\/wordpress\/wp-content\/uploads\/2018\/09\/sport.jpg 800w, https:\/\/www.radiopiu.net\/wordpress\/wp-content\/uploads\/2018\/09\/sport-300x38.jpg 300w, https:\/\/www.radiopiu.net\/wordpress\/wp-content\/uploads\/2018\/09\/sport-768x96.jpg 768w\" sizes=\"auto, (max-width: 800px) 100vw, 800px\" \/><\/a><\/p>\n<p><span style=\"color: #0000ff;\">MOTORI<\/span><\/p>\n<div class=\"flex max-w-full flex-col flex-grow\">\n<div class=\"min-h-[20px] text-message flex w-full flex-col items-end gap-2 whitespace-normal break-words [.text-message+&amp;]:mt-5\" dir=\"auto\" data-message-author-role=\"assistant\" data-message-id=\"45546ff5-f9d6-44c3-8dad-9f2dadb1cafc\">\n<div class=\"flex w-full flex-col gap-1 empty:hidden first:pt-[3px]\">\n<div class=\"markdown prose w-full break-words dark:prose-invert dark\">\n<blockquote>\n<h2><strong><a class=\"dt-pswp-item\" href=\"https:\/\/www.radiopiu.net\/wordpress\/wp-content\/uploads\/2024\/09\/Podio-2024WhatsApp-Image-2024-09-15-at-17.18.22.jpeg\" data-dt-img-description=\"\" data-large_image_width=\"1280\" data-large_image_height=\"853\"><img loading=\"lazy\" decoding=\"async\" class=\" wp-image-409547 alignleft\" src=\"https:\/\/www.radiopiu.net\/wordpress\/wp-content\/uploads\/2024\/09\/Podio-2024WhatsApp-Image-2024-09-15-at-17.18.22-300x200.jpeg\" alt=\"\" width=\"278\" height=\"185\" srcset=\"https:\/\/www.radiopiu.net\/wordpress\/wp-content\/uploads\/2024\/09\/Podio-2024WhatsApp-Image-2024-09-15-at-17.18.22-300x200.jpeg 300w, https:\/\/www.radiopiu.net\/wordpress\/wp-content\/uploads\/2024\/09\/Podio-2024WhatsApp-Image-2024-09-15-at-17.18.22-1024x682.jpeg 1024w, https:\/\/www.radiopiu.net\/wordpress\/wp-content\/uploads\/2024\/09\/Podio-2024WhatsApp-Image-2024-09-15-at-17.18.22-768x512.jpeg 768w, https:\/\/www.radiopiu.net\/wordpress\/wp-content\/uploads\/2024\/09\/Podio-2024WhatsApp-Image-2024-09-15-at-17.18.22.jpeg 1280w\" sizes=\"auto, (max-width: 278px) 100vw, 278px\" \/><\/a>Degasperi trionfa alla 40^ Pedavena-Croce D\u2019Aune<\/strong><\/h2>\n<p><span class=\"\">il bravo pilota di casa Denis Mezzacasa ha portato la Seat Leon Supercopa ancora una volta davanti a tutti. <\/span><\/p><\/blockquote>\n<p>Diego Degasperi ha vinto la 40^ edizione della cronoscalata Pedavena-Croce D\u2019Aune, imponendosi con un tempo di 1\u201950\u201d32 sulla Norma M20 FC Zytek. Ha battuto al fotofinish Franco Caruso su Nova Proto NP 01-2 con un distacco di soli 33 centesimi. La gara, 14\u00b0 appuntamento del Campionato Italiano Velocit\u00e0 Montagna, \u00e8 stata segnata da un incidente che ha coinvolto uno spettatore in zona vietata. Per questo motivo, la seconda manche \u00e8 stata annullata. Tra le auto storiche, Denny Zardo ha dominato il 4\u00b0 Raggruppamento su Giada T118.<\/p>\n<p><span class=\"\"><b class=\"\">Top 10 della 40^ Pedavena Croce D\u2019Aune<\/b>. 1 Degasperi (Norma M20 FC Zytek) 1\u201950\u201d32; 2 Caruso (Nova Proto NP 01-2) a 0\u201d33; 3 Maroni (Nova Proto NP 01-3) a 4\u201d62; 4 Moratelli (Nova Proto NP 01) a 7\u201d00; 5 Venturato (Nova Proto NP03) a 9\u201d56; 6 Golin (Osella PA 21 Jrb) a 11\u201d55; 7 Farris (Wolf GB 08 Mistral) a 12\u201d11; 8 Schena (Nova Proto NP 03) a 12\u201d13; 9 Zandon\u00e0 (Wolf Thunder Aprilia) a 16\u201d04); 10 Gazziero (Nova Proto NP03) a 16\u201d75.Tutte le info su <a class=\"\" href=\"http:\/\/www.pedavenacrocedaune.com\/\">www.pedavenacrocedaune.com<\/a> .\u00a0<\/span><\/p>\n<table>\n<thead>\n<tr>\n<th>Posizione<\/th>\n<th>Pilota<\/th>\n<th>Auto<\/th>\n<th>Tempo<\/th>\n<\/tr>\n<\/thead>\n<tbody>\n<tr>\n<td>1<\/td>\n<td>D. Degasperi<\/td>\n<td>Norma M20 FC Zytek<\/td>\n<td>1\u201950\u201d32<\/td>\n<\/tr>\n<tr>\n<td>2<\/td>\n<td>F. Caruso<\/td>\n<td>Nova Proto NP 01-2<\/td>\n<td>+0\u201d33<\/td>\n<\/tr>\n<tr>\n<td>3<\/td>\n<td>G. Maroni<\/td>\n<td>Nova Proto NP 01-3<\/td>\n<td>+4\u201d62<\/td>\n<\/tr>\n<\/tbody>\n<\/table>\n<\/div>\n<\/div>\n<\/div>\n<\/div>\n<blockquote><p>FOTO ErregiMedia<\/p>\n<p>&nbsp;<\/p>\n<h2><\/h2>\n<\/blockquote>\n<p><span style=\"color: #0000ff;\"><strong>CALCIO<\/strong><\/span><\/p>\n<blockquote>\n<h2>AGORDINA: BENE GLI ALLIEVI, ESORDIO AMARO IN TERZA CATEGORIA<\/h2>\n<\/blockquote>\n<p><span style=\"color: #ff0000;\"><strong>TERZA CATEGORIA<\/strong><\/span><\/p>\n<p><strong>AURONZO \u2013 AGORDINA 2-1<\/strong><\/p>\n<p>GOL AGORDINA: Marcon<\/p>\n<p>Esordio amaro per l\u2019Agordina di Elvio Chiea che torna dalla lunga trasferta in terra cadorina con una sconfitta di misura contro l\u2019Auronzo. Prima partita di campionato con alti e bassi per l&#8217;Agordina ad Auronzo. Alcuni errori di troppo hanno condizionato la gara contro una squadra di casa ben organizzata. L&#8217;Agordina era riuscita a passare in vantaggio con Tommaso Marcon, ma i padroni di casa, grazie a Doriguzzi, prima hanno pareggiato e poi, nella ripresa, sono riusciti a portarsi in vantaggio, determinando cos\u00ec il risultato finale. L&#8217;Agordina dovr\u00e0 lavorare su alcune situazioni di gioco e migliorare la condizione fisica<\/p>\n<p>&nbsp;<\/p>\n<p><span style=\"color: #ff0000;\"><strong><a class=\"dt-pswp-item\" href=\"https:\/\/www.radiopiu.net\/wordpress\/wp-content\/uploads\/2024\/09\/ab1da9c3-6efa-4517-972d-2b6ff61cedce.jpg\" data-dt-img-description=\"\" data-large_image_width=\"1582\" data-large_image_height=\"967\"><img loading=\"lazy\" decoding=\"async\" class=\" wp-image-409581 alignleft\" src=\"https:\/\/www.radiopiu.net\/wordpress\/wp-content\/uploads\/2024\/09\/ab1da9c3-6efa-4517-972d-2b6ff61cedce-300x183.jpg\" alt=\"\" width=\"177\" height=\"108\" srcset=\"https:\/\/www.radiopiu.net\/wordpress\/wp-content\/uploads\/2024\/09\/ab1da9c3-6efa-4517-972d-2b6ff61cedce-300x183.jpg 300w, https:\/\/www.radiopiu.net\/wordpress\/wp-content\/uploads\/2024\/09\/ab1da9c3-6efa-4517-972d-2b6ff61cedce-1024x626.jpg 1024w, https:\/\/www.radiopiu.net\/wordpress\/wp-content\/uploads\/2024\/09\/ab1da9c3-6efa-4517-972d-2b6ff61cedce-768x469.jpg 768w, https:\/\/www.radiopiu.net\/wordpress\/wp-content\/uploads\/2024\/09\/ab1da9c3-6efa-4517-972d-2b6ff61cedce-1536x939.jpg 1536w, https:\/\/www.radiopiu.net\/wordpress\/wp-content\/uploads\/2024\/09\/ab1da9c3-6efa-4517-972d-2b6ff61cedce.jpg 1582w\" sizes=\"auto, (max-width: 177px) 100vw, 177px\" \/><\/a>ALLIEVI PROVINCIALI<\/strong><\/span><\/p>\n<p><strong>AGORDINA \u2013 PIAVE 3-2<\/strong><\/p>\n<p>Nel debutto stagionale, l\u2019Agordina conquista i primi tre punti non senza qualche difficolt\u00e0. Dopo un inizio promettente, un errore difensivo al 10\u2019 permette al Piave di passare in vantaggio. Il pareggio arriva al 35\u2019 con Manuel Soccol, ma la difesa concede subito un altro gol agli avversari. Tobias Andrich riporta la parit\u00e0 al 43\u2019 con un diagonale. Il secondo tempo \u00e8 meno brillante, ma al 37&#8242; una punizione di Gabriele Soppelsa, con l&#8217;aiuto del portiere, regala la vittoria alla compagine di Agordo.<\/p>\n<p>&nbsp;<\/p>\n<p>&nbsp;<\/p>\n<p>********<\/p>\n<blockquote><p>&nbsp;<\/p><\/blockquote>\n<p><span style=\"color: #0000ff;\"><strong>\u00a0CORSA<\/strong><\/span><\/p>\n<blockquote>\n<h2>22a Edizione della &#8220;Coron tuti coi Donatori&#8221; A.B.V.S. Cencenighe Agordino<\/h2>\n<\/blockquote>\n<p>CON LA COLLABORAZIONE DI MAURO GROPPA<\/p>\n<p>CENCENIGHE 80 impavidi atleti hanno affrontato il gelido vento del nord con 11\u00b0C per le strade, i boschi e i prati di Cencenighe per onorare<br \/>\nil Memorial Alberto de Villa Gobbo donatore della sezione prematuramente scomparso, erano presenti anche le amiche della Sezione di Sedico dove Alberto viveva. Due le distanze sullo stesso percorso di 3 km e 7km. I vincitori assoluti sono: <strong>Femminile<\/strong> De Col\u00f2 Francesca in 32.26min<br \/>\n<strong>Maschile<\/strong> Alchini Luca in 29.00min <strong>i Primi Donatori: <\/strong>Soccol Luca e Todesco Monica <strong>Tradizionale Puina<\/strong> all&#8217;ultima\/o classificata\/o<\/p>\n<p>La sezione ringrazia tutti i collaboratori e appassionati che hanno contribuito alla realizzazione della manifestazione importante per promuovere la donazione del sangue. Arrivederci al 2025 confidando in una calda giornata di sole.<\/p>\n<p><a class=\"dt-pswp-item\" href=\"https:\/\/www.radiopiu.net\/wordpress\/wp-content\/uploads\/2024\/09\/1dbff70a-b981-4e26-8818-0a98f2a0edb0.jpg\" data-dt-img-description=\"\" data-large_image_width=\"1204\" data-large_image_height=\"1600\"><img loading=\"lazy\" decoding=\"async\" class=\"alignnone size-medium wp-image-409566\" src=\"https:\/\/www.radiopiu.net\/wordpress\/wp-content\/uploads\/2024\/09\/1dbff70a-b981-4e26-8818-0a98f2a0edb0-226x300.jpg\" alt=\"\" width=\"226\" height=\"300\" srcset=\"https:\/\/www.radiopiu.net\/wordpress\/wp-content\/uploads\/2024\/09\/1dbff70a-b981-4e26-8818-0a98f2a0edb0-226x300.jpg 226w, https:\/\/www.radiopiu.net\/wordpress\/wp-content\/uploads\/2024\/09\/1dbff70a-b981-4e26-8818-0a98f2a0edb0-771x1024.jpg 771w, https:\/\/www.radiopiu.net\/wordpress\/wp-content\/uploads\/2024\/09\/1dbff70a-b981-4e26-8818-0a98f2a0edb0-768x1021.jpg 768w, https:\/\/www.radiopiu.net\/wordpress\/wp-content\/uploads\/2024\/09\/1dbff70a-b981-4e26-8818-0a98f2a0edb0-1156x1536.jpg 1156w, https:\/\/www.radiopiu.net\/wordpress\/wp-content\/uploads\/2024\/09\/1dbff70a-b981-4e26-8818-0a98f2a0edb0.jpg 1204w\" sizes=\"auto, (max-width: 226px) 100vw, 226px\" \/><\/a><a class=\"dt-pswp-item\" href=\"https:\/\/www.radiopiu.net\/wordpress\/wp-content\/uploads\/2024\/09\/33cce905-ef11-4970-9bf9-d646bf056e98.jpg\" data-dt-img-description=\"\" data-large_image_width=\"1204\" data-large_image_height=\"1600\"><img loading=\"lazy\" decoding=\"async\" class=\"alignnone size-medium wp-image-409568\" src=\"https:\/\/www.radiopiu.net\/wordpress\/wp-content\/uploads\/2024\/09\/33cce905-ef11-4970-9bf9-d646bf056e98-226x300.jpg\" alt=\"\" width=\"226\" height=\"300\" srcset=\"https:\/\/www.radiopiu.net\/wordpress\/wp-content\/uploads\/2024\/09\/33cce905-ef11-4970-9bf9-d646bf056e98-226x300.jpg 226w, https:\/\/www.radiopiu.net\/wordpress\/wp-content\/uploads\/2024\/09\/33cce905-ef11-4970-9bf9-d646bf056e98-771x1024.jpg 771w, https:\/\/www.radiopiu.net\/wordpress\/wp-content\/uploads\/2024\/09\/33cce905-ef11-4970-9bf9-d646bf056e98-768x1021.jpg 768w, https:\/\/www.radiopiu.net\/wordpress\/wp-content\/uploads\/2024\/09\/33cce905-ef11-4970-9bf9-d646bf056e98-1156x1536.jpg 1156w, https:\/\/www.radiopiu.net\/wordpress\/wp-content\/uploads\/2024\/09\/33cce905-ef11-4970-9bf9-d646bf056e98.jpg 1204w\" sizes=\"auto, (max-width: 226px) 100vw, 226px\" \/><\/a><a class=\"dt-pswp-item\" href=\"https:\/\/www.radiopiu.net\/wordpress\/wp-content\/uploads\/2024\/09\/30a36726-ebcd-49b4-b4c9-9cbeef9dbc30.jpg\" data-dt-img-description=\"\" data-large_image_width=\"1080\" data-large_image_height=\"1920\"><img loading=\"lazy\" decoding=\"async\" class=\"alignnone size-medium wp-image-409567\" src=\"https:\/\/www.radiopiu.net\/wordpress\/wp-content\/uploads\/2024\/09\/30a36726-ebcd-49b4-b4c9-9cbeef9dbc30-169x300.jpg\" alt=\"\" width=\"169\" height=\"300\" srcset=\"https:\/\/www.radiopiu.net\/wordpress\/wp-content\/uploads\/2024\/09\/30a36726-ebcd-49b4-b4c9-9cbeef9dbc30-169x300.jpg 169w, https:\/\/www.radiopiu.net\/wordpress\/wp-content\/uploads\/2024\/09\/30a36726-ebcd-49b4-b4c9-9cbeef9dbc30-576x1024.jpg 576w, https:\/\/www.radiopiu.net\/wordpress\/wp-content\/uploads\/2024\/09\/30a36726-ebcd-49b4-b4c9-9cbeef9dbc30-768x1365.jpg 768w, https:\/\/www.radiopiu.net\/wordpress\/wp-content\/uploads\/2024\/09\/30a36726-ebcd-49b4-b4c9-9cbeef9dbc30-864x1536.jpg 864w, https:\/\/www.radiopiu.net\/wordpress\/wp-content\/uploads\/2024\/09\/30a36726-ebcd-49b4-b4c9-9cbeef9dbc30.jpg 1080w\" sizes=\"auto, (max-width: 169px) 100vw, 169px\" \/><\/a><\/p>\n<h2><del><\/p>\n<hr \/>\n<p>&nbsp;<\/p>\n<p>&nbsp;<\/p>\n<p>&nbsp;<\/p>\n<p>&nbsp;<\/p>\n<p>&nbsp;<\/p>\n<p>&nbsp;<\/p>\n<p>&nbsp;<\/p>\n<p>&nbsp;<\/p>\n<p>&nbsp;<\/p>\n<p>&nbsp;<\/p>\n<p><\/del><\/h2>\n<blockquote>\n<h2>IL FASSA VINCE ALL&#8217;OVERTIME CONTRO LE CIVETTE<\/h2>\n<\/blockquote>\n<p><strong><a class=\"dt-pswp-item\" href=\"https:\/\/www.radiopiu.net\/wordpress\/wp-content\/uploads\/2024\/09\/99dd1fb2-a382-4f3a-bbf1-2f24e2c15ac6.jpg\" data-dt-img-description=\"\" data-large_image_width=\"1600\" data-large_image_height=\"1357\"><img loading=\"lazy\" decoding=\"async\" class=\"size-medium wp-image-409557 alignleft\" src=\"https:\/\/www.radiopiu.net\/wordpress\/wp-content\/uploads\/2024\/09\/99dd1fb2-a382-4f3a-bbf1-2f24e2c15ac6-300x254.jpg\" alt=\"\" width=\"300\" height=\"254\" srcset=\"https:\/\/www.radiopiu.net\/wordpress\/wp-content\/uploads\/2024\/09\/99dd1fb2-a382-4f3a-bbf1-2f24e2c15ac6-300x254.jpg 300w, https:\/\/www.radiopiu.net\/wordpress\/wp-content\/uploads\/2024\/09\/99dd1fb2-a382-4f3a-bbf1-2f24e2c15ac6-1024x868.jpg 1024w, https:\/\/www.radiopiu.net\/wordpress\/wp-content\/uploads\/2024\/09\/99dd1fb2-a382-4f3a-bbf1-2f24e2c15ac6-768x651.jpg 768w, https:\/\/www.radiopiu.net\/wordpress\/wp-content\/uploads\/2024\/09\/99dd1fb2-a382-4f3a-bbf1-2f24e2c15ac6-1536x1303.jpg 1536w, https:\/\/www.radiopiu.net\/wordpress\/wp-content\/uploads\/2024\/09\/99dd1fb2-a382-4f3a-bbf1-2f24e2c15ac6.jpg 1600w\" sizes=\"auto, (max-width: 300px) 100vw, 300px\" \/><\/a>DI ROBERTO MIANA, PORTAVOCE DELL&#8217;ALLEGHE HOCKEY<\/strong><\/p>\n<p><strong>FASSA &#8211; ALLEGHE 4-3 dot<\/strong><br \/>\nPARZIALI: 0-1, 1-0, 2-2, 1-0<\/p>\n<p>pt. 17:46 Alexandrov, st. 2:19 De Luca, tt. 0:25 M\u00e4kela, 6:30 Caimi, 9:08 Cassan, 16:48 Moberg, ot. 3:25 Salo<\/p>\n<p>Seconda e ultima amichevole pre-campionato per le Civette, prima dell\u2019esordio di campionato sabato 21 settembre a Caldaro.<br \/>\nA Canazei i padroni di casa del Fassa si sono aggiudicati la gara all\u2019overtime, dopo che i tempi regolamentari si erano chiusi sul 3-3. Buona partita dei biancorossi che quasi al completo, con la sola assenza di capitan Milos Ganz in fase di recupero dopo l\u2019infortunio della passata stagione, hanno giocato alla pari contro i Falchi padroni di casa. L\u2019Alleghe si porta in vantaggio nel finale di primo tempo con un forte e preciso tiro dalla distanza dell\u2019ucraino Alexander. Il Fassa giunge al pareggio in apertura di secondo drittel con De Luca. Gli alleghesi non demordono e si riportano in vantaggio dopo pochi secondi dall\u2019inizio dell\u2019ultimo parziale con il finlandese M\u00e4kela. I Falchi non ci stanno e in meno di tre minuti ribaltano il punteggio con Caimi e Cassan, ma nel forcing finale il nostro Giacomo Alessio si guadagna un penalty realizzato poi magistralmente da Moberg, che riporta meritatamente la gara in parit\u00e0. Nel supplementare padroni di casa sono pi\u00f9 lucidi e, subito dopo una clamorosa traversa dell\u2019Alleghe con Moberg, chiudono l\u2019incontro grazie ad una rasoiata di Salo, che comunque non inficia la buona sgambata dei nostri ragazzi.<\/p>\n<p><a class=\"dt-pswp-item\" href=\"https:\/\/www.radiopiu.net\/wordpress\/wp-content\/uploads\/2024\/09\/e5afe3b1-84c8-4e17-925b-5f1ef96ec573.jpg\" data-dt-img-description=\"\" data-large_image_width=\"1200\" data-large_image_height=\"1600\"><img loading=\"lazy\" decoding=\"async\" class=\"alignnone wp-image-409558\" src=\"https:\/\/www.radiopiu.net\/wordpress\/wp-content\/uploads\/2024\/09\/e5afe3b1-84c8-4e17-925b-5f1ef96ec573-225x300.jpg\" alt=\"\" width=\"166\" height=\"222\" srcset=\"https:\/\/www.radiopiu.net\/wordpress\/wp-content\/uploads\/2024\/09\/e5afe3b1-84c8-4e17-925b-5f1ef96ec573-225x300.jpg 225w, https:\/\/www.radiopiu.net\/wordpress\/wp-content\/uploads\/2024\/09\/e5afe3b1-84c8-4e17-925b-5f1ef96ec573-768x1024.jpg 768w, https:\/\/www.radiopiu.net\/wordpress\/wp-content\/uploads\/2024\/09\/e5afe3b1-84c8-4e17-925b-5f1ef96ec573-1152x1536.jpg 1152w, https:\/\/www.radiopiu.net\/wordpress\/wp-content\/uploads\/2024\/09\/e5afe3b1-84c8-4e17-925b-5f1ef96ec573.jpg 1200w\" sizes=\"auto, (max-width: 166px) 100vw, 166px\" \/><\/a><a class=\"dt-pswp-item\" href=\"https:\/\/www.radiopiu.net\/wordpress\/wp-content\/uploads\/2024\/09\/b1689759-735c-4036-9e34-9b02d29ddac2.jpg\" data-dt-img-description=\"\" data-large_image_width=\"1600\" data-large_image_height=\"1200\"><img loading=\"lazy\" decoding=\"async\" class=\"alignnone size-medium wp-image-409559\" src=\"https:\/\/www.radiopiu.net\/wordpress\/wp-content\/uploads\/2024\/09\/b1689759-735c-4036-9e34-9b02d29ddac2-300x225.jpg\" alt=\"\" width=\"300\" height=\"225\" srcset=\"https:\/\/www.radiopiu.net\/wordpress\/wp-content\/uploads\/2024\/09\/b1689759-735c-4036-9e34-9b02d29ddac2-300x225.jpg 300w, https:\/\/www.radiopiu.net\/wordpress\/wp-content\/uploads\/2024\/09\/b1689759-735c-4036-9e34-9b02d29ddac2-1024x768.jpg 1024w, https:\/\/www.radiopiu.net\/wordpress\/wp-content\/uploads\/2024\/09\/b1689759-735c-4036-9e34-9b02d29ddac2-768x576.jpg 768w, https:\/\/www.radiopiu.net\/wordpress\/wp-content\/uploads\/2024\/09\/b1689759-735c-4036-9e34-9b02d29ddac2-1536x1152.jpg 1536w, https:\/\/www.radiopiu.net\/wordpress\/wp-content\/uploads\/2024\/09\/b1689759-735c-4036-9e34-9b02d29ddac2.jpg 1600w\" sizes=\"auto, (max-width: 300px) 100vw, 300px\" \/><\/a><a class=\"dt-pswp-item\" href=\"https:\/\/www.radiopiu.net\/wordpress\/wp-content\/uploads\/2024\/09\/ffab12b1-9ad4-4551-b72b-2772fd46aa86.jpg\" data-dt-img-description=\"\" data-large_image_width=\"1200\" data-large_image_height=\"1600\"><img loading=\"lazy\" decoding=\"async\" class=\"alignnone wp-image-409560\" src=\"https:\/\/www.radiopiu.net\/wordpress\/wp-content\/uploads\/2024\/09\/ffab12b1-9ad4-4551-b72b-2772fd46aa86-225x300.jpg\" alt=\"\" width=\"170\" height=\"226\" srcset=\"https:\/\/www.radiopiu.net\/wordpress\/wp-content\/uploads\/2024\/09\/ffab12b1-9ad4-4551-b72b-2772fd46aa86-225x300.jpg 225w, https:\/\/www.radiopiu.net\/wordpress\/wp-content\/uploads\/2024\/09\/ffab12b1-9ad4-4551-b72b-2772fd46aa86-768x1024.jpg 768w, https:\/\/www.radiopiu.net\/wordpress\/wp-content\/uploads\/2024\/09\/ffab12b1-9ad4-4551-b72b-2772fd46aa86-1152x1536.jpg 1152w, https:\/\/www.radiopiu.net\/wordpress\/wp-content\/uploads\/2024\/09\/ffab12b1-9ad4-4551-b72b-2772fd46aa86.jpg 1200w\" sizes=\"auto, (max-width: 170px) 100vw, 170px\" \/><\/a><\/p>\n<p>&nbsp;<\/p>\n<p>&nbsp;<\/p>\n<p>&nbsp;<\/p>\n<blockquote>\n<h2>\u00a0PRESIDENTE ADRIANO LEVIS&#8230;. LI HAI TUTTI QUI DAVANTI<\/h2>\n<\/blockquote>\n<p><a class=\"dt-pswp-item\" href=\"https:\/\/www.radiopiu.net\/wordpress\/wp-content\/uploads\/2024\/09\/f5ef2770-8378-4920-aff2-e2fa26e27359.jpg\" data-dt-img-description=\"\" data-large_image_width=\"934\" data-large_image_height=\"726\"><img loading=\"lazy\" decoding=\"async\" class=\"size-medium wp-image-409536 alignleft\" src=\"https:\/\/www.radiopiu.net\/wordpress\/wp-content\/uploads\/2024\/09\/f5ef2770-8378-4920-aff2-e2fa26e27359-300x233.jpg\" alt=\"\" width=\"300\" height=\"233\" srcset=\"https:\/\/www.radiopiu.net\/wordpress\/wp-content\/uploads\/2024\/09\/f5ef2770-8378-4920-aff2-e2fa26e27359-300x233.jpg 300w, https:\/\/www.radiopiu.net\/wordpress\/wp-content\/uploads\/2024\/09\/f5ef2770-8378-4920-aff2-e2fa26e27359-768x597.jpg 768w, https:\/\/www.radiopiu.net\/wordpress\/wp-content\/uploads\/2024\/09\/f5ef2770-8378-4920-aff2-e2fa26e27359.jpg 934w\" sizes=\"auto, (max-width: 300px) 100vw, 300px\" \/><\/a>Come da tradizione consolidata anche quest\u2019anno si \u00e8 svolta la presentazione della famiglia dell\u2019Alleghe Hockey. Nell\u2019incantevole cornice di Alleghe Beach, alla presenza degli appassionati e dei calorosi ragazzi dei Warriors, il tifo organizzato biancorosso, l\u2019immancabile \u201cregista\u201d della manifestazione Mirko Mezzacasa di Radio Pi\u00f9 ha presentato l\u2019evento al quale sono intervenuti dirigenti e personalit\u00e0 istituzionali. Sono stati chiamati tutti i giocatori che parteciperanno ai vari campionati di categoria: dai pi\u00f9 piccoli che cominciano a prendere confidenza con i pattini fino alla prima squadra dell\u2019Italian Hockey League.<br \/>\nHanno aperto la festa in famiglia, come \u00e8 giusto che sia, il presidente Adriano Levis, con il vicepresidente Matthias Levis e il direttore sportivo Manuel Da Tos. L\u2019amministrazione comunale, che non fa mai mancare il supporto al sodalizio biancorosso con il vicesindaco di Alleghe Gianpaolo De Bernardin coadiuvato da Morena Stefanon consigliera con delega allo sport. Presente come sempre anche Nadia Bortot, consigliera della FISG e il vice presidente del Pieve di Cadore Angelo De Polo, sodalizio con il quale l\u2019Alleghe Hockey tiene il farm team. La manifestazione si \u00e8 conclusa con la meritatissima premiazione, da parte del presidente Levis, della bandiera biancorossa Carlo Lorenzi, omaggiato con una targa ricordo alla sua esemplare carriera in riva al lago con la maglia biancorossa.<br \/>\nSi ringraziano calorosamente tutti i volontari che, con il loro ottimo lavoro, hanno reso possibile lo svolgimento della manifestazione, il comune di Alleghe e un grande grazie a Boris e al suo staff dell\u2019Alleghe beach, che ha messo a disposizione gli spazi del chiosco in riva al lago. Immancabile anche il ringraziamento ad Annalisa Dal Mas e Matteo Floridia, i nostri fotografi che con le loro immagini ci fanno il fotoracconto della stagione. Ringraziamo anche Mirko Mezzacasa\u00a0che da oltre quarant\u2019anni, con\u00a0la sua Radio Pi\u00f9, avvalendosi della preziosa collaborazione di Marco Gaz, segue e supporta con passione e professionalit\u00e0 le vicende dell\u2019Alleghe Hockey.<\/p>\n<p>Roberto Miana<\/p>\n<p>https:\/\/www.facebook.com\/radiopiu\/videos\/375744508922135<\/p>\n<p>&nbsp;<\/p>\n<h2>UN UOMO, UN ESEMPIO, RICONOSCENTI A CARLO CIAKY LORENZI<\/h2>\n<p>https:\/\/www.facebook.com\/radiopiu\/videos\/499106233038777<\/p>\n<p>&nbsp;<\/p>\n<blockquote>\n<h1>ARRIVANO I NOSTRI<\/h1>\n<\/blockquote>\n<div style=\"width: 848px;\" class=\"wp-video\"><video class=\"wp-video-shortcode\" id=\"video-409535-1\" width=\"848\" height=\"480\" preload=\"metadata\" controls=\"controls\"><source type=\"video\/mp4\" src=\"https:\/\/www.radiopiu.net\/wordpress\/wp-content\/uploads\/2024\/09\/WhatsApp-Video-2024-09-15-at-11.49.08.mp4?_=1\" \/><a href=\"https:\/\/www.radiopiu.net\/wordpress\/wp-content\/uploads\/2024\/09\/WhatsApp-Video-2024-09-15-at-11.49.08.mp4\">https:\/\/www.radiopiu.net\/wordpress\/wp-content\/uploads\/2024\/09\/WhatsApp-Video-2024-09-15-at-11.49.08.mp4<\/a><\/video><\/div>\n<p>foto brunella moro<\/p>\n<p><a class=\"dt-pswp-item\" href=\"https:\/\/www.radiopiu.net\/wordpress\/wp-content\/uploads\/2024\/09\/77286d04-608e-4011-96ba-2d0866a03521.jpg\" data-dt-img-description=\"\" data-large_image_width=\"1600\" data-large_image_height=\"1200\"><img loading=\"lazy\" decoding=\"async\" class=\"alignnone wp-image-409514\" src=\"https:\/\/www.radiopiu.net\/wordpress\/wp-content\/uploads\/2024\/09\/77286d04-608e-4011-96ba-2d0866a03521-300x225.jpg\" alt=\"\" width=\"245\" height=\"184\" srcset=\"https:\/\/www.radiopiu.net\/wordpress\/wp-content\/uploads\/2024\/09\/77286d04-608e-4011-96ba-2d0866a03521-300x225.jpg 300w, https:\/\/www.radiopiu.net\/wordpress\/wp-content\/uploads\/2024\/09\/77286d04-608e-4011-96ba-2d0866a03521-1024x768.jpg 1024w, https:\/\/www.radiopiu.net\/wordpress\/wp-content\/uploads\/2024\/09\/77286d04-608e-4011-96ba-2d0866a03521-768x576.jpg 768w, https:\/\/www.radiopiu.net\/wordpress\/wp-content\/uploads\/2024\/09\/77286d04-608e-4011-96ba-2d0866a03521-1536x1152.jpg 1536w, https:\/\/www.radiopiu.net\/wordpress\/wp-content\/uploads\/2024\/09\/77286d04-608e-4011-96ba-2d0866a03521.jpg 1600w\" sizes=\"auto, (max-width: 245px) 100vw, 245px\" \/><\/a><a class=\"dt-pswp-item\" href=\"https:\/\/www.radiopiu.net\/wordpress\/wp-content\/uploads\/2024\/09\/9d1cc58a-5f24-424c-b79e-5aab317c9cc2.jpg\" data-dt-img-description=\"\" data-large_image_width=\"1600\" data-large_image_height=\"934\"><img loading=\"lazy\" decoding=\"async\" class=\"alignnone wp-image-409512\" src=\"https:\/\/www.radiopiu.net\/wordpress\/wp-content\/uploads\/2024\/09\/9d1cc58a-5f24-424c-b79e-5aab317c9cc2-300x175.jpg\" alt=\"\" width=\"317\" height=\"185\" srcset=\"https:\/\/www.radiopiu.net\/wordpress\/wp-content\/uploads\/2024\/09\/9d1cc58a-5f24-424c-b79e-5aab317c9cc2-300x175.jpg 300w, https:\/\/www.radiopiu.net\/wordpress\/wp-content\/uploads\/2024\/09\/9d1cc58a-5f24-424c-b79e-5aab317c9cc2-1024x598.jpg 1024w, https:\/\/www.radiopiu.net\/wordpress\/wp-content\/uploads\/2024\/09\/9d1cc58a-5f24-424c-b79e-5aab317c9cc2-768x448.jpg 768w, https:\/\/www.radiopiu.net\/wordpress\/wp-content\/uploads\/2024\/09\/9d1cc58a-5f24-424c-b79e-5aab317c9cc2-1536x897.jpg 1536w, https:\/\/www.radiopiu.net\/wordpress\/wp-content\/uploads\/2024\/09\/9d1cc58a-5f24-424c-b79e-5aab317c9cc2.jpg 1600w\" sizes=\"auto, (max-width: 317px) 100vw, 317px\" \/><\/a><a class=\"dt-pswp-item\" href=\"https:\/\/www.radiopiu.net\/wordpress\/wp-content\/uploads\/2024\/09\/ca9248cc-2053-455a-8e43-b26136a3e781.jpg\" data-dt-img-description=\"\" data-large_image_width=\"1600\" data-large_image_height=\"1365\"><img loading=\"lazy\" decoding=\"async\" class=\"wp-image-409505 aligncenter\" src=\"https:\/\/www.radiopiu.net\/wordpress\/wp-content\/uploads\/2024\/09\/ca9248cc-2053-455a-8e43-b26136a3e781-300x256.jpg\" alt=\"\" width=\"507\" height=\"432\" srcset=\"https:\/\/www.radiopiu.net\/wordpress\/wp-content\/uploads\/2024\/09\/ca9248cc-2053-455a-8e43-b26136a3e781-300x256.jpg 300w, https:\/\/www.radiopiu.net\/wordpress\/wp-content\/uploads\/2024\/09\/ca9248cc-2053-455a-8e43-b26136a3e781-1024x874.jpg 1024w, https:\/\/www.radiopiu.net\/wordpress\/wp-content\/uploads\/2024\/09\/ca9248cc-2053-455a-8e43-b26136a3e781-768x655.jpg 768w, https:\/\/www.radiopiu.net\/wordpress\/wp-content\/uploads\/2024\/09\/ca9248cc-2053-455a-8e43-b26136a3e781-1536x1310.jpg 1536w, https:\/\/www.radiopiu.net\/wordpress\/wp-content\/uploads\/2024\/09\/ca9248cc-2053-455a-8e43-b26136a3e781.jpg 1600w\" sizes=\"auto, (max-width: 507px) 100vw, 507px\" \/><\/a><\/p>\n","protected":false},"excerpt":{"rendered":"<p>&nbsp; Ritrovato sano e salvo l&#8217;anziano cercatore di funghi disperso nei boschi di Lozzo di Cadore &nbsp; L&#8217;uomo di 70 anni, disperso da ieri pomeriggio, \u00e8 stato localizzato grazie alla tecnologia Lifeseeker dei vigili del fuoco. Recuperato dall&#8217;elicottero del Suem, \u00e8 stato portato in salvo al rifugio Col Baion. &nbsp; &nbsp; Poco dopo le 7:30&hellip;<\/p>\n","protected":false},"author":4,"featured_media":409597,"comment_status":"closed","ping_status":"closed","sticky":false,"template":"","format":"standard","meta":{"_monsterinsights_skip_tracking":false,"_monsterinsights_sitenote_active":false,"_monsterinsights_sitenote_note":"","_monsterinsights_sitenote_category":0,"footnotes":""},"categories":[51,86,49],"tags":[],"class_list":["post-409535","post","type-post","status-publish","format-standard","has-post-thumbnail","hentry","category-evidenza-top","category-gr","category-news-18","category-51","category-86","category-49","description-off"],"img_url":"https:\/\/www.radiopiu.net\/wordpress\/wp-content\/uploads\/2024\/09\/Senza-nome-30.png","_links":{"self":[{"href":"https:\/\/www.radiopiu.net\/wordpress\/wp-json\/wp\/v2\/posts\/409535","targetHints":{"allow":["GET"]}}],"collection":[{"href":"https:\/\/www.radiopiu.net\/wordpress\/wp-json\/wp\/v2\/posts"}],"about":[{"href":"https:\/\/www.radiopiu.net\/wordpress\/wp-json\/wp\/v2\/types\/post"}],"author":[{"embeddable":true,"href":"https:\/\/www.radiopiu.net\/wordpress\/wp-json\/wp\/v2\/users\/4"}],"replies":[{"embeddable":true,"href":"https:\/\/www.radiopiu.net\/wordpress\/wp-json\/wp\/v2\/comments?post=409535"}],"version-history":[{"count":14,"href":"https:\/\/www.radiopiu.net\/wordpress\/wp-json\/wp\/v2\/posts\/409535\/revisions"}],"predecessor-version":[{"id":409546,"href":"https:\/\/www.radiopiu.net\/wordpress\/wp-json\/wp\/v2\/posts\/409535\/revisions\/409546"}],"wp:featuredmedia":[{"embeddable":true,"href":"https:\/\/www.radiopiu.net\/wordpress\/wp-json\/wp\/v2\/media\/409597"}],"wp:attachment":[{"href":"https:\/\/www.radiopiu.net\/wordpress\/wp-json\/wp\/v2\/media?parent=409535"}],"wp:term":[{"taxonomy":"category","embeddable":true,"href":"https:\/\/www.radiopiu.net\/wordpress\/wp-json\/wp\/v2\/categories?post=409535"},{"taxonomy":"post_tag","embeddable":true,"href":"https:\/\/www.radiopiu.net\/wordpress\/wp-json\/wp\/v2\/tags?post=409535"}],"curies":[{"name":"wp","href":"https:\/\/api.w.org\/{rel}","templated":true}]}}