{"id":409548,"date":"2024-09-15T18:02:03","date_gmt":"2024-09-15T16:02:03","guid":{"rendered":"https:\/\/www.radiopiu.net\/wordpress\/?p=409548"},"modified":"2024-09-16T06:01:04","modified_gmt":"2024-09-16T04:01:04","slug":"degasperi-trionfa-alla-40-pedavena-croce-daune","status":"publish","type":"post","link":"https:\/\/www.radiopiu.net\/wordpress\/degasperi-trionfa-alla-40-pedavena-croce-daune\/","title":{"rendered":"Degasperi trionfa alla 40^ Pedavena-Croce D\u2019Aune"},"content":{"rendered":"<p>***<\/p>\n<p>&nbsp;<\/p>\n<p>&nbsp;<\/p>\n<div class=\"flex max-w-full flex-col flex-grow\">\n<div class=\"min-h-[20px] text-message flex w-full flex-col items-end gap-2 whitespace-normal break-words [.text-message+&amp;]:mt-5\" dir=\"auto\" data-message-author-role=\"assistant\" data-message-id=\"45546ff5-f9d6-44c3-8dad-9f2dadb1cafc\">\n<div class=\"flex w-full flex-col gap-1 empty:hidden first:pt-[3px]\">\n<div class=\"markdown prose w-full break-words dark:prose-invert dark\">\n<blockquote>\n<h2><strong><a class=\"dt-pswp-item\" href=\"https:\/\/www.radiopiu.net\/wordpress\/wp-content\/uploads\/2024\/09\/Podio-2024WhatsApp-Image-2024-09-15-at-17.18.22.jpeg\" data-dt-img-description=\"\" data-large_image_width=\"1280\" data-large_image_height=\"853\"><img loading=\"lazy\" decoding=\"async\" class=\" wp-image-409547 alignleft\" src=\"https:\/\/www.radiopiu.net\/wordpress\/wp-content\/uploads\/2024\/09\/Podio-2024WhatsApp-Image-2024-09-15-at-17.18.22-300x200.jpeg\" alt=\"\" width=\"278\" height=\"185\" srcset=\"https:\/\/www.radiopiu.net\/wordpress\/wp-content\/uploads\/2024\/09\/Podio-2024WhatsApp-Image-2024-09-15-at-17.18.22-300x200.jpeg 300w, https:\/\/www.radiopiu.net\/wordpress\/wp-content\/uploads\/2024\/09\/Podio-2024WhatsApp-Image-2024-09-15-at-17.18.22-1024x682.jpeg 1024w, https:\/\/www.radiopiu.net\/wordpress\/wp-content\/uploads\/2024\/09\/Podio-2024WhatsApp-Image-2024-09-15-at-17.18.22-768x512.jpeg 768w, https:\/\/www.radiopiu.net\/wordpress\/wp-content\/uploads\/2024\/09\/Podio-2024WhatsApp-Image-2024-09-15-at-17.18.22.jpeg 1280w\" sizes=\"auto, (max-width: 278px) 100vw, 278px\" \/><\/a><\/strong><span class=\"\"><em>il bravo pilota di casa Denis Mezzacasa ha portato la Seat Leon Supercopa ancora una volta davanti a tutti.<\/em> <\/span><\/h2>\n<\/blockquote>\n<p>Diego Degasperi ha vinto la 40^ edizione della cronoscalata Pedavena-Croce D\u2019Aune, imponendosi con un tempo di 1\u201950\u201d32 sulla Norma M20 FC Zytek. Ha battuto al fotofinish Franco Caruso su Nova Proto NP 01-2 con un distacco di soli 33 centesimi. La gara, 14\u00b0 appuntamento del Campionato Italiano Velocit\u00e0 Montagna, \u00e8 stata segnata da un incidente che ha coinvolto uno spettatore in zona vietata. Per questo motivo, la seconda manche \u00e8 stata annullata. Tra le auto storiche, Denny Zardo ha dominato il 4\u00b0 Raggruppamento su Giada T118.<\/p>\n<p><span class=\"\"><b class=\"\">Top 10 della 40^ Pedavena Croce D\u2019Aune<\/b>. 1 Degasperi (Norma M20 FC Zytek) 1\u201950\u201d32; 2 Caruso (Nova Proto NP 01-2) a 0\u201d33; 3 Maroni (Nova Proto NP 01-3) a 4\u201d62; 4 Moratelli (Nova Proto NP 01) a 7\u201d00; 5 Venturato (Nova Proto NP03) a 9\u201d56; 6 Golin (Osella PA 21 Jrb) a 11\u201d55; 7 Farris (Wolf GB 08 Mistral) a 12\u201d11; 8 Schena (Nova Proto NP 03) a 12\u201d13; 9 Zandon\u00e0 (Wolf Thunder Aprilia) a 16\u201d04); 10 Gazziero (Nova Proto NP03) a 16\u201d75.Tutte le info su <a class=\"\" href=\"http:\/\/www.pedavenacrocedaune.com\/\">www.pedavenacrocedaune.com<\/a> .\u00a0<\/span><\/p>\n<table>\n<thead>\n<tr>\n<th>Posizione<\/th>\n<th>Pilota<\/th>\n<th>Auto<\/th>\n<th>Tempo<\/th>\n<\/tr>\n<\/thead>\n<tbody>\n<tr>\n<td>1<\/td>\n<td>D. Degasperi<\/td>\n<td>Norma M20 FC Zytek<\/td>\n<td>1\u201950\u201d32<\/td>\n<\/tr>\n<tr>\n<td>2<\/td>\n<td>F. Caruso<\/td>\n<td>Nova Proto NP 01-2<\/td>\n<td>+0\u201d33<\/td>\n<\/tr>\n<tr>\n<td>3<\/td>\n<td>G. Maroni<\/td>\n<td>Nova Proto NP 01-3<\/td>\n<td>+4\u201d62<\/td>\n<\/tr>\n<\/tbody>\n<\/table>\n<\/div>\n<\/div>\n<\/div>\n<\/div>\n<blockquote><p>FOTO ErregiMedia<\/p><\/blockquote>\n","protected":false},"excerpt":{"rendered":"<p>*** &nbsp; &nbsp; il bravo pilota di casa Denis Mezzacasa ha portato la Seat Leon Supercopa ancora una volta davanti a tutti. Diego Degasperi ha vinto la 40^ edizione della cronoscalata Pedavena-Croce D\u2019Aune, imponendosi con un tempo di 1\u201950\u201d32 sulla Norma M20 FC Zytek. Ha battuto al fotofinish Franco Caruso su Nova Proto NP 01-2&hellip;<\/p>\n","protected":false},"author":4,"featured_media":409547,"comment_status":"closed","ping_status":"closed","sticky":false,"template":"","format":"standard","meta":{"_monsterinsights_skip_tracking":false,"_monsterinsights_sitenote_active":false,"_monsterinsights_sitenote_note":"","_monsterinsights_sitenote_category":0,"footnotes":""},"categories":[104,49],"tags":[],"class_list":["post-409548","post","type-post","status-publish","format-standard","has-post-thumbnail","hentry","category-evidenza_3","category-news-18","category-104","category-49","description-off"],"img_url":"https:\/\/www.radiopiu.net\/wordpress\/wp-content\/uploads\/2024\/09\/Podio-2024WhatsApp-Image-2024-09-15-at-17.18.22.jpeg","_links":{"self":[{"href":"https:\/\/www.radiopiu.net\/wordpress\/wp-json\/wp\/v2\/posts\/409548","targetHints":{"allow":["GET"]}}],"collection":[{"href":"https:\/\/www.radiopiu.net\/wordpress\/wp-json\/wp\/v2\/posts"}],"about":[{"href":"https:\/\/www.radiopiu.net\/wordpress\/wp-json\/wp\/v2\/types\/post"}],"author":[{"embeddable":true,"href":"https:\/\/www.radiopiu.net\/wordpress\/wp-json\/wp\/v2\/users\/4"}],"replies":[{"embeddable":true,"href":"https:\/\/www.radiopiu.net\/wordpress\/wp-json\/wp\/v2\/comments?post=409548"}],"version-history":[{"count":1,"href":"https:\/\/www.radiopiu.net\/wordpress\/wp-json\/wp\/v2\/posts\/409548\/revisions"}],"predecessor-version":[{"id":409549,"href":"https:\/\/www.radiopiu.net\/wordpress\/wp-json\/wp\/v2\/posts\/409548\/revisions\/409549"}],"wp:featuredmedia":[{"embeddable":true,"href":"https:\/\/www.radiopiu.net\/wordpress\/wp-json\/wp\/v2\/media\/409547"}],"wp:attachment":[{"href":"https:\/\/www.radiopiu.net\/wordpress\/wp-json\/wp\/v2\/media?parent=409548"}],"wp:term":[{"taxonomy":"category","embeddable":true,"href":"https:\/\/www.radiopiu.net\/wordpress\/wp-json\/wp\/v2\/categories?post=409548"},{"taxonomy":"post_tag","embeddable":true,"href":"https:\/\/www.radiopiu.net\/wordpress\/wp-json\/wp\/v2\/tags?post=409548"}],"curies":[{"name":"wp","href":"https:\/\/api.w.org\/{rel}","templated":true}]}}