{"id":409551,"date":"2024-09-16T05:49:33","date_gmt":"2024-09-16T03:49:33","guid":{"rendered":"https:\/\/www.radiopiu.net\/wordpress\/?p=409551"},"modified":"2024-09-16T06:01:17","modified_gmt":"2024-09-16T04:01:17","slug":"lo-sport-business-forum-si-chiude-con-oltre-8-000-presenze","status":"publish","type":"post","link":"https:\/\/www.radiopiu.net\/wordpress\/lo-sport-business-forum-si-chiude-con-oltre-8-000-presenze\/","title":{"rendered":"LO SPORT BUSINESS FORUM SI CHIUDE CON OLTRE 8.000 PRESENZE."},"content":{"rendered":"<p>**+<\/p>\n<table width=\"100%\" cellspacing=\"0\" cellpadding=\"0\">\n<tbody>\n<tr>\n<td class=\"txtsize\" valign=\"top\">\n<div class=\"zpelement-wrapper text\">\n<table title=\"\" width=\"100%\" cellspacing=\"0\" cellpadding=\"0\">\n<tbody>\n<tr>\n<td><b><span style=\"font-size: x-large;\">\u00a0BERTON: \u201cPROGETTO CHE GUARDA ALLE OLIMPIADI E ANCHE OLTRE&#8221;<\/span><\/b><\/td>\n<\/tr>\n<\/tbody>\n<\/table>\n<\/div>\n<\/td>\n<\/tr>\n<tr>\n<td class=\"txtsize\" valign=\"top\">\n<div class=\"zpelement-wrapper text\">\n<table title=\"\" width=\"100%\" cellspacing=\"0\" cellpadding=\"0\">\n<tbody>\n<tr>\n<td><i><span style=\"font-size: medium;\">Va in archivio con successo di pubblico la prima edizione dello Sport Business Forum. Berton (Confindustria Belluno Dolomiti): \u201cSoddisfatti per i numeri, l\u2019atmosfera e lo spirito che si \u00e8 respirato in questi giorni\u201d. Destro: (Confindustria Veneto Est): \u201cIl festival testimonia che all\u2019interno e attorno allo sport c\u2019\u00e8 grande interesse\u201d. La giornata finale a Cortina ha fatto il punto sulla legacy delle Olimpiadi<\/span><\/i><\/td>\n<\/tr>\n<\/tbody>\n<\/table>\n<\/div>\n<\/td>\n<\/tr>\n<tr>\n<td class=\"txtsize\" valign=\"top\">\n<div class=\"zpelement-wrapper text\">\n<table title=\"\" width=\"100%\" cellspacing=\"0\" cellpadding=\"0\">\n<tbody>\n<tr>\n<td><i><\/p>\n<p><\/i><\/p>\n<p><a class=\"dt-pswp-item\" href=\"https:\/\/www.radiopiu.net\/wordpress\/wp-content\/uploads\/2024\/09\/SBF_belluno_10-scaled.jpg\" data-dt-img-description=\"\" data-large_image_width=\"2560\" data-large_image_height=\"1707\"><img loading=\"lazy\" decoding=\"async\" class=\"size-medium wp-image-409555 alignleft\" src=\"https:\/\/www.radiopiu.net\/wordpress\/wp-content\/uploads\/2024\/09\/SBF_belluno_10-300x200.jpg\" alt=\"\" width=\"300\" height=\"200\" srcset=\"https:\/\/www.radiopiu.net\/wordpress\/wp-content\/uploads\/2024\/09\/SBF_belluno_10-300x200.jpg 300w, https:\/\/www.radiopiu.net\/wordpress\/wp-content\/uploads\/2024\/09\/SBF_belluno_10-1024x683.jpg 1024w, https:\/\/www.radiopiu.net\/wordpress\/wp-content\/uploads\/2024\/09\/SBF_belluno_10-768x512.jpg 768w, https:\/\/www.radiopiu.net\/wordpress\/wp-content\/uploads\/2024\/09\/SBF_belluno_10-1536x1024.jpg 1536w, https:\/\/www.radiopiu.net\/wordpress\/wp-content\/uploads\/2024\/09\/SBF_belluno_10-2048x1365.jpg 2048w\" sizes=\"auto, (max-width: 300px) 100vw, 300px\" \/><\/a>Si chiude dopo cinque giornate la prima edizione dello\u00a0<b>Sport Business Forum<\/b>, che dall\u201911 al 15 settembre ha contato <b>oltre 8.000 visitatori<\/b>, animando quell\u2019asse che lega Montebelluna, Longarone, Belluno e Cortina e che punta a diventare Sport Valley. Cinque giornate rese ricche dalle testimonianze di <b>grandi campioni e olimpionici<\/b>, di <b>imprenditori<\/b> di marchi iconici dell\u2019abbigliamento sportivo, di esponenti del governo nazionale e di quello territoriale, di giovani start upper che raccontano la frontiera della ricerca e dell\u2019innovazione.<\/p>\n<p>La giornata finale del festival ha approfondito, proprio a Cortina, il tema della\u00a0<b>legacy<\/b>\u00a0<b>dei Giochi Invernali 2026<\/b>\u00a0e di come valorizzare il post evento olimpico. \u201c<b>Servir\u00e0 una programmazione di eventi sportivi di rilievo<\/b>\u00a0che dia continuit\u00e0 alle Olimpiadi\u201d, spiega\u00a0<b>Francesco Calzavara,\u00a0<\/b>assessore al Bilancio e alla Programmazione della Regione Veneto. \u201cAttualmente siamo Regione Europea dello Sport 2024, ma ho la sensazione che\u00a0ci siamo mossi a macchia di leopardo\u00a0e invece <b>sarebbe importante che il territorio facesse squadra e lavorasse unito<\/b> verso le Olimpiadi\u201d.<\/p>\n<p><a class=\"dt-pswp-item\" href=\"https:\/\/www.radiopiu.net\/wordpress\/wp-content\/uploads\/2024\/09\/SBF_belluno_14-scaled.jpg\" data-dt-img-description=\"\" data-large_image_width=\"2560\" data-large_image_height=\"1707\"><img loading=\"lazy\" decoding=\"async\" class=\"size-medium wp-image-409556 alignright\" src=\"https:\/\/www.radiopiu.net\/wordpress\/wp-content\/uploads\/2024\/09\/SBF_belluno_14-300x200.jpg\" alt=\"\" width=\"300\" height=\"200\" srcset=\"https:\/\/www.radiopiu.net\/wordpress\/wp-content\/uploads\/2024\/09\/SBF_belluno_14-300x200.jpg 300w, https:\/\/www.radiopiu.net\/wordpress\/wp-content\/uploads\/2024\/09\/SBF_belluno_14-1024x683.jpg 1024w, https:\/\/www.radiopiu.net\/wordpress\/wp-content\/uploads\/2024\/09\/SBF_belluno_14-768x512.jpg 768w, https:\/\/www.radiopiu.net\/wordpress\/wp-content\/uploads\/2024\/09\/SBF_belluno_14-1536x1024.jpg 1536w, https:\/\/www.radiopiu.net\/wordpress\/wp-content\/uploads\/2024\/09\/SBF_belluno_14-2048x1365.jpg 2048w\" sizes=\"auto, (max-width: 300px) 100vw, 300px\" \/><\/a>Sui temi del lascito delle Olimpiadi, talvolta oggetto di polemiche attorno ad alcune opere problematiche, e dell\u2019indotto economico hanno dato risposte proprio\u00a0<b>l\u2019assessore Calzavara<\/b>\u00a0e\u00a0<b>Andrea Monti<\/b>, responsabile comunicazione di Fondazione Milano Cortina 2026, sul palco della Alexander Girardi Hall di Cortina insieme a\u00a0<b>Leopoldo Destro<\/b>, presidente di Confindustria Veneto Est, e a\u00a0<b>Stefano Longo<\/b>, presidente della Fondazione Cortina. \u201cLa Regione nel prossimo bilancio inserir\u00e0 uno stanziamento di 1 mln di euro per la legacy delle Olimpiadi affinch\u00e9 si dia continuit\u00e0 alle infrastrutture, come la\u00a0<b>pista da bob<\/b>. Si sa \u2013 precisa Calzavara \u2013 che le piste da bob hanno difficolt\u00e0 nel breve periodo ad essere sostenibili economicamente e hanno\u00a0<b>bisogno di sostegno pubblico almeno all\u2019inizio<\/b>, ma poi se sfruttata e valorizzata dar\u00e0 slancio all\u2019indotto turistico\u201d.\u00a0<b>Monti<\/b>\u00a0riflette invece sul\u00a0<b>ritorno dell\u2019evento olimpico<\/b>. \u201cL\u2019impatto stimato dagli studi di Bocconi e Ca\u2019 Foscari sar\u00e0 di\u00a0<b>8 mld in termini di valore della produzione, 4,5 punti di Pil e 60mila posti di lavoro<\/b>\u00a0\u2013 puntualizza -. C\u2019\u00e8 una legacy immateriale, di capitale umano e di competenza che viene a generarsi nel territorio, e una di tipo materiale sulle infrastrutture sulle quali le regole del Cio proibiscono di produrre scempi, ma semmai di generare riqualificazione. Pensare che le Olimpiadi si limitino a quei 25 giorni \u00e8 una miopia perch\u00e9 in quel periodo, in cui venderemo oltre 1,5 mln di biglietti, si accende in realt\u00e0 un\u00a0<b>motore di attrazione turistica che rimarr\u00e0 per anni<\/b>\u201d.<\/p>\n<p><a class=\"dt-pswp-item\" href=\"https:\/\/www.radiopiu.net\/wordpress\/wp-content\/uploads\/2024\/09\/SBF_belluno_1-scaled.jpg\" data-dt-img-description=\"\" data-large_image_width=\"2560\" data-large_image_height=\"1707\"><img loading=\"lazy\" decoding=\"async\" class=\"size-medium wp-image-409554 alignleft\" src=\"https:\/\/www.radiopiu.net\/wordpress\/wp-content\/uploads\/2024\/09\/SBF_belluno_1-300x200.jpg\" alt=\"\" width=\"300\" height=\"200\" srcset=\"https:\/\/www.radiopiu.net\/wordpress\/wp-content\/uploads\/2024\/09\/SBF_belluno_1-300x200.jpg 300w, https:\/\/www.radiopiu.net\/wordpress\/wp-content\/uploads\/2024\/09\/SBF_belluno_1-1024x683.jpg 1024w, https:\/\/www.radiopiu.net\/wordpress\/wp-content\/uploads\/2024\/09\/SBF_belluno_1-768x512.jpg 768w, https:\/\/www.radiopiu.net\/wordpress\/wp-content\/uploads\/2024\/09\/SBF_belluno_1-1536x1024.jpg 1536w, https:\/\/www.radiopiu.net\/wordpress\/wp-content\/uploads\/2024\/09\/SBF_belluno_1-2048x1365.jpg 2048w\" sizes=\"auto, (max-width: 300px) 100vw, 300px\" \/><\/a>A beneficio del territorio in vista dei Giochi saranno\u00a0<b>1,4 i miliardi che verranno messi a terra principalmente per potenziare le reti infrastrutturali<\/b>. \u201cNon sar\u00e0 tutto pronto entro i Giochi ma sar\u00e0 la grande legacy di cui beneficeranno il territorio e le imprese dopo l\u2019evento\u201d, commenta ancora Calzavara.\u00a0<b>Destro<\/b>\u00a0sottolinea invece la centralit\u00e0 che potr\u00e0 avere la\u00a0<b>Pedemontana Veneta<\/b>\u00a0\u201cche sar\u00e0\u00a0<b>decisiva per evitare di intasare la A4 sulla tratta Milano-Cortina<\/b>\u00a0che sar\u00e0 molto trafficata. E non dimentichiamo che le infrastrutture stradali e ferroviarie che si realizzeranno per favorire i collegamenti su Cortina renderanno pi\u00f9 attrattive anche le imprese\u201d.<\/p>\n<p>L\u2019evento odierno ha concluso le riflessioni sviluppate nel corso dei cinque giorni dello Sport Business Forum. Ideato e promosso da\u00a0<b>Confindustria Belluno Dolomiti<\/b>,\u00a0<b>Confindustria Veneto Est<\/b>, organizzato da\u00a0<b>Gruppo Nord Est Multimedia,\u00a0<\/b>la rassegna ha contribuito a fare massa critica e ad approfondire temi quali l\u2019impatto della sport economy, le nuove prospettive e tendenze del mondo dello sport e delle imprese protagoniste del settore, le ricadute sui territori delle grandi manifestazioni, il turismo sportivo, la capacit\u00e0 dello sport di essere un elemento di aggregazione e inclusione sociale e, non ultimo, le testimonianze dirette dei grandi campioni.<\/p>\n<p>&nbsp;<\/p>\n<p><a class=\"dt-pswp-item\" href=\"https:\/\/www.radiopiu.net\/wordpress\/wp-content\/uploads\/2024\/09\/SBF_belluno_9-scaled.jpg\" data-dt-img-description=\"\" data-large_image_width=\"2560\" data-large_image_height=\"1707\"><img loading=\"lazy\" decoding=\"async\" class=\"size-medium wp-image-409553 alignright\" src=\"https:\/\/www.radiopiu.net\/wordpress\/wp-content\/uploads\/2024\/09\/SBF_belluno_9-300x200.jpg\" alt=\"\" width=\"300\" height=\"200\" srcset=\"https:\/\/www.radiopiu.net\/wordpress\/wp-content\/uploads\/2024\/09\/SBF_belluno_9-300x200.jpg 300w, https:\/\/www.radiopiu.net\/wordpress\/wp-content\/uploads\/2024\/09\/SBF_belluno_9-1024x683.jpg 1024w, https:\/\/www.radiopiu.net\/wordpress\/wp-content\/uploads\/2024\/09\/SBF_belluno_9-768x512.jpg 768w, https:\/\/www.radiopiu.net\/wordpress\/wp-content\/uploads\/2024\/09\/SBF_belluno_9-1536x1024.jpg 1536w, https:\/\/www.radiopiu.net\/wordpress\/wp-content\/uploads\/2024\/09\/SBF_belluno_9-2048x1365.jpg 2048w\" sizes=\"auto, (max-width: 300px) 100vw, 300px\" \/><\/a>\u201cNon posso che esprimere grande soddisfazione per il successo della prima edizione di Sport Business Forum &#8211; dichiara\u00a0<b>Lorraine Berton<\/b>, presidente di Confindustria Belluno Dolomiti &#8211; non solo per i numeri sorprendentemente positivi, ma soprattutto per l\u2019atmosfera e lo spirito che abbiamo respirato in tutte le tappe e in particolare a Belluno. Abbiamo dimostrato che gli obiettivi, anche i pi\u00f9 audaci, possono diventare realt\u00e0, e questa \u00e8 anche una delle lezioni che abbiamo ascoltato dai campioni che in questi giorni si sono susseguiti sul palco. Abbiamo ideato e realizzato una manifestazione di livello nazionale, con l\u2019obiettivo di aumentare la visibilit\u00e0 e l\u2019attrattivit\u00e0 del nostro territorio, con un progetto che guarda alle Olimpiadi ma ovviamente vuole andare oltre l\u2019appuntamento del 2026. Per questo inizieremo da subito a lavorare all\u2019edizione del 2025, per migliorare e far crescere un evento che avr\u00e0 grandi ricadute positive sul nostro\u00a0territorio\u201d.<\/p>\n<p>\u201cFaccio i complimenti a tutti dall&#8217;ultima giornata dello Sport Business Forum, fortemente voluto da Confindustria Belluno Dolomiti, Confindustria Veneto Est e dal Gruppo Nem \u2013 dichiara <b>Leopoldo Destro<\/b>, presidente di Confindustria Veneto Est \u2013 perch\u00e9 sono stati giorni ricchi di eventi, oltre 40, e tutti molto partecipati e questo testimonia che all&#8217;interno e attorno al mondo dello sport c&#8217;\u00e8 grande\u00a0interesse\u201d.<\/p>\n<p>\u201cLa prima edizione di Sport Business Forum organizzata da NordEstMultimedia dimostra il forte legame tra i mezzi di comunicazione cartacei e digitali del Gruppo NEM e i territori\u201d, commenta l\u2019amministratore delegato di Nem, <b>Giuseppe Cerbone<\/b>. Il manager rileva inoltre che \u201cla partecipazione di pubblico, soprattutto giovane, alle iniziative sociali e sportive in piazza ed ai dibattiti con grandi campioni dello sport \u00e8 stata talmente forte da confermare pienamente la validit\u00e0 dell\u2019idea e della sua realizzazione. Il Gruppo NEM continuer\u00e0 con sempre maggiore intensit\u00e0 a coinvolgere persone, istituzioni ed aziende del NordEst in iniziative per stimolare dibattiti sui temi rilevanti per i territori, che saranno fortemente valorizzati nei nostri mezzi di\u00a0comunicazione\u201d.<\/p>\n<p>&#8212;<\/td>\n<\/tr>\n<\/tbody>\n<\/table>\n<\/div>\n<\/td>\n<\/tr>\n<\/tbody>\n<\/table>\n","protected":false},"excerpt":{"rendered":"<p>**+ \u00a0BERTON: \u201cPROGETTO CHE GUARDA ALLE OLIMPIADI E ANCHE OLTRE&#8221; Va in archivio con successo di pubblico la prima edizione dello Sport Business Forum. Berton (Confindustria Belluno Dolomiti): \u201cSoddisfatti per i numeri, l\u2019atmosfera e lo spirito che si \u00e8 respirato in questi giorni\u201d. Destro: (Confindustria Veneto Est): \u201cIl festival testimonia che all\u2019interno e attorno allo&hellip;<\/p>\n","protected":false},"author":4,"featured_media":409553,"comment_status":"closed","ping_status":"closed","sticky":false,"template":"","format":"standard","meta":{"_monsterinsights_skip_tracking":false,"_monsterinsights_sitenote_active":false,"_monsterinsights_sitenote_note":"","_monsterinsights_sitenote_category":0,"footnotes":""},"categories":[51,49],"tags":[],"class_list":["post-409551","post","type-post","status-publish","format-standard","has-post-thumbnail","hentry","category-evidenza-top","category-news-18","category-51","category-49","description-off"],"img_url":"https:\/\/www.radiopiu.net\/wordpress\/wp-content\/uploads\/2024\/09\/SBF_belluno_9-scaled.jpg","_links":{"self":[{"href":"https:\/\/www.radiopiu.net\/wordpress\/wp-json\/wp\/v2\/posts\/409551","targetHints":{"allow":["GET"]}}],"collection":[{"href":"https:\/\/www.radiopiu.net\/wordpress\/wp-json\/wp\/v2\/posts"}],"about":[{"href":"https:\/\/www.radiopiu.net\/wordpress\/wp-json\/wp\/v2\/types\/post"}],"author":[{"embeddable":true,"href":"https:\/\/www.radiopiu.net\/wordpress\/wp-json\/wp\/v2\/users\/4"}],"replies":[{"embeddable":true,"href":"https:\/\/www.radiopiu.net\/wordpress\/wp-json\/wp\/v2\/comments?post=409551"}],"version-history":[{"count":1,"href":"https:\/\/www.radiopiu.net\/wordpress\/wp-json\/wp\/v2\/posts\/409551\/revisions"}],"predecessor-version":[{"id":409561,"href":"https:\/\/www.radiopiu.net\/wordpress\/wp-json\/wp\/v2\/posts\/409551\/revisions\/409561"}],"wp:featuredmedia":[{"embeddable":true,"href":"https:\/\/www.radiopiu.net\/wordpress\/wp-json\/wp\/v2\/media\/409553"}],"wp:attachment":[{"href":"https:\/\/www.radiopiu.net\/wordpress\/wp-json\/wp\/v2\/media?parent=409551"}],"wp:term":[{"taxonomy":"category","embeddable":true,"href":"https:\/\/www.radiopiu.net\/wordpress\/wp-json\/wp\/v2\/categories?post=409551"},{"taxonomy":"post_tag","embeddable":true,"href":"https:\/\/www.radiopiu.net\/wordpress\/wp-json\/wp\/v2\/tags?post=409551"}],"curies":[{"name":"wp","href":"https:\/\/api.w.org\/{rel}","templated":true}]}}