{"id":409564,"date":"2024-09-16T13:30:29","date_gmt":"2024-09-16T11:30:29","guid":{"rendered":"https:\/\/www.radiopiu.net\/wordpress\/?p=409564"},"modified":"2024-09-16T18:35:33","modified_gmt":"2024-09-16T16:35:33","slug":"i-racconti-di-paolo-soppelsa-puntata-242","status":"publish","type":"post","link":"https:\/\/www.radiopiu.net\/wordpress\/i-racconti-di-paolo-soppelsa-puntata-242\/","title":{"rendered":"I RACCONTI DI PAOLO SOPPELSA &#8211; PUNTATA 242"},"content":{"rendered":"<p>*****<\/p>\n<p>&nbsp;<\/p>\n<p><strong>LORO LASSU&#8217;<\/strong><\/p>\n<p><strong>AUDIO<\/strong><\/p>\n<audio class=\"wp-audio-shortcode\" id=\"audio-409564-1\" preload=\"none\" style=\"width: 100%;\" controls=\"controls\"><source type=\"audio\/mpeg\" src=\"https:\/\/www.radiopiu.net\/wordpress\/wp-content\/uploads\/2024\/09\/PAOLOS-SITO.mp3?_=1\" \/><a href=\"https:\/\/www.radiopiu.net\/wordpress\/wp-content\/uploads\/2024\/09\/PAOLOS-SITO.mp3\">https:\/\/www.radiopiu.net\/wordpress\/wp-content\/uploads\/2024\/09\/PAOLOS-SITO.mp3<\/a><\/audio>\n<p>&nbsp;<\/p>\n<p><a class=\"dt-pswp-item\" href=\"https:\/\/www.radiopiu.net\/wordpress\/wp-content\/uploads\/2024\/09\/8a776ee9-bace-4beb-8d07-4eef8c58f906.jpg\" data-dt-img-description=\"\" data-large_image_width=\"1600\" data-large_image_height=\"1200\"><img loading=\"lazy\" decoding=\"async\" class=\" wp-image-409578 alignleft\" src=\"https:\/\/www.radiopiu.net\/wordpress\/wp-content\/uploads\/2024\/09\/8a776ee9-bace-4beb-8d07-4eef8c58f906-300x225.jpg\" alt=\"\" width=\"173\" height=\"130\" srcset=\"https:\/\/www.radiopiu.net\/wordpress\/wp-content\/uploads\/2024\/09\/8a776ee9-bace-4beb-8d07-4eef8c58f906-300x225.jpg 300w, https:\/\/www.radiopiu.net\/wordpress\/wp-content\/uploads\/2024\/09\/8a776ee9-bace-4beb-8d07-4eef8c58f906-1024x768.jpg 1024w, https:\/\/www.radiopiu.net\/wordpress\/wp-content\/uploads\/2024\/09\/8a776ee9-bace-4beb-8d07-4eef8c58f906-768x576.jpg 768w, https:\/\/www.radiopiu.net\/wordpress\/wp-content\/uploads\/2024\/09\/8a776ee9-bace-4beb-8d07-4eef8c58f906-1536x1152.jpg 1536w, https:\/\/www.radiopiu.net\/wordpress\/wp-content\/uploads\/2024\/09\/8a776ee9-bace-4beb-8d07-4eef8c58f906.jpg 1600w\" sizes=\"auto, (max-width: 173px) 100vw, 173px\" \/><\/a>Alla met\u00e0 di settembre la vita aveva ripreso il proprio scorrere abituale. Era ritornato il tempo della scuola e del vivere nella piccola citt\u00e0, era ritornato ancora una volta quel tempo delle valli pi\u00f9 vuote e dell&#8217;autunno imminente. Erano giorni scanditi dalle lezioni e dai giochi pomeridiani, aspettando quel sabato dopo pranzo quando avremmo fatto ritorno ai piedi del Pelsa per vivere una notte accompagnata dal canto del Biois. Giorni lunghi trascorsi fra compiti e partite di calcio giocate nei cortili, e loro lass\u00f9 chiss\u00e0 come vivevano quel tempo silenzioso. C&#8217;eravamo fatti compagnia lungo tutta l&#8217;estate, poi io ero partito e loro erano rimasti di fronte alla grande montagna ad attendere un altro autunno e poi noi, che alla domenica saremmo saliti a trovarli. Chiss\u00e0 come trascorrevano quel tempo lento scandito dall\u2019andare e venire della corriera lungo la provinciale, chiss\u00e0 come le vivevano quelle albe di nebbia leggera che si alzava dai prati umidi. Ora, al tempo dell&#8217;autunno che colorava i boschi e appesantiva la vita, l&#8217;orario della sveglia non era cambiato, era ancora lo stesso di quando c&#8217;era la vacca da mungere quando nel cielo brillavano ancora le stelle. Il profumo del caff\u00e8, il chiarore giallino della lampadina da 30 watt, il silenzio di quelle ore di un nuovo giorno che sembrava faticare a nascere. Chiss\u00e0 a cosa pensavano durante quei momenti che immaginavo eterni, forse alla legna appena finita di accatastare, al loro passato e all&#8217;inverno che si sarebbe presentato alla met\u00e0 di novembre. Ora che gli anni si facevano sentire e rendevano le schiene pi\u00f9 curve e le andature sempre pi\u00f9 sghembe, avevano molto tempo per ricordare quella loro vita semplice e allo stesso tempo complicata. Ora che il campo era a riposo e non c&#8217;erano pi\u00f9 gli animali da accudire e l&#8217;inverno era stato preparato, sarebbero rimaste le piccole incombenze quotidiane a riempire quei giorni che andavano sempre pi\u00f9 accorciandosi. C&#8217;era la spesa a Cencenighe una volta a settimana, e se il tempo permetteva sarebbero scesi a piedi, un po\u2019 per risparmiare sul biglietto della corriera, e un p\u00f2 per ripercorre lentamente quei passi un tempo molto pi\u00f9 veloci. Avrebbero camminato piano, accompagnati dal frusciare delle foglie dei faggi che iniziavano ad arrossire, avrebbero ricordato la loro giovent\u00f9 faticosa vissuta quando le falci arrivavano a lambire la base dell&#8217;alta parete del Pelsa. Poi lo zaino riempito con il pane e le altre poche cose utili al loro vivere semplice e il rientro in corriera, che avevano camminato abbastanza nella loro vita e anche per loro era giunto il tempo di addolcire un po\u2019 le fatiche del vivere. Alle sei della sera, appena iniziato l\u2019imbrunire, avrei acceso la TV per guardare i cartoni animati, loro lass\u00f9, invece, sarebbero usciti a togliere il lungo bastone che teneva aperti gli scuri e poi avrebbero messo la pentola blu sopra il fornello. Il soffiare monotono del gas, la condensa sui vetri, le isobare e i mari calmi o poco mossi delle previsioni del tempo trasmesse dalla TV in bianco e nero. Forse anche loro, come me, avrebbero cenato con una minestra fumante che chiamava autunno, e poi, al termine del Tg1, si sarebbero ritirati nella loro camera da letto. Mentre preparavo lo zaino di scuola loro sarebbero stati gi\u00e0 immersi in un lungo sonno accompagnato dal canto cupo del R\u00f9 da Ghisel; e chiss\u00e0, forse l&#8217;alba del giorno dopo avrebbe presentato loro la prima neve di settembre ad imbiancare le cime.<\/p>\n<p>&nbsp;<\/p>\n<p>&nbsp;<\/p>\n<p>&nbsp;<\/p>\n<p>*********<\/p>\n","protected":false},"excerpt":{"rendered":"<p>***** &nbsp; LORO LASSU&#8217; AUDIO &nbsp; Alla met\u00e0 di settembre la vita aveva ripreso il proprio scorrere abituale. Era ritornato il tempo della scuola e del vivere nella piccola citt\u00e0, era ritornato ancora una volta quel tempo delle valli pi\u00f9 vuote e dell&#8217;autunno imminente. Erano giorni scanditi dalle lezioni e dai giochi pomeridiani, aspettando quel&hellip;<\/p>\n","protected":false},"author":4,"featured_media":409578,"comment_status":"closed","ping_status":"closed","sticky":false,"template":"","format":"standard","meta":{"_monsterinsights_skip_tracking":false,"_monsterinsights_sitenote_active":false,"_monsterinsights_sitenote_note":"","_monsterinsights_sitenote_category":0,"footnotes":""},"categories":[104,49,112],"tags":[],"class_list":["post-409564","post","type-post","status-publish","format-standard","has-post-thumbnail","hentry","category-evidenza_3","category-news-18","category-racconti-soppelsa","category-104","category-49","category-112","description-off"],"img_url":"https:\/\/www.radiopiu.net\/wordpress\/wp-content\/uploads\/2024\/09\/8a776ee9-bace-4beb-8d07-4eef8c58f906.jpg","_links":{"self":[{"href":"https:\/\/www.radiopiu.net\/wordpress\/wp-json\/wp\/v2\/posts\/409564","targetHints":{"allow":["GET"]}}],"collection":[{"href":"https:\/\/www.radiopiu.net\/wordpress\/wp-json\/wp\/v2\/posts"}],"about":[{"href":"https:\/\/www.radiopiu.net\/wordpress\/wp-json\/wp\/v2\/types\/post"}],"author":[{"embeddable":true,"href":"https:\/\/www.radiopiu.net\/wordpress\/wp-json\/wp\/v2\/users\/4"}],"replies":[{"embeddable":true,"href":"https:\/\/www.radiopiu.net\/wordpress\/wp-json\/wp\/v2\/comments?post=409564"}],"version-history":[{"count":1,"href":"https:\/\/www.radiopiu.net\/wordpress\/wp-json\/wp\/v2\/posts\/409564\/revisions"}],"predecessor-version":[{"id":409579,"href":"https:\/\/www.radiopiu.net\/wordpress\/wp-json\/wp\/v2\/posts\/409564\/revisions\/409579"}],"wp:featuredmedia":[{"embeddable":true,"href":"https:\/\/www.radiopiu.net\/wordpress\/wp-json\/wp\/v2\/media\/409578"}],"wp:attachment":[{"href":"https:\/\/www.radiopiu.net\/wordpress\/wp-json\/wp\/v2\/media?parent=409564"}],"wp:term":[{"taxonomy":"category","embeddable":true,"href":"https:\/\/www.radiopiu.net\/wordpress\/wp-json\/wp\/v2\/categories?post=409564"},{"taxonomy":"post_tag","embeddable":true,"href":"https:\/\/www.radiopiu.net\/wordpress\/wp-json\/wp\/v2\/tags?post=409564"}],"curies":[{"name":"wp","href":"https:\/\/api.w.org\/{rel}","templated":true}]}}