{"id":409598,"date":"2024-09-17T05:35:54","date_gmt":"2024-09-17T03:35:54","guid":{"rendered":"https:\/\/www.radiopiu.net\/wordpress\/?p=409598"},"modified":"2024-09-17T05:43:02","modified_gmt":"2024-09-17T03:43:02","slug":"vflagigi","status":"publish","type":"post","link":"https:\/\/www.radiopiu.net\/wordpress\/vflagigi\/","title":{"rendered":"Ritrovato sano e salvo l&#8217;anziano cercatore di funghi disperso nei boschi di Lozzo di Cadore"},"content":{"rendered":"<p>***<\/p>\n<p>&nbsp;<\/p>\n<blockquote><p><em>L&#8217;uomo di 70 anni, disperso da ieri pomeriggio, \u00e8 stato localizzato grazie alla tecnologia Lifeseeker dei vigili del fuoco. Recuperato dall&#8217;elicottero del Suem, \u00e8 stato portato in salvo al rifugio Col Baion.<\/em><\/p><\/blockquote>\n<p>&nbsp;<\/p>\n<p>&nbsp;<\/p>\n<p><a class=\"dt-pswp-item\" href=\"https:\/\/www.radiopiu.net\/wordpress\/wp-content\/uploads\/2024\/09\/69b5c291-d164-4d95-a4f2-bf441dc7db73.jpg\" data-dt-img-description=\"\" data-large_image_width=\"1600\" data-large_image_height=\"1200\"><img loading=\"lazy\" decoding=\"async\" class=\"size-medium wp-image-409649 alignleft\" src=\"https:\/\/www.radiopiu.net\/wordpress\/wp-content\/uploads\/2024\/09\/69b5c291-d164-4d95-a4f2-bf441dc7db73-300x225.jpg\" alt=\"\" width=\"300\" height=\"225\" srcset=\"https:\/\/www.radiopiu.net\/wordpress\/wp-content\/uploads\/2024\/09\/69b5c291-d164-4d95-a4f2-bf441dc7db73-300x225.jpg 300w, https:\/\/www.radiopiu.net\/wordpress\/wp-content\/uploads\/2024\/09\/69b5c291-d164-4d95-a4f2-bf441dc7db73-1024x768.jpg 1024w, https:\/\/www.radiopiu.net\/wordpress\/wp-content\/uploads\/2024\/09\/69b5c291-d164-4d95-a4f2-bf441dc7db73-768x576.jpg 768w, https:\/\/www.radiopiu.net\/wordpress\/wp-content\/uploads\/2024\/09\/69b5c291-d164-4d95-a4f2-bf441dc7db73-1536x1152.jpg 1536w, https:\/\/www.radiopiu.net\/wordpress\/wp-content\/uploads\/2024\/09\/69b5c291-d164-4d95-a4f2-bf441dc7db73.jpg 1600w\" sizes=\"auto, (max-width: 300px) 100vw, 300px\" \/><\/a><\/p>\n<p>Poco dopo le 7:30 di oggi luned\u00ec, i soccorritori hanno ritrovato sano e salvo l&#8217;uomo di 70 anni che si era perso nei boschi di Lozzo di Cadore mentre cercava funghi. La ricerca \u00e8 culminata questa notte e si \u00e8 conclusa positivamente questa mattina, grazie all&#8217;utilizzo di un drone dotato della tecnologia Lifeseeker. Questa tecnologia ha permesso ai vigili del fuoco di triangolare una prima volta il segnale del cellulare dell&#8217;uomo, affinando la localizzazione dopo l&#8217;alba fino a un margine di errore di pochi metri.<\/p>\n<p>Le coordinate ottenute sono state fornite all&#8217;elicottero del Suem, che \u00e8 intervenuto insieme al personale del soccorso alpino. Gli operatori hanno individuato immediatamente l&#8217;uomo, che, fortunatamente, era incolume. Una volta recuperato, \u00e8 stato trasportato al rifugio Col Baion per i controlli del caso.<\/p>\n<p>L&#8217;uomo, una volta resosi conto di essersi perso, era riuscito a chiamare il 112, dando l&#8217;allarme e facendo scattare le ricerche. Tuttavia, il segnale telefonico \u00e8 risultato intermittente, complicando le operazioni di ricerca. Oltre ai vigili del fuoco, hanno preso parte alle operazioni anche squadre del soccorso alpino e della guardia di finanza, che \u00e8 intervenuta con un elicottero nel tardo pomeriggio di domenica.<\/p>\n<blockquote><p><em>Nella foto, il settantenne \u00e8 ritratto insieme ai componenti del nucleo SAPR (Sistemi Aeromobili a Pilotaggio Remoto) del Veneto e al drone con la tecnologia Lifeseeker, grazie al quale \u00e8 stato possibile individuare il cercatore di funghi.<\/em><\/p><\/blockquote>\n<p>&nbsp;<\/p>\n<p><a class=\"dt-pswp-item\" href=\"https:\/\/www.radiopiu.net\/wordpress\/wp-content\/uploads\/2024\/09\/be07b3d1-a199-406a-8c4b-74e4b16e438f.jpg\" data-dt-img-description=\"\" data-large_image_width=\"1600\" data-large_image_height=\"1200\"><img loading=\"lazy\" decoding=\"async\" class=\"alignnone size-medium wp-image-409651\" src=\"https:\/\/www.radiopiu.net\/wordpress\/wp-content\/uploads\/2024\/09\/be07b3d1-a199-406a-8c4b-74e4b16e438f-300x225.jpg\" alt=\"\" width=\"300\" height=\"225\" srcset=\"https:\/\/www.radiopiu.net\/wordpress\/wp-content\/uploads\/2024\/09\/be07b3d1-a199-406a-8c4b-74e4b16e438f-300x225.jpg 300w, https:\/\/www.radiopiu.net\/wordpress\/wp-content\/uploads\/2024\/09\/be07b3d1-a199-406a-8c4b-74e4b16e438f-1024x768.jpg 1024w, https:\/\/www.radiopiu.net\/wordpress\/wp-content\/uploads\/2024\/09\/be07b3d1-a199-406a-8c4b-74e4b16e438f-768x576.jpg 768w, https:\/\/www.radiopiu.net\/wordpress\/wp-content\/uploads\/2024\/09\/be07b3d1-a199-406a-8c4b-74e4b16e438f-1536x1152.jpg 1536w, https:\/\/www.radiopiu.net\/wordpress\/wp-content\/uploads\/2024\/09\/be07b3d1-a199-406a-8c4b-74e4b16e438f.jpg 1600w\" sizes=\"auto, (max-width: 300px) 100vw, 300px\" \/><\/a><a class=\"dt-pswp-item\" href=\"https:\/\/www.radiopiu.net\/wordpress\/wp-content\/uploads\/2024\/09\/f4e3659e-347b-4983-abd1-0e613402ed99.jpg\" data-dt-img-description=\"\" data-large_image_width=\"1600\" data-large_image_height=\"1200\"><img loading=\"lazy\" decoding=\"async\" class=\"alignnone size-medium wp-image-409650\" src=\"https:\/\/www.radiopiu.net\/wordpress\/wp-content\/uploads\/2024\/09\/f4e3659e-347b-4983-abd1-0e613402ed99-300x225.jpg\" alt=\"\" width=\"300\" height=\"225\" srcset=\"https:\/\/www.radiopiu.net\/wordpress\/wp-content\/uploads\/2024\/09\/f4e3659e-347b-4983-abd1-0e613402ed99-300x225.jpg 300w, https:\/\/www.radiopiu.net\/wordpress\/wp-content\/uploads\/2024\/09\/f4e3659e-347b-4983-abd1-0e613402ed99-1024x768.jpg 1024w, https:\/\/www.radiopiu.net\/wordpress\/wp-content\/uploads\/2024\/09\/f4e3659e-347b-4983-abd1-0e613402ed99-768x576.jpg 768w, https:\/\/www.radiopiu.net\/wordpress\/wp-content\/uploads\/2024\/09\/f4e3659e-347b-4983-abd1-0e613402ed99-1536x1152.jpg 1536w, https:\/\/www.radiopiu.net\/wordpress\/wp-content\/uploads\/2024\/09\/f4e3659e-347b-4983-abd1-0e613402ed99.jpg 1600w\" sizes=\"auto, (max-width: 300px) 100vw, 300px\" \/><\/a><\/p>\n<p>&nbsp;<\/p>\n<hr \/>\n<p>&nbsp;<\/p>\n<p><strong>stamane\u00a0 alla radio<\/strong><\/p>\n<p><img decoding=\"async\" class=\"alignleft\" src=\"https:\/\/www.radiopiu.net\/wordpress\/wp-content\/uploads\/2024\/09\/th-6.jpg\" \/><strong>LAGGIO DI CADORE<\/strong><\/p>\n<div class=\"flex max-w-full flex-col flex-grow\">\n<div class=\"min-h-[20px] text-message flex w-full flex-col items-end gap-2 whitespace-normal break-words [.text-message+&amp;]:mt-5\" dir=\"auto\" data-message-author-role=\"assistant\" data-message-id=\"be550891-edc1-4ea2-ae56-918b0047fad6\">\n<div class=\"flex w-full flex-col gap-1 empty:hidden first:pt-[3px]\">\n<div class=\"markdown prose w-full break-words dark:prose-invert dark\">\n<p>Stefano Corras, 69 anni, \u00e8 disperso a Pian dei Buoi dopo essere uscito ieri mattina da Laggio di Cadore per cercare funghi. Non \u00e8 rientrato all&#8217;orario previsto, scatenando l&#8217;allarme dei familiari. Squadre del Soccorso Alpino, della Guardia di Finanza e dei Vigili del Fuoco hanno iniziato le ricerche, utilizzando elicotteri, droni e termocamere. Nonostante gli sforzi e l&#8217;uso di tecnologie avanzate, finora non ci sono stati risultati concreti. Le ricerche, sospese durante la notte, riprendono questa mattina con nuove squadre in zone non ancora battute. La zona montuosa e le rigide temperature complicano le operazioni. La speranza di ritrovare Corras in vita rimane viva, ma il tempo stringe.<\/p>\n<\/div>\n<\/div>\n<\/div>\n<\/div>\n<div class=\"flex items-center pb-0\"><\/div>\n<div><\/div>\n<div><\/div>\n<div><\/div>\n<div>\n<hr \/>\n<\/div>\n","protected":false},"excerpt":{"rendered":"<p>*** &nbsp; L&#8217;uomo di 70 anni, disperso da ieri pomeriggio, \u00e8 stato localizzato grazie alla tecnologia Lifeseeker dei vigili del fuoco. Recuperato dall&#8217;elicottero del Suem, \u00e8 stato portato in salvo al rifugio Col Baion. &nbsp; &nbsp; Poco dopo le 7:30 di oggi luned\u00ec, i soccorritori hanno ritrovato sano e salvo l&#8217;uomo di 70 anni che&hellip;<\/p>\n","protected":false},"author":4,"featured_media":409649,"comment_status":"closed","ping_status":"closed","sticky":false,"template":"","format":"standard","meta":{"_monsterinsights_skip_tracking":false,"_monsterinsights_sitenote_active":false,"_monsterinsights_sitenote_note":"","_monsterinsights_sitenote_category":0,"footnotes":""},"categories":[51,49],"tags":[],"class_list":["post-409598","post","type-post","status-publish","format-standard","has-post-thumbnail","hentry","category-evidenza-top","category-news-18","category-51","category-49","description-off"],"img_url":"https:\/\/www.radiopiu.net\/wordpress\/wp-content\/uploads\/2024\/09\/69b5c291-d164-4d95-a4f2-bf441dc7db73.jpg","_links":{"self":[{"href":"https:\/\/www.radiopiu.net\/wordpress\/wp-json\/wp\/v2\/posts\/409598","targetHints":{"allow":["GET"]}}],"collection":[{"href":"https:\/\/www.radiopiu.net\/wordpress\/wp-json\/wp\/v2\/posts"}],"about":[{"href":"https:\/\/www.radiopiu.net\/wordpress\/wp-json\/wp\/v2\/types\/post"}],"author":[{"embeddable":true,"href":"https:\/\/www.radiopiu.net\/wordpress\/wp-json\/wp\/v2\/users\/4"}],"replies":[{"embeddable":true,"href":"https:\/\/www.radiopiu.net\/wordpress\/wp-json\/wp\/v2\/comments?post=409598"}],"version-history":[{"count":6,"href":"https:\/\/www.radiopiu.net\/wordpress\/wp-json\/wp\/v2\/posts\/409598\/revisions"}],"predecessor-version":[{"id":409664,"href":"https:\/\/www.radiopiu.net\/wordpress\/wp-json\/wp\/v2\/posts\/409598\/revisions\/409664"}],"wp:featuredmedia":[{"embeddable":true,"href":"https:\/\/www.radiopiu.net\/wordpress\/wp-json\/wp\/v2\/media\/409649"}],"wp:attachment":[{"href":"https:\/\/www.radiopiu.net\/wordpress\/wp-json\/wp\/v2\/media?parent=409598"}],"wp:term":[{"taxonomy":"category","embeddable":true,"href":"https:\/\/www.radiopiu.net\/wordpress\/wp-json\/wp\/v2\/categories?post=409598"},{"taxonomy":"post_tag","embeddable":true,"href":"https:\/\/www.radiopiu.net\/wordpress\/wp-json\/wp\/v2\/tags?post=409598"}],"curies":[{"name":"wp","href":"https:\/\/api.w.org\/{rel}","templated":true}]}}