{"id":409674,"date":"2024-09-17T05:26:46","date_gmt":"2024-09-17T03:26:46","guid":{"rendered":"https:\/\/www.radiopiu.net\/wordpress\/?p=409674"},"modified":"2024-09-17T05:46:48","modified_gmt":"2024-09-17T03:46:48","slug":"giovedi-sera-black-out-idrico-per-lavori-nel-comune-di-agordo","status":"publish","type":"post","link":"https:\/\/www.radiopiu.net\/wordpress\/giovedi-sera-black-out-idrico-per-lavori-nel-comune-di-agordo\/","title":{"rendered":"GIOVEDI SERA BLACK OUT IDRICO PER LAVORI NEL COMUNE DI AGORDO"},"content":{"rendered":"<p>**<\/p>\n<p><strong>AGORDO<\/strong> Giovedi dalle 21 alle 24 sospensione dell&#8217;erogazione dell&#8217; acqua in tutto il Comune di Agordo, eccetto Brugnach, Giove, Valcozzena<\/p>\n<p><strong>TAIBON<\/strong>\u00a0 Giovedi dalle 21 alle 24 sospensione dell&#8217;erogazione dell&#8217;acqua a Taibon via Nogarola<\/p>\n<p><strong>VOLTAGO<\/strong> Oggi dalle 8 alle 17 verr\u00e0 sospesa l\u2019erogazione dell\u2019acqua\u00a0 nelle Vie Mathador e Maestro Riva<\/p>\n<blockquote>\n<h3><\/h3>\n<h3>ACQUA POTABILE A LIVINALLONGO, NON A RIVAMONTE E VOLTAGO<\/h3>\n<\/blockquote>\n<p class=\"moz-text-html\" lang=\"x-unicode\"><strong>A LIVINALLONGO DEL COL DI LANA in<span style=\"color: #ff0000;\"> LOCALITA LARZONEI,<\/span> l&#8217;acqua erogata dall&#8217;acquedotto \u00e8 di nuovo potabile e pu\u00f2 essere usata, quindi, per scopi alimentari.\u00a0\u00a0<\/strong><\/p>\n<p lang=\"x-unicode\"><strong> A RIVAMONTE AGORDINO in <span style=\"color: #ff0000;\">VIA ROSSON CIVICO N. 25 e VIA VILLAGRANDE CIVICI N. 45 e 4A<\/span> l&#8217;acqua erogata dall&#8217;acquedotto non \u00e8 potabile e pu\u00f2 essere usata per scopi alimentari SOLO PREVIA bollitura.<\/strong><\/p>\n<p lang=\"x-unicode\"><strong> VOLTAGO AGORDINO nelle localit\u00e0 <span style=\"color: #ff0000;\">CAPOLUOGO, CORONE e VIA STRUZ<\/span> l&#8217;acqua erogata dall&#8217;acquedotto non \u00e8 potabile e non pu\u00f2 essere usata per scopi alimentari. Verr\u00e0 effettuato servizio sostitutivo con cisterna c\/o Piazza della Chiesa.<\/strong><\/p>\n<h3 lang=\"x-unicode\"><\/h3>\n<p>&nbsp;<\/p>\n<hr \/>\n<p>&nbsp;<\/p>\n<p>&nbsp;<\/p>\n<p>&nbsp;<\/p>\n<p>&nbsp;<\/p>\n","protected":false},"excerpt":{"rendered":"<p>** AGORDO Giovedi dalle 21 alle 24 sospensione dell&#8217;erogazione dell&#8217; acqua in tutto il Comune di Agordo, eccetto Brugnach, Giove, Valcozzena TAIBON\u00a0 Giovedi dalle 21 alle 24 sospensione dell&#8217;erogazione dell&#8217;acqua a Taibon via Nogarola VOLTAGO Oggi dalle 8 alle 17 verr\u00e0 sospesa l\u2019erogazione dell\u2019acqua\u00a0 nelle Vie Mathador e Maestro Riva ACQUA POTABILE A LIVINALLONGO, NON&hellip;<\/p>\n","protected":false},"author":4,"featured_media":386167,"comment_status":"closed","ping_status":"closed","sticky":false,"template":"","format":"standard","meta":{"_monsterinsights_skip_tracking":false,"_monsterinsights_sitenote_active":false,"_monsterinsights_sitenote_note":"","_monsterinsights_sitenote_category":0,"footnotes":""},"categories":[104,49],"tags":[],"class_list":["post-409674","post","type-post","status-publish","format-standard","has-post-thumbnail","hentry","category-evidenza_3","category-news-18","category-104","category-49","description-off"],"img_url":"https:\/\/www.radiopiu.net\/wordpress\/wp-content\/uploads\/2024\/04\/Bim-GSP-Distrettualizzazione-Veneggia-1.jpg","_links":{"self":[{"href":"https:\/\/www.radiopiu.net\/wordpress\/wp-json\/wp\/v2\/posts\/409674","targetHints":{"allow":["GET"]}}],"collection":[{"href":"https:\/\/www.radiopiu.net\/wordpress\/wp-json\/wp\/v2\/posts"}],"about":[{"href":"https:\/\/www.radiopiu.net\/wordpress\/wp-json\/wp\/v2\/types\/post"}],"author":[{"embeddable":true,"href":"https:\/\/www.radiopiu.net\/wordpress\/wp-json\/wp\/v2\/users\/4"}],"replies":[{"embeddable":true,"href":"https:\/\/www.radiopiu.net\/wordpress\/wp-json\/wp\/v2\/comments?post=409674"}],"version-history":[{"count":1,"href":"https:\/\/www.radiopiu.net\/wordpress\/wp-json\/wp\/v2\/posts\/409674\/revisions"}],"predecessor-version":[{"id":409675,"href":"https:\/\/www.radiopiu.net\/wordpress\/wp-json\/wp\/v2\/posts\/409674\/revisions\/409675"}],"wp:featuredmedia":[{"embeddable":true,"href":"https:\/\/www.radiopiu.net\/wordpress\/wp-json\/wp\/v2\/media\/386167"}],"wp:attachment":[{"href":"https:\/\/www.radiopiu.net\/wordpress\/wp-json\/wp\/v2\/media?parent=409674"}],"wp:term":[{"taxonomy":"category","embeddable":true,"href":"https:\/\/www.radiopiu.net\/wordpress\/wp-json\/wp\/v2\/categories?post=409674"},{"taxonomy":"post_tag","embeddable":true,"href":"https:\/\/www.radiopiu.net\/wordpress\/wp-json\/wp\/v2\/tags?post=409674"}],"curies":[{"name":"wp","href":"https:\/\/api.w.org\/{rel}","templated":true}]}}