{"id":409709,"date":"2024-09-17T05:20:35","date_gmt":"2024-09-17T03:20:35","guid":{"rendered":"https:\/\/www.radiopiu.net\/wordpress\/?p=409709"},"modified":"2024-09-17T05:47:18","modified_gmt":"2024-09-17T03:47:18","slug":"la-terza-edizione-di-una-notte-da-gufetti-successo-e-magia-a-cesiomaggiore","status":"publish","type":"post","link":"https:\/\/www.radiopiu.net\/wordpress\/la-terza-edizione-di-una-notte-da-gufetti-successo-e-magia-a-cesiomaggiore\/","title":{"rendered":"La terza edizione di &#8220;Una Notte da Gufetti&#8221;: successo e magia a Cesiomaggiore"},"content":{"rendered":"<p>***<\/p>\n<p><strong><img loading=\"lazy\" decoding=\"async\" class=\"alignleft\" src=\"https:\/\/www.radiopiu.net\/wordpress\/wp-content\/uploads\/2024\/09\/Immagine-WhatsApp-2024-09-15-ore-12.17.29_0918fbda.jpg\" width=\"285\" height=\"214\" \/>CESIOMAGGIORE <\/strong>Il 14 settembre 2024, Cesiomaggiore ha ospitato la terza edizione di &#8220;Una Notte da Gufetti&#8221;, registrando un grande successo con circa 400 partecipanti. L&#8217;evento, dedicato a bambini e famiglie, ha offerto una serata di magia e divertimento all&#8217;aria aperta, superando ogni aspettativa. Nonostante le modifiche al percorso dovute alle recenti piogge, la camminata notturna, arricchita da spettacoli e animazioni, \u00e8 partita e si \u00e8 conclusa all&#8217;Asilo Matilde Muffoni, cuore dell&#8217;iniziativa. Le splendide luminarie curate dal Comitato Sant&#8217;Agapito hanno aggiunto fascino al tragitto, mentre i Fuori di Quinta hanno conquistato il pubblico con le loro performance. Federica De Col ha regalato una sorpresa emozionante, e Yari Polla, con le sue abilit\u00e0 da giocoliere, \u00e8 stato tra gli ospiti pi\u00f9 amati. A chiudere la serata, un mangiafuoco ha incantato tutti con uno spettacolo segreto, guadagnando l&#8217;adorazione dei bambini. L&#8217;evento \u00e8 stato possibile grazie alla collaborazione di associazioni locali e al contributo di numerosi sponsor. I fondi raccolti saranno destinati all&#8217;apertura di un nuovo nido asilo integrato presso l&#8217;Asilo Matilde Muffoni, confermando l&#8217;importanza di investire nelle strutture per l&#8217;infanzia.<\/p>\n<p>&nbsp;<\/p>\n<p>&nbsp;<\/p>\n<p>&nbsp;<\/p>\n<p>___<\/p>\n","protected":false},"excerpt":{"rendered":"<p>*** CESIOMAGGIORE Il 14 settembre 2024, Cesiomaggiore ha ospitato la terza edizione di &#8220;Una Notte da Gufetti&#8221;, registrando un grande successo con circa 400 partecipanti. L&#8217;evento, dedicato a bambini e famiglie, ha offerto una serata di magia e divertimento all&#8217;aria aperta, superando ogni aspettativa. Nonostante le modifiche al percorso dovute alle recenti piogge, la camminata&hellip;<\/p>\n","protected":false},"author":4,"featured_media":409710,"comment_status":"closed","ping_status":"closed","sticky":false,"template":"","format":"standard","meta":{"_monsterinsights_skip_tracking":false,"_monsterinsights_sitenote_active":false,"_monsterinsights_sitenote_note":"","_monsterinsights_sitenote_category":0,"footnotes":""},"categories":[104,49],"tags":[],"class_list":["post-409709","post","type-post","status-publish","format-standard","has-post-thumbnail","hentry","category-evidenza_3","category-news-18","category-104","category-49","description-off"],"img_url":"https:\/\/www.radiopiu.net\/wordpress\/wp-content\/uploads\/2024\/09\/Immagine-WhatsApp-2024-09-15-ore-12.17.29_0918fbda.jpg","_links":{"self":[{"href":"https:\/\/www.radiopiu.net\/wordpress\/wp-json\/wp\/v2\/posts\/409709","targetHints":{"allow":["GET"]}}],"collection":[{"href":"https:\/\/www.radiopiu.net\/wordpress\/wp-json\/wp\/v2\/posts"}],"about":[{"href":"https:\/\/www.radiopiu.net\/wordpress\/wp-json\/wp\/v2\/types\/post"}],"author":[{"embeddable":true,"href":"https:\/\/www.radiopiu.net\/wordpress\/wp-json\/wp\/v2\/users\/4"}],"replies":[{"embeddable":true,"href":"https:\/\/www.radiopiu.net\/wordpress\/wp-json\/wp\/v2\/comments?post=409709"}],"version-history":[{"count":1,"href":"https:\/\/www.radiopiu.net\/wordpress\/wp-json\/wp\/v2\/posts\/409709\/revisions"}],"predecessor-version":[{"id":409711,"href":"https:\/\/www.radiopiu.net\/wordpress\/wp-json\/wp\/v2\/posts\/409709\/revisions\/409711"}],"wp:featuredmedia":[{"embeddable":true,"href":"https:\/\/www.radiopiu.net\/wordpress\/wp-json\/wp\/v2\/media\/409710"}],"wp:attachment":[{"href":"https:\/\/www.radiopiu.net\/wordpress\/wp-json\/wp\/v2\/media?parent=409709"}],"wp:term":[{"taxonomy":"category","embeddable":true,"href":"https:\/\/www.radiopiu.net\/wordpress\/wp-json\/wp\/v2\/categories?post=409709"},{"taxonomy":"post_tag","embeddable":true,"href":"https:\/\/www.radiopiu.net\/wordpress\/wp-json\/wp\/v2\/tags?post=409709"}],"curies":[{"name":"wp","href":"https:\/\/api.w.org\/{rel}","templated":true}]}}