{"id":409798,"date":"2024-09-17T07:55:09","date_gmt":"2024-09-17T05:55:09","guid":{"rendered":"https:\/\/www.radiopiu.net\/wordpress\/?p=409798"},"modified":"2024-09-17T08:21:38","modified_gmt":"2024-09-17T06:21:38","slug":"dal-1983-su-radiopiu-la-rassegna-stampa-locale-alle-otto-del-mattino-di-mirko-mezzacasa","status":"publish","type":"post","link":"https:\/\/www.radiopiu.net\/wordpress\/dal-1983-su-radiopiu-la-rassegna-stampa-locale-alle-otto-del-mattino-di-mirko-mezzacasa\/","title":{"rendered":"dal 1983 su radiopiu: la rassegna stampa locale alle otto del mattino di mirko mezzacasa"},"content":{"rendered":"<p><iframe loading=\"lazy\" title=\"DAL 1983 LA RASSEGNA STAMPA LOCALE di mirko mezzacasa. L&#039;ORIGINALE\" width=\"1200\" height=\"675\" src=\"https:\/\/www.youtube.com\/embed\/LhOTJkyWHyg?feature=oembed\" frameborder=\"0\" allow=\"accelerometer; autoplay; clipboard-write; encrypted-media; gyroscope; picture-in-picture; web-share\" referrerpolicy=\"strict-origin-when-cross-origin\" allowfullscreen><\/iframe><\/p>\n<p><a class=\"dt-pswp-item\" href=\"https:\/\/www.radiopiu.net\/wordpress\/wp-content\/uploads\/2024\/09\/345f1423-6b64-4d11-9082-136fd5347dd3.jpg\" data-dt-img-description=\"\" data-large_image_width=\"1200\" data-large_image_height=\"1600\"><img loading=\"lazy\" decoding=\"async\" class=\" wp-image-409722 alignleft\" src=\"https:\/\/www.radiopiu.net\/wordpress\/wp-content\/uploads\/2024\/09\/345f1423-6b64-4d11-9082-136fd5347dd3-225x300.jpg\" alt=\"\" width=\"146\" height=\"195\" srcset=\"https:\/\/www.radiopiu.net\/wordpress\/wp-content\/uploads\/2024\/09\/345f1423-6b64-4d11-9082-136fd5347dd3-225x300.jpg 225w, https:\/\/www.radiopiu.net\/wordpress\/wp-content\/uploads\/2024\/09\/345f1423-6b64-4d11-9082-136fd5347dd3-768x1024.jpg 768w, https:\/\/www.radiopiu.net\/wordpress\/wp-content\/uploads\/2024\/09\/345f1423-6b64-4d11-9082-136fd5347dd3-1152x1536.jpg 1152w, https:\/\/www.radiopiu.net\/wordpress\/wp-content\/uploads\/2024\/09\/345f1423-6b64-4d11-9082-136fd5347dd3.jpg 1200w\" sizes=\"auto, (max-width: 146px) 100vw, 146px\" \/><\/a>OGGI ALLA RADIO&#8230;. ALLE 4 E ALLE 6 LE NOTIZIE DALL&#8217;ITALIA E DAL MONDO 0500 il nuovo programma, l&#8217;almanacco della nostra gente con il MUSLA\u00a0 6.15 PIROLE DE LENGA A CURA DEL MUSLA 7.20 EL BAL DEL FIORI, DETTI E TRADIZIONI DI GIULIANA DA RONCH 8.05 LA RASSEGNA STAMPA LOCALE 8.30\u00a0PIU&#8217; SIAMO CON MARINA DONA&#8217; \u00a0 900 il nuovo programma, l&#8217;almanacco della nostra gente con il MUSLA\u00a0\u00a0 9.10 \u00a0la musica country di alex nascinmben\u00a09.40 VIABILITA&#8217; CON BOTOL CAR SERVICE (AGORDO-SEDICO-FELTRE)\u00a0 1010 le nove in ladin con il Musla, notizia in ladino con Martino\u00a011.30 SOTTO UN CIELO DI STELLA, ASTROFILIA CON CLAUDIO PRA\u00a0 12.00 VA TUTTO LISCIO\u00a0 12.30 GIORNALE RADIO PRINCIPALE\u00a0 \u00a014.00 COLLAGE OPERAZIONE NOSTALGIA DI LORIS SCUSSEL\u00a015.00\u00a0 \u00a0il martedi di luisa alchini\u00a0 CON Claudia Tolotti (foto) 16 IL ROCK DI MARCO COSTANTINI 1645 LE HIT DI MIRCO BENCIVENNI 18.00 PIU&#8217; DANCE LE SELEZIONI CHE FANNO SALTARE DI DJ JACK, JACOPO DEL TEDESCO<\/p>\n<p>&nbsp;<\/p>\n<p>&nbsp;<\/p>\n<p><a class=\"dt-pswp-item\" href=\"https:\/\/www.radiopiu.net\/wordpress\/wp-content\/uploads\/2024\/09\/Senza-nome-34.png\" data-dt-img-description=\"\" data-large_image_width=\"924\" data-large_image_height=\"456\"><img loading=\"lazy\" decoding=\"async\" class=\"alignnone wp-image-409787 size-full\" src=\"https:\/\/www.radiopiu.net\/wordpress\/wp-content\/uploads\/2024\/09\/Senza-nome-34.png\" alt=\"\" width=\"924\" height=\"456\" srcset=\"https:\/\/www.radiopiu.net\/wordpress\/wp-content\/uploads\/2024\/09\/Senza-nome-34.png 924w, https:\/\/www.radiopiu.net\/wordpress\/wp-content\/uploads\/2024\/09\/Senza-nome-34-300x148.png 300w, https:\/\/www.radiopiu.net\/wordpress\/wp-content\/uploads\/2024\/09\/Senza-nome-34-768x379.png 768w\" sizes=\"auto, (max-width: 924px) 100vw, 924px\" \/><\/a><\/p>\n<p>&nbsp;<\/p>\n<p>&nbsp;<\/p>\n<p><a class=\"dt-pswp-item\" href=\"https:\/\/www.radiopiu.net\/wordpress\/wp-content\/uploads\/2024\/09\/f4e3659e-347b-4983-abd1-0e613402ed99.jpg\" data-dt-img-description=\"\" data-large_image_width=\"1600\" data-large_image_height=\"1200\"><img loading=\"lazy\" decoding=\"async\" class=\"size-medium wp-image-409650 alignleft\" src=\"https:\/\/www.radiopiu.net\/wordpress\/wp-content\/uploads\/2024\/09\/f4e3659e-347b-4983-abd1-0e613402ed99-300x225.jpg\" alt=\"\" width=\"300\" height=\"225\" srcset=\"https:\/\/www.radiopiu.net\/wordpress\/wp-content\/uploads\/2024\/09\/f4e3659e-347b-4983-abd1-0e613402ed99-300x225.jpg 300w, https:\/\/www.radiopiu.net\/wordpress\/wp-content\/uploads\/2024\/09\/f4e3659e-347b-4983-abd1-0e613402ed99-1024x768.jpg 1024w, https:\/\/www.radiopiu.net\/wordpress\/wp-content\/uploads\/2024\/09\/f4e3659e-347b-4983-abd1-0e613402ed99-768x576.jpg 768w, https:\/\/www.radiopiu.net\/wordpress\/wp-content\/uploads\/2024\/09\/f4e3659e-347b-4983-abd1-0e613402ed99-1536x1152.jpg 1536w, https:\/\/www.radiopiu.net\/wordpress\/wp-content\/uploads\/2024\/09\/f4e3659e-347b-4983-abd1-0e613402ed99.jpg 1600w\" sizes=\"auto, (max-width: 300px) 100vw, 300px\" \/><\/a>LOZZO DI CADORE Ritrovato sano e salvo il fungaiolo disperso a Lozzo grazie a Lifeseeker<br \/>\nStefano Corras, 70 anni, disperso sopra Lozzo, \u00e8 stato ritrovato sano e salvo grazie al sistema Lifeseeker dei vigili del fuoco. Dopo una notte all\u2019addiaccio, Corras \u00e8 stato localizzato con precisione grazie a un drone dotato di questa tecnologia avanzata, che ha intercettato il segnale del suo cellulare. La ricerca era iniziata domenica pomeriggio dopo la segnalazione di Corras al 112. Lifeseeker ha permesso di ridurre l&#8217;area di ricerca. Il successo della missione dimostra l&#8217;efficacia della tecnologia di rilevamento.<\/p>\n<p>PONTE NELLE ALPI Venti chili di droga in casa, arrestato ventenne pontalpino<br \/>\nUn giovane di 20 anni \u00e8 stato arrestato a Ponte nelle Alpi per detenzione ai fini di spaccio. Fermato durante una passeggiata dai Carabinieri, aveva cocaina e marijuana addosso. La perquisizione domiciliare ha rivelato 150 grammi di varie droghe, inclusi allucinogeni e ecstasy. Sequestrati anche 1000 euro in contanti. L&#8217;arresto \u00e8 parte della lotta allo spaccio di stupefacenti.<\/p>\n<p>FELTRE Fuga e arresto: auto rubata e droga in possesso<br \/>\nUn 54enne bellunese \u00e8 stato arrestato dopo un inseguimento concluso contro il guard-rail della Sp1 bis. Alla guida di un&#8217;auto rubata, aveva con s\u00e9 13 grammi di cocaina, due coltelli e una pistola a gas priva di tappo rosso. La segnalazione di un cittadino ha permesso ai carabinieri di Feltre di intervenire. Dopo la convalida dell&#8217;arresto, \u00e8 stato disposto l&#8217;obbligo di dimora.<\/p>\n<p>LONGARONE Longarone intensifica i controlli contro l&#8217;alta velocit\u00e0 sulla Sp 251<br \/>\nIl Comune di Longarone ha avviato un&#8217;azione per contrastare l&#8217;alta velocit\u00e0, soprattutto tra i motociclisti, lungo la Sp 251. Il sindaco Roberto Padrin sottolinea che la situazione \u00e8 diventata insostenibile, con video sui social che mostrano comportamenti pericolosi. L&#8217;amministrazione, con il consigliere Ludovico Tabacchi, ha coinvolto Polizia Stradale, Questura e Prefettura per intensificare i controlli. Nei weekend del 7-8 settembre sono stati monitorati 40 veicoli senza multe, ma il problema resta grave.<\/p>\n<p>CENCENIGHE: ALTVELOX DENUNCIA TUTTI, DAL SINDACO AI DIRIGENTI<br \/>\nCENCENIGHE L&#8217;Associazione ALTVELOX ha presentato una denuncia contro il sindaco di Cencenighe Agordino, il dirigente della Polizia Locale, la Polizia Stradale, la Provincia e Veneto Strade Spa. Il comune, con 1307 residenti, ha installato un autovelox che ha generato 475.148,36 euro tra il 2021 e il 2023. L&#8217;associazione sostiene che l&#8217;apparecchiatura sia priva dei necessari decreti di omologazione e installata su strade non idonee.<\/p>\n<p>VENERDI SCIOPERO DEI MEZZI PUBBLICI<br \/>\nVenerd\u00ec 20 settembre 2024 \u00e8 previsto uno sciopero nazionale di 24 ore indetto da diverse sigle sindacali. Dolomiti Bus S.p.A. garantir\u00e0 il servizio nelle fasce orarie 5:40-8:10 e 12:10-15:40. Le corse iniziate prima dello sciopero saranno completate e il servizio sar\u00e0 pienamente ripristinato il giorno successivo.<\/p>\n<p>&nbsp;<\/p>\n<p><a class=\"dt-pswp-item\" href=\"https:\/\/www.radiopiu.net\/wordpress\/wp-content\/uploads\/2024\/09\/c9429f03-46c8-4381-b072-ee2b2b8fe190.jpg\" data-dt-img-description=\"\" data-large_image_width=\"1536\" data-large_image_height=\"2048\"><img loading=\"lazy\" decoding=\"async\" class=\"size-medium wp-image-409541 alignleft\" src=\"https:\/\/www.radiopiu.net\/wordpress\/wp-content\/uploads\/2024\/09\/c9429f03-46c8-4381-b072-ee2b2b8fe190-225x300.jpg\" alt=\"\" width=\"225\" height=\"300\" srcset=\"https:\/\/www.radiopiu.net\/wordpress\/wp-content\/uploads\/2024\/09\/c9429f03-46c8-4381-b072-ee2b2b8fe190-225x300.jpg 225w, https:\/\/www.radiopiu.net\/wordpress\/wp-content\/uploads\/2024\/09\/c9429f03-46c8-4381-b072-ee2b2b8fe190-768x1024.jpg 768w, https:\/\/www.radiopiu.net\/wordpress\/wp-content\/uploads\/2024\/09\/c9429f03-46c8-4381-b072-ee2b2b8fe190-1152x1536.jpg 1152w, https:\/\/www.radiopiu.net\/wordpress\/wp-content\/uploads\/2024\/09\/c9429f03-46c8-4381-b072-ee2b2b8fe190.jpg 1536w\" sizes=\"auto, (max-width: 225px) 100vw, 225px\" \/><\/a>FELTRE Migliorano le condizioni del fotografo napoletano investito domenica alla Pedavena Croce d&#8217;Aune<br \/>\nDurante la gara \u201cPedavena-Croce d\u2019Aune\u201d, una vettura in gara ha sbandato e investito uno spettatore, un 34enne napoletano, che \u00e8 stato elitrasportato a Treviso. Fortunatamente, l\u2019uomo non \u00e8 in pericolo di vita. L\u2019incidente \u00e8 avvenuto in un\u2019area interdetta al pubblico, e la gara \u00e8 stata sospesa temporaneamente. Questo episodio si aggiunge alla lista di incidenti verificatisi in passato durante la competizione, inclusi eventi drammatici come la morte di un pilota nel 2000.<\/p>\n<p>BELLUNO Cambio al comando della Guardia di Finanza di Belluno<br \/>\nIl 25 settembre, il colonnello Dario Guarino, prossimo Capo di Stato Maggiore a Ancona, lascer\u00e0 il comando provinciale di Belluno. Lo sostituir\u00e0 il colonnello Roberto Atzori, proveniente dal gruppo di Sesto San Giovanni.<\/p>\n<p>Ultimo saluto a Fabio Lo Re: generosit\u00e0 continua<br \/>\nBELLUNO Domani a San Giovanni Bosco l&#8217;ultimo saluto a Fabio Lo Re. Dopo aver donato gli organi, la famiglia invita a donare a Societ\u00e0 Nuova per un pulmino, invece dei fiori, mostrando ancora generosit\u00e0. Ai fiori, saranno gradite offerte da devolvere alla cooperativa Societ\u00e0 Nuova per l&#8217;acquisto in un pulmino, il messaggio di cuore di Federica, Carlotta e Giacomo con la mamma Donata, il fratello Damiano, i famigliari e la compagnia del Parketto.<\/p>\n<p>&nbsp;<\/p>\n<p><a class=\"dt-pswp-item\" href=\"https:\/\/www.radiopiu.net\/wordpress\/wp-content\/uploads\/2024\/09\/Senza-nome-36.png\" data-dt-img-description=\"\" data-large_image_width=\"495\" data-large_image_height=\"236\"><img loading=\"lazy\" decoding=\"async\" class=\"size-medium wp-image-409789 alignleft\" src=\"https:\/\/www.radiopiu.net\/wordpress\/wp-content\/uploads\/2024\/09\/Senza-nome-36-300x143.png\" alt=\"\" width=\"300\" height=\"143\" srcset=\"https:\/\/www.radiopiu.net\/wordpress\/wp-content\/uploads\/2024\/09\/Senza-nome-36-300x143.png 300w, https:\/\/www.radiopiu.net\/wordpress\/wp-content\/uploads\/2024\/09\/Senza-nome-36.png 495w\" sizes=\"auto, (max-width: 300px) 100vw, 300px\" \/><\/a>incidente spettacolare sulla Sp1 bis: auto capottata e ferita lieve<br \/>\nSETTEVILLE Ieri mattina, lungo la Sp1 bis Madonna del Piave a Scalon, un incidente ha coinvolto una Mercedes e una Citroen. La donna di 50 anni alla guida della Mercedes, dopo aver perso il controllo, \u00e8 finita tra la vegetazione con l\u2019auto capovolta. Trasportata al pronto soccorso di Feltre per medicare escoriazioni, \u00e8 stata dimessa senza gravi conseguenze. Il conducente della Citroen, un pescatore di Maser, \u00e8 rimasto illeso.<\/p>\n<p style=\"text-align: left;\">INCIDENTE AUTONOMO A CANDATEN, UOMO FERITO<br \/>\nSEDICO Ieri pomeriggio Lungo il rettilineo di Candaten uscita autonoma di un&#8217;auto, ferito un uomo 46enne di Belluno portato in ambulanza (codice 2 media gravit\u00e0) al nosocomio di Belluno.<br \/>\nLONGARONE A Codissago ieri mattina\u00a0 infortunio sul lavoro, ferite lievi per un 51enne di Belluno preso in cura dal San Martino di Belluno<br \/>\nCORTINA Incidente autonomo\u00a0 a Pocol, ieri mattina, il motociclista tedesco di 66 anni portato in ambulanza per accertamenti al Codivilla di Cortina.<br \/>\nQUERO Alle 8 di ieri mattina incidente autonomo, ferita una donna 50enne di Belluno trasportata al Santa Maria del Prato di Feltre.<\/p>\n<p>Moto a tutta velocit\u00e0 sulla Sp 251, il Comune vara la prevenzione<br \/>\nLONGARONE\u00a0 Il Comune mette sulla strada la Polizia Locale per contenere il problema dell\u2019alta velocit\u00e0. Un fenomeno che riguarda soprattutto le motociclette lungo la Sp 251. Nel weekend del 7-8 settembre sono stati 40 i veicoli sottoposti a controllo, senza bisogno di elevare nessuna<\/p>\n<p>Nomadi arrestate per tentato furto, oggi davanti al giudice<br \/>\nFELTRE Le due nomadi arrestate per il tentato furto in un appartamento a Feltre compariranno oggi davanti al gip Elisabetta Scolozzi. Una \u00e8 detenuta in carcere, l&#8217;altra \u00e8 piantonata in ospedale perch\u00e9 incinta. Sono state sorprese dal padrone di casa grazie a una telecamera collegata al suo cellulare. Le donne sono sospettate anche di aver tentato di introdursi nell&#8217;alloggio dei gestori di un ristorante vicino<\/p>\n<p>&nbsp;<\/p>\n<p>&nbsp;<\/p>\n","protected":false},"excerpt":{"rendered":"<p>OGGI ALLA RADIO&#8230;. ALLE 4 E ALLE 6 LE NOTIZIE DALL&#8217;ITALIA E DAL MONDO 0500 il nuovo programma, l&#8217;almanacco della nostra gente con il MUSLA\u00a0 6.15 PIROLE DE LENGA A CURA DEL MUSLA 7.20 EL BAL DEL FIORI, DETTI E TRADIZIONI DI GIULIANA DA RONCH 8.05 LA RASSEGNA STAMPA LOCALE 8.30\u00a0PIU&#8217; SIAMO CON MARINA DONA&#8217;&hellip;<\/p>\n","protected":false},"author":4,"featured_media":409787,"comment_status":"closed","ping_status":"closed","sticky":false,"template":"","format":"standard","meta":{"_monsterinsights_skip_tracking":false,"_monsterinsights_sitenote_active":false,"_monsterinsights_sitenote_note":"","_monsterinsights_sitenote_category":0,"footnotes":""},"categories":[51,49,142],"tags":[],"class_list":["post-409798","post","type-post","status-publish","format-standard","has-post-thumbnail","hentry","category-evidenza-top","category-news-18","category-rassegna-stampa","category-51","category-49","category-142","description-off"],"img_url":"https:\/\/www.radiopiu.net\/wordpress\/wp-content\/uploads\/2024\/09\/Senza-nome-34.png","_links":{"self":[{"href":"https:\/\/www.radiopiu.net\/wordpress\/wp-json\/wp\/v2\/posts\/409798","targetHints":{"allow":["GET"]}}],"collection":[{"href":"https:\/\/www.radiopiu.net\/wordpress\/wp-json\/wp\/v2\/posts"}],"about":[{"href":"https:\/\/www.radiopiu.net\/wordpress\/wp-json\/wp\/v2\/types\/post"}],"author":[{"embeddable":true,"href":"https:\/\/www.radiopiu.net\/wordpress\/wp-json\/wp\/v2\/users\/4"}],"replies":[{"embeddable":true,"href":"https:\/\/www.radiopiu.net\/wordpress\/wp-json\/wp\/v2\/comments?post=409798"}],"version-history":[{"count":5,"href":"https:\/\/www.radiopiu.net\/wordpress\/wp-json\/wp\/v2\/posts\/409798\/revisions"}],"predecessor-version":[{"id":409812,"href":"https:\/\/www.radiopiu.net\/wordpress\/wp-json\/wp\/v2\/posts\/409798\/revisions\/409812"}],"wp:featuredmedia":[{"embeddable":true,"href":"https:\/\/www.radiopiu.net\/wordpress\/wp-json\/wp\/v2\/media\/409787"}],"wp:attachment":[{"href":"https:\/\/www.radiopiu.net\/wordpress\/wp-json\/wp\/v2\/media?parent=409798"}],"wp:term":[{"taxonomy":"category","embeddable":true,"href":"https:\/\/www.radiopiu.net\/wordpress\/wp-json\/wp\/v2\/categories?post=409798"},{"taxonomy":"post_tag","embeddable":true,"href":"https:\/\/www.radiopiu.net\/wordpress\/wp-json\/wp\/v2\/tags?post=409798"}],"curies":[{"name":"wp","href":"https:\/\/api.w.org\/{rel}","templated":true}]}}