{"id":409870,"date":"2024-09-17T14:05:21","date_gmt":"2024-09-17T12:05:21","guid":{"rendered":"https:\/\/www.radiopiu.net\/wordpress\/?p=409870"},"modified":"2024-09-17T14:05:21","modified_gmt":"2024-09-17T12:05:21","slug":"sport-in-piazza-a-feltre-un-evento-nel-segno-dello-spirito-olimpico","status":"publish","type":"post","link":"https:\/\/www.radiopiu.net\/wordpress\/sport-in-piazza-a-feltre-un-evento-nel-segno-dello-spirito-olimpico\/","title":{"rendered":"Sport in Piazza a Feltre: un evento nel segno dello spirito olimpico"},"content":{"rendered":"<p>***<\/p>\n<blockquote>\n<h3><\/h3>\n<\/blockquote>\n<p><strong><a class=\"dt-pswp-item\" href=\"https:\/\/www.radiopiu.net\/wordpress\/wp-content\/uploads\/2024\/09\/Presentazione-Sport-in-piazza.jpg\" data-dt-img-description=\"\" data-large_image_width=\"1920\" data-large_image_height=\"1080\"><img loading=\"lazy\" decoding=\"async\" class=\" wp-image-409869 alignleft\" src=\"https:\/\/www.radiopiu.net\/wordpress\/wp-content\/uploads\/2024\/09\/Presentazione-Sport-in-piazza-300x169.jpg\" alt=\"\" width=\"300\" height=\"169\" srcset=\"https:\/\/www.radiopiu.net\/wordpress\/wp-content\/uploads\/2024\/09\/Presentazione-Sport-in-piazza-300x169.jpg 300w, https:\/\/www.radiopiu.net\/wordpress\/wp-content\/uploads\/2024\/09\/Presentazione-Sport-in-piazza-1024x576.jpg 1024w, https:\/\/www.radiopiu.net\/wordpress\/wp-content\/uploads\/2024\/09\/Presentazione-Sport-in-piazza-768x432.jpg 768w, https:\/\/www.radiopiu.net\/wordpress\/wp-content\/uploads\/2024\/09\/Presentazione-Sport-in-piazza-1536x864.jpg 1536w, https:\/\/www.radiopiu.net\/wordpress\/wp-content\/uploads\/2024\/09\/Presentazione-Sport-in-piazza.jpg 1920w\" sizes=\"auto, (max-width: 300px) 100vw, 300px\" \/><\/a>FELTRE<\/strong> La prossima edizione di Sport in Piazza sar\u00e0 una grande festa dello sport nel segno dello spirito olimpico. L\u2019evento \u00e8 stato scelto dal CONI Belluno come parte del Festival dello sport veneto, promosso dalla Regione Veneto e dal CONI regionale. Questo festival celebra il titolo di Regione Europea dello Sport 2024, coinvolgendo tutte le province venete. La manifestazione inizier\u00e0 alle 8.30 con 34 stand gestiti da associazioni sportive locali. <em>\u201cUn ringraziamento al Coni per averci scelto \u2013 ha dichiarato il Sindaco Viviana Fusaro \u2013 Sport in Piazza <\/em><em>sar\u00e0 una grande festa dedicata ai nostri bambini e ragazzi. Un pensiero particolare per questo va alle Associazioni e realt\u00e0 del territorio, che per una giornata intera si metteranno a disposizione per far sperimentare le diverse discipline&#8221;<\/em> Ci saranno anche incontri con campioni dello sport e conferenze sul valore educativo dello sport. Alle 11, una conferenza in Sala Stemmi discuter\u00e0 &#8220;Il valore educativo dello sport&#8221; con atleti di alto livello come Oscar Angeloni e Ren\u00e9 De Silvestro. Alle 15 si terr\u00e0 la premiazione dei giovani atleti feltrini.<\/p>\n<p>Nella foto: Viviana Fusaro, Sindaco di Feltre; Maurizio Zatta, Assessore allo Sport di Feltre, Simone Soccol, Delegato CONI Belluno, Umberto Sommavilla, Presidente FISI Belluno.<\/p>\n","protected":false},"excerpt":{"rendered":"<p>*** FELTRE La prossima edizione di Sport in Piazza sar\u00e0 una grande festa dello sport nel segno dello spirito olimpico. L\u2019evento \u00e8 stato scelto dal CONI Belluno come parte del Festival dello sport veneto, promosso dalla Regione Veneto e dal CONI regionale. Questo festival celebra il titolo di Regione Europea dello Sport 2024, coinvolgendo tutte&hellip;<\/p>\n","protected":false},"author":4,"featured_media":409869,"comment_status":"closed","ping_status":"closed","sticky":false,"template":"","format":"standard","meta":{"_monsterinsights_skip_tracking":false,"_monsterinsights_sitenote_active":false,"_monsterinsights_sitenote_note":"","_monsterinsights_sitenote_category":0,"footnotes":""},"categories":[49],"tags":[],"class_list":["post-409870","post","type-post","status-publish","format-standard","has-post-thumbnail","hentry","category-news-18","category-49","description-off"],"img_url":"https:\/\/www.radiopiu.net\/wordpress\/wp-content\/uploads\/2024\/09\/Presentazione-Sport-in-piazza.jpg","_links":{"self":[{"href":"https:\/\/www.radiopiu.net\/wordpress\/wp-json\/wp\/v2\/posts\/409870","targetHints":{"allow":["GET"]}}],"collection":[{"href":"https:\/\/www.radiopiu.net\/wordpress\/wp-json\/wp\/v2\/posts"}],"about":[{"href":"https:\/\/www.radiopiu.net\/wordpress\/wp-json\/wp\/v2\/types\/post"}],"author":[{"embeddable":true,"href":"https:\/\/www.radiopiu.net\/wordpress\/wp-json\/wp\/v2\/users\/4"}],"replies":[{"embeddable":true,"href":"https:\/\/www.radiopiu.net\/wordpress\/wp-json\/wp\/v2\/comments?post=409870"}],"version-history":[{"count":1,"href":"https:\/\/www.radiopiu.net\/wordpress\/wp-json\/wp\/v2\/posts\/409870\/revisions"}],"predecessor-version":[{"id":409871,"href":"https:\/\/www.radiopiu.net\/wordpress\/wp-json\/wp\/v2\/posts\/409870\/revisions\/409871"}],"wp:featuredmedia":[{"embeddable":true,"href":"https:\/\/www.radiopiu.net\/wordpress\/wp-json\/wp\/v2\/media\/409869"}],"wp:attachment":[{"href":"https:\/\/www.radiopiu.net\/wordpress\/wp-json\/wp\/v2\/media?parent=409870"}],"wp:term":[{"taxonomy":"category","embeddable":true,"href":"https:\/\/www.radiopiu.net\/wordpress\/wp-json\/wp\/v2\/categories?post=409870"},{"taxonomy":"post_tag","embeddable":true,"href":"https:\/\/www.radiopiu.net\/wordpress\/wp-json\/wp\/v2\/tags?post=409870"}],"curies":[{"name":"wp","href":"https:\/\/api.w.org\/{rel}","templated":true}]}}