{"id":409937,"date":"2024-09-18T07:55:15","date_gmt":"2024-09-18T05:55:15","guid":{"rendered":"https:\/\/www.radiopiu.net\/wordpress\/?p=409937"},"modified":"2024-09-18T07:59:53","modified_gmt":"2024-09-18T05:59:53","slug":"dal1983-alle-otto-del-mattino-la-rassegna-stampa-locale-di-mirko-mezzacasa","status":"publish","type":"post","link":"https:\/\/www.radiopiu.net\/wordpress\/dal1983-alle-otto-del-mattino-la-rassegna-stampa-locale-di-mirko-mezzacasa\/","title":{"rendered":"dal1983 alle otto del mattino LA RASSEGNA STAMPA LOCALE DI MIRKO MEZZACASA"},"content":{"rendered":"<p>**<\/p>\n<p><iframe loading=\"lazy\" title=\"DAL 1983 LA RASSEGNA STAMPA LOCALE di mirko mezzacasa. L&#039;ORIGINALE\" width=\"1200\" height=\"675\" src=\"https:\/\/www.youtube.com\/embed\/QX1fB2OtiGs?feature=oembed\" frameborder=\"0\" allow=\"accelerometer; autoplay; clipboard-write; encrypted-media; gyroscope; picture-in-picture; web-share\" referrerpolicy=\"strict-origin-when-cross-origin\" allowfullscreen><\/iframe><\/p>\n<p>&nbsp;<\/p>\n<p><a class=\"dt-pswp-item\" href=\"https:\/\/www.radiopiu.net\/wordpress\/wp-content\/uploads\/2024\/03\/Bim-GSP-Distrettualizzazione-Agordo-Posa-nuove-valvole-2.jpg\" data-dt-img-description=\"\" data-large_image_width=\"1920\" data-large_image_height=\"1080\"><img loading=\"lazy\" decoding=\"async\" class=\" wp-image-381668 alignleft\" src=\"https:\/\/www.radiopiu.net\/wordpress\/wp-content\/uploads\/2024\/03\/Bim-GSP-Distrettualizzazione-Agordo-Posa-nuove-valvole-2-300x169.jpg\" alt=\"\" width=\"280\" height=\"158\" srcset=\"https:\/\/www.radiopiu.net\/wordpress\/wp-content\/uploads\/2024\/03\/Bim-GSP-Distrettualizzazione-Agordo-Posa-nuove-valvole-2-300x169.jpg 300w, https:\/\/www.radiopiu.net\/wordpress\/wp-content\/uploads\/2024\/03\/Bim-GSP-Distrettualizzazione-Agordo-Posa-nuove-valvole-2-1024x576.jpg 1024w, https:\/\/www.radiopiu.net\/wordpress\/wp-content\/uploads\/2024\/03\/Bim-GSP-Distrettualizzazione-Agordo-Posa-nuove-valvole-2-768x432.jpg 768w, https:\/\/www.radiopiu.net\/wordpress\/wp-content\/uploads\/2024\/03\/Bim-GSP-Distrettualizzazione-Agordo-Posa-nuove-valvole-2-1536x864.jpg 1536w, https:\/\/www.radiopiu.net\/wordpress\/wp-content\/uploads\/2024\/03\/Bim-GSP-Distrettualizzazione-Agordo-Posa-nuove-valvole-2.jpg 1920w\" sizes=\"auto, (max-width: 280px) 100vw, 280px\" \/><\/a><strong>ACQUA LE ULTIME DA GSP_BELLUNO<\/strong><br \/>\nA RIVAMONTE AGORDINO in VIA ROSSON CIVICO N. 25 e VIA VILLAGRANDE CIVICI N. 45 e 4A l\u2019acqua erogata dall\u2019acquedotto non \u00e8 potabile e pu\u00f2 essere usata per scopi alimentari SOLO PREVIA bollitura.<br \/>\nVOLTAGO AGORDINO nelle localit\u00e0 CAPOLUOGO, CORONE e VIA STRUZ l\u2019acqua erogata dall\u2019acquedotto non \u00e8 potabile e non pu\u00f2 essere usata per scopi alimentari. Verr\u00e0 effettuato servizio sostitutivo con cisterna c\/o Piazza della Chiesa.<br \/>\n<strong>LAVORI PROGRAMMATI BIM GSP<\/strong><br \/>\nAGORDO DOMANI dalle 21 alle 24 sospensione dell\u2019erogazione dell\u2019 acqua in tutto il Comune di Agordo, eccetto Brugnach, Giove, Valcozzena<br \/>\nTAIBON DOMANI dalle 21 alle 24 sospensione dell\u2019erogazione dell\u2019acqua a Taibon via Nogarola<\/p>\n<p><strong>Esercitazione militare \u201cStella Alpina 24\u201d: sospensione temporanea del traffico sulla SP 641<\/strong><br \/>\nBELLUNO: In occasione dell\u2019esercitazione militare \u201cStella Alpina 24\u201d, organizzata dal Comando Brigata Alpina Julia, \u00e8 stata emessa un\u2019ordinanza che prevede la sospensione temporanea della circolazione e della sosta lungo la Strada Provinciale 641. Il tratto interessato va dal chilometro 10+400 (confine tra le province di Trento e Belluno) al chilometro 16+800 (localit\u00e0 Tabia Palazza). Le restrizioni saranno attive nelle seguenti giornate e fasce orarie OGGI dalle 7:30 alle 15:30; DOMANI dalle ore 7:30 alle 14:00.<\/p>\n<p><strong>TAIBON, SE NE VA UN ALTRO FIORE DELLA FAMIGLIA SOCCOL<\/strong><br \/>\nTAIBON La comunit\u00e0 di Taibon \u00e8 in lutto per la scomparsa di Romina Rumor, 48 anni, una notizia che ha colpito profondamente il paese e la famiglia Soccol. La sua perdita si aggiunge ad altri lutti che la famiglia ha dovuto affrontare recentemente, aumentando il dolore e la sofferenza.<br \/>\nRomina lascia nel dolore il marito Ferruccio e il figlio Carlo, insieme ai genitori, ai cognati, ai nipoti e a tutti i parenti che ora ne piangono la scomparsa. I funerali si terranno domani alle 14:30 presso la Chiesa di Taibon. In memoria di Romina, la famiglia ha richiesto che eventuali offerte siano devolute all\u2019associazione Pettirosso Agordino, un gesto che testimonia l\u2019amore e l\u2019attenzione che Romina aveva per la comunit\u00e0 e per gli altri.<\/p>\n<p><strong>LIMANA<\/strong>\u00a0 Venerdi alle 20.30\u00a0 in \u00a0Sala Nocivelli,\u00a0 in occasione dei 700 anni dalla morte di Marco Polo,\u00a0 \u00a0Favole per Messer Polo con Margherita Stevanato alle letture e Daniele Ruggieri al flauto<\/p>\n<p><a class=\"dt-pswp-item\" href=\"https:\/\/www.radiopiu.net\/wordpress\/wp-content\/uploads\/2024\/09\/RVE_9712-scaled.jpg\" data-dt-img-description=\"\" data-large_image_width=\"2560\" data-large_image_height=\"1708\"><img loading=\"lazy\" decoding=\"async\" class=\"size-medium wp-image-409875 alignleft\" src=\"https:\/\/www.radiopiu.net\/wordpress\/wp-content\/uploads\/2024\/09\/RVE_9712-300x200.jpg\" alt=\"\" width=\"300\" height=\"200\" srcset=\"https:\/\/www.radiopiu.net\/wordpress\/wp-content\/uploads\/2024\/09\/RVE_9712-300x200.jpg 300w, https:\/\/www.radiopiu.net\/wordpress\/wp-content\/uploads\/2024\/09\/RVE_9712-1024x683.jpg 1024w, https:\/\/www.radiopiu.net\/wordpress\/wp-content\/uploads\/2024\/09\/RVE_9712-768x512.jpg 768w, https:\/\/www.radiopiu.net\/wordpress\/wp-content\/uploads\/2024\/09\/RVE_9712-1536x1025.jpg 1536w, https:\/\/www.radiopiu.net\/wordpress\/wp-content\/uploads\/2024\/09\/RVE_9712-2048x1366.jpg 2048w\" sizes=\"auto, (max-width: 300px) 100vw, 300px\" \/><\/a><strong>NUOVO ASSESSORE IN REGIONE, ZAIA SVELA IL NOME: VALERIA MANTOVAN<\/strong><br \/>\nVENEZIA Termina il periodo sabbatico dopo le dimissione dell\u2019assessore Elena Donazzan ora in Europa. L\u2019assessore Valeria Mantovan (Fratelli d\u2019Italia) \u00e8 una giovane, sindaco, che dovr\u00e0 rassegnare le dimissioni da questo incarico Valeria Mantovan, 34 anni compiuti ad agosto, nata a Rovigo, cresciuta a Porto Tolle, laureata in Giurisprudenza a Padova (\u00abE durante l\u2019Universit\u00e0 ho sempre lavorato, cameriera, baby sitter l\u2019ultimo anno ero gi\u00e0 assessore\u00bb), professione istruttore amministrativo, in aspettativa, nel Comune di Venezia. Sindaco di Porto Viro e segretaria provinciale di Rovigo di Fratelli d\u2019Italia.<\/p>\n<p><strong>il Sottosegretario di Stato Emanuele Prisco in Visita a Belluno<\/strong><br \/>\nBELLUNO Oggi la provincia di Belluno accoglie il sottosegretario di Stato, onorevole Emanuele Prisco, in visita ufficiale al comando dei Vigili del Fuoco di Belluno alle 16:30. Ad accompagnarlo ci saranno il capo del Corpo nazionale dei Vigili del Fuoco, Carlo Dall\u2019Oppio, e il direttore interregionale Loris Munaro.<br \/>\nDurante la visita, \u00e8 previsto un incontro con le organizzazioni sindacali, occasione per affrontare temi cruciali legati all\u2019operativit\u00e0 e alle esigenze del corpo dei Vigili del Fuoco. Il comandante dei Vigili del Fuoco di Belluno, Matteo Carretto, sar\u00e0 presente per accogliere il sottosegretario Prisco.<\/p>\n<p><strong><a class=\"dt-pswp-item\" href=\"https:\/\/www.radiopiu.net\/wordpress\/wp-content\/uploads\/2024\/09\/COPP1.png\" data-dt-img-description=\"\" data-large_image_width=\"426\" data-large_image_height=\"253\"><img loading=\"lazy\" decoding=\"async\" class=\"size-medium wp-image-409938 alignleft\" src=\"https:\/\/www.radiopiu.net\/wordpress\/wp-content\/uploads\/2024\/09\/COPP1-300x178.png\" alt=\"\" width=\"300\" height=\"178\" srcset=\"https:\/\/www.radiopiu.net\/wordpress\/wp-content\/uploads\/2024\/09\/COPP1-300x178.png 300w, https:\/\/www.radiopiu.net\/wordpress\/wp-content\/uploads\/2024\/09\/COPP1.png 426w\" sizes=\"auto, (max-width: 300px) 100vw, 300px\" \/><\/a>EssilorLuxottica estende la partnership con Meta per il futuro degli smart eyewear<\/strong><br \/>\nAGORDO EssilorLuxottica annuncia l\u2019estensione della collaborazione con Meta Platforms per il prossimo decennio, con l\u2019obiettivo di sviluppare nuove generazioni di smart eyewear. La partnership, iniziata con successo nel 2019, ha gi\u00e0 prodotto due generazioni di smart glasses Ray-Ban.<br \/>\nFrancesco Milleri, Presidente e Amministratore Delegato di EssilorLuxottica (foto), ha sottolineato l\u2019importanza di questa collaborazione<\/p>\n<p><strong>Provincia di Belluno: Critiche e Richieste sul Progetto del Bacino Artificiale sul Torrente Vanoi<\/strong><br \/>\nBELLUNO La Provincia di Belluno ha partecipato alla tappa finale del dibattito sul nuovo bacino artificiale sul torrente Vanoi, esprimendo la propria contrariet\u00e0. Il consigliere Massimo Bortoluzzi, delegato dal presidente Padrin, ha sottolineato i rischi per la sicurezza delle localit\u00e0 a valle, come Fonzaso e Lamon, l\u2019impatto sociale e ambientale, e la tutela delle valli incontaminate.<\/p>\n<p><strong>DOMENICA CON IL CAI DI AGORDO\u00a0<\/strong><br \/>\nAGORDO Escursione al Museo della Pietra e degli Scalpellini di Castellavazzo. Giornata alla scoperta del borgo di Castellavazzo e della sua storia, legata alla celebre pietra e al lavoro degli scalpellini. La Pietra di Castellavazzo \u00e8 infatti ritenuta molto pregiata e sembra venisse utilizzata gi\u00e0 in epoca romana<\/p>\n<p><a class=\"dt-pswp-item\" href=\"https:\/\/www.radiopiu.net\/wordpress\/wp-content\/uploads\/2024\/09\/paserella_ciclopedonale_cordevole_capirle_1-1200x900-1.jpg\" data-dt-img-description=\"\" data-large_image_width=\"1200\" data-large_image_height=\"900\"><img loading=\"lazy\" decoding=\"async\" class=\" wp-image-409928 alignleft\" src=\"https:\/\/www.radiopiu.net\/wordpress\/wp-content\/uploads\/2024\/09\/paserella_ciclopedonale_cordevole_capirle_1-1200x900-1-300x225.jpg\" alt=\"\" width=\"253\" height=\"190\" srcset=\"https:\/\/www.radiopiu.net\/wordpress\/wp-content\/uploads\/2024\/09\/paserella_ciclopedonale_cordevole_capirle_1-1200x900-1-300x225.jpg 300w, https:\/\/www.radiopiu.net\/wordpress\/wp-content\/uploads\/2024\/09\/paserella_ciclopedonale_cordevole_capirle_1-1200x900-1-1024x768.jpg 1024w, https:\/\/www.radiopiu.net\/wordpress\/wp-content\/uploads\/2024\/09\/paserella_ciclopedonale_cordevole_capirle_1-1200x900-1-768x576.jpg 768w, https:\/\/www.radiopiu.net\/wordpress\/wp-content\/uploads\/2024\/09\/paserella_ciclopedonale_cordevole_capirle_1-1200x900-1.jpg 1200w\" sizes=\"auto, (max-width: 253px) 100vw, 253px\" \/><\/a><strong>LA GIUDIZIARIA OGGI<\/strong><br \/>\n<strong>SINTESI DAL CORRIERE DELLE ALPI<\/strong><br \/>\n<strong>GIGI SOSSO<\/strong><\/p>\n<p><strong>Coltellata, rischia 10 mesi<\/strong><br \/>\nColtellata al collo o catenina strappata? Per il difensore D.S.S. va assolto per le incompatibilit\u00e0 tra ferita e arma bianca. Secondo l&#8217;accusa l&#8217;uomo avrebbe tirato fuori un coltello provocando la ferita lacero contusa. Accusa di lesioni aggravate e porto illegale d&#8217;arma o oggetto atto ad offendere.<\/p>\n<p><strong>A processo per bracconaggio<\/strong><br \/>\nA.P. gi\u00e0 membro del Comitato Bellunese Cacciatori \u00e8 alla sbarra per bracconaggio contro i lupi. Indagato per un sito illegale per la cattura di lupi con lacci e carcasse di animali. Il processo con rito immediato nasce dall&#8217;opposizione di un decreto penale di condanna al pagamento di una somma, la Procura insiste sulla colpevolezza, l&#8217;uomo si dichiara innocente<\/p>\n<p><strong>Dubbi sull&#8217;alcoltest\u00a0<\/strong><br \/>\nU.D.P. fermato dalla polizia all&#8217;esame con il precursore ne \u00e8 uscito l&#8217;esito positivo, l&#8217;etilometro ha confermato il risultato ma i due soffi non hanno dato risultati diversi. Secondo il difensore Fabio Capraro di Treviso mette in dubbio la regolarit\u00e0 dell&#8217;apparecchiatura per l&#8217;uscita di due scontrini con lo stesso tasso alcolico (1,67) pur a distanza di tempo. Processo in corso.<\/p>\n<p><strong>Rotary Club Belluno: Quarta Edizione delle Borse di Studio in Memoria di Rudy De Gasperin<\/strong><br \/>\nBELLUNO Il Rotary Club Belluno lancia la quarta edizione delle borse di studio in memoria di Rudy De Gasperin, imprenditore e socio attivo del club, scomparso nel 2020. L&#8217;iniziativa prevede tre borse di studio triennali del valore totale di 18.000 euro, destinate a studenti meritevoli della provincia di Belluno che si iscrivano a corsi di laurea triennali in discipline tecnico-scientifiche presso universit\u00e0 italiane.<\/p>\n<p><strong>AGORDO<\/strong> Sabato alle 10.30 a Forcella Camp la messa nel 26esimo anniversario dalla posa in opera del capitello. Forcella Camp facilmente raggiungibile da Malga Framont, oppure dal Rifugio Carestiato.<\/p>\n<p>&nbsp;<\/p>\n","protected":false},"excerpt":{"rendered":"<p>** &nbsp; ACQUA LE ULTIME DA GSP_BELLUNO A RIVAMONTE AGORDINO in VIA ROSSON CIVICO N. 25 e VIA VILLAGRANDE CIVICI N. 45 e 4A l\u2019acqua erogata dall\u2019acquedotto non \u00e8 potabile e pu\u00f2 essere usata per scopi alimentari SOLO PREVIA bollitura. VOLTAGO AGORDINO nelle localit\u00e0 CAPOLUOGO, CORONE e VIA STRUZ l\u2019acqua erogata dall\u2019acquedotto non \u00e8 potabile&hellip;<\/p>\n","protected":false},"author":4,"featured_media":409938,"comment_status":"closed","ping_status":"closed","sticky":false,"template":"","format":"standard","meta":{"_monsterinsights_skip_tracking":false,"_monsterinsights_sitenote_active":false,"_monsterinsights_sitenote_note":"","_monsterinsights_sitenote_category":0,"footnotes":""},"categories":[51,49,142],"tags":[],"class_list":["post-409937","post","type-post","status-publish","format-standard","has-post-thumbnail","hentry","category-evidenza-top","category-news-18","category-rassegna-stampa","category-51","category-49","category-142","description-off"],"img_url":"https:\/\/www.radiopiu.net\/wordpress\/wp-content\/uploads\/2024\/09\/COPP1.png","_links":{"self":[{"href":"https:\/\/www.radiopiu.net\/wordpress\/wp-json\/wp\/v2\/posts\/409937","targetHints":{"allow":["GET"]}}],"collection":[{"href":"https:\/\/www.radiopiu.net\/wordpress\/wp-json\/wp\/v2\/posts"}],"about":[{"href":"https:\/\/www.radiopiu.net\/wordpress\/wp-json\/wp\/v2\/types\/post"}],"author":[{"embeddable":true,"href":"https:\/\/www.radiopiu.net\/wordpress\/wp-json\/wp\/v2\/users\/4"}],"replies":[{"embeddable":true,"href":"https:\/\/www.radiopiu.net\/wordpress\/wp-json\/wp\/v2\/comments?post=409937"}],"version-history":[{"count":3,"href":"https:\/\/www.radiopiu.net\/wordpress\/wp-json\/wp\/v2\/posts\/409937\/revisions"}],"predecessor-version":[{"id":409955,"href":"https:\/\/www.radiopiu.net\/wordpress\/wp-json\/wp\/v2\/posts\/409937\/revisions\/409955"}],"wp:featuredmedia":[{"embeddable":true,"href":"https:\/\/www.radiopiu.net\/wordpress\/wp-json\/wp\/v2\/media\/409938"}],"wp:attachment":[{"href":"https:\/\/www.radiopiu.net\/wordpress\/wp-json\/wp\/v2\/media?parent=409937"}],"wp:term":[{"taxonomy":"category","embeddable":true,"href":"https:\/\/www.radiopiu.net\/wordpress\/wp-json\/wp\/v2\/categories?post=409937"},{"taxonomy":"post_tag","embeddable":true,"href":"https:\/\/www.radiopiu.net\/wordpress\/wp-json\/wp\/v2\/tags?post=409937"}],"curies":[{"name":"wp","href":"https:\/\/api.w.org\/{rel}","templated":true}]}}