{"id":410073,"date":"2024-09-20T05:43:34","date_gmt":"2024-09-20T03:43:34","guid":{"rendered":"https:\/\/www.radiopiu.net\/wordpress\/?p=410073"},"modified":"2024-09-20T05:56:02","modified_gmt":"2024-09-20T03:56:02","slug":"dolomitibus-proteste-quotidiane","status":"publish","type":"post","link":"https:\/\/www.radiopiu.net\/wordpress\/dolomitibus-proteste-quotidiane\/","title":{"rendered":"DOLOMITIBUS&#8230; PROTESTE QUOTIDIANE"},"content":{"rendered":"<blockquote>\n<h2>DILLO A RADIO PIU&#8217;&#8230; LETTERA APERTA AL QUESTORE ED AL PREFETTO di Belluno<\/h2>\n<blockquote><p><strong>Protesta per bus sovraffollati a Belluno<\/strong><\/p><\/blockquote>\n<p><img decoding=\"async\" class=\"alignleft\" src=\"https:\/\/www.radiopiu.net\/wordpress\/wp-content\/uploads\/2024\/09\/th-8.jpg\" \/>Da Marco Serafini, di Falcade, riceviamo e volentieri pubblichiamo una lettera appello a Questore e Prefetto, figure importanti, fondamentali per il territorio e che godono della massima stima e fiducia. Per questo il cittadino chiede una risposta concreta al rischio sicurezza per i figli minori, lasciati a piedi&#8230;<\/p>\n<p><strong>LA LETTERA<\/strong> \u00a0Signor Questore,\u00a0 Signor Prefetto,\u00a0 anche ieri mio figlio di 15 anni \u00e8 rimasto a piedi in stazione a Belluno e non \u00e8 la prima volta. Bus delle 12.18 per Agordo-Falcade strapieno e non in grado di accogliere tutti gli studenti. Solita storia segnalata da pi\u00f9 genitori, sentita, letta e riascoltata alla radio, oppure letta sui canali social. Evidentemente non fa pi\u00f9 notizia,\u00a0 ma soprattutto e mi rammarico, sfuggita ai nostri politici ed alle forze dell&#8217;ordine. Si perch\u00e9 qui si parla anche di sicurezza dei trasporti e di ordine pubblico. Ragazzi minorenni stipati come animali su carri bestiame e costretti a rimanere in piedi per km su strade tortuose. Ma soprattutto, cosa devo insegnare a mio figlio purch\u00e9 arrivi in orario a pranzo e dopo ore di lezione magari sull&#8217;educazione civica a spintonare e spingere con gomiti nello stomaco, arroganza, alzare la voce con i pi\u00f9 piccoli? Poi facciamo lezioni nelle scuole sul bullismo! Una vergogna che si protrae ormai da tempo a fronte di costi di abbonamenti esosi. Spopolamento dei paesi? Non biasimate le famiglie che fuggono dalla montagna poi!<br \/>\nMarco Serafini\u00a0 Falcade<\/p>\n<p>&nbsp;<\/p>\n<hr \/>\n<p>&nbsp;<\/p>\n<h1>Problemi con il Servizio Dolomiti Bus: Famiglie di Sedico Protestano<\/h1>\n<div class=\"flex max-w-full flex-col flex-grow\">\n<div class=\"min-h-[20px] text-message flex w-full flex-col items-end gap-2 whitespace-normal break-words [.text-message+&amp;]:mt-5\" dir=\"auto\" data-message-author-role=\"assistant\" data-message-id=\"1868e6b2-40ee-40ae-b9c5-02a8356468e2\">\n<div class=\"flex w-full flex-col gap-1 empty:hidden first:pt-[3px]\">\n<div class=\"markdown prose w-full break-words dark:prose-invert dark\">\n<p>Un gruppo di famiglie di Sedico segnala disservizi nel trasporto scolastico fornito da Dolomiti Bus. Gli studenti non riescono a tornare a casa tra le 12 e le 13, poich\u00e9 gli autobus partono prima dell\u2019orario previsto e non effettuano fermate successive. All\u2019andata, i mezzi sono sovraffollati. Le famiglie denunciano inefficacia del servizio reclami e chiedono maggiore attenzione alla questione per trovare una soluzione.<\/p>\n<\/div>\n<\/div>\n<\/div>\n<\/div>\n<div class=\"mt-1 flex gap-3 empty:hidden -ml-2\">\n<div class=\"items-center justify-start rounded-xl p-1 flex\">\n<div class=\"flex items-center\">\n<div class=\"flex\"><\/div>\n<div class=\"flex items-center pb-0\"><strong>LA LETTERA ALL RADIO\u00a0<\/strong><\/div>\n<\/div>\n<\/div>\n<\/div>\n<\/blockquote>\n<div class=\"mt-1 flex gap-3 empty:hidden -ml-2\">\n<div class=\"items-center justify-start rounded-xl p-1 flex\">\n<div class=\"flex items-center\">\n<div><img loading=\"lazy\" decoding=\"async\" class=\"alignleft\" src=\"https:\/\/www.radiopiu.net\/wordpress\/wp-content\/uploads\/2024\/05\/CS_Dolomitibus.png\" width=\"347\" height=\"146\" \/>E\u2019 con rabbia che abbiamo visto le notizie diffuse dalla stampa circa la buona partenza delle corse scolastiche della Dolomiti bus. Ci permettiamo di dissentire. Siamo un nutrito gruppo di famiglie di studenti di Sedico che dall\u201911 settembre scorso non sono mai riusciti a tornare a casa col servizio Dolomiti bus nell\u2019orario dalle 12 alle 13. Dolomiti bus non d\u00e0 il servizio che dice di garantire. Le corriere partono dal piazzale della stazione prima dell\u2019orario previsto non consentendo ai ragazzi che arrivano da via San Lorenzo o dalle scuole superiori del centro di prendere i mezzi in stazione. Alle fermate successive, ospedale o via Agordo, seppur previste, non fermano. I ragazzi rimangono cos\u00ec un\u2019ora ad aspettare la corsa successiva. Cos\u00ec fin\u2019ora tutti i giorni da che la scuola \u00e8 iniziata. All\u2019andata da Sedico a Belluno le corriere arrivano strapiene, alcune non fermano, in altre ci si sgomita per entrare non riuscendoci. Pi\u00f9 studenti luned\u00ec non sono riusciti ad andare a scuola, arrivando , con mezzi propri o con i genitori , in ritardo. Il servizio di reclamo non funziona, recandosi agli uffici ci si sente rispondere di scrivere mail, telefonando invece che le corriere a loro risultano passare da orario pubblicato e mettere gi\u00f9 il telefono in malo modo. Le famiglie si sono sobbarcate la spesa dell\u2019abbonamento, pi\u00f9 di trecento euro, hanno prodotto carte e moduli andando pi\u00f9 volte negli uffici per ottenere questi abbonamenti e ora si ritrovano coi figli per strada. Spiace leggere articoli e servizi televisivi in cui l\u2019azienda, al contrario, dichiara che tutto sta funzionando \u201csenza particolari criticit\u00e0\u201d. Desideriamo che sia dato il giusto rilievo a questo mal funzionamento del servizio nella speranza che trovi soluzione.<\/div>\n<div><\/div>\n<div><\/div>\n<div>\n<blockquote>\n<h3>Dolomitibus: Disagi e Ritardi per gli Studenti del Calvi\/Renier<\/h3>\n<\/blockquote>\n<p><strong><a class=\"dt-pswp-item\" href=\"https:\/\/www.radiopiu.net\/wordpress\/wp-content\/uploads\/2022\/10\/CALVI-BELLUNO-scaled.jpg\" data-dt-img-description=\"SONY DSC\" data-large_image_width=\"2560\" data-large_image_height=\"1707\"><img loading=\"lazy\" decoding=\"async\" class=\"size-medium wp-image-300957 alignleft\" src=\"https:\/\/www.radiopiu.net\/wordpress\/wp-content\/uploads\/2022\/10\/CALVI-BELLUNO-300x200.jpg\" alt=\"\" width=\"300\" height=\"200\" srcset=\"https:\/\/www.radiopiu.net\/wordpress\/wp-content\/uploads\/2022\/10\/CALVI-BELLUNO-300x200.jpg 300w, https:\/\/www.radiopiu.net\/wordpress\/wp-content\/uploads\/2022\/10\/CALVI-BELLUNO-1024x683.jpg 1024w, https:\/\/www.radiopiu.net\/wordpress\/wp-content\/uploads\/2022\/10\/CALVI-BELLUNO-768x512.jpg 768w, https:\/\/www.radiopiu.net\/wordpress\/wp-content\/uploads\/2022\/10\/CALVI-BELLUNO-1536x1024.jpg 1536w, https:\/\/www.radiopiu.net\/wordpress\/wp-content\/uploads\/2022\/10\/CALVI-BELLUNO-2048x1365.jpg 2048w\" sizes=\"auto, (max-width: 300px) 100vw, 300px\" \/><\/a>BELLUNO<\/strong>\u00a0 Anche quest&#8217;anno gli studenti che utilizzano i mezzi pubblici Dolomitibus per raggiungere le scuole Calvi e Renier stanno affrontando notevoli disagi. La modifica degli orari della linea verde, che ora arriva in stazione alle 7:50 invece delle 7:45, ha complicato ulteriormente la situazione. La coincidenza con le ultime navette, che partono tra le 7:50 e le 7:52, \u00e8 diventata un problema serio. Recentemente, un lieve ritardo dell\u2019autobus ha fatto s\u00ec che tutti i passeggeri della linea verde, uno dei mezzi pi\u00f9 affollati della mattina, perdessero la navetta. Gli studenti hanno dovuto percorrere a piedi il tragitto dalla stazione alla scuola, arrivando con 20 minuti di ritardo. Questa situazione non \u00e8 nuova: gi\u00e0 l&#8217;anno scorso si verificavano spesso episodi simili, con numerosi studenti costretti a correre o addirittura a camminare fino a scuola a causa delle navette perse. Anche quando si riesce a prendere l\u2019ultima navetta, la situazione a bordo \u00e8 critica. Le ultime due corse sono sempre sovraffollate, con studenti stipati in ogni spazio disponibile, sia nei corridoi che all&#8217;ingresso. Questo sovraffollamento non solo rende il viaggio scomodo ma solleva anche questioni di sicurezza. Questi disagi quotidiani mostrano la necessit\u00e0 di un ripensamento della gestione degli orari e delle corse delle navette, per garantire un servizio pi\u00f9 efficiente e sicuro per tutti gli studenti.<\/p>\n<\/div>\n<div><\/div>\n<\/div>\n<\/div>\n<\/div>\n<blockquote>\n<div class=\"mt-1 flex gap-3 empty:hidden -ml-2\">\n<div class=\"items-center justify-start rounded-xl p-1 flex\">\n<div class=\"flex items-center\">\n<div><\/div>\n<\/div>\n<\/div>\n<\/div>\n<p style=\"text-align: left;\"><strong><span style=\"color: #ff0000;\"><a class=\"dt-pswp-item\" href=\"https:\/\/www.radiopiu.net\/wordpress\/wp-content\/uploads\/2019\/10\/download-23.jpg\" data-dt-img-description=\"\" data-large_image_width=\"182\" data-large_image_height=\"277\"><img loading=\"lazy\" decoding=\"async\" class=\"wp-image-103547 alignleft\" src=\"https:\/\/www.radiopiu.net\/wordpress\/wp-content\/uploads\/2019\/10\/download-23.jpg\" alt=\"\" width=\"153\" height=\"233\" \/><\/a>ARCHIVIO RADIOPIU 6 AGOSTO&#8230; SPERANZE PERDUTE<\/span><\/strong><\/p>\n<blockquote>\n<h2>DOLOMITIBUS, CERTEZZE E SPERANZE. IL FALLIMENTO DEI BUONI AUSPICI<\/h2>\n<\/blockquote>\n<div class=\"group\/conversation-turn relative flex w-full min-w-0 flex-col agent-turn\">\n<div class=\"flex-col gap-1 md:gap-3\">\n<div class=\"flex flex-grow flex-col max-w-full\">\n<div class=\"min-h-[20px] text-message flex w-full flex-col items-end gap-2 whitespace-pre-wrap break-words [.text-message+&amp;]:mt-5 overflow-x-auto\" dir=\"auto\" data-message-author-role=\"assistant\" data-message-id=\"a60bdfef-90a3-4316-b19a-ff463ce82df9\">\n<div class=\"flex w-full flex-col gap-1 empty:hidden first:pt-[3px]\">\n<div class=\"markdown prose w-full break-words dark:prose-invert dark\">\n<blockquote>\n<h3>Tpl, Provincia al lavoro per la ripresa della scuola.\u00a0 <strong style=\"font-size: 14px;\">Bortoluzzi: \u00abNon si ripetano i disservizi dello scorso anno\u00bb<\/strong><\/h3>\n<\/blockquote>\n<p>Il trasporto pubblico \u00e8 in crisi, ma garantire un servizio efficiente, specialmente in montagna, \u00e8 cruciale, afferma Massimo Bortoluzzi, consigliere provinciale ai trasporti. Lo scorso anno, la carenza di autisti ha causato molti disservizi, con diverse corse cancellate, soprattutto negli orari meno frequentati. Con l&#8217;avvicinarsi dell&#8217;inizio delle scuole, la Provincia lavora con Dolomitibus per assicurare un servizio ottimale. Un incontro tra azienda, sindacati e autorit\u00e0 locali \u00e8 previsto per individuare criticit\u00e0 e soluzioni. Bortoluzzi sottolinea l&#8217;importanza di mantenere il servizio per studenti e lavoratori, ricordando le difficolt\u00e0 attuali ma incoraggiando un approccio collaborativo.\u00a0 Dolomitibus \u00e8 incaricata di monitorare i flussi di passeggeri per ottimizzare le risorse, potenziando i servizi richiesti e riducendoli dove necessario, per rispondere meglio alle esigenze dei diversi territori.<\/p>\n<p>&nbsp;<\/p>\n<\/div>\n<\/div>\n<\/div>\n<\/div>\n<\/div>\n<\/div>\n<\/blockquote>\n","protected":false},"excerpt":{"rendered":"<p>DILLO A RADIO PIU&#8217;&#8230; LETTERA APERTA AL QUESTORE ED AL PREFETTO di Belluno Protesta per bus sovraffollati a Belluno Da Marco Serafini, di Falcade, riceviamo e volentieri pubblichiamo una lettera appello a Questore e Prefetto, figure importanti, fondamentali per il territorio e che godono della massima stima e fiducia. Per questo il cittadino chiede una&hellip;<\/p>\n","protected":false},"author":4,"featured_media":409348,"comment_status":"closed","ping_status":"closed","sticky":false,"template":"","format":"standard","meta":{"_monsterinsights_skip_tracking":false,"_monsterinsights_sitenote_active":false,"_monsterinsights_sitenote_note":"","_monsterinsights_sitenote_category":0,"footnotes":""},"categories":[51,49],"tags":[],"class_list":["post-410073","post","type-post","status-publish","format-standard","has-post-thumbnail","hentry","category-evidenza-top","category-news-18","category-51","category-49","description-off"],"img_url":"https:\/\/www.radiopiu.net\/wordpress\/wp-content\/uploads\/2024\/09\/Progetto-senza-titolo.png","_links":{"self":[{"href":"https:\/\/www.radiopiu.net\/wordpress\/wp-json\/wp\/v2\/posts\/410073","targetHints":{"allow":["GET"]}}],"collection":[{"href":"https:\/\/www.radiopiu.net\/wordpress\/wp-json\/wp\/v2\/posts"}],"about":[{"href":"https:\/\/www.radiopiu.net\/wordpress\/wp-json\/wp\/v2\/types\/post"}],"author":[{"embeddable":true,"href":"https:\/\/www.radiopiu.net\/wordpress\/wp-json\/wp\/v2\/users\/4"}],"replies":[{"embeddable":true,"href":"https:\/\/www.radiopiu.net\/wordpress\/wp-json\/wp\/v2\/comments?post=410073"}],"version-history":[{"count":1,"href":"https:\/\/www.radiopiu.net\/wordpress\/wp-json\/wp\/v2\/posts\/410073\/revisions"}],"predecessor-version":[{"id":410074,"href":"https:\/\/www.radiopiu.net\/wordpress\/wp-json\/wp\/v2\/posts\/410073\/revisions\/410074"}],"wp:featuredmedia":[{"embeddable":true,"href":"https:\/\/www.radiopiu.net\/wordpress\/wp-json\/wp\/v2\/media\/409348"}],"wp:attachment":[{"href":"https:\/\/www.radiopiu.net\/wordpress\/wp-json\/wp\/v2\/media?parent=410073"}],"wp:term":[{"taxonomy":"category","embeddable":true,"href":"https:\/\/www.radiopiu.net\/wordpress\/wp-json\/wp\/v2\/categories?post=410073"},{"taxonomy":"post_tag","embeddable":true,"href":"https:\/\/www.radiopiu.net\/wordpress\/wp-json\/wp\/v2\/tags?post=410073"}],"curies":[{"name":"wp","href":"https:\/\/api.w.org\/{rel}","templated":true}]}}