{"id":410083,"date":"2024-09-19T09:59:19","date_gmt":"2024-09-19T07:59:19","guid":{"rendered":"https:\/\/www.radiopiu.net\/wordpress\/?p=410083"},"modified":"2024-09-19T10:38:19","modified_gmt":"2024-09-19T08:38:19","slug":"rene-vallazza-confermato-in-biancorosso","status":"publish","type":"post","link":"https:\/\/www.radiopiu.net\/wordpress\/rene-vallazza-confermato-in-biancorosso\/","title":{"rendered":"RENE\u2019 VALLAZZA CONFERMATO IN BIANCOROSSO"},"content":{"rendered":"<p>******<br \/>\n<strong><a class=\"dt-pswp-item\" href=\"https:\/\/www.radiopiu.net\/wordpress\/wp-content\/uploads\/2024\/09\/def3aedc-b30e-4a61-8cfb-84d2c696fdb0.jpeg\" data-dt-img-description=\"\" data-large_image_width=\"931\" data-large_image_height=\"491\"><img loading=\"lazy\" decoding=\"async\" class=\"size-medium wp-image-410087 alignleft\" src=\"https:\/\/www.radiopiu.net\/wordpress\/wp-content\/uploads\/2024\/09\/def3aedc-b30e-4a61-8cfb-84d2c696fdb0-300x158.jpeg\" alt=\"\" width=\"300\" height=\"158\" srcset=\"https:\/\/www.radiopiu.net\/wordpress\/wp-content\/uploads\/2024\/09\/def3aedc-b30e-4a61-8cfb-84d2c696fdb0-300x158.jpeg 300w, https:\/\/www.radiopiu.net\/wordpress\/wp-content\/uploads\/2024\/09\/def3aedc-b30e-4a61-8cfb-84d2c696fdb0-768x405.jpeg 768w, https:\/\/www.radiopiu.net\/wordpress\/wp-content\/uploads\/2024\/09\/def3aedc-b30e-4a61-8cfb-84d2c696fdb0.jpeg 931w\" sizes=\"auto, (max-width: 300px) 100vw, 300px\" \/><\/a>DI ROBERTO MIANA, PORTAVOCE DELL\u2019ALLEGHE HOCKEY<\/strong><\/p>\n<p>La Societ\u00e0 Alleghe Hockey completa il reparto difensivo con la conferma di Ren\u00e8 Vallazza. Difensore classe 1994 (trent\u2019anni compiuti il 19 aprile) di Cortina d\u2019Ampezzo, dove \u00e8 anche cresciuto hockeisticamente. Professionalmente \u00e8 consulente assicurativo e come hobby, oltre all\u2019hockey, ama praticare il golf. Nella passata stagione, al suo esordio ai piedi del Civetta, in 36 gare ha messo a referto 14 punti (3 reti+11 assist). Wally, cos\u00ec chiamato dagli amici, nella passata stagione ha dato dimostrazione di essere una valida pedina nello scacchiere della squadra.<\/p>\n<p>Le parole di Ren\u00e8: \u201cTorno ad Alleghe perch\u00e9 nella passata stagione in riva al lago mi sono trovato benissimo e si \u00e8 instaurato un bel rapporto personale sia con la Societ\u00e0 che con i compagni di squadra. Prima della mia avventura in biancorosso conoscevo Davide Testori con il quale eravamo gi\u00e0 amici, ora all\u2019interno dello spogliatoio ho legato particolarmente anche con Gianni Scola e Milos Ganz. Secondo me la Societ\u00e0 ha lavorato al meglio delle proprie possibilit\u00e0 per allestire una rosa competitiva e, cosa importante, si sta creando un bel gruppo squadra unito\u201d.<\/p>\n<p>&nbsp;<\/p>\n<p>&nbsp;<\/p>\n<p>&nbsp;<\/p>\n<p>&nbsp;<\/p>\n<p>&nbsp;<\/p>\n<p>********<\/p>\n","protected":false},"excerpt":{"rendered":"<p>****** DI ROBERTO MIANA, PORTAVOCE DELL\u2019ALLEGHE HOCKEY La Societ\u00e0 Alleghe Hockey completa il reparto difensivo con la conferma di Ren\u00e8 Vallazza. Difensore classe 1994 (trent\u2019anni compiuti il 19 aprile) di Cortina d\u2019Ampezzo, dove \u00e8 anche cresciuto hockeisticamente. Professionalmente \u00e8 consulente assicurativo e come hobby, oltre all\u2019hockey, ama praticare il golf. Nella passata stagione, al suo&hellip;<\/p>\n","protected":false},"author":4,"featured_media":410087,"comment_status":"closed","ping_status":"closed","sticky":false,"template":"","format":"standard","meta":{"_monsterinsights_skip_tracking":false,"_monsterinsights_sitenote_active":false,"_monsterinsights_sitenote_note":"","_monsterinsights_sitenote_category":0,"footnotes":""},"categories":[49],"tags":[],"class_list":["post-410083","post","type-post","status-publish","format-standard","has-post-thumbnail","hentry","category-news-18","category-49","description-off"],"img_url":"https:\/\/www.radiopiu.net\/wordpress\/wp-content\/uploads\/2024\/09\/def3aedc-b30e-4a61-8cfb-84d2c696fdb0.jpeg","_links":{"self":[{"href":"https:\/\/www.radiopiu.net\/wordpress\/wp-json\/wp\/v2\/posts\/410083","targetHints":{"allow":["GET"]}}],"collection":[{"href":"https:\/\/www.radiopiu.net\/wordpress\/wp-json\/wp\/v2\/posts"}],"about":[{"href":"https:\/\/www.radiopiu.net\/wordpress\/wp-json\/wp\/v2\/types\/post"}],"author":[{"embeddable":true,"href":"https:\/\/www.radiopiu.net\/wordpress\/wp-json\/wp\/v2\/users\/4"}],"replies":[{"embeddable":true,"href":"https:\/\/www.radiopiu.net\/wordpress\/wp-json\/wp\/v2\/comments?post=410083"}],"version-history":[{"count":2,"href":"https:\/\/www.radiopiu.net\/wordpress\/wp-json\/wp\/v2\/posts\/410083\/revisions"}],"predecessor-version":[{"id":410104,"href":"https:\/\/www.radiopiu.net\/wordpress\/wp-json\/wp\/v2\/posts\/410083\/revisions\/410104"}],"wp:featuredmedia":[{"embeddable":true,"href":"https:\/\/www.radiopiu.net\/wordpress\/wp-json\/wp\/v2\/media\/410087"}],"wp:attachment":[{"href":"https:\/\/www.radiopiu.net\/wordpress\/wp-json\/wp\/v2\/media?parent=410083"}],"wp:term":[{"taxonomy":"category","embeddable":true,"href":"https:\/\/www.radiopiu.net\/wordpress\/wp-json\/wp\/v2\/categories?post=410083"},{"taxonomy":"post_tag","embeddable":true,"href":"https:\/\/www.radiopiu.net\/wordpress\/wp-json\/wp\/v2\/tags?post=410083"}],"curies":[{"name":"wp","href":"https:\/\/api.w.org\/{rel}","templated":true}]}}