{"id":410092,"date":"2024-09-20T05:48:07","date_gmt":"2024-09-20T03:48:07","guid":{"rendered":"https:\/\/www.radiopiu.net\/wordpress\/?p=410092"},"modified":"2024-09-20T07:55:16","modified_gmt":"2024-09-20T05:55:16","slug":"principale190924a","status":"publish","type":"post","link":"https:\/\/www.radiopiu.net\/wordpress\/principale190924a\/","title":{"rendered":"GIORNALE RADIOPIU 20 SETTEMBRE 2024 DIRETTORE MIRKO MEZZACASA\u2026DA 41 ANNI 25 GIUGNO 1983-25 GIUGNO 2024"},"content":{"rendered":"<p>**<\/p>\n<p>&nbsp;<\/p>\n<p><em><span style=\"color: #ff0000;\">ATTENZIONE: LA NUOVA APP PER IOS-IPHONE di Nicola Vettorello <\/span><\/em><a href=\"https:\/\/apps.apple.com\/it\/app\/radio-pi%C3%B9-emittente-agordina\/id1515939845\">https:\/\/apps.apple.com\/it\/app\/radio-pi%C3%B9-emittente-agordina\/id1515939845<\/a><\/p>\n<p><em style=\"color: #ff0000;\">ATTENZIONE: LA NUOVA APP RADIO\u00a0 PER ANDROID di Nicola Vettorello<\/em><\/p>\n<p><a href=\"https:\/\/play.google.com\/store\/apps\/details?id=net.radiopiu.iniko\" target=\"_blank\" rel=\"noopener noreferrer\">https:\/\/<\/a><a href=\"https:\/\/play.google.com\/store\/apps\/details?id=net.radiopiu.iniko\" target=\"_blank\" rel=\"noopener noreferrer\">play.google.com\/store\/apps\/details?id=net.radiopiu.iniko\u00a0\u00a0\u00a0<\/a><\/p>\n<p>&nbsp;<\/p>\n<hr \/>\n<p>&nbsp;<\/p>\n<p><strong><a class=\"dt-pswp-item\" href=\"https:\/\/www.radiopiu.net\/wordpress\/wp-content\/uploads\/2023\/05\/MONICA-FONTANIVE.jpg\" data-dt-img-description=\"\" data-large_image_width=\"292\" data-large_image_height=\"493\"><img loading=\"lazy\" decoding=\"async\" class=\" wp-image-334199 alignleft\" src=\"https:\/\/www.radiopiu.net\/wordpress\/wp-content\/uploads\/2023\/05\/MONICA-FONTANIVE-178x300.jpg\" alt=\"\" width=\"129\" height=\"217\" srcset=\"https:\/\/www.radiopiu.net\/wordpress\/wp-content\/uploads\/2023\/05\/MONICA-FONTANIVE-178x300.jpg 178w, https:\/\/www.radiopiu.net\/wordpress\/wp-content\/uploads\/2023\/05\/MONICA-FONTANIVE.jpg 292w\" sizes=\"auto, (max-width: 129px) 100vw, 129px\" \/><\/a>OGGI ALLA RADIO&#8230;.<\/strong> <span style=\"color: #ff0000;\">ALLE 4 E ALLE 6<\/span> LE NOTIZIE DALL&#8217;ITALIA E DAL MONDO <span style=\"color: #ff0000;\"> 0500 <span style=\"color: #0000ff;\">il nuovo programma, l&#8217;almanacco della nostra gente con il MUSLA\u00a0<\/span><\/span><span style=\"color: #ff0000;\"> 6.15<\/span> PIROLE DE LENGA A CURA DEL MUSLA<span style=\"color: #ff0000;\"> 7.20<\/span> EL BAL DEL FIORI, DETTI E TRADIZIONI DI GIULIANA DA RONCH <span style=\"color: #ff0000;\">8.05<\/span> LA RASSEGNA STAMPA LOCALE<span style=\"color: #ff0000;\"> 8.30\u00a0<span style=\"color: #000000;\">PIU&#8217; SIAMO CON MARINA DONA&#8217; \u00a0<\/span> 900 <span style=\"color: #0000ff;\">il nuovo programma, l&#8217;almanacco della nostra gente con il MUSLA\u00a0 \u00a0<\/span><\/span><span style=\"color: #ff0000;\"><span style=\"color: #000000;\">9.10 PREMIER LE NOVITA&#8217; NON MARCO GAZ E OTTANTA, LA MUSICA DEGLI ANNI OTTANTA CON MONICA FONTANIVE <span style=\"color: #0000ff;\">\u00a0(foto)\u00a0<\/span> <\/span><\/span><span style=\"color: #ff0000;\">9.40<\/span> VIABILITA&#8217; CON BOTOL CAR SERVICE (AGORDO-SEDICO-FELTRE)\u00a0 <span style=\"color: #ff0000;\">1010<span style=\"color: #000000;\"> MUSLA LE NOVE IN LADIN CON MICHELA DELL&#8217;OSBEL,<\/span> LA VALLE AGORDINA\u00a0 10.30\u00a0 <span style=\"color: #000000;\">\u00a0CON CELESTE LEVIS, DOMENICA LA MUSICA ALL&#8217;AUDOTORIUM SAVIO <\/span><\/span><span style=\"color: #000000;\">\u00a0<\/span><span style=\"color: #ff0000;\">11.30<\/span> SOTTO UN CIELO DI STELLE, ASTROFILIA CON CLAUDIO PRA\u00a0 <span style=\"color: #ff0000;\">13.20<\/span> TRE PEZZI, DI MARINA DONA&#8217;\u00a0 ultima puntata, prima stagione <span style=\"color: #ff0000;\">12.00<\/span> VA TUTTO LISCIO\u00a0 <span style=\"color: #ff0000;\">12.30<\/span> GIORNALE RADIO PRINCIPALE <span style=\"color: #ff0000;\">13.10<\/span> speciale mostra mercato\u00a0 a Villa Patt con la pro loco di Sedico con Claudio Mezzavilla<span style=\"color: #ff0000;\">\u00a0 <\/span><span style=\"color: #ff0000;\">\u00a0<\/span><span style=\"color: #ff0000;\">14.00 COLLAGE OPERAZIONE NOSTALGIA, LORIS SCUSSEL<span style=\"color: #000000;\">\u00a0<\/span>\u00a0<\/span><span style=\"color: #ff0000;\">15.00<\/span>\u00a0 WEEK END MARINA C&#8217;E&#8217;\u00a0 <span style=\"color: #ff0000;\">16<\/span> IL ROCK DI MARCO COSTANTINI <span style=\"color: #ff0000;\">1645<\/span> LE HIT DI MIRCO BENCIVENNI <span style=\"color: #ff0000;\">18.00<\/span> PIU&#8217; DANCE LE SELEZIONI CHE FANNO SALTARE DI DJ JACK, JACOPO DEL TEDESCO <span style=\"color: #ff0000;\">19.00 <\/span>SPECIALE 16 COMUNI CON FEDERICA MEZZACASA E MORRIS DE ZAIACOMO<\/p>\n<p><strong>rassegna stampa nazionale,<\/strong> ogni giorno alle 5 e alle 6 del mattino<br \/>\ngiornali locali 7 rassegna stampa flash, 8 rassegna stampa, gr flash alle 10 e alle 11, principale 12.30. Informazione pomerIggio alle 15 (speciale) 16, 17, 18. Giornale radio nazionale: ogni ora dalle 5 del mattino, alle 20 della sera.<\/p>\n<p>&nbsp;<\/p>\n<p>&nbsp;<\/p>\n<hr \/>\n<p>&nbsp;<\/p>\n<p>&nbsp;<\/p>\n<div class=\"x11i5rnm xat24cr x1mh8g0r x1vvkbs xtlvy1s x126k92a\">\n<div dir=\"auto\">\n<div dir=\"auto\">\n<p><strong><a class=\"dt-pswp-item\" href=\"https:\/\/www.radiopiu.net\/wordpress\/wp-content\/uploads\/2024\/02\/2d44e751-d8a8-461b-8e22-d8e4e853b032.jpg\" data-dt-img-description=\"\" data-large_image_width=\"1600\" data-large_image_height=\"1200\"><img loading=\"lazy\" decoding=\"async\" class=\"wp-image-373307 alignleft\" src=\"https:\/\/www.radiopiu.net\/wordpress\/wp-content\/uploads\/2024\/02\/2d44e751-d8a8-461b-8e22-d8e4e853b032-300x225.jpg\" alt=\"\" width=\"105\" height=\"79\" srcset=\"https:\/\/www.radiopiu.net\/wordpress\/wp-content\/uploads\/2024\/02\/2d44e751-d8a8-461b-8e22-d8e4e853b032-300x225.jpg 300w, https:\/\/www.radiopiu.net\/wordpress\/wp-content\/uploads\/2024\/02\/2d44e751-d8a8-461b-8e22-d8e4e853b032-1024x768.jpg 1024w, https:\/\/www.radiopiu.net\/wordpress\/wp-content\/uploads\/2024\/02\/2d44e751-d8a8-461b-8e22-d8e4e853b032-768x576.jpg 768w, https:\/\/www.radiopiu.net\/wordpress\/wp-content\/uploads\/2024\/02\/2d44e751-d8a8-461b-8e22-d8e4e853b032-1536x1152.jpg 1536w, https:\/\/www.radiopiu.net\/wordpress\/wp-content\/uploads\/2024\/02\/2d44e751-d8a8-461b-8e22-d8e4e853b032.jpg 1600w\" sizes=\"auto, (max-width: 105px) 100vw, 105px\" \/><\/a>EL BAL DEL FIOR, DI GIULIANA DA RONCH, 14 SETTEMBRE<\/strong><strong>\u00a02024<\/strong><\/p>\n<\/div>\n<\/div>\n<\/div>\n<div class=\"x11i5rnm xat24cr x1mh8g0r x1vvkbs xtlvy1s x126k92a\">\n<p>&nbsp;<\/p>\n<\/div>\n<audio class=\"wp-audio-shortcode\" id=\"audio-410092-1\" preload=\"none\" style=\"width: 100%;\" controls=\"controls\"><source type=\"audio\/mpeg\" src=\"https:\/\/www.radiopiu.net\/wordpress\/wp-content\/uploads\/2024\/09\/GVE-2.mp3?_=1\" \/><a href=\"https:\/\/www.radiopiu.net\/wordpress\/wp-content\/uploads\/2024\/09\/GVE-2.mp3\">https:\/\/www.radiopiu.net\/wordpress\/wp-content\/uploads\/2024\/09\/GVE-2.mp3<\/a><\/audio>\n<p>&nbsp;<\/p>\n<hr \/>\n<p>&nbsp;<\/p>\n<div class=\"x11i5rnm xat24cr x1mh8g0r x1vvkbs xtlvy1s x126k92a\">\n<h1><span style=\"color: #ff0000;\"><a class=\"dt-pswp-item\" href=\"https:\/\/www.radiopiu.net\/wordpress\/wp-content\/uploads\/2024\/06\/th-5.jpg\" data-dt-img-description=\"\" data-large_image_width=\"326\" data-large_image_height=\"180\"><img loading=\"lazy\" decoding=\"async\" class=\"size-medium wp-image-395881 alignleft\" src=\"https:\/\/www.radiopiu.net\/wordpress\/wp-content\/uploads\/2024\/06\/th-5-300x166.jpg\" alt=\"\" width=\"300\" height=\"166\" srcset=\"https:\/\/www.radiopiu.net\/wordpress\/wp-content\/uploads\/2024\/06\/th-5-300x166.jpg 300w, https:\/\/www.radiopiu.net\/wordpress\/wp-content\/uploads\/2024\/06\/th-5.jpg 326w\" sizes=\"auto, (max-width: 300px) 100vw, 300px\" \/><\/a><\/span><\/h1>\n<h1><\/h1>\n<h1><\/h1>\n<h1><span style=\"color: #000000;\">14 SETTEMBRE&#8230; alla radio l&#8217;almanacco\u00a0<\/span><\/h1>\n<audio class=\"wp-audio-shortcode\" id=\"audio-410092-2\" preload=\"none\" style=\"width: 100%;\" controls=\"controls\"><source type=\"audio\/mpeg\" src=\"https:\/\/www.radiopiu.net\/wordpress\/wp-content\/uploads\/2024\/09\/ALMANACCONEW-17.mp3?_=2\" \/><a href=\"https:\/\/www.radiopiu.net\/wordpress\/wp-content\/uploads\/2024\/09\/ALMANACCONEW-17.mp3\">https:\/\/www.radiopiu.net\/wordpress\/wp-content\/uploads\/2024\/09\/ALMANACCONEW-17.mp3<\/a><\/audio>\n<p>&nbsp;<\/p>\n<hr \/>\n<p>&nbsp;<\/p>\n<p>&nbsp;<\/p>\n<blockquote>\n<h1><strong><a class=\"dt-pswp-item\" href=\"https:\/\/www.radiopiu.net\/wordpress\/wp-content\/uploads\/2024\/09\/settembre-2024-calendario-it2.jpg\" data-dt-img-description=\"Optimized by JPEGmini 3.13.0.8 0x813388d2\" data-large_image_width=\"1325\" data-large_image_height=\"1004\"><img loading=\"lazy\" decoding=\"async\" class=\" wp-image-409701 alignleft\" src=\"https:\/\/www.radiopiu.net\/wordpress\/wp-content\/uploads\/2024\/09\/settembre-2024-calendario-it2-300x227.jpg\" alt=\"\" width=\"187\" height=\"142\" srcset=\"https:\/\/www.radiopiu.net\/wordpress\/wp-content\/uploads\/2024\/09\/settembre-2024-calendario-it2-300x227.jpg 300w, https:\/\/www.radiopiu.net\/wordpress\/wp-content\/uploads\/2024\/09\/settembre-2024-calendario-it2-1024x776.jpg 1024w, https:\/\/www.radiopiu.net\/wordpress\/wp-content\/uploads\/2024\/09\/settembre-2024-calendario-it2-768x582.jpg 768w, https:\/\/www.radiopiu.net\/wordpress\/wp-content\/uploads\/2024\/09\/settembre-2024-calendario-it2.jpg 1325w\" sizes=\"auto, (max-width: 187px) 100vw, 187px\" \/><\/a>N di parom &#8211; L Almanach de la nosta jent<\/strong><\/h1>\n<\/blockquote>\n<p>Le voci: Davide Conedera, Agordo, Michela Dell&#8217;Osbel, La Valle Agordina Simone Ganz, Falcade Veronica Lezuo, Colle Santa Lucia. La voce nella sigla \u00e8 di Giorgia Taio<\/p>\n<p><strong>LA PUNTATA DI OGGI, 18\u00a0 SETTEMBRE<\/strong><\/p>\n<audio class=\"wp-audio-shortcode\" id=\"audio-410092-3\" preload=\"none\" style=\"width: 100%;\" controls=\"controls\"><source type=\"audio\/mpeg\" src=\"https:\/\/www.radiopiu.net\/wordpress\/wp-content\/uploads\/2024\/09\/20_setember_Davide.mp3?_=3\" \/><a href=\"https:\/\/www.radiopiu.net\/wordpress\/wp-content\/uploads\/2024\/09\/20_setember_Davide.mp3\">https:\/\/www.radiopiu.net\/wordpress\/wp-content\/uploads\/2024\/09\/20_setember_Davide.mp3<\/a><\/audio>\n<p>&nbsp;<\/p>\n<p>&nbsp;<\/p>\n<div dir=\"auto\">\n<hr \/>\n<\/div>\n<\/div>\n<blockquote>\n<blockquote>\n<h1><span style=\"color: #ff0000;\">\u00a0<\/span><\/h1>\n<h1><span style=\"color: #ff0000;\">I podcast informativi del mattino &#8211; audio &#8211;\u00a0\u00a0<\/span><\/h1>\n<\/blockquote>\n<p><strong><a class=\"dt-pswp-item\" href=\"https:\/\/www.radiopiu.net\/wordpress\/wp-content\/uploads\/2023\/11\/th-10.jpg\" data-dt-img-description=\"\" data-large_image_width=\"320\" data-large_image_height=\"180\"><img loading=\"lazy\" decoding=\"async\" class=\"wp-image-362866 alignleft\" src=\"https:\/\/www.radiopiu.net\/wordpress\/wp-content\/uploads\/2023\/11\/th-10-300x169.jpg\" alt=\"\" width=\"185\" height=\"104\" srcset=\"https:\/\/www.radiopiu.net\/wordpress\/wp-content\/uploads\/2023\/11\/th-10-300x169.jpg 300w, https:\/\/www.radiopiu.net\/wordpress\/wp-content\/uploads\/2023\/11\/th-10.jpg 320w\" sizes=\"auto, (max-width: 185px) 100vw, 185px\" \/><\/a>LA RASSEGNA STAMPA NAZIONALE ALLA RADIO, OGNI GIORNO ALLE 5 E ALLE 6 DEL MATTINO <span style=\"color: #0000ff;\">viene pubblicata alle 6.00 <span style=\"color: #ff0000;\">DIRETTA RADIO\u00a0 \u00a0\u00a0<\/span><\/span><\/strong><\/p><\/blockquote>\n<p>&nbsp;<\/p>\n<p><strong>NOTIZIE DELLA NOTTE\u00a0 \u00a0<\/strong><\/p>\n<p><strong>Trump<\/strong>, &#8216;se non vinco Israele sar\u00e0 sradicato&#8217; <strong>Borsa:<\/strong> Tokyo in rialzo in scia di Wall St., picco del 2% <strong>Brano inedito di Mozart<\/strong> scoperto in una biblioteca tedesca <strong>Attacco con coltello<\/strong> a Rotterdam, un morto e un ferito <strong>Champions:<\/strong> Arteta, Arsenal inconsistente nel secondo tempo <strong>Champions<\/strong>: Gasperini, rammarico \u00e8 per rigore, ma siamo contenti <strong>Usa,<\/strong> &#8216;soluzione diplomatica Israele-Hezbollah \u00e8 possibile&#8217;<br \/>\n<strong>Libano<\/strong>, &#8216;dispositivi manomessi prima di entrare nel Paese&#8217;<\/p>\n<h2>AUDIO dalle 6 del mattino<\/h2>\n<audio class=\"wp-audio-shortcode\" id=\"audio-410092-4\" preload=\"none\" style=\"width: 100%;\" controls=\"controls\"><source type=\"audio\/mpeg\" src=\"https:\/\/www.radiopiu.net\/wordpress\/wp-content\/uploads\/2024\/09\/giornale07-14.mp3?_=4\" \/><a href=\"https:\/\/www.radiopiu.net\/wordpress\/wp-content\/uploads\/2024\/09\/giornale07-14.mp3\">https:\/\/www.radiopiu.net\/wordpress\/wp-content\/uploads\/2024\/09\/giornale07-14.mp3<\/a><\/audio>\n<p>&nbsp;<\/p>\n<p>&nbsp;<\/p>\n<p>&nbsp;<\/p>\n<hr \/>\n<p>&nbsp;<\/p>\n<h1 style=\"text-align: center;\"><span style=\"color: #ff0000;\">I podcast informativi del mattino &#8211; audio &#8211;\u00a0<\/span><\/h1>\n<p><strong><a class=\"dt-pswp-item\" href=\"https:\/\/www.radiopiu.net\/wordpress\/wp-content\/uploads\/2023\/12\/images.png\" data-dt-img-description=\"\" data-large_image_width=\"316\" data-large_image_height=\"160\"><img loading=\"lazy\" decoding=\"async\" class=\"wp-image-367008 alignleft\" src=\"https:\/\/www.radiopiu.net\/wordpress\/wp-content\/uploads\/2023\/12\/images-300x152.png\" alt=\"\" width=\"235\" height=\"119\" srcset=\"https:\/\/www.radiopiu.net\/wordpress\/wp-content\/uploads\/2023\/12\/images-300x152.png 300w, https:\/\/www.radiopiu.net\/wordpress\/wp-content\/uploads\/2023\/12\/images.png 316w\" sizes=\"auto, (max-width: 235px) 100vw, 235px\" \/><\/a>OGNI GIORNO ALLE SETTE DEL MATTINO, LA RASSEGNA STAMPA LOCALE FLASH&#8230; PER CHI VA IN FRETTA. I TITOLI DAI GIORNALI E DAL SITO WWW.RADIOPIU.NET <span style=\"color: #0000ff;\">viene pubblicato alle 7.00<\/span> <span style=\"color: #ff0000;\">DIRETTA RADIO\u00a0<\/span><\/strong><\/p>\n<p><em><span style=\"color: #ff0000;\">per chi va in fretta&#8230; tante notizie in pochi minuti. L&#8217;informazione locale alla radio, ogni ora dalle 7 del mattino alle 19 della sera.<\/span><\/em><\/p>\n<h1>AUDIO dalle 7 del mattino<\/h1>\n<audio class=\"wp-audio-shortcode\" id=\"audio-410092-5\" preload=\"none\" style=\"width: 100%;\" controls=\"controls\"><source type=\"audio\/mpeg\" src=\"https:\/\/www.radiopiu.net\/wordpress\/wp-content\/uploads\/2024\/09\/GF07-11.mp3?_=5\" \/><a href=\"https:\/\/www.radiopiu.net\/wordpress\/wp-content\/uploads\/2024\/09\/GF07-11.mp3\">https:\/\/www.radiopiu.net\/wordpress\/wp-content\/uploads\/2024\/09\/GF07-11.mp3<\/a><\/audio>\n<p>&nbsp;<\/p>\n<p>&nbsp;<\/p>\n<p>&nbsp;<\/p>\n<hr \/>\n<p>&nbsp;<\/p>\n<h1><\/h1>\n<h1 style=\"text-align: center;\"><span style=\"color: #ff0000;\"><a class=\"dt-pswp-item\" href=\"https:\/\/www.radiopiu.net\/wordpress\/wp-content\/uploads\/2022\/01\/026c3f9d-dae9-4040-a3c1-a6530231bcc3.jpg\" data-dt-img-description=\"\" data-large_image_width=\"1152\" data-large_image_height=\"2048\"><img loading=\"lazy\" decoding=\"async\" class=\"wp-image-251839 alignleft\" src=\"https:\/\/www.radiopiu.net\/wordpress\/wp-content\/uploads\/2022\/01\/026c3f9d-dae9-4040-a3c1-a6530231bcc3-169x300.jpg\" alt=\"\" width=\"100\" height=\"177\" srcset=\"https:\/\/www.radiopiu.net\/wordpress\/wp-content\/uploads\/2022\/01\/026c3f9d-dae9-4040-a3c1-a6530231bcc3-169x300.jpg 169w, https:\/\/www.radiopiu.net\/wordpress\/wp-content\/uploads\/2022\/01\/026c3f9d-dae9-4040-a3c1-a6530231bcc3-576x1024.jpg 576w, https:\/\/www.radiopiu.net\/wordpress\/wp-content\/uploads\/2022\/01\/026c3f9d-dae9-4040-a3c1-a6530231bcc3-768x1365.jpg 768w, https:\/\/www.radiopiu.net\/wordpress\/wp-content\/uploads\/2022\/01\/026c3f9d-dae9-4040-a3c1-a6530231bcc3-864x1536.jpg 864w, https:\/\/www.radiopiu.net\/wordpress\/wp-content\/uploads\/2022\/01\/026c3f9d-dae9-4040-a3c1-a6530231bcc3.jpg 1152w\" sizes=\"auto, (max-width: 100px) 100vw, 100px\" \/><\/a>I podcast informativi del mattino &#8211; audio &#8211;\u00a0<\/span><\/h1>\n<blockquote><p><strong>GIORNALE RADIO NAZIONALE, EDIZIONE DELLE SETTE <span style=\"color: #0000ff;\">viene pubblicato alle 7.05 <span style=\"color: #ff0000;\">DIRETTA RADIO\u00a0<\/span><\/span><\/strong><\/p><\/blockquote>\n<p><strong>il giornale radionazionale e&#8217; in onda ogni ora, dalle sette del mattino alle venti della sera\u00a0 \u00a0<\/strong><strong>\u00a0<\/strong><\/p>\n<p><strong>Il cold case<\/strong> Carabiniere morto nel 1987, nuova perizia sul telefonista <strong>Traversetolo Neonati<\/strong> morti, il sindaco: &#8216;Adesso chi sa parli&#8217; <strong>La Commissione di inchiesta<\/strong> Mirella Gregori, l&#8217;uomo del &#8216;citofono&#8217; fa secretare sua audizione<br \/>\n<strong>Uccide la moglie<\/strong> e si presenta ai carabinieri Femminicidio a Sestri Levante\u00a0 <strong>Investimento a Lido di Camaiore<\/strong>, agli arresti l&#8217;automobilista Tra i feriti c&#8217;\u00e8 la donna di 44 anni che era alla guida di una Mercedes, ha bucato due semafori <strong>Sangiuliano<\/strong> denuncia Boccia, indagano i pm di Roma <strong>Incidente sul lavoro<\/strong> in Val di Fiemme, perde la vita un 24enne La dinamica \u00e8 ancora in fase di ricostruzione <strong>Un padre al clan:<\/strong> &#8216;Vi pago, uccidete mio figlio&#8217; &#8220;Mi picchia, con mio genero&#8221;. Blitz e 12 arresti nel Napoletano <strong>Il gip di Venezia<\/strong> archivia la posizione della pm di Bergamo Ruggeri Era indagata per frode processuale<\/p>\n<h2>AUDIO dalle sette del mattino, ogni ora alla radio<\/h2>\n<audio class=\"wp-audio-shortcode\" id=\"audio-410092-6\" preload=\"none\" style=\"width: 100%;\" controls=\"controls\"><source type=\"audio\/mpeg\" src=\"https:\/\/www.radiopiu.net\/wordpress\/wp-content\/uploads\/2024\/09\/giornale07-15.mp3?_=6\" \/><a href=\"https:\/\/www.radiopiu.net\/wordpress\/wp-content\/uploads\/2024\/09\/giornale07-15.mp3\">https:\/\/www.radiopiu.net\/wordpress\/wp-content\/uploads\/2024\/09\/giornale07-15.mp3<\/a><\/audio>\n<p>&nbsp;<\/p>\n<p>&nbsp;<\/p>\n<hr \/>\n<p>&nbsp;<\/p>\n<p>&nbsp;<\/p>\n<h1><span style=\"color: #ff0000;\">I podcast informativi del mattino &#8211; video &#8211;\u00a0<\/span><\/h1>\n<h2 style=\"text-align: left;\"><strong>RASSEGNA STAMPA LOCALE, ORE OTTO 05<\/strong><\/h2>\n<h2><strong> <span style=\"color: #0000ff;\">viene\u00a0 <\/span><\/strong><strong><span style=\"color: #0000ff;\">pubblicata alle 8.05 <span style=\"color: #ff0000;\">DIRETTA RADIO\u00a0 \u00a0<\/span><\/span><\/strong><strong>DI MIRKO MEZZACASA<\/strong><\/h2>\n<h2><span style=\"color: #ff0000;\"><strong>VIDEO\u00a0 \u00a0in diretta dalle 8 del mattino\u00a0 \u00a0<\/strong><\/span><\/h2>\n<p>&nbsp;<\/p>\n<p>&nbsp;<\/p>\n<p>&nbsp;<\/p>\n<hr \/>\n<p>&nbsp;<\/p>\n<p>&nbsp;<\/p>\n<p><strong><a class=\"dt-pswp-item\" href=\"https:\/\/www.radiopiu.net\/wordpress\/wp-content\/uploads\/2023\/12\/ANTENNA.png\" data-dt-img-description=\"\" data-large_image_width=\"300\" data-large_image_height=\"166\"><img loading=\"lazy\" decoding=\"async\" class=\" wp-image-366306 alignleft\" src=\"https:\/\/www.radiopiu.net\/wordpress\/wp-content\/uploads\/2023\/12\/ANTENNA.png\" alt=\"\" width=\"175\" height=\"97\" \/><\/a>IERI SERA, DAL TG DI ANTENNA 3, ogni sera alle 19 le anticipazioni alla radio, quello che poi seguirete nel TELEGIORNALE BELLUNESE\u00a0 in onda alle 19.30 sul CANALE 10 del digitale terrestre.\u00a0\u00a0<\/strong><\/p>\n<p style=\"text-align: center;\"><span style=\"color: #ff0000;\"><strong>I TITOLI DEL TELEGIORNALE ALLA RADIO, DI TIZIANA BOLOCNANI<\/strong><\/span><\/p>\n<audio class=\"wp-audio-shortcode\" id=\"audio-410092-7\" preload=\"none\" style=\"width: 100%;\" controls=\"controls\"><source type=\"audio\/mpeg\" src=\"https:\/\/www.radiopiu.net\/wordpress\/wp-content\/uploads\/2024\/09\/ANTENNA3-14.mp3?_=7\" \/><a href=\"https:\/\/www.radiopiu.net\/wordpress\/wp-content\/uploads\/2024\/09\/ANTENNA3-14.mp3\">https:\/\/www.radiopiu.net\/wordpress\/wp-content\/uploads\/2024\/09\/ANTENNA3-14.mp3<\/a><\/audio>\n<p>&nbsp;<\/p>\n<p>&nbsp;<\/p>\n<hr \/>\n<p>&nbsp;<\/p>\n<blockquote>\n<h3>OGGI SCIOPERO DEI MEZZI PUBBLICI<\/h3>\n<\/blockquote>\n<p>Oggi \u00e8 previsto uno sciopero nazionale di 24 ore indetto da diverse sigle sindacali. Dolomiti Bus S.p.A. garantir\u00e0 il servizio nelle fasce orarie 5:40-8:10 e 12:10-15:40. Le corse iniziate prima dello sciopero saranno completate e il servizio sar\u00e0 pienamente ripristinato il giorno successivo.<\/p>\n<p>&nbsp;<\/p>\n<p>&nbsp;<\/p>\n<hr \/>\n<p>&nbsp;<\/p>\n<blockquote>\n<h3>CHIUSURA IN VISTA PER LA STRADA PER PASSO DURAN &#8211; LATO ZOLDO<\/h3>\n<\/blockquote>\n<p><strong>SP347 PASSO DURAN E CEREDA<\/strong> localit\u00e0 Cordelle. DAL 23 SETTEMBRE ALL&#8217;11 OTTOBRE esclusi sabato, domeniche e festivi infrasettimanali INTERDIZIONE TOTALE AL TRANSITO DALLE 8 ALLE 17<\/p>\n<p>&nbsp;<\/p>\n<p>&nbsp;<\/p>\n<hr \/>\n<p>&nbsp;<\/p>\n<blockquote>\n<h3>ROCCA PIETORE, ACQUA INQUINATA<\/h3>\n<\/blockquote>\n<p><strong>ROCCA PIETORE<\/strong> a ROCCA PIETORE in localit\u00e0 SOPRACORDEVOLE, VAL, DAGAI, DAVARE, LE COSTE e RONCH l&#8217;acqua erogata dall&#8217;acquedotto non \u00e8 potabile e non pu\u00f2 essere usata per scopi alimentari. Verr\u00e0 effettuato servizio sostitutivo con cisterna c\/o ex Ufficio Postale.<\/p>\n<p>&nbsp;<\/p>\n<hr \/>\n<p>&nbsp;<\/p>\n<p>&nbsp;<\/p>\n<blockquote>\n<h3 style=\"text-align: left;\"><a class=\"dt-pswp-item\" href=\"https:\/\/www.radiopiu.net\/wordpress\/wp-content\/uploads\/2018\/07\/alba-de-silvestro.png\" data-dt-img-description=\"\" data-large_image_width=\"800\" data-large_image_height=\"534\"><img loading=\"lazy\" decoding=\"async\" class=\"wp-image-53462 alignleft\" src=\"https:\/\/www.radiopiu.net\/wordpress\/wp-content\/uploads\/2018\/07\/alba-de-silvestro-300x200.png\" alt=\"\" width=\"209\" height=\"139\" srcset=\"https:\/\/www.radiopiu.net\/wordpress\/wp-content\/uploads\/2018\/07\/alba-de-silvestro-300x200.png 300w, https:\/\/www.radiopiu.net\/wordpress\/wp-content\/uploads\/2018\/07\/alba-de-silvestro-768x513.png 768w, https:\/\/www.radiopiu.net\/wordpress\/wp-content\/uploads\/2018\/07\/alba-de-silvestro.png 800w\" sizes=\"auto, (max-width: 209px) 100vw, 209px\" \/><\/a>Assalita da vespe: la disavventura di Alba De Silvestro<\/h3>\n<\/blockquote>\n<p>Alba De Silvestro, scialpinista del Centro Sportivo Esercito, \u00e8 stata assalita da vespe, subendo venti punture su gambe, braccia e viso. L&#8217;atleta ha passato una notte al pronto soccorso e, a causa del veleno, \u00e8 rimasta ferma per due settimane, saltando un raduno nazionale. Ora in ripresa, Alba torner\u00e0 presto ad allenarsi, con un raduno a Courmayeur e i Mondiali di Morgins nel mirino, dopo un&#8217;ottima stagione conclusa al terzo posto nella Coppa del Mondo.<\/p>\n<p>approfondimento di Ilario Tancon sul Corriere delle Alpi<\/p>\n<p>&nbsp;<\/p>\n<hr \/>\n<p>&nbsp;<\/p>\n<p>&nbsp;<\/p>\n<blockquote>\n<h2>DOLOMITIBUS E STUDENTI APPIEDATI, LA PROTESTA DEI GENITORI &#8220;E&#8217; UNA QUESTIONE DI SICUREZZA&#8221;<\/h2>\n<\/blockquote>\n<p><strong><img loading=\"lazy\" decoding=\"async\" class=\"alignleft\" src=\"https:\/\/www.radiopiu.net\/wordpress\/wp-content\/uploads\/2018\/08\/dolomitibus.jpeg\" width=\"203\" height=\"135\" \/>REDAZIONE<\/strong> Una situazione di assoluto &#8220;sfacelo&#8221;, dall&#8217;Agordino al Cadore, dall&#8217;Alpago al centro di Belluno non se ne viene fuori. Gli uffici di Dolomitibus non rispondono invitando\u00a0 a protestare sul sito. Un silenzio imperdonabile. Manca una comunicazione ufficiale a tutti i livelli.<\/p>\n<p><strong>\u00a0<\/strong><\/p>\n<p><strong>IERI SERA, DAL TG DI ANTENNA 3, TIZIANA BOLOGNANI dal giornale radio delle 19, ogni sera dal lunedi al sabato alle 19 le anticipazioni del Tg\u00a0 di Antenna 3, in onda alle 19.30 canale 10 digitale terrestre\u00a0<\/strong><\/p>\n<audio class=\"wp-audio-shortcode\" id=\"audio-410092-8\" preload=\"none\" style=\"width: 100%;\" controls=\"controls\"><source type=\"audio\/mpeg\" src=\"https:\/\/www.radiopiu.net\/wordpress\/wp-content\/uploads\/2024\/09\/TIZIANA-ANTENNA.mp3?_=8\" \/><a href=\"https:\/\/www.radiopiu.net\/wordpress\/wp-content\/uploads\/2024\/09\/TIZIANA-ANTENNA.mp3\">https:\/\/www.radiopiu.net\/wordpress\/wp-content\/uploads\/2024\/09\/TIZIANA-ANTENNA.mp3<\/a><\/audio>\n<p>&nbsp;<\/p>\n<hr \/>\n<p>&nbsp;<\/p>\n<h1 class=\"_title post-title entry-title\">CAOS TRASPORTO SCOLASTICO, PROTESTA DI UN NUTRITO GRUPPO DI FAMIGLIE<\/h1>\n<p>Intervistati PINA SABATINI PORTAVOCE FAMIGLIE STUDENTI SEDICO (AL TELEFONO) (Servizio di\u00a0<a href=\"https:\/\/antennatre.medianordest.it\/redazione\/Tiziana-Bolognani\/\">Tiziana Bolognani<\/a>)<\/p>\n<p><iframe loading=\"lazy\" title=\"CAOS TRASPORTO SCOLASTICO, PROTESTA DI UN NUTRITO GRUPPO DI FAMIGLIE | 19\/09\/2024\" width=\"1200\" height=\"675\" src=\"https:\/\/www.youtube.com\/embed\/nqUshJz81Do?feature=oembed\" frameborder=\"0\" allow=\"accelerometer; autoplay; clipboard-write; encrypted-media; gyroscope; picture-in-picture; web-share\" referrerpolicy=\"strict-origin-when-cross-origin\" allowfullscreen><\/iframe><\/p>\n<p>&nbsp;<\/p>\n<hr \/>\n<blockquote>\n<h2><\/h2>\n<h2>QUESTIONARIO SUL SERVIZIO DI TRASPORTO PUBBLICO LOCALE<\/h2>\n<\/blockquote>\n<p><strong><img decoding=\"async\" class=\"alignleft\" src=\"https:\/\/www.radiopiu.net\/wordpress\/wp-content\/uploads\/2024\/09\/Senza-nome-47.png\" \/>REDAZIONE\u00a0<\/strong> Studenti che rimangono a piedi, autobus in ritardo, segnalazioni quasi quotidiane. L&#8217;associazione Giovani&amp;Futuro promuove un questionario sul servizio di trasporto pubblico locale in Provincia di Belluno, <b>\u00e8 rivolto a studenti, lavoratori e utenti in generale.\u00a0 A<\/b>iuter\u00e0 a formulare proposte concrete utili a migliorare il servizio di trasporto pubblico in provincia.<\/p>\n<p>&nbsp;<\/p>\n<p>&nbsp;<\/p>\n<p><strong>Link questionario:\u00a0<\/strong><\/p>\n<div><a href=\"https:\/\/forms.gle\/p7xTpZVMpKXVH61a6\">https:\/\/forms.gle\/p7xTpZVMpKXVH61a6<\/a><\/div>\n<div><\/div>\n<div><\/div>\n<div><i>Giovani&amp;Futuro \u00e8 un&#8217;associazione nata nella parte alta della Provincia di Belluno dall&#8217;idea di alcuni giovanissimi amministratori locali. In due anni l&#8217;associazione si \u00e8 estesa in quasi tutta Italia, con soci e sezioni in 11 Regioni d&#8217;Italia, proponendo e ottenendo risultati importanti a livello locale e regionale. <\/i><i>\u00a0mail segreteria@giovanifuturo.it .\u00a0\u00a0<\/i><\/div>\n<div><\/div>\n<div><\/div>\n<div>\n<hr \/>\n<\/div>\n<p>&nbsp;<\/p>\n<hr \/>\n<p>&nbsp;<\/p>\n<blockquote><p><strong>Studio sul comportamento del lupo nel Parco Dolomiti Bellunesi<\/strong><\/p><\/blockquote>\n<p><strong><a class=\"dt-pswp-item\" href=\"https:\/\/www.radiopiu.net\/wordpress\/wp-content\/uploads\/2020\/07\/LUPO-e1596200814836.jpg\" data-dt-img-description=\"\" data-large_image_width=\"1920\" data-large_image_height=\"1271\"><img loading=\"lazy\" decoding=\"async\" class=\"wp-image-152444 alignleft\" src=\"https:\/\/www.radiopiu.net\/wordpress\/wp-content\/uploads\/2020\/07\/LUPO-e1596200814836-300x199.jpg\" alt=\"\" width=\"201\" height=\"133\" srcset=\"https:\/\/www.radiopiu.net\/wordpress\/wp-content\/uploads\/2020\/07\/LUPO-e1596200814836-300x199.jpg 300w, https:\/\/www.radiopiu.net\/wordpress\/wp-content\/uploads\/2020\/07\/LUPO-e1596200814836-1024x678.jpg 1024w, https:\/\/www.radiopiu.net\/wordpress\/wp-content\/uploads\/2020\/07\/LUPO-e1596200814836-768x508.jpg 768w, https:\/\/www.radiopiu.net\/wordpress\/wp-content\/uploads\/2020\/07\/LUPO-e1596200814836-1536x1017.jpg 1536w, https:\/\/www.radiopiu.net\/wordpress\/wp-content\/uploads\/2020\/07\/LUPO-e1596200814836.jpg 1920w\" sizes=\"auto, (max-width: 201px) 100vw, 201px\" \/><\/a>FELTRE<\/strong> Il progetto di studio del lupo tramite radiotelemetria satellitare prosegue con successo. Avviato in collaborazione tra il Parco Nazionale Dolomiti Bellunesi e l\u2019Universit\u00e0 di Sassari, prevede l&#8217;uso di radiocollari per monitorare gli spostamenti dei lupi. Dopo due anni, il collare della lupa Novi \u00e8 stato sganciato e un altro esemplare \u00e8 stato catturato e dotato di nuovo dispositivo. I dati raccolti approfondiranno la conoscenza sul comportamento dei lupi e aiuteranno a prevenire attacchi al bestiame. <em>\u201cLa squadra di operatori che ha condotto le operazioni \u2013 ha commentato il Presidente del Parco, Ennio Vigne \u2013 conferma ancora una volta la sua nota e riconosciuta professionalit\u00e0 ed efficacia; oltre a loro desidero ringraziare anche il Reparto Carabinieri Parco, che supporta sempre le attivit\u00e0 di ricerca condotte dal Parco, e i collaboratori del Parco\u201d.<\/em><\/p>\n<p>&nbsp;<\/p>\n<hr \/>\n<p>&nbsp;<\/p>\n<blockquote>\n<h2><a class=\"dt-pswp-item\" href=\"https:\/\/www.radiopiu.net\/wordpress\/wp-content\/uploads\/2024\/09\/Senza-nome-45.png\" data-dt-img-description=\"\" data-large_image_width=\"515\" data-large_image_height=\"323\"><img loading=\"lazy\" decoding=\"async\" class=\" wp-image-410102 alignleft\" src=\"https:\/\/www.radiopiu.net\/wordpress\/wp-content\/uploads\/2024\/09\/Senza-nome-45-300x188.png\" alt=\"\" width=\"148\" height=\"93\" srcset=\"https:\/\/www.radiopiu.net\/wordpress\/wp-content\/uploads\/2024\/09\/Senza-nome-45-300x188.png 300w, https:\/\/www.radiopiu.net\/wordpress\/wp-content\/uploads\/2024\/09\/Senza-nome-45.png 515w\" sizes=\"auto, (max-width: 148px) 100vw, 148px\" \/><\/a>Messa per il cinquantesimo compleanno di Rudi Bressan<\/h2>\n<\/blockquote>\n<p><strong>GOSALDO<\/strong>\u00a0 Domani, alle 18, a Voltago, si terr\u00e0 una messa speciale in occasione di quello che sarebbe stato il cinquantesimo compleanno di Rudi Bressan, scomparso tragicamente in un incidente. La cerimonia sar\u00e0 un momento di ricordo e raccoglimento per onorare la sua memoria. Durante la funzione, ci sar\u00e0 anche una benedizione dedicata a tutti i &#8220;suoi&#8221; coscritti del 1974 che vorranno partecipare, offrendo un\u2019occasione per ritrovarsi e commemorare insieme la vita di Rudi<\/p>\n<p>&nbsp;<\/p>\n<hr \/>\n<p>&nbsp;<\/p>\n<blockquote><p><strong><a class=\"dt-pswp-item\" href=\"https:\/\/www.radiopiu.net\/wordpress\/wp-content\/uploads\/2022\/03\/VENETO-LAVORO.png\" data-dt-img-description=\"\" data-large_image_width=\"600\" data-large_image_height=\"161\"><img loading=\"lazy\" decoding=\"async\" class=\"wp-image-263456 alignleft\" src=\"https:\/\/www.radiopiu.net\/wordpress\/wp-content\/uploads\/2022\/03\/VENETO-LAVORO-300x81.png\" alt=\"\" width=\"211\" height=\"57\" srcset=\"https:\/\/www.radiopiu.net\/wordpress\/wp-content\/uploads\/2022\/03\/VENETO-LAVORO-300x81.png 300w, https:\/\/www.radiopiu.net\/wordpress\/wp-content\/uploads\/2022\/03\/VENETO-LAVORO.png 600w\" sizes=\"auto, (max-width: 211px) 100vw, 211px\" \/><\/a>Tirocini Extracurriculari in Veneto: 26.000 Attivati nel 2023, l&#8217;80% Trova Lavoro Entro un Anno<\/strong><\/p><\/blockquote>\n<p>Nel 2023, in Veneto sono stati attivati quasi 26.000 tirocini extracurriculari da 14.700 aziende. Questi tirocini, rivolti principalmente ai giovani sotto i 30 anni, si concentrano sull&#8217;inserimento e reinserimento lavorativo, con oltre l&#8217;80% dei tirocinanti che trova un impiego entro un anno, spesso nella stessa azienda ospitante. I Centri per l\u2019impiego hanno promosso oltre il 40% dei tirocini. La maggior parte dei tirocini si svolge nel periodo estivo e la loro durata varia tra i 3 e i 6 mesi. La provincia con pi\u00f9 attivazioni \u00e8 Padova, seguita da Treviso e Vicenza. Dal 2018, il numero di tirocini \u00e8 in calo, anche a causa della normativa del 2017 e delle dinamiche demografiche.<\/p>\n<table>\n<thead>\n<tr>\n<th><strong>Indicatore<\/strong><\/th>\n<th><strong>Valore<\/strong><\/th>\n<\/tr>\n<\/thead>\n<tbody>\n<tr>\n<td>Tirocini attivati in Veneto nel 2023<\/td>\n<td>26.000<\/td>\n<\/tr>\n<tr>\n<td>Aziende coinvolte nel 2023<\/td>\n<td>14.700<\/td>\n<\/tr>\n<tr>\n<td>Percentuale di tirocinanti che trovano lavoro entro un anno<\/td>\n<td>80%<\/td>\n<\/tr>\n<tr>\n<td>Principali destinatari dei tirocini<\/td>\n<td>Giovani sotto i 30 anni (80%)<\/td>\n<\/tr>\n<tr>\n<td>Percentuale di tirocini promossi dai Centri per l\u2019impiego<\/td>\n<td>41%<\/td>\n<\/tr>\n<tr>\n<td>Tipologia di tirocini pi\u00f9 diffusi<\/td>\n<td>Inserimento e reinserimento lavorativo (77%)<\/td>\n<\/tr>\n<tr>\n<td>Principali province per numero di tirocini attivati<\/td>\n<td>Padova, Treviso, Vicenza<\/td>\n<\/tr>\n<tr>\n<td>Durata media dei tirocini<\/td>\n<td>3-6 mesi<\/td>\n<\/tr>\n<tr>\n<td>Percentuale di tirocini part-time<\/td>\n<td>33%<\/td>\n<\/tr>\n<tr>\n<td>Settore con pi\u00f9 tirocini attivati<\/td>\n<td>Servizi, industria (33%)<\/td>\n<\/tr>\n<tr>\n<td>Imprese che hanno attivato tirocini nel 2023<\/td>\n<td>34% sono imprese con fino a 9 dipendenti<\/td>\n<\/tr>\n<tr>\n<td>Diminuzione delle aziende che hanno attivato tirocini rispetto al 2019<\/td>\n<td>27%<\/td>\n<\/tr>\n<tr>\n<td>Rapporto tra tirocini e assunzioni nei territori manifatturieri<\/td>\n<td>6 ogni 100 (Bassano del Grappa)<\/td>\n<\/tr>\n<tr>\n<td>Ricollocazione dei tirocinanti nella stessa azienda ospitante<\/td>\n<td>45%<\/td>\n<\/tr>\n<\/tbody>\n<\/table>\n<p>&nbsp;<\/p>\n<hr \/>\n<p>&nbsp;<\/p>\n<blockquote>\n<h2>Cent\u2019anni di Maria Pollacci, l\u2019ostetrica d\u2019Italia<\/h2>\n<\/blockquote>\n<p>&nbsp;<\/p>\n<p><strong>FELTRE<\/strong> Maria Pollacci, nota come l\u2019ostetrica d\u2019Italia, ha festeggiato il suo centesimo compleanno durante un convegno sull&#8217;ostetricia organizzato dall\u2019Ulss 1 Dolomiti all&#8217;ospedale di Feltre. Con oltre 8.000 parti assistiti, le \u00e8 stata dedicata la &#8220;stanza delle mamme&#8221;. L\u2019evento ha riflettuto sulle sfide future dell&#8217;ostetricia.<\/p>\n<div class=\"mb-2 flex gap-3 empty:hidden -ml-2\">\n<div class=\"items-center justify-start rounded-xl p-1 flex\">\n<div class=\"flex items-center\">\n<div><\/div>\n<div class=\"flex items-center pb-0\"><strong>DI DANIELE DALVIT<\/strong><\/div>\n<\/div>\n<\/div>\n<\/div>\n<audio class=\"wp-audio-shortcode\" id=\"audio-410092-9\" preload=\"none\" style=\"width: 100%;\" controls=\"controls\"><source type=\"audio\/mpeg\" src=\"https:\/\/www.radiopiu.net\/wordpress\/wp-content\/uploads\/2024\/09\/Servizio-100-anni-Pollacci-e-Ostetricia-Feltre.mp3?_=9\" \/><a href=\"https:\/\/www.radiopiu.net\/wordpress\/wp-content\/uploads\/2024\/09\/Servizio-100-anni-Pollacci-e-Ostetricia-Feltre.mp3\">https:\/\/www.radiopiu.net\/wordpress\/wp-content\/uploads\/2024\/09\/Servizio-100-anni-Pollacci-e-Ostetricia-Feltre.mp3<\/a><\/audio>\n<p>&nbsp;<\/p>\n<p><a class=\"dt-pswp-item\" href=\"https:\/\/www.radiopiu.net\/wordpress\/wp-content\/uploads\/2024\/09\/c3d1d499-2457-4677-828f-c6491fd67096-scaled.jpg\" data-dt-img-description=\"\" data-large_image_width=\"2560\" data-large_image_height=\"1920\"><img loading=\"lazy\" decoding=\"async\" class=\"alignnone size-medium wp-image-410148\" src=\"https:\/\/www.radiopiu.net\/wordpress\/wp-content\/uploads\/2024\/09\/c3d1d499-2457-4677-828f-c6491fd67096-300x225.jpg\" alt=\"\" width=\"300\" height=\"225\" srcset=\"https:\/\/www.radiopiu.net\/wordpress\/wp-content\/uploads\/2024\/09\/c3d1d499-2457-4677-828f-c6491fd67096-300x225.jpg 300w, https:\/\/www.radiopiu.net\/wordpress\/wp-content\/uploads\/2024\/09\/c3d1d499-2457-4677-828f-c6491fd67096-1024x768.jpg 1024w, https:\/\/www.radiopiu.net\/wordpress\/wp-content\/uploads\/2024\/09\/c3d1d499-2457-4677-828f-c6491fd67096-768x576.jpg 768w, https:\/\/www.radiopiu.net\/wordpress\/wp-content\/uploads\/2024\/09\/c3d1d499-2457-4677-828f-c6491fd67096-1536x1152.jpg 1536w, https:\/\/www.radiopiu.net\/wordpress\/wp-content\/uploads\/2024\/09\/c3d1d499-2457-4677-828f-c6491fd67096-2048x1536.jpg 2048w\" sizes=\"auto, (max-width: 300px) 100vw, 300px\" \/><\/a><a class=\"dt-pswp-item\" href=\"https:\/\/www.radiopiu.net\/wordpress\/wp-content\/uploads\/2024\/09\/1e7b5123-d6c1-4f72-b4ed-7ac4f41f7a57-scaled.jpg\" data-dt-img-description=\"\" data-large_image_width=\"2560\" data-large_image_height=\"1920\"><img loading=\"lazy\" decoding=\"async\" class=\"alignnone size-medium wp-image-410149\" src=\"https:\/\/www.radiopiu.net\/wordpress\/wp-content\/uploads\/2024\/09\/1e7b5123-d6c1-4f72-b4ed-7ac4f41f7a57-300x225.jpg\" alt=\"\" width=\"300\" height=\"225\" srcset=\"https:\/\/www.radiopiu.net\/wordpress\/wp-content\/uploads\/2024\/09\/1e7b5123-d6c1-4f72-b4ed-7ac4f41f7a57-300x225.jpg 300w, https:\/\/www.radiopiu.net\/wordpress\/wp-content\/uploads\/2024\/09\/1e7b5123-d6c1-4f72-b4ed-7ac4f41f7a57-1024x768.jpg 1024w, https:\/\/www.radiopiu.net\/wordpress\/wp-content\/uploads\/2024\/09\/1e7b5123-d6c1-4f72-b4ed-7ac4f41f7a57-768x576.jpg 768w, https:\/\/www.radiopiu.net\/wordpress\/wp-content\/uploads\/2024\/09\/1e7b5123-d6c1-4f72-b4ed-7ac4f41f7a57-1536x1152.jpg 1536w, https:\/\/www.radiopiu.net\/wordpress\/wp-content\/uploads\/2024\/09\/1e7b5123-d6c1-4f72-b4ed-7ac4f41f7a57-2048x1536.jpg 2048w\" sizes=\"auto, (max-width: 300px) 100vw, 300px\" \/><\/a><a class=\"dt-pswp-item\" href=\"https:\/\/www.radiopiu.net\/wordpress\/wp-content\/uploads\/2024\/09\/ba47100a-85c0-41f5-a259-ee8278672787-scaled.jpg\" data-dt-img-description=\"\" data-large_image_width=\"2560\" data-large_image_height=\"1920\"><img loading=\"lazy\" decoding=\"async\" class=\"alignnone size-medium wp-image-410147\" src=\"https:\/\/www.radiopiu.net\/wordpress\/wp-content\/uploads\/2024\/09\/ba47100a-85c0-41f5-a259-ee8278672787-300x225.jpg\" alt=\"\" width=\"300\" height=\"225\" srcset=\"https:\/\/www.radiopiu.net\/wordpress\/wp-content\/uploads\/2024\/09\/ba47100a-85c0-41f5-a259-ee8278672787-300x225.jpg 300w, https:\/\/www.radiopiu.net\/wordpress\/wp-content\/uploads\/2024\/09\/ba47100a-85c0-41f5-a259-ee8278672787-1024x768.jpg 1024w, https:\/\/www.radiopiu.net\/wordpress\/wp-content\/uploads\/2024\/09\/ba47100a-85c0-41f5-a259-ee8278672787-768x576.jpg 768w, https:\/\/www.radiopiu.net\/wordpress\/wp-content\/uploads\/2024\/09\/ba47100a-85c0-41f5-a259-ee8278672787-1536x1152.jpg 1536w, https:\/\/www.radiopiu.net\/wordpress\/wp-content\/uploads\/2024\/09\/ba47100a-85c0-41f5-a259-ee8278672787-2048x1536.jpg 2048w\" sizes=\"auto, (max-width: 300px) 100vw, 300px\" \/><\/a><\/p>\n<p>&nbsp;<\/p>\n<hr \/>\n<p>&nbsp;<\/p>\n<blockquote>\n<h2>OPERAZIONE RECUPERO, CON I VIGILI DEL FUOCO<\/h2>\n<\/blockquote>\n<p><strong>SANTO STEFANO DI CADORE<\/strong> Recuperate una parte della carcasse degli asini\u00a0 caduti nel burrone in Val Visdende, spaventati dai cani, sono intervenuti i vigili del fuoco di Santo Stefano di Cadore unitamente all&#8217;elicottero Drago 149<\/p>\n<p><a class=\"dt-pswp-item\" href=\"https:\/\/www.radiopiu.net\/wordpress\/wp-content\/uploads\/2024\/09\/1f467fb6-b7b4-47fe-a0e7-c2e00673423e.jpg\" data-dt-img-description=\"\" data-large_image_width=\"668\" data-large_image_height=\"1004\"><img loading=\"lazy\" decoding=\"async\" class=\"alignnone size-medium wp-image-410165\" src=\"https:\/\/www.radiopiu.net\/wordpress\/wp-content\/uploads\/2024\/09\/1f467fb6-b7b4-47fe-a0e7-c2e00673423e-200x300.jpg\" alt=\"\" width=\"200\" height=\"300\" srcset=\"https:\/\/www.radiopiu.net\/wordpress\/wp-content\/uploads\/2024\/09\/1f467fb6-b7b4-47fe-a0e7-c2e00673423e-200x300.jpg 200w, https:\/\/www.radiopiu.net\/wordpress\/wp-content\/uploads\/2024\/09\/1f467fb6-b7b4-47fe-a0e7-c2e00673423e.jpg 668w\" sizes=\"auto, (max-width: 200px) 100vw, 200px\" \/><\/a><a class=\"dt-pswp-item\" href=\"https:\/\/www.radiopiu.net\/wordpress\/wp-content\/uploads\/2024\/09\/4594ad73-5709-48d9-8f2a-2ebdcfaec7d2.jpg\" data-dt-img-description=\"\" data-large_image_width=\"720\" data-large_image_height=\"1020\"><img loading=\"lazy\" decoding=\"async\" class=\"alignnone size-medium wp-image-410163\" src=\"https:\/\/www.radiopiu.net\/wordpress\/wp-content\/uploads\/2024\/09\/4594ad73-5709-48d9-8f2a-2ebdcfaec7d2-212x300.jpg\" alt=\"\" width=\"212\" height=\"300\" srcset=\"https:\/\/www.radiopiu.net\/wordpress\/wp-content\/uploads\/2024\/09\/4594ad73-5709-48d9-8f2a-2ebdcfaec7d2-212x300.jpg 212w, https:\/\/www.radiopiu.net\/wordpress\/wp-content\/uploads\/2024\/09\/4594ad73-5709-48d9-8f2a-2ebdcfaec7d2.jpg 720w\" sizes=\"auto, (max-width: 212px) 100vw, 212px\" \/><\/a><\/p>\n<p>&nbsp;<\/p>\n<hr \/>\n<p>&nbsp;<\/p>\n<p>&nbsp;<\/p>\n<h1><a class=\"dt-pswp-item\" href=\"https:\/\/www.radiopiu.net\/wordpress\/wp-content\/uploads\/2024\/09\/5d729465-99b8-4c5f-990a-2ca495decd66.jpg\" data-dt-img-description=\"\" data-large_image_width=\"1600\" data-large_image_height=\"1200\"><img loading=\"lazy\" decoding=\"async\" class=\" wp-image-410183 alignleft\" src=\"https:\/\/www.radiopiu.net\/wordpress\/wp-content\/uploads\/2024\/09\/5d729465-99b8-4c5f-990a-2ca495decd66-300x225.jpg\" alt=\"\" width=\"191\" height=\"143\" srcset=\"https:\/\/www.radiopiu.net\/wordpress\/wp-content\/uploads\/2024\/09\/5d729465-99b8-4c5f-990a-2ca495decd66-300x225.jpg 300w, https:\/\/www.radiopiu.net\/wordpress\/wp-content\/uploads\/2024\/09\/5d729465-99b8-4c5f-990a-2ca495decd66-1024x768.jpg 1024w, https:\/\/www.radiopiu.net\/wordpress\/wp-content\/uploads\/2024\/09\/5d729465-99b8-4c5f-990a-2ca495decd66-768x576.jpg 768w, https:\/\/www.radiopiu.net\/wordpress\/wp-content\/uploads\/2024\/09\/5d729465-99b8-4c5f-990a-2ca495decd66-1536x1152.jpg 1536w, https:\/\/www.radiopiu.net\/wordpress\/wp-content\/uploads\/2024\/09\/5d729465-99b8-4c5f-990a-2ca495decd66.jpg 1600w\" sizes=\"auto, (max-width: 191px) 100vw, 191px\" \/><\/a>&#x1f534; EMERGENZA #EMILIA_ROMAGNA &#x1f534;<\/h1>\n<p>Gianpaolo Bottacin, Assessore protezione civile veneto<\/p>\n<p>Su richiesta del Dipartimento della Protezione Civile nazionale sono operative gi\u00e0 da ieri in Emilia Romagna parecchie squadre di volontari della Protezione Civile Veneto.\u00a0 Sono state chieste squadre per il rischio idrogeologico e squadre per il salvamento in acqua.<br \/>\nLa zona di intervento assegnata al Veneto \u00e8 costituita dai comuni di Brisighella, Riolo Terme e Casola. Nel corso della mattinata \u00e8 stato chiesta alle nostre squadre di intervenire anche a Faenza e San Lazzaro di Savena. Gli interventi richiesti sono quasi esclusivamente di svuotamento e pulizia di edifici a seguito di allagamenti.\u00a0 Il contingente della Regione del Veneto conta n. 57 volontari e n. 2 funzionari regionalI<\/p>\n<p>&nbsp;<\/p>\n<p>&nbsp;<\/p>\n<hr \/>\n<h2><span style=\"color: #ff0000;\">\u00a0<\/span><\/h2>\n<h2><span style=\"color: #ff0000;\">CONSIGLI COMUNALI IN AGORDINO<\/span><\/h2>\n<p><strong>VOLTAGO<\/strong> Consiglio comunale convocato per luned\u00ec 23 settembre alle 18. Quattro punti in discussione tra cui il programma triennale dei lavori 2024-2026, l&#8217;adeguamento di Via Sav\u00e0 a Frassen\u00e8 nell&#8217;intersezione con la 347 del Passo Cereda e Duran e la messa in sicurezza della strada silvopastorale &#8220;Della Gioia&#8221;.<\/p>\n<p>&nbsp;<\/p>\n<hr \/>\n<p>&nbsp;<\/p>\n<blockquote>\n<h2>TETTO PER LA TRIBUNA, SINTETICO PER L&#8217;ALLENAMENTO<\/h2>\n<\/blockquote>\n<p><strong>AGORDO<\/strong> Quante partite sotto la pioggia, anche quella mista neve, oppure sudando le proverbiali sette camice sotto il sole che ad agosto cade a picco, prima di tramontare dietro l&#8217;Agner,\u00a0 anche sull&#8217;Ivano Dorigo. Gli amanti del calcio, gli appassionati di atletica, stanno per avere un tetto sopra la testa. I lavori proseguono allo stadio del calcio, gi\u00e0 montate le strutture in ferro, ora sotto con i pannelli. Poco sopra l&#8217;altro cantiere terminato, Ora Agordo ha anche un campo sintetico bell&#8217;e terminato<\/p>\n<p><a class=\"dt-pswp-item\" href=\"https:\/\/www.radiopiu.net\/wordpress\/wp-content\/uploads\/2024\/09\/53e3061d-7b1d-4b49-8692-cffd7d409346.jpg\" data-dt-img-description=\"\" data-large_image_width=\"2048\" data-large_image_height=\"1152\"><img loading=\"lazy\" decoding=\"async\" class=\"alignnone size-medium wp-image-410127\" src=\"https:\/\/www.radiopiu.net\/wordpress\/wp-content\/uploads\/2024\/09\/53e3061d-7b1d-4b49-8692-cffd7d409346-300x169.jpg\" alt=\"\" width=\"300\" height=\"169\" srcset=\"https:\/\/www.radiopiu.net\/wordpress\/wp-content\/uploads\/2024\/09\/53e3061d-7b1d-4b49-8692-cffd7d409346-300x169.jpg 300w, https:\/\/www.radiopiu.net\/wordpress\/wp-content\/uploads\/2024\/09\/53e3061d-7b1d-4b49-8692-cffd7d409346-1024x576.jpg 1024w, https:\/\/www.radiopiu.net\/wordpress\/wp-content\/uploads\/2024\/09\/53e3061d-7b1d-4b49-8692-cffd7d409346-768x432.jpg 768w, https:\/\/www.radiopiu.net\/wordpress\/wp-content\/uploads\/2024\/09\/53e3061d-7b1d-4b49-8692-cffd7d409346-1536x864.jpg 1536w, https:\/\/www.radiopiu.net\/wordpress\/wp-content\/uploads\/2024\/09\/53e3061d-7b1d-4b49-8692-cffd7d409346.jpg 2048w\" sizes=\"auto, (max-width: 300px) 100vw, 300px\" \/><\/a><a class=\"dt-pswp-item\" href=\"https:\/\/www.radiopiu.net\/wordpress\/wp-content\/uploads\/2024\/09\/d19f3715-f781-4501-81c4-2cefc74b6cdc.jpg\" data-dt-img-description=\"\" data-large_image_width=\"2048\" data-large_image_height=\"1152\"><img loading=\"lazy\" decoding=\"async\" class=\"alignnone size-medium wp-image-410131\" src=\"https:\/\/www.radiopiu.net\/wordpress\/wp-content\/uploads\/2024\/09\/d19f3715-f781-4501-81c4-2cefc74b6cdc-300x169.jpg\" alt=\"\" width=\"300\" height=\"169\" srcset=\"https:\/\/www.radiopiu.net\/wordpress\/wp-content\/uploads\/2024\/09\/d19f3715-f781-4501-81c4-2cefc74b6cdc-300x169.jpg 300w, https:\/\/www.radiopiu.net\/wordpress\/wp-content\/uploads\/2024\/09\/d19f3715-f781-4501-81c4-2cefc74b6cdc-1024x576.jpg 1024w, https:\/\/www.radiopiu.net\/wordpress\/wp-content\/uploads\/2024\/09\/d19f3715-f781-4501-81c4-2cefc74b6cdc-768x432.jpg 768w, https:\/\/www.radiopiu.net\/wordpress\/wp-content\/uploads\/2024\/09\/d19f3715-f781-4501-81c4-2cefc74b6cdc-1536x864.jpg 1536w, https:\/\/www.radiopiu.net\/wordpress\/wp-content\/uploads\/2024\/09\/d19f3715-f781-4501-81c4-2cefc74b6cdc.jpg 2048w\" sizes=\"auto, (max-width: 300px) 100vw, 300px\" \/><\/a><\/p>\n<p>&nbsp;<\/p>\n<hr \/>\n<p>&nbsp;<\/p>\n<p><strong>LA GIUDIZIARIA OGGI<\/strong><br \/>\n<strong>SINTESI DAL CORRIERE DELLE ALPI<\/strong><br \/>\n<strong>GIGI SOSSO<\/strong><\/p>\n<div class=\"page-title-head hgroup\">\n<h1 class=\"entry-title\">LA MORTE DI RIZIERI ONGARO, LE DIVERSE VERSIONI DELL\u2019IMPUTATO<\/h1>\n<\/div>\n<p><a class=\"dt-pswp-item\" href=\"https:\/\/www.radiopiu.net\/wordpress\/wp-content\/uploads\/2022\/03\/rizieri_ongaro.jpg\" data-dt-img-description=\"\" data-large_image_width=\"120\" data-large_image_height=\"118\"><img loading=\"lazy\" decoding=\"async\" class=\"size-full wp-image-263730 alignleft\" src=\"https:\/\/www.radiopiu.net\/wordpress\/wp-content\/uploads\/2022\/03\/rizieri_ongaro.jpg\" alt=\"\" width=\"120\" height=\"118\" \/><\/a><\/p>\n<p>Raymond Rhys Phillips, imputato di omicidio colposo per la morte di Rizieri Ongaro, ha fornito due versioni diverse dell\u2019incidente avvenuto l&#8217;8 marzo 2022 sulla pista Fertazza, Ski Civetta. Nel primo verbale, Phillips afferma di aver tentato di evitare Ongaro, mentre nel secondo dichiara di non averlo visto affatto. In tribunale, Phillips ha spiegato di essere caduto dopo un impatto con la spalla e la schiena, senza vedere chi avesse causato l&#8217;urto. Sotto shock, ha firmato il primo documento in stato confusionale. La compagna di Phillips, testimone parziale, ha dichiarato di aver visto solo due punti neri in lontananza. Un altro testimone, un giovane sciatore romano, ha riferito di aver osservato l&#8217;impatto dalla seggiovia, affermando che l&#8217;uomo in rosso, Ongaro, era a terra, mentre quello con la giacca verde militare scendeva pi\u00f9 velocemente. Le deposizioni contrastanti saranno chiarite nell\u2019udienza del 24 febbraio, quando verranno ascoltati i consulenti di parte.<\/p>\n<p>&nbsp;<\/p>\n<div class=\"flex-shrink-0 flex flex-col relative items-end\">\n<div>\n<div class=\"pt-0\">\n<div class=\"gizmo-bot-avatar flex h-8 w-8 items-center justify-center overflow-hidden rounded-full\">\n<div class=\"relative p-1 rounded-sm flex items-center justify-center bg-token-main-surface-primary text-token-text-primary h-8 w-8\"><strong>Condanna per utilizzo di bancomat rubato<\/strong><\/div>\n<\/div>\n<\/div>\n<\/div>\n<\/div>\n<div class=\"group\/conversation-turn relative flex w-full min-w-0 flex-col agent-turn\">\n<div class=\"flex-col gap-1 md:gap-3\">\n<div class=\"flex max-w-full flex-col flex-grow\">\n<div class=\"min-h-[20px] text-message flex w-full flex-col items-end gap-2 whitespace-normal break-words [.text-message+&amp;]:mt-5\" dir=\"auto\" data-message-author-role=\"assistant\" data-message-id=\"66ba9ed3-e103-4c91-ae67-8857280b067f\">\n<div class=\"flex w-full flex-col gap-1 empty:hidden first:pt-[3px]\">\n<div class=\"markdown prose w-full break-words dark:prose-invert dark\">\n<p>SC \u00e8 stata condannata a sei mesi e 15 giorni di reclusione e 350 euro di multa per ricettazione e uso indebito di una carta rubata. La carta, sottratta a Feltre, \u00e8 stata usata per piccole spese in diverse citt\u00e0 senza necessit\u00e0 di codice PIN. La difesa ha chiesto l&#8217;assoluzione, ma il giudice ha ritenuto provata la responsabilit\u00e0 penale. La sentenza \u00e8 stata pi\u00f9 lieve rispetto alla richiesta della Procura.<\/p>\n<div class=\"flex-shrink-0 flex flex-col relative items-end\">\n<div>\n<div class=\"pt-0\">\n<div class=\"gizmo-bot-avatar flex h-8 w-8 items-center justify-center overflow-hidden rounded-full\">\n<div class=\"relative p-1 rounded-sm flex items-center justify-center bg-token-main-surface-primary text-token-text-primary h-8 w-8\"><\/div>\n<\/div>\n<\/div>\n<\/div>\n<\/div>\n<div class=\"group\/conversation-turn relative flex w-full min-w-0 flex-col agent-turn\">\n<div class=\"flex-col gap-1 md:gap-3\">\n<div class=\"flex max-w-full flex-col flex-grow\">\n<div class=\"min-h-[20px] text-message flex w-full flex-col items-end gap-2 whitespace-normal break-words [.text-message+&amp;]:mt-5\" dir=\"auto\" data-message-author-role=\"assistant\" data-message-id=\"8b156467-3b41-43de-9213-fe58523505a1\">\n<div class=\"flex w-full flex-col gap-1 empty:hidden first:pt-[3px]\">\n<div class=\"markdown prose w-full break-words dark:prose-invert dark\">\n<p><strong>Aggressione notturna fuori dal bar: due imputati, uno a processo<\/strong><\/p>\n<p>Il 25 luglio 2019, fuori dal bar Cooperativa di Polpet, TDC e FL sono accusati di aver aggredito un uomo, procurandogli lesioni gravi. La vittima sarebbe stata sgambettata e colpita con calci, uno allo stomaco e altri al volto con scarpe antinfortunistiche. Prognosi di 44 giorni per l&#8217;aggredito. Della Colletta ha risolto con i lavori di pubblica utilit\u00e0, mentre Luisetto \u00e8 ancora a processo per lesioni aggravate, con la sentenza prevista per dicembre.<\/p>\n<\/div>\n<\/div>\n<\/div>\n<\/div>\n<\/div>\n<\/div>\n<\/div>\n<\/div>\n<\/div>\n<\/div>\n<\/div>\n<\/div>\n<p>&nbsp;<\/p>\n<hr \/>\n<p>&nbsp;<\/p>\n<blockquote>\n<h2>Un grande gioco di squadra tra pubblico e privato: riforestazione in Val Visdende<\/h2>\n<p>&nbsp;<\/p><\/blockquote>\n<p><strong>PER LE TRE RADIO BARBARA PAOLAZZI<\/strong><\/p>\n<audio class=\"wp-audio-shortcode\" id=\"audio-410092-10\" preload=\"none\" style=\"width: 100%;\" controls=\"controls\"><source type=\"audio\/mpeg\" src=\"https:\/\/www.radiopiu.net\/wordpress\/wp-content\/uploads\/2024\/09\/BARBARA-RIFORESTAZIONE.mp3?_=10\" \/><a href=\"https:\/\/www.radiopiu.net\/wordpress\/wp-content\/uploads\/2024\/09\/BARBARA-RIFORESTAZIONE.mp3\">https:\/\/www.radiopiu.net\/wordpress\/wp-content\/uploads\/2024\/09\/BARBARA-RIFORESTAZIONE.mp3<\/a><\/audio>\n<blockquote><p>&nbsp;<\/p><\/blockquote>\n<p><strong><a class=\"dt-pswp-item\" href=\"https:\/\/www.radiopiu.net\/wordpress\/wp-content\/uploads\/2024\/09\/Val-Visdende-tavolo.jpeg\" data-dt-img-description=\"\" data-large_image_width=\"2016\" data-large_image_height=\"1512\"><img loading=\"lazy\" decoding=\"async\" class=\" wp-image-410138 alignleft\" src=\"https:\/\/www.radiopiu.net\/wordpress\/wp-content\/uploads\/2024\/09\/Val-Visdende-tavolo-300x225.jpeg\" alt=\"\" width=\"253\" height=\"190\" srcset=\"https:\/\/www.radiopiu.net\/wordpress\/wp-content\/uploads\/2024\/09\/Val-Visdende-tavolo-300x225.jpeg 300w, https:\/\/www.radiopiu.net\/wordpress\/wp-content\/uploads\/2024\/09\/Val-Visdende-tavolo-1024x768.jpeg 1024w, https:\/\/www.radiopiu.net\/wordpress\/wp-content\/uploads\/2024\/09\/Val-Visdende-tavolo-768x576.jpeg 768w, https:\/\/www.radiopiu.net\/wordpress\/wp-content\/uploads\/2024\/09\/Val-Visdende-tavolo-1536x1152.jpeg 1536w, https:\/\/www.radiopiu.net\/wordpress\/wp-content\/uploads\/2024\/09\/Val-Visdende-tavolo.jpeg 2016w\" sizes=\"auto, (max-width: 253px) 100vw, 253px\" \/><\/a>VAL VISDENDE<\/strong> La Val Visdende, devastata dalla tempesta Vaia, inizia a rinascere grazie a un progetto pubblico-privato che ha riforestato 10 ettari di bosco con 24 mila nuovi alberi. L\u2019assessore all\u2019ambiente Gianpaolo Bottacin ha definito questo progetto un <em>&#8220;momento commovente&#8221;<\/em> per chi ha vissuto le devastazioni di Vaia. La Regione Veneto, in collaborazione con l\u2019azienda Epta e il Consorzio Visdende, ha reso possibile questa iniziativa, sostenuta da un finanziamento di 100 mila euro da parte di Epta HDP. La piantumazione, avviata nel 2021, ha coinvolto maestranze locali e ha ottenuto un tasso di sopravvivenza superiore all&#8217;80%. Sono stati piantati larici, abeti rossi, faggi, sorbi, aceri di monte e pini silvestri. Il rimboschimento contribuir\u00e0 a compensare 24,86 tonnellate di carbonio all&#8217;anno, equivalenti a 91,24 tonnellate di CO2. Entro il 2042, il nuovo bosco potr\u00e0 assorbire fino a 1.824 tonnellate di CO2. La rinascita della Val Visdende rappresenta un esempio di successo per il recupero ambientale e socio-economico della zona.<\/p>\n<div><\/div>\n<p>&nbsp;<\/p>\n<p>&nbsp;<\/p>\n<div class=\"mb-2 flex gap-3 empty:hidden -ml-2\">\n<div class=\"items-center justify-start rounded-xl p-1 flex\">\n<div class=\"flex items-center\">\n<div class=\"flex items-center pb-0\">\n<hr \/>\n<\/div>\n<div><\/div>\n<div>\n<blockquote><p><strong>Sport in Piazza&#8221; 2024: Sport, Inclusione e Sicurezza Stradale<\/strong><\/p><\/blockquote>\n<p><strong>BELLUNO<\/strong> Sono 25 le Associazioni che parteciperanno a &#8220;Sport in Piazza&#8221; sabato 21 settembre. L&#8217;edizione 2024, gi\u00e0 orientata alle Olimpiadi, include il movimento Special Olympics per l&#8217;inclusione di persone con disabilit\u00e0 intellettiva. Sar\u00e0 possibile sperimentare varie discipline sportive e partecipare a un circuito sulla sicurezza stradale organizzato dalla Polizia locale e l&#8217;ANVU. L&#8217;evento si svolger\u00e0 dalle 9 alle 13 e dalle 15 alle 17:30, con stand in Piazza Duomo e Piazza dei Martiri. L&#8217;iniziativa offre un&#8217;opportunit\u00e0 di connessione e crescita collettiva, promuovendo l&#8217;inclusione attraverso lo sport.<\/p>\n<p><strong>L&#8217;assessore Monica Mazzoccoli<\/strong><\/p>\n<\/div>\n<\/div>\n<\/div>\n<\/div>\n<p><iframe loading=\"lazy\" title=\"monica mazzoccoli\" width=\"1200\" height=\"900\" src=\"https:\/\/www.youtube.com\/embed\/JEKe9hDZN0k?feature=oembed\" frameborder=\"0\" allow=\"accelerometer; autoplay; clipboard-write; encrypted-media; gyroscope; picture-in-picture; web-share\" referrerpolicy=\"strict-origin-when-cross-origin\" allowfullscreen><\/iframe><\/p>\n<hr \/>\n<p>&nbsp;<\/p>\n<blockquote><p><strong> <a class=\"dt-pswp-item\" href=\"https:\/\/www.radiopiu.net\/wordpress\/wp-content\/uploads\/2024\/09\/Senza-nome-46.png\" data-dt-img-description=\"\" data-large_image_width=\"320\" data-large_image_height=\"236\"><img loading=\"lazy\" decoding=\"async\" class=\"wp-image-410119 alignleft\" src=\"https:\/\/www.radiopiu.net\/wordpress\/wp-content\/uploads\/2024\/09\/Senza-nome-46-300x221.png\" alt=\"\" width=\"164\" height=\"121\" srcset=\"https:\/\/www.radiopiu.net\/wordpress\/wp-content\/uploads\/2024\/09\/Senza-nome-46-300x221.png 300w, https:\/\/www.radiopiu.net\/wordpress\/wp-content\/uploads\/2024\/09\/Senza-nome-46.png 320w\" sizes=\"auto, (max-width: 164px) 100vw, 164px\" \/><\/a>FelTreBande il 22 settembre a Feltre<\/strong><\/p><\/blockquote>\n<p>Domenica\u00a0 dalle 10 alle 13, si terr\u00e0 a Feltre, in Largo Castaldi, la rassegna bandistica &#8220;FelTreBande&#8221;, organizzata dal Comune di Feltre e dalla Banda Citt\u00e0 di Feltre. La manifestazione vedr\u00e0 l&#8217;esibizione di tre bande: la Banda Citt\u00e0 di Feltre, diretta da Ivan Villanova, la Societ\u00e0 Filarmonica di Crespano del Grappa con Cristiano De Agnoi, e la Banda Comunale di Moena guidata da Roberto Silvagni. La rassegna offre un&#8217;opportunit\u00e0 di confronto tra le bande, promuovendo la cultura musicale e favorendo gemellaggi. Gianni Poloniato, Presidente della Banda Citt\u00e0 di Feltre, spiega: <em>\u201cSi tratta di tre realt\u00e0 musicali accomunate dal forte legame al proprio territorio e alle rispettive comunit\u00e0, non solo in ragione della loro lunga storia ma anche in quanto veicolo di diffusione della cultura musicale come bene per il singolo e per la societ\u00e0, da sempre impegnate nella crescita artistica propria e in quella delle giovani generazioni attraverso un\u2019intensa attivit\u00e0 didattica.\u201d<\/em><\/p>\n<div id=\"attachment_410118\" style=\"width: 2570px\" class=\"wp-caption alignnone\"><a class=\"dt-pswp-item\" href=\"https:\/\/www.radiopiu.net\/wordpress\/wp-content\/uploads\/2024\/09\/Banda-Feltre-scaled.jpg\" data-dt-img-description=\"FELTRE\" data-large_image_width=\"2560\" data-large_image_height=\"1659\"><img loading=\"lazy\" decoding=\"async\" aria-describedby=\"caption-attachment-410118\" class=\"size-medium wp-image-410118\" src=\"https:\/\/www.radiopiu.net\/wordpress\/wp-content\/uploads\/2024\/09\/Banda-Feltre-300x194.jpg\" alt=\"\" width=\"300\" height=\"194\" srcset=\"https:\/\/www.radiopiu.net\/wordpress\/wp-content\/uploads\/2024\/09\/Banda-Feltre-300x194.jpg 300w, https:\/\/www.radiopiu.net\/wordpress\/wp-content\/uploads\/2024\/09\/Banda-Feltre-1024x664.jpg 1024w, https:\/\/www.radiopiu.net\/wordpress\/wp-content\/uploads\/2024\/09\/Banda-Feltre-768x498.jpg 768w, https:\/\/www.radiopiu.net\/wordpress\/wp-content\/uploads\/2024\/09\/Banda-Feltre-1536x995.jpg 1536w, https:\/\/www.radiopiu.net\/wordpress\/wp-content\/uploads\/2024\/09\/Banda-Feltre-2048x1327.jpg 2048w\" sizes=\"auto, (max-width: 300px) 100vw, 300px\" \/><\/a><p id=\"caption-attachment-410118\" class=\"wp-caption-text\">FELTRE<\/p><\/div>\n<div id=\"attachment_410117\" style=\"width: 2010px\" class=\"wp-caption alignnone\"><a class=\"dt-pswp-item\" href=\"https:\/\/www.radiopiu.net\/wordpress\/wp-content\/uploads\/2024\/09\/banda-Moena.jpg\" data-dt-img-description=\"MOENA\" data-large_image_width=\"2000\" data-large_image_height=\"1111\"><img loading=\"lazy\" decoding=\"async\" aria-describedby=\"caption-attachment-410117\" class=\"size-medium wp-image-410117\" src=\"https:\/\/www.radiopiu.net\/wordpress\/wp-content\/uploads\/2024\/09\/banda-Moena-300x167.jpg\" alt=\"\" width=\"300\" height=\"167\" srcset=\"https:\/\/www.radiopiu.net\/wordpress\/wp-content\/uploads\/2024\/09\/banda-Moena-300x167.jpg 300w, https:\/\/www.radiopiu.net\/wordpress\/wp-content\/uploads\/2024\/09\/banda-Moena-1024x569.jpg 1024w, https:\/\/www.radiopiu.net\/wordpress\/wp-content\/uploads\/2024\/09\/banda-Moena-768x427.jpg 768w, https:\/\/www.radiopiu.net\/wordpress\/wp-content\/uploads\/2024\/09\/banda-Moena-1536x853.jpg 1536w, https:\/\/www.radiopiu.net\/wordpress\/wp-content\/uploads\/2024\/09\/banda-Moena.jpg 2000w\" sizes=\"auto, (max-width: 300px) 100vw, 300px\" \/><\/a><p id=\"caption-attachment-410117\" class=\"wp-caption-text\">MOENA<\/p><\/div>\n<div id=\"attachment_410116\" style=\"width: 1160px\" class=\"wp-caption alignnone\"><a class=\"dt-pswp-item\" href=\"https:\/\/www.radiopiu.net\/wordpress\/wp-content\/uploads\/2024\/09\/filarmonica-Crespano.jpg\" data-dt-img-description=\"CRESPANO\" data-large_image_width=\"1150\" data-large_image_height=\"800\"><img loading=\"lazy\" decoding=\"async\" aria-describedby=\"caption-attachment-410116\" class=\"size-medium wp-image-410116\" src=\"https:\/\/www.radiopiu.net\/wordpress\/wp-content\/uploads\/2024\/09\/filarmonica-Crespano-300x209.jpg\" alt=\"\" width=\"300\" height=\"209\" srcset=\"https:\/\/www.radiopiu.net\/wordpress\/wp-content\/uploads\/2024\/09\/filarmonica-Crespano-300x209.jpg 300w, https:\/\/www.radiopiu.net\/wordpress\/wp-content\/uploads\/2024\/09\/filarmonica-Crespano-1024x712.jpg 1024w, https:\/\/www.radiopiu.net\/wordpress\/wp-content\/uploads\/2024\/09\/filarmonica-Crespano-768x534.jpg 768w, https:\/\/www.radiopiu.net\/wordpress\/wp-content\/uploads\/2024\/09\/filarmonica-Crespano.jpg 1150w\" sizes=\"auto, (max-width: 300px) 100vw, 300px\" \/><\/a><p id=\"caption-attachment-410116\" class=\"wp-caption-text\">CRESPANO<\/p><\/div>\n<p>&nbsp;<\/p>\n<hr \/>\n<p>&nbsp;<\/p>\n<blockquote>\n<h2>Oltre le vette 2024: la montagna protagonista a Belluno<\/h2>\n<\/blockquote>\n<blockquote><p><em><a class=\"dt-pswp-item\" href=\"https:\/\/www.radiopiu.net\/wordpress\/wp-content\/uploads\/2024\/09\/OLVspettacolo-anima.jpg\" data-dt-img-description=\"\" data-large_image_width=\"2400\" data-large_image_height=\"1600\"><img loading=\"lazy\" decoding=\"async\" class=\"size-medium wp-image-410161 alignleft\" src=\"https:\/\/www.radiopiu.net\/wordpress\/wp-content\/uploads\/2024\/09\/OLVspettacolo-anima-300x200.jpg\" alt=\"\" width=\"300\" height=\"200\" srcset=\"https:\/\/www.radiopiu.net\/wordpress\/wp-content\/uploads\/2024\/09\/OLVspettacolo-anima-300x200.jpg 300w, https:\/\/www.radiopiu.net\/wordpress\/wp-content\/uploads\/2024\/09\/OLVspettacolo-anima-1024x683.jpg 1024w, https:\/\/www.radiopiu.net\/wordpress\/wp-content\/uploads\/2024\/09\/OLVspettacolo-anima-768x512.jpg 768w, https:\/\/www.radiopiu.net\/wordpress\/wp-content\/uploads\/2024\/09\/OLVspettacolo-anima-1536x1024.jpg 1536w, https:\/\/www.radiopiu.net\/wordpress\/wp-content\/uploads\/2024\/09\/OLVspettacolo-anima-2048x1365.jpg 2048w\" sizes=\"auto, (max-width: 300px) 100vw, 300px\" \/><\/a>&#8220;Oltre le vette&#8221; per gli appassionati di montagna.<\/em><\/p><\/blockquote>\n<p><strong>BELLUNO\u00a0 <\/strong>Dal 4 al 13 ottobre 2024, Belluno ospiter\u00e0 la 28a edizione di &#8220;Oltre le vette \u2013 Metafore, uomini, luoghi della montagna&#8221;. Il festival, uno dei pi\u00f9 longevi dedicati alla montagna in Italia, presenta 50 eventi che spaziano dall&#8217;alpinismo all&#8217;arte, con mostre, spettacoli e incontri. Quest\u2019anno il tema \u00e8 &#8220;Filo, philos, fil\u00f2&#8221;, esplorando il legame tra uomo e montagna attraverso diverse prospettive. Tra le novit\u00e0, le opere dello street artist Ericailcane e una mostra sul fotografo alpinista Vittorio Sella. L&#8217;iniziativa coinvolge vari partner e amplia la sua presenza nel territorio, con eventi anche fuori dal comune di Belluno, a Cesiomaggiore, Longarone, Sedico e Sospirolo. Il programma offre conferenze, spettacoli e laboratori, incluso l&#8217;omaggio all&#8217;abete bianco pi\u00f9 alto d\u2019Europa con &#8220;Anima&#8221;. Tra gli ospiti, l&#8217;alpinista Matteo Della Bordella e il narratore Marco Albino Ferrari. Il festival sar\u00e0 arricchito da &#8220;Silent reading party&#8221;, escursioni guidate e proiezioni cinematografiche, tra cui una serata in collaborazione con il Trento Film Festival. Tutti gli eventi sono a ingresso gratuito, con prenotazione consigliata.<\/p>\n<p>&nbsp;<\/p>\n<p>&nbsp;<\/p>\n<hr \/>\n<blockquote>\n<h1><strong>\u00a0<\/strong><\/h1>\n<h1><strong>Diritti dei consumatori: evento ADOC a Belluno con la Uil<\/strong><\/h1>\n<\/blockquote>\n<div class=\"flex max-w-full flex-col flex-grow\">\n<div class=\"min-h-[20px] text-message flex w-full flex-col items-end gap-2 whitespace-normal break-words [.text-message+&amp;]:mt-5\" dir=\"auto\" data-message-author-role=\"assistant\" data-message-id=\"a6af381d-7eb8-4147-9c02-32cef600dcd1\">\n<div class=\"flex w-full flex-col gap-1 empty:hidden first:pt-[3px]\">\n<div class=\"markdown prose w-full break-words dark:prose-invert dark\">\n<p>Sabato 21 settembre, alle 10, alla Sala Bianchi di Belluno, l&#8217;ADOC Veneto ( Associazione Difesa e Orientamento Consumatori) organizza un incontro gratuito sui diritti dei consumatori, affrontando temi come utenze, contratti e truffe. Sergio Taurino risponder\u00e0 alle domande dei cittadini<\/p>\n<p>&nbsp;<\/p>\n<hr \/>\n<p>&nbsp;<\/p>\n<blockquote><p><strong>\u00a0\u00a0\u00a0\u00a0\u00a0\u00a0\u00a0\u00a0 <\/strong><strong>ANNIVERSARIO STRAGE DIVISIONE ACQUI<\/strong><\/p><\/blockquote>\n<p><strong>BELLUNO<\/strong> Domani ricorre l\u201981esimo anniversario della strage Divisione Acqui (Cefalonia \u2013 Corf\u00f9): alle 10 al Parco Citt\u00e0 di Bologna l\u2019apposizione dei fiori e una breve cerimonia ricordo.\u00a0 Sar\u00e0 presente al breve momento commemorativo l\u2019assessore alla cultura e alla sicurezza Raffaele Addamiano. Con un breve e sentito momento di ritrovo e di riflessione, si vuole cos\u00ec ricordare e onorare il sacrificio dei soldati della Divisione Acqui, di cui facevano parte anche cittadini bellunesi, morti o internati nei campi di lavoro nazisti e sovietici in Germania, Bielorussia, Russia e Uzbekistan per non essersi arresi ai tedeschi e per aver rifiutato la liberazione per non dover servire il vecchio alleato divenuto nemico.<\/p>\n<p>&nbsp;<\/p>\n<\/div>\n<\/div>\n<\/div>\n<\/div>\n<hr \/>\n<div class=\"flex max-w-full flex-col flex-grow\">\n<div class=\"min-h-[20px] text-message flex w-full flex-col items-end gap-2 whitespace-normal break-words [.text-message+&amp;]:mt-5\" dir=\"auto\" data-message-author-role=\"assistant\" data-message-id=\"a6af381d-7eb8-4147-9c02-32cef600dcd1\">\n<div class=\"flex w-full flex-col gap-1 empty:hidden first:pt-[3px]\">\n<div class=\"markdown prose w-full break-words dark:prose-invert dark\">\n<p>&nbsp;<\/p>\n<\/div>\n<\/div>\n<\/div>\n<\/div>\n<blockquote>\n<h2><a class=\"dt-pswp-item\" href=\"https:\/\/www.radiopiu.net\/wordpress\/wp-content\/uploads\/2024\/09\/28bdb21e-f180-472d-af31-563faf9d341e.jpg\" data-dt-img-description=\"\" data-large_image_width=\"1131\" data-large_image_height=\"1600\"><img loading=\"lazy\" decoding=\"async\" class=\"wp-image-409980 alignleft\" src=\"https:\/\/www.radiopiu.net\/wordpress\/wp-content\/uploads\/2024\/09\/28bdb21e-f180-472d-af31-563faf9d341e-212x300.jpg\" alt=\"\" width=\"176\" height=\"249\" srcset=\"https:\/\/www.radiopiu.net\/wordpress\/wp-content\/uploads\/2024\/09\/28bdb21e-f180-472d-af31-563faf9d341e-212x300.jpg 212w, https:\/\/www.radiopiu.net\/wordpress\/wp-content\/uploads\/2024\/09\/28bdb21e-f180-472d-af31-563faf9d341e-724x1024.jpg 724w, https:\/\/www.radiopiu.net\/wordpress\/wp-content\/uploads\/2024\/09\/28bdb21e-f180-472d-af31-563faf9d341e-768x1086.jpg 768w, https:\/\/www.radiopiu.net\/wordpress\/wp-content\/uploads\/2024\/09\/28bdb21e-f180-472d-af31-563faf9d341e-1086x1536.jpg 1086w, https:\/\/www.radiopiu.net\/wordpress\/wp-content\/uploads\/2024\/09\/28bdb21e-f180-472d-af31-563faf9d341e.jpg 1131w\" sizes=\"auto, (max-width: 176px) 100vw, 176px\" \/><\/a>45^ MOSTRA MERCATO A VILLA PATT DI SEDICO, CON LA PROLOCO IL 29 SETTEMBRE<\/h2>\n<\/blockquote>\n<p><strong>SEDICO<\/strong> Sar\u00e0 un&#8217;altra grande festa a fine mese a Villa Patt, con la Proloco di Sedico e i tanti appuntamenti nell&#8217;ambito delle Mostra Mercato che giunge alla 45edisione. Con Claudio Mezzavilla, presidente della Proloco parliamo dell&#8217;evento, ma anche dell&#8217;inaugurazione della panchina rossa in ricordo di Laura Forcellini e del concorso Balcone Fiorito con la collaborazione di Stefano De Paris del team Dolomiti Garden<\/p>\n<p><strong>AUDIO ospite Claudio Mezzavilla<\/strong><\/p>\n<p><strong>di mirko mezzacasa\u00a0<\/strong><\/p>\n<audio class=\"wp-audio-shortcode\" id=\"audio-410092-11\" preload=\"none\" style=\"width: 100%;\" controls=\"controls\"><source type=\"audio\/mpeg\" src=\"https:\/\/www.radiopiu.net\/wordpress\/wp-content\/uploads\/2024\/09\/CLAUDIO-MEZZAVILLA.mp3?_=11\" \/><a href=\"https:\/\/www.radiopiu.net\/wordpress\/wp-content\/uploads\/2024\/09\/CLAUDIO-MEZZAVILLA.mp3\">https:\/\/www.radiopiu.net\/wordpress\/wp-content\/uploads\/2024\/09\/CLAUDIO-MEZZAVILLA.mp3<\/a><\/audio>\n<p>&nbsp;<\/p>\n<hr \/>\n<p>&nbsp;<\/p>\n<p>&nbsp;<\/p>\n<blockquote><p><strong>Giornata Nazionale dei Piccoli Musei e Concerto d&#8217;Archi a Belluno<\/strong><\/p><\/blockquote>\n<p><strong>CANALE D&#8217;AGORDO<\/strong> Domenica 22 settembre, il Museo Albino Luciani e la casa natale di Papa Luciani saranno visitabili gratuitamente in occasione della 7\u00aa Giornata Nazionale dei piccoli musei. I visitatori riceveranno un omaggio dal museo. Sabato 21 settembre, alle 21, nella chiesa di San Simon a Vallada Agordina, si terr\u00e0 un concerto d&#8217;archi dell&#8217;ensemble Giovani Archi Bellunesi, diretto dalla violinista Svetlana Pletneva, parte dell&#8217;Appuntamento estivo con papa Luciani<\/p>\n<p>&nbsp;<\/p>\n<p>&nbsp;<\/p>\n<hr \/>\n<p>&nbsp;<\/p>\n<p>&nbsp;<\/p>\n<blockquote>\n<h3><a class=\"dt-pswp-item\" href=\"https:\/\/www.radiopiu.net\/wordpress\/wp-content\/uploads\/2020\/05\/images-1.jpg\" data-dt-img-description=\"\" data-large_image_width=\"275\" data-large_image_height=\"183\"><img loading=\"lazy\" decoding=\"async\" class=\"wp-image-137672 alignleft\" src=\"https:\/\/www.radiopiu.net\/wordpress\/wp-content\/uploads\/2020\/05\/images-1.jpg\" alt=\"\" width=\"150\" height=\"100\" \/><\/a>CONFIDENZE SULL&#8217;AMORE STORIA DI DONNE, VENERDI IN SALA PELLIZZARI<\/h3>\n<\/blockquote>\n<p><strong>SOSPIROLO<\/strong><\/p>\n<p><strong>DI ROBERTO BONA\u00a0<\/strong><\/p>\n<audio class=\"wp-audio-shortcode\" id=\"audio-410092-12\" preload=\"none\" style=\"width: 100%;\" controls=\"controls\"><source type=\"audio\/wav\" src=\"https:\/\/www.radiopiu.net\/wordpress\/wp-content\/uploads\/2024\/09\/ConfidenzeSullAmore-1.wav?_=12\" \/><a href=\"https:\/\/www.radiopiu.net\/wordpress\/wp-content\/uploads\/2024\/09\/ConfidenzeSullAmore-1.wav\">https:\/\/www.radiopiu.net\/wordpress\/wp-content\/uploads\/2024\/09\/ConfidenzeSullAmore-1.wav<\/a><\/audio>\n<p>&nbsp;<\/p>\n<p>&nbsp;<\/p>\n<hr \/>\n<p>&nbsp;<\/p>\n<blockquote>\n<h2>TIME FOR ME&#8230;CON PAOLO SOPPELSA<\/h2>\n<\/blockquote>\n<p><a class=\"dt-pswp-item\" href=\"https:\/\/www.radiopiu.net\/wordpress\/wp-content\/uploads\/2024\/09\/c00d6d2b-b1e8-4c03-9bd9-ed383b31b0c5.jpg\" data-dt-img-description=\"\" data-large_image_width=\"1080\" data-large_image_height=\"1058\"><img loading=\"lazy\" decoding=\"async\" class=\"wp-image-410144 alignleft\" src=\"https:\/\/www.radiopiu.net\/wordpress\/wp-content\/uploads\/2024\/09\/c00d6d2b-b1e8-4c03-9bd9-ed383b31b0c5-300x294.jpg\" alt=\"\" width=\"178\" height=\"174\" srcset=\"https:\/\/www.radiopiu.net\/wordpress\/wp-content\/uploads\/2024\/09\/c00d6d2b-b1e8-4c03-9bd9-ed383b31b0c5-300x294.jpg 300w, https:\/\/www.radiopiu.net\/wordpress\/wp-content\/uploads\/2024\/09\/c00d6d2b-b1e8-4c03-9bd9-ed383b31b0c5-1024x1003.jpg 1024w, https:\/\/www.radiopiu.net\/wordpress\/wp-content\/uploads\/2024\/09\/c00d6d2b-b1e8-4c03-9bd9-ed383b31b0c5-768x752.jpg 768w, https:\/\/www.radiopiu.net\/wordpress\/wp-content\/uploads\/2024\/09\/c00d6d2b-b1e8-4c03-9bd9-ed383b31b0c5.jpg 1080w\" sizes=\"auto, (max-width: 178px) 100vw, 178px\" \/><\/a><strong>PUNTATA 19 SETTEMBRE<\/strong><\/p>\n<p><strong>DI MARINA DONA&#8217;<\/strong><\/p>\n<p><strong>OSPITE PAOLO SOPPELSA<\/strong><\/p>\n<p>&nbsp;<\/p>\n<p>&nbsp;<\/p>\n<p>&nbsp;<\/p>\n<p><strong>PARTE 1<\/strong><\/p>\n<audio class=\"wp-audio-shortcode\" id=\"audio-410092-13\" preload=\"none\" style=\"width: 100%;\" controls=\"controls\"><source type=\"audio\/mpeg\" src=\"https:\/\/www.radiopiu.net\/wordpress\/wp-content\/uploads\/2024\/09\/TIME-4-ME-PAOLO-SOPPELSA-1.mp3?_=13\" \/><a href=\"https:\/\/www.radiopiu.net\/wordpress\/wp-content\/uploads\/2024\/09\/TIME-4-ME-PAOLO-SOPPELSA-1.mp3\">https:\/\/www.radiopiu.net\/wordpress\/wp-content\/uploads\/2024\/09\/TIME-4-ME-PAOLO-SOPPELSA-1.mp3<\/a><\/audio>\n<p><strong>PARTE 2<\/strong><\/p>\n<audio class=\"wp-audio-shortcode\" id=\"audio-410092-14\" preload=\"none\" style=\"width: 100%;\" controls=\"controls\"><source type=\"audio\/mpeg\" src=\"https:\/\/www.radiopiu.net\/wordpress\/wp-content\/uploads\/2024\/09\/TIME-4-ME-PAOLO-SOPPELSA-2.mp3?_=14\" \/><a href=\"https:\/\/www.radiopiu.net\/wordpress\/wp-content\/uploads\/2024\/09\/TIME-4-ME-PAOLO-SOPPELSA-2.mp3\">https:\/\/www.radiopiu.net\/wordpress\/wp-content\/uploads\/2024\/09\/TIME-4-ME-PAOLO-SOPPELSA-2.mp3<\/a><\/audio>\n<p><strong>PARTE 3<\/strong><\/p>\n<audio class=\"wp-audio-shortcode\" id=\"audio-410092-15\" preload=\"none\" style=\"width: 100%;\" controls=\"controls\"><source type=\"audio\/mpeg\" src=\"https:\/\/www.radiopiu.net\/wordpress\/wp-content\/uploads\/2024\/09\/TIME-4-ME-PAOLO-SOPPELSA-3.mp3?_=15\" \/><a href=\"https:\/\/www.radiopiu.net\/wordpress\/wp-content\/uploads\/2024\/09\/TIME-4-ME-PAOLO-SOPPELSA-3.mp3\">https:\/\/www.radiopiu.net\/wordpress\/wp-content\/uploads\/2024\/09\/TIME-4-ME-PAOLO-SOPPELSA-3.mp3<\/a><\/audio>\n<p>&nbsp;<\/p>\n<hr \/>\n<p>&nbsp;<\/p>\n<blockquote>\n<h2>VOLTAGO: DOMANI I RICONOSCIMENTI AI BENEMERITI CITTADINI<\/h2>\n<\/blockquote>\n<p><strong><a class=\"dt-pswp-item\" href=\"https:\/\/www.radiopiu.net\/wordpress\/wp-content\/uploads\/2024\/09\/Senza-nome-48.png\" data-dt-img-description=\"\" data-large_image_width=\"480\" data-large_image_height=\"388\"><img loading=\"lazy\" decoding=\"async\" class=\"size-medium wp-image-410193 alignleft\" src=\"https:\/\/www.radiopiu.net\/wordpress\/wp-content\/uploads\/2024\/09\/Senza-nome-48-300x243.png\" alt=\"\" width=\"300\" height=\"243\" srcset=\"https:\/\/www.radiopiu.net\/wordpress\/wp-content\/uploads\/2024\/09\/Senza-nome-48-300x243.png 300w, https:\/\/www.radiopiu.net\/wordpress\/wp-content\/uploads\/2024\/09\/Senza-nome-48.png 480w\" sizes=\"auto, (max-width: 300px) 100vw, 300px\" \/><\/a>VOLTAGO<\/strong><\/p>\n<p><strong>DI GIANNI SANTOMASO<\/strong><\/p>\n<div class=\"articlePlainText\">Consegna di riconoscimenti ad alcuni cittadini meritevoli per vari servizi e attivit\u00e0 svolti nella comunit\u00e0. \u00c8 la lodevole iniziativa promossa dall&#8217;amministrazione comunale guidata dal sindaco Giuseppe Schena, su proposta del consigliere con delega al turismo Andrea Bressan, che si terr\u00e0 domani, 21 settembre, alle ore 11, nella sala polifunzionale &#8220;Gianni De Col&#8221; a Voltago.<\/div>\n<div class=\"articlePlainText\">Nel corso della semplice ma significativa cerimonia, alla quale \u00e8 invitata a partecipare tutta la cittadinanza, saranno consegnate delle targhe a alcuni benemeriti concittadini.<\/div>\n<div class=\"articlePlainText\">I riconoscimenti sono infatti stati destinati a: Bruno Zanvit, per tanti anni sindaco del paese, in occasione del suo 80\u00b0 compleanno; Massimilla Miana, Celeste Della Lucia e Maria Grazia Della Lucia, per 60 anni di gestione di uno storico esercizio pubblico a Frassen\u00e9 ma non solo; Candido Parissenti, per 45 anni di gestione di un negozio di macelleria e di frutta e verdura a Voltago; Laura Franceschinelli, per 30 anni di gestione della farmacia a Frassen\u00e9.<\/div>\n<div><\/div>\n<hr \/>\n<p>&nbsp;<\/p>\n<h2><span style=\"color: #ff0000;\"><a class=\"dt-pswp-item\" href=\"https:\/\/www.radiopiu.net\/wordpress\/wp-content\/uploads\/2018\/09\/appuntamenti.jpeg\" data-dt-img-description=\"\" data-large_image_width=\"800\" data-large_image_height=\"100\"><img loading=\"lazy\" decoding=\"async\" class=\"wp-image-61958 size-full aligncenter\" src=\"https:\/\/www.radiopiu.net\/wordpress\/wp-content\/uploads\/2018\/09\/appuntamenti.jpeg\" alt=\"\" width=\"800\" height=\"100\" srcset=\"https:\/\/www.radiopiu.net\/wordpress\/wp-content\/uploads\/2018\/09\/appuntamenti.jpeg 800w, https:\/\/www.radiopiu.net\/wordpress\/wp-content\/uploads\/2018\/09\/appuntamenti-300x38.jpeg 300w, https:\/\/www.radiopiu.net\/wordpress\/wp-content\/uploads\/2018\/09\/appuntamenti-768x96.jpeg 768w\" sizes=\"auto, (max-width: 800px) 100vw, 800px\" \/><\/a><\/span><\/h2>\n<p><strong><a class=\"dt-pswp-item\" href=\"https:\/\/www.radiopiu.net\/wordpress\/wp-content\/uploads\/2024\/09\/Senza-nome-37.png\" data-dt-img-description=\"SABATO A FORCELLA CAMP\" data-large_image_width=\"554\" data-large_image_height=\"809\"><img loading=\"lazy\" decoding=\"async\" class=\"size-medium wp-image-409824 alignleft\" src=\"https:\/\/www.radiopiu.net\/wordpress\/wp-content\/uploads\/2024\/09\/Senza-nome-37-205x300.png\" alt=\"\" width=\"205\" height=\"300\" srcset=\"https:\/\/www.radiopiu.net\/wordpress\/wp-content\/uploads\/2024\/09\/Senza-nome-37-205x300.png 205w, https:\/\/www.radiopiu.net\/wordpress\/wp-content\/uploads\/2024\/09\/Senza-nome-37.png 554w\" sizes=\"auto, (max-width: 205px) 100vw, 205px\" \/><\/a>SEDICO<\/strong> Venerdi alle 20.45, la Sala Conferenze del Polo Culturale di Sedico ospiter\u00e0 la proiezione gratuita di &#8220;Non andare via&#8221;, un film diretto da Giorgio Cassiadoro che racconta le storie autentiche degli emigranti bellunesi in Svizzera.<\/p>\n<p><strong>FELTRE<\/strong> Sabato, al rifugio Pian de Fontana, si conclude &#8220;Tra le Chine della Schiara&#8221;, ciclo di incontri sulla natura e la storia alpinistica. Ciclo di incontri con Luca Sovilla e disegnati in china da Marco Dall\u2019Armi.<\/p>\n<p><strong>AGORDO<\/strong> Sabato alle 10.30 a Forcella Camp la messa nel 26esimo anniversario dalla posa in opera del capitello. Forcella Camp facilmente raggiungibile da Malga Framont, oppure dal Rifugio Carestiato.<\/p>\n<p><strong>AGORDO<\/strong> Con il Cai\u00a0 domenica escursione al Museo della Pietra e degli Scalpellini di Castellavazzo. informazioni 380.6983040 dalle ore 16.00 alle ore 21.00\u00a0 di questa sera<\/p>\n<p><b>VOLTAGO <\/b>L&#8217;amministrazione comunale sabato\u00a0 alle 11 in sala De Col consegner\u00e0 le targhe di riconoscimento<\/p>\n<p><strong>AGORDO <\/strong>Domenica 22 settembre all&#8217;auditorium Savio dalle 16 alle 18 pomeriggio dedicato alla scoperta del talento musicale! In collaborazione con l&#8217;Associazione Culturale Arte Nuova e la Nuova Didattica Musicale Accademia Gioacchino Rossini<\/p>\n<p><strong>AGORDO<\/strong> Iniziati i corsi con L&#8217;associazione danza agordina (ADA). Settimana di prova gratuita dal 23 al 28 settembre. Vieni a scoprire la magia della danza!\u00a0 Info: 348 8062103<\/p>\n<p><strong>LIMANA\u00a0<\/strong> Venerdi alle 20.30\u00a0 in \u00a0Sala Nocivelli,\u00a0 \u00a0in occasione dei 700 anni dalla morte di Marco Polo,\u00a0 \u00a0<em>Favole per Messer Polo <\/em>con\u00a0 Margherita Stevanato alle letture e Daniele Ruggieri al flauto<\/p>\n<p><strong>SEDICO<\/strong>\u00a0 Domenica 22 settembre a Longano di Sedico si svolge la Pedonata de Le Oselete, evento non competitivo adatto alle famiglie. Due percorsi: 5 km e 10 km. Iscrizioni online entro oggi. Evento prosegue nel pomeriggio con un torneo di calcio per pulcini.<\/p>\n<h2><\/h2>\n<div>\n<div class=\"\" dir=\"auto\">\n<div id=\":r9h:\" class=\"x1iorvi4 x1pi30zi x1l90r2v x1swvt13\" data-ad-comet-preview=\"message\" data-ad-preview=\"message\">\n\n\t\t\t<style type='text\/css'>\n\t\t\t\t#gallery-1 {\n\t\t\t\t\tmargin: auto;\n\t\t\t\t}\n\t\t\t\t#gallery-1 .gallery-item {\n\t\t\t\t\tfloat: left;\n\t\t\t\t\tmargin-top: 10px;\n\t\t\t\t\ttext-align: center;\n\t\t\t\t\twidth: 25%;\n\t\t\t\t}\n\t\t\t\t#gallery-1 img {\n\t\t\t\t\tborder: 2px solid #cfcfcf;\n\t\t\t\t}\n\t\t\t\t#gallery-1 .gallery-caption {\n\t\t\t\t\tmargin-left: 0;\n\t\t\t\t}\n\t\t\t\t\/* see gallery_shortcode() in wp-includes\/media.php *\/\n\t\t\t<\/style>\n\t\t<div id='gallery-1' class='dt-gallery-container gallery galleryid-410092 gallery-columns-4 gallery-size-thumbnail'><dl class='gallery-item'>\n\t\t\t\t<dt class='gallery-icon portrait'>\n\t\t\t\t\t<a class=\"rollover rollover-zoom dt-pswp-item\" title=\"6a186ab2-14fd-4844-a5e5-55deea7abcc9\" data-dt-img-description=\"\" data-large_image_width=\"1080\" data-large_image_height=\"1529\"href='https:\/\/www.radiopiu.net\/wordpress\/wp-content\/uploads\/2024\/09\/6a186ab2-14fd-4844-a5e5-55deea7abcc9.jpg'><img loading=\"lazy\" decoding=\"async\" width=\"150\" height=\"150\" src=\"https:\/\/www.radiopiu.net\/wordpress\/wp-content\/uploads\/2024\/09\/6a186ab2-14fd-4844-a5e5-55deea7abcc9-150x150.jpg\" class=\"attachment-thumbnail size-thumbnail\" alt=\"\" aria-describedby=\"gallery-1-409915\" \/><\/a>\n\t\t\t\t<\/dt>\n\t\t\t\t\t<dd class='wp-caption-text gallery-caption' id='gallery-1-409915'>\n\t\t\t\t\tDOMENICA A LANDRIS DI SEDICO\n\t\t\t\t\t<\/dd><\/dl><dl class='gallery-item'>\n\t\t\t\t<dt class='gallery-icon portrait'>\n\t\t\t\t\t<a class=\"rollover rollover-zoom dt-pswp-item\" title=\"bd965e78-6e96-4eea-9324-7c799cd8cfa8\" data-dt-img-description=\"\" data-large_image_width=\"1467\" data-large_image_height=\"2048\"href='https:\/\/www.radiopiu.net\/wordpress\/wp-content\/uploads\/2024\/09\/bd965e78-6e96-4eea-9324-7c799cd8cfa8.jpg'><img loading=\"lazy\" decoding=\"async\" width=\"150\" height=\"150\" src=\"https:\/\/www.radiopiu.net\/wordpress\/wp-content\/uploads\/2024\/09\/bd965e78-6e96-4eea-9324-7c799cd8cfa8-150x150.jpg\" class=\"attachment-thumbnail size-thumbnail\" alt=\"\" aria-describedby=\"gallery-1-408615\" \/><\/a>\n\t\t\t\t<\/dt>\n\t\t\t\t\t<dd class='wp-caption-text gallery-caption' id='gallery-1-408615'>\n\t\t\t\t\tLA 16 COMUNI A LA VALLE\n\t\t\t\t\t<\/dd><\/dl><dl class='gallery-item'>\n\t\t\t\t<dt class='gallery-icon portrait'>\n\t\t\t\t\t<a class=\"rollover rollover-zoom dt-pswp-item\" title=\"LOC_A3_MOSTRA-RADIO_CMVI\" data-dt-img-description=\"\" data-large_image_width=\"1816\" data-large_image_height=\"2560\"href='https:\/\/www.radiopiu.net\/wordpress\/wp-content\/uploads\/2024\/08\/LOC_A3_MOSTRA-RADIO_CMVI-scaled.jpg'><img loading=\"lazy\" decoding=\"async\" width=\"150\" height=\"150\" src=\"https:\/\/www.radiopiu.net\/wordpress\/wp-content\/uploads\/2024\/08\/LOC_A3_MOSTRA-RADIO_CMVI-150x150.jpg\" class=\"attachment-thumbnail size-thumbnail\" alt=\"\" aria-describedby=\"gallery-1-403450\" \/><\/a>\n\t\t\t\t<\/dt>\n\t\t\t\t\t<dd class='wp-caption-text gallery-caption' id='gallery-1-403450'>\n\t\t\t\t\tLA MOSTRA DELLE RADIO IN VALLE IMPERINA\n\t\t\t\t\t<\/dd><\/dl><dl class='gallery-item'>\n\t\t\t\t<dt class='gallery-icon portrait'>\n\t\t\t\t\t<a class=\"rollover rollover-zoom dt-pswp-item\" title=\"WhatsApp Image 2024-08-29 at 15.33.03\" data-dt-img-description=\"\" data-large_image_width=\"1131\" data-large_image_height=\"1600\"href='https:\/\/www.radiopiu.net\/wordpress\/wp-content\/uploads\/2024\/09\/WhatsApp-Image-2024-08-29-at-15.33.03.jpeg'><img loading=\"lazy\" decoding=\"async\" width=\"150\" height=\"150\" src=\"https:\/\/www.radiopiu.net\/wordpress\/wp-content\/uploads\/2024\/09\/WhatsApp-Image-2024-08-29-at-15.33.03-150x150.jpeg\" class=\"attachment-thumbnail size-thumbnail\" alt=\"\" aria-describedby=\"gallery-1-408070\" \/><\/a>\n\t\t\t\t<\/dt>\n\t\t\t\t\t<dd class='wp-caption-text gallery-caption' id='gallery-1-408070'>\n\t\t\t\t\tFESTA DELLA BIRRA A GOSALDO\n\t\t\t\t\t<\/dd><\/dl><br style=\"clear: both\" \/><dl class='gallery-item'>\n\t\t\t\t<dt class='gallery-icon portrait'>\n\t\t\t\t\t<a class=\"rollover rollover-zoom dt-pswp-item\" title=\"03efb118-d97d-457e-b9cc-b1da6a42649b\" data-dt-img-description=\"\" data-large_image_width=\"905\" data-large_image_height=\"1280\"href='https:\/\/www.radiopiu.net\/wordpress\/wp-content\/uploads\/2024\/09\/03efb118-d97d-457e-b9cc-b1da6a42649b.jpg'><img loading=\"lazy\" decoding=\"async\" width=\"150\" height=\"150\" src=\"https:\/\/www.radiopiu.net\/wordpress\/wp-content\/uploads\/2024\/09\/03efb118-d97d-457e-b9cc-b1da6a42649b-150x150.jpg\" class=\"attachment-thumbnail size-thumbnail\" alt=\"\" aria-describedby=\"gallery-1-408383\" \/><\/a>\n\t\t\t\t<\/dt>\n\t\t\t\t\t<dd class='wp-caption-text gallery-caption' id='gallery-1-408383'>\n\t\t\t\t\tA OTTOBRE A VOLTAGO\n\t\t\t\t\t<\/dd><\/dl><dl class='gallery-item'>\n\t\t\t\t<dt class='gallery-icon portrait'>\n\t\t\t\t\t<a class=\"rollover rollover-zoom dt-pswp-item\" title=\"Locandina evento 21.09.2024\" data-dt-img-description=\"\" data-large_image_width=\"1240\" data-large_image_height=\"1754\"href='https:\/\/www.radiopiu.net\/wordpress\/wp-content\/uploads\/2024\/09\/Locandina-evento-21.09.2024.jpg'><img loading=\"lazy\" decoding=\"async\" width=\"150\" height=\"150\" src=\"https:\/\/www.radiopiu.net\/wordpress\/wp-content\/uploads\/2024\/09\/Locandina-evento-21.09.2024-150x150.jpg\" class=\"attachment-thumbnail size-thumbnail\" alt=\"\" aria-describedby=\"gallery-1-408535\" \/><\/a>\n\t\t\t\t<\/dt>\n\t\t\t\t\t<dd class='wp-caption-text gallery-caption' id='gallery-1-408535'>\n\t\t\t\t\t21 SETTEMBRE A CANALE\n\t\t\t\t\t<\/dd><\/dl><dl class='gallery-item'>\n\t\t\t\t<dt class='gallery-icon landscape'>\n\t\t\t\t\t<a class=\"rollover rollover-zoom dt-pswp-item\" title=\"5b3cac0c-a825-49b4-9fc9-d2f8b2c05990\" data-dt-img-description=\"\" data-large_image_width=\"940\" data-large_image_height=\"940\"href='https:\/\/www.radiopiu.net\/wordpress\/wp-content\/uploads\/2024\/09\/5b3cac0c-a825-49b4-9fc9-d2f8b2c05990.jpg'><img loading=\"lazy\" decoding=\"async\" width=\"150\" height=\"150\" src=\"https:\/\/www.radiopiu.net\/wordpress\/wp-content\/uploads\/2024\/09\/5b3cac0c-a825-49b4-9fc9-d2f8b2c05990-150x150.jpg\" class=\"attachment-thumbnail size-thumbnail\" alt=\"\" aria-describedby=\"gallery-1-408631\" srcset=\"https:\/\/www.radiopiu.net\/wordpress\/wp-content\/uploads\/2024\/09\/5b3cac0c-a825-49b4-9fc9-d2f8b2c05990-150x150.jpg 150w, https:\/\/www.radiopiu.net\/wordpress\/wp-content\/uploads\/2024\/09\/5b3cac0c-a825-49b4-9fc9-d2f8b2c05990-300x300.jpg 300w, https:\/\/www.radiopiu.net\/wordpress\/wp-content\/uploads\/2024\/09\/5b3cac0c-a825-49b4-9fc9-d2f8b2c05990-768x768.jpg 768w, https:\/\/www.radiopiu.net\/wordpress\/wp-content\/uploads\/2024\/09\/5b3cac0c-a825-49b4-9fc9-d2f8b2c05990.jpg 940w\" sizes=\"auto, (max-width: 150px) 100vw, 150px\" \/><\/a>\n\t\t\t\t<\/dt>\n\t\t\t\t\t<dd class='wp-caption-text gallery-caption' id='gallery-1-408631'>\n\t\t\t\t\tLEZIONI DI MUSICA AD AGORDO\n\t\t\t\t\t<\/dd><\/dl><dl class='gallery-item'>\n\t\t\t\t<dt class='gallery-icon portrait'>\n\t\t\t\t\t<a class=\"rollover rollover-zoom dt-pswp-item\" title=\"b69bb19f-4dff-44b8-8f0f-7b20d47f34a5\" data-dt-img-description=\"\" data-large_image_width=\"1133\" data-large_image_height=\"1600\"href='https:\/\/www.radiopiu.net\/wordpress\/wp-content\/uploads\/2024\/09\/b69bb19f-4dff-44b8-8f0f-7b20d47f34a5.jpg'><img loading=\"lazy\" decoding=\"async\" width=\"150\" height=\"150\" src=\"https:\/\/www.radiopiu.net\/wordpress\/wp-content\/uploads\/2024\/09\/b69bb19f-4dff-44b8-8f0f-7b20d47f34a5-150x150.jpg\" class=\"attachment-thumbnail size-thumbnail\" alt=\"\" aria-describedby=\"gallery-1-408941\" \/><\/a>\n\t\t\t\t<\/dt>\n\t\t\t\t\t<dd class='wp-caption-text gallery-caption' id='gallery-1-408941'>\n\t\t\t\t\tA FALCADE A FINE MESE\n\t\t\t\t\t<\/dd><\/dl><br style=\"clear: both\" \/><dl class='gallery-item'>\n\t\t\t\t<dt class='gallery-icon portrait'>\n\t\t\t\t\t<a class=\"rollover rollover-zoom dt-pswp-item\" title=\"459441018_1444029149639781_6588175937352575299_n\" data-dt-img-description=\"\" data-large_image_width=\"509\" data-large_image_height=\"720\"href='https:\/\/www.radiopiu.net\/wordpress\/wp-content\/uploads\/2024\/09\/459441018_1444029149639781_6588175937352575299_n.jpg'><img loading=\"lazy\" decoding=\"async\" width=\"150\" height=\"150\" src=\"https:\/\/www.radiopiu.net\/wordpress\/wp-content\/uploads\/2024\/09\/459441018_1444029149639781_6588175937352575299_n-150x150.jpg\" class=\"attachment-thumbnail size-thumbnail\" alt=\"\" aria-describedby=\"gallery-1-409029\" \/><\/a>\n\t\t\t\t<\/dt>\n\t\t\t\t\t<dd class='wp-caption-text gallery-caption' id='gallery-1-409029'>\n\t\t\t\t\tsabato 21 a voltago\n\t\t\t\t\t<\/dd><\/dl>\n\t\t\t\t<br style='clear: both' \/>\n\t\t\t<\/div>\n\n<p>&nbsp;<\/p>\n<\/div>\n<\/div>\n<\/div>\n<p>&nbsp;<\/p>\n<p>&nbsp;<\/p>\n<hr \/>\n<blockquote>\n<h3><\/h3>\n<h3>LA MOSTRA DI HANS HAACKE A BELLUNO FINO AL 29 SETTEMBRE<\/h3>\n<\/blockquote>\n<p><a class=\"dt-pswp-item\" href=\"https:\/\/www.radiopiu.net\/wordpress\/wp-content\/uploads\/2024\/09\/SCR-20240908-ophz.jpeg\" data-dt-img-description=\"Screenshot\" data-large_image_width=\"1254\" data-large_image_height=\"932\"><img loading=\"lazy\" decoding=\"async\" class=\"wp-image-408564 alignleft\" src=\"https:\/\/www.radiopiu.net\/wordpress\/wp-content\/uploads\/2024\/09\/SCR-20240908-ophz-300x223.jpeg\" alt=\"\" width=\"161\" height=\"120\" srcset=\"https:\/\/www.radiopiu.net\/wordpress\/wp-content\/uploads\/2024\/09\/SCR-20240908-ophz-300x223.jpeg 300w, https:\/\/www.radiopiu.net\/wordpress\/wp-content\/uploads\/2024\/09\/SCR-20240908-ophz-1024x761.jpeg 1024w, https:\/\/www.radiopiu.net\/wordpress\/wp-content\/uploads\/2024\/09\/SCR-20240908-ophz-768x571.jpeg 768w, https:\/\/www.radiopiu.net\/wordpress\/wp-content\/uploads\/2024\/09\/SCR-20240908-ophz.jpeg 1254w\" sizes=\"auto, (max-width: 161px) 100vw, 161px\" \/><\/a><strong>BELLUNO<\/strong><\/p>\n<p>DI ROBERTO BONA<\/p>\n<audio class=\"wp-audio-shortcode\" id=\"audio-410092-16\" preload=\"none\" style=\"width: 100%;\" controls=\"controls\"><source type=\"audio\/mpeg\" src=\"https:\/\/www.radiopiu.net\/wordpress\/wp-content\/uploads\/2024\/09\/BONA-MOSTRA-BELLUNO-SCADE-29-SETTEMBRE.mp3?_=16\" \/><a href=\"https:\/\/www.radiopiu.net\/wordpress\/wp-content\/uploads\/2024\/09\/BONA-MOSTRA-BELLUNO-SCADE-29-SETTEMBRE.mp3\">https:\/\/www.radiopiu.net\/wordpress\/wp-content\/uploads\/2024\/09\/BONA-MOSTRA-BELLUNO-SCADE-29-SETTEMBRE.mp3<\/a><\/audio>\n<p>&nbsp;<\/p>\n<p>&nbsp;<\/p>\n<p>&nbsp;<\/p>\n<hr \/>\n<p>&nbsp;<\/p>\n<p>&nbsp;<\/p>\n<blockquote><p><strong>IOGIOCO Festival 2024: Un Inno al Gioco e alla Partecipazione<\/strong><\/p><\/blockquote>\n<p><strong><a class=\"dt-pswp-item\" href=\"https:\/\/www.radiopiu.net\/wordpress\/wp-content\/uploads\/2024\/09\/Manifesto-IOGIOCO-2024.jpg\" data-dt-img-description=\"\" data-large_image_width=\"1702\" data-large_image_height=\"851\"><img loading=\"lazy\" decoding=\"async\" class=\"size-medium wp-image-409873 alignleft\" src=\"https:\/\/www.radiopiu.net\/wordpress\/wp-content\/uploads\/2024\/09\/Manifesto-IOGIOCO-2024-300x150.jpg\" alt=\"\" width=\"300\" height=\"150\" srcset=\"https:\/\/www.radiopiu.net\/wordpress\/wp-content\/uploads\/2024\/09\/Manifesto-IOGIOCO-2024-300x150.jpg 300w, https:\/\/www.radiopiu.net\/wordpress\/wp-content\/uploads\/2024\/09\/Manifesto-IOGIOCO-2024-1024x512.jpg 1024w, https:\/\/www.radiopiu.net\/wordpress\/wp-content\/uploads\/2024\/09\/Manifesto-IOGIOCO-2024-768x384.jpg 768w, https:\/\/www.radiopiu.net\/wordpress\/wp-content\/uploads\/2024\/09\/Manifesto-IOGIOCO-2024-1536x768.jpg 1536w, https:\/\/www.radiopiu.net\/wordpress\/wp-content\/uploads\/2024\/09\/Manifesto-IOGIOCO-2024.jpg 1702w\" sizes=\"auto, (max-width: 300px) 100vw, 300px\" \/><\/a>BELLUNO <\/strong>\u00a0 Terza edizione del IOGIOCO Festival. L&#8217;Assessore alla Cultura Raffaele Addamiano ha sottolineato l&#8217;importanza del gioco come diritto e strumento di relazione, citando Maria Montessori e Oliver Wendell Holmes. Daniela Nicosia ha presentato il programma, focalizzandosi sulla natura multiculturale e intergenerazionale del festival, che coinvolge attivamente i partecipanti attraverso laboratori e attivit\u00e0 creative. Andrea Caldart ha raccontato della mostra fotografica &#8220;Questa \u00e8 la mia terra&#8221;, ispirata alla sua esperienza in Thailandia. Federica De Carli ha illustrato il Metagioco, spazio di approfondimento e riflessione, mentre Daniele Giaffredo ha evidenziato il tema della deprivazione dello spazio. Il festival si terr\u00e0 dal 25 al 29 settembre 2024 presso La Casa delle Arti, con un ricco programma di eventi, spettacoli, incontri e laboratori, dedicati a tutte le et\u00e0, per promuovere il gioco come esperienza formativa e artistica.<\/p>\n<p>&nbsp;<\/p>\n<p>&nbsp;<\/p>\n<p><a class=\"dt-pswp-item\" href=\"https:\/\/www.radiopiu.net\/wordpress\/wp-content\/uploads\/2018\/09\/WhatsApp-Image-2018-09-20-at-16.04.06.jpeg\" data-dt-img-description=\"\" data-large_image_width=\"800\" data-large_image_height=\"100\"><img loading=\"lazy\" decoding=\"async\" class=\"wp-image-61378 size-full aligncenter\" src=\"https:\/\/www.radiopiu.net\/wordpress\/wp-content\/uploads\/2018\/09\/WhatsApp-Image-2018-09-20-at-16.04.06.jpeg\" alt=\"\" width=\"800\" height=\"100\" srcset=\"https:\/\/www.radiopiu.net\/wordpress\/wp-content\/uploads\/2018\/09\/WhatsApp-Image-2018-09-20-at-16.04.06.jpeg 800w, https:\/\/www.radiopiu.net\/wordpress\/wp-content\/uploads\/2018\/09\/WhatsApp-Image-2018-09-20-at-16.04.06-300x38.jpeg 300w, https:\/\/www.radiopiu.net\/wordpress\/wp-content\/uploads\/2018\/09\/WhatsApp-Image-2018-09-20-at-16.04.06-768x96.jpeg 768w\" sizes=\"auto, (max-width: 800px) 100vw, 800px\" \/><\/a><\/p>\n<p><center><\/center><b>OGGI: <\/b>Da poco a parzialmente nuvoloso sia per velature specie fino al primo pomeriggio e annuvolamenti irregolari anche intensi durante le ore centrali e nel pomeriggio. Fino al primo mattino possibili nubi basse in qualche valle. <b>Precipitazioni: <\/b>Non \u00e8 del tutto esclusa qualche goccia qua e l\u00e0 nel pomeriggio\u00a0 <b>Temperature: <\/b>Temperature pressoch\u00e9 stazionarie.<\/p>\n<p>&nbsp;<\/p>\n<hr \/>\n<p><center><\/center><b>DOMANI: <\/b>Al mattino poco nuvoloso dopo il dissolvimento di nubi basse anche estese in qualche valle. Dal mezzogiorno e nel pomeriggio annuvolamenti irregolari su Dolomiti con cielo parzialmente nuvoloso, poco nuvoloso su Prealpi. In serata nuova formazione di nubi basse nelle valli. <b>Precipitazioni: <\/b>Non del tutto escluso un breve piovasco nel pomeriggio\u00a0 <b>Temperature: <\/b>Temperature in generale lieve aumento le massime, in locale diminuzione le minime nelle valli e sugli altopiani prealpini.<\/p>\n<p>&nbsp;<\/p>\n<hr \/>\n<p><center><\/center><strong>DOMENICA<\/strong> Fino a met\u00e0 mattino possibili nubi basse anche estese su Dolomiti, in graduale dissolvimento in giornata con cielo poco o parzialmente nuvoloso per velature e addensamenti tra le ore centrali e nel pomeriggio specie su Dolomiti. Dalla sera generale aumento della nuvolosit\u00e0.<\/p>\n<hr \/>\n<p><center><\/center><strong>LUNEDI<\/strong> Aumento della nuvolosit\u00e0 fino a nuvoloso o molto nuvoloso ovunque con qualche residua schiarita al mattino su Dolomiti. Prime deboli precipitazioni possibili in mattinata su Prealpi, dal pomeriggio\/sera su Dolomiti. Temperature massime in generale calo.<\/p>\n<p><center><\/center>&nbsp;<\/p>\n<p>&nbsp;<\/p>\n<p><a class=\"dt-pswp-item\" href=\"https:\/\/www.radiopiu.net\/wordpress\/wp-content\/uploads\/2018\/09\/sport.jpg\" data-dt-img-description=\"\" data-large_image_width=\"800\" data-large_image_height=\"100\"><img loading=\"lazy\" decoding=\"async\" class=\"aligncenter wp-image-60761 size-full\" src=\"https:\/\/www.radiopiu.net\/wordpress\/wp-content\/uploads\/2018\/09\/sport.jpg\" alt=\"\" width=\"800\" height=\"100\" srcset=\"https:\/\/www.radiopiu.net\/wordpress\/wp-content\/uploads\/2018\/09\/sport.jpg 800w, https:\/\/www.radiopiu.net\/wordpress\/wp-content\/uploads\/2018\/09\/sport-300x38.jpg 300w, https:\/\/www.radiopiu.net\/wordpress\/wp-content\/uploads\/2018\/09\/sport-768x96.jpg 768w\" sizes=\"auto, (max-width: 800px) 100vw, 800px\" \/><\/a><\/p>\n<p>&nbsp;<\/p>\n<p><span style=\"color: #0000ff;\"><strong>CORSA<\/strong><\/span><\/p>\n<blockquote>\n<h2>16 COMUNI, DOMENICA A LA VALLE AGORDINA. LO SPECIALE ALLA RADIO<\/h2>\n<\/blockquote>\n<p><a class=\"dt-pswp-item\" href=\"https:\/\/www.radiopiu.net\/wordpress\/wp-content\/uploads\/2024\/09\/16-comuni.jpg\" data-dt-img-description=\"\" data-large_image_width=\"1200\" data-large_image_height=\"904\"><img loading=\"lazy\" decoding=\"async\" class=\"wp-image-408711 alignleft\" src=\"https:\/\/www.radiopiu.net\/wordpress\/wp-content\/uploads\/2024\/09\/16-comuni-300x226.jpg\" alt=\"\" width=\"165\" height=\"124\" srcset=\"https:\/\/www.radiopiu.net\/wordpress\/wp-content\/uploads\/2024\/09\/16-comuni-300x226.jpg 300w, https:\/\/www.radiopiu.net\/wordpress\/wp-content\/uploads\/2024\/09\/16-comuni-1024x771.jpg 1024w, https:\/\/www.radiopiu.net\/wordpress\/wp-content\/uploads\/2024\/09\/16-comuni-768x579.jpg 768w, https:\/\/www.radiopiu.net\/wordpress\/wp-content\/uploads\/2024\/09\/16-comuni.jpg 1200w\" sizes=\"auto, (max-width: 165px) 100vw, 165px\" \/><\/a>Dagli studi di RADIOPIU, Federica Mezzacasa e Morris De Zaiacomo. La Presidente della Proloco e il Presidente dello Sci Club introducono all&#8217;atteso appuntamento di domenica, le gare, il programma, gli eventi di contorno, tutto pronto a Conaggia per una grande festa<\/p>\n<p>di Mirko Mezzacasa<\/p>\n<audio class=\"wp-audio-shortcode\" id=\"audio-410092-17\" preload=\"none\" style=\"width: 100%;\" controls=\"controls\"><source type=\"audio\/mpeg\" src=\"https:\/\/www.radiopiu.net\/wordpress\/wp-content\/uploads\/2023\/09\/16-comuni-2024-la-valle-agordina.mp3?_=17\" \/><a href=\"https:\/\/www.radiopiu.net\/wordpress\/wp-content\/uploads\/2023\/09\/16-comuni-2024-la-valle-agordina.mp3\">https:\/\/www.radiopiu.net\/wordpress\/wp-content\/uploads\/2023\/09\/16-comuni-2024-la-valle-agordina.mp3<\/a><\/audio>\n<p>&nbsp;<\/p>\n<p>&nbsp;<\/p>\n<p><span style=\"color: #0000ff;\"><strong>HOCKEY\u00a0<\/strong><\/span><\/p>\n<blockquote>\n<h3>RENE\u2019 VALLAZZA CONFERMATO IN BIANCOROSSO<\/h3>\n<\/blockquote>\n<p><strong><a class=\"dt-pswp-item\" href=\"https:\/\/www.radiopiu.net\/wordpress\/wp-content\/uploads\/2024\/09\/def3aedc-b30e-4a61-8cfb-84d2c696fdb0.jpeg\" data-dt-img-description=\"\" data-large_image_width=\"931\" data-large_image_height=\"491\"><img loading=\"lazy\" decoding=\"async\" class=\"size-medium wp-image-410087 alignleft\" src=\"https:\/\/www.radiopiu.net\/wordpress\/wp-content\/uploads\/2024\/09\/def3aedc-b30e-4a61-8cfb-84d2c696fdb0-300x158.jpeg\" alt=\"\" width=\"300\" height=\"158\" srcset=\"https:\/\/www.radiopiu.net\/wordpress\/wp-content\/uploads\/2024\/09\/def3aedc-b30e-4a61-8cfb-84d2c696fdb0-300x158.jpeg 300w, https:\/\/www.radiopiu.net\/wordpress\/wp-content\/uploads\/2024\/09\/def3aedc-b30e-4a61-8cfb-84d2c696fdb0-768x405.jpeg 768w, https:\/\/www.radiopiu.net\/wordpress\/wp-content\/uploads\/2024\/09\/def3aedc-b30e-4a61-8cfb-84d2c696fdb0.jpeg 931w\" sizes=\"auto, (max-width: 300px) 100vw, 300px\" \/><\/a>DI ROBERTO MIANA, PORTAVOCE DELL\u2019ALLEGHE HOCKEY<\/strong><\/p>\n<p>La Societ\u00e0 Alleghe Hockey completa il reparto difensivo con la conferma di Ren\u00e8 Vallazza. Difensore classe 1994 (trent\u2019anni compiuti il 19 aprile) di Cortina d\u2019Ampezzo, dove \u00e8 anche cresciuto hockeisticamente. Professionalmente \u00e8 consulente assicurativo e come hobby, oltre all\u2019hockey, ama praticare il golf. Nella passata stagione, al suo esordio ai piedi del Civetta, in 36 gare ha messo a referto 14 punti (3 reti+11 assist). Wally, cos\u00ec chiamato dagli amici, nella passata stagione ha dato dimostrazione di essere una valida pedina nello scacchiere della squadra.<\/p>\n<p>Le parole di Ren\u00e8: \u201cTorno ad Alleghe perch\u00e9 nella passata stagione in riva al lago mi sono trovato benissimo e si \u00e8 instaurato un bel rapporto personale sia con la Societ\u00e0 che con i compagni di squadra. Prima della mia avventura in biancorosso conoscevo Davide Testori con il quale eravamo gi\u00e0 amici, ora all\u2019interno dello spogliatoio ho legato particolarmente anche con Gianni Scola e Milos Ganz. Secondo me la Societ\u00e0 ha lavorato al meglio delle proprie possibilit\u00e0 per allestire una rosa competitiva e, cosa importante, si sta creando un bel gruppo squadra unito\u201d.<\/p>\n<p>&nbsp;<\/p>\n<p><span style=\"color: #0000ff;\"><strong>PALLAVOLO<\/strong><\/span><\/p>\n<blockquote>\n<h2>BELLUNO PRONTO PER LA NUOVA STAGIONE.<\/h2>\n<\/blockquote>\n<p>novit\u00e0 (il palleggiatore Francesco Guizzardi, il libero Nicol\u00f2 Bassanello, i centrali Enrico Basso, Riccardo Cengia e Michele Luisetto, gli schiacciatori Enrico Zappoli, Riccardo Mian e Gianluca Loglisci, oltre al rientrante Alberto Saibene), ai \u201cgiovani veterani\u201d come i gi\u00e0 citati Mozzato e Martinez (il libero, proprio oggi, spegne 22 candeline), passando per un bellunese doc come Stefano Antonio Guolla, fino ad arrivare ai confermati Leonardo Ferrato, Andrea Schiro. E capitan Fabio Bisi, al momento ai box per un problema fisico, coach Matteo De Cecco<\/p>\n<p><a class=\"dt-pswp-item\" href=\"https:\/\/www.radiopiu.net\/wordpress\/wp-content\/uploads\/2024\/09\/4.jpg\" data-dt-img-description=\"\" data-large_image_width=\"800\" data-large_image_height=\"400\"><img loading=\"lazy\" decoding=\"async\" class=\"alignnone wp-image-410179\" src=\"https:\/\/www.radiopiu.net\/wordpress\/wp-content\/uploads\/2024\/09\/4-300x150.jpg\" alt=\"\" width=\"340\" height=\"170\" srcset=\"https:\/\/www.radiopiu.net\/wordpress\/wp-content\/uploads\/2024\/09\/4-300x150.jpg 300w, https:\/\/www.radiopiu.net\/wordpress\/wp-content\/uploads\/2024\/09\/4-768x384.jpg 768w, https:\/\/www.radiopiu.net\/wordpress\/wp-content\/uploads\/2024\/09\/4.jpg 800w\" sizes=\"auto, (max-width: 340px) 100vw, 340px\" \/><\/a><a class=\"dt-pswp-item\" href=\"https:\/\/www.radiopiu.net\/wordpress\/wp-content\/uploads\/2024\/09\/3.jpg\" data-dt-img-description=\"\" data-large_image_width=\"1280\" data-large_image_height=\"853\"><img loading=\"lazy\" decoding=\"async\" class=\"alignnone wp-image-410180\" src=\"https:\/\/www.radiopiu.net\/wordpress\/wp-content\/uploads\/2024\/09\/3-300x200.jpg\" alt=\"\" width=\"257\" height=\"171\" srcset=\"https:\/\/www.radiopiu.net\/wordpress\/wp-content\/uploads\/2024\/09\/3-300x200.jpg 300w, https:\/\/www.radiopiu.net\/wordpress\/wp-content\/uploads\/2024\/09\/3-1024x682.jpg 1024w, https:\/\/www.radiopiu.net\/wordpress\/wp-content\/uploads\/2024\/09\/3-768x512.jpg 768w, https:\/\/www.radiopiu.net\/wordpress\/wp-content\/uploads\/2024\/09\/3.jpg 1280w\" sizes=\"auto, (max-width: 257px) 100vw, 257px\" \/><\/a><a class=\"dt-pswp-item\" href=\"https:\/\/www.radiopiu.net\/wordpress\/wp-content\/uploads\/2024\/09\/1.jpg\" data-dt-img-description=\"\" data-large_image_width=\"1280\" data-large_image_height=\"853\"><img loading=\"lazy\" decoding=\"async\" class=\"alignnone wp-image-410181\" src=\"https:\/\/www.radiopiu.net\/wordpress\/wp-content\/uploads\/2024\/09\/1-300x200.jpg\" alt=\"\" width=\"259\" height=\"172\" srcset=\"https:\/\/www.radiopiu.net\/wordpress\/wp-content\/uploads\/2024\/09\/1-300x200.jpg 300w, https:\/\/www.radiopiu.net\/wordpress\/wp-content\/uploads\/2024\/09\/1-1024x682.jpg 1024w, https:\/\/www.radiopiu.net\/wordpress\/wp-content\/uploads\/2024\/09\/1-768x512.jpg 768w, https:\/\/www.radiopiu.net\/wordpress\/wp-content\/uploads\/2024\/09\/1.jpg 1280w\" sizes=\"auto, (max-width: 259px) 100vw, 259px\" \/><\/a><a class=\"dt-pswp-item\" href=\"https:\/\/www.radiopiu.net\/wordpress\/wp-content\/uploads\/2024\/09\/2.jpg\" data-dt-img-description=\"\" data-large_image_width=\"1280\" data-large_image_height=\"853\"><img loading=\"lazy\" decoding=\"async\" class=\"alignnone wp-image-410182\" src=\"https:\/\/www.radiopiu.net\/wordpress\/wp-content\/uploads\/2024\/09\/2-300x200.jpg\" alt=\"\" width=\"261\" height=\"174\" srcset=\"https:\/\/www.radiopiu.net\/wordpress\/wp-content\/uploads\/2024\/09\/2-300x200.jpg 300w, https:\/\/www.radiopiu.net\/wordpress\/wp-content\/uploads\/2024\/09\/2-1024x682.jpg 1024w, https:\/\/www.radiopiu.net\/wordpress\/wp-content\/uploads\/2024\/09\/2-768x512.jpg 768w, https:\/\/www.radiopiu.net\/wordpress\/wp-content\/uploads\/2024\/09\/2.jpg 1280w\" sizes=\"auto, (max-width: 261px) 100vw, 261px\" \/><\/a><\/p>\n<p>&nbsp;<\/p>\n<p><a class=\"dt-pswp-item\" href=\"https:\/\/www.radiopiu.net\/wordpress\/wp-content\/uploads\/2018\/09\/viabilita.jpeg\" data-dt-img-description=\"\" data-large_image_width=\"800\" data-large_image_height=\"100\"><img loading=\"lazy\" decoding=\"async\" class=\"aligncenter wp-image-61954 size-full\" src=\"https:\/\/www.radiopiu.net\/wordpress\/wp-content\/uploads\/2018\/09\/viabilita.jpeg\" alt=\"\" width=\"800\" height=\"100\" srcset=\"https:\/\/www.radiopiu.net\/wordpress\/wp-content\/uploads\/2018\/09\/viabilita.jpeg 800w, https:\/\/www.radiopiu.net\/wordpress\/wp-content\/uploads\/2018\/09\/viabilita-300x38.jpeg 300w, https:\/\/www.radiopiu.net\/wordpress\/wp-content\/uploads\/2018\/09\/viabilita-768x96.jpeg 768w\" sizes=\"auto, (max-width: 800px) 100vw, 800px\" \/><\/a><\/p>\n<p>&nbsp;<\/p>\n<p><a class=\"dt-pswp-item\" href=\"https:\/\/www.radiopiu.net\/wordpress\/wp-content\/uploads\/2023\/12\/botol-car-service.jpg\" data-dt-img-description=\"\" data-large_image_width=\"600\" data-large_image_height=\"600\"><img loading=\"lazy\" decoding=\"async\" class=\"size-medium wp-image-367044 aligncenter\" src=\"https:\/\/www.radiopiu.net\/wordpress\/wp-content\/uploads\/2023\/12\/botol-car-service-300x300.jpg\" alt=\"\" width=\"300\" height=\"300\" srcset=\"https:\/\/www.radiopiu.net\/wordpress\/wp-content\/uploads\/2023\/12\/botol-car-service-300x300.jpg 300w, https:\/\/www.radiopiu.net\/wordpress\/wp-content\/uploads\/2023\/12\/botol-car-service-150x150.jpg 150w, https:\/\/www.radiopiu.net\/wordpress\/wp-content\/uploads\/2023\/12\/botol-car-service.jpg 600w\" sizes=\"auto, (max-width: 300px) 100vw, 300px\" \/><\/a><\/p>\n<p>&nbsp;<\/p>\n<p>&nbsp;<\/p>\n<h1>BOLLETTINO QUOTIDIANO, CLICCA QUI<\/h1>\n<blockquote class=\"wp-embedded-content\" data-secret=\"HfMKbZwkTO\"><p><a href=\"https:\/\/www.radiopiu.net\/wordpress\/viabilita-2\/\">viabilita<\/a><\/p><\/blockquote>\n<p><iframe loading=\"lazy\" class=\"wp-embedded-content\" sandbox=\"allow-scripts\" security=\"restricted\" style=\"position: absolute; visibility: hidden;\" title=\"&#8220;viabilita&#8221; &#8212; Radio Pi\u00f9\" src=\"https:\/\/www.radiopiu.net\/wordpress\/viabilita-2\/embed\/#?secret=DyS0RMbrLz#?secret=HfMKbZwkTO\" data-secret=\"HfMKbZwkTO\" width=\"600\" height=\"338\" frameborder=\"0\" marginwidth=\"0\" marginheight=\"0\" scrolling=\"no\"><\/iframe><\/p>\n<p>&nbsp;<\/p>\n<p>&nbsp;<\/p>\n<hr \/>\n<p>&nbsp;<\/p>\n<p>&nbsp;<\/p>\n<blockquote>\n<h2>SE NON LA SMETTI TI MANDO DAL PRESIDE&#8230;13ESIMA STAGIONE CON LA PROF. MARIA ROSA SALMAZO<\/h2>\n<\/blockquote>\n<p>&nbsp;<\/p>\n<p><strong><img loading=\"lazy\" decoding=\"async\" class=\"alignleft\" src=\"https:\/\/www.radiopiu.net\/wordpress\/wp-content\/uploads\/2023\/06\/Scuola_Don_Zalivani.jpg\" width=\"189\" height=\"126\" \/>PUNTATA DEL 18 SETTEMBRE 2024<\/strong><\/p>\n<p><strong>di mirko mezzacasa\u00a0<\/strong><\/p>\n<p><strong>audio\u00a0<\/strong><\/p>\n<audio class=\"wp-audio-shortcode\" id=\"audio-410092-18\" preload=\"none\" style=\"width: 100%;\" controls=\"controls\"><source type=\"audio\/mpeg\" src=\"https:\/\/www.radiopiu.net\/wordpress\/wp-content\/uploads\/2024\/09\/SE-NON-LA-SMETTI-01-24.mp3?_=18\" \/><a href=\"https:\/\/www.radiopiu.net\/wordpress\/wp-content\/uploads\/2024\/09\/SE-NON-LA-SMETTI-01-24.mp3\">https:\/\/www.radiopiu.net\/wordpress\/wp-content\/uploads\/2024\/09\/SE-NON-LA-SMETTI-01-24.mp3<\/a><\/audio>\n<p>&nbsp;<\/p>\n<p>LA RACCOLTA COMPLETA<\/p>\n<blockquote class=\"wp-embedded-content\" data-secret=\"SeVco1GUxH\"><p><a href=\"https:\/\/www.radiopiu.net\/wordpress\/se-non-la-smetti-di-mando-dal-preside\/\">SE NON LA SMETTI TI MANDO DAL PRESIDE<\/a><\/p><\/blockquote>\n<p><iframe loading=\"lazy\" class=\"wp-embedded-content\" sandbox=\"allow-scripts\" security=\"restricted\" style=\"position: absolute; visibility: hidden;\" title=\"&#8220;SE NON LA SMETTI TI MANDO DAL PRESIDE&#8221; &#8212; Radio Pi\u00f9\" src=\"https:\/\/www.radiopiu.net\/wordpress\/se-non-la-smetti-di-mando-dal-preside\/embed\/#?secret=BODuzJpX5w#?secret=SeVco1GUxH\" data-secret=\"SeVco1GUxH\" width=\"600\" height=\"338\" frameborder=\"0\" marginwidth=\"0\" marginheight=\"0\" scrolling=\"no\"><\/iframe><\/p>\n<p>&nbsp;<\/p>\n<p>&nbsp;<\/p>\n<hr \/>\n<p>&nbsp;<\/p>\n<p>&nbsp;<\/p>\n<blockquote>\n<h2>I FUNGHI DI MONTAGNA, NON I SOLITI PORCINI<\/h2>\n<\/blockquote>\n<p class=\"photoswipe-wrapper\">Narrava mia madre che avrei mosso i primi passi, all\u2019et\u00e0 di un anno, nella sterrata piazza di Caviola, nel lontano agosto del 1953. Da allora calco, quasi ininterrottamente, quelle terre. Nato sul mare, ma da sempre appassionato di montagna, mi considero \u201cadottato\u201d dalla Valle del Biois, anche se all\u2019insaputa della maggioranza dei miei familiari adottivi. Col tempo, avendo sviluppato la passione per i funghi, mi sono dedicato alla loro ricerca nei luoghi pi\u00f9 disparati. Considerati dai pi\u00f9 come oggetto di raccolta indiscriminata, i funghi sono organismi complessi, parte integrante e non secondaria dell\u2019ambiente, contribuendo, attraverso le loro molteplici funzioni trofiche, al suo benessere.<\/p>\n<p>I funghi di montagna, dunque! Non solo i soliti inevitabili porcini, i profumati finferli, i subdoli chiodini, le eleganti mazze da tamburo, ma anche una miriade di specie che la \u201cgente comune\u201d, per insensibilit\u00e0, per ignoranza, per una sorta di supposta supremazia antropocentrica, continua a prendere a calci&#8230;&#8230;<\/p>\n<p>&nbsp;<\/p>\n<blockquote class=\"wp-embedded-content\" data-secret=\"RxjSZA5PfV\"><p><a href=\"https:\/\/www.radiopiu.net\/wordpress\/valle-del-biois-hotspot-per-nulla-noto-di-biodiversita-micologica\/\">Valle del Biois, hotspot (per nulla noto)  di biodiversit\u00e0 micologica<\/a><\/p><\/blockquote>\n<p><iframe loading=\"lazy\" class=\"wp-embedded-content\" sandbox=\"allow-scripts\" security=\"restricted\" style=\"position: absolute; visibility: hidden;\" title=\"&#8220;Valle del Biois, hotspot (per nulla noto)  di biodiversit\u00e0 micologica&#8221; &#8212; Radio Pi\u00f9\" src=\"https:\/\/www.radiopiu.net\/wordpress\/valle-del-biois-hotspot-per-nulla-noto-di-biodiversita-micologica\/embed\/#?secret=4ToyoIi3vX#?secret=RxjSZA5PfV\" data-secret=\"RxjSZA5PfV\" width=\"600\" height=\"338\" frameborder=\"0\" marginwidth=\"0\" marginheight=\"0\" scrolling=\"no\"><\/iframe><\/p>\n<p>&nbsp;<\/p>\n<hr \/>\n<p>&nbsp;<\/p>\n<blockquote>\n<h2>DOLOMITI BEER &amp; WINE DA NAPI ospite GIANLUCA ROSSI<\/h2>\n<\/blockquote>\n<h2><span style=\"color: #ff0000;\"><img loading=\"lazy\" decoding=\"async\" class=\"alignleft\" src=\"https:\/\/www.radiopiu.net\/wordpress\/wp-content\/uploads\/2021\/03\/vino-300x199-1.jpg\" width=\"184\" height=\"122\" \/>IERI ALLA RADIO<\/span><\/h2>\n<blockquote>\n<h2><span style=\"color: #808000;\">PAROLA DI GIANLUCA <\/span><\/h2>\n<\/blockquote>\n<audio class=\"wp-audio-shortcode\" id=\"audio-410092-19\" preload=\"none\" style=\"width: 100%;\" controls=\"controls\"><source type=\"audio\/mpeg\" src=\"https:\/\/www.radiopiu.net\/wordpress\/wp-content\/uploads\/2024\/09\/GIANLUCA.mp3?_=19\" \/><a href=\"https:\/\/www.radiopiu.net\/wordpress\/wp-content\/uploads\/2024\/09\/GIANLUCA.mp3\">https:\/\/www.radiopiu.net\/wordpress\/wp-content\/uploads\/2024\/09\/GIANLUCA.mp3<\/a><\/audio>\n<blockquote><p>&nbsp;<\/p>\n<p>&nbsp;<\/p>\n<p>&nbsp;<\/p>\n<p>&nbsp;<\/p><\/blockquote>\n<p>&nbsp;<\/p>\n<p>&nbsp;<\/p>\n<hr \/>\n","protected":false},"excerpt":{"rendered":"<p>** &nbsp; ATTENZIONE: LA NUOVA APP PER IOS-IPHONE di Nicola Vettorello https:\/\/apps.apple.com\/it\/app\/radio-pi%C3%B9-emittente-agordina\/id1515939845 ATTENZIONE: LA NUOVA APP RADIO\u00a0 PER ANDROID di Nicola Vettorello https:\/\/play.google.com\/store\/apps\/details?id=net.radiopiu.iniko\u00a0\u00a0\u00a0 &nbsp; &nbsp; OGGI ALLA RADIO&#8230;. ALLE 4 E ALLE 6 LE NOTIZIE DALL&#8217;ITALIA E DAL MONDO 0500 il nuovo programma, l&#8217;almanacco della nostra gente con il MUSLA\u00a0 6.15 PIROLE DE LENGA A&hellip;<\/p>\n","protected":false},"author":4,"featured_media":410164,"comment_status":"closed","ping_status":"closed","sticky":false,"template":"","format":"standard","meta":{"_monsterinsights_skip_tracking":false,"_monsterinsights_sitenote_active":false,"_monsterinsights_sitenote_note":"","_monsterinsights_sitenote_category":0,"footnotes":""},"categories":[51,86,49],"tags":[],"class_list":["post-410092","post","type-post","status-publish","format-standard","has-post-thumbnail","hentry","category-evidenza-top","category-gr","category-news-18","category-51","category-86","category-49","description-off"],"img_url":"https:\/\/www.radiopiu.net\/wordpress\/wp-content\/uploads\/2024\/09\/cbe71ad3-6f69-4ab9-90fd-721722b260d1.jpg","_links":{"self":[{"href":"https:\/\/www.radiopiu.net\/wordpress\/wp-json\/wp\/v2\/posts\/410092","targetHints":{"allow":["GET"]}}],"collection":[{"href":"https:\/\/www.radiopiu.net\/wordpress\/wp-json\/wp\/v2\/posts"}],"about":[{"href":"https:\/\/www.radiopiu.net\/wordpress\/wp-json\/wp\/v2\/types\/post"}],"author":[{"embeddable":true,"href":"https:\/\/www.radiopiu.net\/wordpress\/wp-json\/wp\/v2\/users\/4"}],"replies":[{"embeddable":true,"href":"https:\/\/www.radiopiu.net\/wordpress\/wp-json\/wp\/v2\/comments?post=410092"}],"version-history":[{"count":8,"href":"https:\/\/www.radiopiu.net\/wordpress\/wp-json\/wp\/v2\/posts\/410092\/revisions"}],"predecessor-version":[{"id":410198,"href":"https:\/\/www.radiopiu.net\/wordpress\/wp-json\/wp\/v2\/posts\/410092\/revisions\/410198"}],"wp:featuredmedia":[{"embeddable":true,"href":"https:\/\/www.radiopiu.net\/wordpress\/wp-json\/wp\/v2\/media\/410164"}],"wp:attachment":[{"href":"https:\/\/www.radiopiu.net\/wordpress\/wp-json\/wp\/v2\/media?parent=410092"}],"wp:term":[{"taxonomy":"category","embeddable":true,"href":"https:\/\/www.radiopiu.net\/wordpress\/wp-json\/wp\/v2\/categories?post=410092"},{"taxonomy":"post_tag","embeddable":true,"href":"https:\/\/www.radiopiu.net\/wordpress\/wp-json\/wp\/v2\/tags?post=410092"}],"curies":[{"name":"wp","href":"https:\/\/api.w.org\/{rel}","templated":true}]}}