{"id":410160,"date":"2024-09-19T18:41:09","date_gmt":"2024-09-19T16:41:09","guid":{"rendered":"https:\/\/www.radiopiu.net\/wordpress\/?p=410160"},"modified":"2024-09-20T05:57:09","modified_gmt":"2024-09-20T03:57:09","slug":"oltre-le-vette-2024-la-montagna-protagonista-a-belluno","status":"publish","type":"post","link":"https:\/\/www.radiopiu.net\/wordpress\/oltre-le-vette-2024-la-montagna-protagonista-a-belluno\/","title":{"rendered":"Oltre le vette 2024: la montagna protagonista a Belluno"},"content":{"rendered":"<p>***<\/p>\n<blockquote><p><em><a class=\"dt-pswp-item\" href=\"https:\/\/www.radiopiu.net\/wordpress\/wp-content\/uploads\/2024\/09\/OLVspettacolo-anima.jpg\" data-dt-img-description=\"\" data-large_image_width=\"2400\" data-large_image_height=\"1600\"><img loading=\"lazy\" decoding=\"async\" class=\"size-medium wp-image-410161 alignleft\" src=\"https:\/\/www.radiopiu.net\/wordpress\/wp-content\/uploads\/2024\/09\/OLVspettacolo-anima-300x200.jpg\" alt=\"\" width=\"300\" height=\"200\" srcset=\"https:\/\/www.radiopiu.net\/wordpress\/wp-content\/uploads\/2024\/09\/OLVspettacolo-anima-300x200.jpg 300w, https:\/\/www.radiopiu.net\/wordpress\/wp-content\/uploads\/2024\/09\/OLVspettacolo-anima-1024x683.jpg 1024w, https:\/\/www.radiopiu.net\/wordpress\/wp-content\/uploads\/2024\/09\/OLVspettacolo-anima-768x512.jpg 768w, https:\/\/www.radiopiu.net\/wordpress\/wp-content\/uploads\/2024\/09\/OLVspettacolo-anima-1536x1024.jpg 1536w, https:\/\/www.radiopiu.net\/wordpress\/wp-content\/uploads\/2024\/09\/OLVspettacolo-anima-2048x1365.jpg 2048w\" sizes=\"auto, (max-width: 300px) 100vw, 300px\" \/><\/a>&#8220;Oltre le vette&#8221; per gli appassionati di montagna.<\/em><\/p><\/blockquote>\n<p><strong>BELLUNO\u00a0 <\/strong>Dal 4 al 13 ottobre 2024, Belluno ospiter\u00e0 la 28a edizione di &#8220;Oltre le vette \u2013 Metafore, uomini, luoghi della montagna&#8221;. Il festival, uno dei pi\u00f9 longevi dedicati alla montagna in Italia, presenta 50 eventi che spaziano dall&#8217;alpinismo all&#8217;arte, con mostre, spettacoli e incontri. Quest\u2019anno il tema \u00e8 &#8220;Filo, philos, fil\u00f2&#8221;, esplorando il legame tra uomo e montagna attraverso diverse prospettive. Tra le novit\u00e0, le opere dello street artist Ericailcane e una mostra sul fotografo alpinista Vittorio Sella. L&#8217;iniziativa coinvolge vari partner e amplia la sua presenza nel territorio, con eventi anche fuori dal comune di Belluno, a Cesiomaggiore, Longarone, Sedico e Sospirolo. Il programma offre conferenze, spettacoli e laboratori, incluso l&#8217;omaggio all&#8217;abete bianco pi\u00f9 alto d\u2019Europa con &#8220;Anima&#8221;. Tra gli ospiti, l&#8217;alpinista Matteo Della Bordella e il narratore Marco Albino Ferrari. Il festival sar\u00e0 arricchito da &#8220;Silent reading party&#8221;, escursioni guidate e proiezioni cinematografiche, tra cui una serata in collaborazione con il Trento Film Festival. Tutti gli eventi sono a ingresso gratuito, con prenotazione consigliata.<\/p>\n<p>&nbsp;<\/p>\n<p>&nbsp;<\/p>\n<hr \/>\n<p>&nbsp;<\/p>\n","protected":false},"excerpt":{"rendered":"<p>*** &#8220;Oltre le vette&#8221; per gli appassionati di montagna. BELLUNO\u00a0 Dal 4 al 13 ottobre 2024, Belluno ospiter\u00e0 la 28a edizione di &#8220;Oltre le vette \u2013 Metafore, uomini, luoghi della montagna&#8221;. Il festival, uno dei pi\u00f9 longevi dedicati alla montagna in Italia, presenta 50 eventi che spaziano dall&#8217;alpinismo all&#8217;arte, con mostre, spettacoli e incontri. Quest\u2019anno&hellip;<\/p>\n","protected":false},"author":4,"featured_media":410161,"comment_status":"closed","ping_status":"closed","sticky":false,"template":"","format":"standard","meta":{"_monsterinsights_skip_tracking":false,"_monsterinsights_sitenote_active":false,"_monsterinsights_sitenote_note":"","_monsterinsights_sitenote_category":0,"footnotes":""},"categories":[104,49],"tags":[],"class_list":["post-410160","post","type-post","status-publish","format-standard","has-post-thumbnail","hentry","category-evidenza_3","category-news-18","category-104","category-49","description-off"],"img_url":"https:\/\/www.radiopiu.net\/wordpress\/wp-content\/uploads\/2024\/09\/OLVspettacolo-anima.jpg","_links":{"self":[{"href":"https:\/\/www.radiopiu.net\/wordpress\/wp-json\/wp\/v2\/posts\/410160","targetHints":{"allow":["GET"]}}],"collection":[{"href":"https:\/\/www.radiopiu.net\/wordpress\/wp-json\/wp\/v2\/posts"}],"about":[{"href":"https:\/\/www.radiopiu.net\/wordpress\/wp-json\/wp\/v2\/types\/post"}],"author":[{"embeddable":true,"href":"https:\/\/www.radiopiu.net\/wordpress\/wp-json\/wp\/v2\/users\/4"}],"replies":[{"embeddable":true,"href":"https:\/\/www.radiopiu.net\/wordpress\/wp-json\/wp\/v2\/comments?post=410160"}],"version-history":[{"count":1,"href":"https:\/\/www.radiopiu.net\/wordpress\/wp-json\/wp\/v2\/posts\/410160\/revisions"}],"predecessor-version":[{"id":410162,"href":"https:\/\/www.radiopiu.net\/wordpress\/wp-json\/wp\/v2\/posts\/410160\/revisions\/410162"}],"wp:featuredmedia":[{"embeddable":true,"href":"https:\/\/www.radiopiu.net\/wordpress\/wp-json\/wp\/v2\/media\/410161"}],"wp:attachment":[{"href":"https:\/\/www.radiopiu.net\/wordpress\/wp-json\/wp\/v2\/media?parent=410160"}],"wp:term":[{"taxonomy":"category","embeddable":true,"href":"https:\/\/www.radiopiu.net\/wordpress\/wp-json\/wp\/v2\/categories?post=410160"},{"taxonomy":"post_tag","embeddable":true,"href":"https:\/\/www.radiopiu.net\/wordpress\/wp-json\/wp\/v2\/tags?post=410160"}],"curies":[{"name":"wp","href":"https:\/\/api.w.org\/{rel}","templated":true}]}}