{"id":410200,"date":"2024-09-20T07:50:12","date_gmt":"2024-09-20T05:50:12","guid":{"rendered":"https:\/\/www.radiopiu.net\/wordpress\/?p=410200"},"modified":"2024-09-20T06:24:31","modified_gmt":"2024-09-20T04:24:31","slug":"dal-1983-alle-otto-del-mattino-la-rassegna-della-stampa-locale-di-mirko-mezzacasa","status":"publish","type":"post","link":"https:\/\/www.radiopiu.net\/wordpress\/dal-1983-alle-otto-del-mattino-la-rassegna-della-stampa-locale-di-mirko-mezzacasa\/","title":{"rendered":"dal 1983 alle otto del mattino LA RASSEGNA DELLA STAMPA LOCALE di mirko mezzacasa"},"content":{"rendered":"<p>***<\/p>\n<p>&nbsp;<\/p>\n<p><a class=\"dt-pswp-item\" href=\"https:\/\/www.radiopiu.net\/wordpress\/wp-content\/uploads\/2024\/09\/COPERTINA.png\" data-dt-img-description=\"\" data-large_image_width=\"337\" data-large_image_height=\"208\"><img loading=\"lazy\" decoding=\"async\" class=\"size-medium wp-image-410195 alignleft\" src=\"https:\/\/www.radiopiu.net\/wordpress\/wp-content\/uploads\/2024\/09\/COPERTINA-300x185.png\" alt=\"\" width=\"300\" height=\"185\" srcset=\"https:\/\/www.radiopiu.net\/wordpress\/wp-content\/uploads\/2024\/09\/COPERTINA-300x185.png 300w, https:\/\/www.radiopiu.net\/wordpress\/wp-content\/uploads\/2024\/09\/COPERTINA.png 337w\" sizes=\"auto, (max-width: 300px) 100vw, 300px\" \/><\/a><strong>OGGI SCIOPERO DEI MEZZI PUBBLICI<\/strong><br \/>\nOggi \u00e8 previsto uno sciopero nazionale di 24 ore indetto da diverse sigle sindacali. Dolomiti Bus S.p.A. garantir\u00e0 il servizio nelle fasce orarie 5:40-8:10 e 12:10-15:40. Le corse iniziate prima dello sciopero saranno completate e il servizio sar\u00e0 pienamente ripristinato il giorno successivo.<\/p>\n<p><strong>CHIUSURA IN VISTA PER LA STRADA PER PASSO DURAN \u2013 LATO ZOLDO <\/strong>SP347 PASSO DURAN E CEREDA localit\u00e0 Cordelle. DAL 23 SETTEMBRE ALL\u201911 OTTOBRE esclusi sabato, domeniche e festivi infrasettimanali INTERDIZIONE TOTALE AL TRANSITO DALLE 8 ALLE 17<\/p>\n<p><strong>ROCCA PIETORE, ACQUA INQUINATA<\/strong><br \/>\nROCCA PIETORE a ROCCA PIETORE in localit\u00e0 SOPRACORDEVOLE, VAL, DAGAI, DAVARE, LE COSTE e RONCH l\u2019acqua erogata dall\u2019acquedotto non \u00e8 potabile e non pu\u00f2 essere usata per scopi alimentari. Verr\u00e0 effettuato servizio sostitutivo con cisterna c\/o ex Ufficio Postale<\/p>\n<p><strong>Assalita da vespe: la disavventura di Alba De Silvestro<\/strong><br \/>\nAlba De Silvestro, scialpinista del Centro Sportivo Esercito, \u00e8 stata assalita da vespe, subendo venti punture su gambe, braccia e viso. L\u2019atleta ha passato una notte al pronto soccorso e, a causa del veleno, \u00e8 rimasta ferma per due settimane, saltando un raduno nazionale. Ora in ripresa, Alba torner\u00e0 presto ad allenarsi, con un raduno a Courmayeur e i Mondiali di Morgins nel mirino, dopo un\u2019ottima stagione conclusa al terzo posto nella Coppa del Mondo.<\/p>\n<p><strong>DOLOMITIBUS E STUDENTI APPIEDATI, LA PROTESTA DEI GENITORI \u201cE\u2019 UNA QUESTIONE DI SICUREZZA\u201d<\/strong><br \/>\nREDAZIONE Una situazione di assoluto \u201csfacelo\u201d, dall\u2019Agordino al Cadore, dall\u2019Alpago al centro di Belluno non se ne viene fuori. Gli uffici di Dolomitibus non rispondono invitando a protestare sul sito. Un silenzio imperdonabile. Manca una comunicazione ufficiale a tutti i livelli.<br \/>\nIERI SERA, nel TG DI ANTENNA 3, TIZIANA BOLOGNANI ha approfondito la tematica, riascoltala dal sito di radiopiu, nel giornale radiopiu di oggi<\/p>\n<p><strong><a class=\"dt-pswp-item\" href=\"https:\/\/www.radiopiu.net\/wordpress\/wp-content\/uploads\/2024\/09\/66ecda66-839e-4261-91b6-27ceeb3397c1.jpg\" data-dt-img-description=\"\" data-large_image_width=\"1600\" data-large_image_height=\"1200\"><img loading=\"lazy\" decoding=\"async\" class=\"size-medium wp-image-410184 alignleft\" src=\"https:\/\/www.radiopiu.net\/wordpress\/wp-content\/uploads\/2024\/09\/66ecda66-839e-4261-91b6-27ceeb3397c1-300x225.jpg\" alt=\"\" width=\"300\" height=\"225\" srcset=\"https:\/\/www.radiopiu.net\/wordpress\/wp-content\/uploads\/2024\/09\/66ecda66-839e-4261-91b6-27ceeb3397c1-300x225.jpg 300w, https:\/\/www.radiopiu.net\/wordpress\/wp-content\/uploads\/2024\/09\/66ecda66-839e-4261-91b6-27ceeb3397c1-1024x768.jpg 1024w, https:\/\/www.radiopiu.net\/wordpress\/wp-content\/uploads\/2024\/09\/66ecda66-839e-4261-91b6-27ceeb3397c1-768x576.jpg 768w, https:\/\/www.radiopiu.net\/wordpress\/wp-content\/uploads\/2024\/09\/66ecda66-839e-4261-91b6-27ceeb3397c1-1536x1152.jpg 1536w, https:\/\/www.radiopiu.net\/wordpress\/wp-content\/uploads\/2024\/09\/66ecda66-839e-4261-91b6-27ceeb3397c1.jpg 1600w\" sizes=\"auto, (max-width: 300px) 100vw, 300px\" \/><\/a>QUESTIONARIO SUL SERVIZIO DI TRASPORTO PUBBLICO LOCALE<\/strong><br \/>\nREDAZIONE Studenti che rimangono a piedi, autobus in ritardo, segnalazioni quasi quotidiane. L\u2019associazione Giovani&amp;Futuro promuove un questionario sul servizio di trasporto pubblico locale in Provincia di Belluno, \u00e8 rivolto a studenti, lavoratori e utenti in generale. Aiuter\u00e0 a formulare proposte concrete utili a migliorare il servizio di trasporto pubblico in provincia. Giovani&amp;Futuro \u00e8 un\u2019associazione nata nella parte alta della Provincia di Belluno dall\u2019idea di alcuni giovanissimi amministratori locali. In due anni l\u2019associazione si \u00e8 estesa in quasi tutta Italia, con soci e sezioni in 11 Regioni d\u2019Italia, proponendo e ottenendo risultati importanti a livello locale e regionale. mail segreteria@giovanifuturo.it .<\/p>\n<p><strong>Studio sul comportamento del lupo nel Parco Dolomiti Bellunesi<\/strong><br \/>\nFELTRE Il progetto di studio del lupo tramite radiotelemetria satellitare prosegue con successo. Avviato in collaborazione tra il Parco Nazionale Dolomiti Bellunesi e l\u2019Universit\u00e0 di Sassari, prevede l\u2019uso di radiocollari per monitorare gli spostamenti dei lupi. Dopo due anni, il collare della lupa Novi \u00e8 stato sganciato e un altro esemplare \u00e8 stato catturato e dotato di nuovo dispositivo. I dati raccolti approfondiranno la conoscenza sul comportamento dei lupi e aiuteranno a prevenire attacchi al bestiame.<\/p>\n<p><strong>Messa per il cinquantesimo compleanno di Rudi Bressan<\/strong><br \/>\nGOSALDO Domani, alle 18, a Voltago, si terr\u00e0 una messa speciale in occasione di quello che sarebbe stato il cinquantesimo compleanno di Rudi Bressan, scomparso tragicamente in un incidente. La cerimonia sar\u00e0 un momento di ricordo e raccoglimento per onorare la sua memoria. Durante la funzione, ci sar\u00e0 anche una benedizione dedicata a tutti i \u201csuoi\u201d coscritti del 1974 che vorranno partecipare, offrendo un\u2019occasione per ritrovarsi e commemorare insieme la vita di Rudi<\/p>\n<p><strong><a class=\"dt-pswp-item\" href=\"https:\/\/www.radiopiu.net\/wordpress\/wp-content\/uploads\/2024\/09\/1.jpg\" data-dt-img-description=\"\" data-large_image_width=\"1280\" data-large_image_height=\"853\"><img loading=\"lazy\" decoding=\"async\" class=\"size-medium wp-image-410181 alignleft\" src=\"https:\/\/www.radiopiu.net\/wordpress\/wp-content\/uploads\/2024\/09\/1-300x200.jpg\" alt=\"\" width=\"300\" height=\"200\" srcset=\"https:\/\/www.radiopiu.net\/wordpress\/wp-content\/uploads\/2024\/09\/1-300x200.jpg 300w, https:\/\/www.radiopiu.net\/wordpress\/wp-content\/uploads\/2024\/09\/1-1024x682.jpg 1024w, https:\/\/www.radiopiu.net\/wordpress\/wp-content\/uploads\/2024\/09\/1-768x512.jpg 768w, https:\/\/www.radiopiu.net\/wordpress\/wp-content\/uploads\/2024\/09\/1.jpg 1280w\" sizes=\"auto, (max-width: 300px) 100vw, 300px\" \/><\/a>Condanna per utilizzo di bancomat rubato<\/strong><br \/>\nSC \u00e8 stata condannata a sei mesi e 15 giorni di reclusione e 350 euro di multa per ricettazione e uso indebito di una carta rubata. La carta, sottratta a Feltre, \u00e8 stata usata per piccole spese in diverse citt\u00e0 senza necessit\u00e0 di codice PIN. La difesa ha chiesto l\u2019assoluzione, ma il giudice ha ritenuto provata la responsabilit\u00e0 penale. La sentenza \u00e8 stata pi\u00f9 lieve rispetto alla richiesta della Procura.<\/p>\n<p><strong>Tirocini Extracurriculari in Veneto: 26.000 Attivati nel 2023, l\u201980% Trova Lavoro Entro un Anno<\/strong><br \/>\nNel 2023, in Veneto sono stati attivati quasi 26.000 tirocini extracurriculari da 14.700 aziende. Questi tirocini, rivolti principalmente ai giovani sotto i 30 anni, si concentrano sull\u2019inserimento e reinserimento lavorativo, con oltre l\u201980% dei tirocinanti che trova un impiego entro un anno, spesso nella stessa azienda ospitante. I Centri per l\u2019impiego hanno promosso oltre il 40% dei tirocini. La maggior parte dei tirocini si svolge nel periodo estivo e la loro durata varia tra i 3 e i 6 mesi.<\/p>\n<p><strong>Cent\u2019anni di Maria Pollacci, l\u2019ostetrica d\u2019Italia<\/strong><br \/>\nFELTRE Maria Pollacci, nota come l\u2019ostetrica d\u2019Italia, ha festeggiato il suo centesimo compleanno durante un convegno sull\u2019ostetricia organizzato dall\u2019Ulss 1 Dolomiti all\u2019ospedale di Feltre. Con oltre 8.000 parti assistiti, le \u00e8 stata dedicata la \u201cstanza delle mamme\u201d. L\u2019evento ha riflettuto sulle sfide future dell\u2019ostetricia.<\/p>\n<p><strong>OPERAZIONE RECUPERO, CON I VIGILI DEL FUOCO<\/strong><br \/>\nSANTO STEFANO DI CADORE Recuperate una parte della carcasse degli asini caduti nel burrone in Val Visdende, spaventati dai cani, sono intervenuti i vigili del fuoco di Santo Stefano di Cadore unitamente all\u2019elicottero Drago 149<\/p>\n<p><strong>&#x1f534; EMERGENZA #EMILIA_ROMAGNA &#x1f534;<\/strong><br \/>\nGianpaolo Bottacin, Assessore protezione civile veneto. Su richiesta del Dipartimento della Protezione Civile nazionale sono operative gi\u00e0 da ieri in Emilia Romagna parecchie squadre di volontari della Protezione Civile Veneto. Sono state chieste squadre per il rischio idrogeologico e squadre per il salvamento in acqua.<br \/>\nLa zona di intervento assegnata al Veneto \u00e8 costituita dai comuni di Brisighella, Riolo Terme e Casola. Nel corso della mattinata \u00e8 stato chiesta alle nostre squadre di intervenire anche a Faenza e San Lazzaro di Savena. Gli interventi richiesti sono quasi esclusivamente di svuotamento e pulizia di edifici a seguito di allagamenti. Il contingente della Regione del Veneto conta n. 57 volontari e n. 2 funzionari regionalI<\/p>\n<p><strong><a class=\"dt-pswp-item\" href=\"https:\/\/www.radiopiu.net\/wordpress\/wp-content\/uploads\/2024\/09\/c3d1d499-2457-4677-828f-c6491fd67096-scaled.jpg\" data-dt-img-description=\"\" data-large_image_width=\"2560\" data-large_image_height=\"1920\"><img loading=\"lazy\" decoding=\"async\" class=\"size-medium wp-image-410148 alignleft\" src=\"https:\/\/www.radiopiu.net\/wordpress\/wp-content\/uploads\/2024\/09\/c3d1d499-2457-4677-828f-c6491fd67096-300x225.jpg\" alt=\"\" width=\"300\" height=\"225\" srcset=\"https:\/\/www.radiopiu.net\/wordpress\/wp-content\/uploads\/2024\/09\/c3d1d499-2457-4677-828f-c6491fd67096-300x225.jpg 300w, https:\/\/www.radiopiu.net\/wordpress\/wp-content\/uploads\/2024\/09\/c3d1d499-2457-4677-828f-c6491fd67096-1024x768.jpg 1024w, https:\/\/www.radiopiu.net\/wordpress\/wp-content\/uploads\/2024\/09\/c3d1d499-2457-4677-828f-c6491fd67096-768x576.jpg 768w, https:\/\/www.radiopiu.net\/wordpress\/wp-content\/uploads\/2024\/09\/c3d1d499-2457-4677-828f-c6491fd67096-1536x1152.jpg 1536w, https:\/\/www.radiopiu.net\/wordpress\/wp-content\/uploads\/2024\/09\/c3d1d499-2457-4677-828f-c6491fd67096-2048x1536.jpg 2048w\" sizes=\"auto, (max-width: 300px) 100vw, 300px\" \/><\/a>LA MORTE DI RIZIERI ONGARO, LE DIVERSE VERSIONI DELL\u2019IMPUTATO<\/strong><br \/>\nRaymond Rhys Phillips, imputato di omicidio colposo per la morte di Rizieri Ongaro, ha fornito due versioni diverse dell\u2019incidente avvenuto l\u20198 marzo 2022 sulla pista Fertazza, Ski Civetta. Nel primo verbale, Phillips afferma di aver tentato di evitare Ongaro, mentre nel secondo dichiara di non averlo visto affatto. Le deposizioni contrastanti saranno chiarite nell\u2019udienza del 24 febbraio, quando verranno ascoltati i consulenti di parte.<\/p>\n<p><strong>Aggressione notturna fuori dal bar: due imputati, uno a processo<\/strong><br \/>\nIl 25 luglio 2019, fuori dal bar Cooperativa di Polpet, TDC e FL sono accusati di aver aggredito un uomo, procurandogli lesioni gravi. La vittima sarebbe stata sgambettata e colpita con calci, uno allo stomaco e altri al volto con scarpe antinfortunistiche. Prognosi di 44 giorni per l\u2019aggredito. Della Colletta ha risolto con i lavori di pubblica utilit\u00e0, mentre Luisetto \u00e8 ancora a processo per lesioni aggravate, con la sentenza prevista per dicembre.<\/p>\n<p><strong>CONSIGLI COMUNALI IN AGORDINO<\/strong><br \/>\nVOLTAGO Consiglio comunale convocato per luned\u00ec 23 settembre alle 18. Quattro punti in discussione tra cui il programma triennale dei lavori 2024-2026, l\u2019adeguamento di Via Sav\u00e0 a Frassen\u00e8 nell\u2019intersezione con la 347 del Passo Cereda e Duran e la messa in sicurezza della strada silvopastorale \u201cDella Gioia\u201d.<\/p>\n<p><strong>TETTO PER LA TRIBUNA, SINTETICO PER L\u2019ALLENAMENTO<\/strong><br \/>\nAGORDO Quante partite sotto la pioggia, anche quella mista neve, oppure sudando le proverbiali sette camice sotto il sole che ad agosto cade a picco, prima di tramontare dietro l\u2019Agner, anche sull\u2019Ivano Dorigo. Gli amanti del calcio, gli appassionati di atletica, stanno per avere un tetto sopra la testa. I lavori proseguono allo stadio del calcio, gi\u00e0 montate le strutture in ferro, ora sotto con i pannelli. Poco sopra l\u2019altro cantiere terminato, Ora Agordo ha anche un campo sintetico bell\u2019e terminato<\/p>\n<p>&nbsp;<\/p>\n<p>&nbsp;<\/p>\n","protected":false},"excerpt":{"rendered":"<p>*** &nbsp; OGGI SCIOPERO DEI MEZZI PUBBLICI Oggi \u00e8 previsto uno sciopero nazionale di 24 ore indetto da diverse sigle sindacali. Dolomiti Bus S.p.A. garantir\u00e0 il servizio nelle fasce orarie 5:40-8:10 e 12:10-15:40. Le corse iniziate prima dello sciopero saranno completate e il servizio sar\u00e0 pienamente ripristinato il giorno successivo. CHIUSURA IN VISTA PER LA&hellip;<\/p>\n","protected":false},"author":4,"featured_media":410195,"comment_status":"closed","ping_status":"closed","sticky":false,"template":"","format":"standard","meta":{"_monsterinsights_skip_tracking":false,"_monsterinsights_sitenote_active":false,"_monsterinsights_sitenote_note":"","_monsterinsights_sitenote_category":0,"footnotes":""},"categories":[104,49,142],"tags":[],"class_list":["post-410200","post","type-post","status-publish","format-standard","has-post-thumbnail","hentry","category-evidenza_3","category-news-18","category-rassegna-stampa","category-104","category-49","category-142","description-off"],"img_url":"https:\/\/www.radiopiu.net\/wordpress\/wp-content\/uploads\/2024\/09\/COPERTINA.png","_links":{"self":[{"href":"https:\/\/www.radiopiu.net\/wordpress\/wp-json\/wp\/v2\/posts\/410200","targetHints":{"allow":["GET"]}}],"collection":[{"href":"https:\/\/www.radiopiu.net\/wordpress\/wp-json\/wp\/v2\/posts"}],"about":[{"href":"https:\/\/www.radiopiu.net\/wordpress\/wp-json\/wp\/v2\/types\/post"}],"author":[{"embeddable":true,"href":"https:\/\/www.radiopiu.net\/wordpress\/wp-json\/wp\/v2\/users\/4"}],"replies":[{"embeddable":true,"href":"https:\/\/www.radiopiu.net\/wordpress\/wp-json\/wp\/v2\/comments?post=410200"}],"version-history":[{"count":2,"href":"https:\/\/www.radiopiu.net\/wordpress\/wp-json\/wp\/v2\/posts\/410200\/revisions"}],"predecessor-version":[{"id":410213,"href":"https:\/\/www.radiopiu.net\/wordpress\/wp-json\/wp\/v2\/posts\/410200\/revisions\/410213"}],"wp:featuredmedia":[{"embeddable":true,"href":"https:\/\/www.radiopiu.net\/wordpress\/wp-json\/wp\/v2\/media\/410195"}],"wp:attachment":[{"href":"https:\/\/www.radiopiu.net\/wordpress\/wp-json\/wp\/v2\/media?parent=410200"}],"wp:term":[{"taxonomy":"category","embeddable":true,"href":"https:\/\/www.radiopiu.net\/wordpress\/wp-json\/wp\/v2\/categories?post=410200"},{"taxonomy":"post_tag","embeddable":true,"href":"https:\/\/www.radiopiu.net\/wordpress\/wp-json\/wp\/v2\/tags?post=410200"}],"curies":[{"name":"wp","href":"https:\/\/api.w.org\/{rel}","templated":true}]}}