{"id":410215,"date":"2024-09-20T10:00:05","date_gmt":"2024-09-20T08:00:05","guid":{"rendered":"https:\/\/www.radiopiu.net\/wordpress\/?p=410215"},"modified":"2024-09-20T15:25:08","modified_gmt":"2024-09-20T13:25:08","slug":"lalleghe-riparte-da-caldaro","status":"publish","type":"post","link":"https:\/\/www.radiopiu.net\/wordpress\/lalleghe-riparte-da-caldaro\/","title":{"rendered":"L\u2019ALLEGHE RIPARTE DA CALDARO"},"content":{"rendered":"<p>******<br \/>\n<strong><del><a class=\"dt-pswp-item\" href=\"https:\/\/www.radiopiu.net\/wordpress\/wp-content\/uploads\/2024\/09\/b8044cb9-6e2c-4109-8a85-bd5e7388c1bd.jpeg\" data-dt-img-description=\"\" data-large_image_width=\"1080\" data-large_image_height=\"1080\"><img loading=\"lazy\" decoding=\"async\" class=\" wp-image-410216 alignleft\" src=\"https:\/\/www.radiopiu.net\/wordpress\/wp-content\/uploads\/2024\/09\/b8044cb9-6e2c-4109-8a85-bd5e7388c1bd-300x300.jpeg\" alt=\"\" width=\"152\" height=\"152\" srcset=\"https:\/\/www.radiopiu.net\/wordpress\/wp-content\/uploads\/2024\/09\/b8044cb9-6e2c-4109-8a85-bd5e7388c1bd-300x300.jpeg 300w, https:\/\/www.radiopiu.net\/wordpress\/wp-content\/uploads\/2024\/09\/b8044cb9-6e2c-4109-8a85-bd5e7388c1bd-1024x1024.jpeg 1024w, https:\/\/www.radiopiu.net\/wordpress\/wp-content\/uploads\/2024\/09\/b8044cb9-6e2c-4109-8a85-bd5e7388c1bd-150x150.jpeg 150w, https:\/\/www.radiopiu.net\/wordpress\/wp-content\/uploads\/2024\/09\/b8044cb9-6e2c-4109-8a85-bd5e7388c1bd-768x768.jpeg 768w, https:\/\/www.radiopiu.net\/wordpress\/wp-content\/uploads\/2024\/09\/b8044cb9-6e2c-4109-8a85-bd5e7388c1bd.jpeg 1080w\" sizes=\"auto, (max-width: 152px) 100vw, 152px\" \/><\/a><\/del>DI ROBERTO MIANA, PORTAVOCE DELL\u2019ALLEGHE HOCKEY<\/strong><\/p>\n<p>Torna il campionato IHL di hockey su ghiaccio, con l\u2019Alleghe che esordisce Sabato 21 settembre alle 19:30 sul difficile ghiaccio dei Lucci di Caldaro. La squadra del neo coach finlandese Vesa Surenkin \u00e8 chiamata subito ad un difficile match contro, a detta dei ben informati, una delle candidate pi\u00f9 accreditate alla vittoria finale, che si pu\u00f2 avvalere di un roster di qualit\u00e0 tra i migliori del campionato.<br \/>\nNei 24 precedenti giocati in IHL tra Alleghe e Caldaro, le Civette hanno vinto 5 gare contro 19 affermazioni dei Lucci. L\u2019ultima delle tre vittorie alleghesi alla Raiffeisen Arena di Caldaro \u00e8 il 5-3 datato 21 dicembre 2019.<\/p>\n<p><strong>SV KALTERN CALDARO &#8211; ALLEGHE HOCKEY<\/strong><br \/>\nSabato 21 Settembre ore 19:30 &#8211; Raiffeisen Arena di Caldaro (Bz)<\/p>\n<p>Collegamenti in DIRETTA RADIOFONICA su Radio Pi\u00f9 (www.radiopiu.net) con \u201chockey al punto giusto\u201d, in studio Marco Gaz e da Caldaro interventi di Federico Paganin<\/p>\n<p>&nbsp;<\/p>\n<p>&nbsp;<\/p>\n<p>&nbsp;<\/p>\n<p>&nbsp;<\/p>\n<p>&nbsp;<\/p>\n<p>*******<\/p>\n","protected":false},"excerpt":{"rendered":"<p>****** DI ROBERTO MIANA, PORTAVOCE DELL\u2019ALLEGHE HOCKEY Torna il campionato IHL di hockey su ghiaccio, con l\u2019Alleghe che esordisce Sabato 21 settembre alle 19:30 sul difficile ghiaccio dei Lucci di Caldaro. La squadra del neo coach finlandese Vesa Surenkin \u00e8 chiamata subito ad un difficile match contro, a detta dei ben informati, una delle candidate&hellip;<\/p>\n","protected":false},"author":4,"featured_media":410218,"comment_status":"closed","ping_status":"closed","sticky":false,"template":"","format":"standard","meta":{"_monsterinsights_skip_tracking":false,"_monsterinsights_sitenote_active":false,"_monsterinsights_sitenote_note":"","_monsterinsights_sitenote_category":0,"footnotes":""},"categories":[49],"tags":[],"class_list":["post-410215","post","type-post","status-publish","format-standard","has-post-thumbnail","hentry","category-news-18","category-49","description-off"],"img_url":"https:\/\/www.radiopiu.net\/wordpress\/wp-content\/uploads\/2024\/09\/f3537165-f8dd-4a64-be33-adcf6f2c7bf3.jpeg","_links":{"self":[{"href":"https:\/\/www.radiopiu.net\/wordpress\/wp-json\/wp\/v2\/posts\/410215","targetHints":{"allow":["GET"]}}],"collection":[{"href":"https:\/\/www.radiopiu.net\/wordpress\/wp-json\/wp\/v2\/posts"}],"about":[{"href":"https:\/\/www.radiopiu.net\/wordpress\/wp-json\/wp\/v2\/types\/post"}],"author":[{"embeddable":true,"href":"https:\/\/www.radiopiu.net\/wordpress\/wp-json\/wp\/v2\/users\/4"}],"replies":[{"embeddable":true,"href":"https:\/\/www.radiopiu.net\/wordpress\/wp-json\/wp\/v2\/comments?post=410215"}],"version-history":[{"count":2,"href":"https:\/\/www.radiopiu.net\/wordpress\/wp-json\/wp\/v2\/posts\/410215\/revisions"}],"predecessor-version":[{"id":410270,"href":"https:\/\/www.radiopiu.net\/wordpress\/wp-json\/wp\/v2\/posts\/410215\/revisions\/410270"}],"wp:featuredmedia":[{"embeddable":true,"href":"https:\/\/www.radiopiu.net\/wordpress\/wp-json\/wp\/v2\/media\/410218"}],"wp:attachment":[{"href":"https:\/\/www.radiopiu.net\/wordpress\/wp-json\/wp\/v2\/media?parent=410215"}],"wp:term":[{"taxonomy":"category","embeddable":true,"href":"https:\/\/www.radiopiu.net\/wordpress\/wp-json\/wp\/v2\/categories?post=410215"},{"taxonomy":"post_tag","embeddable":true,"href":"https:\/\/www.radiopiu.net\/wordpress\/wp-json\/wp\/v2\/tags?post=410215"}],"curies":[{"name":"wp","href":"https:\/\/api.w.org\/{rel}","templated":true}]}}