{"id":410221,"date":"2024-09-20T19:26:05","date_gmt":"2024-09-20T17:26:05","guid":{"rendered":"https:\/\/www.radiopiu.net\/wordpress\/?p=410221"},"modified":"2024-09-21T06:22:51","modified_gmt":"2024-09-21T04:22:51","slug":"elicottero-di-nottehda","status":"publish","type":"post","link":"https:\/\/www.radiopiu.net\/wordpress\/elicottero-di-nottehda\/","title":{"rendered":"TEDESCHI RECUPERATI DI NOTTE SUL PELSA"},"content":{"rendered":"<p>***<\/p>\n<p><strong><img decoding=\"async\" class=\"alignleft\" src=\"https:\/\/www.radiopiu.net\/wordpress\/wp-content\/uploads\/2024\/09\/th-10.jpg\" \/>CENCENIGHE<\/strong> \u00c8 rientrata alle 3 la squadra del Soccorso alpino di Agordo allertata ieri sera, attorno alle 22.30, dalla Centrale del Suem, per due escursionisti tedeschi bloccati al rientro dalla Ferrata Fiamme Gialle al Montalt di Pelsa. Partiti tra mezzogiorno e l&#8217;una, i due ragazzi si erano attardati e uno di loro non era pi\u00f9 in grado di muoversi da solo a causa di un trauma al piede. Dopo aver capito, con difficolt\u00e0 dovute alla comunicazione, il punto dove si trovavano, una squadra si \u00e8 messa a disposizione dell&#8217;elicottero dell&#8217;Aiut Alpin Dolomites di Bolzano, che ha imbarcato un soccorritore in supporto alle operazioni. L&#8217;eliambulanza ha individuato i due all&#8217;altezza del Troi dei sec, in direzione di Cencenighe, e li ha recuperati utilizzando il verricello. I ragazzi, che hanno poi rifiutato l&#8217;ambulanza, sono stati riaccompagnati alla loro macchina.<\/p>\n<p>&nbsp;<\/p>\n<hr \/>\n<p>&nbsp;<\/p>\n","protected":false},"excerpt":{"rendered":"<p>*** CENCENIGHE \u00c8 rientrata alle 3 la squadra del Soccorso alpino di Agordo allertata ieri sera, attorno alle 22.30, dalla Centrale del Suem, per due escursionisti tedeschi bloccati al rientro dalla Ferrata Fiamme Gialle al Montalt di Pelsa. Partiti tra mezzogiorno e l&#8217;una, i due ragazzi si erano attardati e uno di loro non era&hellip;<\/p>\n","protected":false},"author":4,"featured_media":410223,"comment_status":"closed","ping_status":"closed","sticky":false,"template":"","format":"standard","meta":{"_monsterinsights_skip_tracking":false,"_monsterinsights_sitenote_active":false,"_monsterinsights_sitenote_note":"","_monsterinsights_sitenote_category":0,"footnotes":""},"categories":[51,49],"tags":[],"class_list":["post-410221","post","type-post","status-publish","format-standard","has-post-thumbnail","hentry","category-evidenza-top","category-news-18","category-51","category-49","description-off"],"img_url":"https:\/\/www.radiopiu.net\/wordpress\/wp-content\/uploads\/2024\/09\/th-10.jpg","_links":{"self":[{"href":"https:\/\/www.radiopiu.net\/wordpress\/wp-json\/wp\/v2\/posts\/410221","targetHints":{"allow":["GET"]}}],"collection":[{"href":"https:\/\/www.radiopiu.net\/wordpress\/wp-json\/wp\/v2\/posts"}],"about":[{"href":"https:\/\/www.radiopiu.net\/wordpress\/wp-json\/wp\/v2\/types\/post"}],"author":[{"embeddable":true,"href":"https:\/\/www.radiopiu.net\/wordpress\/wp-json\/wp\/v2\/users\/4"}],"replies":[{"embeddable":true,"href":"https:\/\/www.radiopiu.net\/wordpress\/wp-json\/wp\/v2\/comments?post=410221"}],"version-history":[{"count":6,"href":"https:\/\/www.radiopiu.net\/wordpress\/wp-json\/wp\/v2\/posts\/410221\/revisions"}],"predecessor-version":[{"id":410263,"href":"https:\/\/www.radiopiu.net\/wordpress\/wp-json\/wp\/v2\/posts\/410221\/revisions\/410263"}],"wp:featuredmedia":[{"embeddable":true,"href":"https:\/\/www.radiopiu.net\/wordpress\/wp-json\/wp\/v2\/media\/410223"}],"wp:attachment":[{"href":"https:\/\/www.radiopiu.net\/wordpress\/wp-json\/wp\/v2\/media?parent=410221"}],"wp:term":[{"taxonomy":"category","embeddable":true,"href":"https:\/\/www.radiopiu.net\/wordpress\/wp-json\/wp\/v2\/categories?post=410221"},{"taxonomy":"post_tag","embeddable":true,"href":"https:\/\/www.radiopiu.net\/wordpress\/wp-json\/wp\/v2\/tags?post=410221"}],"curies":[{"name":"wp","href":"https:\/\/api.w.org\/{rel}","templated":true}]}}