{"id":410241,"date":"2024-09-21T05:55:54","date_gmt":"2024-09-21T03:55:54","guid":{"rendered":"https:\/\/www.radiopiu.net\/wordpress\/?p=410241"},"modified":"2024-09-21T08:44:12","modified_gmt":"2024-09-21T06:44:12","slug":"giornale-radiopiu-21-settembre-2024-direttore-mirko-mezzacasada-41-anni-25-giugno-1983-25-giugno-2024","status":"publish","type":"post","link":"https:\/\/www.radiopiu.net\/wordpress\/giornale-radiopiu-21-settembre-2024-direttore-mirko-mezzacasada-41-anni-25-giugno-1983-25-giugno-2024\/","title":{"rendered":"GIORNALE RADIOPIU 21 SETTEMBRE 2024 DIRETTORE MIRKO MEZZACASA\u2026DA 41 ANNI 25 GIUGNO 1983-25 GIUGNO 2024"},"content":{"rendered":"<p>**<\/p>\n<p>&nbsp;<\/p>\n<p><a class=\"dt-pswp-item\" href=\"https:\/\/www.radiopiu.net\/wordpress\/wp-content\/uploads\/2024\/09\/2feac3c9-89d2-44e7-ae82-7dc876f78bea.jpg\" data-dt-img-description=\"\" data-large_image_width=\"910\" data-large_image_height=\"1278\"><img loading=\"lazy\" decoding=\"async\" class=\"size-medium wp-image-410345 aligncenter\" src=\"https:\/\/www.radiopiu.net\/wordpress\/wp-content\/uploads\/2024\/09\/2feac3c9-89d2-44e7-ae82-7dc876f78bea-214x300.jpg\" alt=\"\" width=\"214\" height=\"300\" srcset=\"https:\/\/www.radiopiu.net\/wordpress\/wp-content\/uploads\/2024\/09\/2feac3c9-89d2-44e7-ae82-7dc876f78bea-214x300.jpg 214w, https:\/\/www.radiopiu.net\/wordpress\/wp-content\/uploads\/2024\/09\/2feac3c9-89d2-44e7-ae82-7dc876f78bea-729x1024.jpg 729w, https:\/\/www.radiopiu.net\/wordpress\/wp-content\/uploads\/2024\/09\/2feac3c9-89d2-44e7-ae82-7dc876f78bea-768x1079.jpg 768w, https:\/\/www.radiopiu.net\/wordpress\/wp-content\/uploads\/2024\/09\/2feac3c9-89d2-44e7-ae82-7dc876f78bea.jpg 910w\" sizes=\"auto, (max-width: 214px) 100vw, 214px\" \/><\/a><\/p>\n<p>&nbsp;<\/p>\n<blockquote>\n<blockquote><p><em>Le istituzioni latitano, la fiducia \u00e8 crollata, e i cittadini si sentono ostaggi di un servizio che sembra non avere alternative.<\/em><\/p><\/blockquote>\n<p><span style=\"color: #ff0000;\"><img loading=\"lazy\" decoding=\"async\" class=\"alignleft\" src=\"https:\/\/www.radiopiu.net\/wordpress\/wp-content\/uploads\/2024\/07\/DolomitiBus_Trillo-scaled.jpg\" width=\"252\" height=\"168\" \/>BELLUNO<\/span><em> I dirigenti Dolomitibus analizzano la situazione <\/em><strong><em>\u00abServe un po&#8217; di pazienza Con le lezioni regolari i disagi rientreranno\u00bb<\/em><\/strong> dichiarazione rilasciata al Corriere delle Alpi da Gabriele Mariani del consiglio di amministrazione di Dolomitibus.<\/p>\n<p>Caro Mariani non le sembra che i montanari di pazienza ne abbiano avuta anche troppa? Sono anni che quotidianamente questa testata pubblica continue proteste sui vostri disservizi.<br \/>\nCaro Mariani non le sembra che i montanari ne abbiano le tasche piene delle vostre promesse,\u00a0 ed altre tasche vuote per contribuire a far crescere\u00a0 un&#8217;azienda criticata e che non manca di aumentare i prezzi di biglietti ed abbonamenti?<br \/>\nCaro Mariani\u00a0 ha figli? Le piacerebbe sapere che ogni giorno sono stipati come sardine sui vostri mezzi pubblici? E se ha figli minorenni ha mai pensato che potrebbero rimanere per ore\u00a0 -quando mancano i pullman &#8211; in balia di bulli, malviventi e pericoli vari o crede che Belluno sia ancora un&#8217;isola felice? (vedi articolo a lato)<br \/>\n<a class=\"dt-pswp-item\" href=\"https:\/\/www.radiopiu.net\/wordpress\/wp-content\/uploads\/2024\/09\/Senza-nome-49.png\" data-dt-img-description=\"\" data-large_image_width=\"407\" data-large_image_height=\"229\"><img loading=\"lazy\" decoding=\"async\" class=\"size-medium wp-image-410356 alignright\" src=\"https:\/\/www.radiopiu.net\/wordpress\/wp-content\/uploads\/2024\/09\/Senza-nome-49-300x169.png\" alt=\"\" width=\"300\" height=\"169\" srcset=\"https:\/\/www.radiopiu.net\/wordpress\/wp-content\/uploads\/2024\/09\/Senza-nome-49-300x169.png 300w, https:\/\/www.radiopiu.net\/wordpress\/wp-content\/uploads\/2024\/09\/Senza-nome-49.png 407w\" sizes=\"auto, (max-width: 300px) 100vw, 300px\" \/><\/a>Caro Mariani invitate a segnalare i disservizi:\u00a0 ripeto, sono anni che lo facciamo quotidianamente, evidentemente il &#8220;suddito&#8221; non si fida pi\u00f9 di voi, non vi crede pi\u00f9, ha perso la fiducia, siete entrati nel cerchio delle inimicizie dove il &#8220;suddito&#8221; \u00e8 costretto a stare zitto, anche perch\u00e9 non ci sono alternative, le istituzioni non si fanno sentire pi\u00f9 di tanto, quelle che contano non ancora, almeno fino a quando non accadr\u00e0 l&#8217;irreparabile. Auguriamoci che non serva il sacrificio di qualcuno per cambiare una situazione disastrosa. Infine\u00a0 finalmente una presa di posizione precisa del PD con il capo del partito Alessandro Dal Bianco che senza mezzi termini chiede un cambio totale dei vertici dell&#8217;azienda bellunese, quello che dovrebbe fare la Provincia dopo le promesse del consigliere delegato ai trasporti Massimo Bortoluzzi, promesse in pompa magna,\u00a0 di inizio stagione, quando il consigliere disse <em>&#8220;dobbiamo evitare i disagi gi\u00e0 visti&#8221;<\/em>&#8230; a noi sembra stia andando anche peggio. Da fuori sembra proprio il fallimento della politica e delle buone intenzioni. Ora la nuova dichiarazione (21 settembre 2024) <em>&#8220;Con l&#8217;orario a regime vigileremo affinche&#8217; non ci siano pi\u00f9 problemi con gli studenti&#8221;<\/em> Altro importante auspicio, caro consigliere con la collaborazione dei clienti quotidiani della Dolomitibus vigileremo anche noi,\u00a0 \u00a0con la speranza, un giorno, di poterle fare i complimenti a lei e all&#8217;azienda un giorno orgoglio di questa provincia, ora non pi\u00f9.<\/p><\/blockquote>\n<p>&nbsp;<\/p>\n<blockquote>\n<h1>Picchiato e rapinato in pieno centro storico: arrestati due giovani<\/h1>\n<\/blockquote>\n<p><strong><img loading=\"lazy\" decoding=\"async\" class=\"alignleft\" src=\"https:\/\/www.radiopiu.net\/wordpress\/wp-content\/uploads\/2023\/12\/polizia.png\" width=\"213\" height=\"163\" \/>BELLUNO<\/strong> Un ragazzo minorenne \u00e8 stato aggredito e rapinato in piazza Vittorio Emanuele II, nel centro storico, ieri pomeriggio alle 15.30. L\u2019aggressore, un giovane, ha tentato di rubare gli occhiali da sole e il cellulare della vittima, che si trovava sotto il porticato del teatro in attesa dell&#8217;autobus con un amico. Di fronte al rifiuto, il malvivente lo ha colpito con schiaffi e pugni, sottraendogli gli occhiali.<\/p>\n<p>La situazione \u00e8 degenerata con l&#8217;arrivo di altri quattro o cinque ragazzi chiamati dall&#8217;aggressore. La vittima \u00e8 stata trascinata fuori da un bar dove si era rifugiata, continuando a subire minacce verbali. I passanti hanno assistito all&#8217;aggressione e uno di loro ha allertato le forze dell&#8217;ordine.<\/p>\n<p>Sul posto sono intervenute rapidamente tre pattuglie, due della Polizia e una dei Carabinieri, che hanno identificato due dei sospettati: un maggiorenne italiano e un minorenne di nazionalit\u00e0 marocchina. Entrambi sono stati condotti al comando per ulteriori accertamenti.<\/p>\n<p>La piazza \u00e8 dotata di un sistema di videosorveglianza, le cui immagini potrebbero fornire un contributo decisivo alle indagini.<\/p>\n<p>__<\/p>\n<p>&nbsp;<\/p>\n<p><em><span style=\"color: #ff0000;\">ATTENZIONE: LA NUOVA APP PER IOS-IPHONE di Nicola Vettorello <\/span><\/em><a href=\"https:\/\/apps.apple.com\/it\/app\/radio-pi%C3%B9-emittente-agordina\/id1515939845\">https:\/\/apps.apple.com\/it\/app\/radio-pi%C3%B9-emittente-agordina\/id1515939845<\/a><\/p>\n<p><em style=\"color: #ff0000;\">ATTENZIONE: LA NUOVA APP RADIO\u00a0 PER ANDROID di Nicola Vettorello<\/em><\/p>\n<p><a href=\"https:\/\/play.google.com\/store\/apps\/details?id=net.radiopiu.iniko\" target=\"_blank\" rel=\"noopener noreferrer\">https:\/\/<\/a><a href=\"https:\/\/play.google.com\/store\/apps\/details?id=net.radiopiu.iniko\" target=\"_blank\" rel=\"noopener noreferrer\">play.google.com\/store\/apps\/details?id=net.radiopiu.iniko\u00a0\u00a0\u00a0<\/a><\/p>\n<p>&nbsp;<\/p>\n<hr \/>\n<p>&nbsp;<\/p>\n<p><strong><a class=\"dt-pswp-item\" href=\"https:\/\/www.radiopiu.net\/wordpress\/wp-content\/uploads\/2021\/12\/ALLEGHE-HOCKEY-4.jpg\" data-dt-img-description=\"\" data-large_image_width=\"949\" data-large_image_height=\"568\"><img loading=\"lazy\" decoding=\"async\" class=\" wp-image-248099 alignleft\" src=\"https:\/\/www.radiopiu.net\/wordpress\/wp-content\/uploads\/2021\/12\/ALLEGHE-HOCKEY-4-300x180.jpg\" alt=\"\" width=\"227\" height=\"136\" srcset=\"https:\/\/www.radiopiu.net\/wordpress\/wp-content\/uploads\/2021\/12\/ALLEGHE-HOCKEY-4-300x180.jpg 300w, https:\/\/www.radiopiu.net\/wordpress\/wp-content\/uploads\/2021\/12\/ALLEGHE-HOCKEY-4-768x460.jpg 768w, https:\/\/www.radiopiu.net\/wordpress\/wp-content\/uploads\/2021\/12\/ALLEGHE-HOCKEY-4.jpg 949w\" sizes=\"auto, (max-width: 227px) 100vw, 227px\" \/><\/a>OGGI ALLA RADIO&#8230;.<\/strong> <span style=\"color: #ff0000;\">ALLE 4 E ALLE 6<\/span> LE NOTIZIE DALL&#8217;ITALIA E DAL MONDO <span style=\"color: #ff0000;\"> 0500 <span style=\"color: #0000ff;\">il nuovo programma, l&#8217;almanacco della nostra gente con il MUSLA\u00a0<\/span><\/span><span style=\"color: #ff0000;\"> 6.15<\/span> PIROLE DE LENGA A CURA DEL MUSLA<span style=\"color: #ff0000;\"> 7.20<\/span> EL BAL DEL FIORI, DETTI E TRADIZIONI DI GIULIANA DA RONCH <span style=\"color: #ff0000;\">8.05<\/span> LA RASSEGNA STAMPA LOCALE<span style=\"color: #ff0000;\"> 8.30\u00a0<span style=\"color: #000000;\">week end marina dona&#8217; c&#8217;e&#8217;\u00a0\u00a0<\/span> 900 <span style=\"color: #0000ff;\">il nuovo programma, l&#8217;almanacco della nostra gente con il MUSLA\u00a0 \u00a0<\/span><\/span><span style=\"color: #ff0000;\"><span style=\"color: #000000;\">9.20 PREMIER LE NOVITA&#8217; NON MARCO GAZ\u00a0<\/span><\/span><span style=\"color: #ff0000;\">9.40<\/span> VIABILITA&#8217; CON BOTOL CAR SERVICE (AGORDO-SEDICO-FELTRE)\u00a0 <span style=\"color: #ff0000;\">\u00a0 10.30\u00a0 <span style=\"color: #000000;\">\u00a0la rassegna stampa da l&#8217;amico del popolo di gianni santomaso<\/span><\/span> <span style=\"color: #ff0000;\">12.00<\/span> VA TUTTO LISCIO\u00a0 <span style=\"color: #ff0000;\">12.30<\/span> GIORNALE RADIO PRINCIPALE <span style=\"color: #ff0000;\">13.10<\/span> CELESTE LEVIS, DOMANI LA MUSICA AD AGORDO&#8230; A SCUOLA CON ARTE NUOVA E L&#8217;ACCADEMIA ROSSINI<span style=\"color: #ff0000;\">\u00a0\u00a0<\/span> <span style=\"color: #ff0000;\">14.00 ELETTROCHOCH DI JACOPO DEL TEDESCO DJ JACK<span style=\"color: #000000;\">\u00a0<\/span>\u00a0<\/span><span style=\"color: #ff0000;\">15.00<\/span>\u00a0 LA CLASSIFICA UFFICIALE DI MARCO GAZ\u00a0 <span style=\"color: #ff0000;\">16<\/span> IL ROCK DI MARCO COSTANTINI <span style=\"color: #ff0000;\">1645<\/span> LE HIT DI MIRCO BENCIVENNI <span style=\"color: #ff0000;\">18.00<\/span> PIU&#8217; DANCE LE SELEZIONI CHE FANNO SALTARE DI DJ JACK, JACOPO DEL TEDESCO <span style=\"color: #ff0000;\">18 10<\/span>\u00a0reggaeton con dj athios david ben\u00a0\u00a0<span style=\"color: #ff0000;\"> 19.30 HOCKEY AL PUNTO GIUSTO, L&#8217;ALLEGHE HOCKEY LA 41ESIMA STAGIONE CON RADIO PIU<\/span><\/p>\n<p><strong>rassegna stampa nazionale,<\/strong> ogni giorno alle 5 e alle 6 del mattino<br \/>\ngiornali locali 7 rassegna stampa flash, 8 rassegna stampa, gr flash alle 10 e alle 11, principale 12.30. Informazione pomerIggio alle 15 (speciale) 16, 17, 18. Giornale radio nazionale: ogni ora dalle 5 del mattino, alle 20 della sera.<\/p>\n<p>&nbsp;<\/p>\n<p>&nbsp;<\/p>\n<hr \/>\n<p>&nbsp;<\/p>\n<p>&nbsp;<\/p>\n<div class=\"x11i5rnm xat24cr x1mh8g0r x1vvkbs xtlvy1s x126k92a\">\n<div dir=\"auto\">\n<div dir=\"auto\">\n<p><strong><a class=\"dt-pswp-item\" href=\"https:\/\/www.radiopiu.net\/wordpress\/wp-content\/uploads\/2024\/02\/2d44e751-d8a8-461b-8e22-d8e4e853b032.jpg\" data-dt-img-description=\"\" data-large_image_width=\"1600\" data-large_image_height=\"1200\"><img loading=\"lazy\" decoding=\"async\" class=\"wp-image-373307 alignleft\" src=\"https:\/\/www.radiopiu.net\/wordpress\/wp-content\/uploads\/2024\/02\/2d44e751-d8a8-461b-8e22-d8e4e853b032-300x225.jpg\" alt=\"\" width=\"105\" height=\"79\" srcset=\"https:\/\/www.radiopiu.net\/wordpress\/wp-content\/uploads\/2024\/02\/2d44e751-d8a8-461b-8e22-d8e4e853b032-300x225.jpg 300w, https:\/\/www.radiopiu.net\/wordpress\/wp-content\/uploads\/2024\/02\/2d44e751-d8a8-461b-8e22-d8e4e853b032-1024x768.jpg 1024w, https:\/\/www.radiopiu.net\/wordpress\/wp-content\/uploads\/2024\/02\/2d44e751-d8a8-461b-8e22-d8e4e853b032-768x576.jpg 768w, https:\/\/www.radiopiu.net\/wordpress\/wp-content\/uploads\/2024\/02\/2d44e751-d8a8-461b-8e22-d8e4e853b032-1536x1152.jpg 1536w, https:\/\/www.radiopiu.net\/wordpress\/wp-content\/uploads\/2024\/02\/2d44e751-d8a8-461b-8e22-d8e4e853b032.jpg 1600w\" sizes=\"auto, (max-width: 105px) 100vw, 105px\" \/><\/a>EL BAL DEL FIOR, DI GIULIANA DA RONCH, 21 SETTEMBRE<\/strong><strong>\u00a02024<\/strong><\/p>\n<\/div>\n<\/div>\n<\/div>\n<div class=\"x11i5rnm xat24cr x1mh8g0r x1vvkbs xtlvy1s x126k92a\">\n<audio class=\"wp-audio-shortcode\" id=\"audio-410241-1\" preload=\"none\" style=\"width: 100%;\" controls=\"controls\"><source type=\"audio\/mpeg\" src=\"https:\/\/www.radiopiu.net\/wordpress\/wp-content\/uploads\/2024\/09\/GSA-2.mp3?_=1\" \/><a href=\"https:\/\/www.radiopiu.net\/wordpress\/wp-content\/uploads\/2024\/09\/GSA-2.mp3\">https:\/\/www.radiopiu.net\/wordpress\/wp-content\/uploads\/2024\/09\/GSA-2.mp3<\/a><\/audio>\n<\/div>\n<p>&nbsp;<\/p>\n<hr \/>\n<p>&nbsp;<\/p>\n<div class=\"x11i5rnm xat24cr x1mh8g0r x1vvkbs xtlvy1s x126k92a\">\n<h1><span style=\"color: #ff0000;\"><a class=\"dt-pswp-item\" href=\"https:\/\/www.radiopiu.net\/wordpress\/wp-content\/uploads\/2024\/06\/th-5.jpg\" data-dt-img-description=\"\" data-large_image_width=\"326\" data-large_image_height=\"180\"><img loading=\"lazy\" decoding=\"async\" class=\"size-medium wp-image-395881 alignleft\" src=\"https:\/\/www.radiopiu.net\/wordpress\/wp-content\/uploads\/2024\/06\/th-5-300x166.jpg\" alt=\"\" width=\"300\" height=\"166\" srcset=\"https:\/\/www.radiopiu.net\/wordpress\/wp-content\/uploads\/2024\/06\/th-5-300x166.jpg 300w, https:\/\/www.radiopiu.net\/wordpress\/wp-content\/uploads\/2024\/06\/th-5.jpg 326w\" sizes=\"auto, (max-width: 300px) 100vw, 300px\" \/><\/a><\/span><\/h1>\n<h1><\/h1>\n<h1><\/h1>\n<h1><span style=\"color: #000000;\">21 SETTEMBRE&#8230; alla radio l&#8217;almanacco\u00a0<\/span><\/h1>\n<audio class=\"wp-audio-shortcode\" id=\"audio-410241-2\" preload=\"none\" style=\"width: 100%;\" controls=\"controls\"><source type=\"audio\/mpeg\" src=\"https:\/\/www.radiopiu.net\/wordpress\/wp-content\/uploads\/2024\/09\/ALMANACCONEW-18.mp3?_=2\" \/><a href=\"https:\/\/www.radiopiu.net\/wordpress\/wp-content\/uploads\/2024\/09\/ALMANACCONEW-18.mp3\">https:\/\/www.radiopiu.net\/wordpress\/wp-content\/uploads\/2024\/09\/ALMANACCONEW-18.mp3<\/a><\/audio>\n<p>&nbsp;<\/p>\n<hr \/>\n<p>&nbsp;<\/p>\n<p>&nbsp;<\/p>\n<blockquote>\n<h1><strong><a class=\"dt-pswp-item\" href=\"https:\/\/www.radiopiu.net\/wordpress\/wp-content\/uploads\/2024\/09\/settembre-2024-calendario-it2.jpg\" data-dt-img-description=\"Optimized by JPEGmini 3.13.0.8 0x813388d2\" data-large_image_width=\"1325\" data-large_image_height=\"1004\"><img loading=\"lazy\" decoding=\"async\" class=\" wp-image-409701 alignleft\" src=\"https:\/\/www.radiopiu.net\/wordpress\/wp-content\/uploads\/2024\/09\/settembre-2024-calendario-it2-300x227.jpg\" alt=\"\" width=\"187\" height=\"142\" srcset=\"https:\/\/www.radiopiu.net\/wordpress\/wp-content\/uploads\/2024\/09\/settembre-2024-calendario-it2-300x227.jpg 300w, https:\/\/www.radiopiu.net\/wordpress\/wp-content\/uploads\/2024\/09\/settembre-2024-calendario-it2-1024x776.jpg 1024w, https:\/\/www.radiopiu.net\/wordpress\/wp-content\/uploads\/2024\/09\/settembre-2024-calendario-it2-768x582.jpg 768w, https:\/\/www.radiopiu.net\/wordpress\/wp-content\/uploads\/2024\/09\/settembre-2024-calendario-it2.jpg 1325w\" sizes=\"auto, (max-width: 187px) 100vw, 187px\" \/><\/a>N di parom &#8211; L Almanach de la nosta jent<\/strong><\/h1>\n<\/blockquote>\n<p>Le voci: Davide Conedera, Agordo, Michela Dell&#8217;Osbel, La Valle Agordina Simone Ganz, Falcade Veronica Lezuo, Colle Santa Lucia. La voce nella sigla \u00e8 di Giorgia Taio<\/p>\n<p><strong>LA PUNTATA DI OGGI, 18\u00a0 SETTEMBRE<\/strong><\/p>\n<audio class=\"wp-audio-shortcode\" id=\"audio-410241-3\" preload=\"none\" style=\"width: 100%;\" controls=\"controls\"><source type=\"audio\/mpeg\" src=\"https:\/\/www.radiopiu.net\/wordpress\/wp-content\/uploads\/2024\/09\/21-setembre-2024_Veronica.mp3?_=3\" \/><a href=\"https:\/\/www.radiopiu.net\/wordpress\/wp-content\/uploads\/2024\/09\/21-setembre-2024_Veronica.mp3\">https:\/\/www.radiopiu.net\/wordpress\/wp-content\/uploads\/2024\/09\/21-setembre-2024_Veronica.mp3<\/a><\/audio>\n<p>&nbsp;<\/p>\n<p>&nbsp;<\/p>\n<div dir=\"auto\">\n<hr \/>\n<\/div>\n<\/div>\n<blockquote>\n<blockquote>\n<h1><span style=\"color: #ff0000;\">\u00a0<\/span><\/h1>\n<h1><span style=\"color: #ff0000;\">I podcast informativi del mattino &#8211; audio &#8211;\u00a0\u00a0<\/span><\/h1>\n<\/blockquote>\n<p><strong><a class=\"dt-pswp-item\" href=\"https:\/\/www.radiopiu.net\/wordpress\/wp-content\/uploads\/2023\/11\/th-10.jpg\" data-dt-img-description=\"\" data-large_image_width=\"320\" data-large_image_height=\"180\"><img loading=\"lazy\" decoding=\"async\" class=\"wp-image-362866 alignleft\" src=\"https:\/\/www.radiopiu.net\/wordpress\/wp-content\/uploads\/2023\/11\/th-10-300x169.jpg\" alt=\"\" width=\"185\" height=\"104\" srcset=\"https:\/\/www.radiopiu.net\/wordpress\/wp-content\/uploads\/2023\/11\/th-10-300x169.jpg 300w, https:\/\/www.radiopiu.net\/wordpress\/wp-content\/uploads\/2023\/11\/th-10.jpg 320w\" sizes=\"auto, (max-width: 185px) 100vw, 185px\" \/><\/a>LA RASSEGNA STAMPA NAZIONALE ALLA RADIO, OGNI GIORNO ALLE 5 E ALLE 6 DEL MATTINO <span style=\"color: #0000ff;\">viene pubblicata alle 6.00 <span style=\"color: #ff0000;\">DIRETTA RADIO\u00a0 \u00a0\u00a0<\/span><\/span><\/strong><\/p><\/blockquote>\n<p>&nbsp;<\/p>\n<p><strong>NOTIZIE DELLA NOTTE\u00a0 \u00a0\u00a0<\/strong><\/p>\n<p><strong>Maduro<\/strong>, &#8216;fascismo avanza in Europa,ha preso il potere in Italia&#8217; <strong>Presidenziali in Sri Lanka<\/strong>, aperti i seggi per le elezioni <strong>Musk<\/strong> fa una mega donazione a Trump, 289mila dollari <strong>Il sindaco di Buenos Aires<\/strong> al Papa, &#8216;vieni qui per giudicare&#8217; <strong>Serie A:<\/strong> Verona-Torino 2-3<br \/>\n<strong>Sophia Loren<\/strong> per i suoi 90, &#8216;l&#8217;amore tra noi conta&#8217; <strong>Aumentano i centenari<\/strong> in Giappone, sono pi\u00f9 di 95.000 <strong>Scontro tra due auto<\/strong> nel Foggiano, 4 morti<\/p>\n<h2>AUDIO dalle 6 del mattino<\/h2>\n<audio class=\"wp-audio-shortcode\" id=\"audio-410241-4\" preload=\"none\" style=\"width: 100%;\" controls=\"controls\"><source type=\"audio\/mpeg\" src=\"https:\/\/www.radiopiu.net\/wordpress\/wp-content\/uploads\/2024\/09\/GIORNALEDELLESEI-16.mp3?_=4\" \/><a href=\"https:\/\/www.radiopiu.net\/wordpress\/wp-content\/uploads\/2024\/09\/GIORNALEDELLESEI-16.mp3\">https:\/\/www.radiopiu.net\/wordpress\/wp-content\/uploads\/2024\/09\/GIORNALEDELLESEI-16.mp3<\/a><\/audio>\n<p>&nbsp;<\/p>\n<p>&nbsp;<\/p>\n<p>&nbsp;<\/p>\n<hr \/>\n<p>&nbsp;<\/p>\n<h1 style=\"text-align: center;\"><span style=\"color: #ff0000;\">I podcast informativi del mattino &#8211; audio &#8211;\u00a0<\/span><\/h1>\n<p><strong><a class=\"dt-pswp-item\" href=\"https:\/\/www.radiopiu.net\/wordpress\/wp-content\/uploads\/2023\/12\/images.png\" data-dt-img-description=\"\" data-large_image_width=\"316\" data-large_image_height=\"160\"><img loading=\"lazy\" decoding=\"async\" class=\"wp-image-367008 alignleft\" src=\"https:\/\/www.radiopiu.net\/wordpress\/wp-content\/uploads\/2023\/12\/images-300x152.png\" alt=\"\" width=\"235\" height=\"119\" srcset=\"https:\/\/www.radiopiu.net\/wordpress\/wp-content\/uploads\/2023\/12\/images-300x152.png 300w, https:\/\/www.radiopiu.net\/wordpress\/wp-content\/uploads\/2023\/12\/images.png 316w\" sizes=\"auto, (max-width: 235px) 100vw, 235px\" \/><\/a>OGNI GIORNO ALLE SETTE DEL MATTINO, LA RASSEGNA STAMPA LOCALE FLASH&#8230; PER CHI VA IN FRETTA. I TITOLI DAI GIORNALI E DAL SITO WWW.RADIOPIU.NET <span style=\"color: #0000ff;\">viene pubblicato alle 7.00<\/span> <span style=\"color: #ff0000;\">DIRETTA RADIO\u00a0<\/span><\/strong><\/p>\n<p><em><span style=\"color: #ff0000;\">per chi va in fretta&#8230; tante notizie in pochi minuti. L&#8217;informazione locale alla radio, ogni ora dalle 7 del mattino alle 19 della sera.<\/span><\/em><\/p>\n<h1>AUDIO dalle 7 del mattino<\/h1>\n<audio class=\"wp-audio-shortcode\" id=\"audio-410241-5\" preload=\"none\" style=\"width: 100%;\" controls=\"controls\"><source type=\"audio\/mpeg\" src=\"https:\/\/www.radiopiu.net\/wordpress\/wp-content\/uploads\/2024\/09\/GF07-12.mp3?_=5\" \/><a href=\"https:\/\/www.radiopiu.net\/wordpress\/wp-content\/uploads\/2024\/09\/GF07-12.mp3\">https:\/\/www.radiopiu.net\/wordpress\/wp-content\/uploads\/2024\/09\/GF07-12.mp3<\/a><\/audio>\n<p>&nbsp;<\/p>\n<p>&nbsp;<\/p>\n<p>&nbsp;<\/p>\n<hr \/>\n<p>&nbsp;<\/p>\n<h1><\/h1>\n<h1 style=\"text-align: center;\"><span style=\"color: #ff0000;\"><a class=\"dt-pswp-item\" href=\"https:\/\/www.radiopiu.net\/wordpress\/wp-content\/uploads\/2022\/01\/026c3f9d-dae9-4040-a3c1-a6530231bcc3.jpg\" data-dt-img-description=\"\" data-large_image_width=\"1152\" data-large_image_height=\"2048\"><img loading=\"lazy\" decoding=\"async\" class=\"wp-image-251839 alignleft\" src=\"https:\/\/www.radiopiu.net\/wordpress\/wp-content\/uploads\/2022\/01\/026c3f9d-dae9-4040-a3c1-a6530231bcc3-169x300.jpg\" alt=\"\" width=\"100\" height=\"177\" srcset=\"https:\/\/www.radiopiu.net\/wordpress\/wp-content\/uploads\/2022\/01\/026c3f9d-dae9-4040-a3c1-a6530231bcc3-169x300.jpg 169w, https:\/\/www.radiopiu.net\/wordpress\/wp-content\/uploads\/2022\/01\/026c3f9d-dae9-4040-a3c1-a6530231bcc3-576x1024.jpg 576w, https:\/\/www.radiopiu.net\/wordpress\/wp-content\/uploads\/2022\/01\/026c3f9d-dae9-4040-a3c1-a6530231bcc3-768x1365.jpg 768w, https:\/\/www.radiopiu.net\/wordpress\/wp-content\/uploads\/2022\/01\/026c3f9d-dae9-4040-a3c1-a6530231bcc3-864x1536.jpg 864w, https:\/\/www.radiopiu.net\/wordpress\/wp-content\/uploads\/2022\/01\/026c3f9d-dae9-4040-a3c1-a6530231bcc3.jpg 1152w\" sizes=\"auto, (max-width: 100px) 100vw, 100px\" \/><\/a>I podcast informativi del mattino &#8211; audio &#8211;\u00a0<\/span><\/h1>\n<blockquote><p><strong>GIORNALE RADIO NAZIONALE, EDIZIONE DELLE SETTE <span style=\"color: #0000ff;\">viene pubblicato alle 7.05 <span style=\"color: #ff0000;\">DIRETTA RADIO\u00a0<\/span><\/span><\/strong><\/p><\/blockquote>\n<p><strong>il giornale radionazionale e&#8217; in onda ogni ora, dalle sette del mattino alle venti della sera\u00a0 \u00a0<\/strong><strong>\u00a0<\/strong><\/p>\n<p><strong>La faida <\/strong>Tentato omicidio del trapper Simba La Rue, condannati 4 rivali Cinque giorni di prognosi <strong>Paziente aggredisce<\/strong> con calci e pugni un medico a Cesena <strong>Scontro tra due auto<\/strong> nel Foggiano, quattro morti<br \/>\nIl frontale \u00e8 avvenuto in serata sulla strada a scorrimento veloce del Gargano <strong>L&#8217;Emilia-Romagna<\/strong> conta i danni dell&#8217;alluvione, nessun disperso Le persone evacuate sono 2.500 <strong>Neonati uccisi<\/strong>, Chiara Petrolini agli arresti domiciliari La madre del fidanzato: &#8220;Finalmente&#8221;. Un bimbo morto dissanguato <strong>Ricercato dallo scorso anno<\/strong> in Inghilterra, arrestato a Cutro E&#8217; accusato di aggressione sessuale nei confronti di 2 donne<\/p>\n<h2>AUDIO dalle sette del mattino, ogni ora alla radio<\/h2>\n<audio class=\"wp-audio-shortcode\" id=\"audio-410241-6\" preload=\"none\" style=\"width: 100%;\" controls=\"controls\"><source type=\"audio\/mpeg\" src=\"https:\/\/www.radiopiu.net\/wordpress\/wp-content\/uploads\/2024\/09\/giornale07-16.mp3?_=6\" \/><a href=\"https:\/\/www.radiopiu.net\/wordpress\/wp-content\/uploads\/2024\/09\/giornale07-16.mp3\">https:\/\/www.radiopiu.net\/wordpress\/wp-content\/uploads\/2024\/09\/giornale07-16.mp3<\/a><\/audio>\n<p>&nbsp;<\/p>\n<p>&nbsp;<\/p>\n<hr \/>\n<p>&nbsp;<\/p>\n<p>&nbsp;<\/p>\n<h1><span style=\"color: #ff0000;\">I podcast informativi del mattino &#8211; video &#8211;\u00a0<\/span><\/h1>\n<h2 style=\"text-align: left;\"><strong>RASSEGNA STAMPA LOCALE, ORE OTTO 05<\/strong><\/h2>\n<h2><strong> <span style=\"color: #0000ff;\">viene\u00a0 <\/span><\/strong><strong><span style=\"color: #0000ff;\">pubblicata alle 8.05 <span style=\"color: #ff0000;\">DIRETTA RADIO\u00a0 \u00a0<\/span><\/span><\/strong><strong>DI MIRKO MEZZACASA<\/strong><\/h2>\n<h2><span style=\"color: #ff0000;\"><strong>VIDEO\u00a0 \u00a0in diretta dalle 8 del mattino\u00a0 \u00a0<\/strong><\/span><\/h2>\n<p>&nbsp;<\/p>\n<p><iframe loading=\"lazy\" title=\"DAL 1983 LA RASSEGNA STAMPA LOCALE di mirko mezzacasa. L&#039;ORIGINALE\" width=\"1200\" height=\"675\" src=\"https:\/\/www.youtube.com\/embed\/o0YDVXKLPbs?feature=oembed\" frameborder=\"0\" allow=\"accelerometer; autoplay; clipboard-write; encrypted-media; gyroscope; picture-in-picture; web-share\" referrerpolicy=\"strict-origin-when-cross-origin\" allowfullscreen><\/iframe><\/p>\n<p>&nbsp;<\/p>\n<hr \/>\n<p>&nbsp;<\/p>\n<p>&nbsp;<\/p>\n<p><strong><a class=\"dt-pswp-item\" href=\"https:\/\/www.radiopiu.net\/wordpress\/wp-content\/uploads\/2023\/12\/ANTENNA.png\" data-dt-img-description=\"\" data-large_image_width=\"300\" data-large_image_height=\"166\"><img loading=\"lazy\" decoding=\"async\" class=\" wp-image-366306 alignleft\" src=\"https:\/\/www.radiopiu.net\/wordpress\/wp-content\/uploads\/2023\/12\/ANTENNA.png\" alt=\"\" width=\"175\" height=\"97\" \/><\/a>IERI SERA, DAL TG DI ANTENNA 3, ogni sera alle 19 le anticipazioni alla radio, quello che poi seguirete nel TELEGIORNALE BELLUNESE\u00a0 in onda alle 19.30 sul CANALE 10 del digitale terrestre.\u00a0\u00a0<\/strong><\/p>\n<p>&nbsp;<\/p>\n<p>&nbsp;<\/p>\n<hr \/>\n<p>&nbsp;<\/p>\n<blockquote>\n<h3>CHIUSURA IN VISTA PER LA STRADA PER PASSO DURAN &#8211; LATO ZOLDO<\/h3>\n<\/blockquote>\n<p><strong>SP347 PASSO DURAN E CEREDA<\/strong> localit\u00e0 Cordelle. DAL 23 SETTEMBRE ALL&#8217;11 OTTOBRE esclusi sabato, domeniche e festivi infrasettimanali INTERDIZIONE TOTALE AL TRANSITO DALLE 8 ALLE 17<\/p>\n<p>&nbsp;<\/p>\n<p>&nbsp;<\/p>\n<hr \/>\n<p>&nbsp;<\/p>\n<blockquote>\n<h3>ROCCA PIETORE, ACQUA INQUINATA<\/h3>\n<\/blockquote>\n<p><strong>ROCCA PIETORE<\/strong> a ROCCA PIETORE in localit\u00e0 SOPRACORDEVOLE, VAL, DAGAI, DAVARE, LE COSTE e RONCH l&#8217;acqua erogata dall&#8217;acquedotto non \u00e8 potabile e non pu\u00f2 essere usata per scopi alimentari. Verr\u00e0 effettuato servizio sostitutivo con cisterna c\/o ex Ufficio Postale.<\/p>\n<p>&nbsp;<\/p>\n<p>&nbsp;<\/p>\n<hr \/>\n<p>&nbsp;<\/p>\n<p>&nbsp;<\/p>\n<blockquote>\n<h2><a class=\"dt-pswp-item\" href=\"https:\/\/www.radiopiu.net\/wordpress\/wp-content\/uploads\/2024\/09\/Senza-nome-45.png\" data-dt-img-description=\"\" data-large_image_width=\"515\" data-large_image_height=\"323\"><img loading=\"lazy\" decoding=\"async\" class=\" wp-image-410102 alignleft\" src=\"https:\/\/www.radiopiu.net\/wordpress\/wp-content\/uploads\/2024\/09\/Senza-nome-45-300x188.png\" alt=\"\" width=\"148\" height=\"93\" srcset=\"https:\/\/www.radiopiu.net\/wordpress\/wp-content\/uploads\/2024\/09\/Senza-nome-45-300x188.png 300w, https:\/\/www.radiopiu.net\/wordpress\/wp-content\/uploads\/2024\/09\/Senza-nome-45.png 515w\" sizes=\"auto, (max-width: 148px) 100vw, 148px\" \/><\/a>Messa per il cinquantesimo compleanno di Rudi Bressan<\/h2>\n<\/blockquote>\n<p><strong>GOSALDO<\/strong>\u00a0 Oggi alle 18, a Voltago, si terr\u00e0 una messa speciale in occasione di quello che sarebbe stato il cinquantesimo compleanno di Rudi Bressan, scomparso tragicamente in un incidente. La cerimonia sar\u00e0 un momento di ricordo e raccoglimento per onorare la sua memoria. Durante la funzione, ci sar\u00e0 anche una benedizione dedicata a tutti i &#8220;suoi&#8221; coscritti del 1974 che vorranno partecipare, offrendo un\u2019occasione per ritrovarsi e commemorare insieme la vita di Rudi<\/p>\n<p>&nbsp;<\/p>\n<hr \/>\n<p>&nbsp;<\/p>\n<blockquote>\n<div class=\"mceTemp\"><\/div>\n<h2><a class=\"dt-pswp-item\" href=\"https:\/\/www.radiopiu.net\/wordpress\/wp-content\/uploads\/2024\/06\/Don-Sergio-Sacco-Sonador-scaled-e1726819542821.jpg\" data-dt-img-description=\"DON SERGIO SACCO SONADOR\" data-large_image_width=\"2560\" data-large_image_height=\"1920\"><img loading=\"lazy\" decoding=\"async\" class=\" wp-image-394401 alignleft\" src=\"https:\/\/www.radiopiu.net\/wordpress\/wp-content\/uploads\/2024\/06\/Don-Sergio-Sacco-Sonador-scaled-e1726819542821-300x225.jpg\" alt=\"\" width=\"204\" height=\"153\" srcset=\"https:\/\/www.radiopiu.net\/wordpress\/wp-content\/uploads\/2024\/06\/Don-Sergio-Sacco-Sonador-scaled-e1726819542821-300x225.jpg 300w, https:\/\/www.radiopiu.net\/wordpress\/wp-content\/uploads\/2024\/06\/Don-Sergio-Sacco-Sonador-scaled-e1726819542821-1024x768.jpg 1024w, https:\/\/www.radiopiu.net\/wordpress\/wp-content\/uploads\/2024\/06\/Don-Sergio-Sacco-Sonador-scaled-e1726819542821-768x576.jpg 768w, https:\/\/www.radiopiu.net\/wordpress\/wp-content\/uploads\/2024\/06\/Don-Sergio-Sacco-Sonador-scaled-e1726819542821-1536x1152.jpg 1536w, https:\/\/www.radiopiu.net\/wordpress\/wp-content\/uploads\/2024\/06\/Don-Sergio-Sacco-Sonador-scaled-e1726819542821-2048x1536.jpg 2048w\" sizes=\"auto, (max-width: 204px) 100vw, 204px\" \/><\/a>Addio a don Sergio Sacco Sonador, studioso della montagna<\/h2>\n<p>&nbsp;<\/p>\n<p><strong>BELLUNO<\/strong> Scomparso don Sergio Sacco Sonador, sacerdote e studioso del Bellunese. Uomo di fede e cultura, fondatore di numerose iniziative culturali e vincitore del Premio Pelmo d&#8217;Oro per la cultura alpina. \u00abUn uomo di scienza e di fede, dalla cultura sconfinata, quasi enciclopedica, e dalla sconfinata passione. Oggi se ne va un abitante e uno studioso autentico della montagna, che dalla montagna ha saputo apprendere, imparare, elevarsi\u00bb. Cos\u00ec il presidente della Provincia di Belluno Roberto Padrin.<\/p>\n<p>&nbsp;<\/p>\n<hr \/>\n<h2><\/h2>\n<h2>TEDESCHI RECUPERATI DI NOTTE SUL PELSA<\/h2>\n<\/blockquote>\n<p><strong><img decoding=\"async\" class=\"alignleft\" src=\"https:\/\/www.radiopiu.net\/wordpress\/wp-content\/uploads\/2024\/09\/th-10.jpg\" \/>CENCENIGHE<\/strong> \u00c8 rientrata l&#8217;altra notte alle 3 la squadra del Soccorso alpino di Agordo allertata\u00a0 alle 22.30 di giovedi sera, dalla Centrale del Suem, per due escursionisti tedeschi bloccati al rientro dalla Ferrata Fiamme Gialle al Montalt di Pelsa. Partiti tra mezzogiorno e l&#8217;una, i due ragazzi si erano attardati e uno di loro non era pi\u00f9 in grado di muoversi da solo a causa di un trauma al piede. Dopo aver capito, con difficolt\u00e0 dovute alla comunicazione, il punto dove si trovavano, una squadra si \u00e8 messa a disposizione dell&#8217;elicottero dell&#8217;Aiut Alpin Dolomites di Bolzano, che ha imbarcato un soccorritore in supporto alle operazioni. L&#8217;eliambulanza ha individuato i due all&#8217;altezza del Troi dei sec, in direzione di Cencenighe, e li ha recuperati utilizzando il verricello. I ragazzi, che hanno poi rifiutato l&#8217;ambulanza, sono stati riaccompagnati alla loro macchina.<\/p>\n<p>&nbsp;<\/p>\n<hr \/>\n<p>&nbsp;<\/p>\n<blockquote>\n<h3>ALPINISTA VOLA IN PARETE SULLA VIA COMICI<\/h3>\n<\/blockquote>\n<p><strong>PASSO FALZAREGO<\/strong> Ieri mattina la Centrale del 118 \u00e8 stata attivata dal compagno di un alpinista, caduto in parete sul secondo tiro della Via Comici sulla Torre Piccola di Falzarego. Attorno alle 11.40, dopo aver ricevuto le coordinate del punto dell&#8217;incidente, \u00e8 intervenuto l&#8217;elicottero dell&#8217;Aiut Alpin Dolomites di Bolzano, mentre un soccorritore di Cortina si metteva a disposizione in piazzola per eventuale <a class=\"dt-pswp-item\" href=\"https:\/\/www.radiopiu.net\/wordpress\/wp-content\/uploads\/2024\/08\/2017-07-22-19.22.03-scaled.jpg\" data-dt-img-description=\"\" data-large_image_width=\"2560\" data-large_image_height=\"1440\"><img loading=\"lazy\" decoding=\"async\" class=\"size-medium wp-image-406339 alignleft\" src=\"https:\/\/www.radiopiu.net\/wordpress\/wp-content\/uploads\/2024\/08\/2017-07-22-19.22.03-300x169.jpg\" alt=\"\" width=\"300\" height=\"169\" srcset=\"https:\/\/www.radiopiu.net\/wordpress\/wp-content\/uploads\/2024\/08\/2017-07-22-19.22.03-300x169.jpg 300w, https:\/\/www.radiopiu.net\/wordpress\/wp-content\/uploads\/2024\/08\/2017-07-22-19.22.03-1024x576.jpg 1024w, https:\/\/www.radiopiu.net\/wordpress\/wp-content\/uploads\/2024\/08\/2017-07-22-19.22.03-768x432.jpg 768w, https:\/\/www.radiopiu.net\/wordpress\/wp-content\/uploads\/2024\/08\/2017-07-22-19.22.03-1536x864.jpg 1536w, https:\/\/www.radiopiu.net\/wordpress\/wp-content\/uploads\/2024\/08\/2017-07-22-19.22.03-2048x1152.jpg 2048w\" sizes=\"auto, (max-width: 300px) 100vw, 300px\" \/><\/a>supporto. Lo scalatore tedesco di 32 anni \u00e8 stato quindi recuperato con un possibile trauma alle gambe e trasportato all&#8217;ospedale di Belluno.<\/p>\n<p>&nbsp;<\/p>\n<blockquote>\n<h3>ESCURSIONISTI IN DIFFICOLTA&#8217; SUL PATERNO<\/h3>\n<\/blockquote>\n<p><strong>AURONZO DI CADORE<\/strong> Attorno alle 17.45 di ieri il Soccorso alpino di Auronzo e della Guardia di finanza sono stati attivati per una coppia di escursionisti spagnoli in difficolt\u00e0 sul Paterno. I due, lui 36 anni, lei 32, non erano pi\u00f9 in grado di muoversi dal punto in cui si trovavano, sul sentiero che da Forcella Pian di Cengia conduce in cima al Paterno, all&#8217;inizio della Ferrata. Trasportati in quota dall&#8217;elicottero dell&#8217;Air service center, convenzionato con il Soccorso alpino Dolomiti Bellunesi, i soccorritori hanno provveduto al recupero della coppia, riportata poi a valle e lasciata alla propria macchina.<\/p>\n<p>&nbsp;<\/p>\n<hr \/>\n<p>&nbsp;<\/p>\n<blockquote>\n<h2>Arrestato ambulante per circonvenzione di incapaci: sottratti oltre 360.000 euro a persone vulnerabili.<\/h2>\n<\/blockquote>\n<p><img loading=\"lazy\" decoding=\"async\" class=\"alignleft\" src=\"https:\/\/www.radiopiu.net\/wordpress\/wp-content\/uploads\/2024\/09\/GUARDIA-FINANZA-300x300.jpg\" width=\"137\" height=\"137\" \/><strong>BELLUNO<\/strong> I Finanzieri di Belluno hanno arrestato B.S., un uomo di 46 anni di origine marocchina, per reati di circonvenzione di incapaci. L&#8217;indagato, commerciante ambulante di abbigliamento, \u00e8 accusato di aver sottratto oltre 360.000 euro e gioielli a persone vulnerabili, sfruttando la loro et\u00e0 avanzata e condizioni di salute precarie. Le indagini, coordinate dalla Procura di Pordenone, hanno identificato quattro vittime, psicologicamente fragili, con cui l&#8217;uomo aveva instaurato rapporti di fiducia per ingannarli con false promesse e richieste di denaro per lavori inesistenti. La moglie dell&#8217;arrestato, L.N. di 34 anni, \u00e8 risultata complice, cercando di nascondere denaro e gioielli agli investigatori, ma questi sono stati poi sequestrati. Una delle vittime, affetta da gravi disturbi psichici, ha consegnato l&#8217;intero patrimonio di 130.000 euro all&#8217;indagato. L&#8217;arresto \u00e8 stato disposto per evitare il pericolo di fuga e ulteriori reati.<\/p>\n<p><strong>PER LE TRE RADIO BARBARA PAOLAZZI<\/strong><\/p>\n<audio class=\"wp-audio-shortcode\" id=\"audio-410241-7\" preload=\"none\" style=\"width: 100%;\" controls=\"controls\"><source type=\"audio\/mpeg\" src=\"https:\/\/www.radiopiu.net\/wordpress\/wp-content\/uploads\/2024\/09\/PAOLAZZI-FINANZA-ARRESTA-MAROCCHINO.mp3?_=7\" \/><a href=\"https:\/\/www.radiopiu.net\/wordpress\/wp-content\/uploads\/2024\/09\/PAOLAZZI-FINANZA-ARRESTA-MAROCCHINO.mp3\">https:\/\/www.radiopiu.net\/wordpress\/wp-content\/uploads\/2024\/09\/PAOLAZZI-FINANZA-ARRESTA-MAROCCHINO.mp3<\/a><\/audio>\n<p>&nbsp;<\/p>\n<hr \/>\n<p>&nbsp;<\/p>\n<blockquote>\n<h3 class=\"entry-title\">AUTOVELOX IN PROCURA: DOPO CENCENIGHE E LIVINALLONGO E\u2019 IL TURNO DI SAN TOMASO AGORDINO<\/h3>\n<\/blockquote>\n<p><strong><img decoding=\"async\" class=\"alignleft\" src=\"https:\/\/i0.wp.com\/www.radiopiu.net\/wordpress\/wp-content\/uploads\/2024\/09\/WhatsApp-Image-2020-01-27-at-17.09.13.jpg?resize=150%2C200&amp;ssl=1\" \/>REDAZIONE <\/strong>Un&#8217;altra denuncia-querela \u00e8 stata presentata, e i motivi legati all&#8217;omologazione degli impianti sono noti, cos\u00ec come lo \u00e8 l&#8217;associazione nazionale tutela utenti della strada, Altevelox. In questo caso, sono stati denunciati i sindaci, le forze di polizia e l&#8217;ente gestore della strada. &#8220;Il Comune di San Tomaso Agordino \u2013 si legge nella denuncia di Altevelox \u2013 dichiara nei verbali di violazione emessi che il rilevatore elettronico, di tipo fisso, installato sulla S.R. 203 era sotto il diretto controllo della polizia locale. Tuttavia, se un autovelox \u00e8 installato in modo permanente e non semovibile in cima a un palo cementato a 10 metri di altezza, \u00e8 da considerarsi fisso per definizione e richiede un&#8217;autorizzazione prefettizia. Se il Comune di San Tomaso Agordino decide di utilizzarlo con la presenza di personale, ci piacerebbe capire come ci\u00f2 avvenga, considerando che, salvo smentite o prove contrarie, sembra disporre di un solo dipendente della polizia locale. In ogni caso, tale utilizzo richiede comunque l&#8217;autorizzazione del Prefetto. Salvo smentite o prove contrarie, il Prefetto di Belluno non ha mai rilasciato alcuna autorizzazione al Comune di San Tomaso Agordino per l&#8217;utilizzo di dispositivi o mezzi tecnici di controllo del traffico.&#8221;<\/p>\n<p>&nbsp;<\/p>\n<p>&nbsp;<\/p>\n<hr \/>\n<p>&nbsp;<\/p>\n<blockquote>\n<h1>I NOSTRI IN AIUTO AGLI EMILIANI<\/h1>\n<\/blockquote>\n<p><strong>di\u00a0 GIANPAOLO BOTTACIN, ASSESSORE REGIONALE\u00a0<\/strong><\/p>\n<p><a class=\"dt-pswp-item\" href=\"https:\/\/www.radiopiu.net\/wordpress\/wp-content\/uploads\/2024\/09\/c92dfa61-4ad0-43fd-bd6a-1bc125f4ce72.jpg\" data-dt-img-description=\"\" data-large_image_width=\"1600\" data-large_image_height=\"1200\"><img loading=\"lazy\" decoding=\"async\" class=\" wp-image-410361 alignleft\" src=\"https:\/\/www.radiopiu.net\/wordpress\/wp-content\/uploads\/2024\/09\/c92dfa61-4ad0-43fd-bd6a-1bc125f4ce72-300x225.jpg\" alt=\"\" width=\"219\" height=\"164\" srcset=\"https:\/\/www.radiopiu.net\/wordpress\/wp-content\/uploads\/2024\/09\/c92dfa61-4ad0-43fd-bd6a-1bc125f4ce72-300x225.jpg 300w, https:\/\/www.radiopiu.net\/wordpress\/wp-content\/uploads\/2024\/09\/c92dfa61-4ad0-43fd-bd6a-1bc125f4ce72-1024x768.jpg 1024w, https:\/\/www.radiopiu.net\/wordpress\/wp-content\/uploads\/2024\/09\/c92dfa61-4ad0-43fd-bd6a-1bc125f4ce72-768x576.jpg 768w, https:\/\/www.radiopiu.net\/wordpress\/wp-content\/uploads\/2024\/09\/c92dfa61-4ad0-43fd-bd6a-1bc125f4ce72-1536x1152.jpg 1536w, https:\/\/www.radiopiu.net\/wordpress\/wp-content\/uploads\/2024\/09\/c92dfa61-4ad0-43fd-bd6a-1bc125f4ce72.jpg 1600w\" sizes=\"auto, (max-width: 219px) 100vw, 219px\" \/><\/a>La presenza della Protezione Civile del Veneto \u00e8 gi\u00e0 stata confermata almeno fino al 25 settembre. Il nuovo contingente veneto partir\u00e0 la mattina di domenica 22, con inizio attivit\u00e0 h 8:30; le localit\u00e0 in cui sono previsti gli interventi sono Faenza e Brisighella; il nuovo contingente sar\u00e0 composto da n. 2 squadre per ciascuna Provincia\/Citt\u00e0 Metropolitana e n. 2 squadre dell&#8217; Associazione Nazionale Alpini.<br \/>\nDa domenica ci sar\u00e0 anche l&#8217;avvicendamento delle squadre AGESCI presso l&#8217;UCL (unit\u00e0 di comando locale) del Veneto.<\/p>\n<p>Su richiesta del Dipartimento della Protezione Civile nazionale sono operative gi\u00e0 da ieri in Emilia Romagna parecchie squadre di volontari della Protezione Civile Veneto Sono state chieste squadre per il rischio idrogeologico e squadre per il salvamento in acqua.<br \/>\nLa zona di intervento assegnata al Veneto \u00e8 costituita dai comuni di Brisighella, Riolo Terme e Casola.Nel corso della mattinata \u00e8 stato chiesta alle nostre squadre di intervenire anche a Faenza e San Lazzaro di Savena.Gli interventi richiesti sono quasi esclusivamente di svuotamento e pulizia di edifici a seguito di allagamenti.<\/p>\n<p>&nbsp;<\/p>\n<p>&nbsp;<\/p>\n<p>&nbsp;<\/p>\n<hr \/>\n<blockquote>\n<h3><a class=\"dt-pswp-item\" href=\"https:\/\/www.radiopiu.net\/wordpress\/wp-content\/uploads\/2024\/09\/2bc6168c-702d-4d8f-9e26-d83b6328694c.jpg\" data-dt-img-description=\"\" data-large_image_width=\"1600\" data-large_image_height=\"720\"><img loading=\"lazy\" decoding=\"async\" class=\"size-medium wp-image-410360 alignleft\" src=\"https:\/\/www.radiopiu.net\/wordpress\/wp-content\/uploads\/2024\/09\/2bc6168c-702d-4d8f-9e26-d83b6328694c-300x135.jpg\" alt=\"\" width=\"300\" height=\"135\" srcset=\"https:\/\/www.radiopiu.net\/wordpress\/wp-content\/uploads\/2024\/09\/2bc6168c-702d-4d8f-9e26-d83b6328694c-300x135.jpg 300w, https:\/\/www.radiopiu.net\/wordpress\/wp-content\/uploads\/2024\/09\/2bc6168c-702d-4d8f-9e26-d83b6328694c-1024x461.jpg 1024w, https:\/\/www.radiopiu.net\/wordpress\/wp-content\/uploads\/2024\/09\/2bc6168c-702d-4d8f-9e26-d83b6328694c-768x346.jpg 768w, https:\/\/www.radiopiu.net\/wordpress\/wp-content\/uploads\/2024\/09\/2bc6168c-702d-4d8f-9e26-d83b6328694c-1536x691.jpg 1536w, https:\/\/www.radiopiu.net\/wordpress\/wp-content\/uploads\/2024\/09\/2bc6168c-702d-4d8f-9e26-d83b6328694c.jpg 1600w\" sizes=\"auto, (max-width: 300px) 100vw, 300px\" \/><\/a>LA PROTEZIONE CIVILE DEL BELLUNESE IN EMILIA ROMAGNA<\/h3>\n<\/blockquote>\n<p><strong>BELLUNO<\/strong> Una squadra di volontari della Protezione Civile di Auronzo \u00e8 partita per aiutare le popolazioni dell&#8217;Emilia Romagna, colpite dal maltempo, operando nella zona di Faenza. I volontari stanno lavorando per ripulire strade e piazze dal fango lasciato dall&#8217;alluvione, utilizzando un modulo antincendio boschivo. Il coordinamento provinciale sta valutando l&#8217;invio di altre tre squadre nei prossimi giorni, specializzate nell&#8217;uso di idrovore e mezzi di pulizia.<\/p>\n<p><strong>IL CONSIGLIERE PROVINCIALE MASSIMO BORTOLUZZI<\/strong><\/p>\n<audio class=\"wp-audio-shortcode\" id=\"audio-410241-8\" preload=\"none\" style=\"width: 100%;\" controls=\"controls\"><source type=\"audio\/mpeg\" src=\"https:\/\/www.radiopiu.net\/wordpress\/wp-content\/uploads\/2024\/09\/BORTOLUZZI-EMILIA-ROMAGNA.mp3?_=8\" \/><a href=\"https:\/\/www.radiopiu.net\/wordpress\/wp-content\/uploads\/2024\/09\/BORTOLUZZI-EMILIA-ROMAGNA.mp3\">https:\/\/www.radiopiu.net\/wordpress\/wp-content\/uploads\/2024\/09\/BORTOLUZZI-EMILIA-ROMAGNA.mp3<\/a><\/audio>\n<p>&nbsp;<\/p>\n<hr \/>\n<p>&nbsp;<\/p>\n<p>LA GIUDIZIARIA OGGI<br \/>\nDAL CORRIERE DELLE ALPI<br \/>\nSINTESI, GIGI SOSSO<\/p>\n<blockquote><p><strong>Assolto l\u2019impresario per la morte del boscaiolo Pietro Fanfoni<\/strong><\/p><\/blockquote>\n<p>La Corte d&#8217;Appello di Venezia ha assolto Gianvittore Zucco per la morte del boscaiolo Pietro Fanfoni, avvenuta nel 2015. Dopo tre processi e due ricorsi in Cassazione, il giudice ha stabilito che il fatto non sussiste.<\/p>\n<p>&nbsp;<\/p>\n<p>&nbsp;<\/p>\n<hr \/>\n<p>&nbsp;<\/p>\n<blockquote>\n<h3 class=\"_title post-title entry-title\">SFRATTO IN VISTA PER UNA MAMMA SINGLE E IN DIFFICOLTA\u2019: \u00abNON SO DOVE ANDARE\u00bb<\/h3>\n<\/blockquote>\n<p>Intervistati ALESSIA VEDANA (Servizio di\u00a0<a href=\"https:\/\/antennatre.medianordest.it\/redazione\/Tiziana-Bolognani\/\">Tiziana Bolognani<\/a>)<\/p>\n<p><iframe loading=\"lazy\" title=\"SFRATTO IN VISTA PER UNA MAMMA SINGLE E IN DIFFICOLTA&#039;: \u00abNON SO DOVE ANDARE\u00bb | 20\/09\/2024\" width=\"1200\" height=\"675\" src=\"https:\/\/www.youtube.com\/embed\/DjMj3qT9seI?feature=oembed\" frameborder=\"0\" allow=\"accelerometer; autoplay; clipboard-write; encrypted-media; gyroscope; picture-in-picture; web-share\" referrerpolicy=\"strict-origin-when-cross-origin\" allowfullscreen><\/iframe><\/p>\n<p>&nbsp;<\/p>\n<blockquote>\n<h3 class=\"_title post-title entry-title\">CASO SFRATTO, PICCOLI: \u00abNON ABBIAMO ALLOGGI D\u2019EMERGENZA, MA NESSUNO RIMARRA\u2019 IN STRADA\u00bb<\/h3>\n<\/blockquote>\n<p>Intervistati DANIELA PICCOLI (ASSESSORA POLITICHE SOCIALI COMUNE DI SEDICO) (Servizio di\u00a0<a href=\"https:\/\/antennatre.medianordest.it\/redazione\/Tiziana-Bolognani\/\">Tiziana Bolognani<\/a>)<\/p>\n<p><iframe loading=\"lazy\" title=\"CASO SFRATTO, PICCOLI: \u00abNON ABBIAMO ALLOGGI D&#039;EMERGENZA, MA NESSUNO RIMARRA&#039; IN STRADA\u00bb | 20\/09\/2024\" width=\"1200\" height=\"675\" src=\"https:\/\/www.youtube.com\/embed\/VsmkHgIrtZE?feature=oembed\" frameborder=\"0\" allow=\"accelerometer; autoplay; clipboard-write; encrypted-media; gyroscope; picture-in-picture; web-share\" referrerpolicy=\"strict-origin-when-cross-origin\" allowfullscreen><\/iframe><\/p>\n<hr \/>\n<p>&nbsp;<\/p>\n<blockquote>\n<h1><strong>Diritti dei consumatori: evento ADOC a Belluno con la Uil<\/strong><\/h1>\n<\/blockquote>\n<div class=\"flex max-w-full flex-col flex-grow\">\n<div class=\"min-h-[20px] text-message flex w-full flex-col items-end gap-2 whitespace-normal break-words [.text-message+&amp;]:mt-5\" dir=\"auto\" data-message-author-role=\"assistant\" data-message-id=\"a6af381d-7eb8-4147-9c02-32cef600dcd1\">\n<div class=\"flex w-full flex-col gap-1 empty:hidden first:pt-[3px]\">\n<div class=\"markdown prose w-full break-words dark:prose-invert dark\">\n<p><strong>BELLUNO<\/strong> Oggi alle 10, alla Sala Bianchi di Belluno, l&#8217;ADOC Veneto ( Associazione Difesa e Orientamento Consumatori) organizza un incontro gratuito sui diritti dei consumatori, affrontando temi come utenze, contratti e truffe. Sergio Taurino risponder\u00e0 alle domande dei cittadini<\/p>\n<p>&nbsp;<\/p>\n<hr \/>\n<p>&nbsp;<\/p>\n<blockquote><p><strong>Belluno: met\u00e0 delle badanti sono irregolari, servono fondi e formazione<\/strong><\/p><\/blockquote>\n<p><a class=\"dt-pswp-item\" href=\"https:\/\/www.radiopiu.net\/wordpress\/wp-content\/uploads\/2023\/02\/Franco-Marcuzzo.jpg\" data-dt-img-description=\"\" data-large_image_width=\"650\" data-large_image_height=\"641\"><img loading=\"lazy\" decoding=\"async\" class=\" wp-image-320209 alignleft\" src=\"https:\/\/www.radiopiu.net\/wordpress\/wp-content\/uploads\/2023\/02\/Franco-Marcuzzo-300x296.jpg\" alt=\"\" width=\"163\" height=\"161\" srcset=\"https:\/\/www.radiopiu.net\/wordpress\/wp-content\/uploads\/2023\/02\/Franco-Marcuzzo-300x296.jpg 300w, https:\/\/www.radiopiu.net\/wordpress\/wp-content\/uploads\/2023\/02\/Franco-Marcuzzo.jpg 650w\" sizes=\"auto, (max-width: 163px) 100vw, 163px\" \/><\/a><strong>BELLUNO<\/strong> In provincia di Belluno, una badante su due potrebbe lavorare in nero. Durante un seminario organizzato dalla Cisl Fnp Belluno Treviso, \u00e8 emerso che su 2.127 lavoratori domestici regolari, circa 2.286 potrebbero essere irregolari, secondo i dati Inps 2023. Il tasso di irregolarit\u00e0 nel settore \u00e8 del 51,8%, il pi\u00f9 alto rispetto ad altri ambiti lavorativi. La Cisl chiede un intervento urgente per sostenere le famiglie, migliorare la qualit\u00e0 dell\u2019assistenza agli anziani e garantire la regolarit\u00e0 dei contratti. Si propone l&#8217;istituzione di un registro di badanti formate e certificate per offrire maggiori garanzie e agevolazioni a chi assume personale regolare. Il costo di una badante regolare per 54 ore settimanali \u00e8 di circa 1.400 euro al mese. Questo porta molte famiglie a evitare la regolarizzazione, aumentando il rischio di incertezze sui diritti di entrambe le parti. La Cisl chiede maggiori investimenti nei servizi socio-sanitari per far fronte al crescente invecchiamento della popolazione e migliorare il sistema di assistenza.<\/p>\n<p>&nbsp;<\/p>\n<p>&nbsp;<\/p>\n<p>&nbsp;<\/p>\n<hr \/>\n<p>&nbsp;<\/p>\n<blockquote>\n<h2>VOLTAGO: OGGI I RICONOSCIMENTI AI BENEMERITI CITTADINI<\/h2>\n<\/blockquote>\n<p><strong><a class=\"dt-pswp-item\" href=\"https:\/\/www.radiopiu.net\/wordpress\/wp-content\/uploads\/2024\/09\/Senza-nome-48.png\" data-dt-img-description=\"\" data-large_image_width=\"480\" data-large_image_height=\"388\"><img loading=\"lazy\" decoding=\"async\" class=\"size-medium wp-image-410193 alignleft\" src=\"https:\/\/www.radiopiu.net\/wordpress\/wp-content\/uploads\/2024\/09\/Senza-nome-48-300x243.png\" alt=\"\" width=\"300\" height=\"243\" srcset=\"https:\/\/www.radiopiu.net\/wordpress\/wp-content\/uploads\/2024\/09\/Senza-nome-48-300x243.png 300w, https:\/\/www.radiopiu.net\/wordpress\/wp-content\/uploads\/2024\/09\/Senza-nome-48.png 480w\" sizes=\"auto, (max-width: 300px) 100vw, 300px\" \/><\/a>VOLTAGO<\/strong><\/p>\n<p>&nbsp;<\/p>\n<div class=\"articlePlainText\">Alle 11, nella sala polifunzionale &#8220;Gianni De Col&#8221; a Voltago. Saranno consegnate delle targhe a a: Bruno Zanvit, per tanti anni sindaco del paese, in occasione del suo 80\u00b0 compleanno; Massimilla Miana, Celeste Della Lucia e Maria Grazia Della Lucia, per 60 anni di gestione di uno storico esercizio pubblico a Frassen\u00e9 ma non solo; Candido Parissenti, per 45 anni di gestione di un negozio di macelleria e di frutta e verdura a Voltago; Laura Franceschinelli, per 30 anni di gestione della farmacia a Frassen\u00e9.<\/div>\n<p>&nbsp;<\/p>\n<p>&nbsp;<\/p>\n<p>&nbsp;<\/p>\n<hr \/>\n<p>&nbsp;<\/p>\n<blockquote>\n<h3>BUON VIAGGIO AL CORO FODOM IN TRASFERTA OLTRE MANICA<\/h3>\n<\/blockquote>\n<p><span style=\"color: #ff0000;\"><strong>DA LIVINALLONGO LORENZO SORATROI<\/strong><\/span><\/p>\n<audio class=\"wp-audio-shortcode\" id=\"audio-410241-9\" preload=\"none\" style=\"width: 100%;\" controls=\"controls\"><source type=\"audio\/mpeg\" src=\"https:\/\/www.radiopiu.net\/wordpress\/wp-content\/uploads\/2024\/09\/CORO-FODOM-ALLESTERO-1.mp3?_=9\" \/><a href=\"https:\/\/www.radiopiu.net\/wordpress\/wp-content\/uploads\/2024\/09\/CORO-FODOM-ALLESTERO-1.mp3\">https:\/\/www.radiopiu.net\/wordpress\/wp-content\/uploads\/2024\/09\/CORO-FODOM-ALLESTERO-1.mp3<\/a><\/audio>\n<p>&nbsp;<\/p>\n<p><img decoding=\"async\" src=\"https:\/\/www.radiopiu.net\/wordpress\/wp-content\/uploads\/2024\/01\/coro-fodom.jpg\" \/><\/p>\n<p>&nbsp;<\/p>\n<hr \/>\n<p>&nbsp;<\/p>\n<blockquote>\n<h3>CENTINAIA DI STUDENTI A LONGARONE FIERE PER CARRIERA 360<\/h3>\n<\/blockquote>\n<p><strong><a class=\"dt-pswp-item\" href=\"https:\/\/www.radiopiu.net\/wordpress\/wp-content\/uploads\/2024\/09\/2c820715-77e3-42f1-9dec-f3b8f8b69f21-scaled.jpg\" data-dt-img-description=\"\" data-large_image_width=\"2560\" data-large_image_height=\"1920\"><img loading=\"lazy\" decoding=\"async\" class=\" wp-image-410288 alignleft\" src=\"https:\/\/www.radiopiu.net\/wordpress\/wp-content\/uploads\/2024\/09\/2c820715-77e3-42f1-9dec-f3b8f8b69f21-300x225.jpg\" alt=\"\" width=\"152\" height=\"114\" srcset=\"https:\/\/www.radiopiu.net\/wordpress\/wp-content\/uploads\/2024\/09\/2c820715-77e3-42f1-9dec-f3b8f8b69f21-300x225.jpg 300w, https:\/\/www.radiopiu.net\/wordpress\/wp-content\/uploads\/2024\/09\/2c820715-77e3-42f1-9dec-f3b8f8b69f21-1024x768.jpg 1024w, https:\/\/www.radiopiu.net\/wordpress\/wp-content\/uploads\/2024\/09\/2c820715-77e3-42f1-9dec-f3b8f8b69f21-768x576.jpg 768w, https:\/\/www.radiopiu.net\/wordpress\/wp-content\/uploads\/2024\/09\/2c820715-77e3-42f1-9dec-f3b8f8b69f21-1536x1152.jpg 1536w, https:\/\/www.radiopiu.net\/wordpress\/wp-content\/uploads\/2024\/09\/2c820715-77e3-42f1-9dec-f3b8f8b69f21-2048x1536.jpg 2048w\" sizes=\"auto, (max-width: 152px) 100vw, 152px\" \/><\/a>LONGARONE<\/strong> Grande successo nei padiglioni di Longarone Fiere per la seconda edizione di \u201cCarriera 360\u00b0: da studente a professionista\u201d: l&#8217;evento promosso dal Consiglio giovanile di Belluno ha mobilitato centinaia di studenti e decine di realt\u00e0 economiche della provincia.<\/p>\n<p><strong>DI DANIELE DALVIT<\/strong><\/p>\n<audio class=\"wp-audio-shortcode\" id=\"audio-410241-10\" preload=\"none\" style=\"width: 100%;\" controls=\"controls\"><source type=\"audio\/mpeg\" src=\"https:\/\/www.radiopiu.net\/wordpress\/wp-content\/uploads\/2024\/09\/Servizio-Seconda-edizione-Carriera-360.mp3?_=10\" \/><a href=\"https:\/\/www.radiopiu.net\/wordpress\/wp-content\/uploads\/2024\/09\/Servizio-Seconda-edizione-Carriera-360.mp3\">https:\/\/www.radiopiu.net\/wordpress\/wp-content\/uploads\/2024\/09\/Servizio-Seconda-edizione-Carriera-360.mp3<\/a><\/audio>\n<p>&nbsp;<\/p>\n<hr \/>\n<p>&nbsp;<\/p>\n<blockquote>\n<h2 dir=\"ltr\"><a class=\"dt-pswp-item\" href=\"https:\/\/www.radiopiu.net\/wordpress\/wp-content\/uploads\/2024\/09\/Insonnia_02-scaled.jpeg\" data-dt-img-description=\"\" data-large_image_width=\"2560\" data-large_image_height=\"1150\"><img loading=\"lazy\" decoding=\"async\" class=\"size-medium wp-image-410250 alignleft\" src=\"https:\/\/www.radiopiu.net\/wordpress\/wp-content\/uploads\/2024\/09\/Insonnia_02-300x135.jpeg\" alt=\"\" width=\"300\" height=\"135\" srcset=\"https:\/\/www.radiopiu.net\/wordpress\/wp-content\/uploads\/2024\/09\/Insonnia_02-300x135.jpeg 300w, https:\/\/www.radiopiu.net\/wordpress\/wp-content\/uploads\/2024\/09\/Insonnia_02-1024x460.jpeg 1024w, https:\/\/www.radiopiu.net\/wordpress\/wp-content\/uploads\/2024\/09\/Insonnia_02-768x345.jpeg 768w, https:\/\/www.radiopiu.net\/wordpress\/wp-content\/uploads\/2024\/09\/Insonnia_02-1536x690.jpeg 1536w, https:\/\/www.radiopiu.net\/wordpress\/wp-content\/uploads\/2024\/09\/Insonnia_02-2048x920.jpeg 2048w\" sizes=\"auto, (max-width: 300px) 100vw, 300px\" \/><\/a>Il Ristorante L\u2019insonnia offre il pranzo a 120 persone con disabilit\u00e0<\/h2>\n<\/blockquote>\n<p><strong>VAL DI ZOLDO<\/strong> Ogni anno la famiglia Meneghetti, proprietaria del ristorante L\u2019Insonnia a Forno di Zoldo, offre un pranzo alle persone con disabilit\u00e0 che frequentano i Centri Diurni e le Comunit\u00e0 Alloggio della Cooperativa Societ\u00e0 Nuova. L\u2019appuntamento annuale ha origine molti anni fa, quando la famiglia, sempre particolarmente sensibile ai temi di inclusione sociale, ha conosciuto la Cooperativa Societ\u00e0 Nuova tramite un loro compaesano che frequenta uno dei Centri Diurni di Belluno ed ha invitato tutto il gruppo a pranzo. Da quel giorno l\u2019invito \u00e8 diventata una tradizione che tutte le persone frequentanti i Centri Diurni attendono con trepidazione. Oggi sono coinvolti 6 Centri Diurni tra Agordo e Belluno e 2 Comunit\u00e0 Alloggio. Ieri al pranzo offerto c\u2019erano 120 persone. Il presidente di Societ\u00e0 Nuova Federico Bristot: \u201cringraziamo di cuore la famiglia Meneghetti\u00a0 per l\u2019ospitalit\u00e0. Ricevere ogni anno il loro invito significa che il legame che abbiamo instaurato \u00e8 di quelli saldi e duraturi, quelli che, con una parola, possiamo definire amicizia.\u201d<\/p>\n<\/div>\n<\/div>\n<\/div>\n<\/div>\n<p>&nbsp;<\/p>\n<hr \/>\n<p>&nbsp;<\/p>\n<blockquote>\n<h3><a class=\"dt-pswp-item\" href=\"https:\/\/www.radiopiu.net\/wordpress\/wp-content\/uploads\/2024\/09\/INCONTRO-GDF.jpeg\" data-dt-img-description=\"\" data-large_image_width=\"1600\" data-large_image_height=\"1200\"><img loading=\"lazy\" decoding=\"async\" class=\" wp-image-410292 alignleft\" src=\"https:\/\/www.radiopiu.net\/wordpress\/wp-content\/uploads\/2024\/09\/INCONTRO-GDF-300x225.jpeg\" alt=\"\" width=\"179\" height=\"134\" srcset=\"https:\/\/www.radiopiu.net\/wordpress\/wp-content\/uploads\/2024\/09\/INCONTRO-GDF-300x225.jpeg 300w, https:\/\/www.radiopiu.net\/wordpress\/wp-content\/uploads\/2024\/09\/INCONTRO-GDF-1024x768.jpeg 1024w, https:\/\/www.radiopiu.net\/wordpress\/wp-content\/uploads\/2024\/09\/INCONTRO-GDF-768x576.jpeg 768w, https:\/\/www.radiopiu.net\/wordpress\/wp-content\/uploads\/2024\/09\/INCONTRO-GDF-1536x1152.jpeg 1536w, https:\/\/www.radiopiu.net\/wordpress\/wp-content\/uploads\/2024\/09\/INCONTRO-GDF.jpeg 1600w\" sizes=\"auto, (max-width: 179px) 100vw, 179px\" \/><\/a>GDF: IL SALUTO DEL COLLONELLO DARIO GUARINO AL SINDACO DI BELLUNO<\/h3>\n<\/blockquote>\n<p><strong>BELLUNO<\/strong> Dopo tre anni di servizio in provincia, Guarino si prepara a lasciare Belluno per un nuovo incarico ad Ancona. Durante un incontro a Palazzo Rosso, il sindaco ha ringraziato Guarino per il suo contributo alla sicurezza della comunit\u00e0 e ha lodato l&#8217;operato delle forze dell&#8217;ordine nel mantenere il Bellunese tra i territori pi\u00f9 sicuri d&#8217;Italia.<\/p>\n<p>&nbsp;<\/p>\n<p>&nbsp;<\/p>\n<hr \/>\n<p>&nbsp;<\/p>\n<blockquote>\n<h3>SENTIERO DELLA MEMORIA RIMESSO A NUOVO<\/h3>\n<\/blockquote>\n<p><strong><a class=\"dt-pswp-item\" href=\"https:\/\/www.radiopiu.net\/wordpress\/wp-content\/uploads\/2023\/07\/Diga_del_Vajont.jpg\" data-dt-img-description=\"\" data-large_image_width=\"833\" data-large_image_height=\"488\"><img loading=\"lazy\" decoding=\"async\" class=\" wp-image-343438 alignleft\" src=\"https:\/\/www.radiopiu.net\/wordpress\/wp-content\/uploads\/2023\/07\/Diga_del_Vajont-300x176.jpg\" alt=\"\" width=\"170\" height=\"100\" srcset=\"https:\/\/www.radiopiu.net\/wordpress\/wp-content\/uploads\/2023\/07\/Diga_del_Vajont-300x176.jpg 300w, https:\/\/www.radiopiu.net\/wordpress\/wp-content\/uploads\/2023\/07\/Diga_del_Vajont-768x450.jpg 768w, https:\/\/www.radiopiu.net\/wordpress\/wp-content\/uploads\/2023\/07\/Diga_del_Vajont.jpg 833w\" sizes=\"auto, (max-width: 170px) 100vw, 170px\" \/><\/a>LONGARONE<\/strong> L&#8217;amministrazione comunale di Longarone ha avviato due interventi di restyling lungo il sentiero che porta al Vajont, per migliorare la sicurezza e il decoro della zona. Il primo intervento riguarda la sistemazione del sentiero CAI n. 395, che collega Codissago al Monte Borg\u00e0. Sono stati puliti 835 metri di tracciato, rimosse piante e arbusti, livellato il percorso e installati canali per il drenaggio dell&#8217;acqua. Inoltre, \u00e8 stato restaurato un parapetto e alcuni muri a secco. Il secondo intervento, in fase avanzata, prevede il restauro del capitello di Sant&#8217;Antonio lungo l&#8217;antico sentiero Codissago-Casso, con lavori sul tetto, le facciate e gli interni.<\/p>\n<p>&nbsp;<\/p>\n<hr \/>\n<p>&nbsp;<\/p>\n<blockquote>\n<h1>Lavori quasi ultimati agli impianti sportivi Consegna ad ottobre<\/h1>\n<\/blockquote>\n<p>&nbsp;<\/p>\n<p><strong><a class=\"dt-pswp-item\" href=\"https:\/\/www.radiopiu.net\/wordpress\/wp-content\/uploads\/2024\/09\/53e3061d-7b1d-4b49-8692-cffd7d409346.jpg\" data-dt-img-description=\"\" data-large_image_width=\"2048\" data-large_image_height=\"1152\"><img loading=\"lazy\" decoding=\"async\" class=\"size-medium wp-image-410127 alignleft\" src=\"https:\/\/www.radiopiu.net\/wordpress\/wp-content\/uploads\/2024\/09\/53e3061d-7b1d-4b49-8692-cffd7d409346-300x169.jpg\" alt=\"\" width=\"300\" height=\"169\" srcset=\"https:\/\/www.radiopiu.net\/wordpress\/wp-content\/uploads\/2024\/09\/53e3061d-7b1d-4b49-8692-cffd7d409346-300x169.jpg 300w, https:\/\/www.radiopiu.net\/wordpress\/wp-content\/uploads\/2024\/09\/53e3061d-7b1d-4b49-8692-cffd7d409346-1024x576.jpg 1024w, https:\/\/www.radiopiu.net\/wordpress\/wp-content\/uploads\/2024\/09\/53e3061d-7b1d-4b49-8692-cffd7d409346-768x432.jpg 768w, https:\/\/www.radiopiu.net\/wordpress\/wp-content\/uploads\/2024\/09\/53e3061d-7b1d-4b49-8692-cffd7d409346-1536x864.jpg 1536w, https:\/\/www.radiopiu.net\/wordpress\/wp-content\/uploads\/2024\/09\/53e3061d-7b1d-4b49-8692-cffd7d409346.jpg 2048w\" sizes=\"auto, (max-width: 300px) 100vw, 300px\" \/><\/a>AGORDO<\/strong> Quante partite sotto la pioggia, anche quella mista neve, oppure sudando le proverbiali sette camice sotto il sole che ad agosto cade a picco, prima di tramontare dietro l&#8217;Agner,\u00a0 anche sull&#8217;Ivano Dorigo. Gli amanti del calcio, gli appassionati di atletica, stanno per avere un tetto sopra la testa. I lavori proseguono allo stadio del calcio, gi\u00e0 montate le strutture in ferro, ora sotto con i pannelli. Poco sopra l&#8217;altro cantiere terminato, Ora Agordo ha anche un campo sintetico bell&#8217;e terminato.<\/p>\n<p>&nbsp;<\/p>\n<p>&nbsp;<\/p>\n<p>DI GIANNI SANTOMASO<\/p>\n<audio class=\"wp-audio-shortcode\" id=\"audio-410241-11\" preload=\"none\" style=\"width: 100%;\" controls=\"controls\"><source type=\"audio\/mpeg\" src=\"https:\/\/www.radiopiu.net\/wordpress\/wp-content\/uploads\/2024\/09\/STADIO-AGORDO-GIANNI.mp3?_=11\" \/><a href=\"https:\/\/www.radiopiu.net\/wordpress\/wp-content\/uploads\/2024\/09\/STADIO-AGORDO-GIANNI.mp3\">https:\/\/www.radiopiu.net\/wordpress\/wp-content\/uploads\/2024\/09\/STADIO-AGORDO-GIANNI.mp3<\/a><\/audio>\n<p>&nbsp;<\/p>\n<p><a class=\"dt-pswp-item\" href=\"https:\/\/www.radiopiu.net\/wordpress\/wp-content\/uploads\/2024\/09\/f70f62f6-d57e-4cb9-84ce-b2a38c0976dd.jpg\" data-dt-img-description=\"\" data-large_image_width=\"2048\" data-large_image_height=\"1152\"><img loading=\"lazy\" decoding=\"async\" class=\"size-medium wp-image-410129 alignleft\" src=\"https:\/\/www.radiopiu.net\/wordpress\/wp-content\/uploads\/2024\/09\/f70f62f6-d57e-4cb9-84ce-b2a38c0976dd-300x169.jpg\" alt=\"\" width=\"300\" height=\"169\" srcset=\"https:\/\/www.radiopiu.net\/wordpress\/wp-content\/uploads\/2024\/09\/f70f62f6-d57e-4cb9-84ce-b2a38c0976dd-300x169.jpg 300w, https:\/\/www.radiopiu.net\/wordpress\/wp-content\/uploads\/2024\/09\/f70f62f6-d57e-4cb9-84ce-b2a38c0976dd-1024x576.jpg 1024w, https:\/\/www.radiopiu.net\/wordpress\/wp-content\/uploads\/2024\/09\/f70f62f6-d57e-4cb9-84ce-b2a38c0976dd-768x432.jpg 768w, https:\/\/www.radiopiu.net\/wordpress\/wp-content\/uploads\/2024\/09\/f70f62f6-d57e-4cb9-84ce-b2a38c0976dd-1536x864.jpg 1536w, https:\/\/www.radiopiu.net\/wordpress\/wp-content\/uploads\/2024\/09\/f70f62f6-d57e-4cb9-84ce-b2a38c0976dd.jpg 2048w\" sizes=\"auto, (max-width: 300px) 100vw, 300px\" \/><\/a>Nel giro di poche settimane gli impianti sportivi di Polane di Agordo hanno cambiato volto. Dopo la posa del manto sintetico al campo sportivo di allenamento a servizio del terreno di gioco principale, in questi giorni quanti hanno transitato lungo la tangenziale hanno potuto apprezzare i progressi nel montaggio della copertura della tribuna dello stadio che \u00e8 quasi ultimata. L&#8217;amministrazione comunale guidata dal sindaco Roberto Chissal\u00e8 ha cos\u00ec colto l&#8217;opportunit\u00e0 data dai fondi di confine a regia provinciale e li ha investiti, aggiungendo fondi di bilancio, per la realizzazione di un nuovo impianto: 364.858,64 euro. Il manto \u00e8 stato posato, sono state tracciate le linee, montate le porte e le panchine. Ora si attende l&#8217;ultimazione dei dettagli affinch\u00e9 l&#8217;impianto possa poi essere consegnato all&#8217;amministrazione e omologato. Per quanto riguarda la copertura della tribuna dello stadio il termine \u00e8 il 3 ottobre e l&#8217;obiettivo sembra alla portata. (circa 390 mila euro in tutto).<\/p>\n<p><a class=\"dt-pswp-item\" href=\"https:\/\/www.radiopiu.net\/wordpress\/wp-content\/uploads\/2024\/09\/90a34f4e-e7aa-4587-9188-6b8cbec0b9b0.jpg\" data-dt-img-description=\"\" data-large_image_width=\"2048\" data-large_image_height=\"1152\"><img loading=\"lazy\" decoding=\"async\" class=\"alignnone size-medium wp-image-410379\" src=\"https:\/\/www.radiopiu.net\/wordpress\/wp-content\/uploads\/2024\/09\/90a34f4e-e7aa-4587-9188-6b8cbec0b9b0-300x169.jpg\" alt=\"\" width=\"300\" height=\"169\" srcset=\"https:\/\/www.radiopiu.net\/wordpress\/wp-content\/uploads\/2024\/09\/90a34f4e-e7aa-4587-9188-6b8cbec0b9b0-300x169.jpg 300w, https:\/\/www.radiopiu.net\/wordpress\/wp-content\/uploads\/2024\/09\/90a34f4e-e7aa-4587-9188-6b8cbec0b9b0-1024x576.jpg 1024w, https:\/\/www.radiopiu.net\/wordpress\/wp-content\/uploads\/2024\/09\/90a34f4e-e7aa-4587-9188-6b8cbec0b9b0-768x432.jpg 768w, https:\/\/www.radiopiu.net\/wordpress\/wp-content\/uploads\/2024\/09\/90a34f4e-e7aa-4587-9188-6b8cbec0b9b0-1536x864.jpg 1536w, https:\/\/www.radiopiu.net\/wordpress\/wp-content\/uploads\/2024\/09\/90a34f4e-e7aa-4587-9188-6b8cbec0b9b0.jpg 2048w\" sizes=\"auto, (max-width: 300px) 100vw, 300px\" \/><\/a><a class=\"dt-pswp-item\" href=\"https:\/\/www.radiopiu.net\/wordpress\/wp-content\/uploads\/2024\/09\/364b977c-cef0-4194-b0ad-157ffb52b06f.jpg\" data-dt-img-description=\"\" data-large_image_width=\"1600\" data-large_image_height=\"900\"><img loading=\"lazy\" decoding=\"async\" class=\"alignnone size-medium wp-image-410380\" src=\"https:\/\/www.radiopiu.net\/wordpress\/wp-content\/uploads\/2024\/09\/364b977c-cef0-4194-b0ad-157ffb52b06f-300x169.jpg\" alt=\"\" width=\"300\" height=\"169\" srcset=\"https:\/\/www.radiopiu.net\/wordpress\/wp-content\/uploads\/2024\/09\/364b977c-cef0-4194-b0ad-157ffb52b06f-300x169.jpg 300w, https:\/\/www.radiopiu.net\/wordpress\/wp-content\/uploads\/2024\/09\/364b977c-cef0-4194-b0ad-157ffb52b06f-1024x576.jpg 1024w, https:\/\/www.radiopiu.net\/wordpress\/wp-content\/uploads\/2024\/09\/364b977c-cef0-4194-b0ad-157ffb52b06f-768x432.jpg 768w, https:\/\/www.radiopiu.net\/wordpress\/wp-content\/uploads\/2024\/09\/364b977c-cef0-4194-b0ad-157ffb52b06f-1536x864.jpg 1536w, https:\/\/www.radiopiu.net\/wordpress\/wp-content\/uploads\/2024\/09\/364b977c-cef0-4194-b0ad-157ffb52b06f.jpg 1600w\" sizes=\"auto, (max-width: 300px) 100vw, 300px\" \/><\/a><a class=\"dt-pswp-item\" href=\"https:\/\/www.radiopiu.net\/wordpress\/wp-content\/uploads\/2024\/09\/013c206b-0889-4fc6-bed4-0c8e7099444e.jpg\" data-dt-img-description=\"\" data-large_image_width=\"2048\" data-large_image_height=\"1152\"><img loading=\"lazy\" decoding=\"async\" class=\"alignnone size-medium wp-image-410384\" src=\"https:\/\/www.radiopiu.net\/wordpress\/wp-content\/uploads\/2024\/09\/013c206b-0889-4fc6-bed4-0c8e7099444e-300x169.jpg\" alt=\"\" width=\"300\" height=\"169\" srcset=\"https:\/\/www.radiopiu.net\/wordpress\/wp-content\/uploads\/2024\/09\/013c206b-0889-4fc6-bed4-0c8e7099444e-300x169.jpg 300w, https:\/\/www.radiopiu.net\/wordpress\/wp-content\/uploads\/2024\/09\/013c206b-0889-4fc6-bed4-0c8e7099444e-1024x576.jpg 1024w, https:\/\/www.radiopiu.net\/wordpress\/wp-content\/uploads\/2024\/09\/013c206b-0889-4fc6-bed4-0c8e7099444e-768x432.jpg 768w, https:\/\/www.radiopiu.net\/wordpress\/wp-content\/uploads\/2024\/09\/013c206b-0889-4fc6-bed4-0c8e7099444e-1536x864.jpg 1536w, https:\/\/www.radiopiu.net\/wordpress\/wp-content\/uploads\/2024\/09\/013c206b-0889-4fc6-bed4-0c8e7099444e.jpg 2048w\" sizes=\"auto, (max-width: 300px) 100vw, 300px\" \/><\/a><a class=\"dt-pswp-item\" href=\"https:\/\/www.radiopiu.net\/wordpress\/wp-content\/uploads\/2024\/09\/553cfda1-86de-4aca-888d-94d92f7707b6.jpg\" data-dt-img-description=\"\" data-large_image_width=\"2048\" data-large_image_height=\"1152\"><img loading=\"lazy\" decoding=\"async\" class=\"alignnone size-medium wp-image-410385\" src=\"https:\/\/www.radiopiu.net\/wordpress\/wp-content\/uploads\/2024\/09\/553cfda1-86de-4aca-888d-94d92f7707b6-300x169.jpg\" alt=\"\" width=\"300\" height=\"169\" srcset=\"https:\/\/www.radiopiu.net\/wordpress\/wp-content\/uploads\/2024\/09\/553cfda1-86de-4aca-888d-94d92f7707b6-300x169.jpg 300w, https:\/\/www.radiopiu.net\/wordpress\/wp-content\/uploads\/2024\/09\/553cfda1-86de-4aca-888d-94d92f7707b6-1024x576.jpg 1024w, https:\/\/www.radiopiu.net\/wordpress\/wp-content\/uploads\/2024\/09\/553cfda1-86de-4aca-888d-94d92f7707b6-768x432.jpg 768w, https:\/\/www.radiopiu.net\/wordpress\/wp-content\/uploads\/2024\/09\/553cfda1-86de-4aca-888d-94d92f7707b6-1536x864.jpg 1536w, https:\/\/www.radiopiu.net\/wordpress\/wp-content\/uploads\/2024\/09\/553cfda1-86de-4aca-888d-94d92f7707b6.jpg 2048w\" sizes=\"auto, (max-width: 300px) 100vw, 300px\" \/><\/a><a class=\"dt-pswp-item\" href=\"https:\/\/www.radiopiu.net\/wordpress\/wp-content\/uploads\/2024\/09\/4deba5ae-c7fc-4bb7-a9a0-ce37a33b9cf3.jpg\" data-dt-img-description=\"\" data-large_image_width=\"2048\" data-large_image_height=\"1518\"><img loading=\"lazy\" decoding=\"async\" class=\"alignnone size-medium wp-image-410381\" src=\"https:\/\/www.radiopiu.net\/wordpress\/wp-content\/uploads\/2024\/09\/4deba5ae-c7fc-4bb7-a9a0-ce37a33b9cf3-300x222.jpg\" alt=\"\" width=\"300\" height=\"222\" srcset=\"https:\/\/www.radiopiu.net\/wordpress\/wp-content\/uploads\/2024\/09\/4deba5ae-c7fc-4bb7-a9a0-ce37a33b9cf3-300x222.jpg 300w, https:\/\/www.radiopiu.net\/wordpress\/wp-content\/uploads\/2024\/09\/4deba5ae-c7fc-4bb7-a9a0-ce37a33b9cf3-1024x759.jpg 1024w, https:\/\/www.radiopiu.net\/wordpress\/wp-content\/uploads\/2024\/09\/4deba5ae-c7fc-4bb7-a9a0-ce37a33b9cf3-768x569.jpg 768w, https:\/\/www.radiopiu.net\/wordpress\/wp-content\/uploads\/2024\/09\/4deba5ae-c7fc-4bb7-a9a0-ce37a33b9cf3-1536x1139.jpg 1536w, https:\/\/www.radiopiu.net\/wordpress\/wp-content\/uploads\/2024\/09\/4deba5ae-c7fc-4bb7-a9a0-ce37a33b9cf3.jpg 2048w\" sizes=\"auto, (max-width: 300px) 100vw, 300px\" \/><\/a><a class=\"dt-pswp-item\" href=\"https:\/\/www.radiopiu.net\/wordpress\/wp-content\/uploads\/2024\/09\/86a83cfc-3919-4e8c-8ef3-1114f75d2070.jpg\" data-dt-img-description=\"\" data-large_image_width=\"2048\" data-large_image_height=\"1518\"><img loading=\"lazy\" decoding=\"async\" class=\"alignnone size-medium wp-image-410382\" src=\"https:\/\/www.radiopiu.net\/wordpress\/wp-content\/uploads\/2024\/09\/86a83cfc-3919-4e8c-8ef3-1114f75d2070-300x222.jpg\" alt=\"\" width=\"300\" height=\"222\" srcset=\"https:\/\/www.radiopiu.net\/wordpress\/wp-content\/uploads\/2024\/09\/86a83cfc-3919-4e8c-8ef3-1114f75d2070-300x222.jpg 300w, https:\/\/www.radiopiu.net\/wordpress\/wp-content\/uploads\/2024\/09\/86a83cfc-3919-4e8c-8ef3-1114f75d2070-1024x759.jpg 1024w, https:\/\/www.radiopiu.net\/wordpress\/wp-content\/uploads\/2024\/09\/86a83cfc-3919-4e8c-8ef3-1114f75d2070-768x569.jpg 768w, https:\/\/www.radiopiu.net\/wordpress\/wp-content\/uploads\/2024\/09\/86a83cfc-3919-4e8c-8ef3-1114f75d2070-1536x1139.jpg 1536w, https:\/\/www.radiopiu.net\/wordpress\/wp-content\/uploads\/2024\/09\/86a83cfc-3919-4e8c-8ef3-1114f75d2070.jpg 2048w\" sizes=\"auto, (max-width: 300px) 100vw, 300px\" \/><\/a><a class=\"dt-pswp-item\" href=\"https:\/\/www.radiopiu.net\/wordpress\/wp-content\/uploads\/2024\/09\/5f2a4526-17a1-44df-a857-75121cbd6c18.jpg\" data-dt-img-description=\"\" data-large_image_width=\"2048\" data-large_image_height=\"1518\"><img loading=\"lazy\" decoding=\"async\" class=\"alignnone size-medium wp-image-410383\" src=\"https:\/\/www.radiopiu.net\/wordpress\/wp-content\/uploads\/2024\/09\/5f2a4526-17a1-44df-a857-75121cbd6c18-300x222.jpg\" alt=\"\" width=\"300\" height=\"222\" srcset=\"https:\/\/www.radiopiu.net\/wordpress\/wp-content\/uploads\/2024\/09\/5f2a4526-17a1-44df-a857-75121cbd6c18-300x222.jpg 300w, https:\/\/www.radiopiu.net\/wordpress\/wp-content\/uploads\/2024\/09\/5f2a4526-17a1-44df-a857-75121cbd6c18-1024x759.jpg 1024w, https:\/\/www.radiopiu.net\/wordpress\/wp-content\/uploads\/2024\/09\/5f2a4526-17a1-44df-a857-75121cbd6c18-768x569.jpg 768w, https:\/\/www.radiopiu.net\/wordpress\/wp-content\/uploads\/2024\/09\/5f2a4526-17a1-44df-a857-75121cbd6c18-1536x1139.jpg 1536w, https:\/\/www.radiopiu.net\/wordpress\/wp-content\/uploads\/2024\/09\/5f2a4526-17a1-44df-a857-75121cbd6c18.jpg 2048w\" sizes=\"auto, (max-width: 300px) 100vw, 300px\" \/><\/a><\/p>\n<hr \/>\n<p>&nbsp;<\/p>\n<h2><span style=\"color: #ff0000;\">CONSIGLI COMUNALI IN AGORDINO<\/span><\/h2>\n<p><strong>VOLTAGO<\/strong> Consiglio comunale convocato per luned\u00ec alle 18. Quattro punti in discussione tra cui il programma triennale dei lavori 2024-2026, l&#8217;adeguamento di Via Sav\u00e0 a Frassen\u00e8 nell&#8217;intersezione con la 347 del Passo Cereda e Duran e la messa in sicurezza della strada silvopastorale &#8220;Della Gioia&#8221;.<\/p>\n<p>&nbsp;<\/p>\n<hr \/>\n<p>&nbsp;<\/p>\n<blockquote>\n<h1>Successo per il bando regionale sull&#8217;ammodernamento dei generatori inquinanti<\/h1>\n<\/blockquote>\n<p><strong><img loading=\"lazy\" decoding=\"async\" class=\"alignleft\" src=\"https:\/\/www.radiopiu.net\/wordpress\/wp-content\/uploads\/2024\/09\/oven-60292_1280.jpg\" width=\"242\" height=\"182\" \/>VENEZIA<\/strong> Oltre 2700 richieste pervenute al bando regionale, promosso dall&#8217;assessore all&#8217;Ambiente Gianpaolo Bottacin, per la sostituzione di vecchi generatori di calore con impianti a biomassa o pompe di calore. Il bando mira a ridurre le emissioni di PM10 e PM2,5, coperte fino al 100% grazie ai contributi aggiuntivi al &#8220;Conto termico&#8221;. Bottacin evidenzia l&#8217;importanza della crescente sensibilit\u00e0 ambientale tra i cittadini e annuncia un nuovo bando per la rottamazione delle auto inquinanti<\/p>\n<div style=\"width: 848px;\" class=\"wp-video\"><video class=\"wp-video-shortcode\" id=\"video-410241-1\" width=\"848\" height=\"480\" preload=\"metadata\" controls=\"controls\"><source type=\"video\/mp4\" src=\"https:\/\/www.radiopiu.net\/wordpress\/wp-content\/uploads\/2024\/09\/WhatsApp-Video-2024-09-20-at-12.16.18.mp4?_=1\" \/><a href=\"https:\/\/www.radiopiu.net\/wordpress\/wp-content\/uploads\/2024\/09\/WhatsApp-Video-2024-09-20-at-12.16.18.mp4\">https:\/\/www.radiopiu.net\/wordpress\/wp-content\/uploads\/2024\/09\/WhatsApp-Video-2024-09-20-at-12.16.18.mp4<\/a><\/video><\/div>\n<div class=\"mb-2 flex gap-3 empty:hidden -ml-2\">\n<div class=\"items-center justify-start rounded-xl p-1 flex\">\n<div class=\"flex items-center\">\n<p>&nbsp;<\/p>\n<div class=\"flex items-center pb-0\">\n<hr \/>\n<\/div>\n<blockquote>\n<h2><\/h2>\n<h2>DILLO A RADIO PIU&#8230;NUOVI IMPIANTI &#8220;NON SONO CONTRARIO, MA SARANNO RISOLUTIVI?&#8221;<\/h2>\n<\/blockquote>\n<\/div>\n<div>\n<p><strong>REDAZIONE<\/strong> Dopo una prima lettera inviata a Radio Pi\u00f9, riceviamo e pubblichiamo la riflessione di Davide Colcuc, di Colle Santa Lucia.<\/p>\n<p style=\"text-align: left;\"><a class=\"dt-pswp-item\" href=\"https:\/\/www.radiopiu.net\/wordpress\/wp-content\/uploads\/2019\/12\/SKICIVETTA2.jpg\" data-dt-img-description=\"default\" data-large_image_width=\"1723\" data-large_image_height=\"983\"><img loading=\"lazy\" decoding=\"async\" class=\"size-medium wp-image-108966 alignleft\" src=\"https:\/\/www.radiopiu.net\/wordpress\/wp-content\/uploads\/2019\/12\/SKICIVETTA2-300x171.jpg\" alt=\"\" width=\"300\" height=\"171\" srcset=\"https:\/\/www.radiopiu.net\/wordpress\/wp-content\/uploads\/2019\/12\/SKICIVETTA2-300x171.jpg 300w, https:\/\/www.radiopiu.net\/wordpress\/wp-content\/uploads\/2019\/12\/SKICIVETTA2-1024x584.jpg 1024w, https:\/\/www.radiopiu.net\/wordpress\/wp-content\/uploads\/2019\/12\/SKICIVETTA2-768x438.jpg 768w, https:\/\/www.radiopiu.net\/wordpress\/wp-content\/uploads\/2019\/12\/SKICIVETTA2-1536x876.jpg 1536w, https:\/\/www.radiopiu.net\/wordpress\/wp-content\/uploads\/2019\/12\/SKICIVETTA2.jpg 1723w\" sizes=\"auto, (max-width: 300px) 100vw, 300px\" \/><\/a><\/p>\n<p>Desidero condividere e sostenere le riflessioni del sig. Damiano Demattia in merito al nuovo collegamento sciistico in previsione tra il Civetta e il passo Giau. Nemmeno io sono contrario a tale opera, ben venga per il sistema turistico economico certamente importante per il territorio. Tuttavia, non credo che potrebbe diventare la soluzione per diminuire il traffico estivo al Passo Giau, come invece afferma l\u2019assessore Federico Caner. Le nostre comunit\u00e0 soffrono la mancanza di una viabilit\u00e0 intervalliva moderna e pi\u00f9 snella, pertanto questa \u00e8 la priorit\u00e0 urgente per il sistema economico e anche per frenare l\u2019esodo dai nostri paesi. Chiedo ai nostri amministratori di usare le risorse per realizzare i tunnel per diminuire le distanze, anche sotto al Giau: la nostra gente avrebbe la possibilit\u00e0 di raggiungere Cortina in poco tempo, cosa utile per raggiungere ospedale e scuole, come aveva proposto tempo fa la consigliera regionale Silvia Cestaro. Prendiamo esempio anche dai territori vicini a noi: Sudtirolo, Austria, Svizzera e Slovenia hanno migliorato la viabilit\u00e0 tra i loro paesi solamente grazie ai tunnel e non con gli impianti a fune! Il mio invito\/appello ai nostri amministratori regionali e locali \u00e8 di trovare delle soluzioni in questo senso, pensando in primo luogo ai residenti, ricordando a tutti che questi sono cittadini, ma anche i loro elettori.<br \/>\nDavide Colcuc<br \/>\nColle Santa Lucia<\/p>\n<p>&nbsp;<\/p>\n<blockquote>\n<h1>DILLO A RADIO PIU : Lettera Aperta all&#8217;Assessore Caner<\/h1>\n<p><em>sul Collegamento Sciistico Alleghe-Selva di Cadore-Cortina<\/em><\/p><\/blockquote>\n<p><img decoding=\"async\" class=\"alignleft\" src=\"https:\/\/www.radiopiu.net\/wordpress\/wp-content\/uploads\/2024\/09\/th-7.jpg\" \/>Da Livinallongo, Damiano Demattia esprime dubbi sul nuovo collegamento sciistico, sottolineando la necessit\u00e0 di coinvolgere l&#8217;intera popolazione locale nelle decisioni e dubitando dell&#8217;effettiva riduzione del traffico<\/p>\n<div class=\"mt-1 flex gap-3 empty:hidden -ml-2\">\n<div class=\"items-center justify-start rounded-xl p-1 flex\">\n<div class=\"flex items-center\">\n<div class=\"flex\">Riceviamo e pubblichiamo<\/div>\n<div><\/div>\n<div class=\"flex items-center pb-0\">\n<p><span style=\"font-size: x-large;\"><u><b>LIVINALLONGO 17 SETTEMBRE 2024<\/b><\/u><\/span><\/p>\n<\/div>\n<\/div>\n<\/div>\n<\/div>\n<p>Vorrei esprimere alcune considerazioni riguardo l&#8217;intervista rilasciata dall&#8217;assessore della regione Veneto Federico Caner. Si parla del nuovo collegamento sciistico previsto tra Alleghe , Selva di Cadore e Cortina. Premetto che io non sono contrario a tale collegamento se fosse il territorio che decide, ma per Lei assessore il territorio qual\u2019\u00e8? I politici e gli impiantisti? Secondo me il territorio \u00e8 tutta la popolazione dei comuni interessati la quale dovrebbe poter esprimersi a riguardo, allora si si potrebbe dire che decide il territorio! Lei insiste sul fatto che i collegamenti impiantistici faranno diminuire il traffico sui passi, ma a me pare che la grande cabinovia Bai de Dones-Son dei Prade (Cortina)non ha assolutamente fatto diminuire l\u2019 afflusso di automobili sul passo Falzarego e tale impianto non mi pare faccia numeri importanti nei passaggi. Terza cosa: mi sembra un po difficile che i turisti si fermino ad Alleghe per andare a Cortina e ritorno, anche perch\u00e9 i parcheggi in riva al lago in piena stagione siano gi\u00e0 strapieni, dove parcheggiano automobilisti e motociclisti ? Sul lago ? Ultima cosa: Lei rivendica che tanti turisti nauseati da trattamenti altoatesini vengano dalle nostre parti cercando un turismo pi\u00f9 naturale in un ambiente meno antropizzato rispetto al loro, ma mi pare che \u00e8 Lei quello che fa di tutto per concorrere alla antropizzazione del nostro territorio concorrendo a fare dei caroselli sciistici totalmente uguali a quelli in Alto Adige.<\/p>\n<p>Damiano Demattia<\/p>\n<p>&nbsp;<\/p>\n<hr \/>\n<\/div>\n<p>&nbsp;<\/p>\n<blockquote>\n<h2>16 COMUNI, DOMANI A LA VALLE AGORDINA. LO SPECIALE ALLA RADIO<\/h2>\n<p><span style=\"color: #ff0000;\"><strong>LA CONSEGNA DEL TROFEO DI ALBINO MEZZACASA ARTISTA DI CASA\u00a0<\/strong><\/span><\/p>\n<p>DI GIANNI SANTOMASO<\/p>\n<audio class=\"wp-audio-shortcode\" id=\"audio-410241-12\" preload=\"none\" style=\"width: 100%;\" controls=\"controls\"><source type=\"audio\/mpeg\" src=\"https:\/\/www.radiopiu.net\/wordpress\/wp-content\/uploads\/2024\/09\/GIANNI-16-COMUNI.mp3?_=12\" \/><a href=\"https:\/\/www.radiopiu.net\/wordpress\/wp-content\/uploads\/2024\/09\/GIANNI-16-COMUNI.mp3\">https:\/\/www.radiopiu.net\/wordpress\/wp-content\/uploads\/2024\/09\/GIANNI-16-COMUNI.mp3<\/a><\/audio>\n<p>&nbsp;<\/p>\n<p>&nbsp;<\/p>\n<p>&nbsp;<\/p><\/blockquote>\n<div>\n<p><a class=\"dt-pswp-item\" href=\"https:\/\/www.radiopiu.net\/wordpress\/wp-content\/uploads\/2024\/09\/16-comuni.jpg\" data-dt-img-description=\"\" data-large_image_width=\"1200\" data-large_image_height=\"904\"><img loading=\"lazy\" decoding=\"async\" class=\"wp-image-408711 alignleft\" src=\"https:\/\/www.radiopiu.net\/wordpress\/wp-content\/uploads\/2024\/09\/16-comuni-300x226.jpg\" alt=\"\" width=\"165\" height=\"124\" srcset=\"https:\/\/www.radiopiu.net\/wordpress\/wp-content\/uploads\/2024\/09\/16-comuni-300x226.jpg 300w, https:\/\/www.radiopiu.net\/wordpress\/wp-content\/uploads\/2024\/09\/16-comuni-1024x771.jpg 1024w, https:\/\/www.radiopiu.net\/wordpress\/wp-content\/uploads\/2024\/09\/16-comuni-768x579.jpg 768w, https:\/\/www.radiopiu.net\/wordpress\/wp-content\/uploads\/2024\/09\/16-comuni.jpg 1200w\" sizes=\"auto, (max-width: 165px) 100vw, 165px\" \/><\/a>Dagli studi di RADIOPIU, Federica Mezzacasa e Morris De Zaiacomo. La Presidente della Proloco e il Presidente dello Sci Club introducono all&#8217;atteso appuntamento di domenica, le gare, il programma, gli eventi di contorno, tutto pronto a Conaggia per una grande festa<\/p>\n<p>di Mirko Mezzacasa<\/p>\n<p>&nbsp;<\/p>\n<blockquote>\n<h2>Trofeo 16 Comuni: Agordino in Festa tra Corsa, Tradizione e Famiglia<\/h2>\n<\/blockquote>\n<blockquote><p>&nbsp;<\/p>\n<p><em><a class=\"dt-pswp-item\" href=\"https:\/\/www.radiopiu.net\/wordpress\/wp-content\/uploads\/2019\/09\/PARTENZA-16-COMUNI.jpeg\" data-dt-img-description=\"\" data-large_image_width=\"1600\" data-large_image_height=\"1200\"><img loading=\"lazy\" decoding=\"async\" class=\" wp-image-99509 alignleft\" src=\"https:\/\/www.radiopiu.net\/wordpress\/wp-content\/uploads\/2019\/09\/PARTENZA-16-COMUNI-300x225.jpeg\" alt=\"\" width=\"223\" height=\"167\" srcset=\"https:\/\/www.radiopiu.net\/wordpress\/wp-content\/uploads\/2019\/09\/PARTENZA-16-COMUNI-300x225.jpeg 300w, https:\/\/www.radiopiu.net\/wordpress\/wp-content\/uploads\/2019\/09\/PARTENZA-16-COMUNI-768x576.jpeg 768w, https:\/\/www.radiopiu.net\/wordpress\/wp-content\/uploads\/2019\/09\/PARTENZA-16-COMUNI-1024x768.jpeg 1024w, https:\/\/www.radiopiu.net\/wordpress\/wp-content\/uploads\/2019\/09\/PARTENZA-16-COMUNI.jpeg 1600w\" sizes=\"auto, (max-width: 223px) 100vw, 223px\" \/><\/a>Domani, a La Valle Agordina il Trofeo dei 16 Comuni. Nel cuore dell&#8217;Agordino, il Trofeo 16 Comuni non \u00e8 solo una gara, ma un legame che unisce generazioni. Fra atleti e famiglie, la corsa celebra radici comuni, tradizioni e sorrisi. Un&#8217;occasione per ritrovarsi, condividere e ricordare che, pi\u00f9 della competizione, conta l&#8217;incontro e la gioia di correre insieme, mano nella mano, verso il domani.<\/em><\/p><\/blockquote>\n<\/div>\n<\/div>\n<\/div>\n<p>&nbsp;<\/p>\n<p>&nbsp;<\/p>\n<p>&nbsp;<\/p>\n<div class=\"mb-2 flex gap-3 empty:hidden -ml-2\">\n<div class=\"items-center justify-start rounded-xl p-1 flex\">\n<div>\n<blockquote><p><strong>di John Francis Della Pietra_2024<\/strong><\/p><\/blockquote>\n<p>Quasi un anno \u00e8 trascorso<br \/>\nma tutto \u00e8 pronto a La Valle su ogni percorso<br \/>\nper questa nuova edizione<br \/>\nche far\u00e0 come sempre sensazione.<br \/>\nCi tengono gli organizzatori lavallesi<br \/>\ne pure i comitati dei paesi agordini.<br \/>\nEccoli l\u00e0, atleti blasonati<br \/>\no bimbi da pochi anni nati,<br \/>\ngi\u00e0 in partenza con entusiasmo preparati.<br \/>\nQualche d\u00e9faillance nelle file degli anziani,<br \/>\nfra i pi\u00f9 piccoli invece si agitano nuove mani.<br \/>\nS\u00ec, \u00e8 proprio anche una festa di famiglia,<br \/>\nove madri e padri accompagnano figlio o figlia,<br \/>\ne i nonni prendono per mano<br \/>\ni nipotini, la loro forza del domani.<br \/>\n\u00c8 pure un bel momento d\u2019incontro,<br \/>\nnon solo di agonistico scontro,<br \/>\nma di agordina socializzazione,<br \/>\nla pi\u00f9 bella annuale occasione.<br \/>\nSi mescolano le voci nelle varie dialettali inflessioni,<br \/>\nrivivono ricordi ed antiche genetiche tradizioni.<br \/>\nLo capisci quando li vedi correre o incontri i loro occhi sorridenti,<br \/>\nche sono il frutto benedetto delle nostre genti.<br \/>\nEcco, vedo gi\u00e0 alla dorata alba crescere la tensione<br \/>\ned immagino, al rosso tramonto, la felicit\u00e0 nel conviviale festone.<br \/>\nFra poco caler\u00e0 il sipario,<br \/>\nma nel cuore per un anno rester\u00e0 quest\u2019evento straordinario.<br \/>\nForza, Agordino!<br \/>\n\u00c8 un ottimo frangente per stare l\u2019un l\u2019altro vicino&#8230;<\/p>\n<p>&nbsp;<\/p>\n<p>&nbsp;<\/p>\n<p><strong><a class=\"dt-pswp-item\" href=\"https:\/\/www.radiopiu.net\/wordpress\/wp-content\/uploads\/2018\/09\/16-comuni-top-5.jpg\" data-dt-img-description=\"\" data-large_image_width=\"4000\" data-large_image_height=\"3000\"><img loading=\"lazy\" decoding=\"async\" class=\"wp-image-61695 alignleft\" src=\"https:\/\/www.radiopiu.net\/wordpress\/wp-content\/uploads\/2018\/09\/16-comuni-top-5-300x225.jpg\" alt=\"\" width=\"239\" height=\"179\" srcset=\"https:\/\/www.radiopiu.net\/wordpress\/wp-content\/uploads\/2018\/09\/16-comuni-top-5-300x225.jpg 300w, https:\/\/www.radiopiu.net\/wordpress\/wp-content\/uploads\/2018\/09\/16-comuni-top-5-768x576.jpg 768w, https:\/\/www.radiopiu.net\/wordpress\/wp-content\/uploads\/2018\/09\/16-comuni-top-5-1024x768.jpg 1024w\" sizes=\"auto, (max-width: 239px) 100vw, 239px\" \/><\/a><span style=\"color: #ff0000;\">AUDIO ALLA RADIO\u00a0<\/span><\/strong><\/p>\n<p>&nbsp;<\/p>\n<p>&nbsp;<\/p>\n<p>&nbsp;<\/p>\n<hr \/>\n<p>&nbsp;<\/p>\n<p>&nbsp;<\/p>\n<p>&nbsp;<\/p>\n<p><strong><a class=\"dt-pswp-item\" href=\"https:\/\/www.radiopiu.net\/wordpress\/wp-content\/uploads\/2019\/09\/16-comuni-prime-10-gare-3.jpg\" data-dt-img-description=\"\" data-large_image_width=\"1600\" data-large_image_height=\"1200\"><img loading=\"lazy\" decoding=\"async\" class=\"wp-image-99214 alignleft\" src=\"https:\/\/www.radiopiu.net\/wordpress\/wp-content\/uploads\/2019\/09\/16-comuni-prime-10-gare-3-300x225.jpg\" alt=\"\" width=\"212\" height=\"159\" srcset=\"https:\/\/www.radiopiu.net\/wordpress\/wp-content\/uploads\/2019\/09\/16-comuni-prime-10-gare-3-300x225.jpg 300w, https:\/\/www.radiopiu.net\/wordpress\/wp-content\/uploads\/2019\/09\/16-comuni-prime-10-gare-3-768x576.jpg 768w, https:\/\/www.radiopiu.net\/wordpress\/wp-content\/uploads\/2019\/09\/16-comuni-prime-10-gare-3-1024x768.jpg 1024w, https:\/\/www.radiopiu.net\/wordpress\/wp-content\/uploads\/2019\/09\/16-comuni-prime-10-gare-3.jpg 1600w\" sizes=\"auto, (max-width: 212px) 100vw, 212px\" \/><\/a>ALLA RADIO&#8230;<\/strong><\/p>\n<p><strong>DI WILLIAM DA ROIT<\/strong><\/p>\n<p>&nbsp;<\/p>\n<p>&nbsp;<\/p>\n<hr \/>\n<p>&nbsp;<\/p>\n<blockquote>\n<h3 dir=\"ltr\"><a class=\"dt-pswp-item\" href=\"https:\/\/www.radiopiu.net\/wordpress\/wp-content\/uploads\/2024\/09\/Foto-evento-1_.jpg\" data-dt-img-description=\"\" data-large_image_width=\"1072\" data-large_image_height=\"564\"><img loading=\"lazy\" decoding=\"async\" class=\"size-medium wp-image-410243 alignleft\" src=\"https:\/\/www.radiopiu.net\/wordpress\/wp-content\/uploads\/2024\/09\/Foto-evento-1_-300x158.jpg\" alt=\"\" width=\"300\" height=\"158\" srcset=\"https:\/\/www.radiopiu.net\/wordpress\/wp-content\/uploads\/2024\/09\/Foto-evento-1_-300x158.jpg 300w, https:\/\/www.radiopiu.net\/wordpress\/wp-content\/uploads\/2024\/09\/Foto-evento-1_-1024x539.jpg 1024w, https:\/\/www.radiopiu.net\/wordpress\/wp-content\/uploads\/2024\/09\/Foto-evento-1_-768x404.jpg 768w, https:\/\/www.radiopiu.net\/wordpress\/wp-content\/uploads\/2024\/09\/Foto-evento-1_.jpg 1072w\" sizes=\"auto, (max-width: 300px) 100vw, 300px\" \/><\/a>Aperto l&#8217;avviso di Selezione per Idee sull&#8217;Arte e Creativit\u00e0<\/h3>\n<\/blockquote>\n<p><strong>BELLUNO<\/strong> \u00c8 ufficialmente aperto l\u2019avviso di selezione per la Call for Ideas dedicata all&#8217;Arte e Creativit\u00e0, parte del progetto \u201cDal Virtuale al Reale: I Am Here for You\u201d, finanziato dalla DGR n. 729 del 22 giugno 2023. L\u2019iniziativa, promossa dal Centro Consorzi in collaborazione con vari partner, invita i giovani tra i 16 e i 29 anni a presentare idee innovative che possano contribuire a un futuro pi\u00f9 sostenibile. L\u2019obiettivo della Call for Ideas \u00e8 quello di valorizzare le proposte dei giovani, stimolando il loro coinvolgimento attivo nella definizione di percorsi formativi e professionali. Le idee selezionate saranno sviluppate all\u2019interno di un laboratorio formativo della durata di 40 ore, con un budget totale di \u20ac3.500,00 a sostegno delle attivit\u00e0 proposte. Approfondisci il progetto <a href=\"https:\/\/www.centroconsorzi.it\/dgr-729-dal-virtuale-al-reale\/\" target=\"_blank\" rel=\"noopener noreferrer\">https:\/\/www.centroconsorzi.it\/dgr-729-dal-virtuale-al-reale\/<\/a>\u00a0 Scarica l&#8217;<a href=\"https:\/\/www.centroconsorzi.it\/wp-content\/uploads\/2024\/09\/AVVISO-PUBBLICO-DI-SELEZIONE-DI-IDEE-CPROG-Arte-e-cerativita.pdf\" target=\"_blank\" rel=\"noopener\">Avviso Pubblico della Call4Ideas Arte e Creativit\u00e0 <\/a><\/p>\n<p>&nbsp;<\/p>\n<hr \/>\n<p>&nbsp;<\/p>\n<blockquote><p><strong><a class=\"dt-pswp-item\" href=\"https:\/\/www.radiopiu.net\/wordpress\/wp-content\/uploads\/2024\/09\/foto-di-gruppo-scaled.jpg\" data-dt-img-description=\"\" data-large_image_width=\"2560\" data-large_image_height=\"1920\"><img loading=\"lazy\" decoding=\"async\" class=\"size-medium wp-image-410254 alignleft\" src=\"https:\/\/www.radiopiu.net\/wordpress\/wp-content\/uploads\/2024\/09\/foto-di-gruppo-300x225.jpg\" alt=\"\" width=\"300\" height=\"225\" srcset=\"https:\/\/www.radiopiu.net\/wordpress\/wp-content\/uploads\/2024\/09\/foto-di-gruppo-300x225.jpg 300w, https:\/\/www.radiopiu.net\/wordpress\/wp-content\/uploads\/2024\/09\/foto-di-gruppo-1024x768.jpg 1024w, https:\/\/www.radiopiu.net\/wordpress\/wp-content\/uploads\/2024\/09\/foto-di-gruppo-768x576.jpg 768w, https:\/\/www.radiopiu.net\/wordpress\/wp-content\/uploads\/2024\/09\/foto-di-gruppo-1536x1152.jpg 1536w, https:\/\/www.radiopiu.net\/wordpress\/wp-content\/uploads\/2024\/09\/foto-di-gruppo-2048x1536.jpg 2048w\" sizes=\"auto, (max-width: 300px) 100vw, 300px\" \/><\/a>Riqualificazione dei pascoli alpini: parte il progetto \u201cPascoli delle terre alte\u201d<\/strong><\/p><\/blockquote>\n<p><strong>BELLUNO <\/strong>La Provincia di Belluno avvia un progetto da 370mila euro per riqualificare sei malghe, contrastando l&#8217;abbandono dei pascoli alpini. Finanziato dalla Fondazione Cariverona e Veneto Agricoltura, il progetto mira a preservare biodiversit\u00e0 e alpeggi minacciati dal bosco infestante. Saranno recuperati terreni, realizzate pozze d\u2019abbeveramento e sistemate le infrastrutture. Coinvolti partner come l&#8217;Universit\u00e0 di Padova e diverse realt\u00e0 locali. Il progetto risponde al crescente interesse dei giovani verso l&#8217;agricoltura montana, trasformandola in un settore specializzato e attrattivo. GLI INTERVENTI a Col Toront (Nevegal), Casera Pal (Alpago), F\u00f2ses (Cortina d\u2019Ampezzo), Cherz (Livinallongo), Chivion (Val Visdende) e Malga Dignas (Santo Stefano di Cadore).<\/p>\n<p>&nbsp;<\/p>\n<hr \/>\n<p>&nbsp;<\/p>\n<blockquote>\n<h2>L&#8217;energia elettrica torna alla Cascata della Soffia<\/h2>\n<\/blockquote>\n<p>&nbsp;<\/p>\n<p><strong>SOSPIROLO<\/strong> Dopo quasi 60 anni dall&#8217;alluvione del 1966, la Cascata della Soffia nel Parco delle Dolomiti Bellunesi \u00e8 stata rielettrificata. Grazie a un investimento di E-Distribuzione, \u00e8 stata realizzata una nuova linea interrata di 3,5 km e una cabina secondaria. L&#8217;intervento, rispettoso del contesto ambientale, ripristina l&#8217;energia nell&#8217;area, migliorando l&#8217;esperienza turistica. I nuovi impianti, tecnologicamente avanzati, saranno gestiti da remoto per garantire un servizio costante ed efficiente.\u201c<em>Il Comune di Sospirolo<\/em> &#8211; <strong>sottolinea il vicesindaco, Livia Cadore <\/strong>\u2013 <em>punta all&#8217;accoglienza dei suoi ospiti con nuovi servizi in Valle del Mis. L&#8217;ampia area parcheggio e l&#8217;intervento di elettrificazione da E-Distribuzione segnano un passo importante che dar\u00e0 valore al territorio e alla comunit\u00e0, nel segno dello sviluppo consapevole e della tutela dell&#8217;integrit\u00e0 di un ambiente unico che deve rimanere inalterato&#8221;.<\/em><\/p>\n<p><a class=\"dt-pswp-item\" href=\"https:\/\/www.radiopiu.net\/wordpress\/wp-content\/uploads\/2024\/09\/FOTO-LATO-CAB-CASCATA-DELLA-SOFFIA.jpg\" data-dt-img-description=\"\" data-large_image_width=\"2016\" data-large_image_height=\"1512\"><img loading=\"lazy\" decoding=\"async\" class=\"alignnone wp-image-410256\" src=\"https:\/\/www.radiopiu.net\/wordpress\/wp-content\/uploads\/2024\/09\/FOTO-LATO-CAB-CASCATA-DELLA-SOFFIA-300x225.jpg\" alt=\"\" width=\"305\" height=\"229\" srcset=\"https:\/\/www.radiopiu.net\/wordpress\/wp-content\/uploads\/2024\/09\/FOTO-LATO-CAB-CASCATA-DELLA-SOFFIA-300x225.jpg 300w, https:\/\/www.radiopiu.net\/wordpress\/wp-content\/uploads\/2024\/09\/FOTO-LATO-CAB-CASCATA-DELLA-SOFFIA-1024x768.jpg 1024w, https:\/\/www.radiopiu.net\/wordpress\/wp-content\/uploads\/2024\/09\/FOTO-LATO-CAB-CASCATA-DELLA-SOFFIA-768x576.jpg 768w, https:\/\/www.radiopiu.net\/wordpress\/wp-content\/uploads\/2024\/09\/FOTO-LATO-CAB-CASCATA-DELLA-SOFFIA-1536x1152.jpg 1536w, https:\/\/www.radiopiu.net\/wordpress\/wp-content\/uploads\/2024\/09\/FOTO-LATO-CAB-CASCATA-DELLA-SOFFIA.jpg 2016w\" sizes=\"auto, (max-width: 305px) 100vw, 305px\" \/><\/a><a class=\"dt-pswp-item\" href=\"https:\/\/www.radiopiu.net\/wordpress\/wp-content\/uploads\/2024\/09\/cascata-soffia-uscita-scaled.jpg\" data-dt-img-description=\"\" data-large_image_width=\"2560\" data-large_image_height=\"1707\"><img loading=\"lazy\" decoding=\"async\" class=\"alignnone wp-image-410257\" src=\"https:\/\/www.radiopiu.net\/wordpress\/wp-content\/uploads\/2024\/09\/cascata-soffia-uscita-300x200.jpg\" alt=\"\" width=\"342\" height=\"228\" srcset=\"https:\/\/www.radiopiu.net\/wordpress\/wp-content\/uploads\/2024\/09\/cascata-soffia-uscita-300x200.jpg 300w, https:\/\/www.radiopiu.net\/wordpress\/wp-content\/uploads\/2024\/09\/cascata-soffia-uscita-1024x683.jpg 1024w, https:\/\/www.radiopiu.net\/wordpress\/wp-content\/uploads\/2024\/09\/cascata-soffia-uscita-768x512.jpg 768w, https:\/\/www.radiopiu.net\/wordpress\/wp-content\/uploads\/2024\/09\/cascata-soffia-uscita-1536x1024.jpg 1536w, https:\/\/www.radiopiu.net\/wordpress\/wp-content\/uploads\/2024\/09\/cascata-soffia-uscita-2048x1365.jpg 2048w\" sizes=\"auto, (max-width: 342px) 100vw, 342px\" \/><\/a><\/p>\n<p>&nbsp;<\/p>\n<hr \/>\n<p>&nbsp;<\/p>\n<p>&nbsp;<\/p>\n<p>&nbsp;<\/p>\n<blockquote>\n<h3>ALLA SCOPERTA DEL TUO TALENTO MUSICALE. DOMANI AD AGORDO<\/h3>\n<\/blockquote>\n<p><strong><a class=\"dt-pswp-item\" href=\"https:\/\/www.radiopiu.net\/wordpress\/wp-content\/uploads\/2024\/09\/5b3cac0c-a825-49b4-9fc9-d2f8b2c05990-1.jpg\" data-dt-img-description=\"\" data-large_image_width=\"940\" data-large_image_height=\"940\"><img loading=\"lazy\" decoding=\"async\" class=\" wp-image-408635 alignleft\" src=\"https:\/\/www.radiopiu.net\/wordpress\/wp-content\/uploads\/2024\/09\/5b3cac0c-a825-49b4-9fc9-d2f8b2c05990-1-300x300.jpg\" alt=\"\" width=\"107\" height=\"107\" srcset=\"https:\/\/www.radiopiu.net\/wordpress\/wp-content\/uploads\/2024\/09\/5b3cac0c-a825-49b4-9fc9-d2f8b2c05990-1-300x300.jpg 300w, https:\/\/www.radiopiu.net\/wordpress\/wp-content\/uploads\/2024\/09\/5b3cac0c-a825-49b4-9fc9-d2f8b2c05990-1-150x150.jpg 150w, https:\/\/www.radiopiu.net\/wordpress\/wp-content\/uploads\/2024\/09\/5b3cac0c-a825-49b4-9fc9-d2f8b2c05990-1-768x768.jpg 768w, https:\/\/www.radiopiu.net\/wordpress\/wp-content\/uploads\/2024\/09\/5b3cac0c-a825-49b4-9fc9-d2f8b2c05990-1.jpg 940w\" sizes=\"auto, (max-width: 107px) 100vw, 107px\" \/><\/a>AGORDO <\/strong>Dalle 16 alle 18, al Centro Parrocchiale Savio di Agordo (ex Casa della Giovent\u00f9), ti aspetta un pomeriggio speciale dedicato alla scoperta del tuo talento musicale! In collaborazione con l&#8217;Associazione Culturale Arte Nuova e la Nuova Didattica Musicale Accademia Gioacchino Rossini, potrai esplorare strumenti musicali e il canto in un ambiente creativo e stimolante. Che tu sia alle prime armi o semplicemente curioso, questo \u00e8 l\u2019evento perfetto per immergerti nel mondo della musica. L\u2019ingresso \u00e8 libero! Prenota al 327 5407023 o visita <a href=\"http:\/\/www.artenuova.info\" target=\"_new\" rel=\"noopener\">www.artenuova.info<\/a><\/p>\n<p><strong>AUDIO\u00a0 OSPITE IL MAESTRO DI MUSICA, CELESTE LEVIS<\/strong><\/p>\n<p>&nbsp;<\/p>\n<p>&nbsp;<\/p>\n<\/div>\n<\/div>\n<\/div>\n<p>&nbsp;<\/p>\n<hr \/>\n<p>&nbsp;<\/p>\n<blockquote><p><strong>FelTreBande a Feltre<\/strong><\/p><\/blockquote>\n<p>Domani\u00a0 dalle 10 alle 13, si terr\u00e0 a Feltre, in Largo Castaldi, la rassegna bandistica &#8220;FelTreBande&#8221;, organizzata dal Comune di Feltre e dalla Banda Citt\u00e0 di Feltre. La manifestazione vedr\u00e0 l&#8217;esibizione di tre bande: la Banda Citt\u00e0 di Feltre, diretta da Ivan Villanova, la Societ\u00e0 Filarmonica di Crespano del Grappa con Cristiano De Agnoi, e la Banda Comunale di Moena guidata da Roberto Silvagni.<\/p>\n<p>&nbsp;<\/p>\n<hr \/>\n<p>&nbsp;<\/p>\n<p>&nbsp;<\/p>\n<blockquote><p><strong>IOGIOCO Festival 2024: Un Inno al Gioco e alla Partecipazione<\/strong><\/p><\/blockquote>\n<p><strong><a class=\"dt-pswp-item\" href=\"https:\/\/www.radiopiu.net\/wordpress\/wp-content\/uploads\/2024\/09\/Manifesto-IOGIOCO-2024.jpg\" data-dt-img-description=\"\" data-large_image_width=\"1702\" data-large_image_height=\"851\"><img loading=\"lazy\" decoding=\"async\" class=\"size-medium wp-image-409873 alignleft\" src=\"https:\/\/www.radiopiu.net\/wordpress\/wp-content\/uploads\/2024\/09\/Manifesto-IOGIOCO-2024-300x150.jpg\" alt=\"\" width=\"300\" height=\"150\" srcset=\"https:\/\/www.radiopiu.net\/wordpress\/wp-content\/uploads\/2024\/09\/Manifesto-IOGIOCO-2024-300x150.jpg 300w, https:\/\/www.radiopiu.net\/wordpress\/wp-content\/uploads\/2024\/09\/Manifesto-IOGIOCO-2024-1024x512.jpg 1024w, https:\/\/www.radiopiu.net\/wordpress\/wp-content\/uploads\/2024\/09\/Manifesto-IOGIOCO-2024-768x384.jpg 768w, https:\/\/www.radiopiu.net\/wordpress\/wp-content\/uploads\/2024\/09\/Manifesto-IOGIOCO-2024-1536x768.jpg 1536w, https:\/\/www.radiopiu.net\/wordpress\/wp-content\/uploads\/2024\/09\/Manifesto-IOGIOCO-2024.jpg 1702w\" sizes=\"auto, (max-width: 300px) 100vw, 300px\" \/><\/a>BELLUNO <\/strong>\u00a0 Terza edizione del IOGIOCO Festival. L&#8217;Assessore alla Cultura Raffaele Addamiano ha sottolineato l&#8217;importanza del gioco come diritto e strumento di relazione, citando Maria Montessori e Oliver Wendell Holmes. Daniela Nicosia ha presentato il programma, focalizzandosi sulla natura multiculturale e intergenerazionale del festival, che coinvolge attivamente i partecipanti attraverso laboratori e attivit\u00e0 creative. Andrea Caldart ha raccontato della mostra fotografica &#8220;Questa \u00e8 la mia terra&#8221;, ispirata alla sua esperienza in Thailandia. Federica De Carli ha illustrato il Metagioco, spazio di approfondimento e riflessione, mentre Daniele Giaffredo ha evidenziato il tema della deprivazione dello spazio. Il festival si terr\u00e0 dal 25 al 29 settembre 2024 presso La Casa delle Arti, con un ricco programma di eventi, spettacoli, incontri e laboratori, dedicati a tutte le et\u00e0, per promuovere il gioco come esperienza formativa e artistica.<\/p>\n<p>&nbsp;<\/p>\n<p>&nbsp;<\/p>\n<p>&nbsp;<\/p>\n<hr \/>\n<p>&nbsp;<\/p>\n<blockquote>\n<h2>Oltre le vette 2024: la montagna protagonista a Belluno<\/h2>\n<\/blockquote>\n<blockquote><p><em><a class=\"dt-pswp-item\" href=\"https:\/\/www.radiopiu.net\/wordpress\/wp-content\/uploads\/2024\/09\/OLVspettacolo-anima.jpg\" data-dt-img-description=\"\" data-large_image_width=\"2400\" data-large_image_height=\"1600\"><img loading=\"lazy\" decoding=\"async\" class=\"size-medium wp-image-410161 alignleft\" src=\"https:\/\/www.radiopiu.net\/wordpress\/wp-content\/uploads\/2024\/09\/OLVspettacolo-anima-300x200.jpg\" alt=\"\" width=\"300\" height=\"200\" srcset=\"https:\/\/www.radiopiu.net\/wordpress\/wp-content\/uploads\/2024\/09\/OLVspettacolo-anima-300x200.jpg 300w, https:\/\/www.radiopiu.net\/wordpress\/wp-content\/uploads\/2024\/09\/OLVspettacolo-anima-1024x683.jpg 1024w, https:\/\/www.radiopiu.net\/wordpress\/wp-content\/uploads\/2024\/09\/OLVspettacolo-anima-768x512.jpg 768w, https:\/\/www.radiopiu.net\/wordpress\/wp-content\/uploads\/2024\/09\/OLVspettacolo-anima-1536x1024.jpg 1536w, https:\/\/www.radiopiu.net\/wordpress\/wp-content\/uploads\/2024\/09\/OLVspettacolo-anima-2048x1365.jpg 2048w\" sizes=\"auto, (max-width: 300px) 100vw, 300px\" \/><\/a>&#8220;Oltre le vette&#8221; per gli appassionati di montagna.<\/em><\/p><\/blockquote>\n<p><strong>BELLUNO\u00a0 <\/strong>Dal 4 al 13 ottobre 2024, Belluno ospiter\u00e0 la 28a edizione di &#8220;Oltre le vette \u2013 Metafore, uomini, luoghi della montagna&#8221;. Il festival, uno dei pi\u00f9 longevi dedicati alla montagna in Italia, presenta 50 eventi che spaziano dall&#8217;alpinismo all&#8217;arte, con mostre, spettacoli e incontri. Quest\u2019anno il tema \u00e8 &#8220;Filo, philos, fil\u00f2&#8221;, esplorando il legame tra uomo e montagna attraverso diverse prospettive.<\/p>\n<p><strong>l&#8217;assessore alla Cultura Raffaele Addamiano<\/strong><\/p>\n<audio class=\"wp-audio-shortcode\" id=\"audio-410241-13\" preload=\"none\" style=\"width: 100%;\" controls=\"controls\"><source type=\"audio\/mpeg\" src=\"https:\/\/www.radiopiu.net\/wordpress\/wp-content\/uploads\/2024\/09\/addamianoOLV2024.mp3?_=13\" \/><a href=\"https:\/\/www.radiopiu.net\/wordpress\/wp-content\/uploads\/2024\/09\/addamianoOLV2024.mp3\">https:\/\/www.radiopiu.net\/wordpress\/wp-content\/uploads\/2024\/09\/addamianoOLV2024.mp3<\/a><\/audio>\n<p>&nbsp;<\/p>\n<p>&nbsp;<\/p>\n<p>&nbsp;<\/p>\n<hr \/>\n<p>&nbsp;<\/p>\n<p>&nbsp;<\/p>\n<blockquote><p><strong>Giornata Nazionale dei Piccoli Musei e Concerto d&#8217;Archi a Belluno<\/strong><\/p><\/blockquote>\n<p><strong>CANALE D&#8217;AGORDO<\/strong> Domani, il Museo Albino Luciani e la casa natale di Papa Luciani saranno visitabili gratuitamente in occasione della 7\u00aa Giornata Nazionale dei piccoli musei. I visitatori riceveranno un omaggio dal museo. Sabato 21 settembre, alle 21, nella chiesa di San Simon a Vallada Agordina, si terr\u00e0 un concerto d&#8217;archi dell&#8217;ensemble Giovani Archi Bellunesi, diretto dalla violinista Svetlana Pletneva, parte dell&#8217;Appuntamento estivo con papa Luciani<\/p>\n<p>&nbsp;<\/p>\n<p>&nbsp;<\/p>\n<p>&nbsp;<\/p>\n<hr \/>\n<p>&nbsp;<\/p>\n<h2><span style=\"color: #ff6600;\">IERI ALLA RADIO<\/span><\/h2>\n<h2><span style=\"color: #00ccff;\">&#8220;DINTORN E FORA VIA&#8221;\u00a0 IL PROGRAMMA\u00a0 A CURA DEL MUSLA<\/span><\/h2>\n<p><strong><a class=\"dt-pswp-item\" href=\"https:\/\/www.radiopiu.net\/wordpress\/wp-content\/uploads\/2023\/08\/GIORNALI.jpg\" data-dt-img-description=\"\" data-large_image_width=\"1280\" data-large_image_height=\"853\"><img loading=\"lazy\" decoding=\"async\" class=\" wp-image-350810 alignleft\" src=\"https:\/\/www.radiopiu.net\/wordpress\/wp-content\/uploads\/2023\/08\/GIORNALI-300x200.jpg\" alt=\"\" width=\"164\" height=\"109\" srcset=\"https:\/\/www.radiopiu.net\/wordpress\/wp-content\/uploads\/2023\/08\/GIORNALI-300x200.jpg 300w, https:\/\/www.radiopiu.net\/wordpress\/wp-content\/uploads\/2023\/08\/GIORNALI-1024x682.jpg 1024w, https:\/\/www.radiopiu.net\/wordpress\/wp-content\/uploads\/2023\/08\/GIORNALI-768x512.jpg 768w, https:\/\/www.radiopiu.net\/wordpress\/wp-content\/uploads\/2023\/08\/GIORNALI.jpg 1280w\" sizes=\"auto, (max-width: 164px) 100vw, 164px\" \/><\/a>PUNTATA DEL 20 SETTEMBRE MICHELA DELL&#8217;OSBEL<\/strong><\/p>\n<audio class=\"wp-audio-shortcode\" id=\"audio-410241-14\" preload=\"none\" style=\"width: 100%;\" controls=\"controls\"><source type=\"audio\/mpeg\" src=\"https:\/\/www.radiopiu.net\/wordpress\/wp-content\/uploads\/2024\/09\/MUSLA-5.mp3?_=14\" \/><a href=\"https:\/\/www.radiopiu.net\/wordpress\/wp-content\/uploads\/2024\/09\/MUSLA-5.mp3\">https:\/\/www.radiopiu.net\/wordpress\/wp-content\/uploads\/2024\/09\/MUSLA-5.mp3<\/a><\/audio>\n<p>&nbsp;<\/p>\n<h2>LA RACCOLTA COMPLETA <a href=\"https:\/\/www.radiopiu.net\/wordpress\/musla\/\"><span style=\"color: #3366ff;\">CLICCA QUI<\/span><\/a><\/h2>\n<p>&nbsp;<\/p>\n<hr \/>\n<p>&nbsp;<\/p>\n<blockquote>\n<h2><a class=\"dt-pswp-item\" href=\"https:\/\/www.radiopiu.net\/wordpress\/wp-content\/uploads\/2024\/09\/28bdb21e-f180-472d-af31-563faf9d341e.jpg\" data-dt-img-description=\"\" data-large_image_width=\"1131\" data-large_image_height=\"1600\"><img loading=\"lazy\" decoding=\"async\" class=\"wp-image-409980 alignleft\" src=\"https:\/\/www.radiopiu.net\/wordpress\/wp-content\/uploads\/2024\/09\/28bdb21e-f180-472d-af31-563faf9d341e-212x300.jpg\" alt=\"\" width=\"176\" height=\"249\" srcset=\"https:\/\/www.radiopiu.net\/wordpress\/wp-content\/uploads\/2024\/09\/28bdb21e-f180-472d-af31-563faf9d341e-212x300.jpg 212w, https:\/\/www.radiopiu.net\/wordpress\/wp-content\/uploads\/2024\/09\/28bdb21e-f180-472d-af31-563faf9d341e-724x1024.jpg 724w, https:\/\/www.radiopiu.net\/wordpress\/wp-content\/uploads\/2024\/09\/28bdb21e-f180-472d-af31-563faf9d341e-768x1086.jpg 768w, https:\/\/www.radiopiu.net\/wordpress\/wp-content\/uploads\/2024\/09\/28bdb21e-f180-472d-af31-563faf9d341e-1086x1536.jpg 1086w, https:\/\/www.radiopiu.net\/wordpress\/wp-content\/uploads\/2024\/09\/28bdb21e-f180-472d-af31-563faf9d341e.jpg 1131w\" sizes=\"auto, (max-width: 176px) 100vw, 176px\" \/><\/a><span style=\"color: #800080;\">45^ MOSTRA MERCATO A VILLA PATT DI SEDICO, CON LA PROLOCO IL 29 SETTEMBRE<\/span><\/h2>\n<\/blockquote>\n<p><strong>SEDICO<\/strong> Sar\u00e0 un&#8217;altra grande festa a fine mese a Villa Patt, con la Proloco di Sedico e i tanti appuntamenti nell&#8217;ambito delle Mostra Mercato che giunge alla 45edisione. Con Claudio Mezzavilla, presidente della Proloco parliamo dell&#8217;evento, ma anche dell&#8217;inaugurazione della panchina rossa in ricordo di Laura Forcellini e del concorso Balcone Fiorito con la collaborazione di Stefano De Paris del team Dolomiti Garden<\/p>\n<p><strong>AUDIO ospite Claudio Mezzavilla<\/strong><\/p>\n<p><strong>di mirko mezzacasa\u00a0<\/strong><\/p>\n<audio class=\"wp-audio-shortcode\" id=\"audio-410241-15\" preload=\"none\" style=\"width: 100%;\" controls=\"controls\"><source type=\"audio\/mpeg\" src=\"https:\/\/www.radiopiu.net\/wordpress\/wp-content\/uploads\/2024\/09\/CLAUDIO-MEZZAVILLA.mp3?_=15\" \/><a href=\"https:\/\/www.radiopiu.net\/wordpress\/wp-content\/uploads\/2024\/09\/CLAUDIO-MEZZAVILLA.mp3\">https:\/\/www.radiopiu.net\/wordpress\/wp-content\/uploads\/2024\/09\/CLAUDIO-MEZZAVILLA.mp3<\/a><\/audio>\n<p>&nbsp;<\/p>\n<p>&nbsp;<\/p>\n<hr \/>\n<p>&nbsp;<\/p>\n<p>&nbsp;<\/p>\n<p>&nbsp;<\/p>\n<blockquote>\n<h3><a class=\"dt-pswp-item\" href=\"https:\/\/www.radiopiu.net\/wordpress\/wp-content\/uploads\/2020\/05\/images-1.jpg\" data-dt-img-description=\"\" data-large_image_width=\"275\" data-large_image_height=\"183\"><img loading=\"lazy\" decoding=\"async\" class=\"wp-image-137672 alignleft\" src=\"https:\/\/www.radiopiu.net\/wordpress\/wp-content\/uploads\/2020\/05\/images-1.jpg\" alt=\"\" width=\"150\" height=\"100\" \/><\/a>CONFIDENZE SULL&#8217;AMORE STORIA DI DONNE, VENERDI IN SALA PELLIZZARI<\/h3>\n<\/blockquote>\n<p><strong>SOSPIROLO<\/strong><\/p>\n<p><strong>DI ROBERTO BONA\u00a0<\/strong><\/p>\n<audio class=\"wp-audio-shortcode\" id=\"audio-410241-16\" preload=\"none\" style=\"width: 100%;\" controls=\"controls\"><source type=\"audio\/wav\" src=\"https:\/\/www.radiopiu.net\/wordpress\/wp-content\/uploads\/2024\/09\/ConfidenzeSullAmore-1.wav?_=16\" \/><a href=\"https:\/\/www.radiopiu.net\/wordpress\/wp-content\/uploads\/2024\/09\/ConfidenzeSullAmore-1.wav\">https:\/\/www.radiopiu.net\/wordpress\/wp-content\/uploads\/2024\/09\/ConfidenzeSullAmore-1.wav<\/a><\/audio>\n<p>&nbsp;<\/p>\n<hr \/>\n<p>&nbsp;<\/p>\n<blockquote>\n<h3><\/h3>\n<h3>LA MOSTRA DI HANS HAACKE A BELLUNO FINO AL 29 SETTEMBRE<\/h3>\n<\/blockquote>\n<p><a class=\"dt-pswp-item\" href=\"https:\/\/www.radiopiu.net\/wordpress\/wp-content\/uploads\/2024\/09\/SCR-20240908-ophz.jpeg\" data-dt-img-description=\"Screenshot\" data-large_image_width=\"1254\" data-large_image_height=\"932\"><img loading=\"lazy\" decoding=\"async\" class=\"wp-image-408564 alignleft\" src=\"https:\/\/www.radiopiu.net\/wordpress\/wp-content\/uploads\/2024\/09\/SCR-20240908-ophz-300x223.jpeg\" alt=\"\" width=\"161\" height=\"120\" srcset=\"https:\/\/www.radiopiu.net\/wordpress\/wp-content\/uploads\/2024\/09\/SCR-20240908-ophz-300x223.jpeg 300w, https:\/\/www.radiopiu.net\/wordpress\/wp-content\/uploads\/2024\/09\/SCR-20240908-ophz-1024x761.jpeg 1024w, https:\/\/www.radiopiu.net\/wordpress\/wp-content\/uploads\/2024\/09\/SCR-20240908-ophz-768x571.jpeg 768w, https:\/\/www.radiopiu.net\/wordpress\/wp-content\/uploads\/2024\/09\/SCR-20240908-ophz.jpeg 1254w\" sizes=\"auto, (max-width: 161px) 100vw, 161px\" \/><\/a><strong>BELLUNO<\/strong><\/p>\n<p>DI ROBERTO BONA<\/p>\n<audio class=\"wp-audio-shortcode\" id=\"audio-410241-17\" preload=\"none\" style=\"width: 100%;\" controls=\"controls\"><source type=\"audio\/mpeg\" src=\"https:\/\/www.radiopiu.net\/wordpress\/wp-content\/uploads\/2024\/09\/BONA-MOSTRA-BELLUNO-SCADE-29-SETTEMBRE.mp3?_=17\" \/><a href=\"https:\/\/www.radiopiu.net\/wordpress\/wp-content\/uploads\/2024\/09\/BONA-MOSTRA-BELLUNO-SCADE-29-SETTEMBRE.mp3\">https:\/\/www.radiopiu.net\/wordpress\/wp-content\/uploads\/2024\/09\/BONA-MOSTRA-BELLUNO-SCADE-29-SETTEMBRE.mp3<\/a><\/audio>\n<p>&nbsp;<\/p>\n<hr \/>\n<p>&nbsp;<\/p>\n<blockquote class=\"wp-embedded-content\" data-secret=\"nyxHfQzRSZ\"><p><a href=\"https:\/\/www.radiopiu.net\/wordpress\/liber24\/\">LIBER, IL  MERCOLEDI ALLA RADIO CON LIANA CAVALLET<\/a><\/p><\/blockquote>\n<p><iframe loading=\"lazy\" class=\"wp-embedded-content\" sandbox=\"allow-scripts\" security=\"restricted\" style=\"position: absolute; visibility: hidden;\" title=\"&#8220;LIBER, IL  MERCOLEDI ALLA RADIO CON LIANA CAVALLET&#8221; &#8212; Radio Pi\u00f9\" src=\"https:\/\/www.radiopiu.net\/wordpress\/liber24\/embed\/#?secret=l8igQZbbUr#?secret=nyxHfQzRSZ\" data-secret=\"nyxHfQzRSZ\" width=\"600\" height=\"338\" frameborder=\"0\" marginwidth=\"0\" marginheight=\"0\" scrolling=\"no\"><\/iframe><\/p>\n<p>&nbsp;<\/p>\n<hr \/>\n<p>&nbsp;<\/p>\n<h2><span style=\"color: #ff0000;\"><a class=\"dt-pswp-item\" href=\"https:\/\/www.radiopiu.net\/wordpress\/wp-content\/uploads\/2018\/09\/appuntamenti.jpeg\" data-dt-img-description=\"\" data-large_image_width=\"800\" data-large_image_height=\"100\"><img loading=\"lazy\" decoding=\"async\" class=\"wp-image-61958 size-full aligncenter\" src=\"https:\/\/www.radiopiu.net\/wordpress\/wp-content\/uploads\/2018\/09\/appuntamenti.jpeg\" alt=\"\" width=\"800\" height=\"100\" srcset=\"https:\/\/www.radiopiu.net\/wordpress\/wp-content\/uploads\/2018\/09\/appuntamenti.jpeg 800w, https:\/\/www.radiopiu.net\/wordpress\/wp-content\/uploads\/2018\/09\/appuntamenti-300x38.jpeg 300w, https:\/\/www.radiopiu.net\/wordpress\/wp-content\/uploads\/2018\/09\/appuntamenti-768x96.jpeg 768w\" sizes=\"auto, (max-width: 800px) 100vw, 800px\" \/><\/a><\/span><\/h2>\n<p><strong><a class=\"dt-pswp-item\" href=\"https:\/\/www.radiopiu.net\/wordpress\/wp-content\/uploads\/2024\/09\/Senza-nome-37.png\" data-dt-img-description=\"SABATO A FORCELLA CAMP\" data-large_image_width=\"554\" data-large_image_height=\"809\"><img loading=\"lazy\" decoding=\"async\" class=\"size-medium wp-image-409824 alignleft\" src=\"https:\/\/www.radiopiu.net\/wordpress\/wp-content\/uploads\/2024\/09\/Senza-nome-37-205x300.png\" alt=\"\" width=\"205\" height=\"300\" srcset=\"https:\/\/www.radiopiu.net\/wordpress\/wp-content\/uploads\/2024\/09\/Senza-nome-37-205x300.png 205w, https:\/\/www.radiopiu.net\/wordpress\/wp-content\/uploads\/2024\/09\/Senza-nome-37.png 554w\" sizes=\"auto, (max-width: 205px) 100vw, 205px\" \/><\/a><\/strong><strong>FELTRE<\/strong> oggi, al rifugio Pian de Fontana, si conclude &#8220;Tra le Chine della Schiara&#8221;, ciclo di incontri sulla natura e la storia alpinistica. Ciclo di incontri con Luca Sovilla e disegnati in china da Marco Dall\u2019Armi.<\/p>\n<p><strong>AGORDO<\/strong> Oggi alle 10.30 a Forcella Camp la messa nel 26esimo anniversario dalla posa in opera del capitello. Forcella Camp facilmente raggiungibile da Malga Framont, oppure dal Rifugio Carestiato.<\/p>\n<p><strong>AGORDO<\/strong> Con il Cai\u00a0 domani escursione al Museo della Pietra e degli Scalpellini di Castellavazzo. informazioni 380.6983040 dalle ore 16.00 alle ore 21.00\u00a0 di questa sera<\/p>\n<p><b>VOLTAGO <\/b>L&#8217;amministrazione comunale oggi\u00a0 alle 11 in sala De Col consegner\u00e0 le targhe di riconoscimento<\/p>\n<p><strong>AGORDO <\/strong>Domani all&#8217;auditorium Savio dalle 16 alle 18 pomeriggio dedicato alla scoperta del talento musicale! In collaborazione con l&#8217;Associazione Culturale Arte Nuova e la Nuova Didattica Musicale Accademia Gioacchino Rossini<\/p>\n<p><strong>AGORDO<\/strong> Iniziati i corsi con L&#8217;associazione danza agordina (ADA). Settimana di prova gratuita dal 23 al 28 settembre. Vieni a scoprire la magia della danza!\u00a0 Info: 348 8062103<\/p>\n<p><strong>SEDICO<\/strong>\u00a0 Domani a Longano di Sedico si svolge la Pedonata de Le Oselete, evento non competitivo adatto alle famiglie. Due percorsi: 5 km e 10 km. Iscrizioni online entro oggi. Evento prosegue nel pomeriggio con un torneo di calcio per pulcini.<\/p>\n<h2><\/h2>\n<div>\n<div class=\"\" dir=\"auto\">\n<div id=\":r9h:\" class=\"x1iorvi4 x1pi30zi x1l90r2v x1swvt13\" data-ad-comet-preview=\"message\" data-ad-preview=\"message\">\n\n\t\t\t<style type='text\/css'>\n\t\t\t\t#gallery-1 {\n\t\t\t\t\tmargin: auto;\n\t\t\t\t}\n\t\t\t\t#gallery-1 .gallery-item {\n\t\t\t\t\tfloat: left;\n\t\t\t\t\tmargin-top: 10px;\n\t\t\t\t\ttext-align: center;\n\t\t\t\t\twidth: 25%;\n\t\t\t\t}\n\t\t\t\t#gallery-1 img {\n\t\t\t\t\tborder: 2px solid #cfcfcf;\n\t\t\t\t}\n\t\t\t\t#gallery-1 .gallery-caption {\n\t\t\t\t\tmargin-left: 0;\n\t\t\t\t}\n\t\t\t\t\/* see gallery_shortcode() in wp-includes\/media.php *\/\n\t\t\t<\/style>\n\t\t<div id='gallery-1' class='dt-gallery-container gallery galleryid-410241 gallery-columns-4 gallery-size-thumbnail'><dl class='gallery-item'>\n\t\t\t\t<dt class='gallery-icon portrait'>\n\t\t\t\t\t<a class=\"rollover rollover-zoom dt-pswp-item\" title=\"6a186ab2-14fd-4844-a5e5-55deea7abcc9\" data-dt-img-description=\"\" data-large_image_width=\"1080\" data-large_image_height=\"1529\"href='https:\/\/www.radiopiu.net\/wordpress\/wp-content\/uploads\/2024\/09\/6a186ab2-14fd-4844-a5e5-55deea7abcc9.jpg'><img loading=\"lazy\" decoding=\"async\" width=\"150\" height=\"150\" src=\"https:\/\/www.radiopiu.net\/wordpress\/wp-content\/uploads\/2024\/09\/6a186ab2-14fd-4844-a5e5-55deea7abcc9-150x150.jpg\" class=\"attachment-thumbnail size-thumbnail\" alt=\"\" aria-describedby=\"gallery-1-409915\" \/><\/a>\n\t\t\t\t<\/dt>\n\t\t\t\t\t<dd class='wp-caption-text gallery-caption' id='gallery-1-409915'>\n\t\t\t\t\tDOMENICA A LANDRIS DI SEDICO\n\t\t\t\t\t<\/dd><\/dl><dl class='gallery-item'>\n\t\t\t\t<dt class='gallery-icon portrait'>\n\t\t\t\t\t<a class=\"rollover rollover-zoom dt-pswp-item\" title=\"bd965e78-6e96-4eea-9324-7c799cd8cfa8\" data-dt-img-description=\"\" data-large_image_width=\"1467\" data-large_image_height=\"2048\"href='https:\/\/www.radiopiu.net\/wordpress\/wp-content\/uploads\/2024\/09\/bd965e78-6e96-4eea-9324-7c799cd8cfa8.jpg'><img loading=\"lazy\" decoding=\"async\" width=\"150\" height=\"150\" src=\"https:\/\/www.radiopiu.net\/wordpress\/wp-content\/uploads\/2024\/09\/bd965e78-6e96-4eea-9324-7c799cd8cfa8-150x150.jpg\" class=\"attachment-thumbnail size-thumbnail\" alt=\"\" aria-describedby=\"gallery-1-408615\" \/><\/a>\n\t\t\t\t<\/dt>\n\t\t\t\t\t<dd class='wp-caption-text gallery-caption' id='gallery-1-408615'>\n\t\t\t\t\tLA 16 COMUNI A LA VALLE\n\t\t\t\t\t<\/dd><\/dl><dl class='gallery-item'>\n\t\t\t\t<dt class='gallery-icon portrait'>\n\t\t\t\t\t<a class=\"rollover rollover-zoom dt-pswp-item\" title=\"LOC_A3_MOSTRA-RADIO_CMVI\" data-dt-img-description=\"\" data-large_image_width=\"1816\" data-large_image_height=\"2560\"href='https:\/\/www.radiopiu.net\/wordpress\/wp-content\/uploads\/2024\/08\/LOC_A3_MOSTRA-RADIO_CMVI-scaled.jpg'><img loading=\"lazy\" decoding=\"async\" width=\"150\" height=\"150\" src=\"https:\/\/www.radiopiu.net\/wordpress\/wp-content\/uploads\/2024\/08\/LOC_A3_MOSTRA-RADIO_CMVI-150x150.jpg\" class=\"attachment-thumbnail size-thumbnail\" alt=\"\" aria-describedby=\"gallery-1-403450\" \/><\/a>\n\t\t\t\t<\/dt>\n\t\t\t\t\t<dd class='wp-caption-text gallery-caption' id='gallery-1-403450'>\n\t\t\t\t\tLA MOSTRA DELLE RADIO IN VALLE IMPERINA\n\t\t\t\t\t<\/dd><\/dl><dl class='gallery-item'>\n\t\t\t\t<dt class='gallery-icon portrait'>\n\t\t\t\t\t<a class=\"rollover rollover-zoom dt-pswp-item\" title=\"WhatsApp Image 2024-08-29 at 15.33.03\" data-dt-img-description=\"\" data-large_image_width=\"1131\" data-large_image_height=\"1600\"href='https:\/\/www.radiopiu.net\/wordpress\/wp-content\/uploads\/2024\/09\/WhatsApp-Image-2024-08-29-at-15.33.03.jpeg'><img loading=\"lazy\" decoding=\"async\" width=\"150\" height=\"150\" src=\"https:\/\/www.radiopiu.net\/wordpress\/wp-content\/uploads\/2024\/09\/WhatsApp-Image-2024-08-29-at-15.33.03-150x150.jpeg\" class=\"attachment-thumbnail size-thumbnail\" alt=\"\" aria-describedby=\"gallery-1-408070\" \/><\/a>\n\t\t\t\t<\/dt>\n\t\t\t\t\t<dd class='wp-caption-text gallery-caption' id='gallery-1-408070'>\n\t\t\t\t\tFESTA DELLA BIRRA A GOSALDO\n\t\t\t\t\t<\/dd><\/dl><br style=\"clear: both\" \/><dl class='gallery-item'>\n\t\t\t\t<dt class='gallery-icon portrait'>\n\t\t\t\t\t<a class=\"rollover rollover-zoom dt-pswp-item\" title=\"03efb118-d97d-457e-b9cc-b1da6a42649b\" data-dt-img-description=\"\" data-large_image_width=\"905\" data-large_image_height=\"1280\"href='https:\/\/www.radiopiu.net\/wordpress\/wp-content\/uploads\/2024\/09\/03efb118-d97d-457e-b9cc-b1da6a42649b.jpg'><img loading=\"lazy\" decoding=\"async\" width=\"150\" height=\"150\" src=\"https:\/\/www.radiopiu.net\/wordpress\/wp-content\/uploads\/2024\/09\/03efb118-d97d-457e-b9cc-b1da6a42649b-150x150.jpg\" class=\"attachment-thumbnail size-thumbnail\" alt=\"\" aria-describedby=\"gallery-1-408383\" \/><\/a>\n\t\t\t\t<\/dt>\n\t\t\t\t\t<dd class='wp-caption-text gallery-caption' id='gallery-1-408383'>\n\t\t\t\t\tA OTTOBRE A VOLTAGO\n\t\t\t\t\t<\/dd><\/dl><dl class='gallery-item'>\n\t\t\t\t<dt class='gallery-icon portrait'>\n\t\t\t\t\t<a class=\"rollover rollover-zoom dt-pswp-item\" title=\"Locandina evento 21.09.2024\" data-dt-img-description=\"\" data-large_image_width=\"1240\" data-large_image_height=\"1754\"href='https:\/\/www.radiopiu.net\/wordpress\/wp-content\/uploads\/2024\/09\/Locandina-evento-21.09.2024.jpg'><img loading=\"lazy\" decoding=\"async\" width=\"150\" height=\"150\" src=\"https:\/\/www.radiopiu.net\/wordpress\/wp-content\/uploads\/2024\/09\/Locandina-evento-21.09.2024-150x150.jpg\" class=\"attachment-thumbnail size-thumbnail\" alt=\"\" aria-describedby=\"gallery-1-408535\" \/><\/a>\n\t\t\t\t<\/dt>\n\t\t\t\t\t<dd class='wp-caption-text gallery-caption' id='gallery-1-408535'>\n\t\t\t\t\t21 SETTEMBRE A CANALE\n\t\t\t\t\t<\/dd><\/dl><dl class='gallery-item'>\n\t\t\t\t<dt class='gallery-icon landscape'>\n\t\t\t\t\t<a class=\"rollover rollover-zoom dt-pswp-item\" title=\"5b3cac0c-a825-49b4-9fc9-d2f8b2c05990\" data-dt-img-description=\"\" data-large_image_width=\"940\" data-large_image_height=\"940\"href='https:\/\/www.radiopiu.net\/wordpress\/wp-content\/uploads\/2024\/09\/5b3cac0c-a825-49b4-9fc9-d2f8b2c05990.jpg'><img loading=\"lazy\" decoding=\"async\" width=\"150\" height=\"150\" src=\"https:\/\/www.radiopiu.net\/wordpress\/wp-content\/uploads\/2024\/09\/5b3cac0c-a825-49b4-9fc9-d2f8b2c05990-150x150.jpg\" class=\"attachment-thumbnail size-thumbnail\" alt=\"\" aria-describedby=\"gallery-1-408631\" srcset=\"https:\/\/www.radiopiu.net\/wordpress\/wp-content\/uploads\/2024\/09\/5b3cac0c-a825-49b4-9fc9-d2f8b2c05990-150x150.jpg 150w, https:\/\/www.radiopiu.net\/wordpress\/wp-content\/uploads\/2024\/09\/5b3cac0c-a825-49b4-9fc9-d2f8b2c05990-300x300.jpg 300w, https:\/\/www.radiopiu.net\/wordpress\/wp-content\/uploads\/2024\/09\/5b3cac0c-a825-49b4-9fc9-d2f8b2c05990-768x768.jpg 768w, https:\/\/www.radiopiu.net\/wordpress\/wp-content\/uploads\/2024\/09\/5b3cac0c-a825-49b4-9fc9-d2f8b2c05990.jpg 940w\" sizes=\"auto, (max-width: 150px) 100vw, 150px\" \/><\/a>\n\t\t\t\t<\/dt>\n\t\t\t\t\t<dd class='wp-caption-text gallery-caption' id='gallery-1-408631'>\n\t\t\t\t\tLEZIONI DI MUSICA AD AGORDO\n\t\t\t\t\t<\/dd><\/dl><dl class='gallery-item'>\n\t\t\t\t<dt class='gallery-icon portrait'>\n\t\t\t\t\t<a class=\"rollover rollover-zoom dt-pswp-item\" title=\"b69bb19f-4dff-44b8-8f0f-7b20d47f34a5\" data-dt-img-description=\"\" data-large_image_width=\"1133\" data-large_image_height=\"1600\"href='https:\/\/www.radiopiu.net\/wordpress\/wp-content\/uploads\/2024\/09\/b69bb19f-4dff-44b8-8f0f-7b20d47f34a5.jpg'><img loading=\"lazy\" decoding=\"async\" width=\"150\" height=\"150\" src=\"https:\/\/www.radiopiu.net\/wordpress\/wp-content\/uploads\/2024\/09\/b69bb19f-4dff-44b8-8f0f-7b20d47f34a5-150x150.jpg\" class=\"attachment-thumbnail size-thumbnail\" alt=\"\" aria-describedby=\"gallery-1-408941\" \/><\/a>\n\t\t\t\t<\/dt>\n\t\t\t\t\t<dd class='wp-caption-text gallery-caption' id='gallery-1-408941'>\n\t\t\t\t\tA FALCADE A FINE MESE\n\t\t\t\t\t<\/dd><\/dl><br style=\"clear: both\" \/><dl class='gallery-item'>\n\t\t\t\t<dt class='gallery-icon portrait'>\n\t\t\t\t\t<a class=\"rollover rollover-zoom dt-pswp-item\" title=\"459441018_1444029149639781_6588175937352575299_n\" data-dt-img-description=\"\" data-large_image_width=\"509\" data-large_image_height=\"720\"href='https:\/\/www.radiopiu.net\/wordpress\/wp-content\/uploads\/2024\/09\/459441018_1444029149639781_6588175937352575299_n.jpg'><img loading=\"lazy\" decoding=\"async\" width=\"150\" height=\"150\" src=\"https:\/\/www.radiopiu.net\/wordpress\/wp-content\/uploads\/2024\/09\/459441018_1444029149639781_6588175937352575299_n-150x150.jpg\" class=\"attachment-thumbnail size-thumbnail\" alt=\"\" aria-describedby=\"gallery-1-409029\" \/><\/a>\n\t\t\t\t<\/dt>\n\t\t\t\t\t<dd class='wp-caption-text gallery-caption' id='gallery-1-409029'>\n\t\t\t\t\tsabato 21 a voltago\n\t\t\t\t\t<\/dd><\/dl><dl class='gallery-item'>\n\t\t\t\t<dt class='gallery-icon portrait'>\n\t\t\t\t\t<a class=\"rollover rollover-zoom dt-pswp-item\" title=\"Manifesto de El d\u00ec del Trator\" data-dt-img-description=\"\" data-large_image_width=\"1144\" data-large_image_height=\"1600\"href='https:\/\/www.radiopiu.net\/wordpress\/wp-content\/uploads\/2024\/09\/Manifesto-de-El-di-del-Trator.jpeg'><img loading=\"lazy\" decoding=\"async\" width=\"150\" height=\"150\" src=\"https:\/\/www.radiopiu.net\/wordpress\/wp-content\/uploads\/2024\/09\/Manifesto-de-El-di-del-Trator-150x150.jpeg\" class=\"attachment-thumbnail size-thumbnail\" alt=\"\" aria-describedby=\"gallery-1-410274\" \/><\/a>\n\t\t\t\t<\/dt>\n\t\t\t\t\t<dd class='wp-caption-text gallery-caption' id='gallery-1-410274'>\n\t\t\t\t\tIL 6 OTTOBRE A CANALE D&#8217;AGORDO\n\t\t\t\t\t<\/dd><\/dl>\n\t\t\t\t<br style='clear: both' \/>\n\t\t\t<\/div>\n\n<p>&nbsp;<\/p>\n<hr \/>\n<p>&nbsp;<\/p>\n<p>&nbsp;<\/p>\n<\/div>\n<\/div>\n<\/div>\n<p><a class=\"dt-pswp-item\" href=\"https:\/\/www.radiopiu.net\/wordpress\/wp-content\/uploads\/2018\/09\/WhatsApp-Image-2018-09-20-at-16.04.06.jpeg\" data-dt-img-description=\"\" data-large_image_width=\"800\" data-large_image_height=\"100\"><img loading=\"lazy\" decoding=\"async\" class=\"wp-image-61378 size-full aligncenter\" src=\"https:\/\/www.radiopiu.net\/wordpress\/wp-content\/uploads\/2018\/09\/WhatsApp-Image-2018-09-20-at-16.04.06.jpeg\" alt=\"\" width=\"800\" height=\"100\" srcset=\"https:\/\/www.radiopiu.net\/wordpress\/wp-content\/uploads\/2018\/09\/WhatsApp-Image-2018-09-20-at-16.04.06.jpeg 800w, https:\/\/www.radiopiu.net\/wordpress\/wp-content\/uploads\/2018\/09\/WhatsApp-Image-2018-09-20-at-16.04.06-300x38.jpeg 300w, https:\/\/www.radiopiu.net\/wordpress\/wp-content\/uploads\/2018\/09\/WhatsApp-Image-2018-09-20-at-16.04.06-768x96.jpeg 768w\" sizes=\"auto, (max-width: 800px) 100vw, 800px\" \/><\/a><\/p>\n<p><center><\/center><b>OGGI: <\/b>Al mattino poco nuvoloso dopo il dissolvimento di nubi basse anche estese in qualche valle. Dal mezzogiorno e nel pomeriggio annuvolamenti irregolari su Dolomiti con cielo parzialmente nuvoloso, poco nuvoloso su Prealpi. In serata nuova formazione di nubi basse nelle valli. <b>Precipitazioni: <\/b>Non del tutto escluso un breve piovasco nel pomeriggio\u00a0 <b>Temperature: <\/b>In lieve aumento le massime, in locale diminuzione le minime nelle valli e sugli altopiani prealpini.<\/p>\n<hr \/>\n<p><center><\/center><b>DOMANI : <\/b>Fino a met\u00e0 mattino possibili nubi basse anche estese su Dolomiti, in graduale dissolvimento in giornata con cielo poco o parzialmente nuvoloso per velature e addensamenti tra le ore centrali e nel pomeriggio specie su Dolomiti. Dalla sera generale aumento della nuvolosit\u00e0. <b>Precipitazioni: <\/b>Assenti <b>Temperature: <\/b>minime stazionarie, massime in generale aumento.<\/p>\n<hr \/>\n<p><center><\/center><strong>LUNEDI<\/strong> Aumento della nuvolosit\u00e0 fino a nuvoloso o molto nuvoloso ovunque con qualche residua schiarita al mattino su Dolomiti. Prime deboli precipitazioni possibili in mattinata su Prealpi, dal pomeriggio\/sera su Dolomiti con neve sulle cime dolomitiche pi\u00f9 elevate. Temperature massime in generale calo.<\/p>\n<hr \/>\n<p><center><\/center><strong>MARTEDI<\/strong> Fino al mattino molto nuvoloso con deboli piogge. Dal mezzogiorno e nel pomeriggio tendenza a variabilit\u00e0 con schiarite ma ancora possibile qualche precipitazione sparsa. Neve a 2600-2800 m Temperature senza notevoli variazioni.<\/p>\n<p>&nbsp;<\/p>\n<hr \/>\n<p>&nbsp;<\/p>\n<p><a class=\"dt-pswp-item\" href=\"https:\/\/www.radiopiu.net\/wordpress\/wp-content\/uploads\/2018\/09\/sport.jpg\" data-dt-img-description=\"\" data-large_image_width=\"800\" data-large_image_height=\"100\"><img loading=\"lazy\" decoding=\"async\" class=\"aligncenter wp-image-60761 size-full\" src=\"https:\/\/www.radiopiu.net\/wordpress\/wp-content\/uploads\/2018\/09\/sport.jpg\" alt=\"\" width=\"800\" height=\"100\" srcset=\"https:\/\/www.radiopiu.net\/wordpress\/wp-content\/uploads\/2018\/09\/sport.jpg 800w, https:\/\/www.radiopiu.net\/wordpress\/wp-content\/uploads\/2018\/09\/sport-300x38.jpg 300w, https:\/\/www.radiopiu.net\/wordpress\/wp-content\/uploads\/2018\/09\/sport-768x96.jpg 768w\" sizes=\"auto, (max-width: 800px) 100vw, 800px\" \/>\u00a0<\/a><\/p>\n<p><span style=\"color: #0000ff;\"><strong>HOCKEY SU GHIACCIO<\/strong><\/span><\/p>\n<blockquote>\n<h3>L\u2019ALLEGHE RIPARTE DA CALDARO<\/h3>\n<\/blockquote>\n<p><strong><del><a class=\"dt-pswp-item\" href=\"https:\/\/www.radiopiu.net\/wordpress\/wp-content\/uploads\/2024\/09\/b8044cb9-6e2c-4109-8a85-bd5e7388c1bd.jpeg\" data-dt-img-description=\"\" data-large_image_width=\"1080\" data-large_image_height=\"1080\"><img loading=\"lazy\" decoding=\"async\" class=\" wp-image-410216 alignleft\" src=\"https:\/\/www.radiopiu.net\/wordpress\/wp-content\/uploads\/2024\/09\/b8044cb9-6e2c-4109-8a85-bd5e7388c1bd-300x300.jpeg\" alt=\"\" width=\"152\" height=\"152\" srcset=\"https:\/\/www.radiopiu.net\/wordpress\/wp-content\/uploads\/2024\/09\/b8044cb9-6e2c-4109-8a85-bd5e7388c1bd-300x300.jpeg 300w, https:\/\/www.radiopiu.net\/wordpress\/wp-content\/uploads\/2024\/09\/b8044cb9-6e2c-4109-8a85-bd5e7388c1bd-1024x1024.jpeg 1024w, https:\/\/www.radiopiu.net\/wordpress\/wp-content\/uploads\/2024\/09\/b8044cb9-6e2c-4109-8a85-bd5e7388c1bd-150x150.jpeg 150w, https:\/\/www.radiopiu.net\/wordpress\/wp-content\/uploads\/2024\/09\/b8044cb9-6e2c-4109-8a85-bd5e7388c1bd-768x768.jpeg 768w, https:\/\/www.radiopiu.net\/wordpress\/wp-content\/uploads\/2024\/09\/b8044cb9-6e2c-4109-8a85-bd5e7388c1bd.jpeg 1080w\" sizes=\"auto, (max-width: 152px) 100vw, 152px\" \/><\/a><\/del>DI ROBERTO MIANA, PORTAVOCE DELL\u2019ALLEGHE HOCKEY<\/strong><\/p>\n<p>Torna il campionato IHL di hockey su ghiaccio, con l\u2019Alleghe che esordisce Sabato 21 settembre alle 19:30 sul difficile ghiaccio dei Lucci di Caldaro. La squadra del neo coach finlandese Vesa Surenkin \u00e8 chiamata subito ad un difficile match contro, a detta dei ben informati, una delle candidate pi\u00f9 accreditate alla vittoria finale, che si pu\u00f2 avvalere di un roster di qualit\u00e0 tra i migliori del campionato.<br \/>\nNei 24 precedenti giocati in IHL tra Alleghe e Caldaro, le Civette hanno vinto 5 gare contro 19 affermazioni dei Lucci. L\u2019ultima delle tre vittorie alleghesi alla Raiffeisen Arena di Caldaro \u00e8 il 5-3 datato 21 dicembre 2019.<\/p>\n<p><strong>SV KALTERN CALDARO &#8211; ALLEGHE HOCKEY<\/strong><br \/>\nSabato 21 Settembre ore 19:30 &#8211; Raiffeisen Arena di Caldaro (Bz)<\/p>\n<p>Collegamenti in DIRETTA RADIOFONICA su Radio Pi\u00f9 (www.radiopiu.net) con \u201chockey al punto giusto\u201d, in studio Marco Gaz e da Caldaro interventi di Federico Paganin<\/p>\n<p>&nbsp;<\/p>\n<p><span style=\"color: #0000ff;\"><strong>CALCIO<\/strong><\/span><\/p>\n<blockquote>\n<h3>AGORDINA CALCIO IN CAMPO NEL FINE SETTIMANA<\/h3>\n<\/blockquote>\n<p><strong><a class=\"dt-pswp-item\" href=\"https:\/\/www.radiopiu.net\/wordpress\/wp-content\/uploads\/2022\/04\/CALCIO.jpg\" data-dt-img-description=\"\" data-large_image_width=\"1920\" data-large_image_height=\"1280\"><img loading=\"lazy\" decoding=\"async\" class=\" wp-image-270520 alignleft\" src=\"https:\/\/www.radiopiu.net\/wordpress\/wp-content\/uploads\/2022\/04\/CALCIO-300x200.jpg\" alt=\"\" width=\"165\" height=\"110\" srcset=\"https:\/\/www.radiopiu.net\/wordpress\/wp-content\/uploads\/2022\/04\/CALCIO-300x200.jpg 300w, https:\/\/www.radiopiu.net\/wordpress\/wp-content\/uploads\/2022\/04\/CALCIO-1024x683.jpg 1024w, https:\/\/www.radiopiu.net\/wordpress\/wp-content\/uploads\/2022\/04\/CALCIO-768x512.jpg 768w, https:\/\/www.radiopiu.net\/wordpress\/wp-content\/uploads\/2022\/04\/CALCIO-1536x1024.jpg 1536w, https:\/\/www.radiopiu.net\/wordpress\/wp-content\/uploads\/2022\/04\/CALCIO.jpg 1920w\" sizes=\"auto, (max-width: 165px) 100vw, 165px\" \/><\/a>DI MARCO GAZ<\/strong><\/p>\n<p><strong>REDAZIONE<\/strong> Si giocano domani le partite valide per i campionati provinciali della LND. Agordina che torna in campo con la prima squadra e con la categoria Allievi. I primi a scendere in campo saranno i pi\u00f9 giovani che alle 10 saranno chiamati a sfidare il Valbelluna nella trasferta di Borgo Valbelluna che dopo la vittoria di misura nella partita d\u2019esordio vorranno sicuramente riconfermarsi. Nel pomeriggio toccher\u00e0 alla prima squadra dell\u2019Agordina impegnata nel campionato di Terza Categoria. Dopo l\u2019esordio negativo di una settimana fa, la compagine allenata da Elvio Chiea giocher\u00e0 la prima partita stagionale in casa. All\u2019Ivano Dorigo di Agordo arriva il Valboite per una sfida che si preannuncia combattuta. Calcio d\u2019inizio alle 16:15.<\/p>\n<p>&nbsp;<\/p>\n<div class=\"flex-shrink-0 flex flex-col relative items-end\">\n<div>\n<div class=\"pt-0\">\n<div class=\"gizmo-bot-avatar flex h-8 w-8 items-center justify-center overflow-hidden rounded-full\"><span style=\"color: #0000ff;\"><strong>CICLISMO E CORSA<\/strong><\/span><\/div>\n<\/div>\n<\/div>\n<\/div>\n<div class=\"group\/conversation-turn relative flex w-full min-w-0 flex-col agent-turn\">\n<div class=\"flex-col gap-1 md:gap-3\">\n<div class=\"flex max-w-full flex-col flex-grow\">\n<div class=\"min-h-[20px] text-message flex w-full flex-col items-end gap-2 whitespace-normal break-words [.text-message+&amp;]:mt-5\" dir=\"auto\" data-message-author-role=\"assistant\" data-message-id=\"5d9f5734-02f0-496c-a76e-38d5c370253c\">\n<div class=\"flex w-full flex-col gap-1 empty:hidden first:pt-[3px]\">\n<div class=\"markdown prose w-full break-words dark:prose-invert dark\">\n<p><strong><a class=\"dt-pswp-item\" href=\"https:\/\/www.radiopiu.net\/wordpress\/wp-content\/uploads\/2024\/09\/km_vertical_cadore_2023.jpg\" data-dt-img-description=\"\" data-large_image_width=\"1900\" data-large_image_height=\"1267\"><img loading=\"lazy\" decoding=\"async\" class=\" wp-image-410249 alignleft\" src=\"https:\/\/www.radiopiu.net\/wordpress\/wp-content\/uploads\/2024\/09\/km_vertical_cadore_2023-300x200.jpg\" alt=\"\" width=\"249\" height=\"166\" srcset=\"https:\/\/www.radiopiu.net\/wordpress\/wp-content\/uploads\/2024\/09\/km_vertical_cadore_2023-300x200.jpg 300w, https:\/\/www.radiopiu.net\/wordpress\/wp-content\/uploads\/2024\/09\/km_vertical_cadore_2023-1024x683.jpg 1024w, https:\/\/www.radiopiu.net\/wordpress\/wp-content\/uploads\/2024\/09\/km_vertical_cadore_2023-768x512.jpg 768w, https:\/\/www.radiopiu.net\/wordpress\/wp-content\/uploads\/2024\/09\/km_vertical_cadore_2023-1536x1024.jpg 1536w, https:\/\/www.radiopiu.net\/wordpress\/wp-content\/uploads\/2024\/09\/km_vertical_cadore_2023.jpg 1900w\" sizes=\"auto, (max-width: 249px) 100vw, 249px\" \/><\/a>Un nuovo appuntamento per il &#8220;Grand Slam Dolomitico&#8221; <span style=\"font-family: verdana, sans-serif;\">il circuito in dodici prove che unisce ciclismo e podismo<\/span><\/strong><\/p>\n<p>Domani, Vallesella di Domegge di Cadore ospiter\u00e0 il \u201cKm Vertical del Cadore\u201d, gara di 2,7 km con 1.000 metri di dislivello. L&#8217;evento, organizzato dal Gruppo Marciatori Calalzo, sar\u00e0 valido per il Campionato regionale Fidal assoluto e Master. Il percorso attraverser\u00e0 tratti di asfalto, strada bianca e sentieri nel bosco, con arrivo a Monte Croda. La gara rientra nel &#8220;Grand Slam Dolomitico&#8221; e vedr\u00e0 protagonisti i migliori atleti del circuito. <span style=\"font-family: verdana, sans-serif;\">Alla vigilia di questo nono appuntamento, la classifica generale femminile di \u201cGrand Slam Dolomitico\u201d vede al comando Martina De Silvestro con 4.320 punti, davanti a Cecilia De Filippo (3.770) e Leila Bressan (2.425). Tra gli uomini guida Simone Vecellio Reane (4.494) davanti a Dante Dolmen (4.384) e a Davide Nardei (3.811).\u00a0<\/span><\/p>\n<\/div>\n<\/div>\n<\/div>\n<\/div>\n<\/div>\n<\/div>\n<p><span style=\"color: #0000ff;\"><strong>PALLAVOLO<\/strong><\/span><\/p>\n<blockquote>\n<h2><b><a class=\"dt-pswp-item\" href=\"https:\/\/www.radiopiu.net\/wordpress\/wp-content\/uploads\/2024\/09\/Loglisci_durante_un_timeout-scaled.jpg\" data-dt-img-description=\"\" data-large_image_width=\"2560\" data-large_image_height=\"1300\"><img loading=\"lazy\" decoding=\"async\" class=\"size-medium wp-image-410253 alignleft\" src=\"https:\/\/www.radiopiu.net\/wordpress\/wp-content\/uploads\/2024\/09\/Loglisci_durante_un_timeout-300x152.jpg\" alt=\"\" width=\"300\" height=\"152\" srcset=\"https:\/\/www.radiopiu.net\/wordpress\/wp-content\/uploads\/2024\/09\/Loglisci_durante_un_timeout-300x152.jpg 300w, https:\/\/www.radiopiu.net\/wordpress\/wp-content\/uploads\/2024\/09\/Loglisci_durante_un_timeout-1024x520.jpg 1024w, https:\/\/www.radiopiu.net\/wordpress\/wp-content\/uploads\/2024\/09\/Loglisci_durante_un_timeout-768x390.jpg 768w, https:\/\/www.radiopiu.net\/wordpress\/wp-content\/uploads\/2024\/09\/Loglisci_durante_un_timeout-1536x780.jpg 1536w, https:\/\/www.radiopiu.net\/wordpress\/wp-content\/uploads\/2024\/09\/Loglisci_durante_un_timeout-2048x1040.jpg 2048w\" sizes=\"auto, (max-width: 300px) 100vw, 300px\" \/><\/a>Seconda tappa a Brescia: Loglisci ritrova il suo passato<\/b><\/h2>\n<\/blockquote>\n<p>Il Belluno Volley si rimette in viaggio per una nuova trasferta. Sempre in Lombardia. E sempre per affrontare un avversario di A2, nel secondo allenamento congiunto della stagione. Dopo aver sfilato un set (su tre) alla Libertas Cant\u00f9, i rinoceronti se la vedranno con una delle compagini pi\u00f9 quotate nella seconda serie per ordine di importanza: il Gruppo Consoli Sferc Brescia. Una realt\u00e0 che, nella scorsa annata, ha alzato ben due trofei: la Coppa Italia e la Supercoppa di A2. In pi\u00f9, a un organico gi\u00e0 di spessore, ha aggiunto un campione d\u2019Europa come Oreste Cavuto, ex Itas Trentino. L\u2019appuntamento \u00e8 per domani oggi alle 17.<span class=\"gmail-Apple-converted-space\"> Gianluca Loglisci si ritrover\u00e0 di fronte al suo passato: <em>\u00abL\u2019avversario \u00e8 di altissimo rango: squadra super attrezzata, fra le candidate per salire in Superlega&#8221;.<\/em><\/span><\/p>\n<p>&nbsp;<\/p>\n<p><span style=\"color: #0000ff;\"><strong>OLIMPIADI<\/strong><\/span><\/p>\n<blockquote>\n<h3><a class=\"dt-pswp-item\" href=\"https:\/\/www.radiopiu.net\/wordpress\/wp-content\/uploads\/2024\/09\/6020677a-366e-4f76-ad20-867493802f04.jpg\" data-dt-img-description=\"\" data-large_image_width=\"1200\" data-large_image_height=\"1200\"><img loading=\"lazy\" decoding=\"async\" class=\" wp-image-410315 alignleft\" src=\"https:\/\/www.radiopiu.net\/wordpress\/wp-content\/uploads\/2024\/09\/6020677a-366e-4f76-ad20-867493802f04-300x300.jpg\" alt=\"\" width=\"154\" height=\"154\" srcset=\"https:\/\/www.radiopiu.net\/wordpress\/wp-content\/uploads\/2024\/09\/6020677a-366e-4f76-ad20-867493802f04-300x300.jpg 300w, https:\/\/www.radiopiu.net\/wordpress\/wp-content\/uploads\/2024\/09\/6020677a-366e-4f76-ad20-867493802f04-1024x1024.jpg 1024w, https:\/\/www.radiopiu.net\/wordpress\/wp-content\/uploads\/2024\/09\/6020677a-366e-4f76-ad20-867493802f04-150x150.jpg 150w, https:\/\/www.radiopiu.net\/wordpress\/wp-content\/uploads\/2024\/09\/6020677a-366e-4f76-ad20-867493802f04-768x768.jpg 768w, https:\/\/www.radiopiu.net\/wordpress\/wp-content\/uploads\/2024\/09\/6020677a-366e-4f76-ad20-867493802f04.jpg 1200w\" sizes=\"auto, (max-width: 154px) 100vw, 154px\" \/><\/a>JANNIK SINNER IL PRIMO VOLONTARIO DI MILANO CORTINA 2026<\/h3>\n<\/blockquote>\n<p>PER LE TRE RADIO BARBARA PAOLAZZI<\/p>\n<audio class=\"wp-audio-shortcode\" id=\"audio-410241-18\" preload=\"none\" style=\"width: 100%;\" controls=\"controls\"><source type=\"audio\/mpeg\" src=\"https:\/\/www.radiopiu.net\/wordpress\/wp-content\/uploads\/2024\/09\/PAOLAZZI-SINNER-PRIMO-VOLONTARIO-DI-MILANO-CORTINA.mp3?_=18\" \/><a href=\"https:\/\/www.radiopiu.net\/wordpress\/wp-content\/uploads\/2024\/09\/PAOLAZZI-SINNER-PRIMO-VOLONTARIO-DI-MILANO-CORTINA.mp3\">https:\/\/www.radiopiu.net\/wordpress\/wp-content\/uploads\/2024\/09\/PAOLAZZI-SINNER-PRIMO-VOLONTARIO-DI-MILANO-CORTINA.mp3<\/a><\/audio>\n<p>&nbsp;<\/p>\n<p>&nbsp;<\/p>\n<p>&nbsp;<\/p>\n<p>&nbsp;<\/p>\n","protected":false},"excerpt":{"rendered":"<p>** &nbsp; &nbsp; Le istituzioni latitano, la fiducia \u00e8 crollata, e i cittadini si sentono ostaggi di un servizio che sembra non avere alternative. BELLUNO I dirigenti Dolomitibus analizzano la situazione \u00abServe un po&#8217; di pazienza Con le lezioni regolari i disagi rientreranno\u00bb dichiarazione rilasciata al Corriere delle Alpi da Gabriele Mariani del consiglio di&hellip;<\/p>\n","protected":false},"author":4,"featured_media":410360,"comment_status":"closed","ping_status":"closed","sticky":false,"template":"","format":"standard","meta":{"_monsterinsights_skip_tracking":false,"_monsterinsights_sitenote_active":false,"_monsterinsights_sitenote_note":"","_monsterinsights_sitenote_category":0,"footnotes":""},"categories":[51,86,49],"tags":[],"class_list":["post-410241","post","type-post","status-publish","format-standard","has-post-thumbnail","hentry","category-evidenza-top","category-gr","category-news-18","category-51","category-86","category-49","description-off"],"img_url":"https:\/\/www.radiopiu.net\/wordpress\/wp-content\/uploads\/2024\/09\/2bc6168c-702d-4d8f-9e26-d83b6328694c.jpg","_links":{"self":[{"href":"https:\/\/www.radiopiu.net\/wordpress\/wp-json\/wp\/v2\/posts\/410241","targetHints":{"allow":["GET"]}}],"collection":[{"href":"https:\/\/www.radiopiu.net\/wordpress\/wp-json\/wp\/v2\/posts"}],"about":[{"href":"https:\/\/www.radiopiu.net\/wordpress\/wp-json\/wp\/v2\/types\/post"}],"author":[{"embeddable":true,"href":"https:\/\/www.radiopiu.net\/wordpress\/wp-json\/wp\/v2\/users\/4"}],"replies":[{"embeddable":true,"href":"https:\/\/www.radiopiu.net\/wordpress\/wp-json\/wp\/v2\/comments?post=410241"}],"version-history":[{"count":28,"href":"https:\/\/www.radiopiu.net\/wordpress\/wp-json\/wp\/v2\/posts\/410241\/revisions"}],"predecessor-version":[{"id":410398,"href":"https:\/\/www.radiopiu.net\/wordpress\/wp-json\/wp\/v2\/posts\/410241\/revisions\/410398"}],"wp:featuredmedia":[{"embeddable":true,"href":"https:\/\/www.radiopiu.net\/wordpress\/wp-json\/wp\/v2\/media\/410360"}],"wp:attachment":[{"href":"https:\/\/www.radiopiu.net\/wordpress\/wp-json\/wp\/v2\/media?parent=410241"}],"wp:term":[{"taxonomy":"category","embeddable":true,"href":"https:\/\/www.radiopiu.net\/wordpress\/wp-json\/wp\/v2\/categories?post=410241"},{"taxonomy":"post_tag","embeddable":true,"href":"https:\/\/www.radiopiu.net\/wordpress\/wp-json\/wp\/v2\/tags?post=410241"}],"curies":[{"name":"wp","href":"https:\/\/api.w.org\/{rel}","templated":true}]}}