{"id":410251,"date":"2024-09-20T14:30:49","date_gmt":"2024-09-20T12:30:49","guid":{"rendered":"https:\/\/www.radiopiu.net\/wordpress\/?p=410251"},"modified":"2024-09-20T14:30:49","modified_gmt":"2024-09-20T12:30:49","slug":"il-ristorante-linsonnia-offre-il-pranzo-a-120-persone-con-disabilita","status":"publish","type":"post","link":"https:\/\/www.radiopiu.net\/wordpress\/il-ristorante-linsonnia-offre-il-pranzo-a-120-persone-con-disabilita\/","title":{"rendered":"Il Ristorante L\u2019insonnia offre il pranzo a 120 persone con disabilit\u00e0"},"content":{"rendered":"<p>***<\/p>\n<p>&nbsp;<\/p>\n<blockquote>\n<h2 dir=\"ltr\"><a class=\"dt-pswp-item\" href=\"https:\/\/www.radiopiu.net\/wordpress\/wp-content\/uploads\/2024\/09\/Insonnia_02-scaled.jpeg\" data-dt-img-description=\"\" data-large_image_width=\"2560\" data-large_image_height=\"1150\"><img loading=\"lazy\" decoding=\"async\" class=\"size-medium wp-image-410250 alignleft\" src=\"https:\/\/www.radiopiu.net\/wordpress\/wp-content\/uploads\/2024\/09\/Insonnia_02-300x135.jpeg\" alt=\"\" width=\"300\" height=\"135\" srcset=\"https:\/\/www.radiopiu.net\/wordpress\/wp-content\/uploads\/2024\/09\/Insonnia_02-300x135.jpeg 300w, https:\/\/www.radiopiu.net\/wordpress\/wp-content\/uploads\/2024\/09\/Insonnia_02-1024x460.jpeg 1024w, https:\/\/www.radiopiu.net\/wordpress\/wp-content\/uploads\/2024\/09\/Insonnia_02-768x345.jpeg 768w, https:\/\/www.radiopiu.net\/wordpress\/wp-content\/uploads\/2024\/09\/Insonnia_02-1536x690.jpeg 1536w, https:\/\/www.radiopiu.net\/wordpress\/wp-content\/uploads\/2024\/09\/Insonnia_02-2048x920.jpeg 2048w\" sizes=\"auto, (max-width: 300px) 100vw, 300px\" \/><\/a><\/h2>\n<\/blockquote>\n<p><strong>VAL DI ZOLDO<\/strong> Ogni anno la famiglia Meneghetti, proprietaria del ristorante L\u2019Insonnia a Forno di Zoldo, offre un pranzo alle persone con disabilit\u00e0 che frequentano i Centri Diurni e le Comunit\u00e0 Alloggio della Cooperativa Societ\u00e0 Nuova. L\u2019appuntamento annuale ha origine molti anni fa, quando la famiglia, sempre particolarmente sensibile ai temi di inclusione sociale, ha conosciuto la Cooperativa Societ\u00e0 Nuova tramite un loro compaesano che frequenta uno dei Centri Diurni di Belluno ed ha invitato tutto il gruppo a pranzo. Da quel giorno l\u2019invito \u00e8 diventata una tradizione che tutte le persone frequentanti i Centri Diurni attendono con trepidazione. Oggi sono coinvolti 6 Centri Diurni tra Agordo e Belluno e 2 Comunit\u00e0 Alloggio. Ieri al pranzo offerto c\u2019erano 120 persone. Il presidente di Societ\u00e0 Nuova Federico Bristot: \u201cringraziamo di cuore la famiglia Meneghetti\u00a0 per l\u2019ospitalit\u00e0. Ricevere ogni anno il loro invito significa che il legame che abbiamo instaurato \u00e8 di quelli saldi e duraturi, quelli che, con una parola, possiamo definire amicizia.<\/p>\n<p>&nbsp;<\/p>\n<p>&nbsp;<\/p>\n<p>&nbsp;<\/p>\n<hr \/>\n<p>&nbsp;<\/p>\n","protected":false},"excerpt":{"rendered":"<p>*** &nbsp; VAL DI ZOLDO Ogni anno la famiglia Meneghetti, proprietaria del ristorante L\u2019Insonnia a Forno di Zoldo, offre un pranzo alle persone con disabilit\u00e0 che frequentano i Centri Diurni e le Comunit\u00e0 Alloggio della Cooperativa Societ\u00e0 Nuova. L\u2019appuntamento annuale ha origine molti anni fa, quando la famiglia, sempre particolarmente sensibile ai temi di inclusione&hellip;<\/p>\n","protected":false},"author":4,"featured_media":410250,"comment_status":"closed","ping_status":"closed","sticky":false,"template":"","format":"standard","meta":{"_monsterinsights_skip_tracking":false,"_monsterinsights_sitenote_active":false,"_monsterinsights_sitenote_note":"","_monsterinsights_sitenote_category":0,"footnotes":""},"categories":[49],"tags":[],"class_list":["post-410251","post","type-post","status-publish","format-standard","has-post-thumbnail","hentry","category-news-18","category-49","description-off"],"img_url":"https:\/\/www.radiopiu.net\/wordpress\/wp-content\/uploads\/2024\/09\/Insonnia_02-scaled.jpeg","_links":{"self":[{"href":"https:\/\/www.radiopiu.net\/wordpress\/wp-json\/wp\/v2\/posts\/410251","targetHints":{"allow":["GET"]}}],"collection":[{"href":"https:\/\/www.radiopiu.net\/wordpress\/wp-json\/wp\/v2\/posts"}],"about":[{"href":"https:\/\/www.radiopiu.net\/wordpress\/wp-json\/wp\/v2\/types\/post"}],"author":[{"embeddable":true,"href":"https:\/\/www.radiopiu.net\/wordpress\/wp-json\/wp\/v2\/users\/4"}],"replies":[{"embeddable":true,"href":"https:\/\/www.radiopiu.net\/wordpress\/wp-json\/wp\/v2\/comments?post=410251"}],"version-history":[{"count":1,"href":"https:\/\/www.radiopiu.net\/wordpress\/wp-json\/wp\/v2\/posts\/410251\/revisions"}],"predecessor-version":[{"id":410252,"href":"https:\/\/www.radiopiu.net\/wordpress\/wp-json\/wp\/v2\/posts\/410251\/revisions\/410252"}],"wp:featuredmedia":[{"embeddable":true,"href":"https:\/\/www.radiopiu.net\/wordpress\/wp-json\/wp\/v2\/media\/410250"}],"wp:attachment":[{"href":"https:\/\/www.radiopiu.net\/wordpress\/wp-json\/wp\/v2\/media?parent=410251"}],"wp:term":[{"taxonomy":"category","embeddable":true,"href":"https:\/\/www.radiopiu.net\/wordpress\/wp-json\/wp\/v2\/categories?post=410251"},{"taxonomy":"post_tag","embeddable":true,"href":"https:\/\/www.radiopiu.net\/wordpress\/wp-json\/wp\/v2\/tags?post=410251"}],"curies":[{"name":"wp","href":"https:\/\/api.w.org\/{rel}","templated":true}]}}