{"id":410255,"date":"2024-09-20T14:42:43","date_gmt":"2024-09-20T12:42:43","guid":{"rendered":"https:\/\/www.radiopiu.net\/wordpress\/?p=410255"},"modified":"2024-09-21T06:21:18","modified_gmt":"2024-09-21T04:21:18","slug":"lenergia-elettrica-torna-alla-cascata-della-soffia","status":"publish","type":"post","link":"https:\/\/www.radiopiu.net\/wordpress\/lenergia-elettrica-torna-alla-cascata-della-soffia\/","title":{"rendered":"L&#8217;energia elettrica torna alla Cascata della Soffia"},"content":{"rendered":"<p>***<\/p>\n<p>&nbsp;<\/p>\n<p><strong>SOSPIROLO<\/strong> Dopo quasi 60 anni dall&#8217;alluvione del 1966, la Cascata della Soffia nel Parco delle Dolomiti Bellunesi \u00e8 stata rielettrificata. Grazie a un investimento di E-Distribuzione, \u00e8 stata realizzata una nuova linea interrata di 3,5 km e una cabina secondaria. L&#8217;intervento, rispettoso del contesto ambientale, ripristina l&#8217;energia nell&#8217;area, migliorando l&#8217;esperienza turistica. I nuovi impianti, tecnologicamente avanzati, saranno gestiti da remoto per garantire un servizio costante ed efficiente.\u201c<em>Il Comune di Sospirolo<\/em> &#8211; <strong>sottolinea il vicesindaco, Livia Cadore <\/strong>\u2013 <em>punta all&#8217;accoglienza dei suoi ospiti con nuovi servizi in Valle del Mis. L&#8217;ampia area parcheggio e l&#8217;intervento di elettrificazione da E-Distribuzione segnano un passo importante che dar\u00e0 valore al territorio e alla comunit\u00e0, nel segno dello sviluppo consapevole e della tutela dell&#8217;integrit\u00e0 di un ambiente unico che deve rimanere inalterato&#8221;.<\/em><\/p>\n<p><a class=\"dt-pswp-item\" href=\"https:\/\/www.radiopiu.net\/wordpress\/wp-content\/uploads\/2024\/09\/FOTO-LATO-CAB-CASCATA-DELLA-SOFFIA.jpg\" data-dt-img-description=\"\" data-large_image_width=\"2016\" data-large_image_height=\"1512\"><img loading=\"lazy\" decoding=\"async\" class=\"alignnone  wp-image-410256\" src=\"https:\/\/www.radiopiu.net\/wordpress\/wp-content\/uploads\/2024\/09\/FOTO-LATO-CAB-CASCATA-DELLA-SOFFIA-300x225.jpg\" alt=\"\" width=\"305\" height=\"229\" srcset=\"https:\/\/www.radiopiu.net\/wordpress\/wp-content\/uploads\/2024\/09\/FOTO-LATO-CAB-CASCATA-DELLA-SOFFIA-300x225.jpg 300w, https:\/\/www.radiopiu.net\/wordpress\/wp-content\/uploads\/2024\/09\/FOTO-LATO-CAB-CASCATA-DELLA-SOFFIA-1024x768.jpg 1024w, https:\/\/www.radiopiu.net\/wordpress\/wp-content\/uploads\/2024\/09\/FOTO-LATO-CAB-CASCATA-DELLA-SOFFIA-768x576.jpg 768w, https:\/\/www.radiopiu.net\/wordpress\/wp-content\/uploads\/2024\/09\/FOTO-LATO-CAB-CASCATA-DELLA-SOFFIA-1536x1152.jpg 1536w, https:\/\/www.radiopiu.net\/wordpress\/wp-content\/uploads\/2024\/09\/FOTO-LATO-CAB-CASCATA-DELLA-SOFFIA.jpg 2016w\" sizes=\"auto, (max-width: 305px) 100vw, 305px\" \/><\/a><a class=\"dt-pswp-item\" href=\"https:\/\/www.radiopiu.net\/wordpress\/wp-content\/uploads\/2024\/09\/cascata-soffia-uscita-scaled.jpg\" data-dt-img-description=\"\" data-large_image_width=\"2560\" data-large_image_height=\"1707\"><img loading=\"lazy\" decoding=\"async\" class=\"alignnone  wp-image-410257\" src=\"https:\/\/www.radiopiu.net\/wordpress\/wp-content\/uploads\/2024\/09\/cascata-soffia-uscita-300x200.jpg\" alt=\"\" width=\"342\" height=\"228\" srcset=\"https:\/\/www.radiopiu.net\/wordpress\/wp-content\/uploads\/2024\/09\/cascata-soffia-uscita-300x200.jpg 300w, https:\/\/www.radiopiu.net\/wordpress\/wp-content\/uploads\/2024\/09\/cascata-soffia-uscita-1024x683.jpg 1024w, https:\/\/www.radiopiu.net\/wordpress\/wp-content\/uploads\/2024\/09\/cascata-soffia-uscita-768x512.jpg 768w, https:\/\/www.radiopiu.net\/wordpress\/wp-content\/uploads\/2024\/09\/cascata-soffia-uscita-1536x1024.jpg 1536w, https:\/\/www.radiopiu.net\/wordpress\/wp-content\/uploads\/2024\/09\/cascata-soffia-uscita-2048x1365.jpg 2048w\" sizes=\"auto, (max-width: 342px) 100vw, 342px\" \/><\/a><\/p>\n<hr \/>\n<div class=\"mb-2 flex gap-3 empty:hidden -ml-2\">\n<div class=\"items-center justify-start rounded-xl p-1 flex\">\n<div class=\"flex items-center\">\n<div class=\"flex\"><\/div>\n<div class=\"flex items-center pb-0\"><\/div>\n<\/div>\n<\/div>\n<\/div>\n","protected":false},"excerpt":{"rendered":"<p>*** &nbsp; SOSPIROLO Dopo quasi 60 anni dall&#8217;alluvione del 1966, la Cascata della Soffia nel Parco delle Dolomiti Bellunesi \u00e8 stata rielettrificata. Grazie a un investimento di E-Distribuzione, \u00e8 stata realizzata una nuova linea interrata di 3,5 km e una cabina secondaria. L&#8217;intervento, rispettoso del contesto ambientale, ripristina l&#8217;energia nell&#8217;area, migliorando l&#8217;esperienza turistica. I nuovi&hellip;<\/p>\n","protected":false},"author":4,"featured_media":410257,"comment_status":"closed","ping_status":"closed","sticky":false,"template":"","format":"standard","meta":{"_monsterinsights_skip_tracking":false,"_monsterinsights_sitenote_active":false,"_monsterinsights_sitenote_note":"","_monsterinsights_sitenote_category":0,"footnotes":""},"categories":[51,49],"tags":[],"class_list":["post-410255","post","type-post","status-publish","format-standard","has-post-thumbnail","hentry","category-evidenza-top","category-news-18","category-51","category-49","description-off"],"img_url":"https:\/\/www.radiopiu.net\/wordpress\/wp-content\/uploads\/2024\/09\/cascata-soffia-uscita-scaled.jpg","_links":{"self":[{"href":"https:\/\/www.radiopiu.net\/wordpress\/wp-json\/wp\/v2\/posts\/410255","targetHints":{"allow":["GET"]}}],"collection":[{"href":"https:\/\/www.radiopiu.net\/wordpress\/wp-json\/wp\/v2\/posts"}],"about":[{"href":"https:\/\/www.radiopiu.net\/wordpress\/wp-json\/wp\/v2\/types\/post"}],"author":[{"embeddable":true,"href":"https:\/\/www.radiopiu.net\/wordpress\/wp-json\/wp\/v2\/users\/4"}],"replies":[{"embeddable":true,"href":"https:\/\/www.radiopiu.net\/wordpress\/wp-json\/wp\/v2\/comments?post=410255"}],"version-history":[{"count":1,"href":"https:\/\/www.radiopiu.net\/wordpress\/wp-json\/wp\/v2\/posts\/410255\/revisions"}],"predecessor-version":[{"id":410259,"href":"https:\/\/www.radiopiu.net\/wordpress\/wp-json\/wp\/v2\/posts\/410255\/revisions\/410259"}],"wp:featuredmedia":[{"embeddable":true,"href":"https:\/\/www.radiopiu.net\/wordpress\/wp-json\/wp\/v2\/media\/410257"}],"wp:attachment":[{"href":"https:\/\/www.radiopiu.net\/wordpress\/wp-json\/wp\/v2\/media?parent=410255"}],"wp:term":[{"taxonomy":"category","embeddable":true,"href":"https:\/\/www.radiopiu.net\/wordpress\/wp-json\/wp\/v2\/categories?post=410255"},{"taxonomy":"post_tag","embeddable":true,"href":"https:\/\/www.radiopiu.net\/wordpress\/wp-json\/wp\/v2\/tags?post=410255"}],"curies":[{"name":"wp","href":"https:\/\/api.w.org\/{rel}","templated":true}]}}