{"id":410350,"date":"2024-09-21T05:16:07","date_gmt":"2024-09-21T03:16:07","guid":{"rendered":"https:\/\/www.radiopiu.net\/wordpress\/?p=410350"},"modified":"2024-09-21T07:40:48","modified_gmt":"2024-09-21T05:40:48","slug":"riflessioni-sui-disservizi-dolomitibus","status":"publish","type":"post","link":"https:\/\/www.radiopiu.net\/wordpress\/riflessioni-sui-disservizi-dolomitibus\/","title":{"rendered":"riflessioni sui disservizi Dolomitibus"},"content":{"rendered":"<p>***<\/p>\n<p>di Mirko Mezzacasa<\/p>\n<blockquote>\n<blockquote><p>&nbsp;<\/p>\n<p><em>Le istituzioni latitano, la fiducia \u00e8 crollata, e i cittadini si sentono ostaggi di un servizio che sembra non avere alternative.<\/em><\/p><\/blockquote>\n<p><span style=\"color: #ff0000;\"><img loading=\"lazy\" decoding=\"async\" class=\"alignleft\" src=\"https:\/\/www.radiopiu.net\/wordpress\/wp-content\/uploads\/2024\/07\/DolomitiBus_Trillo-scaled.jpg\" width=\"252\" height=\"168\" \/>BELLUNO<\/span><em> I dirigenti Dolomitibus analizzano la situazione <\/em><strong><em>\u00abServe un po&#8217; di pazienza Con le lezioni regolari i disagi rientreranno\u00bb<\/em><\/strong> dichiarazione rilasciata al Corriere delle Alpi da Gabriele Mariani del consiglio di amministrazione di Dolomitibus.<\/p>\n<p>Caro Mariani non le sembra che i montanari di pazienza ne abbiano avuta anche troppa? Sono anni che quotidianamente questa testata pubblica continue proteste sui vostri disservizi.<br \/>\nCaro Mariani non le sembra che i montanari ne abbiano le tasche piene delle vostre promesse,\u00a0 ed altre tasche vuote per contribuire a far crescere\u00a0 un&#8217;azienda criticata e che non manca di aumentare i prezzi di biglietti ed abbonamenti?<br \/>\nCaro Mariani\u00a0 ha figli? Le piacerebbe sapere che ogni giorno sono stipati come sardine sui vostri mezzi pubblici? E se ha figli minorenni ha mai pensato che potrebbero rimanere per ore\u00a0 -quando mancano i pullman &#8211; in balia di bulli, malviventi e pericoli vari o crede che Belluno sia ancora un&#8217;isola felice?<br \/>\nCaro Mariani invitate a segnalare i disservizi:\u00a0 ripeto, sono anni che lo facciamo quotidianamente, evidentemente il &#8220;suddito&#8221; non si fida pi\u00f9 di voi, non vi crede pi\u00f9, ha perso la fiducia, siete entrati nel cerchio delle inimicizie dove il &#8220;suddito&#8221; \u00e8 costretto a stare zitto, anche perch\u00e9 non ci sono alternative, le istituzioni non si fanno sentire pi\u00f9 di tanto, quelle che contano non ancora, almeno fino a quando non accadr\u00e0 l&#8217;irreparabile. Auguriamoci che non serva il sacrificio di qualcuno per cambiare una situazione disastrosa. Infine\u00a0 finalmente una presa di posizione precisa del PD con il capo del partito Alessandro Dal Bianco che senza mezzi termini chiede un cambio totale dei vertici dell&#8217;azienda bellunese, quello che dovrebbe fare la Provincia dopo le promesse del consigliere delegato ai trasporti Massimo Bortoluzzi, promesse in pompa magna,\u00a0 di inizio stagione, quando il consigliere disse <em>&#8220;dobbiamo evitare i disagi gi\u00e0 visti&#8221;<\/em>&#8230; a noi sembra stia andando anche peggio. Da fuori sembra proprio il fallimento della politica e delle buone intenzioni. Ora la nuova dichiarazione (21 settembre 2024) <em>&#8220;Con l&#8217;orario a regime vigileremo affinche&#8217; non ci siano pi\u00f9 problemi con gli studenti&#8221;<\/em> Altro importante auspicio, caro consiglierie con la collaborazione dei clienti quotidiani della Dolomitibus vigileremo anche noi\u00a0 con la speranza, un giorno, di poterle fare i complimenti a lei e all&#8217;azienda un giorno orgoglio di questa provincia, ora non pi\u00f9.<\/p><\/blockquote>\n<p>&nbsp;<\/p>\n","protected":false},"excerpt":{"rendered":"<p>*** di Mirko Mezzacasa &nbsp; Le istituzioni latitano, la fiducia \u00e8 crollata, e i cittadini si sentono ostaggi di un servizio che sembra non avere alternative. BELLUNO I dirigenti Dolomitibus analizzano la situazione \u00abServe un po&#8217; di pazienza Con le lezioni regolari i disagi rientreranno\u00bb dichiarazione rilasciata al Corriere delle Alpi da Gabriele Mariani del&hellip;<\/p>\n","protected":false},"author":4,"featured_media":398834,"comment_status":"closed","ping_status":"closed","sticky":false,"template":"","format":"standard","meta":{"_monsterinsights_skip_tracking":false,"_monsterinsights_sitenote_active":false,"_monsterinsights_sitenote_note":"","_monsterinsights_sitenote_category":0,"footnotes":""},"categories":[51,49],"tags":[],"class_list":["post-410350","post","type-post","status-publish","format-standard","has-post-thumbnail","hentry","category-evidenza-top","category-news-18","category-51","category-49","description-off"],"img_url":"https:\/\/www.radiopiu.net\/wordpress\/wp-content\/uploads\/2024\/07\/DolomitiBus_Trillo-scaled.jpg","_links":{"self":[{"href":"https:\/\/www.radiopiu.net\/wordpress\/wp-json\/wp\/v2\/posts\/410350","targetHints":{"allow":["GET"]}}],"collection":[{"href":"https:\/\/www.radiopiu.net\/wordpress\/wp-json\/wp\/v2\/posts"}],"about":[{"href":"https:\/\/www.radiopiu.net\/wordpress\/wp-json\/wp\/v2\/types\/post"}],"author":[{"embeddable":true,"href":"https:\/\/www.radiopiu.net\/wordpress\/wp-json\/wp\/v2\/users\/4"}],"replies":[{"embeddable":true,"href":"https:\/\/www.radiopiu.net\/wordpress\/wp-json\/wp\/v2\/comments?post=410350"}],"version-history":[{"count":5,"href":"https:\/\/www.radiopiu.net\/wordpress\/wp-json\/wp\/v2\/posts\/410350\/revisions"}],"predecessor-version":[{"id":410392,"href":"https:\/\/www.radiopiu.net\/wordpress\/wp-json\/wp\/v2\/posts\/410350\/revisions\/410392"}],"wp:featuredmedia":[{"embeddable":true,"href":"https:\/\/www.radiopiu.net\/wordpress\/wp-json\/wp\/v2\/media\/398834"}],"wp:attachment":[{"href":"https:\/\/www.radiopiu.net\/wordpress\/wp-json\/wp\/v2\/media?parent=410350"}],"wp:term":[{"taxonomy":"category","embeddable":true,"href":"https:\/\/www.radiopiu.net\/wordpress\/wp-json\/wp\/v2\/categories?post=410350"},{"taxonomy":"post_tag","embeddable":true,"href":"https:\/\/www.radiopiu.net\/wordpress\/wp-json\/wp\/v2\/tags?post=410350"}],"curies":[{"name":"wp","href":"https:\/\/api.w.org\/{rel}","templated":true}]}}