{"id":410371,"date":"2024-09-21T07:50:36","date_gmt":"2024-09-21T05:50:36","guid":{"rendered":"https:\/\/www.radiopiu.net\/wordpress\/?p=410371"},"modified":"2024-09-21T07:58:42","modified_gmt":"2024-09-21T05:58:42","slug":"la-rassegna-stampa-locale-la-certezza-alle-8-del-mattino-da-41-anni-di-mirko-mezzacasa","status":"publish","type":"post","link":"https:\/\/www.radiopiu.net\/wordpress\/la-rassegna-stampa-locale-la-certezza-alle-8-del-mattino-da-41-anni-di-mirko-mezzacasa\/","title":{"rendered":"LA RASSEGNA STAMPA LOCALE. la certezza alle 8 del mattino da 41 anni di mirko mezzacasa"},"content":{"rendered":"<p>&nbsp;<\/p>\n<p>&nbsp;<\/p>\n<p><iframe loading=\"lazy\" title=\"DAL 1983 LA RASSEGNA STAMPA LOCALE di mirko mezzacasa. L&#039;ORIGINALE\" width=\"1200\" height=\"675\" src=\"https:\/\/www.youtube.com\/embed\/o0YDVXKLPbs?feature=oembed\" frameborder=\"0\" allow=\"accelerometer; autoplay; clipboard-write; encrypted-media; gyroscope; picture-in-picture; web-share\" referrerpolicy=\"strict-origin-when-cross-origin\" allowfullscreen><\/iframe><\/p>\n<p>&nbsp;<\/p>\n<p>&nbsp;<\/p>\n<p><a class=\"dt-pswp-item\" href=\"https:\/\/www.radiopiu.net\/wordpress\/wp-content\/uploads\/2024\/09\/2feac3c9-89d2-44e7-ae82-7dc876f78bea.jpg\" data-dt-img-description=\"\" data-large_image_width=\"910\" data-large_image_height=\"1278\"><img loading=\"lazy\" decoding=\"async\" class=\"size-medium wp-image-410345 alignleft\" src=\"https:\/\/www.radiopiu.net\/wordpress\/wp-content\/uploads\/2024\/09\/2feac3c9-89d2-44e7-ae82-7dc876f78bea-214x300.jpg\" alt=\"\" width=\"214\" height=\"300\" srcset=\"https:\/\/www.radiopiu.net\/wordpress\/wp-content\/uploads\/2024\/09\/2feac3c9-89d2-44e7-ae82-7dc876f78bea-214x300.jpg 214w, https:\/\/www.radiopiu.net\/wordpress\/wp-content\/uploads\/2024\/09\/2feac3c9-89d2-44e7-ae82-7dc876f78bea-729x1024.jpg 729w, https:\/\/www.radiopiu.net\/wordpress\/wp-content\/uploads\/2024\/09\/2feac3c9-89d2-44e7-ae82-7dc876f78bea-768x1079.jpg 768w, https:\/\/www.radiopiu.net\/wordpress\/wp-content\/uploads\/2024\/09\/2feac3c9-89d2-44e7-ae82-7dc876f78bea.jpg 910w\" sizes=\"auto, (max-width: 214px) 100vw, 214px\" \/><\/a><strong>OGGI ALLA RADIO\u2026<\/strong>. ALLE 4 E ALLE 6 LE NOTIZIE DALL\u2019ITALIA E DAL MONDO 0500 il nuovo programma, l\u2019almanacco della nostra gente con il MUSLA 6.15 PIROLE DE LENGA A CURA DEL MUSLA 7.20 EL BAL DEL FIORI, DETTI E TRADIZIONI DI GIULIANA DA RONCH 8.05 LA RASSEGNA STAMPA LOCALE 8.30 week end marina dona\u2019 c\u2019e\u2019 900 il nuovo programma, l\u2019almanacco della nostra gente con il MUSLA 9.20 PREMIER LE NOVITA\u2019 NON MARCO GAZ 9.40 VIABILITA\u2019 CON BOTOL CAR SERVICE (AGORDO-SEDICO-FELTRE) 10.30 la rassegna stampa da l\u2019amico del popolo di gianni santomaso 12.00 VA TUTTO LISCIO 12.30 GIORNALE RADIO PRINCIPALE 13.10 CELESTE LEVIS, DOMANI LA MUSICA AD AGORDO\u2026 A SCUOLA CON ARTE NUOVA E L\u2019ACCADEMIA ROSSINI 14.00 ELETTROCHOCH DI JACOPO DEL TEDESCO DJ JACK 15.00 LA CLASSIFICA UFFICIALE DI MARCO GAZ 16 IL ROCK DI MARCO COSTANTINI 1645 LE HIT DI MIRCO BENCIVENNI 18.00 PIU\u2019 DANCE LE SELEZIONI CHE FANNO SALTARE DI DJ JACK, JACOPO DEL TEDESCO 20.30 HOCKEY AL PUNTO GIUSTO, L\u2019ALLEGHE HOCKEY LA 41ESIMA STAGIONE CON RADIO PIU<\/p>\n<p><strong>Picchiato e rapinato in pieno centro storico: arrestati due giovani<\/strong><br \/>\nBELLUNO Un ragazzo minorenne \u00e8 stato aggredito e rapinato in piazza Vittorio Emanuele II, nel centro storico, ieri pomeriggio alle 15.30. L\u2019aggressore, un giovane, ha tentato di rubare gli occhiali da sole e il cellulare della vittima, che si trovava sotto il porticato del teatro in attesa dell\u2019autobus con un amico. Di fronte al rifiuto, il malvivente lo ha colpito con schiaffi e pugni, sottraendogli gli occhiali. Sul posto sono intervenute rapidamente tre pattuglie, due della Polizia e una dei Carabinieri, che hanno identificato due dei sospettati: un maggiorenne italiano e un minorenne di nazionalit\u00e0 marocchina. Entrambi sono stati condotti al comando per ulteriori accertamenti.<\/p>\n<p><strong>Messa per il cinquantesimo compleanno di Rudi Bressan<\/strong><br \/>\nGOSALDO Oggi alle 18, a Voltago, si terr\u00e0 una messa speciale in occasione di quello che sarebbe stato il cinquantesimo compleanno di Rudi Bressan, scomparso tragicamente in un incidente. La cerimonia sar\u00e0 un momento di ricordo e raccoglimento per onorare la sua memoria. Durante la funzione, ci sar\u00e0 anche una benedizione dedicata a tutti i \u201csuoi\u201d coscritti del 1974 che vorranno partecipare, offrendo un\u2019occasione per ritrovarsi e commemorare insieme la vita di Rudi<\/p>\n<p><strong>Addio a don Sergio Sacco Sonador, studioso della montagna <\/strong><br \/>\nBELLUNO Scomparso don Sergio Sacco Sonador, sacerdote e studioso del Bellunese. Uomo di fede e cultura, fondatore di numerose iniziative culturali e vincitore del Premio Pelmo d\u2019Oro per la cultura alpina. \u00abUn uomo di scienza e di fede, dalla cultura sconfinata, quasi enciclopedica, e dalla sconfinata passione. Oggi se ne va un abitante e uno studioso autentico della montagna, che dalla montagna ha saputo apprendere, imparare, elevarsi\u00bb. Cos\u00ec il presidente della Provincia di Belluno Roberto Padrin.<\/p>\n<p><strong>TEDESCHI RECUPERATI DI NOTTE SUL PELSA<\/strong><br \/>\nCENCENIGHE \u00c8 rientrata l\u2019altra notte alle 3 la squadra del Soccorso alpino di Agordo allertata alle 22.30 di giovedi sera, dalla Centrale del Suem, per due escursionisti tedeschi bloccati al rientro dalla Ferrata Fiamme Gialle al Montalt di Pelsa. Partiti tra mezzogiorno e l\u2019una, i due ragazzi si erano attardati e uno di loro non era pi\u00f9 in grado di muoversi da solo a causa di un trauma al piede. I ragazzi, che hanno poi rifiutato l\u2019ambulanza, sono stati riaccompagnati alla loro macchina.<\/p>\n<p><strong>ALPINISTA VOLA IN PARETE SULLA VIA COMICI<\/strong><br \/>\n<a class=\"dt-pswp-item\" href=\"https:\/\/www.radiopiu.net\/wordpress\/wp-content\/uploads\/2024\/09\/WhatsApp-Image-2020-01-27-at-17.09.13.jpg\" data-dt-img-description=\"\" data-large_image_width=\"1200\" data-large_image_height=\"1599\"><img loading=\"lazy\" decoding=\"async\" class=\"size-medium wp-image-410291 alignleft\" src=\"https:\/\/www.radiopiu.net\/wordpress\/wp-content\/uploads\/2024\/09\/WhatsApp-Image-2020-01-27-at-17.09.13-225x300.jpg\" alt=\"\" width=\"225\" height=\"300\" srcset=\"https:\/\/www.radiopiu.net\/wordpress\/wp-content\/uploads\/2024\/09\/WhatsApp-Image-2020-01-27-at-17.09.13-225x300.jpg 225w, https:\/\/www.radiopiu.net\/wordpress\/wp-content\/uploads\/2024\/09\/WhatsApp-Image-2020-01-27-at-17.09.13-768x1023.jpg 768w, https:\/\/www.radiopiu.net\/wordpress\/wp-content\/uploads\/2024\/09\/WhatsApp-Image-2020-01-27-at-17.09.13-1153x1536.jpg 1153w, https:\/\/www.radiopiu.net\/wordpress\/wp-content\/uploads\/2024\/09\/WhatsApp-Image-2020-01-27-at-17.09.13.jpg 1200w\" sizes=\"auto, (max-width: 225px) 100vw, 225px\" \/><\/a>PASSO FALZAREGO Ieri mattina la Centrale del 118 \u00e8 stata attivata dal compagno di un alpinista, caduto in parete sul secondo tiro della Via Comici sulla Torre Piccola di Falzarego. Attorno alle 11.40, dopo aver ricevuto le coordinate del punto dell\u2019incidente, \u00e8 intervenuto l\u2019elicottero dell\u2019Aiut Alpin Dolomites di Bolzano, mentre un soccorritore di Cortina si metteva a disposizione in piazzola per eventuale supporto. Lo scalatore tedesco di 32 anni \u00e8 stato quindi recuperato con un possibile trauma alle gambe e trasportato all\u2019ospedale di Belluno.<\/p>\n<p><strong>ESCURSIONISTI IN DIFFICOLTA\u2019 SUL PATERNO<\/strong><br \/>\nAURONZO DI CADORE Attorno alle 17.45 di ieri il Soccorso alpino di Auronzo e della Guardia di finanza sono stati attivati per una coppia di escursionisti spagnoli in difficolt\u00e0 sul Paterno. I due, lui 36 anni, lei 32, non erano pi\u00f9 in grado di muoversi dal punto in cui si trovavano, sul sentiero che da Forcella Pian di Cengia conduce in cima al Paterno, all\u2019inizio della Ferrata. Trasportati in quota dall\u2019elicottero dell\u2019Air service center, convenzionato con il Soccorso alpino Dolomiti Bellunesi, i soccorritori hanno provveduto al recupero della coppia, riportata poi a valle e lasciata alla propria macchina.<\/p>\n<p>Arrestato ambulante per circonvenzione di incapaci: sottratti oltre 360.000 euro a persone vulnerabili.<br \/>\nBELLUNO I Finanzieri di Belluno hanno arrestato B.S., un uomo di 46 anni di origine marocchina, per reati di circonvenzione di incapaci. L\u2019indagato, commerciante ambulante di abbigliamento, \u00e8 accusato di aver sottratto oltre 360.000 euro e gioielli a persone vulnerabili, sfruttando la loro et\u00e0 avanzata e condizioni di salute precarie. Le indagini, coordinate dalla Procura di Pordenone, hanno identificato quattro vittime, psicologicamente fragili, con cui l\u2019uomo aveva instaurato rapporti di fiducia per ingannarli con false promesse e richieste di denaro per lavori inesistenti. La moglie dell\u2019arrestato, L.N. di 34 anni, \u00e8 risultata complice, cercando di nascondere denaro e gioielli agli investigatori, ma questi sono stati poi sequestrati.<\/p>\n<p>AUTOVELOX IN PROCURA: DOPO CENCENIGHE E LIVINALLONGO E\u2019 IL TURNO DI SAN TOMASO AGORDINO<br \/>\nREDAZIONE Un\u2019altra denuncia-querela \u00e8 stata presentata, e i motivi legati all\u2019omologazione degli impianti sono noti, cos\u00ec come lo \u00e8 l\u2019associazione nazionale tutela utenti della strada, Altevelox. In questo caso, sono stati denunciati i sindaci, le forze di polizia e l\u2019ente gestore della strada. \u201cIl Comune di San Tomaso Agordino \u2013 si legge nella denuncia di Altevelox \u2013 dichiara nei verbali di violazione emessi che il rilevatore elettronico, di tipo fisso, installato sulla S.R. 203 era sotto il diretto controllo della polizia locale. Tuttavia, se un autovelox \u00e8 installato in modo permanente e non semovibile in cima a un palo cementato a 10 metri di altezza, \u00e8 da considerarsi fisso per definizione e richiede un\u2019autorizzazione prefettizia.<\/p>\n<p><strong><a class=\"dt-pswp-item\" href=\"https:\/\/www.radiopiu.net\/wordpress\/wp-content\/uploads\/2024\/09\/INCONTRO-GDF.jpeg\" data-dt-img-description=\"\" data-large_image_width=\"1600\" data-large_image_height=\"1200\"><img loading=\"lazy\" decoding=\"async\" class=\"size-medium wp-image-410292 alignleft\" src=\"https:\/\/www.radiopiu.net\/wordpress\/wp-content\/uploads\/2024\/09\/INCONTRO-GDF-300x225.jpeg\" alt=\"\" width=\"300\" height=\"225\" srcset=\"https:\/\/www.radiopiu.net\/wordpress\/wp-content\/uploads\/2024\/09\/INCONTRO-GDF-300x225.jpeg 300w, https:\/\/www.radiopiu.net\/wordpress\/wp-content\/uploads\/2024\/09\/INCONTRO-GDF-1024x768.jpeg 1024w, https:\/\/www.radiopiu.net\/wordpress\/wp-content\/uploads\/2024\/09\/INCONTRO-GDF-768x576.jpeg 768w, https:\/\/www.radiopiu.net\/wordpress\/wp-content\/uploads\/2024\/09\/INCONTRO-GDF-1536x1152.jpeg 1536w, https:\/\/www.radiopiu.net\/wordpress\/wp-content\/uploads\/2024\/09\/INCONTRO-GDF.jpeg 1600w\" sizes=\"auto, (max-width: 300px) 100vw, 300px\" \/><\/a>I NOSTRI IN AIUTO AGLI EMILIANI<\/strong><br \/>\ndi GIANPAOLO BOTTACIN, ASSESSORE REGIONALE<br \/>\nLa presenza della Protezione Civile del Veneto \u00e8 gi\u00e0 stata confermata almeno fino al 25 settembre. Il nuovo contingente veneto partir\u00e0 la mattina di domenica 22, con inizio attivit\u00e0 h 8:30; le localit\u00e0 in cui sono previsti gli interventi sono Faenza e Brisighella; il nuovo contingente sar\u00e0 composto da n. 2 squadre per ciascuna Provincia\/Citt\u00e0 Metropolitana e n. 2 squadre dell\u2019 Associazione Nazionale Alpini.<br \/>\nDa domenica ci sar\u00e0 anche l\u2019avvicendamento delle squadre AGESCI presso l\u2019UCL (unit\u00e0 di comando locale) del Veneto.<\/p>\n<p><strong>Assolto l\u2019impresario per la morte del boscaiolo Pietro Fanfoni<\/strong><br \/>\nLa Corte d\u2019Appello di Venezia ha assolto Gianvittore Zucco per la morte del boscaiolo Pietro Fanfoni, avvenuta nel 2015. Dopo tre processi e due ricorsi in Cassazione, il giudice ha stabilito che il fatto non sussiste.<\/p>\n<p><strong>Belluno: met\u00e0 delle badanti sono irregolari, servono fondi e formazione<\/strong><\/p>\n<p>BELLUNO In provincia di Belluno, una badante su due potrebbe lavorare in nero. Durante un seminario organizzato dalla Cisl Fnp Belluno Treviso, \u00e8 emerso che su 2.127 lavoratori domestici regolari, circa 2.286 potrebbero essere irregolari, secondo i dati Inps 2023. Il tasso di irregolarit\u00e0 nel settore \u00e8 del 51,8%, il pi\u00f9 alto rispetto ad altri ambiti lavorativi. La Cisl chiede un intervento urgente per sostenere le famiglie, migliorare la qualit\u00e0 dell\u2019assistenza agli anziani e garantire la regolarit\u00e0 dei contratti.<\/p>\n<p><strong>CENTINAIA DI STUDENTI A LONGARONE FIERE PER CARRIERA 360<\/strong><br \/>\nLONGARONE Grande successo nei padiglioni di Longarone Fiere per la seconda edizione di \u201cCarriera 360\u00b0: da studente a professionista\u201d: l\u2019evento promosso dal Consiglio giovanile di Belluno ha mobilitato centinaia di studenti e decine di realt\u00e0 economiche della provincia.<\/p>\n<p><strong>GDF: IL SALUTO DEL COLLONELLO DARIO GUARINO AL SINDACO DI BELLUNO<\/strong><br \/>\nBELLUNO Dopo tre anni di servizio in provincia, Guarino si prepara a lasciare Belluno per un nuovo incarico ad Ancona. Durante un incontro a Palazzo Rosso, il sindaco ha ringraziato Guarino per il suo contributo alla sicurezza della comunit\u00e0 e ha lodato l\u2019operato delle forze dell\u2019ordine nel mantenere il Bellunese tra i territori pi\u00f9 sicuri d\u2019Italia.<\/p>\n<p>&nbsp;<\/p>\n<p>&nbsp;<\/p>\n<p>&nbsp;<\/p>\n","protected":false},"excerpt":{"rendered":"<p>&nbsp; &nbsp; &nbsp; &nbsp; OGGI ALLA RADIO\u2026. ALLE 4 E ALLE 6 LE NOTIZIE DALL\u2019ITALIA E DAL MONDO 0500 il nuovo programma, l\u2019almanacco della nostra gente con il MUSLA 6.15 PIROLE DE LENGA A CURA DEL MUSLA 7.20 EL BAL DEL FIORI, DETTI E TRADIZIONI DI GIULIANA DA RONCH 8.05 LA RASSEGNA STAMPA LOCALE 8.30&hellip;<\/p>\n","protected":false},"author":4,"featured_media":410356,"comment_status":"closed","ping_status":"closed","sticky":false,"template":"","format":"standard","meta":{"_monsterinsights_skip_tracking":false,"_monsterinsights_sitenote_active":false,"_monsterinsights_sitenote_note":"","_monsterinsights_sitenote_category":0,"footnotes":""},"categories":[104,49,142],"tags":[],"class_list":["post-410371","post","type-post","status-publish","format-standard","has-post-thumbnail","hentry","category-evidenza_3","category-news-18","category-rassegna-stampa","category-104","category-49","category-142","description-off"],"img_url":"https:\/\/www.radiopiu.net\/wordpress\/wp-content\/uploads\/2024\/09\/Senza-nome-49.png","_links":{"self":[{"href":"https:\/\/www.radiopiu.net\/wordpress\/wp-json\/wp\/v2\/posts\/410371","targetHints":{"allow":["GET"]}}],"collection":[{"href":"https:\/\/www.radiopiu.net\/wordpress\/wp-json\/wp\/v2\/posts"}],"about":[{"href":"https:\/\/www.radiopiu.net\/wordpress\/wp-json\/wp\/v2\/types\/post"}],"author":[{"embeddable":true,"href":"https:\/\/www.radiopiu.net\/wordpress\/wp-json\/wp\/v2\/users\/4"}],"replies":[{"embeddable":true,"href":"https:\/\/www.radiopiu.net\/wordpress\/wp-json\/wp\/v2\/comments?post=410371"}],"version-history":[{"count":3,"href":"https:\/\/www.radiopiu.net\/wordpress\/wp-json\/wp\/v2\/posts\/410371\/revisions"}],"predecessor-version":[{"id":410395,"href":"https:\/\/www.radiopiu.net\/wordpress\/wp-json\/wp\/v2\/posts\/410371\/revisions\/410395"}],"wp:featuredmedia":[{"embeddable":true,"href":"https:\/\/www.radiopiu.net\/wordpress\/wp-json\/wp\/v2\/media\/410356"}],"wp:attachment":[{"href":"https:\/\/www.radiopiu.net\/wordpress\/wp-json\/wp\/v2\/media?parent=410371"}],"wp:term":[{"taxonomy":"category","embeddable":true,"href":"https:\/\/www.radiopiu.net\/wordpress\/wp-json\/wp\/v2\/categories?post=410371"},{"taxonomy":"post_tag","embeddable":true,"href":"https:\/\/www.radiopiu.net\/wordpress\/wp-json\/wp\/v2\/tags?post=410371"}],"curies":[{"name":"wp","href":"https:\/\/api.w.org\/{rel}","templated":true}]}}