{"id":410429,"date":"2024-09-23T05:32:56","date_gmt":"2024-09-23T03:32:56","guid":{"rendered":"https:\/\/www.radiopiu.net\/wordpress\/?p=410429"},"modified":"2024-09-23T09:22:01","modified_gmt":"2024-09-23T07:22:01","slug":"giornale-radiopiu-23-settembre-2024-direttore-mirko-mezzacasada-41-anni-25-giugno-1983-25-giugno-2024","status":"publish","type":"post","link":"https:\/\/www.radiopiu.net\/wordpress\/giornale-radiopiu-23-settembre-2024-direttore-mirko-mezzacasada-41-anni-25-giugno-1983-25-giugno-2024\/","title":{"rendered":"GIORNALE RADIOPIU 23 SETTEMBRE 2024 DIRETTORE MIRKO MEZZACASA\u2026DA 41 ANNI 25 GIUGNO 1983-25 GIUGNO 2024"},"content":{"rendered":"<p>**<\/p>\n<blockquote>\n<h2>DILLO A RADIO PIU&#8230; Nuove lamentele dagli utenti Dolomitibus: critica alla gestione provinciale<\/h2>\n<\/blockquote>\n<p>&nbsp;<\/p>\n<p><strong><img loading=\"lazy\" decoding=\"async\" class=\"alignleft\" src=\"https:\/\/www.radiopiu.net\/wordpress\/wp-content\/uploads\/2024\/09\/Progetto-senza-titolo.png\" width=\"237\" height=\"100\" \/>REDAZIONE<\/strong> Riceviamo e pubblichiamo l&#8217;ennesima lamentela degli utenti Dolomitibus, che denunciano la mancanza di ascolto da parte dell&#8217;azienda e della Provincia. Nonostante le promesse del consigliere provinciale Massimo Bortoluzzi, i problemi persistono, specialmente nelle zone montane. Gli utenti si sentono ignorati e chiedono risposte concrete, sottolineando che la situazione sta peggiorando. Si auspica una maggiore presenza politica sul territorio, al di l\u00e0 delle campagne elettorali, per affrontare seriamente le difficolt\u00e0 della montagna.<br \/>\n(mm)<\/p>\n<p><strong>Devis ci scrive.<\/strong><\/p>\n<div class=\"moz-text-html\" lang=\"x-unicode\">\n<p>Come ogni fine stagione turistica ci risiamo col solito problema! Vergognoso che in tutto il Veneto, l\u2019unica provincia dove non corrono di DOMENICA (corrono di domenica solo durante la stagione turistica estiva e una settimana circa a Natale) gli autobus di linea pubblica\u00a0 di Dolomitibus<br \/>\nIo , e credo di parlare anche x tanti giovani, anziani etc. residenti in Agordino,e nel Bellunese, se sprovvisti di auto o non patentati,di domenica non si possono muovere perche\u2019 Dolomitibus n tale giorno non fa servizio.<br \/>\nSiamo nel 2024 e almeno due corse per salire e scendere dovrebbero essere garantite di domenica, poi anche se fuori stagione, son posto turistico le \u00a0Dolomiti e tutto il comprensorio che ne fan parte( ci son sempre dei turisti anche fuori stagione) Ci sono persone che conosco ,residenti, che fanno l\u2019abbonamento e di domenica lavorano e non possono utilizzare i Bus xche\u2019 Dolomiti Bus non fa servizio,e sono costretti ad arrangiarsi, magari anche pagando un taxi. Parlo dell\u2019Agordino,ma il discorso vale x tutta la provincia di Belluno. Ma la Provincia esiste ancora? E che fa?\u00a0 E\u00a0poi si parla dello spopolamento delle montagne!!!<\/p>\n<p>&nbsp;<\/p>\n<hr \/>\n<\/div>\n<p><em><span style=\"color: #ff0000;\">\u00a0<\/span><\/em><\/p>\n<p><em><span style=\"color: #ff0000;\">ATTENZIONE: LA NUOVA APP PER IOS-IPHONE di Nicola Vettorello <\/span><\/em><a href=\"https:\/\/apps.apple.com\/it\/app\/radio-pi%C3%B9-emittente-agordina\/id1515939845\">https:\/\/apps.apple.com\/it\/app\/radio-pi%C3%B9-emittente-agordina\/id1515939845<\/a><\/p>\n<p><em style=\"color: #ff0000;\">ATTENZIONE: LA NUOVA APP RADIO\u00a0 PER ANDROID di Nicola Vettorello<\/em><\/p>\n<p><a href=\"https:\/\/play.google.com\/store\/apps\/details?id=net.radiopiu.iniko\" target=\"_blank\" rel=\"noopener noreferrer\">https:\/\/<\/a><a href=\"https:\/\/play.google.com\/store\/apps\/details?id=net.radiopiu.iniko\" target=\"_blank\" rel=\"noopener noreferrer\">play.google.com\/store\/apps\/details?id=net.radiopiu.iniko\u00a0\u00a0\u00a0<\/a><\/p>\n<p>&nbsp;<\/p>\n<hr \/>\n<p>&nbsp;<\/p>\n<p><strong><a class=\"dt-pswp-item\" href=\"https:\/\/www.radiopiu.net\/wordpress\/wp-content\/uploads\/2024\/05\/ALESSIA-DALLO-e1727061673728.jpg\" data-dt-img-description=\"\" data-large_image_width=\"574\" data-large_image_height=\"575\"><img loading=\"lazy\" decoding=\"async\" class=\" wp-image-389881 alignleft\" src=\"https:\/\/www.radiopiu.net\/wordpress\/wp-content\/uploads\/2024\/05\/ALESSIA-DALLO-e1727061673728-300x300.jpg\" alt=\"\" width=\"198\" height=\"198\" srcset=\"https:\/\/www.radiopiu.net\/wordpress\/wp-content\/uploads\/2024\/05\/ALESSIA-DALLO-e1727061673728-300x300.jpg 300w, https:\/\/www.radiopiu.net\/wordpress\/wp-content\/uploads\/2024\/05\/ALESSIA-DALLO-e1727061673728-150x150.jpg 150w, https:\/\/www.radiopiu.net\/wordpress\/wp-content\/uploads\/2024\/05\/ALESSIA-DALLO-e1727061673728.jpg 574w\" sizes=\"auto, (max-width: 198px) 100vw, 198px\" \/><\/a>OGGI ALLA RADIO&#8230;.<\/strong> <span style=\"color: #ff0000;\">ALLE 4 E ALLE 6<\/span> LE NOTIZIE DALL&#8217;ITALIA E DAL MONDO <span style=\"color: #ff0000;\"> 0500 <span style=\"color: #0000ff;\">il nuovo programma, l&#8217;almanacco della nostra gente con il MUSLA\u00a0<\/span><\/span><span style=\"color: #ff0000;\"> 6.15<\/span> PIROLE DE LENGA A CURA DEL MUSLA<span style=\"color: #ff0000;\"> 7.20<\/span> EL BAL DEL FIORI, DETTI E TRADIZIONI DI GIULIANA DA RONCH <span style=\"color: #ff0000;\">8.05<\/span> LA RASSEGNA STAMPA LOCALE<span style=\"color: #ff0000;\"> 8.30\u00a0<span style=\"color: #000000;\">PIU&#8217; SIAMO CON MARINA DONA&#8217; \u00a0<\/span> 900 <span style=\"color: #0000ff;\">il nuovo programma, l&#8217;almanacco della nostra gente con il MUSLA\u00a0 \u00a0<\/span><\/span><span style=\"color: #ff0000;\"><span style=\"color: #000000;\">9.10 OGGI COME IERI CON SILVIA BALDO<span style=\"color: #0000ff;\">\u00a0<\/span> <\/span><\/span><span style=\"color: #ff0000;\">9.40<\/span> VIABILITA&#8217; CON BOTOL CAR SERVICE (AGORDO-SEDICO-FELTRE)\u00a0 \u00a0<span style=\"color: #ff0000;\">10.30\u00a0 <span style=\"color: #000000;\">\u00a0SPECIALE SE DESMONTEGHA A FALCADE E VALLE DEL BIOIS <\/span><\/span><span style=\"color: #000000;\">\u00a0<\/span><span style=\"color: #ff0000;\">11.30<\/span> SOTTO UN CIELO DI STELLE, ASTROFILIA CON CLAUDIO PRA\u00a0 \u00a0<span style=\"color: #ff0000;\">12.00<\/span> VA TUTTO LISCIO\u00a0 <span style=\"color: #ff0000;\">12.30<\/span> GIORNALE RADIO PRINCIPALE <span style=\"color: #ff0000;\">13.10<\/span>\u00a0 SALUTE E SOCIETA&#8217; CON IL DOTTOR MARCO CARACCIOLO<span style=\"color: #ff0000;\">\u00a013.20<span style=\"color: #000000;\">\u00a0 TRA FOGLIE E CASTAGNA, CANTA CON NOI DI E CON MARINA DONA&#8217;<\/span>\u00a0 <\/span><span style=\"color: #ff0000;\">\u00a0<\/span><span style=\"color: #ff0000;\">14.00 <span style=\"color: #000000;\">COLLAGE OPERAZIONE NOSTALGIA, LORIS SCUSSEL\u00a0<\/span>\u00a0<\/span><span style=\"color: #ff0000;\">15.00<\/span> RITRATTI SONORI CON ALESSIA DALL&#8217;O\u00a0 ospite a tutta birra&#8230;\u00a0 CON MATTINA LUCCA dalla valsugana birrificio Tommasini (FOTO) <span style=\"color: #ff0000;\">16<\/span> IL ROCK DI MARCO COSTANTINI <span style=\"color: #ff0000;\">1645<\/span> LE HIT DI MIRCO BENCIVENNI <span style=\"color: #ff0000;\">18.00<\/span> PIU&#8217; DANCE LE SELEZIONI CHE FANNO SALTARE DI DJ JACK, JACOPO DEL TEDESCO <span style=\"color: #ff0000;\">19.00 <span style=\"color: #000000;\">SE DESMONTEGHEA A FALCADE<\/span><\/span><\/p>\n<p><strong>rassegna stampa nazionale,<\/strong> ogni giorno alle 5 e alle 6 del mattino<br \/>\ngiornali locali 7 rassegna stampa flash, 8 rassegna stampa, gr flash alle 10 e alle 11, principale 12.30. Informazione pomerIggio alle 15 (speciale) 16, 17, 18. Giornale radio nazionale: ogni ora dalle 5 del mattino, alle 20 della sera.<\/p>\n<p>&nbsp;<\/p>\n<p>&nbsp;<\/p>\n<hr \/>\n<p>&nbsp;<\/p>\n<p>&nbsp;<\/p>\n<div class=\"x11i5rnm xat24cr x1mh8g0r x1vvkbs xtlvy1s x126k92a\">\n<div dir=\"auto\">\n<div dir=\"auto\">\n<p><strong><a class=\"dt-pswp-item\" href=\"https:\/\/www.radiopiu.net\/wordpress\/wp-content\/uploads\/2024\/02\/2d44e751-d8a8-461b-8e22-d8e4e853b032.jpg\" data-dt-img-description=\"\" data-large_image_width=\"1600\" data-large_image_height=\"1200\"><img loading=\"lazy\" decoding=\"async\" class=\"wp-image-373307 alignleft\" src=\"https:\/\/www.radiopiu.net\/wordpress\/wp-content\/uploads\/2024\/02\/2d44e751-d8a8-461b-8e22-d8e4e853b032-300x225.jpg\" alt=\"\" width=\"105\" height=\"79\" srcset=\"https:\/\/www.radiopiu.net\/wordpress\/wp-content\/uploads\/2024\/02\/2d44e751-d8a8-461b-8e22-d8e4e853b032-300x225.jpg 300w, https:\/\/www.radiopiu.net\/wordpress\/wp-content\/uploads\/2024\/02\/2d44e751-d8a8-461b-8e22-d8e4e853b032-1024x768.jpg 1024w, https:\/\/www.radiopiu.net\/wordpress\/wp-content\/uploads\/2024\/02\/2d44e751-d8a8-461b-8e22-d8e4e853b032-768x576.jpg 768w, https:\/\/www.radiopiu.net\/wordpress\/wp-content\/uploads\/2024\/02\/2d44e751-d8a8-461b-8e22-d8e4e853b032-1536x1152.jpg 1536w, https:\/\/www.radiopiu.net\/wordpress\/wp-content\/uploads\/2024\/02\/2d44e751-d8a8-461b-8e22-d8e4e853b032.jpg 1600w\" sizes=\"auto, (max-width: 105px) 100vw, 105px\" \/><\/a>EL BAL DEL FIOR, DI GIULIANA DA RONCH, 23 SETTEMBRE<\/strong><strong>\u00a02024<\/strong><\/p>\n<\/div>\n<\/div>\n<\/div>\n<div class=\"x11i5rnm xat24cr x1mh8g0r x1vvkbs xtlvy1s x126k92a\"><\/div>\n<audio class=\"wp-audio-shortcode\" id=\"audio-410429-1\" preload=\"none\" style=\"width: 100%;\" controls=\"controls\"><source type=\"audio\/mpeg\" src=\"https:\/\/www.radiopiu.net\/wordpress\/wp-content\/uploads\/2024\/09\/GLU-4.mp3?_=1\" \/><a href=\"https:\/\/www.radiopiu.net\/wordpress\/wp-content\/uploads\/2024\/09\/GLU-4.mp3\">https:\/\/www.radiopiu.net\/wordpress\/wp-content\/uploads\/2024\/09\/GLU-4.mp3<\/a><\/audio>\n<p>&nbsp;<\/p>\n<hr \/>\n<blockquote>\n<h1><\/h1>\n<h1><strong><a class=\"dt-pswp-item\" href=\"https:\/\/www.radiopiu.net\/wordpress\/wp-content\/uploads\/2024\/09\/settembre-2024-calendario-it2.jpg\" data-dt-img-description=\"Optimized by JPEGmini 3.13.0.8 0x813388d2\" data-large_image_width=\"1325\" data-large_image_height=\"1004\"><img loading=\"lazy\" decoding=\"async\" class=\" wp-image-409701 alignleft\" src=\"https:\/\/www.radiopiu.net\/wordpress\/wp-content\/uploads\/2024\/09\/settembre-2024-calendario-it2-300x227.jpg\" alt=\"\" width=\"187\" height=\"142\" srcset=\"https:\/\/www.radiopiu.net\/wordpress\/wp-content\/uploads\/2024\/09\/settembre-2024-calendario-it2-300x227.jpg 300w, https:\/\/www.radiopiu.net\/wordpress\/wp-content\/uploads\/2024\/09\/settembre-2024-calendario-it2-1024x776.jpg 1024w, https:\/\/www.radiopiu.net\/wordpress\/wp-content\/uploads\/2024\/09\/settembre-2024-calendario-it2-768x582.jpg 768w, https:\/\/www.radiopiu.net\/wordpress\/wp-content\/uploads\/2024\/09\/settembre-2024-calendario-it2.jpg 1325w\" sizes=\"auto, (max-width: 187px) 100vw, 187px\" \/><\/a>N di parom &#8211; L Almanach de la nosta jent<\/strong><\/h1>\n<\/blockquote>\n<p>Le voci: Davide Conedera, Agordo, Michela Dell&#8217;Osbel, La Valle Agordina Simone Ganz, Falcade Veronica Lezuo, Colle Santa Lucia. La voce nella sigla \u00e8 di Giorgia Taio<\/p>\n<p><strong>LA PUNTATA DI OGGI, 18\u00a0 SETTEMBRE<\/strong><\/p>\n<audio class=\"wp-audio-shortcode\" id=\"audio-410429-2\" preload=\"none\" style=\"width: 100%;\" controls=\"controls\"><source type=\"audio\/mpeg\" src=\"https:\/\/www.radiopiu.net\/wordpress\/wp-content\/uploads\/2024\/09\/23_setember_Michela.mp3?_=2\" \/><a href=\"https:\/\/www.radiopiu.net\/wordpress\/wp-content\/uploads\/2024\/09\/23_setember_Michela.mp3\">https:\/\/www.radiopiu.net\/wordpress\/wp-content\/uploads\/2024\/09\/23_setember_Michela.mp3<\/a><\/audio>\n<p>&nbsp;<\/p>\n<p>&nbsp;<\/p>\n<hr \/>\n<p>&nbsp;<\/p>\n<div class=\"x11i5rnm xat24cr x1mh8g0r x1vvkbs xtlvy1s x126k92a\">\n<h1><span style=\"color: #ff0000;\"><a class=\"dt-pswp-item\" href=\"https:\/\/www.radiopiu.net\/wordpress\/wp-content\/uploads\/2024\/06\/th-5.jpg\" data-dt-img-description=\"\" data-large_image_width=\"326\" data-large_image_height=\"180\"><img loading=\"lazy\" decoding=\"async\" class=\"size-medium wp-image-395881 alignleft\" src=\"https:\/\/www.radiopiu.net\/wordpress\/wp-content\/uploads\/2024\/06\/th-5-300x166.jpg\" alt=\"\" width=\"300\" height=\"166\" srcset=\"https:\/\/www.radiopiu.net\/wordpress\/wp-content\/uploads\/2024\/06\/th-5-300x166.jpg 300w, https:\/\/www.radiopiu.net\/wordpress\/wp-content\/uploads\/2024\/06\/th-5.jpg 326w\" sizes=\"auto, (max-width: 300px) 100vw, 300px\" \/><\/a><\/span><\/h1>\n<h1><\/h1>\n<h1><\/h1>\n<h1><span style=\"color: #000000;\">23 SETTEMBRE&#8230; alla radio l&#8217;almanacco\u00a0<\/span><\/h1>\n<audio class=\"wp-audio-shortcode\" id=\"audio-410429-3\" preload=\"none\" style=\"width: 100%;\" controls=\"controls\"><source type=\"audio\/mpeg\" src=\"https:\/\/www.radiopiu.net\/wordpress\/wp-content\/uploads\/2024\/09\/ALMANACCONEW-19.mp3?_=3\" \/><a href=\"https:\/\/www.radiopiu.net\/wordpress\/wp-content\/uploads\/2024\/09\/ALMANACCONEW-19.mp3\">https:\/\/www.radiopiu.net\/wordpress\/wp-content\/uploads\/2024\/09\/ALMANACCONEW-19.mp3<\/a><\/audio>\n<p>&nbsp;<\/p>\n<p>&nbsp;<\/p>\n<div dir=\"auto\">\n<hr \/>\n<\/div>\n<\/div>\n<blockquote>\n<blockquote>\n<h1><span style=\"color: #ff0000;\">\u00a0<\/span><\/h1>\n<h1><span style=\"color: #ff0000;\">I podcast informativi del mattino &#8211; audio &#8211;\u00a0\u00a0<\/span><\/h1>\n<\/blockquote>\n<p><strong><a class=\"dt-pswp-item\" href=\"https:\/\/www.radiopiu.net\/wordpress\/wp-content\/uploads\/2023\/11\/th-10.jpg\" data-dt-img-description=\"\" data-large_image_width=\"320\" data-large_image_height=\"180\"><img loading=\"lazy\" decoding=\"async\" class=\"wp-image-362866 alignleft\" src=\"https:\/\/www.radiopiu.net\/wordpress\/wp-content\/uploads\/2023\/11\/th-10-300x169.jpg\" alt=\"\" width=\"185\" height=\"104\" srcset=\"https:\/\/www.radiopiu.net\/wordpress\/wp-content\/uploads\/2023\/11\/th-10-300x169.jpg 300w, https:\/\/www.radiopiu.net\/wordpress\/wp-content\/uploads\/2023\/11\/th-10.jpg 320w\" sizes=\"auto, (max-width: 185px) 100vw, 185px\" \/><\/a>LA RASSEGNA STAMPA NAZIONALE ALLA RADIO, OGNI GIORNO ALLE 5 E ALLE 6 DEL MATTINO <span style=\"color: #0000ff;\">viene pubblicata alle 6.00 <span style=\"color: #ff0000;\">DIRETTA RADIO\u00a0 \u00a0\u00a0<\/span><\/span><\/strong><\/p><\/blockquote>\n<p>&nbsp;<\/p>\n<p><strong>NOTIZIE DELLA NOTTE\u00a0 \u00a0<\/strong><\/p>\n<p><strong>Gaza<\/strong>: raid di Israele su una scuola in centro Striscia, 3 morti <strong>Borsa<\/strong>: Hong Kong positiva, apre a +0,73%<br \/>\n<strong>Palazzina crollata<\/strong>, recuperato anche il corpo dell&#8217;anziana <strong>Serie A<\/strong>: Inter-Milan 1-2 <strong>Barnier<\/strong> non esclude un aumento delle tasse per i pi\u00f9 ricchi<strong>\u00a0<\/strong><\/p>\n<h2>AUDIO dalle 6 del mattino<\/h2>\n<audio class=\"wp-audio-shortcode\" id=\"audio-410429-4\" preload=\"none\" style=\"width: 100%;\" controls=\"controls\"><source type=\"audio\/mpeg\" src=\"https:\/\/www.radiopiu.net\/wordpress\/wp-content\/uploads\/2024\/09\/GIORNALEDELLESEI-17.mp3?_=4\" \/><a href=\"https:\/\/www.radiopiu.net\/wordpress\/wp-content\/uploads\/2024\/09\/GIORNALEDELLESEI-17.mp3\">https:\/\/www.radiopiu.net\/wordpress\/wp-content\/uploads\/2024\/09\/GIORNALEDELLESEI-17.mp3<\/a><\/audio>\n<p>&nbsp;<\/p>\n<p>&nbsp;<\/p>\n<p>&nbsp;<\/p>\n<hr \/>\n<p>&nbsp;<\/p>\n<h1 style=\"text-align: center;\"><span style=\"color: #ff0000;\">I podcast informativi del mattino &#8211; audio &#8211;\u00a0<\/span><\/h1>\n<p><strong><a class=\"dt-pswp-item\" href=\"https:\/\/www.radiopiu.net\/wordpress\/wp-content\/uploads\/2023\/12\/images.png\" data-dt-img-description=\"\" data-large_image_width=\"316\" data-large_image_height=\"160\"><img loading=\"lazy\" decoding=\"async\" class=\"wp-image-367008 alignleft\" src=\"https:\/\/www.radiopiu.net\/wordpress\/wp-content\/uploads\/2023\/12\/images-300x152.png\" alt=\"\" width=\"235\" height=\"119\" srcset=\"https:\/\/www.radiopiu.net\/wordpress\/wp-content\/uploads\/2023\/12\/images-300x152.png 300w, https:\/\/www.radiopiu.net\/wordpress\/wp-content\/uploads\/2023\/12\/images.png 316w\" sizes=\"auto, (max-width: 235px) 100vw, 235px\" \/><\/a>OGNI GIORNO ALLE SETTE DEL MATTINO, LA RASSEGNA STAMPA LOCALE FLASH&#8230; PER CHI VA IN FRETTA. I TITOLI DAI GIORNALI E DAL SITO WWW.RADIOPIU.NET <span style=\"color: #0000ff;\">viene pubblicato alle 7.00<\/span> <span style=\"color: #ff0000;\">DIRETTA RADIO\u00a0<\/span><\/strong><\/p>\n<p><em><span style=\"color: #ff0000;\">per chi va in fretta&#8230; tante notizie in pochi minuti. L&#8217;informazione locale alla radio, ogni ora dalle 7 del mattino alle 19 della sera.<\/span><\/em><\/p>\n<h1>AUDIO dalle 7 del mattino<\/h1>\n<audio class=\"wp-audio-shortcode\" id=\"audio-410429-5\" preload=\"none\" style=\"width: 100%;\" controls=\"controls\"><source type=\"audio\/mpeg\" src=\"https:\/\/www.radiopiu.net\/wordpress\/wp-content\/uploads\/2024\/09\/GF07-13.mp3?_=5\" \/><a href=\"https:\/\/www.radiopiu.net\/wordpress\/wp-content\/uploads\/2024\/09\/GF07-13.mp3\">https:\/\/www.radiopiu.net\/wordpress\/wp-content\/uploads\/2024\/09\/GF07-13.mp3<\/a><\/audio>\n<p>&nbsp;<\/p>\n<p>&nbsp;<\/p>\n<p>&nbsp;<\/p>\n<hr \/>\n<p>&nbsp;<\/p>\n<h1><\/h1>\n<h1 style=\"text-align: center;\"><span style=\"color: #ff0000;\"><a class=\"dt-pswp-item\" href=\"https:\/\/www.radiopiu.net\/wordpress\/wp-content\/uploads\/2022\/01\/026c3f9d-dae9-4040-a3c1-a6530231bcc3.jpg\" data-dt-img-description=\"\" data-large_image_width=\"1152\" data-large_image_height=\"2048\"><img loading=\"lazy\" decoding=\"async\" class=\"wp-image-251839 alignleft\" src=\"https:\/\/www.radiopiu.net\/wordpress\/wp-content\/uploads\/2022\/01\/026c3f9d-dae9-4040-a3c1-a6530231bcc3-169x300.jpg\" alt=\"\" width=\"100\" height=\"177\" srcset=\"https:\/\/www.radiopiu.net\/wordpress\/wp-content\/uploads\/2022\/01\/026c3f9d-dae9-4040-a3c1-a6530231bcc3-169x300.jpg 169w, https:\/\/www.radiopiu.net\/wordpress\/wp-content\/uploads\/2022\/01\/026c3f9d-dae9-4040-a3c1-a6530231bcc3-576x1024.jpg 576w, https:\/\/www.radiopiu.net\/wordpress\/wp-content\/uploads\/2022\/01\/026c3f9d-dae9-4040-a3c1-a6530231bcc3-768x1365.jpg 768w, https:\/\/www.radiopiu.net\/wordpress\/wp-content\/uploads\/2022\/01\/026c3f9d-dae9-4040-a3c1-a6530231bcc3-864x1536.jpg 864w, https:\/\/www.radiopiu.net\/wordpress\/wp-content\/uploads\/2022\/01\/026c3f9d-dae9-4040-a3c1-a6530231bcc3.jpg 1152w\" sizes=\"auto, (max-width: 100px) 100vw, 100px\" \/><\/a>I podcast informativi del mattino &#8211; audio &#8211;\u00a0<\/span><\/h1>\n<blockquote><p><strong>GIORNALE RADIO NAZIONALE, EDIZIONE DELLE SETTE <span style=\"color: #0000ff;\">viene pubblicato alle 7.05 <span style=\"color: #ff0000;\">DIRETTA RADIO\u00a0<\/span><\/span><\/strong><\/p><\/blockquote>\n<p><strong>il giornale radionazionale e&#8217; in onda ogni ora, dalle sette del mattino alle venti della sera\u00a0 \u00a0<\/strong><strong>\u00a0<\/strong><\/p>\n<p><strong>TREVISO<\/strong> La prima udienza. L&#8217;ora della giustizia per Giulia, comincia il processo a Turetta <strong>ROMA<\/strong>\u00a0 Pietro Orlandi: &#8216;Il carceriere di Emanuela a Londra \u00e8 stato l&#8217;ex Nar Baioni&#8217; <strong>CATANIA<\/strong> Incidente stradale, muore un ragazzo di 15 anni, gravi altri tre giovani<br \/>\n<strong>CAGLIARI<\/strong> Lite sul Lungomare di Quartu, tre ragazzi feriti\u00a0 <strong>ROMA<\/strong> Detenuto a Cuba scrive a Meloni, appello per rientrare in Italia. &#8216;Condannato per omicidio, ma non ero sull&#8217;isola. Ora ho le prove&#8217; <strong>MILANO<\/strong> Processo Grillo jr, in aula ex ragazzo presunta vittima Luned\u00ec tra i testi della difesa anche fratellastro Davide Grillo <strong>CHIAVARI<\/strong> Anziana uccisa in casa, fermato il nipote: &#8216;Abbiamo litigato, l&#8217;ho colpita con una forbice&#8217;<\/p>\n<h2>AUDIO dalle sette del mattino, ogni ora alla radio<\/h2>\n<audio class=\"wp-audio-shortcode\" id=\"audio-410429-6\" preload=\"none\" style=\"width: 100%;\" controls=\"controls\"><source type=\"audio\/mpeg\" src=\"https:\/\/www.radiopiu.net\/wordpress\/wp-content\/uploads\/2024\/09\/giornale07-17.mp3?_=6\" \/><a href=\"https:\/\/www.radiopiu.net\/wordpress\/wp-content\/uploads\/2024\/09\/giornale07-17.mp3\">https:\/\/www.radiopiu.net\/wordpress\/wp-content\/uploads\/2024\/09\/giornale07-17.mp3<\/a><\/audio>\n<p>&nbsp;<\/p>\n<p>&nbsp;<\/p>\n<hr \/>\n<p>&nbsp;<\/p>\n<p>&nbsp;<\/p>\n<h1><span style=\"color: #ff0000;\">I podcast informativi del mattino &#8211; video &#8211;\u00a0<\/span><\/h1>\n<h2 style=\"text-align: left;\"><strong>RASSEGNA STAMPA LOCALE, ORE OTTO 05<\/strong><\/h2>\n<h2><strong> <span style=\"color: #0000ff;\">viene\u00a0 <\/span><\/strong><strong><span style=\"color: #0000ff;\">pubblicata alle 8.05 <span style=\"color: #ff0000;\">DIRETTA RADIO\u00a0 \u00a0<\/span><\/span><\/strong><strong>DI MIRKO MEZZACASA<\/strong><\/h2>\n<h2><span style=\"color: #ff0000;\"><strong>VIDEO\u00a0 \u00a0in diretta dalle 8 del mattino\u00a0 \u00a0<\/strong><\/span><\/h2>\n<p><iframe loading=\"lazy\" title=\"DAL 1983 LA RASSEGNA STAMPA LOCALE di mirko mezzacasa. L&#039;ORIGINALE\" width=\"1200\" height=\"675\" src=\"https:\/\/www.youtube.com\/embed\/kvryeyrujqE?feature=oembed\" frameborder=\"0\" allow=\"accelerometer; autoplay; clipboard-write; encrypted-media; gyroscope; picture-in-picture; web-share\" referrerpolicy=\"strict-origin-when-cross-origin\" allowfullscreen><\/iframe><\/p>\n<p>&nbsp;<\/p>\n<p>&nbsp;<\/p>\n<hr \/>\n<p>&nbsp;<\/p>\n<p>&nbsp;<\/p>\n<p><strong><a class=\"dt-pswp-item\" href=\"https:\/\/www.radiopiu.net\/wordpress\/wp-content\/uploads\/2023\/12\/ANTENNA.png\" data-dt-img-description=\"\" data-large_image_width=\"300\" data-large_image_height=\"166\"><img loading=\"lazy\" decoding=\"async\" class=\" wp-image-366306 alignleft\" src=\"https:\/\/www.radiopiu.net\/wordpress\/wp-content\/uploads\/2023\/12\/ANTENNA.png\" alt=\"\" width=\"175\" height=\"97\" \/><\/a>IERI SERA, DAL TG DI ANTENNA 3, ogni sera alle 19 le anticipazioni alla radio, quello che poi seguirete nel TELEGIORNALE BELLUNESE\u00a0 in onda alle 19.30 sul CANALE 10 del digitale terrestre.\u00a0\u00a0<\/strong><\/p>\n<p>&nbsp;<\/p>\n<p>&nbsp;<\/p>\n<hr \/>\n<p>&nbsp;<\/p>\n<blockquote>\n<h3>CHIUSURA PER LA STRADA PER PASSO DURAN &#8211; LATO ZOLDO<\/h3>\n<\/blockquote>\n<p><strong>SP347 PASSO DURAN E CEREDA<\/strong> localit\u00e0 Cordelle. FINO ALL&#8217;11 OTTOBRE esclusi sabato, domeniche e festivi infrasettimanali INTERDIZIONE TOTALE AL TRANSITO DALLE 8 ALLE 17<\/p>\n<p>&nbsp;<\/p>\n<p>&nbsp;<\/p>\n<hr \/>\n<p>&nbsp;<\/p>\n<blockquote>\n<h3>ROCCA PIETORE, ACQUA INQUINATA<\/h3>\n<\/blockquote>\n<p><strong>ROCCA PIETORE<\/strong> a ROCCA PIETORE in localit\u00e0 SOPRACORDEVOLE, VAL, DAGAI, DAVARE, LE COSTE e RONCH l&#8217;acqua erogata dall&#8217;acquedotto non \u00e8 potabile e non pu\u00f2 essere usata per scopi alimentari. Verr\u00e0 effettuato servizio sostitutivo con cisterna c\/o ex Ufficio Postale.<\/p>\n<p>&nbsp;<\/p>\n<p>&nbsp;<\/p>\n<hr \/>\n<p>&nbsp;<\/p>\n<blockquote>\n<h3><a class=\"dt-pswp-item\" href=\"https:\/\/www.radiopiu.net\/wordpress\/wp-content\/uploads\/2024\/09\/SCR-20240922-mcow.jpeg\" data-dt-img-description=\"Screenshot\" data-large_image_width=\"914\" data-large_image_height=\"726\"><img loading=\"lazy\" decoding=\"async\" class=\"wp-image-410513 alignleft\" src=\"https:\/\/www.radiopiu.net\/wordpress\/wp-content\/uploads\/2024\/09\/SCR-20240922-mcow-300x238.jpeg\" alt=\"\" width=\"147\" height=\"116\" srcset=\"https:\/\/www.radiopiu.net\/wordpress\/wp-content\/uploads\/2024\/09\/SCR-20240922-mcow-300x238.jpeg 300w, https:\/\/www.radiopiu.net\/wordpress\/wp-content\/uploads\/2024\/09\/SCR-20240922-mcow-768x610.jpeg 768w, https:\/\/www.radiopiu.net\/wordpress\/wp-content\/uploads\/2024\/09\/SCR-20240922-mcow.jpeg 914w\" sizes=\"auto, (max-width: 147px) 100vw, 147px\" \/><\/a>ADDIO A PIETRO POLLAZZON IL NONNO CENTENARIO DI VOLTAGO AGORDINO<\/h3>\n<\/blockquote>\n<p><strong>VOLTAGO<\/strong> E\u2019 mancato Pietro Pollazzon 101 compiuti lo scorso 5 marzo se n\u00e8 andato serenamente assistito dai pronipoti, dai nipoti Gino e Luca, dalla sorella Stella e dai parenti tutti. I funerali\u00a0 si terranno domani alle 14.30 nella chiesa parrocchiale i Voltago<\/p>\n<p>&nbsp;<\/p>\n<p>&nbsp;<\/p>\n<hr \/>\n<p>&nbsp;<\/p>\n<blockquote>\n<h3 class=\"entry-title\">L\u2019addio a Valter Salvadori, alpinista bellunese<\/h3>\n<\/blockquote>\n<p><img loading=\"lazy\" decoding=\"async\" class=\"alignleft\" src=\"https:\/\/i0.wp.com\/www.radiopiu.net\/wordpress\/wp-content\/uploads\/2024\/09\/FOTO-e1726996043830.png?w=1200&amp;ssl=1\" width=\"162\" height=\"136\" data-recalc-dims=\"1\" \/><strong>BELLUNO\u00a0<\/strong>\u00a0Valter Salvadori, noto alpinista 59enne di Belluno, \u00e8 deceduto nel reparto di Terapia intensiva dell\u2019ospedale San Martino, dopo un arresto cardiaco. Grande esperto di arrampicata e scialpinismo, Salvadori aveva aperto \u201cAsso di Picche\u201d, una famosa cascata di ghiaccio sul Nevegal. Amato dalla comunit\u00e0 alpinistica, la sua scomparsa ha colpito profondamente amici e conoscenti. Le figlie e i familiari hanno ringraziato il personale ospedaliero per l\u2019assistenza. I funerali si terranno domani mattina, alle 11, nella chiesa di Castion. Oggi sar\u00e0 possibile salutare Salvadori, nella casa funeraria Brancher di Sedico, dalle 9 a mezzogiorno e domani dalle 8.30 alle 10. \u2014 L\u2019epigrafe dei familiari recita: \u00abSei in cammino verso la vetta pi\u00f9 bella\u00bb.<\/p>\n<p>&nbsp;<\/p>\n<hr \/>\n<p>&nbsp;<\/p>\n<blockquote><p><strong><a class=\"dt-pswp-item\" href=\"https:\/\/www.radiopiu.net\/wordpress\/wp-content\/uploads\/2024\/09\/Senza-nome-51.png\" data-dt-img-description=\"\" data-large_image_width=\"467\" data-large_image_height=\"341\"><img loading=\"lazy\" decoding=\"async\" class=\"wp-image-410592 alignleft\" src=\"https:\/\/www.radiopiu.net\/wordpress\/wp-content\/uploads\/2024\/09\/Senza-nome-51-300x219.png\" alt=\"\" width=\"195\" height=\"142\" srcset=\"https:\/\/www.radiopiu.net\/wordpress\/wp-content\/uploads\/2024\/09\/Senza-nome-51-300x219.png 300w, https:\/\/www.radiopiu.net\/wordpress\/wp-content\/uploads\/2024\/09\/Senza-nome-51.png 467w\" sizes=\"auto, (max-width: 195px) 100vw, 195px\" \/><\/a>Addio a Laura Casarin, figura storica del volley bellunese<\/strong><\/p><\/blockquote>\n<p><strong>BELLUNO<\/strong> Laura Casarin, 65 anni, fondatrice della Pgs e collaboratrice del Belluno Volley, \u00e8 scomparsa a causa di un male incurabile. Casarin era un punto di riferimento per la pallavolo giovanile, dedicandosi soprattutto al minivolley. Il mondo sportivo locale ha espresso profondo cordoglio, ricordandola per la sua gentilezza e passione. Lascia il marito Sandro, i figli Andrea e Sara, e la nipote Amelia. I funerali si terranno mercoled\u00ec, con offerte destinate all&#8217;Associazione Italiana per la Ricerca sul Cancro<\/p>\n<p>&nbsp;<\/p>\n<hr \/>\n<p>&nbsp;<\/p>\n<blockquote>\n<h2>RICERCA IN CORSO SOPRA PASSO CIBIANA<\/h2>\n<\/blockquote>\n<p><strong>CIBIANA DI CADORE<\/strong><\/p>\n<div dir=\"auto\"><img loading=\"lazy\" decoding=\"async\" class=\"alignleft\" src=\"https:\/\/www.radiopiu.net\/wordpress\/wp-content\/uploads\/2022\/05\/chiesa-di-cibiano.webp\" width=\"200\" height=\"114\" \/>Sono in corso dal pomeriggio le ricerche di una escursionista dispersa nella zona del Col Duro. La sessantenne, che faceva parte di una comitiva di 18 persone, era salita con il gruppo dal Passo, verso Forcella Val d&#8217;inferno, Col Duro e rientro. Quando la comitiva era arrivata nuovamente al Passo, i compagni si erano accorti della sua assenza. In due erano tornati sui loro passi verso Forcella Val d&#8217;inferno, senza per\u00f2 trovarla e avevano lanciato l&#8217;allarme. L&#8217;ultimo contatto con la donna risale alle 16.30, quando lei ha detto di avere perso l&#8217;orientamento e di trovarsi vicina a un corso d&#8217;acqua. Le squadre del Soccorso alpino di Pieve di Cadore, San Vito di Cadore, Val di Zoldo hanno iniziato a perlustrare i sentieri, mentre il cellulare della donna suona libero senza risposta. Presenti anche I soccorritori della Guardia di finanza e i Vigili del fuoco con i rispettivi elicotteri. L&#8217;eliambulanza del Suem di Pieve di Cadore, con a bordo un soccorritore di Pieve di Cadore ha affettuato un sorvolo, per poi trasportare in quota sette operatori pi\u00f9 un&#8217;unit\u00e0 cinofila. La cella telefonica \u00e8 stata agganciata sul versante di San Vito di Cadore.<\/div>\n<p>&nbsp;<\/p>\n<hr \/>\n<p>&nbsp;<\/p>\n<blockquote>\n<h3>INCIDENTI E UN MALORE NELLA DOMENICA DEL SUEM 118<\/h3>\n<\/blockquote>\n<p><strong><a class=\"dt-pswp-item\" href=\"https:\/\/www.radiopiu.net\/wordpress\/wp-content\/uploads\/2024\/04\/salt-suem-agordo-croce.jpeg\" data-dt-img-description=\"\" data-large_image_width=\"1024\" data-large_image_height=\"768\"><img loading=\"lazy\" decoding=\"async\" class=\" wp-image-382581 alignleft\" src=\"https:\/\/www.radiopiu.net\/wordpress\/wp-content\/uploads\/2024\/04\/salt-suem-agordo-croce-300x225.jpeg\" alt=\"\" width=\"172\" height=\"129\" srcset=\"https:\/\/www.radiopiu.net\/wordpress\/wp-content\/uploads\/2024\/04\/salt-suem-agordo-croce-300x225.jpeg 300w, https:\/\/www.radiopiu.net\/wordpress\/wp-content\/uploads\/2024\/04\/salt-suem-agordo-croce-768x576.jpeg 768w, https:\/\/www.radiopiu.net\/wordpress\/wp-content\/uploads\/2024\/04\/salt-suem-agordo-croce.jpeg 1024w\" sizes=\"auto, (max-width: 172px) 100vw, 172px\" \/><\/a>REDAZIONE<\/strong> Si \u00e8 chiusa con tre interventi la domenica del Suem 118. Poco dopo le 11:30 la centrale operativa \u00e8 stata allertata per un malore a Passo Giau. Coinvolto un uomo di 55 anni di Trento che \u00e8 stato soccorso dall&#8217;ambulanza e l&#8217;elicottero Falco. Alle 12:30 un 60enne di Belluno \u00e8 stato coinvolto in un incidente in bicicletta a Sedico ed \u00e8 stato portato al San Martino di Belluno. Poco dopo le 17:30 l&#8217;elicottero Falco 2 e l&#8217;ambulanza di Agordo hanno soccorso un uomo e una donna di Vicenza che in localit\u00e0 La Stanga erano stati coinvolti in un incidente motociclistico. Entrambi sono stati portati in ospedale con ferite di media gravit\u00e0.<\/p>\n<p>&nbsp;<\/p>\n<p>&nbsp;<\/p>\n<div class=\"page-title-head hgroup\">\n<blockquote>\n<h2 class=\"entry-title\">203 AGORDINA, MAI UN GIORNO SENZA INCIDENTI, ANCHE IERI 2 FERITI<\/h2>\n<\/blockquote>\n<\/div>\n<div class=\"page-title-breadcrumbs\">\n<p><strong>SEDICO<\/strong><\/p>\n<div class=\"flex max-w-full flex-col flex-grow\">\n<div class=\"min-h-[20px] text-message flex w-full flex-col items-end gap-2 whitespace-normal break-words [.text-message+&amp;]:mt-5\" dir=\"auto\" data-message-author-role=\"assistant\" data-message-id=\"234f3141-70d9-4eb6-a1a3-9dc1cc2df4c7\">\n<div class=\"flex w-full flex-col gap-1 empty:hidden first:pt-[3px]\">\n<div class=\"markdown prose w-full break-words dark:prose-invert dark\">\n<p><img loading=\"lazy\" decoding=\"async\" class=\"alignleft\" src=\"https:\/\/www.radiopiu.net\/wordpress\/wp-content\/uploads\/2024\/09\/Senza-nome-52.png\" width=\"219\" height=\"115\" \/>Un incidente tra un&#8217;auto e una moto \u00e8 avvenuto alle 17.39 sulla 203 Agordina, in localit\u00e0 La Stanga, nel comune di Sedico. I due motociclisti, un uomo di 31 anni e una donna di 32, entrambi di Vicenza, hanno riportato traumi di media gravit\u00e0. L&#8217;uomo \u00e8 stato trasportato in elicottero all&#8217;ospedale San Martino di Belluno, mentre la donna \u00e8 stata portata in ambulanza all&#8217;ospedale di Agordo. Sul posto sono intervenuti vigili del fuoco e carabinieri, causando rallentamenti del traffico.<\/p>\n<\/div>\n<\/div>\n<\/div>\n<\/div>\n<\/div>\n<p>&nbsp;<\/p>\n<p>&nbsp;<\/p>\n<p>&nbsp;<\/p>\n<hr \/>\n<p>&nbsp;<\/p>\n<blockquote>\n<h3>SOCCORSO MOTICICLISTA INFORTUNATO<\/h3>\n<\/blockquote>\n<p><strong>ARSIE&#8217; <\/strong>Sabato attorno a mezzogiorno il Soccorso alpino di Feltre \u00e8 partito in direzione di localit\u00e0 Costa Franosa, sopra Fastro di Arsi\u00e8, dove un motociclista trentenne tedesco, si era fatto male cadendo lungo una strada sterrata. Il biker, che era assistito da due amici e aveva riportato un sospetto trauma alla caviglia, \u00e8 stato raggiunto in fuoristrada da una squadra. Caricato a bordo, l&#8217;infortunato \u00e8 stato accompagnato direttamente in ospedale.<\/p>\n<p>&nbsp;<\/p>\n<p>&nbsp;<\/p>\n<hr \/>\n<p>&nbsp;<\/p>\n<blockquote>\n<h3>Inaugurato un nuovo bivacco sul Monte Pelmo in memoria di due soccorritori<\/h3>\n<\/blockquote>\n<p><strong>SELVA DI CADORE<\/strong> Da ieri mattina, il Monte Pelmo ha un nuovo Bivacco a disposizione in caso di emergenza. Le condizioni meteo favorevoli hanno permesso il posizionamento della struttura grazie all&#8217;elicottero dell&#8217;Esercito &#8220;Chinook&#8221;, decollato da Bolzano alle 7:30. Il Bivacco \u00e8 stato trasportato da Fiames e fissato sul Vant del Pelmo, a 2.836 metri, da una squadra di soccorritori. Durante l&#8217;inaugurazione, \u00e8 stato rivolto un pensiero ad Aldo &#8220;Olpe&#8221; Giustina e Alberto &#8220;Magico&#8221; Bonafede, soccorritori di San Vito di Cadore, che persero la vita il 31 agosto 2011 travolti da una frana sul Pelmo, durante il recupero di due alpinisti. A loro \u00e8 dedicato il Bivacco, che sar\u00e0 di grande utilit\u00e0 per chi si trover\u00e0 in difficolt\u00e0 in futuro. Un sentito applauso ha accompagnato l&#8217;evento.<\/p>\n<p><a class=\"dt-pswp-item\" href=\"https:\/\/www.radiopiu.net\/wordpress\/wp-content\/uploads\/2024\/09\/IMG-20240922-WA0024.jpg\" data-dt-img-description=\"\" data-large_image_width=\"1200\" data-large_image_height=\"1600\"><img loading=\"lazy\" decoding=\"async\" class=\"alignnone size-medium wp-image-410500\" src=\"https:\/\/www.radiopiu.net\/wordpress\/wp-content\/uploads\/2024\/09\/IMG-20240922-WA0024-225x300.jpg\" alt=\"\" width=\"225\" height=\"300\" srcset=\"https:\/\/www.radiopiu.net\/wordpress\/wp-content\/uploads\/2024\/09\/IMG-20240922-WA0024-225x300.jpg 225w, https:\/\/www.radiopiu.net\/wordpress\/wp-content\/uploads\/2024\/09\/IMG-20240922-WA0024-768x1024.jpg 768w, https:\/\/www.radiopiu.net\/wordpress\/wp-content\/uploads\/2024\/09\/IMG-20240922-WA0024-1152x1536.jpg 1152w, https:\/\/www.radiopiu.net\/wordpress\/wp-content\/uploads\/2024\/09\/IMG-20240922-WA0024.jpg 1200w\" sizes=\"auto, (max-width: 225px) 100vw, 225px\" \/><\/a><a class=\"dt-pswp-item\" href=\"https:\/\/www.radiopiu.net\/wordpress\/wp-content\/uploads\/2024\/09\/IMG-20240922-WA0013.jpg\" data-dt-img-description=\"\" data-large_image_width=\"1200\" data-large_image_height=\"1600\"><img loading=\"lazy\" decoding=\"async\" class=\"alignnone size-medium wp-image-410502\" src=\"https:\/\/www.radiopiu.net\/wordpress\/wp-content\/uploads\/2024\/09\/IMG-20240922-WA0013-225x300.jpg\" alt=\"\" width=\"225\" height=\"300\" srcset=\"https:\/\/www.radiopiu.net\/wordpress\/wp-content\/uploads\/2024\/09\/IMG-20240922-WA0013-225x300.jpg 225w, https:\/\/www.radiopiu.net\/wordpress\/wp-content\/uploads\/2024\/09\/IMG-20240922-WA0013-768x1024.jpg 768w, https:\/\/www.radiopiu.net\/wordpress\/wp-content\/uploads\/2024\/09\/IMG-20240922-WA0013-1152x1536.jpg 1152w, https:\/\/www.radiopiu.net\/wordpress\/wp-content\/uploads\/2024\/09\/IMG-20240922-WA0013.jpg 1200w\" sizes=\"auto, (max-width: 225px) 100vw, 225px\" \/><\/a><a class=\"dt-pswp-item\" href=\"https:\/\/www.radiopiu.net\/wordpress\/wp-content\/uploads\/2024\/09\/IMG-20240922-WA0001-scaled.jpg\" data-dt-img-description=\"\" data-large_image_width=\"1440\" data-large_image_height=\"2560\"><img loading=\"lazy\" decoding=\"async\" class=\"alignnone size-medium wp-image-410503\" src=\"https:\/\/www.radiopiu.net\/wordpress\/wp-content\/uploads\/2024\/09\/IMG-20240922-WA0001-169x300.jpg\" alt=\"\" width=\"169\" height=\"300\" srcset=\"https:\/\/www.radiopiu.net\/wordpress\/wp-content\/uploads\/2024\/09\/IMG-20240922-WA0001-169x300.jpg 169w, https:\/\/www.radiopiu.net\/wordpress\/wp-content\/uploads\/2024\/09\/IMG-20240922-WA0001-576x1024.jpg 576w, https:\/\/www.radiopiu.net\/wordpress\/wp-content\/uploads\/2024\/09\/IMG-20240922-WA0001-768x1365.jpg 768w, https:\/\/www.radiopiu.net\/wordpress\/wp-content\/uploads\/2024\/09\/IMG-20240922-WA0001-864x1536.jpg 864w, https:\/\/www.radiopiu.net\/wordpress\/wp-content\/uploads\/2024\/09\/IMG-20240922-WA0001-1152x2048.jpg 1152w, https:\/\/www.radiopiu.net\/wordpress\/wp-content\/uploads\/2024\/09\/IMG-20240922-WA0001-scaled.jpg 1440w\" sizes=\"auto, (max-width: 169px) 100vw, 169px\" \/><\/a><a class=\"dt-pswp-item\" href=\"https:\/\/www.radiopiu.net\/wordpress\/wp-content\/uploads\/2024\/09\/IMG-20240922-WA0008.jpg\" data-dt-img-description=\"\" data-large_image_width=\"1200\" data-large_image_height=\"1600\"><img loading=\"lazy\" decoding=\"async\" class=\"alignnone size-medium wp-image-410501\" src=\"https:\/\/www.radiopiu.net\/wordpress\/wp-content\/uploads\/2024\/09\/IMG-20240922-WA0008-225x300.jpg\" alt=\"\" width=\"225\" height=\"300\" srcset=\"https:\/\/www.radiopiu.net\/wordpress\/wp-content\/uploads\/2024\/09\/IMG-20240922-WA0008-225x300.jpg 225w, https:\/\/www.radiopiu.net\/wordpress\/wp-content\/uploads\/2024\/09\/IMG-20240922-WA0008-768x1024.jpg 768w, https:\/\/www.radiopiu.net\/wordpress\/wp-content\/uploads\/2024\/09\/IMG-20240922-WA0008-1152x1536.jpg 1152w, https:\/\/www.radiopiu.net\/wordpress\/wp-content\/uploads\/2024\/09\/IMG-20240922-WA0008.jpg 1200w\" sizes=\"auto, (max-width: 225px) 100vw, 225px\" \/><\/a><\/p>\n<p>&nbsp;<\/p>\n<p>&nbsp;<\/p>\n<hr \/>\n<p>&nbsp;<\/p>\n<blockquote>\n<h3>QUARANT&#8217;ANNI DI AIB E PROTEZIONE CIVILE DI SOSPIROLO<\/h3>\n<\/blockquote>\n<p><strong>BELLUNO<\/strong> Il consigliere provinciale Massimo Bortoluzzi ha elogiato l\u2019impegno dei volontari della Protezione Civile durante le cerimonie per i 40 anni dell\u2019associazione Antincendio Boschivo e Volontari Protezione Civile Sospirolo. Ha sottolineato come i volontari siano sempre pronti e presenti grazie a una formazione continua e una grande professionalit\u00e0, come dimostrato nei recenti interventi per l&#8217;alluvione in Emilia Romagna. Durante l&#8217;evento, si \u00e8 svolta anche un\u2019esercitazione delle squadre. Nei prossimi giorni, ulteriori squadre della Protezione Civile partiranno per fornire aiuto nelle aree colpite dall\u2019alluvione, equipaggiate con mezzi provinciali.<\/p>\n<p>&nbsp;<\/p>\n<hr \/>\n<p>&nbsp;<\/p>\n<p>&nbsp;<\/p>\n<blockquote>\n<h2>DIRETTA RADIO PIU&#8217; DA VOLTAGO &#8211; CONSEGNA RICONOSCIMENTI<\/h2>\n<\/blockquote>\n<p>&nbsp;<\/p>\n<p>&nbsp;<\/p>\n<p><strong><a class=\"dt-pswp-item\" href=\"https:\/\/www.radiopiu.net\/wordpress\/wp-content\/uploads\/2024\/09\/Senza-nome-48.png\" data-dt-img-description=\"\" data-large_image_width=\"480\" data-large_image_height=\"388\"><img loading=\"lazy\" decoding=\"async\" class=\"size-medium wp-image-410193 alignleft\" src=\"https:\/\/www.radiopiu.net\/wordpress\/wp-content\/uploads\/2024\/09\/Senza-nome-48-300x243.png\" alt=\"\" width=\"300\" height=\"243\" srcset=\"https:\/\/www.radiopiu.net\/wordpress\/wp-content\/uploads\/2024\/09\/Senza-nome-48-300x243.png 300w, https:\/\/www.radiopiu.net\/wordpress\/wp-content\/uploads\/2024\/09\/Senza-nome-48.png 480w\" sizes=\"auto, (max-width: 300px) 100vw, 300px\" \/><\/a>VOLTAGO<\/strong><\/p>\n<div class=\"articlePlainText\">Consegna di riconoscimenti ad alcuni cittadini meritevoli per vari servizi e attivit\u00e0 svolti nella comunit\u00e0. \u00c8 la lodevole iniziativa promossa dall&#8217;amministrazione comunale guidata dal sindaco Giuseppe Schena, su proposta del consigliere con delega al turismo Andrea Bressan.<\/div>\n<div class=\"articlePlainText\">Consegnate delle targhe a alcuni benemeriti concittadini.<\/div>\n<div class=\"articlePlainText\">I riconoscimenti sono infatti stati destinati a: Bruno Zanvit, per tanti anni sindaco del paese, in occasione del suo 80\u00b0 compleanno; Massimilla Miana, Celeste Della Lucia e Maria Grazia Della Lucia, per 60 anni di gestione di uno storico esercizio pubblico a Frassen\u00e9 ma non solo; Candido Parissenti, per 45 anni di gestione di un negozio di macelleria e di frutta e verdura a Voltago; Laura Franceschinelli, per 30 anni di gestione della farmacia a Frassen\u00e9.<\/div>\n<blockquote>\n<h2><\/h2>\n<h2>IN DIRETTA DA VOLTAGO<\/h2>\n<\/blockquote>\n<p><strong>DI MIRKO MEZZACASA<\/strong><\/p>\n<p><iframe loading=\"lazy\" title=\"VOLTAGO, CONSEGNA RICONOSCIMENTI\" width=\"1200\" height=\"675\" src=\"https:\/\/www.youtube.com\/embed\/fplutkeUKCs?feature=oembed\" frameborder=\"0\" allow=\"accelerometer; autoplay; clipboard-write; encrypted-media; gyroscope; picture-in-picture; web-share\" referrerpolicy=\"strict-origin-when-cross-origin\" allowfullscreen><\/iframe><\/p>\n<p>&nbsp;<\/p>\n<p><a class=\"dt-pswp-item\" href=\"https:\/\/www.radiopiu.net\/wordpress\/wp-content\/uploads\/2024\/09\/bcbad5c1-bf6f-4939-829e-a33e903d7880.jpg\" data-dt-img-description=\"\" data-large_image_width=\"2048\" data-large_image_height=\"1152\"><img loading=\"lazy\" decoding=\"async\" class=\"alignnone wp-image-410427 size-large\" src=\"https:\/\/www.radiopiu.net\/wordpress\/wp-content\/uploads\/2024\/09\/bcbad5c1-bf6f-4939-829e-a33e903d7880-1024x576.jpg\" alt=\"\" width=\"1024\" height=\"576\" srcset=\"https:\/\/www.radiopiu.net\/wordpress\/wp-content\/uploads\/2024\/09\/bcbad5c1-bf6f-4939-829e-a33e903d7880-1024x576.jpg 1024w, https:\/\/www.radiopiu.net\/wordpress\/wp-content\/uploads\/2024\/09\/bcbad5c1-bf6f-4939-829e-a33e903d7880-300x169.jpg 300w, https:\/\/www.radiopiu.net\/wordpress\/wp-content\/uploads\/2024\/09\/bcbad5c1-bf6f-4939-829e-a33e903d7880-768x432.jpg 768w, https:\/\/www.radiopiu.net\/wordpress\/wp-content\/uploads\/2024\/09\/bcbad5c1-bf6f-4939-829e-a33e903d7880-1536x864.jpg 1536w, https:\/\/www.radiopiu.net\/wordpress\/wp-content\/uploads\/2024\/09\/bcbad5c1-bf6f-4939-829e-a33e903d7880.jpg 2048w\" sizes=\"auto, (max-width: 1024px) 100vw, 1024px\" \/><\/a><\/p>\n<div><\/div>\n<p>&nbsp;<\/p>\n<p>&nbsp;<\/p>\n<hr \/>\n<p>&nbsp;<\/p>\n<blockquote>\n<h3 class=\"entry-title\">DILLO A RADIO PIU:Nuovi impianti sulle Dolomiti: una minaccia ambientale nascosta dietro toni rassicuranti<\/h3>\n<\/blockquote>\n<p><strong>REDAZIONE<\/strong> Alberto Da Ronch commenta e riflette sulle dichiarazioni lette in questi giorni e che riportiamo in questo articolo di, Per Aldo Da Ronch Le lettere di Davide e Damiano esprimono preoccupazioni per i nuovi impianti, ma la situazione \u00e8 pi\u00f9 grave di quanto sembri.<\/p>\n<p>&nbsp;<\/p>\n<p class=\"photoswipe-wrapper\"><a class=\"dt-pswp-item pspw-wrap-ready\" href=\"https:\/\/i0.wp.com\/www.radiopiu.net\/wordpress\/wp-content\/uploads\/2020\/03\/24538_passogiau-inverno.jpg?ssl=1\" data-dt-img-description=\"\" data-large_image_width=\"600\" data-large_image_height=\"251\"><img loading=\"lazy\" decoding=\"async\" class=\" wp-image-121606 alignleft\" src=\"https:\/\/i0.wp.com\/www.radiopiu.net\/wordpress\/wp-content\/uploads\/2020\/03\/24538_passogiau-inverno.jpg?resize=245%2C103&amp;ssl=1\" sizes=\"auto, (max-width: 245px) 100vw, 245px\" srcset=\"https:\/\/i0.wp.com\/www.radiopiu.net\/wordpress\/wp-content\/uploads\/2020\/03\/24538_passogiau-inverno.jpg?resize=300%2C126&amp;ssl=1 300w, https:\/\/i0.wp.com\/www.radiopiu.net\/wordpress\/wp-content\/uploads\/2020\/03\/24538_passogiau-inverno.jpg?w=600&amp;ssl=1 600w\" alt=\"\" width=\"245\" height=\"103\" data-recalc-dims=\"1\" \/><\/a>Ho letto con piacere le lettere inviate alla redazione da Davide e Damiano, nelle quali si evince che le voci contrarie ai nuovi impianti ci sono, seppur in forma molto edulcorata. In realt\u00e0 la situazione che si prospetta \u00e8 molto pi\u00f9 grave di quanto possa sembrare leggendo i toni pacati degli ascoltatori in questione. Sopratutto alla luce di un recentissimo articolo di un giornale locale in cui si parla con una certa enfasi dei nuovi collegamenti previsti in zona Padon-Arabba e in cui si rassicura sulla totale sostenibilit\u00e0 ambientale, utilizzando sempre la carta della minor quantit\u00e0 di auto sulle strade. Questo, uscendo un attimo dal problema in s\u00e9, rappresenta solo l\u2019ennesimo tentativo di una (non troppo piccola\u2026) parte dell\u2019 informazione italiana di mantenere l\u2019opinione pubblica all\u2019interno del recinto del politicamente corretto in relazione alla convenienza economica e politica del momento. Ma tornando ai fatti, si parla della compromissione e la distruzione di ulteriori aree prative e boschive sulle dolomiti. Sar\u00f2 breve sul discorso funzionale dell\u2019industria dello sci nel breve futuro: indipendentemente dalle cause (antropiche o no) il clima negli ultimi miei 35 anni di osservazione \u00e8 cambiato in maniera drastica, pressoch\u00e8 annullando la stagione invernale nei fondovalle prealpini e dolomitici pi\u00f9 bassi. Un decennio o due e lo stesso accadr\u00e0 a quote pi\u00f9 alte. Garantito. Per il lato economico la situazione non sar\u00e0 migliore: come accade ora si dovr\u00e0 ricorrere a sempre pi\u00f9 fondi pubblici per garantire un innevamento sempre pi\u00f9 incerto ( ma tanto pagano i cittadini), inoltre in un futuro ormai diventato presente i turisti cercheranno sempre pi\u00f9 la natura vera, integra, sana, non antropizzata. I piloni di cemento e gli ecomostri non piacciono a nessuno (si impari dalla Slovenia, dalla Carinzia o dalla valle di Villgraten). Ma sar\u00e0 il lato ambientale e naturalistico ad assumere caratteri disastrosi. Stiamo togliendo alle generazioni future la possibilit\u00e0 di avere qualche zona (qualche misera, ristretta e limitata zona) allo stato naturale, senza cemento e ferro. \u00c8 incredibile come per gli interessi economici di pochi si possa sacrificare un bene comune. Voglio ricordare che la montagna non appartiene ai valligiani, ne tantomeno alle societ\u00e0 che lavorano con la neve e neppure agli albergatori. Questo dovrebbe essere un principio sul quale battersi con tutti i mezzi possibili per preservare almeno qualche zona delle nostre montagne gi\u00e0 colpite dal fenomeno dell \u201covertourism\u201d e del degrado ambientale. Sono purtoppo cosciente che nemmeno la legge \u00e8 dalla nostra parte, considerando la condanna ricevuta dallo scrittore Alberto Peruffo per una scritta con un pennarello su un pilone, considerata una azione di deturpamento, mentre il pilone stesso viene inserito tra le opere \u201csostenibili\u201d. Un paradosso inaccettabile degno dei nostri tempi.<\/p>\n<p>Alberto Da Ronch<br \/>\nAgordo<\/p>\n<p>&nbsp;<\/p>\n<blockquote class=\"wp-embedded-content\" data-secret=\"ULfiBv5ggL\"><p><a href=\"https:\/\/www.radiopiu.net\/wordpress\/letapecs\/\">DILLO A RADIO PIU:Nuovi impianti sulle Dolomiti: una minaccia ambientale nascosta dietro toni rassicuranti<\/a><\/p><\/blockquote>\n<p><iframe loading=\"lazy\" class=\"wp-embedded-content\" sandbox=\"allow-scripts\" security=\"restricted\" style=\"position: absolute; visibility: hidden;\" title=\"&#8220;DILLO A RADIO PIU:Nuovi impianti sulle Dolomiti: una minaccia ambientale nascosta dietro toni rassicuranti&#8221; &#8212; Radio Pi\u00f9\" src=\"https:\/\/www.radiopiu.net\/wordpress\/letapecs\/embed\/#?secret=HBQjvFGIWn#?secret=ULfiBv5ggL\" data-secret=\"ULfiBv5ggL\" width=\"600\" height=\"338\" frameborder=\"0\" marginwidth=\"0\" marginheight=\"0\" scrolling=\"no\"><\/iframe><\/p>\n<p>&nbsp;<\/p>\n<hr \/>\n<p>&nbsp;<\/p>\n<blockquote>\n<h3>PATENTE A CREDITI: 66.300 IMPRESE VENETE \u201cABBANDONATE\u201d DALLA BUROCRAZIA MINISTERIALE LENTA ED IMPACCIATA<\/h3>\n<\/blockquote>\n<p class=\"p1\"><b>Nei primi 7 mesi di quest\u2019anno, in Veneto ci sono stati 37 morti nei luoghi di lavoro, 14 in meno rispetto allo stesso periodo del 2023. A Verona la situazione pi\u00f9 drammatica<\/b><\/p>\n<p><a class=\"dt-pswp-item\" href=\"https:\/\/www.radiopiu.net\/wordpress\/wp-content\/uploads\/2024\/09\/Schermata-2024-09-21-alle-10.48.45.png\" data-dt-img-description=\"\" data-large_image_width=\"1138\" data-large_image_height=\"1278\"><img loading=\"lazy\" decoding=\"async\" class=\"size-medium wp-image-410409 alignleft\" src=\"https:\/\/www.radiopiu.net\/wordpress\/wp-content\/uploads\/2024\/09\/Schermata-2024-09-21-alle-10.48.45-267x300.png\" alt=\"\" width=\"267\" height=\"300\" srcset=\"https:\/\/www.radiopiu.net\/wordpress\/wp-content\/uploads\/2024\/09\/Schermata-2024-09-21-alle-10.48.45-267x300.png 267w, https:\/\/www.radiopiu.net\/wordpress\/wp-content\/uploads\/2024\/09\/Schermata-2024-09-21-alle-10.48.45-912x1024.png 912w, https:\/\/www.radiopiu.net\/wordpress\/wp-content\/uploads\/2024\/09\/Schermata-2024-09-21-alle-10.48.45-768x862.png 768w, https:\/\/www.radiopiu.net\/wordpress\/wp-content\/uploads\/2024\/09\/Schermata-2024-09-21-alle-10.48.45.png 1138w\" sizes=\"auto, (max-width: 267px) 100vw, 267px\" \/><\/a>Sono almeno 66.355 le imprese venete del comparto casa che, dal prossimo 1\u00b0 ottobre, avranno l\u2019obbligo di richiedere digitalmente all\u2019Ispettorato Nazionale del Lavoro (INL) la patente a crediti. Pertanto, edili, dipintori, piastrellisti, elettricisti, termoidraulici, ascensoristi, falegnami, serramentisti, fabbri, lattonieri, carpentieri, etc., dovranno farsi carico di questo nuovo adempimento per poter continuare a lavorare nei cantieri temporanei e mobili.<\/p>\n<p><strong>Ora attendiamo la circolare esplicativa e il portale per presentare la domanda<\/strong><br \/>\nCon l\u2019introduzione della patente a crediti, l\u2019intento del legislatore \u00e8 quello di prevenire e contrastare il lavoro irregolare e aumentare la sicurezza nel comparto delle costruzioni. Obbiettivi condivisibili che, purtroppo, si stanno scontrando con la spaventosa inefficienza della burocrazia ministeriale. Infatti, sono pi\u00f9 di 4 mesi e mezzo che la normativa \u00e8 stata approvata definitivamente, ma a 10 giorni dall\u2019entrata in vigore della patente a crediti, solo ieri il tanto atteso decreto attuativo del ministero del Lavoro, presentato alle parti sociali il 23 luglio scorso, \u00e8 stato pubblicato in Gazzetta Ufficiale. A seguito di questo grave ritardo, l\u2019INL non ha ancora potuto redigere la circolare esplicativa che dovr\u00e0 definire la prassi amministrativa per individuare concretamente i termini e le modalit\u00e0 operative per ottenere la patente. Pertanto, in assenza di questa circolare, la piattaforma digitale dove le imprese interessate dovranno presentare la domanda non \u00e8 ancora disponibile e lo smarrimento e la confusione hanno avuto il sopravvento. A segnalarlo \u00e8 la CGIA, l\u2019associazione degli artigiani e dei piccoli imprenditori di Mestre.<\/p>\n<p><strong><a class=\"dt-pswp-item\" href=\"https:\/\/www.radiopiu.net\/wordpress\/wp-content\/uploads\/2024\/09\/Schermata-2024-09-21-alle-10.49.11.png\" data-dt-img-description=\"\" data-large_image_width=\"1274\" data-large_image_height=\"1528\"><img loading=\"lazy\" decoding=\"async\" class=\"size-medium wp-image-410411 alignleft\" src=\"https:\/\/www.radiopiu.net\/wordpress\/wp-content\/uploads\/2024\/09\/Schermata-2024-09-21-alle-10.49.11-250x300.png\" alt=\"\" width=\"250\" height=\"300\" srcset=\"https:\/\/www.radiopiu.net\/wordpress\/wp-content\/uploads\/2024\/09\/Schermata-2024-09-21-alle-10.49.11-250x300.png 250w, https:\/\/www.radiopiu.net\/wordpress\/wp-content\/uploads\/2024\/09\/Schermata-2024-09-21-alle-10.49.11-854x1024.png 854w, https:\/\/www.radiopiu.net\/wordpress\/wp-content\/uploads\/2024\/09\/Schermata-2024-09-21-alle-10.49.11-768x921.png 768w, https:\/\/www.radiopiu.net\/wordpress\/wp-content\/uploads\/2024\/09\/Schermata-2024-09-21-alle-10.49.11.png 1274w\" sizes=\"auto, (max-width: 250px) 100vw, 250px\" \/><\/a>I lavoratori autonomi sono tutti in difficolt\u00e0<\/strong><br \/>\nL\u2019ennesimo caso di lentezza della burocrazia ministeriale sta mettendo in grosse difficolt\u00e0 le imprese del comparto casa, in particolare quelle di piccolissima dimensione. Va segnalato che tra le 66.355 attivit\u00e0 del Veneto interessate a richiedere la patente a crediti, 27.000 (oltre il 40 per cento circa del totale), sono costituite da artigiani, molti dei quali stranieri, che non hanno dipendenti. Perci\u00f2, non potendo contare sull\u2019apporto di alcun collaboratore, dovranno ottemperare gli adempimenti richiesti dalla legge avvalendosi della consulenza di un tecnico, per la parte che riguarda ambiente e sicurezza, e di un commercialista, nel caso si debba dimostrare il possesso della certificazione di regolarit\u00e0 fiscale, quando prevista dalla legge. Insomma, a meno di 10 giorni dalla scadenza del 1\u00b0 ottobre, il buon senso suggerirebbe di prorogare l\u2019entrata in vigore della patente a crediti. Il Ministro del Lavoro, invece, nei giorni scorsi ha scartato questa ipotesi, anche se alla luce della confusione venutasi a creare, si auspica che, almeno sino alla fine di quest\u2019anno, sia prevista una fase di accompagnamento che &#8211; a eccezione degli infortuni mortali o gravi &#8211; includa anche la sospensione della decurtazione dei crediti.<\/p>\n<p><strong>Per fermare le morti, pi\u00f9 che la patente a crediti bisogna aumentare i controlli sostanziali<\/strong><br \/>\nLa CGIA ritiene che la patente a crediti possa essere uno strumento che pu\u00f2 agevolare l\u2019attivit\u00e0 degli enti pubblici preposti ai controlli: in un\u2019unica banca dati disporranno dell\u2019intera platea delle imprese che operano nel mondo dei cantieri, potranno monitorarla attentamente e individuare le aziende pi\u00f9 a rischio in materia di sicurezza. Ma con questo nuovo strumento, difficilmente si riuscir\u00e0 a ridurre pesantemente il numero degli infortuni e delle morti bianche in questo settore. Per contrastare queste tragedie, invece, bisognerebbe aumentare sensibilmente il numero dei controlli ed eseguirli con pi\u00f9 efficacia. L\u2019attivit\u00e0 ispettiva, infatti, dovrebbe privilegiare i profili sostanziali di sicurezza e di salute nei cantieri, anzich\u00e9 soffermarsi, come spesso accade oggi, sugli aspetti formali privi di alcuna valenza preventiva. Insomma, meno meticolosit\u00e0 sulla completezza di documenti cartacei e relazioni tecniche, pi\u00f9 rigore nei confronti di chi, ad esempio, ha montato un ponteggio non ancorandolo correttamente o, nei lavori in quota, non ha installato barriere anti caduta, parapetti e reti di sicurezza.<\/p>\n<p><strong><a class=\"dt-pswp-item\" href=\"https:\/\/www.radiopiu.net\/wordpress\/wp-content\/uploads\/2024\/09\/Schermata-2024-09-21-alle-10.48.56.png\" data-dt-img-description=\"\" data-large_image_width=\"1278\" data-large_image_height=\"674\"><img loading=\"lazy\" decoding=\"async\" class=\"size-medium wp-image-410412 alignleft\" src=\"https:\/\/www.radiopiu.net\/wordpress\/wp-content\/uploads\/2024\/09\/Schermata-2024-09-21-alle-10.48.56-300x158.png\" alt=\"\" width=\"300\" height=\"158\" srcset=\"https:\/\/www.radiopiu.net\/wordpress\/wp-content\/uploads\/2024\/09\/Schermata-2024-09-21-alle-10.48.56-300x158.png 300w, https:\/\/www.radiopiu.net\/wordpress\/wp-content\/uploads\/2024\/09\/Schermata-2024-09-21-alle-10.48.56-1024x540.png 1024w, https:\/\/www.radiopiu.net\/wordpress\/wp-content\/uploads\/2024\/09\/Schermata-2024-09-21-alle-10.48.56-768x405.png 768w, https:\/\/www.radiopiu.net\/wordpress\/wp-content\/uploads\/2024\/09\/Schermata-2024-09-21-alle-10.48.56.png 1278w\" sizes=\"auto, (max-width: 300px) 100vw, 300px\" \/><\/a>Cantieri: troppi incidenti mortali anche tra gli installatori<\/strong><br \/>\nGli ultimi dati disponibili sul numero di decessi avvenuti nei cantieri sono riferiti al 2022. A fronte di 127 decessi registrati nei luoghi di lavoro del Veneto due anni fa, 24 hanno interessato il settore delle costruzioni. Tra questi ultimi, ben 9 hanno riguardato addetti di imprese appartenenti agli installatori impianti (elettricisti, termoidraulici, ascensoristi, etc.) (vedi Tab. 2). Un fenomeno, quello delle morti nei cantieri, che, purtroppo, non riguarda pi\u00f9 solo i lavoratori delle imprese edili, ma anche molte altre categorie che costituiscono il cosiddetto \u201ccomparto casa\u201d.<\/p>\n<p><strong>Nei primi 7 mesi di quest\u2019anno ci sono stati 37 morti, 14 in meno del 2023. A Verona e Venezia le situazioni pi\u00f9 drammatiche<\/strong><br \/>\nNel 2023 in Veneto ci sono stati 101 morti sul lavoro. I cantieri sono tra i luoghi di lavoro pi\u00f9 a rischio di incidenti mortali, in particolare per la caduta dall\u2019alto, per seppellimento a seguito di lavori di sbancamento e per soffocamento a seguito di interventi in ambienti confinati. Sempre nella nostra regione tra gennaio e luglio il numero totale dei decessi nei luoghi di lavoro ha interessato 37 persone, 14 in meno rispetto allo stesso periodo dell\u2019anno scorso. La provincia di Verona rimane il territorio pi\u00f9 colpito dalle cosiddette \u201cmorti bianche\u201d. Se nei primi 7 mesi del 2024 sono state 11, nello stesso arco temporale del 2023 erano state 15 (-4). Preoccupante anche la situazione della Citt\u00e0 metropolitana di Venezia che quest\u2019anno ha contato 10 decessi (-1), Padova con 9 e Treviso con 4 (-6) (vedi Tab. 3).<\/p>\n<p><strong><a class=\"dt-pswp-item\" href=\"https:\/\/www.radiopiu.net\/wordpress\/wp-content\/uploads\/2024\/09\/Schermata-2024-09-21-alle-10.49.26.png\" data-dt-img-description=\"\" data-large_image_width=\"930\" data-large_image_height=\"772\"><img loading=\"lazy\" decoding=\"async\" class=\"size-medium wp-image-410410 alignleft\" src=\"https:\/\/www.radiopiu.net\/wordpress\/wp-content\/uploads\/2024\/09\/Schermata-2024-09-21-alle-10.49.26-300x249.png\" alt=\"\" width=\"300\" height=\"249\" srcset=\"https:\/\/www.radiopiu.net\/wordpress\/wp-content\/uploads\/2024\/09\/Schermata-2024-09-21-alle-10.49.26-300x249.png 300w, https:\/\/www.radiopiu.net\/wordpress\/wp-content\/uploads\/2024\/09\/Schermata-2024-09-21-alle-10.49.26-768x638.png 768w, https:\/\/www.radiopiu.net\/wordpress\/wp-content\/uploads\/2024\/09\/Schermata-2024-09-21-alle-10.49.26.png 930w\" sizes=\"auto, (max-width: 300px) 100vw, 300px\" \/><\/a>La novit\u00e0 interessa tutti i cantieri temporanei e mobili<\/strong><br \/>\nCome dicevamo pi\u00f9 sopra, i destinatari della misura sono le imprese e i lavoratori autonomi (ovvero gli artigiani senza dipendenti) che operano nei cantieri temporanei e mobili. Tra questi ultimi rientrano i cantieri edili, quelli per realizzare le opere stradali, ferroviarie, idrauliche, marittime e idroelettriche. Sono esclusi da questo provvedimento coloro che in questi ambienti di lavoro effettuano solo mere forniture o prestazioni di natura intellettuale (ovvero i liberi professionisti). Non sono ottenute a richiederla anche le imprese (prevalentemente medio\/grandi) che possiedono la SOA (Societ\u00e0 Organismo di Attestazione) in classifica pari o superiore alla III (per contratti di appalto pari o superiori a 1.033.000 euro).<\/p>\n<p><strong>Inizialmente vengono riconosciuti 30 punti<\/strong><br \/>\nLa legge introduce un sistema di certificazione per imprese e lavoratori autonomi nei cantieri tramite il rilascio di una patente a punti, con una decurtazione degli stessi o una sospensione nel caso di incidenti.\u00a0Il funzionamento \u00e8 simile a quello di una patente per auto. Si parte da una base iniziale di 30 punti: nel caso si verifichino incidenti, infortuni sul lavoro e\/o violazioni delle norme di sicurezza, si procede alla decurtazione.<br \/>\nLa patente \u00e8 rilasciata, in formato\u00a0digitale, dall\u2019INL in base al possesso dei seguenti requisiti:<br \/>\na) \u2013\u00a0iscrizione alla Camera di Commercio;<br \/>\nb) \u2013\u00a0adempimento, da parte dei datori di lavoro, dei dirigenti, dei preposti, dei lavoratori autonomi e dei prestatori di lavoro, degli obblighi formativi previsti dal presente decreto;<br \/>\nc) \u2013\u00a0possesso del Documento unico di regolarit\u00e0 contributiva (Durc) in corso di validit\u00e0;<br \/>\nd) \u2013\u00a0possesso del Documento di valutazione dei rischi (Dvr), nei casi previsti dalla normativa vigente;<br \/>\ne) \u2013\u00a0possesso della certificazione di regolarit\u00e0 fiscale (Durf), nei casi previsti dalla normativa vigente;<br \/>\nf) \u2013\u00a0avvenuta designazione del responsabile del servizio di prevenzione e protezione, nei casi previsti dalla normativa vigente.<\/p>\n<p>&nbsp;<\/p>\n<p>&nbsp;<\/p>\n<hr \/>\n<p>&nbsp;<\/p>\n<blockquote>\n<h3 class=\"entry-title\">SUGO CANALIN DOC ASSICURATO<\/h3>\n<\/blockquote>\n<p><strong>CANALE D\u2019AGORDO<\/strong>\u00a0 Gran bel piglio della \u201czoldana\u201d, dall\u2019orto di casa ha raccolto un pomodorino da nove etti.<\/p>\n<p class=\"photoswipe-wrapper\"><a class=\"dt-pswp-item pspw-wrap-ready\" href=\"https:\/\/i0.wp.com\/www.radiopiu.net\/wordpress\/wp-content\/uploads\/2024\/09\/6d976ba8-2b2d-4dbf-8f88-6eb0149f1c7d.jpg?ssl=1\" data-dt-img-description=\"\" data-large_image_width=\"1200\" data-large_image_height=\"1600\"><img loading=\"lazy\" decoding=\"async\" class=\"size-medium wp-image-410475 aligncenter\" src=\"https:\/\/i0.wp.com\/www.radiopiu.net\/wordpress\/wp-content\/uploads\/2024\/09\/6d976ba8-2b2d-4dbf-8f88-6eb0149f1c7d.jpg?resize=225%2C300&amp;ssl=1\" sizes=\"auto, (max-width: 225px) 100vw, 225px\" srcset=\"https:\/\/i0.wp.com\/www.radiopiu.net\/wordpress\/wp-content\/uploads\/2024\/09\/6d976ba8-2b2d-4dbf-8f88-6eb0149f1c7d.jpg?resize=225%2C300&amp;ssl=1 225w, https:\/\/i0.wp.com\/www.radiopiu.net\/wordpress\/wp-content\/uploads\/2024\/09\/6d976ba8-2b2d-4dbf-8f88-6eb0149f1c7d.jpg?resize=768%2C1024&amp;ssl=1 768w, https:\/\/i0.wp.com\/www.radiopiu.net\/wordpress\/wp-content\/uploads\/2024\/09\/6d976ba8-2b2d-4dbf-8f88-6eb0149f1c7d.jpg?resize=1152%2C1536&amp;ssl=1 1152w, https:\/\/i0.wp.com\/www.radiopiu.net\/wordpress\/wp-content\/uploads\/2024\/09\/6d976ba8-2b2d-4dbf-8f88-6eb0149f1c7d.jpg?w=1200&amp;ssl=1 1200w\" alt=\"\" width=\"225\" height=\"300\" data-recalc-dims=\"1\" \/><\/a><\/p>\n<p>&nbsp;<\/p>\n<p>&nbsp;<\/p>\n<hr \/>\n<p>&nbsp;<\/p>\n<blockquote>\n<h3>SE DESMONTEGHEA-FALCADE. VENT&#8217;ANNI DI STORIA<\/h3>\n<\/blockquote>\n<p><span style=\"color: #ff0000;\">A CURA DEL GRUPPO FOLK VAL BIOIS<\/span><\/p>\n<p><strong><em>\u00a0<\/em><\/strong><\/p>\n<p><strong><em>SE DESMONTEGHEA \u2013 LA FESTA DELLE MALGHE<\/em><\/strong><\/p>\n<p><a class=\"dt-pswp-item\" href=\"https:\/\/www.radiopiu.net\/wordpress\/wp-content\/uploads\/2023\/09\/Desmontegada-2022-sfilata.jpg\" data-dt-img-description=\"\" data-large_image_width=\"1280\" data-large_image_height=\"960\"><img loading=\"lazy\" decoding=\"async\" class=\"size-medium wp-image-351283 alignleft\" src=\"https:\/\/www.radiopiu.net\/wordpress\/wp-content\/uploads\/2023\/09\/Desmontegada-2022-sfilata-300x225.jpg\" alt=\"\" width=\"300\" height=\"225\" srcset=\"https:\/\/www.radiopiu.net\/wordpress\/wp-content\/uploads\/2023\/09\/Desmontegada-2022-sfilata-300x225.jpg 300w, https:\/\/www.radiopiu.net\/wordpress\/wp-content\/uploads\/2023\/09\/Desmontegada-2022-sfilata-1024x768.jpg 1024w, https:\/\/www.radiopiu.net\/wordpress\/wp-content\/uploads\/2023\/09\/Desmontegada-2022-sfilata-768x576.jpg 768w, https:\/\/www.radiopiu.net\/wordpress\/wp-content\/uploads\/2023\/09\/Desmontegada-2022-sfilata.jpg 1280w\" sizes=\"auto, (max-width: 300px) 100vw, 300px\" \/><\/a>Era il 2005 quando il gruppo folk Val Biois propose, per la prima volta, una festa intima, paesana, quasi spontanea, nata in sordina per ripristinare in chiave rivisitata la tradizione di festeggiare la fine della stagione degli alpeggi, viva ancora sino agli anni \u201880 del secolo scorso.<\/p>\n<p>Gente del paese con malgari bellunesi e del confinante trentino assieme per un solo giorno di festa con l\u2019orgoglio di appartenere a queste terre di montagna ed a quel mondo contadino che sono le nostre radici.<\/p>\n<p>La Val del Biois ha la fortuna di trovarsi sul confine, in un territorio ricco di aziende agricole e di malghe. Il luogo adatto per celebrare l\u2019agricoltura di montagna.<\/p>\n<p>Negli anni, questa festa ha continuato a crescere, anche in termini di presenze turistiche, tanto da diventare un appuntamento atteso da un anno all\u2019altro con migliaia di presenze turistiche nei tre giorni dell\u2019evento, capace di riempire la capacit\u00e0 ricettiva della valle e i molti ristoranti della zona.<\/p>\n<p><a class=\"dt-pswp-item\" href=\"https:\/\/www.radiopiu.net\/wordpress\/wp-content\/uploads\/2021\/09\/45640705_m.jpg\" data-dt-img-description=\"Falcade, Belluno, Italy - September 26, 2015: Se Desmonteghea a great party in Falcade for the livestock returning from the highland pastures\" data-large_image_width=\"2508\" data-large_image_height=\"1672\"><img loading=\"lazy\" decoding=\"async\" class=\"size-medium wp-image-233460 alignright\" src=\"https:\/\/www.radiopiu.net\/wordpress\/wp-content\/uploads\/2021\/09\/45640705_m-300x200.jpg\" alt=\"\" width=\"300\" height=\"200\" srcset=\"https:\/\/www.radiopiu.net\/wordpress\/wp-content\/uploads\/2021\/09\/45640705_m-300x200.jpg 300w, https:\/\/www.radiopiu.net\/wordpress\/wp-content\/uploads\/2021\/09\/45640705_m-1024x683.jpg 1024w, https:\/\/www.radiopiu.net\/wordpress\/wp-content\/uploads\/2021\/09\/45640705_m-768x512.jpg 768w, https:\/\/www.radiopiu.net\/wordpress\/wp-content\/uploads\/2021\/09\/45640705_m-1536x1024.jpg 1536w, https:\/\/www.radiopiu.net\/wordpress\/wp-content\/uploads\/2021\/09\/45640705_m-2048x1365.jpg 2048w\" sizes=\"auto, (max-width: 300px) 100vw, 300px\" \/><\/a>Il presidente del Gruppo Folk Union Ladina Val Biois Danilo Marmolada afferma che <em>\u201cCi anima il nostro intimo sentire e la consapevolezza di non essere soli, ma di avere un\u2019intera Valle che in varie forme sostiene, aiuta, partecipa a quest\u2019evento e che sentitamente ringraziamo. Senza tanto volontariato non saremmo arrivati a questi livelli!\u201d<\/em><\/p>\n<p>Il segreto di tanto successo probabilmente \u00e8 la genuinit\u00e0 che chi vi partecipa da esterno percepisce, la ricchezza d\u2019animo di una piccola comunit\u00e0 di montagna che sa unirsi armoniosamente per un qualcosa che ognuno sente appartenergli, valorizzando le malghe e tutto ci\u00f2 che sta attorno a questo difficile mondo e lega il passato con il presente.<\/p>\n<p><a class=\"dt-pswp-item\" href=\"https:\/\/www.radiopiu.net\/wordpress\/wp-content\/uploads\/2020\/09\/desmonteghea.jpg\" data-dt-img-description=\"\" data-large_image_width=\"2560\" data-large_image_height=\"1707\"><img loading=\"lazy\" decoding=\"async\" class=\"size-medium wp-image-160904 alignleft\" src=\"https:\/\/www.radiopiu.net\/wordpress\/wp-content\/uploads\/2020\/09\/desmonteghea-300x200.jpg\" alt=\"\" width=\"300\" height=\"200\" srcset=\"https:\/\/www.radiopiu.net\/wordpress\/wp-content\/uploads\/2020\/09\/desmonteghea-300x200.jpg 300w, https:\/\/www.radiopiu.net\/wordpress\/wp-content\/uploads\/2020\/09\/desmonteghea-1024x683.jpg 1024w, https:\/\/www.radiopiu.net\/wordpress\/wp-content\/uploads\/2020\/09\/desmonteghea-768x512.jpg 768w, https:\/\/www.radiopiu.net\/wordpress\/wp-content\/uploads\/2020\/09\/desmonteghea-1536x1024.jpg 1536w, https:\/\/www.radiopiu.net\/wordpress\/wp-content\/uploads\/2020\/09\/desmonteghea-2048x1366.jpg 2048w, https:\/\/www.radiopiu.net\/wordpress\/wp-content\/uploads\/2020\/09\/desmonteghea-640x427.jpg 640w\" sizes=\"auto, (max-width: 300px) 100vw, 300px\" \/><\/a>Quest\u2019anno si festeggia la 20\u00b0 edizione che si svolger\u00e0 a Falcade il 27,28 e 29 settembre. Tre giorni di festa in cui il perno sar\u00e0 il grande corteo che sfiler\u00e0 lungo i 3 km del centro storico di Falcade. Grandissima \u00e8 la partecipazione dei protagonisti di <em>Se Desmonteghea<\/em>: ben 14 malghe della Valle del Biois e delle vicine valli di Fiemme e Fassa e 10 aziende agricole. Centinaia di persone che lavorano ogni singolo giorno per mantenere i pascoli di montagna passeranno per le strade di Falcade insieme a mucche, asini, cavalli, pecore, capre accompagnati dagli applausi della folla che lungo tutto il percorso attende il loro passaggio.<\/p>\n<p>Alla fine del grande corteo molte sono le attrattive che la manifestazione offre: la parte gastronomica \u00e8 molto ampia. Sotto al tendone, che ospita 800 posti a sedere, saranno serviti i piatti della tradizione con il piatto forte della domenica: il toro allo spiedo. Inoltre in ben 15 ristoranti della valle sar\u00e0 possibile assaggiare i men\u00f9 dedicati a <em>Se Desmonteghea<\/em>.<\/p>\n<p>Sulla Piana di Falcade trova spazio la grande fiera dell\u2019artigianato e delle tipicit\u00e0 con pi\u00f9 di 125 espositori provenienti dall\u2019area montagna: 64 espositori Bellunesi, 29 Veneti, 16 Trentini, 7 Friuliani, 1 Bolzanino e 8 provenienti da altre zone.<\/p>\n<p><a class=\"dt-pswp-item\" href=\"https:\/\/www.radiopiu.net\/wordpress\/wp-content\/uploads\/2023\/09\/Desmontegada-2022-prato.jpg\" data-dt-img-description=\"\" data-large_image_width=\"1120\" data-large_image_height=\"840\"><img loading=\"lazy\" decoding=\"async\" class=\"size-medium wp-image-351281 alignright\" src=\"https:\/\/www.radiopiu.net\/wordpress\/wp-content\/uploads\/2023\/09\/Desmontegada-2022-prato-300x225.jpg\" alt=\"\" width=\"300\" height=\"225\" srcset=\"https:\/\/www.radiopiu.net\/wordpress\/wp-content\/uploads\/2023\/09\/Desmontegada-2022-prato-300x225.jpg 300w, https:\/\/www.radiopiu.net\/wordpress\/wp-content\/uploads\/2023\/09\/Desmontegada-2022-prato-1024x768.jpg 1024w, https:\/\/www.radiopiu.net\/wordpress\/wp-content\/uploads\/2023\/09\/Desmontegada-2022-prato-768x576.jpg 768w, https:\/\/www.radiopiu.net\/wordpress\/wp-content\/uploads\/2023\/09\/Desmontegada-2022-prato.jpg 1120w\" sizes=\"auto, (max-width: 300px) 100vw, 300px\" \/><\/a>Grande importanza \u00e8 data anche all\u2019aspetto culturale: la domenica mattina sar\u00e0 possibile visitare, accompagnati dall\u2019allevatore Hermann Follador, un antico <em>tabi\u00e0<\/em> di Sappade per scoprire i segreti del mestiere mentre alle 10.30, sotto al tendone, ospite eccezionale sar\u00e0 l\u2019antropologo Annibale Salsa, esperto conoscitore delle Alpi che ha insegnato Antropologia all\u2019Universit\u00e0 di Genova. \u00c8 stato Presidente generale del CAI e Presidente del Gruppo di Lavoro \u00abPopolazione e cultura\u00bb della Convenzione delle Alpi e ci parler\u00e0 di Malghe e alpeggi, l\u2019identit\u00e0 pi\u00f9 autentica delle Alpi. Sempre sotto al tendone si pu\u00f2 trovare <em>el bancon dai liber<\/em>, lo stand dell\u2019Union ladina Val Biois con le pubblicazioni di approfondimento della cultura locale mentre nel giardino di piazza municipio sar\u00e0 possibile visitare la mostra con le caricature di Claudio Bez dedicate ai personaggi che hanno caratterizzato 20 anni di festa.<\/p>\n<p>La domenica \u00e8 invece la giornata dedicata ai gruppi folk, dalle 14.30 si svolger\u00e0 la sfilata nel centro di Falcade con esibizione finale sotto al tendone. Quest\u2019anno sar\u00e0 presente un gruppo folk proveniente da oltre mare: il Gruppo Folk Nostra signora di Talia Olmedo in provincia di Sassari oltre al gruppo folk Holzockar, I taglialegna di Sappada e i padroni di casa, il Gruppo Folk Val Biois. Un\u2019altra novit\u00e0 di questa edizione saranno I Trombini di San Bartolomeo delle Montagne Lessinia (VR). I Trombini, detti anche &#8220;s-ciopi&#8221; o &#8220;pistoni&#8221;, deriverebbero da armi da guerra del Seicento-Settecento, usate in Lessinia, dai coloni di origine tedesca, bavaresi e\/o tirolesi, per incutere terrore, per abbattere palizzate, per farsi largo tra la folla o per difendersi durante i viaggi. Le loro origini risalgono probabilmente al 1611. La fabbricazione di questi strumenti viene affidata alla perizia e all&#8217;abilit\u00e0 di alcuni artigiani della zona. Il Trombino si carica a polvere nera. Il tromboniere, con un sacco ruvido legato alla gamba per evitare bruciature, imbraccia il Trombino con la bocca indirizzata a terra, spara e, sfruttando il forte rinculo dell&#8217;arma, lo torna a raccogliere sulla spalla, compiendo una rotazione su s\u00e8 stesso. Domenica pomeriggio faranno risuonare i loro colpi sulla Piana di Falcade.<\/p>\n<p>Sono 270 i volontari impiegati nell\u2019organizzazione della festa che parte dalla progettazione, molti mesi prima dell\u2019evento fino al ripristino finale dell\u2019area. Una grande squadra di persone entusiaste che collaborano da anni alla riuscita di questa festa che viene attesa di anno in anno.<\/p>\n<p>&nbsp;<\/p>\n<blockquote class=\"wp-embedded-content\" data-secret=\"iR2HLW793e\"><p><a href=\"https:\/\/www.radiopiu.net\/wordpress\/se-demonteghea-20-scatti-ventanni-venti\/\">SE DEMONTEGHEA, 20 SCATTI: VENT&#8217;ANNI&#8230;VENTI!<\/a><\/p><\/blockquote>\n<p><iframe loading=\"lazy\" class=\"wp-embedded-content\" sandbox=\"allow-scripts\" security=\"restricted\" style=\"position: absolute; visibility: hidden;\" title=\"&#8220;SE DEMONTEGHEA, 20 SCATTI: VENT&#8217;ANNI&#8230;VENTI!&#8221; &#8212; Radio Pi\u00f9\" src=\"https:\/\/www.radiopiu.net\/wordpress\/se-demonteghea-20-scatti-ventanni-venti\/embed\/#?secret=eB0N56lVqH#?secret=iR2HLW793e\" data-secret=\"iR2HLW793e\" width=\"600\" height=\"338\" frameborder=\"0\" marginwidth=\"0\" marginheight=\"0\" scrolling=\"no\"><\/iframe><\/p>\n<p>&nbsp;<\/p>\n<hr \/>\n<p>&nbsp;<\/p>\n<blockquote>\n<h3><a class=\"dt-pswp-item\" href=\"https:\/\/www.radiopiu.net\/wordpress\/wp-content\/uploads\/2024\/09\/image6.jpeg\" data-dt-img-description=\"\" data-large_image_width=\"1200\" data-large_image_height=\"1600\"><img loading=\"lazy\" decoding=\"async\" class=\" wp-image-410545 alignleft\" src=\"https:\/\/www.radiopiu.net\/wordpress\/wp-content\/uploads\/2024\/09\/image6-225x300.jpeg\" alt=\"\" width=\"125\" height=\"167\" srcset=\"https:\/\/www.radiopiu.net\/wordpress\/wp-content\/uploads\/2024\/09\/image6-225x300.jpeg 225w, https:\/\/www.radiopiu.net\/wordpress\/wp-content\/uploads\/2024\/09\/image6-768x1024.jpeg 768w, https:\/\/www.radiopiu.net\/wordpress\/wp-content\/uploads\/2024\/09\/image6-1152x1536.jpeg 1152w, https:\/\/www.radiopiu.net\/wordpress\/wp-content\/uploads\/2024\/09\/image6.jpeg 1200w\" sizes=\"auto, (max-width: 125px) 100vw, 125px\" \/><\/a>TRA LE CHINE DELLA SCHIARA&#8230;L&#8217;ULTIMO APPUNTAMENTO<\/h3>\n<\/blockquote>\n<p><strong>BELLUNO<\/strong> Sabato si \u00e8 conclusa la rassegna estiva &#8220;Tra le chine della Schiara&#8221;, organizzata dal Parco Nazionale Dolomiti Bellunesi. L&#8217;ultimo appuntamento si \u00e8 tenuto al rifugio Pian de la Fontana, dopo essere passato per i rifugi Bianchet e Settimo Alpini. L\u2019evento, dedicato all\u2019alpinismo bellunese, ha visto le storie raccontate da Luca Sovilla e illustrate in china da Marco Dall\u2019Armi. Le vicende di grandi alpinisti come Franceschini e Miotto si sono intrecciate con la vita dei gestori di rifugi di epoche passate. La consigliera del Parco, Valentina Dalla Cort, ha espresso orgoglio per il successo dell\u2019iniziativa, sottolineando l\u2019importanza di raccontare la vita e le tradizioni delle popolazioni locali.<\/p>\n<p>&nbsp;<\/p>\n<p>&nbsp;<\/p>\n<hr \/>\n<p>&nbsp;<\/p>\n<h2><span style=\"color: #ff0000;\">CONSIGLI COMUNALI IN AGORDINO<\/span><\/h2>\n<p><strong>VOLTAGO<\/strong> Consiglio comunale convocato oggi alle 18. Quattro punti in discussione tra cui il programma triennale dei lavori 2024-2026, l&#8217;adeguamento di Via Sav\u00e0 a Frassen\u00e8 nell&#8217;intersezione con la 347 del Passo Cereda e Duran e la messa in sicurezza della strada silvopastorale &#8220;Della Gioia&#8221;.<\/p>\n<p>&nbsp;<\/p>\n<p>&nbsp;<\/p>\n<hr \/>\n<p>&nbsp;<\/p>\n<blockquote>\n<h3>ULTIMI POSTI PER IL PELLEGRINAGGIO A PIETRALBA<\/h3>\n<\/blockquote>\n<p><strong><a class=\"dt-pswp-item\" href=\"https:\/\/www.radiopiu.net\/wordpress\/wp-content\/uploads\/2024\/09\/Santuario-Pietralba-Bolzank-@Walter-Donega.jpg\" data-dt-img-description=\"\" data-large_image_width=\"1920\" data-large_image_height=\"1280\"><img loading=\"lazy\" decoding=\"async\" class=\" wp-image-410436 alignleft\" src=\"https:\/\/www.radiopiu.net\/wordpress\/wp-content\/uploads\/2024\/09\/Santuario-Pietralba-Bolzank-@Walter-Donega-300x200.jpg\" alt=\"\" width=\"183\" height=\"122\" srcset=\"https:\/\/www.radiopiu.net\/wordpress\/wp-content\/uploads\/2024\/09\/Santuario-Pietralba-Bolzank-@Walter-Donega-300x200.jpg 300w, https:\/\/www.radiopiu.net\/wordpress\/wp-content\/uploads\/2024\/09\/Santuario-Pietralba-Bolzank-@Walter-Donega-1024x683.jpg 1024w, https:\/\/www.radiopiu.net\/wordpress\/wp-content\/uploads\/2024\/09\/Santuario-Pietralba-Bolzank-@Walter-Donega-768x512.jpg 768w, https:\/\/www.radiopiu.net\/wordpress\/wp-content\/uploads\/2024\/09\/Santuario-Pietralba-Bolzank-@Walter-Donega-1536x1024.jpg 1536w, https:\/\/www.radiopiu.net\/wordpress\/wp-content\/uploads\/2024\/09\/Santuario-Pietralba-Bolzank-@Walter-Donega.jpg 1920w\" sizes=\"auto, (max-width: 183px) 100vw, 183px\" \/><\/a>CANALE D&#8217;AGORDO<\/strong> Papa Francesco, nel messaggio per la XXXIX Giornata mondiale della giovent\u00f9, invita i giovani a &#8220;diventare pellegrini di speranza&#8221;, sottolineando l&#8217;importanza di vivere il cammino non come turisti, ma con un coinvolgimento profondo. In questo spirito si terr\u00e0, il 28 e 29 settembre, il pellegrinaggio da Canale d&#8217;Agordo a Pietralba, riprendendo una tradizione legata a Papa Luciani. Il pellegrinaggio includer\u00e0 la cerimonia di inaugurazione di una pala d&#8217;altare dedicata a Giovanni Paolo I. L&#8217;evento sar\u00e0 guidato dal vescovo Ivo Muser. Costo del pellegrinaggio 100 euro, con prenotazioni via telefono o email. <span style=\"color: #000000;\"><span style=\"font-family: Arial, sans-serif;\"><span style=\"font-size: small;\">04371948001 o scrivere a <\/span><\/span><\/span><span style=\"color: #000080;\"><span lang=\"zxx\"><u><a href=\"mailto:info@fondazionepapaluciani.com\" target=\"_blank\" rel=\"nofollow noopener\"><span style=\"color: #000000;\"><span style=\"font-family: Arial, sans-serif;\"><span style=\"font-size: small;\">info@fondazionepapaluciani.com<\/span><\/span><\/span><\/a><\/u><\/span><\/span><\/p>\n<p>&nbsp;<\/p>\n<p>&nbsp;<\/p>\n<hr \/>\n<p>&nbsp;<\/p>\n<blockquote>\n<h2>Oltre le vette 2024: la montagna protagonista a Belluno<\/h2>\n<\/blockquote>\n<blockquote><p><em><a class=\"dt-pswp-item\" href=\"https:\/\/www.radiopiu.net\/wordpress\/wp-content\/uploads\/2024\/09\/OLVspettacolo-anima.jpg\" data-dt-img-description=\"\" data-large_image_width=\"2400\" data-large_image_height=\"1600\"><img loading=\"lazy\" decoding=\"async\" class=\"size-medium wp-image-410161 alignleft\" src=\"https:\/\/www.radiopiu.net\/wordpress\/wp-content\/uploads\/2024\/09\/OLVspettacolo-anima-300x200.jpg\" alt=\"\" width=\"300\" height=\"200\" srcset=\"https:\/\/www.radiopiu.net\/wordpress\/wp-content\/uploads\/2024\/09\/OLVspettacolo-anima-300x200.jpg 300w, https:\/\/www.radiopiu.net\/wordpress\/wp-content\/uploads\/2024\/09\/OLVspettacolo-anima-1024x683.jpg 1024w, https:\/\/www.radiopiu.net\/wordpress\/wp-content\/uploads\/2024\/09\/OLVspettacolo-anima-768x512.jpg 768w, https:\/\/www.radiopiu.net\/wordpress\/wp-content\/uploads\/2024\/09\/OLVspettacolo-anima-1536x1024.jpg 1536w, https:\/\/www.radiopiu.net\/wordpress\/wp-content\/uploads\/2024\/09\/OLVspettacolo-anima-2048x1365.jpg 2048w\" sizes=\"auto, (max-width: 300px) 100vw, 300px\" \/><\/a>&#8220;Oltre le vette&#8221; per gli appassionati di montagna.<\/em><\/p><\/blockquote>\n<p><strong>BELLUNO\u00a0 <\/strong>Dal 4 al 13 ottobre 2024, Belluno ospiter\u00e0 la 28a edizione di &#8220;Oltre le vette \u2013 Metafore, uomini, luoghi della montagna&#8221;. Il festival, uno dei pi\u00f9 longevi dedicati alla montagna in Italia, presenta 50 eventi che spaziano dall&#8217;alpinismo all&#8217;arte, con mostre, spettacoli e incontri. Quest\u2019anno il tema \u00e8 &#8220;Filo, philos, fil\u00f2&#8221;, esplorando il legame tra uomo e montagna attraverso diverse prospettive.<\/p>\n<p><strong>l&#8217;assessore alla Cultura Raffaele Addamiano<\/strong><\/p>\n<audio class=\"wp-audio-shortcode\" id=\"audio-410429-7\" preload=\"none\" style=\"width: 100%;\" controls=\"controls\"><source type=\"audio\/mpeg\" src=\"https:\/\/www.radiopiu.net\/wordpress\/wp-content\/uploads\/2024\/09\/addamianoOLV2024.mp3?_=7\" \/><a href=\"https:\/\/www.radiopiu.net\/wordpress\/wp-content\/uploads\/2024\/09\/addamianoOLV2024.mp3\">https:\/\/www.radiopiu.net\/wordpress\/wp-content\/uploads\/2024\/09\/addamianoOLV2024.mp3<\/a><\/audio>\n<p>&nbsp;<\/p>\n<p>&nbsp;<\/p>\n<hr \/>\n<p>&nbsp;<\/p>\n<blockquote>\n<h3>SETTEMBRE PIAVENESE A BELLUNO<\/h3>\n<\/blockquote>\n<p><strong>BELLUNO<\/strong> La rassegna estiva \u201cDall\u2019Ardo alla Piave Festival\u201d si \u00e8 conclusa a settembre con una partecipazione positiva, in particolare per l&#8217;evento &#8220;La Cotogna di Istanbul&#8221;. Prima di lanciare il calendario autunnale, l\u2019associazione Borgo Piave ETC organizza \u201cSettembre Piavense\u201d: il 29 settembre \u201cImpressioni di porto fluviale\u2026\u201d, che mostrer\u00e0 un&#8217;anteprima del futuro spazio dedicato agli zattieri di Borgo Piave. Entrambi gli eventi richiedono prenotazione, con un contributo suggerito di 5 euro.<\/p>\n<p>&nbsp;<\/p>\n<p>&nbsp;<\/p>\n<hr \/>\n<p>&nbsp;<\/p>\n<h2><span style=\"color: #ff6600;\">IERI ALLA RADIO<\/span><\/h2>\n<h2><span style=\"color: #808000;\">DUE MINUTI PER TE<\/span><\/h2>\n<p><strong><a class=\"dt-pswp-item\" href=\"https:\/\/www.radiopiu.net\/wordpress\/wp-content\/uploads\/2020\/12\/DON-GIORGIO-LISE.jpg\" data-dt-img-description=\"\" data-large_image_width=\"1600\" data-large_image_height=\"901\"><img loading=\"lazy\" decoding=\"async\" class=\" wp-image-177420 alignleft\" src=\"https:\/\/www.radiopiu.net\/wordpress\/wp-content\/uploads\/2020\/12\/DON-GIORGIO-LISE-300x169.jpg\" alt=\"\" width=\"179\" height=\"101\" srcset=\"https:\/\/www.radiopiu.net\/wordpress\/wp-content\/uploads\/2020\/12\/DON-GIORGIO-LISE-300x169.jpg 300w, https:\/\/www.radiopiu.net\/wordpress\/wp-content\/uploads\/2020\/12\/DON-GIORGIO-LISE-1024x577.jpg 1024w, https:\/\/www.radiopiu.net\/wordpress\/wp-content\/uploads\/2020\/12\/DON-GIORGIO-LISE-768x432.jpg 768w, https:\/\/www.radiopiu.net\/wordpress\/wp-content\/uploads\/2020\/12\/DON-GIORGIO-LISE-1536x865.jpg 1536w, https:\/\/www.radiopiu.net\/wordpress\/wp-content\/uploads\/2020\/12\/DON-GIORGIO-LISE.jpg 1600w\" sizes=\"auto, (max-width: 179px) 100vw, 179px\" \/><\/a>APPUNTAMENTO DELLA DOMENICA CON IL PENSIERO DI MONSIGNOR GIORGIO LISE<\/strong><\/p>\n<audio class=\"wp-audio-shortcode\" id=\"audio-410429-8\" preload=\"none\" style=\"width: 100%;\" controls=\"controls\"><source type=\"audio\/mpeg\" src=\"https:\/\/www.radiopiu.net\/wordpress\/wp-content\/uploads\/2024\/09\/DON-GIORGIO-1.mp3?_=8\" \/><a href=\"https:\/\/www.radiopiu.net\/wordpress\/wp-content\/uploads\/2024\/09\/DON-GIORGIO-1.mp3\">https:\/\/www.radiopiu.net\/wordpress\/wp-content\/uploads\/2024\/09\/DON-GIORGIO-1.mp3<\/a><\/audio>\n<p>&nbsp;<\/p>\n<h2><span style=\"color: #ff00ff;\">LA RASSEGNA STAMPA DA L&#8217;AMICO DEL POPOLO<\/span><\/h2>\n<p><strong><a class=\"dt-pswp-item\" href=\"https:\/\/www.radiopiu.net\/wordpress\/wp-content\/uploads\/2020\/03\/AMICO-POPOLOpng.png\" data-dt-img-description=\"\" data-large_image_width=\"225\" data-large_image_height=\"225\"><img loading=\"lazy\" decoding=\"async\" class=\" wp-image-123043 alignleft\" src=\"https:\/\/www.radiopiu.net\/wordpress\/wp-content\/uploads\/2020\/03\/AMICO-POPOLOpng.png\" alt=\"\" width=\"104\" height=\"104\" srcset=\"https:\/\/www.radiopiu.net\/wordpress\/wp-content\/uploads\/2020\/03\/AMICO-POPOLOpng.png 225w, https:\/\/www.radiopiu.net\/wordpress\/wp-content\/uploads\/2020\/03\/AMICO-POPOLOpng-150x150.png 150w\" sizes=\"auto, (max-width: 104px) 100vw, 104px\" \/><\/a>DI GIANNI SANTOMASO<\/strong><\/p>\n<audio class=\"wp-audio-shortcode\" id=\"audio-410429-9\" preload=\"none\" style=\"width: 100%;\" controls=\"controls\"><source type=\"audio\/mpeg\" src=\"https:\/\/www.radiopiu.net\/wordpress\/wp-content\/uploads\/2024\/09\/RASSEGNA-GIANNI.mp3?_=9\" \/><a href=\"https:\/\/www.radiopiu.net\/wordpress\/wp-content\/uploads\/2024\/09\/RASSEGNA-GIANNI.mp3\">https:\/\/www.radiopiu.net\/wordpress\/wp-content\/uploads\/2024\/09\/RASSEGNA-GIANNI.mp3<\/a><\/audio>\n<p>&nbsp;<\/p>\n<p>&nbsp;<\/p>\n<blockquote class=\"wp-embedded-content\" data-secret=\"wlkIcv8x3Z\"><p><a href=\"https:\/\/www.radiopiu.net\/wordpress\/piu-siamo-con-marina-settimana-dal-16-al-20-settembre-2024\/\">PIU&#8217; SIAMO&#8230;CON MARINA &#8211; SETTIMANA DAL 16 AL 20 SETTEMBRE 2024<\/a><\/p><\/blockquote>\n<p><iframe loading=\"lazy\" class=\"wp-embedded-content\" sandbox=\"allow-scripts\" security=\"restricted\" style=\"position: absolute; visibility: hidden;\" title=\"&#8220;PIU&#8217; SIAMO&#8230;CON MARINA &#8211; SETTIMANA DAL 16 AL 20 SETTEMBRE 2024&#8221; &#8212; Radio Pi\u00f9\" src=\"https:\/\/www.radiopiu.net\/wordpress\/piu-siamo-con-marina-settimana-dal-16-al-20-settembre-2024\/embed\/#?secret=poKL473WYQ#?secret=wlkIcv8x3Z\" data-secret=\"wlkIcv8x3Z\" width=\"600\" height=\"338\" frameborder=\"0\" marginwidth=\"0\" marginheight=\"0\" scrolling=\"no\"><\/iframe><\/p>\n<p>&nbsp;<\/p>\n<hr \/>\n<p>&nbsp;<\/p>\n<blockquote>\n<h2><a class=\"dt-pswp-item\" href=\"https:\/\/www.radiopiu.net\/wordpress\/wp-content\/uploads\/2024\/09\/28bdb21e-f180-472d-af31-563faf9d341e.jpg\" data-dt-img-description=\"\" data-large_image_width=\"1131\" data-large_image_height=\"1600\"><img loading=\"lazy\" decoding=\"async\" class=\"wp-image-409980 alignleft\" src=\"https:\/\/www.radiopiu.net\/wordpress\/wp-content\/uploads\/2024\/09\/28bdb21e-f180-472d-af31-563faf9d341e-212x300.jpg\" alt=\"\" width=\"176\" height=\"249\" srcset=\"https:\/\/www.radiopiu.net\/wordpress\/wp-content\/uploads\/2024\/09\/28bdb21e-f180-472d-af31-563faf9d341e-212x300.jpg 212w, https:\/\/www.radiopiu.net\/wordpress\/wp-content\/uploads\/2024\/09\/28bdb21e-f180-472d-af31-563faf9d341e-724x1024.jpg 724w, https:\/\/www.radiopiu.net\/wordpress\/wp-content\/uploads\/2024\/09\/28bdb21e-f180-472d-af31-563faf9d341e-768x1086.jpg 768w, https:\/\/www.radiopiu.net\/wordpress\/wp-content\/uploads\/2024\/09\/28bdb21e-f180-472d-af31-563faf9d341e-1086x1536.jpg 1086w, https:\/\/www.radiopiu.net\/wordpress\/wp-content\/uploads\/2024\/09\/28bdb21e-f180-472d-af31-563faf9d341e.jpg 1131w\" sizes=\"auto, (max-width: 176px) 100vw, 176px\" \/><\/a><span style=\"color: #800080;\">45^ MOSTRA MERCATO A VILLA PATT DI SEDICO, CON LA PROLOCO IL 29 SETTEMBRE<\/span><\/h2>\n<\/blockquote>\n<p><strong>SEDICO<\/strong> Sar\u00e0 un&#8217;altra grande festa a fine mese a Villa Patt, con la Proloco di Sedico e i tanti appuntamenti nell&#8217;ambito delle Mostra Mercato che giunge alla 45edisione. Con Claudio Mezzavilla, presidente della Proloco parliamo dell&#8217;evento, ma anche dell&#8217;inaugurazione della panchina rossa in ricordo di Laura Forcellini e del concorso Balcone Fiorito con la collaborazione di Stefano De Paris del team Dolomiti Garden<\/p>\n<p><strong>AUDIO ospite Claudio Mezzavilla<\/strong><\/p>\n<p><strong>di mirko mezzacasa\u00a0<\/strong><\/p>\n<audio class=\"wp-audio-shortcode\" id=\"audio-410429-10\" preload=\"none\" style=\"width: 100%;\" controls=\"controls\"><source type=\"audio\/mpeg\" src=\"https:\/\/www.radiopiu.net\/wordpress\/wp-content\/uploads\/2024\/09\/CLAUDIO-MEZZAVILLA.mp3?_=10\" \/><a href=\"https:\/\/www.radiopiu.net\/wordpress\/wp-content\/uploads\/2024\/09\/CLAUDIO-MEZZAVILLA.mp3\">https:\/\/www.radiopiu.net\/wordpress\/wp-content\/uploads\/2024\/09\/CLAUDIO-MEZZAVILLA.mp3<\/a><\/audio>\n<p>&nbsp;<\/p>\n<p>&nbsp;<\/p>\n<hr \/>\n<p>&nbsp;<\/p>\n<p>&nbsp;<\/p>\n<p>&nbsp;<\/p>\n<blockquote>\n<h3><a class=\"dt-pswp-item\" href=\"https:\/\/www.radiopiu.net\/wordpress\/wp-content\/uploads\/2020\/05\/images-1.jpg\" data-dt-img-description=\"\" data-large_image_width=\"275\" data-large_image_height=\"183\"><img loading=\"lazy\" decoding=\"async\" class=\"wp-image-137672 alignleft\" src=\"https:\/\/www.radiopiu.net\/wordpress\/wp-content\/uploads\/2020\/05\/images-1.jpg\" alt=\"\" width=\"150\" height=\"100\" \/><\/a>CONFIDENZE SULL&#8217;AMORE STORIA DI DONNE, VENERDI IN SALA PELLIZZARI<\/h3>\n<\/blockquote>\n<p><strong>SOSPIROLO<\/strong><\/p>\n<p><strong>DI ROBERTO BONA\u00a0<\/strong><\/p>\n<audio class=\"wp-audio-shortcode\" id=\"audio-410429-11\" preload=\"none\" style=\"width: 100%;\" controls=\"controls\"><source type=\"audio\/wav\" src=\"https:\/\/www.radiopiu.net\/wordpress\/wp-content\/uploads\/2024\/09\/ConfidenzeSullAmore-1.wav?_=11\" \/><a href=\"https:\/\/www.radiopiu.net\/wordpress\/wp-content\/uploads\/2024\/09\/ConfidenzeSullAmore-1.wav\">https:\/\/www.radiopiu.net\/wordpress\/wp-content\/uploads\/2024\/09\/ConfidenzeSullAmore-1.wav<\/a><\/audio>\n<p>&nbsp;<\/p>\n<hr \/>\n<p>&nbsp;<\/p>\n<blockquote>\n<h3><\/h3>\n<h3>LA MOSTRA DI HANS HAACKE A BELLUNO FINO AL 29 SETTEMBRE<\/h3>\n<\/blockquote>\n<p><a class=\"dt-pswp-item\" href=\"https:\/\/www.radiopiu.net\/wordpress\/wp-content\/uploads\/2024\/09\/SCR-20240908-ophz.jpeg\" data-dt-img-description=\"Screenshot\" data-large_image_width=\"1254\" data-large_image_height=\"932\"><img loading=\"lazy\" decoding=\"async\" class=\"wp-image-408564 alignleft\" src=\"https:\/\/www.radiopiu.net\/wordpress\/wp-content\/uploads\/2024\/09\/SCR-20240908-ophz-300x223.jpeg\" alt=\"\" width=\"161\" height=\"120\" srcset=\"https:\/\/www.radiopiu.net\/wordpress\/wp-content\/uploads\/2024\/09\/SCR-20240908-ophz-300x223.jpeg 300w, https:\/\/www.radiopiu.net\/wordpress\/wp-content\/uploads\/2024\/09\/SCR-20240908-ophz-1024x761.jpeg 1024w, https:\/\/www.radiopiu.net\/wordpress\/wp-content\/uploads\/2024\/09\/SCR-20240908-ophz-768x571.jpeg 768w, https:\/\/www.radiopiu.net\/wordpress\/wp-content\/uploads\/2024\/09\/SCR-20240908-ophz.jpeg 1254w\" sizes=\"auto, (max-width: 161px) 100vw, 161px\" \/><\/a><strong>BELLUNO<\/strong><\/p>\n<p>DI ROBERTO BONA<\/p>\n<audio class=\"wp-audio-shortcode\" id=\"audio-410429-12\" preload=\"none\" style=\"width: 100%;\" controls=\"controls\"><source type=\"audio\/mpeg\" src=\"https:\/\/www.radiopiu.net\/wordpress\/wp-content\/uploads\/2024\/09\/BONA-MOSTRA-BELLUNO-SCADE-29-SETTEMBRE.mp3?_=12\" \/><a href=\"https:\/\/www.radiopiu.net\/wordpress\/wp-content\/uploads\/2024\/09\/BONA-MOSTRA-BELLUNO-SCADE-29-SETTEMBRE.mp3\">https:\/\/www.radiopiu.net\/wordpress\/wp-content\/uploads\/2024\/09\/BONA-MOSTRA-BELLUNO-SCADE-29-SETTEMBRE.mp3<\/a><\/audio>\n<p>&nbsp;<\/p>\n<hr \/>\n<p>&nbsp;<\/p>\n<blockquote class=\"wp-embedded-content\" data-secret=\"saPqTD0ub8\"><p><a href=\"https:\/\/www.radiopiu.net\/wordpress\/liber24\/\">LIBER, IL  MERCOLEDI ALLA RADIO CON LIANA CAVALLET<\/a><\/p><\/blockquote>\n<p><iframe loading=\"lazy\" class=\"wp-embedded-content\" sandbox=\"allow-scripts\" security=\"restricted\" style=\"position: absolute; visibility: hidden;\" title=\"&#8220;LIBER, IL  MERCOLEDI ALLA RADIO CON LIANA CAVALLET&#8221; &#8212; Radio Pi\u00f9\" src=\"https:\/\/www.radiopiu.net\/wordpress\/liber24\/embed\/#?secret=nSS6Gfz0Xu#?secret=saPqTD0ub8\" data-secret=\"saPqTD0ub8\" width=\"600\" height=\"338\" frameborder=\"0\" marginwidth=\"0\" marginheight=\"0\" scrolling=\"no\"><\/iframe><\/p>\n<p>&nbsp;<\/p>\n<hr \/>\n<p>&nbsp;<\/p>\n<h2><span style=\"color: #ff0000;\"><a class=\"dt-pswp-item\" href=\"https:\/\/www.radiopiu.net\/wordpress\/wp-content\/uploads\/2018\/09\/appuntamenti.jpeg\" data-dt-img-description=\"\" data-large_image_width=\"800\" data-large_image_height=\"100\"><img loading=\"lazy\" decoding=\"async\" class=\"wp-image-61958 size-full aligncenter\" src=\"https:\/\/www.radiopiu.net\/wordpress\/wp-content\/uploads\/2018\/09\/appuntamenti.jpeg\" alt=\"\" width=\"800\" height=\"100\" srcset=\"https:\/\/www.radiopiu.net\/wordpress\/wp-content\/uploads\/2018\/09\/appuntamenti.jpeg 800w, https:\/\/www.radiopiu.net\/wordpress\/wp-content\/uploads\/2018\/09\/appuntamenti-300x38.jpeg 300w, https:\/\/www.radiopiu.net\/wordpress\/wp-content\/uploads\/2018\/09\/appuntamenti-768x96.jpeg 768w\" sizes=\"auto, (max-width: 800px) 100vw, 800px\" \/><\/a><\/span><\/h2>\n<p>&nbsp;<\/p>\n<div>\n<div class=\"\" dir=\"auto\">\n<div id=\":r9h:\" class=\"x1iorvi4 x1pi30zi x1l90r2v x1swvt13\" data-ad-comet-preview=\"message\" data-ad-preview=\"message\">\n\n\t\t\t<style type='text\/css'>\n\t\t\t\t#gallery-1 {\n\t\t\t\t\tmargin: auto;\n\t\t\t\t}\n\t\t\t\t#gallery-1 .gallery-item {\n\t\t\t\t\tfloat: left;\n\t\t\t\t\tmargin-top: 10px;\n\t\t\t\t\ttext-align: center;\n\t\t\t\t\twidth: 25%;\n\t\t\t\t}\n\t\t\t\t#gallery-1 img {\n\t\t\t\t\tborder: 2px solid #cfcfcf;\n\t\t\t\t}\n\t\t\t\t#gallery-1 .gallery-caption {\n\t\t\t\t\tmargin-left: 0;\n\t\t\t\t}\n\t\t\t\t\/* see gallery_shortcode() in wp-includes\/media.php *\/\n\t\t\t<\/style>\n\t\t<div id='gallery-1' class='dt-gallery-container gallery galleryid-410429 gallery-columns-4 gallery-size-thumbnail'><dl class='gallery-item'>\n\t\t\t\t<dt class='gallery-icon portrait'>\n\t\t\t\t\t<a class=\"rollover rollover-zoom dt-pswp-item\" title=\"LOC_A3_MOSTRA-RADIO_CMVI\" data-dt-img-description=\"\" data-large_image_width=\"1816\" data-large_image_height=\"2560\"href='https:\/\/www.radiopiu.net\/wordpress\/wp-content\/uploads\/2024\/08\/LOC_A3_MOSTRA-RADIO_CMVI-scaled.jpg'><img loading=\"lazy\" decoding=\"async\" width=\"150\" height=\"150\" src=\"https:\/\/www.radiopiu.net\/wordpress\/wp-content\/uploads\/2024\/08\/LOC_A3_MOSTRA-RADIO_CMVI-150x150.jpg\" class=\"attachment-thumbnail size-thumbnail\" alt=\"\" aria-describedby=\"gallery-1-403450\" \/><\/a>\n\t\t\t\t<\/dt>\n\t\t\t\t\t<dd class='wp-caption-text gallery-caption' id='gallery-1-403450'>\n\t\t\t\t\tLA MOSTRA DELLE RADIO IN VALLE IMPERINA\n\t\t\t\t\t<\/dd><\/dl><dl class='gallery-item'>\n\t\t\t\t<dt class='gallery-icon portrait'>\n\t\t\t\t\t<a class=\"rollover rollover-zoom dt-pswp-item\" title=\"WhatsApp Image 2024-08-29 at 15.33.03\" data-dt-img-description=\"\" data-large_image_width=\"1131\" data-large_image_height=\"1600\"href='https:\/\/www.radiopiu.net\/wordpress\/wp-content\/uploads\/2024\/09\/WhatsApp-Image-2024-08-29-at-15.33.03.jpeg'><img loading=\"lazy\" decoding=\"async\" width=\"150\" height=\"150\" src=\"https:\/\/www.radiopiu.net\/wordpress\/wp-content\/uploads\/2024\/09\/WhatsApp-Image-2024-08-29-at-15.33.03-150x150.jpeg\" class=\"attachment-thumbnail size-thumbnail\" alt=\"\" aria-describedby=\"gallery-1-408070\" \/><\/a>\n\t\t\t\t<\/dt>\n\t\t\t\t\t<dd class='wp-caption-text gallery-caption' id='gallery-1-408070'>\n\t\t\t\t\tFESTA DELLA BIRRA A GOSALDO\n\t\t\t\t\t<\/dd><\/dl><dl class='gallery-item'>\n\t\t\t\t<dt class='gallery-icon portrait'>\n\t\t\t\t\t<a class=\"rollover rollover-zoom dt-pswp-item\" title=\"03efb118-d97d-457e-b9cc-b1da6a42649b\" data-dt-img-description=\"\" data-large_image_width=\"905\" data-large_image_height=\"1280\"href='https:\/\/www.radiopiu.net\/wordpress\/wp-content\/uploads\/2024\/09\/03efb118-d97d-457e-b9cc-b1da6a42649b.jpg'><img loading=\"lazy\" decoding=\"async\" width=\"150\" height=\"150\" src=\"https:\/\/www.radiopiu.net\/wordpress\/wp-content\/uploads\/2024\/09\/03efb118-d97d-457e-b9cc-b1da6a42649b-150x150.jpg\" class=\"attachment-thumbnail size-thumbnail\" alt=\"\" aria-describedby=\"gallery-1-408383\" \/><\/a>\n\t\t\t\t<\/dt>\n\t\t\t\t\t<dd class='wp-caption-text gallery-caption' id='gallery-1-408383'>\n\t\t\t\t\tA OTTOBRE A VOLTAGO\n\t\t\t\t\t<\/dd><\/dl><dl class='gallery-item'>\n\t\t\t\t<dt class='gallery-icon portrait'>\n\t\t\t\t\t<a class=\"rollover rollover-zoom dt-pswp-item\" title=\"b69bb19f-4dff-44b8-8f0f-7b20d47f34a5\" data-dt-img-description=\"\" data-large_image_width=\"1133\" data-large_image_height=\"1600\"href='https:\/\/www.radiopiu.net\/wordpress\/wp-content\/uploads\/2024\/09\/b69bb19f-4dff-44b8-8f0f-7b20d47f34a5.jpg'><img loading=\"lazy\" decoding=\"async\" width=\"150\" height=\"150\" src=\"https:\/\/www.radiopiu.net\/wordpress\/wp-content\/uploads\/2024\/09\/b69bb19f-4dff-44b8-8f0f-7b20d47f34a5-150x150.jpg\" class=\"attachment-thumbnail size-thumbnail\" alt=\"\" aria-describedby=\"gallery-1-408941\" \/><\/a>\n\t\t\t\t<\/dt>\n\t\t\t\t\t<dd class='wp-caption-text gallery-caption' id='gallery-1-408941'>\n\t\t\t\t\tA FALCADE A FINE MESE\n\t\t\t\t\t<\/dd><\/dl><br style=\"clear: both\" \/><dl class='gallery-item'>\n\t\t\t\t<dt class='gallery-icon portrait'>\n\t\t\t\t\t<a class=\"rollover rollover-zoom dt-pswp-item\" title=\"Manifesto de El d\u00ec del Trator\" data-dt-img-description=\"\" data-large_image_width=\"1144\" data-large_image_height=\"1600\"href='https:\/\/www.radiopiu.net\/wordpress\/wp-content\/uploads\/2024\/09\/Manifesto-de-El-di-del-Trator.jpeg'><img loading=\"lazy\" decoding=\"async\" width=\"150\" height=\"150\" src=\"https:\/\/www.radiopiu.net\/wordpress\/wp-content\/uploads\/2024\/09\/Manifesto-de-El-di-del-Trator-150x150.jpeg\" class=\"attachment-thumbnail size-thumbnail\" alt=\"\" aria-describedby=\"gallery-1-410274\" \/><\/a>\n\t\t\t\t<\/dt>\n\t\t\t\t\t<dd class='wp-caption-text gallery-caption' id='gallery-1-410274'>\n\t\t\t\t\tIL 6 OTTOBRE A CANALE D&#8217;AGORDO\n\t\t\t\t\t<\/dd><\/dl><dl class='gallery-item'>\n\t\t\t\t<dt class='gallery-icon portrait'>\n\t\t\t\t\t<a class=\"rollover rollover-zoom dt-pswp-item\" title=\"Screenshot\" data-dt-img-description=\"\" data-large_image_width=\"1714\" data-large_image_height=\"1792\"href='https:\/\/www.radiopiu.net\/wordpress\/wp-content\/uploads\/2024\/09\/SCR-20240921-onob.jpeg'><img loading=\"lazy\" decoding=\"async\" width=\"150\" height=\"150\" src=\"https:\/\/www.radiopiu.net\/wordpress\/wp-content\/uploads\/2024\/09\/SCR-20240921-onob-150x150.jpeg\" class=\"attachment-thumbnail size-thumbnail\" alt=\"\" aria-describedby=\"gallery-1-410438\" \/><\/a>\n\t\t\t\t<\/dt>\n\t\t\t\t\t<dd class='wp-caption-text gallery-caption' id='gallery-1-410438'>\n\t\t\t\t\tSABATO AD AGORDO\n\t\t\t\t\t<\/dd><\/dl><dl class='gallery-item'>\n\t\t\t\t<dt class='gallery-icon portrait'>\n\t\t\t\t\t<a class=\"rollover rollover-zoom dt-pswp-item\" title=\"5 ottobre\" data-dt-img-description=\"\" data-large_image_width=\"1754\" data-large_image_height=\"2480\"href='https:\/\/www.radiopiu.net\/wordpress\/wp-content\/uploads\/2024\/09\/5-ottobre.jpg'><img loading=\"lazy\" decoding=\"async\" width=\"150\" height=\"150\" src=\"https:\/\/www.radiopiu.net\/wordpress\/wp-content\/uploads\/2024\/09\/5-ottobre-150x150.jpg\" class=\"attachment-thumbnail size-thumbnail\" alt=\"\" aria-describedby=\"gallery-1-410439\" \/><\/a>\n\t\t\t\t<\/dt>\n\t\t\t\t\t<dd class='wp-caption-text gallery-caption' id='gallery-1-410439'>\n\t\t\t\t\tAD ARSON DI FELTRE\n\t\t\t\t\t<\/dd><\/dl>\n\t\t\t\t<br style='clear: both' \/>\n\t\t\t<\/div>\n\n<p>&nbsp;<\/p>\n<hr \/>\n<p>&nbsp;<\/p>\n<p>&nbsp;<\/p>\n<\/div>\n<\/div>\n<\/div>\n<p><a class=\"dt-pswp-item\" href=\"https:\/\/www.radiopiu.net\/wordpress\/wp-content\/uploads\/2018\/09\/WhatsApp-Image-2018-09-20-at-16.04.06.jpeg\" data-dt-img-description=\"\" data-large_image_width=\"800\" data-large_image_height=\"100\"><img loading=\"lazy\" decoding=\"async\" class=\"wp-image-61378 size-full aligncenter\" src=\"https:\/\/www.radiopiu.net\/wordpress\/wp-content\/uploads\/2018\/09\/WhatsApp-Image-2018-09-20-at-16.04.06.jpeg\" alt=\"\" width=\"800\" height=\"100\" srcset=\"https:\/\/www.radiopiu.net\/wordpress\/wp-content\/uploads\/2018\/09\/WhatsApp-Image-2018-09-20-at-16.04.06.jpeg 800w, https:\/\/www.radiopiu.net\/wordpress\/wp-content\/uploads\/2018\/09\/WhatsApp-Image-2018-09-20-at-16.04.06-300x38.jpeg 300w, https:\/\/www.radiopiu.net\/wordpress\/wp-content\/uploads\/2018\/09\/WhatsApp-Image-2018-09-20-at-16.04.06-768x96.jpeg 768w\" sizes=\"auto, (max-width: 800px) 100vw, 800px\" \/><\/a><\/p>\n<p><center><\/center><b>\u00a0<\/b><\/p>\n<p><center><b>OGGI<\/b><\/center>Al mattino nuvolosit\u00e0 variabile con nubi basse e schiarite specie su Dolomiti. Nel pomeriggio aumento delle nubi fino a nuvoloso o molto nuvoloso ovunque in serata.<br \/>\n<b>Precipitazioni: <\/b>Al mattino poco probabile qualche goccia qua e l\u00e0 entro il mezzogiorno, dal pomeriggio probabilit\u00e0 in aumento per deboli piogge sparse (40-60%) dapprima su Prealpi in estensione in serata a Dolomiti. Dalla tarda serata possibili forti rovesci su Prealpi.<br \/>\n<b>Temperature: <\/b>Temperature massime in generale calo.<\/p>\n<hr \/>\n<p><center><b>DOMANI<\/b><\/center>Cielo per lo pi\u00f9 nuvoloso o molto nuvoloso con qualche irregolare schiarita possibile in giornata specie su Prealpi occidentali.<br \/>\n<b>Precipitazioni: <\/b>Tra notte e primo mattino precipitazioni sparse anche con forti rovesci, poi tendenza ad attenuazione ed esaurimento su Prealpi occidentali mentre potranno insistere a tratti su Bellunese specie nel pomeriggio con nuovi rovesci sparsi in generale esaurimento in serata. Neve sulle cime dolomitiche pi\u00f9 elevate.<br \/>\n<b>Temperature: <\/b>Temperature senza notevoli variazioni o in lieve calo le massime.<\/p>\n<hr \/>\n<p><center><b>MERCOLEDI<\/b><\/center>Per lo pi\u00f9 nuvoloso con qualche irregolare schiarita. In giornata a tratti possibile qualche piovasco sparso pi\u00f9 probabile nel pomeriggio. Temperature in generale live calo specie in quota.<\/p>\n<hr \/>\n<p><center><b>GIOVEDI<\/b><\/center>Nuvoloso o molto nuvoloso con precipitazioni sparse al mattino e diffuse dal pomeriggio. Possibili rovesci su Prealpi. Pioggia fin sulle cime dolomitiche pi\u00f9 elevate. Temperature in aumento in quota, stazionarie nelle valli.<\/p>\n<p>&nbsp;<\/p>\n<hr \/>\n<p>&nbsp;<\/p>\n<p><a class=\"dt-pswp-item\" href=\"https:\/\/www.radiopiu.net\/wordpress\/wp-content\/uploads\/2018\/09\/sport.jpg\" data-dt-img-description=\"\" data-large_image_width=\"800\" data-large_image_height=\"100\"><img loading=\"lazy\" decoding=\"async\" class=\"aligncenter wp-image-60761 size-full\" src=\"https:\/\/www.radiopiu.net\/wordpress\/wp-content\/uploads\/2018\/09\/sport.jpg\" alt=\"\" width=\"800\" height=\"100\" srcset=\"https:\/\/www.radiopiu.net\/wordpress\/wp-content\/uploads\/2018\/09\/sport.jpg 800w, https:\/\/www.radiopiu.net\/wordpress\/wp-content\/uploads\/2018\/09\/sport-300x38.jpg 300w, https:\/\/www.radiopiu.net\/wordpress\/wp-content\/uploads\/2018\/09\/sport-768x96.jpg 768w\" sizes=\"auto, (max-width: 800px) 100vw, 800px\" \/>\u00a0<\/a><\/p>\n<p><span style=\"color: #0000ff;\"><strong>CORSA IN MONTAGNA<\/strong><\/span><\/p>\n<blockquote>\n<h3>IL GOSALDO SI AGGIUDICA IL TROFEO 16 COMUNI 2024<\/h3>\n<\/blockquote>\n<p><strong>DI GIANNI SANTOMASO\u00a0<\/strong><\/p>\n<audio class=\"wp-audio-shortcode\" id=\"audio-410429-13\" preload=\"none\" style=\"width: 100%;\" controls=\"controls\"><source type=\"audio\/mpeg\" src=\"https:\/\/www.radiopiu.net\/wordpress\/wp-content\/uploads\/2024\/09\/GIANNI-16-COMUNI-2.mp3?_=13\" \/><a href=\"https:\/\/www.radiopiu.net\/wordpress\/wp-content\/uploads\/2024\/09\/GIANNI-16-COMUNI-2.mp3\">https:\/\/www.radiopiu.net\/wordpress\/wp-content\/uploads\/2024\/09\/GIANNI-16-COMUNI-2.mp3<\/a><\/audio>\n<p>&nbsp;<\/p>\n<p>Il Trofeo dei 16 Comuni, svoltosi a La Valle Agordina, ha unito atleti e famiglie dell&#8217;Agordino, celebrando le radici comuni e le tradizioni locali. Oltre a essere una gara di corsa in montagna, l&#8217;evento \u00e8 un&#8217;occasione di incontro e condivisione, sottolineando l&#8217;importanza del legame tra generazioni. Nella gara senior maschile, primo posto per Taibon con Simone Decima, Valentino Costa e Matteo Costa. A seguire La Valle e Falcade. Per la categoria femminile senior, Taibon si \u00e8 nuovamente distinto con Francesca De Col\u00f2, Cinzia Salvi e Manuela Bulf. Secondo gradino del podio per Falcade e terzo La Valle. Tra i giovani, la categoria Under 15 ha visto Falcade primeggiare sia nel maschile che nel femminile. Il Trofeo dei 16 Comuni si conferma un evento che va oltre la competizione, celebrando la gioia di stare insieme e correre verso il futuro. A vincere l&#8217;edizione 2024 \u00e8 stato Gosaldo che per una manciata di punti ha superato i padroni di casa del La Valle. Al terzo posto il Voltago.<\/p>\n<p>&nbsp;<\/p>\n<p><a class=\"dt-pswp-item\" href=\"https:\/\/www.radiopiu.net\/wordpress\/wp-content\/uploads\/2024\/09\/SCR-20240922-mikq.jpeg\" data-dt-img-description=\"\" data-large_image_width=\"1960\" data-large_image_height=\"1114\"><img loading=\"lazy\" decoding=\"async\" class=\"alignnone size-medium wp-image-410526\" src=\"https:\/\/www.radiopiu.net\/wordpress\/wp-content\/uploads\/2024\/09\/SCR-20240922-mikq-300x171.jpeg\" alt=\"\" width=\"300\" height=\"171\" srcset=\"https:\/\/www.radiopiu.net\/wordpress\/wp-content\/uploads\/2024\/09\/SCR-20240922-mikq-300x171.jpeg 300w, https:\/\/www.radiopiu.net\/wordpress\/wp-content\/uploads\/2024\/09\/SCR-20240922-mikq-1024x582.jpeg 1024w, https:\/\/www.radiopiu.net\/wordpress\/wp-content\/uploads\/2024\/09\/SCR-20240922-mikq-768x437.jpeg 768w, https:\/\/www.radiopiu.net\/wordpress\/wp-content\/uploads\/2024\/09\/SCR-20240922-mikq-1536x873.jpeg 1536w, https:\/\/www.radiopiu.net\/wordpress\/wp-content\/uploads\/2024\/09\/SCR-20240922-mikq.jpeg 1960w\" sizes=\"auto, (max-width: 300px) 100vw, 300px\" \/><\/a><a class=\"dt-pswp-item\" href=\"https:\/\/www.radiopiu.net\/wordpress\/wp-content\/uploads\/2024\/09\/SCR-20240922-mfmx.jpeg\" data-dt-img-description=\"\" data-large_image_width=\"1540\" data-large_image_height=\"950\"><img loading=\"lazy\" decoding=\"async\" class=\"alignnone wp-image-410528\" src=\"https:\/\/www.radiopiu.net\/wordpress\/wp-content\/uploads\/2024\/09\/SCR-20240922-mfmx-300x185.jpeg\" alt=\"\" width=\"277\" height=\"171\" srcset=\"https:\/\/www.radiopiu.net\/wordpress\/wp-content\/uploads\/2024\/09\/SCR-20240922-mfmx-300x185.jpeg 300w, https:\/\/www.radiopiu.net\/wordpress\/wp-content\/uploads\/2024\/09\/SCR-20240922-mfmx-1024x632.jpeg 1024w, https:\/\/www.radiopiu.net\/wordpress\/wp-content\/uploads\/2024\/09\/SCR-20240922-mfmx-768x474.jpeg 768w, https:\/\/www.radiopiu.net\/wordpress\/wp-content\/uploads\/2024\/09\/SCR-20240922-mfmx-1536x948.jpeg 1536w, https:\/\/www.radiopiu.net\/wordpress\/wp-content\/uploads\/2024\/09\/SCR-20240922-mfmx.jpeg 1540w\" sizes=\"auto, (max-width: 277px) 100vw, 277px\" \/><\/a><a class=\"dt-pswp-item\" href=\"https:\/\/www.radiopiu.net\/wordpress\/wp-content\/uploads\/2024\/09\/SCR-20240922-mgrz.jpeg\" data-dt-img-description=\"\" data-large_image_width=\"1854\" data-large_image_height=\"1066\"><img loading=\"lazy\" decoding=\"async\" class=\"alignnone size-medium wp-image-410529\" src=\"https:\/\/www.radiopiu.net\/wordpress\/wp-content\/uploads\/2024\/09\/SCR-20240922-mgrz-300x172.jpeg\" alt=\"\" width=\"300\" height=\"172\" srcset=\"https:\/\/www.radiopiu.net\/wordpress\/wp-content\/uploads\/2024\/09\/SCR-20240922-mgrz-300x172.jpeg 300w, https:\/\/www.radiopiu.net\/wordpress\/wp-content\/uploads\/2024\/09\/SCR-20240922-mgrz-1024x589.jpeg 1024w, https:\/\/www.radiopiu.net\/wordpress\/wp-content\/uploads\/2024\/09\/SCR-20240922-mgrz-768x442.jpeg 768w, https:\/\/www.radiopiu.net\/wordpress\/wp-content\/uploads\/2024\/09\/SCR-20240922-mgrz-1536x883.jpeg 1536w, https:\/\/www.radiopiu.net\/wordpress\/wp-content\/uploads\/2024\/09\/SCR-20240922-mgrz.jpeg 1854w\" sizes=\"auto, (max-width: 300px) 100vw, 300px\" \/><\/a><a class=\"dt-pswp-item\" href=\"https:\/\/www.radiopiu.net\/wordpress\/wp-content\/uploads\/2024\/09\/SCR-20240922-mhtp.jpeg\" data-dt-img-description=\"\" data-large_image_width=\"1912\" data-large_image_height=\"1128\"><img loading=\"lazy\" decoding=\"async\" class=\"alignnone size-medium wp-image-410530\" src=\"https:\/\/www.radiopiu.net\/wordpress\/wp-content\/uploads\/2024\/09\/SCR-20240922-mhtp-300x177.jpeg\" alt=\"\" width=\"300\" height=\"177\" srcset=\"https:\/\/www.radiopiu.net\/wordpress\/wp-content\/uploads\/2024\/09\/SCR-20240922-mhtp-300x177.jpeg 300w, https:\/\/www.radiopiu.net\/wordpress\/wp-content\/uploads\/2024\/09\/SCR-20240922-mhtp-1024x604.jpeg 1024w, https:\/\/www.radiopiu.net\/wordpress\/wp-content\/uploads\/2024\/09\/SCR-20240922-mhtp-768x453.jpeg 768w, https:\/\/www.radiopiu.net\/wordpress\/wp-content\/uploads\/2024\/09\/SCR-20240922-mhtp-1536x906.jpeg 1536w, https:\/\/www.radiopiu.net\/wordpress\/wp-content\/uploads\/2024\/09\/SCR-20240922-mhtp.jpeg 1912w\" sizes=\"auto, (max-width: 300px) 100vw, 300px\" \/><\/a><a class=\"dt-pswp-item\" href=\"https:\/\/www.radiopiu.net\/wordpress\/wp-content\/uploads\/2024\/09\/SCR-20240922-mfrt.jpeg\" data-dt-img-description=\"\" data-large_image_width=\"1568\" data-large_image_height=\"942\"><img loading=\"lazy\" decoding=\"async\" class=\"alignnone size-medium wp-image-410531\" src=\"https:\/\/www.radiopiu.net\/wordpress\/wp-content\/uploads\/2024\/09\/SCR-20240922-mfrt-300x180.jpeg\" alt=\"\" width=\"300\" height=\"180\" srcset=\"https:\/\/www.radiopiu.net\/wordpress\/wp-content\/uploads\/2024\/09\/SCR-20240922-mfrt-300x180.jpeg 300w, https:\/\/www.radiopiu.net\/wordpress\/wp-content\/uploads\/2024\/09\/SCR-20240922-mfrt-1024x615.jpeg 1024w, https:\/\/www.radiopiu.net\/wordpress\/wp-content\/uploads\/2024\/09\/SCR-20240922-mfrt-768x461.jpeg 768w, https:\/\/www.radiopiu.net\/wordpress\/wp-content\/uploads\/2024\/09\/SCR-20240922-mfrt-1536x923.jpeg 1536w, https:\/\/www.radiopiu.net\/wordpress\/wp-content\/uploads\/2024\/09\/SCR-20240922-mfrt.jpeg 1568w\" sizes=\"auto, (max-width: 300px) 100vw, 300px\" \/><\/a><a class=\"dt-pswp-item\" href=\"https:\/\/www.radiopiu.net\/wordpress\/wp-content\/uploads\/2024\/09\/SCR-20240922-mhdf.jpeg\" data-dt-img-description=\"\" data-large_image_width=\"992\" data-large_image_height=\"724\"><img loading=\"lazy\" decoding=\"async\" class=\"alignnone wp-image-410532\" src=\"https:\/\/www.radiopiu.net\/wordpress\/wp-content\/uploads\/2024\/09\/SCR-20240922-mhdf-300x219.jpeg\" alt=\"\" width=\"247\" height=\"180\" srcset=\"https:\/\/www.radiopiu.net\/wordpress\/wp-content\/uploads\/2024\/09\/SCR-20240922-mhdf-300x219.jpeg 300w, https:\/\/www.radiopiu.net\/wordpress\/wp-content\/uploads\/2024\/09\/SCR-20240922-mhdf-768x561.jpeg 768w, https:\/\/www.radiopiu.net\/wordpress\/wp-content\/uploads\/2024\/09\/SCR-20240922-mhdf.jpeg 992w\" sizes=\"auto, (max-width: 247px) 100vw, 247px\" \/><\/a><\/p>\n<p>&nbsp;<\/p>\n<h1><span style=\"color: #ff0000;\">I VIDEO DELLA GIORNATA<\/span><\/h1>\n<blockquote class=\"wp-embedded-content\" data-secret=\"TdCLP4hOuS\"><p><a href=\"https:\/\/www.radiopiu.net\/wordpress\/il-gosaldo-vince-il-trofeo-16-comuni-2024-la-giornata-con-radio-piu\/\">IL GOSALDO VINCE IL TROFEO 16 COMUNI 2024 &#8211; LA GIORNATA CON RADIO PIU&#8217;<\/a><\/p><\/blockquote>\n<p><iframe loading=\"lazy\" class=\"wp-embedded-content\" sandbox=\"allow-scripts\" security=\"restricted\" style=\"position: absolute; visibility: hidden;\" title=\"&#8220;IL GOSALDO VINCE IL TROFEO 16 COMUNI 2024 &#8211; LA GIORNATA CON RADIO PIU&#8217;&#8221; &#8212; Radio Pi\u00f9\" src=\"https:\/\/www.radiopiu.net\/wordpress\/il-gosaldo-vince-il-trofeo-16-comuni-2024-la-giornata-con-radio-piu\/embed\/#?secret=VhX4ky83NB#?secret=TdCLP4hOuS\" data-secret=\"TdCLP4hOuS\" width=\"600\" height=\"338\" frameborder=\"0\" marginwidth=\"0\" marginheight=\"0\" scrolling=\"no\"><\/iframe><\/p>\n<p>&nbsp;<\/p>\n<blockquote class=\"wp-embedded-content\" data-secret=\"dA8q4fi2oW\"><p><a href=\"https:\/\/www.radiopiu.net\/wordpress\/trofeo-16-comuni-la-vittoria-del-gosaldo-nelle-foto-di-andrea-de-nardin\/\">TROFEO 16 COMUNI: LA VITTORIA DEL GOSALDO NELLE FOTO DI ANDREA DE NARDIN<\/a><\/p><\/blockquote>\n<p><iframe loading=\"lazy\" class=\"wp-embedded-content\" sandbox=\"allow-scripts\" security=\"restricted\" style=\"position: absolute; visibility: hidden;\" title=\"&#8220;TROFEO 16 COMUNI: LA VITTORIA DEL GOSALDO NELLE FOTO DI ANDREA DE NARDIN&#8221; &#8212; Radio Pi\u00f9\" src=\"https:\/\/www.radiopiu.net\/wordpress\/trofeo-16-comuni-la-vittoria-del-gosaldo-nelle-foto-di-andrea-de-nardin\/embed\/#?secret=nIsdiW6VpC#?secret=dA8q4fi2oW\" data-secret=\"dA8q4fi2oW\" width=\"600\" height=\"338\" frameborder=\"0\" marginwidth=\"0\" marginheight=\"0\" scrolling=\"no\"><\/iframe><\/p>\n<p>&nbsp;<\/p>\n<p>&nbsp;<\/p>\n<p><span style=\"color: #0000ff;\"><strong>CALCIO<\/strong><\/span><\/p>\n<blockquote>\n<h3>L&#8217;AGORDINA ATTERRA IL VALBOITE E RIFILA 7 GOL AGLI AVVERSARI<\/h3>\n<\/blockquote>\n<p><strong><a class=\"dt-pswp-item\" href=\"https:\/\/www.radiopiu.net\/wordpress\/wp-content\/uploads\/2022\/10\/CALCIO-2022-e1665937841126.jpg\" data-dt-img-description=\"\" data-large_image_width=\"400\" data-large_image_height=\"250\"><img loading=\"lazy\" decoding=\"async\" class=\" wp-image-301842 alignleft\" src=\"https:\/\/www.radiopiu.net\/wordpress\/wp-content\/uploads\/2022\/10\/CALCIO-2022-e1665937841126-300x188.jpg\" alt=\"\" width=\"172\" height=\"108\" srcset=\"https:\/\/www.radiopiu.net\/wordpress\/wp-content\/uploads\/2022\/10\/CALCIO-2022-e1665937841126-300x188.jpg 300w, https:\/\/www.radiopiu.net\/wordpress\/wp-content\/uploads\/2022\/10\/CALCIO-2022-e1665937841126.jpg 400w\" sizes=\"auto, (max-width: 172px) 100vw, 172px\" \/><\/a>DI MARCO GAZ<\/strong><\/p>\n<p><span style=\"color: #ff0000;\"><strong>TERZA CATEGORIA<\/strong><\/span><\/p>\n<p><strong>AGORDINA \u2013 VALBOITE 7-0<\/strong><\/p>\n<p>GOL AGORDINA: Miana, Morazio, 2 Dal Don, 2 Selle, Paolin<\/p>\n<p>Dopo la sconfitta all\u2019esordio, l\u2019Agordina di Elvio Chiea si rialza e lo fa rifilando ben 7 reti al Valboite. All\u2019Ivano Dorigo di Agordo una sfida senza storia che ha visto gli agordini gestire la partita dall\u2019inizio alla fine senza difficolt\u00e0. Il Valboite non entra mai in partita e i ragazzi di Chiea ne approfittano per realizzare una goleada con le doppiette di Dal Don e Selle. A segno anche Miana, Morazio e Paolin.<\/p>\n<p><span style=\"color: #008000;\"><strong>GIOVANILI AGORDINA<\/strong><\/span><\/p>\n<p><span style=\"color: #ff0000;\"><strong>ALLIEVI<\/strong><\/span><\/p>\n<p><strong>LG VALBELLUNA \u2013 AGORDINA 6-3<\/strong><\/p>\n<p>L&#8217;Agordina esce sconfitta dal campo di Trichiana in una partita che aveva iniziato dominando. Nei primi 5 minuti, Manuel Soccol segna approfittando di un errore difensivo, seguito da Giacomo Decima su assist dello stesso Soccol. Al 18&#8242;, per\u00f2, il Valbelluna accorcia le distanze e, al 32&#8242;, pareggia. L&#8217;espulsione di Mezzacasa al 34&#8242; complica le cose per la compagine di Agordo, che subisce un altro gol allo scadere del primo tempo. Nella ripresa, nonostante un risveglio, arriva un altro gol dei padroni di casa al 52&#8242;. Tobias Andrich riduce il divario al 67&#8242;, ma la squadra di casa segna nuovamente al 78\u2019 e 85&#8242;, chiudendo definitivamente il match.<\/p>\n<blockquote>\n<h3>SUBITO UNA SCONFITTA PER IL TAIBON NEL CAMPIONATO CSI<\/h3>\n<\/blockquote>\n<p><strong>TAIBON &#8211; FIORI BARP 0-2<\/strong><\/p>\n<p>La partita \u00e8 stata equilibrata e priva di grandi occasioni da entrambe le parti, decisa da episodi chiave. Il Taibon ha sprecato due buone opportunit\u00e0 verso la fine del primo tempo, ma la svolta \u00e8 arrivata grazie a Gasparro, il miglior giocatore in campo, che ha segnato con un colpo in stile calcetto, sfruttando al meglio l&#8217;occasione. Nel finale di gara il secondo gol del Fiori Barp.<\/p>\n<p>&nbsp;<\/p>\n<p><span style=\"color: #0000ff;\"><strong>HOCKEY SU GHIACCIO<\/strong><\/span><\/p>\n<blockquote>\n<h3 class=\"entry-title\">IL CALDARO CALA IL POKER CON L\u2019ALLEGHE, IL FELTRE FA UN SOL BOCCONE DEL FIEMME<\/h3>\n<\/blockquote>\n<p><strong class=\"photoswipe-wrapper\"><a class=\"dt-pswp-item pspw-wrap-ready\" href=\"https:\/\/i0.wp.com\/www.radiopiu.net\/wordpress\/wp-content\/uploads\/2023\/10\/hockey.jpg?ssl=1\" data-dt-img-description=\"\" data-large_image_width=\"1280\" data-large_image_height=\"961\"><img loading=\"lazy\" decoding=\"async\" class=\" wp-image-359038 alignleft\" src=\"https:\/\/i0.wp.com\/www.radiopiu.net\/wordpress\/wp-content\/uploads\/2023\/10\/hockey.jpg?resize=212%2C159&amp;ssl=1\" sizes=\"auto, (max-width: 212px) 100vw, 212px\" srcset=\"https:\/\/i0.wp.com\/www.radiopiu.net\/wordpress\/wp-content\/uploads\/2023\/10\/hockey.jpg?resize=300%2C225&amp;ssl=1 300w, https:\/\/i0.wp.com\/www.radiopiu.net\/wordpress\/wp-content\/uploads\/2023\/10\/hockey.jpg?resize=1024%2C769&amp;ssl=1 1024w, https:\/\/i0.wp.com\/www.radiopiu.net\/wordpress\/wp-content\/uploads\/2023\/10\/hockey.jpg?resize=768%2C577&amp;ssl=1 768w, https:\/\/i0.wp.com\/www.radiopiu.net\/wordpress\/wp-content\/uploads\/2023\/10\/hockey.jpg?w=1280&amp;ssl=1 1280w\" alt=\"\" width=\"212\" height=\"159\" data-recalc-dims=\"1\" \/><\/a>DI MARCO GAZ<\/strong><\/p>\n<p><span style=\"color: #ff0000;\"><strong>IHL \u2013 1\u00b0 GIORNATA<\/strong><\/span><\/p>\n<p><strong>CALDARO \u2013 ALLEGHE 4-0<\/strong><\/p>\n<p>PARZIALI: 0-0, 3-0, 1-0<\/p>\n<p>GOL: st. 1\u201913\u201d e 13\u201926\u201d A. Vinatzer, 5\u201943\u201d Wieser. tt. 9\u201938\u201d Virtala<\/p>\n<p>Esordio amaro per l\u2019Alleghe che crolla a Caldaro. I lucci incamerano la prima vittoria con un secondo tempo esemplare mettendo a segno 3 marcature in 20\u2019. Le civette giocano bene la prima frazione e nell\u2019ultimo tempo le provano tutte per accorciare le distanze ma l\u2019impresa non riesce. Gli altoatesini si difendono bene concedendo poco o nulla agli agordini che si devono arrendere. A segno per due volte Andreas Vinatzer, ex alleghese. Primi minuti di gara con l\u2019Alleghe che arranca anche a causa di alcune penalit\u00e0 inflitte dagli arbitri. Il Caldaro ci prova ma il golie agordino si difende bene. Le due squadre giocano bene ma il punteggio non si sblocca. De Val e Alessio ci provano ma il portiere altoatesino non lascia spazi. Finale di primo tempo con le civette che premono ma non riescono a portarsi in vantaggio. Secondo drittel con i padroni di casa subito in attacco che trovano la rete con Andreas Vinatzer. I lucci ci prendono gusto e poco dopo raddoppiano con Wieser. Il terzo gol arriva subito dopo il giro di boa della partita e a siglare la doppietta personale ci pensa l\u2019ex alleghese Vinatzer. Nell\u2019ultima frazione l\u2019Alleghe prova a reagire ma le conclusioni non sono delle migliori. Intanto il Caldaro cala il poker con Virtala.<\/p>\n<p><strong>FELTRE \u2013 FIEMME 5-0<\/strong><\/p>\n<p>PARZIALI: 0-0, 3-0, 2-0<\/p>\n<p>GOL: st. 6\u201936\u201d Da Forno, 7\u201955\u201d e 16\u201917\u201d Korkiakoski. tt. 3\u201909\u201d Korkiakoski, 6\u201927\u201d De Giacinto<\/p>\n<p>Subito tre punti in saccoccia per il Feltre che fa la voce grossa con il Fiemme tra le mura amiche. Dopo una prima frazione a reti inviolate, i picchi mettono sul binario giusto la sfida andando a segno per tre volte. Nell\u2019ultimo drittel c\u2019\u00e8 spazio per le ultime marcature feltrine che consegnano il bottino pieno ai padroni di casa. Prima frazione giocata alla prai dalle due formazioni che ci provano pi\u00f9 volta a sbloccare il punteggio. Nel secondo tempo i picchi si portano in vantaggio grazie a Da Forno. Una disattenzione del Fiemme che subito dopo si mette a spingere alla ricerca del pareggio. Il raddoppio arriva subito dopo con Korkiakoski. Lo stesso giocatore si ripete alla fine del periodo centrale portando a 3 le reti feltrine. Nel terzo periodo si gioca alla pari ma ad avere la meglio sono ancora i padroni di casa che calano il poker. De Giacinto chiude la sfida poco dopo.<\/p>\n<p>&nbsp;<\/p>\n<blockquote>\n<h3>ALTI E BASSI NELL&#8217;ESORDIO STAGIONALE DELLE GIOVANI CIVETTE<\/h3>\n<\/blockquote>\n<p><strong><a class=\"dt-pswp-item\" href=\"https:\/\/www.radiopiu.net\/wordpress\/wp-content\/uploads\/2023\/01\/hockey.jpg\" data-dt-img-description=\"\" data-large_image_width=\"1920\" data-large_image_height=\"1280\"><img loading=\"lazy\" decoding=\"async\" class=\" wp-image-315616 alignleft\" src=\"https:\/\/www.radiopiu.net\/wordpress\/wp-content\/uploads\/2023\/01\/hockey-300x200.jpg\" alt=\"\" width=\"209\" height=\"139\" srcset=\"https:\/\/www.radiopiu.net\/wordpress\/wp-content\/uploads\/2023\/01\/hockey-300x200.jpg 300w, https:\/\/www.radiopiu.net\/wordpress\/wp-content\/uploads\/2023\/01\/hockey-1024x683.jpg 1024w, https:\/\/www.radiopiu.net\/wordpress\/wp-content\/uploads\/2023\/01\/hockey-768x512.jpg 768w, https:\/\/www.radiopiu.net\/wordpress\/wp-content\/uploads\/2023\/01\/hockey-1536x1024.jpg 1536w, https:\/\/www.radiopiu.net\/wordpress\/wp-content\/uploads\/2023\/01\/hockey.jpg 1920w\" sizes=\"auto, (max-width: 209px) 100vw, 209px\" \/><\/a>DI MARCO GAZ<\/strong><\/p>\n<p><span style=\"color: #ff0000;\"><strong>UNDER 19<\/strong><\/span><\/p>\n<p><strong>CORTINA\/ALLEGHE \u2013 BOLZANO 3-4 dot<\/strong><\/p>\n<p>GOL CORTINA\/ALLEGHE: Talamini, Sudiro, Evangelisti<\/p>\n<p>Inizia con una sconfitta la stagione della squadra mista bellunese del Cortina\/Alleghe che allo stadio Olimpico di Cortina perdono con il Bolzano all\u2019overtime. Bolzanini che chiudono la prima frazione in vantaggio di due reti. Bellunesi che si svegliano nel secondo tempo con Talamini. Le volpi portano a tre le marcature ma nell\u2019ultima frazione Sudiro ed Evangelisti pareggiano i conti. All\u2019overtime ha la meglio il Bolzano.<\/p>\n<p><span style=\"color: #ff0000;\"><strong>UNDER 14 <\/strong><\/span><\/p>\n<p><strong>FASSA \u2013 ALLEGHE\/CORTINA 2-5<\/strong><\/p>\n<p>Inizia con una vittoria la stagione della squadra under 14 dell\u2019Alleghe\/Cortina che ad Alba di Canazei incamera i primi tre punti stagionali. Ottima prestazione delle giovani civette che atterrano il Fassa rifilando 5 reti ai trentini e subendone solo 2<\/p>\n<p>&nbsp;<\/p>\n<p><span style=\"color: #0000ff;\"><strong>PALLAVOLO<\/strong><\/span><\/p>\n<blockquote>\n<h3>BUONA PROVA A BRESCIA PER IL BELLUNO VOLLEY<\/h3>\n<\/blockquote>\n<p><a class=\"dt-pswp-item\" href=\"https:\/\/www.radiopiu.net\/wordpress\/wp-content\/uploads\/2024\/09\/Schiro_in_attacco.jpg\" data-dt-img-description=\"\" data-large_image_width=\"1600\" data-large_image_height=\"1066\"><img loading=\"lazy\" decoding=\"async\" class=\" wp-image-410511 alignleft\" src=\"https:\/\/www.radiopiu.net\/wordpress\/wp-content\/uploads\/2024\/09\/Schiro_in_attacco-300x200.jpg\" alt=\"\" width=\"165\" height=\"110\" srcset=\"https:\/\/www.radiopiu.net\/wordpress\/wp-content\/uploads\/2024\/09\/Schiro_in_attacco-300x200.jpg 300w, https:\/\/www.radiopiu.net\/wordpress\/wp-content\/uploads\/2024\/09\/Schiro_in_attacco-1024x682.jpg 1024w, https:\/\/www.radiopiu.net\/wordpress\/wp-content\/uploads\/2024\/09\/Schiro_in_attacco-768x512.jpg 768w, https:\/\/www.radiopiu.net\/wordpress\/wp-content\/uploads\/2024\/09\/Schiro_in_attacco-1536x1023.jpg 1536w, https:\/\/www.radiopiu.net\/wordpress\/wp-content\/uploads\/2024\/09\/Schiro_in_attacco.jpg 1600w\" sizes=\"auto, (max-width: 165px) 100vw, 165px\" \/><\/a>Il Belluno Volley ha mostrato segnali di crescita durante il test a Brescia contro il Gruppo Consoli Sferc, una delle squadre pi\u00f9 forti della Serie A2. Pur perdendo tre set su quattro, i &#8220;rinoceronti&#8221; hanno vinto il secondo set con autorit\u00e0. L&#8217;allenatore Matteo De Cecco ha elogiato l&#8217;atteggiamento della squadra, notando progressi significativi rispetto alla precedente partita contro Cant\u00f9. Alberto Saibene si \u00e8 distinto con 12 punti e un&#8217;ottima prestazione in attacco. Il prossimo appuntamento \u00e8 previsto per il 28 settembre contro la Tinet a Prata di Pordenone, mentre un test del 25 \u00e8 stato annullato.<\/p>\n<p>&nbsp;<\/p>\n<p><span style=\"color: #0000ff;\"><strong>CORSA IN MONTAGNA<\/strong><\/span><\/p>\n<blockquote>\n<h3>MANUEL DA COL E MARTINA DE SILVESTRO SI AGGIUDICANO IL KM VERTICALE DEL CADORE<\/h3>\n<\/blockquote>\n<p><a class=\"dt-pswp-item\" href=\"https:\/\/www.radiopiu.net\/wordpress\/wp-content\/uploads\/2024\/09\/manuel-da-col_km_verticale_cadore_22-set-2024.jpeg\" data-dt-img-description=\"\" data-large_image_width=\"1080\" data-large_image_height=\"720\"><img loading=\"lazy\" decoding=\"async\" class=\" wp-image-410543 alignleft\" src=\"https:\/\/www.radiopiu.net\/wordpress\/wp-content\/uploads\/2024\/09\/manuel-da-col_km_verticale_cadore_22-set-2024-300x200.jpeg\" alt=\"\" width=\"165\" height=\"110\" srcset=\"https:\/\/www.radiopiu.net\/wordpress\/wp-content\/uploads\/2024\/09\/manuel-da-col_km_verticale_cadore_22-set-2024-300x200.jpeg 300w, https:\/\/www.radiopiu.net\/wordpress\/wp-content\/uploads\/2024\/09\/manuel-da-col_km_verticale_cadore_22-set-2024-1024x683.jpeg 1024w, https:\/\/www.radiopiu.net\/wordpress\/wp-content\/uploads\/2024\/09\/manuel-da-col_km_verticale_cadore_22-set-2024-768x512.jpeg 768w, https:\/\/www.radiopiu.net\/wordpress\/wp-content\/uploads\/2024\/09\/manuel-da-col_km_verticale_cadore_22-set-2024.jpeg 1080w\" sizes=\"auto, (max-width: 165px) 100vw, 165px\" \/><\/a>Il &#8220;Chilometro Verticale del Cadore&#8221; si \u00e8 svolto domenica 22 settembre a Domegge di Cadore, nell&#8217;ambito del &#8220;Grand Slam Dolomitico&#8221;, un circuito che unisce ciclismo e podismo tra le montagne del Veneto e Friuli. La gara prevedeva un percorso di 2,7 km con 1000 metri di dislivello, dalla Vallesella al Monte Croda, attraversando asfalto, sentieri e rocce. Nella categoria maschile ha vinto Manuel Da Col (34&#8217;58&#8221;), seguito da Pietro Festini Purlan e Davide Nardei. Tra le donne, prima Martina De Silvestro (44&#8217;33\u201d), seguita da Martina Valmassoi e Cecilia De Filippo. L&#8217;evento, organizzato dal Gruppo Marciatori Calalzo, era valido anche per il Campionato regionale Fidal.<\/p>\n<p>&nbsp;<\/p>\n<p>&nbsp;<\/p>\n<p>&nbsp;<\/p>\n<p>&nbsp;<\/p>\n<p>&nbsp;<\/p>\n","protected":false},"excerpt":{"rendered":"<p>** DILLO A RADIO PIU&#8230; Nuove lamentele dagli utenti Dolomitibus: critica alla gestione provinciale &nbsp; REDAZIONE Riceviamo e pubblichiamo l&#8217;ennesima lamentela degli utenti Dolomitibus, che denunciano la mancanza di ascolto da parte dell&#8217;azienda e della Provincia. Nonostante le promesse del consigliere provinciale Massimo Bortoluzzi, i problemi persistono, specialmente nelle zone montane. Gli utenti si sentono&hellip;<\/p>\n","protected":false},"author":4,"featured_media":410568,"comment_status":"closed","ping_status":"closed","sticky":false,"template":"","format":"standard","meta":{"_monsterinsights_skip_tracking":false,"_monsterinsights_sitenote_active":false,"_monsterinsights_sitenote_note":"","_monsterinsights_sitenote_category":0,"footnotes":""},"categories":[51,86,49],"tags":[],"class_list":["post-410429","post","type-post","status-publish","format-standard","has-post-thumbnail","hentry","category-evidenza-top","category-gr","category-news-18","category-51","category-86","category-49","description-off"],"img_url":"https:\/\/www.radiopiu.net\/wordpress\/wp-content\/uploads\/2024\/09\/90e2dca5-0648-4503-94d5-f8d7a7567401-scaled.jpg","_links":{"self":[{"href":"https:\/\/www.radiopiu.net\/wordpress\/wp-json\/wp\/v2\/posts\/410429","targetHints":{"allow":["GET"]}}],"collection":[{"href":"https:\/\/www.radiopiu.net\/wordpress\/wp-json\/wp\/v2\/posts"}],"about":[{"href":"https:\/\/www.radiopiu.net\/wordpress\/wp-json\/wp\/v2\/types\/post"}],"author":[{"embeddable":true,"href":"https:\/\/www.radiopiu.net\/wordpress\/wp-json\/wp\/v2\/users\/4"}],"replies":[{"embeddable":true,"href":"https:\/\/www.radiopiu.net\/wordpress\/wp-json\/wp\/v2\/comments?post=410429"}],"version-history":[{"count":38,"href":"https:\/\/www.radiopiu.net\/wordpress\/wp-json\/wp\/v2\/posts\/410429\/revisions"}],"predecessor-version":[{"id":410653,"href":"https:\/\/www.radiopiu.net\/wordpress\/wp-json\/wp\/v2\/posts\/410429\/revisions\/410653"}],"wp:featuredmedia":[{"embeddable":true,"href":"https:\/\/www.radiopiu.net\/wordpress\/wp-json\/wp\/v2\/media\/410568"}],"wp:attachment":[{"href":"https:\/\/www.radiopiu.net\/wordpress\/wp-json\/wp\/v2\/media?parent=410429"}],"wp:term":[{"taxonomy":"category","embeddable":true,"href":"https:\/\/www.radiopiu.net\/wordpress\/wp-json\/wp\/v2\/categories?post=410429"},{"taxonomy":"post_tag","embeddable":true,"href":"https:\/\/www.radiopiu.net\/wordpress\/wp-json\/wp\/v2\/tags?post=410429"}],"curies":[{"name":"wp","href":"https:\/\/api.w.org\/{rel}","templated":true}]}}