{"id":410434,"date":"2024-09-23T05:30:13","date_gmt":"2024-09-23T03:30:13","guid":{"rendered":"https:\/\/www.radiopiu.net\/wordpress\/?p=410434"},"modified":"2024-09-23T05:47:10","modified_gmt":"2024-09-23T03:47:10","slug":"soccorso-moticiclista-infortunato","status":"publish","type":"post","link":"https:\/\/www.radiopiu.net\/wordpress\/soccorso-moticiclista-infortunato\/","title":{"rendered":"SOCCORSO MOTICICLISTA INFORTUNATO"},"content":{"rendered":"<p>*****<\/p>\n<p>&nbsp;<\/p>\n<p><strong>ARSIE&#8217;\u00a0<\/strong>Attorno a mezzogiorno il Soccorso alpino di Feltre \u00e8 partito in direzione di localit\u00e0 Costa Franosa, sopra Fastro di Arsi\u00e8, dove un motociclista trentenne tedesco, si era fatto male cadendo lungo una strada sterrata. Il biker, che era assistito da due amici e aveva riportato un sospetto trauma alla caviglia, \u00e8 stato raggiunto in fuoristrada da una squadra. Caricato a bordo, l&#8217;infortunato \u00e8 stato accompagnato direttamente in ospedale.<\/p>\n<p>&nbsp;<\/p>\n<p>&nbsp;<\/p>\n<p>*******<\/p>\n","protected":false},"excerpt":{"rendered":"<p>***** &nbsp; ARSIE&#8217;\u00a0Attorno a mezzogiorno il Soccorso alpino di Feltre \u00e8 partito in direzione di localit\u00e0 Costa Franosa, sopra Fastro di Arsi\u00e8, dove un motociclista trentenne tedesco, si era fatto male cadendo lungo una strada sterrata. Il biker, che era assistito da due amici e aveva riportato un sospetto trauma alla caviglia, \u00e8 stato raggiunto&hellip;<\/p>\n","protected":false},"author":4,"featured_media":270917,"comment_status":"closed","ping_status":"closed","sticky":false,"template":"","format":"standard","meta":{"_monsterinsights_skip_tracking":false,"_monsterinsights_sitenote_active":false,"_monsterinsights_sitenote_note":"","_monsterinsights_sitenote_category":0,"footnotes":""},"categories":[51,49],"tags":[],"class_list":["post-410434","post","type-post","status-publish","format-standard","has-post-thumbnail","hentry","category-evidenza-top","category-news-18","category-51","category-49","description-off"],"img_url":"https:\/\/www.radiopiu.net\/wordpress\/wp-content\/uploads\/2022\/04\/soccorso-alpino-1024x602-1.jpg","_links":{"self":[{"href":"https:\/\/www.radiopiu.net\/wordpress\/wp-json\/wp\/v2\/posts\/410434","targetHints":{"allow":["GET"]}}],"collection":[{"href":"https:\/\/www.radiopiu.net\/wordpress\/wp-json\/wp\/v2\/posts"}],"about":[{"href":"https:\/\/www.radiopiu.net\/wordpress\/wp-json\/wp\/v2\/types\/post"}],"author":[{"embeddable":true,"href":"https:\/\/www.radiopiu.net\/wordpress\/wp-json\/wp\/v2\/users\/4"}],"replies":[{"embeddable":true,"href":"https:\/\/www.radiopiu.net\/wordpress\/wp-json\/wp\/v2\/comments?post=410434"}],"version-history":[{"count":1,"href":"https:\/\/www.radiopiu.net\/wordpress\/wp-json\/wp\/v2\/posts\/410434\/revisions"}],"predecessor-version":[{"id":410435,"href":"https:\/\/www.radiopiu.net\/wordpress\/wp-json\/wp\/v2\/posts\/410434\/revisions\/410435"}],"wp:featuredmedia":[{"embeddable":true,"href":"https:\/\/www.radiopiu.net\/wordpress\/wp-json\/wp\/v2\/media\/270917"}],"wp:attachment":[{"href":"https:\/\/www.radiopiu.net\/wordpress\/wp-json\/wp\/v2\/media?parent=410434"}],"wp:term":[{"taxonomy":"category","embeddable":true,"href":"https:\/\/www.radiopiu.net\/wordpress\/wp-json\/wp\/v2\/categories?post=410434"},{"taxonomy":"post_tag","embeddable":true,"href":"https:\/\/www.radiopiu.net\/wordpress\/wp-json\/wp\/v2\/tags?post=410434"}],"curies":[{"name":"wp","href":"https:\/\/api.w.org\/{rel}","templated":true}]}}