{"id":410499,"date":"2024-09-23T05:25:15","date_gmt":"2024-09-23T03:25:15","guid":{"rendered":"https:\/\/www.radiopiu.net\/wordpress\/?p=410499"},"modified":"2024-09-23T05:41:30","modified_gmt":"2024-09-23T03:41:30","slug":"inaugurato-un-nuovo-bivacco-sul-monte-pelmo-in-memoria-di-due-soccorritori","status":"publish","type":"post","link":"https:\/\/www.radiopiu.net\/wordpress\/inaugurato-un-nuovo-bivacco-sul-monte-pelmo-in-memoria-di-due-soccorritori\/","title":{"rendered":"Inaugurato un nuovo bivacco sul Monte Pelmo in memoria di due soccorritori"},"content":{"rendered":"<p>**<\/p>\n<p><strong>SELVA DI CADORE<\/strong> Da questa mattina, il Monte Pelmo ha un nuovo Bivacco a disposizione in caso di emergenza. Le condizioni meteo favorevoli hanno permesso il posizionamento della struttura grazie all&#8217;elicottero dell&#8217;Esercito &#8220;Chinook&#8221;, decollato da Bolzano alle 7:30. Il Bivacco \u00e8 stato trasportato da Fiames e fissato sul Vant del Pelmo, a 2.836 metri, da una squadra di soccorritori. Durante l&#8217;inaugurazione, \u00e8 stato rivolto un pensiero ad Aldo &#8220;Olpe&#8221; Giustina e Alberto &#8220;Magico&#8221; Bonafede, soccorritori di San Vito di Cadore, che persero la vita il 31 agosto 2011 travolti da una frana sul Pelmo, durante il recupero di due alpinisti. A loro \u00e8 dedicato il Bivacco, che sar\u00e0 di grande utilit\u00e0 per chi si trover\u00e0 in difficolt\u00e0 in futuro. Un sentito applauso ha accompagnato l&#8217;evento.<\/p>\n<p><a class=\"dt-pswp-item\" href=\"https:\/\/www.radiopiu.net\/wordpress\/wp-content\/uploads\/2024\/09\/IMG-20240922-WA0024.jpg\" data-dt-img-description=\"\" data-large_image_width=\"1200\" data-large_image_height=\"1600\"><img loading=\"lazy\" decoding=\"async\" class=\"alignnone size-medium wp-image-410500\" src=\"https:\/\/www.radiopiu.net\/wordpress\/wp-content\/uploads\/2024\/09\/IMG-20240922-WA0024-225x300.jpg\" alt=\"\" width=\"225\" height=\"300\" srcset=\"https:\/\/www.radiopiu.net\/wordpress\/wp-content\/uploads\/2024\/09\/IMG-20240922-WA0024-225x300.jpg 225w, https:\/\/www.radiopiu.net\/wordpress\/wp-content\/uploads\/2024\/09\/IMG-20240922-WA0024-768x1024.jpg 768w, https:\/\/www.radiopiu.net\/wordpress\/wp-content\/uploads\/2024\/09\/IMG-20240922-WA0024-1152x1536.jpg 1152w, https:\/\/www.radiopiu.net\/wordpress\/wp-content\/uploads\/2024\/09\/IMG-20240922-WA0024.jpg 1200w\" sizes=\"auto, (max-width: 225px) 100vw, 225px\" \/><\/a><a class=\"dt-pswp-item\" href=\"https:\/\/www.radiopiu.net\/wordpress\/wp-content\/uploads\/2024\/09\/IMG-20240922-WA0013.jpg\" data-dt-img-description=\"\" data-large_image_width=\"1200\" data-large_image_height=\"1600\"><img loading=\"lazy\" decoding=\"async\" class=\"alignnone size-medium wp-image-410502\" src=\"https:\/\/www.radiopiu.net\/wordpress\/wp-content\/uploads\/2024\/09\/IMG-20240922-WA0013-225x300.jpg\" alt=\"\" width=\"225\" height=\"300\" srcset=\"https:\/\/www.radiopiu.net\/wordpress\/wp-content\/uploads\/2024\/09\/IMG-20240922-WA0013-225x300.jpg 225w, https:\/\/www.radiopiu.net\/wordpress\/wp-content\/uploads\/2024\/09\/IMG-20240922-WA0013-768x1024.jpg 768w, https:\/\/www.radiopiu.net\/wordpress\/wp-content\/uploads\/2024\/09\/IMG-20240922-WA0013-1152x1536.jpg 1152w, https:\/\/www.radiopiu.net\/wordpress\/wp-content\/uploads\/2024\/09\/IMG-20240922-WA0013.jpg 1200w\" sizes=\"auto, (max-width: 225px) 100vw, 225px\" \/><\/a><a class=\"dt-pswp-item\" href=\"https:\/\/www.radiopiu.net\/wordpress\/wp-content\/uploads\/2024\/09\/IMG-20240922-WA0001-scaled.jpg\" data-dt-img-description=\"\" data-large_image_width=\"1440\" data-large_image_height=\"2560\"><img loading=\"lazy\" decoding=\"async\" class=\"alignnone size-medium wp-image-410503\" src=\"https:\/\/www.radiopiu.net\/wordpress\/wp-content\/uploads\/2024\/09\/IMG-20240922-WA0001-169x300.jpg\" alt=\"\" width=\"169\" height=\"300\" srcset=\"https:\/\/www.radiopiu.net\/wordpress\/wp-content\/uploads\/2024\/09\/IMG-20240922-WA0001-169x300.jpg 169w, https:\/\/www.radiopiu.net\/wordpress\/wp-content\/uploads\/2024\/09\/IMG-20240922-WA0001-576x1024.jpg 576w, https:\/\/www.radiopiu.net\/wordpress\/wp-content\/uploads\/2024\/09\/IMG-20240922-WA0001-768x1365.jpg 768w, https:\/\/www.radiopiu.net\/wordpress\/wp-content\/uploads\/2024\/09\/IMG-20240922-WA0001-864x1536.jpg 864w, https:\/\/www.radiopiu.net\/wordpress\/wp-content\/uploads\/2024\/09\/IMG-20240922-WA0001-1152x2048.jpg 1152w, https:\/\/www.radiopiu.net\/wordpress\/wp-content\/uploads\/2024\/09\/IMG-20240922-WA0001-scaled.jpg 1440w\" sizes=\"auto, (max-width: 169px) 100vw, 169px\" \/><\/a><a class=\"dt-pswp-item\" href=\"https:\/\/www.radiopiu.net\/wordpress\/wp-content\/uploads\/2024\/09\/IMG-20240922-WA0008.jpg\" data-dt-img-description=\"\" data-large_image_width=\"1200\" data-large_image_height=\"1600\"><img loading=\"lazy\" decoding=\"async\" class=\"alignnone size-medium wp-image-410501\" src=\"https:\/\/www.radiopiu.net\/wordpress\/wp-content\/uploads\/2024\/09\/IMG-20240922-WA0008-225x300.jpg\" alt=\"\" width=\"225\" height=\"300\" srcset=\"https:\/\/www.radiopiu.net\/wordpress\/wp-content\/uploads\/2024\/09\/IMG-20240922-WA0008-225x300.jpg 225w, https:\/\/www.radiopiu.net\/wordpress\/wp-content\/uploads\/2024\/09\/IMG-20240922-WA0008-768x1024.jpg 768w, https:\/\/www.radiopiu.net\/wordpress\/wp-content\/uploads\/2024\/09\/IMG-20240922-WA0008-1152x1536.jpg 1152w, https:\/\/www.radiopiu.net\/wordpress\/wp-content\/uploads\/2024\/09\/IMG-20240922-WA0008.jpg 1200w\" sizes=\"auto, (max-width: 225px) 100vw, 225px\" \/><\/a><\/p>\n","protected":false},"excerpt":{"rendered":"<p>** SELVA DI CADORE Da questa mattina, il Monte Pelmo ha un nuovo Bivacco a disposizione in caso di emergenza. Le condizioni meteo favorevoli hanno permesso il posizionamento della struttura grazie all&#8217;elicottero dell&#8217;Esercito &#8220;Chinook&#8221;, decollato da Bolzano alle 7:30. Il Bivacco \u00e8 stato trasportato da Fiames e fissato sul Vant del Pelmo, a 2.836 metri,&hellip;<\/p>\n","protected":false},"author":4,"featured_media":410501,"comment_status":"closed","ping_status":"closed","sticky":false,"template":"","format":"standard","meta":{"_monsterinsights_skip_tracking":false,"_monsterinsights_sitenote_active":false,"_monsterinsights_sitenote_note":"","_monsterinsights_sitenote_category":0,"footnotes":""},"categories":[49],"tags":[],"class_list":["post-410499","post","type-post","status-publish","format-standard","has-post-thumbnail","hentry","category-news-18","category-49","description-off"],"img_url":"https:\/\/www.radiopiu.net\/wordpress\/wp-content\/uploads\/2024\/09\/IMG-20240922-WA0008.jpg","_links":{"self":[{"href":"https:\/\/www.radiopiu.net\/wordpress\/wp-json\/wp\/v2\/posts\/410499","targetHints":{"allow":["GET"]}}],"collection":[{"href":"https:\/\/www.radiopiu.net\/wordpress\/wp-json\/wp\/v2\/posts"}],"about":[{"href":"https:\/\/www.radiopiu.net\/wordpress\/wp-json\/wp\/v2\/types\/post"}],"author":[{"embeddable":true,"href":"https:\/\/www.radiopiu.net\/wordpress\/wp-json\/wp\/v2\/users\/4"}],"replies":[{"embeddable":true,"href":"https:\/\/www.radiopiu.net\/wordpress\/wp-json\/wp\/v2\/comments?post=410499"}],"version-history":[{"count":1,"href":"https:\/\/www.radiopiu.net\/wordpress\/wp-json\/wp\/v2\/posts\/410499\/revisions"}],"predecessor-version":[{"id":410504,"href":"https:\/\/www.radiopiu.net\/wordpress\/wp-json\/wp\/v2\/posts\/410499\/revisions\/410504"}],"wp:featuredmedia":[{"embeddable":true,"href":"https:\/\/www.radiopiu.net\/wordpress\/wp-json\/wp\/v2\/media\/410501"}],"wp:attachment":[{"href":"https:\/\/www.radiopiu.net\/wordpress\/wp-json\/wp\/v2\/media?parent=410499"}],"wp:term":[{"taxonomy":"category","embeddable":true,"href":"https:\/\/www.radiopiu.net\/wordpress\/wp-json\/wp\/v2\/categories?post=410499"},{"taxonomy":"post_tag","embeddable":true,"href":"https:\/\/www.radiopiu.net\/wordpress\/wp-json\/wp\/v2\/tags?post=410499"}],"curies":[{"name":"wp","href":"https:\/\/api.w.org\/{rel}","templated":true}]}}