{"id":410508,"date":"2024-09-23T05:24:53","date_gmt":"2024-09-23T03:24:53","guid":{"rendered":"https:\/\/www.radiopiu.net\/wordpress\/?p=410508"},"modified":"2024-09-23T05:41:49","modified_gmt":"2024-09-23T03:41:49","slug":"se-desmonteghea-falcade-ventanni-di-storia","status":"publish","type":"post","link":"https:\/\/www.radiopiu.net\/wordpress\/se-desmonteghea-falcade-ventanni-di-storia\/","title":{"rendered":"SE DESMONTEGHEA-FALCADE. VENT&#8217;ANNI DI STORIA"},"content":{"rendered":"<p><span style=\"color: #ff0000;\">A CURA DEL GRUPPO FOLK VAL BIOIS<\/span><\/p>\n<p><strong><em>\u00a0<\/em><\/strong><\/p>\n<p><strong><em>SE DESMONTEGHEA \u2013 LA FESTA DELLE MALGHE<\/em><\/strong><\/p>\n<p><a class=\"dt-pswp-item\" href=\"https:\/\/www.radiopiu.net\/wordpress\/wp-content\/uploads\/2023\/09\/Desmontegada-2022-sfilata.jpg\" data-dt-img-description=\"\" data-large_image_width=\"1280\" data-large_image_height=\"960\"><img loading=\"lazy\" decoding=\"async\" class=\"size-medium wp-image-351283 alignleft\" src=\"https:\/\/www.radiopiu.net\/wordpress\/wp-content\/uploads\/2023\/09\/Desmontegada-2022-sfilata-300x225.jpg\" alt=\"\" width=\"300\" height=\"225\" srcset=\"https:\/\/www.radiopiu.net\/wordpress\/wp-content\/uploads\/2023\/09\/Desmontegada-2022-sfilata-300x225.jpg 300w, https:\/\/www.radiopiu.net\/wordpress\/wp-content\/uploads\/2023\/09\/Desmontegada-2022-sfilata-1024x768.jpg 1024w, https:\/\/www.radiopiu.net\/wordpress\/wp-content\/uploads\/2023\/09\/Desmontegada-2022-sfilata-768x576.jpg 768w, https:\/\/www.radiopiu.net\/wordpress\/wp-content\/uploads\/2023\/09\/Desmontegada-2022-sfilata.jpg 1280w\" sizes=\"auto, (max-width: 300px) 100vw, 300px\" \/><\/a>Era il 2005 quando il gruppo folk Val Biois propose, per la prima volta, una festa intima, paesana, quasi spontanea, nata in sordina per ripristinare in chiave rivisitata la tradizione di festeggiare la fine della stagione degli alpeggi, viva ancora sino agli anni \u201880 del secolo scorso.<\/p>\n<p>Gente del paese con malgari bellunesi e del confinante trentino assieme per un solo giorno di festa con l\u2019orgoglio di appartenere a queste terre di montagna ed a quel mondo contadino che sono le nostre radici.<\/p>\n<p>La Val del Biois ha la fortuna di trovarsi sul confine, in un territorio ricco di aziende agricole e di malghe. Il luogo adatto per celebrare l\u2019agricoltura di montagna.<\/p>\n<p>Negli anni, questa festa ha continuato a crescere, anche in termini di presenze turistiche, tanto da diventare un appuntamento atteso da un anno all\u2019altro con migliaia di presenze turistiche nei tre giorni dell\u2019evento, capace di riempire la capacit\u00e0 ricettiva della valle e i molti ristoranti della zona.<\/p>\n<p><a class=\"dt-pswp-item\" href=\"https:\/\/www.radiopiu.net\/wordpress\/wp-content\/uploads\/2021\/09\/45640705_m.jpg\" data-dt-img-description=\"Falcade, Belluno, Italy - September 26, 2015: Se Desmonteghea a great party in Falcade for the livestock returning from the highland pastures\" data-large_image_width=\"2508\" data-large_image_height=\"1672\"><img loading=\"lazy\" decoding=\"async\" class=\"size-medium wp-image-233460 alignright\" src=\"https:\/\/www.radiopiu.net\/wordpress\/wp-content\/uploads\/2021\/09\/45640705_m-300x200.jpg\" alt=\"\" width=\"300\" height=\"200\" srcset=\"https:\/\/www.radiopiu.net\/wordpress\/wp-content\/uploads\/2021\/09\/45640705_m-300x200.jpg 300w, https:\/\/www.radiopiu.net\/wordpress\/wp-content\/uploads\/2021\/09\/45640705_m-1024x683.jpg 1024w, https:\/\/www.radiopiu.net\/wordpress\/wp-content\/uploads\/2021\/09\/45640705_m-768x512.jpg 768w, https:\/\/www.radiopiu.net\/wordpress\/wp-content\/uploads\/2021\/09\/45640705_m-1536x1024.jpg 1536w, https:\/\/www.radiopiu.net\/wordpress\/wp-content\/uploads\/2021\/09\/45640705_m-2048x1365.jpg 2048w\" sizes=\"auto, (max-width: 300px) 100vw, 300px\" \/><\/a>Il presidente del Gruppo Folk Union Ladina Val Biois Danilo Marmolada afferma che <em>\u201cCi anima il nostro intimo sentire e la consapevolezza di non essere soli, ma di avere un\u2019intera Valle che in varie forme sostiene, aiuta, partecipa a quest\u2019evento e che sentitamente ringraziamo. Senza tanto volontariato non saremmo arrivati a questi livelli!\u201d<\/em><\/p>\n<p>Il segreto di tanto successo probabilmente \u00e8 la genuinit\u00e0 che chi vi partecipa da esterno percepisce, la ricchezza d\u2019animo di una piccola comunit\u00e0 di montagna che sa unirsi armoniosamente per un qualcosa che ognuno sente appartenergli, valorizzando le malghe e tutto ci\u00f2 che sta attorno a questo difficile mondo e lega il passato con il presente.<\/p>\n<p><a class=\"dt-pswp-item\" href=\"https:\/\/www.radiopiu.net\/wordpress\/wp-content\/uploads\/2020\/09\/desmonteghea.jpg\" data-dt-img-description=\"\" data-large_image_width=\"2560\" data-large_image_height=\"1707\"><img loading=\"lazy\" decoding=\"async\" class=\"size-medium wp-image-160904 alignleft\" src=\"https:\/\/www.radiopiu.net\/wordpress\/wp-content\/uploads\/2020\/09\/desmonteghea-300x200.jpg\" alt=\"\" width=\"300\" height=\"200\" srcset=\"https:\/\/www.radiopiu.net\/wordpress\/wp-content\/uploads\/2020\/09\/desmonteghea-300x200.jpg 300w, https:\/\/www.radiopiu.net\/wordpress\/wp-content\/uploads\/2020\/09\/desmonteghea-1024x683.jpg 1024w, https:\/\/www.radiopiu.net\/wordpress\/wp-content\/uploads\/2020\/09\/desmonteghea-768x512.jpg 768w, https:\/\/www.radiopiu.net\/wordpress\/wp-content\/uploads\/2020\/09\/desmonteghea-1536x1024.jpg 1536w, https:\/\/www.radiopiu.net\/wordpress\/wp-content\/uploads\/2020\/09\/desmonteghea-2048x1366.jpg 2048w, https:\/\/www.radiopiu.net\/wordpress\/wp-content\/uploads\/2020\/09\/desmonteghea-640x427.jpg 640w\" sizes=\"auto, (max-width: 300px) 100vw, 300px\" \/><\/a>Quest\u2019anno si festeggia la 20\u00b0 edizione che si svolger\u00e0 a Falcade il 27,28 e 29 settembre. Tre giorni di festa in cui il perno sar\u00e0 il grande corteo che sfiler\u00e0 lungo i 3 km del centro storico di Falcade. Grandissima \u00e8 la partecipazione dei protagonisti di <em>Se Desmonteghea<\/em>: ben 14 malghe della Valle del Biois e delle vicine valli di Fiemme e Fassa e 10 aziende agricole. Centinaia di persone che lavorano ogni singolo giorno per mantenere i pascoli di montagna passeranno per le strade di Falcade insieme a mucche, asini, cavalli, pecore, capre accompagnati dagli applausi della folla che lungo tutto il percorso attende il loro passaggio.<\/p>\n<p>Alla fine del grande corteo molte sono le attrattive che la manifestazione offre: la parte gastronomica \u00e8 molto ampia. Sotto al tendone, che ospita 800 posti a sedere, saranno serviti i piatti della tradizione con il piatto forte della domenica: il toro allo spiedo. Inoltre in ben 15 ristoranti della valle sar\u00e0 possibile assaggiare i men\u00f9 dedicati a <em>Se Desmonteghea<\/em>.<\/p>\n<p>Sulla Piana di Falcade trova spazio la grande fiera dell\u2019artigianato e delle tipicit\u00e0 con pi\u00f9 di 125 espositori provenienti dall\u2019area montagna: 64 espositori Bellunesi, 29 Veneti, 16 Trentini, 7 Friuliani, 1 Bolzanino e 8 provenienti da altre zone.<\/p>\n<p><a class=\"dt-pswp-item\" href=\"https:\/\/www.radiopiu.net\/wordpress\/wp-content\/uploads\/2023\/09\/Desmontegada-2022-prato.jpg\" data-dt-img-description=\"\" data-large_image_width=\"1120\" data-large_image_height=\"840\"><img loading=\"lazy\" decoding=\"async\" class=\"size-medium wp-image-351281 alignright\" src=\"https:\/\/www.radiopiu.net\/wordpress\/wp-content\/uploads\/2023\/09\/Desmontegada-2022-prato-300x225.jpg\" alt=\"\" width=\"300\" height=\"225\" srcset=\"https:\/\/www.radiopiu.net\/wordpress\/wp-content\/uploads\/2023\/09\/Desmontegada-2022-prato-300x225.jpg 300w, https:\/\/www.radiopiu.net\/wordpress\/wp-content\/uploads\/2023\/09\/Desmontegada-2022-prato-1024x768.jpg 1024w, https:\/\/www.radiopiu.net\/wordpress\/wp-content\/uploads\/2023\/09\/Desmontegada-2022-prato-768x576.jpg 768w, https:\/\/www.radiopiu.net\/wordpress\/wp-content\/uploads\/2023\/09\/Desmontegada-2022-prato.jpg 1120w\" sizes=\"auto, (max-width: 300px) 100vw, 300px\" \/><\/a>Grande importanza \u00e8 data anche all\u2019aspetto culturale: la domenica mattina sar\u00e0 possibile visitare, accompagnati dall\u2019allevatore Hermann Follador, un antico <em>tabi\u00e0<\/em> di Sappade per scoprire i segreti del mestiere mentre alle 10.30, sotto al tendone, ospite eccezionale sar\u00e0 l\u2019antropologo Annibale Salsa, esperto conoscitore delle Alpi che ha insegnato Antropologia all\u2019Universit\u00e0 di Genova. \u00c8 stato Presidente generale del CAI e Presidente del Gruppo di Lavoro \u00abPopolazione e cultura\u00bb della Convenzione delle Alpi e ci parler\u00e0 di Malghe e alpeggi, l\u2019identit\u00e0 pi\u00f9 autentica delle Alpi. Sempre sotto al tendone si pu\u00f2 trovare <em>el bancon dai liber<\/em>, lo stand dell\u2019Union ladina Val Biois con le pubblicazioni di approfondimento della cultura locale mentre nel giardino di piazza municipio sar\u00e0 possibile visitare la mostra con le caricature di Claudio Bez dedicate ai personaggi che hanno caratterizzato 20 anni di festa.<\/p>\n<p>La domenica \u00e8 invece la giornata dedicata ai gruppi folk, dalle 14.30 si svolger\u00e0 la sfilata nel centro di Falcade con esibizione finale sotto al tendone. Quest\u2019anno sar\u00e0 presente un gruppo folk proveniente da oltre mare: il Gruppo Folk Nostra signora di Talia Olmedo in provincia di Sassari oltre al gruppo folk Holzockar, I taglialegna di Sappada e i padroni di casa, il Gruppo Folk Val Biois. Un\u2019altra novit\u00e0 di questa edizione saranno I Trombini di San Bartolomeo delle Montagne Lessinia (VR). I Trombini, detti anche &#8220;s-ciopi&#8221; o &#8220;pistoni&#8221;, deriverebbero da armi da guerra del Seicento-Settecento, usate in Lessinia, dai coloni di origine tedesca, bavaresi e\/o tirolesi, per incutere terrore, per abbattere palizzate, per farsi largo tra la folla o per difendersi durante i viaggi. Le loro origini risalgono probabilmente al 1611. La fabbricazione di questi strumenti viene affidata alla perizia e all&#8217;abilit\u00e0 di alcuni artigiani della zona. Il Trombino si carica a polvere nera. Il tromboniere, con un sacco ruvido legato alla gamba per evitare bruciature, imbraccia il Trombino con la bocca indirizzata a terra, spara e, sfruttando il forte rinculo dell&#8217;arma, lo torna a raccogliere sulla spalla, compiendo una rotazione su s\u00e8 stesso. Domenica pomeriggio faranno risuonare i loro colpi sulla Piana di Falcade.<\/p>\n<p>Sono 270 i volontari impiegati nell\u2019organizzazione della festa che parte dalla progettazione, molti mesi prima dell\u2019evento fino al ripristino finale dell\u2019area. Una grande squadra di persone entusiaste che collaborano da anni alla riuscita di questa festa che viene attesa di anno in anno.<\/p>\n<p>&nbsp;<\/p>\n<p>&nbsp;<\/p>\n<p>&nbsp;<\/p>\n<hr \/>\n<p>&nbsp;<\/p>\n<p>&nbsp;<\/p>\n<p>&nbsp;<\/p>\n","protected":false},"excerpt":{"rendered":"<p>A CURA DEL GRUPPO FOLK VAL BIOIS \u00a0 SE DESMONTEGHEA \u2013 LA FESTA DELLE MALGHE Era il 2005 quando il gruppo folk Val Biois propose, per la prima volta, una festa intima, paesana, quasi spontanea, nata in sordina per ripristinare in chiave rivisitata la tradizione di festeggiare la fine della stagione degli alpeggi, viva ancora&hellip;<\/p>\n","protected":false},"author":4,"featured_media":233460,"comment_status":"closed","ping_status":"closed","sticky":false,"template":"","format":"standard","meta":{"_monsterinsights_skip_tracking":false,"_monsterinsights_sitenote_active":false,"_monsterinsights_sitenote_note":"","_monsterinsights_sitenote_category":0,"footnotes":""},"categories":[49],"tags":[],"class_list":["post-410508","post","type-post","status-publish","format-standard","has-post-thumbnail","hentry","category-news-18","category-49","description-off"],"img_url":"https:\/\/www.radiopiu.net\/wordpress\/wp-content\/uploads\/2021\/09\/45640705_m.jpg","_links":{"self":[{"href":"https:\/\/www.radiopiu.net\/wordpress\/wp-json\/wp\/v2\/posts\/410508","targetHints":{"allow":["GET"]}}],"collection":[{"href":"https:\/\/www.radiopiu.net\/wordpress\/wp-json\/wp\/v2\/posts"}],"about":[{"href":"https:\/\/www.radiopiu.net\/wordpress\/wp-json\/wp\/v2\/types\/post"}],"author":[{"embeddable":true,"href":"https:\/\/www.radiopiu.net\/wordpress\/wp-json\/wp\/v2\/users\/4"}],"replies":[{"embeddable":true,"href":"https:\/\/www.radiopiu.net\/wordpress\/wp-json\/wp\/v2\/comments?post=410508"}],"version-history":[{"count":1,"href":"https:\/\/www.radiopiu.net\/wordpress\/wp-json\/wp\/v2\/posts\/410508\/revisions"}],"predecessor-version":[{"id":410509,"href":"https:\/\/www.radiopiu.net\/wordpress\/wp-json\/wp\/v2\/posts\/410508\/revisions\/410509"}],"wp:featuredmedia":[{"embeddable":true,"href":"https:\/\/www.radiopiu.net\/wordpress\/wp-json\/wp\/v2\/media\/233460"}],"wp:attachment":[{"href":"https:\/\/www.radiopiu.net\/wordpress\/wp-json\/wp\/v2\/media?parent=410508"}],"wp:term":[{"taxonomy":"category","embeddable":true,"href":"https:\/\/www.radiopiu.net\/wordpress\/wp-json\/wp\/v2\/categories?post=410508"},{"taxonomy":"post_tag","embeddable":true,"href":"https:\/\/www.radiopiu.net\/wordpress\/wp-json\/wp\/v2\/tags?post=410508"}],"curies":[{"name":"wp","href":"https:\/\/api.w.org\/{rel}","templated":true}]}}