{"id":410552,"date":"2024-09-23T05:30:19","date_gmt":"2024-09-23T03:30:19","guid":{"rendered":"https:\/\/www.radiopiu.net\/wordpress\/?p=410552"},"modified":"2024-09-23T05:34:30","modified_gmt":"2024-09-23T03:34:30","slug":"incidenti-e-un-malore-nella-domenica-del-suem-118","status":"publish","type":"post","link":"https:\/\/www.radiopiu.net\/wordpress\/incidenti-e-un-malore-nella-domenica-del-suem-118\/","title":{"rendered":"INCIDENTI E UN MALORE NELLA DOMENICA DEL SUEM 118"},"content":{"rendered":"<p>******<\/p>\n<p>&nbsp;<\/p>\n<p><strong><a class=\"dt-pswp-item\" href=\"https:\/\/www.radiopiu.net\/wordpress\/wp-content\/uploads\/2024\/04\/salt-suem-agordo-croce.jpeg\" data-dt-img-description=\"\" data-large_image_width=\"1024\" data-large_image_height=\"768\"><img loading=\"lazy\" decoding=\"async\" class=\" wp-image-382581 alignleft\" src=\"https:\/\/www.radiopiu.net\/wordpress\/wp-content\/uploads\/2024\/04\/salt-suem-agordo-croce-300x225.jpeg\" alt=\"\" width=\"172\" height=\"129\" srcset=\"https:\/\/www.radiopiu.net\/wordpress\/wp-content\/uploads\/2024\/04\/salt-suem-agordo-croce-300x225.jpeg 300w, https:\/\/www.radiopiu.net\/wordpress\/wp-content\/uploads\/2024\/04\/salt-suem-agordo-croce-768x576.jpeg 768w, https:\/\/www.radiopiu.net\/wordpress\/wp-content\/uploads\/2024\/04\/salt-suem-agordo-croce.jpeg 1024w\" sizes=\"auto, (max-width: 172px) 100vw, 172px\" \/><\/a>REDAZIONE<\/strong> Si \u00e8 chiusa con tre interventi la domenica del Suem 118. Poco dopo le 11:30 la centrale operativa \u00e8 stata allertata per un malore a Passo Giau. Coinvolto un uomo di 55 anni di Trento che \u00e8 stato soccorso dall&#8217;ambulanza e l&#8217;elicottero Falco. Alle 12:30 un 60enne di Belluno \u00e8 stato coinvolto in un incidente in bicicletta a Sedico ed \u00e8 stato portato al San Martino di Belluno. Poco dopo le 17:30 l&#8217;elicottero Falco 2 e l&#8217;ambulanza di Agordo hanno soccorso un uomo e una donna di Vicenza che in localit\u00e0 La Stanga erano stati coinvolti in un incidente motociclistico. Entrambi sono stati portati in ospedale con ferite di media gravit\u00e0.<\/p>\n<p>&nbsp;<\/p>\n<p>&nbsp;<\/p>\n<p>********<\/p>\n","protected":false},"excerpt":{"rendered":"<p>****** &nbsp; REDAZIONE Si \u00e8 chiusa con tre interventi la domenica del Suem 118. Poco dopo le 11:30 la centrale operativa \u00e8 stata allertata per un malore a Passo Giau. Coinvolto un uomo di 55 anni di Trento che \u00e8 stato soccorso dall&#8217;ambulanza e l&#8217;elicottero Falco. Alle 12:30 un 60enne di Belluno \u00e8 stato coinvolto&hellip;<\/p>\n","protected":false},"author":4,"featured_media":382581,"comment_status":"closed","ping_status":"closed","sticky":false,"template":"","format":"standard","meta":{"_monsterinsights_skip_tracking":false,"_monsterinsights_sitenote_active":false,"_monsterinsights_sitenote_note":"","_monsterinsights_sitenote_category":0,"footnotes":""},"categories":[51,49],"tags":[],"class_list":["post-410552","post","type-post","status-publish","format-standard","has-post-thumbnail","hentry","category-evidenza-top","category-news-18","category-51","category-49","description-off"],"img_url":"https:\/\/www.radiopiu.net\/wordpress\/wp-content\/uploads\/2024\/04\/salt-suem-agordo-croce.jpeg","_links":{"self":[{"href":"https:\/\/www.radiopiu.net\/wordpress\/wp-json\/wp\/v2\/posts\/410552","targetHints":{"allow":["GET"]}}],"collection":[{"href":"https:\/\/www.radiopiu.net\/wordpress\/wp-json\/wp\/v2\/posts"}],"about":[{"href":"https:\/\/www.radiopiu.net\/wordpress\/wp-json\/wp\/v2\/types\/post"}],"author":[{"embeddable":true,"href":"https:\/\/www.radiopiu.net\/wordpress\/wp-json\/wp\/v2\/users\/4"}],"replies":[{"embeddable":true,"href":"https:\/\/www.radiopiu.net\/wordpress\/wp-json\/wp\/v2\/comments?post=410552"}],"version-history":[{"count":1,"href":"https:\/\/www.radiopiu.net\/wordpress\/wp-json\/wp\/v2\/posts\/410552\/revisions"}],"predecessor-version":[{"id":410553,"href":"https:\/\/www.radiopiu.net\/wordpress\/wp-json\/wp\/v2\/posts\/410552\/revisions\/410553"}],"wp:featuredmedia":[{"embeddable":true,"href":"https:\/\/www.radiopiu.net\/wordpress\/wp-json\/wp\/v2\/media\/382581"}],"wp:attachment":[{"href":"https:\/\/www.radiopiu.net\/wordpress\/wp-json\/wp\/v2\/media?parent=410552"}],"wp:term":[{"taxonomy":"category","embeddable":true,"href":"https:\/\/www.radiopiu.net\/wordpress\/wp-json\/wp\/v2\/categories?post=410552"},{"taxonomy":"post_tag","embeddable":true,"href":"https:\/\/www.radiopiu.net\/wordpress\/wp-json\/wp\/v2\/tags?post=410552"}],"curies":[{"name":"wp","href":"https:\/\/api.w.org\/{rel}","templated":true}]}}