{"id":410577,"date":"2024-09-23T05:40:12","date_gmt":"2024-09-23T03:40:12","guid":{"rendered":"https:\/\/www.radiopiu.net\/wordpress\/?p=410577"},"modified":"2024-09-23T05:40:48","modified_gmt":"2024-09-23T03:40:48","slug":"ricerca-in-corso-sopra-passo-cibiana","status":"publish","type":"post","link":"https:\/\/www.radiopiu.net\/wordpress\/ricerca-in-corso-sopra-passo-cibiana\/","title":{"rendered":"RICERCA IN CORSO SOPRA PASSO CIBIANA"},"content":{"rendered":"<p>++<\/p>\n<p>&nbsp;<\/p>\n<p>CIBIANA DI CADORE<\/p>\n<div dir=\"auto\"><img loading=\"lazy\" decoding=\"async\" class=\"alignleft\" src=\"https:\/\/www.radiopiu.net\/wordpress\/wp-content\/uploads\/2022\/05\/chiesa-di-cibiano.webp\" width=\"200\" height=\"114\" \/>Sono in corso dal pomeriggio le ricerche di una escursionista dispersa nella zona del Col Duro. La sessantenne, che faceva parte di una comitiva di 18 persone, era salita con il gruppo dal Passo, verso Forcella Val d&#8217;inferno, Col Duro e rientro. Quando la comitiva era arrivata nuovamente al Passo, i compagni si erano accorti della sua assenza. In due erano tornati sui loro passi verso Forcella Val d&#8217;inferno, senza per\u00f2 trovarla e avevano lanciato l&#8217;allarme. L&#8217;ultimo contatto con la donna risale alle 16.30, quando lei ha detto di avere perso l&#8217;orientamento e di trovarsi vicina a un corso d&#8217;acqua. Le squadre del Soccorso alpino di Pieve di Cadore, San Vito di Cadore, Val di Zoldo hanno iniziato a perlustrare i sentieri, mentre il cellulare della donna suona libero senza risposta. Presenti anche I soccorritori della Guardia di finanza e i Vigili del fuoco con i rispettivi elicotteri. L&#8217;eliambulanza del Suem di Pieve di Cadore, con a bordo un soccorritore di Pieve di Cadore ha affettuato un sorvolo, per poi trasportare in quota sette operatori pi\u00f9 un&#8217;unit\u00e0 cinofila. La cella telefonica \u00e8 stata agganciata sul versante di San Vito di Cadore.<\/div>\n<div dir=\"auto\"><\/div>\n<div dir=\"auto\"><\/div>\n<div dir=\"auto\">\n<hr \/>\n<\/div>\n","protected":false},"excerpt":{"rendered":"<p>++ &nbsp; CIBIANA DI CADORE Sono in corso dal pomeriggio le ricerche di una escursionista dispersa nella zona del Col Duro. La sessantenne, che faceva parte di una comitiva di 18 persone, era salita con il gruppo dal Passo, verso Forcella Val d&#8217;inferno, Col Duro e rientro. Quando la comitiva era arrivata nuovamente al Passo,&hellip;<\/p>\n","protected":false},"author":4,"featured_media":277553,"comment_status":"closed","ping_status":"closed","sticky":false,"template":"","format":"standard","meta":{"_monsterinsights_skip_tracking":false,"_monsterinsights_sitenote_active":false,"_monsterinsights_sitenote_note":"","_monsterinsights_sitenote_category":0,"footnotes":""},"categories":[51,49],"tags":[],"class_list":["post-410577","post","type-post","status-publish","format-standard","has-post-thumbnail","hentry","category-evidenza-top","category-news-18","category-51","category-49","description-off"],"img_url":"https:\/\/www.radiopiu.net\/wordpress\/wp-content\/uploads\/2022\/05\/chiesa-di-cibiano.webp","_links":{"self":[{"href":"https:\/\/www.radiopiu.net\/wordpress\/wp-json\/wp\/v2\/posts\/410577","targetHints":{"allow":["GET"]}}],"collection":[{"href":"https:\/\/www.radiopiu.net\/wordpress\/wp-json\/wp\/v2\/posts"}],"about":[{"href":"https:\/\/www.radiopiu.net\/wordpress\/wp-json\/wp\/v2\/types\/post"}],"author":[{"embeddable":true,"href":"https:\/\/www.radiopiu.net\/wordpress\/wp-json\/wp\/v2\/users\/4"}],"replies":[{"embeddable":true,"href":"https:\/\/www.radiopiu.net\/wordpress\/wp-json\/wp\/v2\/comments?post=410577"}],"version-history":[{"count":1,"href":"https:\/\/www.radiopiu.net\/wordpress\/wp-json\/wp\/v2\/posts\/410577\/revisions"}],"predecessor-version":[{"id":410578,"href":"https:\/\/www.radiopiu.net\/wordpress\/wp-json\/wp\/v2\/posts\/410577\/revisions\/410578"}],"wp:featuredmedia":[{"embeddable":true,"href":"https:\/\/www.radiopiu.net\/wordpress\/wp-json\/wp\/v2\/media\/277553"}],"wp:attachment":[{"href":"https:\/\/www.radiopiu.net\/wordpress\/wp-json\/wp\/v2\/media?parent=410577"}],"wp:term":[{"taxonomy":"category","embeddable":true,"href":"https:\/\/www.radiopiu.net\/wordpress\/wp-json\/wp\/v2\/categories?post=410577"},{"taxonomy":"post_tag","embeddable":true,"href":"https:\/\/www.radiopiu.net\/wordpress\/wp-json\/wp\/v2\/tags?post=410577"}],"curies":[{"name":"wp","href":"https:\/\/api.w.org\/{rel}","templated":true}]}}