{"id":410593,"date":"2024-09-23T05:31:13","date_gmt":"2024-09-23T03:31:13","guid":{"rendered":"https:\/\/www.radiopiu.net\/wordpress\/?p=410593"},"modified":"2024-09-23T05:34:14","modified_gmt":"2024-09-23T03:34:14","slug":"203-agordina-incidenti","status":"publish","type":"post","link":"https:\/\/www.radiopiu.net\/wordpress\/203-agordina-incidenti\/","title":{"rendered":"203 AGORDINA, MAI UN GIORNO SENZA INCIDENTI, ANCHE IERI 2 FERITI"},"content":{"rendered":"<p>***<\/p>\n<p>**<\/p>\n<p>&nbsp;<\/p>\n<p><strong>SEDICO<\/strong><\/p>\n<div class=\"flex max-w-full flex-col flex-grow\">\n<div class=\"min-h-[20px] text-message flex w-full flex-col items-end gap-2 whitespace-normal break-words [.text-message+&amp;]:mt-5\" dir=\"auto\" data-message-author-role=\"assistant\" data-message-id=\"234f3141-70d9-4eb6-a1a3-9dc1cc2df4c7\">\n<div class=\"flex w-full flex-col gap-1 empty:hidden first:pt-[3px]\">\n<div class=\"markdown prose w-full break-words dark:prose-invert dark\">\n<p><img loading=\"lazy\" decoding=\"async\" class=\"alignleft\" src=\"https:\/\/www.radiopiu.net\/wordpress\/wp-content\/uploads\/2024\/09\/Senza-nome-52.png\" width=\"219\" height=\"115\" \/>Un incidente tra un&#8217;auto e una moto \u00e8 avvenuto alle 17.39 sulla 203 Agordina, in localit\u00e0 La Stanga, nel comune di Sedico. I due motociclisti, un uomo di 31 anni e una donna di 32, entrambi di Vicenza, hanno riportato traumi di media gravit\u00e0. L&#8217;uomo \u00e8 stato trasportato in elicottero all&#8217;ospedale San Martino di Belluno, mentre la donna \u00e8 stata portata in ambulanza all&#8217;ospedale di Agordo. Sul posto sono intervenuti vigili del fuoco e carabinieri, causando rallentamenti del traffico.<\/p>\n<\/div>\n<\/div>\n<\/div>\n<\/div>\n<div class=\"mb-2 flex gap-3 empty:hidden -ml-2\">\n<div class=\"items-center justify-start rounded-xl p-1 flex\">\n<div class=\"flex items-center\">\n<div class=\"flex\"><\/div>\n<\/div>\n<\/div>\n<div class=\"flex items-center pb-0\">\n<hr \/>\n<\/div>\n<\/div>\n<div class=\"articlePlainText\"><\/div>\n","protected":false},"excerpt":{"rendered":"<p>*** ** &nbsp; SEDICO Un incidente tra un&#8217;auto e una moto \u00e8 avvenuto alle 17.39 sulla 203 Agordina, in localit\u00e0 La Stanga, nel comune di Sedico. I due motociclisti, un uomo di 31 anni e una donna di 32, entrambi di Vicenza, hanno riportato traumi di media gravit\u00e0. L&#8217;uomo \u00e8 stato trasportato in elicottero all&#8217;ospedale&hellip;<\/p>\n","protected":false},"author":4,"featured_media":410594,"comment_status":"closed","ping_status":"closed","sticky":false,"template":"","format":"standard","meta":{"_monsterinsights_skip_tracking":false,"_monsterinsights_sitenote_active":false,"_monsterinsights_sitenote_note":"","_monsterinsights_sitenote_category":0,"footnotes":""},"categories":[51,49],"tags":[],"class_list":["post-410593","post","type-post","status-publish","format-standard","has-post-thumbnail","hentry","category-evidenza-top","category-news-18","category-51","category-49","description-off"],"img_url":"https:\/\/www.radiopiu.net\/wordpress\/wp-content\/uploads\/2024\/09\/Senza-nome-52.png","_links":{"self":[{"href":"https:\/\/www.radiopiu.net\/wordpress\/wp-json\/wp\/v2\/posts\/410593","targetHints":{"allow":["GET"]}}],"collection":[{"href":"https:\/\/www.radiopiu.net\/wordpress\/wp-json\/wp\/v2\/posts"}],"about":[{"href":"https:\/\/www.radiopiu.net\/wordpress\/wp-json\/wp\/v2\/types\/post"}],"author":[{"embeddable":true,"href":"https:\/\/www.radiopiu.net\/wordpress\/wp-json\/wp\/v2\/users\/4"}],"replies":[{"embeddable":true,"href":"https:\/\/www.radiopiu.net\/wordpress\/wp-json\/wp\/v2\/comments?post=410593"}],"version-history":[{"count":2,"href":"https:\/\/www.radiopiu.net\/wordpress\/wp-json\/wp\/v2\/posts\/410593\/revisions"}],"predecessor-version":[{"id":410596,"href":"https:\/\/www.radiopiu.net\/wordpress\/wp-json\/wp\/v2\/posts\/410593\/revisions\/410596"}],"wp:featuredmedia":[{"embeddable":true,"href":"https:\/\/www.radiopiu.net\/wordpress\/wp-json\/wp\/v2\/media\/410594"}],"wp:attachment":[{"href":"https:\/\/www.radiopiu.net\/wordpress\/wp-json\/wp\/v2\/media?parent=410593"}],"wp:term":[{"taxonomy":"category","embeddable":true,"href":"https:\/\/www.radiopiu.net\/wordpress\/wp-json\/wp\/v2\/categories?post=410593"},{"taxonomy":"post_tag","embeddable":true,"href":"https:\/\/www.radiopiu.net\/wordpress\/wp-json\/wp\/v2\/tags?post=410593"}],"curies":[{"name":"wp","href":"https:\/\/api.w.org\/{rel}","templated":true}]}}