{"id":410618,"date":"2024-09-23T07:55:39","date_gmt":"2024-09-23T05:55:39","guid":{"rendered":"https:\/\/www.radiopiu.net\/wordpress\/?p=410618"},"modified":"2024-09-23T08:02:43","modified_gmt":"2024-09-23T06:02:43","slug":"dal-1983-la-rassegna-stampa-locale-di-mirko-mezzacasa-44","status":"publish","type":"post","link":"https:\/\/www.radiopiu.net\/wordpress\/dal-1983-la-rassegna-stampa-locale-di-mirko-mezzacasa-44\/","title":{"rendered":"dal 1983 LA RASSEGNA STAMPA LOCALE di mirko mezzacasa"},"content":{"rendered":"<p><iframe loading=\"lazy\" title=\"DAL 1983 LA RASSEGNA STAMPA LOCALE di mirko mezzacasa. L&#039;ORIGINALE\" width=\"1200\" height=\"675\" src=\"https:\/\/www.youtube.com\/embed\/kvryeyrujqE?feature=oembed\" frameborder=\"0\" allow=\"accelerometer; autoplay; clipboard-write; encrypted-media; gyroscope; picture-in-picture; web-share\" referrerpolicy=\"strict-origin-when-cross-origin\" allowfullscreen><\/iframe><\/p>\n<p><a class=\"dt-pswp-item\" href=\"https:\/\/www.radiopiu.net\/wordpress\/wp-content\/uploads\/2024\/09\/58028468-8849-445b-b20f-80bf9c87d06d-scaled.jpg\" data-dt-img-description=\"\" data-large_image_width=\"2560\" data-large_image_height=\"1707\"><img loading=\"lazy\" decoding=\"async\" class=\"size-medium wp-image-410565 alignleft\" src=\"https:\/\/www.radiopiu.net\/wordpress\/wp-content\/uploads\/2024\/09\/58028468-8849-445b-b20f-80bf9c87d06d-300x200.jpg\" alt=\"\" width=\"300\" height=\"200\" srcset=\"https:\/\/www.radiopiu.net\/wordpress\/wp-content\/uploads\/2024\/09\/58028468-8849-445b-b20f-80bf9c87d06d-300x200.jpg 300w, https:\/\/www.radiopiu.net\/wordpress\/wp-content\/uploads\/2024\/09\/58028468-8849-445b-b20f-80bf9c87d06d-1024x683.jpg 1024w, https:\/\/www.radiopiu.net\/wordpress\/wp-content\/uploads\/2024\/09\/58028468-8849-445b-b20f-80bf9c87d06d-768x512.jpg 768w, https:\/\/www.radiopiu.net\/wordpress\/wp-content\/uploads\/2024\/09\/58028468-8849-445b-b20f-80bf9c87d06d-1536x1024.jpg 1536w, https:\/\/www.radiopiu.net\/wordpress\/wp-content\/uploads\/2024\/09\/58028468-8849-445b-b20f-80bf9c87d06d-2048x1365.jpg 2048w\" sizes=\"auto, (max-width: 300px) 100vw, 300px\" \/><\/a>OGGI ALLA RADIO&#8230;. ALLE 4 E ALLE 6 LE NOTIZIE DALL&#8217;ITALIA E DAL MONDO 0500 il nuovo programma, l&#8217;almanacco della nostra gente con il MUSLA\u00a0 6.15 PIROLE DE LENGA A CURA DEL MUSLA 7.20 EL BAL DEL FIORI, DETTI E TRADIZIONI DI GIULIANA DA RONCH 8.05 LA RASSEGNA STAMPA LOCALE 8.30 PIU&#8217; SIAMO CON MARINA DONA&#8217; \u00a0 900 il nuovo programma, l&#8217;almanacco della nostra gente con il MUSLA\u00a0 \u00a09.10 OGGI COME IERI CON SILVIA BALDO 9.30 i racconti di Paolo Soppelsa\u00a0 9.40 VIABILITA&#8217; CON BOTOL CAR SERVICE (AGORDO-SEDICO-FELTRE)\u00a0 \u00a010.30\u00a0 \u00a0SPECIALE SE DESMONTEGHA A FALCADE E VALLE DEL BIOIS \u00a011.30 SOTTO UN CIELO DI STELLE, ASTROFILIA CON CLAUDIO PRA\u00a0 \u00a012.00 VA TUTTO LISCIO\u00a0 12.30 GIORNALE RADIO PRINCIPALE 13.10\u00a0 SALUTE E SOCIETA&#8217; CON IL DOTTOR MARCO CARACCIOLO 13.20\u00a0 TRA FOGLIE E CASTAGNA, CANTA CON NOI DI E CON MARINA DONA&#8217;\u00a0 \u00a014.00 COLLAGE OPERAZIONE NOSTALGIA, LORIS SCUSSEL\u00a0\u00a015.00 RITRATTI SONORI CON ALESSIA DALL&#8217;O\u00a0 ospite a tutta birra&#8230;\u00a0 CON MATTINA LUCCA dalla valsugana birrificio Tommasini (FOTO) 16 IL ROCK DI MARCO COSTANTINI 1645 LE HIT DI MIRCO BENCIVENNI 18.00 PIU&#8217; DANCE LE SELEZIONI CHE FANNO SALTARE DI DJ JACK, JACOPO DEL TEDESCO 18.-30 i racconti di Paolo Soppelsa 19.00 SE DESMONTEGHEA A FALCADE<\/p>\n<p>&nbsp;<\/p>\n<p><a class=\"dt-pswp-item\" href=\"https:\/\/www.radiopiu.net\/wordpress\/wp-content\/uploads\/2024\/09\/pietro.png\" data-dt-img-description=\"\" data-large_image_width=\"236\" data-large_image_height=\"150\"><img loading=\"lazy\" decoding=\"async\" class=\"size-full wp-image-410607 alignleft\" src=\"https:\/\/www.radiopiu.net\/wordpress\/wp-content\/uploads\/2024\/09\/pietro.png\" alt=\"\" width=\"236\" height=\"150\" \/><\/a>A PIETRO POLLAZZON IL NONNO CENTENARIO DI VOLTAGO AGORDINO<br \/>\nVOLTAGO E\u2019 mancato Pietro Pollazzon 101 compiuti lo scorso 5 marzo se n\u00e8 andato serenamente assistito dai pronipoti, dai nipoti Gino e Luca, dalla sorella Stella e dai parenti tutti. I funerali\u00a0 si terranno domani alle 14.30 nella chiesa parrocchiale i Voltago<\/p>\n<p>L\u2019addio a Valter Salvadori, alpinista bellunese<br \/>\nBELLUNO\u00a0\u00a0Valter Salvadori, noto alpinista 59enne di Belluno, \u00e8 deceduto nel reparto di Terapia intensiva dell\u2019ospedale San Martino, dopo un arresto cardiaco. I funerali si terranno domani mattina, alle 11, nella chiesa di Castion. Oggi sar\u00e0 possibile salutare Salvadori, nella casa funeraria Brancher di Sedico, dalle 9 a mezzogiorno e domani dalle 8.30 alle 10.<\/p>\n<p>La scomparsa di Laura Casarin, figura storica del volley bellunese<br \/>\nBELLUNO Laura Casarin, 65 anni, fondatrice della Pgs e collaboratrice del Belluno Volley, \u00e8 scomparsa a causa di un male incurabile. Casarin era un punto di riferimento per la pallavolo giovanile, dedicandosi soprattutto al minivolley. Il mondo sportivo locale ha espresso profondo cordoglio, ricordandola per la sua gentilezza e passione. Lascia il marito Sandro, i figli Andrea e Sara, e la nipote Amelia. I funerali si terranno mercoled\u00ec, con offerte destinate all&#8217;Associazione Italiana per la Ricerca sul Cancro<\/p>\n<p><a class=\"dt-pswp-item\" href=\"https:\/\/www.radiopiu.net\/wordpress\/wp-content\/uploads\/2024\/09\/Senza-nome-53.png\" data-dt-img-description=\"\" data-large_image_width=\"210\" data-large_image_height=\"98\"><img loading=\"lazy\" decoding=\"async\" class=\"size-full wp-image-410597 alignleft\" src=\"https:\/\/www.radiopiu.net\/wordpress\/wp-content\/uploads\/2024\/09\/Senza-nome-53.png\" alt=\"\" width=\"210\" height=\"98\" \/><\/a>203 AGORDINA, MAI UN GIORNO SENZA INCIDENTI, ANCHE IERI 2 FERITI<br \/>\nSEDICO Un incidente tra un&#8217;auto e una moto \u00e8 avvenuto alle 17.39 sulla 203 Agordina, in localit\u00e0 La Stanga, nel comune di Sedico. I due motociclisti, un uomo di 31 anni e una donna di 32, entrambi di Vicenza, hanno riportato traumi di media gravit\u00e0. L&#8217;uomo \u00e8 stato trasportato in elicottero all&#8217;ospedale San Martino di Belluno, mentre la donna \u00e8 stata portata in ambulanza all&#8217;ospedale di Agordo. Sul posto sono intervenuti vigili del fuoco e carabinieri, causando rallentamenti del traffico.<\/p>\n<p>INCIDENTI E UN MALORE NELLA DOMENICA DEL SUEM 118<br \/>\nREDAZIONE Si \u00e8 chiusa con tre interventi la domenica del Suem 118. Poco dopo le 11:30 la centrale operativa \u00e8 stata allertata per un malore a Passo Giau. Coinvolto un uomo di 55 anni di Trento che \u00e8 stato soccorso dall&#8217;ambulanza e l&#8217;elicottero Falco. Alle 12:30 un 60enne di Belluno \u00e8 stato coinvolto in un incidente in bicicletta a Sedico ed \u00e8 stato portato al San Martino di Belluno. Poco dopo le 17:30 l&#8217;elicottero Falco 2 e l&#8217;ambulanza di Agordo hanno soccorso un uomo e una donna di Vicenza che in localit\u00e0 La Stanga erano stati coinvolti in un incidente motociclistico. Entrambi sono stati portati in ospedale con ferite di media gravit\u00e0.<\/p>\n<p>SOCCORSO MOTICICLISTA INFORTUNATO<br \/>\nARSIE&#8217; Sabato attorno a mezzogiorno il Soccorso alpino di Feltre \u00e8 partito in direzione di localit\u00e0 Costa Franosa, sopra Fastro di Arsi\u00e8, dove un motociclista trentenne tedesco, si era fatto male cadendo lungo una strada sterrata. Il biker, che era assistito da due amici e aveva riportato un sospetto trauma alla caviglia, \u00e8 stato raggiunto in fuoristrada da una squadra. Caricato a bordo, l&#8217;infortunato \u00e8 stato accompagnato direttamente in ospedale.<\/p>\n<p>SELVA DI CADORE Da ieri mattina, il Monte Pelmo ha un nuovo Bivacco a disposizione in caso di emergenza. Le condizioni meteo favorevoli hanno permesso il posizionamento della struttura grazie all&#8217;elicottero dell&#8217;Esercito &#8220;Chinook&#8221;, decollato da Bolzano alle 7:30. Il Bivacco \u00e8 stato trasportato da Fiames e fissato sul Vant del Pelmo, a 2.836 metri, da una squadra di soccorritori.<a class=\"dt-pswp-item\" href=\"https:\/\/www.radiopiu.net\/wordpress\/wp-content\/uploads\/2024\/09\/Senza-nome-52.png\" data-dt-img-description=\"\" data-large_image_width=\"248\" data-large_image_height=\"130\"><img loading=\"lazy\" decoding=\"async\" class=\"size-full wp-image-410594 alignleft\" src=\"https:\/\/www.radiopiu.net\/wordpress\/wp-content\/uploads\/2024\/09\/Senza-nome-52.png\" alt=\"\" width=\"248\" height=\"130\" \/><\/a>PATENTE A CREDITI: 66.300 IMPRESE VENETE \u201cABBANDONATE\u201d DALLA BUROCRAZIA MINISTERIALE LENTA ED IMPACCIATA<br \/>\nNei primi 7 mesi di quest\u2019anno, in Veneto ci sono stati 37 morti nei luoghi di lavoro, 14 in meno rispetto allo stesso periodo del 2023. A Verona la situazione pi\u00f9 drammatica<br \/>\nSono almeno 66.355 le imprese venete del comparto casa che, dal prossimo 1\u00b0 ottobre, avranno l\u2019obbligo di richiedere digitalmente all\u2019Ispettorato Nazionale del Lavoro (INL) la patente a crediti. Pertanto, edili, dipintori, piastrellisti, elettricisti, termoidraulici, ascensoristi, falegnami, serramentisti, fabbri, lattonieri, carpentieri, etc., dovranno farsi carico di questo nuovo adempimento per poter continuare a lavorare nei cantieri temporanei e mobili.<\/p>\n<p>VOLTAGO Consiglio comunale convocato oggi alle 18. Quattro punti in discussione tra cui il programma triennale dei lavori 2024-2026, l&#8217;adeguamento di Via Sav\u00e0 a Frassen\u00e8 nell&#8217;intersezione con la 347 del Passo Cereda e Duran e la messa in sicurezza della strada silvopastorale &#8220;Della Gioia&#8221;.<\/p>\n<p>SEDICO Sar\u00e0 un&#8217;altra grande festa a fine mese a Villa Patt, con la Proloco di Sedico e i tanti appuntamenti nell&#8217;ambito delle Mostra Mercato che giunge alla 45edisione. Con Claudio Mezzavilla, presidente della Proloco parliamo dell&#8217;evento, ma anche dell&#8217;inaugurazione della panchina rossa in ricordo di Laura Forcellini e del concorso Balcone Fiorito con la collaborazione di Stefano De Paris del team Dolomiti Garden<\/p>\n<p><a class=\"dt-pswp-item\" href=\"https:\/\/www.radiopiu.net\/wordpress\/wp-content\/uploads\/2024\/09\/Senza-nome-56.png\" data-dt-img-description=\"\" data-large_image_width=\"229\" data-large_image_height=\"120\"><img loading=\"lazy\" decoding=\"async\" class=\"size-full wp-image-410600 alignleft\" src=\"https:\/\/www.radiopiu.net\/wordpress\/wp-content\/uploads\/2024\/09\/Senza-nome-56.png\" alt=\"\" width=\"229\" height=\"120\" \/><\/a>Come ogni fine stagione turistica ci risiamo col solito problema! Vergognoso che in tutto il Veneto, l\u2019unica provincia dove non corrono di DOMENICA (corrono di domenica solo durante la stagione turistica estiva e una settimana circa a Natale) gli autobus di linea pubblica\u00a0 di Dolomitibus.\u00a0 Io , e credo di parlare anche x tanti giovani, anziani etc. residenti in Agordino,e nel Bellunese, se sprovvisti di auto o non patentati,di domenica non si possono muovere perche\u2019 Dolomitibus n tale giorno non fa servizio. Siamo nel 2024 e almeno due corse per salire e scendere dovrebbero essere garantite di domenica, poi anche se fuori stagione, son posto turistico le \u00a0Dolomiti e tutto il comprensorio che ne fan parte( ci son sempre dei turisti anche fuori stagione) Ci sono persone che conosco ,residenti, che fanno l\u2019abbonamento e di domenica lavorano e non possono utilizzare i Bus xche\u2019 Dolomiti Bus non fa servizio,e sono costretti ad arrangiarsi, magari anche pagando un taxi. Parlo dell\u2019Agordino,ma il discorso vale x tutta la provincia di Belluno. Ma la Provincia esiste ancora? E che fa?\u00a0 E\u00a0poi si parla dello spopolamento delle montagne<\/p>\n<p>QUARANT&#8217;ANNI DI AIB E PROTEZIONE CIVILE DI SOSPIROLO<br \/>\nBELLUNO Il consigliere provinciale Massimo Bortoluzzi ha elogiato l\u2019impegno dei volontari della Protezione Civile durante le cerimonie per i 40 anni dell\u2019associazione Antincendio Boschivo e Volontari Protezione Civile Sospirolo. Ha sottolineato come i volontari siano sempre pronti e presenti grazie a una formazione continua e una grande professionalit\u00e0, come dimostrato nei recenti interventi per l&#8217;alluvione in Emilia Romagna. Durante l&#8217;evento, si \u00e8 svolta anche un\u2019esercitazione delle squadre. Nei prossimi giorni, ulteriori squadre della Protezione Civile partiranno per fornire aiuto nelle aree colpite dall\u2019alluvione, equipaggiate con mezzi provinciali.<\/p>\n<p>&nbsp;<\/p>\n<p>&nbsp;<\/p>\n<p>&nbsp;<\/p>\n","protected":false},"excerpt":{"rendered":"<p>OGGI ALLA RADIO&#8230;. ALLE 4 E ALLE 6 LE NOTIZIE DALL&#8217;ITALIA E DAL MONDO 0500 il nuovo programma, l&#8217;almanacco della nostra gente con il MUSLA\u00a0 6.15 PIROLE DE LENGA A CURA DEL MUSLA 7.20 EL BAL DEL FIORI, DETTI E TRADIZIONI DI GIULIANA DA RONCH 8.05 LA RASSEGNA STAMPA LOCALE 8.30 PIU&#8217; SIAMO CON MARINA&hellip;<\/p>\n","protected":false},"author":4,"featured_media":410608,"comment_status":"closed","ping_status":"closed","sticky":false,"template":"","format":"standard","meta":{"_monsterinsights_skip_tracking":false,"_monsterinsights_sitenote_active":false,"_monsterinsights_sitenote_note":"","_monsterinsights_sitenote_category":0,"footnotes":""},"categories":[104,49,142],"tags":[],"class_list":["post-410618","post","type-post","status-publish","format-standard","has-post-thumbnail","hentry","category-evidenza_3","category-news-18","category-rassegna-stampa","category-104","category-49","category-142","description-off"],"img_url":"https:\/\/www.radiopiu.net\/wordpress\/wp-content\/uploads\/2024\/09\/COPPE.png","_links":{"self":[{"href":"https:\/\/www.radiopiu.net\/wordpress\/wp-json\/wp\/v2\/posts\/410618","targetHints":{"allow":["GET"]}}],"collection":[{"href":"https:\/\/www.radiopiu.net\/wordpress\/wp-json\/wp\/v2\/posts"}],"about":[{"href":"https:\/\/www.radiopiu.net\/wordpress\/wp-json\/wp\/v2\/types\/post"}],"author":[{"embeddable":true,"href":"https:\/\/www.radiopiu.net\/wordpress\/wp-json\/wp\/v2\/users\/4"}],"replies":[{"embeddable":true,"href":"https:\/\/www.radiopiu.net\/wordpress\/wp-json\/wp\/v2\/comments?post=410618"}],"version-history":[{"count":2,"href":"https:\/\/www.radiopiu.net\/wordpress\/wp-json\/wp\/v2\/posts\/410618\/revisions"}],"predecessor-version":[{"id":410641,"href":"https:\/\/www.radiopiu.net\/wordpress\/wp-json\/wp\/v2\/posts\/410618\/revisions\/410641"}],"wp:featuredmedia":[{"embeddable":true,"href":"https:\/\/www.radiopiu.net\/wordpress\/wp-json\/wp\/v2\/media\/410608"}],"wp:attachment":[{"href":"https:\/\/www.radiopiu.net\/wordpress\/wp-json\/wp\/v2\/media?parent=410618"}],"wp:term":[{"taxonomy":"category","embeddable":true,"href":"https:\/\/www.radiopiu.net\/wordpress\/wp-json\/wp\/v2\/categories?post=410618"},{"taxonomy":"post_tag","embeddable":true,"href":"https:\/\/www.radiopiu.net\/wordpress\/wp-json\/wp\/v2\/tags?post=410618"}],"curies":[{"name":"wp","href":"https:\/\/api.w.org\/{rel}","templated":true}]}}