{"id":410646,"date":"2024-09-23T11:31:12","date_gmt":"2024-09-23T09:31:12","guid":{"rendered":"https:\/\/www.radiopiu.net\/wordpress\/?p=410646"},"modified":"2024-09-23T11:32:03","modified_gmt":"2024-09-23T09:32:03","slug":"i-porcini-del-pensionato-mario-de-marco","status":"publish","type":"post","link":"https:\/\/www.radiopiu.net\/wordpress\/i-porcini-del-pensionato-mario-de-marco\/","title":{"rendered":"I PORCINI DEL PENSIONATO MARIO DE MARCO"},"content":{"rendered":"<p>*****<\/p>\n<p>&nbsp;<\/p>\n<p><strong>VOLTAGO<\/strong> Da venerd\u00ec scorso Mario De Marco \u00e8 in pensione ed ora ha pi\u00f9 tempo libero per le sue passioni. Oltre ad essere appasionato di fotografia, Mario \u00e8 conosciuto per i suoi porcini che puntualmente trova nei boschi di Voltago. Questa mattina la prima scampagnata e il primo raccolto da pensionato.<\/p>\n<p><a class=\"dt-pswp-item\" href=\"https:\/\/www.radiopiu.net\/wordpress\/wp-content\/uploads\/2024\/09\/9a7c30d4-c495-4baa-ac0a-06d7c11b83ba.jpg\" data-dt-img-description=\"\" data-large_image_width=\"1600\" data-large_image_height=\"1200\"><img loading=\"lazy\" decoding=\"async\" class=\"alignnone size-medium wp-image-410704\" src=\"https:\/\/www.radiopiu.net\/wordpress\/wp-content\/uploads\/2024\/09\/9a7c30d4-c495-4baa-ac0a-06d7c11b83ba-300x225.jpg\" alt=\"\" width=\"300\" height=\"225\" srcset=\"https:\/\/www.radiopiu.net\/wordpress\/wp-content\/uploads\/2024\/09\/9a7c30d4-c495-4baa-ac0a-06d7c11b83ba-300x225.jpg 300w, https:\/\/www.radiopiu.net\/wordpress\/wp-content\/uploads\/2024\/09\/9a7c30d4-c495-4baa-ac0a-06d7c11b83ba-1024x768.jpg 1024w, https:\/\/www.radiopiu.net\/wordpress\/wp-content\/uploads\/2024\/09\/9a7c30d4-c495-4baa-ac0a-06d7c11b83ba-768x576.jpg 768w, https:\/\/www.radiopiu.net\/wordpress\/wp-content\/uploads\/2024\/09\/9a7c30d4-c495-4baa-ac0a-06d7c11b83ba-1536x1152.jpg 1536w, https:\/\/www.radiopiu.net\/wordpress\/wp-content\/uploads\/2024\/09\/9a7c30d4-c495-4baa-ac0a-06d7c11b83ba.jpg 1600w\" sizes=\"auto, (max-width: 300px) 100vw, 300px\" \/><\/a><a class=\"dt-pswp-item\" href=\"https:\/\/www.radiopiu.net\/wordpress\/wp-content\/uploads\/2024\/09\/f0480869-232c-42a5-9a72-7fa725df08f0.jpg\" data-dt-img-description=\"\" data-large_image_width=\"1600\" data-large_image_height=\"1200\"><img loading=\"lazy\" decoding=\"async\" class=\"alignnone size-medium wp-image-410705\" src=\"https:\/\/www.radiopiu.net\/wordpress\/wp-content\/uploads\/2024\/09\/f0480869-232c-42a5-9a72-7fa725df08f0-300x225.jpg\" alt=\"\" width=\"300\" height=\"225\" srcset=\"https:\/\/www.radiopiu.net\/wordpress\/wp-content\/uploads\/2024\/09\/f0480869-232c-42a5-9a72-7fa725df08f0-300x225.jpg 300w, https:\/\/www.radiopiu.net\/wordpress\/wp-content\/uploads\/2024\/09\/f0480869-232c-42a5-9a72-7fa725df08f0-1024x768.jpg 1024w, https:\/\/www.radiopiu.net\/wordpress\/wp-content\/uploads\/2024\/09\/f0480869-232c-42a5-9a72-7fa725df08f0-768x576.jpg 768w, https:\/\/www.radiopiu.net\/wordpress\/wp-content\/uploads\/2024\/09\/f0480869-232c-42a5-9a72-7fa725df08f0-1536x1152.jpg 1536w, https:\/\/www.radiopiu.net\/wordpress\/wp-content\/uploads\/2024\/09\/f0480869-232c-42a5-9a72-7fa725df08f0.jpg 1600w\" sizes=\"auto, (max-width: 300px) 100vw, 300px\" \/><\/a><\/p>\n<p>&nbsp;<\/p>\n<p>&nbsp;<\/p>\n<p>*******<\/p>\n","protected":false},"excerpt":{"rendered":"<p>***** &nbsp; VOLTAGO Da venerd\u00ec scorso Mario De Marco \u00e8 in pensione ed ora ha pi\u00f9 tempo libero per le sue passioni. Oltre ad essere appasionato di fotografia, Mario \u00e8 conosciuto per i suoi porcini che puntualmente trova nei boschi di Voltago. Questa mattina la prima scampagnata e il primo raccolto da pensionato. &nbsp; &nbsp;&hellip;<\/p>\n","protected":false},"author":4,"featured_media":410704,"comment_status":"closed","ping_status":"closed","sticky":false,"template":"","format":"standard","meta":{"_monsterinsights_skip_tracking":false,"_monsterinsights_sitenote_active":false,"_monsterinsights_sitenote_note":"","_monsterinsights_sitenote_category":0,"footnotes":""},"categories":[49],"tags":[],"class_list":["post-410646","post","type-post","status-publish","format-standard","has-post-thumbnail","hentry","category-news-18","category-49","description-off"],"img_url":"https:\/\/www.radiopiu.net\/wordpress\/wp-content\/uploads\/2024\/09\/9a7c30d4-c495-4baa-ac0a-06d7c11b83ba.jpg","_links":{"self":[{"href":"https:\/\/www.radiopiu.net\/wordpress\/wp-json\/wp\/v2\/posts\/410646","targetHints":{"allow":["GET"]}}],"collection":[{"href":"https:\/\/www.radiopiu.net\/wordpress\/wp-json\/wp\/v2\/posts"}],"about":[{"href":"https:\/\/www.radiopiu.net\/wordpress\/wp-json\/wp\/v2\/types\/post"}],"author":[{"embeddable":true,"href":"https:\/\/www.radiopiu.net\/wordpress\/wp-json\/wp\/v2\/users\/4"}],"replies":[{"embeddable":true,"href":"https:\/\/www.radiopiu.net\/wordpress\/wp-json\/wp\/v2\/comments?post=410646"}],"version-history":[{"count":2,"href":"https:\/\/www.radiopiu.net\/wordpress\/wp-json\/wp\/v2\/posts\/410646\/revisions"}],"predecessor-version":[{"id":410707,"href":"https:\/\/www.radiopiu.net\/wordpress\/wp-json\/wp\/v2\/posts\/410646\/revisions\/410707"}],"wp:featuredmedia":[{"embeddable":true,"href":"https:\/\/www.radiopiu.net\/wordpress\/wp-json\/wp\/v2\/media\/410704"}],"wp:attachment":[{"href":"https:\/\/www.radiopiu.net\/wordpress\/wp-json\/wp\/v2\/media?parent=410646"}],"wp:term":[{"taxonomy":"category","embeddable":true,"href":"https:\/\/www.radiopiu.net\/wordpress\/wp-json\/wp\/v2\/categories?post=410646"},{"taxonomy":"post_tag","embeddable":true,"href":"https:\/\/www.radiopiu.net\/wordpress\/wp-json\/wp\/v2\/tags?post=410646"}],"curies":[{"name":"wp","href":"https:\/\/api.w.org\/{rel}","templated":true}]}}