{"id":410655,"date":"2024-09-23T09:27:45","date_gmt":"2024-09-23T07:27:45","guid":{"rendered":"https:\/\/www.radiopiu.net\/wordpress\/?p=410655"},"modified":"2024-09-23T09:27:45","modified_gmt":"2024-09-23T07:27:45","slug":"dillo-a-radio-piu-le-attivita-commerciali-di-frassene","status":"publish","type":"post","link":"https:\/\/www.radiopiu.net\/wordpress\/dillo-a-radio-piu-le-attivita-commerciali-di-frassene\/","title":{"rendered":"DILLO A RADIO PIU&#8217;&#8230;LE ATTIVITA&#8217; COMMERCIALI DI FRASSENE&#8217;"},"content":{"rendered":"<p>******<\/p>\n<p>&nbsp;<\/p>\n<p><strong><a class=\"dt-pswp-item\" href=\"https:\/\/www.radiopiu.net\/wordpress\/wp-content\/uploads\/2024\/04\/FRASSENE.png\" data-dt-img-description=\"\" data-large_image_width=\"671\" data-large_image_height=\"404\"><img loading=\"lazy\" decoding=\"async\" class=\" wp-image-386344 alignleft\" src=\"https:\/\/www.radiopiu.net\/wordpress\/wp-content\/uploads\/2024\/04\/FRASSENE-300x181.png\" alt=\"\" width=\"177\" height=\"107\" srcset=\"https:\/\/www.radiopiu.net\/wordpress\/wp-content\/uploads\/2024\/04\/FRASSENE-300x181.png 300w, https:\/\/www.radiopiu.net\/wordpress\/wp-content\/uploads\/2024\/04\/FRASSENE.png 671w\" sizes=\"auto, (max-width: 177px) 100vw, 177px\" \/><\/a>RICEVIAMO E PUBBLICHIAMO<\/strong><\/p>\n<p>A proposito dei riconoscimenti meritati alle attivit\u00e0 commerciali di Frassen\u00e8 e Voltago, ho visto dal mio portale il video pubblicato da Radio Pi\u00f9, c\u2019erano tutti gli ingredienti per dei saluti di commiato poich\u00e9 in attivit\u00e0 (la macelleria di Voltago \u00e8 chiusa per motivi di salute del proprietario), il Bar Alpino storico \u00e8 importante locale di Frassen\u00e8 a cui sono molto legato per averlo frequentato sin da ragazzino quando macinavo i record ai videogiochi e dove ho festeggiato i miei 18 anni sta passando il testimone (ammesso che vi sia qualcuno di buona volont\u00e0 e intraprendenza a succedere a Celeste), la Farmacia segue lo stesso copione e non so cosa intendano fare Luisa Mosca e Bruno Zanvit del loro locale. Mi ero promesso di non parlare pi\u00f9 del territorio Bellunese Agordino per evitare di essere strumentalizzato e dare adito a polemiche dei soliti topi da tastiera. Di fatto c\u2019\u00e8 un territorio di montagna quella del 2024 che fa parte di quel trend negativo legato alla denatalit\u00e0, allo spopolamento e al mancato rilievo di prendere in dote l\u2019 intraprendenza per rinnovare con entusiasmo l\u2019eredit\u00e0 genuina lasciata dai titolari di quelle attivit\u00e0 Oggi siamo: sempre di meno, e sempre meno vicini alle comunit\u00e0. Leggevo alcuni giorni fa un report pubblicato da Il Fatto Quotidiano, dati del Censis che rilevava numeri impietosi di questa Italia,si pensi ad esempio che i negozi di ferramenta sono diminuiti dell\u201911,2%, quelli di abbigliamento sono calati dell\u201911%. Il segno meno riguarda anche librerie (-10,8%) macellerie (-10,5%) e calzature (-9,9%). Per non parlare di quel che \u00e8 successo con la chiusura delle edicole, degli empori e delle piccole botteghe nei centri storici. Erano modelli di distribuzione efficienti, dove si trovava tutto, anche il giornale. Nel Comune di Voltago c\u2019era una vecchia scuola. \u201cPaolo Mosca\u201d. Senza bambini, ormai, perch\u00e9 l\u2019edificio \u00e8 chiuso da molti anni ma \u00e8 stato sistemato e riportato all\u2019antico splendore, poi negli anni i figli delle famiglie rimaste, grazie a un servizio di trasporto locale, avevano deciso di frequentare la vicina scuola di Voltago. Per ci\u00f2 che rester\u00e0 di Frassen\u00e8 dove ho vissuto per molti anni non bisogner\u00e0 mai dimenticare anche l\u2019isolamento di molti anziani dai servizi essenziali non dimentichiamoli questi anziani da accudire e da non lasciare soli.<\/p>\n<p>Roberto Mosca<\/p>\n<p>&nbsp;<\/p>\n<p>&nbsp;<\/p>\n<p>******<\/p>\n","protected":false},"excerpt":{"rendered":"<p>****** &nbsp; RICEVIAMO E PUBBLICHIAMO A proposito dei riconoscimenti meritati alle attivit\u00e0 commerciali di Frassen\u00e8 e Voltago, ho visto dal mio portale il video pubblicato da Radio Pi\u00f9, c\u2019erano tutti gli ingredienti per dei saluti di commiato poich\u00e9 in attivit\u00e0 (la macelleria di Voltago \u00e8 chiusa per motivi di salute del proprietario), il Bar Alpino&hellip;<\/p>\n","protected":false},"author":4,"featured_media":386344,"comment_status":"closed","ping_status":"closed","sticky":false,"template":"","format":"standard","meta":{"_monsterinsights_skip_tracking":false,"_monsterinsights_sitenote_active":false,"_monsterinsights_sitenote_note":"","_monsterinsights_sitenote_category":0,"footnotes":""},"categories":[49],"tags":[],"class_list":["post-410655","post","type-post","status-publish","format-standard","has-post-thumbnail","hentry","category-news-18","category-49","description-off"],"img_url":"https:\/\/www.radiopiu.net\/wordpress\/wp-content\/uploads\/2024\/04\/FRASSENE.png","_links":{"self":[{"href":"https:\/\/www.radiopiu.net\/wordpress\/wp-json\/wp\/v2\/posts\/410655","targetHints":{"allow":["GET"]}}],"collection":[{"href":"https:\/\/www.radiopiu.net\/wordpress\/wp-json\/wp\/v2\/posts"}],"about":[{"href":"https:\/\/www.radiopiu.net\/wordpress\/wp-json\/wp\/v2\/types\/post"}],"author":[{"embeddable":true,"href":"https:\/\/www.radiopiu.net\/wordpress\/wp-json\/wp\/v2\/users\/4"}],"replies":[{"embeddable":true,"href":"https:\/\/www.radiopiu.net\/wordpress\/wp-json\/wp\/v2\/comments?post=410655"}],"version-history":[{"count":1,"href":"https:\/\/www.radiopiu.net\/wordpress\/wp-json\/wp\/v2\/posts\/410655\/revisions"}],"predecessor-version":[{"id":410656,"href":"https:\/\/www.radiopiu.net\/wordpress\/wp-json\/wp\/v2\/posts\/410655\/revisions\/410656"}],"wp:featuredmedia":[{"embeddable":true,"href":"https:\/\/www.radiopiu.net\/wordpress\/wp-json\/wp\/v2\/media\/386344"}],"wp:attachment":[{"href":"https:\/\/www.radiopiu.net\/wordpress\/wp-json\/wp\/v2\/media?parent=410655"}],"wp:term":[{"taxonomy":"category","embeddable":true,"href":"https:\/\/www.radiopiu.net\/wordpress\/wp-json\/wp\/v2\/categories?post=410655"},{"taxonomy":"post_tag","embeddable":true,"href":"https:\/\/www.radiopiu.net\/wordpress\/wp-json\/wp\/v2\/tags?post=410655"}],"curies":[{"name":"wp","href":"https:\/\/api.w.org\/{rel}","templated":true}]}}