{"id":410748,"date":"2024-09-24T04:58:20","date_gmt":"2024-09-24T02:58:20","guid":{"rendered":"https:\/\/www.radiopiu.net\/wordpress\/?p=410748"},"modified":"2024-09-24T05:41:12","modified_gmt":"2024-09-24T03:41:12","slug":"meteo-stato-di-attenzione-per-temporali-in-veneto","status":"publish","type":"post","link":"https:\/\/www.radiopiu.net\/wordpress\/meteo-stato-di-attenzione-per-temporali-in-veneto\/","title":{"rendered":"METEO: STATO DI ATTENZIONE PER TEMPORALI IN VENETO"},"content":{"rendered":"<p>******<\/p>\n<p>&nbsp;<\/p>\n<p><strong>VENEZIA <\/strong>Le previsioni meteo di Arpav indicano che tra il pomeriggio\/sera di luned\u00ec 23 e le prime ore di marted\u00ec 24 \u00e8 previsto un rapido passaggio frontale con precipitazioni a tratti diffuse e fase pi\u00f9 significativa tra la serata e le primissime ore di marted\u00ec. Saranno probabili anche rovesci e temporali specie tra Prealpi e pianura dove saranno possibili fenomeni localmente intensi (in particolare forti rovesci anche ripetuti) e quantitativi anche consistenti o localmente abbondanti specie su Prealpi\/alta pianura. Alla luce di tali previsioni, il Centro Funzionale Decentrato della Protezione Civile del Veneto ha emesso un avviso di criticit\u00e0 idrogeologica e idraulica, valido dalle ore 16.00 di oggi alle 6.00 di domani 24 settembre nel quale si dichiara: lo stato di attenzione per criticit\u00e0 idrogeologica per temporali in tutta la regione (eccetto sull\u2019Alto Piave bellunese); stato di attenzione per criticit\u00e0 idrogeologica sui bacini del Piave Pedemontato, dell\u2019Adige-Garda e Monti Lessini; dell\u2019Alto Brenta-Bacchiglione-Alpone e del Basso Brenta -Bacchiglione.<\/p>\n<p>&nbsp;<\/p>\n<p>&nbsp;<\/p>\n<p>*******<\/p>\n","protected":false},"excerpt":{"rendered":"<p>****** &nbsp; VENEZIA Le previsioni meteo di Arpav indicano che tra il pomeriggio\/sera di luned\u00ec 23 e le prime ore di marted\u00ec 24 \u00e8 previsto un rapido passaggio frontale con precipitazioni a tratti diffuse e fase pi\u00f9 significativa tra la serata e le primissime ore di marted\u00ec. Saranno probabili anche rovesci e temporali specie tra&hellip;<\/p>\n","protected":false},"author":4,"featured_media":144264,"comment_status":"closed","ping_status":"closed","sticky":false,"template":"","format":"standard","meta":{"_monsterinsights_skip_tracking":false,"_monsterinsights_sitenote_active":false,"_monsterinsights_sitenote_note":"","_monsterinsights_sitenote_category":0,"footnotes":""},"categories":[51,49],"tags":[],"class_list":["post-410748","post","type-post","status-publish","format-standard","has-post-thumbnail","hentry","category-evidenza-top","category-news-18","category-51","category-49","description-off"],"img_url":"https:\/\/www.radiopiu.net\/wordpress\/wp-content\/uploads\/2020\/06\/PIOGGIA.jpg","_links":{"self":[{"href":"https:\/\/www.radiopiu.net\/wordpress\/wp-json\/wp\/v2\/posts\/410748","targetHints":{"allow":["GET"]}}],"collection":[{"href":"https:\/\/www.radiopiu.net\/wordpress\/wp-json\/wp\/v2\/posts"}],"about":[{"href":"https:\/\/www.radiopiu.net\/wordpress\/wp-json\/wp\/v2\/types\/post"}],"author":[{"embeddable":true,"href":"https:\/\/www.radiopiu.net\/wordpress\/wp-json\/wp\/v2\/users\/4"}],"replies":[{"embeddable":true,"href":"https:\/\/www.radiopiu.net\/wordpress\/wp-json\/wp\/v2\/comments?post=410748"}],"version-history":[{"count":1,"href":"https:\/\/www.radiopiu.net\/wordpress\/wp-json\/wp\/v2\/posts\/410748\/revisions"}],"predecessor-version":[{"id":410749,"href":"https:\/\/www.radiopiu.net\/wordpress\/wp-json\/wp\/v2\/posts\/410748\/revisions\/410749"}],"wp:featuredmedia":[{"embeddable":true,"href":"https:\/\/www.radiopiu.net\/wordpress\/wp-json\/wp\/v2\/media\/144264"}],"wp:attachment":[{"href":"https:\/\/www.radiopiu.net\/wordpress\/wp-json\/wp\/v2\/media?parent=410748"}],"wp:term":[{"taxonomy":"category","embeddable":true,"href":"https:\/\/www.radiopiu.net\/wordpress\/wp-json\/wp\/v2\/categories?post=410748"},{"taxonomy":"post_tag","embeddable":true,"href":"https:\/\/www.radiopiu.net\/wordpress\/wp-json\/wp\/v2\/tags?post=410748"}],"curies":[{"name":"wp","href":"https:\/\/api.w.org\/{rel}","templated":true}]}}