{"id":410750,"date":"2024-09-25T05:42:22","date_gmt":"2024-09-25T03:42:22","guid":{"rendered":"https:\/\/www.radiopiu.net\/wordpress\/?p=410750"},"modified":"2024-09-25T08:32:06","modified_gmt":"2024-09-25T06:32:06","slug":"giornale-radiopiu-25-settembre-2024-direttore-mirko-mezzacasada-41-anni-25-giugno-1983-25-giugno-2024","status":"publish","type":"post","link":"https:\/\/www.radiopiu.net\/wordpress\/giornale-radiopiu-25-settembre-2024-direttore-mirko-mezzacasada-41-anni-25-giugno-1983-25-giugno-2024\/","title":{"rendered":"GIORNALE RADIOPIU 25 SETTEMBRE 2024 DIRETTORE MIRKO MEZZACASA\u2026DA 41 ANNI 25 GIUGNO 1983-25 GIUGNO 2024"},"content":{"rendered":"<pre>**<\/pre>\n<p>&nbsp;<\/p>\n<p><em><span style=\"color: #ff0000;\">ATTENZIONE: LA NUOVA APP PER IOS-IPHONE di Nicola Vettorello <\/span><\/em><a href=\"https:\/\/apps.apple.com\/it\/app\/radio-pi%C3%B9-emittente-agordina\/id1515939845\">https:\/\/apps.apple.com\/it\/app\/radio-pi%C3%B9-emittente-agordina\/id1515939845<\/a><\/p>\n<p><em style=\"color: #ff0000;\">ATTENZIONE: LA NUOVA APP RADIO\u00a0 PER ANDROID di Nicola Vettorello<\/em><\/p>\n<p><a href=\"https:\/\/play.google.com\/store\/apps\/details?id=net.radiopiu.iniko\" target=\"_blank\" rel=\"noopener noreferrer\">https:\/\/<\/a><a href=\"https:\/\/play.google.com\/store\/apps\/details?id=net.radiopiu.iniko\" target=\"_blank\" rel=\"noopener noreferrer\">play.google.com\/store\/apps\/details?id=net.radiopiu.iniko\u00a0\u00a0\u00a0<\/a><\/p>\n<p>&nbsp;<\/p>\n<hr \/>\n<p>&nbsp;<\/p>\n<p><strong><a class=\"dt-pswp-item\" href=\"https:\/\/www.radiopiu.net\/wordpress\/wp-content\/uploads\/2024\/09\/0529812b-c4ef-4082-b6a2-658f1266c8d5.jpg\" data-dt-img-description=\"\" data-large_image_width=\"483\" data-large_image_height=\"750\"><img loading=\"lazy\" decoding=\"async\" class=\" wp-image-410921 alignleft\" src=\"https:\/\/www.radiopiu.net\/wordpress\/wp-content\/uploads\/2024\/09\/0529812b-c4ef-4082-b6a2-658f1266c8d5-193x300.jpg\" alt=\"\" width=\"169\" height=\"263\" srcset=\"https:\/\/www.radiopiu.net\/wordpress\/wp-content\/uploads\/2024\/09\/0529812b-c4ef-4082-b6a2-658f1266c8d5-193x300.jpg 193w, https:\/\/www.radiopiu.net\/wordpress\/wp-content\/uploads\/2024\/09\/0529812b-c4ef-4082-b6a2-658f1266c8d5.jpg 483w\" sizes=\"auto, (max-width: 169px) 100vw, 169px\" \/><\/a>OGGI ALLA RADIO&#8230;.<\/strong> <span style=\"color: #ff0000;\">ALLE 4 E ALLE 6<\/span> LE NOTIZIE DALL&#8217;ITALIA E DAL MONDO <span style=\"color: #ff0000;\"> 0500 <span style=\"color: #0000ff;\">il nuovo programma, l&#8217;almanacco della nostra gente con il MUSLA\u00a0<\/span><\/span><span style=\"color: #ff0000;\"> 6.15<\/span> PIROLE DE LENGA A CURA DEL MUSLA<span style=\"color: #ff0000;\"> 7.20<\/span> EL BAL DEL FIORI, DETTI E TRADIZIONI DI GIULIANA DA RONCH <span style=\"color: #ff0000;\">8.05<\/span> LA RASSEGNA STAMPA LOCALE<span style=\"color: #ff0000;\"> 8.30\u00a0<span style=\"color: #000000;\">PIU&#8217; SIAMO CON MARINA DONA&#8217; \u00a0<\/span> 900 <span style=\"color: #0000ff;\">il nuovo programma, l&#8217;almanacco della nostra gente con il MUSLA . <\/span><\/span><span style=\"color: #ff0000;\"><span style=\"color: #000000;\">9.10 CON LIANA CAVALLET LIBER, LA NUOVA STAGIONE\u00a0 (foto)<\/span><\/span><span style=\"color: #ff0000;\"><span style=\"color: #000000;\">\u00a0<\/span><\/span><span style=\"color: #ff0000;\">9.40<\/span> VIABILITA&#8217; CON BOTOL CAR SERVICE (AGORDO-SEDICO-FELTRE)\u00a0 <span style=\"color: #ff0000;\">1010 CISL LA VOCE PER I LAVORATORI\u00a0 10.30 <span style=\"color: #000000;\">SE NON LA SMETTI DI MANDO DAL PRESIDE CON LA PROF. MARIA ROSA SALMAZO, 13ESIMA STAGIONE CON IL GRUPPO WALBER <\/span><\/span><span style=\"color: #000000;\">\u00a0<\/span><span style=\"color: #ff0000;\">11.30<\/span> SOTTO UN CIELO DI STELLA, ASTROFILIA CON CLAUDIO PRA\u00a0 <span style=\"color: #ff0000;\">12.00<\/span> VA TUTTO LISCIO\u00a0 <span style=\"color: #ff0000;\">12.30<\/span> GIORNALE RADIO PRINCIPALE<span style=\"color: #ff0000;\"> 13.10 IO GIOCO CON ANDREA CALDART E DANIELE GIAFFREDO <\/span><span style=\"color: #ff0000;\">\u00a0<\/span><span style=\"color: #ff0000;\">14.00 <span style=\"color: #000000;\">LA CLASSIFICA UFFICIALE DI RADIOPIU DI MARCO GAZ <\/span>\u00a0<\/span><span style=\"color: #ff0000;\">15.00<\/span>\u00a0 \u00a0PIU MUSICA, LE SELEZIONI DI MARINA RONA&#8217;\u00a0 <span style=\"color: #ff0000;\">16<\/span> IL ROCK DI MARCO COSTANTINI <span style=\"color: #ff0000;\">1645<\/span> LE HIT DI MIRCO BENCIVENNI <span style=\"color: #ff0000;\">18.00<\/span> PIU&#8217; DANCE LE SELEZIONI CHE FANNO SALTARE DI DJ JACK, JACOPO DEL TEDESCO<\/p>\n<p><strong>rassegna stampa nazionale,<\/strong> ogni giorno alle 5 e alle 6 del mattino<br \/>\ngiornali locali 7 rassegna stampa flash, 8 rassegna stampa, gr flash alle 10 e alle 11, principale 12.30. Informazione pomeriggio alle 15 (speciale) 16, 17, 18. Giornale radio nazionale: ogni ora dalle 5 del mattino, alle 20 della sera.<\/p>\n<p>&nbsp;<\/p>\n<p>&nbsp;<\/p>\n<hr \/>\n<p>&nbsp;<\/p>\n<p>&nbsp;<\/p>\n<div class=\"x11i5rnm xat24cr x1mh8g0r x1vvkbs xtlvy1s x126k92a\">\n<div dir=\"auto\">\n<div dir=\"auto\">\n<p><strong><a class=\"dt-pswp-item\" href=\"https:\/\/www.radiopiu.net\/wordpress\/wp-content\/uploads\/2024\/02\/2d44e751-d8a8-461b-8e22-d8e4e853b032.jpg\" data-dt-img-description=\"\" data-large_image_width=\"1600\" data-large_image_height=\"1200\"><img loading=\"lazy\" decoding=\"async\" class=\"wp-image-373307 alignleft\" src=\"https:\/\/www.radiopiu.net\/wordpress\/wp-content\/uploads\/2024\/02\/2d44e751-d8a8-461b-8e22-d8e4e853b032-300x225.jpg\" alt=\"\" width=\"105\" height=\"79\" srcset=\"https:\/\/www.radiopiu.net\/wordpress\/wp-content\/uploads\/2024\/02\/2d44e751-d8a8-461b-8e22-d8e4e853b032-300x225.jpg 300w, https:\/\/www.radiopiu.net\/wordpress\/wp-content\/uploads\/2024\/02\/2d44e751-d8a8-461b-8e22-d8e4e853b032-1024x768.jpg 1024w, https:\/\/www.radiopiu.net\/wordpress\/wp-content\/uploads\/2024\/02\/2d44e751-d8a8-461b-8e22-d8e4e853b032-768x576.jpg 768w, https:\/\/www.radiopiu.net\/wordpress\/wp-content\/uploads\/2024\/02\/2d44e751-d8a8-461b-8e22-d8e4e853b032-1536x1152.jpg 1536w, https:\/\/www.radiopiu.net\/wordpress\/wp-content\/uploads\/2024\/02\/2d44e751-d8a8-461b-8e22-d8e4e853b032.jpg 1600w\" sizes=\"auto, (max-width: 105px) 100vw, 105px\" \/><\/a>EL BAL DEL FIOR, DI GIULIANA DA RONCH, 25 SETTEMBRE<\/strong><strong>\u00a02024<\/strong><\/p>\n<\/div>\n<\/div>\n<\/div>\n<div class=\"x11i5rnm xat24cr x1mh8g0r x1vvkbs xtlvy1s x126k92a\"><\/div>\n<div>\n<audio class=\"wp-audio-shortcode\" id=\"audio-410750-1\" preload=\"none\" style=\"width: 100%;\" controls=\"controls\"><source type=\"audio\/mpeg\" src=\"https:\/\/www.radiopiu.net\/wordpress\/wp-content\/uploads\/2024\/09\/GME-3.mp3?_=1\" \/><a href=\"https:\/\/www.radiopiu.net\/wordpress\/wp-content\/uploads\/2024\/09\/GME-3.mp3\">https:\/\/www.radiopiu.net\/wordpress\/wp-content\/uploads\/2024\/09\/GME-3.mp3<\/a><\/audio>\n<\/div>\n<p>&nbsp;<\/p>\n<hr \/>\n<p>&nbsp;<\/p>\n<div class=\"x11i5rnm xat24cr x1mh8g0r x1vvkbs xtlvy1s x126k92a\">\n<h1><span style=\"color: #ff0000;\"><a class=\"dt-pswp-item\" href=\"https:\/\/www.radiopiu.net\/wordpress\/wp-content\/uploads\/2024\/06\/th-5.jpg\" data-dt-img-description=\"\" data-large_image_width=\"326\" data-large_image_height=\"180\"><img loading=\"lazy\" decoding=\"async\" class=\"size-medium wp-image-395881 alignleft\" src=\"https:\/\/www.radiopiu.net\/wordpress\/wp-content\/uploads\/2024\/06\/th-5-300x166.jpg\" alt=\"\" width=\"300\" height=\"166\" srcset=\"https:\/\/www.radiopiu.net\/wordpress\/wp-content\/uploads\/2024\/06\/th-5-300x166.jpg 300w, https:\/\/www.radiopiu.net\/wordpress\/wp-content\/uploads\/2024\/06\/th-5.jpg 326w\" sizes=\"auto, (max-width: 300px) 100vw, 300px\" \/><\/a><\/span><\/h1>\n<h1><\/h1>\n<h1><\/h1>\n<h1><span style=\"color: #000000;\">25 SETTEMBRE&#8230; alla radio l&#8217;almanacco\u00a0<\/span><\/h1>\n<audio class=\"wp-audio-shortcode\" id=\"audio-410750-2\" preload=\"none\" style=\"width: 100%;\" controls=\"controls\"><source type=\"audio\/mpeg\" src=\"https:\/\/www.radiopiu.net\/wordpress\/wp-content\/uploads\/2024\/09\/ALMANACCONEW-21.mp3?_=2\" \/><a href=\"https:\/\/www.radiopiu.net\/wordpress\/wp-content\/uploads\/2024\/09\/ALMANACCONEW-21.mp3\">https:\/\/www.radiopiu.net\/wordpress\/wp-content\/uploads\/2024\/09\/ALMANACCONEW-21.mp3<\/a><\/audio>\n<p>&nbsp;<\/p>\n<hr \/>\n<p>&nbsp;<\/p>\n<p>&nbsp;<\/p>\n<blockquote>\n<h1><strong><a class=\"dt-pswp-item\" href=\"https:\/\/www.radiopiu.net\/wordpress\/wp-content\/uploads\/2024\/09\/settembre-2024-calendario-it2.jpg\" data-dt-img-description=\"Optimized by JPEGmini 3.13.0.8 0x813388d2\" data-large_image_width=\"1325\" data-large_image_height=\"1004\"><img loading=\"lazy\" decoding=\"async\" class=\" wp-image-409701 alignleft\" src=\"https:\/\/www.radiopiu.net\/wordpress\/wp-content\/uploads\/2024\/09\/settembre-2024-calendario-it2-300x227.jpg\" alt=\"\" width=\"187\" height=\"142\" srcset=\"https:\/\/www.radiopiu.net\/wordpress\/wp-content\/uploads\/2024\/09\/settembre-2024-calendario-it2-300x227.jpg 300w, https:\/\/www.radiopiu.net\/wordpress\/wp-content\/uploads\/2024\/09\/settembre-2024-calendario-it2-1024x776.jpg 1024w, https:\/\/www.radiopiu.net\/wordpress\/wp-content\/uploads\/2024\/09\/settembre-2024-calendario-it2-768x582.jpg 768w, https:\/\/www.radiopiu.net\/wordpress\/wp-content\/uploads\/2024\/09\/settembre-2024-calendario-it2.jpg 1325w\" sizes=\"auto, (max-width: 187px) 100vw, 187px\" \/><\/a>N di parom &#8211; L Almanach de la nosta jent<\/strong><\/h1>\n<\/blockquote>\n<p>Le voci: Davide Conedera, Agordo, Michela Dell&#8217;Osbel, La Valle Agordina Simone Ganz, Falcade Veronica Lezuo, Colle Santa Lucia. La voce nella sigla \u00e8 di Giorgia Taio<\/p>\n<p><strong>LA PUNTATA DI OGGI, 25\u00a0 SETTEMBRE<br \/>\n<\/strong><\/p>\n<audio class=\"wp-audio-shortcode\" id=\"audio-410750-3\" preload=\"none\" style=\"width: 100%;\" controls=\"controls\"><source type=\"audio\/mpeg\" src=\"https:\/\/www.radiopiu.net\/wordpress\/wp-content\/uploads\/2024\/09\/25-setembre-2024_Veronica-2.mp3?_=3\" \/><a href=\"https:\/\/www.radiopiu.net\/wordpress\/wp-content\/uploads\/2024\/09\/25-setembre-2024_Veronica-2.mp3\">https:\/\/www.radiopiu.net\/wordpress\/wp-content\/uploads\/2024\/09\/25-setembre-2024_Veronica-2.mp3<\/a><\/audio>\n<p><strong>\u00a0<\/strong><\/p>\n<p>&nbsp;<\/p>\n<p>&nbsp;<\/p>\n<div dir=\"auto\">\n<hr \/>\n<\/div>\n<\/div>\n<blockquote>\n<blockquote>\n<h1><span style=\"color: #ff0000;\">\u00a0<\/span><\/h1>\n<h1><span style=\"color: #ff0000;\">I podcast informativi del mattino &#8211; audio &#8211;\u00a0\u00a0<\/span><\/h1>\n<\/blockquote>\n<p><strong><a class=\"dt-pswp-item\" href=\"https:\/\/www.radiopiu.net\/wordpress\/wp-content\/uploads\/2023\/11\/th-10.jpg\" data-dt-img-description=\"\" data-large_image_width=\"320\" data-large_image_height=\"180\"><img loading=\"lazy\" decoding=\"async\" class=\"wp-image-362866 alignleft\" src=\"https:\/\/www.radiopiu.net\/wordpress\/wp-content\/uploads\/2023\/11\/th-10-300x169.jpg\" alt=\"\" width=\"185\" height=\"104\" srcset=\"https:\/\/www.radiopiu.net\/wordpress\/wp-content\/uploads\/2023\/11\/th-10-300x169.jpg 300w, https:\/\/www.radiopiu.net\/wordpress\/wp-content\/uploads\/2023\/11\/th-10.jpg 320w\" sizes=\"auto, (max-width: 185px) 100vw, 185px\" \/><\/a>LA RASSEGNA STAMPA NAZIONALE ALLA RADIO, OGNI GIORNO ALLE 5 E ALLE 6 DEL MATTINO <span style=\"color: #0000ff;\">viene pubblicata alle 6.00 <span style=\"color: #ff0000;\">DIRETTA RADIO\u00a0 \u00a0\u00a0<\/span><\/span><\/strong><\/p><\/blockquote>\n<p>&nbsp;<\/p>\n<p><strong>NOTIZIE DELLA NOTTE\u00a0 \u00a0 \u00a0<\/strong><\/p>\n<p><strong>Campagna Trump<\/strong>, &#8216;per 007 Iran minaccia di uccidere tycoon&#8217; <strong>Banca centrale<\/strong> cinese lima al 2% i tassi Mlf a un anno <strong>Hezbollah<\/strong> annuncia la morte di un comandante <strong>Gli Usa<\/strong> approvano la vendita di nuovi missili Stinger all&#8217;Egitto <strong>Londra<\/strong> prepara l&#8217;evacuazione dei britannici dal Libano <strong>Meloni<\/strong>, guerra su larga scala in Libano non conviene a nessuno <strong>Conte non firma<\/strong> il referendum, M5s avanti su pdl cittadinanza<\/p>\n<h2>AUDIO dalle 6 del mattino<\/h2>\n<audio class=\"wp-audio-shortcode\" id=\"audio-410750-4\" preload=\"none\" style=\"width: 100%;\" controls=\"controls\"><source type=\"audio\/mpeg\" src=\"https:\/\/www.radiopiu.net\/wordpress\/wp-content\/uploads\/2024\/09\/GIORNALEDELLESEI-18.mp3?_=4\" \/><a href=\"https:\/\/www.radiopiu.net\/wordpress\/wp-content\/uploads\/2024\/09\/GIORNALEDELLESEI-18.mp3\">https:\/\/www.radiopiu.net\/wordpress\/wp-content\/uploads\/2024\/09\/GIORNALEDELLESEI-18.mp3<\/a><\/audio>\n<p>&nbsp;<\/p>\n<p>&nbsp;<\/p>\n<p>&nbsp;<\/p>\n<hr \/>\n<p>&nbsp;<\/p>\n<h1 style=\"text-align: center;\"><span style=\"color: #ff0000;\">I podcast informativi del mattino &#8211; audio &#8211;\u00a0<\/span><\/h1>\n<p><strong><a class=\"dt-pswp-item\" href=\"https:\/\/www.radiopiu.net\/wordpress\/wp-content\/uploads\/2023\/12\/images.png\" data-dt-img-description=\"\" data-large_image_width=\"316\" data-large_image_height=\"160\"><img loading=\"lazy\" decoding=\"async\" class=\"wp-image-367008 alignleft\" src=\"https:\/\/www.radiopiu.net\/wordpress\/wp-content\/uploads\/2023\/12\/images-300x152.png\" alt=\"\" width=\"235\" height=\"119\" srcset=\"https:\/\/www.radiopiu.net\/wordpress\/wp-content\/uploads\/2023\/12\/images-300x152.png 300w, https:\/\/www.radiopiu.net\/wordpress\/wp-content\/uploads\/2023\/12\/images.png 316w\" sizes=\"auto, (max-width: 235px) 100vw, 235px\" \/><\/a>OGNI GIORNO ALLE SETTE DEL MATTINO, LA RASSEGNA STAMPA LOCALE FLASH&#8230; PER CHI VA IN FRETTA. I TITOLI DAI GIORNALI E DAL SITO WWW.RADIOPIU.NET <span style=\"color: #0000ff;\">viene pubblicato alle 7.00<\/span> <span style=\"color: #ff0000;\">DIRETTA RADIO\u00a0<\/span><\/strong><\/p>\n<p><em><span style=\"color: #ff0000;\">per chi va in fretta&#8230; tante notizie in pochi minuti. L&#8217;informazione locale alla radio, ogni ora dalle 7 del mattino alle 19 della sera.<\/span><\/em><\/p>\n<h1>AUDIO dalle 7 del mattino<\/h1>\n<audio class=\"wp-audio-shortcode\" id=\"audio-410750-5\" preload=\"none\" style=\"width: 100%;\" controls=\"controls\"><source type=\"audio\/mpeg\" src=\"https:\/\/www.radiopiu.net\/wordpress\/wp-content\/uploads\/2024\/09\/GF07-15.mp3?_=5\" \/><a href=\"https:\/\/www.radiopiu.net\/wordpress\/wp-content\/uploads\/2024\/09\/GF07-15.mp3\">https:\/\/www.radiopiu.net\/wordpress\/wp-content\/uploads\/2024\/09\/GF07-15.mp3<\/a><\/audio>\n<p>&nbsp;<\/p>\n<p>&nbsp;<\/p>\n<p>&nbsp;<\/p>\n<hr \/>\n<p>&nbsp;<\/p>\n<h1><\/h1>\n<h1 style=\"text-align: center;\"><span style=\"color: #ff0000;\"><a class=\"dt-pswp-item\" href=\"https:\/\/www.radiopiu.net\/wordpress\/wp-content\/uploads\/2022\/01\/026c3f9d-dae9-4040-a3c1-a6530231bcc3.jpg\" data-dt-img-description=\"\" data-large_image_width=\"1152\" data-large_image_height=\"2048\"><img loading=\"lazy\" decoding=\"async\" class=\"wp-image-251839 alignleft\" src=\"https:\/\/www.radiopiu.net\/wordpress\/wp-content\/uploads\/2022\/01\/026c3f9d-dae9-4040-a3c1-a6530231bcc3-169x300.jpg\" alt=\"\" width=\"100\" height=\"177\" srcset=\"https:\/\/www.radiopiu.net\/wordpress\/wp-content\/uploads\/2022\/01\/026c3f9d-dae9-4040-a3c1-a6530231bcc3-169x300.jpg 169w, https:\/\/www.radiopiu.net\/wordpress\/wp-content\/uploads\/2022\/01\/026c3f9d-dae9-4040-a3c1-a6530231bcc3-576x1024.jpg 576w, https:\/\/www.radiopiu.net\/wordpress\/wp-content\/uploads\/2022\/01\/026c3f9d-dae9-4040-a3c1-a6530231bcc3-768x1365.jpg 768w, https:\/\/www.radiopiu.net\/wordpress\/wp-content\/uploads\/2022\/01\/026c3f9d-dae9-4040-a3c1-a6530231bcc3-864x1536.jpg 864w, https:\/\/www.radiopiu.net\/wordpress\/wp-content\/uploads\/2022\/01\/026c3f9d-dae9-4040-a3c1-a6530231bcc3.jpg 1152w\" sizes=\"auto, (max-width: 100px) 100vw, 100px\" \/><\/a>I podcast informativi del mattino &#8211; audio &#8211;\u00a0<\/span><\/h1>\n<blockquote><p><strong>GIORNALE RADIO NAZIONALE, EDIZIONE DELLE SETTE <span style=\"color: #0000ff;\">viene pubblicato alle 7.05 <span style=\"color: #ff0000;\">DIRETTA RADIO\u00a0<\/span><\/span><\/strong><\/p><\/blockquote>\n<p><strong>il giornale radionazionale e&#8217; in onda ogni ora, dalle sette del mattino alle venti della sera\u00a0 \u00a0<\/strong><strong>\u00a0<\/strong><\/p>\n<p>&nbsp;<\/p>\n<p><strong>CAGLIARI\u00a0<\/strong> A 15 anni accoltella il padre alla gola, arrestato <strong>ANCONA<\/strong> Sparo accidentale nel gabbiotto dell&#8217;ospedale, deferito un vigilante <strong>PARMA\u00a0<\/strong> Neonati morti: l&#8217;ex fidanzato &#8216;non so pi\u00f9 chi \u00e8 Chiara&#8217; <strong>MODENA<\/strong> Uccide la madre e confessa in tv, &#8216;\u00e8 una persona vulnerabile<br \/>\n<strong>PISA<\/strong> Maltempo: un bimbo di 5 mesi e la nonna dispersi\u00a0 <strong>VENEZIA<\/strong> Zaia dichiara lo stato di emergenza in Veneto <strong>FANO<\/strong> studente muore dopo un malore <strong>TREVISO<\/strong> Turetta scrisse ai genitori dalla Germania: &#8220;Rinnegatemi&#8221; <strong>VIBO VALENTIA<\/strong> Busta con 3 proiettili a dirigente Distretto sanitario\u00a0 <strong>SALERNO<\/strong> Manca l&#8217;infermiere sull&#8217;ambulanza, ci va il direttore sanitario<\/p>\n<h2>AUDIO dalle sette del mattino, ogni ora alla radio<\/h2>\n<p><span style=\"color: #ff0000;\">25 SETTEMBRE EDIZIONE DELLE 07.00<\/span><\/p>\n<audio class=\"wp-audio-shortcode\" id=\"audio-410750-6\" preload=\"none\" style=\"width: 100%;\" controls=\"controls\"><source type=\"audio\/mpeg\" src=\"https:\/\/www.radiopiu.net\/wordpress\/wp-content\/uploads\/2024\/09\/giornale07-21.mp3?_=6\" \/><a href=\"https:\/\/www.radiopiu.net\/wordpress\/wp-content\/uploads\/2024\/09\/giornale07-21.mp3\">https:\/\/www.radiopiu.net\/wordpress\/wp-content\/uploads\/2024\/09\/giornale07-21.mp3<\/a><\/audio>\n<p><span style=\"color: #ff0000;\">24 SETTEMBRE, EDIZIONE DELLE 20.00<\/span><\/p>\n<audio class=\"wp-audio-shortcode\" id=\"audio-410750-7\" preload=\"none\" style=\"width: 100%;\" controls=\"controls\"><source type=\"audio\/mpeg\" src=\"https:\/\/www.radiopiu.net\/wordpress\/wp-content\/uploads\/2024\/09\/GIORNALEDELLESEI-18.mp3?_=7\" \/><a href=\"https:\/\/www.radiopiu.net\/wordpress\/wp-content\/uploads\/2024\/09\/GIORNALEDELLESEI-18.mp3\">https:\/\/www.radiopiu.net\/wordpress\/wp-content\/uploads\/2024\/09\/GIORNALEDELLESEI-18.mp3<\/a><\/audio>\n<p>&nbsp;<\/p>\n<hr \/>\n<p>&nbsp;<\/p>\n<p>&nbsp;<\/p>\n<h1><span style=\"color: #ff0000;\">I podcast informativi del mattino &#8211; video &#8211;\u00a0<\/span><\/h1>\n<h2 style=\"text-align: left;\"><strong>RASSEGNA STAMPA LOCALE, ORE OTTO 05<\/strong><\/h2>\n<h2><strong> <span style=\"color: #0000ff;\">viene\u00a0 <\/span><\/strong><strong><span style=\"color: #0000ff;\">pubblicata alle 8.05 <span style=\"color: #ff0000;\">DIRETTA RADIO\u00a0 \u00a0<\/span><\/span><\/strong><strong>DI MIRKO MEZZACASA<\/strong><\/h2>\n<h2><span style=\"color: #ff0000;\"><strong>VIDEO\u00a0 \u00a0in diretta dalle 8 del mattino\u00a0 \u00a0<\/strong><\/span><\/h2>\n<p>&nbsp;<\/p>\n<p><iframe loading=\"lazy\" title=\"DAL 1983 LA RASSEGNA STAMPA LOCALE di mirko mezzacasa. L&#039;ORIGINALE\" width=\"1200\" height=\"675\" src=\"https:\/\/www.youtube.com\/embed\/DrMUcRRfU84?feature=oembed\" frameborder=\"0\" allow=\"accelerometer; autoplay; clipboard-write; encrypted-media; gyroscope; picture-in-picture; web-share\" referrerpolicy=\"strict-origin-when-cross-origin\" allowfullscreen><\/iframe><\/p>\n<p>&nbsp;<\/p>\n<p>&nbsp;<\/p>\n<hr \/>\n<p>&nbsp;<\/p>\n<p>&nbsp;<\/p>\n<p><strong><a class=\"dt-pswp-item\" href=\"https:\/\/www.radiopiu.net\/wordpress\/wp-content\/uploads\/2023\/12\/ANTENNA.png\" data-dt-img-description=\"\" data-large_image_width=\"300\" data-large_image_height=\"166\"><img loading=\"lazy\" decoding=\"async\" class=\" wp-image-366306 alignleft\" src=\"https:\/\/www.radiopiu.net\/wordpress\/wp-content\/uploads\/2023\/12\/ANTENNA.png\" alt=\"\" width=\"175\" height=\"97\" \/><\/a>IERI SERA, DAL TG DI ANTENNA 3, ogni sera alle 19 le anticipazioni alla radio, quello che poi seguirete nel TELEGIORNALE BELLUNESE\u00a0 in onda alle 19.30 sul CANALE 10 del digitale terrestre.\u00a0\u00a0<\/strong><\/p>\n<p style=\"text-align: center;\"><span style=\"color: #ff0000;\"><strong>I TITOLI DEL TELEGIORNALE ALLA RADIO, DI TIZIANA BOLOGNANI<\/strong><\/span><\/p>\n<audio class=\"wp-audio-shortcode\" id=\"audio-410750-8\" preload=\"none\" style=\"width: 100%;\" controls=\"controls\"><source type=\"audio\/mpeg\" src=\"https:\/\/www.radiopiu.net\/wordpress\/wp-content\/uploads\/2024\/09\/ANTENNA3-18.mp3?_=8\" \/><a href=\"https:\/\/www.radiopiu.net\/wordpress\/wp-content\/uploads\/2024\/09\/ANTENNA3-18.mp3\">https:\/\/www.radiopiu.net\/wordpress\/wp-content\/uploads\/2024\/09\/ANTENNA3-18.mp3<\/a><\/audio>\n<p>&nbsp;<\/p>\n<hr \/>\n<p>&nbsp;<\/p>\n<blockquote>\n<h3>CHIUSURA PER LA STRADA PER PASSO DURAN &#8211; LATO ZOLDO<\/h3>\n<\/blockquote>\n<p><strong>SP347 PASSO DURAN E CEREDA<\/strong> localit\u00e0 Cordelle. FINO ALL&#8217;11 OTTOBRE esclusi sabato, domeniche e festivi infrasettimanali INTERDIZIONE TOTALE AL TRANSITO DALLE 8 ALLE 17<\/p>\n<p>&nbsp;<\/p>\n<p>&nbsp;<\/p>\n<hr \/>\n<p>&nbsp;<\/p>\n<blockquote>\n<h3>ROCCA PIETORE, ACQUA INQUINATA<\/h3>\n<\/blockquote>\n<p><strong>ROCCA PIETORE<\/strong> a ROCCA PIETORE in localit\u00e0 SOPRACORDEVOLE, VAL, DAGAI, DAVARE, LE COSTE e RONCH l&#8217;acqua erogata dall&#8217;acquedotto non \u00e8 potabile e non pu\u00f2 essere usata per scopi alimentari. Verr\u00e0 effettuato servizio sostitutivo con cisterna c\/o ex Ufficio Postale.<\/p>\n<p>&nbsp;<\/p>\n<blockquote>\n<h3>LAVORI PROGRAMMATI BIM GSP<\/h3>\n<\/blockquote>\n<p><strong>LIVINALLONGO<\/strong> Domani dalle 8 alle 17 verr\u00e0 sospesa l\u2019erogazione dell\u2019acqua nelle localit\u00e0 Lasta, Federa, Corte e Sief<\/p>\n<p>&nbsp;<\/p>\n<p>&nbsp;<\/p>\n<hr \/>\n<p>&nbsp;<\/p>\n<blockquote>\n<h3>DOLOMITIBUS NON PASSA GIORNO CHE NON RACCOLGA PESANTI CRITICHE. IERI A PIEDI GLI STUDENTI DI LAMON.<\/h3>\n<\/blockquote>\n<p><strong><a class=\"dt-pswp-item\" href=\"https:\/\/www.radiopiu.net\/wordpress\/wp-content\/uploads\/2020\/04\/Lamon-2.jpg\" data-dt-img-description=\"\" data-large_image_width=\"768\" data-large_image_height=\"1024\"><img loading=\"lazy\" decoding=\"async\" class=\" wp-image-128214 alignleft\" src=\"https:\/\/www.radiopiu.net\/wordpress\/wp-content\/uploads\/2020\/04\/Lamon-2-225x300.jpg\" alt=\"\" width=\"135\" height=\"180\" srcset=\"https:\/\/www.radiopiu.net\/wordpress\/wp-content\/uploads\/2020\/04\/Lamon-2-225x300.jpg 225w, https:\/\/www.radiopiu.net\/wordpress\/wp-content\/uploads\/2020\/04\/Lamon-2.jpg 768w\" sizes=\"auto, (max-width: 135px) 100vw, 135px\" \/><\/a>LAMON<\/strong> Con l\u2019inizio dell\u2019anno scolastico, Dolomitibus ha eliminato le corse di ritorno per gli studenti residenti nelle frazioni di Arina, Ronche e Piei. I ragazzi devono percorrere 10 km a piedi per tornare a casa. Tullio Tommasini ha lanciato una petizione, sostenuta dal sindaco Loris Maccagnan, per chiedere il ripristino delle corse, che ha gi\u00e0 raccolto 141 firme.<\/p>\n<div class=\"mb-2 flex gap-3 empty:hidden -ml-2\">\n<div class=\"items-center justify-start rounded-xl p-1 flex\">\n<div class=\"flex items-center\">\n<div class=\"flex items-center pb-0\">\n<p>&nbsp;<\/p>\n<p>&nbsp;<\/p>\n<p><em>Non manca un rilievo fortemente critico sul dimensionamento di un servizio considerato di prima necessit\u00e0 per l&#8217;utenza di montagna: \u00abquesta politica di gestione \u00e8 a dir poco miope nei confronti dei territori periferici e ne compromette la stessa sopravvivenza ponendo le comunit\u00e0 in condizioni svantaggiate e ingiuste\u00bb lo dice il sindaco Loris Maccagnan\u00a0<\/em><\/p>\n<p>&nbsp;<\/p>\n<p>&nbsp;<\/p>\n<hr \/>\n<p>&nbsp;<\/p>\n<blockquote>\n<h1>Riunione dell\u2019Osservatorio Provinciale sugli incidenti stradali legati all\u2019eccesso di velocit\u00e0<\/h1>\n<\/blockquote>\n<blockquote><p><em><img loading=\"lazy\" decoding=\"async\" class=\"alignleft\" src=\"https:\/\/www.radiopiu.net\/wordpress\/wp-content\/uploads\/2019\/02\/prefettura.jpeg\" width=\"294\" height=\"147\" \/>Tra le novit\u00e0 introdotte dal Decreto citato, emerge il ruolo di centralit\u00e0 conferito alla Conferenza provinciale permanente, nel cui ambito opera l\u2019Osservatorio provinciale<\/em><\/p><\/blockquote>\n<p><strong>BELLUNO<\/strong> si \u00e8 tenuta in Prefettura una riunione dell\u2019Osservatorio provinciale per il monitoraggio degli incidenti stradali dovuti all\u2019eccesso di velocit\u00e0, nell&#8217;ambito della Conferenza permanente. Hanno partecipato Forze dell\u2019ordine, Polizia Stradale, rappresentanti della Provincia e Sindaci dei Comuni interessati. Sono state illustrate le disposizioni del Decreto ministeriale dell\u201911 aprile 2024, che regola l&#8217;installazione e l\u2019uso dei dispositivi di controllo della velocit\u00e0. Il Decreto impone 12 mesi per adeguare le postazioni esistenti ai nuovi standard, trascorsi i quali, i dispositivi non conformi dovranno essere rimossi. La Prefettura invier\u00e0 una scheda ai Comuni per aggiornare la situazione delle postazioni attive, in vista di un successivo tavolo tecnico per la verifica e l&#8217;adeguamento anche nella regolamentazione dell\u2019attivit\u00e0 di rilevamento eseguita dagli organi di polizia stradale, al fine di evitare ogni possibile duplicazione e\/o sovrapposizione dei servizi di controllo.<\/p>\n<p>&nbsp;<\/p>\n<blockquote class=\"wp-embedded-content\" data-secret=\"wf3oMgb2Z6\"><p><a href=\"https:\/\/www.radiopiu.net\/wordpress\/inas\/\">Quando il gatto non c\u2019\u00e8, il topo balla. E sulla 203 Agordina, il ballo non conosce sosta.<\/a><\/p><\/blockquote>\n<p><iframe loading=\"lazy\" class=\"wp-embedded-content\" sandbox=\"allow-scripts\" security=\"restricted\" style=\"position: absolute; visibility: hidden;\" title=\"&#8220;Quando il gatto non c\u2019\u00e8, il topo balla. E sulla 203 Agordina, il ballo non conosce sosta.&#8221; &#8212; Radio Pi\u00f9\" src=\"https:\/\/www.radiopiu.net\/wordpress\/inas\/embed\/#?secret=OjSMkoWoAw#?secret=wf3oMgb2Z6\" data-secret=\"wf3oMgb2Z6\" width=\"600\" height=\"338\" frameborder=\"0\" marginwidth=\"0\" marginheight=\"0\" scrolling=\"no\"><\/iframe><\/p>\n<blockquote class=\"wp-embedded-content\" data-secret=\"KLD6QKrIny\"><p><a href=\"https:\/\/www.radiopiu.net\/wordpress\/dillo-a-radio-piu-senza-controlli-corse-come-se-non-di-fosse-un-domani\/\">DILLO A RADIO PIU&#8230;.SENZA CONTROLLI CORSE COME SE NON DI FOSSE UN DOMANI<\/a><\/p><\/blockquote>\n<p><iframe loading=\"lazy\" class=\"wp-embedded-content\" sandbox=\"allow-scripts\" security=\"restricted\" style=\"position: absolute; visibility: hidden;\" title=\"&#8220;DILLO A RADIO PIU&#8230;.SENZA CONTROLLI CORSE COME SE NON DI FOSSE UN DOMANI&#8221; &#8212; Radio Pi\u00f9\" src=\"https:\/\/www.radiopiu.net\/wordpress\/dillo-a-radio-piu-senza-controlli-corse-come-se-non-di-fosse-un-domani\/embed\/#?secret=ygSDihMNrm#?secret=KLD6QKrIny\" data-secret=\"KLD6QKrIny\" width=\"600\" height=\"338\" frameborder=\"0\" marginwidth=\"0\" marginheight=\"0\" scrolling=\"no\"><\/iframe><\/p>\n<\/div>\n<\/div>\n<\/div>\n<\/div>\n<hr \/>\n<blockquote>\n<h3><\/h3>\n<h3>TAMPONAMENTO A FELTRE<\/h3>\n<\/blockquote>\n<div class=\"articlePlainText\"><strong>SANTA GIUSTINA<\/strong> Un 62enne di S.Giustina \u00e8 rimasto ferito lievemente. Due auto si sono scontrate: un Suv si \u00e8 fermato davanti alle strisce pedonali e l&#8217;auto che seguiva l&#8217;ha urtato. Sul posto vigili del fuoco e ambulanza.<\/div>\n<div><\/div>\n<div><\/div>\n<blockquote>\n<h3>IN BICICLETTA A PONTE NELLE ALPI<\/h3>\n<\/blockquote>\n<div>\n<div class=\"articlePlainText\"><strong>PONTE NELLE ALPI<\/strong>\u00a0 Un 92enne \u00e8 finito a terra sulla statale 51 di Alemagna, all&#8217;altezza di Cadola I sanitari hanno prestato le prime cure al ferito sul posto, prima di imbarellarlo e trasportarlo al Pronto soccorso di viale Europa. Codice 2 all&#8217;ingresso nel reparto di emergenza, cio\u00e8 traumi di media gravit\u00e0<\/div>\n<\/div>\n<p>&nbsp;<\/p>\n<p>&nbsp;<\/p>\n<hr \/>\n<p>&nbsp;<\/p>\n<p>&nbsp;<\/p>\n<p><strong><a class=\"dt-pswp-item\" href=\"https:\/\/www.radiopiu.net\/wordpress\/wp-content\/uploads\/2024\/09\/Senza-nome-61.png\" data-dt-img-description=\"\" data-large_image_width=\"212\" data-large_image_height=\"153\"><img loading=\"lazy\" decoding=\"async\" class=\"size-full wp-image-410952 alignleft\" src=\"https:\/\/www.radiopiu.net\/wordpress\/wp-content\/uploads\/2024\/09\/Senza-nome-61.png\" alt=\"\" width=\"212\" height=\"153\" \/><\/a>LUTTO A TISER<\/strong><\/p>\n<p><strong>GOSALDO<\/strong> Oggi alle 14.30 i funerali di Giuseppe Renon &#8220;Geppe&#8221; nella chiesa parrocchiale di Tiser. Giuseppe uomo innamorato del suo territorio e delle tradizioni ladine lascia la moglie Diana, la sorella Gesuina e i parenti.<\/p>\n<p>&nbsp;<\/p>\n<p>&nbsp;<\/p>\n<hr \/>\n<p>&nbsp;<\/p>\n<blockquote>\n<h3>LAVORI DI RESTYLING AL DEPURATORE DI MARISIGA<\/h3>\n<\/blockquote>\n<p><strong><a class=\"dt-pswp-item\" href=\"https:\/\/www.radiopiu.net\/wordpress\/wp-content\/uploads\/2024\/09\/1_depuratore-di-Marisiga-Belluno-esterno.jpg\" data-dt-img-description=\"\" data-large_image_width=\"1134\" data-large_image_height=\"638\"><img loading=\"lazy\" decoding=\"async\" class=\" wp-image-410889 alignleft\" src=\"https:\/\/www.radiopiu.net\/wordpress\/wp-content\/uploads\/2024\/09\/1_depuratore-di-Marisiga-Belluno-esterno-300x169.jpg\" alt=\"\" width=\"247\" height=\"139\" srcset=\"https:\/\/www.radiopiu.net\/wordpress\/wp-content\/uploads\/2024\/09\/1_depuratore-di-Marisiga-Belluno-esterno-300x169.jpg 300w, https:\/\/www.radiopiu.net\/wordpress\/wp-content\/uploads\/2024\/09\/1_depuratore-di-Marisiga-Belluno-esterno-1024x576.jpg 1024w, https:\/\/www.radiopiu.net\/wordpress\/wp-content\/uploads\/2024\/09\/1_depuratore-di-Marisiga-Belluno-esterno-768x432.jpg 768w, https:\/\/www.radiopiu.net\/wordpress\/wp-content\/uploads\/2024\/09\/1_depuratore-di-Marisiga-Belluno-esterno.jpg 1134w\" sizes=\"auto, (max-width: 247px) 100vw, 247px\" \/><\/a>BELLUNO <\/strong>I lavori di potenziamento e adeguamento del depuratore di Marisiga, a Belluno, proseguono secondo programma. Avviati a febbraio e finanziati con 2,9 milioni di euro dal PNRR, l&#8217;intervento punta a migliorare la funzionalit\u00e0 dell&#8217;impianto e aumentarne la capacit\u00e0 depurativa. I pretrattamenti saranno dotati di nuove apparecchiature per una migliore eliminazione dei rifiuti presenti nei reflui. La sezione di trattamento biologico verr\u00e0 potenziata con una seconda linea e rinnovata con nuove componenti elettromeccaniche, migliorando l&#8217;efficienza. Verr\u00e0 anche installata una centrifuga per la disidratazione dei fanghi. A fine lavori, l&#8217;impianto servir\u00e0 fino a 45mila abitanti.<\/p>\n<p><strong>IL DIRETTORE GENERALE BIM GSP FABIO GASPERIN<\/strong><\/p>\n<p><iframe loading=\"lazy\" title=\"Fabio Gasperin   Direttore generale Bim GSP   Depuratore Marisiga e sinergie istituzionali\" width=\"1200\" height=\"675\" src=\"https:\/\/www.youtube.com\/embed\/J1Ow8ZL3JTw?feature=oembed\" frameborder=\"0\" allow=\"accelerometer; autoplay; clipboard-write; encrypted-media; gyroscope; picture-in-picture; web-share\" referrerpolicy=\"strict-origin-when-cross-origin\" allowfullscreen><\/iframe><\/p>\n<p>&nbsp;<\/p>\n<p>&nbsp;<\/p>\n<hr \/>\n<p>&nbsp;<\/p>\n<blockquote>\n<h2>Settimana Alpina 2024 in Slovenia: focus su sostenibilit\u00e0<\/h2>\n<\/blockquote>\n<p><strong><img loading=\"lazy\" decoding=\"async\" class=\"alignleft\" src=\"https:\/\/www.radiopiu.net\/wordpress\/wp-content\/uploads\/2023\/12\/via-lungardo-belluno.jpg\" width=\"215\" height=\"121\" \/>BELLUNO<\/strong><\/p>\n<p><strong>DANIELE DALVIT<\/strong><\/p>\n<audio class=\"wp-audio-shortcode\" id=\"audio-410750-9\" preload=\"none\" style=\"width: 100%;\" controls=\"controls\"><source type=\"audio\/mpeg\" src=\"https:\/\/www.radiopiu.net\/wordpress\/wp-content\/uploads\/2024\/09\/Servizio-Citta-alpine-Nova-Gorica-1.mp3?_=9\" \/><a href=\"https:\/\/www.radiopiu.net\/wordpress\/wp-content\/uploads\/2024\/09\/Servizio-Citta-alpine-Nova-Gorica-1.mp3\">https:\/\/www.radiopiu.net\/wordpress\/wp-content\/uploads\/2024\/09\/Servizio-Citta-alpine-Nova-Gorica-1.mp3<\/a><\/audio>\n<p>&nbsp;<\/p>\n<p>&nbsp;<\/p>\n<hr \/>\n<p>&nbsp;<\/p>\n<blockquote><p><strong>Provincia contraria alla diga del Vanoi: dibattito pubblico richiesto nel Bellunese<\/strong><\/p><\/blockquote>\n<p style=\"text-align: left;\"><strong>BELLUNO <\/strong>La Provincia ribadisce la sua opposizione al progetto della diga del Vanoi, ora proposto come bacino di laminazione per la sicurezza idraulica, anzich\u00e9 per scopi irrigui. Il consigliere provinciale Massimo Bortoluzzi ha partecipato all&#8217;ultima tappa del dibattito pubblico, chiedendo di estenderlo con un incontro in presenza nel Bellunese, che subirebbe le conseguenze in caso di danni all&#8217;invaso. <a class=\"dt-pswp-item\" href=\"https:\/\/www.radiopiu.net\/wordpress\/wp-content\/uploads\/2024\/09\/dibattito-pubblico-Vanoi-a-Cittadella-1-scaled.jpg\" data-dt-img-description=\"\" data-large_image_width=\"2560\" data-large_image_height=\"1920\"><img loading=\"lazy\" decoding=\"async\" class=\"wp-image-409882 alignleft\" src=\"https:\/\/www.radiopiu.net\/wordpress\/wp-content\/uploads\/2024\/09\/dibattito-pubblico-Vanoi-a-Cittadella-1-300x225.jpg\" alt=\"\" width=\"155\" height=\"116\" srcset=\"https:\/\/www.radiopiu.net\/wordpress\/wp-content\/uploads\/2024\/09\/dibattito-pubblico-Vanoi-a-Cittadella-1-300x225.jpg 300w, https:\/\/www.radiopiu.net\/wordpress\/wp-content\/uploads\/2024\/09\/dibattito-pubblico-Vanoi-a-Cittadella-1-1024x768.jpg 1024w, https:\/\/www.radiopiu.net\/wordpress\/wp-content\/uploads\/2024\/09\/dibattito-pubblico-Vanoi-a-Cittadella-1-768x576.jpg 768w, https:\/\/www.radiopiu.net\/wordpress\/wp-content\/uploads\/2024\/09\/dibattito-pubblico-Vanoi-a-Cittadella-1-1536x1152.jpg 1536w, https:\/\/www.radiopiu.net\/wordpress\/wp-content\/uploads\/2024\/09\/dibattito-pubblico-Vanoi-a-Cittadella-1-2048x1536.jpg 2048w\" sizes=\"auto, (max-width: 155px) 100vw, 155px\" \/><\/a>Bortoluzzi ha anche criticato il cambiamento di obiettivo del progetto, sottolineando che il lago del Corlo, gi\u00e0 in fase di adeguamento, soddisfa le esigenze di sicurezza idraulica senza la necessit\u00e0 di una nuova diga.<\/p>\n<p>&nbsp;<\/p>\n<p><strong>IL CONSIGLIERE PROVINCIALE MASSIMO BORTOLUZZI<\/strong><\/p>\n<audio class=\"wp-audio-shortcode\" id=\"audio-410750-10\" preload=\"none\" style=\"width: 100%;\" controls=\"controls\"><source type=\"audio\/mpeg\" src=\"https:\/\/www.radiopiu.net\/wordpress\/wp-content\/uploads\/2024\/09\/BORTOLUZZI-VANOI.mp3?_=10\" \/><a href=\"https:\/\/www.radiopiu.net\/wordpress\/wp-content\/uploads\/2024\/09\/BORTOLUZZI-VANOI.mp3\">https:\/\/www.radiopiu.net\/wordpress\/wp-content\/uploads\/2024\/09\/BORTOLUZZI-VANOI.mp3<\/a><\/audio>\n<p>&nbsp;<\/p>\n<p>&nbsp;<\/p>\n<p>&nbsp;<\/p>\n<hr \/>\n<blockquote>\n<h3><\/h3>\n<h3>GIOVANI E FUTURO: UN INCONTRO CON IL PREFETTO PER IL TPL<\/h3>\n<\/blockquote>\n<p><strong>BELLUNO<\/strong> Domani alle 10 il gruppo Giovani &amp; Futuro terr\u00e0 un incontro con il Prefetto di Belluno per discutere della situazione critica del trasporto pubblico locale, in seguito a numerose segnalazioni di disagi da parte di studenti, lavoratori e utenti.<\/p>\n<p>&nbsp;<\/p>\n<hr \/>\n<p>&nbsp;<\/p>\n<blockquote>\n<h1>DA DOMANI A BELLUNO &#8220;UN MONDO CHE SI MUOVE&#8221;<\/h1>\n<\/blockquote>\n<p>BELLUNO<\/p>\n<p><strong>IL SINDACO OSCAR DE PELLEGRIN\u00a0<\/strong><\/p>\n<div style=\"width: 1200px;\" class=\"wp-video\"><video class=\"wp-video-shortcode\" id=\"video-410750-1\" width=\"1200\" height=\"675\" preload=\"metadata\" controls=\"controls\"><source type=\"video\/mp4\" src=\"https:\/\/www.radiopiu.net\/wordpress\/wp-content\/uploads\/2024\/09\/20240924_140749.mp4?_=1\" \/><a href=\"https:\/\/www.radiopiu.net\/wordpress\/wp-content\/uploads\/2024\/09\/20240924_140749.mp4\">https:\/\/www.radiopiu.net\/wordpress\/wp-content\/uploads\/2024\/09\/20240924_140749.mp4<\/a><\/video><\/div>\n<p>&nbsp;<\/p>\n<p>&nbsp;<\/p>\n<hr \/>\n<p>&nbsp;<\/p>\n<p>&nbsp;<\/p>\n<blockquote>\n<h2><strong><a class=\"dt-pswp-item\" href=\"https:\/\/www.radiopiu.net\/wordpress\/wp-content\/uploads\/2023\/12\/ANTENNA.png\" data-dt-img-description=\"\" data-large_image_width=\"300\" data-large_image_height=\"166\"><img loading=\"lazy\" decoding=\"async\" class=\" wp-image-366306 alignleft\" src=\"https:\/\/www.radiopiu.net\/wordpress\/wp-content\/uploads\/2023\/12\/ANTENNA.png\" alt=\"\" width=\"175\" height=\"97\" \/><\/a><\/strong>BELLUNO | CASO DOLOMITI AMBIENTE, BOTTACIN: \u00abSERVE UN PIANO INDUSTRIALE SERIO\u00bb<\/h2>\n<\/blockquote>\n<p>Intervistati GIANPAOLO BOTTACIN (ASSESSORE AMBIENTE REGIONE VENETO) (Servizio di\u00a0Tiziana Bolognani)<\/p>\n<p><iframe loading=\"lazy\" title=\"CASO DOLOMITI AMBIENTE, BOTTACIN: \u00abSERVE UN PIANO INDUSTRIALE SERIO\u00bb | 24\/09\/2024\" width=\"1200\" height=\"675\" src=\"https:\/\/www.youtube.com\/embed\/Bf3EwWoNjLc?feature=oembed\" frameborder=\"0\" allow=\"accelerometer; autoplay; clipboard-write; encrypted-media; gyroscope; picture-in-picture; web-share\" referrerpolicy=\"strict-origin-when-cross-origin\" allowfullscreen><\/iframe><\/p>\n<p>&nbsp;<\/p>\n<hr \/>\n<p>&nbsp;<\/p>\n<h3>LA GIUDIZIARIA OGGI, SINTESI DAL CORRIERE DELLE ALPI<\/h3>\n<h3>GIGI SOSSO<\/h3>\n<p><strong>Diffamazione del medico sul vaccino Covid: due indagati escono dal processo<\/strong><\/p>\n<p><strong>BELLUNO<\/strong> Due dei dieci indagati per diffamazione nei confronti del pediatra Giangiacomo Nicolini hanno risarcito i danni e sono usciti dal procedimento, \u00a0hanno versato i 2 mila euro di danni richiesti\u00a0. Gli altri sette attendono il giudizio previsto per gennaio.<\/p>\n<p>&nbsp;<\/p>\n<p><strong> in libert\u00e0 con obbligo di firma<\/strong><\/p>\n<p><strong>PONTE NELLE ALPI<\/strong> Il 46enne maghrebino Bounafaa, indagato per circonvenzione d&#8217;incapace per 360 mila euro, \u00e8 stato scarcerato con obbligo di firma a Ponte nelle Alpi. Accusato di aver truffato anziani con problemi psichiatrici, nega le accuse e promette di restituire il denaro, qualora provato.<\/p>\n<p>&nbsp;<\/p>\n<p><strong>Cinghiate e aggressione a quattro turisti trevigiani: processo a dicembre<\/strong><\/p>\n<p><strong>CORTINA<\/strong> A Capodanno di due anni fa, tre romani, tra cui\u00a0 il figlio di un deputato, aggredirono quattro turisti trevigiani in corso Italia, urlando \u00abForza Lazio\u00bb. L&#8217;accusa \u00e8 di lesioni aggravate e danneggiamento. Il processo inizier\u00e0 il 6 dicembre. La difesa chiede il non luogo a procedere.<\/p>\n<p>&nbsp;<\/p>\n<p>&nbsp;<\/p>\n<hr \/>\n<p>&nbsp;<\/p>\n<blockquote><p><strong><a class=\"dt-pswp-item\" href=\"https:\/\/www.radiopiu.net\/wordpress\/wp-content\/uploads\/2023\/07\/torrente-rova.jpeg\" data-dt-img-description=\"\" data-large_image_width=\"1654\" data-large_image_height=\"1228\"><img loading=\"lazy\" decoding=\"async\" class=\"wp-image-346352 alignleft\" src=\"https:\/\/www.radiopiu.net\/wordpress\/wp-content\/uploads\/2023\/07\/torrente-rova-300x223.jpeg\" alt=\"\" width=\"178\" height=\"132\" srcset=\"https:\/\/www.radiopiu.net\/wordpress\/wp-content\/uploads\/2023\/07\/torrente-rova-300x223.jpeg 300w, https:\/\/www.radiopiu.net\/wordpress\/wp-content\/uploads\/2023\/07\/torrente-rova-1024x760.jpeg 1024w, https:\/\/www.radiopiu.net\/wordpress\/wp-content\/uploads\/2023\/07\/torrente-rova-768x570.jpeg 768w, https:\/\/www.radiopiu.net\/wordpress\/wp-content\/uploads\/2023\/07\/torrente-rova-1536x1140.jpeg 1536w, https:\/\/www.radiopiu.net\/wordpress\/wp-content\/uploads\/2023\/07\/torrente-rova.jpeg 1654w\" sizes=\"auto, (max-width: 178px) 100vw, 178px\" \/><\/a>Lavori per la messa in sicurezza di Le Grave al via entro ottobre<\/strong><\/p><\/blockquote>\n<p><strong>AGORDO<\/strong>\u00a0 Approvato il progetto definitivo per i lavori di messa in sicurezza idrogeologica di Le Grave, ad Agordo. L&#8217;opera, finanziata con 850 mila euro dai fondi Pnrr, dovr\u00e0 concludersi entro giugno 2026. Il vice sindaco Giulio Favretti prevede l&#8217;inizio dei lavori entro ottobre. Il progetto prevede la costruzione di un bacino drenante e la regimazione del canale, per evitare allagamenti di case e capannoni. Dopo la tempesta Vaia, la criticit\u00e0 si \u00e8 aggravata, rendendo l&#8217;intervento urgente.<\/p>\n<div class=\"mb-2 flex gap-3 empty:hidden -ml-2\">\n<div class=\"items-center justify-start rounded-xl p-1 flex\">\n<div class=\"flex items-center\">\n<div class=\"flex\"><\/div>\n<div class=\"flex items-center pb-0\"><\/div>\n<\/div>\n<\/div>\n<\/div>\n<p>&nbsp;<\/p>\n<hr \/>\n<p>&nbsp;<\/p>\n<blockquote>\n<h3>BILANCIO IN UTILE PER LONGARONE FIERE<\/h3>\n<\/blockquote>\n<p><strong><a class=\"dt-pswp-item\" href=\"https:\/\/www.radiopiu.net\/wordpress\/wp-content\/uploads\/2024\/09\/DSC_2977.jpg\" data-dt-img-description=\"\" data-large_image_width=\"1775\" data-large_image_height=\"1181\"><img loading=\"lazy\" decoding=\"async\" class=\" wp-image-410879 alignleft\" src=\"https:\/\/www.radiopiu.net\/wordpress\/wp-content\/uploads\/2024\/09\/DSC_2977-300x200.jpg\" alt=\"\" width=\"185\" height=\"123\" srcset=\"https:\/\/www.radiopiu.net\/wordpress\/wp-content\/uploads\/2024\/09\/DSC_2977-300x200.jpg 300w, https:\/\/www.radiopiu.net\/wordpress\/wp-content\/uploads\/2024\/09\/DSC_2977-1024x681.jpg 1024w, https:\/\/www.radiopiu.net\/wordpress\/wp-content\/uploads\/2024\/09\/DSC_2977-768x511.jpg 768w, https:\/\/www.radiopiu.net\/wordpress\/wp-content\/uploads\/2024\/09\/DSC_2977-1536x1022.jpg 1536w, https:\/\/www.radiopiu.net\/wordpress\/wp-content\/uploads\/2024\/09\/DSC_2977.jpg 1775w\" sizes=\"auto, (max-width: 185px) 100vw, 185px\" \/><\/a>LONGARONE<\/strong> L&#8217;assemblea dei soci di Longarone Fiere Dolomiti ha approvato il bilancio al 30 giugno 2024, che per la prima volta in tre anni chiude in utile. Grazie a una gestione efficace negli ultimi 18 mesi, i ricavi sono aumentati del 10% e i costi sono stati ridotti dello stesso valore. I ricavi dalla produzione hanno superato i 2 milioni di euro, un risultato mai raggiunto nel post-pandemia. Anche l&#8217;indebitamento \u00e8 stato significativamente ridotto. Il fatturato legato alla vendita di spazi e servizi \u00e8 cresciuto del 9,11%, e la partecipazione agli eventi espositivi ha spinto il fatturato medio degli eventi a un aumento del 19,68%.<\/p>\n<p>&nbsp;<\/p>\n<p>&nbsp;<\/p>\n<hr \/>\n<p>&nbsp;<\/p>\n<blockquote>\n<h3>FELTRE CELEBRA IL 60ESIMO ANNIVERSARIO DALLA MORTE DI TANCREDI PARMEGGIANI<\/h3>\n<\/blockquote>\n<p><strong><a class=\"dt-pswp-item\" href=\"https:\/\/www.radiopiu.net\/wordpress\/wp-content\/uploads\/2024\/09\/La-Galleria-Rizzarda.jpg\" data-dt-img-description=\"\" data-large_image_width=\"2048\" data-large_image_height=\"1152\"><img loading=\"lazy\" decoding=\"async\" class=\" wp-image-410881 alignleft\" src=\"https:\/\/www.radiopiu.net\/wordpress\/wp-content\/uploads\/2024\/09\/La-Galleria-Rizzarda-300x169.jpg\" alt=\"\" width=\"178\" height=\"100\" srcset=\"https:\/\/www.radiopiu.net\/wordpress\/wp-content\/uploads\/2024\/09\/La-Galleria-Rizzarda-300x169.jpg 300w, https:\/\/www.radiopiu.net\/wordpress\/wp-content\/uploads\/2024\/09\/La-Galleria-Rizzarda-1024x576.jpg 1024w, https:\/\/www.radiopiu.net\/wordpress\/wp-content\/uploads\/2024\/09\/La-Galleria-Rizzarda-768x432.jpg 768w, https:\/\/www.radiopiu.net\/wordpress\/wp-content\/uploads\/2024\/09\/La-Galleria-Rizzarda-1536x864.jpg 1536w, https:\/\/www.radiopiu.net\/wordpress\/wp-content\/uploads\/2024\/09\/La-Galleria-Rizzarda.jpg 2048w\" sizes=\"auto, (max-width: 178px) 100vw, 178px\" \/><\/a>FELTRE<\/strong> Feltre celebra il pittore Tancredi Parmeggiani, originario della citt\u00e0, in occasione del sessantesimo anniversario della sua morte con due incontri alla Galleria &#8220;Rizzarda&#8221;. Il primo appuntamento si terr\u00e0 venerd\u00ec 27 settembre alle 18:00, con interventi del sindaco Viviana Fusaro, del presidente del Consiglio Comunale Ennio Trento e della conservatrice dei Musei Civici, Tiziana Casagrande, che parler\u00e0 di &#8220;Tancredi tra Feltre e il mondo&#8221;. Il secondo incontro \u00e8 previsto per venerd\u00ec 4 ottobre, sempre alle 18:00, con una conferenza di Giovanni Granzotto dal titolo &#8220;Tancredi e lo spazialismo&#8221;. Gli eventi sono aperti a tutti fino a esaurimento posti.<\/p>\n<p>&nbsp;<\/p>\n<p>&nbsp;<\/p>\n<hr \/>\n<p>&nbsp;<\/p>\n<blockquote>\n<h3>AL VIA IL DECIMO CORSO DI AGGIORNAMENTO PER AMMINISTRATORI DI CONDOMINO<\/h3>\n<\/blockquote>\n<p><strong><a class=\"dt-pswp-item\" href=\"https:\/\/www.radiopiu.net\/wordpress\/wp-content\/uploads\/2022\/03\/CONDOMINIO.jpg\" data-dt-img-description=\"\" data-large_image_width=\"1920\" data-large_image_height=\"1080\"><img loading=\"lazy\" decoding=\"async\" class=\" wp-image-265139 alignleft\" src=\"https:\/\/www.radiopiu.net\/wordpress\/wp-content\/uploads\/2022\/03\/CONDOMINIO-300x169.jpg\" alt=\"\" width=\"170\" height=\"96\" srcset=\"https:\/\/www.radiopiu.net\/wordpress\/wp-content\/uploads\/2022\/03\/CONDOMINIO-300x169.jpg 300w, https:\/\/www.radiopiu.net\/wordpress\/wp-content\/uploads\/2022\/03\/CONDOMINIO-1024x576.jpg 1024w, https:\/\/www.radiopiu.net\/wordpress\/wp-content\/uploads\/2022\/03\/CONDOMINIO-768x432.jpg 768w, https:\/\/www.radiopiu.net\/wordpress\/wp-content\/uploads\/2022\/03\/CONDOMINIO-1536x864.jpg 1536w, https:\/\/www.radiopiu.net\/wordpress\/wp-content\/uploads\/2022\/03\/CONDOMINIO.jpg 1920w\" sizes=\"auto, (max-width: 170px) 100vw, 170px\" \/><\/a>BELLUNO<\/strong> Confedilizia Belluno, in collaborazione con Coram e il Collegio dei Geometri, organizza il 10\u00b0 corso di aggiornamento per amministratori di condominio, che si terr\u00e0 l&#8217;1, 2 e 3 ottobre 2024. Il corso \u00e8 obbligatorio per gli amministratori e prevede 15 ore di formazione, con un esame finale.<\/p>\n<p>&nbsp;<\/p>\n<hr \/>\n<p>&nbsp;<\/p>\n<blockquote>\n<h2>Laste Rock\u00bb una forza: cinquanta hanno provato a mettere le mani sulla roccia<\/h2>\n<\/blockquote>\n<p><b>REDAZIONE\u00a0<\/b> Il 22 settembre, al Sas de Rocia di Laste di Rocca Pietore, la prima edizione di &#8220;Laste Rock&#8221; ha attratto oltre cinquanta iscritti e molti curiosi. Organizzata dai giovani dell\u2019associazione &#8220;Tupaie da Laste&#8221;, l\u2019evento ha mostrato l\u2019interesse per l\u2019arrampicata, con la partecipazione della comunit\u00e0 locale e ospiti illustri come Matteo De Zaiacomo dei Ragni di Lecco. Il Sas de Rocia si \u00e8 confermato un sito di arrampicata eccezionale per appassionati da tutta Europa.<\/p>\n<p><a class=\"dt-pswp-item\" href=\"https:\/\/www.radiopiu.net\/wordpress\/wp-content\/uploads\/2024\/09\/file.jpg\" data-dt-img-description=\"\" data-large_image_width=\"640\" data-large_image_height=\"640\"><img loading=\"lazy\" decoding=\"async\" class=\"wp-image-410900 alignleft\" src=\"https:\/\/www.radiopiu.net\/wordpress\/wp-content\/uploads\/2024\/09\/file-300x300.jpg\" alt=\"\" width=\"82\" height=\"82\" srcset=\"https:\/\/www.radiopiu.net\/wordpress\/wp-content\/uploads\/2024\/09\/file-300x300.jpg 300w, https:\/\/www.radiopiu.net\/wordpress\/wp-content\/uploads\/2024\/09\/file-150x150.jpg 150w, https:\/\/www.radiopiu.net\/wordpress\/wp-content\/uploads\/2024\/09\/file.jpg 640w\" sizes=\"auto, (max-width: 82px) 100vw, 82px\" \/><\/a><strong>DALL&#8217;AMICO DEL POPOLO<\/strong><\/p>\n<p><strong>DI LUIGI GUGLIELMI<\/strong><\/p>\n<p>&nbsp;<\/p>\n<p><strong>ROCCA PIETORE<\/strong> \u00c8 andata benissimo, ottima la prima: avevano ragione, i giovani lastesani appassionati di arrampicata, c\u2019\u00e8 \u201cdomanda\u201d, c\u2019\u00e8 il desiderio di mettere le mani sulla roccia e di provare a salire, anche se non lo si \u00e8 fatto mai, per la prima volta dunque, sotto lo sguardo esperto e sicuro di una guida. E cos\u00ec la prima \u201cgiornata dell\u2019arrampicata\u201d, intitolata \u00abLaste Rock\u00bb e organizzata domenica 22 settembre al Sas de Rocia, Laste di Rocca Pietore, ha richiamato un grande numero di persone e ha anche coinvolto la gente del paese, tutti a Ini\u00e0nter Ciastel\u00e0t, il prato all\u2019ombra del masso colossale <a class=\"dt-pswp-item\" href=\"https:\/\/www.radiopiu.net\/wordpress\/wp-content\/uploads\/2024\/09\/WhatsApp-Image-2024-09-23-at-11.59.26-1-768x1024-1.jpg\" data-dt-img-description=\"\" data-large_image_width=\"768\" data-large_image_height=\"1024\"><img loading=\"lazy\" decoding=\"async\" class=\"size-medium wp-image-410901 alignleft\" src=\"https:\/\/www.radiopiu.net\/wordpress\/wp-content\/uploads\/2024\/09\/WhatsApp-Image-2024-09-23-at-11.59.26-1-768x1024-1-225x300.jpg\" alt=\"\" width=\"225\" height=\"300\" srcset=\"https:\/\/www.radiopiu.net\/wordpress\/wp-content\/uploads\/2024\/09\/WhatsApp-Image-2024-09-23-at-11.59.26-1-768x1024-1-225x300.jpg 225w, https:\/\/www.radiopiu.net\/wordpress\/wp-content\/uploads\/2024\/09\/WhatsApp-Image-2024-09-23-at-11.59.26-1-768x1024-1.jpg 768w\" sizes=\"auto, (max-width: 225px) 100vw, 225px\" \/><\/a>su cui si inerpicano decine di vie di arrampicata, almeno per mangiare insieme la polenta (ha dato una mano anche lo staff del ristorante La Stua sa Laste). Chiamare il Sas de Rocia \u201cpalestra di roccia naturale\u201d \u00e8 davvero riduttivo, per l\u2019enorme variet\u00e0 di vie che offre agli appassionati, per il panorama straordinario, per il contesto bellissimo. Infatti vengono da tutta l\u2019Europa per arrampicare qui. E allora bravi i giovani che \u201cci hanno visto dentro\u201d: si sono dati il nome di \u00abTupaie da Laste\u00bb, la costituzione dell\u2019associazione \u00e8 appena stata formalizzata e loro gi\u00e0 sono attivissimi, con i Giovani Sportivi hanno anche fatto un grande lavoro di pulizia e sistemazione del bivacco su a Pian de le Stele, proprio in cima al masso, dove si arriva con una breve ma gradevolissima ferrata (s\u00ec, al Sass de Rocia c\u2019\u00e8 anche una ferrata, che si percorre in venti minuti). \u00ab\u00c8 stata davvero una super giornata\u00bb racconta Simone De Toni, uno degli organizzatori \u00abpi\u00f9 di cinquanta iscritti e tanti partecipanti extra, tra la curiosit\u00e0 dei locali, anche quella di ex alpinisti della valle\u00bb. Una domenica di fine settembre, quando il grosso dei turisti in valle se n\u2019\u00e8 gi\u00e0 andato, ha mostrato di poter essere viva e vivace pi\u00f9 che mai.<\/p>\n<p>C\u2019\u00e8 una cultura da far nascere, dice Simone. \u00abNoi siamo stati davvero contenti per aver dato il giusto valore al nostro Sas de Rocia, e all\u2019arrampicata in generale, che spesso viene messa in secondo piano. Oltre a noi 14 del gruppo Tupaie, hanno collaborato i Giovani Sportivi di Laste, che ci hanno prestato le griglie e i tavoli, e tanti amici, giovani, che hanno voluto aiutarci. Siamo soddisfatti di aver dato il via a un evento che tanti ci hanno detto avr\u00e0 un lungo futuro\u2026 Speriamo!\u00bb<\/p>\n<p><a class=\"dt-pswp-item\" href=\"https:\/\/www.radiopiu.net\/wordpress\/wp-content\/uploads\/2024\/09\/WhatsApp-Image-2024-09-23-at-11.59.25-6-1024x768-1.jpg\" data-dt-img-description=\"\" data-large_image_width=\"1024\" data-large_image_height=\"768\"><img loading=\"lazy\" decoding=\"async\" class=\"size-medium wp-image-410902 alignright\" src=\"https:\/\/www.radiopiu.net\/wordpress\/wp-content\/uploads\/2024\/09\/WhatsApp-Image-2024-09-23-at-11.59.25-6-1024x768-1-300x225.jpg\" alt=\"\" width=\"300\" height=\"225\" srcset=\"https:\/\/www.radiopiu.net\/wordpress\/wp-content\/uploads\/2024\/09\/WhatsApp-Image-2024-09-23-at-11.59.25-6-1024x768-1-300x225.jpg 300w, https:\/\/www.radiopiu.net\/wordpress\/wp-content\/uploads\/2024\/09\/WhatsApp-Image-2024-09-23-at-11.59.25-6-1024x768-1-768x576.jpg 768w, https:\/\/www.radiopiu.net\/wordpress\/wp-content\/uploads\/2024\/09\/WhatsApp-Image-2024-09-23-at-11.59.25-6-1024x768-1.jpg 1024w\" sizes=\"auto, (max-width: 300px) 100vw, 300px\" \/><\/a>Presente anche un ospite da fuori, un ospite illustre, soddisfatto anche lui: \u00abMatteo De Zaiacomo, presidente dei gruppo Cai Ragni di Lecco, \u00e8 venuto a trovarci a sorpresa ed \u00e8 rimasto entusiasta dell\u2019evento, ci ha promesso che il prossimo anno torner\u00e0 con alcuni componenti del loro famoso gruppo di arrampicata\u00bb. Il Sas de Rocia \u00e8 molto interessante anche dal punto di vista geologico, \u00e8 legato all\u2019origine delle rocce della Marmolada. Com\u2019\u00e8 accaduto per le famosissime Cinque Torri di Cortina, anche il grande blocco del Sas de Rocia \u00e8 \u201cscivolato\u201d sul piano inclinato sottostante fino alla sede attuale, dove l\u2019inclinazione aumenta in direzione del letto del Cordevole: questo ha determinato le profonde spaccature che caratterizzano l\u2019intero blocco (in una di queste, il 29 giugno, \u00e8 scivolata una bambina determinando un impegnativo intervento di soccorso). Il fenomeno si chiama Dgpv e descrive le deformazioni gravitative profonde di versante. \u00abRocia\u00bb non significa roccia ma rocca, \u00abLa Rocia\u00bb infatti \u00e8 il nome locale di Rocca Pietore: sasso della rocca, dunque. Dalle cime del gruppo si traguarda fino al castello di Andraz, in direzione del passo Falzarego: c\u2019\u00e8 memoria di una antica struttura di osservazione che era posta in relazione con il castello, probabilmente in vetta al Sas de la Murada (uno dei massi del gruppo), forse l\u2019originaria Rocca di Pietore.<\/p>\n<p>&nbsp;<\/p>\n<p>&nbsp;<\/p>\n<hr \/>\n<p>&nbsp;<\/p>\n<p>&nbsp;<\/p>\n<blockquote>\n<h3>OSPITE ILLUSTRE IN LUXOTTICA<\/h3>\n<\/blockquote>\n<p><strong><a class=\"dt-pswp-item\" href=\"https:\/\/www.radiopiu.net\/wordpress\/wp-content\/uploads\/2024\/09\/Senza-nome-60.png\" data-dt-img-description=\"\" data-large_image_width=\"484\" data-large_image_height=\"301\"><img loading=\"lazy\" decoding=\"async\" class=\"size-medium wp-image-410897 alignleft\" src=\"https:\/\/www.radiopiu.net\/wordpress\/wp-content\/uploads\/2024\/09\/Senza-nome-60-300x187.png\" alt=\"\" width=\"300\" height=\"187\" srcset=\"https:\/\/www.radiopiu.net\/wordpress\/wp-content\/uploads\/2024\/09\/Senza-nome-60-300x187.png 300w, https:\/\/www.radiopiu.net\/wordpress\/wp-content\/uploads\/2024\/09\/Senza-nome-60.png 484w\" sizes=\"auto, (max-width: 300px) 100vw, 300px\" \/><\/a>REDAZIONE<\/strong> Era nell&#8217;aria la giornata di novit\u00e0 quando l&#8217;elicottero di Luxottica s&#8217;\u00e8 alzato in volo verso nord. Con Leonardo Maria\u00a0 Del Vecchio, avvistato nello stabilimento, la &#8220;fabbrica&#8221; per il Cavalier Leonardo Del Vecchio. il noto rapper Asap Rocky, il compagno di Rhyanna<\/p>\n<p>A$AP Rocky, pseudonimo di Rakim Athelaston Mayers (nato nel 1988 a New York), \u00e8 un rapper, produttore discografico, modello e stilista. Cresciuto a Harlem, ha iniziato con il collettivo ASAP Mob. Ha debuttato nel 2011 con il singolo &#8220;Peso&#8221;, seguito dall\u2019album di successo <strong>Long.Live.A$AP<\/strong> (2013). Con brani come &#8220;Fuckin&#8217; Problems&#8221;, ha raggiunto la vetta delle classifiche. \u00c8 anche attivo nella moda e come regista musicale. Ha pubblicato tre album, l&#8217;ultimo, <strong>Testing<\/strong>, nel 2018.<\/p>\n<p>&nbsp;<\/p>\n<p>&nbsp;<\/p>\n<hr \/>\n<p>&nbsp;<\/p>\n<blockquote><p><strong><a class=\"dt-pswp-item\" href=\"https:\/\/www.radiopiu.net\/wordpress\/wp-content\/uploads\/2024\/09\/IMG20240921162310-scaled.jpg\" data-dt-img-description=\"\" data-large_image_width=\"2560\" data-large_image_height=\"1920\"><img loading=\"lazy\" decoding=\"async\" class=\" wp-image-410914 alignleft\" src=\"https:\/\/www.radiopiu.net\/wordpress\/wp-content\/uploads\/2024\/09\/IMG20240921162310-300x225.jpg\" alt=\"\" width=\"271\" height=\"203\" srcset=\"https:\/\/www.radiopiu.net\/wordpress\/wp-content\/uploads\/2024\/09\/IMG20240921162310-300x225.jpg 300w, https:\/\/www.radiopiu.net\/wordpress\/wp-content\/uploads\/2024\/09\/IMG20240921162310-1024x768.jpg 1024w, https:\/\/www.radiopiu.net\/wordpress\/wp-content\/uploads\/2024\/09\/IMG20240921162310-768x576.jpg 768w, https:\/\/www.radiopiu.net\/wordpress\/wp-content\/uploads\/2024\/09\/IMG20240921162310-1536x1152.jpg 1536w, https:\/\/www.radiopiu.net\/wordpress\/wp-content\/uploads\/2024\/09\/IMG20240921162310-2048x1536.jpg 2048w\" sizes=\"auto, (max-width: 271px) 100vw, 271px\" \/><\/a>Giornata Internazionale della Pace: dibattito e marcia ad Assisi<\/strong><\/p><\/blockquote>\n<div class=\"flex max-w-full flex-col flex-grow\">\n<div class=\"min-h-[20px] text-message flex w-full flex-col items-end gap-2 whitespace-normal break-words [.text-message+&amp;]:mt-5\" dir=\"auto\" data-message-author-role=\"assistant\" data-message-id=\"d92171ba-d7d4-4f70-aba7-1b3aaf6a55f0\">\n<div class=\"flex w-full flex-col gap-1 empty:hidden first:pt-[3px]\">\n<div class=\"markdown prose w-full break-words dark:prose-invert dark\">\n<p><strong>ASSISI<\/strong> Sabato 21 settembre 2024 nell&#8217;ambito della Giornata Internazionale della Pace, nella mattinata, a Santa Maria degli Angeli, si \u00e8 svolto un ampio ed approfondito dibattito sui preoccupati e sanguinosi conflitti in atto in pi\u00f9 parti del mondo. In particolare gli Europarlamentari partecipanti al dibattito, hanno evidenziato la inaccettabile scelta della maggioranza del Parlamento Europeo, che ha dato il proprio assenso all&#8217; Ucraina di bombardare aree della Russia. Alla conclusione dell&#8217; ampio confronto, tutti i partecipanti hanno confermato il proprio impegno sui versanti della pace, del rispetto delle persone e della solidariet\u00e0. Nel pomeriggio, sempre del 21 settembre 2024, oltre tremila persone (molti i giovani) hanno marciato per la Pace, da Santa Maria degli Angeli ad Assisi<\/p>\n<\/div>\n<\/div>\n<\/div>\n<\/div>\n<div class=\"mb-2 flex gap-3 empty:hidden -ml-2\">\n<div class=\"items-center justify-start rounded-xl p-1 flex\">\n<div class=\"flex items-center\">\n<div class=\"flex\"><\/div>\n<div class=\"flex items-center pb-0\"><\/div>\n<\/div>\n<\/div>\n<\/div>\n<p>&nbsp;<\/p>\n<hr \/>\n<blockquote>\n<h3><\/h3>\n<h3>LE CANDIDATURE PER LA PENNA NERA ALPINA DELLA NOSTRA MONTAGNA<\/h3>\n<\/blockquote>\n<p><strong><a class=\"dt-pswp-item\" href=\"https:\/\/www.radiopiu.net\/wordpress\/wp-content\/uploads\/2022\/05\/alpini-647542_960_720.jpg\" data-dt-img-description=\"\" data-large_image_width=\"960\" data-large_image_height=\"640\"><img loading=\"lazy\" decoding=\"async\" class=\" wp-image-275532 alignleft\" src=\"https:\/\/www.radiopiu.net\/wordpress\/wp-content\/uploads\/2022\/05\/alpini-647542_960_720-300x200.jpg\" alt=\"\" width=\"182\" height=\"121\" srcset=\"https:\/\/www.radiopiu.net\/wordpress\/wp-content\/uploads\/2022\/05\/alpini-647542_960_720-300x200.jpg 300w, https:\/\/www.radiopiu.net\/wordpress\/wp-content\/uploads\/2022\/05\/alpini-647542_960_720-768x512.jpg 768w, https:\/\/www.radiopiu.net\/wordpress\/wp-content\/uploads\/2022\/05\/alpini-647542_960_720.jpg 960w\" sizes=\"auto, (max-width: 182px) 100vw, 182px\" \/><\/a>FELTRE<\/strong> Il premio \u201cLa penna alpina per la nostra montagna\u201d, organizzato dalla sezione di Feltre dell&#8217;Associazione Nazionale Alpini, \u00e8 giunto alla sua quindicesima edizione. Istituito nel 2010 su iniziativa di Carlo Balestra, il riconoscimento premia persone, gruppi o enti che si sono distinti per il loro impegno a favore della popolazione, del territorio e dell&#8217;ambiente bellunese. Viene riconosciuta l&#8217;importanza della conservazione delle tradizioni, della cultura e della storia locale, cos\u00ec come della tutela ambientale. La commissione giudicatrice comprende i presidenti delle sezioni di Feltre, Belluno e Cadore. La premiazione si terr\u00e0 durante la festa natalizia della sezione, con candidature da presentare entro il 19 novembre.<\/p>\n<p>&nbsp;<\/p>\n<hr \/>\n<p>&nbsp;<\/p>\n<blockquote>\n<h3>INIZIATIVE DEL GRUPPO GENITORI ADOTTIVI \u201cZERO-INFINITO\u201d<\/h3>\n<p><strong><img loading=\"lazy\" decoding=\"async\" class=\"alignleft\" src=\"https:\/\/www.radiopiu.net\/wordpress\/wp-content\/uploads\/2024\/09\/family-6686922_1280.webp\" width=\"293\" height=\"195\" \/>BELLUNO Il gruppo genitori adottivi <\/strong>in collaborazione con l&#8217;<strong>Associazione \u201cBucaneve\u201d<\/strong>, l&#8217;<strong>Associazione \u201cG(h)ita\u201d<\/strong> e l&#8217;<strong>ULSS1 Dolomiti<\/strong>, invita la cittadinanza all&#8217;incontro <strong>IL \u201cPREZZO\u201d DELL\u2019ADOZIONE <\/strong>Uno sguardo tra gli aspetti emotivi e legali dell\u2019Adozione Nazionale e\u00a0 internazionale. <strong>Venerd\u00ec\u00a0 alle <\/strong>\u00a018 in Sala \u201cEliseo Dal Pont-Bianchi\u201d, si discuteranno temi cruciali legati all&#8217;adozione. Gli interventi includeranno:<\/p>\n<ul>\n<li><strong>Il linguaggio dell\u2019adozione in ambito comunitario\/sociale<\/strong><br \/>\nDott.ssa Arianna Medeot, pedagogista, e Dott. Francesco Uva, psicologo (Equipe Adozioni ULSS1)<\/li>\n<li><strong>L\u2019adozione nel territorio bellunese<\/strong><br \/>\nDott.ssa Lisa Dal Bo, psicologa, e Dott.ssa Rosa Ciociano Bottaretto, assistente sociale (Equipe Adozioni Belluno)<\/li>\n<li><strong>L\u2019aspetto legale\/giuridico\/economico<\/strong><br \/>\nAvv. Elisa Tomasella<\/li>\n<li><strong>L\u2019aspetto emotivo del \u201cprezzo da pagare\u201d<\/strong><br \/>\nTestimonianze di famiglie adottive che condivideranno le loro esperienze.<\/li>\n<\/ul>\n<p>La partecipazione \u00e8 gratuita, con un massimo di 80 posti disponibili. L\u2019evento rappresenta un&#8217;opportunit\u00e0 unica per conoscere pi\u00f9 da vicino la realt\u00e0 dell\u2019adozione e il suo impatto emotivo e legale, un tema che coinvolge molte famiglie della provincia di Belluno.<\/p><\/blockquote>\n<p>&nbsp;<\/p>\n<p>&nbsp;<\/p>\n<hr \/>\n<p>&nbsp;<\/p>\n<blockquote>\n<h3>LA PIETRA VIVA DELLE PREALPI BELLUNESI<\/h3>\n<\/blockquote>\n<p><strong>SEDICO<\/strong> L&#8217;evento, finanziato da ANCE Belluno, si terr\u00e0 gioved\u00ec 26 settembre 2024, dalle 10:00 alle 11:00, presso l&#8217;Aula Magna della Scuola Edile CFS in via Stadio 11\/A a Sedico. Saranno presenti la Soprintendenza Archeologia, Belle Arti e Paesaggio per l&#8217;area metropolitana di Venezia e le province di Belluno, Padova e Treviso, oltre al Consigliere regionale Silvia Cestaro.<\/p>\n<p>&nbsp;<\/p>\n<p>&nbsp;<\/p>\n<hr \/>\n<p>&nbsp;<\/p>\n<blockquote>\n<h2>Oltre le vette 2024: la montagna protagonista a Belluno<\/h2>\n<\/blockquote>\n<blockquote><p><em><a class=\"dt-pswp-item\" href=\"https:\/\/www.radiopiu.net\/wordpress\/wp-content\/uploads\/2024\/09\/OLVspettacolo-anima.jpg\" data-dt-img-description=\"\" data-large_image_width=\"2400\" data-large_image_height=\"1600\"><img loading=\"lazy\" decoding=\"async\" class=\"size-medium wp-image-410161 alignleft\" src=\"https:\/\/www.radiopiu.net\/wordpress\/wp-content\/uploads\/2024\/09\/OLVspettacolo-anima-300x200.jpg\" alt=\"\" width=\"300\" height=\"200\" srcset=\"https:\/\/www.radiopiu.net\/wordpress\/wp-content\/uploads\/2024\/09\/OLVspettacolo-anima-300x200.jpg 300w, https:\/\/www.radiopiu.net\/wordpress\/wp-content\/uploads\/2024\/09\/OLVspettacolo-anima-1024x683.jpg 1024w, https:\/\/www.radiopiu.net\/wordpress\/wp-content\/uploads\/2024\/09\/OLVspettacolo-anima-768x512.jpg 768w, https:\/\/www.radiopiu.net\/wordpress\/wp-content\/uploads\/2024\/09\/OLVspettacolo-anima-1536x1024.jpg 1536w, https:\/\/www.radiopiu.net\/wordpress\/wp-content\/uploads\/2024\/09\/OLVspettacolo-anima-2048x1365.jpg 2048w\" sizes=\"auto, (max-width: 300px) 100vw, 300px\" \/><\/a>&#8220;Oltre le vette&#8221; per gli appassionati di montagna.<\/em><\/p><\/blockquote>\n<p><strong>BELLUNO\u00a0 <\/strong>Dal 4 al 13 ottobre 2024, Belluno ospiter\u00e0 la 28a edizione di &#8220;Oltre le vette \u2013 Metafore, uomini, luoghi della montagna&#8221;. Il festival, uno dei pi\u00f9 longevi dedicati alla montagna in Italia, presenta 50 eventi che spaziano dall&#8217;alpinismo all&#8217;arte, con mostre, spettacoli e incontri. Quest\u2019anno il tema \u00e8 &#8220;Filo, philos, fil\u00f2&#8221;, esplorando il legame tra uomo e montagna attraverso diverse prospettive.<\/p>\n<p><strong>l&#8217;assessore alla Cultura Raffaele Addamiano<\/strong><\/p>\n<audio class=\"wp-audio-shortcode\" id=\"audio-410750-11\" preload=\"none\" style=\"width: 100%;\" controls=\"controls\"><source type=\"audio\/mpeg\" src=\"https:\/\/www.radiopiu.net\/wordpress\/wp-content\/uploads\/2024\/09\/addamianoOLV2024.mp3?_=11\" \/><a href=\"https:\/\/www.radiopiu.net\/wordpress\/wp-content\/uploads\/2024\/09\/addamianoOLV2024.mp3\">https:\/\/www.radiopiu.net\/wordpress\/wp-content\/uploads\/2024\/09\/addamianoOLV2024.mp3<\/a><\/audio>\n<p>&nbsp;<\/p>\n<p>&nbsp;<\/p>\n<hr \/>\n<p>&nbsp;<\/p>\n<h2><strong><a class=\"dt-pswp-item\" href=\"https:\/\/www.radiopiu.net\/wordpress\/wp-content\/uploads\/2023\/12\/ANTENNA.png\" data-dt-img-description=\"\" data-large_image_width=\"300\" data-large_image_height=\"166\"><img loading=\"lazy\" decoding=\"async\" class=\" wp-image-366306 alignleft\" src=\"https:\/\/www.radiopiu.net\/wordpress\/wp-content\/uploads\/2023\/12\/ANTENNA.png\" alt=\"\" width=\"175\" height=\"97\" \/><\/a><\/strong><\/h2>\n<h1 class=\"_title post-title entry-title\">BELLUNO | VERDE PUBBLICO: \u00abCOMUNE INADEMPIENTE\u00bb E SCATTA LA PETIZIONE POPOLARE<\/h1>\n<p>\u2013 Intervistati GIOVANNA CEINER (Presidente Italia Nostra Belluno), PIERLUIGI TREVISAN (Presidente Fiab Belluno) (Servizio di\u00a0<a href=\"https:\/\/antennatre.medianordest.it\/redazione\/Tiziana-Bolognani\/\">Tiziana Bolognani<\/a>)<\/p>\n<p><iframe loading=\"lazy\" title=\"VERDE PUBBLICO: \u00abCOMUNE INADEMPIENTE\u00bb E SCATTA LA PETIZIONE POPOLARE | 24\/09\/2024\" width=\"1200\" height=\"675\" src=\"https:\/\/www.youtube.com\/embed\/r9cZu0CHW0s?feature=oembed\" frameborder=\"0\" allow=\"accelerometer; autoplay; clipboard-write; encrypted-media; gyroscope; picture-in-picture; web-share\" referrerpolicy=\"strict-origin-when-cross-origin\" allowfullscreen><\/iframe><\/p>\n<p>&nbsp;<\/p>\n<hr \/>\n<p>&nbsp;<\/p>\n<blockquote>\n<h3><a class=\"dt-pswp-item\" href=\"https:\/\/www.radiopiu.net\/wordpress\/wp-content\/uploads\/2024\/09\/Apertura-anno-Lions-Club-Belluno.-Presentazione-omaggio-Pres.-Mattarella-e.ncesco.jpg\" data-dt-img-description=\"\" data-large_image_width=\"1920\" data-large_image_height=\"1080\"><img loading=\"lazy\" decoding=\"async\" class=\"size-medium wp-image-410919 alignright\" src=\"https:\/\/www.radiopiu.net\/wordpress\/wp-content\/uploads\/2024\/09\/Apertura-anno-Lions-Club-Belluno.-Presentazione-omaggio-Pres.-Mattarella-e.ncesco-300x169.jpg\" alt=\"\" width=\"300\" height=\"169\" srcset=\"https:\/\/www.radiopiu.net\/wordpress\/wp-content\/uploads\/2024\/09\/Apertura-anno-Lions-Club-Belluno.-Presentazione-omaggio-Pres.-Mattarella-e.ncesco-300x169.jpg 300w, https:\/\/www.radiopiu.net\/wordpress\/wp-content\/uploads\/2024\/09\/Apertura-anno-Lions-Club-Belluno.-Presentazione-omaggio-Pres.-Mattarella-e.ncesco-1024x576.jpg 1024w, https:\/\/www.radiopiu.net\/wordpress\/wp-content\/uploads\/2024\/09\/Apertura-anno-Lions-Club-Belluno.-Presentazione-omaggio-Pres.-Mattarella-e.ncesco-768x432.jpg 768w, https:\/\/www.radiopiu.net\/wordpress\/wp-content\/uploads\/2024\/09\/Apertura-anno-Lions-Club-Belluno.-Presentazione-omaggio-Pres.-Mattarella-e.ncesco-1536x864.jpg 1536w, https:\/\/www.radiopiu.net\/wordpress\/wp-content\/uploads\/2024\/09\/Apertura-anno-Lions-Club-Belluno.-Presentazione-omaggio-Pres.-Mattarella-e.ncesco.jpg 1920w\" sizes=\"auto, (max-width: 300px) 100vw, 300px\" \/><\/a>Lions Club Belluno: Pace e solidariet\u00e0 al centro dell&#8217;anno sociale<\/h3>\n<\/blockquote>\n<p><strong>BELLUNO<\/strong> La Presidente del Lions Club Belluno, Laura Ripoli, ha inaugurato il suo anno sociale, puntando su pace e servizio alla collettivit\u00e0. Durante l&#8217;incontro d&#8217;apertura, tenutosi al ristorante Carpenada di Belluno, ha annunciato numerose attivit\u00e0, tra cui iniziative di solidariet\u00e0 e la \u201cStaffetta lions per la Pace\u201d, culminante con la consegna di opere artistiche a Papa Francesco e al Presidente Mattarella.<\/p>\n<hr \/>\n<p>&nbsp;<\/p>\n<blockquote>\n<h3>SETTEMBRE PIAVENESE A BELLUNO<\/h3>\n<\/blockquote>\n<p><strong>BELLUNO<\/strong> La rassegna estiva \u201cDall\u2019Ardo alla Piave Festival\u201d si \u00e8 conclusa a settembre con una partecipazione positiva, in particolare per l&#8217;evento &#8220;La Cotogna di Istanbul&#8221;. Prima di lanciare il calendario autunnale, l\u2019associazione Borgo Piave ETC organizza \u201cSettembre Piavense\u201d: il 29 settembre \u201cImpressioni di porto fluviale\u2026\u201d, che mostrer\u00e0 un&#8217;anteprima del futuro spazio dedicato agli zattieri di Borgo Piave. Entrambi gli eventi richiedono prenotazione, con un contributo suggerito di 5 euro.<\/p>\n<p>&nbsp;<\/p>\n<p>&nbsp;<\/p>\n<p>&nbsp;<\/p>\n<hr \/>\n<p>&nbsp;<\/p>\n<blockquote>\n<h3 style=\"margin: 0cm; background: white;\"><span style=\"font-family: 'Tahoma',sans-serif; color: black;\">VITA DIFFERITA. ENRICO GASPERI, POESIE CIVILI E D\u2019AMORE<\/span><\/h3>\n<\/blockquote>\n<p><strong>BELLUNO\u00a0<\/strong> L\u2019Associazione Culturale Verba Volant, in collaborazione con il Comitato di Belluno della Societ\u00e0 Dante Alighieri e l\u2019IIS \u201cCatullo\u201d, organizza l\u2019evento \u201cVita Differita. Enrico Gasperi, poesie civili e d\u2019amore\u201d, un omaggio al poeta Enrico Gasperi, toscano di nascita ma bellunese d\u2019adozione, prematuramente scomparso nel mese di maggio del 2023, uno dei fondatori dell\u2019associazione. La serata si svolger\u00e0 a Belluno venerd\u00ec 27 settembre 2024 alle ore 17:00 presso il cortile dell\u2019IIS \u201cCatullo\u201d e vedr\u00e0 alternarsi letture, musica, ricordi e testimonianze.<\/p>\n<p>&nbsp;<\/p>\n<hr \/>\n<p>&nbsp;<\/p>\n<h2><span style=\"color: #ff6600;\">IERI ALLA RADIO<\/span><\/h2>\n<h2><span style=\"color: #00ccff;\">&#8220;DINTORN E FORA VIA&#8221;\u00a0 IL PROGRAMMA\u00a0 A CURA DEL MUSLA<\/span><\/h2>\n<p><strong><a class=\"dt-pswp-item\" href=\"https:\/\/www.radiopiu.net\/wordpress\/wp-content\/uploads\/2024\/09\/GIORNALI.jpg\" data-dt-img-description=\"\" data-large_image_width=\"1280\" data-large_image_height=\"853\"><img loading=\"lazy\" decoding=\"async\" class=\" wp-image-410862 alignleft\" src=\"https:\/\/www.radiopiu.net\/wordpress\/wp-content\/uploads\/2024\/09\/GIORNALI-300x200.jpg\" alt=\"\" width=\"170\" height=\"113\" srcset=\"https:\/\/www.radiopiu.net\/wordpress\/wp-content\/uploads\/2024\/09\/GIORNALI-300x200.jpg 300w, https:\/\/www.radiopiu.net\/wordpress\/wp-content\/uploads\/2024\/09\/GIORNALI-1024x682.jpg 1024w, https:\/\/www.radiopiu.net\/wordpress\/wp-content\/uploads\/2024\/09\/GIORNALI-768x512.jpg 768w, https:\/\/www.radiopiu.net\/wordpress\/wp-content\/uploads\/2024\/09\/GIORNALI.jpg 1280w\" sizes=\"auto, (max-width: 170px) 100vw, 170px\" \/><\/a>PUNTATA DEL 24 SETTEMBRE ERIK MARCON<\/strong><\/p>\n<audio class=\"wp-audio-shortcode\" id=\"audio-410750-12\" preload=\"none\" style=\"width: 100%;\" controls=\"controls\"><source type=\"audio\/mpeg\" src=\"https:\/\/www.radiopiu.net\/wordpress\/wp-content\/uploads\/2024\/09\/MUSLA-6.mp3?_=12\" \/><a href=\"https:\/\/www.radiopiu.net\/wordpress\/wp-content\/uploads\/2024\/09\/MUSLA-6.mp3\">https:\/\/www.radiopiu.net\/wordpress\/wp-content\/uploads\/2024\/09\/MUSLA-6.mp3<\/a><\/audio>\n<p>&nbsp;<\/p>\n<h2>LA RACCOLTA COMPLETA <a href=\"https:\/\/www.radiopiu.net\/wordpress\/musla\/\">CLICCA QUI<\/a><\/h2>\n<hr \/>\n<p>&nbsp;<\/p>\n<h2><span style=\"color: #339966;\">A BELLUNO IOGIOCO FESTIVAL, LA SECONDA EDIZIONE<\/span><\/h2>\n<p><strong><a class=\"dt-pswp-item\" href=\"https:\/\/www.radiopiu.net\/wordpress\/wp-content\/uploads\/2024\/09\/94df7af5-4676-4fca-af5c-d2b1f34f9efc-1.jpg\" data-dt-img-description=\"\" data-large_image_width=\"1600\" data-large_image_height=\"900\"><img loading=\"lazy\" decoding=\"async\" class=\" wp-image-410757 alignleft\" src=\"https:\/\/www.radiopiu.net\/wordpress\/wp-content\/uploads\/2024\/09\/94df7af5-4676-4fca-af5c-d2b1f34f9efc-1-300x169.jpg\" alt=\"\" width=\"213\" height=\"120\" srcset=\"https:\/\/www.radiopiu.net\/wordpress\/wp-content\/uploads\/2024\/09\/94df7af5-4676-4fca-af5c-d2b1f34f9efc-1-300x169.jpg 300w, https:\/\/www.radiopiu.net\/wordpress\/wp-content\/uploads\/2024\/09\/94df7af5-4676-4fca-af5c-d2b1f34f9efc-1-1024x576.jpg 1024w, https:\/\/www.radiopiu.net\/wordpress\/wp-content\/uploads\/2024\/09\/94df7af5-4676-4fca-af5c-d2b1f34f9efc-1-768x432.jpg 768w, https:\/\/www.radiopiu.net\/wordpress\/wp-content\/uploads\/2024\/09\/94df7af5-4676-4fca-af5c-d2b1f34f9efc-1-1536x864.jpg 1536w, https:\/\/www.radiopiu.net\/wordpress\/wp-content\/uploads\/2024\/09\/94df7af5-4676-4fca-af5c-d2b1f34f9efc-1.jpg 1600w\" sizes=\"auto, (max-width: 213px) 100vw, 213px\" \/><\/a>DI MIRKO MEZZACASA<\/strong><\/p>\n<p><strong>Al via la terza edizione di IOGIOCO Festival!<\/strong><\/p>\n<p>Prende il via mercoled\u00ec 25 settembre presso la Casa delle Arti &#8211; Spazio EX la terza edizione di IOGIOCO Festival, festival intergenerazionale e multiculturale dedicato al tema del gioco e del mettersi in gioco: cinque giorni di eventi, spettacoli teatrali, incontri, concerti e tanti laboratori dedicati a scuole, bambini, famiglie, un momento di accoglienza e di coinvolgimento per tutta la comunit\u00e0.<\/p>\n<p>OSPITI: Andrea Caldart e Daniele Giaffredo<\/p>\n<audio class=\"wp-audio-shortcode\" id=\"audio-410750-13\" preload=\"none\" style=\"width: 100%;\" controls=\"controls\"><source type=\"audio\/mpeg\" src=\"https:\/\/www.radiopiu.net\/wordpress\/wp-content\/uploads\/2024\/09\/andrea-caldart-daniele-giaffredp.mp3?_=13\" \/><a href=\"https:\/\/www.radiopiu.net\/wordpress\/wp-content\/uploads\/2024\/09\/andrea-caldart-daniele-giaffredp.mp3\">https:\/\/www.radiopiu.net\/wordpress\/wp-content\/uploads\/2024\/09\/andrea-caldart-daniele-giaffredp.mp3<\/a><\/audio>\n<p>&nbsp;<\/p>\n<hr \/>\n<p>&nbsp;<\/p>\n<h2><span style=\"color: #ff00ff;\">DI MARTEDI&#8230; POMERIGGIO CON LUISA ALCHINI<\/span><\/h2>\n<p><span style=\"color: #ff0000;\"><strong><a class=\"dt-pswp-item\" href=\"https:\/\/www.radiopiu.net\/wordpress\/wp-content\/uploads\/2024\/09\/460847221_10220367016325219_8895145825863784863_n.jpg\" data-dt-img-description=\"\" data-large_image_width=\"526\" data-large_image_height=\"683\"><img loading=\"lazy\" decoding=\"async\" class=\" wp-image-410816 alignleft\" src=\"https:\/\/www.radiopiu.net\/wordpress\/wp-content\/uploads\/2024\/09\/460847221_10220367016325219_8895145825863784863_n-231x300.jpg\" alt=\"\" width=\"130\" height=\"169\" srcset=\"https:\/\/www.radiopiu.net\/wordpress\/wp-content\/uploads\/2024\/09\/460847221_10220367016325219_8895145825863784863_n-231x300.jpg 231w, https:\/\/www.radiopiu.net\/wordpress\/wp-content\/uploads\/2024\/09\/460847221_10220367016325219_8895145825863784863_n.jpg 526w\" sizes=\"auto, (max-width: 130px) 100vw, 130px\" \/><\/a>PUNTATA 11 PARTE UNO &#8211; MASSIMO ANANIA<\/strong><\/span><\/p>\n<audio class=\"wp-audio-shortcode\" id=\"audio-410750-14\" preload=\"none\" style=\"width: 100%;\" controls=\"controls\"><source type=\"audio\/mpeg\" src=\"https:\/\/www.radiopiu.net\/wordpress\/wp-content\/uploads\/2024\/09\/LP1.mp3?_=14\" \/><a href=\"https:\/\/www.radiopiu.net\/wordpress\/wp-content\/uploads\/2024\/09\/LP1.mp3\">https:\/\/www.radiopiu.net\/wordpress\/wp-content\/uploads\/2024\/09\/LP1.mp3<\/a><\/audio>\n<p><span style=\"color: #ff0000;\">\u00a0<\/span><\/p>\n<p><span style=\"color: #ff0000;\"><strong>PARTE DUE<\/strong><\/span><\/p>\n<audio class=\"wp-audio-shortcode\" id=\"audio-410750-15\" preload=\"none\" style=\"width: 100%;\" controls=\"controls\"><source type=\"audio\/mpeg\" src=\"https:\/\/www.radiopiu.net\/wordpress\/wp-content\/uploads\/2024\/09\/LP2.mp3?_=15\" \/><a href=\"https:\/\/www.radiopiu.net\/wordpress\/wp-content\/uploads\/2024\/09\/LP2.mp3\">https:\/\/www.radiopiu.net\/wordpress\/wp-content\/uploads\/2024\/09\/LP2.mp3<\/a><\/audio>\n<p>&nbsp;<\/p>\n<h2>LA RACCOLTA COMPLETA <a href=\"https:\/\/www.radiopiu.net\/wordpress\/lmt11\/\">CLICCA QUI<\/a><\/h2>\n<p>&nbsp;<\/p>\n<hr \/>\n<p>&nbsp;<\/p>\n<h2><span style=\"color: #993300;\">SE DESMONTEGHEA! CHE FINE SETTIMANA A FALCADE DA &#8220;TUTTO ESAURITO&#8221;<\/span><\/h2>\n<p><strong><a href=\"https:\/\/www.radiopiu.net\/wordpress\/wp-content\/uploads\/2024\/09\/desmonteghea.webp\"><img loading=\"lazy\" decoding=\"async\" class=\" wp-image-410673 alignleft\" src=\"https:\/\/www.radiopiu.net\/wordpress\/wp-content\/uploads\/2024\/09\/desmonteghea-300x200.webp\" alt=\"\" width=\"171\" height=\"114\" srcset=\"https:\/\/www.radiopiu.net\/wordpress\/wp-content\/uploads\/2024\/09\/desmonteghea-300x200.webp 300w, https:\/\/www.radiopiu.net\/wordpress\/wp-content\/uploads\/2024\/09\/desmonteghea-1024x683.webp 1024w, https:\/\/www.radiopiu.net\/wordpress\/wp-content\/uploads\/2024\/09\/desmonteghea-768x512.webp 768w, https:\/\/www.radiopiu.net\/wordpress\/wp-content\/uploads\/2024\/09\/desmonteghea-1536x1024.webp 1536w, https:\/\/www.radiopiu.net\/wordpress\/wp-content\/uploads\/2024\/09\/desmonteghea-2048x1366.webp 2048w\" sizes=\"auto, (max-width: 171px) 100vw, 171px\" \/><\/a>DI MIRKO MEZZACASA<\/strong><\/p>\n<p>OSPITI: Antonella Schena, Alessio Xaiz, Giacomo Paolin e Zaira De Ventura<\/p>\n<audio class=\"wp-audio-shortcode\" id=\"audio-410750-16\" preload=\"none\" style=\"width: 100%;\" controls=\"controls\"><source type=\"audio\/mpeg\" src=\"https:\/\/www.radiopiu.net\/wordpress\/wp-content\/uploads\/2024\/09\/se-demonteghea-falcade.mp3?_=16\" \/><a href=\"https:\/\/www.radiopiu.net\/wordpress\/wp-content\/uploads\/2024\/09\/se-demonteghea-falcade.mp3\">https:\/\/www.radiopiu.net\/wordpress\/wp-content\/uploads\/2024\/09\/se-demonteghea-falcade.mp3<\/a><\/audio>\n<p>&nbsp;<\/p>\n<p>&nbsp;<\/p>\n<hr \/>\n<p>&nbsp;<\/p>\n<blockquote>\n<h2><a class=\"dt-pswp-item\" href=\"https:\/\/www.radiopiu.net\/wordpress\/wp-content\/uploads\/2024\/09\/28bdb21e-f180-472d-af31-563faf9d341e.jpg\" data-dt-img-description=\"\" data-large_image_width=\"1131\" data-large_image_height=\"1600\"><img loading=\"lazy\" decoding=\"async\" class=\"wp-image-409980 alignleft\" src=\"https:\/\/www.radiopiu.net\/wordpress\/wp-content\/uploads\/2024\/09\/28bdb21e-f180-472d-af31-563faf9d341e-212x300.jpg\" alt=\"\" width=\"176\" height=\"249\" srcset=\"https:\/\/www.radiopiu.net\/wordpress\/wp-content\/uploads\/2024\/09\/28bdb21e-f180-472d-af31-563faf9d341e-212x300.jpg 212w, https:\/\/www.radiopiu.net\/wordpress\/wp-content\/uploads\/2024\/09\/28bdb21e-f180-472d-af31-563faf9d341e-724x1024.jpg 724w, https:\/\/www.radiopiu.net\/wordpress\/wp-content\/uploads\/2024\/09\/28bdb21e-f180-472d-af31-563faf9d341e-768x1086.jpg 768w, https:\/\/www.radiopiu.net\/wordpress\/wp-content\/uploads\/2024\/09\/28bdb21e-f180-472d-af31-563faf9d341e-1086x1536.jpg 1086w, https:\/\/www.radiopiu.net\/wordpress\/wp-content\/uploads\/2024\/09\/28bdb21e-f180-472d-af31-563faf9d341e.jpg 1131w\" sizes=\"auto, (max-width: 176px) 100vw, 176px\" \/><\/a><span style=\"color: #800080;\">45^ MOSTRA MERCATO A VILLA PATT DI SEDICO, CON LA PROLOCO IL 29 SETTEMBRE<\/span><\/h2>\n<\/blockquote>\n<p><strong>SEDICO<\/strong> Sar\u00e0 un&#8217;altra grande festa a fine mese a Villa Patt, con la Proloco di Sedico e i tanti appuntamenti nell&#8217;ambito delle Mostra Mercato che giunge alla 45edisione. Con Claudio Mezzavilla, presidente della Proloco parliamo dell&#8217;evento, ma anche dell&#8217;inaugurazione della panchina rossa in ricordo di Laura Forcellini e del concorso Balcone Fiorito con la collaborazione di Stefano De Paris del team Dolomiti Garden<\/p>\n<p><strong>AUDIO ospite Claudio Mezzavilla<\/strong><\/p>\n<p><strong>di mirko mezzacasa\u00a0<\/strong><\/p>\n<audio class=\"wp-audio-shortcode\" id=\"audio-410750-17\" preload=\"none\" style=\"width: 100%;\" controls=\"controls\"><source type=\"audio\/mpeg\" src=\"https:\/\/www.radiopiu.net\/wordpress\/wp-content\/uploads\/2024\/09\/CLAUDIO-MEZZAVILLA.mp3?_=17\" \/><a href=\"https:\/\/www.radiopiu.net\/wordpress\/wp-content\/uploads\/2024\/09\/CLAUDIO-MEZZAVILLA.mp3\">https:\/\/www.radiopiu.net\/wordpress\/wp-content\/uploads\/2024\/09\/CLAUDIO-MEZZAVILLA.mp3<\/a><\/audio>\n<p>&nbsp;<\/p>\n<p>&nbsp;<\/p>\n<hr \/>\n<p>&nbsp;<\/p>\n<blockquote>\n<h3><\/h3>\n<h3>LA MOSTRA DI HANS HAACKE A BELLUNO FINO AL 29 SETTEMBRE<\/h3>\n<\/blockquote>\n<p><a class=\"dt-pswp-item\" href=\"https:\/\/www.radiopiu.net\/wordpress\/wp-content\/uploads\/2024\/09\/SCR-20240908-ophz.jpeg\" data-dt-img-description=\"Screenshot\" data-large_image_width=\"1254\" data-large_image_height=\"932\"><img loading=\"lazy\" decoding=\"async\" class=\"wp-image-408564 alignleft\" src=\"https:\/\/www.radiopiu.net\/wordpress\/wp-content\/uploads\/2024\/09\/SCR-20240908-ophz-300x223.jpeg\" alt=\"\" width=\"161\" height=\"120\" srcset=\"https:\/\/www.radiopiu.net\/wordpress\/wp-content\/uploads\/2024\/09\/SCR-20240908-ophz-300x223.jpeg 300w, https:\/\/www.radiopiu.net\/wordpress\/wp-content\/uploads\/2024\/09\/SCR-20240908-ophz-1024x761.jpeg 1024w, https:\/\/www.radiopiu.net\/wordpress\/wp-content\/uploads\/2024\/09\/SCR-20240908-ophz-768x571.jpeg 768w, https:\/\/www.radiopiu.net\/wordpress\/wp-content\/uploads\/2024\/09\/SCR-20240908-ophz.jpeg 1254w\" sizes=\"auto, (max-width: 161px) 100vw, 161px\" \/><\/a><strong>BELLUNO<\/strong><\/p>\n<p>DI ROBERTO BONA<\/p>\n<audio class=\"wp-audio-shortcode\" id=\"audio-410750-18\" preload=\"none\" style=\"width: 100%;\" controls=\"controls\"><source type=\"audio\/mpeg\" src=\"https:\/\/www.radiopiu.net\/wordpress\/wp-content\/uploads\/2024\/09\/BONA-MOSTRA-BELLUNO-SCADE-29-SETTEMBRE.mp3?_=18\" \/><a href=\"https:\/\/www.radiopiu.net\/wordpress\/wp-content\/uploads\/2024\/09\/BONA-MOSTRA-BELLUNO-SCADE-29-SETTEMBRE.mp3\">https:\/\/www.radiopiu.net\/wordpress\/wp-content\/uploads\/2024\/09\/BONA-MOSTRA-BELLUNO-SCADE-29-SETTEMBRE.mp3<\/a><\/audio>\n<p>&nbsp;<\/p>\n<hr \/>\n<p>&nbsp;<\/p>\n<blockquote class=\"wp-embedded-content\" data-secret=\"dhVO1nKOvp\"><p><a href=\"https:\/\/www.radiopiu.net\/wordpress\/liber24\/\">LIBER, IL  MERCOLEDI ALLA RADIO CON LIANA CAVALLET<\/a><\/p><\/blockquote>\n<p><iframe loading=\"lazy\" class=\"wp-embedded-content\" sandbox=\"allow-scripts\" security=\"restricted\" style=\"position: absolute; visibility: hidden;\" title=\"&#8220;LIBER, IL  MERCOLEDI ALLA RADIO CON LIANA CAVALLET&#8221; &#8212; Radio Pi\u00f9\" src=\"https:\/\/www.radiopiu.net\/wordpress\/liber24\/embed\/#?secret=056BLRZrz2#?secret=dhVO1nKOvp\" data-secret=\"dhVO1nKOvp\" width=\"600\" height=\"338\" frameborder=\"0\" marginwidth=\"0\" marginheight=\"0\" scrolling=\"no\"><\/iframe><\/p>\n<p>&nbsp;<\/p>\n<hr \/>\n<p>&nbsp;<\/p>\n<h2><span style=\"color: #ff0000;\"><a class=\"dt-pswp-item\" href=\"https:\/\/www.radiopiu.net\/wordpress\/wp-content\/uploads\/2018\/09\/appuntamenti.jpeg\" data-dt-img-description=\"\" data-large_image_width=\"800\" data-large_image_height=\"100\"><img loading=\"lazy\" decoding=\"async\" class=\"wp-image-61958 size-full aligncenter\" src=\"https:\/\/www.radiopiu.net\/wordpress\/wp-content\/uploads\/2018\/09\/appuntamenti.jpeg\" alt=\"\" width=\"800\" height=\"100\" srcset=\"https:\/\/www.radiopiu.net\/wordpress\/wp-content\/uploads\/2018\/09\/appuntamenti.jpeg 800w, https:\/\/www.radiopiu.net\/wordpress\/wp-content\/uploads\/2018\/09\/appuntamenti-300x38.jpeg 300w, https:\/\/www.radiopiu.net\/wordpress\/wp-content\/uploads\/2018\/09\/appuntamenti-768x96.jpeg 768w\" sizes=\"auto, (max-width: 800px) 100vw, 800px\" \/><\/a><\/span><\/h2>\n<p>&nbsp;<\/p>\n<div>\n<div class=\"\" dir=\"auto\">\n<div id=\":r9h:\" class=\"x1iorvi4 x1pi30zi x1l90r2v x1swvt13\" data-ad-comet-preview=\"message\" data-ad-preview=\"message\">\n\n\t\t\t<style type='text\/css'>\n\t\t\t\t#gallery-1 {\n\t\t\t\t\tmargin: auto;\n\t\t\t\t}\n\t\t\t\t#gallery-1 .gallery-item {\n\t\t\t\t\tfloat: left;\n\t\t\t\t\tmargin-top: 10px;\n\t\t\t\t\ttext-align: center;\n\t\t\t\t\twidth: 25%;\n\t\t\t\t}\n\t\t\t\t#gallery-1 img {\n\t\t\t\t\tborder: 2px solid #cfcfcf;\n\t\t\t\t}\n\t\t\t\t#gallery-1 .gallery-caption {\n\t\t\t\t\tmargin-left: 0;\n\t\t\t\t}\n\t\t\t\t\/* see gallery_shortcode() in wp-includes\/media.php *\/\n\t\t\t<\/style>\n\t\t<div id='gallery-1' class='dt-gallery-container gallery galleryid-410750 gallery-columns-4 gallery-size-thumbnail'><dl class='gallery-item'>\n\t\t\t\t<dt class='gallery-icon portrait'>\n\t\t\t\t\t<a class=\"rollover rollover-zoom dt-pswp-item\" title=\"LOC_A3_MOSTRA-RADIO_CMVI\" data-dt-img-description=\"\" data-large_image_width=\"1816\" data-large_image_height=\"2560\"href='https:\/\/www.radiopiu.net\/wordpress\/wp-content\/uploads\/2024\/08\/LOC_A3_MOSTRA-RADIO_CMVI-scaled.jpg'><img loading=\"lazy\" decoding=\"async\" width=\"150\" height=\"150\" src=\"https:\/\/www.radiopiu.net\/wordpress\/wp-content\/uploads\/2024\/08\/LOC_A3_MOSTRA-RADIO_CMVI-150x150.jpg\" class=\"attachment-thumbnail size-thumbnail\" alt=\"\" aria-describedby=\"gallery-1-403450\" \/><\/a>\n\t\t\t\t<\/dt>\n\t\t\t\t\t<dd class='wp-caption-text gallery-caption' id='gallery-1-403450'>\n\t\t\t\t\tLA MOSTRA DELLE RADIO IN VALLE IMPERINA\n\t\t\t\t\t<\/dd><\/dl><dl class='gallery-item'>\n\t\t\t\t<dt class='gallery-icon portrait'>\n\t\t\t\t\t<a class=\"rollover rollover-zoom dt-pswp-item\" title=\"WhatsApp Image 2024-08-29 at 15.33.03\" data-dt-img-description=\"\" data-large_image_width=\"1131\" data-large_image_height=\"1600\"href='https:\/\/www.radiopiu.net\/wordpress\/wp-content\/uploads\/2024\/09\/WhatsApp-Image-2024-08-29-at-15.33.03.jpeg'><img loading=\"lazy\" decoding=\"async\" width=\"150\" height=\"150\" src=\"https:\/\/www.radiopiu.net\/wordpress\/wp-content\/uploads\/2024\/09\/WhatsApp-Image-2024-08-29-at-15.33.03-150x150.jpeg\" class=\"attachment-thumbnail size-thumbnail\" alt=\"\" aria-describedby=\"gallery-1-408070\" \/><\/a>\n\t\t\t\t<\/dt>\n\t\t\t\t\t<dd class='wp-caption-text gallery-caption' id='gallery-1-408070'>\n\t\t\t\t\tFESTA DELLA BIRRA A GOSALDO\n\t\t\t\t\t<\/dd><\/dl><dl class='gallery-item'>\n\t\t\t\t<dt class='gallery-icon portrait'>\n\t\t\t\t\t<a class=\"rollover rollover-zoom dt-pswp-item\" title=\"03efb118-d97d-457e-b9cc-b1da6a42649b\" data-dt-img-description=\"\" data-large_image_width=\"905\" data-large_image_height=\"1280\"href='https:\/\/www.radiopiu.net\/wordpress\/wp-content\/uploads\/2024\/09\/03efb118-d97d-457e-b9cc-b1da6a42649b.jpg'><img loading=\"lazy\" decoding=\"async\" width=\"150\" height=\"150\" src=\"https:\/\/www.radiopiu.net\/wordpress\/wp-content\/uploads\/2024\/09\/03efb118-d97d-457e-b9cc-b1da6a42649b-150x150.jpg\" class=\"attachment-thumbnail size-thumbnail\" alt=\"\" aria-describedby=\"gallery-1-408383\" \/><\/a>\n\t\t\t\t<\/dt>\n\t\t\t\t\t<dd class='wp-caption-text gallery-caption' id='gallery-1-408383'>\n\t\t\t\t\tA OTTOBRE A VOLTAGO\n\t\t\t\t\t<\/dd><\/dl><dl class='gallery-item'>\n\t\t\t\t<dt class='gallery-icon portrait'>\n\t\t\t\t\t<a class=\"rollover rollover-zoom dt-pswp-item\" title=\"b69bb19f-4dff-44b8-8f0f-7b20d47f34a5\" data-dt-img-description=\"\" data-large_image_width=\"1133\" data-large_image_height=\"1600\"href='https:\/\/www.radiopiu.net\/wordpress\/wp-content\/uploads\/2024\/09\/b69bb19f-4dff-44b8-8f0f-7b20d47f34a5.jpg'><img loading=\"lazy\" decoding=\"async\" width=\"150\" height=\"150\" src=\"https:\/\/www.radiopiu.net\/wordpress\/wp-content\/uploads\/2024\/09\/b69bb19f-4dff-44b8-8f0f-7b20d47f34a5-150x150.jpg\" class=\"attachment-thumbnail size-thumbnail\" alt=\"\" aria-describedby=\"gallery-1-408941\" \/><\/a>\n\t\t\t\t<\/dt>\n\t\t\t\t\t<dd class='wp-caption-text gallery-caption' id='gallery-1-408941'>\n\t\t\t\t\tA FALCADE A FINE MESE\n\t\t\t\t\t<\/dd><\/dl><br style=\"clear: both\" \/><dl class='gallery-item'>\n\t\t\t\t<dt class='gallery-icon portrait'>\n\t\t\t\t\t<a class=\"rollover rollover-zoom dt-pswp-item\" title=\"Manifesto de El d\u00ec del Trator\" data-dt-img-description=\"\" data-large_image_width=\"1144\" data-large_image_height=\"1600\"href='https:\/\/www.radiopiu.net\/wordpress\/wp-content\/uploads\/2024\/09\/Manifesto-de-El-di-del-Trator.jpeg'><img loading=\"lazy\" decoding=\"async\" width=\"150\" height=\"150\" src=\"https:\/\/www.radiopiu.net\/wordpress\/wp-content\/uploads\/2024\/09\/Manifesto-de-El-di-del-Trator-150x150.jpeg\" class=\"attachment-thumbnail size-thumbnail\" alt=\"\" aria-describedby=\"gallery-1-410274\" \/><\/a>\n\t\t\t\t<\/dt>\n\t\t\t\t\t<dd class='wp-caption-text gallery-caption' id='gallery-1-410274'>\n\t\t\t\t\tIL 6 OTTOBRE A CANALE D&#8217;AGORDO\n\t\t\t\t\t<\/dd><\/dl><dl class='gallery-item'>\n\t\t\t\t<dt class='gallery-icon portrait'>\n\t\t\t\t\t<a class=\"rollover rollover-zoom dt-pswp-item\" title=\"Screenshot\" data-dt-img-description=\"\" data-large_image_width=\"1714\" data-large_image_height=\"1792\"href='https:\/\/www.radiopiu.net\/wordpress\/wp-content\/uploads\/2024\/09\/SCR-20240921-onob.jpeg'><img loading=\"lazy\" decoding=\"async\" width=\"150\" height=\"150\" src=\"https:\/\/www.radiopiu.net\/wordpress\/wp-content\/uploads\/2024\/09\/SCR-20240921-onob-150x150.jpeg\" class=\"attachment-thumbnail size-thumbnail\" alt=\"\" aria-describedby=\"gallery-1-410438\" \/><\/a>\n\t\t\t\t<\/dt>\n\t\t\t\t\t<dd class='wp-caption-text gallery-caption' id='gallery-1-410438'>\n\t\t\t\t\tSABATO AD AGORDO\n\t\t\t\t\t<\/dd><\/dl><dl class='gallery-item'>\n\t\t\t\t<dt class='gallery-icon portrait'>\n\t\t\t\t\t<a class=\"rollover rollover-zoom dt-pswp-item\" title=\"5 ottobre\" data-dt-img-description=\"\" data-large_image_width=\"1754\" data-large_image_height=\"2480\"href='https:\/\/www.radiopiu.net\/wordpress\/wp-content\/uploads\/2024\/09\/5-ottobre.jpg'><img loading=\"lazy\" decoding=\"async\" width=\"150\" height=\"150\" src=\"https:\/\/www.radiopiu.net\/wordpress\/wp-content\/uploads\/2024\/09\/5-ottobre-150x150.jpg\" class=\"attachment-thumbnail size-thumbnail\" alt=\"\" aria-describedby=\"gallery-1-410439\" \/><\/a>\n\t\t\t\t<\/dt>\n\t\t\t\t\t<dd class='wp-caption-text gallery-caption' id='gallery-1-410439'>\n\t\t\t\t\tAD ARSON DI FELTRE\n\t\t\t\t\t<\/dd><\/dl><dl class='gallery-item'>\n\t\t\t\t<dt class='gallery-icon portrait'>\n\t\t\t\t\t<a class=\"rollover rollover-zoom dt-pswp-item\" title=\"f6f8dc5c-bd68-47ad-9316-164858085c3f\" data-dt-img-description=\"\" data-large_image_width=\"754\" data-large_image_height=\"1600\"href='https:\/\/www.radiopiu.net\/wordpress\/wp-content\/uploads\/2024\/09\/f6f8dc5c-bd68-47ad-9316-164858085c3f.jpg'><img loading=\"lazy\" decoding=\"async\" width=\"150\" height=\"150\" src=\"https:\/\/www.radiopiu.net\/wordpress\/wp-content\/uploads\/2024\/09\/f6f8dc5c-bd68-47ad-9316-164858085c3f-150x150.jpg\" class=\"attachment-thumbnail size-thumbnail\" alt=\"\" aria-describedby=\"gallery-1-410886\" \/><\/a>\n\t\t\t\t<\/dt>\n\t\t\t\t\t<dd class='wp-caption-text gallery-caption' id='gallery-1-410886'>\n\t\t\t\t\tIL PRIMO APPUNTAMENTO CON L&#8217;UNIVERSITA&#8217; DEGLI ANZIANI DI AGORDO\n\t\t\t\t\t<\/dd><\/dl><br style=\"clear: both\" \/>\n\t\t\t<\/div>\n\n<p>&nbsp;<\/p>\n<hr \/>\n<p>&nbsp;<\/p>\n<p>&nbsp;<\/p>\n<blockquote class=\"wp-embedded-content\" data-secret=\"mIKfpEOjY1\"><p><a href=\"https:\/\/www.radiopiu.net\/wordpress\/n-di-parom-l-almanach-de-la-nosta-jent-raccolta-completa\/\">N di parom &#8211; L Almanach de la nosta jent RACCOLTA COMPLETA<\/a><\/p><\/blockquote>\n<p><iframe loading=\"lazy\" class=\"wp-embedded-content\" sandbox=\"allow-scripts\" security=\"restricted\" style=\"position: absolute; visibility: hidden;\" title=\"&#8220;N di parom &#8211; L Almanach de la nosta jent RACCOLTA COMPLETA&#8221; &#8212; Radio Pi\u00f9\" src=\"https:\/\/www.radiopiu.net\/wordpress\/n-di-parom-l-almanach-de-la-nosta-jent-raccolta-completa\/embed\/#?secret=MORluW2VSX#?secret=mIKfpEOjY1\" data-secret=\"mIKfpEOjY1\" width=\"600\" height=\"338\" frameborder=\"0\" marginwidth=\"0\" marginheight=\"0\" scrolling=\"no\"><\/iframe><\/p>\n<blockquote class=\"wp-embedded-content\" data-secret=\"yW4TPpdubC\"><p><a href=\"https:\/\/www.radiopiu.net\/wordpress\/pirole-de-lenga-la-parola-del-giorno-a-cura-del-musla-raccolta-completa\/\">PIROLE DE LENGA&#8230; LA PAROLA DEL GIORNO A CURA DEL MUSLA -raccolta completa &#8211;<\/a><\/p><\/blockquote>\n<p><iframe loading=\"lazy\" class=\"wp-embedded-content\" sandbox=\"allow-scripts\" security=\"restricted\" style=\"position: absolute; visibility: hidden;\" title=\"&#8220;PIROLE DE LENGA&#8230; LA PAROLA DEL GIORNO A CURA DEL MUSLA -raccolta completa &#8211;&#8221; &#8212; Radio Pi\u00f9\" src=\"https:\/\/www.radiopiu.net\/wordpress\/pirole-de-lenga-la-parola-del-giorno-a-cura-del-musla-raccolta-completa\/embed\/#?secret=nm0eso8yFg#?secret=yW4TPpdubC\" data-secret=\"yW4TPpdubC\" width=\"600\" height=\"338\" frameborder=\"0\" marginwidth=\"0\" marginheight=\"0\" scrolling=\"no\"><\/iframe><\/p>\n<blockquote class=\"wp-embedded-content\" data-secret=\"58XAVnPWo9\"><p><a href=\"https:\/\/www.radiopiu.net\/wordpress\/set5a\/\">EL BAL DEL FIOR, DETTI E MODI DI DIRE  LA RACCOLTA COMPLETA<\/a><\/p><\/blockquote>\n<p><iframe loading=\"lazy\" class=\"wp-embedded-content\" sandbox=\"allow-scripts\" security=\"restricted\" style=\"position: absolute; visibility: hidden;\" title=\"&#8220;EL BAL DEL FIOR, DETTI E MODI DI DIRE  LA RACCOLTA COMPLETA&#8221; &#8212; Radio Pi\u00f9\" src=\"https:\/\/www.radiopiu.net\/wordpress\/set5a\/embed\/#?secret=8gOQ6ikZuc#?secret=58XAVnPWo9\" data-secret=\"58XAVnPWo9\" width=\"600\" height=\"338\" frameborder=\"0\" marginwidth=\"0\" marginheight=\"0\" scrolling=\"no\"><\/iframe><\/p>\n<p>&nbsp;<\/p>\n<hr \/>\n<p>&nbsp;<\/p>\n<\/div>\n<\/div>\n<\/div>\n<p><a class=\"dt-pswp-item\" href=\"https:\/\/www.radiopiu.net\/wordpress\/wp-content\/uploads\/2018\/09\/WhatsApp-Image-2018-09-20-at-16.04.06.jpeg\" data-dt-img-description=\"\" data-large_image_width=\"800\" data-large_image_height=\"100\"><img loading=\"lazy\" decoding=\"async\" class=\"wp-image-61378 size-full aligncenter\" src=\"https:\/\/www.radiopiu.net\/wordpress\/wp-content\/uploads\/2018\/09\/WhatsApp-Image-2018-09-20-at-16.04.06.jpeg\" alt=\"\" width=\"800\" height=\"100\" srcset=\"https:\/\/www.radiopiu.net\/wordpress\/wp-content\/uploads\/2018\/09\/WhatsApp-Image-2018-09-20-at-16.04.06.jpeg 800w, https:\/\/www.radiopiu.net\/wordpress\/wp-content\/uploads\/2018\/09\/WhatsApp-Image-2018-09-20-at-16.04.06-300x38.jpeg 300w, https:\/\/www.radiopiu.net\/wordpress\/wp-content\/uploads\/2018\/09\/WhatsApp-Image-2018-09-20-at-16.04.06-768x96.jpeg 768w\" sizes=\"auto, (max-width: 800px) 100vw, 800px\" \/><\/a><\/p>\n<p><center><\/center><b>\u00a0<\/b><\/p>\n<p><b>OGGI <\/b>Al mattino cielo irregolarmente nuvoloso con possibili nubi basse nelle ore fredde in alcune valli prealpine e con qualche schiarita nel corso della mattinata specie sulle Dolomiti; nel pomeriggio presenza di nuvolosit\u00e0 pi\u00f9 consistente con scarsi fenomeni, al pi\u00f9 locali<br \/>\n<strong>Precipitazioni.<\/strong> Non esclusi locali piovaschi specie al mattino e sulle Prealpi occidentali<br \/>\nTemperature in generale lieve calo specie in quota.<\/p>\n<hr \/>\n<p><b>DOMANI <\/b>Al mattino cielo irregolarmente nuvoloso con possibili nubi basse in molte valli nelle ore fredde e qualche parziale schiarita nel corso della mattinata. Nel pomeriggio intensificazione della nuvolosit\u00e0 con fenomeni inizialmente sparsi poi via via diffusi con rovesci e qualche temporale soprattutto sulle Prealpi.<br \/>\n<strong>Precipitazioni.<\/strong> Al mattino generalmente assenti, salvo occasionali brevi piovaschi. Nel corso del pomeriggio aumento della probabilit\u00e0 fino a medio-alta per precipitazioni inizialmente sparse poi pi\u00f9 diffuse nella sera e nella nottata anche a carattere di rovescio o temporale, specie sulle zone prealpine.<br \/>\n<strong>Temperature.<\/strong>\u00a0Minime in generale lieve aumento, massime in lieve calo nelle valli, in aumento in alta montagna dove saranno misurate a fine giornata.<\/p>\n<hr \/>\n<p><strong>VENERDI<\/strong> Tempo variabile e instabile con cielo molto nuvoloso o coperto con precipitazioni sparse o diffuse specie al mattino generalmente consistenti, localmente anche abbondanti. Nel pomeriggio possibili ancora dei rovesci ma discontinui e da locali a sparsi. Temperature in generale aumento lieve o contenuto.<\/p>\n<hr \/>\n<p><strong>SABATO<\/strong>\u00a0Al mattino tempo ancora variabile e a tratti instabile con cielo con nuvolosit\u00e0 irregolare associata e qualche precipitazione nevosa oltre i 2200-2400 m; probabili schiarite con scarsi fenomeni nel corso del pomeriggio\/sera. Temperature in calo specie le minime e in quota.<\/p>\n<p>&nbsp;<\/p>\n<hr \/>\n<p>&nbsp;<\/p>\n<p><a class=\"dt-pswp-item\" href=\"https:\/\/www.radiopiu.net\/wordpress\/wp-content\/uploads\/2018\/09\/sport.jpg\" data-dt-img-description=\"\" data-large_image_width=\"800\" data-large_image_height=\"100\"><img loading=\"lazy\" decoding=\"async\" class=\"aligncenter wp-image-60761 size-full\" src=\"https:\/\/www.radiopiu.net\/wordpress\/wp-content\/uploads\/2018\/09\/sport.jpg\" alt=\"\" width=\"800\" height=\"100\" srcset=\"https:\/\/www.radiopiu.net\/wordpress\/wp-content\/uploads\/2018\/09\/sport.jpg 800w, https:\/\/www.radiopiu.net\/wordpress\/wp-content\/uploads\/2018\/09\/sport-300x38.jpg 300w, https:\/\/www.radiopiu.net\/wordpress\/wp-content\/uploads\/2018\/09\/sport-768x96.jpg 768w\" sizes=\"auto, (max-width: 800px) 100vw, 800px\" \/>\u00a0<\/a><\/p>\n<p><span style=\"color: #0000ff;\"><b>NUOTO<\/b><\/span><\/p>\n<blockquote>\n<h3>TRIONFO A SAN TEODORO: ENRICO GIACOMIN CAMPIONE ITALIANO DI NUOTO IN ACQUE LIBERE<\/h3>\n<\/blockquote>\n<p><a class=\"dt-pswp-item\" href=\"https:\/\/www.radiopiu.net\/wordpress\/wp-content\/uploads\/2024\/09\/Giacomin_campione_italiano.jpg\" data-dt-img-description=\"\" data-large_image_width=\"1600\" data-large_image_height=\"1200\"><img loading=\"lazy\" decoding=\"async\" class=\" wp-image-410871 alignleft\" src=\"https:\/\/www.radiopiu.net\/wordpress\/wp-content\/uploads\/2024\/09\/Giacomin_campione_italiano-300x225.jpg\" alt=\"\" width=\"211\" height=\"158\" srcset=\"https:\/\/www.radiopiu.net\/wordpress\/wp-content\/uploads\/2024\/09\/Giacomin_campione_italiano-300x225.jpg 300w, https:\/\/www.radiopiu.net\/wordpress\/wp-content\/uploads\/2024\/09\/Giacomin_campione_italiano-1024x768.jpg 1024w, https:\/\/www.radiopiu.net\/wordpress\/wp-content\/uploads\/2024\/09\/Giacomin_campione_italiano-768x576.jpg 768w, https:\/\/www.radiopiu.net\/wordpress\/wp-content\/uploads\/2024\/09\/Giacomin_campione_italiano-1536x1152.jpg 1536w, https:\/\/www.radiopiu.net\/wordpress\/wp-content\/uploads\/2024\/09\/Giacomin_campione_italiano.jpg 1600w\" sizes=\"auto, (max-width: 211px) 100vw, 211px\" \/><\/a>Sabato a San Teodoro si \u00e8 concluso il circuito nazionale di acque libere della Federazione Italiana Nuoto Paralimpico (FINP). L&#8217;evento prevedeva gare sui 1.500 metri per le classi di disabilit\u00e0 S3-S6 e sui 3.000 metri per le classi S6-S10 e S11-S14. Enrico Giacomin, della Sportivamente Belluno, ha vinto il titolo di Campione italiano in acque libere 2024, trionfando anche nel circuito a quattro tappe che includeva Riccione, Palermo, Caorle e San Teodoro. Giacomin ha battuto rivali come Roberto Pasquini e Giacomo Di Santo, concludendo la gara finale in 50&#8217;36&#8243;70. Ha attribuito parte del suo successo all&#8217;assenza degli atleti pi\u00f9 giovani, impegnati alle Paralimpiadi, ma ha notato con piacere la crescente attenzione per le acque libere nel nuoto paralimpico.<\/p>\n<p>&nbsp;<\/p>\n<p><span style=\"color: #0000ff;\"><strong>CALCIO<\/strong><\/span><\/p>\n<blockquote>\n<h3>LA SUPER COPPA OVER REGIONALE CSI PARLA BELLUNESE<\/h3>\n<\/blockquote>\n<p><a class=\"dt-pswp-item\" href=\"https:\/\/www.radiopiu.net\/wordpress\/wp-content\/uploads\/2021\/09\/PALLONE-CALCIO-CSI.jpg\" data-dt-img-description=\"\" data-large_image_width=\"956\" data-large_image_height=\"637\"><img loading=\"lazy\" decoding=\"async\" class=\" wp-image-233126 alignleft\" src=\"https:\/\/www.radiopiu.net\/wordpress\/wp-content\/uploads\/2021\/09\/PALLONE-CALCIO-CSI-300x200.jpg\" alt=\"\" width=\"161\" height=\"107\" srcset=\"https:\/\/www.radiopiu.net\/wordpress\/wp-content\/uploads\/2021\/09\/PALLONE-CALCIO-CSI-300x200.jpg 300w, https:\/\/www.radiopiu.net\/wordpress\/wp-content\/uploads\/2021\/09\/PALLONE-CALCIO-CSI-768x512.jpg 768w, https:\/\/www.radiopiu.net\/wordpress\/wp-content\/uploads\/2021\/09\/PALLONE-CALCIO-CSI.jpg 956w\" sizes=\"auto, (max-width: 161px) 100vw, 161px\" \/><\/a>Sabato 21 settembre, a Codiverno (Padova), si \u00e8 svolta la prima edizione della Supercoppa Over di calcio, organizzata dai comitati Csi di Belluno e Padova. Il torneo ha coinvolto quattro squadre: due del campionato Over di Belluno, Tomo Bar La Sosta (campione 2023-2024) e Pizzeria Charlie (vincitrice della Coppa disciplina), e due squadre di Padova, Ac Tombelle e Codiverno Over. La finale \u00e8 stata vinta dalla Pizzeria Charlie, che ha battuto il Tomo Bar La Sosta 4-1. L&#8217;Ac Tombelle ha conquistato il terzo posto, superando il Codiverno Over 5-1.<\/p>\n<p>&nbsp;<\/p>\n<p><span style=\"color: #0000ff;\">\u00a0<strong>CORSA IN MONTAGNA<\/strong><\/span><\/p>\n<blockquote>\n<h3>TRA POCHI GIORNI LA DOLOMITI RECUE RACE<\/h3>\n<\/blockquote>\n<p>Mancano pochi giorni al via della 13a Dolomiti Rescue Race, la manifestazione che riunisce oltre 300 soccorritori provenienti da tutta Europa e che si svolger\u00e0 a Pieve di Cadore sabato 5 ottobre. Alla presenza della sindaca Sindi Manushi, del capo del Soccorso alpino di Pieve di Cadore Giuliano Baracco e dell&#8217;ideatore dell&#8217;evento Marco Da Col, domani alle 11, nella Sala consiliare del Comune di Pieve di Cadore si terr\u00e0 la conferenza stampa di presentazione.<\/p>\n<p>&nbsp;<\/p>\n<p>&nbsp;<\/p>\n<p><span style=\"color: #0000ff;\"><strong>\u00a0MOTORI\u00a0<\/strong><\/span><\/p>\n<blockquote>\n<h3>FILIPPO FANT BRILLA A VALLE LUNGA, IL PILOTA DI BELLUNO CONTINUA A CRESCERE NELLA CARRERA CUP<\/h3>\n<\/blockquote>\n<p><img loading=\"lazy\" decoding=\"async\" class=\"alignleft\" src=\"https:\/\/www.radiopiu.net\/wordpress\/wp-content\/uploads\/2024\/09\/WhatsApp-Image-2024-09-24-at-17.05.23.jpeg\" width=\"274\" height=\"183\" \/><\/p>\n<p><strong>BELLUNO <\/strong>\u00a0grinta e talento, non smette di stupire!<\/p>\n<p><strong>ROBERTO BONA<\/strong><\/p>\n<audio class=\"wp-audio-shortcode\" id=\"audio-410750-19\" preload=\"none\" style=\"width: 100%;\" controls=\"controls\"><source type=\"audio\/wav\" src=\"https:\/\/www.radiopiu.net\/wordpress\/wp-content\/uploads\/2024\/09\/FilippoFantVallelunga.wav?_=19\" \/><a href=\"https:\/\/www.radiopiu.net\/wordpress\/wp-content\/uploads\/2024\/09\/FilippoFantVallelunga.wav\">https:\/\/www.radiopiu.net\/wordpress\/wp-content\/uploads\/2024\/09\/FilippoFantVallelunga.wav<\/a><\/audio>\n<p>&nbsp;<\/p>\n<p>&nbsp;<\/p>\n<hr \/>\n<p>&nbsp;<\/p>\n<h2><span style=\"color: #ffcc00;\">GOODBYE BY BICICLE&#8230;UN VIAGGIO DALL&#8217;INDIA A SEREN DEL GRAPPA IN BICICLETTA<\/span><\/h2>\n<p><span style=\"color: #ff0000;\"><strong>PUNTATA 30 &#8211; CONTINUA IL VIAGGIO TRA PIOGGIA, INCONTRI E&#8230;PIZZE<\/strong><\/span><\/p>\n<audio class=\"wp-audio-shortcode\" id=\"audio-410750-20\" preload=\"none\" style=\"width: 100%;\" controls=\"controls\"><source type=\"audio\/mpeg\" src=\"https:\/\/www.radiopiu.net\/wordpress\/wp-content\/uploads\/2024\/09\/AIRE-INDIA-PUNTATA-30.mp3?_=20\" \/><a href=\"https:\/\/www.radiopiu.net\/wordpress\/wp-content\/uploads\/2024\/09\/AIRE-INDIA-PUNTATA-30.mp3\">https:\/\/www.radiopiu.net\/wordpress\/wp-content\/uploads\/2024\/09\/AIRE-INDIA-PUNTATA-30.mp3<\/a><\/audio>\n<p>&nbsp;<\/p>\n<p><strong>PER VISITARE I SITI DEI LUOGHI VISITATI, CLICCA SULLE SEGUENTI SCRITTE: <span style=\"color: #3366ff;\"><a href=\"https:\/\/www.instagram.com\/cob_gr?igsh=MWg1dTdzOGhlaGI4aQ==\">COB-BULDING WHIT EARTH<\/a>\u00a0 \u00a0<a href=\"https:\/\/www.instagram.com\/nisiraches?igsh=MWhlb3F1NnB4OHBtNQ==\">NISI RACHES\u00a0<\/a> \u00a0<a href=\"https:\/\/www.instagram.com\/wheeling2help?igsh=cWZzaGNxMmM4aWF1\">WHEELING2HELP<\/a><\/span><\/strong><\/p>\n<p>&nbsp;<\/p>\n\n\t\t\t<style type='text\/css'>\n\t\t\t\t#gallery-2 {\n\t\t\t\t\tmargin: auto;\n\t\t\t\t}\n\t\t\t\t#gallery-2 .gallery-item {\n\t\t\t\t\tfloat: left;\n\t\t\t\t\tmargin-top: 10px;\n\t\t\t\t\ttext-align: center;\n\t\t\t\t\twidth: 20%;\n\t\t\t\t}\n\t\t\t\t#gallery-2 img {\n\t\t\t\t\tborder: 2px solid #cfcfcf;\n\t\t\t\t}\n\t\t\t\t#gallery-2 .gallery-caption {\n\t\t\t\t\tmargin-left: 0;\n\t\t\t\t}\n\t\t\t\t\/* see gallery_shortcode() in wp-includes\/media.php *\/\n\t\t\t<\/style>\n\t\t<div id='gallery-2' class='dt-gallery-container gallery galleryid-410750 gallery-columns-5 gallery-size-thumbnail'><dl class='gallery-item'>\n\t\t\t\t<dt class='gallery-icon portrait'>\n\t\t\t\t\t<a class=\"rollover rollover-zoom dt-pswp-item\" title=\"54081200-1663-4d3f-810a-a8ae752d7dfa\" data-dt-img-description=\"\" data-large_image_width=\"1920\" data-large_image_height=\"2560\"href='https:\/\/www.radiopiu.net\/wordpress\/wp-content\/uploads\/2024\/09\/54081200-1663-4d3f-810a-a8ae752d7dfa-scaled.jpg'><img loading=\"lazy\" decoding=\"async\" width=\"150\" height=\"150\" src=\"https:\/\/www.radiopiu.net\/wordpress\/wp-content\/uploads\/2024\/09\/54081200-1663-4d3f-810a-a8ae752d7dfa-150x150.jpg\" class=\"attachment-thumbnail size-thumbnail\" alt=\"\" \/><\/a>\n\t\t\t\t<\/dt><\/dl><dl class='gallery-item'>\n\t\t\t\t<dt class='gallery-icon landscape'>\n\t\t\t\t\t<a class=\"rollover rollover-zoom dt-pswp-item\" title=\"4235f3f4-7b4b-45a3-808c-f0b9b7d064fa\" data-dt-img-description=\"\" data-large_image_width=\"2560\" data-large_image_height=\"1928\"href='https:\/\/www.radiopiu.net\/wordpress\/wp-content\/uploads\/2024\/09\/4235f3f4-7b4b-45a3-808c-f0b9b7d064fa-scaled.jpg'><img loading=\"lazy\" decoding=\"async\" width=\"150\" height=\"150\" src=\"https:\/\/www.radiopiu.net\/wordpress\/wp-content\/uploads\/2024\/09\/4235f3f4-7b4b-45a3-808c-f0b9b7d064fa-150x150.jpg\" class=\"attachment-thumbnail size-thumbnail\" alt=\"\" \/><\/a>\n\t\t\t\t<\/dt><\/dl><dl class='gallery-item'>\n\t\t\t\t<dt class='gallery-icon landscape'>\n\t\t\t\t\t<a class=\"rollover rollover-zoom dt-pswp-item\" title=\"812784dd-7bdd-403e-98a1-3fba2c747c26\" data-dt-img-description=\"\" data-large_image_width=\"2560\" data-large_image_height=\"1920\"href='https:\/\/www.radiopiu.net\/wordpress\/wp-content\/uploads\/2024\/09\/812784dd-7bdd-403e-98a1-3fba2c747c26-scaled.jpg'><img loading=\"lazy\" decoding=\"async\" width=\"150\" height=\"150\" src=\"https:\/\/www.radiopiu.net\/wordpress\/wp-content\/uploads\/2024\/09\/812784dd-7bdd-403e-98a1-3fba2c747c26-150x150.jpg\" class=\"attachment-thumbnail size-thumbnail\" alt=\"\" \/><\/a>\n\t\t\t\t<\/dt><\/dl><dl class='gallery-item'>\n\t\t\t\t<dt class='gallery-icon landscape'>\n\t\t\t\t\t<a class=\"rollover rollover-zoom dt-pswp-item\" title=\"0b73e7ce-43b6-4b61-9d77-e41413f16634\" data-dt-img-description=\"\" data-large_image_width=\"2560\" data-large_image_height=\"1928\"href='https:\/\/www.radiopiu.net\/wordpress\/wp-content\/uploads\/2024\/09\/0b73e7ce-43b6-4b61-9d77-e41413f16634-scaled.jpg'><img loading=\"lazy\" decoding=\"async\" width=\"150\" height=\"150\" src=\"https:\/\/www.radiopiu.net\/wordpress\/wp-content\/uploads\/2024\/09\/0b73e7ce-43b6-4b61-9d77-e41413f16634-150x150.jpg\" class=\"attachment-thumbnail size-thumbnail\" alt=\"\" \/><\/a>\n\t\t\t\t<\/dt><\/dl><dl class='gallery-item'>\n\t\t\t\t<dt class='gallery-icon landscape'>\n\t\t\t\t\t<a class=\"rollover rollover-zoom dt-pswp-item\" title=\"2e938edb-3348-44c3-9cdf-f854f4618e2e\" data-dt-img-description=\"\" data-large_image_width=\"2560\" data-large_image_height=\"1928\"href='https:\/\/www.radiopiu.net\/wordpress\/wp-content\/uploads\/2024\/09\/2e938edb-3348-44c3-9cdf-f854f4618e2e-scaled.jpg'><img loading=\"lazy\" decoding=\"async\" width=\"150\" height=\"150\" src=\"https:\/\/www.radiopiu.net\/wordpress\/wp-content\/uploads\/2024\/09\/2e938edb-3348-44c3-9cdf-f854f4618e2e-150x150.jpg\" class=\"attachment-thumbnail size-thumbnail\" alt=\"\" \/><\/a>\n\t\t\t\t<\/dt><\/dl><br style=\"clear: both\" \/>\n\t\t\t<\/div>\n\n<p>&nbsp;<\/p>\n<h2>LA RACCOLTA COMPLETA <a href=\"https:\/\/www.radiopiu.net\/wordpress\/goodbye-by-bicicle-un-viaggio-dallindia-a-seren-del-grappa-in-bicicletta-30\/\"><span style=\"color: #3366ff;\">CLICCA QUI<\/span><\/a><\/h2>\n<p>&nbsp;<\/p>\n<p>&nbsp;<\/p>\n<p>&nbsp;<\/p>\n<p>&nbsp;<\/p>\n<p>&nbsp;<\/p>\n","protected":false},"excerpt":{"rendered":"<p>** &nbsp; ATTENZIONE: LA NUOVA APP PER IOS-IPHONE di Nicola Vettorello https:\/\/apps.apple.com\/it\/app\/radio-pi%C3%B9-emittente-agordina\/id1515939845 ATTENZIONE: LA NUOVA APP RADIO\u00a0 PER ANDROID di Nicola Vettorello https:\/\/play.google.com\/store\/apps\/details?id=net.radiopiu.iniko\u00a0\u00a0\u00a0 &nbsp; &nbsp; OGGI ALLA RADIO&#8230;. ALLE 4 E ALLE 6 LE NOTIZIE DALL&#8217;ITALIA E DAL MONDO 0500 il nuovo programma, l&#8217;almanacco della nostra gente con il MUSLA\u00a0 6.15 PIROLE DE LENGA A&hellip;<\/p>\n","protected":false},"author":4,"featured_media":410914,"comment_status":"closed","ping_status":"closed","sticky":false,"template":"","format":"standard","meta":{"_monsterinsights_skip_tracking":false,"_monsterinsights_sitenote_active":false,"_monsterinsights_sitenote_note":"","_monsterinsights_sitenote_category":0,"footnotes":""},"categories":[51,86,49],"tags":[],"class_list":["post-410750","post","type-post","status-publish","format-standard","has-post-thumbnail","hentry","category-evidenza-top","category-gr","category-news-18","category-51","category-86","category-49","description-off"],"img_url":"https:\/\/www.radiopiu.net\/wordpress\/wp-content\/uploads\/2024\/09\/IMG20240921162310-scaled.jpg","_links":{"self":[{"href":"https:\/\/www.radiopiu.net\/wordpress\/wp-json\/wp\/v2\/posts\/410750","targetHints":{"allow":["GET"]}}],"collection":[{"href":"https:\/\/www.radiopiu.net\/wordpress\/wp-json\/wp\/v2\/posts"}],"about":[{"href":"https:\/\/www.radiopiu.net\/wordpress\/wp-json\/wp\/v2\/types\/post"}],"author":[{"embeddable":true,"href":"https:\/\/www.radiopiu.net\/wordpress\/wp-json\/wp\/v2\/users\/4"}],"replies":[{"embeddable":true,"href":"https:\/\/www.radiopiu.net\/wordpress\/wp-json\/wp\/v2\/comments?post=410750"}],"version-history":[{"count":28,"href":"https:\/\/www.radiopiu.net\/wordpress\/wp-json\/wp\/v2\/posts\/410750\/revisions"}],"predecessor-version":[{"id":410951,"href":"https:\/\/www.radiopiu.net\/wordpress\/wp-json\/wp\/v2\/posts\/410750\/revisions\/410951"}],"wp:featuredmedia":[{"embeddable":true,"href":"https:\/\/www.radiopiu.net\/wordpress\/wp-json\/wp\/v2\/media\/410914"}],"wp:attachment":[{"href":"https:\/\/www.radiopiu.net\/wordpress\/wp-json\/wp\/v2\/media?parent=410750"}],"wp:term":[{"taxonomy":"category","embeddable":true,"href":"https:\/\/www.radiopiu.net\/wordpress\/wp-json\/wp\/v2\/categories?post=410750"},{"taxonomy":"post_tag","embeddable":true,"href":"https:\/\/www.radiopiu.net\/wordpress\/wp-json\/wp\/v2\/tags?post=410750"}],"curies":[{"name":"wp","href":"https:\/\/api.w.org\/{rel}","templated":true}]}}